{"id":42932,"date":"2017-04-30T00:00:51","date_gmt":"2017-04-29T22:00:51","guid":{"rendered":"http:\/\/www.rassegnastampa-totustuus.it\/cattolica\/?p=42932"},"modified":"2019-04-30T16:29:23","modified_gmt":"2019-04-30T14:29:23","slug":"obiettivo-obiezione","status":"publish","type":"post","link":"https:\/\/www.rassegnastampa-totustuus.it\/cattolica\/obiettivo-obiezione\/","title":{"rendered":"Obiettivo Obiezione"},"content":{"rendered":"<p style=\"text-align: center;\"><a href=\"https:\/\/www.rassegnastampa-totustuus.it\/cattolica\/wp-content\/uploads\/2019\/04\/Aborto_Mangiagalli.jpg\"><img loading=\"lazy\" decoding=\"async\" class=\"alignright wp-image-42934\" src=\"https:\/\/www.rassegnastampa-totustuus.it\/cattolica\/wp-content\/uploads\/2019\/04\/Aborto_Mangiagalli.jpg\" alt=\"\" width=\"250\" height=\"140\" \/><\/a>da <strong>Il Sabato<\/strong> n.5 \u2013<\/p>\n<p style=\"text-align: center;\">4 Febbraio 1989<\/p>\n<p style=\"text-align: justify;\"><em>Per gli abortisti c&#8217;\u00e8 troppa libert\u00e0 di coscienza. Dati alla mano non \u00e8 cos\u00ec. Per\u00f2 della legge si abusa. Ecco come<\/em><em>. <\/em><\/p>\n<p style=\"text-align: center;\">di <strong>Daniele Nardi<\/strong><\/p>\n<p><!--more--><\/p>\n<p style=\"text-align: justify;\">C\u2019\u00e8 voluto il caso della Mangiagalli per riportare il tema della difesa della vita all&#8217;attenzione del mondo politico. In discussione proprio la legge 194 che prevede l&#8217;aborto oltre al terzo mese di gravidanza solo in caso di grave pericolo per la salute della madre.<\/p>\n<p style=\"text-align: justify;\">Ma l&#8217;aborto terapeutico \u00e8 stato di fatto interpretato in senso molto ampio tanto che le denunce di casi simili ormai non si contano pi\u00f9. Il Movimento per la vita le ha raccolte in un dossier.<\/p>\n<p style=\"text-align: justify;\"><a href=\"https:\/\/www.rassegnastampa-totustuus.it\/cattolica\/wp-content\/uploads\/2019\/04\/neonato_incubatrice_bioetica.jpg\"><img loading=\"lazy\" decoding=\"async\" class=\"wp-image-42933 alignleft\" src=\"https:\/\/www.rassegnastampa-totustuus.it\/cattolica\/wp-content\/uploads\/2019\/04\/neonato_incubatrice_bioetica-300x200.jpg\" alt=\"\" width=\"250\" height=\"167\" srcset=\"https:\/\/www.rassegnastampa-totustuus.it\/cattolica\/wp-content\/uploads\/2019\/04\/neonato_incubatrice_bioetica-300x200.jpg 300w, https:\/\/www.rassegnastampa-totustuus.it\/cattolica\/wp-content\/uploads\/2019\/04\/neonato_incubatrice_bioetica-768x512.jpg 768w, https:\/\/www.rassegnastampa-totustuus.it\/cattolica\/wp-content\/uploads\/2019\/04\/neonato_incubatrice_bioetica-1024x682.jpg 1024w, https:\/\/www.rassegnastampa-totustuus.it\/cattolica\/wp-content\/uploads\/2019\/04\/neonato_incubatrice_bioetica-595x400.jpg 595w, https:\/\/www.rassegnastampa-totustuus.it\/cattolica\/wp-content\/uploads\/2019\/04\/neonato_incubatrice_bioetica.jpg 1280w\" sizes=\"auto, (max-width: 250px) 100vw, 250px\" \/><\/a>E\u2019 il caso del Sant&#8217;Antonino di Firenze dove proprio pochi giorni fa \u00e8 stata interrotta una gravidanza gemellare giunta al quinto mese perch\u00e9 uno dei due feti presentava una malformazione cerebrale. Bench\u00e9 l&#8217;articolo 7 della legge parli chiaro in proposito, nulla \u00e8 stato fatto per tutelare la vita del bambino sano.<\/p>\n<p style=\"text-align: justify;\">Oppure \u00e8 il caso della piccola Elena di Modena, sopravvissuta per tre giorni all&#8217;aborto nonostante che i medici non abbiano deliberatamente fatto nulla per mantenerla in vita. E la legge prevede esattamente il contrario. Ma \u00e8 anche il caso, accaduto alla Mangiagalli, della piccola Celeste abortita al sesto mese perch\u00e9 sospettata di una lieve malformazione all&#8217;utero, che \u00e8 stata sezionata ancora viva per accertare l&#8217;esistenza o meno di quella malformazione.<\/p>\n<p style=\"text-align: justify;\">Questa volta i medici abortisti, sono partiti all&#8217;attacco, minacciando addirittura di incrociare le braccia se non verr\u00e0 fatto qualcosa. L&#8217;accusa ai colleghi obiettori in compenso \u00e8 sempre la stessa: quella di fare una scelta esclusivamente per un tornaconto personale.<\/p>\n<p style=\"text-align: justify;\"><a href=\"https:\/\/www.rassegnastampa-totustuus.it\/cattolica\/wp-content\/uploads\/2013\/11\/NOobiezione.jpg\"><img loading=\"lazy\" decoding=\"async\" class=\"wp-image-7120 alignright\" src=\"https:\/\/www.rassegnastampa-totustuus.it\/cattolica\/wp-content\/uploads\/2013\/11\/NOobiezione.jpg\" alt=\"\" width=\"203\" height=\"200\" \/><\/a>\u00abObiezione di comodo\u00bb l&#8217;ha definita la socialista Alma Cappiello, dimenticando con eccessiva facilit\u00e0 quanto affermato nel 1988 dal ministro della Giustizia Vassalli, anch&#8217;egli socialista: \u00abNel 1987 sono stati 31 i casi accertati di medici che hanno praticato l&#8217;aborto clandestino. Di questi uno solo \u00e8 obiettore di coscienza\u00bb.<\/p>\n<p style=\"text-align: justify;\">Dove finisce dunque l&#8217;ipotesi che i medici obiettino per poter far abortire poi a caro prezzo nelle cliniche private? Neppure l&#8217;accusa che l&#8217;obiezione serva a fare carriera sembra reggere a lungo. Bi\u00adsognerebbe chiederlo, ad esempio al dottor Accorsi di Correggio licenziato in tronco soltanto perch\u00e9 dichiaratosi obiettore. Ovviamente in barba alla legge.<\/p>\n<p style=\"text-align: justify;\">Come del resto in barba alla legge vengono effettuati tutti quei concorsi in strutture pubbliche esplicitamente riservati a \u00abmedici non obiettori\u00bb. Lo scontro sull&#8217;obiezione a questo punto \u00e8 diventato un caso politico con i partiti che si sono schierati secondo una geografia ormai nota.<\/p>\n<p style=\"text-align: justify;\"><a href=\"https:\/\/www.rassegnastampa-totustuus.it\/cattolica\/wp-content\/uploads\/2006\/09\/aborto.jpg\"><img loading=\"lazy\" decoding=\"async\" class=\"alignleft wp-image-34867\" src=\"https:\/\/www.rassegnastampa-totustuus.it\/cattolica\/wp-content\/uploads\/2006\/09\/aborto.jpg\" alt=\"\" width=\"250\" height=\"187\" \/><\/a>Ma qualcosa sembra muoversi. In particolare il Psi ha dato qualche segnale di novit\u00e0: da un lato le donne guidate dall&#8217;onorevole Cappiello che erano arrivate ad annunciare una proposta di legge che si proponeva di limitare la libert\u00e0 dei medici, e dall&#8217;altra i vertici del partito che richiamavano ad una maggiore prudenza.<\/p>\n<p style=\"text-align: justify;\">Da una riunione di fuoco della Direzione \u00e8 poi uscito un documento contrastante ed equivoco nelle tesi esposte ma interlocutorio nella sostanza. Per Fabio Fabbri, capogruppo socialista al Senato, \u00abin quella riunione si \u00e8 esclusa ogni possibile coartazione o comunque riduzione della libert\u00e0 di coscienza, ma si \u00e8 anche preso atto della necessit\u00e0 di far funzionare le strutture sanitarie\u00bb.<\/p>\n<p style=\"text-align: justify;\">Sar\u00e0 dunque la consultazione con gli altri partiti che \u00abhanno voluto e difeso la 194\u00bb a decidere i passi futuri. Per Carlo Casini \u00abla cosa grave non \u00e8 tanto il rischio dello sbocco legislativo di queste proposte, piuttosto improbabile, quanto quello del ricatto implicito rivolto ai cattolici ed alla Dc alla vigilia di due appuntamenti importanti come l&#8217;undicesima Giornata per la vita del 5 febbraio e la conferenza convocata dalla Cei proprio su questi temi per i prossimi mesi\u00bb<\/p>\n<p style=\"text-align: center;\">_____________________<\/p>\n<p style=\"text-align: center;\"><strong>PARODI<\/strong><\/p>\n<p><a href=\"https:\/\/www.rassegnastampa-totustuus.it\/cattolica\/wp-content\/uploads\/2017\/04\/Eolo-Parodi.jpg\"><img loading=\"lazy\" decoding=\"async\" class=\"aligncenter wp-image-42936\" src=\"https:\/\/www.rassegnastampa-totustuus.it\/cattolica\/wp-content\/uploads\/2017\/04\/Eolo-Parodi.jpg\" alt=\"\" width=\"143\" height=\"200\" \/><\/a><\/p>\n<p style=\"text-align: center;\"><strong>Gi\u00f9 le mani dalla nostra libert\u00e0 <\/strong><\/p>\n<p style=\"text-align: justify;\">ABORTO s\u00ec, aborto no? Al centro della bufera, questa volta, i medici e la loro libert\u00e0 di non praticare aborto. Ci siamo rivolti ad Eolo Parodi, di recente confermato alla guida della Federazione degli Ordini dei Medici.<\/p>\n<p style=\"text-align: justify;\">\u00abSu questo i medici non possono assolutamente transigere. La nostra professione non tollera imposizioni n\u00e9 restrizioni di libert\u00e0 specie in un campo come quello dell&#8217;aborto che chiama in causa la coscienza pi\u00f9 profonda dell&#8217;uomo\u00bb.<\/p>\n<p style=\"text-align: justify;\"><strong>Eppure le proposte di riduzione vengono anche da ambienti sanitari&#8230; <\/strong><\/p>\n<p style=\"text-align: justify;\">Quando un medico si presta ai giochi della politica finisce per perdere il senso della sua professione. Se per\u00f2 si dovesse andare oltre le parole la gran parte dei medici e le istituzioni che li rappresentano prenderebbero una posizione ferrea. Consiglio vivamente a tutti i politici di riflettere bene prima di cimentarsi in questo braccio di ferro.<\/p>\n<p style=\"text-align: justify;\"><strong>Quanti sono gli obiettori in Italia? <\/strong><\/p>\n<p style=\"text-align: justify;\">Non lo sa nessuno. Per questo stiamo andando a chiederlo direttamente ai singoli medici. E con l&#8217;occasione cercheremo di fare anche un quadro dell&#8217;applicazione della 194 e dei suoi abusi. Poi passeremo alla fase di elaborazione di alcune proposte di modifica della legge da avanzare in sede istituzionale.<\/p>\n<p style=\"text-align: justify;\"><strong>Ha ancora senso parlare di aborto terapeutico, come si \u00e8 fatto nel caso della Mangiagalli? <\/strong><\/p>\n<p style=\"text-align: justify;\">La legge lo prevede in alcuni casi particolari e ben definiti. Ma questo non autorizza a giocare sulle parole. I casi in cui la vita del bambino \u00e8 alternativa a quella della madre sono estremamente limitati. La paura vera \u00e8 che sotto questo termine vengano fatte passare ben altre motivazioni, come quella eugenistica.<\/p>\n<p style=\"text-align: justify;\"><strong>Le risulta che si registrino per\u00f2 abusi anche in altre parti della 194? <\/strong><\/p>\n<p style=\"text-align: justify;\">Purtroppo s\u00ec. La mancanza pi\u00f9 grave \u00e8 senza dubbio quella di omissione. La legge impone un colloquio volto a rimuovere le cause di aborto che ho l&#8217;impressione che non si faccia da nessuna parte.<\/p>\n<p style=\"text-align: right;\"><strong>D.N.<\/strong><\/p>\n","protected":false},"excerpt":{"rendered":"<p>da Il Sabato n.5 \u2013 4 Febbraio 1989 Per gli abortisti c&#8217;\u00e8 troppa libert\u00e0 di coscienza. Dati alla mano non \u00e8 cos\u00ec. Per\u00f2 della legge si abusa. Ecco come. di Daniele Nardi<\/p><p><a class=\"more-link btn\" href=\"https:\/\/www.rassegnastampa-totustuus.it\/cattolica\/obiettivo-obiezione\/\">Continua a leggere<\/a><\/p>\n","protected":false},"author":6,"featured_media":42933,"comment_status":"closed","ping_status":"closed","sticky":false,"template":"","format":"standard","meta":{"footnotes":""},"categories":[2,4],"tags":[2386,2388,1047,2385],"class_list":["post-42932","post","type-post","status-publish","format-standard","has-post-thumbnail","hentry","category-aborto","category-bioetica","tag-aborto","tag-bioetica","tag-legge-194","tag-obiezione-di-coscienza","item-wrap"],"yoast_head":"<!-- This site is optimized with the Yoast SEO plugin v27.4 - https:\/\/yoast.com\/product\/yoast-seo-wordpress\/ -->\n<title>Obiettivo Obiezione - Rassegna Stampa Cattolica<\/title>\n<meta name=\"description\" content=\"Rassegna Stampa Cattolica - Per una cultura che nasce dalla Rivelazione cristiana in conformit\u00e0 alla tradizione e al Magistero della Chiesa in opposizione ad ogni relativismo e totalitarismo\" \/>\n<meta name=\"robots\" content=\"index, follow, max-snippet:-1, max-image-preview:large, max-video-preview:-1\" \/>\n<link rel=\"canonical\" href=\"https:\/\/www.rassegnastampa-totustuus.it\/cattolica\/obiettivo-obiezione\/\" \/>\n<meta property=\"og:locale\" content=\"it_IT\" \/>\n<meta property=\"og:type\" content=\"article\" \/>\n<meta property=\"og:title\" content=\"Obiettivo Obiezione - Rassegna Stampa Cattolica\" \/>\n<meta property=\"og:description\" content=\"Rassegna Stampa Cattolica - Per una cultura che nasce dalla Rivelazione cristiana in conformit\u00e0 alla tradizione e al Magistero della Chiesa in opposizione ad ogni relativismo e totalitarismo\" \/>\n<meta property=\"og:url\" content=\"https:\/\/www.rassegnastampa-totustuus.it\/cattolica\/obiettivo-obiezione\/\" \/>\n<meta property=\"og:site_name\" content=\"Rassegna Stampa Cattolica\" \/>\n<meta property=\"article:publisher\" content=\"https:\/\/www.facebook.com\/rassegnastampacattolica\" \/>\n<meta property=\"article:published_time\" content=\"2017-04-29T22:00:51+00:00\" \/>\n<meta property=\"article:modified_time\" content=\"2019-04-30T14:29:23+00:00\" \/>\n<meta property=\"og:image\" content=\"https:\/\/www.rassegnastampa-totustuus.it\/cattolica\/wp-content\/uploads\/2019\/04\/neonato_incubatrice_bioetica.jpg\" \/>\n\t<meta property=\"og:image:width\" content=\"1280\" \/>\n\t<meta property=\"og:image:height\" content=\"853\" \/>\n\t<meta property=\"og:image:type\" content=\"image\/jpeg\" \/>\n<meta name=\"author\" content=\"Redazione\" \/>\n<meta name=\"twitter:card\" content=\"summary_large_image\" \/>\n<meta name=\"twitter:creator\" content=\"@rassegnastampa9\" \/>\n<meta name=\"twitter:site\" content=\"@rassegnastampa9\" \/>\n<meta name=\"twitter:label1\" content=\"Scritto da\" \/>\n\t<meta name=\"twitter:data1\" content=\"Redazione\" \/>\n\t<meta name=\"twitter:label2\" content=\"Tempo di lettura stimato\" \/>\n\t<meta name=\"twitter:data2\" content=\"4 minuti\" \/>\n<script type=\"application\/ld+json\" class=\"yoast-schema-graph\">{\"@context\":\"https:\\\/\\\/schema.org\",\"@graph\":[{\"@type\":\"Article\",\"@id\":\"https:\\\/\\\/www.rassegnastampa-totustuus.it\\\/cattolica\\\/obiettivo-obiezione\\\/#article\",\"isPartOf\":{\"@id\":\"https:\\\/\\\/www.rassegnastampa-totustuus.it\\\/cattolica\\\/obiettivo-obiezione\\\/\"},\"author\":{\"name\":\"Redazione\",\"@id\":\"https:\\\/\\\/www.rassegnastampa-totustuus.it\\\/cattolica\\\/#\\\/schema\\\/person\\\/08f319d2bd1a0904ad9e2bfb7b15e5c3\"},\"headline\":\"Obiettivo Obiezione\",\"datePublished\":\"2017-04-29T22:00:51+00:00\",\"dateModified\":\"2019-04-30T14:29:23+00:00\",\"mainEntityOfPage\":{\"@id\":\"https:\\\/\\\/www.rassegnastampa-totustuus.it\\\/cattolica\\\/obiettivo-obiezione\\\/\"},\"wordCount\":918,\"publisher\":{\"@id\":\"https:\\\/\\\/www.rassegnastampa-totustuus.it\\\/cattolica\\\/#organization\"},\"image\":{\"@id\":\"https:\\\/\\\/www.rassegnastampa-totustuus.it\\\/cattolica\\\/obiettivo-obiezione\\\/#primaryimage\"},\"thumbnailUrl\":\"https:\\\/\\\/www.rassegnastampa-totustuus.it\\\/cattolica\\\/wp-content\\\/uploads\\\/2019\\\/04\\\/neonato_incubatrice_bioetica.jpg\",\"keywords\":[\"Aborto\",\"Bioetica\",\"legge 194\",\"obiezione di coscienza\"],\"articleSection\":[\"Aborto\",\"Bioetica\"],\"inLanguage\":\"it-IT\"},{\"@type\":\"WebPage\",\"@id\":\"https:\\\/\\\/www.rassegnastampa-totustuus.it\\\/cattolica\\\/obiettivo-obiezione\\\/\",\"url\":\"https:\\\/\\\/www.rassegnastampa-totustuus.it\\\/cattolica\\\/obiettivo-obiezione\\\/\",\"name\":\"Obiettivo Obiezione - Rassegna Stampa Cattolica\",\"isPartOf\":{\"@id\":\"https:\\\/\\\/www.rassegnastampa-totustuus.it\\\/cattolica\\\/#website\"},\"primaryImageOfPage\":{\"@id\":\"https:\\\/\\\/www.rassegnastampa-totustuus.it\\\/cattolica\\\/obiettivo-obiezione\\\/#primaryimage\"},\"image\":{\"@id\":\"https:\\\/\\\/www.rassegnastampa-totustuus.it\\\/cattolica\\\/obiettivo-obiezione\\\/#primaryimage\"},\"thumbnailUrl\":\"https:\\\/\\\/www.rassegnastampa-totustuus.it\\\/cattolica\\\/wp-content\\\/uploads\\\/2019\\\/04\\\/neonato_incubatrice_bioetica.jpg\",\"datePublished\":\"2017-04-29T22:00:51+00:00\",\"dateModified\":\"2019-04-30T14:29:23+00:00\",\"description\":\"Rassegna Stampa Cattolica - Per una cultura che nasce dalla Rivelazione cristiana in conformit\u00e0 alla tradizione e al Magistero della Chiesa in opposizione ad ogni relativismo e totalitarismo\",\"breadcrumb\":{\"@id\":\"https:\\\/\\\/www.rassegnastampa-totustuus.it\\\/cattolica\\\/obiettivo-obiezione\\\/#breadcrumb\"},\"inLanguage\":\"it-IT\",\"potentialAction\":[{\"@type\":\"ReadAction\",\"target\":[\"https:\\\/\\\/www.rassegnastampa-totustuus.it\\\/cattolica\\\/obiettivo-obiezione\\\/\"]}]},{\"@type\":\"ImageObject\",\"inLanguage\":\"it-IT\",\"@id\":\"https:\\\/\\\/www.rassegnastampa-totustuus.it\\\/cattolica\\\/obiettivo-obiezione\\\/#primaryimage\",\"url\":\"https:\\\/\\\/www.rassegnastampa-totustuus.it\\\/cattolica\\\/wp-content\\\/uploads\\\/2019\\\/04\\\/neonato_incubatrice_bioetica.jpg\",\"contentUrl\":\"https:\\\/\\\/www.rassegnastampa-totustuus.it\\\/cattolica\\\/wp-content\\\/uploads\\\/2019\\\/04\\\/neonato_incubatrice_bioetica.jpg\",\"width\":1280,\"height\":853},{\"@type\":\"BreadcrumbList\",\"@id\":\"https:\\\/\\\/www.rassegnastampa-totustuus.it\\\/cattolica\\\/obiettivo-obiezione\\\/#breadcrumb\",\"itemListElement\":[{\"@type\":\"ListItem\",\"position\":1,\"name\":\"Home\",\"item\":\"https:\\\/\\\/www.rassegnastampa-totustuus.it\\\/cattolica\\\/\"},{\"@type\":\"ListItem\",\"position\":2,\"name\":\"Obiettivo Obiezione\"}]},{\"@type\":\"WebSite\",\"@id\":\"https:\\\/\\\/www.rassegnastampa-totustuus.it\\\/cattolica\\\/#website\",\"url\":\"https:\\\/\\\/www.rassegnastampa-totustuus.it\\\/cattolica\\\/\",\"name\":\"Rassegna Stampa Cattolica\",\"description\":\"Per una cultura che nasce dalla Rivelazione cristiana in conformit\u00e0 alla tradizione e al Magistero della Chiesa in opposizione ad ogni relativismo e totalitarismo\",\"publisher\":{\"@id\":\"https:\\\/\\\/www.rassegnastampa-totustuus.it\\\/cattolica\\\/#organization\"},\"alternateName\":\"Rass. Cattolica\",\"potentialAction\":[{\"@type\":\"SearchAction\",\"target\":{\"@type\":\"EntryPoint\",\"urlTemplate\":\"https:\\\/\\\/www.rassegnastampa-totustuus.it\\\/cattolica\\\/?s={search_term_string}\"},\"query-input\":{\"@type\":\"PropertyValueSpecification\",\"valueRequired\":true,\"valueName\":\"search_term_string\"}}],\"inLanguage\":\"it-IT\"},{\"@type\":\"Organization\",\"@id\":\"https:\\\/\\\/www.rassegnastampa-totustuus.it\\\/cattolica\\\/#organization\",\"name\":\"Rassegna Stampa Cattolica\",\"url\":\"https:\\\/\\\/www.rassegnastampa-totustuus.it\\\/cattolica\\\/\",\"logo\":{\"@type\":\"ImageObject\",\"inLanguage\":\"it-IT\",\"@id\":\"https:\\\/\\\/www.rassegnastampa-totustuus.it\\\/cattolica\\\/#\\\/schema\\\/logo\\\/image\\\/\",\"url\":\"https:\\\/\\\/www.rassegnastampa-totustuus.it\\\/cattolica\\\/wp-content\\\/uploads\\\/2014\\\/04\\\/logo-rassegna1.gif\",\"contentUrl\":\"https:\\\/\\\/www.rassegnastampa-totustuus.it\\\/cattolica\\\/wp-content\\\/uploads\\\/2014\\\/04\\\/logo-rassegna1.gif\",\"width\":600,\"height\":163,\"caption\":\"Rassegna Stampa Cattolica\"},\"image\":{\"@id\":\"https:\\\/\\\/www.rassegnastampa-totustuus.it\\\/cattolica\\\/#\\\/schema\\\/logo\\\/image\\\/\"},\"sameAs\":[\"https:\\\/\\\/www.facebook.com\\\/rassegnastampacattolica\",\"https:\\\/\\\/x.com\\\/rassegnastampa9\"]},{\"@type\":\"Person\",\"@id\":\"https:\\\/\\\/www.rassegnastampa-totustuus.it\\\/cattolica\\\/#\\\/schema\\\/person\\\/08f319d2bd1a0904ad9e2bfb7b15e5c3\",\"name\":\"Redazione\",\"image\":{\"@type\":\"ImageObject\",\"inLanguage\":\"it-IT\",\"@id\":\"https:\\\/\\\/secure.gravatar.com\\\/avatar\\\/2fcdf27c78ea025fbdb44e914cc63c72249ffec9dc8aafd5c82b26240ef3f346?s=96&d=mm&r=g\",\"url\":\"https:\\\/\\\/secure.gravatar.com\\\/avatar\\\/2fcdf27c78ea025fbdb44e914cc63c72249ffec9dc8aafd5c82b26240ef3f346?s=96&d=mm&r=g\",\"contentUrl\":\"https:\\\/\\\/secure.gravatar.com\\\/avatar\\\/2fcdf27c78ea025fbdb44e914cc63c72249ffec9dc8aafd5c82b26240ef3f346?s=96&d=mm&r=g\",\"caption\":\"Redazione\"},\"url\":\"https:\\\/\\\/www.rassegnastampa-totustuus.it\\\/cattolica\\\/author\\\/pietroelle\\\/\"}]}<\/script>\n<!-- \/ Yoast SEO plugin. -->","yoast_head_json":{"title":"Obiettivo Obiezione - Rassegna Stampa Cattolica","description":"Rassegna Stampa Cattolica - Per una cultura che nasce dalla Rivelazione cristiana in conformit\u00e0 alla tradizione e al Magistero della Chiesa in opposizione ad ogni relativismo e totalitarismo","robots":{"index":"index","follow":"follow","max-snippet":"max-snippet:-1","max-image-preview":"max-image-preview:large","max-video-preview":"max-video-preview:-1"},"canonical":"https:\/\/www.rassegnastampa-totustuus.it\/cattolica\/obiettivo-obiezione\/","og_locale":"it_IT","og_type":"article","og_title":"Obiettivo Obiezione - Rassegna Stampa Cattolica","og_description":"Rassegna Stampa Cattolica - Per una cultura che nasce dalla Rivelazione cristiana in conformit\u00e0 alla tradizione e al Magistero della Chiesa in opposizione ad ogni relativismo e totalitarismo","og_url":"https:\/\/www.rassegnastampa-totustuus.it\/cattolica\/obiettivo-obiezione\/","og_site_name":"Rassegna Stampa Cattolica","article_publisher":"https:\/\/www.facebook.com\/rassegnastampacattolica","article_published_time":"2017-04-29T22:00:51+00:00","article_modified_time":"2019-04-30T14:29:23+00:00","og_image":[{"width":1280,"height":853,"url":"https:\/\/www.rassegnastampa-totustuus.it\/cattolica\/wp-content\/uploads\/2019\/04\/neonato_incubatrice_bioetica.jpg","type":"image\/jpeg"}],"author":"Redazione","twitter_card":"summary_large_image","twitter_creator":"@rassegnastampa9","twitter_site":"@rassegnastampa9","twitter_misc":{"Scritto da":"Redazione","Tempo di lettura stimato":"4 minuti"},"schema":{"@context":"https:\/\/schema.org","@graph":[{"@type":"Article","@id":"https:\/\/www.rassegnastampa-totustuus.it\/cattolica\/obiettivo-obiezione\/#article","isPartOf":{"@id":"https:\/\/www.rassegnastampa-totustuus.it\/cattolica\/obiettivo-obiezione\/"},"author":{"name":"Redazione","@id":"https:\/\/www.rassegnastampa-totustuus.it\/cattolica\/#\/schema\/person\/08f319d2bd1a0904ad9e2bfb7b15e5c3"},"headline":"Obiettivo Obiezione","datePublished":"2017-04-29T22:00:51+00:00","dateModified":"2019-04-30T14:29:23+00:00","mainEntityOfPage":{"@id":"https:\/\/www.rassegnastampa-totustuus.it\/cattolica\/obiettivo-obiezione\/"},"wordCount":918,"publisher":{"@id":"https:\/\/www.rassegnastampa-totustuus.it\/cattolica\/#organization"},"image":{"@id":"https:\/\/www.rassegnastampa-totustuus.it\/cattolica\/obiettivo-obiezione\/#primaryimage"},"thumbnailUrl":"https:\/\/www.rassegnastampa-totustuus.it\/cattolica\/wp-content\/uploads\/2019\/04\/neonato_incubatrice_bioetica.jpg","keywords":["Aborto","Bioetica","legge 194","obiezione di coscienza"],"articleSection":["Aborto","Bioetica"],"inLanguage":"it-IT"},{"@type":"WebPage","@id":"https:\/\/www.rassegnastampa-totustuus.it\/cattolica\/obiettivo-obiezione\/","url":"https:\/\/www.rassegnastampa-totustuus.it\/cattolica\/obiettivo-obiezione\/","name":"Obiettivo Obiezione - Rassegna Stampa Cattolica","isPartOf":{"@id":"https:\/\/www.rassegnastampa-totustuus.it\/cattolica\/#website"},"primaryImageOfPage":{"@id":"https:\/\/www.rassegnastampa-totustuus.it\/cattolica\/obiettivo-obiezione\/#primaryimage"},"image":{"@id":"https:\/\/www.rassegnastampa-totustuus.it\/cattolica\/obiettivo-obiezione\/#primaryimage"},"thumbnailUrl":"https:\/\/www.rassegnastampa-totustuus.it\/cattolica\/wp-content\/uploads\/2019\/04\/neonato_incubatrice_bioetica.jpg","datePublished":"2017-04-29T22:00:51+00:00","dateModified":"2019-04-30T14:29:23+00:00","description":"Rassegna Stampa Cattolica - Per una cultura che nasce dalla Rivelazione cristiana in conformit\u00e0 alla tradizione e al Magistero della Chiesa in opposizione ad ogni relativismo e totalitarismo","breadcrumb":{"@id":"https:\/\/www.rassegnastampa-totustuus.it\/cattolica\/obiettivo-obiezione\/#breadcrumb"},"inLanguage":"it-IT","potentialAction":[{"@type":"ReadAction","target":["https:\/\/www.rassegnastampa-totustuus.it\/cattolica\/obiettivo-obiezione\/"]}]},{"@type":"ImageObject","inLanguage":"it-IT","@id":"https:\/\/www.rassegnastampa-totustuus.it\/cattolica\/obiettivo-obiezione\/#primaryimage","url":"https:\/\/www.rassegnastampa-totustuus.it\/cattolica\/wp-content\/uploads\/2019\/04\/neonato_incubatrice_bioetica.jpg","contentUrl":"https:\/\/www.rassegnastampa-totustuus.it\/cattolica\/wp-content\/uploads\/2019\/04\/neonato_incubatrice_bioetica.jpg","width":1280,"height":853},{"@type":"BreadcrumbList","@id":"https:\/\/www.rassegnastampa-totustuus.it\/cattolica\/obiettivo-obiezione\/#breadcrumb","itemListElement":[{"@type":"ListItem","position":1,"name":"Home","item":"https:\/\/www.rassegnastampa-totustuus.it\/cattolica\/"},{"@type":"ListItem","position":2,"name":"Obiettivo Obiezione"}]},{"@type":"WebSite","@id":"https:\/\/www.rassegnastampa-totustuus.it\/cattolica\/#website","url":"https:\/\/www.rassegnastampa-totustuus.it\/cattolica\/","name":"Rassegna Stampa Cattolica","description":"Per una cultura che nasce dalla Rivelazione cristiana in conformit\u00e0 alla tradizione e al Magistero della Chiesa in opposizione ad ogni relativismo e totalitarismo","publisher":{"@id":"https:\/\/www.rassegnastampa-totustuus.it\/cattolica\/#organization"},"alternateName":"Rass. Cattolica","potentialAction":[{"@type":"SearchAction","target":{"@type":"EntryPoint","urlTemplate":"https:\/\/www.rassegnastampa-totustuus.it\/cattolica\/?s={search_term_string}"},"query-input":{"@type":"PropertyValueSpecification","valueRequired":true,"valueName":"search_term_string"}}],"inLanguage":"it-IT"},{"@type":"Organization","@id":"https:\/\/www.rassegnastampa-totustuus.it\/cattolica\/#organization","name":"Rassegna Stampa Cattolica","url":"https:\/\/www.rassegnastampa-totustuus.it\/cattolica\/","logo":{"@type":"ImageObject","inLanguage":"it-IT","@id":"https:\/\/www.rassegnastampa-totustuus.it\/cattolica\/#\/schema\/logo\/image\/","url":"https:\/\/www.rassegnastampa-totustuus.it\/cattolica\/wp-content\/uploads\/2014\/04\/logo-rassegna1.gif","contentUrl":"https:\/\/www.rassegnastampa-totustuus.it\/cattolica\/wp-content\/uploads\/2014\/04\/logo-rassegna1.gif","width":600,"height":163,"caption":"Rassegna Stampa Cattolica"},"image":{"@id":"https:\/\/www.rassegnastampa-totustuus.it\/cattolica\/#\/schema\/logo\/image\/"},"sameAs":["https:\/\/www.facebook.com\/rassegnastampacattolica","https:\/\/x.com\/rassegnastampa9"]},{"@type":"Person","@id":"https:\/\/www.rassegnastampa-totustuus.it\/cattolica\/#\/schema\/person\/08f319d2bd1a0904ad9e2bfb7b15e5c3","name":"Redazione","image":{"@type":"ImageObject","inLanguage":"it-IT","@id":"https:\/\/secure.gravatar.com\/avatar\/2fcdf27c78ea025fbdb44e914cc63c72249ffec9dc8aafd5c82b26240ef3f346?s=96&d=mm&r=g","url":"https:\/\/secure.gravatar.com\/avatar\/2fcdf27c78ea025fbdb44e914cc63c72249ffec9dc8aafd5c82b26240ef3f346?s=96&d=mm&r=g","contentUrl":"https:\/\/secure.gravatar.com\/avatar\/2fcdf27c78ea025fbdb44e914cc63c72249ffec9dc8aafd5c82b26240ef3f346?s=96&d=mm&r=g","caption":"Redazione"},"url":"https:\/\/www.rassegnastampa-totustuus.it\/cattolica\/author\/pietroelle\/"}]}},"_links":{"self":[{"href":"https:\/\/www.rassegnastampa-totustuus.it\/cattolica\/wp-json\/wp\/v2\/posts\/42932","targetHints":{"allow":["GET"]}}],"collection":[{"href":"https:\/\/www.rassegnastampa-totustuus.it\/cattolica\/wp-json\/wp\/v2\/posts"}],"about":[{"href":"https:\/\/www.rassegnastampa-totustuus.it\/cattolica\/wp-json\/wp\/v2\/types\/post"}],"author":[{"embeddable":true,"href":"https:\/\/www.rassegnastampa-totustuus.it\/cattolica\/wp-json\/wp\/v2\/users\/6"}],"replies":[{"embeddable":true,"href":"https:\/\/www.rassegnastampa-totustuus.it\/cattolica\/wp-json\/wp\/v2\/comments?post=42932"}],"version-history":[{"count":2,"href":"https:\/\/www.rassegnastampa-totustuus.it\/cattolica\/wp-json\/wp\/v2\/posts\/42932\/revisions"}],"predecessor-version":[{"id":42937,"href":"https:\/\/www.rassegnastampa-totustuus.it\/cattolica\/wp-json\/wp\/v2\/posts\/42932\/revisions\/42937"}],"wp:featuredmedia":[{"embeddable":true,"href":"https:\/\/www.rassegnastampa-totustuus.it\/cattolica\/wp-json\/wp\/v2\/media\/42933"}],"wp:attachment":[{"href":"https:\/\/www.rassegnastampa-totustuus.it\/cattolica\/wp-json\/wp\/v2\/media?parent=42932"}],"wp:term":[{"taxonomy":"category","embeddable":true,"href":"https:\/\/www.rassegnastampa-totustuus.it\/cattolica\/wp-json\/wp\/v2\/categories?post=42932"},{"taxonomy":"post_tag","embeddable":true,"href":"https:\/\/www.rassegnastampa-totustuus.it\/cattolica\/wp-json\/wp\/v2\/tags?post=42932"}],"curies":[{"name":"wp","href":"https:\/\/api.w.org\/{rel}","templated":true}]}}