{"id":42902,"date":"2019-05-02T00:00:04","date_gmt":"2019-05-01T22:00:04","guid":{"rendered":"http:\/\/www.rassegnastampa-totustuus.it\/cattolica\/?p=42902"},"modified":"2019-04-26T11:56:35","modified_gmt":"2019-04-26T09:56:35","slug":"compagno-adolf-grazie","status":"publish","type":"post","link":"https:\/\/www.rassegnastampa-totustuus.it\/cattolica\/compagno-adolf-grazie\/","title":{"rendered":"Compagno Adolf grazie"},"content":{"rendered":"<p style=\"text-align: center;\"><a href=\"https:\/\/www.rassegnastampa-totustuus.it\/cattolica\/wp-content\/uploads\/2019\/04\/Molotov_Ribbentrop-patto.jpg\"><img loading=\"lazy\" decoding=\"async\" class=\"alignleft wp-image-42903\" src=\"https:\/\/www.rassegnastampa-totustuus.it\/cattolica\/wp-content\/uploads\/2019\/04\/Molotov_Ribbentrop-patto-300x228.jpg\" alt=\"\" width=\"250\" height=\"190\" srcset=\"https:\/\/www.rassegnastampa-totustuus.it\/cattolica\/wp-content\/uploads\/2019\/04\/Molotov_Ribbentrop-patto-300x228.jpg 300w, https:\/\/www.rassegnastampa-totustuus.it\/cattolica\/wp-content\/uploads\/2019\/04\/Molotov_Ribbentrop-patto-768x583.jpg 768w, https:\/\/www.rassegnastampa-totustuus.it\/cattolica\/wp-content\/uploads\/2019\/04\/Molotov_Ribbentrop-patto-1024x778.jpg 1024w, https:\/\/www.rassegnastampa-totustuus.it\/cattolica\/wp-content\/uploads\/2019\/04\/Molotov_Ribbentrop-patto.jpg 1247w\" sizes=\"auto, (max-width: 250px) 100vw, 250px\" \/><\/a>da<strong> Il Sabato<\/strong> n. 33 \u2013 19 Agosto 1989<\/p>\n<p style=\"text-align: justify;\"><em>Uno studioso russo riscrive la storia dei rapporti fra Stalin e Hitler. L\u2019Urss patteggi\u00f2 con il Reich per soggiogare l\u2019Europa.<\/em><\/p>\n<p style=\"text-align: center;\">di <strong>Pierluca Azzaro<\/strong><\/p>\n<p><!--more--><\/p>\n<p style=\"text-align: justify;\">Accadeva cinquant\u2019anni fa: a Mosca, il 23 agosto 1939, i plenipotenziari delle due parti tedesca e sovietica firmavano un documento comune che sanciva le rispettive sfere d\u2019influenza sull\u2019Europa orientale. Era il famigerato patto Ribbentrop-Molotov, che confermava l\u2019esistenza di un asse ben solido tra le due ideologie in apparenza opposte che in quegli anni tenevano in scacco mezzo vecchio continente.<\/p>\n<p style=\"text-align: justify;\">Per decenni attorno a quei protocolli d\u2019intesa era calata una cortina di silenzio; del resto era evidente l\u2019imbarazzo dei sovietici davanti a quelle strette di mano tra Stalin e l\u2019uomo inviato da Hitler. Ma alla vigilia del cinquantennale dell\u2019inizio del Secondo conflitto mondiale\u00a0 era inevitabile che l\u2019attenzione degli storici \u00a0si appuntasse proprio su quell\u2019accordo.<\/p>\n<p style=\"text-align: justify;\">Uno dei documenti pi\u00f9 interessanti in proposito \u00e8 appena uscito in Germania: si tratta della pubblicazione di un autore russo \u2013 Victor Suworow, ex alto ufficiale dell\u2019esercito sovietico ora in asilo in Inghilterra -, dal titolo\u00a0<a href=\"https:\/\/www.rassegnastampa-totustuus.it\/cattolica\/wp-content\/uploads\/2019\/04\/Suworow_cover.jpg\"><img loading=\"lazy\" decoding=\"async\" class=\"alignright wp-image-42904\" src=\"https:\/\/www.rassegnastampa-totustuus.it\/cattolica\/wp-content\/uploads\/2019\/04\/Suworow_cover.jpg\" alt=\"\" width=\"124\" height=\"200\" \/><\/a> (Klett-Cotta, Ausgabe 1989), \u00abil rompighiaccio della rivoluzione \u2013 Hitler nel calcolo di Stalin\u00bb.<\/p>\n<p style=\"text-align: justify;\">Suworow nel suo libro tenta sostanzialmente di capovolgere la tesi, ancora oggi ufficialmente sostenuta dallo Stato sovietico attraverso gli storici ad esso pi\u00f9 vicini (vedi Schielin, recentemente nominato da Gorbaciev storico dell\u2019Armata rossa), per cui responsabili allo scoppio della Seconda guerra mondiale furono tutti gli Stati capitalistici.<\/p>\n<p style=\"text-align: justify;\">La tesi di Suworow \u00e8 che Stalin, molto prima di Hitler aveva intensamente voluto e progettato un secondo conflitto \u00abtra le diverse nazioni capitalistiche\u00bb. Solo un altro cruento ed estenuante conflitto \u00a0tra i diversi Stati europei avrebbe\u00a0 infatti potuto, secondo Stalin, scardinare una volta per tutte l\u2019ordine politici e sociale di questo continente permettendo cos\u00ec \u00abun\u2019azione liberatrice\u00bb da parte delle truppe sovietiche e la successiva ed inevitabile bolscevizzazione del continente.<\/p>\n<p style=\"text-align: justify;\">Suworow per\u00f2 non vede alcuna originalit\u00e0\u00a0 in questo progetto staliniano. Il dittatore sovietico voleva infatti \u00absemplicemente\u00bb realizzare un\u2019idea che fu di Lenin e prima ancora di Marx e di talin consisterebbe invece nell\u2019aver trovato e sfruttato a pieno lo strumento pi\u00f9 adatto all\u2019attuazione di quel progetto: Hitler e la Germania\u00a0 nazional-socialista.<\/p>\n<p style=\"text-align: justify;\"><a href=\"https:\/\/www.rassegnastampa-totustuus.it\/cattolica\/wp-content\/uploads\/2009\/03\/lenin.jpg\"><img loading=\"lazy\" decoding=\"async\" class=\"alignleft wp-image-18283\" src=\"https:\/\/www.rassegnastampa-totustuus.it\/cattolica\/wp-content\/uploads\/2009\/03\/lenin.jpg\" alt=\"\" width=\"250\" height=\"150\" \/><\/a>Nel marzo del \u201918 Lenin firma una sorprendente pace con i tedeschi concedendo al Reich vastissimi territori e pagando un fortissimo indennizzo per i danni di guerra. Perch\u00e9 questo armistizio, perch\u00e9 questa resa se la guerra era praticamente\u00a0 finita e la Russia, stando dalla parte dei vincitori, avrebbe potuto sfruttare al meglio questa sua condizione di privilegio?<\/p>\n<p style=\"text-align: justify;\">Suworow non ha dubbi: a Lenin non interessa una vittoria\u00a0 nella \u00abguerra imperialistica\u00bb. A lui, al contrario, interessa, attraverso la pace Brest Litovsk, far divampare nel suo Paese una grande guerra civile e realizzare poi quello che di l\u00ec a poco, grazie a questa, sarebbe successo in Russia (la dittatura dei bolscevichi) anche in un\u2019Europa dilaniata da una guerra che proprio Lenin, foraggiando la Germania, aveva prolungato.<\/p>\n<p style=\"text-align: justify;\">Ed effettivamente, spiega Suworow, Lenin cerc\u00f2 di sfruttare la prima occasione\u00a0 utile che gli si present\u00f2 per estendere la bolscevizzazione dell\u2019Europa partendo proprio dalla Germania. Nel 1920 le armate\u00a0 comandate dal generale Tuchacevskij tentano di invadere la Germania \u00a0attraversando la Polonia ma sono sconfitte dalle armate polacche davanti a Varsavia. Lenin a questo punto capisce che la guerra mondiale e lo sbandamento da essa provocato \u00a0non sono stati sufficienti a far divampare la \u00abRivoluzione mondiale\u00bb.<\/p>\n<p style=\"text-align: justify;\"><a href=\"https:\/\/www.rassegnastampa-totustuus.it\/cattolica\/wp-content\/uploads\/2017\/09\/Vistola_miracolo.jpg\"><img loading=\"lazy\" decoding=\"async\" class=\"alignright wp-image-38528\" src=\"https:\/\/www.rassegnastampa-totustuus.it\/cattolica\/wp-content\/uploads\/2017\/09\/Vistola_miracolo.jpg\" alt=\"\" width=\"250\" height=\"156\" \/><\/a>Il 6 marzo 1920 davanti all\u2019Assemblea dei soviet\u00a0 di Mosca dichiara che \u00abun nuovo conflitto mondiale \u00e8 inevitabile per la liberazione e la bolscevizzazione\u00a0 del mondo\u00bb, Nel \u201920 Hitler non pensava ancora ad un altro conflitto: Lenin invece vi pensava. Nello stesso anno infatti egli dichiara ancora: \u00abLa prima parte della guerra \u00e8 finita. Bisogna prepararsi per la seconda parte\u00bb.<\/p>\n<p style=\"text-align: justify;\">Dopo la morte di Lenin, \u00e8 Stalin che prende le redini del Paese e, fedele al suo maestro, \u00e8 pronto a concretizzare il progetto di Lenin a tutti i costi. Stalin, per\u00f2, da un lato segue convintamente l\u2019insegnamento di Lenin\u00a0 (il proseguimento di una guerra civile europea che laceri il continente per poi invaderlo partendo dalla Germania), dall\u2019altra cerca di organizzare la politica interna ed estera del suo Paese in modo tale da evitare gli errori commessi da Lenin.<\/p>\n<p style=\"text-align: justify;\"><a href=\"https:\/\/www.rassegnastampa-totustuus.it\/cattolica\/wp-content\/uploads\/2019\/04\/armata_rossa_Urss-1.jpg\"><img loading=\"lazy\" decoding=\"async\" class=\"alignleft wp-image-42905\" src=\"https:\/\/www.rassegnastampa-totustuus.it\/cattolica\/wp-content\/uploads\/2019\/04\/armata_rossa_Urss-1.jpg\" alt=\"\" width=\"250\" height=\"156\" \/><\/a>Primo: Stalin capisce che l\u2019Unione sovietica ha bisogno di un esercito potente ed esclusivamente offensivo. Suworow infatti dimostra dando innumerevoli dettagli tecnici come quell\u2019esercito fosse pensato e realizzato solo in quanto arma di attacco e non di difesa. Ne \u00e8 conferma la facilit\u00e0 con cui i tedeschi riuscirono\u00a0 a penetrare fino a Stalingrado.<\/p>\n<p style=\"text-align: justify;\">Secondo: Stalin si convince che, per la rapida invasione della Germania prima e dell\u2019Europa poi, era indispensabile la creazione di una frontiera diretta con la prima. Bisognava eliminare quella barriera (la Polonia) che nel 1920 era stata il motivo principale della disfatta di Tuchacevskij. A questo riguardo \u00e8 illuminante quello che scrive lo stresso Stalin sulla <em>Pravda<\/em> del 5 marzo del \u201939: \u00abLa storia ci insegna che quando uno Stato vuole attaccare un altro Stato cercher\u00e0 di creare una frontiera diretta con lo Stato che ha intenzione di invadere\u00bb. Il senso della spartizione della Polonia nel \u201939, tra Russia e Germania, in quest\u2019ottica, appare chiarissimo. Stalin voleva liquidare quello Stato che lo divideva dall\u2019Europa centrale, voleva assicurarsi la via pi\u00f9 diretta che legava l\u2019Unione sovietica alla Germania, \u00abprima ed inevitabile tappa della liberazione dell\u2019Europa centrale e dell\u2019Est\u00bb (Trockij \u2013 Bollettino dell\u2019opposizione, n. 24 del 1939, pag. 9).<\/p>\n<p style=\"text-align: justify;\"><a href=\"https:\/\/www.rassegnastampa-totustuus.it\/cattolica\/wp-content\/uploads\/2006\/03\/Hitler_Stalin.jpg\"><img loading=\"lazy\" decoding=\"async\" class=\"wp-image-33621 alignright\" src=\"https:\/\/www.rassegnastampa-totustuus.it\/cattolica\/wp-content\/uploads\/2006\/03\/Hitler_Stalin.jpg\" alt=\"\" width=\"184\" height=\"200\" \/><\/a>Terzo ed ultimo punto: il ruolo di Hitler e del nazional-socialismo nel calcolo di Stralin. Non \u00e8 un caso che il dittatore georgiano abbia forgiato per Hitler la definizione di \u00abRompighiaccio della rivoluzione\u00bb. A Stalin infatti interessa innescare una miccia per cui \u00abi capitalisti europei si sarebbero azzannati tra di loro come cani\u00bb (Stalin sulla <em>Pravda<\/em> del 14\/5\/1939).<\/p>\n<p style=\"text-align: justify;\">A Stalin serviva qualcosa che, annientando tutte le forze democratiche e pacifiste, avrebbe fatto divampare una sanguinosa guerra civile nel continente europeo. Quale miglior strumento per questo fine se non la Germania nazional-socialista? Stalin vede nel nazional-socialismo un elemento indispensabile per il suo progetto di occupazione dell\u2019Europa. Il suo calcolo in proposito era essenzialmente questo: lasciamo che i nazisti polverizzino tutte le democrazie europee, lasciamo che Hitler spacchi l\u2019Europa perch\u00e9 \u00e8 proprio questo che a noi serve. A Stalin serve un\u2019Europa affamata e distrutta. Questa Hitler gliela pu\u00f2 garantire.<\/p>\n<p style=\"text-align: justify;\">Stalin ebbe secondo l\u2019autore un ruolo determinante nella nascita e nell\u2019ascesa al potere del nazional-socialismo; basti citare a questo proposito un\u2019impressionante dichiarazione di Trockij sul <em>Bollettino dell\u2019opposizione<\/em> del 18\/3\/1936: \u00abSenza il volere di Stalin non ci sarebbe stato n\u00e9 Hitler n\u00e9 il nazional-socialismo\u00bb.<\/p>\n<p style=\"text-align: justify;\">E un\u2019altra dichiarazione di Trockij sul <em>Bollettino dell\u2019 opposizione<\/em> n.79 del novembre 1938 ci fa capire come Stalin veramente avesse sfruttato Hitler per i suoi fini: \u00abStalin ha definitivamente liberato le mani di Hitler e ai suoi oppositori e ha trascinato l\u2019Europa in un\u2019altra grande guerra\u00bb.<\/p>\n<p style=\"text-align: justify;\"><a href=\"https:\/\/www.rassegnastampa-totustuus.it\/cattolica\/wp-content\/uploads\/2004\/11\/guerra.jpg\"><img loading=\"lazy\" decoding=\"async\" class=\"alignleft wp-image-31645\" src=\"https:\/\/www.rassegnastampa-totustuus.it\/cattolica\/wp-content\/uploads\/2004\/11\/guerra.jpg\" alt=\"\" width=\"250\" height=\"166\" \/><\/a>Solo in questo senso, sostiene Suworow, va interpretato il patto Molotov-Ribbentrop attraverso il quale da un lato veniva assicurata alla Germania la neutralit\u00e0 russa, nel caso in cui il Reich fosse stato \u00abtrascinato\u00bb in una guerra mondiale (vedi distruzione dell\u2019Europa), dall\u2019altro Stalin si creava concretamente la possibilit\u00e0 di tenersi fuori da questo conflitto fino a quando le condizioni per l\u2019invasione dell\u2019Europa non fossero state ideali.<\/p>\n<p style=\"text-align: justify;\">Dichiara Trockij sul <em>Bollettino dell\u2019opposizione<\/em> del 21\/6\/1939: \u00abLa Germania si scatener\u00e0 contro l\u2019Europa e l\u2019Unione Sovietica trarr\u00e0 il maggior vantaggio da questa situazione\u00bb. Ma Hitler attacca inaspettatamente contro le previsioni staliniane, la Russia il 22 giugno del \u201941 probabilmente, ipotizza Suworow, perch\u00e9 capisce che l\u2019invasione della Germania da parte della Russia era inevitabile.<\/p>\n<p style=\"text-align: justify;\"><a href=\"https:\/\/www.rassegnastampa-totustuus.it\/cattolica\/wp-content\/uploads\/2019\/04\/armata_rossa_berlino.jpg\"><img loading=\"lazy\" decoding=\"async\" class=\"size-full wp-image-42906 alignright\" src=\"https:\/\/www.rassegnastampa-totustuus.it\/cattolica\/wp-content\/uploads\/2019\/04\/armata_rossa_berlino.jpg\" alt=\"\" width=\"291\" height=\"173\" data-wp-editing=\"1\" \/><\/a>I piani di Stalin sono stravolti. L\u2019invasione russa della Germania, la cos\u00ec chiamata \u00abmissione temporale\u00bb che avrebbe dovuto avere il suo inizio il 6 luglio 1941, va a rotoli. E a questo proposito \u00e8 interessante sentire la dichiarazione del generale sovietico Ivanov all\u2019indomani dell\u2019invasione tedesca: \u00abAlle truppe tedesche \u00e8 riuscito di anticiparci letteralmente di due settimane\u00bb.<\/p>\n<p style=\"text-align: justify;\">A questo punto, conclude Suworow, Stalin ci d\u00e0 un\u2019altra prova della sua genialit\u00e0: comprendendo che l\u2019invasione della Germania non \u00e8 pi\u00f9 possibile con le proprie forze, sfrutta gli alleati, i difensori dell\u2019Europa, proprio per assicurarsi una parte di questa. Non dimentichiamo, sembra suggerirci Suworow, che con l\u2019invasione di met\u00e0 della Germania la vera vincitrice della guerra fu di fatto solo la Russia.<\/p>\n","protected":false},"excerpt":{"rendered":"<p>da Il Sabato n. 33 \u2013 19 Agosto 1989 Uno studioso russo riscrive la storia dei rapporti fra Stalin e Hitler. L\u2019Urss patteggi\u00f2 con il Reich per soggiogare l\u2019Europa. di Pierluca Azzaro<\/p><p><a class=\"more-link btn\" href=\"https:\/\/www.rassegnastampa-totustuus.it\/cattolica\/compagno-adolf-grazie\/\">Continua a leggere<\/a><\/p>\n","protected":false},"author":6,"featured_media":42903,"comment_status":"closed","ping_status":"closed","sticky":false,"template":"","format":"standard","meta":{"footnotes":""},"categories":[90,94,24,84],"tags":[507,779,925,162],"class_list":["post-42902","post","type-post","status-publish","format-standard","has-post-thumbnail","hentry","category-ii-guerra-mondiale","category-nazionalsocialismo","category-storia","category-urss","tag-hitler","tag-ii-guerra-mondiale-2","tag-stalin","tag-storia-2","item-wrap"],"yoast_head":"<!-- This site is optimized with the Yoast SEO plugin v27.5 - https:\/\/yoast.com\/product\/yoast-seo-wordpress\/ -->\n<title>Compagno Adolf grazie - Rassegna Stampa Cattolica<\/title>\n<meta name=\"description\" content=\"Rassegna Stampa Cattolica - Per una cultura che nasce dalla Rivelazione cristiana in conformit\u00e0 alla tradizione e al Magistero della Chiesa in opposizione ad ogni relativismo e totalitarismo\" \/>\n<meta name=\"robots\" content=\"index, follow, max-snippet:-1, max-image-preview:large, max-video-preview:-1\" \/>\n<link rel=\"canonical\" href=\"https:\/\/www.rassegnastampa-totustuus.it\/cattolica\/compagno-adolf-grazie\/\" \/>\n<meta property=\"og:locale\" content=\"it_IT\" \/>\n<meta property=\"og:type\" content=\"article\" \/>\n<meta property=\"og:title\" content=\"Compagno Adolf grazie - Rassegna Stampa Cattolica\" \/>\n<meta property=\"og:description\" content=\"Rassegna Stampa Cattolica - Per una cultura che nasce dalla Rivelazione cristiana in conformit\u00e0 alla tradizione e al Magistero della Chiesa in opposizione ad ogni relativismo e totalitarismo\" \/>\n<meta property=\"og:url\" content=\"https:\/\/www.rassegnastampa-totustuus.it\/cattolica\/compagno-adolf-grazie\/\" \/>\n<meta property=\"og:site_name\" content=\"Rassegna Stampa Cattolica\" \/>\n<meta property=\"article:publisher\" content=\"https:\/\/www.facebook.com\/rassegnastampacattolica\" \/>\n<meta property=\"article:published_time\" content=\"2019-05-01T22:00:04+00:00\" \/>\n<meta property=\"og:image\" content=\"https:\/\/www.rassegnastampa-totustuus.it\/cattolica\/wp-content\/uploads\/2019\/04\/Molotov_Ribbentrop-patto.jpg\" \/>\n\t<meta property=\"og:image:width\" content=\"1247\" \/>\n\t<meta property=\"og:image:height\" content=\"947\" \/>\n\t<meta property=\"og:image:type\" content=\"image\/jpeg\" \/>\n<meta name=\"author\" content=\"Redazione\" \/>\n<meta name=\"twitter:card\" content=\"summary_large_image\" \/>\n<meta name=\"twitter:creator\" content=\"@rassegnastampa9\" \/>\n<meta name=\"twitter:site\" content=\"@rassegnastampa9\" \/>\n<meta name=\"twitter:label1\" content=\"Scritto da\" \/>\n\t<meta name=\"twitter:data1\" content=\"Redazione\" \/>\n\t<meta name=\"twitter:label2\" content=\"Tempo di lettura stimato\" \/>\n\t<meta name=\"twitter:data2\" content=\"7 minuti\" \/>\n<script type=\"application\/ld+json\" class=\"yoast-schema-graph\">{\"@context\":\"https:\\\/\\\/schema.org\",\"@graph\":[{\"@type\":\"Article\",\"@id\":\"https:\\\/\\\/www.rassegnastampa-totustuus.it\\\/cattolica\\\/compagno-adolf-grazie\\\/#article\",\"isPartOf\":{\"@id\":\"https:\\\/\\\/www.rassegnastampa-totustuus.it\\\/cattolica\\\/compagno-adolf-grazie\\\/\"},\"author\":{\"name\":\"Redazione\",\"@id\":\"https:\\\/\\\/www.rassegnastampa-totustuus.it\\\/cattolica\\\/#\\\/schema\\\/person\\\/08f319d2bd1a0904ad9e2bfb7b15e5c3\"},\"headline\":\"Compagno Adolf grazie\",\"datePublished\":\"2019-05-01T22:00:04+00:00\",\"mainEntityOfPage\":{\"@id\":\"https:\\\/\\\/www.rassegnastampa-totustuus.it\\\/cattolica\\\/compagno-adolf-grazie\\\/\"},\"wordCount\":1390,\"publisher\":{\"@id\":\"https:\\\/\\\/www.rassegnastampa-totustuus.it\\\/cattolica\\\/#organization\"},\"image\":{\"@id\":\"https:\\\/\\\/www.rassegnastampa-totustuus.it\\\/cattolica\\\/compagno-adolf-grazie\\\/#primaryimage\"},\"thumbnailUrl\":\"https:\\\/\\\/www.rassegnastampa-totustuus.it\\\/cattolica\\\/wp-content\\\/uploads\\\/2019\\\/04\\\/Molotov_Ribbentrop-patto.jpg\",\"keywords\":[\"Hitler\",\"II guerra mondiale\",\"Stalin\",\"storia\"],\"articleSection\":[\"II Guerra Mondiale\",\"Nazionalsocialismo\",\"Storia\",\"URSS\"],\"inLanguage\":\"it-IT\"},{\"@type\":\"WebPage\",\"@id\":\"https:\\\/\\\/www.rassegnastampa-totustuus.it\\\/cattolica\\\/compagno-adolf-grazie\\\/\",\"url\":\"https:\\\/\\\/www.rassegnastampa-totustuus.it\\\/cattolica\\\/compagno-adolf-grazie\\\/\",\"name\":\"Compagno Adolf grazie - Rassegna Stampa Cattolica\",\"isPartOf\":{\"@id\":\"https:\\\/\\\/www.rassegnastampa-totustuus.it\\\/cattolica\\\/#website\"},\"primaryImageOfPage\":{\"@id\":\"https:\\\/\\\/www.rassegnastampa-totustuus.it\\\/cattolica\\\/compagno-adolf-grazie\\\/#primaryimage\"},\"image\":{\"@id\":\"https:\\\/\\\/www.rassegnastampa-totustuus.it\\\/cattolica\\\/compagno-adolf-grazie\\\/#primaryimage\"},\"thumbnailUrl\":\"https:\\\/\\\/www.rassegnastampa-totustuus.it\\\/cattolica\\\/wp-content\\\/uploads\\\/2019\\\/04\\\/Molotov_Ribbentrop-patto.jpg\",\"datePublished\":\"2019-05-01T22:00:04+00:00\",\"description\":\"Rassegna Stampa Cattolica - Per una cultura che nasce dalla Rivelazione cristiana in conformit\u00e0 alla tradizione e al Magistero della Chiesa in opposizione ad ogni relativismo e totalitarismo\",\"breadcrumb\":{\"@id\":\"https:\\\/\\\/www.rassegnastampa-totustuus.it\\\/cattolica\\\/compagno-adolf-grazie\\\/#breadcrumb\"},\"inLanguage\":\"it-IT\",\"potentialAction\":[{\"@type\":\"ReadAction\",\"target\":[\"https:\\\/\\\/www.rassegnastampa-totustuus.it\\\/cattolica\\\/compagno-adolf-grazie\\\/\"]}]},{\"@type\":\"ImageObject\",\"inLanguage\":\"it-IT\",\"@id\":\"https:\\\/\\\/www.rassegnastampa-totustuus.it\\\/cattolica\\\/compagno-adolf-grazie\\\/#primaryimage\",\"url\":\"https:\\\/\\\/www.rassegnastampa-totustuus.it\\\/cattolica\\\/wp-content\\\/uploads\\\/2019\\\/04\\\/Molotov_Ribbentrop-patto.jpg\",\"contentUrl\":\"https:\\\/\\\/www.rassegnastampa-totustuus.it\\\/cattolica\\\/wp-content\\\/uploads\\\/2019\\\/04\\\/Molotov_Ribbentrop-patto.jpg\",\"width\":1247,\"height\":947},{\"@type\":\"BreadcrumbList\",\"@id\":\"https:\\\/\\\/www.rassegnastampa-totustuus.it\\\/cattolica\\\/compagno-adolf-grazie\\\/#breadcrumb\",\"itemListElement\":[{\"@type\":\"ListItem\",\"position\":1,\"name\":\"Home\",\"item\":\"https:\\\/\\\/www.rassegnastampa-totustuus.it\\\/cattolica\\\/\"},{\"@type\":\"ListItem\",\"position\":2,\"name\":\"Compagno Adolf grazie\"}]},{\"@type\":\"WebSite\",\"@id\":\"https:\\\/\\\/www.rassegnastampa-totustuus.it\\\/cattolica\\\/#website\",\"url\":\"https:\\\/\\\/www.rassegnastampa-totustuus.it\\\/cattolica\\\/\",\"name\":\"Rassegna Stampa Cattolica\",\"description\":\"Per una cultura che nasce dalla Rivelazione cristiana in conformit\u00e0 alla tradizione e al Magistero della Chiesa in opposizione ad ogni relativismo e totalitarismo\",\"publisher\":{\"@id\":\"https:\\\/\\\/www.rassegnastampa-totustuus.it\\\/cattolica\\\/#organization\"},\"alternateName\":\"Rass. Cattolica\",\"potentialAction\":[{\"@type\":\"SearchAction\",\"target\":{\"@type\":\"EntryPoint\",\"urlTemplate\":\"https:\\\/\\\/www.rassegnastampa-totustuus.it\\\/cattolica\\\/?s={search_term_string}\"},\"query-input\":{\"@type\":\"PropertyValueSpecification\",\"valueRequired\":true,\"valueName\":\"search_term_string\"}}],\"inLanguage\":\"it-IT\"},{\"@type\":\"Organization\",\"@id\":\"https:\\\/\\\/www.rassegnastampa-totustuus.it\\\/cattolica\\\/#organization\",\"name\":\"Rassegna Stampa Cattolica\",\"url\":\"https:\\\/\\\/www.rassegnastampa-totustuus.it\\\/cattolica\\\/\",\"logo\":{\"@type\":\"ImageObject\",\"inLanguage\":\"it-IT\",\"@id\":\"https:\\\/\\\/www.rassegnastampa-totustuus.it\\\/cattolica\\\/#\\\/schema\\\/logo\\\/image\\\/\",\"url\":\"https:\\\/\\\/www.rassegnastampa-totustuus.it\\\/cattolica\\\/wp-content\\\/uploads\\\/2014\\\/04\\\/logo-rassegna1.gif\",\"contentUrl\":\"https:\\\/\\\/www.rassegnastampa-totustuus.it\\\/cattolica\\\/wp-content\\\/uploads\\\/2014\\\/04\\\/logo-rassegna1.gif\",\"width\":600,\"height\":163,\"caption\":\"Rassegna Stampa Cattolica\"},\"image\":{\"@id\":\"https:\\\/\\\/www.rassegnastampa-totustuus.it\\\/cattolica\\\/#\\\/schema\\\/logo\\\/image\\\/\"},\"sameAs\":[\"https:\\\/\\\/www.facebook.com\\\/rassegnastampacattolica\",\"https:\\\/\\\/x.com\\\/rassegnastampa9\"]},{\"@type\":\"Person\",\"@id\":\"https:\\\/\\\/www.rassegnastampa-totustuus.it\\\/cattolica\\\/#\\\/schema\\\/person\\\/08f319d2bd1a0904ad9e2bfb7b15e5c3\",\"name\":\"Redazione\",\"image\":{\"@type\":\"ImageObject\",\"inLanguage\":\"it-IT\",\"@id\":\"https:\\\/\\\/secure.gravatar.com\\\/avatar\\\/2fcdf27c78ea025fbdb44e914cc63c72249ffec9dc8aafd5c82b26240ef3f346?s=96&d=mm&r=g\",\"url\":\"https:\\\/\\\/secure.gravatar.com\\\/avatar\\\/2fcdf27c78ea025fbdb44e914cc63c72249ffec9dc8aafd5c82b26240ef3f346?s=96&d=mm&r=g\",\"contentUrl\":\"https:\\\/\\\/secure.gravatar.com\\\/avatar\\\/2fcdf27c78ea025fbdb44e914cc63c72249ffec9dc8aafd5c82b26240ef3f346?s=96&d=mm&r=g\",\"caption\":\"Redazione\"},\"url\":\"https:\\\/\\\/www.rassegnastampa-totustuus.it\\\/cattolica\\\/author\\\/pietroelle\\\/\"}]}<\/script>\n<!-- \/ Yoast SEO plugin. -->","yoast_head_json":{"title":"Compagno Adolf grazie - Rassegna Stampa Cattolica","description":"Rassegna Stampa Cattolica - Per una cultura che nasce dalla Rivelazione cristiana in conformit\u00e0 alla tradizione e al Magistero della Chiesa in opposizione ad ogni relativismo e totalitarismo","robots":{"index":"index","follow":"follow","max-snippet":"max-snippet:-1","max-image-preview":"max-image-preview:large","max-video-preview":"max-video-preview:-1"},"canonical":"https:\/\/www.rassegnastampa-totustuus.it\/cattolica\/compagno-adolf-grazie\/","og_locale":"it_IT","og_type":"article","og_title":"Compagno Adolf grazie - Rassegna Stampa Cattolica","og_description":"Rassegna Stampa Cattolica - Per una cultura che nasce dalla Rivelazione cristiana in conformit\u00e0 alla tradizione e al Magistero della Chiesa in opposizione ad ogni relativismo e totalitarismo","og_url":"https:\/\/www.rassegnastampa-totustuus.it\/cattolica\/compagno-adolf-grazie\/","og_site_name":"Rassegna Stampa Cattolica","article_publisher":"https:\/\/www.facebook.com\/rassegnastampacattolica","article_published_time":"2019-05-01T22:00:04+00:00","og_image":[{"width":1247,"height":947,"url":"https:\/\/www.rassegnastampa-totustuus.it\/cattolica\/wp-content\/uploads\/2019\/04\/Molotov_Ribbentrop-patto.jpg","type":"image\/jpeg"}],"author":"Redazione","twitter_card":"summary_large_image","twitter_creator":"@rassegnastampa9","twitter_site":"@rassegnastampa9","twitter_misc":{"Scritto da":"Redazione","Tempo di lettura stimato":"7 minuti"},"schema":{"@context":"https:\/\/schema.org","@graph":[{"@type":"Article","@id":"https:\/\/www.rassegnastampa-totustuus.it\/cattolica\/compagno-adolf-grazie\/#article","isPartOf":{"@id":"https:\/\/www.rassegnastampa-totustuus.it\/cattolica\/compagno-adolf-grazie\/"},"author":{"name":"Redazione","@id":"https:\/\/www.rassegnastampa-totustuus.it\/cattolica\/#\/schema\/person\/08f319d2bd1a0904ad9e2bfb7b15e5c3"},"headline":"Compagno Adolf grazie","datePublished":"2019-05-01T22:00:04+00:00","mainEntityOfPage":{"@id":"https:\/\/www.rassegnastampa-totustuus.it\/cattolica\/compagno-adolf-grazie\/"},"wordCount":1390,"publisher":{"@id":"https:\/\/www.rassegnastampa-totustuus.it\/cattolica\/#organization"},"image":{"@id":"https:\/\/www.rassegnastampa-totustuus.it\/cattolica\/compagno-adolf-grazie\/#primaryimage"},"thumbnailUrl":"https:\/\/www.rassegnastampa-totustuus.it\/cattolica\/wp-content\/uploads\/2019\/04\/Molotov_Ribbentrop-patto.jpg","keywords":["Hitler","II guerra mondiale","Stalin","storia"],"articleSection":["II Guerra Mondiale","Nazionalsocialismo","Storia","URSS"],"inLanguage":"it-IT"},{"@type":"WebPage","@id":"https:\/\/www.rassegnastampa-totustuus.it\/cattolica\/compagno-adolf-grazie\/","url":"https:\/\/www.rassegnastampa-totustuus.it\/cattolica\/compagno-adolf-grazie\/","name":"Compagno Adolf grazie - Rassegna Stampa Cattolica","isPartOf":{"@id":"https:\/\/www.rassegnastampa-totustuus.it\/cattolica\/#website"},"primaryImageOfPage":{"@id":"https:\/\/www.rassegnastampa-totustuus.it\/cattolica\/compagno-adolf-grazie\/#primaryimage"},"image":{"@id":"https:\/\/www.rassegnastampa-totustuus.it\/cattolica\/compagno-adolf-grazie\/#primaryimage"},"thumbnailUrl":"https:\/\/www.rassegnastampa-totustuus.it\/cattolica\/wp-content\/uploads\/2019\/04\/Molotov_Ribbentrop-patto.jpg","datePublished":"2019-05-01T22:00:04+00:00","description":"Rassegna Stampa Cattolica - Per una cultura che nasce dalla Rivelazione cristiana in conformit\u00e0 alla tradizione e al Magistero della Chiesa in opposizione ad ogni relativismo e totalitarismo","breadcrumb":{"@id":"https:\/\/www.rassegnastampa-totustuus.it\/cattolica\/compagno-adolf-grazie\/#breadcrumb"},"inLanguage":"it-IT","potentialAction":[{"@type":"ReadAction","target":["https:\/\/www.rassegnastampa-totustuus.it\/cattolica\/compagno-adolf-grazie\/"]}]},{"@type":"ImageObject","inLanguage":"it-IT","@id":"https:\/\/www.rassegnastampa-totustuus.it\/cattolica\/compagno-adolf-grazie\/#primaryimage","url":"https:\/\/www.rassegnastampa-totustuus.it\/cattolica\/wp-content\/uploads\/2019\/04\/Molotov_Ribbentrop-patto.jpg","contentUrl":"https:\/\/www.rassegnastampa-totustuus.it\/cattolica\/wp-content\/uploads\/2019\/04\/Molotov_Ribbentrop-patto.jpg","width":1247,"height":947},{"@type":"BreadcrumbList","@id":"https:\/\/www.rassegnastampa-totustuus.it\/cattolica\/compagno-adolf-grazie\/#breadcrumb","itemListElement":[{"@type":"ListItem","position":1,"name":"Home","item":"https:\/\/www.rassegnastampa-totustuus.it\/cattolica\/"},{"@type":"ListItem","position":2,"name":"Compagno Adolf grazie"}]},{"@type":"WebSite","@id":"https:\/\/www.rassegnastampa-totustuus.it\/cattolica\/#website","url":"https:\/\/www.rassegnastampa-totustuus.it\/cattolica\/","name":"Rassegna Stampa Cattolica","description":"Per una cultura che nasce dalla Rivelazione cristiana in conformit\u00e0 alla tradizione e al Magistero della Chiesa in opposizione ad ogni relativismo e totalitarismo","publisher":{"@id":"https:\/\/www.rassegnastampa-totustuus.it\/cattolica\/#organization"},"alternateName":"Rass. Cattolica","potentialAction":[{"@type":"SearchAction","target":{"@type":"EntryPoint","urlTemplate":"https:\/\/www.rassegnastampa-totustuus.it\/cattolica\/?s={search_term_string}"},"query-input":{"@type":"PropertyValueSpecification","valueRequired":true,"valueName":"search_term_string"}}],"inLanguage":"it-IT"},{"@type":"Organization","@id":"https:\/\/www.rassegnastampa-totustuus.it\/cattolica\/#organization","name":"Rassegna Stampa Cattolica","url":"https:\/\/www.rassegnastampa-totustuus.it\/cattolica\/","logo":{"@type":"ImageObject","inLanguage":"it-IT","@id":"https:\/\/www.rassegnastampa-totustuus.it\/cattolica\/#\/schema\/logo\/image\/","url":"https:\/\/www.rassegnastampa-totustuus.it\/cattolica\/wp-content\/uploads\/2014\/04\/logo-rassegna1.gif","contentUrl":"https:\/\/www.rassegnastampa-totustuus.it\/cattolica\/wp-content\/uploads\/2014\/04\/logo-rassegna1.gif","width":600,"height":163,"caption":"Rassegna Stampa Cattolica"},"image":{"@id":"https:\/\/www.rassegnastampa-totustuus.it\/cattolica\/#\/schema\/logo\/image\/"},"sameAs":["https:\/\/www.facebook.com\/rassegnastampacattolica","https:\/\/x.com\/rassegnastampa9"]},{"@type":"Person","@id":"https:\/\/www.rassegnastampa-totustuus.it\/cattolica\/#\/schema\/person\/08f319d2bd1a0904ad9e2bfb7b15e5c3","name":"Redazione","image":{"@type":"ImageObject","inLanguage":"it-IT","@id":"https:\/\/secure.gravatar.com\/avatar\/2fcdf27c78ea025fbdb44e914cc63c72249ffec9dc8aafd5c82b26240ef3f346?s=96&d=mm&r=g","url":"https:\/\/secure.gravatar.com\/avatar\/2fcdf27c78ea025fbdb44e914cc63c72249ffec9dc8aafd5c82b26240ef3f346?s=96&d=mm&r=g","contentUrl":"https:\/\/secure.gravatar.com\/avatar\/2fcdf27c78ea025fbdb44e914cc63c72249ffec9dc8aafd5c82b26240ef3f346?s=96&d=mm&r=g","caption":"Redazione"},"url":"https:\/\/www.rassegnastampa-totustuus.it\/cattolica\/author\/pietroelle\/"}]}},"_links":{"self":[{"href":"https:\/\/www.rassegnastampa-totustuus.it\/cattolica\/wp-json\/wp\/v2\/posts\/42902","targetHints":{"allow":["GET"]}}],"collection":[{"href":"https:\/\/www.rassegnastampa-totustuus.it\/cattolica\/wp-json\/wp\/v2\/posts"}],"about":[{"href":"https:\/\/www.rassegnastampa-totustuus.it\/cattolica\/wp-json\/wp\/v2\/types\/post"}],"author":[{"embeddable":true,"href":"https:\/\/www.rassegnastampa-totustuus.it\/cattolica\/wp-json\/wp\/v2\/users\/6"}],"replies":[{"embeddable":true,"href":"https:\/\/www.rassegnastampa-totustuus.it\/cattolica\/wp-json\/wp\/v2\/comments?post=42902"}],"version-history":[{"count":1,"href":"https:\/\/www.rassegnastampa-totustuus.it\/cattolica\/wp-json\/wp\/v2\/posts\/42902\/revisions"}],"predecessor-version":[{"id":42907,"href":"https:\/\/www.rassegnastampa-totustuus.it\/cattolica\/wp-json\/wp\/v2\/posts\/42902\/revisions\/42907"}],"wp:featuredmedia":[{"embeddable":true,"href":"https:\/\/www.rassegnastampa-totustuus.it\/cattolica\/wp-json\/wp\/v2\/media\/42903"}],"wp:attachment":[{"href":"https:\/\/www.rassegnastampa-totustuus.it\/cattolica\/wp-json\/wp\/v2\/media?parent=42902"}],"wp:term":[{"taxonomy":"category","embeddable":true,"href":"https:\/\/www.rassegnastampa-totustuus.it\/cattolica\/wp-json\/wp\/v2\/categories?post=42902"},{"taxonomy":"post_tag","embeddable":true,"href":"https:\/\/www.rassegnastampa-totustuus.it\/cattolica\/wp-json\/wp\/v2\/tags?post=42902"}],"curies":[{"name":"wp","href":"https:\/\/api.w.org\/{rel}","templated":true}]}}