{"id":42876,"date":"2019-05-02T00:00:49","date_gmt":"2019-05-01T22:00:49","guid":{"rendered":"http:\/\/www.rassegnastampa-totustuus.it\/cattolica\/?p=42876"},"modified":"2019-04-23T17:21:18","modified_gmt":"2019-04-23T15:21:18","slug":"vuoto-a-perdere","status":"publish","type":"post","link":"https:\/\/www.rassegnastampa-totustuus.it\/cattolica\/vuoto-a-perdere\/","title":{"rendered":"Vuoto a perdere"},"content":{"rendered":"<p style=\"text-align: center;\"><a href=\"https:\/\/www.rassegnastampa-totustuus.it\/cattolica\/wp-content\/uploads\/2019\/04\/body_bilder_sport.jpeg\"><img loading=\"lazy\" decoding=\"async\" class=\"alignright wp-image-42877\" src=\"https:\/\/www.rassegnastampa-totustuus.it\/cattolica\/wp-content\/uploads\/2019\/04\/body_bilder_sport-300x169.jpeg\" alt=\"\" width=\"250\" height=\"141\" srcset=\"https:\/\/www.rassegnastampa-totustuus.it\/cattolica\/wp-content\/uploads\/2019\/04\/body_bilder_sport-300x169.jpeg 300w, https:\/\/www.rassegnastampa-totustuus.it\/cattolica\/wp-content\/uploads\/2019\/04\/body_bilder_sport-768x432.jpeg 768w, https:\/\/www.rassegnastampa-totustuus.it\/cattolica\/wp-content\/uploads\/2019\/04\/body_bilder_sport-1024x576.jpeg 1024w, https:\/\/www.rassegnastampa-totustuus.it\/cattolica\/wp-content\/uploads\/2019\/04\/body_bilder_sport.jpeg 1920w\" sizes=\"auto, (max-width: 250px) 100vw, 250px\" \/><\/a>da <strong>Il Timone <\/strong>n.183 &#8211; Aprile 2019<\/p>\n<p style=\"text-align: justify;\"><em>ll corpo come un contenitore usa e getta, a disposizione per qualsiasi utilizza. Oggi c\u2019\u00e8 chi ne fa un idolo e chi lo disprezza, ma nessuno di loro lo rispetta<\/em><\/p>\n<p style=\"text-align: center;\">di <strong>Raffaella Frullone<\/strong><\/p>\n<p><!--more--><\/p>\n<p style=\"text-align: justify;\">\u00abUna serie infinita di operazioni e pi\u00f9 di 25.000 euro spesi, il tutto per diventare il sosia dell\u2019ex calciatore David Beckham. L\u2019inglese Jack Johnson ha completato \u2013 almeno a suo giudizio \u2013 la trasformazione gi\u00e0 da un paio d\u2019anni, cos\u00ec ha deciso di cambiare nuovamente il suo aspetto. Il 22enne ora desidera cambiare sesso e diventare identico a Victoria Beckham, la moglie dell\u2019ex stella del Real Madrid\u00bb, scriveva cos\u00ec il <em>Messaggero<\/em> del 26 febbraio scorso.<\/p>\n<p style=\"text-align: justify;\">Potrebbe suonare quasi comico se questa vicenda non fosse tragica e soprattutto simbolica del modo in cui nella societ\u00e0 odierna si tende a concepire il proprio corpo. Tutto \u00e8 possibile, tutto \u00e8 lecito, in nome del desiderio del momento, tutto si pu\u00f2 fare compreso arrivare a disprezzarlo, svilirlo, violentarlo, anche inconsapevolmente.<\/p>\n<p style=\"text-align: justify;\"><strong>Sport maniaci<\/strong><\/p>\n<p style=\"text-align: justify;\"><a href=\"https:\/\/www.rassegnastampa-totustuus.it\/cattolica\/wp-content\/uploads\/2019\/04\/palestra_sport.jpg\"><img loading=\"lazy\" decoding=\"async\" class=\"alignleft wp-image-42878\" src=\"https:\/\/www.rassegnastampa-totustuus.it\/cattolica\/wp-content\/uploads\/2019\/04\/palestra_sport.jpg\" alt=\"\" width=\"250\" height=\"166\" \/><\/a>Basta guardare cosa \u00e8 diventato il <em>fitness<\/em> nelle nostre citt\u00e0: all\u2019inizio lo sport era una passione di pochi e un gioco per molti, poi \u00e8 diventato sintomo di benessere fisico e psichico, oggi \u00e8 diventato una sorta di nuova religione di stato a cui diventa difficile sottrarsi: per moltissime persone l\u2019allenamento \u00e8 al primo posto nella scala dei valori, l\u2019attivit\u00e0 sportiva il perno delle proprie giornate, l\u2019utilizzo di integratori segue di conseguenza e l\u2019impossibilit\u00e0 di allenarsi crea agitazione e frustrazione.<\/p>\n<p style=\"text-align: justify;\">Al punto che gli psichiatri si sono trovati di fronte ad una serie di sindromi legate al cosiddetto <em>overtraining <\/em>che si declinano in \u201csport addiction\u201d, \u201csindrome da sport compulsivo\u201d, \u201cexercise dependence\u201d, si tratta di meccanismo del tutto simili a quelli che si sviluppano con l\u2019assunzione di droga, sebbene la dipendenza si sviluppi da sostanze di per s\u00e9 positive prodotte dal nostro corpo: dopamina e serotonina.<\/p>\n<p style=\"text-align: justify;\">Queste dipendenze degenerano al \u2013 paradossale \u2013 punto di danneggiare proprio quel corpo che si vorrebbe al massimo della salute e del benessere: il fisico in questi soggetti, non avendo il tempo e il modo di riprendersi da allenamenti intensivi, va in sofferenza.<\/p>\n<p style=\"text-align: justify;\">La persona entra cos\u00ec in una spirale che diminuisce la capacit\u00e0 di concentrazione e di relazione, tende ad isolarsi perch\u00e9 in cima alle sue priorit\u00e0 c\u2019\u00e8 l\u2019allenamento e il fisico ne \u00e8 debilitato non solo perch\u00e9 non pu\u00f2 riprendersi dopo le sessioni di lavoro, ma anche perch\u00e9 spesso chi soffre di questa ossessione si allena anche quando \u00e8 infortunato, o malato, debilitando proprio quel corpo per il quale cerca ossessivamente la perfezione. Come in un ribelle e testardo vano tentativo di rimanere giovani per allontanare e rifiutare il pensiero della morte.<\/p>\n<p style=\"text-align: justify;\"><strong>Maltrattato a colpi di diete<\/strong><\/p>\n<p style=\"text-align: justify;\"><a href=\"https:\/\/www.rassegnastampa-totustuus.it\/cattolica\/wp-content\/uploads\/2019\/04\/dieta_corpo.jpg\"><img loading=\"lazy\" decoding=\"async\" class=\"alignright wp-image-42879\" src=\"https:\/\/www.rassegnastampa-totustuus.it\/cattolica\/wp-content\/uploads\/2019\/04\/dieta_corpo.jpg\" alt=\"\" width=\"250\" height=\"142\" \/><\/a>Questo tema \u00e8 strettamente associato ad un\u2019altra ossessione con cui si prova in modo grave il corpo ai giorni nostri, quella alimentare. Anche in questo caso si parte con le migliori intenzioni: mangiare pi\u00f9 sano, perdere qualche chilo, stare meglio, ma il vortice in cui si pu\u00f2 finire porta, come le cronache ci raccontano, molto pi\u00f9 lontano.<\/p>\n<p style=\"text-align: justify;\">Secondo i dati del Ministero della Salute in Italia sono circa tre milioni le persone affette da disturbi del comportamento alimentare, di queste il 96% per cento sono donne, anche se la componente maschile \u00e8 in costante aumento.<\/p>\n<p style=\"text-align: justify;\">E ai disturbi pi\u00f9 conosciuti come anoressia, bulimia e disturbo da alimentazione incontrollata, si aggiungono forme sempre pi\u00f9 diffuse di ortoressia ovvero l\u2019ossessione per l\u2019alimentazione sana, il controllo compulsivo degli ingredienti, la drunkoressia, che consiste nel ridurre la quantit\u00e0 di cibo assunto per poter aumentare l\u2019assunzione di alcol senza aumentare il peso corporeo, e la pregoressia, ossia l\u2019ossessione a non voler aumentare di peso in gravidanza, come se quel bambino che cresce in grembo non abbia alcun diritto di deformare il corpo che lo ospita per nove mesi.<\/p>\n<p style=\"text-align: justify;\">E poi, corpi sempre pi\u00f9 scheletrici vengono provaticos\u00ec da digiuni prolungati o forme ossessive di astensione dal cibo in un crescendo di rischi per l\u2019organismo stesso che vede a rischio la funzionalit\u00e0 di base fino ad arrivare alla morte, che nei casi di anoressia tocca il 5-10% delle persone affette. Anche in questo caso nel nome del benessere e della longevit\u00e0 il fisico viene sfigurato, imbruttito fino ad ammalarsi e a condurre a quella morte che si cerca disperatamente di cancellare dall\u2019orizzonte.<\/p>\n<p style=\"text-align: justify;\"><strong>A colpi di bisturi e tatoo.<\/strong><\/p>\n<p style=\"text-align: justify;\"><a href=\"https:\/\/www.rassegnastampa-totustuus.it\/cattolica\/wp-content\/uploads\/2015\/12\/tatuaggi.jpg\"><img loading=\"lazy\" decoding=\"async\" class=\"alignleft wp-image-28786\" src=\"https:\/\/www.rassegnastampa-totustuus.it\/cattolica\/wp-content\/uploads\/2015\/12\/tatuaggi.jpg\" alt=\"\" width=\"190\" height=\"200\" \/><\/a>L\u2019ossessione per il fisico perfetto rischia di condurre ad un disprezzo dello stesso anche quando si abusa di chirurgia estetica: uno studio pubblicatolo scorso anno dalla <em>Societ\u00e0 italiana di medicina estetica<\/em> non solo conferma una tendenza sotto gli occhi di tutti: quella della crescita del numero delle persone, uomini e donne, che chiedono interventi di chirurgia estetica, ma lancia l\u2019allarme relativo ai ragazzi compresi tra i 13 e i 18 anni di et\u00e0 che sempre pi\u00f9 spesso chiedono di ricorrere al bisturi per modificare il proprio aspetto.<\/p>\n<p style=\"text-align: justify;\">E se gi\u00e0 per un adulto la chirurgia estetica presenta dei rischi, possiamo solo immaginare le conseguenze delle eventuali operazioni su adolescenti i cui corpi sono ancora in formazione e vengono deturpati spesso in modo irreversibile.<\/p>\n<p style=\"text-align: justify;\">Lo stesso accade per i tatuaggi con i quali si deturpa il corpo al punto che uno studio realizzato da <em>Ranaissance Observatory<\/em>, l\u2019osservatorio sulle tendenze legate al mondo della medicina estetica, rivela che il regalo pi\u00f9 richiesto in occasione di San Valentino nel febbraio 2019 \u00e8 appunto\u2026 la rimozione del tatuaggio.<\/p>\n<p style=\"text-align: justify;\">Nel 2017 sono state 7 milioni di persone che hanno scelto di fare un tatuaggio, il 17,2% ha dichiarato di volerlo rimuovere e di questi il 4,3% l\u2019ha gi\u00e0 fatto. I rischi e le controindicazioni legate all\u2019iniezione d\u2019inchiostro e all\u2019introduzione di pigmenti sotto la pelle sono diversi, dalle reazioni allergiche all\u2019epatite, alle infezioni.<\/p>\n<p style=\"text-align: justify;\">Secondo l\u2019indagine il 3,3% dei tatuati ha dichiarato di aver avuto complicanze o reazioni come dolori, granulomi, ispessimento della pelle, reazioni allergiche, infezioni. Quel corpo che si voleva ostinatamente evidenziare e mettere in mostra ha fatto venir fuori la vulnerabilit\u00e0 della sua stessa natura e la nostra caducit\u00e0.<\/p>\n<p style=\"text-align: justify;\"><strong>Cambi di sesso<\/strong><\/p>\n<p style=\"text-align: justify;\"><a href=\"https:\/\/www.rassegnastampa-totustuus.it\/cattolica\/wp-content\/uploads\/2015\/04\/trans.jpg\"><img loading=\"lazy\" decoding=\"async\" class=\"alignright wp-image-23178\" src=\"https:\/\/www.rassegnastampa-totustuus.it\/cattolica\/wp-content\/uploads\/2015\/04\/trans.jpg\" alt=\"\" width=\"250\" height=\"161\" \/><\/a>Ovviamente l\u2019apice di tutto questo non pu\u00f2 che essere l\u2019ideologia <em>gender<\/em> secondo cui ciascuno di noi pu\u00f2 essere uomo o donna indipendentemente dal proprio sesso biologico. Bugia che \u2013 sebbene venga ripetuta continuamente dai media, dalla cultura e dalla politica \u2013 si scontra con la realt\u00e0 dolorosissima di coloro che si sono illusi di poter cambiare sesso con terapie ormonali e chirurgia e oggi si trovano pi\u00f9 sofferenti di prima e negli Stati Uniti il 40% tenta il suicidio dopo l\u2019operazione chirurgica.<\/p>\n<p style=\"text-align: justify;\">Aldil\u00e0 dell\u2019oceano sono numerosissime le persone che hanno raccontato le atroci conseguenze \u2013 sul corpo e sulla psiche \u2013 di una violenza cos\u00ec folle alla nostra natura sessuata che ha conseguenze irreversibili. Un\u2019ideologia che non illude \u201csoltanto\u201d di \u201ccambiare il sesso\u201d (cosa impossibile perch\u00e9 tutte le cellule del nostro corpo sono sessuate e nessuna operazione chirurgica potrebbe incidere su questo), ma anche di poter essere un animale (!) \u2013 come lo scrittore Thomas <a href=\"https:\/\/www.rassegnastampa-totustuus.it\/cattolica\/wp-content\/uploads\/2019\/04\/tatoo_tatuaggi.jpg\"><img loading=\"lazy\" decoding=\"async\" class=\"alignleft wp-image-42880\" src=\"https:\/\/www.rassegnastampa-totustuus.it\/cattolica\/wp-content\/uploads\/2019\/04\/tatoo_tatuaggi.jpg\" alt=\"\" width=\"250\" height=\"177\" \/><\/a>Thwaites, che si \u00e8 fatto costruire delle protesi perch\u00e9 ha deciso di vivere \u00abcome una capra\u00bb, poich\u00e9 cos\u00ec \u00absi sente\u00bb, o come Dennis Avner conosciuto come \u201cl\u2019uomo gatto\u201d, che si \u00e8 sottoposto a decine di operazioni chirurgiche per farsi costruire artigli, ricostruire denti, modificare i tratti del viso per somigliare ad un felino e si \u00e8 ricoperto il corpo di tatuaggi, e a 54 anni \u00e8 stato trovato morto nella sua casa in Nevada.<\/p>\n<p style=\"text-align: justify;\">E poi c\u2019\u00e8 la storia di Jareth Nebula, 33enne di Washington che si \u00e8 sottoposto a decine di operazioni chirurgiche per somigliare il pi\u00f9 possibile ad un alieno perch\u00e9 \u00abnon si sente terrestre\u00bb.<\/p>\n<p style=\"text-align: justify;\">Potremmo allungare questo elenco all\u2019infinito ma tanto basta per dare un quadro del delirio di onnipotenza dell\u2019uomo che ha totalmente perduto il senso del trascendente e non si domanda nemmeno pi\u00f9 se davvero noi con questo corpo risorgeremo.<\/p>\n<p style=\"text-align: justify;\">Come tutto il resto anche i nostri corpi, la nostra stessa carne sono diventati oggetti a disposizione dei nostri istinti e desideri ed essi devono essere piegati anche quando prepotentemente si ribellano mostrandoci che nel tentativo di divinizzarli li stiamo disprezzando e deturpando in maniera irreversibile.<\/p>\n","protected":false},"excerpt":{"rendered":"<p>da Il Timone n.183 &#8211; Aprile 2019 ll corpo come un contenitore usa e getta, a disposizione per qualsiasi utilizza. Oggi c\u2019\u00e8 chi ne fa un idolo e chi lo disprezza, ma nessuno di loro lo rispetta di Raffaella Frullone<\/p><p><a class=\"more-link btn\" href=\"https:\/\/www.rassegnastampa-totustuus.it\/cattolica\/vuoto-a-perdere\/\">Continua a leggere<\/a><\/p>\n","protected":false},"author":6,"featured_media":42877,"comment_status":"closed","ping_status":"closed","sticky":false,"template":"","format":"standard","meta":{"footnotes":""},"categories":[7,63],"tags":[2728,1782,694,416],"class_list":["post-42876","post","type-post","status-publish","format-standard","has-post-thumbnail","hentry","category-costume","category-nuove-religioni-sette","tag-culto-del-corpo","tag-diete","tag-nuove-religioni","tag-paganesimo","item-wrap"],"yoast_head":"<!-- This site is optimized with the Yoast SEO plugin v27.5 - https:\/\/yoast.com\/product\/yoast-seo-wordpress\/ -->\n<title>Vuoto a perdere - Rassegna Stampa Cattolica<\/title>\n<meta name=\"description\" content=\"Rassegna Stampa Cattolica - Per una cultura che nasce dalla Rivelazione cristiana in conformit\u00e0 alla tradizione e al Magistero della Chiesa in opposizione ad ogni relativismo e totalitarismo\" \/>\n<meta name=\"robots\" content=\"index, follow, max-snippet:-1, max-image-preview:large, max-video-preview:-1\" \/>\n<link rel=\"canonical\" href=\"https:\/\/www.rassegnastampa-totustuus.it\/cattolica\/vuoto-a-perdere\/\" \/>\n<meta property=\"og:locale\" content=\"it_IT\" \/>\n<meta property=\"og:type\" content=\"article\" \/>\n<meta property=\"og:title\" content=\"Vuoto a perdere - Rassegna Stampa Cattolica\" \/>\n<meta property=\"og:description\" content=\"Rassegna Stampa Cattolica - Per una cultura che nasce dalla Rivelazione cristiana in conformit\u00e0 alla tradizione e al Magistero della Chiesa in opposizione ad ogni relativismo e totalitarismo\" \/>\n<meta property=\"og:url\" content=\"https:\/\/www.rassegnastampa-totustuus.it\/cattolica\/vuoto-a-perdere\/\" \/>\n<meta property=\"og:site_name\" content=\"Rassegna Stampa Cattolica\" \/>\n<meta property=\"article:publisher\" content=\"https:\/\/www.facebook.com\/rassegnastampacattolica\" \/>\n<meta property=\"article:published_time\" content=\"2019-05-01T22:00:49+00:00\" \/>\n<meta property=\"og:image\" content=\"https:\/\/www.rassegnastampa-totustuus.it\/cattolica\/wp-content\/uploads\/2019\/04\/body_bilder_sport.jpeg\" \/>\n\t<meta property=\"og:image:width\" content=\"1920\" \/>\n\t<meta property=\"og:image:height\" content=\"1080\" \/>\n\t<meta property=\"og:image:type\" content=\"image\/jpeg\" \/>\n<meta name=\"author\" content=\"Redazione\" \/>\n<meta name=\"twitter:card\" content=\"summary_large_image\" \/>\n<meta name=\"twitter:creator\" content=\"@rassegnastampa9\" \/>\n<meta name=\"twitter:site\" content=\"@rassegnastampa9\" \/>\n<meta name=\"twitter:label1\" content=\"Scritto da\" \/>\n\t<meta name=\"twitter:data1\" content=\"Redazione\" \/>\n\t<meta name=\"twitter:label2\" content=\"Tempo di lettura stimato\" \/>\n\t<meta name=\"twitter:data2\" content=\"7 minuti\" \/>\n<script type=\"application\/ld+json\" class=\"yoast-schema-graph\">{\"@context\":\"https:\\\/\\\/schema.org\",\"@graph\":[{\"@type\":\"Article\",\"@id\":\"https:\\\/\\\/www.rassegnastampa-totustuus.it\\\/cattolica\\\/vuoto-a-perdere\\\/#article\",\"isPartOf\":{\"@id\":\"https:\\\/\\\/www.rassegnastampa-totustuus.it\\\/cattolica\\\/vuoto-a-perdere\\\/\"},\"author\":{\"name\":\"Redazione\",\"@id\":\"https:\\\/\\\/www.rassegnastampa-totustuus.it\\\/cattolica\\\/#\\\/schema\\\/person\\\/08f319d2bd1a0904ad9e2bfb7b15e5c3\"},\"headline\":\"Vuoto a perdere\",\"datePublished\":\"2019-05-01T22:00:49+00:00\",\"mainEntityOfPage\":{\"@id\":\"https:\\\/\\\/www.rassegnastampa-totustuus.it\\\/cattolica\\\/vuoto-a-perdere\\\/\"},\"wordCount\":1345,\"publisher\":{\"@id\":\"https:\\\/\\\/www.rassegnastampa-totustuus.it\\\/cattolica\\\/#organization\"},\"image\":{\"@id\":\"https:\\\/\\\/www.rassegnastampa-totustuus.it\\\/cattolica\\\/vuoto-a-perdere\\\/#primaryimage\"},\"thumbnailUrl\":\"https:\\\/\\\/www.rassegnastampa-totustuus.it\\\/cattolica\\\/wp-content\\\/uploads\\\/2019\\\/04\\\/body_bilder_sport.jpeg\",\"keywords\":[\"culto del corpo\",\"diete\",\"nuove religioni\",\"paganesimo\"],\"articleSection\":[\"Costume\",\"Nuove religioni\"],\"inLanguage\":\"it-IT\"},{\"@type\":\"WebPage\",\"@id\":\"https:\\\/\\\/www.rassegnastampa-totustuus.it\\\/cattolica\\\/vuoto-a-perdere\\\/\",\"url\":\"https:\\\/\\\/www.rassegnastampa-totustuus.it\\\/cattolica\\\/vuoto-a-perdere\\\/\",\"name\":\"Vuoto a perdere - Rassegna Stampa Cattolica\",\"isPartOf\":{\"@id\":\"https:\\\/\\\/www.rassegnastampa-totustuus.it\\\/cattolica\\\/#website\"},\"primaryImageOfPage\":{\"@id\":\"https:\\\/\\\/www.rassegnastampa-totustuus.it\\\/cattolica\\\/vuoto-a-perdere\\\/#primaryimage\"},\"image\":{\"@id\":\"https:\\\/\\\/www.rassegnastampa-totustuus.it\\\/cattolica\\\/vuoto-a-perdere\\\/#primaryimage\"},\"thumbnailUrl\":\"https:\\\/\\\/www.rassegnastampa-totustuus.it\\\/cattolica\\\/wp-content\\\/uploads\\\/2019\\\/04\\\/body_bilder_sport.jpeg\",\"datePublished\":\"2019-05-01T22:00:49+00:00\",\"description\":\"Rassegna Stampa Cattolica - Per una cultura che nasce dalla Rivelazione cristiana in conformit\u00e0 alla tradizione e al Magistero della Chiesa in opposizione ad ogni relativismo e totalitarismo\",\"breadcrumb\":{\"@id\":\"https:\\\/\\\/www.rassegnastampa-totustuus.it\\\/cattolica\\\/vuoto-a-perdere\\\/#breadcrumb\"},\"inLanguage\":\"it-IT\",\"potentialAction\":[{\"@type\":\"ReadAction\",\"target\":[\"https:\\\/\\\/www.rassegnastampa-totustuus.it\\\/cattolica\\\/vuoto-a-perdere\\\/\"]}]},{\"@type\":\"ImageObject\",\"inLanguage\":\"it-IT\",\"@id\":\"https:\\\/\\\/www.rassegnastampa-totustuus.it\\\/cattolica\\\/vuoto-a-perdere\\\/#primaryimage\",\"url\":\"https:\\\/\\\/www.rassegnastampa-totustuus.it\\\/cattolica\\\/wp-content\\\/uploads\\\/2019\\\/04\\\/body_bilder_sport.jpeg\",\"contentUrl\":\"https:\\\/\\\/www.rassegnastampa-totustuus.it\\\/cattolica\\\/wp-content\\\/uploads\\\/2019\\\/04\\\/body_bilder_sport.jpeg\",\"width\":1920,\"height\":1080},{\"@type\":\"BreadcrumbList\",\"@id\":\"https:\\\/\\\/www.rassegnastampa-totustuus.it\\\/cattolica\\\/vuoto-a-perdere\\\/#breadcrumb\",\"itemListElement\":[{\"@type\":\"ListItem\",\"position\":1,\"name\":\"Home\",\"item\":\"https:\\\/\\\/www.rassegnastampa-totustuus.it\\\/cattolica\\\/\"},{\"@type\":\"ListItem\",\"position\":2,\"name\":\"Vuoto a perdere\"}]},{\"@type\":\"WebSite\",\"@id\":\"https:\\\/\\\/www.rassegnastampa-totustuus.it\\\/cattolica\\\/#website\",\"url\":\"https:\\\/\\\/www.rassegnastampa-totustuus.it\\\/cattolica\\\/\",\"name\":\"Rassegna Stampa Cattolica\",\"description\":\"Per una cultura che nasce dalla Rivelazione cristiana in conformit\u00e0 alla tradizione e al Magistero della Chiesa in opposizione ad ogni relativismo e totalitarismo\",\"publisher\":{\"@id\":\"https:\\\/\\\/www.rassegnastampa-totustuus.it\\\/cattolica\\\/#organization\"},\"alternateName\":\"Rass. Cattolica\",\"potentialAction\":[{\"@type\":\"SearchAction\",\"target\":{\"@type\":\"EntryPoint\",\"urlTemplate\":\"https:\\\/\\\/www.rassegnastampa-totustuus.it\\\/cattolica\\\/?s={search_term_string}\"},\"query-input\":{\"@type\":\"PropertyValueSpecification\",\"valueRequired\":true,\"valueName\":\"search_term_string\"}}],\"inLanguage\":\"it-IT\"},{\"@type\":\"Organization\",\"@id\":\"https:\\\/\\\/www.rassegnastampa-totustuus.it\\\/cattolica\\\/#organization\",\"name\":\"Rassegna Stampa Cattolica\",\"url\":\"https:\\\/\\\/www.rassegnastampa-totustuus.it\\\/cattolica\\\/\",\"logo\":{\"@type\":\"ImageObject\",\"inLanguage\":\"it-IT\",\"@id\":\"https:\\\/\\\/www.rassegnastampa-totustuus.it\\\/cattolica\\\/#\\\/schema\\\/logo\\\/image\\\/\",\"url\":\"https:\\\/\\\/www.rassegnastampa-totustuus.it\\\/cattolica\\\/wp-content\\\/uploads\\\/2014\\\/04\\\/logo-rassegna1.gif\",\"contentUrl\":\"https:\\\/\\\/www.rassegnastampa-totustuus.it\\\/cattolica\\\/wp-content\\\/uploads\\\/2014\\\/04\\\/logo-rassegna1.gif\",\"width\":600,\"height\":163,\"caption\":\"Rassegna Stampa Cattolica\"},\"image\":{\"@id\":\"https:\\\/\\\/www.rassegnastampa-totustuus.it\\\/cattolica\\\/#\\\/schema\\\/logo\\\/image\\\/\"},\"sameAs\":[\"https:\\\/\\\/www.facebook.com\\\/rassegnastampacattolica\",\"https:\\\/\\\/x.com\\\/rassegnastampa9\"]},{\"@type\":\"Person\",\"@id\":\"https:\\\/\\\/www.rassegnastampa-totustuus.it\\\/cattolica\\\/#\\\/schema\\\/person\\\/08f319d2bd1a0904ad9e2bfb7b15e5c3\",\"name\":\"Redazione\",\"image\":{\"@type\":\"ImageObject\",\"inLanguage\":\"it-IT\",\"@id\":\"https:\\\/\\\/secure.gravatar.com\\\/avatar\\\/2fcdf27c78ea025fbdb44e914cc63c72249ffec9dc8aafd5c82b26240ef3f346?s=96&d=mm&r=g\",\"url\":\"https:\\\/\\\/secure.gravatar.com\\\/avatar\\\/2fcdf27c78ea025fbdb44e914cc63c72249ffec9dc8aafd5c82b26240ef3f346?s=96&d=mm&r=g\",\"contentUrl\":\"https:\\\/\\\/secure.gravatar.com\\\/avatar\\\/2fcdf27c78ea025fbdb44e914cc63c72249ffec9dc8aafd5c82b26240ef3f346?s=96&d=mm&r=g\",\"caption\":\"Redazione\"},\"url\":\"https:\\\/\\\/www.rassegnastampa-totustuus.it\\\/cattolica\\\/author\\\/pietroelle\\\/\"}]}<\/script>\n<!-- \/ Yoast SEO plugin. -->","yoast_head_json":{"title":"Vuoto a perdere - Rassegna Stampa Cattolica","description":"Rassegna Stampa Cattolica - Per una cultura che nasce dalla Rivelazione cristiana in conformit\u00e0 alla tradizione e al Magistero della Chiesa in opposizione ad ogni relativismo e totalitarismo","robots":{"index":"index","follow":"follow","max-snippet":"max-snippet:-1","max-image-preview":"max-image-preview:large","max-video-preview":"max-video-preview:-1"},"canonical":"https:\/\/www.rassegnastampa-totustuus.it\/cattolica\/vuoto-a-perdere\/","og_locale":"it_IT","og_type":"article","og_title":"Vuoto a perdere - Rassegna Stampa Cattolica","og_description":"Rassegna Stampa Cattolica - Per una cultura che nasce dalla Rivelazione cristiana in conformit\u00e0 alla tradizione e al Magistero della Chiesa in opposizione ad ogni relativismo e totalitarismo","og_url":"https:\/\/www.rassegnastampa-totustuus.it\/cattolica\/vuoto-a-perdere\/","og_site_name":"Rassegna Stampa Cattolica","article_publisher":"https:\/\/www.facebook.com\/rassegnastampacattolica","article_published_time":"2019-05-01T22:00:49+00:00","og_image":[{"width":1920,"height":1080,"url":"https:\/\/www.rassegnastampa-totustuus.it\/cattolica\/wp-content\/uploads\/2019\/04\/body_bilder_sport.jpeg","type":"image\/jpeg"}],"author":"Redazione","twitter_card":"summary_large_image","twitter_creator":"@rassegnastampa9","twitter_site":"@rassegnastampa9","twitter_misc":{"Scritto da":"Redazione","Tempo di lettura stimato":"7 minuti"},"schema":{"@context":"https:\/\/schema.org","@graph":[{"@type":"Article","@id":"https:\/\/www.rassegnastampa-totustuus.it\/cattolica\/vuoto-a-perdere\/#article","isPartOf":{"@id":"https:\/\/www.rassegnastampa-totustuus.it\/cattolica\/vuoto-a-perdere\/"},"author":{"name":"Redazione","@id":"https:\/\/www.rassegnastampa-totustuus.it\/cattolica\/#\/schema\/person\/08f319d2bd1a0904ad9e2bfb7b15e5c3"},"headline":"Vuoto a perdere","datePublished":"2019-05-01T22:00:49+00:00","mainEntityOfPage":{"@id":"https:\/\/www.rassegnastampa-totustuus.it\/cattolica\/vuoto-a-perdere\/"},"wordCount":1345,"publisher":{"@id":"https:\/\/www.rassegnastampa-totustuus.it\/cattolica\/#organization"},"image":{"@id":"https:\/\/www.rassegnastampa-totustuus.it\/cattolica\/vuoto-a-perdere\/#primaryimage"},"thumbnailUrl":"https:\/\/www.rassegnastampa-totustuus.it\/cattolica\/wp-content\/uploads\/2019\/04\/body_bilder_sport.jpeg","keywords":["culto del corpo","diete","nuove religioni","paganesimo"],"articleSection":["Costume","Nuove religioni"],"inLanguage":"it-IT"},{"@type":"WebPage","@id":"https:\/\/www.rassegnastampa-totustuus.it\/cattolica\/vuoto-a-perdere\/","url":"https:\/\/www.rassegnastampa-totustuus.it\/cattolica\/vuoto-a-perdere\/","name":"Vuoto a perdere - Rassegna Stampa Cattolica","isPartOf":{"@id":"https:\/\/www.rassegnastampa-totustuus.it\/cattolica\/#website"},"primaryImageOfPage":{"@id":"https:\/\/www.rassegnastampa-totustuus.it\/cattolica\/vuoto-a-perdere\/#primaryimage"},"image":{"@id":"https:\/\/www.rassegnastampa-totustuus.it\/cattolica\/vuoto-a-perdere\/#primaryimage"},"thumbnailUrl":"https:\/\/www.rassegnastampa-totustuus.it\/cattolica\/wp-content\/uploads\/2019\/04\/body_bilder_sport.jpeg","datePublished":"2019-05-01T22:00:49+00:00","description":"Rassegna Stampa Cattolica - Per una cultura che nasce dalla Rivelazione cristiana in conformit\u00e0 alla tradizione e al Magistero della Chiesa in opposizione ad ogni relativismo e totalitarismo","breadcrumb":{"@id":"https:\/\/www.rassegnastampa-totustuus.it\/cattolica\/vuoto-a-perdere\/#breadcrumb"},"inLanguage":"it-IT","potentialAction":[{"@type":"ReadAction","target":["https:\/\/www.rassegnastampa-totustuus.it\/cattolica\/vuoto-a-perdere\/"]}]},{"@type":"ImageObject","inLanguage":"it-IT","@id":"https:\/\/www.rassegnastampa-totustuus.it\/cattolica\/vuoto-a-perdere\/#primaryimage","url":"https:\/\/www.rassegnastampa-totustuus.it\/cattolica\/wp-content\/uploads\/2019\/04\/body_bilder_sport.jpeg","contentUrl":"https:\/\/www.rassegnastampa-totustuus.it\/cattolica\/wp-content\/uploads\/2019\/04\/body_bilder_sport.jpeg","width":1920,"height":1080},{"@type":"BreadcrumbList","@id":"https:\/\/www.rassegnastampa-totustuus.it\/cattolica\/vuoto-a-perdere\/#breadcrumb","itemListElement":[{"@type":"ListItem","position":1,"name":"Home","item":"https:\/\/www.rassegnastampa-totustuus.it\/cattolica\/"},{"@type":"ListItem","position":2,"name":"Vuoto a perdere"}]},{"@type":"WebSite","@id":"https:\/\/www.rassegnastampa-totustuus.it\/cattolica\/#website","url":"https:\/\/www.rassegnastampa-totustuus.it\/cattolica\/","name":"Rassegna Stampa Cattolica","description":"Per una cultura che nasce dalla Rivelazione cristiana in conformit\u00e0 alla tradizione e al Magistero della Chiesa in opposizione ad ogni relativismo e totalitarismo","publisher":{"@id":"https:\/\/www.rassegnastampa-totustuus.it\/cattolica\/#organization"},"alternateName":"Rass. Cattolica","potentialAction":[{"@type":"SearchAction","target":{"@type":"EntryPoint","urlTemplate":"https:\/\/www.rassegnastampa-totustuus.it\/cattolica\/?s={search_term_string}"},"query-input":{"@type":"PropertyValueSpecification","valueRequired":true,"valueName":"search_term_string"}}],"inLanguage":"it-IT"},{"@type":"Organization","@id":"https:\/\/www.rassegnastampa-totustuus.it\/cattolica\/#organization","name":"Rassegna Stampa Cattolica","url":"https:\/\/www.rassegnastampa-totustuus.it\/cattolica\/","logo":{"@type":"ImageObject","inLanguage":"it-IT","@id":"https:\/\/www.rassegnastampa-totustuus.it\/cattolica\/#\/schema\/logo\/image\/","url":"https:\/\/www.rassegnastampa-totustuus.it\/cattolica\/wp-content\/uploads\/2014\/04\/logo-rassegna1.gif","contentUrl":"https:\/\/www.rassegnastampa-totustuus.it\/cattolica\/wp-content\/uploads\/2014\/04\/logo-rassegna1.gif","width":600,"height":163,"caption":"Rassegna Stampa Cattolica"},"image":{"@id":"https:\/\/www.rassegnastampa-totustuus.it\/cattolica\/#\/schema\/logo\/image\/"},"sameAs":["https:\/\/www.facebook.com\/rassegnastampacattolica","https:\/\/x.com\/rassegnastampa9"]},{"@type":"Person","@id":"https:\/\/www.rassegnastampa-totustuus.it\/cattolica\/#\/schema\/person\/08f319d2bd1a0904ad9e2bfb7b15e5c3","name":"Redazione","image":{"@type":"ImageObject","inLanguage":"it-IT","@id":"https:\/\/secure.gravatar.com\/avatar\/2fcdf27c78ea025fbdb44e914cc63c72249ffec9dc8aafd5c82b26240ef3f346?s=96&d=mm&r=g","url":"https:\/\/secure.gravatar.com\/avatar\/2fcdf27c78ea025fbdb44e914cc63c72249ffec9dc8aafd5c82b26240ef3f346?s=96&d=mm&r=g","contentUrl":"https:\/\/secure.gravatar.com\/avatar\/2fcdf27c78ea025fbdb44e914cc63c72249ffec9dc8aafd5c82b26240ef3f346?s=96&d=mm&r=g","caption":"Redazione"},"url":"https:\/\/www.rassegnastampa-totustuus.it\/cattolica\/author\/pietroelle\/"}]}},"_links":{"self":[{"href":"https:\/\/www.rassegnastampa-totustuus.it\/cattolica\/wp-json\/wp\/v2\/posts\/42876","targetHints":{"allow":["GET"]}}],"collection":[{"href":"https:\/\/www.rassegnastampa-totustuus.it\/cattolica\/wp-json\/wp\/v2\/posts"}],"about":[{"href":"https:\/\/www.rassegnastampa-totustuus.it\/cattolica\/wp-json\/wp\/v2\/types\/post"}],"author":[{"embeddable":true,"href":"https:\/\/www.rassegnastampa-totustuus.it\/cattolica\/wp-json\/wp\/v2\/users\/6"}],"replies":[{"embeddable":true,"href":"https:\/\/www.rassegnastampa-totustuus.it\/cattolica\/wp-json\/wp\/v2\/comments?post=42876"}],"version-history":[{"count":1,"href":"https:\/\/www.rassegnastampa-totustuus.it\/cattolica\/wp-json\/wp\/v2\/posts\/42876\/revisions"}],"predecessor-version":[{"id":42881,"href":"https:\/\/www.rassegnastampa-totustuus.it\/cattolica\/wp-json\/wp\/v2\/posts\/42876\/revisions\/42881"}],"wp:featuredmedia":[{"embeddable":true,"href":"https:\/\/www.rassegnastampa-totustuus.it\/cattolica\/wp-json\/wp\/v2\/media\/42877"}],"wp:attachment":[{"href":"https:\/\/www.rassegnastampa-totustuus.it\/cattolica\/wp-json\/wp\/v2\/media?parent=42876"}],"wp:term":[{"taxonomy":"category","embeddable":true,"href":"https:\/\/www.rassegnastampa-totustuus.it\/cattolica\/wp-json\/wp\/v2\/categories?post=42876"},{"taxonomy":"post_tag","embeddable":true,"href":"https:\/\/www.rassegnastampa-totustuus.it\/cattolica\/wp-json\/wp\/v2\/tags?post=42876"}],"curies":[{"name":"wp","href":"https:\/\/api.w.org\/{rel}","templated":true}]}}