{"id":42846,"date":"2017-04-23T00:00:11","date_gmt":"2017-04-22T22:00:11","guid":{"rendered":"http:\/\/www.rassegnastampa-totustuus.it\/cattolica\/?p=42846"},"modified":"2019-04-23T12:21:01","modified_gmt":"2019-04-23T10:21:01","slug":"lantifascismo-spazzatura-1","status":"publish","type":"post","link":"https:\/\/www.rassegnastampa-totustuus.it\/cattolica\/lantifascismo-spazzatura-1\/","title":{"rendered":"L\u2019antifascismo spazzatura (1)"},"content":{"rendered":"<p style=\"text-align: center;\"><a href=\"https:\/\/www.rassegnastampa-totustuus.it\/cattolica\/wp-content\/uploads\/2019\/04\/Resistenza_antifascismo.jpg\"><img loading=\"lazy\" decoding=\"async\" class=\"alignleft wp-image-42847\" src=\"https:\/\/www.rassegnastampa-totustuus.it\/cattolica\/wp-content\/uploads\/2019\/04\/Resistenza_antifascismo-300x185.jpg\" alt=\"\" width=\"250\" height=\"154\" srcset=\"https:\/\/www.rassegnastampa-totustuus.it\/cattolica\/wp-content\/uploads\/2019\/04\/Resistenza_antifascismo-300x185.jpg 300w, https:\/\/www.rassegnastampa-totustuus.it\/cattolica\/wp-content\/uploads\/2019\/04\/Resistenza_antifascismo-768x473.jpg 768w, https:\/\/www.rassegnastampa-totustuus.it\/cattolica\/wp-content\/uploads\/2019\/04\/Resistenza_antifascismo-1024x631.jpg 1024w, https:\/\/www.rassegnastampa-totustuus.it\/cattolica\/wp-content\/uploads\/2019\/04\/Resistenza_antifascismo.jpg 2039w\" sizes=\"auto, (max-width: 250px) 100vw, 250px\" \/><\/a>da <strong>Il Sabato<\/strong> n.43<\/p>\n<p style=\"text-align: center;\">28 Ottobre 1989<\/p>\n<p style=\"text-align: justify;\"><em>A quasi mezzo secolo dalla caduta del regime, il ventennio resta un tab\u00f9. Chi ha ancora paura che si faccia piena luce su quel capitolo di storia?<\/em><\/p>\n<p style=\"text-align: center;\">___________________<\/p>\n<p style=\"text-align: center;\"><strong>Fasci d\u2019insulti <\/strong><\/p>\n<p style=\"text-align: center;\">di <strong>Antonio Socci<\/strong><\/p>\n<p style=\"text-align: justify;\">Un passato da anarchico, origini popolari e oggi socialista di ferro. Giampaolo Sodano, direttore di Raidue, non avrebbe mai pensato di diventare un giorno, nel volgere di due minuti, un mostro fascista. E\u2019 capitato invece.<\/p>\n<p style=\"text-align: justify;\">Il 10 ottobre, nella conferenza stampa di presentazione del palinsesto di Raidue, parlando del film <em>Il gioco perverso<\/em>, ambientato negli anni Trenta, Sodano, conversando con i giornalisti, dice fra l\u2019altro: \u00abIo non ero nato, ma i miei genitori, che ritengo non siano due pazzi, mi hanno parlato del periodo \u201935 -\u201940 come di un periodo felice.<\/p>\n<div id=\"attachment_42848\" style=\"width: 183px\" class=\"wp-caption alignright\"><a href=\"https:\/\/www.rassegnastampa-totustuus.it\/cattolica\/wp-content\/uploads\/2019\/04\/Giampaolo-Sodano.jpg\"><img loading=\"lazy\" decoding=\"async\" aria-describedby=\"caption-attachment-42848\" class=\"wp-image-42848\" src=\"https:\/\/www.rassegnastampa-totustuus.it\/cattolica\/wp-content\/uploads\/2019\/04\/Giampaolo-Sodano.jpg\" alt=\"\" width=\"183\" height=\"200\" \/><\/a><p id=\"caption-attachment-42848\" class=\"wp-caption-text\">Giampaolo Sodano<\/p><\/div>\n<p style=\"text-align: justify;\">C\u2019era il dopolavoro, il primo benessere reale, si faceva molto cinema. Non era un\u2019epoca felice per lo Stato, per il regime, per le istituzioni e le idee, ma per alcuni uomini e donne si\u00bb. Insomma, quasi un\u2019ovviet\u00e0. Considerazioni che si trovano perfino nei libri di Amendola e nelle <em>Lezioni sul fascismo<\/em> di Togliatti.<\/p>\n<p style=\"text-align: justify;\">Anche Renato Guttuso dichiarava nel marzo \u201976 all\u2019<em>Europeo<\/em>: \u00abla cosa strana \u00e8, poi, che le cose migliori che abbiamo prodotto, le cose veramente nostre, le abbiamo fatte sotto il fascismo. Perch\u00e9 sia Vittorini con <em>Conversazioni in Sicilia<\/em>, sia Luchino Visconti con <em>Ossessione<\/em>, sia, se permettete, io con la <em>Crocefissione<\/em>, abbiamo dato il meglio di noi sotto il fascismo\u00bb.<\/p>\n<p style=\"text-align: justify;\">Ma per quelle parole di Sodano scoppia uno scandalo. Il pi\u00f9 imbarazzato \u00e8 Italo Moscati, lo sceneggiatore del film in questione <em>Il gioco perverso<\/em>. Moscati ha lavorato con la Cavani, con Montaldo, con Squitieri. C\u2019\u00e8 la sua firma sotto <em>Il portiere di notte, I cannibali, Al di l\u00e0 del bene e del male. <\/em>Lui stesso, che si dice \u00abdi sinistra\u00bb, \u00e8 vicino al Pci.<\/p>\n<p style=\"text-align: justify;\"><a href=\"https:\/\/www.rassegnastampa-totustuus.it\/cattolica\/wp-content\/uploads\/2004\/11\/Mussolini.jpg\"><img loading=\"lazy\" decoding=\"async\" class=\"alignleft wp-image-32359\" src=\"https:\/\/www.rassegnastampa-totustuus.it\/cattolica\/wp-content\/uploads\/2004\/11\/Mussolini.jpg\" alt=\"\" width=\"217\" height=\"200\" \/><\/a>E\u2019 sconcertato da tanto can can: \u00abDopo mezzo secolo ormai quelli che non erano ancora nati sono la maggioranza e vogliono capire. Basta con gli schematismi e la propaganda politica. Mi pare abbiamo il diritto di capire com\u2019\u00e8 stato il fascismo, come si viveva; perch\u00e9 intellettuali di prim\u2019ordine, la quasi totalit\u00e0, aderirono al fascismo, che tipo di attrattiva ebbe su di loro. Penso ad artisti come Ungaretti, Pirandello, Soffici, Govoni. Intellettuali e opere a cui la sinistra dedica studi\u00bb.<\/p>\n<p style=\"text-align: justify;\">Eppure negli stessi giorni si accendevano le micce per un\u2019altra sceneggiata. Protagonista stavolta Nicola Tranfaglia, docente di Storia contemporanea a Torino, editorialista de <em>l\u2019Unit\u00e0<\/em> e collaboratore alla <em>Repubblica<\/em>. In una intervista a <em>Panorama<\/em> Tranfaglia ha messo alla gogna Renzo De Felice, qualificandolo fascista per un libro che, fra l\u2019altro, deve ancora uscire e nessuno ha letto.<\/p>\n<p style=\"text-align: justify;\">Lo scandalo De Felice ha quasi trent\u2019anni. Nel \u201961, quando pubblic\u00f2 la <em>Storia degli ebrei italiani sotto il fascismo<\/em>, scaten\u00f2 un putiferio per aver rivelato i trascorsi antisemiti di qualche santone del pensiero liberal. Clamoroso il caso di Leopoldo Piccardi, leader del Partito radicale (fondato tra l\u2019altro da Scalfari), che \u2013 fu rivelato \u2013 ebbe a che fare con la politica antisemita del regime.<\/p>\n<div id=\"attachment_34158\" style=\"width: 133px\" class=\"wp-caption alignleft\"><a href=\"https:\/\/www.rassegnastampa-totustuus.it\/cattolica\/wp-content\/uploads\/2016\/06\/De-Felice.jpg\"><img loading=\"lazy\" decoding=\"async\" aria-describedby=\"caption-attachment-34158\" class=\"wp-image-34158\" src=\"https:\/\/www.rassegnastampa-totustuus.it\/cattolica\/wp-content\/uploads\/2016\/06\/De-Felice.jpg\" alt=\"\" width=\"133\" height=\"200\" \/><\/a><p id=\"caption-attachment-34158\" class=\"wp-caption-text\">Renzo De Felice<\/p><\/div>\n<p style=\"text-align: justify;\">Poi cominci\u00f2 la pubblicazione di una monumentale biografia di Mussolini che fin dall\u2019inizio polverizz\u00f2 la storia ufficiale della retorica antifascista. I comunisti gliel\u2019hanno giurata perch\u00e9 \u00e8 un \u00abrinnegato\u00bb uscito dal Pci al tempo dell\u2019Ungheria. E anche perch\u00e9, si dice, i primi fondi del Cnr per la sua grande ricerca storica, avrebbero avuto anche l\u2019avallo del Pci. Evidentemente si aspettavano un po\u2019 di riconoscenza.<\/p>\n<p style=\"text-align: justify;\">Ora, fra pochi mesi, arriver\u00e0 in libreria il sesto volume della biografia\u00a0 del duce, che copre il periodo giugno 1940 \u2013 25 luglio 1943, <em>L\u2019Alleato<\/em>. Forse per parare il colpo Tranfaglia ha accusato De felice di voler distruggere l\u2019antifascismo, di avere stretto rapporti di \u00abprofonda amicizia\u00bb con vecchi gerarchi come Grandi e perfino di un uso scorretto dei documenti. Insomma, un concentrato di odio ideologico e invidia accademica.<\/p>\n<p style=\"text-align: justify;\">Piero Melograni, studioso di Storia contemporanea fra i pi\u00f9 autorevoli, segnala la differenza con l\u2019analogo linciaggio a cui De Felice fu sottoposto quindici anni fa: \u00abAllora c\u2019era Amendola (che ne prese le difese). Oggi \u00e8 peggio, sono attacchi sbagliati, suggeriti da preconcetti politici. Forse i comunisti sentono che sta crollando tutto e allora si attaccano almeno alla mitologia. Forse \u00e8 la paura di fare i conti con la realt\u00e0\u00bb.<\/p>\n<p style=\"text-align: justify;\"><a href=\"https:\/\/www.rassegnastampa-totustuus.it\/cattolica\/wp-content\/uploads\/2012\/11\/mussolini.jpg\"><img loading=\"lazy\" decoding=\"async\" class=\"alignright wp-image-24436\" src=\"https:\/\/www.rassegnastampa-totustuus.it\/cattolica\/wp-content\/uploads\/2012\/11\/mussolini.jpg\" alt=\"\" width=\"250\" height=\"194\" \/><\/a>Proprio questo \u00e8 il punto. La storia ufficiale del Ventennio e della guerra \u00e8 piena di pesanti episodi oscuri. Quali potrebbero essere gli scheletri nell\u2019armadio del Pci? De Felice nell\u2019intervista a <em>La Stampa<\/em> del 5 settembre (che ha scatenato la nuova guerra) anticipa il capitolo pi\u00f9 clamoroso del suo prossimo volume: ci sono documenti che provano che nel \u201943 Stalin e Hitler furono ad un soffio dal concludere una nuova alleanza (come quella del \u201839) e che nel \u201942 lo stesso Mussolini \u00abcominci\u00f2 a sperare e adoperarsi per un nuovo accordo fra Hitler e Stalin\u00bb.<\/p>\n<p style=\"text-align: justify;\">L\u2019enigma pi\u00f9 oscuro \u00e8 probabilmente l\u2019uccisione di Mussolini. Per quarant\u2019anni \u00e8 stata accettata una versione ufficiale, che faceva acqua da tutte le parti. Poi la verit\u00e0 \u00e8 cominciata a venire a galla col libro di Bandini <em>Vita e morte segreta di Mussolini<\/em>. Il nome che ha cominciato a emergere \u00e8 quello del leader comunista Luigi Longo.<\/p>\n<p style=\"text-align: justify;\">Un\u2019accurata opera di depistaggi e disinformazia allestita dal Pci ha bloccato le ricerche. Senonch\u00e9 attorno all\u2019episodio storico si sono verificate una quantit\u00e0 di \u00abmorti sospette\u00bb, perlopi\u00f9 di partigiani testimoni dei fatti di Giulino di Mezzegra, quasi sempre uccisi da altri partigiani comunisti.<\/p>\n<div id=\"attachment_42849\" style=\"width: 268px\" class=\"wp-caption alignleft\"><a href=\"https:\/\/www.rassegnastampa-totustuus.it\/cattolica\/wp-content\/uploads\/2019\/04\/Giulino_Mezzegra_Mussolini.jpg\"><img loading=\"lazy\" decoding=\"async\" aria-describedby=\"caption-attachment-42849\" class=\"wp-image-42849 size-full\" src=\"https:\/\/www.rassegnastampa-totustuus.it\/cattolica\/wp-content\/uploads\/2019\/04\/Giulino_Mezzegra_Mussolini.jpg\" alt=\"\" width=\"268\" height=\"188\" \/><\/a><p id=\"caption-attachment-42849\" class=\"wp-caption-text\">Giulino di Mezzegra. Luogo di esecuzione del Duce<\/p><\/div>\n<p style=\"text-align: justify;\">C\u2019\u00e8 un episodio chiave nella storia del fascismo, l\u2019uccisione del deputato socialista Giacomo Matteotti nel 1924, che determina il naufragio del progetto di Mussolini\u00a0 di allearsi con i vecchi compagni socialisti e la svolta totalitaria. Mussolini, che poi si assunse tutte le responsabilit\u00e0 politiche del fatto, denunci\u00f2 subito il delitto come concepito da \u00abuna mente diabolica\u00bb contro di lui.<\/p>\n<p style=\"text-align: justify;\">Sia Croce, che Turati, che Nenni non cedettero ad un ordine impartito dal duce, ma la versione ufficiale per sessant\u2019anni, rest\u00f2 quella. Una versione di comodo.Poi dal 1986 una serie\u00a0 di ricerche clamorose di Franco Scalzo pubblica Matteotti, l\u2019altra verit\u00e0, un\u2019accuratissima ricerca\u00a0 d\u2019archivio che documenta l\u2019esistenza di un movente affaristico dell\u2019omicidio, dove a tirare le fila si trovano\u00a0 la corrente massonica del Pnf, petrolieri, faccendieri e servizi segreti stranieri.<\/p>\n<div id=\"attachment_41158\" style=\"width: 143px\" class=\"wp-caption alignright\"><a href=\"https:\/\/www.rassegnastampa-totustuus.it\/cattolica\/wp-content\/uploads\/2018\/09\/Giacomo_Matteotti.jpg\"><img loading=\"lazy\" decoding=\"async\" aria-describedby=\"caption-attachment-41158\" class=\"wp-image-41158\" src=\"https:\/\/www.rassegnastampa-totustuus.it\/cattolica\/wp-content\/uploads\/2018\/09\/Giacomo_Matteotti.jpg\" alt=\"\" width=\"143\" height=\"200\" \/><\/a><p id=\"caption-attachment-41158\" class=\"wp-caption-text\">Giacomo Matteotti<\/p><\/div>\n<p style=\"text-align: justify;\">Quindi il libro del figlio, Matteo Matteotti, <em>Quei vent\u2019anni<\/em>, con una famosa intervista che chiam\u00f2 in causa perfino ambienti della monarchia. Infine, nuovi documenti sulla pista affaristica scoperti da Francesco Colucci.<\/p>\n<p style=\"text-align: justify;\">La nuova pista\u00a0 viene autorevolmente approvata da De Felice, anche con la pubblicazione di nuovi documenti.Ma in due occasioni lancia allusioni a personaggi che sarebbero in possesso di documenti risolutivi, ma hanno \u00abil timore di essere coinvolti\u00bb.<\/p>\n<p style=\"text-align: justify;\">Nel giugno dello scorso anno, in una conversazione con altri storici, peraltro riportata dall\u2019<em>Avanti!, <\/em>De Felice racconta di aver scoperto qualcosa di \u00abmolto pi\u00f9 grosso\u00bb, di aver avuto documenti scottanti \u00abdalla figlia di un personaggio del tempo\u00bb, che portano dentro \u00abben altre persone\u00bb. Ma anche di non poterli usare per il timore della donna che \u00abvuole morire tranquilla\u00bb. Di cosa potrebbe trattarsi?<\/p>\n<p style=\"text-align: justify;\">Nel documentatissimo libro di Scalzo emerge, ad esempio, anche uno sconcertante coinvolgimento sovietico nel delitto attraverso l\u2019ambasciata a Roma e il misterioso agente segreto Otto Tierschwakld. Il Partito comunista era il pi\u00f9 tenace oppositore del patto d\u2019alleanza fra\u00a0 Pnf e socialisti.<\/p>\n<p style=\"text-align: justify;\"><a href=\"https:\/\/www.rassegnastampa-totustuus.it\/cattolica\/wp-content\/uploads\/2005\/06\/marcia_Roma.jpg\"><img loading=\"lazy\" decoding=\"async\" class=\"alignleft wp-image-30221\" src=\"https:\/\/www.rassegnastampa-totustuus.it\/cattolica\/wp-content\/uploads\/2005\/06\/marcia_Roma.jpg\" alt=\"\" width=\"250\" height=\"187\" \/><\/a>E\u2019 curioso ricordare peraltro che solo il Pci non partecip\u00f2 alla rivolta dell\u2019Aventino e che nei giorni di maggiore isolamento del duce per il delitto, nel luglio \u201924, l\u2019ambasciatore sovietico a Roma, Jurenev, offr\u00ec un clamoroso pranzo all\u2019Ambasciata a Mussolini.C\u2018\u00e8, al proposito, una storia emblematica.<\/p>\n<p style=\"text-align: justify;\">Un italiano, il comunista Nicola Bombacci, si trovava a Pietroburgo, nello studio di Lenin durante l\u2019assedio dei \u00abbianchi\u00bb e prepara la fuga di Lenin. Tornato in Italia \u00e8 lui che impone al Partito socialista il nuovo simbolo del Soviet, falce e martello. Nel 1921 \u00e8 uno dei fondatori del Partito comunista.<\/p>\n<p style=\"text-align: justify;\">Poi, inspiegabilmente, passa con Mussolini, diventa uno degli stretti collaboratori. Lo segue a Sal\u00f2 e non lo abbandona neanche a Dongo, dove finir\u00e0 anch\u2019egli fucilato.Pochi mesi prima, con il varo della Repubblica sociale, scrive a Mussolini: \u00abDuce, finalmente adesso possiamo costruire i Soviet\u00bb. Un pazzo? Ma non era stato Lenin a definire Mussolini \u00abl\u2019unico che pu\u00f2 fare la rivoluzione in Italia\u00bb<\/p>\n<p style=\"text-align: center;\">____________________<\/p>\n<p style=\"text-align: center;\">CASO DE FELICE<\/p>\n<p style=\"text-align: center;\"><strong>Anche Togliatti gli darebbe ragione<\/strong><\/p>\n<p><a href=\"https:\/\/www.rassegnastampa-totustuus.it\/cattolica\/wp-content\/uploads\/2005\/09\/Renzo-De-Felice.jpg\"><img loading=\"lazy\" decoding=\"async\" class=\"aligncenter wp-image-33761\" src=\"https:\/\/www.rassegnastampa-totustuus.it\/cattolica\/wp-content\/uploads\/2005\/09\/Renzo-De-Felice.jpg\" alt=\"\" width=\"240\" height=\"170\" \/><\/a><\/p>\n<p style=\"text-align: center;\">di <strong>Salvatore Sechi<\/strong><\/p>\n<p style=\"text-align: justify;\">Gli studi di Storia contemporanea in Italia soffrono del deficit di un preciso statuto scientifico. Sono i dolori del parto, cio\u00e8 della sua giovane costituzione. L\u2019endemica rissosit\u00e0 nasce dalle divisioni politiche sottese agli stessi temi della ricerca (socialismo, fascismo, comunismo, violenza polivalente eccetera).<\/p>\n<p style=\"text-align: justify;\">Il pericolo denunciato da Ernesto Galli della Loggia sul <em>Mulino<\/em> \u00e8 di scadere nella morta gora di una storiografia dell\u2019irrilevanza.Nelle mani degli storici antifascisti il fascismo \u00e8 diventato il terreno su cui perpetuare, con altri mezzi, la guerra civile degli anni Venti-Quaranta.<\/p>\n<p style=\"text-align: justify;\">Ha cos\u00ec prevalso la volont\u00e0 del Pci di usare l\u2019apporto dato alla lotta antifascista e alla Costituzione come principale strumento di legittimazione democratica. Renzo De Felice, reduce di un\u2019esperienza nelle file del Pci finita nel 1956 di fronte al massacro del popolo ungherese, col primo tomo della biografia su Mussolini ha provato invece a rileggere la storia del fascismo.<\/p>\n<p style=\"text-align: justify;\">Dal punto di vista dei documenti e non degli accusatori. Ne \u00e8 emerso un quadro poco in sintonia con le patrie memorie.Il \u00abmovimento\u00bb e il \u00abregime\u00bb non furono solo una reazione di classe, agraria e industriale, n\u00e9 un fenomeno esclusivamente anti-democratico, di rivolta extraparlamentare.<\/p>\n<p style=\"text-align: justify;\">Parlare (come fa la <em>Storia d\u2019Italia<\/em> edita dalla Nuova Italia a cura di Nicola Tranfaglia) di una <em>rivoluzione preventiva dall\u2019alto<\/em> della borghesia, unificata dalle camicie nere, per la prima volta nella sua storia, nella forma di un partito unico (il Pnf) significa soverchiare lo svolgimento dei fatti con un paradigma ideologico.<\/p>\n<p style=\"text-align: justify;\">Che il regime mussoliniano abbia saputo combinare il ricorso degli strumenti di prevenzione e di repressione (propri di uno stato totalitario) e quelli del consenso, non estorto forzosamente,\u00a0 fu del resto proprio Togliatti a documentarlo nelle mirabili (mirabili per un funzionario del Comintern) <em>Lezioni sul fascismo<\/em>, tenute a Mosca a met\u00e0 degli anni Trenta.Le tesi di De Felice possono essere contenute (lo hanno fatto Valiani, Vivarelli, Santomassimo, eccetera).<\/p>\n<p style=\"text-align: justify;\">Ma se per contestare De Felice si ricorre al metodo ripugnante della diffamazione, come ha fatto di recente <em>Panorama<\/em>, bisogna dire che ci troviamo in presenza di teppismo storiografico. E il classico mostro che segue ai sonni della ragione. (<em>continua<\/em>)<\/p>\n<p>_________________<\/p>\n<p><strong>Continua con:<\/strong><\/p>\n<p><a href=\"https:\/\/www.rassegnastampa-totustuus.it\/cattolica\/?p=42852\" data-wplink-edit=\"true\">Bandini: che falsi<\/a><\/p>\n<p><a href=\"https:\/\/www.rassegnastampa-totustuus.it\/cattolica\/?p=42856\">Trombadori: quel \u201843<\/a><\/p>\n\n\n<p><\/p>\n","protected":false},"excerpt":{"rendered":"<p>da Il Sabato n.43 28 Ottobre 1989 A quasi mezzo secolo dalla caduta del regime, il ventennio resta un tab\u00f9. Chi ha ancora paura che si faccia piena luce su quel capitolo di storia? ___________________ Fasci d\u2019insulti di Antonio Socci Un passato da anarchico, origini popolari e oggi socialista di ferro. Giampaolo Sodano, direttore di &hellip; <\/p>\n<p><a class=\"more-link btn\" href=\"https:\/\/www.rassegnastampa-totustuus.it\/cattolica\/lantifascismo-spazzatura-1\/\">Continua a leggere<\/a><\/p>\n","protected":false},"author":6,"featured_media":42847,"comment_status":"closed","ping_status":"closed","sticky":false,"template":"","format":"standard","meta":{"footnotes":""},"categories":[97,24,96],"tags":[612,185,162,404],"class_list":["post-42846","post","type-post","status-publish","format-standard","has-post-thumbnail","hentry","category-fascismo","category-storia","category-storia-italiana","tag-antifascismo","tag-fascismo-2","tag-storia-2","tag-storia-italiana-2","item-wrap"],"yoast_head":"<!-- This site is optimized with the Yoast SEO plugin v27.4 - https:\/\/yoast.com\/product\/yoast-seo-wordpress\/ -->\n<title>L\u2019antifascismo spazzatura (1) - Rassegna Stampa Cattolica<\/title>\n<meta name=\"description\" content=\"Rassegna Stampa Cattolica - Per una cultura che nasce dalla Rivelazione cristiana in conformit\u00e0 alla tradizione e al Magistero della Chiesa in opposizione ad ogni relativismo e totalitarismo\" \/>\n<meta name=\"robots\" content=\"index, follow, max-snippet:-1, max-image-preview:large, max-video-preview:-1\" \/>\n<link rel=\"canonical\" href=\"https:\/\/www.rassegnastampa-totustuus.it\/cattolica\/lantifascismo-spazzatura-1\/\" \/>\n<meta property=\"og:locale\" content=\"it_IT\" \/>\n<meta property=\"og:type\" content=\"article\" \/>\n<meta property=\"og:title\" content=\"L\u2019antifascismo spazzatura (1) - Rassegna Stampa Cattolica\" \/>\n<meta property=\"og:description\" content=\"Rassegna Stampa Cattolica - Per una cultura che nasce dalla Rivelazione cristiana in conformit\u00e0 alla tradizione e al Magistero della Chiesa in opposizione ad ogni relativismo e totalitarismo\" \/>\n<meta property=\"og:url\" content=\"https:\/\/www.rassegnastampa-totustuus.it\/cattolica\/lantifascismo-spazzatura-1\/\" \/>\n<meta property=\"og:site_name\" content=\"Rassegna Stampa Cattolica\" \/>\n<meta property=\"article:publisher\" content=\"https:\/\/www.facebook.com\/rassegnastampacattolica\" \/>\n<meta property=\"article:published_time\" content=\"2017-04-22T22:00:11+00:00\" \/>\n<meta property=\"article:modified_time\" content=\"2019-04-23T10:21:01+00:00\" \/>\n<meta property=\"og:image\" content=\"https:\/\/www.rassegnastampa-totustuus.it\/cattolica\/wp-content\/uploads\/2019\/04\/Resistenza_antifascismo.jpg\" \/>\n\t<meta property=\"og:image:width\" content=\"2039\" \/>\n\t<meta property=\"og:image:height\" content=\"1257\" \/>\n\t<meta property=\"og:image:type\" content=\"image\/jpeg\" \/>\n<meta name=\"author\" content=\"Redazione\" \/>\n<meta name=\"twitter:card\" content=\"summary_large_image\" \/>\n<meta name=\"twitter:creator\" content=\"@rassegnastampa9\" \/>\n<meta name=\"twitter:site\" content=\"@rassegnastampa9\" \/>\n<meta name=\"twitter:label1\" content=\"Scritto da\" \/>\n\t<meta name=\"twitter:data1\" content=\"Redazione\" \/>\n\t<meta name=\"twitter:label2\" content=\"Tempo di lettura stimato\" \/>\n\t<meta name=\"twitter:data2\" content=\"9 minuti\" \/>\n<script type=\"application\/ld+json\" class=\"yoast-schema-graph\">{\"@context\":\"https:\\\/\\\/schema.org\",\"@graph\":[{\"@type\":\"Article\",\"@id\":\"https:\\\/\\\/www.rassegnastampa-totustuus.it\\\/cattolica\\\/lantifascismo-spazzatura-1\\\/#article\",\"isPartOf\":{\"@id\":\"https:\\\/\\\/www.rassegnastampa-totustuus.it\\\/cattolica\\\/lantifascismo-spazzatura-1\\\/\"},\"author\":{\"name\":\"Redazione\",\"@id\":\"https:\\\/\\\/www.rassegnastampa-totustuus.it\\\/cattolica\\\/#\\\/schema\\\/person\\\/08f319d2bd1a0904ad9e2bfb7b15e5c3\"},\"headline\":\"L\u2019antifascismo spazzatura (1)\",\"datePublished\":\"2017-04-22T22:00:11+00:00\",\"dateModified\":\"2019-04-23T10:21:01+00:00\",\"mainEntityOfPage\":{\"@id\":\"https:\\\/\\\/www.rassegnastampa-totustuus.it\\\/cattolica\\\/lantifascismo-spazzatura-1\\\/\"},\"wordCount\":1783,\"publisher\":{\"@id\":\"https:\\\/\\\/www.rassegnastampa-totustuus.it\\\/cattolica\\\/#organization\"},\"image\":{\"@id\":\"https:\\\/\\\/www.rassegnastampa-totustuus.it\\\/cattolica\\\/lantifascismo-spazzatura-1\\\/#primaryimage\"},\"thumbnailUrl\":\"https:\\\/\\\/www.rassegnastampa-totustuus.it\\\/cattolica\\\/wp-content\\\/uploads\\\/2019\\\/04\\\/Resistenza_antifascismo.jpg\",\"keywords\":[\"antifascismo\",\"fascismo\",\"storia\",\"storia italiana\"],\"articleSection\":[\"Fascismo\",\"Storia\",\"Storia italiana\"],\"inLanguage\":\"it-IT\"},{\"@type\":\"WebPage\",\"@id\":\"https:\\\/\\\/www.rassegnastampa-totustuus.it\\\/cattolica\\\/lantifascismo-spazzatura-1\\\/\",\"url\":\"https:\\\/\\\/www.rassegnastampa-totustuus.it\\\/cattolica\\\/lantifascismo-spazzatura-1\\\/\",\"name\":\"L\u2019antifascismo spazzatura (1) - Rassegna Stampa Cattolica\",\"isPartOf\":{\"@id\":\"https:\\\/\\\/www.rassegnastampa-totustuus.it\\\/cattolica\\\/#website\"},\"primaryImageOfPage\":{\"@id\":\"https:\\\/\\\/www.rassegnastampa-totustuus.it\\\/cattolica\\\/lantifascismo-spazzatura-1\\\/#primaryimage\"},\"image\":{\"@id\":\"https:\\\/\\\/www.rassegnastampa-totustuus.it\\\/cattolica\\\/lantifascismo-spazzatura-1\\\/#primaryimage\"},\"thumbnailUrl\":\"https:\\\/\\\/www.rassegnastampa-totustuus.it\\\/cattolica\\\/wp-content\\\/uploads\\\/2019\\\/04\\\/Resistenza_antifascismo.jpg\",\"datePublished\":\"2017-04-22T22:00:11+00:00\",\"dateModified\":\"2019-04-23T10:21:01+00:00\",\"description\":\"Rassegna Stampa Cattolica - Per una cultura che nasce dalla Rivelazione cristiana in conformit\u00e0 alla tradizione e al Magistero della Chiesa in opposizione ad ogni relativismo e totalitarismo\",\"breadcrumb\":{\"@id\":\"https:\\\/\\\/www.rassegnastampa-totustuus.it\\\/cattolica\\\/lantifascismo-spazzatura-1\\\/#breadcrumb\"},\"inLanguage\":\"it-IT\",\"potentialAction\":[{\"@type\":\"ReadAction\",\"target\":[\"https:\\\/\\\/www.rassegnastampa-totustuus.it\\\/cattolica\\\/lantifascismo-spazzatura-1\\\/\"]}]},{\"@type\":\"ImageObject\",\"inLanguage\":\"it-IT\",\"@id\":\"https:\\\/\\\/www.rassegnastampa-totustuus.it\\\/cattolica\\\/lantifascismo-spazzatura-1\\\/#primaryimage\",\"url\":\"https:\\\/\\\/www.rassegnastampa-totustuus.it\\\/cattolica\\\/wp-content\\\/uploads\\\/2019\\\/04\\\/Resistenza_antifascismo.jpg\",\"contentUrl\":\"https:\\\/\\\/www.rassegnastampa-totustuus.it\\\/cattolica\\\/wp-content\\\/uploads\\\/2019\\\/04\\\/Resistenza_antifascismo.jpg\",\"width\":2039,\"height\":1257},{\"@type\":\"BreadcrumbList\",\"@id\":\"https:\\\/\\\/www.rassegnastampa-totustuus.it\\\/cattolica\\\/lantifascismo-spazzatura-1\\\/#breadcrumb\",\"itemListElement\":[{\"@type\":\"ListItem\",\"position\":1,\"name\":\"Home\",\"item\":\"https:\\\/\\\/www.rassegnastampa-totustuus.it\\\/cattolica\\\/\"},{\"@type\":\"ListItem\",\"position\":2,\"name\":\"L\u2019antifascismo spazzatura (1)\"}]},{\"@type\":\"WebSite\",\"@id\":\"https:\\\/\\\/www.rassegnastampa-totustuus.it\\\/cattolica\\\/#website\",\"url\":\"https:\\\/\\\/www.rassegnastampa-totustuus.it\\\/cattolica\\\/\",\"name\":\"Rassegna Stampa Cattolica\",\"description\":\"Per una cultura che nasce dalla Rivelazione cristiana in conformit\u00e0 alla tradizione e al Magistero della Chiesa in opposizione ad ogni relativismo e totalitarismo\",\"publisher\":{\"@id\":\"https:\\\/\\\/www.rassegnastampa-totustuus.it\\\/cattolica\\\/#organization\"},\"alternateName\":\"Rass. Cattolica\",\"potentialAction\":[{\"@type\":\"SearchAction\",\"target\":{\"@type\":\"EntryPoint\",\"urlTemplate\":\"https:\\\/\\\/www.rassegnastampa-totustuus.it\\\/cattolica\\\/?s={search_term_string}\"},\"query-input\":{\"@type\":\"PropertyValueSpecification\",\"valueRequired\":true,\"valueName\":\"search_term_string\"}}],\"inLanguage\":\"it-IT\"},{\"@type\":\"Organization\",\"@id\":\"https:\\\/\\\/www.rassegnastampa-totustuus.it\\\/cattolica\\\/#organization\",\"name\":\"Rassegna Stampa Cattolica\",\"url\":\"https:\\\/\\\/www.rassegnastampa-totustuus.it\\\/cattolica\\\/\",\"logo\":{\"@type\":\"ImageObject\",\"inLanguage\":\"it-IT\",\"@id\":\"https:\\\/\\\/www.rassegnastampa-totustuus.it\\\/cattolica\\\/#\\\/schema\\\/logo\\\/image\\\/\",\"url\":\"https:\\\/\\\/www.rassegnastampa-totustuus.it\\\/cattolica\\\/wp-content\\\/uploads\\\/2014\\\/04\\\/logo-rassegna1.gif\",\"contentUrl\":\"https:\\\/\\\/www.rassegnastampa-totustuus.it\\\/cattolica\\\/wp-content\\\/uploads\\\/2014\\\/04\\\/logo-rassegna1.gif\",\"width\":600,\"height\":163,\"caption\":\"Rassegna Stampa Cattolica\"},\"image\":{\"@id\":\"https:\\\/\\\/www.rassegnastampa-totustuus.it\\\/cattolica\\\/#\\\/schema\\\/logo\\\/image\\\/\"},\"sameAs\":[\"https:\\\/\\\/www.facebook.com\\\/rassegnastampacattolica\",\"https:\\\/\\\/x.com\\\/rassegnastampa9\"]},{\"@type\":\"Person\",\"@id\":\"https:\\\/\\\/www.rassegnastampa-totustuus.it\\\/cattolica\\\/#\\\/schema\\\/person\\\/08f319d2bd1a0904ad9e2bfb7b15e5c3\",\"name\":\"Redazione\",\"image\":{\"@type\":\"ImageObject\",\"inLanguage\":\"it-IT\",\"@id\":\"https:\\\/\\\/secure.gravatar.com\\\/avatar\\\/2fcdf27c78ea025fbdb44e914cc63c72249ffec9dc8aafd5c82b26240ef3f346?s=96&d=mm&r=g\",\"url\":\"https:\\\/\\\/secure.gravatar.com\\\/avatar\\\/2fcdf27c78ea025fbdb44e914cc63c72249ffec9dc8aafd5c82b26240ef3f346?s=96&d=mm&r=g\",\"contentUrl\":\"https:\\\/\\\/secure.gravatar.com\\\/avatar\\\/2fcdf27c78ea025fbdb44e914cc63c72249ffec9dc8aafd5c82b26240ef3f346?s=96&d=mm&r=g\",\"caption\":\"Redazione\"},\"url\":\"https:\\\/\\\/www.rassegnastampa-totustuus.it\\\/cattolica\\\/author\\\/pietroelle\\\/\"}]}<\/script>\n<!-- \/ Yoast SEO plugin. -->","yoast_head_json":{"title":"L\u2019antifascismo spazzatura (1) - Rassegna Stampa Cattolica","description":"Rassegna Stampa Cattolica - Per una cultura che nasce dalla Rivelazione cristiana in conformit\u00e0 alla tradizione e al Magistero della Chiesa in opposizione ad ogni relativismo e totalitarismo","robots":{"index":"index","follow":"follow","max-snippet":"max-snippet:-1","max-image-preview":"max-image-preview:large","max-video-preview":"max-video-preview:-1"},"canonical":"https:\/\/www.rassegnastampa-totustuus.it\/cattolica\/lantifascismo-spazzatura-1\/","og_locale":"it_IT","og_type":"article","og_title":"L\u2019antifascismo spazzatura (1) - Rassegna Stampa Cattolica","og_description":"Rassegna Stampa Cattolica - Per una cultura che nasce dalla Rivelazione cristiana in conformit\u00e0 alla tradizione e al Magistero della Chiesa in opposizione ad ogni relativismo e totalitarismo","og_url":"https:\/\/www.rassegnastampa-totustuus.it\/cattolica\/lantifascismo-spazzatura-1\/","og_site_name":"Rassegna Stampa Cattolica","article_publisher":"https:\/\/www.facebook.com\/rassegnastampacattolica","article_published_time":"2017-04-22T22:00:11+00:00","article_modified_time":"2019-04-23T10:21:01+00:00","og_image":[{"width":2039,"height":1257,"url":"https:\/\/www.rassegnastampa-totustuus.it\/cattolica\/wp-content\/uploads\/2019\/04\/Resistenza_antifascismo.jpg","type":"image\/jpeg"}],"author":"Redazione","twitter_card":"summary_large_image","twitter_creator":"@rassegnastampa9","twitter_site":"@rassegnastampa9","twitter_misc":{"Scritto da":"Redazione","Tempo di lettura stimato":"9 minuti"},"schema":{"@context":"https:\/\/schema.org","@graph":[{"@type":"Article","@id":"https:\/\/www.rassegnastampa-totustuus.it\/cattolica\/lantifascismo-spazzatura-1\/#article","isPartOf":{"@id":"https:\/\/www.rassegnastampa-totustuus.it\/cattolica\/lantifascismo-spazzatura-1\/"},"author":{"name":"Redazione","@id":"https:\/\/www.rassegnastampa-totustuus.it\/cattolica\/#\/schema\/person\/08f319d2bd1a0904ad9e2bfb7b15e5c3"},"headline":"L\u2019antifascismo spazzatura (1)","datePublished":"2017-04-22T22:00:11+00:00","dateModified":"2019-04-23T10:21:01+00:00","mainEntityOfPage":{"@id":"https:\/\/www.rassegnastampa-totustuus.it\/cattolica\/lantifascismo-spazzatura-1\/"},"wordCount":1783,"publisher":{"@id":"https:\/\/www.rassegnastampa-totustuus.it\/cattolica\/#organization"},"image":{"@id":"https:\/\/www.rassegnastampa-totustuus.it\/cattolica\/lantifascismo-spazzatura-1\/#primaryimage"},"thumbnailUrl":"https:\/\/www.rassegnastampa-totustuus.it\/cattolica\/wp-content\/uploads\/2019\/04\/Resistenza_antifascismo.jpg","keywords":["antifascismo","fascismo","storia","storia italiana"],"articleSection":["Fascismo","Storia","Storia italiana"],"inLanguage":"it-IT"},{"@type":"WebPage","@id":"https:\/\/www.rassegnastampa-totustuus.it\/cattolica\/lantifascismo-spazzatura-1\/","url":"https:\/\/www.rassegnastampa-totustuus.it\/cattolica\/lantifascismo-spazzatura-1\/","name":"L\u2019antifascismo spazzatura (1) - Rassegna Stampa Cattolica","isPartOf":{"@id":"https:\/\/www.rassegnastampa-totustuus.it\/cattolica\/#website"},"primaryImageOfPage":{"@id":"https:\/\/www.rassegnastampa-totustuus.it\/cattolica\/lantifascismo-spazzatura-1\/#primaryimage"},"image":{"@id":"https:\/\/www.rassegnastampa-totustuus.it\/cattolica\/lantifascismo-spazzatura-1\/#primaryimage"},"thumbnailUrl":"https:\/\/www.rassegnastampa-totustuus.it\/cattolica\/wp-content\/uploads\/2019\/04\/Resistenza_antifascismo.jpg","datePublished":"2017-04-22T22:00:11+00:00","dateModified":"2019-04-23T10:21:01+00:00","description":"Rassegna Stampa Cattolica - Per una cultura che nasce dalla Rivelazione cristiana in conformit\u00e0 alla tradizione e al Magistero della Chiesa in opposizione ad ogni relativismo e totalitarismo","breadcrumb":{"@id":"https:\/\/www.rassegnastampa-totustuus.it\/cattolica\/lantifascismo-spazzatura-1\/#breadcrumb"},"inLanguage":"it-IT","potentialAction":[{"@type":"ReadAction","target":["https:\/\/www.rassegnastampa-totustuus.it\/cattolica\/lantifascismo-spazzatura-1\/"]}]},{"@type":"ImageObject","inLanguage":"it-IT","@id":"https:\/\/www.rassegnastampa-totustuus.it\/cattolica\/lantifascismo-spazzatura-1\/#primaryimage","url":"https:\/\/www.rassegnastampa-totustuus.it\/cattolica\/wp-content\/uploads\/2019\/04\/Resistenza_antifascismo.jpg","contentUrl":"https:\/\/www.rassegnastampa-totustuus.it\/cattolica\/wp-content\/uploads\/2019\/04\/Resistenza_antifascismo.jpg","width":2039,"height":1257},{"@type":"BreadcrumbList","@id":"https:\/\/www.rassegnastampa-totustuus.it\/cattolica\/lantifascismo-spazzatura-1\/#breadcrumb","itemListElement":[{"@type":"ListItem","position":1,"name":"Home","item":"https:\/\/www.rassegnastampa-totustuus.it\/cattolica\/"},{"@type":"ListItem","position":2,"name":"L\u2019antifascismo spazzatura (1)"}]},{"@type":"WebSite","@id":"https:\/\/www.rassegnastampa-totustuus.it\/cattolica\/#website","url":"https:\/\/www.rassegnastampa-totustuus.it\/cattolica\/","name":"Rassegna Stampa Cattolica","description":"Per una cultura che nasce dalla Rivelazione cristiana in conformit\u00e0 alla tradizione e al Magistero della Chiesa in opposizione ad ogni relativismo e totalitarismo","publisher":{"@id":"https:\/\/www.rassegnastampa-totustuus.it\/cattolica\/#organization"},"alternateName":"Rass. Cattolica","potentialAction":[{"@type":"SearchAction","target":{"@type":"EntryPoint","urlTemplate":"https:\/\/www.rassegnastampa-totustuus.it\/cattolica\/?s={search_term_string}"},"query-input":{"@type":"PropertyValueSpecification","valueRequired":true,"valueName":"search_term_string"}}],"inLanguage":"it-IT"},{"@type":"Organization","@id":"https:\/\/www.rassegnastampa-totustuus.it\/cattolica\/#organization","name":"Rassegna Stampa Cattolica","url":"https:\/\/www.rassegnastampa-totustuus.it\/cattolica\/","logo":{"@type":"ImageObject","inLanguage":"it-IT","@id":"https:\/\/www.rassegnastampa-totustuus.it\/cattolica\/#\/schema\/logo\/image\/","url":"https:\/\/www.rassegnastampa-totustuus.it\/cattolica\/wp-content\/uploads\/2014\/04\/logo-rassegna1.gif","contentUrl":"https:\/\/www.rassegnastampa-totustuus.it\/cattolica\/wp-content\/uploads\/2014\/04\/logo-rassegna1.gif","width":600,"height":163,"caption":"Rassegna Stampa Cattolica"},"image":{"@id":"https:\/\/www.rassegnastampa-totustuus.it\/cattolica\/#\/schema\/logo\/image\/"},"sameAs":["https:\/\/www.facebook.com\/rassegnastampacattolica","https:\/\/x.com\/rassegnastampa9"]},{"@type":"Person","@id":"https:\/\/www.rassegnastampa-totustuus.it\/cattolica\/#\/schema\/person\/08f319d2bd1a0904ad9e2bfb7b15e5c3","name":"Redazione","image":{"@type":"ImageObject","inLanguage":"it-IT","@id":"https:\/\/secure.gravatar.com\/avatar\/2fcdf27c78ea025fbdb44e914cc63c72249ffec9dc8aafd5c82b26240ef3f346?s=96&d=mm&r=g","url":"https:\/\/secure.gravatar.com\/avatar\/2fcdf27c78ea025fbdb44e914cc63c72249ffec9dc8aafd5c82b26240ef3f346?s=96&d=mm&r=g","contentUrl":"https:\/\/secure.gravatar.com\/avatar\/2fcdf27c78ea025fbdb44e914cc63c72249ffec9dc8aafd5c82b26240ef3f346?s=96&d=mm&r=g","caption":"Redazione"},"url":"https:\/\/www.rassegnastampa-totustuus.it\/cattolica\/author\/pietroelle\/"}]}},"_links":{"self":[{"href":"https:\/\/www.rassegnastampa-totustuus.it\/cattolica\/wp-json\/wp\/v2\/posts\/42846","targetHints":{"allow":["GET"]}}],"collection":[{"href":"https:\/\/www.rassegnastampa-totustuus.it\/cattolica\/wp-json\/wp\/v2\/posts"}],"about":[{"href":"https:\/\/www.rassegnastampa-totustuus.it\/cattolica\/wp-json\/wp\/v2\/types\/post"}],"author":[{"embeddable":true,"href":"https:\/\/www.rassegnastampa-totustuus.it\/cattolica\/wp-json\/wp\/v2\/users\/6"}],"replies":[{"embeddable":true,"href":"https:\/\/www.rassegnastampa-totustuus.it\/cattolica\/wp-json\/wp\/v2\/comments?post=42846"}],"version-history":[{"count":6,"href":"https:\/\/www.rassegnastampa-totustuus.it\/cattolica\/wp-json\/wp\/v2\/posts\/42846\/revisions"}],"predecessor-version":[{"id":42868,"href":"https:\/\/www.rassegnastampa-totustuus.it\/cattolica\/wp-json\/wp\/v2\/posts\/42846\/revisions\/42868"}],"wp:featuredmedia":[{"embeddable":true,"href":"https:\/\/www.rassegnastampa-totustuus.it\/cattolica\/wp-json\/wp\/v2\/media\/42847"}],"wp:attachment":[{"href":"https:\/\/www.rassegnastampa-totustuus.it\/cattolica\/wp-json\/wp\/v2\/media?parent=42846"}],"wp:term":[{"taxonomy":"category","embeddable":true,"href":"https:\/\/www.rassegnastampa-totustuus.it\/cattolica\/wp-json\/wp\/v2\/categories?post=42846"},{"taxonomy":"post_tag","embeddable":true,"href":"https:\/\/www.rassegnastampa-totustuus.it\/cattolica\/wp-json\/wp\/v2\/tags?post=42846"}],"curies":[{"name":"wp","href":"https:\/\/api.w.org\/{rel}","templated":true}]}}