{"id":42842,"date":"2019-04-25T00:00:26","date_gmt":"2019-04-24T22:00:26","guid":{"rendered":"http:\/\/www.rassegnastampa-totustuus.it\/cattolica\/?p=42842"},"modified":"2019-04-23T09:20:09","modified_gmt":"2019-04-23T07:20:09","slug":"orwell-mio-padre-un-vero-cristiano","status":"publish","type":"post","link":"https:\/\/www.rassegnastampa-totustuus.it\/cattolica\/orwell-mio-padre-un-vero-cristiano\/","title":{"rendered":"\u00abOrwell, mio padre, un vero cristiano\u00bb"},"content":{"rendered":"<p style=\"text-align: center;\"><a href=\"https:\/\/www.rassegnastampa-totustuus.it\/cattolica\/wp-content\/uploads\/2019\/04\/george-orwell.jpg\"><img loading=\"lazy\" decoding=\"async\" class=\"alignleft wp-image-42843\" src=\"https:\/\/www.rassegnastampa-totustuus.it\/cattolica\/wp-content\/uploads\/2019\/04\/george-orwell-300x232.jpg\" alt=\"\" width=\"250\" height=\"193\" srcset=\"https:\/\/www.rassegnastampa-totustuus.it\/cattolica\/wp-content\/uploads\/2019\/04\/george-orwell-300x232.jpg 300w, https:\/\/www.rassegnastampa-totustuus.it\/cattolica\/wp-content\/uploads\/2019\/04\/george-orwell-768x593.jpg 768w, https:\/\/www.rassegnastampa-totustuus.it\/cattolica\/wp-content\/uploads\/2019\/04\/george-orwell-1024x791.jpg 1024w, https:\/\/www.rassegnastampa-totustuus.it\/cattolica\/wp-content\/uploads\/2019\/04\/george-orwell.jpg 2000w\" sizes=\"auto, (max-width: 250px) 100vw, 250px\" \/><\/a>da <strong>Il Corriere.it<\/strong><\/p>\n<p style=\"text-align: center;\">4 Aprile 2019 <strong>\u00a0<\/strong><\/p>\n<p style=\"text-align: justify;\"><em>Gli anni dell\u2019infanzia nel ricordo del figlio. \u00abAl mattino scriveva. Poi fumava, pescava e giocava con me\u00bb <\/em><\/p>\n<p style=\"text-align: center;\">di<strong> Fabio Cavalera<\/strong><\/p>\n<p><!--more--><\/p>\n<p style=\"text-align: justify;\">OXFORD &#8211; \u00abSono cresciuto per pochi anni con un padre che era un genio, e a volte i geni sono noiosi o tristi, o forse solo difficili e sentimentalmente distaccati. Ma quel genio di mio padre, George Orwell, era proprio di un\u2019altra specie\u00bb. Richard Horatio Blair \u00e8 un uomo di 65 anni, un ingegnere elegante che si \u00e8 ritirato nel Warwickshire, e conserva un patrimonio di memoria affettiva e letteraria straordinario.<\/p>\n<p style=\"text-align: justify;\">Questo tesoro di ricordi \u00e8 rimasto per tanto tempo inaccessibile, almeno fino a che lui, Richard Horatio Blair, ha inventato un blog e ha cominciato a pubblicare una pagina al giorno del diario di George Orwell\u2014\u00ab\u00e8 un blog postumo che lo riporta in vita, che ci regala ancora la potenza del suo intelletto\u00bb\u2014e successivamente ha pensato che fosse venuto il <a href=\"https:\/\/www.rassegnastampa-totustuus.it\/cattolica\/wp-content\/uploads\/2014\/04\/animalfarm.jpg\"><img loading=\"lazy\" decoding=\"async\" class=\"size-full wp-image-6961 alignleft\" src=\"https:\/\/www.rassegnastampa-totustuus.it\/cattolica\/wp-content\/uploads\/2014\/04\/animalfarm.jpg\" alt=\"\" width=\"196\" height=\"196\" \/><\/a>momento di raccontare a voce, per la prima volta, la storia del suo rapporto di figlio non naturale, ma amatissimo erede, con uno degli autori pi\u00f9 importanti e innovativi della letteratura inglese: suo padre, appunto, George Orwell, alla cui penna e fantasia si devono <em>La fattoria degli animali<\/em> e <em>1984<\/em>, il capolavoro di denuncia del totalitarismo col debutto del \u00abBig Brother\u00bb, personaggio-metafora, l\u2019essere \u00abinfallibile e onnipotente\u00bb che non esiste, \u00abun volto sui manifesti, una voce dai teleschermi\u00bb, una creazione fantastica e terrorizzante che concentra \u00abl\u2019amore, la paura e il culto, gli stati emotivi\u00bb.<\/p>\n<p style=\"text-align: justify;\">Lo ha fatto \u2014 il passo di parlare del \u00abpadre geniale\u00bb \u2014 in un incontro pubblico nel pomeriggio di ieri in una sede prestigiosa qual \u00e8 l\u2019Universit\u00e0 di Oxford, dopo avere superato la consegna del silenzio e dell\u2019anonimato che non avrebbe mai creduto \u00abdi potere e volere superare\u00bb.<\/p>\n<p style=\"text-align: justify;\">Richard Horatio aveva appena poche settimane, \u00abcredo non pi\u00f9 di tre\u00bb, nel giugno del 1944, ed era in un orfanotrofio, dove una signora lo aveva abbandonato \u00abforse per la vergogna di essere stato io il frutto di una relazione clandestina\u00bb.<\/p>\n<p style=\"text-align: justify;\"><strong><a href=\"https:\/\/www.rassegnastampa-totustuus.it\/cattolica\/wp-content\/uploads\/2017\/01\/1984_cover.jpg\"><img loading=\"lazy\" decoding=\"async\" class=\"alignright wp-image-37085\" src=\"https:\/\/www.rassegnastampa-totustuus.it\/cattolica\/wp-content\/uploads\/2017\/01\/1984_cover.jpg\" alt=\"\" width=\"117\" height=\"200\" \/><\/a>Il piccolo ebbe la fortuna di trovare due nuovi genitori: la mamma Eileen e il pap\u00e0, Eric Arthur Blair, che da ex membro<\/strong> della polizia imperiale indiana, essendo nato nel Bengala, si era definitivamente dedicato alla passione della scrittura, coltivata fin dall\u2019adolescenza. Era stato spedito, Eric, in Birmania, che le truppe coloniali di Londra avevano appena conquistato, e ne era uscito sconvolto.<\/p>\n<p style=\"text-align: justify;\">Confid\u00f2 successivamente: \u00abQuando nel 1927 rientrai in patria per una licenza, ero gi\u00e0 parzialmente deciso ad abbandonare il mio lavoro e qualche boccata d\u2019aria inglese mi risolse. Non sarei tornato per prendere parte a quell\u2019ignominia\u00bb.<\/p>\n<p style=\"text-align: justify;\">Eric Arthur Blair nel 1933, con il primo libro <em>Senza un soldo a Parigi e a Londra<\/em>, aveva cambiato il suo nome, diventando colui che il mondo intero avrebbe conosciuto e ammirato come George Orwell. I due sposi, Eric e Eileen, non potevano avere figli e si erano convinti, uno con l\u2019altro, a presentare una richiesta di adozione. Cos\u00ec Richard trov\u00f2 casa e famiglia.<\/p>\n<p style=\"text-align: justify;\"><a href=\"https:\/\/www.rassegnastampa-totustuus.it\/cattolica\/wp-content\/uploads\/2016\/01\/repubblicani_Spagna.jpg\"><img loading=\"lazy\" decoding=\"async\" class=\"alignleft wp-image-29175\" src=\"https:\/\/www.rassegnastampa-totustuus.it\/cattolica\/wp-content\/uploads\/2016\/01\/repubblicani_Spagna.jpg\" alt=\"\" width=\"250\" height=\"160\" \/><\/a>Ma fu una felicit\u00e0 che sarebbe durata poco, perch\u00e9 Eileen mor\u00ec presto di tumore e George Orwell la segu\u00ec nella sorte, aggredito dalla tubercolosi. \u00a0\u00abEra il 1950 e io avevo appena sei anni\u00bb.<\/p>\n<p style=\"text-align: justify;\">Sembra difficile, quasi improbabile, che Richard Horatio Blair sia riuscito a conservare le immagini dell\u2019infanzia, ma lo hanno aiutato le narrazioni degli amici e dei parenti, poi il fatto che \u00aball\u2019indomani della scomparsa di Eileen rimasi con il pap\u00e0 in un buio appartamento, dipinto tutto di marrone, nel Nord di Londra, e successivamente fui costretto a ritirarmi su un\u2019isola scozzese, Jura, in una casa di campagna a una dozzina di miglia dal villaggio e dall\u2019unico negozio, accompagnato da mio padre e da sua sorella Avril. Come puoi cancellarlo? \u00a0Lui scriveva al mattino, poi gli piaceva fumare, il suo vizio. Andava <a href=\"https:\/\/www.rassegnastampa-totustuus.it\/cattolica\/wp-content\/uploads\/2018\/10\/Huxley_Orwell.jpg\"><img loading=\"lazy\" decoding=\"async\" class=\"alignright wp-image-41378\" src=\"https:\/\/www.rassegnastampa-totustuus.it\/cattolica\/wp-content\/uploads\/2018\/10\/Huxley_Orwell-300x172.jpg\" alt=\"\" width=\"250\" height=\"143\" srcset=\"https:\/\/www.rassegnastampa-totustuus.it\/cattolica\/wp-content\/uploads\/2018\/10\/Huxley_Orwell-300x172.jpg 300w, https:\/\/www.rassegnastampa-totustuus.it\/cattolica\/wp-content\/uploads\/2018\/10\/Huxley_Orwell.jpg 610w\" sizes=\"auto, (max-width: 250px) 100vw, 250px\" \/><\/a>a pesca e giocava con me. Aveva le sue ossessioni. Una era la libert\u00e0 e l\u00ec, nella casa che aveva affittato, si sentiva completamente libero. L\u2019altra era la paura che qualcuno gli rubasse le idee dei romanzi e degli articoli che scriveva per l\u2019Observer. Paura associata all\u2019ansia del fallimento. <strong>Qui proprio nessuno avrebbe avuto il coraggio di arrivare. Non era ancora famoso come lo sarebbe diventato<\/strong>, per\u00f2 credo che ne avesse l\u2019idea\u00bb.<\/p>\n<p style=\"text-align: justify;\">George Orwell aveva alle spalle l\u2019esperienza di volontario nelle file del Partito operaio di unificazione marxista nella guerra civile spagnola, era rimasto ferito alla gola dal colpo sparato da un cecchino franchista ed era tornato a Londra \u00abdeluso, avendo visto coi suoi occhi gli orrori del conflitto, ma, soprattutto, avendo avvertito il tradimento della causa da parte dei comunisti. Era un marxista che matur\u00f2 una profonda avversione per il totalitarismo nazista e stalinista\u00bb.<\/p>\n<p style=\"text-align: justify;\"><a href=\"https:\/\/www.rassegnastampa-totustuus.it\/cattolica\/wp-content\/uploads\/2014\/07\/fattoria-animali-cover.jpg\"><img loading=\"lazy\" decoding=\"async\" class=\"alignleft wp-image-8958\" src=\"https:\/\/www.rassegnastampa-totustuus.it\/cattolica\/wp-content\/uploads\/2014\/07\/fattoria-animali-cover.jpg\" alt=\"\" width=\"129\" height=\"200\" \/><\/a>In Inghilterra prosegu\u00ec la sua attivit\u00e0 di saggista per diverse riviste della sinistra, intanto incubava le sue opere pi\u00f9 significative. \u00abLa scintilla per La fattoria degli animali gli scatt\u00f2 osservando un cavallo da traino tenuto alle briglie da un ragazzino: lo colpivano la docilit\u00e0 e la passivit\u00e0 degli animali di fronte all\u2019atteggiamento tirannico degli uomini. Che cosa sarebbe accaduto se il cavallo si fosse ribellato? Questa era per lui una metafora. Anzi la metafora del dispotismo, della dittatura: la crudelt\u00e0 di Hitler e di Stalin. Idea che approfond\u00ec e svilupp\u00f2 in altri modi, sempre pi\u00f9 geniali, in 1984, il cui manoscritto termin\u00f2 proprio sull\u2019isola di Jura\u00bb.<\/p>\n<p style=\"text-align: justify;\">George Orwell sapeva di essere vicino alla morte. Si era risposato nel 1949 con Sonia, forse per non lasciare solo quel bambino, Richard, che amava. \u00abFra dolori atroci riusc\u00ec a completare l\u2019opera. Lott\u00f2 disperatamente\u00bb. Di George Orwell si \u00e8 discusso tanto. E tutto o quasi si \u00e8 svelato della sua straordinaria personalit\u00e0 e della sua intelligenza.<\/p>\n<p style=\"text-align: justify;\">Forse un particolare \u00e8 sfuggito. Richard Horatio Blair, il figlio adottivo, lo ha voluto sottolineare: \u00abOrwell era un genio. Un genio che \u00e8 stato associato all\u2019ateismo. In verit\u00e0 era molto <em>conservative<\/em> sull\u2019educazione religiosa\u00bb. Con Richard lo fu in modo particolare. Questo segreto si svel\u00f2 poche ore prima che Orwell spirasse: il 21 gennaio 1950 chiese un funerale in chiesa e la sepoltura in un campo nell\u2019Oxfordshire. \u00abSe ne and\u00f2 contento\u00bb.<\/p>\n","protected":false},"excerpt":{"rendered":"<p>da Il Corriere.it 4 Aprile 2019 \u00a0 Gli anni dell\u2019infanzia nel ricordo del figlio. \u00abAl mattino scriveva. Poi fumava, pescava e giocava con me\u00bb di Fabio Cavalera<\/p><p><a class=\"more-link btn\" href=\"https:\/\/www.rassegnastampa-totustuus.it\/cattolica\/orwell-mio-padre-un-vero-cristiano\/\">Continua a leggere<\/a><\/p>\n","protected":false},"author":6,"featured_media":42843,"comment_status":"closed","ping_status":"closed","sticky":false,"template":"","format":"standard","meta":{"footnotes":""},"categories":[18],"tags":[2727,283],"class_list":["post-42842","post","type-post","status-publish","format-standard","has-post-thumbnail","hentry","category-personaggi","tag-george-orwell","tag-personaggi-2","item-wrap"],"yoast_head":"<!-- This site is optimized with the Yoast SEO plugin v27.5 - https:\/\/yoast.com\/product\/yoast-seo-wordpress\/ -->\n<title>\u00abOrwell, mio padre, un vero cristiano\u00bb - Rassegna Stampa Cattolica<\/title>\n<meta name=\"description\" content=\"Rassegna Stampa Cattolica - Per una cultura che nasce dalla Rivelazione cristiana in conformit\u00e0 alla tradizione e al Magistero della Chiesa in opposizione ad ogni relativismo e totalitarismo\" \/>\n<meta name=\"robots\" content=\"index, follow, max-snippet:-1, max-image-preview:large, max-video-preview:-1\" \/>\n<link rel=\"canonical\" href=\"https:\/\/www.rassegnastampa-totustuus.it\/cattolica\/orwell-mio-padre-un-vero-cristiano\/\" \/>\n<meta property=\"og:locale\" content=\"it_IT\" \/>\n<meta property=\"og:type\" content=\"article\" \/>\n<meta property=\"og:title\" content=\"\u00abOrwell, mio padre, un vero cristiano\u00bb - Rassegna Stampa Cattolica\" \/>\n<meta property=\"og:description\" content=\"Rassegna Stampa Cattolica - Per una cultura che nasce dalla Rivelazione cristiana in conformit\u00e0 alla tradizione e al Magistero della Chiesa in opposizione ad ogni relativismo e totalitarismo\" \/>\n<meta property=\"og:url\" content=\"https:\/\/www.rassegnastampa-totustuus.it\/cattolica\/orwell-mio-padre-un-vero-cristiano\/\" \/>\n<meta property=\"og:site_name\" content=\"Rassegna Stampa Cattolica\" \/>\n<meta property=\"article:publisher\" content=\"https:\/\/www.facebook.com\/rassegnastampacattolica\" \/>\n<meta property=\"article:published_time\" content=\"2019-04-24T22:00:26+00:00\" \/>\n<meta property=\"og:image\" content=\"https:\/\/www.rassegnastampa-totustuus.it\/cattolica\/wp-content\/uploads\/2019\/04\/george-orwell.jpg\" \/>\n\t<meta property=\"og:image:width\" content=\"2000\" \/>\n\t<meta property=\"og:image:height\" content=\"1544\" \/>\n\t<meta property=\"og:image:type\" content=\"image\/jpeg\" \/>\n<meta name=\"author\" content=\"Redazione\" \/>\n<meta name=\"twitter:card\" content=\"summary_large_image\" \/>\n<meta name=\"twitter:creator\" content=\"@rassegnastampa9\" \/>\n<meta name=\"twitter:site\" content=\"@rassegnastampa9\" \/>\n<meta name=\"twitter:label1\" content=\"Scritto da\" \/>\n\t<meta name=\"twitter:data1\" content=\"Redazione\" \/>\n\t<meta name=\"twitter:label2\" content=\"Tempo di lettura stimato\" \/>\n\t<meta name=\"twitter:data2\" content=\"5 minuti\" \/>\n<script type=\"application\/ld+json\" class=\"yoast-schema-graph\">{\"@context\":\"https:\\\/\\\/schema.org\",\"@graph\":[{\"@type\":\"Article\",\"@id\":\"https:\\\/\\\/www.rassegnastampa-totustuus.it\\\/cattolica\\\/orwell-mio-padre-un-vero-cristiano\\\/#article\",\"isPartOf\":{\"@id\":\"https:\\\/\\\/www.rassegnastampa-totustuus.it\\\/cattolica\\\/orwell-mio-padre-un-vero-cristiano\\\/\"},\"author\":{\"name\":\"Redazione\",\"@id\":\"https:\\\/\\\/www.rassegnastampa-totustuus.it\\\/cattolica\\\/#\\\/schema\\\/person\\\/08f319d2bd1a0904ad9e2bfb7b15e5c3\"},\"headline\":\"\u00abOrwell, mio padre, un vero cristiano\u00bb\",\"datePublished\":\"2019-04-24T22:00:26+00:00\",\"mainEntityOfPage\":{\"@id\":\"https:\\\/\\\/www.rassegnastampa-totustuus.it\\\/cattolica\\\/orwell-mio-padre-un-vero-cristiano\\\/\"},\"wordCount\":1020,\"publisher\":{\"@id\":\"https:\\\/\\\/www.rassegnastampa-totustuus.it\\\/cattolica\\\/#organization\"},\"image\":{\"@id\":\"https:\\\/\\\/www.rassegnastampa-totustuus.it\\\/cattolica\\\/orwell-mio-padre-un-vero-cristiano\\\/#primaryimage\"},\"thumbnailUrl\":\"https:\\\/\\\/www.rassegnastampa-totustuus.it\\\/cattolica\\\/wp-content\\\/uploads\\\/2019\\\/04\\\/george-orwell.jpg\",\"keywords\":[\"George Orwell\",\"personaggi\"],\"articleSection\":[\"Personaggi\"],\"inLanguage\":\"it-IT\"},{\"@type\":\"WebPage\",\"@id\":\"https:\\\/\\\/www.rassegnastampa-totustuus.it\\\/cattolica\\\/orwell-mio-padre-un-vero-cristiano\\\/\",\"url\":\"https:\\\/\\\/www.rassegnastampa-totustuus.it\\\/cattolica\\\/orwell-mio-padre-un-vero-cristiano\\\/\",\"name\":\"\u00abOrwell, mio padre, un vero cristiano\u00bb - Rassegna Stampa Cattolica\",\"isPartOf\":{\"@id\":\"https:\\\/\\\/www.rassegnastampa-totustuus.it\\\/cattolica\\\/#website\"},\"primaryImageOfPage\":{\"@id\":\"https:\\\/\\\/www.rassegnastampa-totustuus.it\\\/cattolica\\\/orwell-mio-padre-un-vero-cristiano\\\/#primaryimage\"},\"image\":{\"@id\":\"https:\\\/\\\/www.rassegnastampa-totustuus.it\\\/cattolica\\\/orwell-mio-padre-un-vero-cristiano\\\/#primaryimage\"},\"thumbnailUrl\":\"https:\\\/\\\/www.rassegnastampa-totustuus.it\\\/cattolica\\\/wp-content\\\/uploads\\\/2019\\\/04\\\/george-orwell.jpg\",\"datePublished\":\"2019-04-24T22:00:26+00:00\",\"description\":\"Rassegna Stampa Cattolica - Per una cultura che nasce dalla Rivelazione cristiana in conformit\u00e0 alla tradizione e al Magistero della Chiesa in opposizione ad ogni relativismo e totalitarismo\",\"breadcrumb\":{\"@id\":\"https:\\\/\\\/www.rassegnastampa-totustuus.it\\\/cattolica\\\/orwell-mio-padre-un-vero-cristiano\\\/#breadcrumb\"},\"inLanguage\":\"it-IT\",\"potentialAction\":[{\"@type\":\"ReadAction\",\"target\":[\"https:\\\/\\\/www.rassegnastampa-totustuus.it\\\/cattolica\\\/orwell-mio-padre-un-vero-cristiano\\\/\"]}]},{\"@type\":\"ImageObject\",\"inLanguage\":\"it-IT\",\"@id\":\"https:\\\/\\\/www.rassegnastampa-totustuus.it\\\/cattolica\\\/orwell-mio-padre-un-vero-cristiano\\\/#primaryimage\",\"url\":\"https:\\\/\\\/www.rassegnastampa-totustuus.it\\\/cattolica\\\/wp-content\\\/uploads\\\/2019\\\/04\\\/george-orwell.jpg\",\"contentUrl\":\"https:\\\/\\\/www.rassegnastampa-totustuus.it\\\/cattolica\\\/wp-content\\\/uploads\\\/2019\\\/04\\\/george-orwell.jpg\",\"width\":2000,\"height\":1544},{\"@type\":\"BreadcrumbList\",\"@id\":\"https:\\\/\\\/www.rassegnastampa-totustuus.it\\\/cattolica\\\/orwell-mio-padre-un-vero-cristiano\\\/#breadcrumb\",\"itemListElement\":[{\"@type\":\"ListItem\",\"position\":1,\"name\":\"Home\",\"item\":\"https:\\\/\\\/www.rassegnastampa-totustuus.it\\\/cattolica\\\/\"},{\"@type\":\"ListItem\",\"position\":2,\"name\":\"\u00abOrwell, mio padre, un vero cristiano\u00bb\"}]},{\"@type\":\"WebSite\",\"@id\":\"https:\\\/\\\/www.rassegnastampa-totustuus.it\\\/cattolica\\\/#website\",\"url\":\"https:\\\/\\\/www.rassegnastampa-totustuus.it\\\/cattolica\\\/\",\"name\":\"Rassegna Stampa Cattolica\",\"description\":\"Per una cultura che nasce dalla Rivelazione cristiana in conformit\u00e0 alla tradizione e al Magistero della Chiesa in opposizione ad ogni relativismo e totalitarismo\",\"publisher\":{\"@id\":\"https:\\\/\\\/www.rassegnastampa-totustuus.it\\\/cattolica\\\/#organization\"},\"alternateName\":\"Rass. Cattolica\",\"potentialAction\":[{\"@type\":\"SearchAction\",\"target\":{\"@type\":\"EntryPoint\",\"urlTemplate\":\"https:\\\/\\\/www.rassegnastampa-totustuus.it\\\/cattolica\\\/?s={search_term_string}\"},\"query-input\":{\"@type\":\"PropertyValueSpecification\",\"valueRequired\":true,\"valueName\":\"search_term_string\"}}],\"inLanguage\":\"it-IT\"},{\"@type\":\"Organization\",\"@id\":\"https:\\\/\\\/www.rassegnastampa-totustuus.it\\\/cattolica\\\/#organization\",\"name\":\"Rassegna Stampa Cattolica\",\"url\":\"https:\\\/\\\/www.rassegnastampa-totustuus.it\\\/cattolica\\\/\",\"logo\":{\"@type\":\"ImageObject\",\"inLanguage\":\"it-IT\",\"@id\":\"https:\\\/\\\/www.rassegnastampa-totustuus.it\\\/cattolica\\\/#\\\/schema\\\/logo\\\/image\\\/\",\"url\":\"https:\\\/\\\/www.rassegnastampa-totustuus.it\\\/cattolica\\\/wp-content\\\/uploads\\\/2014\\\/04\\\/logo-rassegna1.gif\",\"contentUrl\":\"https:\\\/\\\/www.rassegnastampa-totustuus.it\\\/cattolica\\\/wp-content\\\/uploads\\\/2014\\\/04\\\/logo-rassegna1.gif\",\"width\":600,\"height\":163,\"caption\":\"Rassegna Stampa Cattolica\"},\"image\":{\"@id\":\"https:\\\/\\\/www.rassegnastampa-totustuus.it\\\/cattolica\\\/#\\\/schema\\\/logo\\\/image\\\/\"},\"sameAs\":[\"https:\\\/\\\/www.facebook.com\\\/rassegnastampacattolica\",\"https:\\\/\\\/x.com\\\/rassegnastampa9\"]},{\"@type\":\"Person\",\"@id\":\"https:\\\/\\\/www.rassegnastampa-totustuus.it\\\/cattolica\\\/#\\\/schema\\\/person\\\/08f319d2bd1a0904ad9e2bfb7b15e5c3\",\"name\":\"Redazione\",\"image\":{\"@type\":\"ImageObject\",\"inLanguage\":\"it-IT\",\"@id\":\"https:\\\/\\\/secure.gravatar.com\\\/avatar\\\/2fcdf27c78ea025fbdb44e914cc63c72249ffec9dc8aafd5c82b26240ef3f346?s=96&d=mm&r=g\",\"url\":\"https:\\\/\\\/secure.gravatar.com\\\/avatar\\\/2fcdf27c78ea025fbdb44e914cc63c72249ffec9dc8aafd5c82b26240ef3f346?s=96&d=mm&r=g\",\"contentUrl\":\"https:\\\/\\\/secure.gravatar.com\\\/avatar\\\/2fcdf27c78ea025fbdb44e914cc63c72249ffec9dc8aafd5c82b26240ef3f346?s=96&d=mm&r=g\",\"caption\":\"Redazione\"},\"url\":\"https:\\\/\\\/www.rassegnastampa-totustuus.it\\\/cattolica\\\/author\\\/pietroelle\\\/\"}]}<\/script>\n<!-- \/ Yoast SEO plugin. -->","yoast_head_json":{"title":"\u00abOrwell, mio padre, un vero cristiano\u00bb - Rassegna Stampa Cattolica","description":"Rassegna Stampa Cattolica - Per una cultura che nasce dalla Rivelazione cristiana in conformit\u00e0 alla tradizione e al Magistero della Chiesa in opposizione ad ogni relativismo e totalitarismo","robots":{"index":"index","follow":"follow","max-snippet":"max-snippet:-1","max-image-preview":"max-image-preview:large","max-video-preview":"max-video-preview:-1"},"canonical":"https:\/\/www.rassegnastampa-totustuus.it\/cattolica\/orwell-mio-padre-un-vero-cristiano\/","og_locale":"it_IT","og_type":"article","og_title":"\u00abOrwell, mio padre, un vero cristiano\u00bb - Rassegna Stampa Cattolica","og_description":"Rassegna Stampa Cattolica - Per una cultura che nasce dalla Rivelazione cristiana in conformit\u00e0 alla tradizione e al Magistero della Chiesa in opposizione ad ogni relativismo e totalitarismo","og_url":"https:\/\/www.rassegnastampa-totustuus.it\/cattolica\/orwell-mio-padre-un-vero-cristiano\/","og_site_name":"Rassegna Stampa Cattolica","article_publisher":"https:\/\/www.facebook.com\/rassegnastampacattolica","article_published_time":"2019-04-24T22:00:26+00:00","og_image":[{"width":2000,"height":1544,"url":"https:\/\/www.rassegnastampa-totustuus.it\/cattolica\/wp-content\/uploads\/2019\/04\/george-orwell.jpg","type":"image\/jpeg"}],"author":"Redazione","twitter_card":"summary_large_image","twitter_creator":"@rassegnastampa9","twitter_site":"@rassegnastampa9","twitter_misc":{"Scritto da":"Redazione","Tempo di lettura stimato":"5 minuti"},"schema":{"@context":"https:\/\/schema.org","@graph":[{"@type":"Article","@id":"https:\/\/www.rassegnastampa-totustuus.it\/cattolica\/orwell-mio-padre-un-vero-cristiano\/#article","isPartOf":{"@id":"https:\/\/www.rassegnastampa-totustuus.it\/cattolica\/orwell-mio-padre-un-vero-cristiano\/"},"author":{"name":"Redazione","@id":"https:\/\/www.rassegnastampa-totustuus.it\/cattolica\/#\/schema\/person\/08f319d2bd1a0904ad9e2bfb7b15e5c3"},"headline":"\u00abOrwell, mio padre, un vero cristiano\u00bb","datePublished":"2019-04-24T22:00:26+00:00","mainEntityOfPage":{"@id":"https:\/\/www.rassegnastampa-totustuus.it\/cattolica\/orwell-mio-padre-un-vero-cristiano\/"},"wordCount":1020,"publisher":{"@id":"https:\/\/www.rassegnastampa-totustuus.it\/cattolica\/#organization"},"image":{"@id":"https:\/\/www.rassegnastampa-totustuus.it\/cattolica\/orwell-mio-padre-un-vero-cristiano\/#primaryimage"},"thumbnailUrl":"https:\/\/www.rassegnastampa-totustuus.it\/cattolica\/wp-content\/uploads\/2019\/04\/george-orwell.jpg","keywords":["George Orwell","personaggi"],"articleSection":["Personaggi"],"inLanguage":"it-IT"},{"@type":"WebPage","@id":"https:\/\/www.rassegnastampa-totustuus.it\/cattolica\/orwell-mio-padre-un-vero-cristiano\/","url":"https:\/\/www.rassegnastampa-totustuus.it\/cattolica\/orwell-mio-padre-un-vero-cristiano\/","name":"\u00abOrwell, mio padre, un vero cristiano\u00bb - Rassegna Stampa Cattolica","isPartOf":{"@id":"https:\/\/www.rassegnastampa-totustuus.it\/cattolica\/#website"},"primaryImageOfPage":{"@id":"https:\/\/www.rassegnastampa-totustuus.it\/cattolica\/orwell-mio-padre-un-vero-cristiano\/#primaryimage"},"image":{"@id":"https:\/\/www.rassegnastampa-totustuus.it\/cattolica\/orwell-mio-padre-un-vero-cristiano\/#primaryimage"},"thumbnailUrl":"https:\/\/www.rassegnastampa-totustuus.it\/cattolica\/wp-content\/uploads\/2019\/04\/george-orwell.jpg","datePublished":"2019-04-24T22:00:26+00:00","description":"Rassegna Stampa Cattolica - Per una cultura che nasce dalla Rivelazione cristiana in conformit\u00e0 alla tradizione e al Magistero della Chiesa in opposizione ad ogni relativismo e totalitarismo","breadcrumb":{"@id":"https:\/\/www.rassegnastampa-totustuus.it\/cattolica\/orwell-mio-padre-un-vero-cristiano\/#breadcrumb"},"inLanguage":"it-IT","potentialAction":[{"@type":"ReadAction","target":["https:\/\/www.rassegnastampa-totustuus.it\/cattolica\/orwell-mio-padre-un-vero-cristiano\/"]}]},{"@type":"ImageObject","inLanguage":"it-IT","@id":"https:\/\/www.rassegnastampa-totustuus.it\/cattolica\/orwell-mio-padre-un-vero-cristiano\/#primaryimage","url":"https:\/\/www.rassegnastampa-totustuus.it\/cattolica\/wp-content\/uploads\/2019\/04\/george-orwell.jpg","contentUrl":"https:\/\/www.rassegnastampa-totustuus.it\/cattolica\/wp-content\/uploads\/2019\/04\/george-orwell.jpg","width":2000,"height":1544},{"@type":"BreadcrumbList","@id":"https:\/\/www.rassegnastampa-totustuus.it\/cattolica\/orwell-mio-padre-un-vero-cristiano\/#breadcrumb","itemListElement":[{"@type":"ListItem","position":1,"name":"Home","item":"https:\/\/www.rassegnastampa-totustuus.it\/cattolica\/"},{"@type":"ListItem","position":2,"name":"\u00abOrwell, mio padre, un vero cristiano\u00bb"}]},{"@type":"WebSite","@id":"https:\/\/www.rassegnastampa-totustuus.it\/cattolica\/#website","url":"https:\/\/www.rassegnastampa-totustuus.it\/cattolica\/","name":"Rassegna Stampa Cattolica","description":"Per una cultura che nasce dalla Rivelazione cristiana in conformit\u00e0 alla tradizione e al Magistero della Chiesa in opposizione ad ogni relativismo e totalitarismo","publisher":{"@id":"https:\/\/www.rassegnastampa-totustuus.it\/cattolica\/#organization"},"alternateName":"Rass. Cattolica","potentialAction":[{"@type":"SearchAction","target":{"@type":"EntryPoint","urlTemplate":"https:\/\/www.rassegnastampa-totustuus.it\/cattolica\/?s={search_term_string}"},"query-input":{"@type":"PropertyValueSpecification","valueRequired":true,"valueName":"search_term_string"}}],"inLanguage":"it-IT"},{"@type":"Organization","@id":"https:\/\/www.rassegnastampa-totustuus.it\/cattolica\/#organization","name":"Rassegna Stampa Cattolica","url":"https:\/\/www.rassegnastampa-totustuus.it\/cattolica\/","logo":{"@type":"ImageObject","inLanguage":"it-IT","@id":"https:\/\/www.rassegnastampa-totustuus.it\/cattolica\/#\/schema\/logo\/image\/","url":"https:\/\/www.rassegnastampa-totustuus.it\/cattolica\/wp-content\/uploads\/2014\/04\/logo-rassegna1.gif","contentUrl":"https:\/\/www.rassegnastampa-totustuus.it\/cattolica\/wp-content\/uploads\/2014\/04\/logo-rassegna1.gif","width":600,"height":163,"caption":"Rassegna Stampa Cattolica"},"image":{"@id":"https:\/\/www.rassegnastampa-totustuus.it\/cattolica\/#\/schema\/logo\/image\/"},"sameAs":["https:\/\/www.facebook.com\/rassegnastampacattolica","https:\/\/x.com\/rassegnastampa9"]},{"@type":"Person","@id":"https:\/\/www.rassegnastampa-totustuus.it\/cattolica\/#\/schema\/person\/08f319d2bd1a0904ad9e2bfb7b15e5c3","name":"Redazione","image":{"@type":"ImageObject","inLanguage":"it-IT","@id":"https:\/\/secure.gravatar.com\/avatar\/2fcdf27c78ea025fbdb44e914cc63c72249ffec9dc8aafd5c82b26240ef3f346?s=96&d=mm&r=g","url":"https:\/\/secure.gravatar.com\/avatar\/2fcdf27c78ea025fbdb44e914cc63c72249ffec9dc8aafd5c82b26240ef3f346?s=96&d=mm&r=g","contentUrl":"https:\/\/secure.gravatar.com\/avatar\/2fcdf27c78ea025fbdb44e914cc63c72249ffec9dc8aafd5c82b26240ef3f346?s=96&d=mm&r=g","caption":"Redazione"},"url":"https:\/\/www.rassegnastampa-totustuus.it\/cattolica\/author\/pietroelle\/"}]}},"_links":{"self":[{"href":"https:\/\/www.rassegnastampa-totustuus.it\/cattolica\/wp-json\/wp\/v2\/posts\/42842","targetHints":{"allow":["GET"]}}],"collection":[{"href":"https:\/\/www.rassegnastampa-totustuus.it\/cattolica\/wp-json\/wp\/v2\/posts"}],"about":[{"href":"https:\/\/www.rassegnastampa-totustuus.it\/cattolica\/wp-json\/wp\/v2\/types\/post"}],"author":[{"embeddable":true,"href":"https:\/\/www.rassegnastampa-totustuus.it\/cattolica\/wp-json\/wp\/v2\/users\/6"}],"replies":[{"embeddable":true,"href":"https:\/\/www.rassegnastampa-totustuus.it\/cattolica\/wp-json\/wp\/v2\/comments?post=42842"}],"version-history":[{"count":1,"href":"https:\/\/www.rassegnastampa-totustuus.it\/cattolica\/wp-json\/wp\/v2\/posts\/42842\/revisions"}],"predecessor-version":[{"id":42844,"href":"https:\/\/www.rassegnastampa-totustuus.it\/cattolica\/wp-json\/wp\/v2\/posts\/42842\/revisions\/42844"}],"wp:featuredmedia":[{"embeddable":true,"href":"https:\/\/www.rassegnastampa-totustuus.it\/cattolica\/wp-json\/wp\/v2\/media\/42843"}],"wp:attachment":[{"href":"https:\/\/www.rassegnastampa-totustuus.it\/cattolica\/wp-json\/wp\/v2\/media?parent=42842"}],"wp:term":[{"taxonomy":"category","embeddable":true,"href":"https:\/\/www.rassegnastampa-totustuus.it\/cattolica\/wp-json\/wp\/v2\/categories?post=42842"},{"taxonomy":"post_tag","embeddable":true,"href":"https:\/\/www.rassegnastampa-totustuus.it\/cattolica\/wp-json\/wp\/v2\/tags?post=42842"}],"curies":[{"name":"wp","href":"https:\/\/api.w.org\/{rel}","templated":true}]}}