{"id":42815,"date":"2019-04-25T00:00:38","date_gmt":"2019-04-24T22:00:38","guid":{"rendered":"http:\/\/www.rassegnastampa-totustuus.it\/cattolica\/?p=42815"},"modified":"2020-02-24T12:18:42","modified_gmt":"2020-02-24T11:18:42","slug":"politicamente-corretto-religione-che-vieta-la-dialettica-e-il-dissenso","status":"publish","type":"post","link":"https:\/\/www.rassegnastampa-totustuus.it\/cattolica\/politicamente-corretto-religione-che-vieta-la-dialettica-e-il-dissenso\/","title":{"rendered":"\u00abPoliticamente corretto, religione che vieta la dialettica e il dissenso\u00bb"},"content":{"rendered":"<p style=\"text-align: center;\"><a href=\"https:\/\/www.rassegnastampa-totustuus.it\/cattolica\/wp-content\/uploads\/2019\/04\/politicamente-corretto.jpg\"><img loading=\"lazy\" decoding=\"async\" class=\"alignright wp-image-42816\" src=\"https:\/\/www.rassegnastampa-totustuus.it\/cattolica\/wp-content\/uploads\/2019\/04\/politicamente-corretto-300x200.jpg\" alt=\"\" width=\"250\" height=\"167\" srcset=\"https:\/\/www.rassegnastampa-totustuus.it\/cattolica\/wp-content\/uploads\/2019\/04\/politicamente-corretto-300x200.jpg 300w, https:\/\/www.rassegnastampa-totustuus.it\/cattolica\/wp-content\/uploads\/2019\/04\/politicamente-corretto-768x512.jpg 768w, https:\/\/www.rassegnastampa-totustuus.it\/cattolica\/wp-content\/uploads\/2019\/04\/politicamente-corretto-1024x682.jpg 1024w, https:\/\/www.rassegnastampa-totustuus.it\/cattolica\/wp-content\/uploads\/2019\/04\/politicamente-corretto-595x400.jpg 595w, https:\/\/www.rassegnastampa-totustuus.it\/cattolica\/wp-content\/uploads\/2019\/04\/politicamente-corretto.jpg 1600w\" sizes=\"auto, (max-width: 250px) 100vw, 250px\" \/><\/a>da <strong>La Verit\u00e0<\/strong>, 7 aprile 2019 (Versione integrale)<\/p>\n<p style=\"text-align: center;\">di <strong>Maurizio Caverzan<\/strong><\/p>\n<p style=\"text-align: justify;\">Non l\u2019aveva fatto ancora nessuno. Nessuno si era messo l\u00ec, a studiare il politicamente corretto. Origini, caratteristiche, scenari. Solo un costume e un linguaggio edulcorati o qualcosa di pi\u00f9 solido e pregnante? Ad approfondire scientificamente la questione ha pensato Eugenio Capozzi, docente di storia contemporanea presso la facolt\u00e0 di lettere dell\u2019universit\u00e0 \u00abSuor Orsola Benincasa\u00bb di Napoli.<\/p>\n<p><!--more--><\/p>\n<p style=\"text-align: justify;\"><em>Politicamente corretto \u2013 Storia di un\u2019ideologia<\/em>(Marsilio) \u00e8 lo studio pi\u00f9 serio sull\u2019argomento, uno studio nel quale fioccano le definizioni: \u00aberede estremo del progressismo\u00bb, \u00abcatechismo civile\u00bb, \u00abreligione secolare\u00bb.<\/p>\n<p style=\"text-align: justify;\"><strong>Perch\u00e9 ha scritto un saggio sul politicamente corretto ora che sembra aver iniziato a declinare?<\/strong><\/p>\n<p style=\"text-align: justify;\">\u00abBench\u00e9 sfidato da forze di altro orientamento, il politicamente corretto continua a dominare il sistema dei media, della formazione universitaria, il linguaggio della politica e delle istituzioni. Sembra in declino, ma \u00e8 in buona salute e condiziona il dibattito del mondo occidentale. Comprenderne la natura \u00e8 utile perch\u00e9 oggi si tendono a considerare certe censure come semplici tic, eccessi di zelo della mentalit\u00e0 liberale. Siamo tutti d\u2019accordo a rispettare le diversit\u00e0 e le minoranze, si dice, solo che i depositari del politically correct esagerano\u2026\u00bb.<\/p>\n<p style=\"text-align: justify;\"><strong>Invece?<\/strong><\/p>\n<p style=\"text-align: justify;\"><a href=\"https:\/\/www.rassegnastampa-totustuus.it\/cattolica\/wp-content\/uploads\/2019\/01\/politicamente_corretto.jpg\"><img loading=\"lazy\" decoding=\"async\" class=\"size-full wp-image-41907 alignleft\" src=\"https:\/\/www.rassegnastampa-totustuus.it\/cattolica\/wp-content\/uploads\/2019\/01\/politicamente_corretto.jpg\" alt=\"\" width=\"229\" height=\"220\" \/><\/a>\u00abSe si guardano con attenzione queste censure ci si accorge che siamo di fronte a un\u2019ideologia diversa dal liberalismo e dalla democrazia: un sistema pervasivo e pericoloso\u00bb.<\/p>\n<p style=\"text-align: justify;\"><strong>Addirittura?<\/strong><\/p>\n<p style=\"text-align: justify;\">\u00abImbattendomi quotidianamente in qualche tempesta mediatica scatenata per un vocabolo o un pronome che offendeva questa o quella minoranza, sostituito da espressioni considerate pi\u00f9 corrette, mi \u00e8 venuto in mente il Ministero della verit\u00e0 di <em>1984<\/em> di George Orwell che modifica il linguaggio e la storia creando la <em>neolingua<\/em> e il <em>bispensiero<\/em>. \u00c8 esattamente ci\u00f2 che fa oggi la propaganda del politicamente corretto\u00bb.<\/p>\n<p style=\"text-align: justify;\"><strong>Non vedente, diversamente abile, operatore ecologico: quanto \u00e8 importante la creazione di un vocabolario pi\u00f9 dolce e liofilizzato?<\/strong><\/p>\n<p style=\"text-align: justify;\">\u00abSi \u00e8 cominciato a parlare attraverso eufemismi\u00bb.<\/p>\n<p style=\"text-align: justify;\"><strong>Sinonimo d\u2019ipocrisia.<\/strong><\/p>\n<p style=\"text-align: justify;\">\u00abOra per\u00f2 siamo ben oltre questo. Prendiamo l\u2019ideologia gender che considera l\u2019identit\u00e0 sessuale come frutto di una scelta soggettiva e gli individui come esseri fluttuanti. Se fosse davvero cos\u00ec, dovremmo esprimerci in base alla rappresentazione che ognuno d\u00e0 di s\u00e9 stesso in quel momento: uomo, donna, nessuna delle due\u2026 Ogni volta dovremmo cercare i termini adatti. Ma se il linguaggio si soggettivizza, scompare il minimo comun denominatore indispensabile per dialogare\u00bb.<\/p>\n<p style=\"text-align: justify;\"><strong><a href=\"https:\/\/www.rassegnastampa-totustuus.it\/cattolica\/wp-content\/uploads\/2016\/01\/politicamente_corretto.jpg\"><img loading=\"lazy\" decoding=\"async\" class=\"size-full wp-image-29483 alignright\" src=\"https:\/\/www.rassegnastampa-totustuus.it\/cattolica\/wp-content\/uploads\/2016\/01\/politicamente_corretto.jpg\" alt=\"\" width=\"169\" height=\"240\" \/><\/a>Alcune correzioni sono rivelatrici: perch\u00e9 il termine migrante ha preso il posto di emigrato o immigrato <\/strong><\/p>\n<p style=\"text-align: justify;\">\u00abLe persone che si muovono da un Paese a un altro sono emigranti o immigrati. Ma il relativismo culturale rifiuta l\u2019idea stessa degli Stati con confini e sovranit\u00e0 stabiliti dal diritto internazionale, afferma che il genere umano \u00e8 per sua natura nomade e che spostarsi da una parte all\u2019altra del mondo \u00e8 una condizione esistenziale. Anche in questo caso si assume la liquidit\u00e0 come carattere fondamentale delle comunit\u00e0. Perci\u00f2 non \u00e8 lecito porre un freno agli spostamenti degli individui\u00bb.<\/p>\n<p style=\"text-align: justify;\"><strong>Tranne quando scappano dalla guerra, dalla povert\u00e0 e dalla fame.<\/strong><\/p>\n<p style=\"text-align: justify;\">\u00abOltre all\u2019argomentazione umanitaria, dietro l\u2019immigrazionismo illimitato c\u2019\u00e8 un\u2019altra filosofia radicata. L\u2019occidente deve mescolarsi con le altre civilt\u00e0 fino a creare un sincretismo nel quale l\u2019umanit\u00e0 \u00e8 un crogiuolo, una mescolanza indistinta di culture. Questo perch\u00e9 la <em>way of life<\/em> occidentale \u00e8 un\u2019eredit\u00e0 negativa per la protezione e la sicurezza delle persone. Ma \u00e8 un altro dogma lacunoso\u00bb.<\/p>\n<p style=\"text-align: justify;\"><strong><a href=\"https:\/\/www.rassegnastampa-totustuus.it\/cattolica\/wp-content\/uploads\/2006\/11\/politically-correct.jpg\"><img loading=\"lazy\" decoding=\"async\" class=\"alignleft wp-image-31085\" src=\"https:\/\/www.rassegnastampa-totustuus.it\/cattolica\/wp-content\/uploads\/2006\/11\/politically-correct.jpg\" alt=\"\" width=\"250\" height=\"166\" \/><\/a>Perch\u00e9 <\/strong><\/p>\n<p style=\"text-align: justify;\">\u00abLa pretesa universalistica dei diritti umani si ferma di fronte ai paesi islamici che praticano le pi\u00f9 brutali aggressioni sulle donne e gli omosessuali. Le stesse femministe che in Europa vedono bigotti e reazionari ovunque, non dicono una parola su donne e gay lapidati e segregati nello stato del Brunei, in Iran o in Arabia saudita\u00bb.<\/p>\n<p style=\"text-align: justify;\"><strong>Perch\u00e9 in alcune prove elettorali in Europa e in America il politically correct arretra? <\/strong><\/p>\n<p style=\"text-align: justify;\">\u00abLe \u00e9lite occidentali hanno visto calare i loro consensi dopo la crisi del 2008 perch\u00e9 \u00e8 caduta la fiducia nella globalizzazione\u00bb.<\/p>\n<p style=\"text-align: justify;\"><strong>Il fatto che all\u2019apice della globalizzazione sia esplosa questa crisi avrebbe dovuto far riflettere.<\/strong><\/p>\n<p style=\"text-align: justify;\">\u00abQuesto \u00e8 il problema. La modernit\u00e0 liquida come opportunit\u00e0 illimitata ha cominciato a perdere prestigio. Nuovi movimenti di opinione e partiti si sono contrapposti alle \u00e9lite transnazionali. Ma il politicamente corretto incarna un potere stratificato. Negli Stati uniti ha vinto Donald Trump, ma il 95% del sistema mediatico, culturale e accademico gli \u00e8 ferocemente avverso\u00bb.<\/p>\n<p style=\"text-align: justify;\"><strong>Quanto l\u2019espansione del politicamente corretto deve al ruolo crescente dei cosiddetti radical chic?<\/strong><\/p>\n<p style=\"text-align: justify;\"><a href=\"https:\/\/www.rassegnastampa-totustuus.it\/cattolica\/wp-content\/uploads\/2009\/04\/radical_chic.jpg\"><img loading=\"lazy\" decoding=\"async\" class=\"wp-image-36117 alignright\" src=\"https:\/\/www.rassegnastampa-totustuus.it\/cattolica\/wp-content\/uploads\/2009\/04\/radical_chic.jpg\" alt=\"\" width=\"165\" height=\"200\" \/><\/a>\u00abLa nozione di radical chic \u00e8 spesso usata in maniera impropria. Tom Wolf la coni\u00f2 nel 1970 dopo un party nell\u2019attico a Manhattan del compositore e direttore d\u2019orchestra Leonard Bernstein, organizzato per raccogliere fondi in favore del movimento marxista leninista delle Pantere nere. Nella sua essenza, radical chic indica un appartenente alla borghesia della conoscenza che flirta con espressioni estremiste della politica, perch\u00e9 la concepisce in una veste estetica ed eticista, non basata su conflitti sociali ed economici. Il radical chic \u00e8 l\u2019embrione del buonista, il quale pensa che l\u2019emergenza immigrazione si risolva con la bont\u00e0 e che chi non accoglie tutti i migranti \u00e8 cattivo e, di conseguenza, razzista\u00bb.<\/p>\n<p style=\"text-align: justify;\"><strong>Descrive il politicamente corretto come una forma di \u00abcatechismo civile\u00bb che opera attraverso dogmi, liturgie, precetti e anatemi quando si sfiorano temi come aborto, diritti delle donne, degli omosessuali, persone di colore.<\/strong><\/p>\n<p style=\"text-align: justify;\">\u00abLe vecchie ideologie si fondavano sulla concezione dialettica della storia e della politica. Invece il politicamente corretto rifiuta la dialettica perch\u00e9 attribuisce al relativismo la capacit\u00e0 di assicurare una convivenza senza conflitti. Perci\u00f2, chi continua a non accettare i dogmi e i precetti della nuova religione non pu\u00f2 avere cittadinanza nella discussione e va scomunicato perch\u00e9 \u00e8 pazzo o finge\u00bb.<\/p>\n<p style=\"text-align: justify;\"><strong><a href=\"https:\/\/www.rassegnastampa-totustuus.it\/cattolica\/wp-content\/uploads\/2013\/01\/relativismo.jpg\"><img loading=\"lazy\" decoding=\"async\" class=\"alignleft wp-image-27648\" src=\"https:\/\/www.rassegnastampa-totustuus.it\/cattolica\/wp-content\/uploads\/2013\/01\/relativismo.jpg\" alt=\"\" width=\"218\" height=\"200\" \/><\/a>Tra l\u2019ugualitarismo postmarxista, il relativismo, l\u2019ecologismo, la difesa delle minoranze e il multiculturalismo qual \u00e8 l\u2019ingrediente principale di questa nuova religione?<\/strong><\/p>\n<p style=\"text-align: justify;\">\u00abDirei il relativismo culturale, dal quale deriva tutto il resto\u00bb.<\/p>\n<p style=\"text-align: justify;\"><strong>L\u2019aveva capito papa Ratzinger?<\/strong><\/p>\n<p style=\"text-align: justify;\">\u00abEsattamente, nasce tutto da l\u00ec. Anche la variante, pi\u00f9 sofisticata e intransigente, dell\u2019antiumanesimo ambientalista\u00bb.<\/p>\n<p style=\"text-align: justify;\"><strong>Che sarebbe?<\/strong><\/p>\n<p style=\"text-align: justify;\">\u00abQuel pensiero che considera la difesa dell\u2019ambiente non come condizione per una vita migliore dell\u2019uomo, ma vede l\u2019uomo stesso come un potenziale danno per l\u2019ambiente. Il punto d\u2019arrivo finale \u00e8 la sparizione dell\u2019uomo o la riduzione della sua presenza, per non collaborare all\u2019inquinamento attraverso l\u2019atto di consumare e produrre. Uno stadio di passaggio in questa direzione \u00e8 l\u2019antispecismo: essere esseri umani non \u00e8 pi\u00f9 un valore aggiunto rispetto alle altre specie animali\u00bb.<\/p>\n<p style=\"text-align: justify;\"><strong>Come vanno letti il movimento Me too e quello in difesa del clima trainato da Greta Thunberg?<\/strong><\/p>\n<p style=\"text-align: justify;\"><a href=\"https:\/\/www.rassegnastampa-totustuus.it\/cattolica\/wp-content\/uploads\/2019\/02\/femminismo.jpg\"><img loading=\"lazy\" decoding=\"async\" class=\"alignleft wp-image-42109\" src=\"https:\/\/www.rassegnastampa-totustuus.it\/cattolica\/wp-content\/uploads\/2019\/02\/femminismo.jpg\" alt=\"\" width=\"250\" height=\"166\" \/><\/a>\u00abSono due fenomeni d\u2019immediata valenza precettistica, traducibili in prescrizioni di comportamenti ipocritamente redentivi. Il Me too \u00e8 la trasformazione definitiva del femminismo in ideologia. Un \u00e9lite di donne al potere nelle professioni e nella politica combatte, dietro una maschera buonista, la propria battaglia per sconfiggere i maschi oppressori. Il gretismo \u00e8 la sublimazione delle borghesie Ztl purificate che additano come ignoranti e volgari coloro che continuano a occupare il mondo con pretese di qualit\u00e0 della vita migliore per s\u00e9 e i propri figli. \u00c8 un nuovo farisaismo ambientalista\u00bb.<\/p>\n<p style=\"text-align: justify;\"><strong>L\u2019occidente non \u00e8 esente da colpe avendo prodotto il colonialismo e l\u2019esportazione della democrazia\u2026<\/strong><\/p>\n<p style=\"text-align: justify;\">\u00abQuello che chiamiamo occidente \u00e8 frutto di una storia tormentata e conflittuale. Attraverso questa storia, pur sanguinosa e violenta, si \u00e8 arrivati a un modello sociale e politico in cui la dignit\u00e0 dell\u2019uomo e i diritti delle minoranze sono maggiormente garantiti. L\u2019occidente ha colpe orripilanti, ma solo in questa civilt\u00e0, risultato dei contributi dell\u2019ebraismo, del cristianesimo, dell\u2019et\u00e0 greca e romana, la difesa della dignit\u00e0 della persona ha trovato compimento. In Cina, in India, in Africa, non c\u2019\u00e8 nulla che si avvicini a questo grado di rispetto dell\u2019uomo\u00bb.<\/p>\n<p style=\"text-align: justify;\"><strong>Che ruolo hanno l\u2019industria culturale, il cinema e la televisione nella creazione dell\u2019immaginario politicamente corretto?<\/strong><\/p>\n<p style=\"text-align: justify;\"><a href=\"https:\/\/www.rassegnastampa-totustuus.it\/cattolica\/wp-content\/uploads\/2004\/11\/crociate_film.jpg\"><img loading=\"lazy\" decoding=\"async\" class=\"alignright wp-image-32593\" src=\"https:\/\/www.rassegnastampa-totustuus.it\/cattolica\/wp-content\/uploads\/2004\/11\/crociate_film.jpg\" alt=\"\" width=\"159\" height=\"200\" \/><\/a>\u00abEssendo un sistema di pensiero liquido e pervasivo, il politicamente corretto ha sostituito i testi sacri come il <em>Libretto rosso<\/em>, <em>Il Capitale<\/em> e il <em>Mein Kampf<\/em> con l\u2019industria dell\u2019intrattenimento, la cultura pop e la comunicazione digitale dei social media che, non a caso, sono concentrati in pochi grandi gruppi. E che, ancora non a caso, su piattaforme come Netflix, Amazon prime e Google, si concentrano le richieste di censura e controllo con l\u2019insistente evocazione di fake news e hate speech (<em>discorsi d\u2019odio ndr<\/em>)\u00bb.<\/p>\n<p style=\"text-align: justify;\"><strong>Che cosa pensa del giro delle televisioni dei due ragazzini, l\u2019italo egiziano Ramy e l\u2019italo marocchino Adam, seguito al dirottamento del pulmino dei bambini?<\/strong><\/p>\n<p style=\"text-align: justify;\">\u00abL\u2019episodio di San Donato milanese \u00e8 il classico esempio di come il sistema dei media diventi cassa di propaganda ideologica. Il fatto che un italiano di origine senegalese abbia minacciato di uccidere decine di bambini \u00e8 stato trasformato in un\u2019apologia dello <em>ius soli<\/em> utilizzando il fatto che alcuni di quei bambini non erano di origine europea. Non a caso l\u2019intervento di altri bambini nati in Italia \u00e8 stato sottaciuto\u00bb.<\/p>\n<p style=\"text-align: justify;\"><strong><a href=\"https:\/\/www.rassegnastampa-totustuus.it\/cattolica\/wp-content\/uploads\/2019\/04\/congresso_famiglia_verona.jpg\"><img loading=\"lazy\" decoding=\"async\" class=\"alignleft wp-image-42647\" src=\"https:\/\/www.rassegnastampa-totustuus.it\/cattolica\/wp-content\/uploads\/2019\/04\/congresso_famiglia_verona.jpg\" alt=\"\" width=\"154\" height=\"200\" \/><\/a>Perch\u00e9 un\u2019editorialista frequente ospite dei talk show pu\u00f2 permettersi di bollare come \u00abfossili viventi\u00bb i partecipanti al Congresso mondiale della famiglia di Verona?<\/strong><\/p>\n<p style=\"text-align: justify;\">\u00ab\u00c8 un esempio lampante di quello che abbiamo detto: il politicamente corretto non ammette dialettica e dissenso. Chi esprime una posizione alternativa, in questo caso la difesa della famiglia, viene bollato come retrogrado perch\u00e9 il fatto stesso di esserci viene vissuto come un attacco, un\u2019offesa e una violenza verso il dogma, in questo caso le famiglie plurali e arcobaleno\u00bb.<\/p>\n<p style=\"text-align: justify;\"><strong>Oggi il propellente pi\u00f9 efficace del politicamente corretto \u00e8 l\u2019ideologia gender o l\u2019antiumanesimo ambientalista?<\/strong><\/p>\n<p style=\"text-align: justify;\">\u00abNon so cosa sia peggio. Sono entrambi componenti della stessa idea liquida della vita che ha una delle sue fonti ispirative in\u00a0<em>Imagine<\/em>\u00a0di John Lennon, non a caso cantata per decenni in tutti i raduni pacifisti, ambientalisti, in favore dell\u2019amore libero. Sogna un mondo senza patrie, propriet\u00e0 e fedi, solo votato alla soddisfazione dell\u2019emozione istantanea dell\u2019individuo\u00bb.<\/p>\n<p style=\"text-align: justify;\"><strong>\u00c8 l\u2019uomo che si sostituisce a Dio?<\/strong><\/p>\n<p style=\"text-align: justify;\">\u00abE che, paradossalmente, si nullifica riducendosi a un fascio di pulsioni. Senza uno statuto proprio, \u00e8 un\u2019entit\u00e0 totalmente manipolabile. O, forse, sostituibile\u00bb.<\/p>\n<p>__________________<\/p>\n<p style=\"text-align: justify;\"><strong>Leggi anche:<\/strong><\/p>\n<p style=\"text-align: justify;\"><a href=\"https:\/\/www.rassegnastampa-totustuus.it\/cattolica\/?p=41767\" target=\"_blank\" rel=\"noopener noreferrer\">L\u2019ideologia del politicamente corretto e i dogmi del neoprogressismo: intervista a Eugenio Capozzi<\/a><\/p>\n<p><strong>per approfondire:<\/strong><\/p>\n<p style=\"text-align: justify;\"><a href=\"https:\/\/www.rassegnastampa-totustuus.it\/cattolica\/?p=41954\" target=\"_blank\" rel=\"noopener noreferrer\">Politicamente corretto. L\u2019effetto farfalla<\/a><\/p>\n<p><a href=\"https:\/\/www.rassegnastampa-totustuus.it\/cattolica\/?p=46438\" target=\"_blank\" rel=\"noopener noreferrer\">Corso intensivo sul politicamente corretto<\/a><\/p>\n<p><a href=\"https:\/\/www.rassegnastampa-totustuus.it\/cattolica\/?p=44209\" target=\"_blank\" rel=\"noopener noreferrer\">Dietro le distorsioni del politicamente corretto l\u2019attacco alla civilt\u00e0 occidentale<\/a><\/p>\n<p><a href=\"https:\/\/www.rassegnastampa-totustuus.it\/cattolica\/?p=36897\" target=\"_blank\" rel=\"noopener noreferrer\">Il politicamente corretto ha corrotto l\u2019Europa<\/a><\/p>\n<p><a href=\"https:\/\/www.rassegnastampa-totustuus.it\/cattolica\/?p=29393\" target=\"_blank\" rel=\"noopener noreferrer\">Politicamente corretto, la nuova religione della \u201csottomissione\u201d al \u201cnon pensiero\u201d del potere<\/a><\/p>\n","protected":false},"excerpt":{"rendered":"<p>da La Verit\u00e0, 7 aprile 2019 (Versione integrale) di Maurizio Caverzan Non l\u2019aveva fatto ancora nessuno. Nessuno si era messo l\u00ec, a studiare il politicamente corretto. Origini, caratteristiche, scenari. Solo un costume e un linguaggio edulcorati o qualcosa di pi\u00f9 solido e pregnante? Ad approfondire scientificamente la questione ha pensato Eugenio Capozzi, docente di storia &hellip; <\/p>\n<p><a class=\"more-link btn\" href=\"https:\/\/www.rassegnastampa-totustuus.it\/cattolica\/politicamente-corretto-religione-che-vieta-la-dialettica-e-il-dissenso\/\">Continua a leggere<\/a><\/p>\n","protected":false},"author":6,"featured_media":42816,"comment_status":"closed","ping_status":"closed","sticky":false,"template":"","format":"standard","meta":{"footnotes":""},"categories":[25],"tags":[1835],"class_list":["post-42815","post","type-post","status-publish","format-standard","has-post-thumbnail","hentry","category-sguardo-sul-nostro-tempo","tag-politicamente-corretto","item-wrap"],"yoast_head":"<!-- This site is optimized with the Yoast SEO plugin v27.5 - https:\/\/yoast.com\/product\/yoast-seo-wordpress\/ -->\n<title>\u00abPoliticamente corretto, religione che vieta la dialettica e il dissenso\u00bb - Rassegna Stampa Cattolica<\/title>\n<meta name=\"description\" content=\"Rassegna Stampa Cattolica - Per una cultura che nasce dalla Rivelazione cristiana in conformit\u00e0 alla tradizione e al Magistero della Chiesa in opposizione ad ogni relativismo e totalitarismo\" \/>\n<meta name=\"robots\" content=\"index, follow, max-snippet:-1, max-image-preview:large, max-video-preview:-1\" \/>\n<link rel=\"canonical\" href=\"https:\/\/www.rassegnastampa-totustuus.it\/cattolica\/politicamente-corretto-religione-che-vieta-la-dialettica-e-il-dissenso\/\" \/>\n<meta property=\"og:locale\" content=\"it_IT\" \/>\n<meta property=\"og:type\" content=\"article\" \/>\n<meta property=\"og:title\" content=\"\u00abPoliticamente corretto, religione che vieta la dialettica e il dissenso\u00bb - Rassegna Stampa Cattolica\" \/>\n<meta property=\"og:description\" content=\"Rassegna Stampa Cattolica - Per una cultura che nasce dalla Rivelazione cristiana in conformit\u00e0 alla tradizione e al Magistero della Chiesa in opposizione ad ogni relativismo e totalitarismo\" \/>\n<meta property=\"og:url\" content=\"https:\/\/www.rassegnastampa-totustuus.it\/cattolica\/politicamente-corretto-religione-che-vieta-la-dialettica-e-il-dissenso\/\" \/>\n<meta property=\"og:site_name\" content=\"Rassegna Stampa Cattolica\" \/>\n<meta property=\"article:publisher\" content=\"https:\/\/www.facebook.com\/rassegnastampacattolica\" \/>\n<meta property=\"article:published_time\" content=\"2019-04-24T22:00:38+00:00\" \/>\n<meta property=\"article:modified_time\" content=\"2020-02-24T11:18:42+00:00\" \/>\n<meta property=\"og:image\" content=\"https:\/\/www.rassegnastampa-totustuus.it\/cattolica\/wp-content\/uploads\/2019\/04\/politicamente-corretto.jpg\" \/>\n\t<meta property=\"og:image:width\" content=\"1600\" \/>\n\t<meta property=\"og:image:height\" content=\"1066\" \/>\n\t<meta property=\"og:image:type\" content=\"image\/jpeg\" \/>\n<meta name=\"author\" content=\"Redazione\" \/>\n<meta name=\"twitter:card\" content=\"summary_large_image\" \/>\n<meta name=\"twitter:creator\" content=\"@rassegnastampa9\" \/>\n<meta name=\"twitter:site\" content=\"@rassegnastampa9\" \/>\n<meta name=\"twitter:label1\" content=\"Scritto da\" \/>\n\t<meta name=\"twitter:data1\" content=\"Redazione\" \/>\n\t<meta name=\"twitter:label2\" content=\"Tempo di lettura stimato\" \/>\n\t<meta name=\"twitter:data2\" content=\"9 minuti\" \/>\n<script type=\"application\/ld+json\" class=\"yoast-schema-graph\">{\"@context\":\"https:\\\/\\\/schema.org\",\"@graph\":[{\"@type\":\"Article\",\"@id\":\"https:\\\/\\\/www.rassegnastampa-totustuus.it\\\/cattolica\\\/politicamente-corretto-religione-che-vieta-la-dialettica-e-il-dissenso\\\/#article\",\"isPartOf\":{\"@id\":\"https:\\\/\\\/www.rassegnastampa-totustuus.it\\\/cattolica\\\/politicamente-corretto-religione-che-vieta-la-dialettica-e-il-dissenso\\\/\"},\"author\":{\"name\":\"Redazione\",\"@id\":\"https:\\\/\\\/www.rassegnastampa-totustuus.it\\\/cattolica\\\/#\\\/schema\\\/person\\\/08f319d2bd1a0904ad9e2bfb7b15e5c3\"},\"headline\":\"\u00abPoliticamente corretto, religione che vieta la dialettica e il dissenso\u00bb\",\"datePublished\":\"2019-04-24T22:00:38+00:00\",\"dateModified\":\"2020-02-24T11:18:42+00:00\",\"mainEntityOfPage\":{\"@id\":\"https:\\\/\\\/www.rassegnastampa-totustuus.it\\\/cattolica\\\/politicamente-corretto-religione-che-vieta-la-dialettica-e-il-dissenso\\\/\"},\"wordCount\":1712,\"publisher\":{\"@id\":\"https:\\\/\\\/www.rassegnastampa-totustuus.it\\\/cattolica\\\/#organization\"},\"image\":{\"@id\":\"https:\\\/\\\/www.rassegnastampa-totustuus.it\\\/cattolica\\\/politicamente-corretto-religione-che-vieta-la-dialettica-e-il-dissenso\\\/#primaryimage\"},\"thumbnailUrl\":\"https:\\\/\\\/www.rassegnastampa-totustuus.it\\\/cattolica\\\/wp-content\\\/uploads\\\/2019\\\/04\\\/politicamente-corretto.jpg\",\"keywords\":[\"politicamente corretto\"],\"articleSection\":[\"Sguardo sul nostro tempo\"],\"inLanguage\":\"it-IT\"},{\"@type\":\"WebPage\",\"@id\":\"https:\\\/\\\/www.rassegnastampa-totustuus.it\\\/cattolica\\\/politicamente-corretto-religione-che-vieta-la-dialettica-e-il-dissenso\\\/\",\"url\":\"https:\\\/\\\/www.rassegnastampa-totustuus.it\\\/cattolica\\\/politicamente-corretto-religione-che-vieta-la-dialettica-e-il-dissenso\\\/\",\"name\":\"\u00abPoliticamente corretto, religione che vieta la dialettica e il dissenso\u00bb - Rassegna Stampa Cattolica\",\"isPartOf\":{\"@id\":\"https:\\\/\\\/www.rassegnastampa-totustuus.it\\\/cattolica\\\/#website\"},\"primaryImageOfPage\":{\"@id\":\"https:\\\/\\\/www.rassegnastampa-totustuus.it\\\/cattolica\\\/politicamente-corretto-religione-che-vieta-la-dialettica-e-il-dissenso\\\/#primaryimage\"},\"image\":{\"@id\":\"https:\\\/\\\/www.rassegnastampa-totustuus.it\\\/cattolica\\\/politicamente-corretto-religione-che-vieta-la-dialettica-e-il-dissenso\\\/#primaryimage\"},\"thumbnailUrl\":\"https:\\\/\\\/www.rassegnastampa-totustuus.it\\\/cattolica\\\/wp-content\\\/uploads\\\/2019\\\/04\\\/politicamente-corretto.jpg\",\"datePublished\":\"2019-04-24T22:00:38+00:00\",\"dateModified\":\"2020-02-24T11:18:42+00:00\",\"description\":\"Rassegna Stampa Cattolica - Per una cultura che nasce dalla Rivelazione cristiana in conformit\u00e0 alla tradizione e al Magistero della Chiesa in opposizione ad ogni relativismo e totalitarismo\",\"breadcrumb\":{\"@id\":\"https:\\\/\\\/www.rassegnastampa-totustuus.it\\\/cattolica\\\/politicamente-corretto-religione-che-vieta-la-dialettica-e-il-dissenso\\\/#breadcrumb\"},\"inLanguage\":\"it-IT\",\"potentialAction\":[{\"@type\":\"ReadAction\",\"target\":[\"https:\\\/\\\/www.rassegnastampa-totustuus.it\\\/cattolica\\\/politicamente-corretto-religione-che-vieta-la-dialettica-e-il-dissenso\\\/\"]}]},{\"@type\":\"ImageObject\",\"inLanguage\":\"it-IT\",\"@id\":\"https:\\\/\\\/www.rassegnastampa-totustuus.it\\\/cattolica\\\/politicamente-corretto-religione-che-vieta-la-dialettica-e-il-dissenso\\\/#primaryimage\",\"url\":\"https:\\\/\\\/www.rassegnastampa-totustuus.it\\\/cattolica\\\/wp-content\\\/uploads\\\/2019\\\/04\\\/politicamente-corretto.jpg\",\"contentUrl\":\"https:\\\/\\\/www.rassegnastampa-totustuus.it\\\/cattolica\\\/wp-content\\\/uploads\\\/2019\\\/04\\\/politicamente-corretto.jpg\",\"width\":1600,\"height\":1066},{\"@type\":\"BreadcrumbList\",\"@id\":\"https:\\\/\\\/www.rassegnastampa-totustuus.it\\\/cattolica\\\/politicamente-corretto-religione-che-vieta-la-dialettica-e-il-dissenso\\\/#breadcrumb\",\"itemListElement\":[{\"@type\":\"ListItem\",\"position\":1,\"name\":\"Home\",\"item\":\"https:\\\/\\\/www.rassegnastampa-totustuus.it\\\/cattolica\\\/\"},{\"@type\":\"ListItem\",\"position\":2,\"name\":\"\u00abPoliticamente corretto, religione che vieta la dialettica e il dissenso\u00bb\"}]},{\"@type\":\"WebSite\",\"@id\":\"https:\\\/\\\/www.rassegnastampa-totustuus.it\\\/cattolica\\\/#website\",\"url\":\"https:\\\/\\\/www.rassegnastampa-totustuus.it\\\/cattolica\\\/\",\"name\":\"Rassegna Stampa Cattolica\",\"description\":\"Per una cultura che nasce dalla Rivelazione cristiana in conformit\u00e0 alla tradizione e al Magistero della Chiesa in opposizione ad ogni relativismo e totalitarismo\",\"publisher\":{\"@id\":\"https:\\\/\\\/www.rassegnastampa-totustuus.it\\\/cattolica\\\/#organization\"},\"alternateName\":\"Rass. Cattolica\",\"potentialAction\":[{\"@type\":\"SearchAction\",\"target\":{\"@type\":\"EntryPoint\",\"urlTemplate\":\"https:\\\/\\\/www.rassegnastampa-totustuus.it\\\/cattolica\\\/?s={search_term_string}\"},\"query-input\":{\"@type\":\"PropertyValueSpecification\",\"valueRequired\":true,\"valueName\":\"search_term_string\"}}],\"inLanguage\":\"it-IT\"},{\"@type\":\"Organization\",\"@id\":\"https:\\\/\\\/www.rassegnastampa-totustuus.it\\\/cattolica\\\/#organization\",\"name\":\"Rassegna Stampa Cattolica\",\"url\":\"https:\\\/\\\/www.rassegnastampa-totustuus.it\\\/cattolica\\\/\",\"logo\":{\"@type\":\"ImageObject\",\"inLanguage\":\"it-IT\",\"@id\":\"https:\\\/\\\/www.rassegnastampa-totustuus.it\\\/cattolica\\\/#\\\/schema\\\/logo\\\/image\\\/\",\"url\":\"https:\\\/\\\/www.rassegnastampa-totustuus.it\\\/cattolica\\\/wp-content\\\/uploads\\\/2014\\\/04\\\/logo-rassegna1.gif\",\"contentUrl\":\"https:\\\/\\\/www.rassegnastampa-totustuus.it\\\/cattolica\\\/wp-content\\\/uploads\\\/2014\\\/04\\\/logo-rassegna1.gif\",\"width\":600,\"height\":163,\"caption\":\"Rassegna Stampa Cattolica\"},\"image\":{\"@id\":\"https:\\\/\\\/www.rassegnastampa-totustuus.it\\\/cattolica\\\/#\\\/schema\\\/logo\\\/image\\\/\"},\"sameAs\":[\"https:\\\/\\\/www.facebook.com\\\/rassegnastampacattolica\",\"https:\\\/\\\/x.com\\\/rassegnastampa9\"]},{\"@type\":\"Person\",\"@id\":\"https:\\\/\\\/www.rassegnastampa-totustuus.it\\\/cattolica\\\/#\\\/schema\\\/person\\\/08f319d2bd1a0904ad9e2bfb7b15e5c3\",\"name\":\"Redazione\",\"image\":{\"@type\":\"ImageObject\",\"inLanguage\":\"it-IT\",\"@id\":\"https:\\\/\\\/secure.gravatar.com\\\/avatar\\\/2fcdf27c78ea025fbdb44e914cc63c72249ffec9dc8aafd5c82b26240ef3f346?s=96&d=mm&r=g\",\"url\":\"https:\\\/\\\/secure.gravatar.com\\\/avatar\\\/2fcdf27c78ea025fbdb44e914cc63c72249ffec9dc8aafd5c82b26240ef3f346?s=96&d=mm&r=g\",\"contentUrl\":\"https:\\\/\\\/secure.gravatar.com\\\/avatar\\\/2fcdf27c78ea025fbdb44e914cc63c72249ffec9dc8aafd5c82b26240ef3f346?s=96&d=mm&r=g\",\"caption\":\"Redazione\"},\"url\":\"https:\\\/\\\/www.rassegnastampa-totustuus.it\\\/cattolica\\\/author\\\/pietroelle\\\/\"}]}<\/script>\n<!-- \/ Yoast SEO plugin. -->","yoast_head_json":{"title":"\u00abPoliticamente corretto, religione che vieta la dialettica e il dissenso\u00bb - Rassegna Stampa Cattolica","description":"Rassegna Stampa Cattolica - Per una cultura che nasce dalla Rivelazione cristiana in conformit\u00e0 alla tradizione e al Magistero della Chiesa in opposizione ad ogni relativismo e totalitarismo","robots":{"index":"index","follow":"follow","max-snippet":"max-snippet:-1","max-image-preview":"max-image-preview:large","max-video-preview":"max-video-preview:-1"},"canonical":"https:\/\/www.rassegnastampa-totustuus.it\/cattolica\/politicamente-corretto-religione-che-vieta-la-dialettica-e-il-dissenso\/","og_locale":"it_IT","og_type":"article","og_title":"\u00abPoliticamente corretto, religione che vieta la dialettica e il dissenso\u00bb - Rassegna Stampa Cattolica","og_description":"Rassegna Stampa Cattolica - Per una cultura che nasce dalla Rivelazione cristiana in conformit\u00e0 alla tradizione e al Magistero della Chiesa in opposizione ad ogni relativismo e totalitarismo","og_url":"https:\/\/www.rassegnastampa-totustuus.it\/cattolica\/politicamente-corretto-religione-che-vieta-la-dialettica-e-il-dissenso\/","og_site_name":"Rassegna Stampa Cattolica","article_publisher":"https:\/\/www.facebook.com\/rassegnastampacattolica","article_published_time":"2019-04-24T22:00:38+00:00","article_modified_time":"2020-02-24T11:18:42+00:00","og_image":[{"width":1600,"height":1066,"url":"https:\/\/www.rassegnastampa-totustuus.it\/cattolica\/wp-content\/uploads\/2019\/04\/politicamente-corretto.jpg","type":"image\/jpeg"}],"author":"Redazione","twitter_card":"summary_large_image","twitter_creator":"@rassegnastampa9","twitter_site":"@rassegnastampa9","twitter_misc":{"Scritto da":"Redazione","Tempo di lettura stimato":"9 minuti"},"schema":{"@context":"https:\/\/schema.org","@graph":[{"@type":"Article","@id":"https:\/\/www.rassegnastampa-totustuus.it\/cattolica\/politicamente-corretto-religione-che-vieta-la-dialettica-e-il-dissenso\/#article","isPartOf":{"@id":"https:\/\/www.rassegnastampa-totustuus.it\/cattolica\/politicamente-corretto-religione-che-vieta-la-dialettica-e-il-dissenso\/"},"author":{"name":"Redazione","@id":"https:\/\/www.rassegnastampa-totustuus.it\/cattolica\/#\/schema\/person\/08f319d2bd1a0904ad9e2bfb7b15e5c3"},"headline":"\u00abPoliticamente corretto, religione che vieta la dialettica e il dissenso\u00bb","datePublished":"2019-04-24T22:00:38+00:00","dateModified":"2020-02-24T11:18:42+00:00","mainEntityOfPage":{"@id":"https:\/\/www.rassegnastampa-totustuus.it\/cattolica\/politicamente-corretto-religione-che-vieta-la-dialettica-e-il-dissenso\/"},"wordCount":1712,"publisher":{"@id":"https:\/\/www.rassegnastampa-totustuus.it\/cattolica\/#organization"},"image":{"@id":"https:\/\/www.rassegnastampa-totustuus.it\/cattolica\/politicamente-corretto-religione-che-vieta-la-dialettica-e-il-dissenso\/#primaryimage"},"thumbnailUrl":"https:\/\/www.rassegnastampa-totustuus.it\/cattolica\/wp-content\/uploads\/2019\/04\/politicamente-corretto.jpg","keywords":["politicamente corretto"],"articleSection":["Sguardo sul nostro tempo"],"inLanguage":"it-IT"},{"@type":"WebPage","@id":"https:\/\/www.rassegnastampa-totustuus.it\/cattolica\/politicamente-corretto-religione-che-vieta-la-dialettica-e-il-dissenso\/","url":"https:\/\/www.rassegnastampa-totustuus.it\/cattolica\/politicamente-corretto-religione-che-vieta-la-dialettica-e-il-dissenso\/","name":"\u00abPoliticamente corretto, religione che vieta la dialettica e il dissenso\u00bb - Rassegna Stampa Cattolica","isPartOf":{"@id":"https:\/\/www.rassegnastampa-totustuus.it\/cattolica\/#website"},"primaryImageOfPage":{"@id":"https:\/\/www.rassegnastampa-totustuus.it\/cattolica\/politicamente-corretto-religione-che-vieta-la-dialettica-e-il-dissenso\/#primaryimage"},"image":{"@id":"https:\/\/www.rassegnastampa-totustuus.it\/cattolica\/politicamente-corretto-religione-che-vieta-la-dialettica-e-il-dissenso\/#primaryimage"},"thumbnailUrl":"https:\/\/www.rassegnastampa-totustuus.it\/cattolica\/wp-content\/uploads\/2019\/04\/politicamente-corretto.jpg","datePublished":"2019-04-24T22:00:38+00:00","dateModified":"2020-02-24T11:18:42+00:00","description":"Rassegna Stampa Cattolica - Per una cultura che nasce dalla Rivelazione cristiana in conformit\u00e0 alla tradizione e al Magistero della Chiesa in opposizione ad ogni relativismo e totalitarismo","breadcrumb":{"@id":"https:\/\/www.rassegnastampa-totustuus.it\/cattolica\/politicamente-corretto-religione-che-vieta-la-dialettica-e-il-dissenso\/#breadcrumb"},"inLanguage":"it-IT","potentialAction":[{"@type":"ReadAction","target":["https:\/\/www.rassegnastampa-totustuus.it\/cattolica\/politicamente-corretto-religione-che-vieta-la-dialettica-e-il-dissenso\/"]}]},{"@type":"ImageObject","inLanguage":"it-IT","@id":"https:\/\/www.rassegnastampa-totustuus.it\/cattolica\/politicamente-corretto-religione-che-vieta-la-dialettica-e-il-dissenso\/#primaryimage","url":"https:\/\/www.rassegnastampa-totustuus.it\/cattolica\/wp-content\/uploads\/2019\/04\/politicamente-corretto.jpg","contentUrl":"https:\/\/www.rassegnastampa-totustuus.it\/cattolica\/wp-content\/uploads\/2019\/04\/politicamente-corretto.jpg","width":1600,"height":1066},{"@type":"BreadcrumbList","@id":"https:\/\/www.rassegnastampa-totustuus.it\/cattolica\/politicamente-corretto-religione-che-vieta-la-dialettica-e-il-dissenso\/#breadcrumb","itemListElement":[{"@type":"ListItem","position":1,"name":"Home","item":"https:\/\/www.rassegnastampa-totustuus.it\/cattolica\/"},{"@type":"ListItem","position":2,"name":"\u00abPoliticamente corretto, religione che vieta la dialettica e il dissenso\u00bb"}]},{"@type":"WebSite","@id":"https:\/\/www.rassegnastampa-totustuus.it\/cattolica\/#website","url":"https:\/\/www.rassegnastampa-totustuus.it\/cattolica\/","name":"Rassegna Stampa Cattolica","description":"Per una cultura che nasce dalla Rivelazione cristiana in conformit\u00e0 alla tradizione e al Magistero della Chiesa in opposizione ad ogni relativismo e totalitarismo","publisher":{"@id":"https:\/\/www.rassegnastampa-totustuus.it\/cattolica\/#organization"},"alternateName":"Rass. Cattolica","potentialAction":[{"@type":"SearchAction","target":{"@type":"EntryPoint","urlTemplate":"https:\/\/www.rassegnastampa-totustuus.it\/cattolica\/?s={search_term_string}"},"query-input":{"@type":"PropertyValueSpecification","valueRequired":true,"valueName":"search_term_string"}}],"inLanguage":"it-IT"},{"@type":"Organization","@id":"https:\/\/www.rassegnastampa-totustuus.it\/cattolica\/#organization","name":"Rassegna Stampa Cattolica","url":"https:\/\/www.rassegnastampa-totustuus.it\/cattolica\/","logo":{"@type":"ImageObject","inLanguage":"it-IT","@id":"https:\/\/www.rassegnastampa-totustuus.it\/cattolica\/#\/schema\/logo\/image\/","url":"https:\/\/www.rassegnastampa-totustuus.it\/cattolica\/wp-content\/uploads\/2014\/04\/logo-rassegna1.gif","contentUrl":"https:\/\/www.rassegnastampa-totustuus.it\/cattolica\/wp-content\/uploads\/2014\/04\/logo-rassegna1.gif","width":600,"height":163,"caption":"Rassegna Stampa Cattolica"},"image":{"@id":"https:\/\/www.rassegnastampa-totustuus.it\/cattolica\/#\/schema\/logo\/image\/"},"sameAs":["https:\/\/www.facebook.com\/rassegnastampacattolica","https:\/\/x.com\/rassegnastampa9"]},{"@type":"Person","@id":"https:\/\/www.rassegnastampa-totustuus.it\/cattolica\/#\/schema\/person\/08f319d2bd1a0904ad9e2bfb7b15e5c3","name":"Redazione","image":{"@type":"ImageObject","inLanguage":"it-IT","@id":"https:\/\/secure.gravatar.com\/avatar\/2fcdf27c78ea025fbdb44e914cc63c72249ffec9dc8aafd5c82b26240ef3f346?s=96&d=mm&r=g","url":"https:\/\/secure.gravatar.com\/avatar\/2fcdf27c78ea025fbdb44e914cc63c72249ffec9dc8aafd5c82b26240ef3f346?s=96&d=mm&r=g","contentUrl":"https:\/\/secure.gravatar.com\/avatar\/2fcdf27c78ea025fbdb44e914cc63c72249ffec9dc8aafd5c82b26240ef3f346?s=96&d=mm&r=g","caption":"Redazione"},"url":"https:\/\/www.rassegnastampa-totustuus.it\/cattolica\/author\/pietroelle\/"}]}},"_links":{"self":[{"href":"https:\/\/www.rassegnastampa-totustuus.it\/cattolica\/wp-json\/wp\/v2\/posts\/42815","targetHints":{"allow":["GET"]}}],"collection":[{"href":"https:\/\/www.rassegnastampa-totustuus.it\/cattolica\/wp-json\/wp\/v2\/posts"}],"about":[{"href":"https:\/\/www.rassegnastampa-totustuus.it\/cattolica\/wp-json\/wp\/v2\/types\/post"}],"author":[{"embeddable":true,"href":"https:\/\/www.rassegnastampa-totustuus.it\/cattolica\/wp-json\/wp\/v2\/users\/6"}],"replies":[{"embeddable":true,"href":"https:\/\/www.rassegnastampa-totustuus.it\/cattolica\/wp-json\/wp\/v2\/comments?post=42815"}],"version-history":[{"count":2,"href":"https:\/\/www.rassegnastampa-totustuus.it\/cattolica\/wp-json\/wp\/v2\/posts\/42815\/revisions"}],"predecessor-version":[{"id":46483,"href":"https:\/\/www.rassegnastampa-totustuus.it\/cattolica\/wp-json\/wp\/v2\/posts\/42815\/revisions\/46483"}],"wp:featuredmedia":[{"embeddable":true,"href":"https:\/\/www.rassegnastampa-totustuus.it\/cattolica\/wp-json\/wp\/v2\/media\/42816"}],"wp:attachment":[{"href":"https:\/\/www.rassegnastampa-totustuus.it\/cattolica\/wp-json\/wp\/v2\/media?parent=42815"}],"wp:term":[{"taxonomy":"category","embeddable":true,"href":"https:\/\/www.rassegnastampa-totustuus.it\/cattolica\/wp-json\/wp\/v2\/categories?post=42815"},{"taxonomy":"post_tag","embeddable":true,"href":"https:\/\/www.rassegnastampa-totustuus.it\/cattolica\/wp-json\/wp\/v2\/tags?post=42815"}],"curies":[{"name":"wp","href":"https:\/\/api.w.org\/{rel}","templated":true}]}}