{"id":42780,"date":"2019-04-25T00:00:08","date_gmt":"2019-04-24T22:00:08","guid":{"rendered":"http:\/\/www.rassegnastampa-totustuus.it\/cattolica\/?p=42780"},"modified":"2019-04-16T14:50:58","modified_gmt":"2019-04-16T12:50:58","slug":"il-sud-sudan-distrutto-da-corruzione-e-tribalismo","status":"publish","type":"post","link":"https:\/\/www.rassegnastampa-totustuus.it\/cattolica\/il-sud-sudan-distrutto-da-corruzione-e-tribalismo\/","title":{"rendered":"Il Sud Sudan distrutto da corruzione e tribalismo"},"content":{"rendered":"<p style=\"text-align: center;\"><a href=\"https:\/\/www.rassegnastampa-totustuus.it\/cattolica\/wp-content\/uploads\/2019\/04\/Africa_Sudan_guerriglia.jpg\"><img loading=\"lazy\" decoding=\"async\" class=\"alignright wp-image-42781\" src=\"https:\/\/www.rassegnastampa-totustuus.it\/cattolica\/wp-content\/uploads\/2019\/04\/Africa_Sudan_guerriglia-300x213.jpg\" alt=\"\" width=\"250\" height=\"178\" srcset=\"https:\/\/www.rassegnastampa-totustuus.it\/cattolica\/wp-content\/uploads\/2019\/04\/Africa_Sudan_guerriglia-300x213.jpg 300w, https:\/\/www.rassegnastampa-totustuus.it\/cattolica\/wp-content\/uploads\/2019\/04\/Africa_Sudan_guerriglia-768x546.jpg 768w, https:\/\/www.rassegnastampa-totustuus.it\/cattolica\/wp-content\/uploads\/2019\/04\/Africa_Sudan_guerriglia-1024x728.jpg 1024w, https:\/\/www.rassegnastampa-totustuus.it\/cattolica\/wp-content\/uploads\/2019\/04\/Africa_Sudan_guerriglia.jpg 1170w\" sizes=\"auto, (max-width: 250px) 100vw, 250px\" \/><\/a>Da <a href=\"http:\/\/www.lanuovabq.it\/\" target=\"_blank\" rel=\"noopener noreferrer\"><strong>La Nuova bussola quotidiana <\/strong><\/a><\/p>\n<p style=\"text-align: center;\">15 Aprile 2019<\/p>\n<p style=\"text-align: justify;\"><em>All\u2019indomani dell\u2019incontro in Santa Marta tra il presidente sud sudanese Salva Kiir e l\u2019ex vicepresidente Rick Machar, \u00e8 opportuno rievocare che cosa \u00e8 successo nel Sudan del Sud negli ultimi anni. Dopo decenni di genocidio e guerra civile, ottenuta finalmente l&#8217;indipendenza da Khartoum, il paese si \u00e8 diviso su cordate tribali per il potere.<\/em><\/p>\n<p style=\"text-align: center;\">di<strong> Anna Bono<\/strong><\/p>\n<p><!--more--><\/p>\n<p style=\"text-align: justify;\">Il Rapporto mondiale sulla felicit\u00e0 2019, pubblicato dal Sustainable Development Solutions Network delle Nazioni Unite, comprende come in tutte le precedenti edizioni un Indice della felicit\u00e0 che quest\u2019anno vede all\u2019ultimo posto il Sudan del Sud, preceduto dalla Repubblica Centrafricana. Di tutti gli Indici compilati ogni anno \u2013 di sviluppo umano, corruzione, fragilit\u00e0, persecuzione religiosa, democrazia \u2026 \u2013 quello della felicit\u00e0 \u00e8 il meno convincente, anche se i ricercatori incaricati del calcolo e della classifica sostengono l\u2019esistenza di una \u201cscienza della felicit\u00e0\u201d e di indicatori che consentono di effettuare misurazioni affidabili.<\/p>\n<p style=\"text-align: justify;\"><strong><a href=\"https:\/\/www.rassegnastampa-totustuus.it\/cattolica\/wp-content\/uploads\/2005\/05\/profughi_Sudan.jpg\"><img loading=\"lazy\" decoding=\"async\" class=\"size-full wp-image-30387 alignleft\" src=\"https:\/\/www.rassegnastampa-totustuus.it\/cattolica\/wp-content\/uploads\/2005\/05\/profughi_Sudan.jpg\" alt=\"\" width=\"240\" height=\"160\" \/><\/a>Tuttavia che gli abitanti del Sudan del Sud possano essere tra i pi\u00f9 infelici del pianeta<\/strong> \u00e8 del tutto plausibile. Le loro condizioni di vita sono disperate e le sofferenze che ne derivano sono accresciute dal fatto che otto anni fa il paese ha vissuto un breve, straordinario momento di speranza e fiducia.<\/p>\n<p style=\"text-align: justify;\"><strong>All\u2019indomani dell\u2019incontro in Santa Marta<\/strong> il 10 e 11 aprile tra il presidente sud sudanese Salva Kiir e l\u2019ex vicepresidente Rick Machar, organizzato dalla Segreteria di stato della Santa Sede e dall\u2019Ufficio dell\u2019arcivescovo di Canterbury Justin Welby, \u00e8 opportuno rievocare che cosa \u00e8 successo nel Sudan del Sud negli ultimi anni, di che colpe si sono macchiati Kiir e Machar per irresponsabile, criminale avidit\u00e0 di potere e ricchezza.<\/p>\n<p style=\"text-align: justify;\"><strong>All\u2019inizio del 2011 quasi all\u2019unanimit\u00e0 gli abitanti dell\u2019attuale Sudan del Sud<\/strong> avevano espresso con un referendum la volont\u00e0 di staccarsi dal Sudan di cui costituivano i territori meridionali. Con la secessione finiva un incubo durato decenni, fin dall\u2019indipendenza del Sudan dalla Gran Bretagna, ottenuta nel 1956, che aveva consegnato il governo del paese alle popolazioni arabo islamiche del nord, a scapito di quelle cristiane e animiste di origine africana del sud, marginalizzate, discriminate e, soprattutto a partire dagli anni 80 del secolo scorso dopo il colpo di stato che ha portato al potere Omar al-Bashir, perseguitate crudelmente.<\/p>\n<p style=\"text-align: justify;\"><strong><a href=\"https:\/\/www.rassegnastampa-totustuus.it\/cattolica\/wp-content\/uploads\/2005\/05\/Sudan_pace.jpg\"><img loading=\"lazy\" decoding=\"async\" class=\"alignright wp-image-29087\" src=\"https:\/\/www.rassegnastampa-totustuus.it\/cattolica\/wp-content\/uploads\/2005\/05\/Sudan_pace.jpg\" alt=\"\" width=\"250\" height=\"155\" \/><\/a>Nel 2005 l\u2019accordo globale di pace<\/strong> tra il governo sudanese e l\u2019Spla, l\u2019Esercito di liberazione del popolo del Sudan che per oltre 20 anni ha combattuto il regime di Khartum, ha decretato la fine dei combattimenti e ha consentito di avviare il processo che il 9 luglio del 2011 si \u00e8 concluso con la nascita del Sudan del Sud, la nazione pi\u00f9 giovane del pianeta.<\/p>\n<p style=\"text-align: justify;\"><strong>Il paese era in macerie, la popolazione superstite esausta<\/strong>, i terribili anni di guerra e persecuzione avevano provocato quasi due milioni di morti e circa quattro milioni di profughi, sfollati e rifugiati. Ma con l\u2019indipendenza aveva acquisito i tre quarti dei giacimenti di petrolio del Sudan e gli impianti di estrazione gi\u00e0 funzionanti. Inoltre poteva contare su illimitati crediti internazionali per la ricostruzione, sull\u2019assistenza di tutte le agenzie umanitarie delle Nazioni Unite e di centinaia di organizzazioni non governative.<\/p>\n<p style=\"text-align: justify;\"><a href=\"https:\/\/www.rassegnastampa-totustuus.it\/cattolica\/wp-content\/uploads\/2019\/04\/Susan_sud.jpg\"><img loading=\"lazy\" decoding=\"async\" class=\"alignleft wp-image-42783\" src=\"https:\/\/www.rassegnastampa-totustuus.it\/cattolica\/wp-content\/uploads\/2019\/04\/Susan_sud.jpg\" alt=\"\" width=\"250\" height=\"179\" \/><\/a>Dalla sua aveva poi il fatto di essere una nazione giovane anche per composizione della popolazione: il 46% dei 12 milioni di abitanti era di et\u00e0 compresa tra 0 e 14 anni, bambini che potevano essere la futura ricchezza del paese se cresciuti sani e istruiti, e il 50% era di et\u00e0 tra 15 e 65 anni. Per trasformare in pochi anni il Sudan del Sud in un paese in pieno sviluppo bastava solo evitare due tentazioni fatali: la corruzione sfrenata, male endemico in Africa, che trasforma le risorse nazionali in bottino, e il tribalismo che induce etnie, clan, lignaggi a lottare per aggiudicarselo, il mezzo ideale essendo far man bassa di cariche politiche e amministrative a ogni livello dell\u2019apparato statale.<\/p>\n<p style=\"text-align: justify;\"><strong>I sud sudanesi non sono stati capaci di liberarsi da corruzione e tribalismo<\/strong>. Malgoverno e livelli di corruzione insostenibili hanno fin dall\u2019inizio sprecato gran parte delle risorse che avrebbero dovuto essere utilizzate nella realizzazione delle infrastrutture e dei servizi di cui il paese era quasi del tutto sprovvisto. Quanto al fattore tribale, a far man bassa di cariche governative e amministrative \u00e8 stata l\u2019etnia pi\u00f9 numerosa, quella dei Dinka, che hanno ottenuto anche la presidenza, affidata a Salva Kiir.<\/p>\n<p style=\"text-align: justify;\"><a href=\"https:\/\/www.rassegnastampa-totustuus.it\/cattolica\/wp-content\/uploads\/2005\/05\/Sudan_genocide.jpg\"><img loading=\"lazy\" decoding=\"async\" class=\"wp-image-30335 alignright\" src=\"https:\/\/www.rassegnastampa-totustuus.it\/cattolica\/wp-content\/uploads\/2005\/05\/Sudan_genocide.jpg\" alt=\"\" width=\"250\" height=\"140\" \/><\/a>\u201cSe le altre etnie saranno escluse o mal rappresentate, non staranno a guardare \u2013 aveva detto alla vigilia dell\u2019indipendenza monsignor Cesare Mazzolari, allora vescovo di Rumbek &#8211; e, invece, gli stessi clan Dinka gi\u00e0 si stanno disputando ferocemente le cariche\u201d.<\/p>\n<p style=\"text-align: justify;\">L\u2019etnia meno disposta a \u201cstare a guardare\u201d era quella Nuer, seconda per importanza. Alcuni ministeri e la carica di vicepresidente assegnata al suo leader, Riek Machar, non sono bastati ad appagarne le aspettative. Le tensioni tra Dinka e Nuer, a fronte di un ulteriore, progressivo accentramento del potere nelle mani dei Dinka, sono andate crescendo fino al punto di rottura raggiunto nell\u2019estate del 2013 quando Machar ha annunciato di volersi candidare alle successive elezioni presidenziali, in agenda nel 2015.<\/p>\n<p style=\"text-align: justify;\"><a href=\"https:\/\/www.rassegnastampa-totustuus.it\/cattolica\/wp-content\/uploads\/2019\/04\/Africa_Sudan.jpg\"><img loading=\"lazy\" decoding=\"async\" class=\"alignleft wp-image-42784\" src=\"https:\/\/www.rassegnastampa-totustuus.it\/cattolica\/wp-content\/uploads\/2019\/04\/Africa_Sudan.jpg\" alt=\"\" width=\"250\" height=\"152\" \/><\/a>Il presidente Salva Kiir ha reagito togliendogli subito la carica di vicepresidente e accusandolo di aver tentato un colpo di stato. La situazione \u00e8 poi rapidamente precipitata, trasformandosi il 15 dicembre di quell\u2019anno in conflitto armato, con i militari divisi e gli eserciti di alcuni movimenti ribelli schierati con gli uni o gli altri, a seconda dell\u2019appartenenza etnica. Pochi mesi dopo lo scontro ai vertici politici si \u00e8 trasformato in conflitto etnico generale con livelli di violenza, brutalit\u00e0 e crudelt\u00e0 a detta degli osservatori terrificanti nell\u2019infierire sulle etnie avversarie, sui bambini e sulle donne in particolare.<\/p>\n<p style=\"text-align: justify;\"><strong>Tutti i tentativi di mettere d\u2019accordo le parti sono falliti<\/strong>. Kiir e Machar hanno firmato diversi cessate il fuoco e impegni a dialogare, ma li hanno sempre violati ordinando alle rispettive milizie di continuare a combattere. L\u2019ultimo accordo di pace tra i due avversari risale allo scorso settembre. Prevede la formazione il prossimo maggio di un governo che vedr\u00e0 di nuovo i due leader rispettivamente nella carica di presidente e vicepresidente.<\/p>\n<p style=\"text-align: justify;\">In altre parole, se l\u2019accordo questa volta verr\u00e0 attuato, i contendenti, e con loro le rispettive etnie, ristabiliranno gli equilibri di potere e forza iniziali: al costo immenso di sei anni interi perduti, devastanti per danni materiali e morali inflitti a tutto il paese, con un bilancio di 400.000 morti e oltre due milioni di profughi.<\/p>\n","protected":false},"excerpt":{"rendered":"<p>Da La Nuova bussola quotidiana 15 Aprile 2019 All\u2019indomani dell\u2019incontro in Santa Marta tra il presidente sud sudanese Salva Kiir e l\u2019ex vicepresidente Rick Machar, \u00e8 opportuno rievocare che cosa \u00e8 successo nel Sudan del Sud negli ultimi anni. Dopo decenni di genocidio e guerra civile, ottenuta finalmente l&#8217;indipendenza da Khartoum, il paese si \u00e8 &hellip; <\/p>\n<p><a class=\"more-link btn\" href=\"https:\/\/www.rassegnastampa-totustuus.it\/cattolica\/il-sud-sudan-distrutto-da-corruzione-e-tribalismo\/\">Continua a leggere<\/a><\/p>\n","protected":false},"author":6,"featured_media":42781,"comment_status":"closed","ping_status":"closed","sticky":false,"template":"","format":"standard","meta":{"footnotes":""},"categories":[39,108],"tags":[2393,378],"class_list":["post-42780","post","type-post","status-publish","format-standard","has-post-thumbnail","hentry","category-africa","category-paesi-e-continenti","tag-africa","tag-sudan","item-wrap"],"yoast_head":"<!-- This site is optimized with the Yoast SEO plugin v27.5 - https:\/\/yoast.com\/product\/yoast-seo-wordpress\/ -->\n<title>Il Sud Sudan distrutto da corruzione e tribalismo - Rassegna Stampa Cattolica<\/title>\n<meta name=\"description\" content=\"Rassegna Stampa Cattolica - Per una cultura che nasce dalla Rivelazione cristiana in conformit\u00e0 alla tradizione e al Magistero della Chiesa in opposizione ad ogni relativismo e totalitarismo\" \/>\n<meta name=\"robots\" content=\"index, follow, max-snippet:-1, max-image-preview:large, max-video-preview:-1\" \/>\n<link rel=\"canonical\" href=\"https:\/\/www.rassegnastampa-totustuus.it\/cattolica\/il-sud-sudan-distrutto-da-corruzione-e-tribalismo\/\" \/>\n<meta property=\"og:locale\" content=\"it_IT\" \/>\n<meta property=\"og:type\" content=\"article\" \/>\n<meta property=\"og:title\" content=\"Il Sud Sudan distrutto da corruzione e tribalismo - Rassegna Stampa Cattolica\" \/>\n<meta property=\"og:description\" content=\"Rassegna Stampa Cattolica - Per una cultura che nasce dalla Rivelazione cristiana in conformit\u00e0 alla tradizione e al Magistero della Chiesa in opposizione ad ogni relativismo e totalitarismo\" \/>\n<meta property=\"og:url\" content=\"https:\/\/www.rassegnastampa-totustuus.it\/cattolica\/il-sud-sudan-distrutto-da-corruzione-e-tribalismo\/\" \/>\n<meta property=\"og:site_name\" content=\"Rassegna Stampa Cattolica\" \/>\n<meta property=\"article:publisher\" content=\"https:\/\/www.facebook.com\/rassegnastampacattolica\" \/>\n<meta property=\"article:published_time\" content=\"2019-04-24T22:00:08+00:00\" \/>\n<meta property=\"og:image\" content=\"https:\/\/www.rassegnastampa-totustuus.it\/cattolica\/wp-content\/uploads\/2019\/04\/Africa_Sudan_guerriglia.jpg\" \/>\n\t<meta property=\"og:image:width\" content=\"1170\" \/>\n\t<meta property=\"og:image:height\" content=\"832\" \/>\n\t<meta property=\"og:image:type\" content=\"image\/jpeg\" \/>\n<meta name=\"author\" content=\"Redazione\" \/>\n<meta name=\"twitter:card\" content=\"summary_large_image\" \/>\n<meta name=\"twitter:creator\" content=\"@rassegnastampa9\" \/>\n<meta name=\"twitter:site\" content=\"@rassegnastampa9\" \/>\n<meta name=\"twitter:label1\" content=\"Scritto da\" \/>\n\t<meta name=\"twitter:data1\" content=\"Redazione\" \/>\n\t<meta name=\"twitter:label2\" content=\"Tempo di lettura stimato\" \/>\n\t<meta name=\"twitter:data2\" content=\"5 minuti\" \/>\n<script type=\"application\/ld+json\" class=\"yoast-schema-graph\">{\"@context\":\"https:\\\/\\\/schema.org\",\"@graph\":[{\"@type\":\"Article\",\"@id\":\"https:\\\/\\\/www.rassegnastampa-totustuus.it\\\/cattolica\\\/il-sud-sudan-distrutto-da-corruzione-e-tribalismo\\\/#article\",\"isPartOf\":{\"@id\":\"https:\\\/\\\/www.rassegnastampa-totustuus.it\\\/cattolica\\\/il-sud-sudan-distrutto-da-corruzione-e-tribalismo\\\/\"},\"author\":{\"name\":\"Redazione\",\"@id\":\"https:\\\/\\\/www.rassegnastampa-totustuus.it\\\/cattolica\\\/#\\\/schema\\\/person\\\/08f319d2bd1a0904ad9e2bfb7b15e5c3\"},\"headline\":\"Il Sud Sudan distrutto da corruzione e tribalismo\",\"datePublished\":\"2019-04-24T22:00:08+00:00\",\"mainEntityOfPage\":{\"@id\":\"https:\\\/\\\/www.rassegnastampa-totustuus.it\\\/cattolica\\\/il-sud-sudan-distrutto-da-corruzione-e-tribalismo\\\/\"},\"wordCount\":1062,\"publisher\":{\"@id\":\"https:\\\/\\\/www.rassegnastampa-totustuus.it\\\/cattolica\\\/#organization\"},\"image\":{\"@id\":\"https:\\\/\\\/www.rassegnastampa-totustuus.it\\\/cattolica\\\/il-sud-sudan-distrutto-da-corruzione-e-tribalismo\\\/#primaryimage\"},\"thumbnailUrl\":\"https:\\\/\\\/www.rassegnastampa-totustuus.it\\\/cattolica\\\/wp-content\\\/uploads\\\/2019\\\/04\\\/Africa_Sudan_guerriglia.jpg\",\"keywords\":[\"Africa\",\"Sudan\"],\"articleSection\":[\"Africa\",\"Paesi e continenti\"],\"inLanguage\":\"it-IT\"},{\"@type\":\"WebPage\",\"@id\":\"https:\\\/\\\/www.rassegnastampa-totustuus.it\\\/cattolica\\\/il-sud-sudan-distrutto-da-corruzione-e-tribalismo\\\/\",\"url\":\"https:\\\/\\\/www.rassegnastampa-totustuus.it\\\/cattolica\\\/il-sud-sudan-distrutto-da-corruzione-e-tribalismo\\\/\",\"name\":\"Il Sud Sudan distrutto da corruzione e tribalismo - Rassegna Stampa Cattolica\",\"isPartOf\":{\"@id\":\"https:\\\/\\\/www.rassegnastampa-totustuus.it\\\/cattolica\\\/#website\"},\"primaryImageOfPage\":{\"@id\":\"https:\\\/\\\/www.rassegnastampa-totustuus.it\\\/cattolica\\\/il-sud-sudan-distrutto-da-corruzione-e-tribalismo\\\/#primaryimage\"},\"image\":{\"@id\":\"https:\\\/\\\/www.rassegnastampa-totustuus.it\\\/cattolica\\\/il-sud-sudan-distrutto-da-corruzione-e-tribalismo\\\/#primaryimage\"},\"thumbnailUrl\":\"https:\\\/\\\/www.rassegnastampa-totustuus.it\\\/cattolica\\\/wp-content\\\/uploads\\\/2019\\\/04\\\/Africa_Sudan_guerriglia.jpg\",\"datePublished\":\"2019-04-24T22:00:08+00:00\",\"description\":\"Rassegna Stampa Cattolica - Per una cultura che nasce dalla Rivelazione cristiana in conformit\u00e0 alla tradizione e al Magistero della Chiesa in opposizione ad ogni relativismo e totalitarismo\",\"breadcrumb\":{\"@id\":\"https:\\\/\\\/www.rassegnastampa-totustuus.it\\\/cattolica\\\/il-sud-sudan-distrutto-da-corruzione-e-tribalismo\\\/#breadcrumb\"},\"inLanguage\":\"it-IT\",\"potentialAction\":[{\"@type\":\"ReadAction\",\"target\":[\"https:\\\/\\\/www.rassegnastampa-totustuus.it\\\/cattolica\\\/il-sud-sudan-distrutto-da-corruzione-e-tribalismo\\\/\"]}]},{\"@type\":\"ImageObject\",\"inLanguage\":\"it-IT\",\"@id\":\"https:\\\/\\\/www.rassegnastampa-totustuus.it\\\/cattolica\\\/il-sud-sudan-distrutto-da-corruzione-e-tribalismo\\\/#primaryimage\",\"url\":\"https:\\\/\\\/www.rassegnastampa-totustuus.it\\\/cattolica\\\/wp-content\\\/uploads\\\/2019\\\/04\\\/Africa_Sudan_guerriglia.jpg\",\"contentUrl\":\"https:\\\/\\\/www.rassegnastampa-totustuus.it\\\/cattolica\\\/wp-content\\\/uploads\\\/2019\\\/04\\\/Africa_Sudan_guerriglia.jpg\",\"width\":1170,\"height\":832},{\"@type\":\"BreadcrumbList\",\"@id\":\"https:\\\/\\\/www.rassegnastampa-totustuus.it\\\/cattolica\\\/il-sud-sudan-distrutto-da-corruzione-e-tribalismo\\\/#breadcrumb\",\"itemListElement\":[{\"@type\":\"ListItem\",\"position\":1,\"name\":\"Home\",\"item\":\"https:\\\/\\\/www.rassegnastampa-totustuus.it\\\/cattolica\\\/\"},{\"@type\":\"ListItem\",\"position\":2,\"name\":\"Il Sud Sudan distrutto da corruzione e tribalismo\"}]},{\"@type\":\"WebSite\",\"@id\":\"https:\\\/\\\/www.rassegnastampa-totustuus.it\\\/cattolica\\\/#website\",\"url\":\"https:\\\/\\\/www.rassegnastampa-totustuus.it\\\/cattolica\\\/\",\"name\":\"Rassegna Stampa Cattolica\",\"description\":\"Per una cultura che nasce dalla Rivelazione cristiana in conformit\u00e0 alla tradizione e al Magistero della Chiesa in opposizione ad ogni relativismo e totalitarismo\",\"publisher\":{\"@id\":\"https:\\\/\\\/www.rassegnastampa-totustuus.it\\\/cattolica\\\/#organization\"},\"alternateName\":\"Rass. Cattolica\",\"potentialAction\":[{\"@type\":\"SearchAction\",\"target\":{\"@type\":\"EntryPoint\",\"urlTemplate\":\"https:\\\/\\\/www.rassegnastampa-totustuus.it\\\/cattolica\\\/?s={search_term_string}\"},\"query-input\":{\"@type\":\"PropertyValueSpecification\",\"valueRequired\":true,\"valueName\":\"search_term_string\"}}],\"inLanguage\":\"it-IT\"},{\"@type\":\"Organization\",\"@id\":\"https:\\\/\\\/www.rassegnastampa-totustuus.it\\\/cattolica\\\/#organization\",\"name\":\"Rassegna Stampa Cattolica\",\"url\":\"https:\\\/\\\/www.rassegnastampa-totustuus.it\\\/cattolica\\\/\",\"logo\":{\"@type\":\"ImageObject\",\"inLanguage\":\"it-IT\",\"@id\":\"https:\\\/\\\/www.rassegnastampa-totustuus.it\\\/cattolica\\\/#\\\/schema\\\/logo\\\/image\\\/\",\"url\":\"https:\\\/\\\/www.rassegnastampa-totustuus.it\\\/cattolica\\\/wp-content\\\/uploads\\\/2014\\\/04\\\/logo-rassegna1.gif\",\"contentUrl\":\"https:\\\/\\\/www.rassegnastampa-totustuus.it\\\/cattolica\\\/wp-content\\\/uploads\\\/2014\\\/04\\\/logo-rassegna1.gif\",\"width\":600,\"height\":163,\"caption\":\"Rassegna Stampa Cattolica\"},\"image\":{\"@id\":\"https:\\\/\\\/www.rassegnastampa-totustuus.it\\\/cattolica\\\/#\\\/schema\\\/logo\\\/image\\\/\"},\"sameAs\":[\"https:\\\/\\\/www.facebook.com\\\/rassegnastampacattolica\",\"https:\\\/\\\/x.com\\\/rassegnastampa9\"]},{\"@type\":\"Person\",\"@id\":\"https:\\\/\\\/www.rassegnastampa-totustuus.it\\\/cattolica\\\/#\\\/schema\\\/person\\\/08f319d2bd1a0904ad9e2bfb7b15e5c3\",\"name\":\"Redazione\",\"image\":{\"@type\":\"ImageObject\",\"inLanguage\":\"it-IT\",\"@id\":\"https:\\\/\\\/secure.gravatar.com\\\/avatar\\\/2fcdf27c78ea025fbdb44e914cc63c72249ffec9dc8aafd5c82b26240ef3f346?s=96&d=mm&r=g\",\"url\":\"https:\\\/\\\/secure.gravatar.com\\\/avatar\\\/2fcdf27c78ea025fbdb44e914cc63c72249ffec9dc8aafd5c82b26240ef3f346?s=96&d=mm&r=g\",\"contentUrl\":\"https:\\\/\\\/secure.gravatar.com\\\/avatar\\\/2fcdf27c78ea025fbdb44e914cc63c72249ffec9dc8aafd5c82b26240ef3f346?s=96&d=mm&r=g\",\"caption\":\"Redazione\"},\"url\":\"https:\\\/\\\/www.rassegnastampa-totustuus.it\\\/cattolica\\\/author\\\/pietroelle\\\/\"}]}<\/script>\n<!-- \/ Yoast SEO plugin. -->","yoast_head_json":{"title":"Il Sud Sudan distrutto da corruzione e tribalismo - Rassegna Stampa Cattolica","description":"Rassegna Stampa Cattolica - Per una cultura che nasce dalla Rivelazione cristiana in conformit\u00e0 alla tradizione e al Magistero della Chiesa in opposizione ad ogni relativismo e totalitarismo","robots":{"index":"index","follow":"follow","max-snippet":"max-snippet:-1","max-image-preview":"max-image-preview:large","max-video-preview":"max-video-preview:-1"},"canonical":"https:\/\/www.rassegnastampa-totustuus.it\/cattolica\/il-sud-sudan-distrutto-da-corruzione-e-tribalismo\/","og_locale":"it_IT","og_type":"article","og_title":"Il Sud Sudan distrutto da corruzione e tribalismo - Rassegna Stampa Cattolica","og_description":"Rassegna Stampa Cattolica - Per una cultura che nasce dalla Rivelazione cristiana in conformit\u00e0 alla tradizione e al Magistero della Chiesa in opposizione ad ogni relativismo e totalitarismo","og_url":"https:\/\/www.rassegnastampa-totustuus.it\/cattolica\/il-sud-sudan-distrutto-da-corruzione-e-tribalismo\/","og_site_name":"Rassegna Stampa Cattolica","article_publisher":"https:\/\/www.facebook.com\/rassegnastampacattolica","article_published_time":"2019-04-24T22:00:08+00:00","og_image":[{"width":1170,"height":832,"url":"https:\/\/www.rassegnastampa-totustuus.it\/cattolica\/wp-content\/uploads\/2019\/04\/Africa_Sudan_guerriglia.jpg","type":"image\/jpeg"}],"author":"Redazione","twitter_card":"summary_large_image","twitter_creator":"@rassegnastampa9","twitter_site":"@rassegnastampa9","twitter_misc":{"Scritto da":"Redazione","Tempo di lettura stimato":"5 minuti"},"schema":{"@context":"https:\/\/schema.org","@graph":[{"@type":"Article","@id":"https:\/\/www.rassegnastampa-totustuus.it\/cattolica\/il-sud-sudan-distrutto-da-corruzione-e-tribalismo\/#article","isPartOf":{"@id":"https:\/\/www.rassegnastampa-totustuus.it\/cattolica\/il-sud-sudan-distrutto-da-corruzione-e-tribalismo\/"},"author":{"name":"Redazione","@id":"https:\/\/www.rassegnastampa-totustuus.it\/cattolica\/#\/schema\/person\/08f319d2bd1a0904ad9e2bfb7b15e5c3"},"headline":"Il Sud Sudan distrutto da corruzione e tribalismo","datePublished":"2019-04-24T22:00:08+00:00","mainEntityOfPage":{"@id":"https:\/\/www.rassegnastampa-totustuus.it\/cattolica\/il-sud-sudan-distrutto-da-corruzione-e-tribalismo\/"},"wordCount":1062,"publisher":{"@id":"https:\/\/www.rassegnastampa-totustuus.it\/cattolica\/#organization"},"image":{"@id":"https:\/\/www.rassegnastampa-totustuus.it\/cattolica\/il-sud-sudan-distrutto-da-corruzione-e-tribalismo\/#primaryimage"},"thumbnailUrl":"https:\/\/www.rassegnastampa-totustuus.it\/cattolica\/wp-content\/uploads\/2019\/04\/Africa_Sudan_guerriglia.jpg","keywords":["Africa","Sudan"],"articleSection":["Africa","Paesi e continenti"],"inLanguage":"it-IT"},{"@type":"WebPage","@id":"https:\/\/www.rassegnastampa-totustuus.it\/cattolica\/il-sud-sudan-distrutto-da-corruzione-e-tribalismo\/","url":"https:\/\/www.rassegnastampa-totustuus.it\/cattolica\/il-sud-sudan-distrutto-da-corruzione-e-tribalismo\/","name":"Il Sud Sudan distrutto da corruzione e tribalismo - Rassegna Stampa Cattolica","isPartOf":{"@id":"https:\/\/www.rassegnastampa-totustuus.it\/cattolica\/#website"},"primaryImageOfPage":{"@id":"https:\/\/www.rassegnastampa-totustuus.it\/cattolica\/il-sud-sudan-distrutto-da-corruzione-e-tribalismo\/#primaryimage"},"image":{"@id":"https:\/\/www.rassegnastampa-totustuus.it\/cattolica\/il-sud-sudan-distrutto-da-corruzione-e-tribalismo\/#primaryimage"},"thumbnailUrl":"https:\/\/www.rassegnastampa-totustuus.it\/cattolica\/wp-content\/uploads\/2019\/04\/Africa_Sudan_guerriglia.jpg","datePublished":"2019-04-24T22:00:08+00:00","description":"Rassegna Stampa Cattolica - Per una cultura che nasce dalla Rivelazione cristiana in conformit\u00e0 alla tradizione e al Magistero della Chiesa in opposizione ad ogni relativismo e totalitarismo","breadcrumb":{"@id":"https:\/\/www.rassegnastampa-totustuus.it\/cattolica\/il-sud-sudan-distrutto-da-corruzione-e-tribalismo\/#breadcrumb"},"inLanguage":"it-IT","potentialAction":[{"@type":"ReadAction","target":["https:\/\/www.rassegnastampa-totustuus.it\/cattolica\/il-sud-sudan-distrutto-da-corruzione-e-tribalismo\/"]}]},{"@type":"ImageObject","inLanguage":"it-IT","@id":"https:\/\/www.rassegnastampa-totustuus.it\/cattolica\/il-sud-sudan-distrutto-da-corruzione-e-tribalismo\/#primaryimage","url":"https:\/\/www.rassegnastampa-totustuus.it\/cattolica\/wp-content\/uploads\/2019\/04\/Africa_Sudan_guerriglia.jpg","contentUrl":"https:\/\/www.rassegnastampa-totustuus.it\/cattolica\/wp-content\/uploads\/2019\/04\/Africa_Sudan_guerriglia.jpg","width":1170,"height":832},{"@type":"BreadcrumbList","@id":"https:\/\/www.rassegnastampa-totustuus.it\/cattolica\/il-sud-sudan-distrutto-da-corruzione-e-tribalismo\/#breadcrumb","itemListElement":[{"@type":"ListItem","position":1,"name":"Home","item":"https:\/\/www.rassegnastampa-totustuus.it\/cattolica\/"},{"@type":"ListItem","position":2,"name":"Il Sud Sudan distrutto da corruzione e tribalismo"}]},{"@type":"WebSite","@id":"https:\/\/www.rassegnastampa-totustuus.it\/cattolica\/#website","url":"https:\/\/www.rassegnastampa-totustuus.it\/cattolica\/","name":"Rassegna Stampa Cattolica","description":"Per una cultura che nasce dalla Rivelazione cristiana in conformit\u00e0 alla tradizione e al Magistero della Chiesa in opposizione ad ogni relativismo e totalitarismo","publisher":{"@id":"https:\/\/www.rassegnastampa-totustuus.it\/cattolica\/#organization"},"alternateName":"Rass. Cattolica","potentialAction":[{"@type":"SearchAction","target":{"@type":"EntryPoint","urlTemplate":"https:\/\/www.rassegnastampa-totustuus.it\/cattolica\/?s={search_term_string}"},"query-input":{"@type":"PropertyValueSpecification","valueRequired":true,"valueName":"search_term_string"}}],"inLanguage":"it-IT"},{"@type":"Organization","@id":"https:\/\/www.rassegnastampa-totustuus.it\/cattolica\/#organization","name":"Rassegna Stampa Cattolica","url":"https:\/\/www.rassegnastampa-totustuus.it\/cattolica\/","logo":{"@type":"ImageObject","inLanguage":"it-IT","@id":"https:\/\/www.rassegnastampa-totustuus.it\/cattolica\/#\/schema\/logo\/image\/","url":"https:\/\/www.rassegnastampa-totustuus.it\/cattolica\/wp-content\/uploads\/2014\/04\/logo-rassegna1.gif","contentUrl":"https:\/\/www.rassegnastampa-totustuus.it\/cattolica\/wp-content\/uploads\/2014\/04\/logo-rassegna1.gif","width":600,"height":163,"caption":"Rassegna Stampa Cattolica"},"image":{"@id":"https:\/\/www.rassegnastampa-totustuus.it\/cattolica\/#\/schema\/logo\/image\/"},"sameAs":["https:\/\/www.facebook.com\/rassegnastampacattolica","https:\/\/x.com\/rassegnastampa9"]},{"@type":"Person","@id":"https:\/\/www.rassegnastampa-totustuus.it\/cattolica\/#\/schema\/person\/08f319d2bd1a0904ad9e2bfb7b15e5c3","name":"Redazione","image":{"@type":"ImageObject","inLanguage":"it-IT","@id":"https:\/\/secure.gravatar.com\/avatar\/2fcdf27c78ea025fbdb44e914cc63c72249ffec9dc8aafd5c82b26240ef3f346?s=96&d=mm&r=g","url":"https:\/\/secure.gravatar.com\/avatar\/2fcdf27c78ea025fbdb44e914cc63c72249ffec9dc8aafd5c82b26240ef3f346?s=96&d=mm&r=g","contentUrl":"https:\/\/secure.gravatar.com\/avatar\/2fcdf27c78ea025fbdb44e914cc63c72249ffec9dc8aafd5c82b26240ef3f346?s=96&d=mm&r=g","caption":"Redazione"},"url":"https:\/\/www.rassegnastampa-totustuus.it\/cattolica\/author\/pietroelle\/"}]}},"_links":{"self":[{"href":"https:\/\/www.rassegnastampa-totustuus.it\/cattolica\/wp-json\/wp\/v2\/posts\/42780","targetHints":{"allow":["GET"]}}],"collection":[{"href":"https:\/\/www.rassegnastampa-totustuus.it\/cattolica\/wp-json\/wp\/v2\/posts"}],"about":[{"href":"https:\/\/www.rassegnastampa-totustuus.it\/cattolica\/wp-json\/wp\/v2\/types\/post"}],"author":[{"embeddable":true,"href":"https:\/\/www.rassegnastampa-totustuus.it\/cattolica\/wp-json\/wp\/v2\/users\/6"}],"replies":[{"embeddable":true,"href":"https:\/\/www.rassegnastampa-totustuus.it\/cattolica\/wp-json\/wp\/v2\/comments?post=42780"}],"version-history":[{"count":2,"href":"https:\/\/www.rassegnastampa-totustuus.it\/cattolica\/wp-json\/wp\/v2\/posts\/42780\/revisions"}],"predecessor-version":[{"id":42785,"href":"https:\/\/www.rassegnastampa-totustuus.it\/cattolica\/wp-json\/wp\/v2\/posts\/42780\/revisions\/42785"}],"wp:featuredmedia":[{"embeddable":true,"href":"https:\/\/www.rassegnastampa-totustuus.it\/cattolica\/wp-json\/wp\/v2\/media\/42781"}],"wp:attachment":[{"href":"https:\/\/www.rassegnastampa-totustuus.it\/cattolica\/wp-json\/wp\/v2\/media?parent=42780"}],"wp:term":[{"taxonomy":"category","embeddable":true,"href":"https:\/\/www.rassegnastampa-totustuus.it\/cattolica\/wp-json\/wp\/v2\/categories?post=42780"},{"taxonomy":"post_tag","embeddable":true,"href":"https:\/\/www.rassegnastampa-totustuus.it\/cattolica\/wp-json\/wp\/v2\/tags?post=42780"}],"curies":[{"name":"wp","href":"https:\/\/api.w.org\/{rel}","templated":true}]}}