{"id":42774,"date":"2019-05-02T00:00:36","date_gmt":"2019-05-01T22:00:36","guid":{"rendered":"http:\/\/www.rassegnastampa-totustuus.it\/cattolica\/?p=42774"},"modified":"2025-07-28T15:32:19","modified_gmt":"2025-07-28T13:32:19","slug":"alexandre-del-valle-basta-avere-sensi-di-colpa-per-gli-immigrati-e-lislam","status":"publish","type":"post","link":"https:\/\/www.rassegnastampa-totustuus.it\/cattolica\/alexandre-del-valle-basta-avere-sensi-di-colpa-per-gli-immigrati-e-lislam\/","title":{"rendered":"Alexandre del Valle: Basta avere sensi di colpa per gli immigrati e l&#8217;islam"},"content":{"rendered":"\n<p class=\"has-text-align-center\">da<strong><a href=\"http:\/\/www.libero.it\/\" target=\"_blank\" rel=\"noreferrer noopener\"> Libero<\/a>, <\/strong> 11 Aprile 2019<\/p>\n\n\n\n<p class=\"has-text-align-center\"><strong>Andrea Morigi<\/strong><\/p>\n\n\n\n<p>Per cambiare la politica, \u00e8 stato trasformato il passato. Cos\u00ec la civilt\u00e0 \u00e8 stata letta come colonizzazione, l&#8217;evangelizzazione ha finito per equivalere a cancellazione delle culture autoctone. E chi si \u00e8 opposto \u00e8 stato inserito suo malgrado nella categoria dei &#8220;medioevali&#8221;, rimasta oramai l&#8217;unica che \u00e8 lecito discriminare secondo il nuovo catechismo politicamente corretto.<\/p>\n\n\n<div class=\"wp-block-image\">\n<figure class=\"aligncenter size-large is-resized\"><a href=\"https:\/\/www.rassegnastampa-totustuus.it\/cattolica\/wp-content\/uploads\/2019\/04\/Atlante.png\"><img loading=\"lazy\" decoding=\"async\" width=\"1024\" height=\"576\" src=\"https:\/\/www.rassegnastampa-totustuus.it\/cattolica\/wp-content\/uploads\/2019\/04\/Atlante-1024x576.png\" alt=\"\" class=\"wp-image-42775\" style=\"width:442px;height:auto\" srcset=\"https:\/\/www.rassegnastampa-totustuus.it\/cattolica\/wp-content\/uploads\/2019\/04\/Atlante-1024x576.png 1024w, https:\/\/www.rassegnastampa-totustuus.it\/cattolica\/wp-content\/uploads\/2019\/04\/Atlante-300x169.png 300w, https:\/\/www.rassegnastampa-totustuus.it\/cattolica\/wp-content\/uploads\/2019\/04\/Atlante-768x432.png 768w, https:\/\/www.rassegnastampa-totustuus.it\/cattolica\/wp-content\/uploads\/2019\/04\/Atlante.png 1920w\" sizes=\"auto, (max-width: 1024px) 100vw, 1024px\" \/><\/a><\/figure><\/div>\n\n\n<!--more-->\n\n\n\n<p>Tutti gli altri al contrario non possono essere offesi, se no scatta la censura, che agisce come \u00abuna camicia di forza lessicale\u00bb. &nbsp;Perci\u00f2 i gay pride sono divenuti eventi meritori del patrocinio istituzionale, durante i quali \u00e8 ben accetta la partecipazione di eterosessuali, mentre la marcia per la famiglia finisce nel contenitore dei rifiuti ideologici e guai se un divorziato o una madre single osano aderirvi.<\/p>\n\n\n<div class=\"wp-block-image\">\n<figure class=\"aligncenter is-resized\"><a href=\"https:\/\/www.rassegnastampa-totustuus.it\/cattolica\/wp-content\/uploads\/2017\/06\/Alexandre-Del-Valle.jpg\"><img loading=\"lazy\" decoding=\"async\" width=\"275\" height=\"183\" src=\"https:\/\/www.rassegnastampa-totustuus.it\/cattolica\/wp-content\/uploads\/2017\/06\/Alexandre-Del-Valle.jpg\" alt=\"\" class=\"wp-image-38084\" style=\"width:421px;height:auto\"\/><\/a><\/figure><\/div>\n\n\n<p>Se un fenomeno di tale portata \u00e8 potuto accadere, la causa \u00e8 l&#8217;imposizione alla societ\u00e0, da parte di alcune minoranze, di un senso di colpa ideologico dal quale ci insegna a liberarci il politologo francese Alexandre Del Valle, con l&#8217;opera Il complesso occidentale. <em>Piccolo trattato di decolpevolizzazione<\/em>, (Paesi edizioni, pp. 432, 15 euro), che esce oggi in traduzione italiana.<\/p>\n\n\n\n<p>Sar\u00e0 un processo complesso e doloroso, tanto quanto lo \u00e8 stata l&#8217;avanzata della rivoluzione culturale che ha invaso le scuole, i mezzi d&#8217;informazione, il cinema e le serie tv, la musica pop, la moda e il design e perfino l&#8217;alimentazione. Non si riesce pi\u00f9 a sfuggire alla dittatura dell&#8217;etnico n\u00e9 in occasione del Festival di Sanremo n\u00e9 al ristorante n\u00e9 dal mobiliere n\u00e9 nelle competizioni sportive, mentre ogni forma d&#8217;espressione artistica deve obbligatoriamente passare attraverso l&#8217;accettazione acritica del modello Lgbt.<\/p>\n\n\n<div class=\"wp-block-image\">\n<figure class=\"aligncenter is-resized\"><a href=\"https:\/\/www.rassegnastampa-totustuus.it\/cattolica\/wp-content\/uploads\/2015\/04\/cattedrale_Amien.jpg\"><img loading=\"lazy\" decoding=\"async\" width=\"259\" height=\"194\" src=\"https:\/\/www.rassegnastampa-totustuus.it\/cattolica\/wp-content\/uploads\/2015\/04\/cattedrale_Amien.jpg\" alt=\"\" class=\"wp-image-22867\" style=\"width:389px;height:auto\"\/><\/a><\/figure><\/div>\n\n\n<p>L&#8217;obiettivo \u00e8 condurci al suicidio demografico per scontare i peccati commessi nei secoli in cui nel frattempo abbiamo abolito la schiavit\u00f9, inventato gli ospedali e le universit\u00e0, introdotto la distinzione fra lo Stato e la religione. Lo abbiamo dimenticato e \u00abl&#8217;Europa \u00e8 dunque soprattutto vittima della propria demoralizzazione e della propria &#8220;volont\u00e0 d&#8217;impotenza&#8221; che ne deriva\u00bb.<\/p>\n\n\n\n<h4 class=\"wp-block-heading has-text-align-center\">LA MANIPOLAZIONE<\/h4>\n\n\n\n<p>Qualsiasi resistenza superficiale si rivela inefficace, anzi pure dannosa e controproducente. A scoraggiarci \u00e8 una manipolazione dei concetti di verit\u00e0, di libert\u00e0 e di giustizia per cui \u00aboggi il razzismo viene utilizzato anche per denunciare il sessismo, il maschilismo, il rifiuto dell&#8217;immigrazione incontrollata, l&#8217;omofobia e persino la critica delle religioni e in particolare l&#8217;islamofobia.<\/p>\n\n\n<div class=\"wp-block-image\">\n<figure class=\"aligncenter is-resized\"><a href=\"https:\/\/www.rassegnastampa-totustuus.it\/cattolica\/wp-content\/uploads\/2019\/01\/politicamente_corretto.jpg\"><img loading=\"lazy\" decoding=\"async\" width=\"229\" height=\"220\" src=\"https:\/\/www.rassegnastampa-totustuus.it\/cattolica\/wp-content\/uploads\/2019\/01\/politicamente_corretto.jpg\" alt=\"\" class=\"wp-image-41907\" style=\"width:309px;height:auto\"\/><\/a><\/figure><\/div>\n\n\n<p>La denuncia del razzismo \u00e8 dunque divenuta una temibile arma retorica che serve a &#8220;imbavagliare il dissenziente importuno&#8221;, l&#8217;avversario, ostracizzato per il mero fatto di essere etichettato come razzista. Privato del diritto di esprimersi, l&#8217;accusato non pu\u00f2 nemmeno difendersi ed essere creduto, ed \u00e8 letteralmente vittima di una morte sociale\u00bb.<\/p>\n\n\n\n<h4 class=\"wp-block-heading has-text-align-center\">LA REAZIONE<\/h4>\n\n\n\n<p>L&#8217;unica via d&#8217;uscita \u00e8 una reazione. Intellettuale, innanzitutto. Vanno sfatati i miti fondativi della modernit\u00e0, che Del Valle enumera uno per uno: l&#8217;odio per la civilt\u00e0 cristiana si nutre della demonizzazione delle Crociate e della Chiesa cattolica, del presunto debito nei confronti della scienza arabo-islamica. Cos\u00ec si smonta il meccanismo che ha convinto perfino il clero di aver fregato il mondo, inducendo preti e vescovi a un atto penitenziale, non tanto rivolto a Dio Onnipotente quanto verso il nuovo idolo buonista: il dialogo come fine e non pi\u00f9 come mezzo per la conversione a Cristo.<\/p>\n\n\n<div class=\"wp-block-image\">\n<figure class=\"aligncenter is-resized\"><a href=\"https:\/\/www.rassegnastampa-totustuus.it\/cattolica\/wp-content\/uploads\/2018\/08\/federazione_russia.png\"><img loading=\"lazy\" decoding=\"async\" width=\"295\" height=\"171\" src=\"https:\/\/www.rassegnastampa-totustuus.it\/cattolica\/wp-content\/uploads\/2018\/08\/federazione_russia.png\" alt=\"\" class=\"wp-image-40949\" style=\"width:457px;height:auto\"\/><\/a><\/figure><\/div>\n\n\n<p>Se vi fosse una rivolta interiore, spirituale, sarebbe l&#8217;inizio di una contro-rivoluzione, un <em>agere contra<\/em>, secondo le indicazioni degli Esercizi spirituali di sant&#8217;Ignazio di Loyola. Da qualche parte, nel mondo, l&#8217;autore ne vede qualche premessa, come in Russia. Perci\u00f2 propone che \u00abgli strateghi americani e i Paesi europei della Nato ridefiniscano la loro teoria strategica e cessino di vedere nelle petromonarchie islamiste del Golfo e nella Turchia i loro migliori alleati<\/p>\n\n\n\n<p>La coerenza geo-culturale passer\u00e0 al contrario attraverso l&#8217;integrazione del mondo slavo ortodosso nello spazio &#8220;panoccidentale&#8221;, il che richieder\u00e0 ovviamente seri sforzi da una parte e dall&#8217;altra\u00bb. In effetti la Russia non ha conosciuto \u00abla Riforma, il Rinascimento e la Rivoluzione Francese, &#8220;le tre R dell&#8217;Occidente&#8221;\u00bb, ma soltanto la loro conseguenza pi\u00f9 nefasta, il socialcomunismo. E se n&#8217;\u00e8 sbarazzata.<\/p>\n","protected":false},"excerpt":{"rendered":"<p>da Libero, 11 Aprile 2019 Andrea Morigi Per cambiare la politica, \u00e8 stato trasformato il passato. Cos\u00ec la civilt\u00e0 \u00e8 stata letta come colonizzazione, l&#8217;evangelizzazione ha finito per equivalere a cancellazione delle culture autoctone. E chi si \u00e8 opposto \u00e8 stato inserito suo malgrado nella categoria dei &#8220;medioevali&#8221;, rimasta oramai l&#8217;unica che \u00e8 lecito discriminare &hellip; <\/p>\n<p><a class=\"more-link btn\" href=\"https:\/\/www.rassegnastampa-totustuus.it\/cattolica\/alexandre-del-valle-basta-avere-sensi-di-colpa-per-gli-immigrati-e-lislam\/\">Continua a leggere<\/a><\/p>\n","protected":false},"author":6,"featured_media":42775,"comment_status":"closed","ping_status":"closed","sticky":false,"template":"","format":"standard","meta":{"footnotes":""},"categories":[25],"tags":[1347,1470,572],"class_list":["post-42774","post","type-post","status-publish","format-standard","has-post-thumbnail","hentry","category-sguardo-sul-nostro-tempo","tag-crisi-morale","tag-identita-europea","tag-politically-correct","item-wrap"],"yoast_head":"<!-- This site is optimized with the Yoast SEO plugin v27.5 - https:\/\/yoast.com\/product\/yoast-seo-wordpress\/ -->\n<title>Alexandre del Valle: Basta avere sensi di colpa per gli immigrati e l&#039;islam - Rassegna Stampa Cattolica<\/title>\n<meta name=\"description\" content=\"Alexandre del Valle: Basta avere sensi di colpa per gli immigrati e l&#039;islam. Per cambiare la politica, \u00e8 stato trasformato il passato\" \/>\n<meta name=\"robots\" content=\"index, follow, max-snippet:-1, max-image-preview:large, max-video-preview:-1\" \/>\n<link rel=\"canonical\" href=\"https:\/\/www.rassegnastampa-totustuus.it\/cattolica\/alexandre-del-valle-basta-avere-sensi-di-colpa-per-gli-immigrati-e-lislam\/\" \/>\n<meta property=\"og:locale\" content=\"it_IT\" \/>\n<meta property=\"og:type\" content=\"article\" \/>\n<meta property=\"og:title\" content=\"Alexandre del Valle: Basta avere sensi di colpa per gli immigrati e l&#039;islam - Rassegna Stampa Cattolica\" \/>\n<meta property=\"og:description\" content=\"Alexandre del Valle: Basta avere sensi di colpa per gli immigrati e l&#039;islam. Per cambiare la politica, \u00e8 stato trasformato il passato\" \/>\n<meta property=\"og:url\" content=\"https:\/\/www.rassegnastampa-totustuus.it\/cattolica\/alexandre-del-valle-basta-avere-sensi-di-colpa-per-gli-immigrati-e-lislam\/\" \/>\n<meta property=\"og:site_name\" content=\"Rassegna Stampa Cattolica\" \/>\n<meta property=\"article:publisher\" content=\"https:\/\/www.facebook.com\/rassegnastampacattolica\" \/>\n<meta property=\"article:published_time\" content=\"2019-05-01T22:00:36+00:00\" \/>\n<meta property=\"article:modified_time\" content=\"2025-07-28T13:32:19+00:00\" \/>\n<meta property=\"og:image\" content=\"https:\/\/www.rassegnastampa-totustuus.it\/cattolica\/wp-content\/uploads\/2019\/04\/Atlante-1024x576.png\" \/>\n\t<meta property=\"og:image:width\" content=\"1024\" \/>\n\t<meta property=\"og:image:height\" content=\"576\" \/>\n\t<meta property=\"og:image:type\" content=\"image\/png\" \/>\n<meta name=\"author\" content=\"Redazione\" \/>\n<meta name=\"twitter:card\" content=\"summary_large_image\" \/>\n<meta name=\"twitter:creator\" content=\"@rassegnastampa9\" \/>\n<meta name=\"twitter:site\" content=\"@rassegnastampa9\" \/>\n<meta name=\"twitter:label1\" content=\"Scritto da\" \/>\n\t<meta name=\"twitter:data1\" content=\"Redazione\" \/>\n\t<meta name=\"twitter:label2\" content=\"Tempo di lettura stimato\" \/>\n\t<meta name=\"twitter:data2\" content=\"5 minuti\" \/>\n<script type=\"application\/ld+json\" class=\"yoast-schema-graph\">{\"@context\":\"https:\\\/\\\/schema.org\",\"@graph\":[{\"@type\":\"Article\",\"@id\":\"https:\\\/\\\/www.rassegnastampa-totustuus.it\\\/cattolica\\\/alexandre-del-valle-basta-avere-sensi-di-colpa-per-gli-immigrati-e-lislam\\\/#article\",\"isPartOf\":{\"@id\":\"https:\\\/\\\/www.rassegnastampa-totustuus.it\\\/cattolica\\\/alexandre-del-valle-basta-avere-sensi-di-colpa-per-gli-immigrati-e-lislam\\\/\"},\"author\":{\"name\":\"Redazione\",\"@id\":\"https:\\\/\\\/www.rassegnastampa-totustuus.it\\\/cattolica\\\/#\\\/schema\\\/person\\\/08f319d2bd1a0904ad9e2bfb7b15e5c3\"},\"headline\":\"Alexandre del Valle: Basta avere sensi di colpa per gli immigrati e l&#8217;islam\",\"datePublished\":\"2019-05-01T22:00:36+00:00\",\"dateModified\":\"2025-07-28T13:32:19+00:00\",\"mainEntityOfPage\":{\"@id\":\"https:\\\/\\\/www.rassegnastampa-totustuus.it\\\/cattolica\\\/alexandre-del-valle-basta-avere-sensi-di-colpa-per-gli-immigrati-e-lislam\\\/\"},\"wordCount\":677,\"publisher\":{\"@id\":\"https:\\\/\\\/www.rassegnastampa-totustuus.it\\\/cattolica\\\/#organization\"},\"image\":{\"@id\":\"https:\\\/\\\/www.rassegnastampa-totustuus.it\\\/cattolica\\\/alexandre-del-valle-basta-avere-sensi-di-colpa-per-gli-immigrati-e-lislam\\\/#primaryimage\"},\"thumbnailUrl\":\"https:\\\/\\\/www.rassegnastampa-totustuus.it\\\/cattolica\\\/wp-content\\\/uploads\\\/2019\\\/04\\\/Atlante.png\",\"keywords\":[\"crisi morale\",\"identit\u00e0 europea\",\"politically correct\"],\"articleSection\":[\"Sguardo sul nostro tempo\"],\"inLanguage\":\"it-IT\"},{\"@type\":\"WebPage\",\"@id\":\"https:\\\/\\\/www.rassegnastampa-totustuus.it\\\/cattolica\\\/alexandre-del-valle-basta-avere-sensi-di-colpa-per-gli-immigrati-e-lislam\\\/\",\"url\":\"https:\\\/\\\/www.rassegnastampa-totustuus.it\\\/cattolica\\\/alexandre-del-valle-basta-avere-sensi-di-colpa-per-gli-immigrati-e-lislam\\\/\",\"name\":\"Alexandre del Valle: Basta avere sensi di colpa per gli immigrati e l'islam - Rassegna Stampa Cattolica\",\"isPartOf\":{\"@id\":\"https:\\\/\\\/www.rassegnastampa-totustuus.it\\\/cattolica\\\/#website\"},\"primaryImageOfPage\":{\"@id\":\"https:\\\/\\\/www.rassegnastampa-totustuus.it\\\/cattolica\\\/alexandre-del-valle-basta-avere-sensi-di-colpa-per-gli-immigrati-e-lislam\\\/#primaryimage\"},\"image\":{\"@id\":\"https:\\\/\\\/www.rassegnastampa-totustuus.it\\\/cattolica\\\/alexandre-del-valle-basta-avere-sensi-di-colpa-per-gli-immigrati-e-lislam\\\/#primaryimage\"},\"thumbnailUrl\":\"https:\\\/\\\/www.rassegnastampa-totustuus.it\\\/cattolica\\\/wp-content\\\/uploads\\\/2019\\\/04\\\/Atlante.png\",\"datePublished\":\"2019-05-01T22:00:36+00:00\",\"dateModified\":\"2025-07-28T13:32:19+00:00\",\"description\":\"Alexandre del Valle: Basta avere sensi di colpa per gli immigrati e l'islam. Per cambiare la politica, \u00e8 stato trasformato il passato\",\"breadcrumb\":{\"@id\":\"https:\\\/\\\/www.rassegnastampa-totustuus.it\\\/cattolica\\\/alexandre-del-valle-basta-avere-sensi-di-colpa-per-gli-immigrati-e-lislam\\\/#breadcrumb\"},\"inLanguage\":\"it-IT\",\"potentialAction\":[{\"@type\":\"ReadAction\",\"target\":[\"https:\\\/\\\/www.rassegnastampa-totustuus.it\\\/cattolica\\\/alexandre-del-valle-basta-avere-sensi-di-colpa-per-gli-immigrati-e-lislam\\\/\"]}]},{\"@type\":\"ImageObject\",\"inLanguage\":\"it-IT\",\"@id\":\"https:\\\/\\\/www.rassegnastampa-totustuus.it\\\/cattolica\\\/alexandre-del-valle-basta-avere-sensi-di-colpa-per-gli-immigrati-e-lislam\\\/#primaryimage\",\"url\":\"https:\\\/\\\/www.rassegnastampa-totustuus.it\\\/cattolica\\\/wp-content\\\/uploads\\\/2019\\\/04\\\/Atlante.png\",\"contentUrl\":\"https:\\\/\\\/www.rassegnastampa-totustuus.it\\\/cattolica\\\/wp-content\\\/uploads\\\/2019\\\/04\\\/Atlante.png\",\"width\":1920,\"height\":1080},{\"@type\":\"BreadcrumbList\",\"@id\":\"https:\\\/\\\/www.rassegnastampa-totustuus.it\\\/cattolica\\\/alexandre-del-valle-basta-avere-sensi-di-colpa-per-gli-immigrati-e-lislam\\\/#breadcrumb\",\"itemListElement\":[{\"@type\":\"ListItem\",\"position\":1,\"name\":\"Home\",\"item\":\"https:\\\/\\\/www.rassegnastampa-totustuus.it\\\/cattolica\\\/\"},{\"@type\":\"ListItem\",\"position\":2,\"name\":\"Alexandre del Valle: Basta avere sensi di colpa per gli immigrati e l&#8217;islam\"}]},{\"@type\":\"WebSite\",\"@id\":\"https:\\\/\\\/www.rassegnastampa-totustuus.it\\\/cattolica\\\/#website\",\"url\":\"https:\\\/\\\/www.rassegnastampa-totustuus.it\\\/cattolica\\\/\",\"name\":\"Rassegna Stampa Cattolica\",\"description\":\"Per una cultura che nasce dalla Rivelazione cristiana in conformit\u00e0 alla tradizione e al Magistero della Chiesa in opposizione ad ogni relativismo e totalitarismo\",\"publisher\":{\"@id\":\"https:\\\/\\\/www.rassegnastampa-totustuus.it\\\/cattolica\\\/#organization\"},\"alternateName\":\"Rass. Cattolica\",\"potentialAction\":[{\"@type\":\"SearchAction\",\"target\":{\"@type\":\"EntryPoint\",\"urlTemplate\":\"https:\\\/\\\/www.rassegnastampa-totustuus.it\\\/cattolica\\\/?s={search_term_string}\"},\"query-input\":{\"@type\":\"PropertyValueSpecification\",\"valueRequired\":true,\"valueName\":\"search_term_string\"}}],\"inLanguage\":\"it-IT\"},{\"@type\":\"Organization\",\"@id\":\"https:\\\/\\\/www.rassegnastampa-totustuus.it\\\/cattolica\\\/#organization\",\"name\":\"Rassegna Stampa Cattolica\",\"url\":\"https:\\\/\\\/www.rassegnastampa-totustuus.it\\\/cattolica\\\/\",\"logo\":{\"@type\":\"ImageObject\",\"inLanguage\":\"it-IT\",\"@id\":\"https:\\\/\\\/www.rassegnastampa-totustuus.it\\\/cattolica\\\/#\\\/schema\\\/logo\\\/image\\\/\",\"url\":\"https:\\\/\\\/www.rassegnastampa-totustuus.it\\\/cattolica\\\/wp-content\\\/uploads\\\/2014\\\/04\\\/logo-rassegna1.gif\",\"contentUrl\":\"https:\\\/\\\/www.rassegnastampa-totustuus.it\\\/cattolica\\\/wp-content\\\/uploads\\\/2014\\\/04\\\/logo-rassegna1.gif\",\"width\":600,\"height\":163,\"caption\":\"Rassegna Stampa Cattolica\"},\"image\":{\"@id\":\"https:\\\/\\\/www.rassegnastampa-totustuus.it\\\/cattolica\\\/#\\\/schema\\\/logo\\\/image\\\/\"},\"sameAs\":[\"https:\\\/\\\/www.facebook.com\\\/rassegnastampacattolica\",\"https:\\\/\\\/x.com\\\/rassegnastampa9\"]},{\"@type\":\"Person\",\"@id\":\"https:\\\/\\\/www.rassegnastampa-totustuus.it\\\/cattolica\\\/#\\\/schema\\\/person\\\/08f319d2bd1a0904ad9e2bfb7b15e5c3\",\"name\":\"Redazione\",\"image\":{\"@type\":\"ImageObject\",\"inLanguage\":\"it-IT\",\"@id\":\"https:\\\/\\\/secure.gravatar.com\\\/avatar\\\/2fcdf27c78ea025fbdb44e914cc63c72249ffec9dc8aafd5c82b26240ef3f346?s=96&d=mm&r=g\",\"url\":\"https:\\\/\\\/secure.gravatar.com\\\/avatar\\\/2fcdf27c78ea025fbdb44e914cc63c72249ffec9dc8aafd5c82b26240ef3f346?s=96&d=mm&r=g\",\"contentUrl\":\"https:\\\/\\\/secure.gravatar.com\\\/avatar\\\/2fcdf27c78ea025fbdb44e914cc63c72249ffec9dc8aafd5c82b26240ef3f346?s=96&d=mm&r=g\",\"caption\":\"Redazione\"},\"url\":\"https:\\\/\\\/www.rassegnastampa-totustuus.it\\\/cattolica\\\/author\\\/pietroelle\\\/\"}]}<\/script>\n<!-- \/ Yoast SEO plugin. -->","yoast_head_json":{"title":"Alexandre del Valle: Basta avere sensi di colpa per gli immigrati e l'islam - Rassegna Stampa Cattolica","description":"Alexandre del Valle: Basta avere sensi di colpa per gli immigrati e l'islam. Per cambiare la politica, \u00e8 stato trasformato il passato","robots":{"index":"index","follow":"follow","max-snippet":"max-snippet:-1","max-image-preview":"max-image-preview:large","max-video-preview":"max-video-preview:-1"},"canonical":"https:\/\/www.rassegnastampa-totustuus.it\/cattolica\/alexandre-del-valle-basta-avere-sensi-di-colpa-per-gli-immigrati-e-lislam\/","og_locale":"it_IT","og_type":"article","og_title":"Alexandre del Valle: Basta avere sensi di colpa per gli immigrati e l'islam - Rassegna Stampa Cattolica","og_description":"Alexandre del Valle: Basta avere sensi di colpa per gli immigrati e l'islam. Per cambiare la politica, \u00e8 stato trasformato il passato","og_url":"https:\/\/www.rassegnastampa-totustuus.it\/cattolica\/alexandre-del-valle-basta-avere-sensi-di-colpa-per-gli-immigrati-e-lislam\/","og_site_name":"Rassegna Stampa Cattolica","article_publisher":"https:\/\/www.facebook.com\/rassegnastampacattolica","article_published_time":"2019-05-01T22:00:36+00:00","article_modified_time":"2025-07-28T13:32:19+00:00","og_image":[{"width":1024,"height":576,"url":"https:\/\/www.rassegnastampa-totustuus.it\/cattolica\/wp-content\/uploads\/2019\/04\/Atlante-1024x576.png","type":"image\/png"}],"author":"Redazione","twitter_card":"summary_large_image","twitter_creator":"@rassegnastampa9","twitter_site":"@rassegnastampa9","twitter_misc":{"Scritto da":"Redazione","Tempo di lettura stimato":"5 minuti"},"schema":{"@context":"https:\/\/schema.org","@graph":[{"@type":"Article","@id":"https:\/\/www.rassegnastampa-totustuus.it\/cattolica\/alexandre-del-valle-basta-avere-sensi-di-colpa-per-gli-immigrati-e-lislam\/#article","isPartOf":{"@id":"https:\/\/www.rassegnastampa-totustuus.it\/cattolica\/alexandre-del-valle-basta-avere-sensi-di-colpa-per-gli-immigrati-e-lislam\/"},"author":{"name":"Redazione","@id":"https:\/\/www.rassegnastampa-totustuus.it\/cattolica\/#\/schema\/person\/08f319d2bd1a0904ad9e2bfb7b15e5c3"},"headline":"Alexandre del Valle: Basta avere sensi di colpa per gli immigrati e l&#8217;islam","datePublished":"2019-05-01T22:00:36+00:00","dateModified":"2025-07-28T13:32:19+00:00","mainEntityOfPage":{"@id":"https:\/\/www.rassegnastampa-totustuus.it\/cattolica\/alexandre-del-valle-basta-avere-sensi-di-colpa-per-gli-immigrati-e-lislam\/"},"wordCount":677,"publisher":{"@id":"https:\/\/www.rassegnastampa-totustuus.it\/cattolica\/#organization"},"image":{"@id":"https:\/\/www.rassegnastampa-totustuus.it\/cattolica\/alexandre-del-valle-basta-avere-sensi-di-colpa-per-gli-immigrati-e-lislam\/#primaryimage"},"thumbnailUrl":"https:\/\/www.rassegnastampa-totustuus.it\/cattolica\/wp-content\/uploads\/2019\/04\/Atlante.png","keywords":["crisi morale","identit\u00e0 europea","politically correct"],"articleSection":["Sguardo sul nostro tempo"],"inLanguage":"it-IT"},{"@type":"WebPage","@id":"https:\/\/www.rassegnastampa-totustuus.it\/cattolica\/alexandre-del-valle-basta-avere-sensi-di-colpa-per-gli-immigrati-e-lislam\/","url":"https:\/\/www.rassegnastampa-totustuus.it\/cattolica\/alexandre-del-valle-basta-avere-sensi-di-colpa-per-gli-immigrati-e-lislam\/","name":"Alexandre del Valle: Basta avere sensi di colpa per gli immigrati e l'islam - Rassegna Stampa Cattolica","isPartOf":{"@id":"https:\/\/www.rassegnastampa-totustuus.it\/cattolica\/#website"},"primaryImageOfPage":{"@id":"https:\/\/www.rassegnastampa-totustuus.it\/cattolica\/alexandre-del-valle-basta-avere-sensi-di-colpa-per-gli-immigrati-e-lislam\/#primaryimage"},"image":{"@id":"https:\/\/www.rassegnastampa-totustuus.it\/cattolica\/alexandre-del-valle-basta-avere-sensi-di-colpa-per-gli-immigrati-e-lislam\/#primaryimage"},"thumbnailUrl":"https:\/\/www.rassegnastampa-totustuus.it\/cattolica\/wp-content\/uploads\/2019\/04\/Atlante.png","datePublished":"2019-05-01T22:00:36+00:00","dateModified":"2025-07-28T13:32:19+00:00","description":"Alexandre del Valle: Basta avere sensi di colpa per gli immigrati e l'islam. Per cambiare la politica, \u00e8 stato trasformato il passato","breadcrumb":{"@id":"https:\/\/www.rassegnastampa-totustuus.it\/cattolica\/alexandre-del-valle-basta-avere-sensi-di-colpa-per-gli-immigrati-e-lislam\/#breadcrumb"},"inLanguage":"it-IT","potentialAction":[{"@type":"ReadAction","target":["https:\/\/www.rassegnastampa-totustuus.it\/cattolica\/alexandre-del-valle-basta-avere-sensi-di-colpa-per-gli-immigrati-e-lislam\/"]}]},{"@type":"ImageObject","inLanguage":"it-IT","@id":"https:\/\/www.rassegnastampa-totustuus.it\/cattolica\/alexandre-del-valle-basta-avere-sensi-di-colpa-per-gli-immigrati-e-lislam\/#primaryimage","url":"https:\/\/www.rassegnastampa-totustuus.it\/cattolica\/wp-content\/uploads\/2019\/04\/Atlante.png","contentUrl":"https:\/\/www.rassegnastampa-totustuus.it\/cattolica\/wp-content\/uploads\/2019\/04\/Atlante.png","width":1920,"height":1080},{"@type":"BreadcrumbList","@id":"https:\/\/www.rassegnastampa-totustuus.it\/cattolica\/alexandre-del-valle-basta-avere-sensi-di-colpa-per-gli-immigrati-e-lislam\/#breadcrumb","itemListElement":[{"@type":"ListItem","position":1,"name":"Home","item":"https:\/\/www.rassegnastampa-totustuus.it\/cattolica\/"},{"@type":"ListItem","position":2,"name":"Alexandre del Valle: Basta avere sensi di colpa per gli immigrati e l&#8217;islam"}]},{"@type":"WebSite","@id":"https:\/\/www.rassegnastampa-totustuus.it\/cattolica\/#website","url":"https:\/\/www.rassegnastampa-totustuus.it\/cattolica\/","name":"Rassegna Stampa Cattolica","description":"Per una cultura che nasce dalla Rivelazione cristiana in conformit\u00e0 alla tradizione e al Magistero della Chiesa in opposizione ad ogni relativismo e totalitarismo","publisher":{"@id":"https:\/\/www.rassegnastampa-totustuus.it\/cattolica\/#organization"},"alternateName":"Rass. Cattolica","potentialAction":[{"@type":"SearchAction","target":{"@type":"EntryPoint","urlTemplate":"https:\/\/www.rassegnastampa-totustuus.it\/cattolica\/?s={search_term_string}"},"query-input":{"@type":"PropertyValueSpecification","valueRequired":true,"valueName":"search_term_string"}}],"inLanguage":"it-IT"},{"@type":"Organization","@id":"https:\/\/www.rassegnastampa-totustuus.it\/cattolica\/#organization","name":"Rassegna Stampa Cattolica","url":"https:\/\/www.rassegnastampa-totustuus.it\/cattolica\/","logo":{"@type":"ImageObject","inLanguage":"it-IT","@id":"https:\/\/www.rassegnastampa-totustuus.it\/cattolica\/#\/schema\/logo\/image\/","url":"https:\/\/www.rassegnastampa-totustuus.it\/cattolica\/wp-content\/uploads\/2014\/04\/logo-rassegna1.gif","contentUrl":"https:\/\/www.rassegnastampa-totustuus.it\/cattolica\/wp-content\/uploads\/2014\/04\/logo-rassegna1.gif","width":600,"height":163,"caption":"Rassegna Stampa Cattolica"},"image":{"@id":"https:\/\/www.rassegnastampa-totustuus.it\/cattolica\/#\/schema\/logo\/image\/"},"sameAs":["https:\/\/www.facebook.com\/rassegnastampacattolica","https:\/\/x.com\/rassegnastampa9"]},{"@type":"Person","@id":"https:\/\/www.rassegnastampa-totustuus.it\/cattolica\/#\/schema\/person\/08f319d2bd1a0904ad9e2bfb7b15e5c3","name":"Redazione","image":{"@type":"ImageObject","inLanguage":"it-IT","@id":"https:\/\/secure.gravatar.com\/avatar\/2fcdf27c78ea025fbdb44e914cc63c72249ffec9dc8aafd5c82b26240ef3f346?s=96&d=mm&r=g","url":"https:\/\/secure.gravatar.com\/avatar\/2fcdf27c78ea025fbdb44e914cc63c72249ffec9dc8aafd5c82b26240ef3f346?s=96&d=mm&r=g","contentUrl":"https:\/\/secure.gravatar.com\/avatar\/2fcdf27c78ea025fbdb44e914cc63c72249ffec9dc8aafd5c82b26240ef3f346?s=96&d=mm&r=g","caption":"Redazione"},"url":"https:\/\/www.rassegnastampa-totustuus.it\/cattolica\/author\/pietroelle\/"}]}},"_links":{"self":[{"href":"https:\/\/www.rassegnastampa-totustuus.it\/cattolica\/wp-json\/wp\/v2\/posts\/42774","targetHints":{"allow":["GET"]}}],"collection":[{"href":"https:\/\/www.rassegnastampa-totustuus.it\/cattolica\/wp-json\/wp\/v2\/posts"}],"about":[{"href":"https:\/\/www.rassegnastampa-totustuus.it\/cattolica\/wp-json\/wp\/v2\/types\/post"}],"author":[{"embeddable":true,"href":"https:\/\/www.rassegnastampa-totustuus.it\/cattolica\/wp-json\/wp\/v2\/users\/6"}],"replies":[{"embeddable":true,"href":"https:\/\/www.rassegnastampa-totustuus.it\/cattolica\/wp-json\/wp\/v2\/comments?post=42774"}],"version-history":[{"count":4,"href":"https:\/\/www.rassegnastampa-totustuus.it\/cattolica\/wp-json\/wp\/v2\/posts\/42774\/revisions"}],"predecessor-version":[{"id":63607,"href":"https:\/\/www.rassegnastampa-totustuus.it\/cattolica\/wp-json\/wp\/v2\/posts\/42774\/revisions\/63607"}],"wp:featuredmedia":[{"embeddable":true,"href":"https:\/\/www.rassegnastampa-totustuus.it\/cattolica\/wp-json\/wp\/v2\/media\/42775"}],"wp:attachment":[{"href":"https:\/\/www.rassegnastampa-totustuus.it\/cattolica\/wp-json\/wp\/v2\/media?parent=42774"}],"wp:term":[{"taxonomy":"category","embeddable":true,"href":"https:\/\/www.rassegnastampa-totustuus.it\/cattolica\/wp-json\/wp\/v2\/categories?post=42774"},{"taxonomy":"post_tag","embeddable":true,"href":"https:\/\/www.rassegnastampa-totustuus.it\/cattolica\/wp-json\/wp\/v2\/tags?post=42774"}],"curies":[{"name":"wp","href":"https:\/\/api.w.org\/{rel}","templated":true}]}}