{"id":42686,"date":"2019-04-11T00:00:18","date_gmt":"2019-04-10T22:00:18","guid":{"rendered":"http:\/\/www.rassegnastampa-totustuus.it\/cattolica\/?p=42686"},"modified":"2019-04-04T16:24:41","modified_gmt":"2019-04-04T14:24:41","slug":"le-leggi-del-potere","status":"publish","type":"post","link":"https:\/\/www.rassegnastampa-totustuus.it\/cattolica\/le-leggi-del-potere\/","title":{"rendered":"Le leggi del potere"},"content":{"rendered":"<p style=\"text-align: center;\"><a href=\"https:\/\/www.rassegnastampa-totustuus.it\/cattolica\/wp-content\/uploads\/2019\/04\/Bandiera-americana.jpg\"><img loading=\"lazy\" decoding=\"async\" class=\"alignright wp-image-42687\" src=\"https:\/\/www.rassegnastampa-totustuus.it\/cattolica\/wp-content\/uploads\/2019\/04\/Bandiera-americana-300x200.jpg\" alt=\"\" width=\"250\" height=\"166\" srcset=\"https:\/\/www.rassegnastampa-totustuus.it\/cattolica\/wp-content\/uploads\/2019\/04\/Bandiera-americana-300x200.jpg 300w, https:\/\/www.rassegnastampa-totustuus.it\/cattolica\/wp-content\/uploads\/2019\/04\/Bandiera-americana-768x511.jpg 768w, https:\/\/www.rassegnastampa-totustuus.it\/cattolica\/wp-content\/uploads\/2019\/04\/Bandiera-americana-1024x681.jpg 1024w, https:\/\/www.rassegnastampa-totustuus.it\/cattolica\/wp-content\/uploads\/2019\/04\/Bandiera-americana.jpg 1300w\" sizes=\"auto, (max-width: 250px) 100vw, 250px\" \/><\/a>da<a> Il <\/a><a href=\"http:\/\/www.corrieredelsud.it\/\"><strong>Corriere del Sud<\/strong><\/a><\/p>\n<p style=\"text-align: center;\">n. 9 -1 dicembre 2018<\/p>\n<p style=\"text-align: center;\"><em>Il requiem del \u201csogno americano\u201d secondo Noam Chomsky<\/em><\/p>\n<p style=\"text-align: center;\">di <strong>Mauro Rotellini<\/strong><\/p>\n<p><!--more--><\/p>\n<p style=\"text-align: justify;\">Noam Chomsky \u00e8, diremmo, personalit\u00e0 piuttosto famosa e versatile. \u00c8 un filosofo, scienziato cognitivista, teorico della comunicazione, accademico e saggista molto conosciuto negli Stati Uniti. Insegna al <em>Massachusetts Institute of Technology, MIT<\/em>, ed \u00e8 famoso sia per i contributi che ha portato alla linguistica sia per il suo attivismo politico-culturale.<\/p>\n<p style=\"text-align: justify;\">In Italia \u00e8 pi\u00f9 ripreso per questo secondo aspetto, in quanto portatore d\u2019idee radicali e d\u2019ispirazione anarchica. Chomsky denuncia in particolare il sistema dei mass media che descrive come un gruppo elitario di potenti gestori delle informazioni che riesce a determinare una graduatoria di priorit\u00e0 delle notizie stesse, a cui tutti gli altri operatori devono \u2013 alla fine \u2013 adeguarsi.<\/p>\n<p style=\"text-align: justify;\"><a href=\"https:\/\/www.rassegnastampa-totustuus.it\/cattolica\/wp-content\/uploads\/2016\/03\/manipolazione_media.jpg\"><img loading=\"lazy\" decoding=\"async\" class=\"size-full wp-image-31534 alignleft\" src=\"https:\/\/www.rassegnastampa-totustuus.it\/cattolica\/wp-content\/uploads\/2016\/03\/manipolazione_media.jpg\" alt=\"\" width=\"277\" height=\"182\" \/><\/a>In questo modo chi gestisce le informazioni gestisce il vero potere. Feroce nemico del GOP, il <em>Grand Old Party<\/em>, il Partito Repubblicano statunitense, di questo eclettico e non certo tutto condivisibile Autore \u00e8 uscito per i tipi di Ponte alle Grazie il libro \u201c<em>Le dieci leggi del potere. Requiem per il sogno americano<\/em>\u201d (Milano 2017, pp. 175, \u20ac 14), nel quale si legge la realt\u00e0 USA contemporanea come un mondo in cui non esiste pi\u00f9 spazio per il \u201csogno\u201d.<\/p>\n<p style=\"text-align: justify;\">La possibilit\u00e0, cio\u00e8, tipica della societ\u00e0 statunitense, per cui ciascuno pu\u00f2 di fatto arrivare a disporre della propria vita contando sulle sue sole proprie forze. \u00c8 questa, per esempio, la storia di moltissimi emigrati italiani, partiti dalla Penisola e arrivati sotto la Statua della Libert\u00e0 per realizzare una vita nuova partendo dal mestiere che avevano imparato nella loro patria.<\/p>\n<p style=\"text-align: justify;\"><a href=\"https:\/\/www.rassegnastampa-totustuus.it\/cattolica\/wp-content\/uploads\/2019\/04\/poveri_Usa.jpg\"><img loading=\"lazy\" decoding=\"async\" class=\"size-full wp-image-42688 alignright\" src=\"https:\/\/www.rassegnastampa-totustuus.it\/cattolica\/wp-content\/uploads\/2019\/04\/poveri_Usa.jpg\" alt=\"\" width=\"275\" height=\"183\" \/><\/a>Spesso migliorando non poco il proprio status e ponendo le basi per un ulteriore progresso sociale nella vita dei figli: \u00ab<em>nasci povero, lavori sodo, diventi ricco<\/em>\u00bb. Oggi, afferma Chomsky, non \u00e8 pi\u00f9 cos\u00ec: \u00ab<em>la mobilit\u00e0 sociale \u00e8 pi\u00f9 ridotta negli USA di quanto non lo sia in Europa<\/em>\u00bb.<\/p>\n<p style=\"text-align: justify;\">L&#8217;aspetto pi\u00f9 evidente della morte di questo sogno \u00e8 il grado di disuguaglianza, che cresce in continuazione. Chomsky si riferisce alla disuguaglianza di natura economica che ha le sue origini nello straordinario processo di concentrazione della ricchezza che si \u00e8 realizzato da trent\u2019anni a questa parte nel mondo occidentale e negli Stati Uniti.<\/p>\n<p style=\"text-align: justify;\">In pratica, le classi dirigenti mettono in pratica la \u201cvile massima\u201d (cos\u00ec la chiamer\u00e0 per tutto il libro&#8230;) secondo cui occorre operare affinch\u00e9 \u00ab<em>tutto sia per noi e niente per gli altri<\/em>\u00bb. Ma quali sono queste dieci leggi del potere di cui parla Chomsky? Non possiamo esimerci dal farne l&#8217;elenco. Ad ognuna di esse l\u2019Autore dedica un capitolo, che si struttura partendo sempre dalla citazione delle fonti ideologiche di quella legge, sempre pensatori statunitensi del secolo XVIII e XIX.<\/p>\n<p style=\"text-align: justify;\"><a href=\"https:\/\/www.rassegnastampa-totustuus.it\/cattolica\/wp-content\/uploads\/2005\/07\/democrazia.jpg\"><img loading=\"lazy\" decoding=\"async\" class=\"size-full wp-image-33152 alignleft\" src=\"https:\/\/www.rassegnastampa-totustuus.it\/cattolica\/wp-content\/uploads\/2005\/07\/democrazia.jpg\" alt=\"\" width=\"265\" height=\"190\" \/><\/a>La prima legge \u00e8 \u00ab<em>ridurre la democrazia<\/em>\u00bb, cio\u00e8 lo scontro tra la volont\u00e0 della classe dirigente di ampliare il proprio potere e i desideri del popolo di espandere gli strumenti della democrazia.<\/p>\n<p style=\"text-align: justify;\">La seconda \u00e8 \u00ab<em>plasmare l&#8217;ideologia<\/em>\u00bb, che deve essere adeguata alla necessit\u00e0 di ridurre gli eccessi di democrazia.<\/p>\n<p style=\"text-align: justify;\">La terza \u00e8 \u00ab<em>ridisegnare l&#8217;economia<\/em>\u00bb, spostando il fulcro della stessa dal settore manifatturiero a quello finanziario (e ognuno ne vede i risvolti sociali: nel primo caso fulcro della societ\u00e0 sono gli operai, nel secondo i finanzieri).<\/p>\n<p style=\"text-align: justify;\">La quarta legge \u00e8 \u00ab<em>scaricare i costi<\/em>\u00bb, nota in Italia come <em>privatizzazione dei profitti e socializzazione delle perdite<\/em>. \u00a0La quinta legge \u00e8 terribile, \u00ab<em>aggredire la solidariet\u00e0<\/em>\u00bb, che significa ristrutturare sostanzialmente annullandolo il welfare state. Non \u00e8 un caso \u2013 nota Chomsky \u2013 che il dibattito nel mondo occidentale ruoti sempre intorno alla <em>sostenibilit\u00e0<\/em> di questo settore, accusato di portare al fallimento gli Stati.<\/p>\n<p style=\"text-align: justify;\"><a href=\"https:\/\/www.rassegnastampa-totustuus.it\/cattolica\/wp-content\/uploads\/2005\/05\/welfare.jpg\"><img loading=\"lazy\" decoding=\"async\" class=\"size-full wp-image-28043 alignright\" src=\"https:\/\/www.rassegnastampa-totustuus.it\/cattolica\/wp-content\/uploads\/2005\/05\/welfare.jpg\" alt=\"\" width=\"240\" height=\"160\" \/><\/a>Ma anche il sistema dell&#8217;istruzione pubblica (nel caso USA) \u00e8 sotto attacco. L&#8217;obiettivo? Quello di far dimagrire lo Stato e quindi fa diminuire le tasse. Gi\u00e0 dall&#8217;esame della prima met\u00e0 delle leggi risuonano forti i richiami alla realt\u00e0 europea ed anche italiana.<\/p>\n<p style=\"text-align: justify;\">Diremmo che non starebbero affatto male alcuni esempi tratti dalla contemporaneit\u00e0 nazionale applicativi delle \u201cleggi\u201d finora descritte. E quindi: l\u2019attenzione continua alla performance borsistica o il richiamo ossessivo ai \u201cmercati\u201d, allo spread etc. quale principale sintomo per la valutazione dell&#8217;operato di un Governo; il dibattito permanente sulle pensioni, l\u2019appello ad un voto popolare \u201cresponsabile\u201d (accettato solo quando in sintonia con i Poteri Forti), non sono forse temi della cronaca politica del nostro Paese che vedreste bene come altrettanti \u201ccasi di studio\u201d del libro di Chomsky?<\/p>\n<p style=\"text-align: justify;\">Ma passiamo ora ad esaminare le successive cinque leggi. Ricominciando dalla sesta, \u00ab<em>controllare i controllori<\/em>\u00bb, affinch\u00e9 l&#8217;attivit\u00e0 del controllare sia svuotata di contenuto.<\/p>\n<p style=\"text-align: justify;\"><a href=\"https:\/\/www.rassegnastampa-totustuus.it\/cattolica\/wp-content\/uploads\/2012\/12\/Obama.jpg\"><img loading=\"lazy\" decoding=\"async\" class=\"alignleft wp-image-28328\" src=\"https:\/\/www.rassegnastampa-totustuus.it\/cattolica\/wp-content\/uploads\/2012\/12\/Obama.jpg\" alt=\"\" width=\"250\" height=\"140\" \/><\/a>La settima legge \u00e8 l\u2019\u00ab<em>ingegneria delle elezioni<\/em>\u00bb, laddove le potenti forze che influenzano le societ\u00e0 capitalistiche riescono ad influenzare il voto attraverso il finanziamento di questo o quel candidato.<\/p>\n<p style=\"text-align: justify;\">L&#8217;ottava \u00ab<em>tenere a bada la plebaglia<\/em>\u00bb, che significa tentare di ridurre ogni spazio di espressione del sindacato, del movimento dei lavoratori, dell\u2019associazionismo.<\/p>\n<p style=\"text-align: justify;\">La nona \u00ab<em>fabbricare il consenso<\/em>\u00bb, con il sapiente uso del marketing e della pubblicit\u00e0, per creare alla fine una persona che \u00e8 contenta di quel che ha, che \u00e8 nulla rispetto a quello che possiede la parte privilegiata della nazione.<\/p>\n<p style=\"text-align: justify;\"><a href=\"https:\/\/www.rassegnastampa-totustuus.it\/cattolica\/wp-content\/uploads\/2018\/08\/uomo-massa.jpg\"><img loading=\"lazy\" decoding=\"async\" class=\"alignright wp-image-40846\" src=\"https:\/\/www.rassegnastampa-totustuus.it\/cattolica\/wp-content\/uploads\/2018\/08\/uomo-massa-300x136.jpg\" alt=\"\" width=\"250\" height=\"113\" srcset=\"https:\/\/www.rassegnastampa-totustuus.it\/cattolica\/wp-content\/uploads\/2018\/08\/uomo-massa-300x136.jpg 300w, https:\/\/www.rassegnastampa-totustuus.it\/cattolica\/wp-content\/uploads\/2018\/08\/uomo-massa.jpg 334w\" sizes=\"auto, (max-width: 250px) 100vw, 250px\" \/><\/a>E infine l&#8217;ultima legge, diremmo \u201cricapitolativa\u201d di tutte le altre: \u00ab<em>marginalizzare il popolo<\/em>\u00bb. Sotto questa nozione rientrano tutte le scelte politiche che non mirano alla realizzazione dell&#8217;interesse popolare, ma a quello pochi privilegiati, cio\u00e8 gli \u00ab<em>happy few<\/em>\u00bb come li chiama Chomsky.<\/p>\n<p style=\"text-align: justify;\">Ma il pericolo che deriva da quest\u2019ultima annotazione \u00e8 enorme, perch\u00e9 il popolo oltre un certo livello pu\u00f2 reagire in maniera violenta. \u00a0Il grado di conflittualit\u00e0 della societ\u00e0 aumenta sempre di pi\u00f9 fino a che, alla fine osserva Chomsky, appare l\u2019Uomo forte. Quello che il filosofo anarchico individua nell\u2019attualit\u00e0 nel presidente Donald Trump e, per questo, ricorda come \u00ab<em>Da molti anni metto in guardia<\/em> [\u2026] <em>sul rischio che negli Stati Uniti si faccia strada un ideologo puro, carismatico, che sfrutti la paure e la rabbia che covano da lungo tempo nella societ\u00e0<\/em>\u00bb\u2026<\/p>\n<div id=\"attachment_42689\" style=\"width: 161px\" class=\"wp-caption alignleft\"><a href=\"https:\/\/www.rassegnastampa-totustuus.it\/cattolica\/wp-content\/uploads\/2019\/04\/Noam_Chomsky.jpg\"><img loading=\"lazy\" decoding=\"async\" aria-describedby=\"caption-attachment-42689\" class=\"wp-image-42689\" src=\"https:\/\/www.rassegnastampa-totustuus.it\/cattolica\/wp-content\/uploads\/2019\/04\/Noam_Chomsky.jpg\" alt=\"\" width=\"161\" height=\"200\" \/><\/a><p id=\"caption-attachment-42689\" class=\"wp-caption-text\">Noam Chomsky<\/p><\/div>\n<p style=\"text-align: justify;\">Con questa denuncia si chiude un libro che, al di l\u00e0 di alcuni aspetti, risulta interessante e ben fatto. \u00a0Sono rilevazioni concrete quelle rilevate da Chomsky. Ognuno pu\u00f2 ritrovarci parti e spezzoni della realt\u00e0 di oggi. Ma, appunto, solo parti e spezzoni. Perch\u00e9 nella parte relativa all&#8217;analisi del contemporaneo, l\u2019Autore non riesce a sfuggire all\u2019unilateralit\u00e0 del suo punto di vista politico: i democratici, i sindacati, i movimenti popolari sono buoni; i repubblicani, le oligarchie, le personalit\u00e0 di \u201cdestra\u201d sono cattive. Il classico manicheismo di sinistra.<\/p>\n<p style=\"text-align: justify;\">Sfugge completamente \u2013 non conosciamo il grado di consapevolezza dell\u2019Autore, ma certo non ne troviamo traccia \u2013 il ruolo che il Partito democratico statunitense ha tenuto nel concretizzarsi dell\u2019attuale situazione. E, d&#8217;altronde, se \u00e8 vero che siamo di fronte ad una vera e propria ingegneria delle elezioni, dobbiamo pensare che questa esista anche quando vincono i democratici.<\/p>\n<p style=\"text-align: justify;\"><a href=\"https:\/\/www.rassegnastampa-totustuus.it\/cattolica\/wp-content\/uploads\/2016\/11\/Donald_Trump.jpg\"><img loading=\"lazy\" decoding=\"async\" class=\"alignright wp-image-36610\" src=\"https:\/\/www.rassegnastampa-totustuus.it\/cattolica\/wp-content\/uploads\/2016\/11\/Donald_Trump.jpg\" alt=\"\" width=\"135\" height=\"200\" \/><\/a>Non sembra proprio che i candidati democratici sboccino dal terreno vergine della societ\u00e0 USA. \u00a0Un altro punto debole del ragionamento di Chomsky \u00e8 quello di considerare Trump come l\u2019\u201cUomo forte\u201d per antonomasia. Ora, nel gergo politico per \u201cUomo forte\u201d s\u2019intende quello che si impone alle Istituzioni, magari le cambia, ma sicuramente le piega ai suoi voleri. \u00c8 importante soffermarsi su questo punto, perch\u00e9 la critica a Trump coinvolge anche la critica ai populismi europei.<\/p>\n<p style=\"text-align: justify;\">Vi sembra che le Istituzioni americane soffrano di una qualche limitazione nella loro attivit\u00e0? Se pensate ad esempio al <em>Russiagate<\/em>, alle accuse di evasione fiscale ed agli scandali sessuali che sono stati agitati in questi mesi, non pare proprio che l&#8217;opposizione americana sia in qualche maniera conculcata!<\/p>\n<p style=\"text-align: justify;\"><a href=\"https:\/\/www.rassegnastampa-totustuus.it\/cattolica\/wp-content\/uploads\/2015\/01\/mussiolini-2.jpg\"><img loading=\"lazy\" decoding=\"async\" class=\"alignleft wp-image-16316\" src=\"https:\/\/www.rassegnastampa-totustuus.it\/cattolica\/wp-content\/uploads\/2015\/01\/mussiolini-2.jpg\" alt=\"\" width=\"131\" height=\"200\" \/><\/a>Questa definizione di \u201cUomo forte\u201d, quindi, proviene indubitabilmente dal passato e, la sua vetust\u00e0, si sente. Viene da un periodo in cui oggettivamente la sovranit\u00e0 risiedeva in poche realt\u00e0 o Istituzioni. Ma oggi si pu\u00f2 sostenere che sia ancora cos\u00ec?<\/p>\n<p style=\"text-align: justify;\">La sovranit\u00e0 (intesa non fosse altro che come attivit\u00e0 di controllo) oramai risiede anche in organi e istituzioni non elettive (pensiamo al ruolo dei media e a quello dei sindacati), spesso di proiezione multinazionale e, questo, riduce di molto la possibilit\u00e0 che ci sia davvero un solo \u201cUomo forte\u201d al comando.<\/p>\n","protected":false},"excerpt":{"rendered":"<p>da Il Corriere del Sud n. 9 -1 dicembre 2018 Il requiem del \u201csogno americano\u201d secondo Noam Chomsky di Mauro Rotellini<\/p><p><a class=\"more-link btn\" href=\"https:\/\/www.rassegnastampa-totustuus.it\/cattolica\/le-leggi-del-potere\/\">Continua a leggere<\/a><\/p>\n","protected":false},"author":6,"featured_media":42687,"comment_status":"closed","ping_status":"closed","sticky":false,"template":"","format":"standard","meta":{"footnotes":""},"categories":[53,19,76,80],"tags":[648,755,2480,237],"class_list":["post-42686","post","type-post","status-publish","format-standard","has-post-thumbnail","hentry","category-politica","category-politica-internazionale","category-stati-uniti","category-totalitarismo","tag-globalizzazione","tag-potere","tag-sogno-americano","tag-totalitarismo-2","item-wrap"],"yoast_head":"<!-- This site is optimized with the Yoast SEO plugin v27.5 - https:\/\/yoast.com\/product\/yoast-seo-wordpress\/ -->\n<title>Le leggi del potere - Rassegna Stampa Cattolica<\/title>\n<meta name=\"description\" content=\"Rassegna Stampa Cattolica - Per una cultura che nasce dalla Rivelazione cristiana in conformit\u00e0 alla tradizione e al Magistero della Chiesa in opposizione ad ogni relativismo e totalitarismo\" \/>\n<meta name=\"robots\" content=\"index, follow, max-snippet:-1, max-image-preview:large, max-video-preview:-1\" \/>\n<link rel=\"canonical\" href=\"https:\/\/www.rassegnastampa-totustuus.it\/cattolica\/le-leggi-del-potere\/\" \/>\n<meta property=\"og:locale\" content=\"it_IT\" \/>\n<meta property=\"og:type\" content=\"article\" \/>\n<meta property=\"og:title\" content=\"Le leggi del potere - Rassegna Stampa Cattolica\" \/>\n<meta property=\"og:description\" content=\"Rassegna Stampa Cattolica - Per una cultura che nasce dalla Rivelazione cristiana in conformit\u00e0 alla tradizione e al Magistero della Chiesa in opposizione ad ogni relativismo e totalitarismo\" \/>\n<meta property=\"og:url\" content=\"https:\/\/www.rassegnastampa-totustuus.it\/cattolica\/le-leggi-del-potere\/\" \/>\n<meta property=\"og:site_name\" content=\"Rassegna Stampa Cattolica\" \/>\n<meta property=\"article:publisher\" content=\"https:\/\/www.facebook.com\/rassegnastampacattolica\" \/>\n<meta property=\"article:published_time\" content=\"2019-04-10T22:00:18+00:00\" \/>\n<meta property=\"og:image\" content=\"https:\/\/www.rassegnastampa-totustuus.it\/cattolica\/wp-content\/uploads\/2019\/04\/Bandiera-americana.jpg\" \/>\n\t<meta property=\"og:image:width\" content=\"1300\" \/>\n\t<meta property=\"og:image:height\" content=\"865\" \/>\n\t<meta property=\"og:image:type\" content=\"image\/jpeg\" \/>\n<meta name=\"author\" content=\"Redazione\" \/>\n<meta name=\"twitter:card\" content=\"summary_large_image\" \/>\n<meta name=\"twitter:creator\" content=\"@rassegnastampa9\" \/>\n<meta name=\"twitter:site\" content=\"@rassegnastampa9\" \/>\n<meta name=\"twitter:label1\" content=\"Scritto da\" \/>\n\t<meta name=\"twitter:data1\" content=\"Redazione\" \/>\n\t<meta name=\"twitter:label2\" content=\"Tempo di lettura stimato\" \/>\n\t<meta name=\"twitter:data2\" content=\"7 minuti\" \/>\n<script type=\"application\/ld+json\" class=\"yoast-schema-graph\">{\"@context\":\"https:\\\/\\\/schema.org\",\"@graph\":[{\"@type\":\"Article\",\"@id\":\"https:\\\/\\\/www.rassegnastampa-totustuus.it\\\/cattolica\\\/le-leggi-del-potere\\\/#article\",\"isPartOf\":{\"@id\":\"https:\\\/\\\/www.rassegnastampa-totustuus.it\\\/cattolica\\\/le-leggi-del-potere\\\/\"},\"author\":{\"name\":\"Redazione\",\"@id\":\"https:\\\/\\\/www.rassegnastampa-totustuus.it\\\/cattolica\\\/#\\\/schema\\\/person\\\/08f319d2bd1a0904ad9e2bfb7b15e5c3\"},\"headline\":\"Le leggi del potere\",\"datePublished\":\"2019-04-10T22:00:18+00:00\",\"mainEntityOfPage\":{\"@id\":\"https:\\\/\\\/www.rassegnastampa-totustuus.it\\\/cattolica\\\/le-leggi-del-potere\\\/\"},\"wordCount\":1333,\"publisher\":{\"@id\":\"https:\\\/\\\/www.rassegnastampa-totustuus.it\\\/cattolica\\\/#organization\"},\"image\":{\"@id\":\"https:\\\/\\\/www.rassegnastampa-totustuus.it\\\/cattolica\\\/le-leggi-del-potere\\\/#primaryimage\"},\"thumbnailUrl\":\"https:\\\/\\\/www.rassegnastampa-totustuus.it\\\/cattolica\\\/wp-content\\\/uploads\\\/2019\\\/04\\\/Bandiera-americana.jpg\",\"keywords\":[\"globalizzazione\",\"potere\",\"sogno americano\",\"totalitarismo\"],\"articleSection\":[\"Politica\",\"Politica internazionale\",\"Stati Uniti\",\"Totalitarismo\"],\"inLanguage\":\"it-IT\"},{\"@type\":\"WebPage\",\"@id\":\"https:\\\/\\\/www.rassegnastampa-totustuus.it\\\/cattolica\\\/le-leggi-del-potere\\\/\",\"url\":\"https:\\\/\\\/www.rassegnastampa-totustuus.it\\\/cattolica\\\/le-leggi-del-potere\\\/\",\"name\":\"Le leggi del potere - Rassegna Stampa Cattolica\",\"isPartOf\":{\"@id\":\"https:\\\/\\\/www.rassegnastampa-totustuus.it\\\/cattolica\\\/#website\"},\"primaryImageOfPage\":{\"@id\":\"https:\\\/\\\/www.rassegnastampa-totustuus.it\\\/cattolica\\\/le-leggi-del-potere\\\/#primaryimage\"},\"image\":{\"@id\":\"https:\\\/\\\/www.rassegnastampa-totustuus.it\\\/cattolica\\\/le-leggi-del-potere\\\/#primaryimage\"},\"thumbnailUrl\":\"https:\\\/\\\/www.rassegnastampa-totustuus.it\\\/cattolica\\\/wp-content\\\/uploads\\\/2019\\\/04\\\/Bandiera-americana.jpg\",\"datePublished\":\"2019-04-10T22:00:18+00:00\",\"description\":\"Rassegna Stampa Cattolica - Per una cultura che nasce dalla Rivelazione cristiana in conformit\u00e0 alla tradizione e al Magistero della Chiesa in opposizione ad ogni relativismo e totalitarismo\",\"breadcrumb\":{\"@id\":\"https:\\\/\\\/www.rassegnastampa-totustuus.it\\\/cattolica\\\/le-leggi-del-potere\\\/#breadcrumb\"},\"inLanguage\":\"it-IT\",\"potentialAction\":[{\"@type\":\"ReadAction\",\"target\":[\"https:\\\/\\\/www.rassegnastampa-totustuus.it\\\/cattolica\\\/le-leggi-del-potere\\\/\"]}]},{\"@type\":\"ImageObject\",\"inLanguage\":\"it-IT\",\"@id\":\"https:\\\/\\\/www.rassegnastampa-totustuus.it\\\/cattolica\\\/le-leggi-del-potere\\\/#primaryimage\",\"url\":\"https:\\\/\\\/www.rassegnastampa-totustuus.it\\\/cattolica\\\/wp-content\\\/uploads\\\/2019\\\/04\\\/Bandiera-americana.jpg\",\"contentUrl\":\"https:\\\/\\\/www.rassegnastampa-totustuus.it\\\/cattolica\\\/wp-content\\\/uploads\\\/2019\\\/04\\\/Bandiera-americana.jpg\",\"width\":1300,\"height\":865},{\"@type\":\"BreadcrumbList\",\"@id\":\"https:\\\/\\\/www.rassegnastampa-totustuus.it\\\/cattolica\\\/le-leggi-del-potere\\\/#breadcrumb\",\"itemListElement\":[{\"@type\":\"ListItem\",\"position\":1,\"name\":\"Home\",\"item\":\"https:\\\/\\\/www.rassegnastampa-totustuus.it\\\/cattolica\\\/\"},{\"@type\":\"ListItem\",\"position\":2,\"name\":\"Le leggi del potere\"}]},{\"@type\":\"WebSite\",\"@id\":\"https:\\\/\\\/www.rassegnastampa-totustuus.it\\\/cattolica\\\/#website\",\"url\":\"https:\\\/\\\/www.rassegnastampa-totustuus.it\\\/cattolica\\\/\",\"name\":\"Rassegna Stampa Cattolica\",\"description\":\"Per una cultura che nasce dalla Rivelazione cristiana in conformit\u00e0 alla tradizione e al Magistero della Chiesa in opposizione ad ogni relativismo e totalitarismo\",\"publisher\":{\"@id\":\"https:\\\/\\\/www.rassegnastampa-totustuus.it\\\/cattolica\\\/#organization\"},\"alternateName\":\"Rass. Cattolica\",\"potentialAction\":[{\"@type\":\"SearchAction\",\"target\":{\"@type\":\"EntryPoint\",\"urlTemplate\":\"https:\\\/\\\/www.rassegnastampa-totustuus.it\\\/cattolica\\\/?s={search_term_string}\"},\"query-input\":{\"@type\":\"PropertyValueSpecification\",\"valueRequired\":true,\"valueName\":\"search_term_string\"}}],\"inLanguage\":\"it-IT\"},{\"@type\":\"Organization\",\"@id\":\"https:\\\/\\\/www.rassegnastampa-totustuus.it\\\/cattolica\\\/#organization\",\"name\":\"Rassegna Stampa Cattolica\",\"url\":\"https:\\\/\\\/www.rassegnastampa-totustuus.it\\\/cattolica\\\/\",\"logo\":{\"@type\":\"ImageObject\",\"inLanguage\":\"it-IT\",\"@id\":\"https:\\\/\\\/www.rassegnastampa-totustuus.it\\\/cattolica\\\/#\\\/schema\\\/logo\\\/image\\\/\",\"url\":\"https:\\\/\\\/www.rassegnastampa-totustuus.it\\\/cattolica\\\/wp-content\\\/uploads\\\/2014\\\/04\\\/logo-rassegna1.gif\",\"contentUrl\":\"https:\\\/\\\/www.rassegnastampa-totustuus.it\\\/cattolica\\\/wp-content\\\/uploads\\\/2014\\\/04\\\/logo-rassegna1.gif\",\"width\":600,\"height\":163,\"caption\":\"Rassegna Stampa Cattolica\"},\"image\":{\"@id\":\"https:\\\/\\\/www.rassegnastampa-totustuus.it\\\/cattolica\\\/#\\\/schema\\\/logo\\\/image\\\/\"},\"sameAs\":[\"https:\\\/\\\/www.facebook.com\\\/rassegnastampacattolica\",\"https:\\\/\\\/x.com\\\/rassegnastampa9\"]},{\"@type\":\"Person\",\"@id\":\"https:\\\/\\\/www.rassegnastampa-totustuus.it\\\/cattolica\\\/#\\\/schema\\\/person\\\/08f319d2bd1a0904ad9e2bfb7b15e5c3\",\"name\":\"Redazione\",\"image\":{\"@type\":\"ImageObject\",\"inLanguage\":\"it-IT\",\"@id\":\"https:\\\/\\\/secure.gravatar.com\\\/avatar\\\/2fcdf27c78ea025fbdb44e914cc63c72249ffec9dc8aafd5c82b26240ef3f346?s=96&d=mm&r=g\",\"url\":\"https:\\\/\\\/secure.gravatar.com\\\/avatar\\\/2fcdf27c78ea025fbdb44e914cc63c72249ffec9dc8aafd5c82b26240ef3f346?s=96&d=mm&r=g\",\"contentUrl\":\"https:\\\/\\\/secure.gravatar.com\\\/avatar\\\/2fcdf27c78ea025fbdb44e914cc63c72249ffec9dc8aafd5c82b26240ef3f346?s=96&d=mm&r=g\",\"caption\":\"Redazione\"},\"url\":\"https:\\\/\\\/www.rassegnastampa-totustuus.it\\\/cattolica\\\/author\\\/pietroelle\\\/\"}]}<\/script>\n<!-- \/ Yoast SEO plugin. -->","yoast_head_json":{"title":"Le leggi del potere - Rassegna Stampa Cattolica","description":"Rassegna Stampa Cattolica - Per una cultura che nasce dalla Rivelazione cristiana in conformit\u00e0 alla tradizione e al Magistero della Chiesa in opposizione ad ogni relativismo e totalitarismo","robots":{"index":"index","follow":"follow","max-snippet":"max-snippet:-1","max-image-preview":"max-image-preview:large","max-video-preview":"max-video-preview:-1"},"canonical":"https:\/\/www.rassegnastampa-totustuus.it\/cattolica\/le-leggi-del-potere\/","og_locale":"it_IT","og_type":"article","og_title":"Le leggi del potere - Rassegna Stampa Cattolica","og_description":"Rassegna Stampa Cattolica - Per una cultura che nasce dalla Rivelazione cristiana in conformit\u00e0 alla tradizione e al Magistero della Chiesa in opposizione ad ogni relativismo e totalitarismo","og_url":"https:\/\/www.rassegnastampa-totustuus.it\/cattolica\/le-leggi-del-potere\/","og_site_name":"Rassegna Stampa Cattolica","article_publisher":"https:\/\/www.facebook.com\/rassegnastampacattolica","article_published_time":"2019-04-10T22:00:18+00:00","og_image":[{"width":1300,"height":865,"url":"https:\/\/www.rassegnastampa-totustuus.it\/cattolica\/wp-content\/uploads\/2019\/04\/Bandiera-americana.jpg","type":"image\/jpeg"}],"author":"Redazione","twitter_card":"summary_large_image","twitter_creator":"@rassegnastampa9","twitter_site":"@rassegnastampa9","twitter_misc":{"Scritto da":"Redazione","Tempo di lettura stimato":"7 minuti"},"schema":{"@context":"https:\/\/schema.org","@graph":[{"@type":"Article","@id":"https:\/\/www.rassegnastampa-totustuus.it\/cattolica\/le-leggi-del-potere\/#article","isPartOf":{"@id":"https:\/\/www.rassegnastampa-totustuus.it\/cattolica\/le-leggi-del-potere\/"},"author":{"name":"Redazione","@id":"https:\/\/www.rassegnastampa-totustuus.it\/cattolica\/#\/schema\/person\/08f319d2bd1a0904ad9e2bfb7b15e5c3"},"headline":"Le leggi del potere","datePublished":"2019-04-10T22:00:18+00:00","mainEntityOfPage":{"@id":"https:\/\/www.rassegnastampa-totustuus.it\/cattolica\/le-leggi-del-potere\/"},"wordCount":1333,"publisher":{"@id":"https:\/\/www.rassegnastampa-totustuus.it\/cattolica\/#organization"},"image":{"@id":"https:\/\/www.rassegnastampa-totustuus.it\/cattolica\/le-leggi-del-potere\/#primaryimage"},"thumbnailUrl":"https:\/\/www.rassegnastampa-totustuus.it\/cattolica\/wp-content\/uploads\/2019\/04\/Bandiera-americana.jpg","keywords":["globalizzazione","potere","sogno americano","totalitarismo"],"articleSection":["Politica","Politica internazionale","Stati Uniti","Totalitarismo"],"inLanguage":"it-IT"},{"@type":"WebPage","@id":"https:\/\/www.rassegnastampa-totustuus.it\/cattolica\/le-leggi-del-potere\/","url":"https:\/\/www.rassegnastampa-totustuus.it\/cattolica\/le-leggi-del-potere\/","name":"Le leggi del potere - Rassegna Stampa Cattolica","isPartOf":{"@id":"https:\/\/www.rassegnastampa-totustuus.it\/cattolica\/#website"},"primaryImageOfPage":{"@id":"https:\/\/www.rassegnastampa-totustuus.it\/cattolica\/le-leggi-del-potere\/#primaryimage"},"image":{"@id":"https:\/\/www.rassegnastampa-totustuus.it\/cattolica\/le-leggi-del-potere\/#primaryimage"},"thumbnailUrl":"https:\/\/www.rassegnastampa-totustuus.it\/cattolica\/wp-content\/uploads\/2019\/04\/Bandiera-americana.jpg","datePublished":"2019-04-10T22:00:18+00:00","description":"Rassegna Stampa Cattolica - Per una cultura che nasce dalla Rivelazione cristiana in conformit\u00e0 alla tradizione e al Magistero della Chiesa in opposizione ad ogni relativismo e totalitarismo","breadcrumb":{"@id":"https:\/\/www.rassegnastampa-totustuus.it\/cattolica\/le-leggi-del-potere\/#breadcrumb"},"inLanguage":"it-IT","potentialAction":[{"@type":"ReadAction","target":["https:\/\/www.rassegnastampa-totustuus.it\/cattolica\/le-leggi-del-potere\/"]}]},{"@type":"ImageObject","inLanguage":"it-IT","@id":"https:\/\/www.rassegnastampa-totustuus.it\/cattolica\/le-leggi-del-potere\/#primaryimage","url":"https:\/\/www.rassegnastampa-totustuus.it\/cattolica\/wp-content\/uploads\/2019\/04\/Bandiera-americana.jpg","contentUrl":"https:\/\/www.rassegnastampa-totustuus.it\/cattolica\/wp-content\/uploads\/2019\/04\/Bandiera-americana.jpg","width":1300,"height":865},{"@type":"BreadcrumbList","@id":"https:\/\/www.rassegnastampa-totustuus.it\/cattolica\/le-leggi-del-potere\/#breadcrumb","itemListElement":[{"@type":"ListItem","position":1,"name":"Home","item":"https:\/\/www.rassegnastampa-totustuus.it\/cattolica\/"},{"@type":"ListItem","position":2,"name":"Le leggi del potere"}]},{"@type":"WebSite","@id":"https:\/\/www.rassegnastampa-totustuus.it\/cattolica\/#website","url":"https:\/\/www.rassegnastampa-totustuus.it\/cattolica\/","name":"Rassegna Stampa Cattolica","description":"Per una cultura che nasce dalla Rivelazione cristiana in conformit\u00e0 alla tradizione e al Magistero della Chiesa in opposizione ad ogni relativismo e totalitarismo","publisher":{"@id":"https:\/\/www.rassegnastampa-totustuus.it\/cattolica\/#organization"},"alternateName":"Rass. Cattolica","potentialAction":[{"@type":"SearchAction","target":{"@type":"EntryPoint","urlTemplate":"https:\/\/www.rassegnastampa-totustuus.it\/cattolica\/?s={search_term_string}"},"query-input":{"@type":"PropertyValueSpecification","valueRequired":true,"valueName":"search_term_string"}}],"inLanguage":"it-IT"},{"@type":"Organization","@id":"https:\/\/www.rassegnastampa-totustuus.it\/cattolica\/#organization","name":"Rassegna Stampa Cattolica","url":"https:\/\/www.rassegnastampa-totustuus.it\/cattolica\/","logo":{"@type":"ImageObject","inLanguage":"it-IT","@id":"https:\/\/www.rassegnastampa-totustuus.it\/cattolica\/#\/schema\/logo\/image\/","url":"https:\/\/www.rassegnastampa-totustuus.it\/cattolica\/wp-content\/uploads\/2014\/04\/logo-rassegna1.gif","contentUrl":"https:\/\/www.rassegnastampa-totustuus.it\/cattolica\/wp-content\/uploads\/2014\/04\/logo-rassegna1.gif","width":600,"height":163,"caption":"Rassegna Stampa Cattolica"},"image":{"@id":"https:\/\/www.rassegnastampa-totustuus.it\/cattolica\/#\/schema\/logo\/image\/"},"sameAs":["https:\/\/www.facebook.com\/rassegnastampacattolica","https:\/\/x.com\/rassegnastampa9"]},{"@type":"Person","@id":"https:\/\/www.rassegnastampa-totustuus.it\/cattolica\/#\/schema\/person\/08f319d2bd1a0904ad9e2bfb7b15e5c3","name":"Redazione","image":{"@type":"ImageObject","inLanguage":"it-IT","@id":"https:\/\/secure.gravatar.com\/avatar\/2fcdf27c78ea025fbdb44e914cc63c72249ffec9dc8aafd5c82b26240ef3f346?s=96&d=mm&r=g","url":"https:\/\/secure.gravatar.com\/avatar\/2fcdf27c78ea025fbdb44e914cc63c72249ffec9dc8aafd5c82b26240ef3f346?s=96&d=mm&r=g","contentUrl":"https:\/\/secure.gravatar.com\/avatar\/2fcdf27c78ea025fbdb44e914cc63c72249ffec9dc8aafd5c82b26240ef3f346?s=96&d=mm&r=g","caption":"Redazione"},"url":"https:\/\/www.rassegnastampa-totustuus.it\/cattolica\/author\/pietroelle\/"}]}},"_links":{"self":[{"href":"https:\/\/www.rassegnastampa-totustuus.it\/cattolica\/wp-json\/wp\/v2\/posts\/42686","targetHints":{"allow":["GET"]}}],"collection":[{"href":"https:\/\/www.rassegnastampa-totustuus.it\/cattolica\/wp-json\/wp\/v2\/posts"}],"about":[{"href":"https:\/\/www.rassegnastampa-totustuus.it\/cattolica\/wp-json\/wp\/v2\/types\/post"}],"author":[{"embeddable":true,"href":"https:\/\/www.rassegnastampa-totustuus.it\/cattolica\/wp-json\/wp\/v2\/users\/6"}],"replies":[{"embeddable":true,"href":"https:\/\/www.rassegnastampa-totustuus.it\/cattolica\/wp-json\/wp\/v2\/comments?post=42686"}],"version-history":[{"count":1,"href":"https:\/\/www.rassegnastampa-totustuus.it\/cattolica\/wp-json\/wp\/v2\/posts\/42686\/revisions"}],"predecessor-version":[{"id":42690,"href":"https:\/\/www.rassegnastampa-totustuus.it\/cattolica\/wp-json\/wp\/v2\/posts\/42686\/revisions\/42690"}],"wp:featuredmedia":[{"embeddable":true,"href":"https:\/\/www.rassegnastampa-totustuus.it\/cattolica\/wp-json\/wp\/v2\/media\/42687"}],"wp:attachment":[{"href":"https:\/\/www.rassegnastampa-totustuus.it\/cattolica\/wp-json\/wp\/v2\/media?parent=42686"}],"wp:term":[{"taxonomy":"category","embeddable":true,"href":"https:\/\/www.rassegnastampa-totustuus.it\/cattolica\/wp-json\/wp\/v2\/categories?post=42686"},{"taxonomy":"post_tag","embeddable":true,"href":"https:\/\/www.rassegnastampa-totustuus.it\/cattolica\/wp-json\/wp\/v2\/tags?post=42686"}],"curies":[{"name":"wp","href":"https:\/\/api.w.org\/{rel}","templated":true}]}}