{"id":42680,"date":"2019-04-11T00:00:14","date_gmt":"2019-04-10T22:00:14","guid":{"rendered":"http:\/\/www.rassegnastampa-totustuus.it\/cattolica\/?p=42680"},"modified":"2019-04-04T15:28:48","modified_gmt":"2019-04-04T13:28:48","slug":"il-legame-indissolubile-tra-patria-ed-esercito","status":"publish","type":"post","link":"https:\/\/www.rassegnastampa-totustuus.it\/cattolica\/il-legame-indissolubile-tra-patria-ed-esercito\/","title":{"rendered":"Il legame indissolubile tra Patria ed Esercito"},"content":{"rendered":"<p style=\"text-align: center;\"><a href=\"https:\/\/www.rassegnastampa-totustuus.it\/cattolica\/wp-content\/uploads\/2019\/04\/Marco_Bertolini.jpg\"><img loading=\"lazy\" decoding=\"async\" class=\"alignleft wp-image-42681\" src=\"https:\/\/www.rassegnastampa-totustuus.it\/cattolica\/wp-content\/uploads\/2019\/04\/Marco_Bertolini.jpg\" alt=\"\" width=\"196\" height=\"220\" \/><\/a>da <a href=\"http:\/\/www.corrieredelsud.it\/nsite\/\" target=\"_blank\" rel=\"noopener noreferrer\"><strong>Il Corriere del Sud<\/strong><\/a> n. 10<\/p>\n<p style=\"text-align: center;\">15 dicembre 2018<\/p>\n<p style=\"text-align: justify;\"><em>La Grande Guerra e la memoria dei nostri Caduti<\/em><em> Sintesi della relazione del Presidente dell\u2019Associazione Nazionale Paracadutisti d\u2019Italia Generale Marco Bertolini al convegno \u201cL\u2019Italia e la sua Vittoria, 1918-2018\u201d (Roma, Camera dei Deputati, 6 novembre 2018).<\/em><\/p>\n<p style=\"text-align: center;\">di gen. <strong>Marco Bertolini <\/strong><\/p>\n<p><!--more--><\/p>\n<p style=\"text-align: justify;\">Iniziamo da una domanda: cosa ci ha lasciato la prima guerra mondiale? La risposta la vorrei dare partendo da Giovanni Guareschi. Molti ricorderanno quel film, tratto dai suoi arcinoti romanzi di Don Camillo e Peppone, nel quale l\u2019onorevole comunista sta partendo con una sua filippica antimilitarista e antinazionale nella piazza di Brescello e, naturalmente, il parroco impersonato da Fernandel non ci sta.<\/p>\n<p style=\"text-align: justify;\">Don Camillo, infatti, spara a tutto volume <em>La canzone del Piave<\/em> (1918) dagli altoparlanti del suo campanile ed ecco che, subito dopo le prime note, il Sindaco cambia completamente registro al suo discorso trasformandolo in una filippica estremamente patriottica che si conclude con un sincretico appello al \u00ab<em>bene indissolubile del Re e della Patria<\/em>\u00bb e, quindi, con un tonante \u00ab<em>Viva la Repubblica e l\u2019Esercito!<\/em>\u00bb\u2026 (1).<\/p>\n<p style=\"text-align: justify;\"><a href=\"https:\/\/www.rassegnastampa-totustuus.it\/cattolica\/wp-content\/uploads\/2018\/10\/Grande_Guerra.jpg\"><img loading=\"lazy\" decoding=\"async\" class=\"size-medium wp-image-41374 alignright\" src=\"https:\/\/www.rassegnastampa-totustuus.it\/cattolica\/wp-content\/uploads\/2018\/10\/Grande_Guerra-300x169.jpg\" alt=\"\" width=\"300\" height=\"169\" srcset=\"https:\/\/www.rassegnastampa-totustuus.it\/cattolica\/wp-content\/uploads\/2018\/10\/Grande_Guerra-300x169.jpg 300w, https:\/\/www.rassegnastampa-totustuus.it\/cattolica\/wp-content\/uploads\/2018\/10\/Grande_Guerra.jpg 768w\" sizes=\"auto, (max-width: 300px) 100vw, 300px\" \/><\/a>Cosa ci sta a indicare questa scenetta, sicuramente frutto di fantasia, che per\u00f2 non si allontana molto dallo spirito di quegli anni? Ci sta a indicare che anche dopo una terribile guerra civile era rimasto intatto un sentimento di condivisione, di solidariet\u00e0 nazionale che aveva la meglio anche di tutte le diatribe e sulle sanguinose divisioni di una guerra civile crudele come quella da poco conclusa.<\/p>\n<p style=\"text-align: justify;\">Nel suo discorso finale il Sindaco \u201ccomunista\u201d associa Patria ed Esercito mettendo assieme due temi che sono sempre stati pronunciati assieme, per indicare che senza le Forze Armate, senza l\u2019Esercito, la Patria non pu\u00f2 esistere! E stiamo parlando di una cultura che, nonostante tutto, arriva fino a noi.<\/p>\n<p style=\"text-align: justify;\">Ad esempio, la Costituzione Italiana, all\u2019art. 87, pone in capo al Presidente della Repubblica \u00ab<em>il comando delle Forze armate<\/em>\u00bb per l\u2019altissimo valore simbolico dell\u2019Istituzione militare, mentre non prevede che sia Comandante delle Forze di polizia o della Protezione civile che, pure, sono realt\u00e0 istituzionali importantissime per la nostra sicurezza collettiva.<\/p>\n<p style=\"text-align: justify;\"><a href=\"https:\/\/www.rassegnastampa-totustuus.it\/cattolica\/wp-content\/uploads\/2014\/07\/Prima_Guerra.jpg\"><img loading=\"lazy\" decoding=\"async\" class=\"size-full wp-image-8144 alignleft\" src=\"https:\/\/www.rassegnastampa-totustuus.it\/cattolica\/wp-content\/uploads\/2014\/07\/Prima_Guerra.jpg\" alt=\"\" width=\"299\" height=\"168\" \/><\/a>Durante la prima Guerra Mondiale i nostri vecchi combatterono per la nostra indipendenza e per l\u2019unit\u00e0 del paese, ed \u00e8 triste constatare che la sovranit\u00e0, che dell\u2019indipendenza \u00e8 un sinonimo, \u00e8 diventata oggi motivo di divisione e non di unione. Negare la nostra sovranit\u00e0, la nostra indipendenza implica l\u2019idea, ripetuta da chi non ci vuole bene, che l\u2019Italia sia un Paese di vigliacchi, di maneggioni, di corrotti, non in grado di amministrarsi da solo e da far amministrare ad altri.<\/p>\n<p style=\"text-align: justify;\">Ma tutto questo non \u00e8 affatto vero! Pensiamo ai nostri padri, ai nostri nonni che hanno ricostruito l\u2019Italia dopo la 2^ guerra mondiale. Loro non erano maneggioni, non era corrotti, era gente che sapeva lavorare e che si \u00e8 spaccata la schiena per darci quella Nazione prospera e libera che, per\u00f2, adesso stiamo lasciando andare\u2026<\/p>\n<p style=\"text-align: justify;\">Dovremmo invece prendere esempio da quei contadini di cent\u2019anni fa, da quegli operai e da quegli studenti che, lasciati gli strumenti di lavoro e i libri per imbracciare il fucile, si sono fatti letteralmente grattugiare sul Carso. Magari non tutti capivano le ragioni della guerra, ma hanno obbedito alle autorit\u00e0, affrontando prove durissime e consegnandoci una Patria libera e finalmente unita.<\/p>\n<p style=\"text-align: justify;\">Nei primi anni di guerra, la loro opera non era completamente compresa dal resto della nazione, che continuava, mentre erano al fronte, a godersi le proprie citt\u00e0 al riparo dalle azioni del nemico, limitate al fonte.<\/p>\n<p style=\"text-align: justify;\"><a href=\"https:\/\/www.rassegnastampa-totustuus.it\/cattolica\/wp-content\/uploads\/2019\/04\/caporetto_prima_guerra.jpg\"><img loading=\"lazy\" decoding=\"async\" class=\"alignright wp-image-42683\" src=\"https:\/\/www.rassegnastampa-totustuus.it\/cattolica\/wp-content\/uploads\/2019\/04\/caporetto_prima_guerra-300x196.jpg\" alt=\"\" width=\"250\" height=\"163\" srcset=\"https:\/\/www.rassegnastampa-totustuus.it\/cattolica\/wp-content\/uploads\/2019\/04\/caporetto_prima_guerra-300x196.jpg 300w, https:\/\/www.rassegnastampa-totustuus.it\/cattolica\/wp-content\/uploads\/2019\/04\/caporetto_prima_guerra-768x501.jpg 768w, https:\/\/www.rassegnastampa-totustuus.it\/cattolica\/wp-content\/uploads\/2019\/04\/caporetto_prima_guerra.jpg 920w\" sizes=\"auto, (max-width: 250px) 100vw, 250px\" \/><\/a>Ma venne Caporetto e l\u2019Italia cap\u00ec che doveva impegnarsi a fianco dell\u2019Esercito, per sopravvivere: moltissime donne furono mandate nelle fabbriche a sostituire gli uomini nella produzione bellica, vennero creati gli Arditi che sfruttavano una nostra propensione antica al combattimento pi\u00f9 feroce e si inventarono nuovi sistemi di guerra, come l\u2019uso del paracadute che da strumento di salvamento per aerostieri venne utilizzato per la prima volta al mondo per infiltrare informatori dietro le linee austriache.<\/p>\n<p style=\"text-align: justify;\">Protagonista di questa azione innovativa e rivoluzionaria fu un Tenente degli Arditi, Alessandro Tandura (1893-1937), nonch\u00e9 altri tre Ufficiali italiani autori di azioni analoghe. Inventammo anche la guerra psicologica, inaugurata per la prima volta al mondo dal volo su Vienna del 9 agosto 1918 del poeta-soldato Gabriele D&#8217;Annunzio.<\/p>\n<p style=\"text-align: justify;\"><a href=\"https:\/\/www.rassegnastampa-totustuus.it\/cattolica\/wp-content\/uploads\/2005\/08\/aerei_grande_guerra.jpg\"><img loading=\"lazy\" decoding=\"async\" class=\"size-full wp-image-32491 alignleft\" src=\"https:\/\/www.rassegnastampa-totustuus.it\/cattolica\/wp-content\/uploads\/2005\/08\/aerei_grande_guerra.jpg\" alt=\"\" width=\"259\" height=\"194\" \/><\/a>La sua fu una trasvolata, compiuta a capo di 11 Ansaldo S.V.A. dell&#8217;87\u00aa Squadriglia Aeroplani, ideata appunto non per sganciare bombe ma per lanciare nel cielo della capitale austriaca migliaia di volantini di propaganda filo-italiana. A quel tempo non c&#8217;era internet, non c\u2019era la radio o la televisione, ma c&#8217;era il coraggio di un pilota che arrischiava la sua vita per lanciare con un volantino il suo grido di amore per l\u2019Italia.<\/p>\n<p style=\"text-align: justify;\">Oggi, azioni del genere vengono effettuate da reparti appositi, specializzati nella disseminazione di messaggi volti ad influenzare il morale nemico, o comunque delle opinioni pubbliche in qualche modo coinvolte nelle nostre attivit\u00e0.<\/p>\n<p style=\"text-align: justify;\">Per queste cose, venimmo temuti ed ammirati al tempo stesso, come testimoniato anche dalle pagine di Hemingway, letteralmente affascinato dal vigore degli Arditi, da lui descritti come i migliori combattenti che potessero esistere. Tutte cose, queste, che dimostrano la falsit\u00e0 dei luoghi comuni imposti con un certo compiacimento anche da molti nostri intellettuali, circa una sorta di vigliaccheria dell\u2019Italiano, come se fosse negato per la militarit\u00e0 in genere e per il combattimento. Loro dimostrarono che non \u00e8 vero.<\/p>\n<p style=\"text-align: justify;\"><a href=\"https:\/\/www.rassegnastampa-totustuus.it\/cattolica\/wp-content\/uploads\/2016\/06\/Rebora_soldato.jpg\"><img loading=\"lazy\" decoding=\"async\" class=\"size-full wp-image-35268 alignright\" src=\"https:\/\/www.rassegnastampa-totustuus.it\/cattolica\/wp-content\/uploads\/2016\/06\/Rebora_soldato.jpg\" alt=\"\" width=\"92\" height=\"211\" \/><\/a>Ecco, dopo Caporetto furono anche chiamati alla leva i \u201cragazzi del &#8217;99\u201d, i diciottenni di allora e vennero richiamati anche i pi\u00f9 anziani degli anni \u201980 del 19mo secolo che avevano gi\u00e0 prestato il servizio militare (di tre anni) precedentemente.<\/p>\n<p style=\"text-align: justify;\">L\u2019Italia, insomma, si ammass\u00f2 sul Piave e nell\u2019inverno del 1918 sfond\u00f2 per prima le difese degli Imperi Centrali portando alla fine della guerra e alla Vittoria che ha completato l&#8217;unit\u00e0 del paese. Ed \u00e8 per questo che fino a poche generazioni fa, tutti gli Italiani si riconoscevano nella festa del 4 novembre, festa inclusiva per antonomasia nella quale ci celebravamo in quanto Italiani e non in quanto Repubblicani contrapposti ai Monarchici come nel 2 giugno o in fascisti contrapposti ad antifascisti il 25 aprile.<\/p>\n<p style=\"text-align: justify;\">Eravamo un popolo orgoglioso di avere combattuto e vinto unito, grazie agli Interventisti, agli Antinterventisti, ai Socialisti, ai Cattolici, nonch\u00e9 a quelli che sarebbero poi diventati i Fascisti, confluiti tutti nelle stesse unit\u00e0, tutti coesi contro il nemico comune di allora.<\/p>\n<p style=\"text-align: justify;\"><a href=\"https:\/\/www.rassegnastampa-totustuus.it\/cattolica\/wp-content\/uploads\/2019\/04\/forze_armate_Italia.jpg\"><img loading=\"lazy\" decoding=\"async\" class=\"alignleft wp-image-42682\" src=\"https:\/\/www.rassegnastampa-totustuus.it\/cattolica\/wp-content\/uploads\/2019\/04\/forze_armate_Italia-300x223.jpg\" alt=\"\" width=\"250\" height=\"186\" srcset=\"https:\/\/www.rassegnastampa-totustuus.it\/cattolica\/wp-content\/uploads\/2019\/04\/forze_armate_Italia-300x223.jpg 300w, https:\/\/www.rassegnastampa-totustuus.it\/cattolica\/wp-content\/uploads\/2019\/04\/forze_armate_Italia.jpg 500w\" sizes=\"auto, (max-width: 250px) 100vw, 250px\" \/><\/a>Eravamo un popolo con la consapevolezza che la \u201cVittoria\u201d era stata il frutto dell\u2019unit\u00e0 trovata nelle trincee che, invece, a partire presso a poco dal Sessantotto in poi, \u00e8 stata progressivamente dimenticata. Quei soldati combatterono per la nostra sovranit\u00e0 che \u00e8 il valore supremo per il quale ancor oggi giurano i militari ma anche i nostri governanti.<\/p>\n<p style=\"text-align: justify;\">Combatterono per i nostri confini, non solo territoriali, ma culturali, spirituali, religiosi che ci caratterizzano come Paese con una cultura di fondo comune, materializzata ad esempio nelle stesse effigi della Madonna che veneriamo in tutta la Penisola, nelle stesse chiese.<\/p>\n<p style=\"text-align: justify;\"><a href=\"https:\/\/www.rassegnastampa-totustuus.it\/cattolica\/wp-content\/uploads\/2018\/11\/esercito_militari.jpg\"><img loading=\"lazy\" decoding=\"async\" class=\"alignright wp-image-41672\" src=\"https:\/\/www.rassegnastampa-totustuus.it\/cattolica\/wp-content\/uploads\/2018\/11\/esercito_militari.jpg\" alt=\"\" width=\"250\" height=\"166\" \/><\/a>\u00c8 l\u2019esistenza di questi \u201caltri\u201d confini che rende assurdo lo Ius Soli, che poteva forse avere senso per gli Stati Uniti d\u2019America \u2013 anche se ora Trump vuole ridiscuterlo &#8211; all\u2019origine del loro \u201cfarsi nazione\u201d senza farsi scrupolo di ricorrere all\u2019immigrazione ed addirittura allo schiavismo per riempire gli enormi territori che aveva sottratto ai nativi.<\/p>\n<p style=\"text-align: justify;\">Le nostre Forze armate soffrono di questa situazione, e dovremmo ritornare a considerarle per quelle che sono, uno strumento per promuovere l\u2019interesse nazionale che la Comunit\u00e0 Internazionale ha spesso calpestato, come nel caso della guerra alla Libia.<\/p>\n<p style=\"text-align: justify;\">Ecco quindi la scorrettezza di utilizzare i nostri soldati a fare da piantoni davanti ai palazzi delle Istituzioni, confondendoli cos\u00ec con le Forze dell\u2019ordine che, per quanto importantissime, hanno una natura e scopi completamente diversi.<\/p>\n<p style=\"text-align: justify;\"><a href=\"https:\/\/www.rassegnastampa-totustuus.it\/cattolica\/wp-content\/uploads\/2018\/12\/esercito_soldati.jpg\"><img loading=\"lazy\" decoding=\"async\" class=\"alignleft wp-image-41743\" src=\"https:\/\/www.rassegnastampa-totustuus.it\/cattolica\/wp-content\/uploads\/2018\/12\/esercito_soldati.jpg\" alt=\"\" width=\"240\" height=\"158\" \/><\/a>Essere \u201csovranisti\u201d senza porsi queste questioni e senza focalizzare la realt\u00e0 delle Forze Armate significa essere sovranisti-farlocchi. La sovranit\u00e0 si basa infatti sicuramente sulla moneta ma anche e indissolubilmente sulle Forze armate. E, senza queste ultime, il paese non pu\u00f2 diventare Patria. Non pu\u00f2 essere Stato.<\/p>\n<p style=\"text-align: justify;\">________________<\/p>\n<p style=\"text-align: justify;\"><strong>1)<\/strong> Dalla sceneggiatura del film <em>Don Camillo e l\u2019onorevole Peppone<\/em>, ecco il testo integrale del discorso del sindaco comunista di Brescello che chiude la campagna elettorale per le politiche: \u00ab<em>Cittadini lavoratori! Prima di presentarvi il compagno indipendente avvocato Cerratini voglio dire due parole alla reazione clericale, atlantica e guerrafondaia che tutti ben conosciamo, a quegli sporchi corvi neri che parlano di patria, di sacri confini minacciati e di altre balle nazionaliste che la Patria siamo noi, la Patria \u00e8 il Popolo! E questo popolo non combatter\u00e0 mai contro il glorioso Paese del socialismo che porter\u00e0 al nostro proletariato oppresso la libert\u00e0 e la giustizia! E voi giovani che andate nelle barbare caserme, direte a coloro che tentano di armarvi e di usarvi per i loro sporchi interessi, direte a coloro che diffamavo i lavoratori\u2026<\/em> [dal campanile della chiesa di Don Camillo si levano le note della <em>Canzone del Piave<\/em>] <em>\u2026direte ai calunniatori del Popolo, direte che i vostri padri\u2026<\/em> [gli occhi di Peppone iniziano a farsi lucidi] <em>\u2026hanno difeso la Patria dal barbaro invasore che minacciava i sacri confini e che noi del <\/em>[18]<em>\u201999 che abbiamo combattuto sul Monte Grappa, sulle pietraie del Carso e sul Piave saremo sempre quelli di allora e che quando tuona il cannone \u00e8 la voce della Patria che chiama e noi risponderemo \u201cPresente!\u201d<\/em> [Don Camillo dalla torre campanaria si mette sull\u2019<em>Attenti<\/em> e sussurra \u201c<em>Presente!<\/em>\u201d]<em>. Noi vecchi che abbiamo sul petto le medaglie al valore conquistate sul campo di battaglia ci troveremo come allora a fianco dei giovani e combatteremo sempre ed ovunque, getteremo l\u2019anima oltre l\u2019ostacolo e difenderemo i sacri confini d\u2019Italia contro qualsiasi nemico, dell\u2019Occidente e dell\u2019Oriente, per la difesa del Paese e al solo scopo del bene indissolubile del Re e della Patria! Viva la Repubblica, viva l\u2019Esercito!<\/em>\u00bb.<\/p>\n","protected":false},"excerpt":{"rendered":"<p>da Il Corriere del Sud n. 10 15 dicembre 2018 La Grande Guerra e la memoria dei nostri Caduti Sintesi della relazione del Presidente dell\u2019Associazione Nazionale Paracadutisti d\u2019Italia Generale Marco Bertolini al convegno \u201cL\u2019Italia e la sua Vittoria, 1918-2018\u201d (Roma, Camera dei Deputati, 6 novembre 2018). di gen. Marco Bertolini<\/p><p><a class=\"more-link btn\" href=\"https:\/\/www.rassegnastampa-totustuus.it\/cattolica\/il-legame-indissolubile-tra-patria-ed-esercito\/\">Continua a leggere<\/a><\/p>\n","protected":false},"author":6,"featured_media":42682,"comment_status":"closed","ping_status":"closed","sticky":false,"template":"","format":"standard","meta":{"footnotes":""},"categories":[108,20],"tags":[1112,1251,2448,747],"class_list":["post-42680","post","type-post","status-publish","format-standard","has-post-thumbnail","hentry","category-paesi-e-continenti","category-politica-nazionale","tag-forze-armate","tag-italia","tag-jus-soli","tag-patria","item-wrap"],"yoast_head":"<!-- This site is optimized with the Yoast SEO plugin v27.5 - https:\/\/yoast.com\/product\/yoast-seo-wordpress\/ -->\n<title>Il legame indissolubile tra Patria ed Esercito - Rassegna Stampa Cattolica<\/title>\n<meta name=\"description\" content=\"Rassegna Stampa Cattolica - Per una cultura che nasce dalla Rivelazione cristiana in conformit\u00e0 alla tradizione e al Magistero della Chiesa in opposizione ad ogni relativismo e totalitarismo\" \/>\n<meta name=\"robots\" content=\"index, follow, max-snippet:-1, max-image-preview:large, max-video-preview:-1\" \/>\n<link rel=\"canonical\" href=\"https:\/\/www.rassegnastampa-totustuus.it\/cattolica\/il-legame-indissolubile-tra-patria-ed-esercito\/\" \/>\n<meta property=\"og:locale\" content=\"it_IT\" \/>\n<meta property=\"og:type\" content=\"article\" \/>\n<meta property=\"og:title\" content=\"Il legame indissolubile tra Patria ed Esercito - Rassegna Stampa Cattolica\" \/>\n<meta property=\"og:description\" content=\"Rassegna Stampa Cattolica - Per una cultura che nasce dalla Rivelazione cristiana in conformit\u00e0 alla tradizione e al Magistero della Chiesa in opposizione ad ogni relativismo e totalitarismo\" \/>\n<meta property=\"og:url\" content=\"https:\/\/www.rassegnastampa-totustuus.it\/cattolica\/il-legame-indissolubile-tra-patria-ed-esercito\/\" \/>\n<meta property=\"og:site_name\" content=\"Rassegna Stampa Cattolica\" \/>\n<meta property=\"article:publisher\" content=\"https:\/\/www.facebook.com\/rassegnastampacattolica\" \/>\n<meta property=\"article:published_time\" content=\"2019-04-10T22:00:14+00:00\" \/>\n<meta property=\"og:image\" content=\"https:\/\/www.rassegnastampa-totustuus.it\/cattolica\/wp-content\/uploads\/2019\/04\/forze_armate_Italia.jpg\" \/>\n\t<meta property=\"og:image:width\" content=\"500\" \/>\n\t<meta property=\"og:image:height\" content=\"371\" \/>\n\t<meta property=\"og:image:type\" content=\"image\/jpeg\" \/>\n<meta name=\"author\" content=\"Redazione\" \/>\n<meta name=\"twitter:card\" content=\"summary_large_image\" \/>\n<meta name=\"twitter:creator\" content=\"@rassegnastampa9\" \/>\n<meta name=\"twitter:site\" content=\"@rassegnastampa9\" \/>\n<meta name=\"twitter:label1\" content=\"Scritto da\" \/>\n\t<meta name=\"twitter:data1\" content=\"Redazione\" \/>\n\t<meta name=\"twitter:label2\" content=\"Tempo di lettura stimato\" \/>\n\t<meta name=\"twitter:data2\" content=\"8 minuti\" \/>\n<script type=\"application\/ld+json\" class=\"yoast-schema-graph\">{\"@context\":\"https:\\\/\\\/schema.org\",\"@graph\":[{\"@type\":\"Article\",\"@id\":\"https:\\\/\\\/www.rassegnastampa-totustuus.it\\\/cattolica\\\/il-legame-indissolubile-tra-patria-ed-esercito\\\/#article\",\"isPartOf\":{\"@id\":\"https:\\\/\\\/www.rassegnastampa-totustuus.it\\\/cattolica\\\/il-legame-indissolubile-tra-patria-ed-esercito\\\/\"},\"author\":{\"name\":\"Redazione\",\"@id\":\"https:\\\/\\\/www.rassegnastampa-totustuus.it\\\/cattolica\\\/#\\\/schema\\\/person\\\/08f319d2bd1a0904ad9e2bfb7b15e5c3\"},\"headline\":\"Il legame indissolubile tra Patria ed Esercito\",\"datePublished\":\"2019-04-10T22:00:14+00:00\",\"mainEntityOfPage\":{\"@id\":\"https:\\\/\\\/www.rassegnastampa-totustuus.it\\\/cattolica\\\/il-legame-indissolubile-tra-patria-ed-esercito\\\/\"},\"wordCount\":1626,\"publisher\":{\"@id\":\"https:\\\/\\\/www.rassegnastampa-totustuus.it\\\/cattolica\\\/#organization\"},\"image\":{\"@id\":\"https:\\\/\\\/www.rassegnastampa-totustuus.it\\\/cattolica\\\/il-legame-indissolubile-tra-patria-ed-esercito\\\/#primaryimage\"},\"thumbnailUrl\":\"https:\\\/\\\/www.rassegnastampa-totustuus.it\\\/cattolica\\\/wp-content\\\/uploads\\\/2019\\\/04\\\/forze_armate_Italia.jpg\",\"keywords\":[\"Forze armate\",\"Italia\",\"jus soli\",\"patria\"],\"articleSection\":[\"Paesi e continenti\",\"Politica nazionale\"],\"inLanguage\":\"it-IT\"},{\"@type\":\"WebPage\",\"@id\":\"https:\\\/\\\/www.rassegnastampa-totustuus.it\\\/cattolica\\\/il-legame-indissolubile-tra-patria-ed-esercito\\\/\",\"url\":\"https:\\\/\\\/www.rassegnastampa-totustuus.it\\\/cattolica\\\/il-legame-indissolubile-tra-patria-ed-esercito\\\/\",\"name\":\"Il legame indissolubile tra Patria ed Esercito - Rassegna Stampa Cattolica\",\"isPartOf\":{\"@id\":\"https:\\\/\\\/www.rassegnastampa-totustuus.it\\\/cattolica\\\/#website\"},\"primaryImageOfPage\":{\"@id\":\"https:\\\/\\\/www.rassegnastampa-totustuus.it\\\/cattolica\\\/il-legame-indissolubile-tra-patria-ed-esercito\\\/#primaryimage\"},\"image\":{\"@id\":\"https:\\\/\\\/www.rassegnastampa-totustuus.it\\\/cattolica\\\/il-legame-indissolubile-tra-patria-ed-esercito\\\/#primaryimage\"},\"thumbnailUrl\":\"https:\\\/\\\/www.rassegnastampa-totustuus.it\\\/cattolica\\\/wp-content\\\/uploads\\\/2019\\\/04\\\/forze_armate_Italia.jpg\",\"datePublished\":\"2019-04-10T22:00:14+00:00\",\"description\":\"Rassegna Stampa Cattolica - Per una cultura che nasce dalla Rivelazione cristiana in conformit\u00e0 alla tradizione e al Magistero della Chiesa in opposizione ad ogni relativismo e totalitarismo\",\"breadcrumb\":{\"@id\":\"https:\\\/\\\/www.rassegnastampa-totustuus.it\\\/cattolica\\\/il-legame-indissolubile-tra-patria-ed-esercito\\\/#breadcrumb\"},\"inLanguage\":\"it-IT\",\"potentialAction\":[{\"@type\":\"ReadAction\",\"target\":[\"https:\\\/\\\/www.rassegnastampa-totustuus.it\\\/cattolica\\\/il-legame-indissolubile-tra-patria-ed-esercito\\\/\"]}]},{\"@type\":\"ImageObject\",\"inLanguage\":\"it-IT\",\"@id\":\"https:\\\/\\\/www.rassegnastampa-totustuus.it\\\/cattolica\\\/il-legame-indissolubile-tra-patria-ed-esercito\\\/#primaryimage\",\"url\":\"https:\\\/\\\/www.rassegnastampa-totustuus.it\\\/cattolica\\\/wp-content\\\/uploads\\\/2019\\\/04\\\/forze_armate_Italia.jpg\",\"contentUrl\":\"https:\\\/\\\/www.rassegnastampa-totustuus.it\\\/cattolica\\\/wp-content\\\/uploads\\\/2019\\\/04\\\/forze_armate_Italia.jpg\",\"width\":500,\"height\":371},{\"@type\":\"BreadcrumbList\",\"@id\":\"https:\\\/\\\/www.rassegnastampa-totustuus.it\\\/cattolica\\\/il-legame-indissolubile-tra-patria-ed-esercito\\\/#breadcrumb\",\"itemListElement\":[{\"@type\":\"ListItem\",\"position\":1,\"name\":\"Home\",\"item\":\"https:\\\/\\\/www.rassegnastampa-totustuus.it\\\/cattolica\\\/\"},{\"@type\":\"ListItem\",\"position\":2,\"name\":\"Il legame indissolubile tra Patria ed Esercito\"}]},{\"@type\":\"WebSite\",\"@id\":\"https:\\\/\\\/www.rassegnastampa-totustuus.it\\\/cattolica\\\/#website\",\"url\":\"https:\\\/\\\/www.rassegnastampa-totustuus.it\\\/cattolica\\\/\",\"name\":\"Rassegna Stampa Cattolica\",\"description\":\"Per una cultura che nasce dalla Rivelazione cristiana in conformit\u00e0 alla tradizione e al Magistero della Chiesa in opposizione ad ogni relativismo e totalitarismo\",\"publisher\":{\"@id\":\"https:\\\/\\\/www.rassegnastampa-totustuus.it\\\/cattolica\\\/#organization\"},\"alternateName\":\"Rass. Cattolica\",\"potentialAction\":[{\"@type\":\"SearchAction\",\"target\":{\"@type\":\"EntryPoint\",\"urlTemplate\":\"https:\\\/\\\/www.rassegnastampa-totustuus.it\\\/cattolica\\\/?s={search_term_string}\"},\"query-input\":{\"@type\":\"PropertyValueSpecification\",\"valueRequired\":true,\"valueName\":\"search_term_string\"}}],\"inLanguage\":\"it-IT\"},{\"@type\":\"Organization\",\"@id\":\"https:\\\/\\\/www.rassegnastampa-totustuus.it\\\/cattolica\\\/#organization\",\"name\":\"Rassegna Stampa Cattolica\",\"url\":\"https:\\\/\\\/www.rassegnastampa-totustuus.it\\\/cattolica\\\/\",\"logo\":{\"@type\":\"ImageObject\",\"inLanguage\":\"it-IT\",\"@id\":\"https:\\\/\\\/www.rassegnastampa-totustuus.it\\\/cattolica\\\/#\\\/schema\\\/logo\\\/image\\\/\",\"url\":\"https:\\\/\\\/www.rassegnastampa-totustuus.it\\\/cattolica\\\/wp-content\\\/uploads\\\/2014\\\/04\\\/logo-rassegna1.gif\",\"contentUrl\":\"https:\\\/\\\/www.rassegnastampa-totustuus.it\\\/cattolica\\\/wp-content\\\/uploads\\\/2014\\\/04\\\/logo-rassegna1.gif\",\"width\":600,\"height\":163,\"caption\":\"Rassegna Stampa Cattolica\"},\"image\":{\"@id\":\"https:\\\/\\\/www.rassegnastampa-totustuus.it\\\/cattolica\\\/#\\\/schema\\\/logo\\\/image\\\/\"},\"sameAs\":[\"https:\\\/\\\/www.facebook.com\\\/rassegnastampacattolica\",\"https:\\\/\\\/x.com\\\/rassegnastampa9\"]},{\"@type\":\"Person\",\"@id\":\"https:\\\/\\\/www.rassegnastampa-totustuus.it\\\/cattolica\\\/#\\\/schema\\\/person\\\/08f319d2bd1a0904ad9e2bfb7b15e5c3\",\"name\":\"Redazione\",\"image\":{\"@type\":\"ImageObject\",\"inLanguage\":\"it-IT\",\"@id\":\"https:\\\/\\\/secure.gravatar.com\\\/avatar\\\/2fcdf27c78ea025fbdb44e914cc63c72249ffec9dc8aafd5c82b26240ef3f346?s=96&d=mm&r=g\",\"url\":\"https:\\\/\\\/secure.gravatar.com\\\/avatar\\\/2fcdf27c78ea025fbdb44e914cc63c72249ffec9dc8aafd5c82b26240ef3f346?s=96&d=mm&r=g\",\"contentUrl\":\"https:\\\/\\\/secure.gravatar.com\\\/avatar\\\/2fcdf27c78ea025fbdb44e914cc63c72249ffec9dc8aafd5c82b26240ef3f346?s=96&d=mm&r=g\",\"caption\":\"Redazione\"},\"url\":\"https:\\\/\\\/www.rassegnastampa-totustuus.it\\\/cattolica\\\/author\\\/pietroelle\\\/\"}]}<\/script>\n<!-- \/ Yoast SEO plugin. -->","yoast_head_json":{"title":"Il legame indissolubile tra Patria ed Esercito - Rassegna Stampa Cattolica","description":"Rassegna Stampa Cattolica - Per una cultura che nasce dalla Rivelazione cristiana in conformit\u00e0 alla tradizione e al Magistero della Chiesa in opposizione ad ogni relativismo e totalitarismo","robots":{"index":"index","follow":"follow","max-snippet":"max-snippet:-1","max-image-preview":"max-image-preview:large","max-video-preview":"max-video-preview:-1"},"canonical":"https:\/\/www.rassegnastampa-totustuus.it\/cattolica\/il-legame-indissolubile-tra-patria-ed-esercito\/","og_locale":"it_IT","og_type":"article","og_title":"Il legame indissolubile tra Patria ed Esercito - Rassegna Stampa Cattolica","og_description":"Rassegna Stampa Cattolica - Per una cultura che nasce dalla Rivelazione cristiana in conformit\u00e0 alla tradizione e al Magistero della Chiesa in opposizione ad ogni relativismo e totalitarismo","og_url":"https:\/\/www.rassegnastampa-totustuus.it\/cattolica\/il-legame-indissolubile-tra-patria-ed-esercito\/","og_site_name":"Rassegna Stampa Cattolica","article_publisher":"https:\/\/www.facebook.com\/rassegnastampacattolica","article_published_time":"2019-04-10T22:00:14+00:00","og_image":[{"width":500,"height":371,"url":"https:\/\/www.rassegnastampa-totustuus.it\/cattolica\/wp-content\/uploads\/2019\/04\/forze_armate_Italia.jpg","type":"image\/jpeg"}],"author":"Redazione","twitter_card":"summary_large_image","twitter_creator":"@rassegnastampa9","twitter_site":"@rassegnastampa9","twitter_misc":{"Scritto da":"Redazione","Tempo di lettura stimato":"8 minuti"},"schema":{"@context":"https:\/\/schema.org","@graph":[{"@type":"Article","@id":"https:\/\/www.rassegnastampa-totustuus.it\/cattolica\/il-legame-indissolubile-tra-patria-ed-esercito\/#article","isPartOf":{"@id":"https:\/\/www.rassegnastampa-totustuus.it\/cattolica\/il-legame-indissolubile-tra-patria-ed-esercito\/"},"author":{"name":"Redazione","@id":"https:\/\/www.rassegnastampa-totustuus.it\/cattolica\/#\/schema\/person\/08f319d2bd1a0904ad9e2bfb7b15e5c3"},"headline":"Il legame indissolubile tra Patria ed Esercito","datePublished":"2019-04-10T22:00:14+00:00","mainEntityOfPage":{"@id":"https:\/\/www.rassegnastampa-totustuus.it\/cattolica\/il-legame-indissolubile-tra-patria-ed-esercito\/"},"wordCount":1626,"publisher":{"@id":"https:\/\/www.rassegnastampa-totustuus.it\/cattolica\/#organization"},"image":{"@id":"https:\/\/www.rassegnastampa-totustuus.it\/cattolica\/il-legame-indissolubile-tra-patria-ed-esercito\/#primaryimage"},"thumbnailUrl":"https:\/\/www.rassegnastampa-totustuus.it\/cattolica\/wp-content\/uploads\/2019\/04\/forze_armate_Italia.jpg","keywords":["Forze armate","Italia","jus soli","patria"],"articleSection":["Paesi e continenti","Politica nazionale"],"inLanguage":"it-IT"},{"@type":"WebPage","@id":"https:\/\/www.rassegnastampa-totustuus.it\/cattolica\/il-legame-indissolubile-tra-patria-ed-esercito\/","url":"https:\/\/www.rassegnastampa-totustuus.it\/cattolica\/il-legame-indissolubile-tra-patria-ed-esercito\/","name":"Il legame indissolubile tra Patria ed Esercito - Rassegna Stampa Cattolica","isPartOf":{"@id":"https:\/\/www.rassegnastampa-totustuus.it\/cattolica\/#website"},"primaryImageOfPage":{"@id":"https:\/\/www.rassegnastampa-totustuus.it\/cattolica\/il-legame-indissolubile-tra-patria-ed-esercito\/#primaryimage"},"image":{"@id":"https:\/\/www.rassegnastampa-totustuus.it\/cattolica\/il-legame-indissolubile-tra-patria-ed-esercito\/#primaryimage"},"thumbnailUrl":"https:\/\/www.rassegnastampa-totustuus.it\/cattolica\/wp-content\/uploads\/2019\/04\/forze_armate_Italia.jpg","datePublished":"2019-04-10T22:00:14+00:00","description":"Rassegna Stampa Cattolica - Per una cultura che nasce dalla Rivelazione cristiana in conformit\u00e0 alla tradizione e al Magistero della Chiesa in opposizione ad ogni relativismo e totalitarismo","breadcrumb":{"@id":"https:\/\/www.rassegnastampa-totustuus.it\/cattolica\/il-legame-indissolubile-tra-patria-ed-esercito\/#breadcrumb"},"inLanguage":"it-IT","potentialAction":[{"@type":"ReadAction","target":["https:\/\/www.rassegnastampa-totustuus.it\/cattolica\/il-legame-indissolubile-tra-patria-ed-esercito\/"]}]},{"@type":"ImageObject","inLanguage":"it-IT","@id":"https:\/\/www.rassegnastampa-totustuus.it\/cattolica\/il-legame-indissolubile-tra-patria-ed-esercito\/#primaryimage","url":"https:\/\/www.rassegnastampa-totustuus.it\/cattolica\/wp-content\/uploads\/2019\/04\/forze_armate_Italia.jpg","contentUrl":"https:\/\/www.rassegnastampa-totustuus.it\/cattolica\/wp-content\/uploads\/2019\/04\/forze_armate_Italia.jpg","width":500,"height":371},{"@type":"BreadcrumbList","@id":"https:\/\/www.rassegnastampa-totustuus.it\/cattolica\/il-legame-indissolubile-tra-patria-ed-esercito\/#breadcrumb","itemListElement":[{"@type":"ListItem","position":1,"name":"Home","item":"https:\/\/www.rassegnastampa-totustuus.it\/cattolica\/"},{"@type":"ListItem","position":2,"name":"Il legame indissolubile tra Patria ed Esercito"}]},{"@type":"WebSite","@id":"https:\/\/www.rassegnastampa-totustuus.it\/cattolica\/#website","url":"https:\/\/www.rassegnastampa-totustuus.it\/cattolica\/","name":"Rassegna Stampa Cattolica","description":"Per una cultura che nasce dalla Rivelazione cristiana in conformit\u00e0 alla tradizione e al Magistero della Chiesa in opposizione ad ogni relativismo e totalitarismo","publisher":{"@id":"https:\/\/www.rassegnastampa-totustuus.it\/cattolica\/#organization"},"alternateName":"Rass. Cattolica","potentialAction":[{"@type":"SearchAction","target":{"@type":"EntryPoint","urlTemplate":"https:\/\/www.rassegnastampa-totustuus.it\/cattolica\/?s={search_term_string}"},"query-input":{"@type":"PropertyValueSpecification","valueRequired":true,"valueName":"search_term_string"}}],"inLanguage":"it-IT"},{"@type":"Organization","@id":"https:\/\/www.rassegnastampa-totustuus.it\/cattolica\/#organization","name":"Rassegna Stampa Cattolica","url":"https:\/\/www.rassegnastampa-totustuus.it\/cattolica\/","logo":{"@type":"ImageObject","inLanguage":"it-IT","@id":"https:\/\/www.rassegnastampa-totustuus.it\/cattolica\/#\/schema\/logo\/image\/","url":"https:\/\/www.rassegnastampa-totustuus.it\/cattolica\/wp-content\/uploads\/2014\/04\/logo-rassegna1.gif","contentUrl":"https:\/\/www.rassegnastampa-totustuus.it\/cattolica\/wp-content\/uploads\/2014\/04\/logo-rassegna1.gif","width":600,"height":163,"caption":"Rassegna Stampa Cattolica"},"image":{"@id":"https:\/\/www.rassegnastampa-totustuus.it\/cattolica\/#\/schema\/logo\/image\/"},"sameAs":["https:\/\/www.facebook.com\/rassegnastampacattolica","https:\/\/x.com\/rassegnastampa9"]},{"@type":"Person","@id":"https:\/\/www.rassegnastampa-totustuus.it\/cattolica\/#\/schema\/person\/08f319d2bd1a0904ad9e2bfb7b15e5c3","name":"Redazione","image":{"@type":"ImageObject","inLanguage":"it-IT","@id":"https:\/\/secure.gravatar.com\/avatar\/2fcdf27c78ea025fbdb44e914cc63c72249ffec9dc8aafd5c82b26240ef3f346?s=96&d=mm&r=g","url":"https:\/\/secure.gravatar.com\/avatar\/2fcdf27c78ea025fbdb44e914cc63c72249ffec9dc8aafd5c82b26240ef3f346?s=96&d=mm&r=g","contentUrl":"https:\/\/secure.gravatar.com\/avatar\/2fcdf27c78ea025fbdb44e914cc63c72249ffec9dc8aafd5c82b26240ef3f346?s=96&d=mm&r=g","caption":"Redazione"},"url":"https:\/\/www.rassegnastampa-totustuus.it\/cattolica\/author\/pietroelle\/"}]}},"_links":{"self":[{"href":"https:\/\/www.rassegnastampa-totustuus.it\/cattolica\/wp-json\/wp\/v2\/posts\/42680","targetHints":{"allow":["GET"]}}],"collection":[{"href":"https:\/\/www.rassegnastampa-totustuus.it\/cattolica\/wp-json\/wp\/v2\/posts"}],"about":[{"href":"https:\/\/www.rassegnastampa-totustuus.it\/cattolica\/wp-json\/wp\/v2\/types\/post"}],"author":[{"embeddable":true,"href":"https:\/\/www.rassegnastampa-totustuus.it\/cattolica\/wp-json\/wp\/v2\/users\/6"}],"replies":[{"embeddable":true,"href":"https:\/\/www.rassegnastampa-totustuus.it\/cattolica\/wp-json\/wp\/v2\/comments?post=42680"}],"version-history":[{"count":1,"href":"https:\/\/www.rassegnastampa-totustuus.it\/cattolica\/wp-json\/wp\/v2\/posts\/42680\/revisions"}],"predecessor-version":[{"id":42684,"href":"https:\/\/www.rassegnastampa-totustuus.it\/cattolica\/wp-json\/wp\/v2\/posts\/42680\/revisions\/42684"}],"wp:featuredmedia":[{"embeddable":true,"href":"https:\/\/www.rassegnastampa-totustuus.it\/cattolica\/wp-json\/wp\/v2\/media\/42682"}],"wp:attachment":[{"href":"https:\/\/www.rassegnastampa-totustuus.it\/cattolica\/wp-json\/wp\/v2\/media?parent=42680"}],"wp:term":[{"taxonomy":"category","embeddable":true,"href":"https:\/\/www.rassegnastampa-totustuus.it\/cattolica\/wp-json\/wp\/v2\/categories?post=42680"},{"taxonomy":"post_tag","embeddable":true,"href":"https:\/\/www.rassegnastampa-totustuus.it\/cattolica\/wp-json\/wp\/v2\/tags?post=42680"}],"curies":[{"name":"wp","href":"https:\/\/api.w.org\/{rel}","templated":true}]}}