{"id":42645,"date":"2019-04-04T00:00:49","date_gmt":"2019-04-03T22:00:49","guid":{"rendered":"http:\/\/www.rassegnastampa-totustuus.it\/cattolica\/?p=42645"},"modified":"2019-04-03T10:15:27","modified_gmt":"2019-04-03T08:15:27","slug":"vita-e-famiglia-ecco-la-nuova-polarizzazione-ideologica","status":"publish","type":"post","link":"https:\/\/www.rassegnastampa-totustuus.it\/cattolica\/vita-e-famiglia-ecco-la-nuova-polarizzazione-ideologica\/","title":{"rendered":"Vita e famiglia: ecco la nuova polarizzazione ideologica"},"content":{"rendered":"<p style=\"text-align: center;\"><a href=\"https:\/\/www.rassegnastampa-totustuus.it\/cattolica\/wp-content\/uploads\/2019\/04\/congresso_famiglia_verona.jpg\"><img loading=\"lazy\" decoding=\"async\" class=\"alignright wp-image-42647\" src=\"https:\/\/www.rassegnastampa-totustuus.it\/cattolica\/wp-content\/uploads\/2019\/04\/congresso_famiglia_verona.jpg\" alt=\"\" width=\"154\" height=\"200\" \/><\/a>da<strong> <a href=\"https:\/\/www.loccidentale.it\/\" target=\"_blank\" rel=\"noopener noreferrer\">l\u2019Occidentale<\/a> <\/strong>2 Aprile 2019<\/p>\n<p style=\"text-align: center;\">di <strong>Eugenio Capozzi <\/strong><\/p>\n<p style=\"text-align: justify;\">Accade a volte che le reazioni ad un fenomeno culturale e politico pi\u00f9 sono veementi ed estreme e pi\u00f9 rivelano quanto quel fenomeno stia toccando nervi molto sensibili e strati profondi di una societ\u00e0. E pongano in evidenza come intorno al tema sollevato da quel fenomeno si stiano ridefinendo i conflitti di forze e gli schieramenti ideologici in un determinato momento della storia.<\/p>\n<p><!--more--><\/p>\n<p style=\"text-align: justify;\">Proprio questo \u00e8 accaduto negli scorsi giorni a proposito del Congresso mondiale delle famiglie tenutosi a Verona. La violentissima campagna di denigrazione, contestazione, intimidazione scatenatasi contro l&#8217;evento &#8211; ma anche, dall&#8217;altra parte, il deciso endorsement nei confronti di esso da parte di leader politici della destra come Salvini e la Meloni \u2013 sono il segno inequivocabile del fatto che quelli connessi alla famiglia, alla maternit\u00e0, alla sessualit\u00e0 rappresentano oggi pi\u00f9 che mai temi centrali del dibattito politico nel nostro paese, come in tutto l&#8217;Occidente.<\/p>\n<p style=\"text-align: justify;\"><a href=\"https:\/\/www.rassegnastampa-totustuus.it\/cattolica\/wp-content\/uploads\/2005\/12\/centro_aiuto_vita.jpg\"><img loading=\"lazy\" decoding=\"async\" class=\"alignleft wp-image-34900\" src=\"https:\/\/www.rassegnastampa-totustuus.it\/cattolica\/wp-content\/uploads\/2005\/12\/centro_aiuto_vita.jpg\" alt=\"\" width=\"250\" height=\"198\" \/><\/a>Gli issues &#8220;biopolitici&#8221; \u2013 tutti quelli connessi alle pulsioni istintuali primarie cos\u00ec come alla genesi, cura, manipolazione della vita \u2013 cominciarono ad irrompere nella dialettica politica delle democrazie industrializzate con la ribellione giovanile degli anni Sessanta e Settanta, sovrapponendosi e sostituendosi a quelli economici e sociali, e da allora la loro rilevanza \u00e8 andata crescendo sempre pi\u00f9, fino a costituire, come si vede oggi, uno tra i principali spartiacque tra l&#8217;identit\u00e0 politica delle sinistre e delle destre.<\/p>\n<p style=\"text-align: justify;\">Mezzo secolo fa \u00e8 cominciata in Occidente, nelle societ\u00e0 &#8220;opulente&#8221;, una radicale rivoluzione culturale e antropologica, con la destabilizzazione di ogni vincolo e limite alla autodeterminazione soggettiva in nome della piena realizzazione dei desideri personali. In particolare, l&#8217;istituzione familiare \u2013 elemento di stabilit\u00e0 in una logica di sostanziale continuit\u00e0 per molti secoli nelle societ\u00e0 di radice europea attraverso epocali mutamenti economici, politici e culturali \u2013 ha sub\u00ecto da questa rivoluzione contraccolpi decisivi: la <a href=\"https:\/\/www.rassegnastampa-totustuus.it\/cattolica\/wp-content\/uploads\/2019\/02\/famiglia.jpg\"><img loading=\"lazy\" decoding=\"async\" class=\"alignright wp-image-42091\" src=\"https:\/\/www.rassegnastampa-totustuus.it\/cattolica\/wp-content\/uploads\/2019\/02\/famiglia.jpg\" alt=\"\" width=\"250\" height=\"166\" \/><\/a>massificazione del divorzio, la legalizzazione dell&#8217;aborto, la &#8220;liquefazione&#8221; dei legami di coppia, la solitudine crescente e l&#8217;abbandono degli anziani incrociata con l&#8217;incalzante propaganda in favore dell&#8217;eutanasia, la confusione e spesso la vera e propria eclissi delle figure dei genitori nella crescita delle giovani generazioni, fino alla istituzionalizzazione delle unioni omosessuali e alla richiesta di legalizzazione (da parte di queste ultime ma non solo) dell&#8217;acquisto di figli attraverso fecondazione e gravidanza esterne.<\/p>\n<p style=\"text-align: justify;\">Un panorama di generale disgregazione contrassegnato dalla tendenza univoca al crollo demografico in quasi tutti i paesi occidentali, dove la contrazione ormai consolidata del tasso di fertilit\u00e0 sotto i livelli di sostituzione si accoppia ad un imponente invecchiamento della popolazione. Il tutto mentre i paesi del cosiddetto &#8220;primo mondo&#8221; appaiono sempre pi\u00f9 indeboliti economicamente dalle dinamiche della globalizzazione, e la loro rilevanza planetaria viene drasticamente ridimensionata da popoli e civilt\u00e0 in imponente crescita \u2013 sul piano economico, demografico o su entrambi. Popoli e civilt\u00e0 che sempre pi\u00f9 spesso premono ormai fisicamente sui paesi occidentali con potenti ondate migratorie, suscitando profondi problemi di convivenza tra culture, e la sensazione diffusa, nei paesi &#8220;ospitanti&#8221;, di una rapida dispersione della propria sicurezza e identit\u00e0.<\/p>\n<p style=\"text-align: justify;\"><a href=\"https:\/\/www.rassegnastampa-totustuus.it\/cattolica\/wp-content\/uploads\/2009\/03\/culle-vuote.jpg\"><img loading=\"lazy\" decoding=\"async\" class=\"alignleft wp-image-18062\" src=\"https:\/\/www.rassegnastampa-totustuus.it\/cattolica\/wp-content\/uploads\/2009\/03\/culle-vuote-300x200.jpg\" alt=\"\" width=\"250\" height=\"167\" srcset=\"https:\/\/www.rassegnastampa-totustuus.it\/cattolica\/wp-content\/uploads\/2009\/03\/culle-vuote-300x200.jpg 300w, https:\/\/www.rassegnastampa-totustuus.it\/cattolica\/wp-content\/uploads\/2009\/03\/culle-vuote.jpg 350w\" sizes=\"auto, (max-width: 250px) 100vw, 250px\" \/><\/a>E&#8217; in tale contesto che va collocato il forte risveglio di interesse, nelle societ\u00e0 occidentali, per i temi politici connessi alla protezione della vita, alla maternit\u00e0, alla famiglia. Un interesse che, mai sopito nelle societ\u00e0 anglosassoni, negli ultimi decenni si \u00e8 andato estendendo e radicando nell&#8217;Europa continentale, concretizzandosi nella nascita o nella forte ascesa di movimenti &#8220;pro-life&#8221; di ispirazione tanto religiosa quanto laica.<\/p>\n<p style=\"text-align: justify;\">In Italia si inserisce in questa tendenza gi\u00e0 il primo &#8220;Family Day&#8221; tenuto nel 2007, e successivamente le ancor pi\u00f9 grandi manifestazioni organizzate nel 2015 e nel 2016 contro l&#8217;approvazione della legge sulle &#8220;unioni civili&#8221; omosessuali e contro la propaganda &#8220;gender&#8221; nelle scuole dal comitato &#8220;Difendiamo i nostri figli&#8221; e dal movimento &#8220;Generazione Famiglia&#8221;.<\/p>\n<p style=\"text-align: justify;\"><strong><a href=\"https:\/\/www.rassegnastampa-totustuus.it\/cattolica\/wp-content\/uploads\/2005\/05\/gay_pride.jpg\"><img loading=\"lazy\" decoding=\"async\" class=\"wp-image-26590 alignright\" src=\"https:\/\/www.rassegnastampa-totustuus.it\/cattolica\/wp-content\/uploads\/2005\/05\/gay_pride.jpg\" alt=\"\" width=\"250\" height=\"157\" \/><\/a>Il convegno tenutosi a Verona nei giorni scorsi rappresenta l&#8217;evoluzione del fenomeno e la sua trasformazione in un movimento pi\u00f9 composito ed articolato<\/strong>, con ramificazioni internazionali. Va letto, quindi, come una tra le varie reazioni identitarie, dettate dall&#8217;istinto di sopravvivenza, riscontrabili nelle societ\u00e0 di radice europea di fronte alla percezione diffusa in esse della loro decadenza nel contesto del mondo globalizzato.<\/p>\n<p style=\"text-align: justify;\">Le proposte messe in campo a Verona si inseriscono pienamente in questa logica, come strumenti intesi a favorire il consolidamento dei nuclei familiari, e, attraverso essi, della comunit\u00e0: ricerca di alternative all&#8217;aborto attraverso l&#8217;assistenza economica e psicologica ai genitori, politiche di sostegno fiscale ed economico alla maternit\u00e0 e alle famiglie numerose, provvedimenti per favorire la conciliazione tra maternit\u00e0 e lavoro femminile, lotta decisa alle pratiche di &#8220;utero in affitto&#8221;, e, in generale, salvaguardia dell&#8217;integrit\u00e0 psicologica dei minori.<\/p>\n<p style=\"text-align: justify;\"><strong><a href=\"https:\/\/www.rassegnastampa-totustuus.it\/cattolica\/wp-content\/uploads\/2014\/11\/gay-pride-bambine.jpg\"><img loading=\"lazy\" decoding=\"async\" class=\"alignleft wp-image-14009\" src=\"https:\/\/www.rassegnastampa-totustuus.it\/cattolica\/wp-content\/uploads\/2014\/11\/gay-pride-bambine-300x220.jpg\" alt=\"\" width=\"250\" height=\"184\" srcset=\"https:\/\/www.rassegnastampa-totustuus.it\/cattolica\/wp-content\/uploads\/2014\/11\/gay-pride-bambine-300x220.jpg 300w, https:\/\/www.rassegnastampa-totustuus.it\/cattolica\/wp-content\/uploads\/2014\/11\/gay-pride-bambine-1024x754.jpg 1024w, https:\/\/www.rassegnastampa-totustuus.it\/cattolica\/wp-content\/uploads\/2014\/11\/gay-pride-bambine.jpg 1172w\" sizes=\"auto, (max-width: 250px) 100vw, 250px\" \/><\/a>Appaiono, dunque, totalmente fuori fuoco le accuse durissime mosse da molti ambienti politici ed intellettuali italiani, gi\u00e0 settimane e persino mesi prima del suo svolgimento, al Congresso, e potentemente rilanciate da quasi tutti i grandi mass media<\/strong>. Un Congresso che \u00e8 stato dipinto come una pericolosa adunata di oscurantisti, intolleranti, estremisti, intenzionati a ricacciare le donne a casa a fare la calza, a perseguitare gli omosessuali, e simili.<\/p>\n<p style=\"text-align: justify;\">Si poteva e si pu\u00f2, naturalmente, dissentire da tutte le proposte avanzate nel consesso e dalle analisi che le ispirano, cos\u00ec come esprimere dubbi sulla loro concreta attuabilit\u00e0. Ma le caricature feroci e malevole elaborate da pi\u00f9 parti per delegittimare radicalmente il movimento di cui esso \u00e8 stato espressione hanno mostrato rapidamente la corda di fronte alla realt\u00e0 effettiva dell&#8217;evento. Che non ha avuto niente a che vedere con la nostalgia di un mondo arcadico che non c&#8217;\u00e8 pi\u00f9, ma \u00e8 stato invece una classica &#8220;risposta a sfida&#8221; rispetto a problemi nuovi ed urgenti, e ha espresso una preoccupazione largamente condivisa e trasversale per le prospettive future di una societ\u00e0 sempre pi\u00f9 smarrita, precaria, instabile.<\/p>\n<p style=\"text-align: justify;\"><a href=\"https:\/\/www.rassegnastampa-totustuus.it\/cattolica\/wp-content\/uploads\/2019\/01\/bambini_culla.jpg\"><img loading=\"lazy\" decoding=\"async\" class=\"alignright wp-image-41963\" src=\"https:\/\/www.rassegnastampa-totustuus.it\/cattolica\/wp-content\/uploads\/2019\/01\/bambini_culla.jpg\" alt=\"\" width=\"250\" height=\"159\" \/><\/a>D&#8217;altra parte, reazioni tanto virulente non debbono stupire pi\u00f9 di tanto. Siamo di fronte, infatti, ad una vera e propria nuova lotta di classe, ad uno scontro epocale di natura sociale, politica e culturale inserito in una dialettica che, all&#8217;interno delle democrazie liberali, sempre pi\u00f9 si sta polarizzando tra \u00e9lites globaliste e movimenti identitari.<\/p>\n<p style=\"text-align: justify;\">Ci\u00f2 che rimane della sinistra e del &#8220;progressismo&#8221; occidentale \u00e8 ormai tutto concentrato sul sostegno all&#8217;immigrazionismo multiculturalista e a rivendicazioni connesse all&#8217;individualismo edonista\/biopolitico, di cui il femminismo radicale e i movimenti &#8220;lgbt&#8230;&#8221; rappresentano i rappresentanti pi\u00f9 accesi.<\/p>\n<p style=\"text-align: justify;\">Battersi a testa bassa e con ogni mezzo contro il sostegno alla maternit\u00e0 e alla famiglia &#8220;tradizionale&#8221; (come a sinistra viene definita spregiativamente quella formata da marito, moglie e figli ottenuti naturalmente) significa per i progressisti difendere strenuamente le proprie residue rendite elettorali e la propria classe sociale di riferimento: quella &#8220;borghesia della conoscenza&#8221; deterritorializzata &#8211; radicata soprattutto nell&#8217;industria culturale-mediatica, nei quadri dirigenti del sistema produttivo hi tech, nelle istituzioni internazionali e <a href=\"https:\/\/www.rassegnastampa-totustuus.it\/cattolica\/wp-content\/uploads\/2005\/06\/bambini.jpg\"><img loading=\"lazy\" decoding=\"async\" class=\"alignleft wp-image-26745\" src=\"https:\/\/www.rassegnastampa-totustuus.it\/cattolica\/wp-content\/uploads\/2005\/06\/bambini.jpg\" alt=\"\" width=\"250\" height=\"182\" \/><\/a>&#8220;neutre&#8221;, nel sistema dell&#8217;alta formazione \u2013 che negli ultimi decenni ha conquistato praticamente tutte le posizioni di potere sociale pi\u00f9 influenti nelle societ\u00e0 occidentali, che difende un&#8217;ideale radicale di autodeterminazione senza limiti e che bolla come &#8220;populista&#8221; qualsiasi opposizione politica alla propria egemonia.<\/p>\n<p style=\"text-align: justify;\">Il blocco socio-politico progressista\/globalista ha, peraltro, ereditato in Italia da quello comunista novecentesco la pretesa al monopolio totale della cultura di massa e del discorso pubblico.<\/p>\n<p style=\"text-align: justify;\">Da qui la diffamazione, al limite della mostrificazione, alla quale abbiamo assistito nelle scorse settimane. <strong>Che riecheggia campagne altrettanto aggressive gi\u00e0 scatenate in passato contro avversari ritenuti pericolosi e additati come &#8220;antropologicamente&#8221; diversi, come Craxi o Berlusconi<\/strong>. Che si spinge fino a utilizzare spregiudicatamente istituzioni di natura scientifica a fini di pura invettiva ideologica (si vedano tra gli altri casi la petizione firmata da molti docenti dell&#8217;Universit\u00e0 di Verone, o i comunicati anti WCF nati in seno alla Societ\u00e0 italiana delle storiche, e alla Societ\u00e0 per gli studi di storia contemporanea). E che nega legittimit\u00e0 persino all&#8217;articolo 29 di quella Costituzione tante volte brandita come un feticcio, quell&#8217;articolo che &#8220;riconosce i diritti della famiglia come societ\u00e0 naturale fondata sul matrimonio&#8221;.<\/p>\n<p style=\"text-align: justify;\"><a href=\"https:\/\/www.rassegnastampa-totustuus.it\/cattolica\/wp-content\/uploads\/2006\/07\/famiglia_numerosa.jpg\"><img loading=\"lazy\" decoding=\"async\" class=\"alignright wp-image-31357\" src=\"https:\/\/www.rassegnastampa-totustuus.it\/cattolica\/wp-content\/uploads\/2006\/07\/famiglia_numerosa.jpg\" alt=\"\" width=\"250\" height=\"191\" \/><\/a>Per converso, non stupisce che nella nuova destra a trazione sovranista si percepisca il movimento pro-life e pro-family come un&#8217;occasione per guadagnare consenso intorno a temi che stanno a cuore ad una larga parte del suo elettorato. Da qui la presenza ostentata, al Congresso di Verona, di molti suoi leader ed esponenti di spicco, di cui sopra si diceva.<\/p>\n<p style=\"text-align: justify;\"><strong>Altra cosa sar\u00e0 valutare se alle dichiarazioni enfatiche di principio da parte loro seguiranno anche i fatti, su terreni che rimangono di forte conflittualit\u00e0 ed esposizione alla polemica mediatica<\/strong>. O se le associazioni promotrici di questa e altre iniziative di sensibilizzazione dovranno dotarsi in un futuro pi\u00f9 o meno prossimo di una propria organizzazione e di una propria leadership politica.<\/p>\n","protected":false},"excerpt":{"rendered":"<p>da l\u2019Occidentale 2 Aprile 2019 di Eugenio Capozzi Accade a volte che le reazioni ad un fenomeno culturale e politico pi\u00f9 sono veementi ed estreme e pi\u00f9 rivelano quanto quel fenomeno stia toccando nervi molto sensibili e strati profondi di una societ\u00e0. E pongano in evidenza come intorno al tema sollevato da quel fenomeno si &hellip; <\/p>\n<p><a class=\"more-link btn\" href=\"https:\/\/www.rassegnastampa-totustuus.it\/cattolica\/vita-e-famiglia-ecco-la-nuova-polarizzazione-ideologica\/\">Continua a leggere<\/a><\/p>\n","protected":false},"author":6,"featured_media":42646,"comment_status":"closed","ping_status":"closed","sticky":false,"template":"","format":"standard","meta":{"footnotes":""},"categories":[15,20,25],"tags":[156,297,292],"class_list":["post-42645","post","type-post","status-publish","format-standard","has-post-thumbnail","hentry","category-famiglia","category-politica-nazionale","category-sguardo-sul-nostro-tempo","tag-famiglia-2","tag-politica-nazionale-2","tag-vita","item-wrap"],"yoast_head":"<!-- This site is optimized with the Yoast SEO plugin v27.5 - https:\/\/yoast.com\/product\/yoast-seo-wordpress\/ -->\n<title>Vita e famiglia: ecco la nuova polarizzazione ideologica - Rassegna Stampa Cattolica<\/title>\n<meta name=\"description\" content=\"Rassegna Stampa Cattolica - Per una cultura che nasce dalla Rivelazione cristiana in conformit\u00e0 alla tradizione e al Magistero della Chiesa in opposizione ad ogni relativismo e totalitarismo\" \/>\n<meta name=\"robots\" content=\"index, follow, max-snippet:-1, max-image-preview:large, max-video-preview:-1\" \/>\n<link rel=\"canonical\" href=\"https:\/\/www.rassegnastampa-totustuus.it\/cattolica\/vita-e-famiglia-ecco-la-nuova-polarizzazione-ideologica\/\" \/>\n<meta property=\"og:locale\" content=\"it_IT\" \/>\n<meta property=\"og:type\" content=\"article\" \/>\n<meta property=\"og:title\" content=\"Vita e famiglia: ecco la nuova polarizzazione ideologica - Rassegna Stampa Cattolica\" \/>\n<meta property=\"og:description\" content=\"Rassegna Stampa Cattolica - Per una cultura che nasce dalla Rivelazione cristiana in conformit\u00e0 alla tradizione e al Magistero della Chiesa in opposizione ad ogni relativismo e totalitarismo\" \/>\n<meta property=\"og:url\" content=\"https:\/\/www.rassegnastampa-totustuus.it\/cattolica\/vita-e-famiglia-ecco-la-nuova-polarizzazione-ideologica\/\" \/>\n<meta property=\"og:site_name\" content=\"Rassegna Stampa Cattolica\" \/>\n<meta property=\"article:publisher\" content=\"https:\/\/www.facebook.com\/rassegnastampacattolica\" \/>\n<meta property=\"article:published_time\" content=\"2019-04-03T22:00:49+00:00\" \/>\n<meta property=\"og:image\" content=\"https:\/\/www.rassegnastampa-totustuus.it\/cattolica\/wp-content\/uploads\/2019\/04\/congresso_famiglia_verona.png\" \/>\n\t<meta property=\"og:image:width\" content=\"2069\" \/>\n\t<meta property=\"og:image:height\" content=\"705\" \/>\n\t<meta property=\"og:image:type\" content=\"image\/png\" \/>\n<meta name=\"author\" content=\"Redazione\" \/>\n<meta name=\"twitter:card\" content=\"summary_large_image\" \/>\n<meta name=\"twitter:creator\" content=\"@rassegnastampa9\" \/>\n<meta name=\"twitter:site\" content=\"@rassegnastampa9\" \/>\n<meta name=\"twitter:label1\" content=\"Scritto da\" \/>\n\t<meta name=\"twitter:data1\" content=\"Redazione\" \/>\n\t<meta name=\"twitter:label2\" content=\"Tempo di lettura stimato\" \/>\n\t<meta name=\"twitter:data2\" content=\"7 minuti\" \/>\n<script type=\"application\/ld+json\" class=\"yoast-schema-graph\">{\"@context\":\"https:\\\/\\\/schema.org\",\"@graph\":[{\"@type\":\"Article\",\"@id\":\"https:\\\/\\\/www.rassegnastampa-totustuus.it\\\/cattolica\\\/vita-e-famiglia-ecco-la-nuova-polarizzazione-ideologica\\\/#article\",\"isPartOf\":{\"@id\":\"https:\\\/\\\/www.rassegnastampa-totustuus.it\\\/cattolica\\\/vita-e-famiglia-ecco-la-nuova-polarizzazione-ideologica\\\/\"},\"author\":{\"name\":\"Redazione\",\"@id\":\"https:\\\/\\\/www.rassegnastampa-totustuus.it\\\/cattolica\\\/#\\\/schema\\\/person\\\/08f319d2bd1a0904ad9e2bfb7b15e5c3\"},\"headline\":\"Vita e famiglia: ecco la nuova polarizzazione ideologica\",\"datePublished\":\"2019-04-03T22:00:49+00:00\",\"mainEntityOfPage\":{\"@id\":\"https:\\\/\\\/www.rassegnastampa-totustuus.it\\\/cattolica\\\/vita-e-famiglia-ecco-la-nuova-polarizzazione-ideologica\\\/\"},\"wordCount\":1426,\"publisher\":{\"@id\":\"https:\\\/\\\/www.rassegnastampa-totustuus.it\\\/cattolica\\\/#organization\"},\"image\":{\"@id\":\"https:\\\/\\\/www.rassegnastampa-totustuus.it\\\/cattolica\\\/vita-e-famiglia-ecco-la-nuova-polarizzazione-ideologica\\\/#primaryimage\"},\"thumbnailUrl\":\"https:\\\/\\\/www.rassegnastampa-totustuus.it\\\/cattolica\\\/wp-content\\\/uploads\\\/2019\\\/04\\\/congresso_famiglia_verona.png\",\"keywords\":[\"famiglia\",\"politica nazionale\",\"vita\"],\"articleSection\":[\"Famiglia\",\"Politica nazionale\",\"Sguardo sul nostro tempo\"],\"inLanguage\":\"it-IT\"},{\"@type\":\"WebPage\",\"@id\":\"https:\\\/\\\/www.rassegnastampa-totustuus.it\\\/cattolica\\\/vita-e-famiglia-ecco-la-nuova-polarizzazione-ideologica\\\/\",\"url\":\"https:\\\/\\\/www.rassegnastampa-totustuus.it\\\/cattolica\\\/vita-e-famiglia-ecco-la-nuova-polarizzazione-ideologica\\\/\",\"name\":\"Vita e famiglia: ecco la nuova polarizzazione ideologica - Rassegna Stampa Cattolica\",\"isPartOf\":{\"@id\":\"https:\\\/\\\/www.rassegnastampa-totustuus.it\\\/cattolica\\\/#website\"},\"primaryImageOfPage\":{\"@id\":\"https:\\\/\\\/www.rassegnastampa-totustuus.it\\\/cattolica\\\/vita-e-famiglia-ecco-la-nuova-polarizzazione-ideologica\\\/#primaryimage\"},\"image\":{\"@id\":\"https:\\\/\\\/www.rassegnastampa-totustuus.it\\\/cattolica\\\/vita-e-famiglia-ecco-la-nuova-polarizzazione-ideologica\\\/#primaryimage\"},\"thumbnailUrl\":\"https:\\\/\\\/www.rassegnastampa-totustuus.it\\\/cattolica\\\/wp-content\\\/uploads\\\/2019\\\/04\\\/congresso_famiglia_verona.png\",\"datePublished\":\"2019-04-03T22:00:49+00:00\",\"description\":\"Rassegna Stampa Cattolica - Per una cultura che nasce dalla Rivelazione cristiana in conformit\u00e0 alla tradizione e al Magistero della Chiesa in opposizione ad ogni relativismo e totalitarismo\",\"breadcrumb\":{\"@id\":\"https:\\\/\\\/www.rassegnastampa-totustuus.it\\\/cattolica\\\/vita-e-famiglia-ecco-la-nuova-polarizzazione-ideologica\\\/#breadcrumb\"},\"inLanguage\":\"it-IT\",\"potentialAction\":[{\"@type\":\"ReadAction\",\"target\":[\"https:\\\/\\\/www.rassegnastampa-totustuus.it\\\/cattolica\\\/vita-e-famiglia-ecco-la-nuova-polarizzazione-ideologica\\\/\"]}]},{\"@type\":\"ImageObject\",\"inLanguage\":\"it-IT\",\"@id\":\"https:\\\/\\\/www.rassegnastampa-totustuus.it\\\/cattolica\\\/vita-e-famiglia-ecco-la-nuova-polarizzazione-ideologica\\\/#primaryimage\",\"url\":\"https:\\\/\\\/www.rassegnastampa-totustuus.it\\\/cattolica\\\/wp-content\\\/uploads\\\/2019\\\/04\\\/congresso_famiglia_verona.png\",\"contentUrl\":\"https:\\\/\\\/www.rassegnastampa-totustuus.it\\\/cattolica\\\/wp-content\\\/uploads\\\/2019\\\/04\\\/congresso_famiglia_verona.png\",\"width\":2069,\"height\":705},{\"@type\":\"BreadcrumbList\",\"@id\":\"https:\\\/\\\/www.rassegnastampa-totustuus.it\\\/cattolica\\\/vita-e-famiglia-ecco-la-nuova-polarizzazione-ideologica\\\/#breadcrumb\",\"itemListElement\":[{\"@type\":\"ListItem\",\"position\":1,\"name\":\"Home\",\"item\":\"https:\\\/\\\/www.rassegnastampa-totustuus.it\\\/cattolica\\\/\"},{\"@type\":\"ListItem\",\"position\":2,\"name\":\"Vita e famiglia: ecco la nuova polarizzazione ideologica\"}]},{\"@type\":\"WebSite\",\"@id\":\"https:\\\/\\\/www.rassegnastampa-totustuus.it\\\/cattolica\\\/#website\",\"url\":\"https:\\\/\\\/www.rassegnastampa-totustuus.it\\\/cattolica\\\/\",\"name\":\"Rassegna Stampa Cattolica\",\"description\":\"Per una cultura che nasce dalla Rivelazione cristiana in conformit\u00e0 alla tradizione e al Magistero della Chiesa in opposizione ad ogni relativismo e totalitarismo\",\"publisher\":{\"@id\":\"https:\\\/\\\/www.rassegnastampa-totustuus.it\\\/cattolica\\\/#organization\"},\"alternateName\":\"Rass. Cattolica\",\"potentialAction\":[{\"@type\":\"SearchAction\",\"target\":{\"@type\":\"EntryPoint\",\"urlTemplate\":\"https:\\\/\\\/www.rassegnastampa-totustuus.it\\\/cattolica\\\/?s={search_term_string}\"},\"query-input\":{\"@type\":\"PropertyValueSpecification\",\"valueRequired\":true,\"valueName\":\"search_term_string\"}}],\"inLanguage\":\"it-IT\"},{\"@type\":\"Organization\",\"@id\":\"https:\\\/\\\/www.rassegnastampa-totustuus.it\\\/cattolica\\\/#organization\",\"name\":\"Rassegna Stampa Cattolica\",\"url\":\"https:\\\/\\\/www.rassegnastampa-totustuus.it\\\/cattolica\\\/\",\"logo\":{\"@type\":\"ImageObject\",\"inLanguage\":\"it-IT\",\"@id\":\"https:\\\/\\\/www.rassegnastampa-totustuus.it\\\/cattolica\\\/#\\\/schema\\\/logo\\\/image\\\/\",\"url\":\"https:\\\/\\\/www.rassegnastampa-totustuus.it\\\/cattolica\\\/wp-content\\\/uploads\\\/2014\\\/04\\\/logo-rassegna1.gif\",\"contentUrl\":\"https:\\\/\\\/www.rassegnastampa-totustuus.it\\\/cattolica\\\/wp-content\\\/uploads\\\/2014\\\/04\\\/logo-rassegna1.gif\",\"width\":600,\"height\":163,\"caption\":\"Rassegna Stampa Cattolica\"},\"image\":{\"@id\":\"https:\\\/\\\/www.rassegnastampa-totustuus.it\\\/cattolica\\\/#\\\/schema\\\/logo\\\/image\\\/\"},\"sameAs\":[\"https:\\\/\\\/www.facebook.com\\\/rassegnastampacattolica\",\"https:\\\/\\\/x.com\\\/rassegnastampa9\"]},{\"@type\":\"Person\",\"@id\":\"https:\\\/\\\/www.rassegnastampa-totustuus.it\\\/cattolica\\\/#\\\/schema\\\/person\\\/08f319d2bd1a0904ad9e2bfb7b15e5c3\",\"name\":\"Redazione\",\"image\":{\"@type\":\"ImageObject\",\"inLanguage\":\"it-IT\",\"@id\":\"https:\\\/\\\/secure.gravatar.com\\\/avatar\\\/2fcdf27c78ea025fbdb44e914cc63c72249ffec9dc8aafd5c82b26240ef3f346?s=96&d=mm&r=g\",\"url\":\"https:\\\/\\\/secure.gravatar.com\\\/avatar\\\/2fcdf27c78ea025fbdb44e914cc63c72249ffec9dc8aafd5c82b26240ef3f346?s=96&d=mm&r=g\",\"contentUrl\":\"https:\\\/\\\/secure.gravatar.com\\\/avatar\\\/2fcdf27c78ea025fbdb44e914cc63c72249ffec9dc8aafd5c82b26240ef3f346?s=96&d=mm&r=g\",\"caption\":\"Redazione\"},\"url\":\"https:\\\/\\\/www.rassegnastampa-totustuus.it\\\/cattolica\\\/author\\\/pietroelle\\\/\"}]}<\/script>\n<!-- \/ Yoast SEO plugin. -->","yoast_head_json":{"title":"Vita e famiglia: ecco la nuova polarizzazione ideologica - Rassegna Stampa Cattolica","description":"Rassegna Stampa Cattolica - Per una cultura che nasce dalla Rivelazione cristiana in conformit\u00e0 alla tradizione e al Magistero della Chiesa in opposizione ad ogni relativismo e totalitarismo","robots":{"index":"index","follow":"follow","max-snippet":"max-snippet:-1","max-image-preview":"max-image-preview:large","max-video-preview":"max-video-preview:-1"},"canonical":"https:\/\/www.rassegnastampa-totustuus.it\/cattolica\/vita-e-famiglia-ecco-la-nuova-polarizzazione-ideologica\/","og_locale":"it_IT","og_type":"article","og_title":"Vita e famiglia: ecco la nuova polarizzazione ideologica - Rassegna Stampa Cattolica","og_description":"Rassegna Stampa Cattolica - Per una cultura che nasce dalla Rivelazione cristiana in conformit\u00e0 alla tradizione e al Magistero della Chiesa in opposizione ad ogni relativismo e totalitarismo","og_url":"https:\/\/www.rassegnastampa-totustuus.it\/cattolica\/vita-e-famiglia-ecco-la-nuova-polarizzazione-ideologica\/","og_site_name":"Rassegna Stampa Cattolica","article_publisher":"https:\/\/www.facebook.com\/rassegnastampacattolica","article_published_time":"2019-04-03T22:00:49+00:00","og_image":[{"width":2069,"height":705,"url":"https:\/\/www.rassegnastampa-totustuus.it\/cattolica\/wp-content\/uploads\/2019\/04\/congresso_famiglia_verona.png","type":"image\/png"}],"author":"Redazione","twitter_card":"summary_large_image","twitter_creator":"@rassegnastampa9","twitter_site":"@rassegnastampa9","twitter_misc":{"Scritto da":"Redazione","Tempo di lettura stimato":"7 minuti"},"schema":{"@context":"https:\/\/schema.org","@graph":[{"@type":"Article","@id":"https:\/\/www.rassegnastampa-totustuus.it\/cattolica\/vita-e-famiglia-ecco-la-nuova-polarizzazione-ideologica\/#article","isPartOf":{"@id":"https:\/\/www.rassegnastampa-totustuus.it\/cattolica\/vita-e-famiglia-ecco-la-nuova-polarizzazione-ideologica\/"},"author":{"name":"Redazione","@id":"https:\/\/www.rassegnastampa-totustuus.it\/cattolica\/#\/schema\/person\/08f319d2bd1a0904ad9e2bfb7b15e5c3"},"headline":"Vita e famiglia: ecco la nuova polarizzazione ideologica","datePublished":"2019-04-03T22:00:49+00:00","mainEntityOfPage":{"@id":"https:\/\/www.rassegnastampa-totustuus.it\/cattolica\/vita-e-famiglia-ecco-la-nuova-polarizzazione-ideologica\/"},"wordCount":1426,"publisher":{"@id":"https:\/\/www.rassegnastampa-totustuus.it\/cattolica\/#organization"},"image":{"@id":"https:\/\/www.rassegnastampa-totustuus.it\/cattolica\/vita-e-famiglia-ecco-la-nuova-polarizzazione-ideologica\/#primaryimage"},"thumbnailUrl":"https:\/\/www.rassegnastampa-totustuus.it\/cattolica\/wp-content\/uploads\/2019\/04\/congresso_famiglia_verona.png","keywords":["famiglia","politica nazionale","vita"],"articleSection":["Famiglia","Politica nazionale","Sguardo sul nostro tempo"],"inLanguage":"it-IT"},{"@type":"WebPage","@id":"https:\/\/www.rassegnastampa-totustuus.it\/cattolica\/vita-e-famiglia-ecco-la-nuova-polarizzazione-ideologica\/","url":"https:\/\/www.rassegnastampa-totustuus.it\/cattolica\/vita-e-famiglia-ecco-la-nuova-polarizzazione-ideologica\/","name":"Vita e famiglia: ecco la nuova polarizzazione ideologica - Rassegna Stampa Cattolica","isPartOf":{"@id":"https:\/\/www.rassegnastampa-totustuus.it\/cattolica\/#website"},"primaryImageOfPage":{"@id":"https:\/\/www.rassegnastampa-totustuus.it\/cattolica\/vita-e-famiglia-ecco-la-nuova-polarizzazione-ideologica\/#primaryimage"},"image":{"@id":"https:\/\/www.rassegnastampa-totustuus.it\/cattolica\/vita-e-famiglia-ecco-la-nuova-polarizzazione-ideologica\/#primaryimage"},"thumbnailUrl":"https:\/\/www.rassegnastampa-totustuus.it\/cattolica\/wp-content\/uploads\/2019\/04\/congresso_famiglia_verona.png","datePublished":"2019-04-03T22:00:49+00:00","description":"Rassegna Stampa Cattolica - Per una cultura che nasce dalla Rivelazione cristiana in conformit\u00e0 alla tradizione e al Magistero della Chiesa in opposizione ad ogni relativismo e totalitarismo","breadcrumb":{"@id":"https:\/\/www.rassegnastampa-totustuus.it\/cattolica\/vita-e-famiglia-ecco-la-nuova-polarizzazione-ideologica\/#breadcrumb"},"inLanguage":"it-IT","potentialAction":[{"@type":"ReadAction","target":["https:\/\/www.rassegnastampa-totustuus.it\/cattolica\/vita-e-famiglia-ecco-la-nuova-polarizzazione-ideologica\/"]}]},{"@type":"ImageObject","inLanguage":"it-IT","@id":"https:\/\/www.rassegnastampa-totustuus.it\/cattolica\/vita-e-famiglia-ecco-la-nuova-polarizzazione-ideologica\/#primaryimage","url":"https:\/\/www.rassegnastampa-totustuus.it\/cattolica\/wp-content\/uploads\/2019\/04\/congresso_famiglia_verona.png","contentUrl":"https:\/\/www.rassegnastampa-totustuus.it\/cattolica\/wp-content\/uploads\/2019\/04\/congresso_famiglia_verona.png","width":2069,"height":705},{"@type":"BreadcrumbList","@id":"https:\/\/www.rassegnastampa-totustuus.it\/cattolica\/vita-e-famiglia-ecco-la-nuova-polarizzazione-ideologica\/#breadcrumb","itemListElement":[{"@type":"ListItem","position":1,"name":"Home","item":"https:\/\/www.rassegnastampa-totustuus.it\/cattolica\/"},{"@type":"ListItem","position":2,"name":"Vita e famiglia: ecco la nuova polarizzazione ideologica"}]},{"@type":"WebSite","@id":"https:\/\/www.rassegnastampa-totustuus.it\/cattolica\/#website","url":"https:\/\/www.rassegnastampa-totustuus.it\/cattolica\/","name":"Rassegna Stampa Cattolica","description":"Per una cultura che nasce dalla Rivelazione cristiana in conformit\u00e0 alla tradizione e al Magistero della Chiesa in opposizione ad ogni relativismo e totalitarismo","publisher":{"@id":"https:\/\/www.rassegnastampa-totustuus.it\/cattolica\/#organization"},"alternateName":"Rass. Cattolica","potentialAction":[{"@type":"SearchAction","target":{"@type":"EntryPoint","urlTemplate":"https:\/\/www.rassegnastampa-totustuus.it\/cattolica\/?s={search_term_string}"},"query-input":{"@type":"PropertyValueSpecification","valueRequired":true,"valueName":"search_term_string"}}],"inLanguage":"it-IT"},{"@type":"Organization","@id":"https:\/\/www.rassegnastampa-totustuus.it\/cattolica\/#organization","name":"Rassegna Stampa Cattolica","url":"https:\/\/www.rassegnastampa-totustuus.it\/cattolica\/","logo":{"@type":"ImageObject","inLanguage":"it-IT","@id":"https:\/\/www.rassegnastampa-totustuus.it\/cattolica\/#\/schema\/logo\/image\/","url":"https:\/\/www.rassegnastampa-totustuus.it\/cattolica\/wp-content\/uploads\/2014\/04\/logo-rassegna1.gif","contentUrl":"https:\/\/www.rassegnastampa-totustuus.it\/cattolica\/wp-content\/uploads\/2014\/04\/logo-rassegna1.gif","width":600,"height":163,"caption":"Rassegna Stampa Cattolica"},"image":{"@id":"https:\/\/www.rassegnastampa-totustuus.it\/cattolica\/#\/schema\/logo\/image\/"},"sameAs":["https:\/\/www.facebook.com\/rassegnastampacattolica","https:\/\/x.com\/rassegnastampa9"]},{"@type":"Person","@id":"https:\/\/www.rassegnastampa-totustuus.it\/cattolica\/#\/schema\/person\/08f319d2bd1a0904ad9e2bfb7b15e5c3","name":"Redazione","image":{"@type":"ImageObject","inLanguage":"it-IT","@id":"https:\/\/secure.gravatar.com\/avatar\/2fcdf27c78ea025fbdb44e914cc63c72249ffec9dc8aafd5c82b26240ef3f346?s=96&d=mm&r=g","url":"https:\/\/secure.gravatar.com\/avatar\/2fcdf27c78ea025fbdb44e914cc63c72249ffec9dc8aafd5c82b26240ef3f346?s=96&d=mm&r=g","contentUrl":"https:\/\/secure.gravatar.com\/avatar\/2fcdf27c78ea025fbdb44e914cc63c72249ffec9dc8aafd5c82b26240ef3f346?s=96&d=mm&r=g","caption":"Redazione"},"url":"https:\/\/www.rassegnastampa-totustuus.it\/cattolica\/author\/pietroelle\/"}]}},"_links":{"self":[{"href":"https:\/\/www.rassegnastampa-totustuus.it\/cattolica\/wp-json\/wp\/v2\/posts\/42645","targetHints":{"allow":["GET"]}}],"collection":[{"href":"https:\/\/www.rassegnastampa-totustuus.it\/cattolica\/wp-json\/wp\/v2\/posts"}],"about":[{"href":"https:\/\/www.rassegnastampa-totustuus.it\/cattolica\/wp-json\/wp\/v2\/types\/post"}],"author":[{"embeddable":true,"href":"https:\/\/www.rassegnastampa-totustuus.it\/cattolica\/wp-json\/wp\/v2\/users\/6"}],"replies":[{"embeddable":true,"href":"https:\/\/www.rassegnastampa-totustuus.it\/cattolica\/wp-json\/wp\/v2\/comments?post=42645"}],"version-history":[{"count":1,"href":"https:\/\/www.rassegnastampa-totustuus.it\/cattolica\/wp-json\/wp\/v2\/posts\/42645\/revisions"}],"predecessor-version":[{"id":42648,"href":"https:\/\/www.rassegnastampa-totustuus.it\/cattolica\/wp-json\/wp\/v2\/posts\/42645\/revisions\/42648"}],"wp:featuredmedia":[{"embeddable":true,"href":"https:\/\/www.rassegnastampa-totustuus.it\/cattolica\/wp-json\/wp\/v2\/media\/42646"}],"wp:attachment":[{"href":"https:\/\/www.rassegnastampa-totustuus.it\/cattolica\/wp-json\/wp\/v2\/media?parent=42645"}],"wp:term":[{"taxonomy":"category","embeddable":true,"href":"https:\/\/www.rassegnastampa-totustuus.it\/cattolica\/wp-json\/wp\/v2\/categories?post=42645"},{"taxonomy":"post_tag","embeddable":true,"href":"https:\/\/www.rassegnastampa-totustuus.it\/cattolica\/wp-json\/wp\/v2\/tags?post=42645"}],"curies":[{"name":"wp","href":"https:\/\/api.w.org\/{rel}","templated":true}]}}