{"id":42580,"date":"2019-04-04T00:00:56","date_gmt":"2019-04-03T22:00:56","guid":{"rendered":"http:\/\/www.rassegnastampa-totustuus.it\/cattolica\/?p=42580"},"modified":"2019-03-27T15:38:41","modified_gmt":"2019-03-27T14:38:41","slug":"laccoglienza-dello-straniero-secondo-san-tommaso-daquino","status":"publish","type":"post","link":"https:\/\/www.rassegnastampa-totustuus.it\/cattolica\/laccoglienza-dello-straniero-secondo-san-tommaso-daquino\/","title":{"rendered":"L\u2019accoglienza dello straniero secondo San Tommaso d\u2019Aquino"},"content":{"rendered":"<p style=\"text-align: center;\"><a href=\"https:\/\/www.rassegnastampa-totustuus.it\/cattolica\/wp-content\/uploads\/2019\/03\/Islam_Europa.jpg\"><img loading=\"lazy\" decoding=\"async\" class=\"alignleft wp-image-42581\" src=\"https:\/\/www.rassegnastampa-totustuus.it\/cattolica\/wp-content\/uploads\/2019\/03\/Islam_Europa-300x196.jpg\" alt=\"\" width=\"250\" height=\"163\" srcset=\"https:\/\/www.rassegnastampa-totustuus.it\/cattolica\/wp-content\/uploads\/2019\/03\/Islam_Europa-300x196.jpg 300w, https:\/\/www.rassegnastampa-totustuus.it\/cattolica\/wp-content\/uploads\/2019\/03\/Islam_Europa-768x501.jpg 768w, https:\/\/www.rassegnastampa-totustuus.it\/cattolica\/wp-content\/uploads\/2019\/03\/Islam_Europa-1024x668.jpg 1024w, https:\/\/www.rassegnastampa-totustuus.it\/cattolica\/wp-content\/uploads\/2019\/03\/Islam_Europa.jpg 2000w\" sizes=\"auto, (max-width: 250px) 100vw, 250px\" \/><\/a>da <strong><a href=\"http:\/\/www.storiaverita.org\/\" target=\"_blank\" rel=\"noopener noreferrer\">Storia Verit\u00e0<\/a> <\/strong><\/p>\n<p style=\"text-align: center;\">10 gennaio 2019<\/p>\n<p style=\"text-align: center;\">di<strong> Curzio Nitoglia.<\/strong><\/p>\n<p><!--more--><\/p>\n<p style=\"text-align: justify;\"><strong>Introduzione <\/strong><\/p>\n<p style=\"text-align: justify;\">San Tommaso d\u2019Aquino nella I-II della Somma Teologica (q. 98-105) studia la Legge del Vecchio Testamento. Egli distingue tre tipi di precetti:<\/p>\n<p style=\"text-align: justify;\">1) i precetti morali (q. 100), che appartengono alla Legge naturale e durano per sempre;<\/p>\n<p style=\"text-align: justify;\">2) i precetti cerimoniali (q. 101), che riguardano il culto divino del Vecchio Testamento e terminano completamente con la nascita del sacerdozio della Nuova ed Eterna Alleanza, della quale essi sono un\u2019ombra e una prefigura;<\/p>\n<p style=\"text-align: justify;\">3) i precetti legali o giudiziali, che riguardano la giustizia nei rapporti degli uomini tra di loro e che anch\u2019essi nel loro insieme vengono rimpiazzati dalla Nuova ed Eterna Alleanza, tranne qualche loro principio, che essendo una specificazione del Decalogo permane ancor oggi vero, giusto e attuale ed \u00e8 stato ripreso e perfezionato dalla Nuova Alleanza (q. 105).<\/p>\n<p style=\"text-align: justify;\"><strong>La legge giudiziale<\/strong><\/p>\n<p style=\"text-align: justify;\"><a href=\"https:\/\/www.rassegnastampa-totustuus.it\/cattolica\/wp-content\/uploads\/2014\/07\/san-Tommaso-2.jpg\"><img loading=\"lazy\" decoding=\"async\" class=\"alignright wp-image-9184\" src=\"https:\/\/www.rassegnastampa-totustuus.it\/cattolica\/wp-content\/uploads\/2014\/07\/san-Tommaso-2.jpg\" alt=\"\" width=\"153\" height=\"200\" \/><\/a>La Legge giudiziale dell\u2019Antico Testamento (S. Th., I-II, q. 104, a. 1, in corpore) \u00e8 uno sviluppo del Decalogo riguardante l\u2019ambito civile e criminale, per cui alcuni precetti di essa conservano ancor oggi il loro valore giuridico e legale. Essa legifera sui rapporti degli uomini tra di loro, sui loro doveri e contiene dei precetti giusti.<\/p>\n<p style=\"text-align: justify;\">Quindi anche se rimpiazzata e perfezionata dal Nuovo Testamento la Legge giudiziale dell\u2019Antico Testamento mantiene alcuni precetti di giustizia e verit\u00e0 e, perci\u00f2, pu\u00f2 aiutarci a risolvere il problema dell\u2019accoglienza indiscriminata di tutti i profughi che sbarcano sulle nostre coste.<\/p>\n<p style=\"text-align: justify;\"><strong>San Tommaso e l\u2019accoglienza<\/strong><\/p>\n<p style=\"text-align: justify;\">Parlando dell\u2019accoglienza dei forestieri l\u2019Angelico fa delle considerazioni che oggi, con l\u2019immigrazione di centinaia di migliaia di musulmani nel nostro Paese (si parla di cinque milioni di islamici residenti in Italia), risultano ancora attuali e ci possono insegnare qualcosa di buono.<\/p>\n<p style=\"text-align: justify;\">L\u2019Angelico nella Somma Teologica (I-II, q. 105, a. 3) spiega che \u201ccon gli stranieri ci possono essere due tipi di rapporto: l\u2019uno di pace, l\u2019altro di guerra\u201d (in corpore). Egli porta l\u2019esempio degli ebrei che nella Vecchia Alleanza avevano tre occasioni per vivere in modo pacifico con gli stranieri:<\/p>\n<p style=\"text-align: justify;\"><a href=\"https:\/\/www.rassegnastampa-totustuus.it\/cattolica\/wp-content\/uploads\/2004\/11\/ebrei.jpg\"><img loading=\"lazy\" decoding=\"async\" class=\"alignleft wp-image-27186\" src=\"https:\/\/www.rassegnastampa-totustuus.it\/cattolica\/wp-content\/uploads\/2004\/11\/ebrei.jpg\" alt=\"\" width=\"250\" height=\"187\" \/><\/a>1) quando gli stranieri passavano nel loro territorio come viandanti;<\/p>\n<p style=\"text-align: justify;\">2) quando gli stranieri emigravano nella Terra santa per abitarvi come forestieri; in questi due casi la Legge giudiziale imponeva precetti di misericordia: \u201cNon affliggere lo straniero\u201d e \u201cNon darai molestia allo straniero\u201d;<\/p>\n<p style=\"text-align: justify;\">3) quando degli stranieri volevano passare totalmente nella collettivit\u00e0 degli ebrei, nel loro rito e nella loro religione.In questo terzo caso si procedeva con ordine. Innanzi tutto non li si accoglieva subito come compatrioti e correligionari.<\/p>\n<p style=\"text-align: justify;\">Aristotele insegnava che \u201csi possono considerare come cittadini solo quelli che iniziarono ad essere presenti nella Nazione ospitante a partire dal loro nonno\u201d (Politica, libro III, capitolo 1, lezione 1). Questo terzo punto \u00e8 quello che pi\u00f9 ci interessa. Infatti accogliendo gli stranieri e non avendo essi ancora un forte amore del bene pubblico della Nazione che li ospita, potrebbero nuocere alla Nazione. Perci\u00f2 sono considerati come cittadini integrati solo gli stranieri di terza generazione, ossia insediati nella Nazione a partire dal nonno.<\/p>\n<p style=\"text-align: justify;\"><strong>Attualit\u00e0 di alcuni princ\u00ecpi giudiziali dell\u2019Antico Testamento<\/strong><\/p>\n<p style=\"text-align: justify;\"><a href=\"https:\/\/www.rassegnastampa-totustuus.it\/cattolica\/wp-content\/uploads\/2004\/11\/Islam_Italia.jpg\"><img loading=\"lazy\" decoding=\"async\" class=\"alignright wp-image-32686\" src=\"https:\/\/www.rassegnastampa-totustuus.it\/cattolica\/wp-content\/uploads\/2004\/11\/Islam_Italia.jpg\" alt=\"\" width=\"250\" height=\"150\" \/><\/a>Questa \u00e8 una delle parti ancora attuali della Legge giudiziale, che ci pu\u00f2 chiarire le idee sull\u2019accoglienza dei musulmani, i quali sbarcano a frotte in Italia e vi si insediano. Accogliere milioni di musulmani che non vogliono integrarsi potrebbe nuocere alla Nazione. Il cardinal Biffi nel 1999 disse che se l\u2019Europa non fosse ridiventata cristiana sarebbe stata islamizzata.<\/p>\n<p style=\"text-align: justify;\">In questo caso gli insegnamenti dell\u2019Angelico ci consiglierebbero di non accogliere gli immigrati subito come compatrioti e specialmente correligionari, anche perch\u00e9 oggi essi sono molto fermi nell\u2019osservanza della religione islamica e non hanno nessuna voglia di integrarsi (con delle eccezioni che confermano la regola) nella cultura e religione nostra, ma anzi le detestano e vorrebbero distruggerle.<\/p>\n<p style=\"text-align: justify;\">Purtroppo gli uomini di Chiesa pensano e agiscono in maniera diametralmente opposta ai consigli dati da S. Tommaso. \u00c8 chiaro che per l\u2019Angelico si pu\u00f2 permettere agli stranieri, che sono di passaggio nella Nazione (se sono pacifici e se si integrano nella cultura e nella religione del Paese che li accoglie), di restarvi.<\/p>\n<p style=\"text-align: justify;\"><strong>Vim vi repellitur<\/strong><\/p>\n<p style=\"text-align: justify;\"><a href=\"https:\/\/www.rassegnastampa-totustuus.it\/cattolica\/wp-content\/uploads\/2005\/06\/Islam_Italia.png\"><img loading=\"lazy\" decoding=\"async\" class=\"alignleft wp-image-26768\" src=\"https:\/\/www.rassegnastampa-totustuus.it\/cattolica\/wp-content\/uploads\/2005\/06\/Islam_Italia.png\" alt=\"\" width=\"197\" height=\"200\" \/><\/a>Ma se sono ostili, come le orde di musulmani che invadono l\u2019Italia <em>in primis<\/em> e l\u2019Europa intera <em>in secundis<\/em> per conquistarle all\u2019islam, allora vale la legittima difesa, che porta la Nazione invasa a respingere lo straniero, che \u00e8 un ingiusto aggressore: \u201c<em>vim vi repellere licet<\/em> \/ \u00e8 lecito respingere la forza con la forza\u201d.<\/p>\n<p style=\"text-align: justify;\"><strong>Legislazione sulla guerra<\/strong><\/p>\n<p style=\"text-align: justify;\">La Legge giudiziale stabilisce anche precetti ragionevoli in rapporto alla guerra con gli stranieri. Il Deuteronomio (XX, 40) comanda che prima di attaccar guerra si offra la pace agli stranieri e di usare moderazione in caso di vittoria, risparmiando donne e bambini. Risolvendo la seconda obiezione l\u2019Angelico cita Aristotele\u00a0<em>(Politica, libro III, capitolo 3, lezione 4)<\/em>, il quale spiega che si pu\u00f2 diventare cittadini di una Nazione in due maniere:<\/p>\n<p style=\"text-align: justify;\">a) in senso assoluto e totalmente, quando lo straniero di terza generazione si \u00e8 integrato nella Nazione ed ha la capacit\u00e0 di partecipare alla vita pubblica di essa cercandone il bene comune;<\/p>\n<p style=\"text-align: justify;\">b) in senso relativo quanto agli stranieri che non sono in grado di trattare le cose che interessano la comunit\u00e0 e di cercarne il bene comune temporale.<\/p>\n<p style=\"text-align: justify;\"><strong>Conclusione<\/strong><\/p>\n<p style=\"text-align: justify;\"><a href=\"https:\/\/www.rassegnastampa-totustuus.it\/cattolica\/wp-content\/uploads\/2005\/11\/immigrati-bimbi-scuola.jpg\"><img loading=\"lazy\" decoding=\"async\" class=\"wp-image-32766 alignright\" src=\"https:\/\/www.rassegnastampa-totustuus.it\/cattolica\/wp-content\/uploads\/2005\/11\/immigrati-bimbi-scuola-300x168.jpg\" alt=\"\" width=\"250\" height=\"140\" \/><\/a>Ora in Italia ci troviamo invasi da cinque milioni di maomettani che non si integrano n\u00e9 civilmente n\u00e9 religiosamente e non vogliono farlo anche perch\u00e9 l\u2019Europa odierna offre loro uno spettacolo poco decente. E siccome l\u2019islam \u00e8 una religione conquistatrice con la spada e non col Corano non \u00e8 difficile prevedere che un giorno anche l\u2019Italia potrebbe fare la fine della Siria, dell\u2019Iraq, della Tunisia e della Libia.<\/p>\n<p style=\"text-align: justify;\">Purtroppo la debole Europa non \u00e8 in grado di competere con l\u2019islam aggressivo e combattente. Quindi periremo se Dio non fa un miracolo, come \u00e8 successo a Lepanto nel 1570 e a Vienna nel 1681. Il guaio \u00e8 che sono soprattutto i Pastori della Chiesa cattolica a favorire l\u2019accoglienza indiscriminata degli stranieri musulmani.<\/p>\n","protected":false},"excerpt":{"rendered":"<p>da Storia Verit\u00e0 10 gennaio 2019 di Curzio Nitoglia.<\/p><p><a class=\"more-link btn\" href=\"https:\/\/www.rassegnastampa-totustuus.it\/cattolica\/laccoglienza-dello-straniero-secondo-san-tommaso-daquino\/\">Continua a leggere<\/a><\/p>\n","protected":false},"author":6,"featured_media":42581,"comment_status":"closed","ping_status":"closed","sticky":false,"template":"","format":"standard","meta":{"footnotes":""},"categories":[5,38,16],"tags":[1339,2392,161,613],"class_list":["post-42580","post","type-post","status-publish","format-standard","has-post-thumbnail","hentry","category-chiesa","category-immigrazione","category-islam","tag-chiesa-e-islam","tag-immigrazione","tag-islam-2","tag-tommaso-daquino","item-wrap"],"yoast_head":"<!-- This site is optimized with the Yoast SEO plugin v27.5 - https:\/\/yoast.com\/product\/yoast-seo-wordpress\/ -->\n<title>L\u2019accoglienza dello straniero secondo San Tommaso d\u2019Aquino - Rassegna Stampa Cattolica<\/title>\n<meta name=\"description\" content=\"Rassegna Stampa Cattolica - Per una cultura che nasce dalla Rivelazione cristiana in conformit\u00e0 alla tradizione e al Magistero della Chiesa in opposizione ad ogni relativismo e totalitarismo\" \/>\n<meta name=\"robots\" content=\"index, follow, max-snippet:-1, max-image-preview:large, max-video-preview:-1\" \/>\n<link rel=\"canonical\" href=\"https:\/\/www.rassegnastampa-totustuus.it\/cattolica\/laccoglienza-dello-straniero-secondo-san-tommaso-daquino\/\" \/>\n<meta property=\"og:locale\" content=\"it_IT\" \/>\n<meta property=\"og:type\" content=\"article\" \/>\n<meta property=\"og:title\" content=\"L\u2019accoglienza dello straniero secondo San Tommaso d\u2019Aquino - Rassegna Stampa Cattolica\" \/>\n<meta property=\"og:description\" content=\"Rassegna Stampa Cattolica - Per una cultura che nasce dalla Rivelazione cristiana in conformit\u00e0 alla tradizione e al Magistero della Chiesa in opposizione ad ogni relativismo e totalitarismo\" \/>\n<meta property=\"og:url\" content=\"https:\/\/www.rassegnastampa-totustuus.it\/cattolica\/laccoglienza-dello-straniero-secondo-san-tommaso-daquino\/\" \/>\n<meta property=\"og:site_name\" content=\"Rassegna Stampa Cattolica\" \/>\n<meta property=\"article:publisher\" content=\"https:\/\/www.facebook.com\/rassegnastampacattolica\" \/>\n<meta property=\"article:published_time\" content=\"2019-04-03T22:00:56+00:00\" \/>\n<meta property=\"og:image\" content=\"https:\/\/www.rassegnastampa-totustuus.it\/cattolica\/wp-content\/uploads\/2019\/03\/Islam_Europa.jpg\" \/>\n\t<meta property=\"og:image:width\" content=\"2000\" \/>\n\t<meta property=\"og:image:height\" content=\"1305\" \/>\n\t<meta property=\"og:image:type\" content=\"image\/jpeg\" \/>\n<meta name=\"author\" content=\"Redazione\" \/>\n<meta name=\"twitter:card\" content=\"summary_large_image\" \/>\n<meta name=\"twitter:creator\" content=\"@rassegnastampa9\" \/>\n<meta name=\"twitter:site\" content=\"@rassegnastampa9\" \/>\n<meta name=\"twitter:label1\" content=\"Scritto da\" \/>\n\t<meta name=\"twitter:data1\" content=\"Redazione\" \/>\n\t<meta name=\"twitter:label2\" content=\"Tempo di lettura stimato\" \/>\n\t<meta name=\"twitter:data2\" content=\"5 minuti\" \/>\n<script type=\"application\/ld+json\" class=\"yoast-schema-graph\">{\"@context\":\"https:\\\/\\\/schema.org\",\"@graph\":[{\"@type\":\"Article\",\"@id\":\"https:\\\/\\\/www.rassegnastampa-totustuus.it\\\/cattolica\\\/laccoglienza-dello-straniero-secondo-san-tommaso-daquino\\\/#article\",\"isPartOf\":{\"@id\":\"https:\\\/\\\/www.rassegnastampa-totustuus.it\\\/cattolica\\\/laccoglienza-dello-straniero-secondo-san-tommaso-daquino\\\/\"},\"author\":{\"name\":\"Redazione\",\"@id\":\"https:\\\/\\\/www.rassegnastampa-totustuus.it\\\/cattolica\\\/#\\\/schema\\\/person\\\/08f319d2bd1a0904ad9e2bfb7b15e5c3\"},\"headline\":\"L\u2019accoglienza dello straniero secondo San Tommaso d\u2019Aquino\",\"datePublished\":\"2019-04-03T22:00:56+00:00\",\"mainEntityOfPage\":{\"@id\":\"https:\\\/\\\/www.rassegnastampa-totustuus.it\\\/cattolica\\\/laccoglienza-dello-straniero-secondo-san-tommaso-daquino\\\/\"},\"wordCount\":985,\"publisher\":{\"@id\":\"https:\\\/\\\/www.rassegnastampa-totustuus.it\\\/cattolica\\\/#organization\"},\"image\":{\"@id\":\"https:\\\/\\\/www.rassegnastampa-totustuus.it\\\/cattolica\\\/laccoglienza-dello-straniero-secondo-san-tommaso-daquino\\\/#primaryimage\"},\"thumbnailUrl\":\"https:\\\/\\\/www.rassegnastampa-totustuus.it\\\/cattolica\\\/wp-content\\\/uploads\\\/2019\\\/03\\\/Islam_Europa.jpg\",\"keywords\":[\"chiesa e islam\",\"immigrazione\",\"islam\",\"Tommaso D'Aquino\"],\"articleSection\":[\"Chiesa\",\"Immigrazione\",\"Islam\"],\"inLanguage\":\"it-IT\"},{\"@type\":\"WebPage\",\"@id\":\"https:\\\/\\\/www.rassegnastampa-totustuus.it\\\/cattolica\\\/laccoglienza-dello-straniero-secondo-san-tommaso-daquino\\\/\",\"url\":\"https:\\\/\\\/www.rassegnastampa-totustuus.it\\\/cattolica\\\/laccoglienza-dello-straniero-secondo-san-tommaso-daquino\\\/\",\"name\":\"L\u2019accoglienza dello straniero secondo San Tommaso d\u2019Aquino - Rassegna Stampa Cattolica\",\"isPartOf\":{\"@id\":\"https:\\\/\\\/www.rassegnastampa-totustuus.it\\\/cattolica\\\/#website\"},\"primaryImageOfPage\":{\"@id\":\"https:\\\/\\\/www.rassegnastampa-totustuus.it\\\/cattolica\\\/laccoglienza-dello-straniero-secondo-san-tommaso-daquino\\\/#primaryimage\"},\"image\":{\"@id\":\"https:\\\/\\\/www.rassegnastampa-totustuus.it\\\/cattolica\\\/laccoglienza-dello-straniero-secondo-san-tommaso-daquino\\\/#primaryimage\"},\"thumbnailUrl\":\"https:\\\/\\\/www.rassegnastampa-totustuus.it\\\/cattolica\\\/wp-content\\\/uploads\\\/2019\\\/03\\\/Islam_Europa.jpg\",\"datePublished\":\"2019-04-03T22:00:56+00:00\",\"description\":\"Rassegna Stampa Cattolica - Per una cultura che nasce dalla Rivelazione cristiana in conformit\u00e0 alla tradizione e al Magistero della Chiesa in opposizione ad ogni relativismo e totalitarismo\",\"breadcrumb\":{\"@id\":\"https:\\\/\\\/www.rassegnastampa-totustuus.it\\\/cattolica\\\/laccoglienza-dello-straniero-secondo-san-tommaso-daquino\\\/#breadcrumb\"},\"inLanguage\":\"it-IT\",\"potentialAction\":[{\"@type\":\"ReadAction\",\"target\":[\"https:\\\/\\\/www.rassegnastampa-totustuus.it\\\/cattolica\\\/laccoglienza-dello-straniero-secondo-san-tommaso-daquino\\\/\"]}]},{\"@type\":\"ImageObject\",\"inLanguage\":\"it-IT\",\"@id\":\"https:\\\/\\\/www.rassegnastampa-totustuus.it\\\/cattolica\\\/laccoglienza-dello-straniero-secondo-san-tommaso-daquino\\\/#primaryimage\",\"url\":\"https:\\\/\\\/www.rassegnastampa-totustuus.it\\\/cattolica\\\/wp-content\\\/uploads\\\/2019\\\/03\\\/Islam_Europa.jpg\",\"contentUrl\":\"https:\\\/\\\/www.rassegnastampa-totustuus.it\\\/cattolica\\\/wp-content\\\/uploads\\\/2019\\\/03\\\/Islam_Europa.jpg\",\"width\":2000,\"height\":1305},{\"@type\":\"BreadcrumbList\",\"@id\":\"https:\\\/\\\/www.rassegnastampa-totustuus.it\\\/cattolica\\\/laccoglienza-dello-straniero-secondo-san-tommaso-daquino\\\/#breadcrumb\",\"itemListElement\":[{\"@type\":\"ListItem\",\"position\":1,\"name\":\"Home\",\"item\":\"https:\\\/\\\/www.rassegnastampa-totustuus.it\\\/cattolica\\\/\"},{\"@type\":\"ListItem\",\"position\":2,\"name\":\"L\u2019accoglienza dello straniero secondo San Tommaso d\u2019Aquino\"}]},{\"@type\":\"WebSite\",\"@id\":\"https:\\\/\\\/www.rassegnastampa-totustuus.it\\\/cattolica\\\/#website\",\"url\":\"https:\\\/\\\/www.rassegnastampa-totustuus.it\\\/cattolica\\\/\",\"name\":\"Rassegna Stampa Cattolica\",\"description\":\"Per una cultura che nasce dalla Rivelazione cristiana in conformit\u00e0 alla tradizione e al Magistero della Chiesa in opposizione ad ogni relativismo e totalitarismo\",\"publisher\":{\"@id\":\"https:\\\/\\\/www.rassegnastampa-totustuus.it\\\/cattolica\\\/#organization\"},\"alternateName\":\"Rass. Cattolica\",\"potentialAction\":[{\"@type\":\"SearchAction\",\"target\":{\"@type\":\"EntryPoint\",\"urlTemplate\":\"https:\\\/\\\/www.rassegnastampa-totustuus.it\\\/cattolica\\\/?s={search_term_string}\"},\"query-input\":{\"@type\":\"PropertyValueSpecification\",\"valueRequired\":true,\"valueName\":\"search_term_string\"}}],\"inLanguage\":\"it-IT\"},{\"@type\":\"Organization\",\"@id\":\"https:\\\/\\\/www.rassegnastampa-totustuus.it\\\/cattolica\\\/#organization\",\"name\":\"Rassegna Stampa Cattolica\",\"url\":\"https:\\\/\\\/www.rassegnastampa-totustuus.it\\\/cattolica\\\/\",\"logo\":{\"@type\":\"ImageObject\",\"inLanguage\":\"it-IT\",\"@id\":\"https:\\\/\\\/www.rassegnastampa-totustuus.it\\\/cattolica\\\/#\\\/schema\\\/logo\\\/image\\\/\",\"url\":\"https:\\\/\\\/www.rassegnastampa-totustuus.it\\\/cattolica\\\/wp-content\\\/uploads\\\/2014\\\/04\\\/logo-rassegna1.gif\",\"contentUrl\":\"https:\\\/\\\/www.rassegnastampa-totustuus.it\\\/cattolica\\\/wp-content\\\/uploads\\\/2014\\\/04\\\/logo-rassegna1.gif\",\"width\":600,\"height\":163,\"caption\":\"Rassegna Stampa Cattolica\"},\"image\":{\"@id\":\"https:\\\/\\\/www.rassegnastampa-totustuus.it\\\/cattolica\\\/#\\\/schema\\\/logo\\\/image\\\/\"},\"sameAs\":[\"https:\\\/\\\/www.facebook.com\\\/rassegnastampacattolica\",\"https:\\\/\\\/x.com\\\/rassegnastampa9\"]},{\"@type\":\"Person\",\"@id\":\"https:\\\/\\\/www.rassegnastampa-totustuus.it\\\/cattolica\\\/#\\\/schema\\\/person\\\/08f319d2bd1a0904ad9e2bfb7b15e5c3\",\"name\":\"Redazione\",\"image\":{\"@type\":\"ImageObject\",\"inLanguage\":\"it-IT\",\"@id\":\"https:\\\/\\\/secure.gravatar.com\\\/avatar\\\/2fcdf27c78ea025fbdb44e914cc63c72249ffec9dc8aafd5c82b26240ef3f346?s=96&d=mm&r=g\",\"url\":\"https:\\\/\\\/secure.gravatar.com\\\/avatar\\\/2fcdf27c78ea025fbdb44e914cc63c72249ffec9dc8aafd5c82b26240ef3f346?s=96&d=mm&r=g\",\"contentUrl\":\"https:\\\/\\\/secure.gravatar.com\\\/avatar\\\/2fcdf27c78ea025fbdb44e914cc63c72249ffec9dc8aafd5c82b26240ef3f346?s=96&d=mm&r=g\",\"caption\":\"Redazione\"},\"url\":\"https:\\\/\\\/www.rassegnastampa-totustuus.it\\\/cattolica\\\/author\\\/pietroelle\\\/\"}]}<\/script>\n<!-- \/ Yoast SEO plugin. -->","yoast_head_json":{"title":"L\u2019accoglienza dello straniero secondo San Tommaso d\u2019Aquino - Rassegna Stampa Cattolica","description":"Rassegna Stampa Cattolica - Per una cultura che nasce dalla Rivelazione cristiana in conformit\u00e0 alla tradizione e al Magistero della Chiesa in opposizione ad ogni relativismo e totalitarismo","robots":{"index":"index","follow":"follow","max-snippet":"max-snippet:-1","max-image-preview":"max-image-preview:large","max-video-preview":"max-video-preview:-1"},"canonical":"https:\/\/www.rassegnastampa-totustuus.it\/cattolica\/laccoglienza-dello-straniero-secondo-san-tommaso-daquino\/","og_locale":"it_IT","og_type":"article","og_title":"L\u2019accoglienza dello straniero secondo San Tommaso d\u2019Aquino - Rassegna Stampa Cattolica","og_description":"Rassegna Stampa Cattolica - Per una cultura che nasce dalla Rivelazione cristiana in conformit\u00e0 alla tradizione e al Magistero della Chiesa in opposizione ad ogni relativismo e totalitarismo","og_url":"https:\/\/www.rassegnastampa-totustuus.it\/cattolica\/laccoglienza-dello-straniero-secondo-san-tommaso-daquino\/","og_site_name":"Rassegna Stampa Cattolica","article_publisher":"https:\/\/www.facebook.com\/rassegnastampacattolica","article_published_time":"2019-04-03T22:00:56+00:00","og_image":[{"width":2000,"height":1305,"url":"https:\/\/www.rassegnastampa-totustuus.it\/cattolica\/wp-content\/uploads\/2019\/03\/Islam_Europa.jpg","type":"image\/jpeg"}],"author":"Redazione","twitter_card":"summary_large_image","twitter_creator":"@rassegnastampa9","twitter_site":"@rassegnastampa9","twitter_misc":{"Scritto da":"Redazione","Tempo di lettura stimato":"5 minuti"},"schema":{"@context":"https:\/\/schema.org","@graph":[{"@type":"Article","@id":"https:\/\/www.rassegnastampa-totustuus.it\/cattolica\/laccoglienza-dello-straniero-secondo-san-tommaso-daquino\/#article","isPartOf":{"@id":"https:\/\/www.rassegnastampa-totustuus.it\/cattolica\/laccoglienza-dello-straniero-secondo-san-tommaso-daquino\/"},"author":{"name":"Redazione","@id":"https:\/\/www.rassegnastampa-totustuus.it\/cattolica\/#\/schema\/person\/08f319d2bd1a0904ad9e2bfb7b15e5c3"},"headline":"L\u2019accoglienza dello straniero secondo San Tommaso d\u2019Aquino","datePublished":"2019-04-03T22:00:56+00:00","mainEntityOfPage":{"@id":"https:\/\/www.rassegnastampa-totustuus.it\/cattolica\/laccoglienza-dello-straniero-secondo-san-tommaso-daquino\/"},"wordCount":985,"publisher":{"@id":"https:\/\/www.rassegnastampa-totustuus.it\/cattolica\/#organization"},"image":{"@id":"https:\/\/www.rassegnastampa-totustuus.it\/cattolica\/laccoglienza-dello-straniero-secondo-san-tommaso-daquino\/#primaryimage"},"thumbnailUrl":"https:\/\/www.rassegnastampa-totustuus.it\/cattolica\/wp-content\/uploads\/2019\/03\/Islam_Europa.jpg","keywords":["chiesa e islam","immigrazione","islam","Tommaso D'Aquino"],"articleSection":["Chiesa","Immigrazione","Islam"],"inLanguage":"it-IT"},{"@type":"WebPage","@id":"https:\/\/www.rassegnastampa-totustuus.it\/cattolica\/laccoglienza-dello-straniero-secondo-san-tommaso-daquino\/","url":"https:\/\/www.rassegnastampa-totustuus.it\/cattolica\/laccoglienza-dello-straniero-secondo-san-tommaso-daquino\/","name":"L\u2019accoglienza dello straniero secondo San Tommaso d\u2019Aquino - Rassegna Stampa Cattolica","isPartOf":{"@id":"https:\/\/www.rassegnastampa-totustuus.it\/cattolica\/#website"},"primaryImageOfPage":{"@id":"https:\/\/www.rassegnastampa-totustuus.it\/cattolica\/laccoglienza-dello-straniero-secondo-san-tommaso-daquino\/#primaryimage"},"image":{"@id":"https:\/\/www.rassegnastampa-totustuus.it\/cattolica\/laccoglienza-dello-straniero-secondo-san-tommaso-daquino\/#primaryimage"},"thumbnailUrl":"https:\/\/www.rassegnastampa-totustuus.it\/cattolica\/wp-content\/uploads\/2019\/03\/Islam_Europa.jpg","datePublished":"2019-04-03T22:00:56+00:00","description":"Rassegna Stampa Cattolica - Per una cultura che nasce dalla Rivelazione cristiana in conformit\u00e0 alla tradizione e al Magistero della Chiesa in opposizione ad ogni relativismo e totalitarismo","breadcrumb":{"@id":"https:\/\/www.rassegnastampa-totustuus.it\/cattolica\/laccoglienza-dello-straniero-secondo-san-tommaso-daquino\/#breadcrumb"},"inLanguage":"it-IT","potentialAction":[{"@type":"ReadAction","target":["https:\/\/www.rassegnastampa-totustuus.it\/cattolica\/laccoglienza-dello-straniero-secondo-san-tommaso-daquino\/"]}]},{"@type":"ImageObject","inLanguage":"it-IT","@id":"https:\/\/www.rassegnastampa-totustuus.it\/cattolica\/laccoglienza-dello-straniero-secondo-san-tommaso-daquino\/#primaryimage","url":"https:\/\/www.rassegnastampa-totustuus.it\/cattolica\/wp-content\/uploads\/2019\/03\/Islam_Europa.jpg","contentUrl":"https:\/\/www.rassegnastampa-totustuus.it\/cattolica\/wp-content\/uploads\/2019\/03\/Islam_Europa.jpg","width":2000,"height":1305},{"@type":"BreadcrumbList","@id":"https:\/\/www.rassegnastampa-totustuus.it\/cattolica\/laccoglienza-dello-straniero-secondo-san-tommaso-daquino\/#breadcrumb","itemListElement":[{"@type":"ListItem","position":1,"name":"Home","item":"https:\/\/www.rassegnastampa-totustuus.it\/cattolica\/"},{"@type":"ListItem","position":2,"name":"L\u2019accoglienza dello straniero secondo San Tommaso d\u2019Aquino"}]},{"@type":"WebSite","@id":"https:\/\/www.rassegnastampa-totustuus.it\/cattolica\/#website","url":"https:\/\/www.rassegnastampa-totustuus.it\/cattolica\/","name":"Rassegna Stampa Cattolica","description":"Per una cultura che nasce dalla Rivelazione cristiana in conformit\u00e0 alla tradizione e al Magistero della Chiesa in opposizione ad ogni relativismo e totalitarismo","publisher":{"@id":"https:\/\/www.rassegnastampa-totustuus.it\/cattolica\/#organization"},"alternateName":"Rass. Cattolica","potentialAction":[{"@type":"SearchAction","target":{"@type":"EntryPoint","urlTemplate":"https:\/\/www.rassegnastampa-totustuus.it\/cattolica\/?s={search_term_string}"},"query-input":{"@type":"PropertyValueSpecification","valueRequired":true,"valueName":"search_term_string"}}],"inLanguage":"it-IT"},{"@type":"Organization","@id":"https:\/\/www.rassegnastampa-totustuus.it\/cattolica\/#organization","name":"Rassegna Stampa Cattolica","url":"https:\/\/www.rassegnastampa-totustuus.it\/cattolica\/","logo":{"@type":"ImageObject","inLanguage":"it-IT","@id":"https:\/\/www.rassegnastampa-totustuus.it\/cattolica\/#\/schema\/logo\/image\/","url":"https:\/\/www.rassegnastampa-totustuus.it\/cattolica\/wp-content\/uploads\/2014\/04\/logo-rassegna1.gif","contentUrl":"https:\/\/www.rassegnastampa-totustuus.it\/cattolica\/wp-content\/uploads\/2014\/04\/logo-rassegna1.gif","width":600,"height":163,"caption":"Rassegna Stampa Cattolica"},"image":{"@id":"https:\/\/www.rassegnastampa-totustuus.it\/cattolica\/#\/schema\/logo\/image\/"},"sameAs":["https:\/\/www.facebook.com\/rassegnastampacattolica","https:\/\/x.com\/rassegnastampa9"]},{"@type":"Person","@id":"https:\/\/www.rassegnastampa-totustuus.it\/cattolica\/#\/schema\/person\/08f319d2bd1a0904ad9e2bfb7b15e5c3","name":"Redazione","image":{"@type":"ImageObject","inLanguage":"it-IT","@id":"https:\/\/secure.gravatar.com\/avatar\/2fcdf27c78ea025fbdb44e914cc63c72249ffec9dc8aafd5c82b26240ef3f346?s=96&d=mm&r=g","url":"https:\/\/secure.gravatar.com\/avatar\/2fcdf27c78ea025fbdb44e914cc63c72249ffec9dc8aafd5c82b26240ef3f346?s=96&d=mm&r=g","contentUrl":"https:\/\/secure.gravatar.com\/avatar\/2fcdf27c78ea025fbdb44e914cc63c72249ffec9dc8aafd5c82b26240ef3f346?s=96&d=mm&r=g","caption":"Redazione"},"url":"https:\/\/www.rassegnastampa-totustuus.it\/cattolica\/author\/pietroelle\/"}]}},"_links":{"self":[{"href":"https:\/\/www.rassegnastampa-totustuus.it\/cattolica\/wp-json\/wp\/v2\/posts\/42580","targetHints":{"allow":["GET"]}}],"collection":[{"href":"https:\/\/www.rassegnastampa-totustuus.it\/cattolica\/wp-json\/wp\/v2\/posts"}],"about":[{"href":"https:\/\/www.rassegnastampa-totustuus.it\/cattolica\/wp-json\/wp\/v2\/types\/post"}],"author":[{"embeddable":true,"href":"https:\/\/www.rassegnastampa-totustuus.it\/cattolica\/wp-json\/wp\/v2\/users\/6"}],"replies":[{"embeddable":true,"href":"https:\/\/www.rassegnastampa-totustuus.it\/cattolica\/wp-json\/wp\/v2\/comments?post=42580"}],"version-history":[{"count":1,"href":"https:\/\/www.rassegnastampa-totustuus.it\/cattolica\/wp-json\/wp\/v2\/posts\/42580\/revisions"}],"predecessor-version":[{"id":42582,"href":"https:\/\/www.rassegnastampa-totustuus.it\/cattolica\/wp-json\/wp\/v2\/posts\/42580\/revisions\/42582"}],"wp:featuredmedia":[{"embeddable":true,"href":"https:\/\/www.rassegnastampa-totustuus.it\/cattolica\/wp-json\/wp\/v2\/media\/42581"}],"wp:attachment":[{"href":"https:\/\/www.rassegnastampa-totustuus.it\/cattolica\/wp-json\/wp\/v2\/media?parent=42580"}],"wp:term":[{"taxonomy":"category","embeddable":true,"href":"https:\/\/www.rassegnastampa-totustuus.it\/cattolica\/wp-json\/wp\/v2\/categories?post=42580"},{"taxonomy":"post_tag","embeddable":true,"href":"https:\/\/www.rassegnastampa-totustuus.it\/cattolica\/wp-json\/wp\/v2\/tags?post=42580"}],"curies":[{"name":"wp","href":"https:\/\/api.w.org\/{rel}","templated":true}]}}