{"id":4252,"date":"2010-12-02T00:00:00","date_gmt":"2010-12-01T23:00:00","guid":{"rendered":""},"modified":"2016-02-04T14:53:56","modified_gmt":"2016-02-04T13:53:56","slug":"la-contraccezione-non-riduce-gli-aborti","status":"publish","type":"post","link":"https:\/\/www.rassegnastampa-totustuus.it\/cattolica\/la-contraccezione-non-riduce-gli-aborti\/","title":{"rendered":"La contraccezione non riduce gli aborti"},"content":{"rendered":"<div style=\"text-align: center;\"><strong><a href=\"https:\/\/www.rassegnastampa-totustuus.it\/cattolica\/wp-content\/uploads\/2010\/12\/hiv_aids.jpg\"><img loading=\"lazy\" decoding=\"async\" class=\"alignleft wp-image-30281\" src=\"https:\/\/www.rassegnastampa-totustuus.it\/cattolica\/wp-content\/uploads\/2010\/12\/hiv_aids.jpg\" alt=\"hiv_aids\" width=\"200\" height=\"150\" \/><\/a>Ag Zenit<\/strong> (Zenit.org) luned\u00ec, 22 novembre 2010<\/div>\n<p style=\"text-align: center;\"><em>Il dott. Puccetti spiega le ragioni del Papa<\/em><\/p>\n<p style=\"text-align: center;\">di <strong>Antonio Gaspari<\/strong><\/p>\n<p><!--more--><\/p>\n<div style=\"text-align: justify;\">ROMA &#8211; Hanno destato scalpore le anticipazioni sul libro-intervista del Pontefice Benedetto XVI circa l\u2019uso del condom in alcuni casi particolari. \u00a0Per cercare di capire il senso delle risposte fornite dal Pontefice e pi\u00f9 in generale perch\u00e8 la Chiesa cattolica si oppone ai mezzi contraccettivi, ZENIT ha intervistato il dott. Renzo Puccetti, specialista in Medicina Interna e Segretario dell\u2019associazione \u201cScienza &amp; Vita\u201d di Pisa e Livorno.<\/div>\n<p style=\"text-align: justify;\">Il dott. Puccetti ha svolto significativi lavori di ricerca in merito all\u2019utilizzo dei contraccettivi ed \u00e8 anche membro dell&#8217;Unit\u00e0 di Ricerca della European Medical Association.<\/p>\n<p style=\"text-align: justify;\"><strong>Dopo la condanna da parte del Papa sull\u2019uso del preservativo in occasione del viaggio in Africa, lei scrisse un libro intitolato \u201cIl Papa ha ragione\u201d (edizioni Fede &amp; Cultura). Non si sente un po\u2019 in imbarazzo da quanto legge oggi?<\/strong><\/p>\n<p style=\"text-align: justify;\"><span style=\"text-decoration: underline;\">Puccetti<\/span>: No, per niente. Insieme a Cesare Cavoni, co-autore del libro che lei cita, abbiamo svolto un lavoro per cercare di mettere in evidenza i fatti: che cosa disse veramente il Papa, come la stampa ci ricam\u00f2 sopra con notevole creativit\u00e0, quali sono gli effetti della strategia volta a contrastare l\u2019AIDS in Africa affidandosi alla distribuzione e diffusione del preservativo, conosciuti attraverso le fonti clinico-epidemiologiche. Il sottotitolo del nostro libro \u00e8 \u201cL\u2019AIDS non si ferma con il condom\u201d. Se le anticipazioni sono corrette, nel nuovo libro il Papa dice che il preservativo \u201cnon \u00e8 il modo vero e proprio per vincere l\u2019infezione da HIV\u201d. Non mi sembra di notare alcun mutamento di posizione.<\/p>\n<p style=\"text-align: justify;\"><strong>Ma il Papa ha citato casi in cui l\u2019uso del preservativo pu\u00f2 essere giustificato.<\/strong><\/p>\n<p style=\"text-align: justify;\"><em><span style=\"text-decoration: underline;\">Puccetti<\/span>:<\/em>\u00a0Certo. Mi ritrovo completamente col commento fornito da padre Lombardi. Mi rendo conto che le parole del Santo Padre possano suscitare scalpore ed apparire come novit\u00e0. In certa misura lo sono, nel senso che non conosco precedenti pronunciamenti n\u00e9 di Benedetto XVI, n\u00e9 di Joseph Ratzinger di questo tipo, anche se su questo potrei sbagliarmi. Quello a cui si riferisce, la giustificabilit\u00e0 dell\u2019uso del preservativo da parte di una prostituta, mi pare costituisca un classico esempio di applicazione della casistica in ambito morale. In questo non vi \u00e8 niente di nuovo. Ricordo ad esempio come in passato l\u2019attuale Cardinale Tettamanzi si esprimeva per la liceit\u00e0 morale della donna che pretendesse l\u2019uso del preservativo da parte del marito sieropositivo incapace o non disposto ad osservare l\u2019astinenza.<\/p>\n<p style=\"text-align: justify;\">Ora \u00e8 chiaro che le parole del Papa non giustificano certamente la moralit\u00e0 della prostituzione, una intrinseca falsificazione del significato dell\u2019atto sessuale, una separazione della persona, con l\u2019anima, la mente, i sentimenti della donna da una parte ed il suo corpo dall\u2019atra, al fine di una commercializzazione di quest\u2019ultimo.<\/p>\n<p style=\"text-align: justify;\">Come dicevo le parole del Papa non giustificano tutto questo, ma con anelito pastorale colgono nell\u2019uso del preservativo da parte di questa donna concreta un primo passo verso una presa di coscienza della dignit\u00e0 del proprio corpo come entit\u00e0 inscindibile dalla propria persona. Non sono un teologo morale e quindi potrei sbagliarmi, ma mi sembra che qui il Santo Padre segua quella che in morale \u00e8 conosciuta come \u201clegge della gradualit\u00e0\u201d, da non confondersi, come ammoniva al numero 34 di <em>Familiaris Consortio<\/em> Giovanni Paolo II, con la \u201cgradualit\u00e0 della legge\u201d.<\/p>\n<p style=\"text-align: justify;\">Se poi si aggiunge la considerazione che in molti casi la donna che si prostituisce non lo fa come scelta libera, ma \u00e8 forzatamente obbligata in quanto vittima di circostanze opprimenti e di persone dedite alla prevaricazione ed allo sfruttamento, allora si tratterebbe di casi non molto diversi da quello previsto dal Cardinale di Milano ed in tempi pi\u00f9 antichi dall\u2019assunzione di sostanze anovulatorie in previsione di una violenza sessuale.<\/p>\n<p style=\"text-align: justify;\">La cosa triste ed irritante, anche se prevedibile, \u00e8 dover leggere commenti intellettualmente sgangherati riportati dai mezzi di comunicazione di massa.<\/p>\n<p style=\"text-align: justify;\"><strong>Dott. Puccetti, lei \u00e8 stato uno dei relatori al congresso della Societ\u00e0 Italiana di Ostetricia e Ginecologia che si \u00e8 svolto a Milano dal 14 al 17 novembre. Quale sono le sue impressioni riguardo i temi eticamente sensibili?<\/strong><\/p>\n<p style=\"text-align: justify;\"><span style=\"text-decoration: underline;\">Puccetti<\/span>: Da quelle che sono le mie impressioni mi pare di poter dire che quello appena concluso sia stato un congresso di svolta.<\/p>\n<p style=\"text-align: justify;\"><strong>In che senso?<\/strong><\/p>\n<p style=\"text-align: justify;\"><span style=\"text-decoration: underline;\">Puccetti<\/span>: Mi sembra che gli organizzatori del congresso di quest\u2019anno siano riusciti a fare uscire i lavori da una certa logica di \u201cgynaecologically correctness\u201d in cui i temi da lei citati vengono affrontati in termini monocordi ed ideologicamente pre-impostati.<\/p>\n<p style=\"text-align: justify;\"><strong>Ci pu\u00f2 fornire qualche esempio?<\/strong><\/p>\n<p style=\"text-align: justify;\"><span style=\"text-decoration: underline;\">Puccetti<\/span>: Beh, costituiscono certamente una salutare novit\u00e0 la possibilit\u00e0 di confrontarsi offerta da alcune relazioni come quella del prof. Lucio Romano, alcuni interventi, per esempio le puntualizzazioni in tema di contraccezione post-coitale del dr. Bruno Mozzanega e la presenza tra gli stands del suo ultimo volume che in modo limpido e dettagliato descrive la fisiologia della riproduzione e lo sviluppo embrionale precoce, ma soprattutto la presenza di un corso precongressuale tematico dedicato ai metodi di Natural Family Planning.<\/p>\n<p style=\"text-align: justify;\"><strong>Lei non si auto-cita, eppure ha partecipato ad una sessione del congresso che vedeva tra i relatori gli esponenti di maggiore spicco della ginecologia abortista. Lei ha parlato per ultimo, le relazioni che l\u2019avevano preceduta avevano descritto la prevenzione dell\u2019aborto riferendosi pressoch\u00e9 sempre alla contraccezione. Il suo intervento ha fatto a pezzi tutta questa impostazione.<\/strong><\/p>\n<p style=\"text-align: justify;\"><span style=\"text-decoration: underline;\"><em>Puccetti<\/em><\/span>: Mah, diciamo che mi piace pensare di aver contribuito ad un franco confronto che abbia privilegiato l\u2019analisi dei dati scientifici disponibili, spesso rimossi per una serie di motivi. Il lavoro che ho presentato dimostra che le varie discipline scientifiche, se vogliono cercare di avvicinarsi alla verit\u00e0, devono sapere resistere ad una certa tentazione di auto-sufficienza ed imparare a dialogare. Per questo abbiamo lavorato con persone con competenze diverse, internistiche, bioetiche, ginecologiche, bio-statistiche, psicologiche.<\/p>\n<p style=\"text-align: justify;\"><strong>Ha ricevuto critiche?<\/strong><\/p>\n<p style=\"text-align: justify;\"><span style=\"text-decoration: underline;\">Puccetti<\/span>: Devo dire di no, anzi i riscontri sono stati favorevoli. Mi ha fatto piacere ricevere il commento positivo alla relazione anche da parte degli operatori dell\u2019aborto. Diversamente ne sarei stato sorpreso, perch\u00e9 cos\u00ec come mi \u00e8 stato insegnato all\u2019Universit\u00e0, \u201cresults are results\u201d. Speriamo che il nuovo consiglio di presidenza della SIGO implementi l\u2019apertura verso un franco confronto scientifico su questi temi.<\/p>\n<p style=\"text-align: justify;\"><strong>Allora dottore, perch\u00e9 la contraccezione non riduce gli aborti?<\/strong><\/p>\n<p style=\"text-align: justify;\"><span style=\"text-decoration: underline;\">Puccetti<\/span>: \u00c8 una questione complessa che non pu\u00f2 essere spiegata in poche parole. Intanto \u00e8 importante precisare che la nostra analisi si \u00e8 limitata al mondo occidentale sviluppato e non \u00e8 corretto generalizzarla a tutti i contesti. Diciamo inoltre che una cosa \u00e8 il comportamento di un medico di fronte ad un paziente, cio\u00e8 in una relazione umana e professionale tra due persone, altra cosa sono gli interventi di salute pubblica. \u00c8 noto che vi pu\u00f2 essere una distanza notevole tra quanto atteso teoricamente da un determinato intervento sanitario ed i risultati effettivi. Il caso della contraccezione \u00e8 uno di questi.<\/p>\n<p style=\"text-align: justify;\">Teoricamente per impedire gli aborti e realizzare i propri obiettivi riproduttivi affidandosi alla contraccezione le donne dovrebbero adottare metodi contraccettivi in modo perfetto per circa 27 anni, un obiettivo che per chi conosce i dati \u00e8 del tutto irrealistico. Inoltre molte fonti attestano che i determinanti immediati dell\u2019aborto non poggiano solamente sulla contraccezione, ma vi sono molti altri elementi, soprattutto di ordine comportamentale a loro volta radicati nella formazione delle convinzioni.<\/p>\n<p style=\"text-align: justify;\">E qui entra in campo la necessit\u00e0 di dialogo tra i vari ambiti del sapere. Sono infatti studi di tipo economico e di psicologia del comportamento che forniscono cornici interpretative che aiutano a comprendere come la promozione e diffusione della contraccezione si associno a cambiamenti comportamentali caratterizzati da un maggior rischio di gravidanze indesiderate ed una maggiore attitudine ad abortire in tali circostanze vanificando, o persino capovolgendo l\u2019attesa riduzione degli aborti. Stati Uniti, Francia, Inghilterra, Galles, Scozia, Svezia, Olanda sono tutti terreni in cui queste dinamiche si sono realizzate.<\/p>\n<p style=\"text-align: justify;\"><strong>Questi dati dovrebbero far riflettere il mondo politico?<\/strong><\/p>\n<p style=\"text-align: justify;\"><span style=\"text-decoration: underline;\">Puccetti<\/span>: Hanno delle indubbie ricadute. \u00c8 l\u2019ora di togliersi gli occhiali ideologici, imparare dagli errori commessi negli altri paesi, non buttare via risorse economiche ed umane in campagne e programmi che se va bene non porteranno ad alcuna riduzione degli aborti, uno spreco che in un contesto di disponibilit\u00e0 limitate \u00e8 ancora pi\u00f9 grave. Non dobbiamo limitarci ad invocare la necessit\u00e0 di un\u2019educazione sessuale nelle scuole se prima non si comprende che questa, al di l\u00e0 delle buone intenzioni, riducendosi ad educazione genitale con molta probabilit\u00e0 non risolve i problemi.<\/p>\n<p style=\"text-align: justify;\"><strong>Alla fine la contraccezione deresponsabilizza?<\/strong><\/p>\n<p style=\"text-align: justify;\"><span style=\"text-decoration: underline;\">Puccetti<\/span>: Guardi, la possiamo mettere gi\u00f9 cos\u00ec: ogni uomo ha una rotta per arrivare al suo porto, questa rotta \u00e8 suggerita dalla propria testa, poi per\u00f2 se vuole arrivare davvero alla meta, deve usare i remi, cio\u00e8 la volont\u00e0. Senza questa l\u2019uomo rimane piantato, se non fatica egli, anche se si accorge di andare fuori rotta, non potr\u00e0 farci niente, perch\u00e9 la direzione sar\u00e0 determinata dalle correnti.<\/p>\n<p style=\"text-align: justify;\">Affidarsi ad un motore, alla tecnica, sembra molto vantaggioso, toglie la fatica, i remi sembrano strumenti di cui si pu\u00f2 tranquillamente fare a meno, ma quando il motore non funziona come previsto ed i remi sono stati gettati via, i muscoli atrofizzati, non si pu\u00f2 sperare in una loro ricomparsa magica. La contraccezione tende ad impoverire la volont\u00e0 delle persone, la capacit\u00e0 di dominio delle proprie pulsioni, cos\u00ec come con preveggenza veramente filosofica aveva notato Elizabeth Anscombe. Non si tratta di ipotesi, ma di fatti che una vera scienza non pu\u00f2 disconoscere. Ai colleghi ginecologi abbiamo cercato semplicemente di rendere presenti questi fatti.<\/p>\n","protected":false},"excerpt":{"rendered":"<p>Ag Zenit (Zenit.org) luned\u00ec, 22 novembre 2010 Il dott. Puccetti spiega le ragioni del Papa di Antonio Gaspari<\/p><p><a class=\"more-link btn\" href=\"https:\/\/www.rassegnastampa-totustuus.it\/cattolica\/la-contraccezione-non-riduce-gli-aborti\/\">Continua a leggere<\/a><\/p>\n","protected":false},"author":6,"featured_media":30281,"comment_status":"closed","ping_status":"open","sticky":false,"template":"","format":"standard","meta":{"footnotes":""},"categories":[2],"tags":[187],"class_list":["post-4252","post","type-post","status-publish","format-standard","has-post-thumbnail","hentry","category-aborto","tag-contraccezione","item-wrap"],"yoast_head":"<!-- This site is optimized with the Yoast SEO plugin v27.4 - https:\/\/yoast.com\/product\/yoast-seo-wordpress\/ -->\n<title>La contraccezione non riduce gli aborti - Rassegna Stampa Cattolica<\/title>\n<meta name=\"description\" content=\"Rassegna Stampa Cattolica - Per una cultura che nasce dalla Rivelazione cristiana in conformit\u00e0 alla tradizione e al Magistero della Chiesa in opposizione ad ogni relativismo e totalitarismo\" \/>\n<meta name=\"robots\" content=\"index, follow, max-snippet:-1, max-image-preview:large, max-video-preview:-1\" \/>\n<link rel=\"canonical\" href=\"https:\/\/www.rassegnastampa-totustuus.it\/cattolica\/la-contraccezione-non-riduce-gli-aborti\/\" \/>\n<meta property=\"og:locale\" content=\"it_IT\" \/>\n<meta property=\"og:type\" content=\"article\" \/>\n<meta property=\"og:title\" content=\"La contraccezione non riduce gli aborti - Rassegna Stampa Cattolica\" \/>\n<meta property=\"og:description\" content=\"Rassegna Stampa Cattolica - Per una cultura che nasce dalla Rivelazione cristiana in conformit\u00e0 alla tradizione e al Magistero della Chiesa in opposizione ad ogni relativismo e totalitarismo\" \/>\n<meta property=\"og:url\" content=\"https:\/\/www.rassegnastampa-totustuus.it\/cattolica\/la-contraccezione-non-riduce-gli-aborti\/\" \/>\n<meta property=\"og:site_name\" content=\"Rassegna Stampa Cattolica\" \/>\n<meta property=\"article:publisher\" content=\"https:\/\/www.facebook.com\/rassegnastampacattolica\" \/>\n<meta property=\"article:published_time\" content=\"2010-12-01T23:00:00+00:00\" \/>\n<meta property=\"article:modified_time\" content=\"2016-02-04T13:53:56+00:00\" \/>\n<meta property=\"og:image\" content=\"https:\/\/www.rassegnastampa-totustuus.it\/cattolica\/wp-content\/uploads\/2010\/12\/hiv_aids.jpg\" \/>\n\t<meta property=\"og:image:width\" content=\"259\" \/>\n\t<meta property=\"og:image:height\" content=\"194\" \/>\n\t<meta property=\"og:image:type\" content=\"image\/jpeg\" \/>\n<meta name=\"author\" content=\"Redazione\" \/>\n<meta name=\"twitter:card\" content=\"summary_large_image\" \/>\n<meta name=\"twitter:creator\" content=\"@rassegnastampa9\" \/>\n<meta name=\"twitter:site\" content=\"@rassegnastampa9\" \/>\n<meta name=\"twitter:label1\" content=\"Scritto da\" \/>\n\t<meta name=\"twitter:data1\" content=\"Redazione\" \/>\n\t<meta name=\"twitter:label2\" content=\"Tempo di lettura stimato\" \/>\n\t<meta name=\"twitter:data2\" content=\"8 minuti\" \/>\n<script type=\"application\/ld+json\" class=\"yoast-schema-graph\">{\"@context\":\"https:\\\/\\\/schema.org\",\"@graph\":[{\"@type\":\"Article\",\"@id\":\"https:\\\/\\\/www.rassegnastampa-totustuus.it\\\/cattolica\\\/la-contraccezione-non-riduce-gli-aborti\\\/#article\",\"isPartOf\":{\"@id\":\"https:\\\/\\\/www.rassegnastampa-totustuus.it\\\/cattolica\\\/la-contraccezione-non-riduce-gli-aborti\\\/\"},\"author\":{\"name\":\"Redazione\",\"@id\":\"https:\\\/\\\/www.rassegnastampa-totustuus.it\\\/cattolica\\\/#\\\/schema\\\/person\\\/08f319d2bd1a0904ad9e2bfb7b15e5c3\"},\"headline\":\"La contraccezione non riduce gli aborti\",\"datePublished\":\"2010-12-01T23:00:00+00:00\",\"dateModified\":\"2016-02-04T13:53:56+00:00\",\"mainEntityOfPage\":{\"@id\":\"https:\\\/\\\/www.rassegnastampa-totustuus.it\\\/cattolica\\\/la-contraccezione-non-riduce-gli-aborti\\\/\"},\"wordCount\":1565,\"publisher\":{\"@id\":\"https:\\\/\\\/www.rassegnastampa-totustuus.it\\\/cattolica\\\/#organization\"},\"image\":{\"@id\":\"https:\\\/\\\/www.rassegnastampa-totustuus.it\\\/cattolica\\\/la-contraccezione-non-riduce-gli-aborti\\\/#primaryimage\"},\"thumbnailUrl\":\"https:\\\/\\\/www.rassegnastampa-totustuus.it\\\/cattolica\\\/wp-content\\\/uploads\\\/2010\\\/12\\\/hiv_aids.jpg\",\"keywords\":[\"contraccezione\"],\"articleSection\":[\"Aborto\"],\"inLanguage\":\"it-IT\"},{\"@type\":\"WebPage\",\"@id\":\"https:\\\/\\\/www.rassegnastampa-totustuus.it\\\/cattolica\\\/la-contraccezione-non-riduce-gli-aborti\\\/\",\"url\":\"https:\\\/\\\/www.rassegnastampa-totustuus.it\\\/cattolica\\\/la-contraccezione-non-riduce-gli-aborti\\\/\",\"name\":\"La contraccezione non riduce gli aborti - Rassegna Stampa Cattolica\",\"isPartOf\":{\"@id\":\"https:\\\/\\\/www.rassegnastampa-totustuus.it\\\/cattolica\\\/#website\"},\"primaryImageOfPage\":{\"@id\":\"https:\\\/\\\/www.rassegnastampa-totustuus.it\\\/cattolica\\\/la-contraccezione-non-riduce-gli-aborti\\\/#primaryimage\"},\"image\":{\"@id\":\"https:\\\/\\\/www.rassegnastampa-totustuus.it\\\/cattolica\\\/la-contraccezione-non-riduce-gli-aborti\\\/#primaryimage\"},\"thumbnailUrl\":\"https:\\\/\\\/www.rassegnastampa-totustuus.it\\\/cattolica\\\/wp-content\\\/uploads\\\/2010\\\/12\\\/hiv_aids.jpg\",\"datePublished\":\"2010-12-01T23:00:00+00:00\",\"dateModified\":\"2016-02-04T13:53:56+00:00\",\"description\":\"Rassegna Stampa Cattolica - Per una cultura che nasce dalla Rivelazione cristiana in conformit\u00e0 alla tradizione e al Magistero della Chiesa in opposizione ad ogni relativismo e totalitarismo\",\"breadcrumb\":{\"@id\":\"https:\\\/\\\/www.rassegnastampa-totustuus.it\\\/cattolica\\\/la-contraccezione-non-riduce-gli-aborti\\\/#breadcrumb\"},\"inLanguage\":\"it-IT\",\"potentialAction\":[{\"@type\":\"ReadAction\",\"target\":[\"https:\\\/\\\/www.rassegnastampa-totustuus.it\\\/cattolica\\\/la-contraccezione-non-riduce-gli-aborti\\\/\"]}]},{\"@type\":\"ImageObject\",\"inLanguage\":\"it-IT\",\"@id\":\"https:\\\/\\\/www.rassegnastampa-totustuus.it\\\/cattolica\\\/la-contraccezione-non-riduce-gli-aborti\\\/#primaryimage\",\"url\":\"https:\\\/\\\/www.rassegnastampa-totustuus.it\\\/cattolica\\\/wp-content\\\/uploads\\\/2010\\\/12\\\/hiv_aids.jpg\",\"contentUrl\":\"https:\\\/\\\/www.rassegnastampa-totustuus.it\\\/cattolica\\\/wp-content\\\/uploads\\\/2010\\\/12\\\/hiv_aids.jpg\",\"width\":259,\"height\":194},{\"@type\":\"BreadcrumbList\",\"@id\":\"https:\\\/\\\/www.rassegnastampa-totustuus.it\\\/cattolica\\\/la-contraccezione-non-riduce-gli-aborti\\\/#breadcrumb\",\"itemListElement\":[{\"@type\":\"ListItem\",\"position\":1,\"name\":\"Home\",\"item\":\"https:\\\/\\\/www.rassegnastampa-totustuus.it\\\/cattolica\\\/\"},{\"@type\":\"ListItem\",\"position\":2,\"name\":\"La contraccezione non riduce gli aborti\"}]},{\"@type\":\"WebSite\",\"@id\":\"https:\\\/\\\/www.rassegnastampa-totustuus.it\\\/cattolica\\\/#website\",\"url\":\"https:\\\/\\\/www.rassegnastampa-totustuus.it\\\/cattolica\\\/\",\"name\":\"Rassegna Stampa Cattolica\",\"description\":\"Per una cultura che nasce dalla Rivelazione cristiana in conformit\u00e0 alla tradizione e al Magistero della Chiesa in opposizione ad ogni relativismo e totalitarismo\",\"publisher\":{\"@id\":\"https:\\\/\\\/www.rassegnastampa-totustuus.it\\\/cattolica\\\/#organization\"},\"alternateName\":\"Rass. Cattolica\",\"potentialAction\":[{\"@type\":\"SearchAction\",\"target\":{\"@type\":\"EntryPoint\",\"urlTemplate\":\"https:\\\/\\\/www.rassegnastampa-totustuus.it\\\/cattolica\\\/?s={search_term_string}\"},\"query-input\":{\"@type\":\"PropertyValueSpecification\",\"valueRequired\":true,\"valueName\":\"search_term_string\"}}],\"inLanguage\":\"it-IT\"},{\"@type\":\"Organization\",\"@id\":\"https:\\\/\\\/www.rassegnastampa-totustuus.it\\\/cattolica\\\/#organization\",\"name\":\"Rassegna Stampa Cattolica\",\"url\":\"https:\\\/\\\/www.rassegnastampa-totustuus.it\\\/cattolica\\\/\",\"logo\":{\"@type\":\"ImageObject\",\"inLanguage\":\"it-IT\",\"@id\":\"https:\\\/\\\/www.rassegnastampa-totustuus.it\\\/cattolica\\\/#\\\/schema\\\/logo\\\/image\\\/\",\"url\":\"https:\\\/\\\/www.rassegnastampa-totustuus.it\\\/cattolica\\\/wp-content\\\/uploads\\\/2014\\\/04\\\/logo-rassegna1.gif\",\"contentUrl\":\"https:\\\/\\\/www.rassegnastampa-totustuus.it\\\/cattolica\\\/wp-content\\\/uploads\\\/2014\\\/04\\\/logo-rassegna1.gif\",\"width\":600,\"height\":163,\"caption\":\"Rassegna Stampa Cattolica\"},\"image\":{\"@id\":\"https:\\\/\\\/www.rassegnastampa-totustuus.it\\\/cattolica\\\/#\\\/schema\\\/logo\\\/image\\\/\"},\"sameAs\":[\"https:\\\/\\\/www.facebook.com\\\/rassegnastampacattolica\",\"https:\\\/\\\/x.com\\\/rassegnastampa9\"]},{\"@type\":\"Person\",\"@id\":\"https:\\\/\\\/www.rassegnastampa-totustuus.it\\\/cattolica\\\/#\\\/schema\\\/person\\\/08f319d2bd1a0904ad9e2bfb7b15e5c3\",\"name\":\"Redazione\",\"image\":{\"@type\":\"ImageObject\",\"inLanguage\":\"it-IT\",\"@id\":\"https:\\\/\\\/secure.gravatar.com\\\/avatar\\\/2fcdf27c78ea025fbdb44e914cc63c72249ffec9dc8aafd5c82b26240ef3f346?s=96&d=mm&r=g\",\"url\":\"https:\\\/\\\/secure.gravatar.com\\\/avatar\\\/2fcdf27c78ea025fbdb44e914cc63c72249ffec9dc8aafd5c82b26240ef3f346?s=96&d=mm&r=g\",\"contentUrl\":\"https:\\\/\\\/secure.gravatar.com\\\/avatar\\\/2fcdf27c78ea025fbdb44e914cc63c72249ffec9dc8aafd5c82b26240ef3f346?s=96&d=mm&r=g\",\"caption\":\"Redazione\"},\"url\":\"https:\\\/\\\/www.rassegnastampa-totustuus.it\\\/cattolica\\\/author\\\/pietroelle\\\/\"}]}<\/script>\n<!-- \/ Yoast SEO plugin. -->","yoast_head_json":{"title":"La contraccezione non riduce gli aborti - Rassegna Stampa Cattolica","description":"Rassegna Stampa Cattolica - Per una cultura che nasce dalla Rivelazione cristiana in conformit\u00e0 alla tradizione e al Magistero della Chiesa in opposizione ad ogni relativismo e totalitarismo","robots":{"index":"index","follow":"follow","max-snippet":"max-snippet:-1","max-image-preview":"max-image-preview:large","max-video-preview":"max-video-preview:-1"},"canonical":"https:\/\/www.rassegnastampa-totustuus.it\/cattolica\/la-contraccezione-non-riduce-gli-aborti\/","og_locale":"it_IT","og_type":"article","og_title":"La contraccezione non riduce gli aborti - Rassegna Stampa Cattolica","og_description":"Rassegna Stampa Cattolica - Per una cultura che nasce dalla Rivelazione cristiana in conformit\u00e0 alla tradizione e al Magistero della Chiesa in opposizione ad ogni relativismo e totalitarismo","og_url":"https:\/\/www.rassegnastampa-totustuus.it\/cattolica\/la-contraccezione-non-riduce-gli-aborti\/","og_site_name":"Rassegna Stampa Cattolica","article_publisher":"https:\/\/www.facebook.com\/rassegnastampacattolica","article_published_time":"2010-12-01T23:00:00+00:00","article_modified_time":"2016-02-04T13:53:56+00:00","og_image":[{"width":259,"height":194,"url":"https:\/\/www.rassegnastampa-totustuus.it\/cattolica\/wp-content\/uploads\/2010\/12\/hiv_aids.jpg","type":"image\/jpeg"}],"author":"Redazione","twitter_card":"summary_large_image","twitter_creator":"@rassegnastampa9","twitter_site":"@rassegnastampa9","twitter_misc":{"Scritto da":"Redazione","Tempo di lettura stimato":"8 minuti"},"schema":{"@context":"https:\/\/schema.org","@graph":[{"@type":"Article","@id":"https:\/\/www.rassegnastampa-totustuus.it\/cattolica\/la-contraccezione-non-riduce-gli-aborti\/#article","isPartOf":{"@id":"https:\/\/www.rassegnastampa-totustuus.it\/cattolica\/la-contraccezione-non-riduce-gli-aborti\/"},"author":{"name":"Redazione","@id":"https:\/\/www.rassegnastampa-totustuus.it\/cattolica\/#\/schema\/person\/08f319d2bd1a0904ad9e2bfb7b15e5c3"},"headline":"La contraccezione non riduce gli aborti","datePublished":"2010-12-01T23:00:00+00:00","dateModified":"2016-02-04T13:53:56+00:00","mainEntityOfPage":{"@id":"https:\/\/www.rassegnastampa-totustuus.it\/cattolica\/la-contraccezione-non-riduce-gli-aborti\/"},"wordCount":1565,"publisher":{"@id":"https:\/\/www.rassegnastampa-totustuus.it\/cattolica\/#organization"},"image":{"@id":"https:\/\/www.rassegnastampa-totustuus.it\/cattolica\/la-contraccezione-non-riduce-gli-aborti\/#primaryimage"},"thumbnailUrl":"https:\/\/www.rassegnastampa-totustuus.it\/cattolica\/wp-content\/uploads\/2010\/12\/hiv_aids.jpg","keywords":["contraccezione"],"articleSection":["Aborto"],"inLanguage":"it-IT"},{"@type":"WebPage","@id":"https:\/\/www.rassegnastampa-totustuus.it\/cattolica\/la-contraccezione-non-riduce-gli-aborti\/","url":"https:\/\/www.rassegnastampa-totustuus.it\/cattolica\/la-contraccezione-non-riduce-gli-aborti\/","name":"La contraccezione non riduce gli aborti - Rassegna Stampa Cattolica","isPartOf":{"@id":"https:\/\/www.rassegnastampa-totustuus.it\/cattolica\/#website"},"primaryImageOfPage":{"@id":"https:\/\/www.rassegnastampa-totustuus.it\/cattolica\/la-contraccezione-non-riduce-gli-aborti\/#primaryimage"},"image":{"@id":"https:\/\/www.rassegnastampa-totustuus.it\/cattolica\/la-contraccezione-non-riduce-gli-aborti\/#primaryimage"},"thumbnailUrl":"https:\/\/www.rassegnastampa-totustuus.it\/cattolica\/wp-content\/uploads\/2010\/12\/hiv_aids.jpg","datePublished":"2010-12-01T23:00:00+00:00","dateModified":"2016-02-04T13:53:56+00:00","description":"Rassegna Stampa Cattolica - Per una cultura che nasce dalla Rivelazione cristiana in conformit\u00e0 alla tradizione e al Magistero della Chiesa in opposizione ad ogni relativismo e totalitarismo","breadcrumb":{"@id":"https:\/\/www.rassegnastampa-totustuus.it\/cattolica\/la-contraccezione-non-riduce-gli-aborti\/#breadcrumb"},"inLanguage":"it-IT","potentialAction":[{"@type":"ReadAction","target":["https:\/\/www.rassegnastampa-totustuus.it\/cattolica\/la-contraccezione-non-riduce-gli-aborti\/"]}]},{"@type":"ImageObject","inLanguage":"it-IT","@id":"https:\/\/www.rassegnastampa-totustuus.it\/cattolica\/la-contraccezione-non-riduce-gli-aborti\/#primaryimage","url":"https:\/\/www.rassegnastampa-totustuus.it\/cattolica\/wp-content\/uploads\/2010\/12\/hiv_aids.jpg","contentUrl":"https:\/\/www.rassegnastampa-totustuus.it\/cattolica\/wp-content\/uploads\/2010\/12\/hiv_aids.jpg","width":259,"height":194},{"@type":"BreadcrumbList","@id":"https:\/\/www.rassegnastampa-totustuus.it\/cattolica\/la-contraccezione-non-riduce-gli-aborti\/#breadcrumb","itemListElement":[{"@type":"ListItem","position":1,"name":"Home","item":"https:\/\/www.rassegnastampa-totustuus.it\/cattolica\/"},{"@type":"ListItem","position":2,"name":"La contraccezione non riduce gli aborti"}]},{"@type":"WebSite","@id":"https:\/\/www.rassegnastampa-totustuus.it\/cattolica\/#website","url":"https:\/\/www.rassegnastampa-totustuus.it\/cattolica\/","name":"Rassegna Stampa Cattolica","description":"Per una cultura che nasce dalla Rivelazione cristiana in conformit\u00e0 alla tradizione e al Magistero della Chiesa in opposizione ad ogni relativismo e totalitarismo","publisher":{"@id":"https:\/\/www.rassegnastampa-totustuus.it\/cattolica\/#organization"},"alternateName":"Rass. Cattolica","potentialAction":[{"@type":"SearchAction","target":{"@type":"EntryPoint","urlTemplate":"https:\/\/www.rassegnastampa-totustuus.it\/cattolica\/?s={search_term_string}"},"query-input":{"@type":"PropertyValueSpecification","valueRequired":true,"valueName":"search_term_string"}}],"inLanguage":"it-IT"},{"@type":"Organization","@id":"https:\/\/www.rassegnastampa-totustuus.it\/cattolica\/#organization","name":"Rassegna Stampa Cattolica","url":"https:\/\/www.rassegnastampa-totustuus.it\/cattolica\/","logo":{"@type":"ImageObject","inLanguage":"it-IT","@id":"https:\/\/www.rassegnastampa-totustuus.it\/cattolica\/#\/schema\/logo\/image\/","url":"https:\/\/www.rassegnastampa-totustuus.it\/cattolica\/wp-content\/uploads\/2014\/04\/logo-rassegna1.gif","contentUrl":"https:\/\/www.rassegnastampa-totustuus.it\/cattolica\/wp-content\/uploads\/2014\/04\/logo-rassegna1.gif","width":600,"height":163,"caption":"Rassegna Stampa Cattolica"},"image":{"@id":"https:\/\/www.rassegnastampa-totustuus.it\/cattolica\/#\/schema\/logo\/image\/"},"sameAs":["https:\/\/www.facebook.com\/rassegnastampacattolica","https:\/\/x.com\/rassegnastampa9"]},{"@type":"Person","@id":"https:\/\/www.rassegnastampa-totustuus.it\/cattolica\/#\/schema\/person\/08f319d2bd1a0904ad9e2bfb7b15e5c3","name":"Redazione","image":{"@type":"ImageObject","inLanguage":"it-IT","@id":"https:\/\/secure.gravatar.com\/avatar\/2fcdf27c78ea025fbdb44e914cc63c72249ffec9dc8aafd5c82b26240ef3f346?s=96&d=mm&r=g","url":"https:\/\/secure.gravatar.com\/avatar\/2fcdf27c78ea025fbdb44e914cc63c72249ffec9dc8aafd5c82b26240ef3f346?s=96&d=mm&r=g","contentUrl":"https:\/\/secure.gravatar.com\/avatar\/2fcdf27c78ea025fbdb44e914cc63c72249ffec9dc8aafd5c82b26240ef3f346?s=96&d=mm&r=g","caption":"Redazione"},"url":"https:\/\/www.rassegnastampa-totustuus.it\/cattolica\/author\/pietroelle\/"}]}},"_links":{"self":[{"href":"https:\/\/www.rassegnastampa-totustuus.it\/cattolica\/wp-json\/wp\/v2\/posts\/4252","targetHints":{"allow":["GET"]}}],"collection":[{"href":"https:\/\/www.rassegnastampa-totustuus.it\/cattolica\/wp-json\/wp\/v2\/posts"}],"about":[{"href":"https:\/\/www.rassegnastampa-totustuus.it\/cattolica\/wp-json\/wp\/v2\/types\/post"}],"author":[{"embeddable":true,"href":"https:\/\/www.rassegnastampa-totustuus.it\/cattolica\/wp-json\/wp\/v2\/users\/6"}],"replies":[{"embeddable":true,"href":"https:\/\/www.rassegnastampa-totustuus.it\/cattolica\/wp-json\/wp\/v2\/comments?post=4252"}],"version-history":[{"count":4,"href":"https:\/\/www.rassegnastampa-totustuus.it\/cattolica\/wp-json\/wp\/v2\/posts\/4252\/revisions"}],"predecessor-version":[{"id":30282,"href":"https:\/\/www.rassegnastampa-totustuus.it\/cattolica\/wp-json\/wp\/v2\/posts\/4252\/revisions\/30282"}],"wp:featuredmedia":[{"embeddable":true,"href":"https:\/\/www.rassegnastampa-totustuus.it\/cattolica\/wp-json\/wp\/v2\/media\/30281"}],"wp:attachment":[{"href":"https:\/\/www.rassegnastampa-totustuus.it\/cattolica\/wp-json\/wp\/v2\/media?parent=4252"}],"wp:term":[{"taxonomy":"category","embeddable":true,"href":"https:\/\/www.rassegnastampa-totustuus.it\/cattolica\/wp-json\/wp\/v2\/categories?post=4252"},{"taxonomy":"post_tag","embeddable":true,"href":"https:\/\/www.rassegnastampa-totustuus.it\/cattolica\/wp-json\/wp\/v2\/tags?post=4252"}],"curies":[{"name":"wp","href":"https:\/\/api.w.org\/{rel}","templated":true}]}}