{"id":42403,"date":"2019-03-21T00:00:07","date_gmt":"2019-03-20T23:00:07","guid":{"rendered":"http:\/\/www.rassegnastampa-totustuus.it\/cattolica\/?p=42403"},"modified":"2019-03-21T08:33:24","modified_gmt":"2019-03-21T07:33:24","slug":"beata-hildegard-politica-al-femminile","status":"publish","type":"post","link":"https:\/\/www.rassegnastampa-totustuus.it\/cattolica\/beata-hildegard-politica-al-femminile\/","title":{"rendered":"Beata Hildegard. Politica al femminile"},"content":{"rendered":"<p style=\"text-align: center;\"><a href=\"https:\/\/www.rassegnastampa-totustuus.it\/cattolica\/wp-content\/uploads\/2019\/03\/Hildegard_Freund_Burjan.jpg\"><img loading=\"lazy\" decoding=\"async\" class=\"alignleft wp-image-42405\" src=\"https:\/\/www.rassegnastampa-totustuus.it\/cattolica\/wp-content\/uploads\/2019\/03\/Hildegard_Freund_Burjan.jpg\" alt=\"\" width=\"131\" height=\"200\"><\/a>da <strong>Il Timone<\/strong> n.182 marzo 2019<\/p>\n<p style=\"text-align: justify;\"><em>La prima parlamentare austriaca \u00e8 una beata della Chiesa cattolica. A lei si deve la nascita del welfare state austriaco dopo la sconfitta bellica. Un bell\u2019esempio di donna in politica.<\/em><\/p>\n<p style=\"text-align: center;\">di <strong>Rino Cammilleri<\/strong><\/p>\n<p><!--more--><\/p>\n<p style=\"text-align: justify;\">La prima donna ad essere eletta deputata al parlamento austriaco \u00e8 per la Chiesa una Beata, proclamata tale il 29 gennaio 2012 nella cattedrale di Santo Stefano a Vienna. Si tratta di Hildegard Freund Burjan (1883-1933), Era nata a G\u04e7rlitz, nella Slesia. La citt\u00e0 si trova sul fiume Neisse, in Germania, e dal 1945 in poi fu tagliata in due adlla cosiddetta linea Oder-Neisse (nuovo confine tra tra germania e Polonia), che ne assegn\u00f2 la met\u00e0 ai polacchi, per i quali \u00e8 Zgorzelec. Oggi appartiene al Land della Sassonia e il suo territorio costituisce anche diocesi cattolica.<\/p>\n\n\n<p><strong>Nacque ebrea<\/strong><\/p>\n\n\n<p style=\"text-align: justify;\"><a href=\"https:\/\/www.rassegnastampa-totustuus.it\/cattolica\/wp-content\/uploads\/2015\/03\/ebrei_2.jpg\"><img loading=\"lazy\" decoding=\"async\" class=\"alignright wp-image-22952\" src=\"https:\/\/www.rassegnastampa-totustuus.it\/cattolica\/wp-content\/uploads\/2015\/03\/ebrei_2.jpg\" alt=\"\" width=\"250\" height=\"178\"><\/a>I coniuge Freund, genitori di Hildegard, erano ebrei, lei era la secondogenita. Hildegard comp\u00ec i suoi primi anni di studio a Berlinio, poi li continu\u00f2 in Svizzera, a Zurigo, dove la sua famiglia si era trasferita. Spirito libero e carattere ardente, dimostr\u00f2 subito un animo da suffragetta, interessata alla politica e ai problemi sociali. Con un temperamento cos\u00ec, non poteva starsene con le mani in mano. Infatti, fu una delle prime donne al mondo a frequentare l\u2019universit\u00e0, essendosi iscritta a Zurigo, alla facolt\u00e0 di filosofia e germanistica.<\/p>\n<p style=\"text-align: justify;\">Si addottor\u00f2 nel 1908 <em>summa com laude<\/em>. L\u2019anno precedente si era sposata con l\u2019ingegnere ungherese Alexander Burjan. La coppia si trasfer\u00ec prima a Berlino e, dopo alcuni anni, a Vienna. A Berlino si iscrisse di nuovo all\u2019universit\u00e0, questa volta in sociologia ed economia politica, discipline molto pi\u00f9 vicine ai suoi veri interessi. Ma nel 1909 una brutta malattia la costrinse a uno stop. Una grave affezione renale la port\u00f2 al ricovero in ospedale.<\/p>\n<p style=\"text-align: justify;\"><strong><a href=\"https:\/\/www.rassegnastampa-totustuus.it\/cattolica\/wp-content\/uploads\/2019\/03\/Berlino_1909.jpg\"><img loading=\"lazy\" decoding=\"async\" class=\"wp-image-32923 alignleft\" src=\"https:\/\/www.rassegnastampa-totustuus.it\/cattolica\/wp-content\/uploads\/2019\/03\/Berlino_1909.jpg\" alt=\"\" width=\"250\" height=\"166\"><\/a>Per la sua patologia, a Berlino non c\u2019era di meglio che il nosocomio cattolico tenuto dalle suore. Qui venne sottoposta a intervento chirurgico, il primo di una serie di quattro in pochi mesi. Purtroppo, anzich\u00e9 migliorare peggiorava e neanche le operazioni riuscirono a risolvere granch\u00e9. Si arriv\u00f2 al punto che i medici la davano per spacciata e si preparavano all\u2019ultimo intervento palliativo. Hildegard, di famiglia ebraica, non era nemmeno cristiana; per giunta, le sue idee progressiste la tenevano lontana da qualsiasi forma di religione.<\/strong><\/p>\n\n\n<p><strong>Un miracolo per la vita<\/strong><\/p>\n\n\n\n<p style=\"text-align: justify;\">Ora, non si sa che cosa sia avvenuto, forse l\u2019ambiente l\u2019aveva indirizzata alla preghiera, chiss\u00e0. Sia come sia, di colpo Hildegard si trov\u00f2 guarita, tra lo stupore dei medici. Nessuno, mai pi\u00f9, le tolse dalla testa di essere stata graziata da un miracolo. E un miracolo cattolico. Infatti, uscita con le sue gambe dall\u2019ospedale, chiese il battesimo.<\/p>\n<p style=\"text-align: justify;\"><strong><a href=\"https:\/\/www.rassegnastampa-totustuus.it\/cattolica\/wp-content\/uploads\/2005\/05\/Rerum-novarum.jpg\"><img loading=\"lazy\" decoding=\"async\" class=\"wp-image-32923 alignright\" src=\"https:\/\/www.rassegnastampa-totustuus.it\/cattolica\/wp-content\/uploads\/2005\/05\/Rerum-novarum.jpg\" alt=\"\" width=\"250\" height=\"100\"><\/a>La vita, insperatamente, ricominciava e si poteva di nuovo fare progetti. Lei e il marito si trasferirono, come sappiamo, a Vienna, dove Hildegard rimase incinta. E fu di nuovo in ospedale, anche perch\u00e9 la gravidanza si presentava come fortemente a rischio. Quantunque l\u2019Austria fosse cattolica e non luterana come Berlino, per i medici Hildegard costituiva il classico caso limite : chi salvare, la madre o il figlio? Ma per lei il problema neppure si poneva, si era appena convertita e i convertiti hanno di solito delle convinzioni di ferro. Hildegard rifiut\u00f2 dunque, recisamente di abortire. E fu il secondo miracolo: il bambino nacque vivo e sanissimo (in verit\u00e0 era una bambina, Lisa). E da quel momento Hildegard Freund in Burjan fu tutta per le opere sociali secondo l\u2019insegnamento dell\u2019enciclica <em>Rerum novarum<\/em> di Papa Leone XIII.<\/p>\n<p style=\"text-align: justify;\"><em>Gratia perficit naturam<\/em>, la grazia perfeziona la natura, dice San Tommaso d\u2019Aquino. La di lei naturale inclinazione per la lotta politica, economica e sociale sarebbe approdata, dati i tempi, senz\u2019altro al socialismo se non fosse intervenuta la conversione, che ne indirizz\u00f2 le doti, la cultura e le capacit\u00e0 verso il Regno dei Cieli conquistato tramite il bene del prossimo.<\/p>\n\n\n\n<p><strong>Per le donne<\/strong><\/p>\n\n\n\n<p style=\"text-align: justify;\">Nel 1912 part\u00ec con la creazione dell\u2019Unione cristiana delle lavoratrici a domicilio (<em>Verein Christlicher Heimarbeiterinnen<\/em>), cui segu\u00ec un\u2019associazione che, oltre a combattere il lavoro minorile, forniva assistenza sociale alle operaie in gravidanza. Nel 1918 tutte queste iniziative vennero raggruppate nella Soziale Hilfe, organismo, come diceva il nome, di assistenza sociale.<\/p>\n<p style=\"text-align: justify;\"><strong><a href=\"https:\/\/www.rassegnastampa-totustuus.it\/cattolica\/wp-content\/uploads\/2019\/03\/donne_operaie.jpg\"><img loading=\"lazy\" decoding=\"async\" class=\"wp-image-32923 alignright\" src=\"https:\/\/www.rassegnastampa-totustuus.it\/cattolica\/wp-content\/uploads\/2019\/03\/donne_operaie.jpg\" alt=\"\" width=\"120\" height=\"220\"><\/a>Quando scoppi\u00f2 la Grande Guerra Hildegard apr\u00ec laboratori di cucito per dare lavoro e sussistenza alle donne i cui uomini erano al fronte. nella regione dei Sudeti organizz\u00f2 una rete di assistenza familiare e, per la zona dell\u2019Erzgebige colpita dalla carestia, una raccolta alimentare. Dopo la guerra la dissoluzione dell\u2019impero autroungarico si butt\u00f2 in politica e divenne consigliere municipale a Vienna. Iscritta al partito cristiano-sociale, ne divent\u00f2 in breve vicepresidente. Nel 1919, alle elezioni politiche, entr\u00f2 in parlamento.<\/p>\n<p style=\"text-align: justify;\">Ogni iniziativa legislativa a favore della donna e dei minori fui opera sua. Si batt\u00e8 per l\u2019eguaglianza dei diritti delle donne, per il salario minimo, l\u2019assistenza a quanti svolgevano attivit\u00e0 pericolose. Fu lei, insomma, a porre le basi del <em>welfare<\/em> austriaco e della legislazione, ancora oggi esistente, a favore del lavoro femminile e minorile.<\/p>\n\n\n\n<p><strong>\u201cSedotta dalla Rerum Novarum\u201d<\/strong><\/p>\n\n\n\n<p style=\"text-align: justify;\">Ma alla scatenata Hildegard tutta questa attivit\u00e0 non poteva bastare, la <em>Rerum novarum<\/em> l\u2019aveva sedotta e la dottrina sociale della Chiesa era per lei il faro cui puntare. Il presidente del partito cristiano-sociale era un prete, Ignaz Seipel. Eletto anche lui al parlamento, nel 1922 divenne addirittura cancelliere, cio\u00e8 primo ministro.<\/p>\n<p style=\"text-align: justify;\">La sua abilit\u00e0 riusc\u00ec ad ottenere i prestiti internazionali che permisero all\u2019Austria di uscire dalla gravissima crisi economica e alla rovinosa inflazione dovute alla sconfitta bellica. Nel 1924 sub\u00ec un attentato da parte di elementi socialisti. Ferito, si riprese e torn\u00f2 in carica nel 1926. Ministro dell\u2019interno\u00a0 ad interim nel 1927 svent\u00f2 un\u2019insurrezione comunista. Nel 1930 fu anche ministro degli esteri. Mor\u00ec nel 1932.<\/p>\n<p style=\"text-align: justify;\"><strong><a href=\"https:\/\/www.rassegnastampa-totustuus.it\/cattolica\/wp-content\/uploads\/2019\/03\/suore_carit\u00e0_sociale.jpg\"><img loading=\"lazy\" decoding=\"async\" class=\"wp-image-32923 alignleft\" src=\"https:\/\/www.rassegnastampa-totustuus.it\/cattolica\/wp-content\/uploads\/2019\/03\/suore_carit\u00e0_sociale.jpg\" alt=\"\" width=\"250\" height=\"166\"><\/a>Con lui la Hildegard cre\u00f2 nel 1919 le Suore della <em>Caritas Socialis<\/em>, che oggi gestiscono ostelli per ragazze madri, centri di cura per malati cronici e anziani, nonch\u00e9 malati di Alzheimer e di sclerosi multipla. A Vienna l\u2019ospedale Rennweg, specializzato in cure palliative anche a domicilio, \u00e8 loro. Hildegard Burjan mor\u00ec a Vienna l\u201911 giugno del 1933.<\/p>\n<p style=\"text-align: justify;\">Aveva cinquant\u2019anni e aveva fondato pure una chiesa che aveva affidato alle sue suore. Anche l\u2019altro fondatore, padre Seipel, se n\u2019era andato, l\u2019anno prima, a un\u2019et\u00e0 relativamente giovane, cinquantasei anni. Hildegard Burjan \u00e8 un bell\u2019esempio di quello che pu\u00f2 fare una donna cattolica in politica (sempre che ci sappia fare, naturalmente). Il salvatore dell\u2019Austria smembrata e repubblicanizzata con la forza, poi, era, guarda un po\u2019, un prete.<\/p>\n\n\n\n<p><\/p>\n","protected":false},"excerpt":{"rendered":"<p>da Il Timone n.182 marzo 2019 La prima parlamentare austriaca \u00e8 una beata della Chiesa cattolica. A lei si deve la nascita del welfare state austriaco dopo la sconfitta bellica. Un bell\u2019esempio di donna in politica. di Rino Cammilleri<\/p><p><a class=\"more-link btn\" href=\"https:\/\/www.rassegnastampa-totustuus.it\/cattolica\/beata-hildegard-politica-al-femminile\/\">Continua a leggere<\/a><\/p>\n","protected":false},"author":6,"featured_media":42404,"comment_status":"closed","ping_status":"closed","sticky":false,"template":"","format":"standard","meta":{"footnotes":""},"categories":[11,18,65],"tags":[997,654,2722],"class_list":["post-42403","post","type-post","status-publish","format-standard","has-post-thumbnail","hentry","category-dottrina-sociale","category-personaggi","category-santi","tag-austria","tag-cattolici-in-politica","tag-hildegard-freund-burjan","item-wrap"],"yoast_head":"<!-- This site is optimized with the Yoast SEO plugin v27.5 - https:\/\/yoast.com\/product\/yoast-seo-wordpress\/ -->\n<title>Beata Hildegard. Politica al femminile - Rassegna Stampa Cattolica<\/title>\n<meta name=\"description\" content=\"Rassegna Stampa Cattolica - Per una cultura che nasce dalla Rivelazione cristiana in conformit\u00e0 alla tradizione e al Magistero della Chiesa in opposizione ad ogni relativismo e totalitarismo\" \/>\n<meta name=\"robots\" content=\"index, follow, max-snippet:-1, max-image-preview:large, max-video-preview:-1\" \/>\n<link rel=\"canonical\" href=\"https:\/\/www.rassegnastampa-totustuus.it\/cattolica\/beata-hildegard-politica-al-femminile\/\" \/>\n<meta property=\"og:locale\" content=\"it_IT\" \/>\n<meta property=\"og:type\" content=\"article\" \/>\n<meta property=\"og:title\" content=\"Beata Hildegard. Politica al femminile - Rassegna Stampa Cattolica\" \/>\n<meta property=\"og:description\" content=\"Rassegna Stampa Cattolica - Per una cultura che nasce dalla Rivelazione cristiana in conformit\u00e0 alla tradizione e al Magistero della Chiesa in opposizione ad ogni relativismo e totalitarismo\" \/>\n<meta property=\"og:url\" content=\"https:\/\/www.rassegnastampa-totustuus.it\/cattolica\/beata-hildegard-politica-al-femminile\/\" \/>\n<meta property=\"og:site_name\" content=\"Rassegna Stampa Cattolica\" \/>\n<meta property=\"article:publisher\" content=\"https:\/\/www.facebook.com\/rassegnastampacattolica\" \/>\n<meta property=\"article:published_time\" content=\"2019-03-20T23:00:07+00:00\" \/>\n<meta property=\"article:modified_time\" content=\"2019-03-21T07:33:24+00:00\" \/>\n<meta property=\"og:image\" content=\"https:\/\/www.rassegnastampa-totustuus.it\/cattolica\/wp-content\/uploads\/2019\/03\/Hildegard_Burjan_beatific.jpg\" \/>\n\t<meta property=\"og:image:width\" content=\"2340\" \/>\n\t<meta property=\"og:image:height\" content=\"1550\" \/>\n\t<meta property=\"og:image:type\" content=\"image\/jpeg\" \/>\n<meta name=\"author\" content=\"Redazione\" \/>\n<meta name=\"twitter:card\" content=\"summary_large_image\" \/>\n<meta name=\"twitter:creator\" content=\"@rassegnastampa9\" \/>\n<meta name=\"twitter:site\" content=\"@rassegnastampa9\" \/>\n<meta name=\"twitter:label1\" content=\"Scritto da\" \/>\n\t<meta name=\"twitter:data1\" content=\"Redazione\" \/>\n\t<meta name=\"twitter:label2\" content=\"Tempo di lettura stimato\" \/>\n\t<meta name=\"twitter:data2\" content=\"5 minuti\" \/>\n<script type=\"application\/ld+json\" class=\"yoast-schema-graph\">{\"@context\":\"https:\\\/\\\/schema.org\",\"@graph\":[{\"@type\":\"Article\",\"@id\":\"https:\\\/\\\/www.rassegnastampa-totustuus.it\\\/cattolica\\\/beata-hildegard-politica-al-femminile\\\/#article\",\"isPartOf\":{\"@id\":\"https:\\\/\\\/www.rassegnastampa-totustuus.it\\\/cattolica\\\/beata-hildegard-politica-al-femminile\\\/\"},\"author\":{\"name\":\"Redazione\",\"@id\":\"https:\\\/\\\/www.rassegnastampa-totustuus.it\\\/cattolica\\\/#\\\/schema\\\/person\\\/08f319d2bd1a0904ad9e2bfb7b15e5c3\"},\"headline\":\"Beata Hildegard. Politica al femminile\",\"datePublished\":\"2019-03-20T23:00:07+00:00\",\"dateModified\":\"2019-03-21T07:33:24+00:00\",\"mainEntityOfPage\":{\"@id\":\"https:\\\/\\\/www.rassegnastampa-totustuus.it\\\/cattolica\\\/beata-hildegard-politica-al-femminile\\\/\"},\"wordCount\":1082,\"publisher\":{\"@id\":\"https:\\\/\\\/www.rassegnastampa-totustuus.it\\\/cattolica\\\/#organization\"},\"image\":{\"@id\":\"https:\\\/\\\/www.rassegnastampa-totustuus.it\\\/cattolica\\\/beata-hildegard-politica-al-femminile\\\/#primaryimage\"},\"thumbnailUrl\":\"https:\\\/\\\/www.rassegnastampa-totustuus.it\\\/cattolica\\\/wp-content\\\/uploads\\\/2019\\\/03\\\/Hildegard_Burjan_beatific.jpg\",\"keywords\":[\"Austria\",\"cattolici in politica\",\"Hildegard Freund Burjan\"],\"articleSection\":[\"Dottrina sociale\",\"Personaggi\",\"Santi\"],\"inLanguage\":\"it-IT\"},{\"@type\":\"WebPage\",\"@id\":\"https:\\\/\\\/www.rassegnastampa-totustuus.it\\\/cattolica\\\/beata-hildegard-politica-al-femminile\\\/\",\"url\":\"https:\\\/\\\/www.rassegnastampa-totustuus.it\\\/cattolica\\\/beata-hildegard-politica-al-femminile\\\/\",\"name\":\"Beata Hildegard. Politica al femminile - Rassegna Stampa Cattolica\",\"isPartOf\":{\"@id\":\"https:\\\/\\\/www.rassegnastampa-totustuus.it\\\/cattolica\\\/#website\"},\"primaryImageOfPage\":{\"@id\":\"https:\\\/\\\/www.rassegnastampa-totustuus.it\\\/cattolica\\\/beata-hildegard-politica-al-femminile\\\/#primaryimage\"},\"image\":{\"@id\":\"https:\\\/\\\/www.rassegnastampa-totustuus.it\\\/cattolica\\\/beata-hildegard-politica-al-femminile\\\/#primaryimage\"},\"thumbnailUrl\":\"https:\\\/\\\/www.rassegnastampa-totustuus.it\\\/cattolica\\\/wp-content\\\/uploads\\\/2019\\\/03\\\/Hildegard_Burjan_beatific.jpg\",\"datePublished\":\"2019-03-20T23:00:07+00:00\",\"dateModified\":\"2019-03-21T07:33:24+00:00\",\"description\":\"Rassegna Stampa Cattolica - Per una cultura che nasce dalla Rivelazione cristiana in conformit\u00e0 alla tradizione e al Magistero della Chiesa in opposizione ad ogni relativismo e totalitarismo\",\"breadcrumb\":{\"@id\":\"https:\\\/\\\/www.rassegnastampa-totustuus.it\\\/cattolica\\\/beata-hildegard-politica-al-femminile\\\/#breadcrumb\"},\"inLanguage\":\"it-IT\",\"potentialAction\":[{\"@type\":\"ReadAction\",\"target\":[\"https:\\\/\\\/www.rassegnastampa-totustuus.it\\\/cattolica\\\/beata-hildegard-politica-al-femminile\\\/\"]}]},{\"@type\":\"ImageObject\",\"inLanguage\":\"it-IT\",\"@id\":\"https:\\\/\\\/www.rassegnastampa-totustuus.it\\\/cattolica\\\/beata-hildegard-politica-al-femminile\\\/#primaryimage\",\"url\":\"https:\\\/\\\/www.rassegnastampa-totustuus.it\\\/cattolica\\\/wp-content\\\/uploads\\\/2019\\\/03\\\/Hildegard_Burjan_beatific.jpg\",\"contentUrl\":\"https:\\\/\\\/www.rassegnastampa-totustuus.it\\\/cattolica\\\/wp-content\\\/uploads\\\/2019\\\/03\\\/Hildegard_Burjan_beatific.jpg\",\"width\":2340,\"height\":1550,\"caption\":\"Seligsprechung von Hildegard Burjan mit Kardinal Angelo Amato und Kardinal Christoph Sch\u009anborn\"},{\"@type\":\"BreadcrumbList\",\"@id\":\"https:\\\/\\\/www.rassegnastampa-totustuus.it\\\/cattolica\\\/beata-hildegard-politica-al-femminile\\\/#breadcrumb\",\"itemListElement\":[{\"@type\":\"ListItem\",\"position\":1,\"name\":\"Home\",\"item\":\"https:\\\/\\\/www.rassegnastampa-totustuus.it\\\/cattolica\\\/\"},{\"@type\":\"ListItem\",\"position\":2,\"name\":\"Beata Hildegard. Politica al femminile\"}]},{\"@type\":\"WebSite\",\"@id\":\"https:\\\/\\\/www.rassegnastampa-totustuus.it\\\/cattolica\\\/#website\",\"url\":\"https:\\\/\\\/www.rassegnastampa-totustuus.it\\\/cattolica\\\/\",\"name\":\"Rassegna Stampa Cattolica\",\"description\":\"Per una cultura che nasce dalla Rivelazione cristiana in conformit\u00e0 alla tradizione e al Magistero della Chiesa in opposizione ad ogni relativismo e totalitarismo\",\"publisher\":{\"@id\":\"https:\\\/\\\/www.rassegnastampa-totustuus.it\\\/cattolica\\\/#organization\"},\"alternateName\":\"Rass. Cattolica\",\"potentialAction\":[{\"@type\":\"SearchAction\",\"target\":{\"@type\":\"EntryPoint\",\"urlTemplate\":\"https:\\\/\\\/www.rassegnastampa-totustuus.it\\\/cattolica\\\/?s={search_term_string}\"},\"query-input\":{\"@type\":\"PropertyValueSpecification\",\"valueRequired\":true,\"valueName\":\"search_term_string\"}}],\"inLanguage\":\"it-IT\"},{\"@type\":\"Organization\",\"@id\":\"https:\\\/\\\/www.rassegnastampa-totustuus.it\\\/cattolica\\\/#organization\",\"name\":\"Rassegna Stampa Cattolica\",\"url\":\"https:\\\/\\\/www.rassegnastampa-totustuus.it\\\/cattolica\\\/\",\"logo\":{\"@type\":\"ImageObject\",\"inLanguage\":\"it-IT\",\"@id\":\"https:\\\/\\\/www.rassegnastampa-totustuus.it\\\/cattolica\\\/#\\\/schema\\\/logo\\\/image\\\/\",\"url\":\"https:\\\/\\\/www.rassegnastampa-totustuus.it\\\/cattolica\\\/wp-content\\\/uploads\\\/2014\\\/04\\\/logo-rassegna1.gif\",\"contentUrl\":\"https:\\\/\\\/www.rassegnastampa-totustuus.it\\\/cattolica\\\/wp-content\\\/uploads\\\/2014\\\/04\\\/logo-rassegna1.gif\",\"width\":600,\"height\":163,\"caption\":\"Rassegna Stampa Cattolica\"},\"image\":{\"@id\":\"https:\\\/\\\/www.rassegnastampa-totustuus.it\\\/cattolica\\\/#\\\/schema\\\/logo\\\/image\\\/\"},\"sameAs\":[\"https:\\\/\\\/www.facebook.com\\\/rassegnastampacattolica\",\"https:\\\/\\\/x.com\\\/rassegnastampa9\"]},{\"@type\":\"Person\",\"@id\":\"https:\\\/\\\/www.rassegnastampa-totustuus.it\\\/cattolica\\\/#\\\/schema\\\/person\\\/08f319d2bd1a0904ad9e2bfb7b15e5c3\",\"name\":\"Redazione\",\"image\":{\"@type\":\"ImageObject\",\"inLanguage\":\"it-IT\",\"@id\":\"https:\\\/\\\/secure.gravatar.com\\\/avatar\\\/2fcdf27c78ea025fbdb44e914cc63c72249ffec9dc8aafd5c82b26240ef3f346?s=96&d=mm&r=g\",\"url\":\"https:\\\/\\\/secure.gravatar.com\\\/avatar\\\/2fcdf27c78ea025fbdb44e914cc63c72249ffec9dc8aafd5c82b26240ef3f346?s=96&d=mm&r=g\",\"contentUrl\":\"https:\\\/\\\/secure.gravatar.com\\\/avatar\\\/2fcdf27c78ea025fbdb44e914cc63c72249ffec9dc8aafd5c82b26240ef3f346?s=96&d=mm&r=g\",\"caption\":\"Redazione\"},\"url\":\"https:\\\/\\\/www.rassegnastampa-totustuus.it\\\/cattolica\\\/author\\\/pietroelle\\\/\"}]}<\/script>\n<!-- \/ Yoast SEO plugin. -->","yoast_head_json":{"title":"Beata Hildegard. Politica al femminile - Rassegna Stampa Cattolica","description":"Rassegna Stampa Cattolica - Per una cultura che nasce dalla Rivelazione cristiana in conformit\u00e0 alla tradizione e al Magistero della Chiesa in opposizione ad ogni relativismo e totalitarismo","robots":{"index":"index","follow":"follow","max-snippet":"max-snippet:-1","max-image-preview":"max-image-preview:large","max-video-preview":"max-video-preview:-1"},"canonical":"https:\/\/www.rassegnastampa-totustuus.it\/cattolica\/beata-hildegard-politica-al-femminile\/","og_locale":"it_IT","og_type":"article","og_title":"Beata Hildegard. Politica al femminile - Rassegna Stampa Cattolica","og_description":"Rassegna Stampa Cattolica - Per una cultura che nasce dalla Rivelazione cristiana in conformit\u00e0 alla tradizione e al Magistero della Chiesa in opposizione ad ogni relativismo e totalitarismo","og_url":"https:\/\/www.rassegnastampa-totustuus.it\/cattolica\/beata-hildegard-politica-al-femminile\/","og_site_name":"Rassegna Stampa Cattolica","article_publisher":"https:\/\/www.facebook.com\/rassegnastampacattolica","article_published_time":"2019-03-20T23:00:07+00:00","article_modified_time":"2019-03-21T07:33:24+00:00","og_image":[{"width":2340,"height":1550,"url":"https:\/\/www.rassegnastampa-totustuus.it\/cattolica\/wp-content\/uploads\/2019\/03\/Hildegard_Burjan_beatific.jpg","type":"image\/jpeg"}],"author":"Redazione","twitter_card":"summary_large_image","twitter_creator":"@rassegnastampa9","twitter_site":"@rassegnastampa9","twitter_misc":{"Scritto da":"Redazione","Tempo di lettura stimato":"5 minuti"},"schema":{"@context":"https:\/\/schema.org","@graph":[{"@type":"Article","@id":"https:\/\/www.rassegnastampa-totustuus.it\/cattolica\/beata-hildegard-politica-al-femminile\/#article","isPartOf":{"@id":"https:\/\/www.rassegnastampa-totustuus.it\/cattolica\/beata-hildegard-politica-al-femminile\/"},"author":{"name":"Redazione","@id":"https:\/\/www.rassegnastampa-totustuus.it\/cattolica\/#\/schema\/person\/08f319d2bd1a0904ad9e2bfb7b15e5c3"},"headline":"Beata Hildegard. Politica al femminile","datePublished":"2019-03-20T23:00:07+00:00","dateModified":"2019-03-21T07:33:24+00:00","mainEntityOfPage":{"@id":"https:\/\/www.rassegnastampa-totustuus.it\/cattolica\/beata-hildegard-politica-al-femminile\/"},"wordCount":1082,"publisher":{"@id":"https:\/\/www.rassegnastampa-totustuus.it\/cattolica\/#organization"},"image":{"@id":"https:\/\/www.rassegnastampa-totustuus.it\/cattolica\/beata-hildegard-politica-al-femminile\/#primaryimage"},"thumbnailUrl":"https:\/\/www.rassegnastampa-totustuus.it\/cattolica\/wp-content\/uploads\/2019\/03\/Hildegard_Burjan_beatific.jpg","keywords":["Austria","cattolici in politica","Hildegard Freund Burjan"],"articleSection":["Dottrina sociale","Personaggi","Santi"],"inLanguage":"it-IT"},{"@type":"WebPage","@id":"https:\/\/www.rassegnastampa-totustuus.it\/cattolica\/beata-hildegard-politica-al-femminile\/","url":"https:\/\/www.rassegnastampa-totustuus.it\/cattolica\/beata-hildegard-politica-al-femminile\/","name":"Beata Hildegard. Politica al femminile - Rassegna Stampa Cattolica","isPartOf":{"@id":"https:\/\/www.rassegnastampa-totustuus.it\/cattolica\/#website"},"primaryImageOfPage":{"@id":"https:\/\/www.rassegnastampa-totustuus.it\/cattolica\/beata-hildegard-politica-al-femminile\/#primaryimage"},"image":{"@id":"https:\/\/www.rassegnastampa-totustuus.it\/cattolica\/beata-hildegard-politica-al-femminile\/#primaryimage"},"thumbnailUrl":"https:\/\/www.rassegnastampa-totustuus.it\/cattolica\/wp-content\/uploads\/2019\/03\/Hildegard_Burjan_beatific.jpg","datePublished":"2019-03-20T23:00:07+00:00","dateModified":"2019-03-21T07:33:24+00:00","description":"Rassegna Stampa Cattolica - Per una cultura che nasce dalla Rivelazione cristiana in conformit\u00e0 alla tradizione e al Magistero della Chiesa in opposizione ad ogni relativismo e totalitarismo","breadcrumb":{"@id":"https:\/\/www.rassegnastampa-totustuus.it\/cattolica\/beata-hildegard-politica-al-femminile\/#breadcrumb"},"inLanguage":"it-IT","potentialAction":[{"@type":"ReadAction","target":["https:\/\/www.rassegnastampa-totustuus.it\/cattolica\/beata-hildegard-politica-al-femminile\/"]}]},{"@type":"ImageObject","inLanguage":"it-IT","@id":"https:\/\/www.rassegnastampa-totustuus.it\/cattolica\/beata-hildegard-politica-al-femminile\/#primaryimage","url":"https:\/\/www.rassegnastampa-totustuus.it\/cattolica\/wp-content\/uploads\/2019\/03\/Hildegard_Burjan_beatific.jpg","contentUrl":"https:\/\/www.rassegnastampa-totustuus.it\/cattolica\/wp-content\/uploads\/2019\/03\/Hildegard_Burjan_beatific.jpg","width":2340,"height":1550,"caption":"Seligsprechung von Hildegard Burjan mit Kardinal Angelo Amato und Kardinal Christoph Sch\u009anborn"},{"@type":"BreadcrumbList","@id":"https:\/\/www.rassegnastampa-totustuus.it\/cattolica\/beata-hildegard-politica-al-femminile\/#breadcrumb","itemListElement":[{"@type":"ListItem","position":1,"name":"Home","item":"https:\/\/www.rassegnastampa-totustuus.it\/cattolica\/"},{"@type":"ListItem","position":2,"name":"Beata Hildegard. Politica al femminile"}]},{"@type":"WebSite","@id":"https:\/\/www.rassegnastampa-totustuus.it\/cattolica\/#website","url":"https:\/\/www.rassegnastampa-totustuus.it\/cattolica\/","name":"Rassegna Stampa Cattolica","description":"Per una cultura che nasce dalla Rivelazione cristiana in conformit\u00e0 alla tradizione e al Magistero della Chiesa in opposizione ad ogni relativismo e totalitarismo","publisher":{"@id":"https:\/\/www.rassegnastampa-totustuus.it\/cattolica\/#organization"},"alternateName":"Rass. Cattolica","potentialAction":[{"@type":"SearchAction","target":{"@type":"EntryPoint","urlTemplate":"https:\/\/www.rassegnastampa-totustuus.it\/cattolica\/?s={search_term_string}"},"query-input":{"@type":"PropertyValueSpecification","valueRequired":true,"valueName":"search_term_string"}}],"inLanguage":"it-IT"},{"@type":"Organization","@id":"https:\/\/www.rassegnastampa-totustuus.it\/cattolica\/#organization","name":"Rassegna Stampa Cattolica","url":"https:\/\/www.rassegnastampa-totustuus.it\/cattolica\/","logo":{"@type":"ImageObject","inLanguage":"it-IT","@id":"https:\/\/www.rassegnastampa-totustuus.it\/cattolica\/#\/schema\/logo\/image\/","url":"https:\/\/www.rassegnastampa-totustuus.it\/cattolica\/wp-content\/uploads\/2014\/04\/logo-rassegna1.gif","contentUrl":"https:\/\/www.rassegnastampa-totustuus.it\/cattolica\/wp-content\/uploads\/2014\/04\/logo-rassegna1.gif","width":600,"height":163,"caption":"Rassegna Stampa Cattolica"},"image":{"@id":"https:\/\/www.rassegnastampa-totustuus.it\/cattolica\/#\/schema\/logo\/image\/"},"sameAs":["https:\/\/www.facebook.com\/rassegnastampacattolica","https:\/\/x.com\/rassegnastampa9"]},{"@type":"Person","@id":"https:\/\/www.rassegnastampa-totustuus.it\/cattolica\/#\/schema\/person\/08f319d2bd1a0904ad9e2bfb7b15e5c3","name":"Redazione","image":{"@type":"ImageObject","inLanguage":"it-IT","@id":"https:\/\/secure.gravatar.com\/avatar\/2fcdf27c78ea025fbdb44e914cc63c72249ffec9dc8aafd5c82b26240ef3f346?s=96&d=mm&r=g","url":"https:\/\/secure.gravatar.com\/avatar\/2fcdf27c78ea025fbdb44e914cc63c72249ffec9dc8aafd5c82b26240ef3f346?s=96&d=mm&r=g","contentUrl":"https:\/\/secure.gravatar.com\/avatar\/2fcdf27c78ea025fbdb44e914cc63c72249ffec9dc8aafd5c82b26240ef3f346?s=96&d=mm&r=g","caption":"Redazione"},"url":"https:\/\/www.rassegnastampa-totustuus.it\/cattolica\/author\/pietroelle\/"}]}},"_links":{"self":[{"href":"https:\/\/www.rassegnastampa-totustuus.it\/cattolica\/wp-json\/wp\/v2\/posts\/42403","targetHints":{"allow":["GET"]}}],"collection":[{"href":"https:\/\/www.rassegnastampa-totustuus.it\/cattolica\/wp-json\/wp\/v2\/posts"}],"about":[{"href":"https:\/\/www.rassegnastampa-totustuus.it\/cattolica\/wp-json\/wp\/v2\/types\/post"}],"author":[{"embeddable":true,"href":"https:\/\/www.rassegnastampa-totustuus.it\/cattolica\/wp-json\/wp\/v2\/users\/6"}],"replies":[{"embeddable":true,"href":"https:\/\/www.rassegnastampa-totustuus.it\/cattolica\/wp-json\/wp\/v2\/comments?post=42403"}],"version-history":[{"count":10,"href":"https:\/\/www.rassegnastampa-totustuus.it\/cattolica\/wp-json\/wp\/v2\/posts\/42403\/revisions"}],"predecessor-version":[{"id":42474,"href":"https:\/\/www.rassegnastampa-totustuus.it\/cattolica\/wp-json\/wp\/v2\/posts\/42403\/revisions\/42474"}],"wp:featuredmedia":[{"embeddable":true,"href":"https:\/\/www.rassegnastampa-totustuus.it\/cattolica\/wp-json\/wp\/v2\/media\/42404"}],"wp:attachment":[{"href":"https:\/\/www.rassegnastampa-totustuus.it\/cattolica\/wp-json\/wp\/v2\/media?parent=42403"}],"wp:term":[{"taxonomy":"category","embeddable":true,"href":"https:\/\/www.rassegnastampa-totustuus.it\/cattolica\/wp-json\/wp\/v2\/categories?post=42403"},{"taxonomy":"post_tag","embeddable":true,"href":"https:\/\/www.rassegnastampa-totustuus.it\/cattolica\/wp-json\/wp\/v2\/tags?post=42403"}],"curies":[{"name":"wp","href":"https:\/\/api.w.org\/{rel}","templated":true}]}}