{"id":42294,"date":"2019-03-21T00:00:14","date_gmt":"2019-03-20T23:00:14","guid":{"rendered":"http:\/\/www.rassegnastampa-totustuus.it\/cattolica\/?p=42294"},"modified":"2019-03-21T09:49:47","modified_gmt":"2019-03-21T08:49:47","slug":"aristotele-non-solo-gli-arabi","status":"publish","type":"post","link":"https:\/\/www.rassegnastampa-totustuus.it\/cattolica\/aristotele-non-solo-gli-arabi\/","title":{"rendered":"Aristotele non solo gli arabi"},"content":{"rendered":"<p><a href=\"https:\/\/www.rassegnastampa-totustuus.it\/cattolica\/wp-content\/uploads\/2019\/03\/aristotele.jpeg\"><img loading=\"lazy\" decoding=\"async\" class=\"wp-image-32923 alignright\" <img loading=\"lazy\" decoding=\"async\" class=\"size-medium wp-image-42347\" src=\"https:\/\/www.rassegnastampa-totustuus.it\/cattolica\/wp-content\/uploads\/2019\/03\/aristotele-240x300.jpeg\" alt=\"\" width=\"140\" height=\"200\"><\/a><\/p>\n<p style=\"text-align: center;\">da <strong><a href=\"http:\/\/www.iltimone.org\/abbonati\/\" target=\"_blank\" rel=\"noopener noreferrer\">Il Timone<\/a> <\/strong>n.180 Gennaio 2019<\/p>\n<p style=\"text-align: justify;\"><em>Si racconta che gli Arabi furono i primi a far conoscere all\u2019Europa cristiana le opere di Aristotele. In realt\u00e0 i testi dello Stagirita erano gi\u00e0 conosciuti in Occidente.<\/em><\/p>\n<p style=\"text-align: center;\">di <strong>Marco Di Matteo<\/strong><\/p>\n<p><!--more--><\/p>\n<p style=\"text-align: justify;\">Un mito da sfatare \u00e8 quello secondo cui i testi di Aristotele sarebbero stati introdotti in Occidente grazie alle versioni dall\u2019arabo e solo in un secondo tempo sarebbero stati tradotti direttamente dal greco.<\/p>\n<p style=\"text-align: justify;\"><strong>Aristotele mai dimenticato\u2026<\/strong><\/p>\n<p style=\"text-align: justify;\">In realt\u00e0 l\u2019opera di traduzione e di assimilazione dei testi aristotelici in Occidente ebbe inizio gi\u00e0 nel V secolo con Boezio e fu ripresa con grande fervore tra XI e XIII secolo. Boezio concep\u00ec l\u2019ambizioso progetto di tradurre tutto Aristotele, ma riusc\u00ec a tradurre solo i testi di logica. Nei secoli successivi, in pieno Alto Medioevo, circoleranno in Occidente numerosi manoscritti greci antichi e molti studiosi saranno in grado di leggerli. Nel VI secolo il vescovo Gregorio di Agrigento si adoper\u00f2 per conservare e trasmettere alcune opere di Aristotele. Pipino il Breve (714-768) si fece spedire da Papa Paolo I la <em>Retorica<\/em> di Aristotele e altri testi greci, preparando la rinascita culturale dell\u2019et\u00e0 carolingia.<\/p>\n<p style=\"text-align: justify;\"><a href=\"https:\/\/www.rassegnastampa-totustuus.it\/cattolica\/wp-content\/uploads\/2019\/03\/medioevo_amanuensi.jpg\"><img loading=\"lazy\" decoding=\"async\" class=\"alignright wp-image-42296\" src=\"https:\/\/www.rassegnastampa-totustuus.it\/cattolica\/wp-content\/uploads\/2019\/03\/medioevo_amanuensi.jpg\" alt=\"\" width=\"250\" height=\"183\"><\/a>Nell\u2019XI secolo il problema della <em>penuria librorum<\/em> (mancanza di libri) fu rilanciato da Alfano di Salerno, che inaugur\u00f2 un\u2019epoca di appassionata e inesausta ricerca di testi antichi. &nbsp;I primi vivai di traduttori, anteriori alla Scuola di Toledo (cfr. box), furono Antiochia di Siria e l\u2019abbazia di Mont Saint-Michel in Normandia. &nbsp;Ad Antiochia, soprattutto a partire dalla fine dell\u2019XI secolo, numerosi studiosi latini provenienti dall\u2019Europa si dedicarono alle traduzioni dal greco.<\/p>\n<p style=\"text-align: justify;\"><strong>Mont Saint-Michel, Giacomo Veneto e i grandi traduttori<\/strong><\/p>\n<p style=\"text-align: justify;\">Presso l\u2019abbazia di Mont Saint-Michel, nella prima met\u00e0 del XII secolo, le opere di Aristotele furono tradotte dal greco in latino da numerosi eruditi, che furono i pionieri della diffusione della filosofia aristotelica in Europa, non limitandosi a tradurre, ma cimentandosi anche nei primi commenti.<\/p>\n<p style=\"text-align: justify;\">Tra loro spicca il nome di un certo Giacomo Veneto, un chierico di origine italiana, che visse a Costantinopoli e poi lavor\u00f2 a Mont Saint-Michel.&nbsp; Egli \u00e8 il vero anello mancante nella storia della trasmissione della filosofia aristotelica dal mondo greco a quello latino. Cominci\u00f2 il suo lavoro prima del 1127 e prosegu\u00ec fino alla morte, avvenuta verso il 1150. Concentr\u00f2 la sua attenzione soprattutto sui <em>libri naturales<\/em> e la <em>Metafisica<\/em>, ossia sulle opere aristoteliche che mancavano allora in Europa e la cui riscoperta costitu\u00ec la base dello sviluppo filosofico-scientifico del mondo latino. Le sue traduzioni circolarono in tutta Europa: quella della <em>Fisica<\/em> fu probabilmente utilizzata a Salerno dal Maestro Bartolomeo negli anni 1150-1160, poi da altri due medici della Scuola Medica Salernitana, Urso da Lodi e Mauro, verso il 1170.<\/p>\n<p style=\"text-align: justify;\"><a href=\"https:\/\/www.rassegnastampa-totustuus.it\/cattolica\/wp-content\/uploads\/2005\/05\/filosofia_araba.jpg\"><img loading=\"lazy\" decoding=\"async\" class=\"alignleft wp-image-32415\" src=\"https:\/\/www.rassegnastampa-totustuus.it\/cattolica\/wp-content\/uploads\/2005\/05\/filosofia_araba.jpg\" alt=\"\" width=\"200\" height=\"200\" srcset=\"https:\/\/www.rassegnastampa-totustuus.it\/cattolica\/wp-content\/uploads\/2005\/05\/filosofia_araba.jpg 225w, https:\/\/www.rassegnastampa-totustuus.it\/cattolica\/wp-content\/uploads\/2005\/05\/filosofia_araba-150x150.jpg 150w\" sizes=\"auto, (max-width: 200px) 100vw, 200px\" \/><\/a>Giacomo Veneto non fu il solo a tradurre le opere dello Stagirita. Nello stesso periodo la<em> Fisica<\/em> fu oggetto di un\u2019altra traduzione, la cosiddetta <em>Translatio Vaticana<\/em> (conservata nella Biblioteca Vaticana). Questo dimostra che la curia pontificia fu un centro di studi del pensiero di Aristotele gi\u00e0 nel XII secolo.<\/p>\n<p style=\"text-align: justify;\">Nello stesso periodo, gli <em>Analitici secondi<\/em> furono ritradotti direttamente dal greco da un tale Giovanni. Della <em>Metafisica <\/em>conosciamo altre due traduzioni dal greco risalenti alla met\u00e0 del XII secolo, una chiamata dagli specialisti <em>media<\/em> o <em>anonyma<\/em>, l\u2019altra <em>composita<\/em>. Sempre nel XII secolo l\u2019inglese Giovanni di Salisbury, vescovo e teologo, nel suo <em>Metalogicon<\/em>, redatto nel 1159, citer\u00e0 tutti i testi di logica di Aristotele, utilizzando quindi le traduzioni gi\u00e0 circolanti.<\/p>\n<p style=\"text-align: justify;\">Questi esempi dimostrano che intorno alla met\u00e0 del XII secolo, nella Francia settentrionale e in Inghilterra, prese il via un ampio lavoro di traduzione delle opere filosofiche e scientifiche dello Stagirita, incoraggiato da mecenati e lettori che costituivano un fervido ambiente di teologi e filosofi cultori del <em>logos<\/em> greco.<\/p>\n<p style=\"text-align: justify;\"><a href=\"https:\/\/www.rassegnastampa-totustuus.it\/cattolica\/wp-content\/uploads\/2005\/05\/Aristotele.jpg\"><img loading=\"lazy\" decoding=\"async\" class=\"alignright wp-image-32392\" src=\"https:\/\/www.rassegnastampa-totustuus.it\/cattolica\/wp-content\/uploads\/2005\/05\/Aristotele.jpg\" alt=\"\" width=\"230\" height=\"200\"><\/a>Il secolo XIII conoscer\u00e0 altri due grandi filosofi e traduttori: Roberto Grossatesta, maestro di teologia ad Oxford e vescovo di Lincoln, che appronter\u00e0 la prima versione latina dell\u2019<em>Etica Nicomachea <\/em>(rifiuta dagli arabo-islamici per motivi confessionali), e il domenicano Guglielmo di Moerbeke. Quest\u2019ultimo, su incarico di san Tommaso d\u2019Aquino, riprender\u00e0 il lavoro di traduzione e di revisione dell\u2019intero <em>corpus aristotelicum<\/em>, comprese la <em>Politica<\/em> (anch\u2019essa censurata dagli studiosi arabi) e la <em>Poetica<\/em>. Inoltre i Papi, nonostante le temporanee proibizioni dei <em>libri naturales<\/em> di Aristotele (riguardanti solo l\u2019uso didattico di tali testi nelle universit\u00e0, ma non lo studio personale e la citazione dei passi), daranno appoggio e protezione a traduttori come Davide di Dinant e Michele Scoto.<\/p>\n<p style=\"text-align: justify;\">Questo rapido quadro mostra come lo straordinario <em>revival<\/em> aristotelico verificatosi nell\u2019Europa cristiana bassomedievale fosse il risultato di una scelta programmatica. Da allora, per l\u2019Occidente, Aristotele diventer\u00e0, come dice Dante, lo \u201cmaestro di color che sanno\u201d.<\/p>\n<p style=\"text-align: center;\">___________________<\/p>\n<p style=\"text-align: center;\"><strong>La Scuola di Toledo<\/strong><\/p>\n<p style=\"text-align: justify;\">A partire dal VI secolo, nella Siria appena conquistata dai Persiani, eruditi perlopi\u00f9 cristiani provvidero a tradurre dal greco in siriaco le opere dei filosofi greci.<\/p>\n<p style=\"text-align: justify;\"><a href=\"https:\/\/www.rassegnastampa-totustuus.it\/cattolica\/wp-content\/uploads\/2009\/03\/scienza-araba.jpg\"><img loading=\"lazy\" decoding=\"async\" class=\"alignleft wp-image-26692\" src=\"https:\/\/www.rassegnastampa-totustuus.it\/cattolica\/wp-content\/uploads\/2009\/03\/scienza-araba.jpg\" alt=\"\" width=\"240\" height=\"191\"><\/a>Nel IX secolo, sotto il califfato degli Abbasidi, a Baghdad, presso la \u201cCasa della Sapienza\u201d, vari studiosi furono incaricati di tradurre dal siriaco (e anche direttamente dal greco) all\u2019arabo le opere dei filosofi greci. Quasi tutti i traduttori, per\u00f2, non erano musulmani, ma <em>dhimmi<\/em> cristiani, come Hunayn ibn IShaq (809-873) o Yahya ibn\u2019 Adi (893-974). Nel XII secolo, nella citt\u00e0 di Toledo, sottratta agli Arabi dal re cristiano del Leon gi\u00e0 dal 1085, il vescovo Raimondo di Sauvetat inaugur\u00f2 un vero e proprio centro di traduzioni dall\u2019arabo in castigliano e in latino. I principali traduttori furono l\u2019ebreo Giovanni Ispano e il cristiano Domenico Gundisalvi (quindi non arabi).<\/p>\n<p style=\"text-align: justify;\">La loro opera fu proseguita nella seconda met\u00e0 del secolo dal chierico Gerardo da Cremona. Sempre a Toledo, nel XIII secolo, oper\u00f2 un altro eccellente traduttore, l\u2019ecclesiastico di origine scozzese Michele Scoto, che continuer\u00e0 il suo lavoro presso la corte di Federico II a Palermo, altro importante centro di traduzioni dal greco e dall\u2019arabo in latino. Questi esempi mostrano che, a svolgere una funzione di mediazione, non fu tanto la cultura islamica, quanto la lingua araba (tra l\u2019altro preesistente all\u2019Islam), conosciuta anche da molti europei. Gli stessi grandi filosofi arabo-islamici Avicenna e Averro\u00e8, per la loro impostazione \u201crazionalistica\u201d, non furono mai accettati dal mondo islamico, tant\u2019\u00e8 che le loro opere vennero bruciate e i loro seguaci perseguitati.<\/p>\n<p style=\"text-align: justify;\"><strong>Per saperne di pi\u00f9\u2026<\/strong><\/p>\n<p style=\"text-align: justify;\">L. Bianchi, <em>La ricezione di Aristotele e gli &#8216;aristotelismi&#8217; del XIII secolo<\/em> (reperibile online).<\/p>\n<p style=\"text-align: justify;\">S. Gouguenheim, <em>Aristotele contro Averro\u00e8<\/em>, Rizzoli, 2009.<\/p>\n","protected":false},"excerpt":{"rendered":"","protected":false},"author":6,"featured_media":42347,"comment_status":"closed","ping_status":"closed","sticky":false,"template":"","format":"standard","meta":{"footnotes":""},"categories":[16,91,24],"tags":[608],"class_list":["post-42294","post","type-post","status-publish","format-standard","has-post-thumbnail","hentry","category-islam","category-medioevo","category-storia","tag-aristotele","item-wrap"],"yoast_head":"<!-- This site is optimized with the Yoast SEO plugin v27.5 - https:\/\/yoast.com\/product\/yoast-seo-wordpress\/ -->\n<title>Aristotele non solo gli arabi - Rassegna Stampa Cattolica<\/title>\n<meta name=\"description\" content=\"Rassegna Stampa Cattolica - Per una cultura che nasce dalla Rivelazione cristiana in conformit\u00e0 alla tradizione e al Magistero della Chiesa in opposizione ad ogni relativismo e totalitarismo\" \/>\n<meta name=\"robots\" content=\"index, follow, max-snippet:-1, max-image-preview:large, max-video-preview:-1\" \/>\n<link rel=\"canonical\" href=\"https:\/\/www.rassegnastampa-totustuus.it\/cattolica\/aristotele-non-solo-gli-arabi\/\" \/>\n<meta property=\"og:locale\" content=\"it_IT\" \/>\n<meta property=\"og:type\" content=\"article\" \/>\n<meta property=\"og:title\" content=\"Aristotele non solo gli arabi - Rassegna Stampa Cattolica\" \/>\n<meta property=\"og:description\" content=\"Rassegna Stampa Cattolica - Per una cultura che nasce dalla Rivelazione cristiana in conformit\u00e0 alla tradizione e al Magistero della Chiesa in opposizione ad ogni relativismo e totalitarismo\" \/>\n<meta property=\"og:url\" content=\"https:\/\/www.rassegnastampa-totustuus.it\/cattolica\/aristotele-non-solo-gli-arabi\/\" \/>\n<meta property=\"og:site_name\" content=\"Rassegna Stampa Cattolica\" \/>\n<meta property=\"article:publisher\" content=\"https:\/\/www.facebook.com\/rassegnastampacattolica\" \/>\n<meta property=\"article:published_time\" content=\"2019-03-20T23:00:14+00:00\" \/>\n<meta property=\"article:modified_time\" content=\"2019-03-21T08:49:47+00:00\" \/>\n<meta property=\"og:image\" content=\"https:\/\/www.rassegnastampa-totustuus.it\/cattolica\/wp-content\/uploads\/2019\/03\/aristotele.jpeg\" \/>\n\t<meta property=\"og:image:width\" content=\"2796\" \/>\n\t<meta property=\"og:image:height\" content=\"3496\" \/>\n\t<meta property=\"og:image:type\" content=\"image\/jpeg\" \/>\n<meta name=\"author\" content=\"Redazione\" \/>\n<meta name=\"twitter:card\" content=\"summary_large_image\" \/>\n<meta name=\"twitter:creator\" content=\"@rassegnastampa9\" \/>\n<meta name=\"twitter:site\" content=\"@rassegnastampa9\" \/>\n<meta name=\"twitter:label1\" content=\"Scritto da\" \/>\n\t<meta name=\"twitter:data1\" content=\"Redazione\" \/>\n<script type=\"application\/ld+json\" class=\"yoast-schema-graph\">{\"@context\":\"https:\\\/\\\/schema.org\",\"@graph\":[{\"@type\":\"Article\",\"@id\":\"https:\\\/\\\/www.rassegnastampa-totustuus.it\\\/cattolica\\\/aristotele-non-solo-gli-arabi\\\/#article\",\"isPartOf\":{\"@id\":\"https:\\\/\\\/www.rassegnastampa-totustuus.it\\\/cattolica\\\/aristotele-non-solo-gli-arabi\\\/\"},\"author\":{\"name\":\"Redazione\",\"@id\":\"https:\\\/\\\/www.rassegnastampa-totustuus.it\\\/cattolica\\\/#\\\/schema\\\/person\\\/08f319d2bd1a0904ad9e2bfb7b15e5c3\"},\"headline\":\"Aristotele non solo gli arabi\",\"datePublished\":\"2019-03-20T23:00:14+00:00\",\"dateModified\":\"2019-03-21T08:49:47+00:00\",\"mainEntityOfPage\":{\"@id\":\"https:\\\/\\\/www.rassegnastampa-totustuus.it\\\/cattolica\\\/aristotele-non-solo-gli-arabi\\\/\"},\"wordCount\":5,\"publisher\":{\"@id\":\"https:\\\/\\\/www.rassegnastampa-totustuus.it\\\/cattolica\\\/#organization\"},\"image\":{\"@id\":\"https:\\\/\\\/www.rassegnastampa-totustuus.it\\\/cattolica\\\/aristotele-non-solo-gli-arabi\\\/#primaryimage\"},\"thumbnailUrl\":\"https:\\\/\\\/www.rassegnastampa-totustuus.it\\\/cattolica\\\/wp-content\\\/uploads\\\/2019\\\/03\\\/aristotele.jpeg\",\"keywords\":[\"Aristotele\"],\"articleSection\":[\"Islam\",\"Medioevo\",\"Storia\"],\"inLanguage\":\"it-IT\"},{\"@type\":\"WebPage\",\"@id\":\"https:\\\/\\\/www.rassegnastampa-totustuus.it\\\/cattolica\\\/aristotele-non-solo-gli-arabi\\\/\",\"url\":\"https:\\\/\\\/www.rassegnastampa-totustuus.it\\\/cattolica\\\/aristotele-non-solo-gli-arabi\\\/\",\"name\":\"Aristotele non solo gli arabi - Rassegna Stampa Cattolica\",\"isPartOf\":{\"@id\":\"https:\\\/\\\/www.rassegnastampa-totustuus.it\\\/cattolica\\\/#website\"},\"primaryImageOfPage\":{\"@id\":\"https:\\\/\\\/www.rassegnastampa-totustuus.it\\\/cattolica\\\/aristotele-non-solo-gli-arabi\\\/#primaryimage\"},\"image\":{\"@id\":\"https:\\\/\\\/www.rassegnastampa-totustuus.it\\\/cattolica\\\/aristotele-non-solo-gli-arabi\\\/#primaryimage\"},\"thumbnailUrl\":\"https:\\\/\\\/www.rassegnastampa-totustuus.it\\\/cattolica\\\/wp-content\\\/uploads\\\/2019\\\/03\\\/aristotele.jpeg\",\"datePublished\":\"2019-03-20T23:00:14+00:00\",\"dateModified\":\"2019-03-21T08:49:47+00:00\",\"description\":\"Rassegna Stampa Cattolica - Per una cultura che nasce dalla Rivelazione cristiana in conformit\u00e0 alla tradizione e al Magistero della Chiesa in opposizione ad ogni relativismo e totalitarismo\",\"breadcrumb\":{\"@id\":\"https:\\\/\\\/www.rassegnastampa-totustuus.it\\\/cattolica\\\/aristotele-non-solo-gli-arabi\\\/#breadcrumb\"},\"inLanguage\":\"it-IT\",\"potentialAction\":[{\"@type\":\"ReadAction\",\"target\":[\"https:\\\/\\\/www.rassegnastampa-totustuus.it\\\/cattolica\\\/aristotele-non-solo-gli-arabi\\\/\"]}]},{\"@type\":\"ImageObject\",\"inLanguage\":\"it-IT\",\"@id\":\"https:\\\/\\\/www.rassegnastampa-totustuus.it\\\/cattolica\\\/aristotele-non-solo-gli-arabi\\\/#primaryimage\",\"url\":\"https:\\\/\\\/www.rassegnastampa-totustuus.it\\\/cattolica\\\/wp-content\\\/uploads\\\/2019\\\/03\\\/aristotele.jpeg\",\"contentUrl\":\"https:\\\/\\\/www.rassegnastampa-totustuus.it\\\/cattolica\\\/wp-content\\\/uploads\\\/2019\\\/03\\\/aristotele.jpeg\",\"width\":2796,\"height\":3496,\"caption\":\"Roman civilization, 1st century A.D. Marble head of Aristotle (alabaster bust is modern). Copy of a Greek bronze original by Lysippus, 4th century b.C. [Roma, Museo Nazionale Romano Palazzo Altemps]\"},{\"@type\":\"BreadcrumbList\",\"@id\":\"https:\\\/\\\/www.rassegnastampa-totustuus.it\\\/cattolica\\\/aristotele-non-solo-gli-arabi\\\/#breadcrumb\",\"itemListElement\":[{\"@type\":\"ListItem\",\"position\":1,\"name\":\"Home\",\"item\":\"https:\\\/\\\/www.rassegnastampa-totustuus.it\\\/cattolica\\\/\"},{\"@type\":\"ListItem\",\"position\":2,\"name\":\"Aristotele non solo gli arabi\"}]},{\"@type\":\"WebSite\",\"@id\":\"https:\\\/\\\/www.rassegnastampa-totustuus.it\\\/cattolica\\\/#website\",\"url\":\"https:\\\/\\\/www.rassegnastampa-totustuus.it\\\/cattolica\\\/\",\"name\":\"Rassegna Stampa Cattolica\",\"description\":\"Per una cultura che nasce dalla Rivelazione cristiana in conformit\u00e0 alla tradizione e al Magistero della Chiesa in opposizione ad ogni relativismo e totalitarismo\",\"publisher\":{\"@id\":\"https:\\\/\\\/www.rassegnastampa-totustuus.it\\\/cattolica\\\/#organization\"},\"alternateName\":\"Rass. Cattolica\",\"potentialAction\":[{\"@type\":\"SearchAction\",\"target\":{\"@type\":\"EntryPoint\",\"urlTemplate\":\"https:\\\/\\\/www.rassegnastampa-totustuus.it\\\/cattolica\\\/?s={search_term_string}\"},\"query-input\":{\"@type\":\"PropertyValueSpecification\",\"valueRequired\":true,\"valueName\":\"search_term_string\"}}],\"inLanguage\":\"it-IT\"},{\"@type\":\"Organization\",\"@id\":\"https:\\\/\\\/www.rassegnastampa-totustuus.it\\\/cattolica\\\/#organization\",\"name\":\"Rassegna Stampa Cattolica\",\"url\":\"https:\\\/\\\/www.rassegnastampa-totustuus.it\\\/cattolica\\\/\",\"logo\":{\"@type\":\"ImageObject\",\"inLanguage\":\"it-IT\",\"@id\":\"https:\\\/\\\/www.rassegnastampa-totustuus.it\\\/cattolica\\\/#\\\/schema\\\/logo\\\/image\\\/\",\"url\":\"https:\\\/\\\/www.rassegnastampa-totustuus.it\\\/cattolica\\\/wp-content\\\/uploads\\\/2014\\\/04\\\/logo-rassegna1.gif\",\"contentUrl\":\"https:\\\/\\\/www.rassegnastampa-totustuus.it\\\/cattolica\\\/wp-content\\\/uploads\\\/2014\\\/04\\\/logo-rassegna1.gif\",\"width\":600,\"height\":163,\"caption\":\"Rassegna Stampa Cattolica\"},\"image\":{\"@id\":\"https:\\\/\\\/www.rassegnastampa-totustuus.it\\\/cattolica\\\/#\\\/schema\\\/logo\\\/image\\\/\"},\"sameAs\":[\"https:\\\/\\\/www.facebook.com\\\/rassegnastampacattolica\",\"https:\\\/\\\/x.com\\\/rassegnastampa9\"]},{\"@type\":\"Person\",\"@id\":\"https:\\\/\\\/www.rassegnastampa-totustuus.it\\\/cattolica\\\/#\\\/schema\\\/person\\\/08f319d2bd1a0904ad9e2bfb7b15e5c3\",\"name\":\"Redazione\",\"image\":{\"@type\":\"ImageObject\",\"inLanguage\":\"it-IT\",\"@id\":\"https:\\\/\\\/secure.gravatar.com\\\/avatar\\\/2fcdf27c78ea025fbdb44e914cc63c72249ffec9dc8aafd5c82b26240ef3f346?s=96&d=mm&r=g\",\"url\":\"https:\\\/\\\/secure.gravatar.com\\\/avatar\\\/2fcdf27c78ea025fbdb44e914cc63c72249ffec9dc8aafd5c82b26240ef3f346?s=96&d=mm&r=g\",\"contentUrl\":\"https:\\\/\\\/secure.gravatar.com\\\/avatar\\\/2fcdf27c78ea025fbdb44e914cc63c72249ffec9dc8aafd5c82b26240ef3f346?s=96&d=mm&r=g\",\"caption\":\"Redazione\"},\"url\":\"https:\\\/\\\/www.rassegnastampa-totustuus.it\\\/cattolica\\\/author\\\/pietroelle\\\/\"}]}<\/script>\n<!-- \/ Yoast SEO plugin. -->","yoast_head_json":{"title":"Aristotele non solo gli arabi - Rassegna Stampa Cattolica","description":"Rassegna Stampa Cattolica - Per una cultura che nasce dalla Rivelazione cristiana in conformit\u00e0 alla tradizione e al Magistero della Chiesa in opposizione ad ogni relativismo e totalitarismo","robots":{"index":"index","follow":"follow","max-snippet":"max-snippet:-1","max-image-preview":"max-image-preview:large","max-video-preview":"max-video-preview:-1"},"canonical":"https:\/\/www.rassegnastampa-totustuus.it\/cattolica\/aristotele-non-solo-gli-arabi\/","og_locale":"it_IT","og_type":"article","og_title":"Aristotele non solo gli arabi - Rassegna Stampa Cattolica","og_description":"Rassegna Stampa Cattolica - Per una cultura che nasce dalla Rivelazione cristiana in conformit\u00e0 alla tradizione e al Magistero della Chiesa in opposizione ad ogni relativismo e totalitarismo","og_url":"https:\/\/www.rassegnastampa-totustuus.it\/cattolica\/aristotele-non-solo-gli-arabi\/","og_site_name":"Rassegna Stampa Cattolica","article_publisher":"https:\/\/www.facebook.com\/rassegnastampacattolica","article_published_time":"2019-03-20T23:00:14+00:00","article_modified_time":"2019-03-21T08:49:47+00:00","og_image":[{"width":2796,"height":3496,"url":"https:\/\/www.rassegnastampa-totustuus.it\/cattolica\/wp-content\/uploads\/2019\/03\/aristotele.jpeg","type":"image\/jpeg"}],"author":"Redazione","twitter_card":"summary_large_image","twitter_creator":"@rassegnastampa9","twitter_site":"@rassegnastampa9","twitter_misc":{"Scritto da":"Redazione"},"schema":{"@context":"https:\/\/schema.org","@graph":[{"@type":"Article","@id":"https:\/\/www.rassegnastampa-totustuus.it\/cattolica\/aristotele-non-solo-gli-arabi\/#article","isPartOf":{"@id":"https:\/\/www.rassegnastampa-totustuus.it\/cattolica\/aristotele-non-solo-gli-arabi\/"},"author":{"name":"Redazione","@id":"https:\/\/www.rassegnastampa-totustuus.it\/cattolica\/#\/schema\/person\/08f319d2bd1a0904ad9e2bfb7b15e5c3"},"headline":"Aristotele non solo gli arabi","datePublished":"2019-03-20T23:00:14+00:00","dateModified":"2019-03-21T08:49:47+00:00","mainEntityOfPage":{"@id":"https:\/\/www.rassegnastampa-totustuus.it\/cattolica\/aristotele-non-solo-gli-arabi\/"},"wordCount":5,"publisher":{"@id":"https:\/\/www.rassegnastampa-totustuus.it\/cattolica\/#organization"},"image":{"@id":"https:\/\/www.rassegnastampa-totustuus.it\/cattolica\/aristotele-non-solo-gli-arabi\/#primaryimage"},"thumbnailUrl":"https:\/\/www.rassegnastampa-totustuus.it\/cattolica\/wp-content\/uploads\/2019\/03\/aristotele.jpeg","keywords":["Aristotele"],"articleSection":["Islam","Medioevo","Storia"],"inLanguage":"it-IT"},{"@type":"WebPage","@id":"https:\/\/www.rassegnastampa-totustuus.it\/cattolica\/aristotele-non-solo-gli-arabi\/","url":"https:\/\/www.rassegnastampa-totustuus.it\/cattolica\/aristotele-non-solo-gli-arabi\/","name":"Aristotele non solo gli arabi - Rassegna Stampa Cattolica","isPartOf":{"@id":"https:\/\/www.rassegnastampa-totustuus.it\/cattolica\/#website"},"primaryImageOfPage":{"@id":"https:\/\/www.rassegnastampa-totustuus.it\/cattolica\/aristotele-non-solo-gli-arabi\/#primaryimage"},"image":{"@id":"https:\/\/www.rassegnastampa-totustuus.it\/cattolica\/aristotele-non-solo-gli-arabi\/#primaryimage"},"thumbnailUrl":"https:\/\/www.rassegnastampa-totustuus.it\/cattolica\/wp-content\/uploads\/2019\/03\/aristotele.jpeg","datePublished":"2019-03-20T23:00:14+00:00","dateModified":"2019-03-21T08:49:47+00:00","description":"Rassegna Stampa Cattolica - Per una cultura che nasce dalla Rivelazione cristiana in conformit\u00e0 alla tradizione e al Magistero della Chiesa in opposizione ad ogni relativismo e totalitarismo","breadcrumb":{"@id":"https:\/\/www.rassegnastampa-totustuus.it\/cattolica\/aristotele-non-solo-gli-arabi\/#breadcrumb"},"inLanguage":"it-IT","potentialAction":[{"@type":"ReadAction","target":["https:\/\/www.rassegnastampa-totustuus.it\/cattolica\/aristotele-non-solo-gli-arabi\/"]}]},{"@type":"ImageObject","inLanguage":"it-IT","@id":"https:\/\/www.rassegnastampa-totustuus.it\/cattolica\/aristotele-non-solo-gli-arabi\/#primaryimage","url":"https:\/\/www.rassegnastampa-totustuus.it\/cattolica\/wp-content\/uploads\/2019\/03\/aristotele.jpeg","contentUrl":"https:\/\/www.rassegnastampa-totustuus.it\/cattolica\/wp-content\/uploads\/2019\/03\/aristotele.jpeg","width":2796,"height":3496,"caption":"Roman civilization, 1st century A.D. Marble head of Aristotle (alabaster bust is modern). Copy of a Greek bronze original by Lysippus, 4th century b.C. [Roma, Museo Nazionale Romano Palazzo Altemps]"},{"@type":"BreadcrumbList","@id":"https:\/\/www.rassegnastampa-totustuus.it\/cattolica\/aristotele-non-solo-gli-arabi\/#breadcrumb","itemListElement":[{"@type":"ListItem","position":1,"name":"Home","item":"https:\/\/www.rassegnastampa-totustuus.it\/cattolica\/"},{"@type":"ListItem","position":2,"name":"Aristotele non solo gli arabi"}]},{"@type":"WebSite","@id":"https:\/\/www.rassegnastampa-totustuus.it\/cattolica\/#website","url":"https:\/\/www.rassegnastampa-totustuus.it\/cattolica\/","name":"Rassegna Stampa Cattolica","description":"Per una cultura che nasce dalla Rivelazione cristiana in conformit\u00e0 alla tradizione e al Magistero della Chiesa in opposizione ad ogni relativismo e totalitarismo","publisher":{"@id":"https:\/\/www.rassegnastampa-totustuus.it\/cattolica\/#organization"},"alternateName":"Rass. Cattolica","potentialAction":[{"@type":"SearchAction","target":{"@type":"EntryPoint","urlTemplate":"https:\/\/www.rassegnastampa-totustuus.it\/cattolica\/?s={search_term_string}"},"query-input":{"@type":"PropertyValueSpecification","valueRequired":true,"valueName":"search_term_string"}}],"inLanguage":"it-IT"},{"@type":"Organization","@id":"https:\/\/www.rassegnastampa-totustuus.it\/cattolica\/#organization","name":"Rassegna Stampa Cattolica","url":"https:\/\/www.rassegnastampa-totustuus.it\/cattolica\/","logo":{"@type":"ImageObject","inLanguage":"it-IT","@id":"https:\/\/www.rassegnastampa-totustuus.it\/cattolica\/#\/schema\/logo\/image\/","url":"https:\/\/www.rassegnastampa-totustuus.it\/cattolica\/wp-content\/uploads\/2014\/04\/logo-rassegna1.gif","contentUrl":"https:\/\/www.rassegnastampa-totustuus.it\/cattolica\/wp-content\/uploads\/2014\/04\/logo-rassegna1.gif","width":600,"height":163,"caption":"Rassegna Stampa Cattolica"},"image":{"@id":"https:\/\/www.rassegnastampa-totustuus.it\/cattolica\/#\/schema\/logo\/image\/"},"sameAs":["https:\/\/www.facebook.com\/rassegnastampacattolica","https:\/\/x.com\/rassegnastampa9"]},{"@type":"Person","@id":"https:\/\/www.rassegnastampa-totustuus.it\/cattolica\/#\/schema\/person\/08f319d2bd1a0904ad9e2bfb7b15e5c3","name":"Redazione","image":{"@type":"ImageObject","inLanguage":"it-IT","@id":"https:\/\/secure.gravatar.com\/avatar\/2fcdf27c78ea025fbdb44e914cc63c72249ffec9dc8aafd5c82b26240ef3f346?s=96&d=mm&r=g","url":"https:\/\/secure.gravatar.com\/avatar\/2fcdf27c78ea025fbdb44e914cc63c72249ffec9dc8aafd5c82b26240ef3f346?s=96&d=mm&r=g","contentUrl":"https:\/\/secure.gravatar.com\/avatar\/2fcdf27c78ea025fbdb44e914cc63c72249ffec9dc8aafd5c82b26240ef3f346?s=96&d=mm&r=g","caption":"Redazione"},"url":"https:\/\/www.rassegnastampa-totustuus.it\/cattolica\/author\/pietroelle\/"}]}},"_links":{"self":[{"href":"https:\/\/www.rassegnastampa-totustuus.it\/cattolica\/wp-json\/wp\/v2\/posts\/42294","targetHints":{"allow":["GET"]}}],"collection":[{"href":"https:\/\/www.rassegnastampa-totustuus.it\/cattolica\/wp-json\/wp\/v2\/posts"}],"about":[{"href":"https:\/\/www.rassegnastampa-totustuus.it\/cattolica\/wp-json\/wp\/v2\/types\/post"}],"author":[{"embeddable":true,"href":"https:\/\/www.rassegnastampa-totustuus.it\/cattolica\/wp-json\/wp\/v2\/users\/6"}],"replies":[{"embeddable":true,"href":"https:\/\/www.rassegnastampa-totustuus.it\/cattolica\/wp-json\/wp\/v2\/comments?post=42294"}],"version-history":[{"count":5,"href":"https:\/\/www.rassegnastampa-totustuus.it\/cattolica\/wp-json\/wp\/v2\/posts\/42294\/revisions"}],"predecessor-version":[{"id":42477,"href":"https:\/\/www.rassegnastampa-totustuus.it\/cattolica\/wp-json\/wp\/v2\/posts\/42294\/revisions\/42477"}],"wp:featuredmedia":[{"embeddable":true,"href":"https:\/\/www.rassegnastampa-totustuus.it\/cattolica\/wp-json\/wp\/v2\/media\/42347"}],"wp:attachment":[{"href":"https:\/\/www.rassegnastampa-totustuus.it\/cattolica\/wp-json\/wp\/v2\/media?parent=42294"}],"wp:term":[{"taxonomy":"category","embeddable":true,"href":"https:\/\/www.rassegnastampa-totustuus.it\/cattolica\/wp-json\/wp\/v2\/categories?post=42294"},{"taxonomy":"post_tag","embeddable":true,"href":"https:\/\/www.rassegnastampa-totustuus.it\/cattolica\/wp-json\/wp\/v2\/tags?post=42294"}],"curies":[{"name":"wp","href":"https:\/\/api.w.org\/{rel}","templated":true}]}}