{"id":42289,"date":"2019-03-14T11:33:21","date_gmt":"2019-03-14T10:33:21","guid":{"rendered":"http:\/\/www.rassegnastampa-totustuus.it\/cattolica\/?p=42289"},"modified":"2019-03-15T18:47:49","modified_gmt":"2019-03-15T17:47:49","slug":"vai-alla-messa-in-latino-sei-piu-fedele-alla-dottrina","status":"publish","type":"post","link":"https:\/\/www.rassegnastampa-totustuus.it\/cattolica\/vai-alla-messa-in-latino-sei-piu-fedele-alla-dottrina\/","title":{"rendered":"Vai alla messa in latino? Sei pi\u00f9 fedele alla dottrina"},"content":{"rendered":"<p style=\"text-align: center;\"><a href=\"https:\/\/www.rassegnastampa-totustuus.it\/cattolica\/wp-content\/uploads\/2019\/03\/messa_tridentina.jpg\"><img loading=\"lazy\" decoding=\"async\" class=\"wp-image-42290 alignright\" src=\"https:\/\/www.rassegnastampa-totustuus.it\/cattolica\/wp-content\/uploads\/2019\/03\/messa_tridentina.jpg\" alt=\"\" width=\"250\" height=\"187\"><\/a>da <strong><a href=\"http:\/\/www.lanuovabq.it\/it\/\" target=\"_blank\" rel=\"noopener noreferrer\">La Nuova Bussola quotidiana<\/a> <\/strong><\/p>\n<p style=\"text-align: center;\">1 marzo 2019<\/p>\n<p style=\"text-align: justify;\"><strong>&nbsp;<\/strong><em>Usa. Per la prima volta una ricerca statistica su vasta scala confronta fedelt\u00e0 alla dottrina, apertura alla vita e rifiuto dei contraccetivi e dell&#8217;aborto tra i fedeli che scelgono di frequentare la messa in forma straordinaria e quelli che optano per il&nbsp;novus ordo. I risultati sono sorprendenti. Almeno per la sociologia.<\/em><\/p>\n<p style=\"text-align: center;\">di <strong>Giuliano Guzzo<\/strong><\/p>\n<p><!--more--><\/p>\n<p style=\"text-align: justify;\">Sul confronto tra la messa <em>vetus ordo<\/em>, quella rigorosamente in latino per capirci, e quella <em>novus ordo<\/em>, cos\u00ec come ordinariamente celebrata oggi in ogni chiesa, si registra da anni, in seno al mondo cattolico, un dibattito intenso, a tratti pure assai vivace. Trattasi, per lo pi\u00f9, di dispute su aspetti liturgici, teologici e pastorali sui quali, per ovvi motivi, la sociologia non mai messo il becco. Fino ad oggi, s\u2019intende. S\u00ec, perch\u00e9 \u00e8 stata da poco diffusa una nuova ricerca che si occupa proprio di questo, e cio\u00e8 di mettere a fuoco se vi siano differenze significative negli atteggiamenti e nelle condotte dei fedeli a seconda del tipo di messa che essi sono soliti frequentare.<\/p>\n<p style=\"text-align: justify;\"><strong><a href=\"https:\/\/www.rassegnastampa-totustuus.it\/cattolica\/wp-content\/uploads\/2005\/05\/abusi-liturgici.jpg\"><img loading=\"lazy\" decoding=\"async\" class=\"wp-image-29090 alignleft\" src=\"https:\/\/www.rassegnastampa-totustuus.it\/cattolica\/wp-content\/uploads\/2005\/05\/abusi-liturgici.jpg\" alt=\"\" width=\"250\" height=\"166\"><\/a>Nello specifico lo studio<\/strong>, a cura di don Donald Kloster, sacerdote laureatosi all\u2019universit\u00e0 del Texas, \u00e8 stato realizzato sondando pensieri e opinioni di un campione di 1.322 persone tramite sondaggi anonimi, il tutto in un arco temporale che va dal marzo al novembre 2018. Le stesse domande sono state messe <em>on line<\/em>, con il questionario che ha ottenuto 451 risposte. Alla fine, ad essere interessati dalla ricerca sono stati fedeli americani provenienti da ben 16 differenti Stati, il che le conferisce una dimensione internazionale e perci\u00f2 ancora pi\u00f9 interessante.<\/p>\n<p style=\"text-align: justify;\"><strong>Le domande del questionario vertevano<\/strong> su ambiti diversificati quali l\u2019approvazione o meno di contraccezione, aborto e matrimonio omosessuale, la frequenza di partecipazione alla messa settimanale e il tasso di fertilit\u00e0. Ebbene, che cosa si \u00e8 scoperto? Molte cose meritevoli di riflessione.<\/p>\n<p style=\"text-align: justify;\"><strong><a href=\"https:\/\/www.rassegnastampa-totustuus.it\/cattolica\/wp-content\/uploads\/2009\/03\/comunione_ginocchio.jpg\"><img loading=\"lazy\" decoding=\"async\" class=\"wp-image-32923 alignright\" src=\"https:\/\/www.rassegnastampa-totustuus.it\/cattolica\/wp-content\/uploads\/2009\/03\/comunione_ginocchio.jpg\" alt=\"\" width=\"250\" height=\"166\"><\/a>Tanto per cominciare, si \u00e8 riscontrata<\/strong> una netta difformit\u00e0 nell\u2019adempimento agli obblighi settimanali quali, appunto, la frequenza alla messa, che \u00e8 di uno sconfortante 22 per cento tra i cattolici che vanno alla messa <em>novus ordo<\/em> mentre sale addirittura del 99 tra quanti hanno come riferimento quella in latino. Stessa cosa per la confessione: il 98 per cento dei fedeli del <em>vetus ordo<\/em> si confessa almeno una volta l\u2019anno, contro il 25 degli altri. Differenze enormi, che si rispecchiano anche nell\u2019adesione alla morale.<\/p>\n<p style=\"text-align: justify;\"><strong>Infatti i fedeli del <\/strong><em><strong>vetus ordo<\/strong><\/em><strong> risultano in piena sintonia<\/strong> con gli insegnamenti della Chiesa. Basti dire che appena il 2 per cento di questi approva la contraccezione e il matrimonio tra persone dello stesso sesso e solamente l\u20191 per cento l\u2019aborto. Oggettivamente, percentuali da contagocce.<\/p>\n<p style=\"text-align: justify;\"><strong>Una musica ben diversa<\/strong>, purtroppo, fra gli altri cattolici, con l\u201989 per cento che tollera la contraccezione, il 67 favorevole alle nozze gay e il 51 perfino all\u2019aborto. Uno scenario, quest\u2019ultimo, che sarebbe eufemistico definire preoccupante, e che testimonia la necessit\u00e0 di maggiori formazione e conoscenza tra i cattolici imbevuti, talvolta a loro insaputa, di cultura dominante.<\/p>\n<p style=\"text-align: justify;\"><strong><a href=\"https:\/\/www.rassegnastampa-totustuus.it\/cattolica\/wp-content\/uploads\/2009\/03\/comunione-mano.jpg\"><img loading=\"lazy\" decoding=\"async\" class=\"wp-image-32921 alignleft\" src=\"https:\/\/www.rassegnastampa-totustuus.it\/cattolica\/wp-content\/uploads\/2009\/03\/comunione-mano.jpg\" alt=\"\" width=\"201\" height=\"200\" srcset=\"https:\/\/www.rassegnastampa-totustuus.it\/cattolica\/wp-content\/uploads\/2009\/03\/comunione-mano.jpg 225w, https:\/\/www.rassegnastampa-totustuus.it\/cattolica\/wp-content\/uploads\/2009\/03\/comunione-mano-150x150.jpg 150w\" sizes=\"auto, (max-width: 201px) 100vw, 201px\" \/><\/a>Degno di nota, inoltre, \u00e8 il dato demografico<\/strong>, con la bilancia della natalit\u00e0 ancora una volta nettamente sbilanciata da una parte. Pi\u00f9 precisamente, posto che le famiglie religiose rispetto a quelle che non lo sono risultano generalmente gi\u00e0 pi\u00f9 prolifiche, si \u00e8 visto che le donne che frequentano la messa in forma straordinaria hanno un tasso di fertilit\u00e0 di 3,6 figli, contro i 2,3 delle altre. Un dato rilevante che suggerisce come, in prospettiva, quanti preferiscono la messa in latino saranno sempre di pi\u00f9. Altro che estinzione.<\/p>\n<p style=\"text-align: justify;\"><strong>Certo, questa pur stimolante e pionieristica<\/strong> ricerca lascia comunque aperto un dilemma dal sapore marzulliano ma in verit\u00e0 fondamentale, che \u00e8 il seguente: si va alla messa &#8220;tridentina&#8221; perch\u00e9 si \u00e8 pi\u00f9 fedeli alla dottrina cattolica oppure si \u00e8 pi\u00f9 fedeli alla dottrina cattolica perch\u00e9 si frequenta la messa in latino? Probabilmente entrambe le cose, nel senso che poi parecchio, in realt\u00e0, dipende dall\u2019esperienza individuale di ciascuno.<\/p>\n<p style=\"text-align: justify;\"><strong>Quel \u00e8 che certo \u00e8 che quella parte di mondo cattolico<\/strong> oggi cos\u00ec dialogante con la modernit\u00e0 laica e laicista di messa in latino non vuol manco sentir parlare. Ed \u00e8 un peccato perch\u00e9 da quella messa e, soprattutto, da coloro che la frequentano ci sarebbe molto da imparare.<\/p>\n","protected":false},"excerpt":{"rendered":"<p>da La Nuova Bussola quotidiana 1 marzo 2019 &nbsp;Usa. Per la prima volta una ricerca statistica su vasta scala confronta fedelt\u00e0 alla dottrina, apertura alla vita e rifiuto dei contraccetivi e dell&#8217;aborto tra i fedeli che scelgono di frequentare la messa in forma straordinaria e quelli che optano per il&nbsp;novus ordo. I risultati sono sorprendenti. &hellip; <\/p>\n<p><a class=\"more-link btn\" href=\"https:\/\/www.rassegnastampa-totustuus.it\/cattolica\/vai-alla-messa-in-latino-sei-piu-fedele-alla-dottrina\/\">Continua a leggere<\/a><\/p>\n","protected":false},"author":6,"featured_media":42340,"comment_status":"closed","ping_status":"closed","sticky":false,"template":"","format":"standard","meta":{"footnotes":""},"categories":[5],"tags":[1475,1094],"class_list":["post-42289","post","type-post","status-publish","format-standard","has-post-thumbnail","hentry","category-chiesa","tag-antico-rito","tag-s-messa","item-wrap"],"yoast_head":"<!-- This site is optimized with the Yoast SEO plugin v27.5 - https:\/\/yoast.com\/product\/yoast-seo-wordpress\/ -->\n<title>Vai alla messa in latino? Sei pi\u00f9 fedele alla dottrina - Rassegna Stampa Cattolica<\/title>\n<meta name=\"description\" content=\"Rassegna Stampa Cattolica - Per una cultura che nasce dalla Rivelazione cristiana in conformit\u00e0 alla tradizione e al Magistero della Chiesa in opposizione ad ogni relativismo e totalitarismo\" \/>\n<meta name=\"robots\" content=\"index, follow, max-snippet:-1, max-image-preview:large, max-video-preview:-1\" \/>\n<link rel=\"canonical\" href=\"https:\/\/www.rassegnastampa-totustuus.it\/cattolica\/vai-alla-messa-in-latino-sei-piu-fedele-alla-dottrina\/\" \/>\n<meta property=\"og:locale\" content=\"it_IT\" \/>\n<meta property=\"og:type\" content=\"article\" \/>\n<meta property=\"og:title\" content=\"Vai alla messa in latino? Sei pi\u00f9 fedele alla dottrina - Rassegna Stampa Cattolica\" \/>\n<meta property=\"og:description\" content=\"Rassegna Stampa Cattolica - Per una cultura che nasce dalla Rivelazione cristiana in conformit\u00e0 alla tradizione e al Magistero della Chiesa in opposizione ad ogni relativismo e totalitarismo\" \/>\n<meta property=\"og:url\" content=\"https:\/\/www.rassegnastampa-totustuus.it\/cattolica\/vai-alla-messa-in-latino-sei-piu-fedele-alla-dottrina\/\" \/>\n<meta property=\"og:site_name\" content=\"Rassegna Stampa Cattolica\" \/>\n<meta property=\"article:publisher\" content=\"https:\/\/www.facebook.com\/rassegnastampacattolica\" \/>\n<meta property=\"article:published_time\" content=\"2019-03-14T10:33:21+00:00\" \/>\n<meta property=\"article:modified_time\" content=\"2019-03-15T17:47:49+00:00\" \/>\n<meta property=\"og:image\" content=\"https:\/\/www.rassegnastampa-totustuus.it\/cattolica\/wp-content\/uploads\/2019\/03\/messa_latino.jpg\" \/>\n\t<meta property=\"og:image:width\" content=\"1600\" \/>\n\t<meta property=\"og:image:height\" content=\"1066\" \/>\n\t<meta property=\"og:image:type\" content=\"image\/jpeg\" \/>\n<meta name=\"author\" content=\"Redazione\" \/>\n<meta name=\"twitter:card\" content=\"summary_large_image\" \/>\n<meta name=\"twitter:creator\" content=\"@rassegnastampa9\" \/>\n<meta name=\"twitter:site\" content=\"@rassegnastampa9\" \/>\n<meta name=\"twitter:label1\" content=\"Scritto da\" \/>\n\t<meta name=\"twitter:data1\" content=\"Redazione\" \/>\n\t<meta name=\"twitter:label2\" content=\"Tempo di lettura stimato\" \/>\n\t<meta name=\"twitter:data2\" content=\"3 minuti\" \/>\n<script type=\"application\/ld+json\" class=\"yoast-schema-graph\">{\"@context\":\"https:\\\/\\\/schema.org\",\"@graph\":[{\"@type\":\"Article\",\"@id\":\"https:\\\/\\\/www.rassegnastampa-totustuus.it\\\/cattolica\\\/vai-alla-messa-in-latino-sei-piu-fedele-alla-dottrina\\\/#article\",\"isPartOf\":{\"@id\":\"https:\\\/\\\/www.rassegnastampa-totustuus.it\\\/cattolica\\\/vai-alla-messa-in-latino-sei-piu-fedele-alla-dottrina\\\/\"},\"author\":{\"name\":\"Redazione\",\"@id\":\"https:\\\/\\\/www.rassegnastampa-totustuus.it\\\/cattolica\\\/#\\\/schema\\\/person\\\/08f319d2bd1a0904ad9e2bfb7b15e5c3\"},\"headline\":\"Vai alla messa in latino? Sei pi\u00f9 fedele alla dottrina\",\"datePublished\":\"2019-03-14T10:33:21+00:00\",\"dateModified\":\"2019-03-15T17:47:49+00:00\",\"mainEntityOfPage\":{\"@id\":\"https:\\\/\\\/www.rassegnastampa-totustuus.it\\\/cattolica\\\/vai-alla-messa-in-latino-sei-piu-fedele-alla-dottrina\\\/\"},\"wordCount\":692,\"publisher\":{\"@id\":\"https:\\\/\\\/www.rassegnastampa-totustuus.it\\\/cattolica\\\/#organization\"},\"image\":{\"@id\":\"https:\\\/\\\/www.rassegnastampa-totustuus.it\\\/cattolica\\\/vai-alla-messa-in-latino-sei-piu-fedele-alla-dottrina\\\/#primaryimage\"},\"thumbnailUrl\":\"https:\\\/\\\/www.rassegnastampa-totustuus.it\\\/cattolica\\\/wp-content\\\/uploads\\\/2019\\\/03\\\/messa_latino.jpg\",\"keywords\":[\"antico rito\",\"S Messa\"],\"articleSection\":[\"Chiesa\"],\"inLanguage\":\"it-IT\"},{\"@type\":\"WebPage\",\"@id\":\"https:\\\/\\\/www.rassegnastampa-totustuus.it\\\/cattolica\\\/vai-alla-messa-in-latino-sei-piu-fedele-alla-dottrina\\\/\",\"url\":\"https:\\\/\\\/www.rassegnastampa-totustuus.it\\\/cattolica\\\/vai-alla-messa-in-latino-sei-piu-fedele-alla-dottrina\\\/\",\"name\":\"Vai alla messa in latino? Sei pi\u00f9 fedele alla dottrina - Rassegna Stampa Cattolica\",\"isPartOf\":{\"@id\":\"https:\\\/\\\/www.rassegnastampa-totustuus.it\\\/cattolica\\\/#website\"},\"primaryImageOfPage\":{\"@id\":\"https:\\\/\\\/www.rassegnastampa-totustuus.it\\\/cattolica\\\/vai-alla-messa-in-latino-sei-piu-fedele-alla-dottrina\\\/#primaryimage\"},\"image\":{\"@id\":\"https:\\\/\\\/www.rassegnastampa-totustuus.it\\\/cattolica\\\/vai-alla-messa-in-latino-sei-piu-fedele-alla-dottrina\\\/#primaryimage\"},\"thumbnailUrl\":\"https:\\\/\\\/www.rassegnastampa-totustuus.it\\\/cattolica\\\/wp-content\\\/uploads\\\/2019\\\/03\\\/messa_latino.jpg\",\"datePublished\":\"2019-03-14T10:33:21+00:00\",\"dateModified\":\"2019-03-15T17:47:49+00:00\",\"description\":\"Rassegna Stampa Cattolica - Per una cultura che nasce dalla Rivelazione cristiana in conformit\u00e0 alla tradizione e al Magistero della Chiesa in opposizione ad ogni relativismo e totalitarismo\",\"breadcrumb\":{\"@id\":\"https:\\\/\\\/www.rassegnastampa-totustuus.it\\\/cattolica\\\/vai-alla-messa-in-latino-sei-piu-fedele-alla-dottrina\\\/#breadcrumb\"},\"inLanguage\":\"it-IT\",\"potentialAction\":[{\"@type\":\"ReadAction\",\"target\":[\"https:\\\/\\\/www.rassegnastampa-totustuus.it\\\/cattolica\\\/vai-alla-messa-in-latino-sei-piu-fedele-alla-dottrina\\\/\"]}]},{\"@type\":\"ImageObject\",\"inLanguage\":\"it-IT\",\"@id\":\"https:\\\/\\\/www.rassegnastampa-totustuus.it\\\/cattolica\\\/vai-alla-messa-in-latino-sei-piu-fedele-alla-dottrina\\\/#primaryimage\",\"url\":\"https:\\\/\\\/www.rassegnastampa-totustuus.it\\\/cattolica\\\/wp-content\\\/uploads\\\/2019\\\/03\\\/messa_latino.jpg\",\"contentUrl\":\"https:\\\/\\\/www.rassegnastampa-totustuus.it\\\/cattolica\\\/wp-content\\\/uploads\\\/2019\\\/03\\\/messa_latino.jpg\",\"width\":1600,\"height\":1066},{\"@type\":\"BreadcrumbList\",\"@id\":\"https:\\\/\\\/www.rassegnastampa-totustuus.it\\\/cattolica\\\/vai-alla-messa-in-latino-sei-piu-fedele-alla-dottrina\\\/#breadcrumb\",\"itemListElement\":[{\"@type\":\"ListItem\",\"position\":1,\"name\":\"Home\",\"item\":\"https:\\\/\\\/www.rassegnastampa-totustuus.it\\\/cattolica\\\/\"},{\"@type\":\"ListItem\",\"position\":2,\"name\":\"Vai alla messa in latino? Sei pi\u00f9 fedele alla dottrina\"}]},{\"@type\":\"WebSite\",\"@id\":\"https:\\\/\\\/www.rassegnastampa-totustuus.it\\\/cattolica\\\/#website\",\"url\":\"https:\\\/\\\/www.rassegnastampa-totustuus.it\\\/cattolica\\\/\",\"name\":\"Rassegna Stampa Cattolica\",\"description\":\"Per una cultura che nasce dalla Rivelazione cristiana in conformit\u00e0 alla tradizione e al Magistero della Chiesa in opposizione ad ogni relativismo e totalitarismo\",\"publisher\":{\"@id\":\"https:\\\/\\\/www.rassegnastampa-totustuus.it\\\/cattolica\\\/#organization\"},\"alternateName\":\"Rass. Cattolica\",\"potentialAction\":[{\"@type\":\"SearchAction\",\"target\":{\"@type\":\"EntryPoint\",\"urlTemplate\":\"https:\\\/\\\/www.rassegnastampa-totustuus.it\\\/cattolica\\\/?s={search_term_string}\"},\"query-input\":{\"@type\":\"PropertyValueSpecification\",\"valueRequired\":true,\"valueName\":\"search_term_string\"}}],\"inLanguage\":\"it-IT\"},{\"@type\":\"Organization\",\"@id\":\"https:\\\/\\\/www.rassegnastampa-totustuus.it\\\/cattolica\\\/#organization\",\"name\":\"Rassegna Stampa Cattolica\",\"url\":\"https:\\\/\\\/www.rassegnastampa-totustuus.it\\\/cattolica\\\/\",\"logo\":{\"@type\":\"ImageObject\",\"inLanguage\":\"it-IT\",\"@id\":\"https:\\\/\\\/www.rassegnastampa-totustuus.it\\\/cattolica\\\/#\\\/schema\\\/logo\\\/image\\\/\",\"url\":\"https:\\\/\\\/www.rassegnastampa-totustuus.it\\\/cattolica\\\/wp-content\\\/uploads\\\/2014\\\/04\\\/logo-rassegna1.gif\",\"contentUrl\":\"https:\\\/\\\/www.rassegnastampa-totustuus.it\\\/cattolica\\\/wp-content\\\/uploads\\\/2014\\\/04\\\/logo-rassegna1.gif\",\"width\":600,\"height\":163,\"caption\":\"Rassegna Stampa Cattolica\"},\"image\":{\"@id\":\"https:\\\/\\\/www.rassegnastampa-totustuus.it\\\/cattolica\\\/#\\\/schema\\\/logo\\\/image\\\/\"},\"sameAs\":[\"https:\\\/\\\/www.facebook.com\\\/rassegnastampacattolica\",\"https:\\\/\\\/x.com\\\/rassegnastampa9\"]},{\"@type\":\"Person\",\"@id\":\"https:\\\/\\\/www.rassegnastampa-totustuus.it\\\/cattolica\\\/#\\\/schema\\\/person\\\/08f319d2bd1a0904ad9e2bfb7b15e5c3\",\"name\":\"Redazione\",\"image\":{\"@type\":\"ImageObject\",\"inLanguage\":\"it-IT\",\"@id\":\"https:\\\/\\\/secure.gravatar.com\\\/avatar\\\/2fcdf27c78ea025fbdb44e914cc63c72249ffec9dc8aafd5c82b26240ef3f346?s=96&d=mm&r=g\",\"url\":\"https:\\\/\\\/secure.gravatar.com\\\/avatar\\\/2fcdf27c78ea025fbdb44e914cc63c72249ffec9dc8aafd5c82b26240ef3f346?s=96&d=mm&r=g\",\"contentUrl\":\"https:\\\/\\\/secure.gravatar.com\\\/avatar\\\/2fcdf27c78ea025fbdb44e914cc63c72249ffec9dc8aafd5c82b26240ef3f346?s=96&d=mm&r=g\",\"caption\":\"Redazione\"},\"url\":\"https:\\\/\\\/www.rassegnastampa-totustuus.it\\\/cattolica\\\/author\\\/pietroelle\\\/\"}]}<\/script>\n<!-- \/ Yoast SEO plugin. -->","yoast_head_json":{"title":"Vai alla messa in latino? Sei pi\u00f9 fedele alla dottrina - Rassegna Stampa Cattolica","description":"Rassegna Stampa Cattolica - Per una cultura che nasce dalla Rivelazione cristiana in conformit\u00e0 alla tradizione e al Magistero della Chiesa in opposizione ad ogni relativismo e totalitarismo","robots":{"index":"index","follow":"follow","max-snippet":"max-snippet:-1","max-image-preview":"max-image-preview:large","max-video-preview":"max-video-preview:-1"},"canonical":"https:\/\/www.rassegnastampa-totustuus.it\/cattolica\/vai-alla-messa-in-latino-sei-piu-fedele-alla-dottrina\/","og_locale":"it_IT","og_type":"article","og_title":"Vai alla messa in latino? Sei pi\u00f9 fedele alla dottrina - Rassegna Stampa Cattolica","og_description":"Rassegna Stampa Cattolica - Per una cultura che nasce dalla Rivelazione cristiana in conformit\u00e0 alla tradizione e al Magistero della Chiesa in opposizione ad ogni relativismo e totalitarismo","og_url":"https:\/\/www.rassegnastampa-totustuus.it\/cattolica\/vai-alla-messa-in-latino-sei-piu-fedele-alla-dottrina\/","og_site_name":"Rassegna Stampa Cattolica","article_publisher":"https:\/\/www.facebook.com\/rassegnastampacattolica","article_published_time":"2019-03-14T10:33:21+00:00","article_modified_time":"2019-03-15T17:47:49+00:00","og_image":[{"width":1600,"height":1066,"url":"https:\/\/www.rassegnastampa-totustuus.it\/cattolica\/wp-content\/uploads\/2019\/03\/messa_latino.jpg","type":"image\/jpeg"}],"author":"Redazione","twitter_card":"summary_large_image","twitter_creator":"@rassegnastampa9","twitter_site":"@rassegnastampa9","twitter_misc":{"Scritto da":"Redazione","Tempo di lettura stimato":"3 minuti"},"schema":{"@context":"https:\/\/schema.org","@graph":[{"@type":"Article","@id":"https:\/\/www.rassegnastampa-totustuus.it\/cattolica\/vai-alla-messa-in-latino-sei-piu-fedele-alla-dottrina\/#article","isPartOf":{"@id":"https:\/\/www.rassegnastampa-totustuus.it\/cattolica\/vai-alla-messa-in-latino-sei-piu-fedele-alla-dottrina\/"},"author":{"name":"Redazione","@id":"https:\/\/www.rassegnastampa-totustuus.it\/cattolica\/#\/schema\/person\/08f319d2bd1a0904ad9e2bfb7b15e5c3"},"headline":"Vai alla messa in latino? Sei pi\u00f9 fedele alla dottrina","datePublished":"2019-03-14T10:33:21+00:00","dateModified":"2019-03-15T17:47:49+00:00","mainEntityOfPage":{"@id":"https:\/\/www.rassegnastampa-totustuus.it\/cattolica\/vai-alla-messa-in-latino-sei-piu-fedele-alla-dottrina\/"},"wordCount":692,"publisher":{"@id":"https:\/\/www.rassegnastampa-totustuus.it\/cattolica\/#organization"},"image":{"@id":"https:\/\/www.rassegnastampa-totustuus.it\/cattolica\/vai-alla-messa-in-latino-sei-piu-fedele-alla-dottrina\/#primaryimage"},"thumbnailUrl":"https:\/\/www.rassegnastampa-totustuus.it\/cattolica\/wp-content\/uploads\/2019\/03\/messa_latino.jpg","keywords":["antico rito","S Messa"],"articleSection":["Chiesa"],"inLanguage":"it-IT"},{"@type":"WebPage","@id":"https:\/\/www.rassegnastampa-totustuus.it\/cattolica\/vai-alla-messa-in-latino-sei-piu-fedele-alla-dottrina\/","url":"https:\/\/www.rassegnastampa-totustuus.it\/cattolica\/vai-alla-messa-in-latino-sei-piu-fedele-alla-dottrina\/","name":"Vai alla messa in latino? Sei pi\u00f9 fedele alla dottrina - Rassegna Stampa Cattolica","isPartOf":{"@id":"https:\/\/www.rassegnastampa-totustuus.it\/cattolica\/#website"},"primaryImageOfPage":{"@id":"https:\/\/www.rassegnastampa-totustuus.it\/cattolica\/vai-alla-messa-in-latino-sei-piu-fedele-alla-dottrina\/#primaryimage"},"image":{"@id":"https:\/\/www.rassegnastampa-totustuus.it\/cattolica\/vai-alla-messa-in-latino-sei-piu-fedele-alla-dottrina\/#primaryimage"},"thumbnailUrl":"https:\/\/www.rassegnastampa-totustuus.it\/cattolica\/wp-content\/uploads\/2019\/03\/messa_latino.jpg","datePublished":"2019-03-14T10:33:21+00:00","dateModified":"2019-03-15T17:47:49+00:00","description":"Rassegna Stampa Cattolica - Per una cultura che nasce dalla Rivelazione cristiana in conformit\u00e0 alla tradizione e al Magistero della Chiesa in opposizione ad ogni relativismo e totalitarismo","breadcrumb":{"@id":"https:\/\/www.rassegnastampa-totustuus.it\/cattolica\/vai-alla-messa-in-latino-sei-piu-fedele-alla-dottrina\/#breadcrumb"},"inLanguage":"it-IT","potentialAction":[{"@type":"ReadAction","target":["https:\/\/www.rassegnastampa-totustuus.it\/cattolica\/vai-alla-messa-in-latino-sei-piu-fedele-alla-dottrina\/"]}]},{"@type":"ImageObject","inLanguage":"it-IT","@id":"https:\/\/www.rassegnastampa-totustuus.it\/cattolica\/vai-alla-messa-in-latino-sei-piu-fedele-alla-dottrina\/#primaryimage","url":"https:\/\/www.rassegnastampa-totustuus.it\/cattolica\/wp-content\/uploads\/2019\/03\/messa_latino.jpg","contentUrl":"https:\/\/www.rassegnastampa-totustuus.it\/cattolica\/wp-content\/uploads\/2019\/03\/messa_latino.jpg","width":1600,"height":1066},{"@type":"BreadcrumbList","@id":"https:\/\/www.rassegnastampa-totustuus.it\/cattolica\/vai-alla-messa-in-latino-sei-piu-fedele-alla-dottrina\/#breadcrumb","itemListElement":[{"@type":"ListItem","position":1,"name":"Home","item":"https:\/\/www.rassegnastampa-totustuus.it\/cattolica\/"},{"@type":"ListItem","position":2,"name":"Vai alla messa in latino? Sei pi\u00f9 fedele alla dottrina"}]},{"@type":"WebSite","@id":"https:\/\/www.rassegnastampa-totustuus.it\/cattolica\/#website","url":"https:\/\/www.rassegnastampa-totustuus.it\/cattolica\/","name":"Rassegna Stampa Cattolica","description":"Per una cultura che nasce dalla Rivelazione cristiana in conformit\u00e0 alla tradizione e al Magistero della Chiesa in opposizione ad ogni relativismo e totalitarismo","publisher":{"@id":"https:\/\/www.rassegnastampa-totustuus.it\/cattolica\/#organization"},"alternateName":"Rass. Cattolica","potentialAction":[{"@type":"SearchAction","target":{"@type":"EntryPoint","urlTemplate":"https:\/\/www.rassegnastampa-totustuus.it\/cattolica\/?s={search_term_string}"},"query-input":{"@type":"PropertyValueSpecification","valueRequired":true,"valueName":"search_term_string"}}],"inLanguage":"it-IT"},{"@type":"Organization","@id":"https:\/\/www.rassegnastampa-totustuus.it\/cattolica\/#organization","name":"Rassegna Stampa Cattolica","url":"https:\/\/www.rassegnastampa-totustuus.it\/cattolica\/","logo":{"@type":"ImageObject","inLanguage":"it-IT","@id":"https:\/\/www.rassegnastampa-totustuus.it\/cattolica\/#\/schema\/logo\/image\/","url":"https:\/\/www.rassegnastampa-totustuus.it\/cattolica\/wp-content\/uploads\/2014\/04\/logo-rassegna1.gif","contentUrl":"https:\/\/www.rassegnastampa-totustuus.it\/cattolica\/wp-content\/uploads\/2014\/04\/logo-rassegna1.gif","width":600,"height":163,"caption":"Rassegna Stampa Cattolica"},"image":{"@id":"https:\/\/www.rassegnastampa-totustuus.it\/cattolica\/#\/schema\/logo\/image\/"},"sameAs":["https:\/\/www.facebook.com\/rassegnastampacattolica","https:\/\/x.com\/rassegnastampa9"]},{"@type":"Person","@id":"https:\/\/www.rassegnastampa-totustuus.it\/cattolica\/#\/schema\/person\/08f319d2bd1a0904ad9e2bfb7b15e5c3","name":"Redazione","image":{"@type":"ImageObject","inLanguage":"it-IT","@id":"https:\/\/secure.gravatar.com\/avatar\/2fcdf27c78ea025fbdb44e914cc63c72249ffec9dc8aafd5c82b26240ef3f346?s=96&d=mm&r=g","url":"https:\/\/secure.gravatar.com\/avatar\/2fcdf27c78ea025fbdb44e914cc63c72249ffec9dc8aafd5c82b26240ef3f346?s=96&d=mm&r=g","contentUrl":"https:\/\/secure.gravatar.com\/avatar\/2fcdf27c78ea025fbdb44e914cc63c72249ffec9dc8aafd5c82b26240ef3f346?s=96&d=mm&r=g","caption":"Redazione"},"url":"https:\/\/www.rassegnastampa-totustuus.it\/cattolica\/author\/pietroelle\/"}]}},"_links":{"self":[{"href":"https:\/\/www.rassegnastampa-totustuus.it\/cattolica\/wp-json\/wp\/v2\/posts\/42289","targetHints":{"allow":["GET"]}}],"collection":[{"href":"https:\/\/www.rassegnastampa-totustuus.it\/cattolica\/wp-json\/wp\/v2\/posts"}],"about":[{"href":"https:\/\/www.rassegnastampa-totustuus.it\/cattolica\/wp-json\/wp\/v2\/types\/post"}],"author":[{"embeddable":true,"href":"https:\/\/www.rassegnastampa-totustuus.it\/cattolica\/wp-json\/wp\/v2\/users\/6"}],"replies":[{"embeddable":true,"href":"https:\/\/www.rassegnastampa-totustuus.it\/cattolica\/wp-json\/wp\/v2\/comments?post=42289"}],"version-history":[{"count":4,"href":"https:\/\/www.rassegnastampa-totustuus.it\/cattolica\/wp-json\/wp\/v2\/posts\/42289\/revisions"}],"predecessor-version":[{"id":42341,"href":"https:\/\/www.rassegnastampa-totustuus.it\/cattolica\/wp-json\/wp\/v2\/posts\/42289\/revisions\/42341"}],"wp:featuredmedia":[{"embeddable":true,"href":"https:\/\/www.rassegnastampa-totustuus.it\/cattolica\/wp-json\/wp\/v2\/media\/42340"}],"wp:attachment":[{"href":"https:\/\/www.rassegnastampa-totustuus.it\/cattolica\/wp-json\/wp\/v2\/media?parent=42289"}],"wp:term":[{"taxonomy":"category","embeddable":true,"href":"https:\/\/www.rassegnastampa-totustuus.it\/cattolica\/wp-json\/wp\/v2\/categories?post=42289"},{"taxonomy":"post_tag","embeddable":true,"href":"https:\/\/www.rassegnastampa-totustuus.it\/cattolica\/wp-json\/wp\/v2\/tags?post=42289"}],"curies":[{"name":"wp","href":"https:\/\/api.w.org\/{rel}","templated":true}]}}