{"id":42206,"date":"2019-03-07T00:00:20","date_gmt":"2019-03-06T23:00:20","guid":{"rendered":"http:\/\/www.rassegnastampa-totustuus.it\/cattolica\/?p=42206"},"modified":"2019-03-05T15:19:32","modified_gmt":"2019-03-05T14:19:32","slug":"africa-un-amico-racconta","status":"publish","type":"post","link":"https:\/\/www.rassegnastampa-totustuus.it\/cattolica\/africa-un-amico-racconta\/","title":{"rendered":"Africa, un amico racconta"},"content":{"rendered":"<p style=\"text-align: center;\"><a href=\"https:\/\/www.rassegnastampa-totustuus.it\/cattolica\/wp-content\/uploads\/2019\/03\/stregoneria_Africa.jpg\"><img loading=\"lazy\" decoding=\"async\" class=\"alignleft wp-image-42207\" src=\"https:\/\/www.rassegnastampa-totustuus.it\/cattolica\/wp-content\/uploads\/2019\/03\/stregoneria_Africa.jpg\" alt=\"\" width=\"244\" height=\"200\" \/><\/a>Da <u><a href=\"https:\/\/costanzamiriano.com\/\" target=\"_blank\" rel=\"noopener\"><strong>il blog di Costanza<\/strong> <strong>Miriano<\/strong><\/a><\/u><\/p>\n<p style=\"text-align: center;\">19 Luglio 2018<\/p>\n<p style=\"text-align: center;\">di<strong> Costanza Miriano<\/strong><\/p>\n<p style=\"text-align: justify;\">Sai qual \u00e8 il principale problema dell\u2019Africa?<\/p>\n<p style=\"text-align: justify;\">Il mio amico appena tornato da un lungo viaggio mi interroga, ma io sono preparata. Ho gi\u00e0 pronta la lezione sullo sfruttamento delle risorse da parte dell\u2019uomo bianco, la so, non l\u2019ho capita bene ma la so dire. Ma prima che possa partire si risponde da solo. \u201cE\u2019 la <a href=\"http:\/\/www.nigrizia.it\/notizia\/lafrica-e-la-stregoneria\" target=\"_blank\" rel=\"noopener\">stregoneria<\/a>\u201d.<\/p>\n<p><!--more--><\/p>\n<p style=\"text-align: justify;\">E parte a raccontarmi una realt\u00e0 incredibile, un mondo primitivo in cui se grandina forte e il raccolto \u00e8 distrutto lo stregone sgozza un pollo, ne osserva il sangue e in base a quello decide quale donna andr\u00e0 punita. Perch\u00e9, si sa, \u00e8 sempre colpa di una donna. Se c\u2019\u00e8 un uomo che odi con tutto il cuore, auguragli di rinascere donna in Africa, mi dice (non odio nessuno cos\u00ec tanto, e non credo nella reincarnazione, ma certo uno stage da donna africana per due mesi a qualcuno lo auspicherei, quasi quasi). La donna individuata come responsabile verr\u00e0 cacciata dal villaggio, bandita, oppure a volte messa viva nell\u2019acqua bollente o buttata nel fiume coi coccodrilli (se sopravvive era innocente). In certi casi, se la colpa della grandinata o di qualsiasi altro evento negativo verr\u00e0 attribuita con certezza a lei \u2013 secondo una cultura per cui nulla succede per motivi naturali o spiegabili scientificamente \u2013 verr\u00e0 uccisa e le verr\u00e0 mangiato il cuore.<\/p>\n<p style=\"text-align: justify;\"><a href=\"https:\/\/www.rassegnastampa-totustuus.it\/cattolica\/wp-content\/uploads\/2018\/10\/magia_Africa.jpg\"><img loading=\"lazy\" decoding=\"async\" class=\"alignright wp-image-41238\" src=\"https:\/\/www.rassegnastampa-totustuus.it\/cattolica\/wp-content\/uploads\/2018\/10\/magia_Africa.jpg\" alt=\"\" width=\"200\" height=\"200\" srcset=\"https:\/\/www.rassegnastampa-totustuus.it\/cattolica\/wp-content\/uploads\/2018\/10\/magia_Africa.jpg 225w, https:\/\/www.rassegnastampa-totustuus.it\/cattolica\/wp-content\/uploads\/2018\/10\/magia_Africa-150x150.jpg 150w\" sizes=\"auto, (max-width: 200px) 100vw, 200px\" \/><\/a>Le donne peraltro sono le uniche a lavorare, l\u00ec. Le vedi al mattino con un figlio legato davanti, uno al fianco, la cesta sulla testa che vanno nei campi. Per gli uomini in molte culture dell\u2019Africa meridionale \u00e8 un disonore lavorare, ed \u00e8 impossibile per loro da adulti imparare il rispetto delle donne. Appena non dipendono pi\u00f9 dalla mamma, smettono di seguirla al lavoro e se ne stanno fermi al villaggio.<\/p>\n<p style=\"text-align: justify;\">Ovviamente questa non \u00e8 una ricerca scientifica, ma \u00e8 il racconto di un amico, che ha visto segmenti di una realt\u00e0 e me la racconta. Nessuna pretesa di oggettivit\u00e0, ma un\u2019esperienza toccata con mano. Non stiamo parlando di immigrazione, di flussi, di rifugiati, niente di tutto questo, perch\u00e9 non so come la pensi politicamente e non voglio litigarci. So solo che \u00e8 andato l\u00ec a portare aiuti, e racconta quello che ha visto.<\/p>\n<p style=\"text-align: justify;\">Di una cosa per\u00f2 \u00e8 certissimo. I missionari danno davvero la vita per gli africani. Vivono con loro, come loro, fanno la stessa fatica e subiscono le stesse privazioni degli abitanti del posto, e l\u2019ultima cosa che fanno \u00e8 mettere una croce al collo agli africani. Per\u00f2 gli oratori sono stracolmi di persone, le messe durano tre ore e la gente li segue, perch\u00e9 parlano di Cristo con la loro vita. Questi missionari hanno dato un incarico al mio amico: aiutateci a non far partire la gente da qui, aiutateci a educarli. Insegniamo agli uomini che lavorare, insegniamo a combattere le credenze della stregoneria. Mandateci materiale edile e soldi, costruiamo delle scuole. Mandateci aiuti, intelligenze, soldi, persone.<\/p>\n<p style=\"text-align: justify;\">Il mio amico ha incontrato tante persone che lavorano l\u00ec, e non so neanche se vada a messa la domenica, ma mi ha detto chiaramente: se vuoi mandare qualcosa, manda ai missionari non ad altre organizzazioni, perch\u00e9 a differenza di queste loro non sprecano un centesimo, non tengono niente per s\u00e9, fanno fruttare tutto, al massimo, perch\u00e9 loro l\u00ec danno la vita davvero. Ha visto arcivescovi zappare la terra, preti dormire tra gli insetti, suore consumarsi fino all\u2019ultimo respiro. Il fatto \u00e8 che se non lo fai per Cristo non riesci a farlo, non in quel modo, come serve.<\/p>\n<p style=\"text-align: justify;\"><a href=\"https:\/\/www.rassegnastampa-totustuus.it\/cattolica\/wp-content\/uploads\/2006\/03\/suora_missione.jpg\"><img loading=\"lazy\" decoding=\"async\" class=\"alignleft wp-image-34475\" src=\"https:\/\/www.rassegnastampa-totustuus.it\/cattolica\/wp-content\/uploads\/2006\/03\/suora_missione.jpg\" alt=\"\" width=\"250\" height=\"187\" \/><\/a>Ecco, questo \u00e8 solo un racconto, non ha pretesa di assoluto, non \u00e8 un trattato di geopolitica, non \u00e8 una proposta di soluzione. E\u2019 una fotografia. Sicuramente altri ne avranno scattate altre, il continente \u00e8 grande e le realt\u00e0 sono tante. Comunque questa \u00e8 vera di sicuro, e volevo condividerla.<\/p>\n<p style=\"text-align: justify;\">Aggiungo quello che ho letto: minori affidati a donne che non sono le loro veri madri e che poi spariranno una volta sistemate le cose in Europa, e centinaia di donne che saranno invece dirottate a fare le prostitute, ognuna delle quale vale 60 mila euro d\u2019incasso per la mafia stessa. Solo mettendone 100.000 nel \u201cmercato del lavoro\u201d in Italia la mafia nigeriana muove un giro di affari di 600 milioni di euro all\u2019anno.<\/p>\n<p style=\"text-align: justify;\">A questo si somma quello che perde l\u2019Africa: risorse giovani. Leggo di ghanesi che hanno venduto il taxi o le proprie piccole mandrie per venire in Europa e ritrovarsi su una strada a elemosinare o a guadagnare 3 euro all\u2019ora se gli va bene, trattati come bestie, e che non riescono neanche a mettere ovviamente da parte un capitale come era nei loro progetti. E anche se desiderano tornare non lo faranno mai per la vergogna perch\u00e9 non saprebbero cosa dire al villaggio, non saprebbero come giustificare quei soldi spesi per arrivare in Europa, anzi alimentano altre partenze facendosi selfie su facebook fingendo che tutto vada bene per non dire la verit\u00e0, per vergogna. Risultato: altri giovani (diciottenni, non scolarizzati) cercano di venire qui perch\u00e9 pensano che sia facile arricchirsi. \u201d<\/p>\n<p>&nbsp;<\/p>\n","protected":false},"excerpt":{"rendered":"<p>Da il blog di Costanza Miriano 19 Luglio 2018 di Costanza Miriano Sai qual \u00e8 il principale problema dell\u2019Africa? Il mio amico appena tornato da un lungo viaggio mi interroga, ma io sono preparata. Ho gi\u00e0 pronta la lezione sullo sfruttamento delle risorse da parte dell\u2019uomo bianco, la so, non l\u2019ho capita bene ma la &hellip; <\/p>\n<p><a class=\"more-link btn\" href=\"https:\/\/www.rassegnastampa-totustuus.it\/cattolica\/africa-un-amico-racconta\/\">Continua a leggere<\/a><\/p>\n","protected":false},"author":6,"featured_media":42207,"comment_status":"closed","ping_status":"closed","sticky":false,"template":"","format":"standard","meta":{"footnotes":""},"categories":[39,38,108],"tags":[487,1217],"class_list":["post-42206","post","type-post","status-publish","format-standard","has-post-thumbnail","hentry","category-africa","category-immigrazione","category-paesi-e-continenti","tag-magia-2","tag-missionari","item-wrap"],"yoast_head":"<!-- This site is optimized with the Yoast SEO plugin v27.5 - https:\/\/yoast.com\/product\/yoast-seo-wordpress\/ -->\n<title>Africa, un amico racconta - Rassegna Stampa Cattolica<\/title>\n<meta name=\"description\" content=\"Rassegna Stampa Cattolica - Per una cultura che nasce dalla Rivelazione cristiana in conformit\u00e0 alla tradizione e al Magistero della Chiesa in opposizione ad ogni relativismo e totalitarismo\" \/>\n<meta name=\"robots\" content=\"index, follow, max-snippet:-1, max-image-preview:large, max-video-preview:-1\" \/>\n<link rel=\"canonical\" href=\"https:\/\/www.rassegnastampa-totustuus.it\/cattolica\/africa-un-amico-racconta\/\" \/>\n<meta property=\"og:locale\" content=\"it_IT\" \/>\n<meta property=\"og:type\" content=\"article\" \/>\n<meta property=\"og:title\" content=\"Africa, un amico racconta - Rassegna Stampa Cattolica\" \/>\n<meta property=\"og:description\" content=\"Rassegna Stampa Cattolica - Per una cultura che nasce dalla Rivelazione cristiana in conformit\u00e0 alla tradizione e al Magistero della Chiesa in opposizione ad ogni relativismo e totalitarismo\" \/>\n<meta property=\"og:url\" content=\"https:\/\/www.rassegnastampa-totustuus.it\/cattolica\/africa-un-amico-racconta\/\" \/>\n<meta property=\"og:site_name\" content=\"Rassegna Stampa Cattolica\" \/>\n<meta property=\"article:publisher\" content=\"https:\/\/www.facebook.com\/rassegnastampacattolica\" \/>\n<meta property=\"article:published_time\" content=\"2019-03-06T23:00:20+00:00\" \/>\n<meta property=\"og:image\" content=\"https:\/\/www.rassegnastampa-totustuus.it\/cattolica\/wp-content\/uploads\/2019\/03\/stregoneria_Africa.jpg\" \/>\n\t<meta property=\"og:image:width\" content=\"248\" \/>\n\t<meta property=\"og:image:height\" content=\"203\" \/>\n\t<meta property=\"og:image:type\" content=\"image\/jpeg\" \/>\n<meta name=\"author\" content=\"Redazione\" \/>\n<meta name=\"twitter:card\" content=\"summary_large_image\" \/>\n<meta name=\"twitter:creator\" content=\"@rassegnastampa9\" \/>\n<meta name=\"twitter:site\" content=\"@rassegnastampa9\" \/>\n<meta name=\"twitter:label1\" content=\"Scritto da\" \/>\n\t<meta name=\"twitter:data1\" content=\"Redazione\" \/>\n\t<meta name=\"twitter:label2\" content=\"Tempo di lettura stimato\" \/>\n\t<meta name=\"twitter:data2\" content=\"4 minuti\" \/>\n<script type=\"application\/ld+json\" class=\"yoast-schema-graph\">{\"@context\":\"https:\\\/\\\/schema.org\",\"@graph\":[{\"@type\":\"Article\",\"@id\":\"https:\\\/\\\/www.rassegnastampa-totustuus.it\\\/cattolica\\\/africa-un-amico-racconta\\\/#article\",\"isPartOf\":{\"@id\":\"https:\\\/\\\/www.rassegnastampa-totustuus.it\\\/cattolica\\\/africa-un-amico-racconta\\\/\"},\"author\":{\"name\":\"Redazione\",\"@id\":\"https:\\\/\\\/www.rassegnastampa-totustuus.it\\\/cattolica\\\/#\\\/schema\\\/person\\\/08f319d2bd1a0904ad9e2bfb7b15e5c3\"},\"headline\":\"Africa, un amico racconta\",\"datePublished\":\"2019-03-06T23:00:20+00:00\",\"mainEntityOfPage\":{\"@id\":\"https:\\\/\\\/www.rassegnastampa-totustuus.it\\\/cattolica\\\/africa-un-amico-racconta\\\/\"},\"wordCount\":838,\"publisher\":{\"@id\":\"https:\\\/\\\/www.rassegnastampa-totustuus.it\\\/cattolica\\\/#organization\"},\"image\":{\"@id\":\"https:\\\/\\\/www.rassegnastampa-totustuus.it\\\/cattolica\\\/africa-un-amico-racconta\\\/#primaryimage\"},\"thumbnailUrl\":\"https:\\\/\\\/www.rassegnastampa-totustuus.it\\\/cattolica\\\/wp-content\\\/uploads\\\/2019\\\/03\\\/stregoneria_Africa.jpg\",\"keywords\":[\"magia\",\"missionari\"],\"articleSection\":[\"Africa\",\"Immigrazione\",\"Paesi e continenti\"],\"inLanguage\":\"it-IT\"},{\"@type\":\"WebPage\",\"@id\":\"https:\\\/\\\/www.rassegnastampa-totustuus.it\\\/cattolica\\\/africa-un-amico-racconta\\\/\",\"url\":\"https:\\\/\\\/www.rassegnastampa-totustuus.it\\\/cattolica\\\/africa-un-amico-racconta\\\/\",\"name\":\"Africa, un amico racconta - Rassegna Stampa Cattolica\",\"isPartOf\":{\"@id\":\"https:\\\/\\\/www.rassegnastampa-totustuus.it\\\/cattolica\\\/#website\"},\"primaryImageOfPage\":{\"@id\":\"https:\\\/\\\/www.rassegnastampa-totustuus.it\\\/cattolica\\\/africa-un-amico-racconta\\\/#primaryimage\"},\"image\":{\"@id\":\"https:\\\/\\\/www.rassegnastampa-totustuus.it\\\/cattolica\\\/africa-un-amico-racconta\\\/#primaryimage\"},\"thumbnailUrl\":\"https:\\\/\\\/www.rassegnastampa-totustuus.it\\\/cattolica\\\/wp-content\\\/uploads\\\/2019\\\/03\\\/stregoneria_Africa.jpg\",\"datePublished\":\"2019-03-06T23:00:20+00:00\",\"description\":\"Rassegna Stampa Cattolica - Per una cultura che nasce dalla Rivelazione cristiana in conformit\u00e0 alla tradizione e al Magistero della Chiesa in opposizione ad ogni relativismo e totalitarismo\",\"breadcrumb\":{\"@id\":\"https:\\\/\\\/www.rassegnastampa-totustuus.it\\\/cattolica\\\/africa-un-amico-racconta\\\/#breadcrumb\"},\"inLanguage\":\"it-IT\",\"potentialAction\":[{\"@type\":\"ReadAction\",\"target\":[\"https:\\\/\\\/www.rassegnastampa-totustuus.it\\\/cattolica\\\/africa-un-amico-racconta\\\/\"]}]},{\"@type\":\"ImageObject\",\"inLanguage\":\"it-IT\",\"@id\":\"https:\\\/\\\/www.rassegnastampa-totustuus.it\\\/cattolica\\\/africa-un-amico-racconta\\\/#primaryimage\",\"url\":\"https:\\\/\\\/www.rassegnastampa-totustuus.it\\\/cattolica\\\/wp-content\\\/uploads\\\/2019\\\/03\\\/stregoneria_Africa.jpg\",\"contentUrl\":\"https:\\\/\\\/www.rassegnastampa-totustuus.it\\\/cattolica\\\/wp-content\\\/uploads\\\/2019\\\/03\\\/stregoneria_Africa.jpg\",\"width\":248,\"height\":203},{\"@type\":\"BreadcrumbList\",\"@id\":\"https:\\\/\\\/www.rassegnastampa-totustuus.it\\\/cattolica\\\/africa-un-amico-racconta\\\/#breadcrumb\",\"itemListElement\":[{\"@type\":\"ListItem\",\"position\":1,\"name\":\"Home\",\"item\":\"https:\\\/\\\/www.rassegnastampa-totustuus.it\\\/cattolica\\\/\"},{\"@type\":\"ListItem\",\"position\":2,\"name\":\"Africa, un amico racconta\"}]},{\"@type\":\"WebSite\",\"@id\":\"https:\\\/\\\/www.rassegnastampa-totustuus.it\\\/cattolica\\\/#website\",\"url\":\"https:\\\/\\\/www.rassegnastampa-totustuus.it\\\/cattolica\\\/\",\"name\":\"Rassegna Stampa Cattolica\",\"description\":\"Per una cultura che nasce dalla Rivelazione cristiana in conformit\u00e0 alla tradizione e al Magistero della Chiesa in opposizione ad ogni relativismo e totalitarismo\",\"publisher\":{\"@id\":\"https:\\\/\\\/www.rassegnastampa-totustuus.it\\\/cattolica\\\/#organization\"},\"alternateName\":\"Rass. Cattolica\",\"potentialAction\":[{\"@type\":\"SearchAction\",\"target\":{\"@type\":\"EntryPoint\",\"urlTemplate\":\"https:\\\/\\\/www.rassegnastampa-totustuus.it\\\/cattolica\\\/?s={search_term_string}\"},\"query-input\":{\"@type\":\"PropertyValueSpecification\",\"valueRequired\":true,\"valueName\":\"search_term_string\"}}],\"inLanguage\":\"it-IT\"},{\"@type\":\"Organization\",\"@id\":\"https:\\\/\\\/www.rassegnastampa-totustuus.it\\\/cattolica\\\/#organization\",\"name\":\"Rassegna Stampa Cattolica\",\"url\":\"https:\\\/\\\/www.rassegnastampa-totustuus.it\\\/cattolica\\\/\",\"logo\":{\"@type\":\"ImageObject\",\"inLanguage\":\"it-IT\",\"@id\":\"https:\\\/\\\/www.rassegnastampa-totustuus.it\\\/cattolica\\\/#\\\/schema\\\/logo\\\/image\\\/\",\"url\":\"https:\\\/\\\/www.rassegnastampa-totustuus.it\\\/cattolica\\\/wp-content\\\/uploads\\\/2014\\\/04\\\/logo-rassegna1.gif\",\"contentUrl\":\"https:\\\/\\\/www.rassegnastampa-totustuus.it\\\/cattolica\\\/wp-content\\\/uploads\\\/2014\\\/04\\\/logo-rassegna1.gif\",\"width\":600,\"height\":163,\"caption\":\"Rassegna Stampa Cattolica\"},\"image\":{\"@id\":\"https:\\\/\\\/www.rassegnastampa-totustuus.it\\\/cattolica\\\/#\\\/schema\\\/logo\\\/image\\\/\"},\"sameAs\":[\"https:\\\/\\\/www.facebook.com\\\/rassegnastampacattolica\",\"https:\\\/\\\/x.com\\\/rassegnastampa9\"]},{\"@type\":\"Person\",\"@id\":\"https:\\\/\\\/www.rassegnastampa-totustuus.it\\\/cattolica\\\/#\\\/schema\\\/person\\\/08f319d2bd1a0904ad9e2bfb7b15e5c3\",\"name\":\"Redazione\",\"image\":{\"@type\":\"ImageObject\",\"inLanguage\":\"it-IT\",\"@id\":\"https:\\\/\\\/secure.gravatar.com\\\/avatar\\\/2fcdf27c78ea025fbdb44e914cc63c72249ffec9dc8aafd5c82b26240ef3f346?s=96&d=mm&r=g\",\"url\":\"https:\\\/\\\/secure.gravatar.com\\\/avatar\\\/2fcdf27c78ea025fbdb44e914cc63c72249ffec9dc8aafd5c82b26240ef3f346?s=96&d=mm&r=g\",\"contentUrl\":\"https:\\\/\\\/secure.gravatar.com\\\/avatar\\\/2fcdf27c78ea025fbdb44e914cc63c72249ffec9dc8aafd5c82b26240ef3f346?s=96&d=mm&r=g\",\"caption\":\"Redazione\"},\"url\":\"https:\\\/\\\/www.rassegnastampa-totustuus.it\\\/cattolica\\\/author\\\/pietroelle\\\/\"}]}<\/script>\n<!-- \/ Yoast SEO plugin. -->","yoast_head_json":{"title":"Africa, un amico racconta - Rassegna Stampa Cattolica","description":"Rassegna Stampa Cattolica - Per una cultura che nasce dalla Rivelazione cristiana in conformit\u00e0 alla tradizione e al Magistero della Chiesa in opposizione ad ogni relativismo e totalitarismo","robots":{"index":"index","follow":"follow","max-snippet":"max-snippet:-1","max-image-preview":"max-image-preview:large","max-video-preview":"max-video-preview:-1"},"canonical":"https:\/\/www.rassegnastampa-totustuus.it\/cattolica\/africa-un-amico-racconta\/","og_locale":"it_IT","og_type":"article","og_title":"Africa, un amico racconta - Rassegna Stampa Cattolica","og_description":"Rassegna Stampa Cattolica - Per una cultura che nasce dalla Rivelazione cristiana in conformit\u00e0 alla tradizione e al Magistero della Chiesa in opposizione ad ogni relativismo e totalitarismo","og_url":"https:\/\/www.rassegnastampa-totustuus.it\/cattolica\/africa-un-amico-racconta\/","og_site_name":"Rassegna Stampa Cattolica","article_publisher":"https:\/\/www.facebook.com\/rassegnastampacattolica","article_published_time":"2019-03-06T23:00:20+00:00","og_image":[{"width":248,"height":203,"url":"https:\/\/www.rassegnastampa-totustuus.it\/cattolica\/wp-content\/uploads\/2019\/03\/stregoneria_Africa.jpg","type":"image\/jpeg"}],"author":"Redazione","twitter_card":"summary_large_image","twitter_creator":"@rassegnastampa9","twitter_site":"@rassegnastampa9","twitter_misc":{"Scritto da":"Redazione","Tempo di lettura stimato":"4 minuti"},"schema":{"@context":"https:\/\/schema.org","@graph":[{"@type":"Article","@id":"https:\/\/www.rassegnastampa-totustuus.it\/cattolica\/africa-un-amico-racconta\/#article","isPartOf":{"@id":"https:\/\/www.rassegnastampa-totustuus.it\/cattolica\/africa-un-amico-racconta\/"},"author":{"name":"Redazione","@id":"https:\/\/www.rassegnastampa-totustuus.it\/cattolica\/#\/schema\/person\/08f319d2bd1a0904ad9e2bfb7b15e5c3"},"headline":"Africa, un amico racconta","datePublished":"2019-03-06T23:00:20+00:00","mainEntityOfPage":{"@id":"https:\/\/www.rassegnastampa-totustuus.it\/cattolica\/africa-un-amico-racconta\/"},"wordCount":838,"publisher":{"@id":"https:\/\/www.rassegnastampa-totustuus.it\/cattolica\/#organization"},"image":{"@id":"https:\/\/www.rassegnastampa-totustuus.it\/cattolica\/africa-un-amico-racconta\/#primaryimage"},"thumbnailUrl":"https:\/\/www.rassegnastampa-totustuus.it\/cattolica\/wp-content\/uploads\/2019\/03\/stregoneria_Africa.jpg","keywords":["magia","missionari"],"articleSection":["Africa","Immigrazione","Paesi e continenti"],"inLanguage":"it-IT"},{"@type":"WebPage","@id":"https:\/\/www.rassegnastampa-totustuus.it\/cattolica\/africa-un-amico-racconta\/","url":"https:\/\/www.rassegnastampa-totustuus.it\/cattolica\/africa-un-amico-racconta\/","name":"Africa, un amico racconta - Rassegna Stampa Cattolica","isPartOf":{"@id":"https:\/\/www.rassegnastampa-totustuus.it\/cattolica\/#website"},"primaryImageOfPage":{"@id":"https:\/\/www.rassegnastampa-totustuus.it\/cattolica\/africa-un-amico-racconta\/#primaryimage"},"image":{"@id":"https:\/\/www.rassegnastampa-totustuus.it\/cattolica\/africa-un-amico-racconta\/#primaryimage"},"thumbnailUrl":"https:\/\/www.rassegnastampa-totustuus.it\/cattolica\/wp-content\/uploads\/2019\/03\/stregoneria_Africa.jpg","datePublished":"2019-03-06T23:00:20+00:00","description":"Rassegna Stampa Cattolica - Per una cultura che nasce dalla Rivelazione cristiana in conformit\u00e0 alla tradizione e al Magistero della Chiesa in opposizione ad ogni relativismo e totalitarismo","breadcrumb":{"@id":"https:\/\/www.rassegnastampa-totustuus.it\/cattolica\/africa-un-amico-racconta\/#breadcrumb"},"inLanguage":"it-IT","potentialAction":[{"@type":"ReadAction","target":["https:\/\/www.rassegnastampa-totustuus.it\/cattolica\/africa-un-amico-racconta\/"]}]},{"@type":"ImageObject","inLanguage":"it-IT","@id":"https:\/\/www.rassegnastampa-totustuus.it\/cattolica\/africa-un-amico-racconta\/#primaryimage","url":"https:\/\/www.rassegnastampa-totustuus.it\/cattolica\/wp-content\/uploads\/2019\/03\/stregoneria_Africa.jpg","contentUrl":"https:\/\/www.rassegnastampa-totustuus.it\/cattolica\/wp-content\/uploads\/2019\/03\/stregoneria_Africa.jpg","width":248,"height":203},{"@type":"BreadcrumbList","@id":"https:\/\/www.rassegnastampa-totustuus.it\/cattolica\/africa-un-amico-racconta\/#breadcrumb","itemListElement":[{"@type":"ListItem","position":1,"name":"Home","item":"https:\/\/www.rassegnastampa-totustuus.it\/cattolica\/"},{"@type":"ListItem","position":2,"name":"Africa, un amico racconta"}]},{"@type":"WebSite","@id":"https:\/\/www.rassegnastampa-totustuus.it\/cattolica\/#website","url":"https:\/\/www.rassegnastampa-totustuus.it\/cattolica\/","name":"Rassegna Stampa Cattolica","description":"Per una cultura che nasce dalla Rivelazione cristiana in conformit\u00e0 alla tradizione e al Magistero della Chiesa in opposizione ad ogni relativismo e totalitarismo","publisher":{"@id":"https:\/\/www.rassegnastampa-totustuus.it\/cattolica\/#organization"},"alternateName":"Rass. Cattolica","potentialAction":[{"@type":"SearchAction","target":{"@type":"EntryPoint","urlTemplate":"https:\/\/www.rassegnastampa-totustuus.it\/cattolica\/?s={search_term_string}"},"query-input":{"@type":"PropertyValueSpecification","valueRequired":true,"valueName":"search_term_string"}}],"inLanguage":"it-IT"},{"@type":"Organization","@id":"https:\/\/www.rassegnastampa-totustuus.it\/cattolica\/#organization","name":"Rassegna Stampa Cattolica","url":"https:\/\/www.rassegnastampa-totustuus.it\/cattolica\/","logo":{"@type":"ImageObject","inLanguage":"it-IT","@id":"https:\/\/www.rassegnastampa-totustuus.it\/cattolica\/#\/schema\/logo\/image\/","url":"https:\/\/www.rassegnastampa-totustuus.it\/cattolica\/wp-content\/uploads\/2014\/04\/logo-rassegna1.gif","contentUrl":"https:\/\/www.rassegnastampa-totustuus.it\/cattolica\/wp-content\/uploads\/2014\/04\/logo-rassegna1.gif","width":600,"height":163,"caption":"Rassegna Stampa Cattolica"},"image":{"@id":"https:\/\/www.rassegnastampa-totustuus.it\/cattolica\/#\/schema\/logo\/image\/"},"sameAs":["https:\/\/www.facebook.com\/rassegnastampacattolica","https:\/\/x.com\/rassegnastampa9"]},{"@type":"Person","@id":"https:\/\/www.rassegnastampa-totustuus.it\/cattolica\/#\/schema\/person\/08f319d2bd1a0904ad9e2bfb7b15e5c3","name":"Redazione","image":{"@type":"ImageObject","inLanguage":"it-IT","@id":"https:\/\/secure.gravatar.com\/avatar\/2fcdf27c78ea025fbdb44e914cc63c72249ffec9dc8aafd5c82b26240ef3f346?s=96&d=mm&r=g","url":"https:\/\/secure.gravatar.com\/avatar\/2fcdf27c78ea025fbdb44e914cc63c72249ffec9dc8aafd5c82b26240ef3f346?s=96&d=mm&r=g","contentUrl":"https:\/\/secure.gravatar.com\/avatar\/2fcdf27c78ea025fbdb44e914cc63c72249ffec9dc8aafd5c82b26240ef3f346?s=96&d=mm&r=g","caption":"Redazione"},"url":"https:\/\/www.rassegnastampa-totustuus.it\/cattolica\/author\/pietroelle\/"}]}},"_links":{"self":[{"href":"https:\/\/www.rassegnastampa-totustuus.it\/cattolica\/wp-json\/wp\/v2\/posts\/42206","targetHints":{"allow":["GET"]}}],"collection":[{"href":"https:\/\/www.rassegnastampa-totustuus.it\/cattolica\/wp-json\/wp\/v2\/posts"}],"about":[{"href":"https:\/\/www.rassegnastampa-totustuus.it\/cattolica\/wp-json\/wp\/v2\/types\/post"}],"author":[{"embeddable":true,"href":"https:\/\/www.rassegnastampa-totustuus.it\/cattolica\/wp-json\/wp\/v2\/users\/6"}],"replies":[{"embeddable":true,"href":"https:\/\/www.rassegnastampa-totustuus.it\/cattolica\/wp-json\/wp\/v2\/comments?post=42206"}],"version-history":[{"count":1,"href":"https:\/\/www.rassegnastampa-totustuus.it\/cattolica\/wp-json\/wp\/v2\/posts\/42206\/revisions"}],"predecessor-version":[{"id":42208,"href":"https:\/\/www.rassegnastampa-totustuus.it\/cattolica\/wp-json\/wp\/v2\/posts\/42206\/revisions\/42208"}],"wp:featuredmedia":[{"embeddable":true,"href":"https:\/\/www.rassegnastampa-totustuus.it\/cattolica\/wp-json\/wp\/v2\/media\/42207"}],"wp:attachment":[{"href":"https:\/\/www.rassegnastampa-totustuus.it\/cattolica\/wp-json\/wp\/v2\/media?parent=42206"}],"wp:term":[{"taxonomy":"category","embeddable":true,"href":"https:\/\/www.rassegnastampa-totustuus.it\/cattolica\/wp-json\/wp\/v2\/categories?post=42206"},{"taxonomy":"post_tag","embeddable":true,"href":"https:\/\/www.rassegnastampa-totustuus.it\/cattolica\/wp-json\/wp\/v2\/tags?post=42206"}],"curies":[{"name":"wp","href":"https:\/\/api.w.org\/{rel}","templated":true}]}}