{"id":4214,"date":"2010-11-18T00:00:00","date_gmt":"2010-11-17T23:00:00","guid":{"rendered":""},"modified":"2016-03-01T11:14:11","modified_gmt":"2016-03-01T10:14:11","slug":"chi-siamo-noi-cristiani-delliraq","status":"publish","type":"post","link":"https:\/\/www.rassegnastampa-totustuus.it\/cattolica\/chi-siamo-noi-cristiani-delliraq\/","title":{"rendered":"Chi siamo, noi cristiani dell\u2019Iraq?"},"content":{"rendered":"<div style=\"text-align: center;\"><strong><img loading=\"lazy\" decoding=\"async\" class=\"alignleft wp-image-31176\" src=\"https:\/\/www.rassegnastampa-totustuus.it\/cattolica\/wp-content\/uploads\/2010\/11\/cristiani_Iraq.jpg\" alt=\"cristiani_Iraq\" width=\"250\" height=\"168\" \/>ZENIT,<\/strong> Agenzia di Notizie<\/div>\n<div style=\"text-align: center;\">marted\u00ec, 9 novembre 2010<\/div>\n<p style=\"text-align: center;\">di padre <strong>Albert Hisham Naoum<\/strong><\/p>\n<p style=\"text-align: justify;\">ROMA &#8211; I martiri della chiesa di Nostra Madre &#8220;Signora del Perpetuo Soccorso&#8221; hanno mostrato al mondo, ancora una volta, chi siamo noi, cristiani dell&#8217;Iraq, e si sono uniti ai martiri della nostra Chiesa, coloro che hanno sacrificato la loro vita, per offrirla a Cristo, nostro Signore, che ci ha insegnato a testimoniare per la risurrezione, per la vita, per il perdono, per la speranza, per l&#8217;amore, per la fede, per la gioia. Il sangue dei nostri eroi caduti, grida al mondo e a tutta l&#8217;umanita, e spinge noi cristiani dell&#8217;Iraq, ovunque siamo, a &#8220;predicare&#8221; al mondo il Cristo sofferente e risorto che vive nella nostra terra ferita.<\/p>\n<p><!--more--><\/p>\n<div style=\"text-align: justify;\">S\u00ec, dico &#8220;predicare&#8221; perch\u00e9 la nostra fede &#8220;\u00e8 una buona novella&#8221;, lo era e cos\u00ec sar\u00e0 per sempre. Chi ha orecchi per udire, che ci senta adesso, e che conosca il Cristo vissuto dai cristiani dell&#8217;Iraq. E&#8217; una testimonianza che viviamo e che continueremo a vivere. E se vi \u00e8 qualcuno che non sente la sua importanza nella vita, ci limitiamo a dire, a lui e al mondo intero, che per noi \u00e8 la &#8220;vita&#8221; intera. Quello che il mondo chiama &#8220;il niente&#8221;, per noi e&#8217; &#8220;il tutto&#8221;!<\/div>\n<p style=\"text-align: justify;\">I cristiani dell&#8217;Iraq ben conoscono il Cristo risorto cha ha vinto la morte, non perch\u00e9 sono fedeli battezzati, ma piuttosto perch\u00e9, con Lui, hanno sperimentato parecchie volte la morte sulla croce, e perch\u00e9 come Lui hanno bevuto l&#8217;amaro calice e hanno vissuto l&#8217;abbandono degli altri. E fianco a fianco con Lui hanno percorso la via della sua croce, e sono caduti sotto il peso della loro croce, una volta nell&#8217;attacco alle loro chiese, e un&#8217; altra con la morte, e un&#8217;altra ancora col massacro di Nostra Signora del Perpetuo Soccorso, e nonostante ci\u00f2, continuano ad alzarsi e a vivere la loro fede come hanno sempre fatto lungo la storia, camminando lungo la via della sofferenza.<\/p>\n<p style=\"text-align: justify;\">Per i cristiani dell&#8217;Iraq, il 31 ottobre non \u00e8 stata la prima volta che hanno sofferto, e nessun essere umano, e specialmente coloro che pretendono di volere la pace ma in realt\u00e0 non la vogliono, pu\u00f2 pretendere che questa sar\u00e0 l&#8217;ultima volta. Ma loro non ci interessano, perch\u00e9 la nostra speranza non \u00e8 mai stata e mai lo sar\u00e0 in loro, ma in Colui che ha portato la sua croce e ha camminato sulla via della morte per garantirci che la vita alla fine continuer\u00e0 e vincer\u00e0.<\/p>\n<p style=\"text-align: justify;\">I cristiani dell&#8217;Iraq hanno sperimentato in maniera profonda il senso della vita perch\u00e9 ne hanno vissuto le gioie dopo averne gustato l&#8217;amaro delle tristezze; ne hanno vissuto la speranza dopo aver sperimentato la potenza della tragedia; ne hanno vissuto il riso dopo aver versato le lacrime; e ne hanno vissuto il sorriso dopo aver visto la volont\u00e0 rotta dalla violenza. Questi sono realmente i cristiani dell&#8217;Iraq con il loro cuore buono, che ama tutti e la patria e la vita; questi sono coloro che perdonano i loro nemici e seminano il bene ovunque si trovino, e diffondono lo spirito della pace che sa del loro profumo. E nonostante le loro tante sofferenze, non hanno mai dimenticato di vivere il loro spirito cristiano in ogni luogo.<\/p>\n<p style=\"text-align: justify;\">Volete un esempio di tutto questo?! Bene, ve lo mostra la chiesa di Nostra Signora del Perpetuo Soccorso, che vi parler\u00e0 a nome di tutti i cristiani dell&#8217;Iraq e vi dar\u00e0 esempi scritti col sangue dei suoi martiri. Avete sentito in che modo sono morti in questo massacro i due preti coraggiosi, Wasim Sabieh e Thaier Saad Abdal?! Sapevate che hanno difeso i fedeli e hanno cercato di salvarli offrendo la loro vita non appena i criminali hanno messo piede in chiesa?!<\/p>\n<p style=\"text-align: justify;\">Lo sapevate che un padre ha protetto il suo figlioletto coprendolo totalmente con il corpo mentre erano sdraiati a terra, ed \u00e8 morto con una raffica di proiettili per far soppravvivere il figlio?! Avete sentito che gli assassini hanno ucciso una bimba di 4 mesi e una giovane che nel giono della sua morte aveva ricevuto la notizia pi\u00f9 bella, e cio\u00e8 che era incinta, e per questo era andata in chiesa per ringraziare il Signore per questo dono?!<\/p>\n<p style=\"text-align: justify;\">O popoli del mondo, questi sono i cristiani dell&#8217;Iraq. Udite e testimoniate a tutti!<\/p>\n<p style=\"text-align: justify;\">E voi cristiani dell&#8217;Iraq, se la tristezza riempie le vostre anime e non vedete il futuro, guardate lass\u00f9, al Dio dei Cieli e della Terra, e ricordatevi bene di chi siete e fatelo sapere al mondo! Cristo non lascer\u00e0 soli noi che siamo il suo &#8220;piccolo gregge&#8221; e ci vorr\u00e0 sempre con Lui, a vivere la nostra fede e il nostro amore per tutti come abbiamo sempre fatto, perch\u00e9 ci dice &#8220;da questo tutti sapranno che siete miei discepoli&#8221; (Giovanni 13: 35).<\/p>\n<p style=\"text-align: justify;\">Testimoniamo con la nostra vita, affinch\u00e9 le coscienze vedano quanto ci sta accadendo, e affinch\u00e9 sentano coloro che hanno tappato gli orecchi e parlino coloro che hanno serrato le labbra. Noi siamo i cristiani dell&#8217;Iraq!<\/p>\n<p style=\"text-align: center;\">* * *<\/p>\n<p style=\"text-align: center;\"><strong>Internazionale<\/strong> n.871 5-11 novembre 2010<\/p>\n<p style=\"text-align: center;\"><strong>L&#8217;esodo dei cristiani d&#8217;Oriente<\/strong><\/p>\n<p style=\"text-align: center;\"><em>articolo tratto da:<\/em> <strong>Le Monde, Francia<\/strong><\/p>\n<p style=\"text-align: justify;\">Difficile parlare di &#8220;terrorismo cieco&#8221; quando dei preti e dei fedeli che assistono alla messa so\u00adno uccisi nella loro chiesa, alla vigilia di Ognis\u00adsanti. \u00c8 accaduto a Baghdad, dove un tentativo di sequestro si \u00e8 concluso con una strage, il 31 ot\u00adtobre, dopo l&#8217;intervento dell&#8217;esercito iracheno. Bilancio: pi\u00f9 di 50 morti, in maggioranza donne e bambini. Obiettivo dell&#8217;attentato era la comu\u00adnit\u00e0 cristiana del paese, spesso presa di mira dal\u00adle &#8220;milizie islamiste&#8221; che destabilizzano l&#8217;Iraq da quando \u00e8 caduto Saddam Hussein.<\/p>\n<p style=\"text-align: justify;\">\u00c8 l&#8217;ultimo atto di una lunga tragedia: l&#8217;esilio dei cristiani d&#8217;Oriente. Islamismo, conflitti vari &#8211; in partico\u00adlare quello israelo-palestinese -, povert\u00e0: sono molte le cause che spiegano questo dramma. I cristiani fuggono dai luoghi che sono la culla del\u00adla loro fede. Quasi la met\u00e0 della popolazione cri\u00adstiana irachena \u00e8 fuggita dal paese negli ultimi vent&#8217;anni. Dall&#8217;invasione statunitense del 2003 e dopo anni di violenze l&#8217;esodo si \u00e8 accelerato.<\/p>\n<p style=\"text-align: justify;\">Il problema riguarda l&#8217;intera regione. Per il gesuita egiziano Samir Khalil Samir, la scompar\u00adsa dei cristiani d&#8217;Oriente non \u00e8 &#8220;una semplice ipotesi&#8221;: in un secolo, la popolazione cristiana della Turchia \u00e8 passata dal 20 allo 0,2 per cento. Nello stesso periodo la percentuale dei cristiani nell&#8217;insieme dei paesi che hanno visto nascere e prosperare il cristianesimo \u00e8 scesa dal 15 al 6 per cento.<\/p>\n<p style=\"text-align: justify;\">Una serie di motivi economici, politici, de\u00admografici e religiosi spiega il fenomeno. Ma da qualche anno il clero e i fedeli mettono tra le cau\u00adse la crescente islamizzazione delle societ\u00e0 in cui vivono. Al di l\u00e0 dell&#8217;isiam radicale, \u00e8 ormai il confrontarsi quotidianamente con l&#8217;isiam politi\u00adco a rendere difficile la sopravvivenza della cul\u00adtura cristiana.<\/p>\n<p style=\"text-align: justify;\">Il Vaticano ha protestato. Non dovrebbe ri\u00admanere solo: l&#8217;esodo dei cristiani d&#8217;Oriente \u00e8 un dramma che riguarda tutti.<\/p>\n<p style=\"text-align: justify;\">+ <em>oda<\/em><\/p>\n","protected":false},"excerpt":{"rendered":"<p>ZENIT, Agenzia di Notizie marted\u00ec, 9 novembre 2010 di padre Albert Hisham Naoum ROMA &#8211; I martiri della chiesa di Nostra Madre &#8220;Signora del Perpetuo Soccorso&#8221; hanno mostrato al mondo, ancora una volta, chi siamo noi, cristiani dell&#8217;Iraq, e si sono uniti ai martiri della nostra Chiesa, coloro che hanno sacrificato la loro vita, per &hellip; <\/p>\n<p><a class=\"more-link btn\" href=\"https:\/\/www.rassegnastampa-totustuus.it\/cattolica\/chi-siamo-noi-cristiani-delliraq\/\">Continua a leggere<\/a><\/p>\n","protected":false},"author":6,"featured_media":31176,"comment_status":"closed","ping_status":"open","sticky":false,"template":"","format":"standard","meta":{"footnotes":""},"categories":[5,33,44],"tags":[470,2399],"class_list":["post-4214","post","type-post","status-publish","format-standard","has-post-thumbnail","hentry","category-chiesa","category-cristiani-nell-islam","category-cristiani-perseguitati","tag-cristiani-perseguitati-2","tag-iraq","item-wrap"],"yoast_head":"<!-- This site is optimized with the Yoast SEO plugin v27.5 - https:\/\/yoast.com\/product\/yoast-seo-wordpress\/ -->\n<title>Chi siamo, noi cristiani dell\u2019Iraq? - Rassegna Stampa Cattolica<\/title>\n<meta name=\"description\" content=\"Rassegna Stampa Cattolica - Per una cultura che nasce dalla Rivelazione cristiana in conformit\u00e0 alla tradizione e al Magistero della Chiesa in opposizione ad ogni relativismo e totalitarismo\" \/>\n<meta name=\"robots\" content=\"index, follow, max-snippet:-1, max-image-preview:large, max-video-preview:-1\" \/>\n<link rel=\"canonical\" href=\"https:\/\/www.rassegnastampa-totustuus.it\/cattolica\/chi-siamo-noi-cristiani-delliraq\/\" \/>\n<meta property=\"og:locale\" content=\"it_IT\" \/>\n<meta property=\"og:type\" content=\"article\" \/>\n<meta property=\"og:title\" content=\"Chi siamo, noi cristiani dell\u2019Iraq? - Rassegna Stampa Cattolica\" \/>\n<meta property=\"og:description\" content=\"Rassegna Stampa Cattolica - Per una cultura che nasce dalla Rivelazione cristiana in conformit\u00e0 alla tradizione e al Magistero della Chiesa in opposizione ad ogni relativismo e totalitarismo\" \/>\n<meta property=\"og:url\" content=\"https:\/\/www.rassegnastampa-totustuus.it\/cattolica\/chi-siamo-noi-cristiani-delliraq\/\" \/>\n<meta property=\"og:site_name\" content=\"Rassegna Stampa Cattolica\" \/>\n<meta property=\"article:publisher\" content=\"https:\/\/www.facebook.com\/rassegnastampacattolica\" \/>\n<meta property=\"article:published_time\" content=\"2010-11-17T23:00:00+00:00\" \/>\n<meta property=\"article:modified_time\" content=\"2016-03-01T10:14:11+00:00\" \/>\n<meta property=\"og:image\" content=\"https:\/\/www.rassegnastampa-totustuus.it\/cattolica\/wp-content\/uploads\/2010\/11\/cristiani_Iraq.jpg\" \/>\n\t<meta property=\"og:image:width\" content=\"274\" \/>\n\t<meta property=\"og:image:height\" content=\"184\" \/>\n\t<meta property=\"og:image:type\" content=\"image\/jpeg\" \/>\n<meta name=\"author\" content=\"Redazione\" \/>\n<meta name=\"twitter:card\" content=\"summary_large_image\" \/>\n<meta name=\"twitter:creator\" content=\"@rassegnastampa9\" \/>\n<meta name=\"twitter:site\" content=\"@rassegnastampa9\" \/>\n<meta name=\"twitter:label1\" content=\"Scritto da\" \/>\n\t<meta name=\"twitter:data1\" content=\"Redazione\" \/>\n\t<meta name=\"twitter:label2\" content=\"Tempo di lettura stimato\" \/>\n\t<meta name=\"twitter:data2\" content=\"6 minuti\" \/>\n<script type=\"application\/ld+json\" class=\"yoast-schema-graph\">{\"@context\":\"https:\\\/\\\/schema.org\",\"@graph\":[{\"@type\":\"Article\",\"@id\":\"https:\\\/\\\/www.rassegnastampa-totustuus.it\\\/cattolica\\\/chi-siamo-noi-cristiani-delliraq\\\/#article\",\"isPartOf\":{\"@id\":\"https:\\\/\\\/www.rassegnastampa-totustuus.it\\\/cattolica\\\/chi-siamo-noi-cristiani-delliraq\\\/\"},\"author\":{\"name\":\"Redazione\",\"@id\":\"https:\\\/\\\/www.rassegnastampa-totustuus.it\\\/cattolica\\\/#\\\/schema\\\/person\\\/08f319d2bd1a0904ad9e2bfb7b15e5c3\"},\"headline\":\"Chi siamo, noi cristiani dell\u2019Iraq?\",\"datePublished\":\"2010-11-17T23:00:00+00:00\",\"dateModified\":\"2016-03-01T10:14:11+00:00\",\"mainEntityOfPage\":{\"@id\":\"https:\\\/\\\/www.rassegnastampa-totustuus.it\\\/cattolica\\\/chi-siamo-noi-cristiani-delliraq\\\/\"},\"wordCount\":1155,\"publisher\":{\"@id\":\"https:\\\/\\\/www.rassegnastampa-totustuus.it\\\/cattolica\\\/#organization\"},\"image\":{\"@id\":\"https:\\\/\\\/www.rassegnastampa-totustuus.it\\\/cattolica\\\/chi-siamo-noi-cristiani-delliraq\\\/#primaryimage\"},\"thumbnailUrl\":\"https:\\\/\\\/www.rassegnastampa-totustuus.it\\\/cattolica\\\/wp-content\\\/uploads\\\/2010\\\/11\\\/cristiani_Iraq.jpg\",\"keywords\":[\"cristiani perseguitati\",\"Iraq\"],\"articleSection\":[\"Chiesa\",\"Cristiani nell'islam\",\"Cristiani perseguitati\"],\"inLanguage\":\"it-IT\"},{\"@type\":\"WebPage\",\"@id\":\"https:\\\/\\\/www.rassegnastampa-totustuus.it\\\/cattolica\\\/chi-siamo-noi-cristiani-delliraq\\\/\",\"url\":\"https:\\\/\\\/www.rassegnastampa-totustuus.it\\\/cattolica\\\/chi-siamo-noi-cristiani-delliraq\\\/\",\"name\":\"Chi siamo, noi cristiani dell\u2019Iraq? - Rassegna Stampa Cattolica\",\"isPartOf\":{\"@id\":\"https:\\\/\\\/www.rassegnastampa-totustuus.it\\\/cattolica\\\/#website\"},\"primaryImageOfPage\":{\"@id\":\"https:\\\/\\\/www.rassegnastampa-totustuus.it\\\/cattolica\\\/chi-siamo-noi-cristiani-delliraq\\\/#primaryimage\"},\"image\":{\"@id\":\"https:\\\/\\\/www.rassegnastampa-totustuus.it\\\/cattolica\\\/chi-siamo-noi-cristiani-delliraq\\\/#primaryimage\"},\"thumbnailUrl\":\"https:\\\/\\\/www.rassegnastampa-totustuus.it\\\/cattolica\\\/wp-content\\\/uploads\\\/2010\\\/11\\\/cristiani_Iraq.jpg\",\"datePublished\":\"2010-11-17T23:00:00+00:00\",\"dateModified\":\"2016-03-01T10:14:11+00:00\",\"description\":\"Rassegna Stampa Cattolica - Per una cultura che nasce dalla Rivelazione cristiana in conformit\u00e0 alla tradizione e al Magistero della Chiesa in opposizione ad ogni relativismo e totalitarismo\",\"breadcrumb\":{\"@id\":\"https:\\\/\\\/www.rassegnastampa-totustuus.it\\\/cattolica\\\/chi-siamo-noi-cristiani-delliraq\\\/#breadcrumb\"},\"inLanguage\":\"it-IT\",\"potentialAction\":[{\"@type\":\"ReadAction\",\"target\":[\"https:\\\/\\\/www.rassegnastampa-totustuus.it\\\/cattolica\\\/chi-siamo-noi-cristiani-delliraq\\\/\"]}]},{\"@type\":\"ImageObject\",\"inLanguage\":\"it-IT\",\"@id\":\"https:\\\/\\\/www.rassegnastampa-totustuus.it\\\/cattolica\\\/chi-siamo-noi-cristiani-delliraq\\\/#primaryimage\",\"url\":\"https:\\\/\\\/www.rassegnastampa-totustuus.it\\\/cattolica\\\/wp-content\\\/uploads\\\/2010\\\/11\\\/cristiani_Iraq.jpg\",\"contentUrl\":\"https:\\\/\\\/www.rassegnastampa-totustuus.it\\\/cattolica\\\/wp-content\\\/uploads\\\/2010\\\/11\\\/cristiani_Iraq.jpg\",\"width\":274,\"height\":184},{\"@type\":\"BreadcrumbList\",\"@id\":\"https:\\\/\\\/www.rassegnastampa-totustuus.it\\\/cattolica\\\/chi-siamo-noi-cristiani-delliraq\\\/#breadcrumb\",\"itemListElement\":[{\"@type\":\"ListItem\",\"position\":1,\"name\":\"Home\",\"item\":\"https:\\\/\\\/www.rassegnastampa-totustuus.it\\\/cattolica\\\/\"},{\"@type\":\"ListItem\",\"position\":2,\"name\":\"Chi siamo, noi cristiani dell\u2019Iraq?\"}]},{\"@type\":\"WebSite\",\"@id\":\"https:\\\/\\\/www.rassegnastampa-totustuus.it\\\/cattolica\\\/#website\",\"url\":\"https:\\\/\\\/www.rassegnastampa-totustuus.it\\\/cattolica\\\/\",\"name\":\"Rassegna Stampa Cattolica\",\"description\":\"Per una cultura che nasce dalla Rivelazione cristiana in conformit\u00e0 alla tradizione e al Magistero della Chiesa in opposizione ad ogni relativismo e totalitarismo\",\"publisher\":{\"@id\":\"https:\\\/\\\/www.rassegnastampa-totustuus.it\\\/cattolica\\\/#organization\"},\"alternateName\":\"Rass. Cattolica\",\"potentialAction\":[{\"@type\":\"SearchAction\",\"target\":{\"@type\":\"EntryPoint\",\"urlTemplate\":\"https:\\\/\\\/www.rassegnastampa-totustuus.it\\\/cattolica\\\/?s={search_term_string}\"},\"query-input\":{\"@type\":\"PropertyValueSpecification\",\"valueRequired\":true,\"valueName\":\"search_term_string\"}}],\"inLanguage\":\"it-IT\"},{\"@type\":\"Organization\",\"@id\":\"https:\\\/\\\/www.rassegnastampa-totustuus.it\\\/cattolica\\\/#organization\",\"name\":\"Rassegna Stampa Cattolica\",\"url\":\"https:\\\/\\\/www.rassegnastampa-totustuus.it\\\/cattolica\\\/\",\"logo\":{\"@type\":\"ImageObject\",\"inLanguage\":\"it-IT\",\"@id\":\"https:\\\/\\\/www.rassegnastampa-totustuus.it\\\/cattolica\\\/#\\\/schema\\\/logo\\\/image\\\/\",\"url\":\"https:\\\/\\\/www.rassegnastampa-totustuus.it\\\/cattolica\\\/wp-content\\\/uploads\\\/2014\\\/04\\\/logo-rassegna1.gif\",\"contentUrl\":\"https:\\\/\\\/www.rassegnastampa-totustuus.it\\\/cattolica\\\/wp-content\\\/uploads\\\/2014\\\/04\\\/logo-rassegna1.gif\",\"width\":600,\"height\":163,\"caption\":\"Rassegna Stampa Cattolica\"},\"image\":{\"@id\":\"https:\\\/\\\/www.rassegnastampa-totustuus.it\\\/cattolica\\\/#\\\/schema\\\/logo\\\/image\\\/\"},\"sameAs\":[\"https:\\\/\\\/www.facebook.com\\\/rassegnastampacattolica\",\"https:\\\/\\\/x.com\\\/rassegnastampa9\"]},{\"@type\":\"Person\",\"@id\":\"https:\\\/\\\/www.rassegnastampa-totustuus.it\\\/cattolica\\\/#\\\/schema\\\/person\\\/08f319d2bd1a0904ad9e2bfb7b15e5c3\",\"name\":\"Redazione\",\"image\":{\"@type\":\"ImageObject\",\"inLanguage\":\"it-IT\",\"@id\":\"https:\\\/\\\/secure.gravatar.com\\\/avatar\\\/2fcdf27c78ea025fbdb44e914cc63c72249ffec9dc8aafd5c82b26240ef3f346?s=96&d=mm&r=g\",\"url\":\"https:\\\/\\\/secure.gravatar.com\\\/avatar\\\/2fcdf27c78ea025fbdb44e914cc63c72249ffec9dc8aafd5c82b26240ef3f346?s=96&d=mm&r=g\",\"contentUrl\":\"https:\\\/\\\/secure.gravatar.com\\\/avatar\\\/2fcdf27c78ea025fbdb44e914cc63c72249ffec9dc8aafd5c82b26240ef3f346?s=96&d=mm&r=g\",\"caption\":\"Redazione\"},\"url\":\"https:\\\/\\\/www.rassegnastampa-totustuus.it\\\/cattolica\\\/author\\\/pietroelle\\\/\"}]}<\/script>\n<!-- \/ Yoast SEO plugin. -->","yoast_head_json":{"title":"Chi siamo, noi cristiani dell\u2019Iraq? - Rassegna Stampa Cattolica","description":"Rassegna Stampa Cattolica - Per una cultura che nasce dalla Rivelazione cristiana in conformit\u00e0 alla tradizione e al Magistero della Chiesa in opposizione ad ogni relativismo e totalitarismo","robots":{"index":"index","follow":"follow","max-snippet":"max-snippet:-1","max-image-preview":"max-image-preview:large","max-video-preview":"max-video-preview:-1"},"canonical":"https:\/\/www.rassegnastampa-totustuus.it\/cattolica\/chi-siamo-noi-cristiani-delliraq\/","og_locale":"it_IT","og_type":"article","og_title":"Chi siamo, noi cristiani dell\u2019Iraq? - Rassegna Stampa Cattolica","og_description":"Rassegna Stampa Cattolica - Per una cultura che nasce dalla Rivelazione cristiana in conformit\u00e0 alla tradizione e al Magistero della Chiesa in opposizione ad ogni relativismo e totalitarismo","og_url":"https:\/\/www.rassegnastampa-totustuus.it\/cattolica\/chi-siamo-noi-cristiani-delliraq\/","og_site_name":"Rassegna Stampa Cattolica","article_publisher":"https:\/\/www.facebook.com\/rassegnastampacattolica","article_published_time":"2010-11-17T23:00:00+00:00","article_modified_time":"2016-03-01T10:14:11+00:00","og_image":[{"width":274,"height":184,"url":"https:\/\/www.rassegnastampa-totustuus.it\/cattolica\/wp-content\/uploads\/2010\/11\/cristiani_Iraq.jpg","type":"image\/jpeg"}],"author":"Redazione","twitter_card":"summary_large_image","twitter_creator":"@rassegnastampa9","twitter_site":"@rassegnastampa9","twitter_misc":{"Scritto da":"Redazione","Tempo di lettura stimato":"6 minuti"},"schema":{"@context":"https:\/\/schema.org","@graph":[{"@type":"Article","@id":"https:\/\/www.rassegnastampa-totustuus.it\/cattolica\/chi-siamo-noi-cristiani-delliraq\/#article","isPartOf":{"@id":"https:\/\/www.rassegnastampa-totustuus.it\/cattolica\/chi-siamo-noi-cristiani-delliraq\/"},"author":{"name":"Redazione","@id":"https:\/\/www.rassegnastampa-totustuus.it\/cattolica\/#\/schema\/person\/08f319d2bd1a0904ad9e2bfb7b15e5c3"},"headline":"Chi siamo, noi cristiani dell\u2019Iraq?","datePublished":"2010-11-17T23:00:00+00:00","dateModified":"2016-03-01T10:14:11+00:00","mainEntityOfPage":{"@id":"https:\/\/www.rassegnastampa-totustuus.it\/cattolica\/chi-siamo-noi-cristiani-delliraq\/"},"wordCount":1155,"publisher":{"@id":"https:\/\/www.rassegnastampa-totustuus.it\/cattolica\/#organization"},"image":{"@id":"https:\/\/www.rassegnastampa-totustuus.it\/cattolica\/chi-siamo-noi-cristiani-delliraq\/#primaryimage"},"thumbnailUrl":"https:\/\/www.rassegnastampa-totustuus.it\/cattolica\/wp-content\/uploads\/2010\/11\/cristiani_Iraq.jpg","keywords":["cristiani perseguitati","Iraq"],"articleSection":["Chiesa","Cristiani nell'islam","Cristiani perseguitati"],"inLanguage":"it-IT"},{"@type":"WebPage","@id":"https:\/\/www.rassegnastampa-totustuus.it\/cattolica\/chi-siamo-noi-cristiani-delliraq\/","url":"https:\/\/www.rassegnastampa-totustuus.it\/cattolica\/chi-siamo-noi-cristiani-delliraq\/","name":"Chi siamo, noi cristiani dell\u2019Iraq? - Rassegna Stampa Cattolica","isPartOf":{"@id":"https:\/\/www.rassegnastampa-totustuus.it\/cattolica\/#website"},"primaryImageOfPage":{"@id":"https:\/\/www.rassegnastampa-totustuus.it\/cattolica\/chi-siamo-noi-cristiani-delliraq\/#primaryimage"},"image":{"@id":"https:\/\/www.rassegnastampa-totustuus.it\/cattolica\/chi-siamo-noi-cristiani-delliraq\/#primaryimage"},"thumbnailUrl":"https:\/\/www.rassegnastampa-totustuus.it\/cattolica\/wp-content\/uploads\/2010\/11\/cristiani_Iraq.jpg","datePublished":"2010-11-17T23:00:00+00:00","dateModified":"2016-03-01T10:14:11+00:00","description":"Rassegna Stampa Cattolica - Per una cultura che nasce dalla Rivelazione cristiana in conformit\u00e0 alla tradizione e al Magistero della Chiesa in opposizione ad ogni relativismo e totalitarismo","breadcrumb":{"@id":"https:\/\/www.rassegnastampa-totustuus.it\/cattolica\/chi-siamo-noi-cristiani-delliraq\/#breadcrumb"},"inLanguage":"it-IT","potentialAction":[{"@type":"ReadAction","target":["https:\/\/www.rassegnastampa-totustuus.it\/cattolica\/chi-siamo-noi-cristiani-delliraq\/"]}]},{"@type":"ImageObject","inLanguage":"it-IT","@id":"https:\/\/www.rassegnastampa-totustuus.it\/cattolica\/chi-siamo-noi-cristiani-delliraq\/#primaryimage","url":"https:\/\/www.rassegnastampa-totustuus.it\/cattolica\/wp-content\/uploads\/2010\/11\/cristiani_Iraq.jpg","contentUrl":"https:\/\/www.rassegnastampa-totustuus.it\/cattolica\/wp-content\/uploads\/2010\/11\/cristiani_Iraq.jpg","width":274,"height":184},{"@type":"BreadcrumbList","@id":"https:\/\/www.rassegnastampa-totustuus.it\/cattolica\/chi-siamo-noi-cristiani-delliraq\/#breadcrumb","itemListElement":[{"@type":"ListItem","position":1,"name":"Home","item":"https:\/\/www.rassegnastampa-totustuus.it\/cattolica\/"},{"@type":"ListItem","position":2,"name":"Chi siamo, noi cristiani dell\u2019Iraq?"}]},{"@type":"WebSite","@id":"https:\/\/www.rassegnastampa-totustuus.it\/cattolica\/#website","url":"https:\/\/www.rassegnastampa-totustuus.it\/cattolica\/","name":"Rassegna Stampa Cattolica","description":"Per una cultura che nasce dalla Rivelazione cristiana in conformit\u00e0 alla tradizione e al Magistero della Chiesa in opposizione ad ogni relativismo e totalitarismo","publisher":{"@id":"https:\/\/www.rassegnastampa-totustuus.it\/cattolica\/#organization"},"alternateName":"Rass. Cattolica","potentialAction":[{"@type":"SearchAction","target":{"@type":"EntryPoint","urlTemplate":"https:\/\/www.rassegnastampa-totustuus.it\/cattolica\/?s={search_term_string}"},"query-input":{"@type":"PropertyValueSpecification","valueRequired":true,"valueName":"search_term_string"}}],"inLanguage":"it-IT"},{"@type":"Organization","@id":"https:\/\/www.rassegnastampa-totustuus.it\/cattolica\/#organization","name":"Rassegna Stampa Cattolica","url":"https:\/\/www.rassegnastampa-totustuus.it\/cattolica\/","logo":{"@type":"ImageObject","inLanguage":"it-IT","@id":"https:\/\/www.rassegnastampa-totustuus.it\/cattolica\/#\/schema\/logo\/image\/","url":"https:\/\/www.rassegnastampa-totustuus.it\/cattolica\/wp-content\/uploads\/2014\/04\/logo-rassegna1.gif","contentUrl":"https:\/\/www.rassegnastampa-totustuus.it\/cattolica\/wp-content\/uploads\/2014\/04\/logo-rassegna1.gif","width":600,"height":163,"caption":"Rassegna Stampa Cattolica"},"image":{"@id":"https:\/\/www.rassegnastampa-totustuus.it\/cattolica\/#\/schema\/logo\/image\/"},"sameAs":["https:\/\/www.facebook.com\/rassegnastampacattolica","https:\/\/x.com\/rassegnastampa9"]},{"@type":"Person","@id":"https:\/\/www.rassegnastampa-totustuus.it\/cattolica\/#\/schema\/person\/08f319d2bd1a0904ad9e2bfb7b15e5c3","name":"Redazione","image":{"@type":"ImageObject","inLanguage":"it-IT","@id":"https:\/\/secure.gravatar.com\/avatar\/2fcdf27c78ea025fbdb44e914cc63c72249ffec9dc8aafd5c82b26240ef3f346?s=96&d=mm&r=g","url":"https:\/\/secure.gravatar.com\/avatar\/2fcdf27c78ea025fbdb44e914cc63c72249ffec9dc8aafd5c82b26240ef3f346?s=96&d=mm&r=g","contentUrl":"https:\/\/secure.gravatar.com\/avatar\/2fcdf27c78ea025fbdb44e914cc63c72249ffec9dc8aafd5c82b26240ef3f346?s=96&d=mm&r=g","caption":"Redazione"},"url":"https:\/\/www.rassegnastampa-totustuus.it\/cattolica\/author\/pietroelle\/"}]}},"_links":{"self":[{"href":"https:\/\/www.rassegnastampa-totustuus.it\/cattolica\/wp-json\/wp\/v2\/posts\/4214","targetHints":{"allow":["GET"]}}],"collection":[{"href":"https:\/\/www.rassegnastampa-totustuus.it\/cattolica\/wp-json\/wp\/v2\/posts"}],"about":[{"href":"https:\/\/www.rassegnastampa-totustuus.it\/cattolica\/wp-json\/wp\/v2\/types\/post"}],"author":[{"embeddable":true,"href":"https:\/\/www.rassegnastampa-totustuus.it\/cattolica\/wp-json\/wp\/v2\/users\/6"}],"replies":[{"embeddable":true,"href":"https:\/\/www.rassegnastampa-totustuus.it\/cattolica\/wp-json\/wp\/v2\/comments?post=4214"}],"version-history":[{"count":4,"href":"https:\/\/www.rassegnastampa-totustuus.it\/cattolica\/wp-json\/wp\/v2\/posts\/4214\/revisions"}],"predecessor-version":[{"id":31177,"href":"https:\/\/www.rassegnastampa-totustuus.it\/cattolica\/wp-json\/wp\/v2\/posts\/4214\/revisions\/31177"}],"wp:featuredmedia":[{"embeddable":true,"href":"https:\/\/www.rassegnastampa-totustuus.it\/cattolica\/wp-json\/wp\/v2\/media\/31176"}],"wp:attachment":[{"href":"https:\/\/www.rassegnastampa-totustuus.it\/cattolica\/wp-json\/wp\/v2\/media?parent=4214"}],"wp:term":[{"taxonomy":"category","embeddable":true,"href":"https:\/\/www.rassegnastampa-totustuus.it\/cattolica\/wp-json\/wp\/v2\/categories?post=4214"},{"taxonomy":"post_tag","embeddable":true,"href":"https:\/\/www.rassegnastampa-totustuus.it\/cattolica\/wp-json\/wp\/v2\/tags?post=4214"}],"curies":[{"name":"wp","href":"https:\/\/api.w.org\/{rel}","templated":true}]}}