{"id":4209,"date":"2010-11-17T15:32:05","date_gmt":"2010-11-17T14:32:05","guid":{"rendered":""},"modified":"2016-06-15T10:13:01","modified_gmt":"2016-06-15T08:13:01","slug":"berlusconi-e-gli-altri","status":"publish","type":"post","link":"https:\/\/www.rassegnastampa-totustuus.it\/cattolica\/berlusconi-e-gli-altri\/","title":{"rendered":"Berlusconi e gli &quot;altri&quot;"},"content":{"rendered":"<div style=\"text-align: center;\"><strong><img loading=\"lazy\" decoding=\"async\" class=\"alignleft wp-image-34807\" src=\"https:\/\/www.rassegnastampa-totustuus.it\/cattolica\/wp-content\/uploads\/2010\/11\/Berlusconi.jpg\" alt=\"Berlusconi\" width=\"250\" height=\"166\" \/>Rassegna Stampa<\/strong> 17 novembre 2010<\/div>\n<p style=\"text-align: justify;\"><em>Rassegna Stampa, a suo tempo, ha preso le parti dell\u2019allora Casa delle Libert\u00e0 non perche\u2019 nutrisse una particolare simpatia per il cavalier Berlusconi ma perch\u00e8 proponeva un programma pi\u00f9 compatibile con la Dottrina sociale della Chiesa. Si riconosceva inoltre a Berlusconi il merito di aver formato, superando molte difficolt\u00e0, un fronte unito che aveva consentito la sconfitta delle sinistre.\u00a0<\/em>Operazione paragonata da qualche commentatore al successo delle elezioni del &#8217;48.<\/p>\n<p style=\"text-align: justify;\"><em>Adesso che i nemici del Cavaliere &#8211; e, ne prendiamo atto, anche della democrazia &#8211; hanno quasi raggiunto l\u2019obiettivo di disarcionarlo con una \u201cspallata\u201d dalla guida del Paese, proponiamo questa riflessione, convinti come siamo che se Berlusconi e la sua coalizione non sono il massimo per questo povero Paese lo sono ancor di meno coloro che \u2013 e\u2019 bene ricordarlo \u2013 essendo pronti a prendere il potere dopo il golpe bianco attuato da una parte della magistratura con Tangentopoli, hanno in questi anni costantemente e reiteratamente cercato di sovvertire con ogni mezzo il responso delle urne. Compresi gli avvisi di garanzia e, ultimamente, il gossip sessuale.<\/em><\/p>\n<p style=\"text-align: justify;\"><em>Riteniamo di dover essere riconoscenti al Cavaliere per l\u2019argine che ha eretto contro lo strapotere delle sinistre e per non aver affossato i principi \u201cnon negoziabili\u201d enunciati dal Santo Padre e dalla Chiesa (per tutti, ricordiamo la vicenda \u201cEnglaro\u201d).<\/em><\/p>\n<p style=\"text-align: justify;\"><em>La fine dell\u2019era Berlusconi segnerebbe quasi certamente un\u2019inversione di tendenza.<\/em><\/p>\n<p style=\"text-align: center;\">di <strong>Aldo Ciappi<\/strong><\/p>\n<p><!--more--><\/p>\n<div style=\"text-align: justify;\">I \u201cnipotini di Stalin\u201d (a partire da Occhetto, passando per D\u2019Alema e, per finire, al \u201cPiccolo Lenin\u201d, come qualcuno chiama l\u2019 attuale segretario del P.D. Bersani, se non altro per la calvizie ed il tono austero), sin dalla svolta della \u201cBolognina\u201d, nel 1991, le hanno tentate tutte, cattolici \u201cadulti\u201d compresi, per insediarsi stabilmente nelle stanze del potere pur avendo contro l\u2019ostinata resistenza di una parte questo paese, ancora maggioritaria nel corpo elettorale ma scarsamente rappresentata nelle istituzioni, mai finora disposta ad accettare l\u2019egemonia politica degli eredi del comunismo italiano.<\/div>\n<p style=\"text-align: justify;\">Ad intercettare questa avversione popolare al postcomunismo, ricollegabile alle storiche radici cristiane dell\u2019Italia, fu, in extremis, nel 1994, Silvio Berlusconi, il quale riusc\u00ec nel miracolo di evitare la diaspora dei voti che una volta confluivano nel famoso \u201cpentapartito\u201d, nel frattempo fatto fuori dai giudici di \u201cmani pulite\u201d, e, di conseguenza, la presa del potere da parte della \u201cgioiosa macchina da guerra\u201d, pronta a raccogliere i frutti di un certosino lavoro preparatorio durato decenni.<\/p>\n<p style=\"text-align: justify;\">Da quel momento in poi, Berlusconi, che prima non aveva mai attirato su di s\u00e9 l\u2019attenzione dei magistrati, non ha avuto pi\u00f9 un attimo di tregua da parte di certe procure e di quei poteri forti che risiedono nei santuari della finanza, dei media e, in genere, della cultura liberal-progressista di sinistra.<\/p>\n<p style=\"text-align: justify;\">Nonostante l\u2019enorme pressione (giudiziaria e non) cui \u00e8 stato sottoposto il \u201cCavaliere di Arcore\u201d (il quale, sia detto, <em>en passant<\/em>, non ha fatto sempre tesoro delle sue esperienze) dalla sua discesa in politica, nessuno \u00e8 riuscito, fino oggi, a disarcionarlo e ci\u00f2 ha portato tutta l\u2019 <em>entourage<\/em> progressista ad un tale livello di ossessione personale da\u00a0 non aver pi\u00f9 alcun ritegno nell\u2019invocare l\u2019eliminazione <em>tout court<\/em> del \u201cNemico\u201d (questo, infatti, \u00e8 il succo dei messaggi lanciati dalle trasmissioni di Santoro) incalzato e spiato in ogni momento della sua vita, persino nella ritirata.<\/p>\n<p style=\"text-align: justify;\">Non essendo stato (ancora) raggiunto per vie giudiziarie, l\u2019agognato sogno pare stia per realizzarsi attraverso il <em>gossip<\/em> creato intorno alla vita privata del Premier su cui i media, con in testa Repubblica e l\u2019Espresso, si sono da tempo gettati a corpo morto per scovarne gli aspetti pi\u00f9 riservati e gettarli in pasto all\u2019opinione pubblica: una indegna scientifica opera di sciacallaggio, mossa da soggetti che hanno sempre vilipeso ogni tipo di morale sessuale in nome di una illimitata libert\u00e0 di costumi, a cui nessuno \u00e8 mai stato esposto nella storia di questo paese.<\/p>\n<p style=\"text-align: justify;\">Non si vogliono qui nascondere perplessit\u00e0 su alcuni episodi, veri o presunti, riportati dai giornali riguardanti la figura di Berlusconi; \u00e8, tuttavia, sin troppo facile obiettare che andando continuamente a rovistare nelle mutande della gente, come fanno certi giornalisti, qualche traccia di sporco, prima o poi, la si trova.<\/p>\n<p style=\"text-align: justify;\">Ma questa attenuante, concessa persino ai peggiori gaglioffi, non deve essere riconosciuta solo al \u201cBerlusca\u201d (e la recente vicenda di Fini con l\u2019attico di\u00a0 Montecarlo lasciato al partito e svenduto al cognato \u00e8 la riprova dell\u2019assunto).<\/p>\n<p style=\"text-align: justify;\">Questa \u00e8, ad oggi, l\u2019unica legge <em>ad personam,<\/em> non scritta da nessuna parte ma spietatamente applicata nei confronti del Capo del Governo, che chiunque abbia un minimo di onest\u00e0 intellettuale non pu\u00f2 negare, e all\u2019insegna di questa legge si sta consumando il dramma politico di questi giorni.<\/p>\n<p style=\"text-align: justify;\">Infatti, il clima che si respira oggi assomiglia troppo a quello che precedette l\u2019esilio di Craxi (anch\u2019esso, guarda caso, uno che aveva avuto la colpa di mettersi contro la sinistra post-comunista).<\/p>\n<p style=\"text-align: justify;\">Oggi a Craxi, riabilitato dopo anni di gogna, si dedicano strade, magari con l\u2019appoggio degli stessi che all\u2019epoca avrebbero volentieri lanciato monetine davanti all\u2019Hotel S.Raphael; tra una ventina di anni si potr\u00e0 fare altrettanto con Berlusconi.<\/p>\n<p style=\"text-align: justify;\">In questo \u201c<em>deja vue\u201d<\/em>, la cosa pi\u00f9 indecorosa cui \u00e8 dato assistere \u00e8 la parata di personaggi come Fini, Casini, Rutelli, D\u2019Alema ecc. (su cui chiss\u00e0 quante storielle si potrebbero raccontare spulciando tra le loro lenzuola), ai quali Berlusconi non ha mai lesinato potere (i primi due), oppure ha distribuito sonore sconfitte (gli altri), uniti contro di lui soltanto da un palese e gigantesco senso di frustrazione covato in tutti questi lunghi anni.<\/p>\n<p style=\"text-align: justify;\">A noi, poveri diavoli che vivono il perenne contrasto tra il \u201cbene\u201d che riconosciamo e le opposte inclinazioni che allontanano da esso, nonostante tutte le cadute di stile o i discutibili costumi, pare ancora nettamente preferibile, quale male minore per l\u2019Italia, un pur attempato \u201cBerlusca\u201d, alla oscena galleria di \u201csepolcri imbiancati\u201d che vorrebbero la sua testa.<\/p>\n<p style=\"text-align: justify;\">E su questo giudizio dovrebbe convergere, credo, anche l\u2019intera area cattolica che nell\u2019era berlusconiana ha ottenuto non pochi concreti benefici (ad es.: sussidi alla scuola privata, agevolazioni fiscali per edifici ecclesiastici\u2026) difficilmente ripetibili in un contesto politico ideologicamente pi\u00f9 orientato in senso anticlericale, se non anticristiano. Per non parlare, poi, delle questioni bioetiche e dei valori non negoziabili cos\u00ec cari al Papa\u2026<\/p>\n<p style=\"text-align: justify;\">Dunque, si rialzi Presidente e non molli almeno fino a quando non spunter\u00e0, speriamo presto, all\u2019orizzonte un altro <em>leader<\/em> capace di catturare altrettanto il largo consenso degli strati sociali pi\u00f9 operosi e sani e di sottrarre dai rapaci artigli di tutte le sinistre, anche di quelle malamente camuffate, un\u2019 Italia piena di difetti ma che non merita una classe politica ancor pi\u00f9 impresentabile come quella che le vorrebbe subentrare.<\/p>\n","protected":false},"excerpt":{"rendered":"<p>Rassegna Stampa 17 novembre 2010 Rassegna Stampa, a suo tempo, ha preso le parti dell\u2019allora Casa delle Libert\u00e0 non perche\u2019 nutrisse una particolare simpatia per il cavalier Berlusconi ma perch\u00e8 proponeva un programma pi\u00f9 compatibile con la Dottrina sociale della Chiesa. Si riconosceva inoltre a Berlusconi il merito di aver formato, superando molte difficolt\u00e0, un &hellip; <\/p>\n<p><a class=\"more-link btn\" href=\"https:\/\/www.rassegnastampa-totustuus.it\/cattolica\/berlusconi-e-gli-altri\/\">Continua a leggere<\/a><\/p>\n","protected":false},"author":6,"featured_media":34807,"comment_status":"closed","ping_status":"open","sticky":false,"template":"","format":"standard","meta":{"footnotes":""},"categories":[20],"tags":[426,1231],"class_list":["post-4209","post","type-post","status-publish","format-standard","has-post-thumbnail","hentry","category-politica-nazionale","tag-berlusconi","tag-sinistre","item-wrap"],"yoast_head":"<!-- This site is optimized with the Yoast SEO plugin v27.5 - https:\/\/yoast.com\/product\/yoast-seo-wordpress\/ -->\n<title>Berlusconi e gli &quot;altri&quot; - Rassegna Stampa Cattolica<\/title>\n<meta name=\"description\" content=\"Rassegna Stampa Cattolica - Per una cultura che nasce dalla Rivelazione cristiana in conformit\u00e0 alla tradizione e al Magistero della Chiesa in opposizione ad ogni relativismo e totalitarismo\" \/>\n<meta name=\"robots\" content=\"index, follow, max-snippet:-1, max-image-preview:large, max-video-preview:-1\" \/>\n<link rel=\"canonical\" href=\"https:\/\/www.rassegnastampa-totustuus.it\/cattolica\/berlusconi-e-gli-altri\/\" \/>\n<meta property=\"og:locale\" content=\"it_IT\" \/>\n<meta property=\"og:type\" content=\"article\" \/>\n<meta property=\"og:title\" content=\"Berlusconi e gli &quot;altri&quot; - Rassegna Stampa Cattolica\" \/>\n<meta property=\"og:description\" content=\"Rassegna Stampa Cattolica - Per una cultura che nasce dalla Rivelazione cristiana in conformit\u00e0 alla tradizione e al Magistero della Chiesa in opposizione ad ogni relativismo e totalitarismo\" \/>\n<meta property=\"og:url\" content=\"https:\/\/www.rassegnastampa-totustuus.it\/cattolica\/berlusconi-e-gli-altri\/\" \/>\n<meta property=\"og:site_name\" content=\"Rassegna Stampa Cattolica\" \/>\n<meta property=\"article:publisher\" content=\"https:\/\/www.facebook.com\/rassegnastampacattolica\" \/>\n<meta property=\"article:published_time\" content=\"2010-11-17T14:32:05+00:00\" \/>\n<meta property=\"article:modified_time\" content=\"2016-06-15T08:13:01+00:00\" \/>\n<meta property=\"og:image\" content=\"https:\/\/www.rassegnastampa-totustuus.it\/cattolica\/wp-content\/uploads\/2010\/11\/Berlusconi.jpg\" \/>\n\t<meta property=\"og:image:width\" content=\"275\" \/>\n\t<meta property=\"og:image:height\" content=\"183\" \/>\n\t<meta property=\"og:image:type\" content=\"image\/jpeg\" \/>\n<meta name=\"author\" content=\"Redazione\" \/>\n<meta name=\"twitter:card\" content=\"summary_large_image\" \/>\n<meta name=\"twitter:creator\" content=\"@rassegnastampa9\" \/>\n<meta name=\"twitter:site\" content=\"@rassegnastampa9\" \/>\n<meta name=\"twitter:label1\" content=\"Scritto da\" \/>\n\t<meta name=\"twitter:data1\" content=\"Redazione\" \/>\n\t<meta name=\"twitter:label2\" content=\"Tempo di lettura stimato\" \/>\n\t<meta name=\"twitter:data2\" content=\"6 minuti\" \/>\n<script type=\"application\/ld+json\" class=\"yoast-schema-graph\">{\"@context\":\"https:\\\/\\\/schema.org\",\"@graph\":[{\"@type\":\"Article\",\"@id\":\"https:\\\/\\\/www.rassegnastampa-totustuus.it\\\/cattolica\\\/berlusconi-e-gli-altri\\\/#article\",\"isPartOf\":{\"@id\":\"https:\\\/\\\/www.rassegnastampa-totustuus.it\\\/cattolica\\\/berlusconi-e-gli-altri\\\/\"},\"author\":{\"name\":\"Redazione\",\"@id\":\"https:\\\/\\\/www.rassegnastampa-totustuus.it\\\/cattolica\\\/#\\\/schema\\\/person\\\/08f319d2bd1a0904ad9e2bfb7b15e5c3\"},\"headline\":\"Berlusconi e gli &quot;altri&quot;\",\"datePublished\":\"2010-11-17T14:32:05+00:00\",\"dateModified\":\"2016-06-15T08:13:01+00:00\",\"mainEntityOfPage\":{\"@id\":\"https:\\\/\\\/www.rassegnastampa-totustuus.it\\\/cattolica\\\/berlusconi-e-gli-altri\\\/\"},\"wordCount\":1111,\"publisher\":{\"@id\":\"https:\\\/\\\/www.rassegnastampa-totustuus.it\\\/cattolica\\\/#organization\"},\"image\":{\"@id\":\"https:\\\/\\\/www.rassegnastampa-totustuus.it\\\/cattolica\\\/berlusconi-e-gli-altri\\\/#primaryimage\"},\"thumbnailUrl\":\"https:\\\/\\\/www.rassegnastampa-totustuus.it\\\/cattolica\\\/wp-content\\\/uploads\\\/2010\\\/11\\\/Berlusconi.jpg\",\"keywords\":[\"Berlusconi\",\"sinistre\"],\"articleSection\":[\"Politica nazionale\"],\"inLanguage\":\"it-IT\"},{\"@type\":\"WebPage\",\"@id\":\"https:\\\/\\\/www.rassegnastampa-totustuus.it\\\/cattolica\\\/berlusconi-e-gli-altri\\\/\",\"url\":\"https:\\\/\\\/www.rassegnastampa-totustuus.it\\\/cattolica\\\/berlusconi-e-gli-altri\\\/\",\"name\":\"Berlusconi e gli &quot;altri&quot; - Rassegna Stampa Cattolica\",\"isPartOf\":{\"@id\":\"https:\\\/\\\/www.rassegnastampa-totustuus.it\\\/cattolica\\\/#website\"},\"primaryImageOfPage\":{\"@id\":\"https:\\\/\\\/www.rassegnastampa-totustuus.it\\\/cattolica\\\/berlusconi-e-gli-altri\\\/#primaryimage\"},\"image\":{\"@id\":\"https:\\\/\\\/www.rassegnastampa-totustuus.it\\\/cattolica\\\/berlusconi-e-gli-altri\\\/#primaryimage\"},\"thumbnailUrl\":\"https:\\\/\\\/www.rassegnastampa-totustuus.it\\\/cattolica\\\/wp-content\\\/uploads\\\/2010\\\/11\\\/Berlusconi.jpg\",\"datePublished\":\"2010-11-17T14:32:05+00:00\",\"dateModified\":\"2016-06-15T08:13:01+00:00\",\"description\":\"Rassegna Stampa Cattolica - Per una cultura che nasce dalla Rivelazione cristiana in conformit\u00e0 alla tradizione e al Magistero della Chiesa in opposizione ad ogni relativismo e totalitarismo\",\"breadcrumb\":{\"@id\":\"https:\\\/\\\/www.rassegnastampa-totustuus.it\\\/cattolica\\\/berlusconi-e-gli-altri\\\/#breadcrumb\"},\"inLanguage\":\"it-IT\",\"potentialAction\":[{\"@type\":\"ReadAction\",\"target\":[\"https:\\\/\\\/www.rassegnastampa-totustuus.it\\\/cattolica\\\/berlusconi-e-gli-altri\\\/\"]}]},{\"@type\":\"ImageObject\",\"inLanguage\":\"it-IT\",\"@id\":\"https:\\\/\\\/www.rassegnastampa-totustuus.it\\\/cattolica\\\/berlusconi-e-gli-altri\\\/#primaryimage\",\"url\":\"https:\\\/\\\/www.rassegnastampa-totustuus.it\\\/cattolica\\\/wp-content\\\/uploads\\\/2010\\\/11\\\/Berlusconi.jpg\",\"contentUrl\":\"https:\\\/\\\/www.rassegnastampa-totustuus.it\\\/cattolica\\\/wp-content\\\/uploads\\\/2010\\\/11\\\/Berlusconi.jpg\",\"width\":275,\"height\":183},{\"@type\":\"BreadcrumbList\",\"@id\":\"https:\\\/\\\/www.rassegnastampa-totustuus.it\\\/cattolica\\\/berlusconi-e-gli-altri\\\/#breadcrumb\",\"itemListElement\":[{\"@type\":\"ListItem\",\"position\":1,\"name\":\"Home\",\"item\":\"https:\\\/\\\/www.rassegnastampa-totustuus.it\\\/cattolica\\\/\"},{\"@type\":\"ListItem\",\"position\":2,\"name\":\"Berlusconi e gli &quot;altri&quot;\"}]},{\"@type\":\"WebSite\",\"@id\":\"https:\\\/\\\/www.rassegnastampa-totustuus.it\\\/cattolica\\\/#website\",\"url\":\"https:\\\/\\\/www.rassegnastampa-totustuus.it\\\/cattolica\\\/\",\"name\":\"Rassegna Stampa Cattolica\",\"description\":\"Per una cultura che nasce dalla Rivelazione cristiana in conformit\u00e0 alla tradizione e al Magistero della Chiesa in opposizione ad ogni relativismo e totalitarismo\",\"publisher\":{\"@id\":\"https:\\\/\\\/www.rassegnastampa-totustuus.it\\\/cattolica\\\/#organization\"},\"alternateName\":\"Rass. Cattolica\",\"potentialAction\":[{\"@type\":\"SearchAction\",\"target\":{\"@type\":\"EntryPoint\",\"urlTemplate\":\"https:\\\/\\\/www.rassegnastampa-totustuus.it\\\/cattolica\\\/?s={search_term_string}\"},\"query-input\":{\"@type\":\"PropertyValueSpecification\",\"valueRequired\":true,\"valueName\":\"search_term_string\"}}],\"inLanguage\":\"it-IT\"},{\"@type\":\"Organization\",\"@id\":\"https:\\\/\\\/www.rassegnastampa-totustuus.it\\\/cattolica\\\/#organization\",\"name\":\"Rassegna Stampa Cattolica\",\"url\":\"https:\\\/\\\/www.rassegnastampa-totustuus.it\\\/cattolica\\\/\",\"logo\":{\"@type\":\"ImageObject\",\"inLanguage\":\"it-IT\",\"@id\":\"https:\\\/\\\/www.rassegnastampa-totustuus.it\\\/cattolica\\\/#\\\/schema\\\/logo\\\/image\\\/\",\"url\":\"https:\\\/\\\/www.rassegnastampa-totustuus.it\\\/cattolica\\\/wp-content\\\/uploads\\\/2014\\\/04\\\/logo-rassegna1.gif\",\"contentUrl\":\"https:\\\/\\\/www.rassegnastampa-totustuus.it\\\/cattolica\\\/wp-content\\\/uploads\\\/2014\\\/04\\\/logo-rassegna1.gif\",\"width\":600,\"height\":163,\"caption\":\"Rassegna Stampa Cattolica\"},\"image\":{\"@id\":\"https:\\\/\\\/www.rassegnastampa-totustuus.it\\\/cattolica\\\/#\\\/schema\\\/logo\\\/image\\\/\"},\"sameAs\":[\"https:\\\/\\\/www.facebook.com\\\/rassegnastampacattolica\",\"https:\\\/\\\/x.com\\\/rassegnastampa9\"]},{\"@type\":\"Person\",\"@id\":\"https:\\\/\\\/www.rassegnastampa-totustuus.it\\\/cattolica\\\/#\\\/schema\\\/person\\\/08f319d2bd1a0904ad9e2bfb7b15e5c3\",\"name\":\"Redazione\",\"image\":{\"@type\":\"ImageObject\",\"inLanguage\":\"it-IT\",\"@id\":\"https:\\\/\\\/secure.gravatar.com\\\/avatar\\\/2fcdf27c78ea025fbdb44e914cc63c72249ffec9dc8aafd5c82b26240ef3f346?s=96&d=mm&r=g\",\"url\":\"https:\\\/\\\/secure.gravatar.com\\\/avatar\\\/2fcdf27c78ea025fbdb44e914cc63c72249ffec9dc8aafd5c82b26240ef3f346?s=96&d=mm&r=g\",\"contentUrl\":\"https:\\\/\\\/secure.gravatar.com\\\/avatar\\\/2fcdf27c78ea025fbdb44e914cc63c72249ffec9dc8aafd5c82b26240ef3f346?s=96&d=mm&r=g\",\"caption\":\"Redazione\"},\"url\":\"https:\\\/\\\/www.rassegnastampa-totustuus.it\\\/cattolica\\\/author\\\/pietroelle\\\/\"}]}<\/script>\n<!-- \/ Yoast SEO plugin. -->","yoast_head_json":{"title":"Berlusconi e gli &quot;altri&quot; - Rassegna Stampa Cattolica","description":"Rassegna Stampa Cattolica - Per una cultura che nasce dalla Rivelazione cristiana in conformit\u00e0 alla tradizione e al Magistero della Chiesa in opposizione ad ogni relativismo e totalitarismo","robots":{"index":"index","follow":"follow","max-snippet":"max-snippet:-1","max-image-preview":"max-image-preview:large","max-video-preview":"max-video-preview:-1"},"canonical":"https:\/\/www.rassegnastampa-totustuus.it\/cattolica\/berlusconi-e-gli-altri\/","og_locale":"it_IT","og_type":"article","og_title":"Berlusconi e gli &quot;altri&quot; - Rassegna Stampa Cattolica","og_description":"Rassegna Stampa Cattolica - Per una cultura che nasce dalla Rivelazione cristiana in conformit\u00e0 alla tradizione e al Magistero della Chiesa in opposizione ad ogni relativismo e totalitarismo","og_url":"https:\/\/www.rassegnastampa-totustuus.it\/cattolica\/berlusconi-e-gli-altri\/","og_site_name":"Rassegna Stampa Cattolica","article_publisher":"https:\/\/www.facebook.com\/rassegnastampacattolica","article_published_time":"2010-11-17T14:32:05+00:00","article_modified_time":"2016-06-15T08:13:01+00:00","og_image":[{"width":275,"height":183,"url":"https:\/\/www.rassegnastampa-totustuus.it\/cattolica\/wp-content\/uploads\/2010\/11\/Berlusconi.jpg","type":"image\/jpeg"}],"author":"Redazione","twitter_card":"summary_large_image","twitter_creator":"@rassegnastampa9","twitter_site":"@rassegnastampa9","twitter_misc":{"Scritto da":"Redazione","Tempo di lettura stimato":"6 minuti"},"schema":{"@context":"https:\/\/schema.org","@graph":[{"@type":"Article","@id":"https:\/\/www.rassegnastampa-totustuus.it\/cattolica\/berlusconi-e-gli-altri\/#article","isPartOf":{"@id":"https:\/\/www.rassegnastampa-totustuus.it\/cattolica\/berlusconi-e-gli-altri\/"},"author":{"name":"Redazione","@id":"https:\/\/www.rassegnastampa-totustuus.it\/cattolica\/#\/schema\/person\/08f319d2bd1a0904ad9e2bfb7b15e5c3"},"headline":"Berlusconi e gli &quot;altri&quot;","datePublished":"2010-11-17T14:32:05+00:00","dateModified":"2016-06-15T08:13:01+00:00","mainEntityOfPage":{"@id":"https:\/\/www.rassegnastampa-totustuus.it\/cattolica\/berlusconi-e-gli-altri\/"},"wordCount":1111,"publisher":{"@id":"https:\/\/www.rassegnastampa-totustuus.it\/cattolica\/#organization"},"image":{"@id":"https:\/\/www.rassegnastampa-totustuus.it\/cattolica\/berlusconi-e-gli-altri\/#primaryimage"},"thumbnailUrl":"https:\/\/www.rassegnastampa-totustuus.it\/cattolica\/wp-content\/uploads\/2010\/11\/Berlusconi.jpg","keywords":["Berlusconi","sinistre"],"articleSection":["Politica nazionale"],"inLanguage":"it-IT"},{"@type":"WebPage","@id":"https:\/\/www.rassegnastampa-totustuus.it\/cattolica\/berlusconi-e-gli-altri\/","url":"https:\/\/www.rassegnastampa-totustuus.it\/cattolica\/berlusconi-e-gli-altri\/","name":"Berlusconi e gli &quot;altri&quot; - Rassegna Stampa Cattolica","isPartOf":{"@id":"https:\/\/www.rassegnastampa-totustuus.it\/cattolica\/#website"},"primaryImageOfPage":{"@id":"https:\/\/www.rassegnastampa-totustuus.it\/cattolica\/berlusconi-e-gli-altri\/#primaryimage"},"image":{"@id":"https:\/\/www.rassegnastampa-totustuus.it\/cattolica\/berlusconi-e-gli-altri\/#primaryimage"},"thumbnailUrl":"https:\/\/www.rassegnastampa-totustuus.it\/cattolica\/wp-content\/uploads\/2010\/11\/Berlusconi.jpg","datePublished":"2010-11-17T14:32:05+00:00","dateModified":"2016-06-15T08:13:01+00:00","description":"Rassegna Stampa Cattolica - Per una cultura che nasce dalla Rivelazione cristiana in conformit\u00e0 alla tradizione e al Magistero della Chiesa in opposizione ad ogni relativismo e totalitarismo","breadcrumb":{"@id":"https:\/\/www.rassegnastampa-totustuus.it\/cattolica\/berlusconi-e-gli-altri\/#breadcrumb"},"inLanguage":"it-IT","potentialAction":[{"@type":"ReadAction","target":["https:\/\/www.rassegnastampa-totustuus.it\/cattolica\/berlusconi-e-gli-altri\/"]}]},{"@type":"ImageObject","inLanguage":"it-IT","@id":"https:\/\/www.rassegnastampa-totustuus.it\/cattolica\/berlusconi-e-gli-altri\/#primaryimage","url":"https:\/\/www.rassegnastampa-totustuus.it\/cattolica\/wp-content\/uploads\/2010\/11\/Berlusconi.jpg","contentUrl":"https:\/\/www.rassegnastampa-totustuus.it\/cattolica\/wp-content\/uploads\/2010\/11\/Berlusconi.jpg","width":275,"height":183},{"@type":"BreadcrumbList","@id":"https:\/\/www.rassegnastampa-totustuus.it\/cattolica\/berlusconi-e-gli-altri\/#breadcrumb","itemListElement":[{"@type":"ListItem","position":1,"name":"Home","item":"https:\/\/www.rassegnastampa-totustuus.it\/cattolica\/"},{"@type":"ListItem","position":2,"name":"Berlusconi e gli &quot;altri&quot;"}]},{"@type":"WebSite","@id":"https:\/\/www.rassegnastampa-totustuus.it\/cattolica\/#website","url":"https:\/\/www.rassegnastampa-totustuus.it\/cattolica\/","name":"Rassegna Stampa Cattolica","description":"Per una cultura che nasce dalla Rivelazione cristiana in conformit\u00e0 alla tradizione e al Magistero della Chiesa in opposizione ad ogni relativismo e totalitarismo","publisher":{"@id":"https:\/\/www.rassegnastampa-totustuus.it\/cattolica\/#organization"},"alternateName":"Rass. Cattolica","potentialAction":[{"@type":"SearchAction","target":{"@type":"EntryPoint","urlTemplate":"https:\/\/www.rassegnastampa-totustuus.it\/cattolica\/?s={search_term_string}"},"query-input":{"@type":"PropertyValueSpecification","valueRequired":true,"valueName":"search_term_string"}}],"inLanguage":"it-IT"},{"@type":"Organization","@id":"https:\/\/www.rassegnastampa-totustuus.it\/cattolica\/#organization","name":"Rassegna Stampa Cattolica","url":"https:\/\/www.rassegnastampa-totustuus.it\/cattolica\/","logo":{"@type":"ImageObject","inLanguage":"it-IT","@id":"https:\/\/www.rassegnastampa-totustuus.it\/cattolica\/#\/schema\/logo\/image\/","url":"https:\/\/www.rassegnastampa-totustuus.it\/cattolica\/wp-content\/uploads\/2014\/04\/logo-rassegna1.gif","contentUrl":"https:\/\/www.rassegnastampa-totustuus.it\/cattolica\/wp-content\/uploads\/2014\/04\/logo-rassegna1.gif","width":600,"height":163,"caption":"Rassegna Stampa Cattolica"},"image":{"@id":"https:\/\/www.rassegnastampa-totustuus.it\/cattolica\/#\/schema\/logo\/image\/"},"sameAs":["https:\/\/www.facebook.com\/rassegnastampacattolica","https:\/\/x.com\/rassegnastampa9"]},{"@type":"Person","@id":"https:\/\/www.rassegnastampa-totustuus.it\/cattolica\/#\/schema\/person\/08f319d2bd1a0904ad9e2bfb7b15e5c3","name":"Redazione","image":{"@type":"ImageObject","inLanguage":"it-IT","@id":"https:\/\/secure.gravatar.com\/avatar\/2fcdf27c78ea025fbdb44e914cc63c72249ffec9dc8aafd5c82b26240ef3f346?s=96&d=mm&r=g","url":"https:\/\/secure.gravatar.com\/avatar\/2fcdf27c78ea025fbdb44e914cc63c72249ffec9dc8aafd5c82b26240ef3f346?s=96&d=mm&r=g","contentUrl":"https:\/\/secure.gravatar.com\/avatar\/2fcdf27c78ea025fbdb44e914cc63c72249ffec9dc8aafd5c82b26240ef3f346?s=96&d=mm&r=g","caption":"Redazione"},"url":"https:\/\/www.rassegnastampa-totustuus.it\/cattolica\/author\/pietroelle\/"}]}},"_links":{"self":[{"href":"https:\/\/www.rassegnastampa-totustuus.it\/cattolica\/wp-json\/wp\/v2\/posts\/4209","targetHints":{"allow":["GET"]}}],"collection":[{"href":"https:\/\/www.rassegnastampa-totustuus.it\/cattolica\/wp-json\/wp\/v2\/posts"}],"about":[{"href":"https:\/\/www.rassegnastampa-totustuus.it\/cattolica\/wp-json\/wp\/v2\/types\/post"}],"author":[{"embeddable":true,"href":"https:\/\/www.rassegnastampa-totustuus.it\/cattolica\/wp-json\/wp\/v2\/users\/6"}],"replies":[{"embeddable":true,"href":"https:\/\/www.rassegnastampa-totustuus.it\/cattolica\/wp-json\/wp\/v2\/comments?post=4209"}],"version-history":[{"count":2,"href":"https:\/\/www.rassegnastampa-totustuus.it\/cattolica\/wp-json\/wp\/v2\/posts\/4209\/revisions"}],"predecessor-version":[{"id":21702,"href":"https:\/\/www.rassegnastampa-totustuus.it\/cattolica\/wp-json\/wp\/v2\/posts\/4209\/revisions\/21702"}],"wp:featuredmedia":[{"embeddable":true,"href":"https:\/\/www.rassegnastampa-totustuus.it\/cattolica\/wp-json\/wp\/v2\/media\/34807"}],"wp:attachment":[{"href":"https:\/\/www.rassegnastampa-totustuus.it\/cattolica\/wp-json\/wp\/v2\/media?parent=4209"}],"wp:term":[{"taxonomy":"category","embeddable":true,"href":"https:\/\/www.rassegnastampa-totustuus.it\/cattolica\/wp-json\/wp\/v2\/categories?post=4209"},{"taxonomy":"post_tag","embeddable":true,"href":"https:\/\/www.rassegnastampa-totustuus.it\/cattolica\/wp-json\/wp\/v2\/tags?post=4209"}],"curies":[{"name":"wp","href":"https:\/\/api.w.org\/{rel}","templated":true}]}}