{"id":42007,"date":"2019-01-31T00:00:24","date_gmt":"2019-01-30T23:00:24","guid":{"rendered":"http:\/\/www.rassegnastampa-totustuus.it\/cattolica\/?p=42007"},"modified":"2019-01-31T10:24:38","modified_gmt":"2019-01-31T09:24:38","slug":"non-dar-la-colpa-alla-francia-per-gli-errori-dellafrica","status":"publish","type":"post","link":"https:\/\/www.rassegnastampa-totustuus.it\/cattolica\/non-dar-la-colpa-alla-francia-per-gli-errori-dellafrica\/","title":{"rendered":"Non dar la colpa alla Francia per gli errori dell&#8217;Africa"},"content":{"rendered":"<p style=\"text-align: center;\"><a href=\"https:\/\/www.rassegnastampa-totustuus.it\/cattolica\/wp-content\/uploads\/2019\/01\/Franco_Cfa_Africa.jpg\"><img loading=\"lazy\" decoding=\"async\" class=\"wp-image-42008 alignleft\" src=\"https:\/\/www.rassegnastampa-totustuus.it\/cattolica\/wp-content\/uploads\/2019\/01\/Franco_Cfa_Africa-300x219.jpg\" alt=\"\" width=\"250\" height=\"183\" srcset=\"https:\/\/www.rassegnastampa-totustuus.it\/cattolica\/wp-content\/uploads\/2019\/01\/Franco_Cfa_Africa-300x219.jpg 300w, https:\/\/www.rassegnastampa-totustuus.it\/cattolica\/wp-content\/uploads\/2019\/01\/Franco_Cfa_Africa.jpg 690w\" sizes=\"auto, (max-width: 250px) 100vw, 250px\" \/><\/a>da<strong> La Nuova Bussola quotidiana <\/strong><\/p>\n<p style=\"text-align: center;\">24 gennaio 2019<\/p>\n<p style=\"text-align: justify;\"><em>Mezza Italia si \u00e8 convinta che le ex colonie francesi in Africa non sono affatto indipendenti. Un grave errore concettuale. Il problema \u00e8 che la contestazione anti-francese \u00e8 arrivata al governo e ha provocato un incidente internazionale. Meglio spiegare cosa \u00e8 realmente il franco CFA e come sono organizzate le ex colonie francesi in Africa.<\/em><\/p>\n<p style=\"text-align: center;\"><em>\u00a0<\/em>di <strong>Anna Bono<\/strong><\/p>\n<p><!--more--><\/p>\n<p style=\"text-align: justify;\">Mezza Italia si \u00e8 convinta che le ex colonie francesi in Africa non sono affatto indipendenti, bens\u00ec del tutto assoggettate all\u2019ex madre patria, in altre parole sono ancora delle vere e proprie colonie. Parigi decide se e quando possono avere rapporti commerciali ed economici con altri paesi, si dice, esige tuttora delle tasse coloniali, le taglieggia tramite il franco Cfa, costringendole a depositare in banche francesi il 65% dei loro incassi.<\/p>\n<p style=\"text-align: justify;\">Sistematicamente derubata delle proprie risorse da un paese che con cinismo si arricchisce alle sue spalle, perci\u00f2 l\u2019Africa continua a essere povera e questo spiega l\u2019emigrazione illegale verso l\u2019Europa (per inciso sempre pi\u00f9 spesso invece che di immigrazione illegale ormai si parla di schiavit\u00f9: \u201cprima l\u2019Africa \u00e8 stata depredata delle sue risorse naturali, oggi viene depredata delle sue risorse umane\u201d).<\/p>\n<p style=\"text-align: justify;\"><strong><a href=\"https:\/\/www.rassegnastampa-totustuus.it\/cattolica\/wp-content\/uploads\/2011\/11\/euro.jpg\"><img loading=\"lazy\" decoding=\"async\" class=\"wp-image-31704 alignright\" src=\"https:\/\/www.rassegnastampa-totustuus.it\/cattolica\/wp-content\/uploads\/2011\/11\/euro.jpg\" alt=\"\" width=\"200\" height=\"200\" srcset=\"https:\/\/www.rassegnastampa-totustuus.it\/cattolica\/wp-content\/uploads\/2011\/11\/euro.jpg 225w, https:\/\/www.rassegnastampa-totustuus.it\/cattolica\/wp-content\/uploads\/2011\/11\/euro-150x150.jpg 150w\" sizes=\"auto, (max-width: 200px) 100vw, 200px\" \/><\/a>In realt\u00e0. Il franco CFA comporta un cambio fissato all\u2019euro (in origine al franco francese)<\/strong>, la piena convertibilit\u00e0 con l\u2019euro garantita dal Tesoro francese, un fondo comune di riserva di moneta estera a cui i paesi contribuiscono depositando il 65% delle posizioni di riserva presso il Tesoro francese a garanzia del cambio monetario. Non tutte le ex colonie africane hanno adottato il franco CFA, solo 12 \u2013 non l\u2019Algeria, ad esempio, n\u00e9 la Tunisia, il Madagascar, la Mauritania\u2026 \u2013 a cui si sono aggiunte la Guinea Equatoriale, ex colonia spagnola, e, nel 1997, la Guinea Bissau, ex colonia portoghese. Il Mali era uscito dal sistema monetario nel 1962, ma vi \u00e8 rientrato nel 1984. L\u2019adesione al franco CFA infatti \u00e8 volontaria e non vincolante.<\/p>\n<p style=\"text-align: justify;\"><strong>Le ex colonie francesi, incluse quelle che usano il franco CFA, <\/strong>non soggiacciono a un ferreo controllo francese. Il Camerun, ad esempio, fa persino parte del Commonwealth britannico. Tutte, ma proprio tutte hanno rapporti economici, sociali, culturali con altri paesi, africani e del resto del mondo. Senegal, Gabon e Togo, ad esempio, hanno partecipato lo scorso luglio in Sudafrica al 10\u00b0 vertice dei Brics, le cinque maggiori economie emergenti, avendo cos\u00ec occasione di consolidare i loro rapporti con importanti partner quali la Cina, la Russia e l\u2019India.<\/p>\n<p style=\"text-align: justify;\"><strong>A settembre, a Pechino, al 7\u00b0 Forum sulla cooperazione Cina-Africa<\/strong>, evento che si tiene ogni tre anni dal 2000, erano presenti tutte le ex colonie. In effetti la partnership economica tra Cina ed ex colonie francesi basta da sola a smentirne la dipendenza totale da Parigi. Pechino dal 2017 \u00e8 il primo partner economico del Senegal: gli investimenti diretti cinesi nel paese sono passati da 100 milioni di dollari nel 2015 a 1,6 miliardi di dollari nel 2017. Il presidente cinese Xi Jinping in visita in Senegal a luglio ha firmato con il suo omologo senegalese Macky Sall nuovi progetti di cooperazione in diversi settori tra cui quello delle infrastrutture, della giustizia e della aviazione civile.<\/p>\n<p style=\"text-align: justify;\"><strong>Il \u201cgiogo\u201d della Francia sugli Stati CFA, oltre tutto<\/strong> \u2013 altra realt\u00e0 provata dai fatti \u2013 non impedisce loro di essere tra i paesi con le migliori e pi\u00f9 stabili performance economiche del continente: per citarne alcuni, il Senegal, con un Pil sempre in crescita (6,4% nel 2015, 6,2% nel 2016, 7,2% nel 2017), la Costa d\u2019Avorio (8,8% nel 2015, 8,3% nel 2016, 7,8% nel 2017), la Guinea Bissau (6,1 nel 2015, 6,3, nel 2016, 5,9, nel 2017), il Mali (6,2 nel 2015, 5,8 nel 2016, 5,4 nel 2017)\u2026<\/p>\n<p style=\"text-align: justify;\"><strong>Quanto detto sopra, a correzione delle affermazioni che tutti ripetono<\/strong>\u00a0e condividono in questi giorni, andrebbe approfondito e dettagliato, ma sarebbe inutile. L\u2019attuale campagna antifrancese ha raggiunto picchi estremi. Nel clima attuale, chi vi aderisce non ammette di essere smentito o contraddetto. Tuttavia qualche altra considerazione \u00e8 va fatta.<\/p>\n<p style=\"text-align: justify;\"><strong><a href=\"https:\/\/www.rassegnastampa-totustuus.it\/cattolica\/wp-content\/uploads\/2005\/06\/Africa1.jpg\"><img loading=\"lazy\" decoding=\"async\" class=\"wp-image-30375 alignleft\" src=\"https:\/\/www.rassegnastampa-totustuus.it\/cattolica\/wp-content\/uploads\/2005\/06\/Africa1.jpg\" alt=\"\" width=\"185\" height=\"200\" \/><\/a>Giustamente ne \u00e8 nato un incidente diplomatico<\/strong> quando una carica politica italiana ha dichiarato che l\u2019Unione Europea dovrebbe applicare delle sanzioni alla Francia per la sua condotta \u201cvergognosa\u201d. Che i social network si scatenino contro la Francia \u00e8 un conto, che lo facciano cariche politiche e personaggi accreditati \u00e8 ben altra cosa. Dalle loro convinzioni derivano scelte e decisioni politiche.<\/p>\n<p style=\"text-align: justify;\"><strong>La prima riflessione, dunque, \u00e8 che i rappresentanti politici, prima di parlare e prendere delle iniziative<\/strong>, hanno il dovere (e i mezzi) di informarsi, consultare esperti, studiosi, incaricare i propri assistenti di far redigere dei rapporti, delle documentazioni, delle analisi fondate. Niente di tutto questo finora \u00e8 successo. Senza fondamento oggi si incolpa la Francia dell\u2019emigrazione illegale dall\u2019Africa, da\u00a0<em>tutta<\/em>\u00a0l\u2019Africa, senza neanche domandarsi come si possa imputare a Parigi la responsabilit\u00e0 di chi parte clandestinamente da Nigeria, Egitto, Somalia, Eritrea, Ghana, Etiopia \u2026.<\/p>\n<p style=\"text-align: justify;\"><strong>Con la stessa irresponsabile indifferenza <\/strong>ai fatti, prima della Francia la \u201ccolpa\u201d dell\u2019emigrazione illegale \u00e8 stata attribuita alla Cina, a un progetto di meticciato ordito da forze finanziarie mondiali al servizio del \u201cturbocapitalismo\u201d, dai complici segreti di un piano chiamato Kalergi, dall\u2019islam che conquister\u00e0 l\u2019occidente con il ventre delle proprie donne \u2026<\/p>\n<p style=\"text-align: justify;\"><strong>Una delle \u201cfonti\u201d della frenesia anti francese \u00e8 tal Mohamed Konare Dit Sata<\/strong>, un africano che vive in Italia e si presenta come leader di un Movimento Panafricanista. L\u2019Africa non \u00e8 libera ed \u00e8 povera \u2013 sostiene \u2013 perch\u00e9 delle societ\u00e0 segrete europee fanno scoppiare di continuo delle guerre tribali, ma soprattutto perch\u00e9 da 600 anni \u00e8 dominata dalla Francia. Bastava una simile affermazione a screditarlo e invece tutti lo citano.<\/p>\n<p style=\"text-align: justify;\"><strong>600 anni fa semmai erano Spagna e Portogallo<\/strong>, seguiti poi dalla Gran Bretagna a dominare l\u2019Africa, in realt\u00e0 neanche loro, che per secoli si sono limitati a creare centri commerciali sulle coste del continente e per qualche decennio vi hanno dominato.<\/p>\n<p>&nbsp;<\/p>\n","protected":false},"excerpt":{"rendered":"<p>da La Nuova Bussola quotidiana 24 gennaio 2019 Mezza Italia si \u00e8 convinta che le ex colonie francesi in Africa non sono affatto indipendenti. Un grave errore concettuale. Il problema \u00e8 che la contestazione anti-francese \u00e8 arrivata al governo e ha provocato un incidente internazionale. Meglio spiegare cosa \u00e8 realmente il franco CFA e come &hellip; <\/p>\n<p><a class=\"more-link btn\" href=\"https:\/\/www.rassegnastampa-totustuus.it\/cattolica\/non-dar-la-colpa-alla-francia-per-gli-errori-dellafrica\/\">Continua a leggere<\/a><\/p>\n","protected":false},"author":6,"featured_media":42008,"comment_status":"closed","ping_status":"closed","sticky":false,"template":"","format":"standard","meta":{"footnotes":""},"categories":[39,108],"tags":[219],"class_list":["post-42007","post","type-post","status-publish","format-standard","has-post-thumbnail","hentry","category-africa","category-paesi-e-continenti","tag-francia","item-wrap"],"yoast_head":"<!-- This site is optimized with the Yoast SEO plugin v27.4 - https:\/\/yoast.com\/product\/yoast-seo-wordpress\/ -->\n<title>Non dar la colpa alla Francia per gli errori dell&#039;Africa - Rassegna Stampa Cattolica<\/title>\n<meta name=\"description\" content=\"Rassegna Stampa Cattolica - Per una cultura che nasce dalla Rivelazione cristiana in conformit\u00e0 alla tradizione e al Magistero della Chiesa in opposizione ad ogni relativismo e totalitarismo\" \/>\n<meta name=\"robots\" content=\"index, follow, max-snippet:-1, max-image-preview:large, max-video-preview:-1\" \/>\n<link rel=\"canonical\" href=\"https:\/\/www.rassegnastampa-totustuus.it\/cattolica\/non-dar-la-colpa-alla-francia-per-gli-errori-dellafrica\/\" \/>\n<meta property=\"og:locale\" content=\"it_IT\" \/>\n<meta property=\"og:type\" content=\"article\" \/>\n<meta property=\"og:title\" content=\"Non dar la colpa alla Francia per gli errori dell&#039;Africa - Rassegna Stampa Cattolica\" \/>\n<meta property=\"og:description\" content=\"Rassegna Stampa Cattolica - Per una cultura che nasce dalla Rivelazione cristiana in conformit\u00e0 alla tradizione e al Magistero della Chiesa in opposizione ad ogni relativismo e totalitarismo\" \/>\n<meta property=\"og:url\" content=\"https:\/\/www.rassegnastampa-totustuus.it\/cattolica\/non-dar-la-colpa-alla-francia-per-gli-errori-dellafrica\/\" \/>\n<meta property=\"og:site_name\" content=\"Rassegna Stampa Cattolica\" \/>\n<meta property=\"article:publisher\" content=\"https:\/\/www.facebook.com\/rassegnastampacattolica\" \/>\n<meta property=\"article:published_time\" content=\"2019-01-30T23:00:24+00:00\" \/>\n<meta property=\"article:modified_time\" content=\"2019-01-31T09:24:38+00:00\" \/>\n<meta property=\"og:image\" content=\"https:\/\/www.rassegnastampa-totustuus.it\/cattolica\/wp-content\/uploads\/2019\/01\/Franco_Cfa_Africa.jpg\" \/>\n\t<meta property=\"og:image:width\" content=\"690\" \/>\n\t<meta property=\"og:image:height\" content=\"504\" \/>\n\t<meta property=\"og:image:type\" content=\"image\/jpeg\" \/>\n<meta name=\"author\" content=\"Redazione\" \/>\n<meta name=\"twitter:card\" content=\"summary_large_image\" \/>\n<meta name=\"twitter:creator\" content=\"@rassegnastampa9\" \/>\n<meta name=\"twitter:site\" content=\"@rassegnastampa9\" \/>\n<meta name=\"twitter:label1\" content=\"Scritto da\" \/>\n\t<meta name=\"twitter:data1\" content=\"Redazione\" \/>\n\t<meta name=\"twitter:label2\" content=\"Tempo di lettura stimato\" \/>\n\t<meta name=\"twitter:data2\" content=\"5 minuti\" \/>\n<script type=\"application\/ld+json\" class=\"yoast-schema-graph\">{\"@context\":\"https:\\\/\\\/schema.org\",\"@graph\":[{\"@type\":\"Article\",\"@id\":\"https:\\\/\\\/www.rassegnastampa-totustuus.it\\\/cattolica\\\/non-dar-la-colpa-alla-francia-per-gli-errori-dellafrica\\\/#article\",\"isPartOf\":{\"@id\":\"https:\\\/\\\/www.rassegnastampa-totustuus.it\\\/cattolica\\\/non-dar-la-colpa-alla-francia-per-gli-errori-dellafrica\\\/\"},\"author\":{\"name\":\"Redazione\",\"@id\":\"https:\\\/\\\/www.rassegnastampa-totustuus.it\\\/cattolica\\\/#\\\/schema\\\/person\\\/08f319d2bd1a0904ad9e2bfb7b15e5c3\"},\"headline\":\"Non dar la colpa alla Francia per gli errori dell&#8217;Africa\",\"datePublished\":\"2019-01-30T23:00:24+00:00\",\"dateModified\":\"2019-01-31T09:24:38+00:00\",\"mainEntityOfPage\":{\"@id\":\"https:\\\/\\\/www.rassegnastampa-totustuus.it\\\/cattolica\\\/non-dar-la-colpa-alla-francia-per-gli-errori-dellafrica\\\/\"},\"wordCount\":933,\"publisher\":{\"@id\":\"https:\\\/\\\/www.rassegnastampa-totustuus.it\\\/cattolica\\\/#organization\"},\"image\":{\"@id\":\"https:\\\/\\\/www.rassegnastampa-totustuus.it\\\/cattolica\\\/non-dar-la-colpa-alla-francia-per-gli-errori-dellafrica\\\/#primaryimage\"},\"thumbnailUrl\":\"https:\\\/\\\/www.rassegnastampa-totustuus.it\\\/cattolica\\\/wp-content\\\/uploads\\\/2019\\\/01\\\/Franco_Cfa_Africa.jpg\",\"keywords\":[\"Francia\"],\"articleSection\":[\"Africa\",\"Paesi e continenti\"],\"inLanguage\":\"it-IT\"},{\"@type\":\"WebPage\",\"@id\":\"https:\\\/\\\/www.rassegnastampa-totustuus.it\\\/cattolica\\\/non-dar-la-colpa-alla-francia-per-gli-errori-dellafrica\\\/\",\"url\":\"https:\\\/\\\/www.rassegnastampa-totustuus.it\\\/cattolica\\\/non-dar-la-colpa-alla-francia-per-gli-errori-dellafrica\\\/\",\"name\":\"Non dar la colpa alla Francia per gli errori dell'Africa - Rassegna Stampa Cattolica\",\"isPartOf\":{\"@id\":\"https:\\\/\\\/www.rassegnastampa-totustuus.it\\\/cattolica\\\/#website\"},\"primaryImageOfPage\":{\"@id\":\"https:\\\/\\\/www.rassegnastampa-totustuus.it\\\/cattolica\\\/non-dar-la-colpa-alla-francia-per-gli-errori-dellafrica\\\/#primaryimage\"},\"image\":{\"@id\":\"https:\\\/\\\/www.rassegnastampa-totustuus.it\\\/cattolica\\\/non-dar-la-colpa-alla-francia-per-gli-errori-dellafrica\\\/#primaryimage\"},\"thumbnailUrl\":\"https:\\\/\\\/www.rassegnastampa-totustuus.it\\\/cattolica\\\/wp-content\\\/uploads\\\/2019\\\/01\\\/Franco_Cfa_Africa.jpg\",\"datePublished\":\"2019-01-30T23:00:24+00:00\",\"dateModified\":\"2019-01-31T09:24:38+00:00\",\"description\":\"Rassegna Stampa Cattolica - Per una cultura che nasce dalla Rivelazione cristiana in conformit\u00e0 alla tradizione e al Magistero della Chiesa in opposizione ad ogni relativismo e totalitarismo\",\"breadcrumb\":{\"@id\":\"https:\\\/\\\/www.rassegnastampa-totustuus.it\\\/cattolica\\\/non-dar-la-colpa-alla-francia-per-gli-errori-dellafrica\\\/#breadcrumb\"},\"inLanguage\":\"it-IT\",\"potentialAction\":[{\"@type\":\"ReadAction\",\"target\":[\"https:\\\/\\\/www.rassegnastampa-totustuus.it\\\/cattolica\\\/non-dar-la-colpa-alla-francia-per-gli-errori-dellafrica\\\/\"]}]},{\"@type\":\"ImageObject\",\"inLanguage\":\"it-IT\",\"@id\":\"https:\\\/\\\/www.rassegnastampa-totustuus.it\\\/cattolica\\\/non-dar-la-colpa-alla-francia-per-gli-errori-dellafrica\\\/#primaryimage\",\"url\":\"https:\\\/\\\/www.rassegnastampa-totustuus.it\\\/cattolica\\\/wp-content\\\/uploads\\\/2019\\\/01\\\/Franco_Cfa_Africa.jpg\",\"contentUrl\":\"https:\\\/\\\/www.rassegnastampa-totustuus.it\\\/cattolica\\\/wp-content\\\/uploads\\\/2019\\\/01\\\/Franco_Cfa_Africa.jpg\",\"width\":690,\"height\":504},{\"@type\":\"BreadcrumbList\",\"@id\":\"https:\\\/\\\/www.rassegnastampa-totustuus.it\\\/cattolica\\\/non-dar-la-colpa-alla-francia-per-gli-errori-dellafrica\\\/#breadcrumb\",\"itemListElement\":[{\"@type\":\"ListItem\",\"position\":1,\"name\":\"Home\",\"item\":\"https:\\\/\\\/www.rassegnastampa-totustuus.it\\\/cattolica\\\/\"},{\"@type\":\"ListItem\",\"position\":2,\"name\":\"Non dar la colpa alla Francia per gli errori dell&#8217;Africa\"}]},{\"@type\":\"WebSite\",\"@id\":\"https:\\\/\\\/www.rassegnastampa-totustuus.it\\\/cattolica\\\/#website\",\"url\":\"https:\\\/\\\/www.rassegnastampa-totustuus.it\\\/cattolica\\\/\",\"name\":\"Rassegna Stampa Cattolica\",\"description\":\"Per una cultura che nasce dalla Rivelazione cristiana in conformit\u00e0 alla tradizione e al Magistero della Chiesa in opposizione ad ogni relativismo e totalitarismo\",\"publisher\":{\"@id\":\"https:\\\/\\\/www.rassegnastampa-totustuus.it\\\/cattolica\\\/#organization\"},\"alternateName\":\"Rass. Cattolica\",\"potentialAction\":[{\"@type\":\"SearchAction\",\"target\":{\"@type\":\"EntryPoint\",\"urlTemplate\":\"https:\\\/\\\/www.rassegnastampa-totustuus.it\\\/cattolica\\\/?s={search_term_string}\"},\"query-input\":{\"@type\":\"PropertyValueSpecification\",\"valueRequired\":true,\"valueName\":\"search_term_string\"}}],\"inLanguage\":\"it-IT\"},{\"@type\":\"Organization\",\"@id\":\"https:\\\/\\\/www.rassegnastampa-totustuus.it\\\/cattolica\\\/#organization\",\"name\":\"Rassegna Stampa Cattolica\",\"url\":\"https:\\\/\\\/www.rassegnastampa-totustuus.it\\\/cattolica\\\/\",\"logo\":{\"@type\":\"ImageObject\",\"inLanguage\":\"it-IT\",\"@id\":\"https:\\\/\\\/www.rassegnastampa-totustuus.it\\\/cattolica\\\/#\\\/schema\\\/logo\\\/image\\\/\",\"url\":\"https:\\\/\\\/www.rassegnastampa-totustuus.it\\\/cattolica\\\/wp-content\\\/uploads\\\/2014\\\/04\\\/logo-rassegna1.gif\",\"contentUrl\":\"https:\\\/\\\/www.rassegnastampa-totustuus.it\\\/cattolica\\\/wp-content\\\/uploads\\\/2014\\\/04\\\/logo-rassegna1.gif\",\"width\":600,\"height\":163,\"caption\":\"Rassegna Stampa Cattolica\"},\"image\":{\"@id\":\"https:\\\/\\\/www.rassegnastampa-totustuus.it\\\/cattolica\\\/#\\\/schema\\\/logo\\\/image\\\/\"},\"sameAs\":[\"https:\\\/\\\/www.facebook.com\\\/rassegnastampacattolica\",\"https:\\\/\\\/x.com\\\/rassegnastampa9\"]},{\"@type\":\"Person\",\"@id\":\"https:\\\/\\\/www.rassegnastampa-totustuus.it\\\/cattolica\\\/#\\\/schema\\\/person\\\/08f319d2bd1a0904ad9e2bfb7b15e5c3\",\"name\":\"Redazione\",\"image\":{\"@type\":\"ImageObject\",\"inLanguage\":\"it-IT\",\"@id\":\"https:\\\/\\\/secure.gravatar.com\\\/avatar\\\/2fcdf27c78ea025fbdb44e914cc63c72249ffec9dc8aafd5c82b26240ef3f346?s=96&d=mm&r=g\",\"url\":\"https:\\\/\\\/secure.gravatar.com\\\/avatar\\\/2fcdf27c78ea025fbdb44e914cc63c72249ffec9dc8aafd5c82b26240ef3f346?s=96&d=mm&r=g\",\"contentUrl\":\"https:\\\/\\\/secure.gravatar.com\\\/avatar\\\/2fcdf27c78ea025fbdb44e914cc63c72249ffec9dc8aafd5c82b26240ef3f346?s=96&d=mm&r=g\",\"caption\":\"Redazione\"},\"url\":\"https:\\\/\\\/www.rassegnastampa-totustuus.it\\\/cattolica\\\/author\\\/pietroelle\\\/\"}]}<\/script>\n<!-- \/ Yoast SEO plugin. -->","yoast_head_json":{"title":"Non dar la colpa alla Francia per gli errori dell'Africa - Rassegna Stampa Cattolica","description":"Rassegna Stampa Cattolica - Per una cultura che nasce dalla Rivelazione cristiana in conformit\u00e0 alla tradizione e al Magistero della Chiesa in opposizione ad ogni relativismo e totalitarismo","robots":{"index":"index","follow":"follow","max-snippet":"max-snippet:-1","max-image-preview":"max-image-preview:large","max-video-preview":"max-video-preview:-1"},"canonical":"https:\/\/www.rassegnastampa-totustuus.it\/cattolica\/non-dar-la-colpa-alla-francia-per-gli-errori-dellafrica\/","og_locale":"it_IT","og_type":"article","og_title":"Non dar la colpa alla Francia per gli errori dell'Africa - Rassegna Stampa Cattolica","og_description":"Rassegna Stampa Cattolica - Per una cultura che nasce dalla Rivelazione cristiana in conformit\u00e0 alla tradizione e al Magistero della Chiesa in opposizione ad ogni relativismo e totalitarismo","og_url":"https:\/\/www.rassegnastampa-totustuus.it\/cattolica\/non-dar-la-colpa-alla-francia-per-gli-errori-dellafrica\/","og_site_name":"Rassegna Stampa Cattolica","article_publisher":"https:\/\/www.facebook.com\/rassegnastampacattolica","article_published_time":"2019-01-30T23:00:24+00:00","article_modified_time":"2019-01-31T09:24:38+00:00","og_image":[{"width":690,"height":504,"url":"https:\/\/www.rassegnastampa-totustuus.it\/cattolica\/wp-content\/uploads\/2019\/01\/Franco_Cfa_Africa.jpg","type":"image\/jpeg"}],"author":"Redazione","twitter_card":"summary_large_image","twitter_creator":"@rassegnastampa9","twitter_site":"@rassegnastampa9","twitter_misc":{"Scritto da":"Redazione","Tempo di lettura stimato":"5 minuti"},"schema":{"@context":"https:\/\/schema.org","@graph":[{"@type":"Article","@id":"https:\/\/www.rassegnastampa-totustuus.it\/cattolica\/non-dar-la-colpa-alla-francia-per-gli-errori-dellafrica\/#article","isPartOf":{"@id":"https:\/\/www.rassegnastampa-totustuus.it\/cattolica\/non-dar-la-colpa-alla-francia-per-gli-errori-dellafrica\/"},"author":{"name":"Redazione","@id":"https:\/\/www.rassegnastampa-totustuus.it\/cattolica\/#\/schema\/person\/08f319d2bd1a0904ad9e2bfb7b15e5c3"},"headline":"Non dar la colpa alla Francia per gli errori dell&#8217;Africa","datePublished":"2019-01-30T23:00:24+00:00","dateModified":"2019-01-31T09:24:38+00:00","mainEntityOfPage":{"@id":"https:\/\/www.rassegnastampa-totustuus.it\/cattolica\/non-dar-la-colpa-alla-francia-per-gli-errori-dellafrica\/"},"wordCount":933,"publisher":{"@id":"https:\/\/www.rassegnastampa-totustuus.it\/cattolica\/#organization"},"image":{"@id":"https:\/\/www.rassegnastampa-totustuus.it\/cattolica\/non-dar-la-colpa-alla-francia-per-gli-errori-dellafrica\/#primaryimage"},"thumbnailUrl":"https:\/\/www.rassegnastampa-totustuus.it\/cattolica\/wp-content\/uploads\/2019\/01\/Franco_Cfa_Africa.jpg","keywords":["Francia"],"articleSection":["Africa","Paesi e continenti"],"inLanguage":"it-IT"},{"@type":"WebPage","@id":"https:\/\/www.rassegnastampa-totustuus.it\/cattolica\/non-dar-la-colpa-alla-francia-per-gli-errori-dellafrica\/","url":"https:\/\/www.rassegnastampa-totustuus.it\/cattolica\/non-dar-la-colpa-alla-francia-per-gli-errori-dellafrica\/","name":"Non dar la colpa alla Francia per gli errori dell'Africa - Rassegna Stampa Cattolica","isPartOf":{"@id":"https:\/\/www.rassegnastampa-totustuus.it\/cattolica\/#website"},"primaryImageOfPage":{"@id":"https:\/\/www.rassegnastampa-totustuus.it\/cattolica\/non-dar-la-colpa-alla-francia-per-gli-errori-dellafrica\/#primaryimage"},"image":{"@id":"https:\/\/www.rassegnastampa-totustuus.it\/cattolica\/non-dar-la-colpa-alla-francia-per-gli-errori-dellafrica\/#primaryimage"},"thumbnailUrl":"https:\/\/www.rassegnastampa-totustuus.it\/cattolica\/wp-content\/uploads\/2019\/01\/Franco_Cfa_Africa.jpg","datePublished":"2019-01-30T23:00:24+00:00","dateModified":"2019-01-31T09:24:38+00:00","description":"Rassegna Stampa Cattolica - Per una cultura che nasce dalla Rivelazione cristiana in conformit\u00e0 alla tradizione e al Magistero della Chiesa in opposizione ad ogni relativismo e totalitarismo","breadcrumb":{"@id":"https:\/\/www.rassegnastampa-totustuus.it\/cattolica\/non-dar-la-colpa-alla-francia-per-gli-errori-dellafrica\/#breadcrumb"},"inLanguage":"it-IT","potentialAction":[{"@type":"ReadAction","target":["https:\/\/www.rassegnastampa-totustuus.it\/cattolica\/non-dar-la-colpa-alla-francia-per-gli-errori-dellafrica\/"]}]},{"@type":"ImageObject","inLanguage":"it-IT","@id":"https:\/\/www.rassegnastampa-totustuus.it\/cattolica\/non-dar-la-colpa-alla-francia-per-gli-errori-dellafrica\/#primaryimage","url":"https:\/\/www.rassegnastampa-totustuus.it\/cattolica\/wp-content\/uploads\/2019\/01\/Franco_Cfa_Africa.jpg","contentUrl":"https:\/\/www.rassegnastampa-totustuus.it\/cattolica\/wp-content\/uploads\/2019\/01\/Franco_Cfa_Africa.jpg","width":690,"height":504},{"@type":"BreadcrumbList","@id":"https:\/\/www.rassegnastampa-totustuus.it\/cattolica\/non-dar-la-colpa-alla-francia-per-gli-errori-dellafrica\/#breadcrumb","itemListElement":[{"@type":"ListItem","position":1,"name":"Home","item":"https:\/\/www.rassegnastampa-totustuus.it\/cattolica\/"},{"@type":"ListItem","position":2,"name":"Non dar la colpa alla Francia per gli errori dell&#8217;Africa"}]},{"@type":"WebSite","@id":"https:\/\/www.rassegnastampa-totustuus.it\/cattolica\/#website","url":"https:\/\/www.rassegnastampa-totustuus.it\/cattolica\/","name":"Rassegna Stampa Cattolica","description":"Per una cultura che nasce dalla Rivelazione cristiana in conformit\u00e0 alla tradizione e al Magistero della Chiesa in opposizione ad ogni relativismo e totalitarismo","publisher":{"@id":"https:\/\/www.rassegnastampa-totustuus.it\/cattolica\/#organization"},"alternateName":"Rass. Cattolica","potentialAction":[{"@type":"SearchAction","target":{"@type":"EntryPoint","urlTemplate":"https:\/\/www.rassegnastampa-totustuus.it\/cattolica\/?s={search_term_string}"},"query-input":{"@type":"PropertyValueSpecification","valueRequired":true,"valueName":"search_term_string"}}],"inLanguage":"it-IT"},{"@type":"Organization","@id":"https:\/\/www.rassegnastampa-totustuus.it\/cattolica\/#organization","name":"Rassegna Stampa Cattolica","url":"https:\/\/www.rassegnastampa-totustuus.it\/cattolica\/","logo":{"@type":"ImageObject","inLanguage":"it-IT","@id":"https:\/\/www.rassegnastampa-totustuus.it\/cattolica\/#\/schema\/logo\/image\/","url":"https:\/\/www.rassegnastampa-totustuus.it\/cattolica\/wp-content\/uploads\/2014\/04\/logo-rassegna1.gif","contentUrl":"https:\/\/www.rassegnastampa-totustuus.it\/cattolica\/wp-content\/uploads\/2014\/04\/logo-rassegna1.gif","width":600,"height":163,"caption":"Rassegna Stampa Cattolica"},"image":{"@id":"https:\/\/www.rassegnastampa-totustuus.it\/cattolica\/#\/schema\/logo\/image\/"},"sameAs":["https:\/\/www.facebook.com\/rassegnastampacattolica","https:\/\/x.com\/rassegnastampa9"]},{"@type":"Person","@id":"https:\/\/www.rassegnastampa-totustuus.it\/cattolica\/#\/schema\/person\/08f319d2bd1a0904ad9e2bfb7b15e5c3","name":"Redazione","image":{"@type":"ImageObject","inLanguage":"it-IT","@id":"https:\/\/secure.gravatar.com\/avatar\/2fcdf27c78ea025fbdb44e914cc63c72249ffec9dc8aafd5c82b26240ef3f346?s=96&d=mm&r=g","url":"https:\/\/secure.gravatar.com\/avatar\/2fcdf27c78ea025fbdb44e914cc63c72249ffec9dc8aafd5c82b26240ef3f346?s=96&d=mm&r=g","contentUrl":"https:\/\/secure.gravatar.com\/avatar\/2fcdf27c78ea025fbdb44e914cc63c72249ffec9dc8aafd5c82b26240ef3f346?s=96&d=mm&r=g","caption":"Redazione"},"url":"https:\/\/www.rassegnastampa-totustuus.it\/cattolica\/author\/pietroelle\/"}]}},"_links":{"self":[{"href":"https:\/\/www.rassegnastampa-totustuus.it\/cattolica\/wp-json\/wp\/v2\/posts\/42007","targetHints":{"allow":["GET"]}}],"collection":[{"href":"https:\/\/www.rassegnastampa-totustuus.it\/cattolica\/wp-json\/wp\/v2\/posts"}],"about":[{"href":"https:\/\/www.rassegnastampa-totustuus.it\/cattolica\/wp-json\/wp\/v2\/types\/post"}],"author":[{"embeddable":true,"href":"https:\/\/www.rassegnastampa-totustuus.it\/cattolica\/wp-json\/wp\/v2\/users\/6"}],"replies":[{"embeddable":true,"href":"https:\/\/www.rassegnastampa-totustuus.it\/cattolica\/wp-json\/wp\/v2\/comments?post=42007"}],"version-history":[{"count":2,"href":"https:\/\/www.rassegnastampa-totustuus.it\/cattolica\/wp-json\/wp\/v2\/posts\/42007\/revisions"}],"predecessor-version":[{"id":42015,"href":"https:\/\/www.rassegnastampa-totustuus.it\/cattolica\/wp-json\/wp\/v2\/posts\/42007\/revisions\/42015"}],"wp:featuredmedia":[{"embeddable":true,"href":"https:\/\/www.rassegnastampa-totustuus.it\/cattolica\/wp-json\/wp\/v2\/media\/42008"}],"wp:attachment":[{"href":"https:\/\/www.rassegnastampa-totustuus.it\/cattolica\/wp-json\/wp\/v2\/media?parent=42007"}],"wp:term":[{"taxonomy":"category","embeddable":true,"href":"https:\/\/www.rassegnastampa-totustuus.it\/cattolica\/wp-json\/wp\/v2\/categories?post=42007"},{"taxonomy":"post_tag","embeddable":true,"href":"https:\/\/www.rassegnastampa-totustuus.it\/cattolica\/wp-json\/wp\/v2\/tags?post=42007"}],"curies":[{"name":"wp","href":"https:\/\/api.w.org\/{rel}","templated":true}]}}