{"id":42,"date":"2004-11-03T15:46:13","date_gmt":"2004-11-03T14:46:13","guid":{"rendered":""},"modified":"2024-01-05T12:35:50","modified_gmt":"2024-01-05T11:35:50","slug":"ambientalisti-senza-moralita","status":"publish","type":"post","link":"https:\/\/www.rassegnastampa-totustuus.it\/cattolica\/ambientalisti-senza-moralita\/","title":{"rendered":"Ambientalisti senza moralit\u00e0"},"content":{"rendered":"<p style=\"text-align: justify;\"><img loading=\"lazy\" decoding=\"async\" class=\"alignleft wp-image-32501\" src=\"https:\/\/www.rassegnastampa-totustuus.it\/cattolica\/wp-content\/uploads\/2004\/11\/Terra_ambientalismo.jpg\" alt=\"Terra_ambientalismo\" width=\"207\" height=\"231\" \/><\/p>\n<p style=\"text-align: justify;\"><strong>Abstract:\u00a0 <\/strong><em>ambientalisti senza moralit\u00e0. <span style=\"color: #000000;\">Nell&#8217;immaginario culturale dell&#8217;ambientalismo dominante ogni volta che si parla di ecologia si \u00e8 soliti evocare catastrofi, inquinamento eccessivo, scomparsa di specie e di foreste, malattie, carestie, alluvioni, uragani. Cos\u00ec per la quasi totalit\u00e0 delle associazioni ecologiste il mondo naturale \u00e8 in guerra con quello degli esseri umani. L&#8217;umanit\u00e0, la flora e la fauna sono per i cristiani figli di uno stesso creatore, mentre nell&#8217;immaginario ambientalista rappresentano i contendenti di un conflitto selvaggio.\u00a0<\/span><\/em><\/p>\n<p><!--more--><\/p>\n<p style=\"text-align: center;\">Pubblicato su <a href=\"https:\/\/www.mondoemissione.it\/\" target=\"_blank\" rel=\"noopener\"><strong>Mondo e Missione<\/strong>\u00a0<\/a>n\u00b0 07 anno 2004<\/p>\n<h3 style=\"text-align: center;\"><span style=\"color: #000000;\">Ecoimperialisti e profeti di sventura<\/span><\/h3>\n<p style=\"text-align: justify;\"><span style=\"color: #000000;\"><em>Da una parte l&#8217;uomo &#8220;cancro del pianeta&#8221;; dall&#8217;altra Gaia, la terra, paradiso perfetto, luogo dell&#8217;armonia.<\/em><\/span><\/p>\n<p style=\"text-align: justify;\"><span style=\"color: #000000;\">\u00c8 in uscita da Piemme il libro curato dai giornalisti Riccardo Cascioli e Antonio Gaspari <em>Le bugie degli ambientalisti. I falsi allarmismi dei movimenti ecologisti<\/em> (pp. 184, 9,90 euro). Un&#8217;inchiesta che, prendendo le mosse dal magistero della Chiesa, propone una chiave di lettura &#8220;fuori dal coro&#8221; sul tema della salvaguardia dell&#8217;ambiente e smaschera ipocrisie e falsit\u00e0 portate avanti da una parte del movimento ecologista in nome della tutela della natura. Un libro che getta un sasso nello stagno e si offre come occasione di dibattito.<\/span><\/p>\n<p style=\"text-align: justify;\"><span style=\"color: #000000;\">Sul tema della visione cristiana dell&#8217;ambiente si vedano anche le <em>Riflessioni del teologo ortodosso Vladimir Zelinskij<\/em> a p. 77-79.<\/span><\/p>\n<p style=\"text-align: justify;\"><span style=\"color: #000000;\">Nell&#8217;immaginario culturale dell&#8217;ambientalismo dominante ogni volta che si parla di ecologia si \u00e8 soliti evocare catastrofi, inquinamento eccessivo, scomparsa di specie e di foreste, malattie, carestie, alluvioni, uragani. Cos\u00ec per la quasi totalit\u00e0 delle associazioni ecologiste il mondo naturale \u00e8 in guerra con quello degli esseri umani. L&#8217;umanit\u00e0, la flora e la fauna sono per i cristiani figli di uno stesso creatore, mentre nell&#8217;immaginario ambientalista rappresentano i contendenti di un conflitto selvaggio. (\u2026) Questo tipo di approccio culturale ai problemi ambientali ha diffuso un grande pessimismo, una estesa sfiducia nelle azioni dell&#8217;uomo, nella sua moralit\u00e0, nei suoi sforzi per l&#8217;innovazione scientifica. Le sue aspirazioni per una migliore qualit\u00e0 di vita sono state criminalizzate, perch\u00e9 lo sviluppo economico \u00e8 visto come la fonte di tutti gli inquinamenti.<\/span><\/p>\n<p style=\"text-align: justify;\"><span style=\"color: #000000;\">Al sorgere dell&#8217;attuale movimento ambientalista, alla fine degli anni Sessanta-inizio anni Settanta, negli ambienti laicisti di stampo illuministico si pensava che l&#8217;attenzione per l&#8217;ambiente avrebbe sviluppato una nuova e pi\u00f9 profonda attenzione per le scienze biologiche, per la fisica dell&#8217;atmosfera, per la chimica della vita, invece dato il carattere luddista e oscurantista del movimento ecologista si \u00e8 verificato un fenomeno di avversione alla vera conoscenza ed alle attivit\u00e0 industriali. Con il risultato che si sta diffondendo un pregiudizio negativo nei confronti della scienza e della tecnologia. (\u2026)<\/span><\/p>\n<p style=\"text-align: justify;\"><span style=\"color: #000000;\">Per un cristiano il creato \u00e8 vita, \u00e8 gioia, \u00e8 bellezza, perch\u00e9 riflette l&#8217;amore del Creatore. \u00c8 per questo motivo che l&#8217;uomo pu\u00f2 contemplare il creato e interrogarsi su Dio. (&#8230;) Ma la cultura ambientalista che ha dominato la scena negli ultimi trenta anni ha cancellato a priori l&#8217;idea di un Creatore buono e previdente, e ha cercato di sostituirlo con Gaia, sorella di Caos e di Eros. Nel paradigma culturale ecologista, la dea della mitologia greca viene riesumata non solo per sostituirsi al Creatore, ma soprattutto per contrapporsi a colui che viene indicato come la causa di tutti i mali del pianeta e cio\u00e8 l&#8217;uomo. Nella concezione dell&#8217;ipotesi Gaia l&#8217;uomo \u00e8 indicato come il &#8220;cancro del pianeta&#8221; e la nascita dei suoi figli e figlie come la principale causa del degrado e dell&#8217;inquinamento.<\/span><\/p>\n<p style=\"text-align: justify;\"><span style=\"color: #000000;\">Ha scritto l&#8217;inventore dell&#8217;ipotesi Gaia, James Lovelock: &#8220;Gli umani sulla terra si comportano per certi versi come un organismo patogeno, o come le cellule di un tumore o di una neoplasia&#8221;.<\/span><\/p>\n<p style=\"text-align: justify;\">&#8220;La specie umana &#8211; continua Lovelock &#8211; \u00e8 oggi talmente numerosa da costituire una grave malattia planetaria&#8221;. &#8220;Questa malattia &#8211; aggiunge John Gray, professore di storia del pensiero europeo alla London School of Economics e guru dei no-global &#8211; si chiama Primateia Disseminata ed \u00e8 una forma di epidemia, epidemia di genti, epidemia di persone. Ci sono troppi umani sul pianeta (John Gray, Cani di paglia, Ponte delle Grazie, 2003). Mentre le maggiori scuole di pensiero partono dall&#8217;assunto che l&#8217;uomo \u00e8 radicalmente diverso dagli altri animali, Gray sostiene che tutto questo \u00e8 soltanto un&#8217;illusione.<\/p>\n<p style=\"text-align: justify;\">Scrive a questo proposito il movimento ecologista Voluntary Human Extinction Movement: &#8220;L&#8217;alternativa all&#8217;estinzione di milioni e forse miliardi di specie di piante ed animali \u00e8 la volontaria estinzione di una specie, quella dell&#8217;Homo sapiens. Ogni volta che uno di noi decide di non aggiungersi agli altri miliardi di persone che popolano il pianeta un raggio di speranza raggiunge il Pianeta. Ogni volta che un essere umano decide di non riprodursi la biosfera ritorna alla sua gloria primordiale. La salute della Terra sar\u00e0 ristabilita dall&#8217;ecologia nella forma conosciuta come Gaia&#8221;. Il movimento propone l&#8217;aborto e la riduzione totale delle nascite, non condivide la politica cinese del figlio unico perch\u00e9 un figlio \u00e8 gi\u00e0 troppo.<\/p>\n<p style=\"text-align: justify;\">Il punto di vista del Voluntary Human Extinction Movement, per quanto apocalittico ed estremo, \u00e8 condiviso nell&#8217;arcipelago ambientalista. Il politologo Giovanni Sartori ha scritto nel libro La Terra scoppia. Sovrappopolazione e sviluppo (Rizzoli 2003): &#8220;Se la follia umana non trover\u00e0 una pillola che la possa curare, e se questa pillola non sar\u00e0 vietata dai folli che ci vogliono in incessante moltiplicazione, il regno dell&#8217;uomo arriver\u00e0 a malapena nel 2100. Tra un secolo, di questo passo, il pianeta Terra sar\u00e0 mezzo morto e gli esseri umani anche&#8221;. La tesi \u00e8 chiara: siamo in troppi, la tecnologia inquina, perci\u00f2 dobbiamo ridurre la popolazione, ed \u00e8 colpa del Vaticano e degli Stati Uniti se non si riesce ad imporre drastici piani di controllo della popolazione.<\/p>\n<p style=\"text-align: justify;\">La maniera catastrofica con cui questo tipo di cultura nichilista guarda all&#8217;uomo, condiziona pesantemente il rapporto con flora e fauna che viene percepita con sentimenti che sono di paura e adorazione. Come per gli uomini primitivi l&#8217;ideologia ecologista tende a idolatrare la natura, in forme panteiste, politeiste e neopagane. Ridurre le nascite e limitare lo sviluppo sono i &#8220;sacrifici&#8221; indicati dagli ambientalisti per placare le ire di Gaia. (&#8230;)<\/p>\n<p style=\"text-align: justify;\">L&#8217;atteggiamento dichiaratamente anti-vita e contrario allo sviluppo da parte della maggiori associazioni ambientaliste sta generando un fenomeno di rivolta. Sempre pi\u00f9 gruppi e le persone parlano di &#8220;ecoimperialismo&#8221;.<\/p>\n<p style=\"text-align: justify;\">Il 20 gennaio 2004 si \u00e8 tenuto a New York un convegno dal titolo &#8220;Eco-imperialismo: la guerra globale del movimento verde contro i poveri dei Paesi in via di sviluppo&#8221;. Il convegno \u00e8 stato organizzato dal Congress of Racial Equality (Core), il pi\u00f9 vecchio movimento statunitense per i diritti civili. \u00c8 stato il Core ad organizzare la marcia a Washington nel 1963 dove Martin Luther King pronunci\u00f2 il famoso discorso &#8220;I Have a Dream&#8221;. In occasione del convegno \u00e8 intervenuta anche Fifi, diminutivo di Fiona Kobusingye, una donna ugandese di 34 anni sopravvissuta nel 2002 alla malaria che per\u00f2 ha ucciso suo figlio, due sorelle e due nipoti.<\/p>\n<p style=\"text-align: justify;\">Ha detto Fiona ai partecipanti al convegno: &#8220;Preferite salvare un uccello o Fifi?. Ridateci il Ddt&#8221;, ha implorato Fiona. I partecipanti al congresso hanno condiviso e sostenuto l&#8217;appello di Fiona, perch\u00e9 il Ddt \u00e8 un insetticida molto efficace contro le zanzare che trasmettono la malaria ed \u00e8 molto economico. Come ha sottolineato Maria Teresa Cometto in un articolo pubblicato su Corriere Economia (2 febbraio 2004), il Ddt \u00e8 per\u00f2 &#8220;ostracizzato dai gruppi ecologisti occidentali, Greenpeace e Wwf in testa, e dal Pesticide Action network, secondo cui il Ddt \u00e8 dannoso per la salute umana e soprattutto per l&#8217;ambiente&#8221;.<\/p>\n<p style=\"text-align: justify;\">Secondo gli organizzatori del convegno questo tipo di battaglia delle associazioni ambientaliste \u00e8 un esempio drammatico degli estremi a cui pu\u00f2 arrivare l&#8217;ecoimperialismo, &#8220;un movimento ideologico animato essenzialmente da benestanti, che vuol imporre il suo punto di vista a milioni di poveri, disperati, africani, asiatici e latino-americani, incurante del loro diritto a una vita migliore&#8221;. Roger Bate dell&#8217;American Enterprise Institute ha spiegato che il bando del Ddt \u00e8 costato 10 milioni di vite negli ultimi decenni. &#8220;Nel 1996 il Sudafrica ha voluto entrare nel club occidentale che non usava il Ddt &#8211; ha dichiarato Bate &#8211; ed in una stagione i casi di malaria sono passati da poche migliaia a 65 mila. La reintroduzione del Ddt nel 2000 ha diminuito i casi di malaria dell&#8217;80 per cento in 18 mesi. La malaria porta via 1 milione di africani all&#8217;anno, soprattutto giovani&#8221;.<\/p>\n<p style=\"text-align: justify;\">Gar Smith, del Earth Island Institute, considera assurdo che 2 miliardi di persone nel mondo vivano senza elettricit\u00e0, e poi le associazioni ambientaliste si oppongono alla costruzione di dighe ed impianti idroelettrici. &#8220;Essi, oltre a fornire energia, potrebbero contribuire all&#8217;erogazione di acqua pulita, a fronte di 6 milioni di vittime all&#8217;anno per infezioni intestinali&#8221;. Patrick Moore, gi\u00e0 co-fondatore di Greenpeace, ha ammesso: &#8220;I movimenti ambientalisti hanno perso la loro obiettivit\u00e0, moralit\u00e0 ed umanit\u00e0&#8221;. Nel suo intervento al convegno del Core ha concluso: &#8220;Il dolore e la sofferenza che (il movimento ambientalista &#8211; ndr) infligge alle famiglie dei Paesi in via di sviluppo non pu\u00f2 pi\u00f9 essere tollerato&#8221;.<\/p>\n<p>______________________________________<\/p>\n<p><span style=\"color: #000000;\"><strong>Si legga anche:<\/strong><\/span><\/p>\n<p><a href=\"https:\/\/www.rassegnastampa-totustuus.it\/cattolica\/profeti-si-sventura\/\" target=\"_blank\" rel=\"noopener\"><span style=\"color: #0000ff;\">Profeti di sventura<\/span><\/a><\/p>\n","protected":false},"excerpt":{"rendered":"<p>Abstract:\u00a0 ambientalisti senza moralit\u00e0. Nell&#8217;immaginario culturale dell&#8217;ambientalismo dominante ogni volta che si parla di ecologia si \u00e8 soliti evocare catastrofi, inquinamento eccessivo, scomparsa di specie e di foreste, malattie, carestie, alluvioni, uragani. Cos\u00ec per la quasi totalit\u00e0 delle associazioni ecologiste il mondo naturale \u00e8 in guerra con quello degli esseri umani. L&#8217;umanit\u00e0, la flora e &hellip; <\/p>\n<p><a class=\"more-link btn\" href=\"https:\/\/www.rassegnastampa-totustuus.it\/cattolica\/ambientalisti-senza-moralita\/\">Continua a leggere<\/a><\/p>\n","protected":false},"author":6,"featured_media":32501,"comment_status":"closed","ping_status":"open","sticky":false,"template":"","format":"standard","meta":{"footnotes":""},"categories":[3,30],"tags":[2387,512],"class_list":["post-42","post","type-post","status-publish","format-standard","has-post-thumbnail","hentry","category-ambientalismo","category-ideologia-ambientalista","tag-ambientalismo","tag-ideologia-ambientale","item-wrap"],"yoast_head":"<!-- This site is optimized with the Yoast SEO plugin v27.5 - https:\/\/yoast.com\/product\/yoast-seo-wordpress\/ -->\n<title>Ambientalisti senza moralit\u00e0 - Rassegna Stampa Cattolica<\/title>\n<meta name=\"description\" content=\"Ambientalisti senza moralit\u00e0 per i quali l&#039;uomo \u00e8 il cancro del pianeta e per questo si oppongono aci\u00f2 che ne pu\u00f2 migliorare l&#039;esistenza\" \/>\n<meta name=\"robots\" content=\"index, follow, max-snippet:-1, max-image-preview:large, max-video-preview:-1\" \/>\n<link rel=\"canonical\" href=\"https:\/\/www.rassegnastampa-totustuus.it\/cattolica\/ambientalisti-senza-moralita\/\" \/>\n<meta property=\"og:locale\" content=\"it_IT\" \/>\n<meta property=\"og:type\" content=\"article\" \/>\n<meta property=\"og:title\" content=\"Ambientalisti senza moralit\u00e0 - Rassegna Stampa Cattolica\" \/>\n<meta property=\"og:description\" content=\"Ambientalisti senza moralit\u00e0 per i quali l&#039;uomo \u00e8 il cancro del pianeta e per questo si oppongono aci\u00f2 che ne pu\u00f2 migliorare l&#039;esistenza\" \/>\n<meta property=\"og:url\" content=\"https:\/\/www.rassegnastampa-totustuus.it\/cattolica\/ambientalisti-senza-moralita\/\" \/>\n<meta property=\"og:site_name\" content=\"Rassegna Stampa Cattolica\" \/>\n<meta property=\"article:publisher\" content=\"https:\/\/www.facebook.com\/rassegnastampacattolica\" \/>\n<meta property=\"article:published_time\" content=\"2004-11-03T14:46:13+00:00\" \/>\n<meta property=\"article:modified_time\" content=\"2024-01-05T11:35:50+00:00\" \/>\n<meta property=\"og:image\" content=\"https:\/\/www.rassegnastampa-totustuus.it\/cattolica\/wp-content\/uploads\/2004\/11\/Terra_ambientalismo.jpg\" \/>\n\t<meta property=\"og:image:width\" content=\"194\" \/>\n\t<meta property=\"og:image:height\" content=\"217\" \/>\n\t<meta property=\"og:image:type\" content=\"image\/jpeg\" \/>\n<meta name=\"author\" content=\"Redazione\" \/>\n<meta name=\"twitter:card\" content=\"summary_large_image\" \/>\n<meta name=\"twitter:creator\" content=\"@rassegnastampa9\" \/>\n<meta name=\"twitter:site\" content=\"@rassegnastampa9\" \/>\n<meta name=\"twitter:label1\" content=\"Scritto da\" \/>\n\t<meta name=\"twitter:data1\" content=\"Redazione\" \/>\n\t<meta name=\"twitter:label2\" content=\"Tempo di lettura stimato\" \/>\n\t<meta name=\"twitter:data2\" content=\"9 minuti\" \/>\n<script type=\"application\/ld+json\" class=\"yoast-schema-graph\">{\"@context\":\"https:\\\/\\\/schema.org\",\"@graph\":[{\"@type\":\"Article\",\"@id\":\"https:\\\/\\\/www.rassegnastampa-totustuus.it\\\/cattolica\\\/ambientalisti-senza-moralita\\\/#article\",\"isPartOf\":{\"@id\":\"https:\\\/\\\/www.rassegnastampa-totustuus.it\\\/cattolica\\\/ambientalisti-senza-moralita\\\/\"},\"author\":{\"name\":\"Redazione\",\"@id\":\"https:\\\/\\\/www.rassegnastampa-totustuus.it\\\/cattolica\\\/#\\\/schema\\\/person\\\/08f319d2bd1a0904ad9e2bfb7b15e5c3\"},\"headline\":\"Ambientalisti senza moralit\u00e0\",\"datePublished\":\"2004-11-03T14:46:13+00:00\",\"dateModified\":\"2024-01-05T11:35:50+00:00\",\"mainEntityOfPage\":{\"@id\":\"https:\\\/\\\/www.rassegnastampa-totustuus.it\\\/cattolica\\\/ambientalisti-senza-moralita\\\/\"},\"wordCount\":1468,\"publisher\":{\"@id\":\"https:\\\/\\\/www.rassegnastampa-totustuus.it\\\/cattolica\\\/#organization\"},\"image\":{\"@id\":\"https:\\\/\\\/www.rassegnastampa-totustuus.it\\\/cattolica\\\/ambientalisti-senza-moralita\\\/#primaryimage\"},\"thumbnailUrl\":\"https:\\\/\\\/www.rassegnastampa-totustuus.it\\\/cattolica\\\/wp-content\\\/uploads\\\/2004\\\/11\\\/Terra_ambientalismo.jpg\",\"keywords\":[\"Ambientalismo\",\"ideologia ambientale\"],\"articleSection\":[\"Ambientalismo\",\"Ideologia ambientale\"],\"inLanguage\":\"it-IT\"},{\"@type\":\"WebPage\",\"@id\":\"https:\\\/\\\/www.rassegnastampa-totustuus.it\\\/cattolica\\\/ambientalisti-senza-moralita\\\/\",\"url\":\"https:\\\/\\\/www.rassegnastampa-totustuus.it\\\/cattolica\\\/ambientalisti-senza-moralita\\\/\",\"name\":\"Ambientalisti senza moralit\u00e0 - Rassegna Stampa Cattolica\",\"isPartOf\":{\"@id\":\"https:\\\/\\\/www.rassegnastampa-totustuus.it\\\/cattolica\\\/#website\"},\"primaryImageOfPage\":{\"@id\":\"https:\\\/\\\/www.rassegnastampa-totustuus.it\\\/cattolica\\\/ambientalisti-senza-moralita\\\/#primaryimage\"},\"image\":{\"@id\":\"https:\\\/\\\/www.rassegnastampa-totustuus.it\\\/cattolica\\\/ambientalisti-senza-moralita\\\/#primaryimage\"},\"thumbnailUrl\":\"https:\\\/\\\/www.rassegnastampa-totustuus.it\\\/cattolica\\\/wp-content\\\/uploads\\\/2004\\\/11\\\/Terra_ambientalismo.jpg\",\"datePublished\":\"2004-11-03T14:46:13+00:00\",\"dateModified\":\"2024-01-05T11:35:50+00:00\",\"description\":\"Ambientalisti senza moralit\u00e0 per i quali l'uomo \u00e8 il cancro del pianeta e per questo si oppongono aci\u00f2 che ne pu\u00f2 migliorare l'esistenza\",\"breadcrumb\":{\"@id\":\"https:\\\/\\\/www.rassegnastampa-totustuus.it\\\/cattolica\\\/ambientalisti-senza-moralita\\\/#breadcrumb\"},\"inLanguage\":\"it-IT\",\"potentialAction\":[{\"@type\":\"ReadAction\",\"target\":[\"https:\\\/\\\/www.rassegnastampa-totustuus.it\\\/cattolica\\\/ambientalisti-senza-moralita\\\/\"]}]},{\"@type\":\"ImageObject\",\"inLanguage\":\"it-IT\",\"@id\":\"https:\\\/\\\/www.rassegnastampa-totustuus.it\\\/cattolica\\\/ambientalisti-senza-moralita\\\/#primaryimage\",\"url\":\"https:\\\/\\\/www.rassegnastampa-totustuus.it\\\/cattolica\\\/wp-content\\\/uploads\\\/2004\\\/11\\\/Terra_ambientalismo.jpg\",\"contentUrl\":\"https:\\\/\\\/www.rassegnastampa-totustuus.it\\\/cattolica\\\/wp-content\\\/uploads\\\/2004\\\/11\\\/Terra_ambientalismo.jpg\",\"width\":194,\"height\":217},{\"@type\":\"BreadcrumbList\",\"@id\":\"https:\\\/\\\/www.rassegnastampa-totustuus.it\\\/cattolica\\\/ambientalisti-senza-moralita\\\/#breadcrumb\",\"itemListElement\":[{\"@type\":\"ListItem\",\"position\":1,\"name\":\"Home\",\"item\":\"https:\\\/\\\/www.rassegnastampa-totustuus.it\\\/cattolica\\\/\"},{\"@type\":\"ListItem\",\"position\":2,\"name\":\"Ambientalisti senza moralit\u00e0\"}]},{\"@type\":\"WebSite\",\"@id\":\"https:\\\/\\\/www.rassegnastampa-totustuus.it\\\/cattolica\\\/#website\",\"url\":\"https:\\\/\\\/www.rassegnastampa-totustuus.it\\\/cattolica\\\/\",\"name\":\"Rassegna Stampa Cattolica\",\"description\":\"Per una cultura che nasce dalla Rivelazione cristiana in conformit\u00e0 alla tradizione e al Magistero della Chiesa in opposizione ad ogni relativismo e totalitarismo\",\"publisher\":{\"@id\":\"https:\\\/\\\/www.rassegnastampa-totustuus.it\\\/cattolica\\\/#organization\"},\"alternateName\":\"Rass. Cattolica\",\"potentialAction\":[{\"@type\":\"SearchAction\",\"target\":{\"@type\":\"EntryPoint\",\"urlTemplate\":\"https:\\\/\\\/www.rassegnastampa-totustuus.it\\\/cattolica\\\/?s={search_term_string}\"},\"query-input\":{\"@type\":\"PropertyValueSpecification\",\"valueRequired\":true,\"valueName\":\"search_term_string\"}}],\"inLanguage\":\"it-IT\"},{\"@type\":\"Organization\",\"@id\":\"https:\\\/\\\/www.rassegnastampa-totustuus.it\\\/cattolica\\\/#organization\",\"name\":\"Rassegna Stampa Cattolica\",\"url\":\"https:\\\/\\\/www.rassegnastampa-totustuus.it\\\/cattolica\\\/\",\"logo\":{\"@type\":\"ImageObject\",\"inLanguage\":\"it-IT\",\"@id\":\"https:\\\/\\\/www.rassegnastampa-totustuus.it\\\/cattolica\\\/#\\\/schema\\\/logo\\\/image\\\/\",\"url\":\"https:\\\/\\\/www.rassegnastampa-totustuus.it\\\/cattolica\\\/wp-content\\\/uploads\\\/2014\\\/04\\\/logo-rassegna1.gif\",\"contentUrl\":\"https:\\\/\\\/www.rassegnastampa-totustuus.it\\\/cattolica\\\/wp-content\\\/uploads\\\/2014\\\/04\\\/logo-rassegna1.gif\",\"width\":600,\"height\":163,\"caption\":\"Rassegna Stampa Cattolica\"},\"image\":{\"@id\":\"https:\\\/\\\/www.rassegnastampa-totustuus.it\\\/cattolica\\\/#\\\/schema\\\/logo\\\/image\\\/\"},\"sameAs\":[\"https:\\\/\\\/www.facebook.com\\\/rassegnastampacattolica\",\"https:\\\/\\\/x.com\\\/rassegnastampa9\"]},{\"@type\":\"Person\",\"@id\":\"https:\\\/\\\/www.rassegnastampa-totustuus.it\\\/cattolica\\\/#\\\/schema\\\/person\\\/08f319d2bd1a0904ad9e2bfb7b15e5c3\",\"name\":\"Redazione\",\"image\":{\"@type\":\"ImageObject\",\"inLanguage\":\"it-IT\",\"@id\":\"https:\\\/\\\/secure.gravatar.com\\\/avatar\\\/2fcdf27c78ea025fbdb44e914cc63c72249ffec9dc8aafd5c82b26240ef3f346?s=96&d=mm&r=g\",\"url\":\"https:\\\/\\\/secure.gravatar.com\\\/avatar\\\/2fcdf27c78ea025fbdb44e914cc63c72249ffec9dc8aafd5c82b26240ef3f346?s=96&d=mm&r=g\",\"contentUrl\":\"https:\\\/\\\/secure.gravatar.com\\\/avatar\\\/2fcdf27c78ea025fbdb44e914cc63c72249ffec9dc8aafd5c82b26240ef3f346?s=96&d=mm&r=g\",\"caption\":\"Redazione\"},\"url\":\"https:\\\/\\\/www.rassegnastampa-totustuus.it\\\/cattolica\\\/author\\\/pietroelle\\\/\"}]}<\/script>\n<!-- \/ Yoast SEO plugin. -->","yoast_head_json":{"title":"Ambientalisti senza moralit\u00e0 - Rassegna Stampa Cattolica","description":"Ambientalisti senza moralit\u00e0 per i quali l'uomo \u00e8 il cancro del pianeta e per questo si oppongono aci\u00f2 che ne pu\u00f2 migliorare l'esistenza","robots":{"index":"index","follow":"follow","max-snippet":"max-snippet:-1","max-image-preview":"max-image-preview:large","max-video-preview":"max-video-preview:-1"},"canonical":"https:\/\/www.rassegnastampa-totustuus.it\/cattolica\/ambientalisti-senza-moralita\/","og_locale":"it_IT","og_type":"article","og_title":"Ambientalisti senza moralit\u00e0 - Rassegna Stampa Cattolica","og_description":"Ambientalisti senza moralit\u00e0 per i quali l'uomo \u00e8 il cancro del pianeta e per questo si oppongono aci\u00f2 che ne pu\u00f2 migliorare l'esistenza","og_url":"https:\/\/www.rassegnastampa-totustuus.it\/cattolica\/ambientalisti-senza-moralita\/","og_site_name":"Rassegna Stampa Cattolica","article_publisher":"https:\/\/www.facebook.com\/rassegnastampacattolica","article_published_time":"2004-11-03T14:46:13+00:00","article_modified_time":"2024-01-05T11:35:50+00:00","og_image":[{"width":194,"height":217,"url":"https:\/\/www.rassegnastampa-totustuus.it\/cattolica\/wp-content\/uploads\/2004\/11\/Terra_ambientalismo.jpg","type":"image\/jpeg"}],"author":"Redazione","twitter_card":"summary_large_image","twitter_creator":"@rassegnastampa9","twitter_site":"@rassegnastampa9","twitter_misc":{"Scritto da":"Redazione","Tempo di lettura stimato":"9 minuti"},"schema":{"@context":"https:\/\/schema.org","@graph":[{"@type":"Article","@id":"https:\/\/www.rassegnastampa-totustuus.it\/cattolica\/ambientalisti-senza-moralita\/#article","isPartOf":{"@id":"https:\/\/www.rassegnastampa-totustuus.it\/cattolica\/ambientalisti-senza-moralita\/"},"author":{"name":"Redazione","@id":"https:\/\/www.rassegnastampa-totustuus.it\/cattolica\/#\/schema\/person\/08f319d2bd1a0904ad9e2bfb7b15e5c3"},"headline":"Ambientalisti senza moralit\u00e0","datePublished":"2004-11-03T14:46:13+00:00","dateModified":"2024-01-05T11:35:50+00:00","mainEntityOfPage":{"@id":"https:\/\/www.rassegnastampa-totustuus.it\/cattolica\/ambientalisti-senza-moralita\/"},"wordCount":1468,"publisher":{"@id":"https:\/\/www.rassegnastampa-totustuus.it\/cattolica\/#organization"},"image":{"@id":"https:\/\/www.rassegnastampa-totustuus.it\/cattolica\/ambientalisti-senza-moralita\/#primaryimage"},"thumbnailUrl":"https:\/\/www.rassegnastampa-totustuus.it\/cattolica\/wp-content\/uploads\/2004\/11\/Terra_ambientalismo.jpg","keywords":["Ambientalismo","ideologia ambientale"],"articleSection":["Ambientalismo","Ideologia ambientale"],"inLanguage":"it-IT"},{"@type":"WebPage","@id":"https:\/\/www.rassegnastampa-totustuus.it\/cattolica\/ambientalisti-senza-moralita\/","url":"https:\/\/www.rassegnastampa-totustuus.it\/cattolica\/ambientalisti-senza-moralita\/","name":"Ambientalisti senza moralit\u00e0 - Rassegna Stampa Cattolica","isPartOf":{"@id":"https:\/\/www.rassegnastampa-totustuus.it\/cattolica\/#website"},"primaryImageOfPage":{"@id":"https:\/\/www.rassegnastampa-totustuus.it\/cattolica\/ambientalisti-senza-moralita\/#primaryimage"},"image":{"@id":"https:\/\/www.rassegnastampa-totustuus.it\/cattolica\/ambientalisti-senza-moralita\/#primaryimage"},"thumbnailUrl":"https:\/\/www.rassegnastampa-totustuus.it\/cattolica\/wp-content\/uploads\/2004\/11\/Terra_ambientalismo.jpg","datePublished":"2004-11-03T14:46:13+00:00","dateModified":"2024-01-05T11:35:50+00:00","description":"Ambientalisti senza moralit\u00e0 per i quali l'uomo \u00e8 il cancro del pianeta e per questo si oppongono aci\u00f2 che ne pu\u00f2 migliorare l'esistenza","breadcrumb":{"@id":"https:\/\/www.rassegnastampa-totustuus.it\/cattolica\/ambientalisti-senza-moralita\/#breadcrumb"},"inLanguage":"it-IT","potentialAction":[{"@type":"ReadAction","target":["https:\/\/www.rassegnastampa-totustuus.it\/cattolica\/ambientalisti-senza-moralita\/"]}]},{"@type":"ImageObject","inLanguage":"it-IT","@id":"https:\/\/www.rassegnastampa-totustuus.it\/cattolica\/ambientalisti-senza-moralita\/#primaryimage","url":"https:\/\/www.rassegnastampa-totustuus.it\/cattolica\/wp-content\/uploads\/2004\/11\/Terra_ambientalismo.jpg","contentUrl":"https:\/\/www.rassegnastampa-totustuus.it\/cattolica\/wp-content\/uploads\/2004\/11\/Terra_ambientalismo.jpg","width":194,"height":217},{"@type":"BreadcrumbList","@id":"https:\/\/www.rassegnastampa-totustuus.it\/cattolica\/ambientalisti-senza-moralita\/#breadcrumb","itemListElement":[{"@type":"ListItem","position":1,"name":"Home","item":"https:\/\/www.rassegnastampa-totustuus.it\/cattolica\/"},{"@type":"ListItem","position":2,"name":"Ambientalisti senza moralit\u00e0"}]},{"@type":"WebSite","@id":"https:\/\/www.rassegnastampa-totustuus.it\/cattolica\/#website","url":"https:\/\/www.rassegnastampa-totustuus.it\/cattolica\/","name":"Rassegna Stampa Cattolica","description":"Per una cultura che nasce dalla Rivelazione cristiana in conformit\u00e0 alla tradizione e al Magistero della Chiesa in opposizione ad ogni relativismo e totalitarismo","publisher":{"@id":"https:\/\/www.rassegnastampa-totustuus.it\/cattolica\/#organization"},"alternateName":"Rass. Cattolica","potentialAction":[{"@type":"SearchAction","target":{"@type":"EntryPoint","urlTemplate":"https:\/\/www.rassegnastampa-totustuus.it\/cattolica\/?s={search_term_string}"},"query-input":{"@type":"PropertyValueSpecification","valueRequired":true,"valueName":"search_term_string"}}],"inLanguage":"it-IT"},{"@type":"Organization","@id":"https:\/\/www.rassegnastampa-totustuus.it\/cattolica\/#organization","name":"Rassegna Stampa Cattolica","url":"https:\/\/www.rassegnastampa-totustuus.it\/cattolica\/","logo":{"@type":"ImageObject","inLanguage":"it-IT","@id":"https:\/\/www.rassegnastampa-totustuus.it\/cattolica\/#\/schema\/logo\/image\/","url":"https:\/\/www.rassegnastampa-totustuus.it\/cattolica\/wp-content\/uploads\/2014\/04\/logo-rassegna1.gif","contentUrl":"https:\/\/www.rassegnastampa-totustuus.it\/cattolica\/wp-content\/uploads\/2014\/04\/logo-rassegna1.gif","width":600,"height":163,"caption":"Rassegna Stampa Cattolica"},"image":{"@id":"https:\/\/www.rassegnastampa-totustuus.it\/cattolica\/#\/schema\/logo\/image\/"},"sameAs":["https:\/\/www.facebook.com\/rassegnastampacattolica","https:\/\/x.com\/rassegnastampa9"]},{"@type":"Person","@id":"https:\/\/www.rassegnastampa-totustuus.it\/cattolica\/#\/schema\/person\/08f319d2bd1a0904ad9e2bfb7b15e5c3","name":"Redazione","image":{"@type":"ImageObject","inLanguage":"it-IT","@id":"https:\/\/secure.gravatar.com\/avatar\/2fcdf27c78ea025fbdb44e914cc63c72249ffec9dc8aafd5c82b26240ef3f346?s=96&d=mm&r=g","url":"https:\/\/secure.gravatar.com\/avatar\/2fcdf27c78ea025fbdb44e914cc63c72249ffec9dc8aafd5c82b26240ef3f346?s=96&d=mm&r=g","contentUrl":"https:\/\/secure.gravatar.com\/avatar\/2fcdf27c78ea025fbdb44e914cc63c72249ffec9dc8aafd5c82b26240ef3f346?s=96&d=mm&r=g","caption":"Redazione"},"url":"https:\/\/www.rassegnastampa-totustuus.it\/cattolica\/author\/pietroelle\/"}]}},"_links":{"self":[{"href":"https:\/\/www.rassegnastampa-totustuus.it\/cattolica\/wp-json\/wp\/v2\/posts\/42","targetHints":{"allow":["GET"]}}],"collection":[{"href":"https:\/\/www.rassegnastampa-totustuus.it\/cattolica\/wp-json\/wp\/v2\/posts"}],"about":[{"href":"https:\/\/www.rassegnastampa-totustuus.it\/cattolica\/wp-json\/wp\/v2\/types\/post"}],"author":[{"embeddable":true,"href":"https:\/\/www.rassegnastampa-totustuus.it\/cattolica\/wp-json\/wp\/v2\/users\/6"}],"replies":[{"embeddable":true,"href":"https:\/\/www.rassegnastampa-totustuus.it\/cattolica\/wp-json\/wp\/v2\/comments?post=42"}],"version-history":[{"count":6,"href":"https:\/\/www.rassegnastampa-totustuus.it\/cattolica\/wp-json\/wp\/v2\/posts\/42\/revisions"}],"predecessor-version":[{"id":58832,"href":"https:\/\/www.rassegnastampa-totustuus.it\/cattolica\/wp-json\/wp\/v2\/posts\/42\/revisions\/58832"}],"wp:featuredmedia":[{"embeddable":true,"href":"https:\/\/www.rassegnastampa-totustuus.it\/cattolica\/wp-json\/wp\/v2\/media\/32501"}],"wp:attachment":[{"href":"https:\/\/www.rassegnastampa-totustuus.it\/cattolica\/wp-json\/wp\/v2\/media?parent=42"}],"wp:term":[{"taxonomy":"category","embeddable":true,"href":"https:\/\/www.rassegnastampa-totustuus.it\/cattolica\/wp-json\/wp\/v2\/categories?post=42"},{"taxonomy":"post_tag","embeddable":true,"href":"https:\/\/www.rassegnastampa-totustuus.it\/cattolica\/wp-json\/wp\/v2\/tags?post=42"}],"curies":[{"name":"wp","href":"https:\/\/api.w.org\/{rel}","templated":true}]}}