{"id":41979,"date":"2019-01-31T00:00:19","date_gmt":"2019-01-30T23:00:19","guid":{"rendered":"http:\/\/www.rassegnastampa-totustuus.it\/cattolica\/?p=41979"},"modified":"2019-01-22T10:02:28","modified_gmt":"2019-01-22T09:02:28","slug":"un-xxi-secolo-senza-famiglia-e-senza-un-euro","status":"publish","type":"post","link":"https:\/\/www.rassegnastampa-totustuus.it\/cattolica\/un-xxi-secolo-senza-famiglia-e-senza-un-euro\/","title":{"rendered":"Un XXI secolo senza famiglia e senza un euro?"},"content":{"rendered":"<p style=\"text-align: center;\"><a href=\"https:\/\/www.rassegnastampa-totustuus.it\/cattolica\/wp-content\/uploads\/2019\/01\/povert\u00e0.jpg\"><img loading=\"lazy\" decoding=\"async\" class=\"alignright wp-image-41980\" src=\"https:\/\/www.rassegnastampa-totustuus.it\/cattolica\/wp-content\/uploads\/2019\/01\/povert\u00e0.jpg\" alt=\"\" width=\"250\" height=\"172\" \/><\/a>da <strong><a href=\"https:\/\/www.ilnuovoarengario.it\/\">Il Nuovo Arengario<\/a><\/strong> dicembre 2019<\/p>\n<p style=\"text-align: center;\">di <strong>Ettore Gotti Tedeschi<\/strong><\/p>\n<p style=\"text-align: justify;\">Per inaugurare \u201cIl nuovo Arengario\u201d, Paolo Deotto mi ha chiesto di fare una sintesi semplice, chiara e realistica sulla situazione economico politica che si prospetta alle famiglie italiane. Avendo scelto il nome Nuovo Arengario, suppongo che Deotto voglia rispettare il senso di questo nome: \u201cluogo (palazzo e balcone) dove si arringava il popolo\u201d. Ebbene, sia.<\/p>\n<p><!--more--><\/p>\n<p style=\"text-align: justify;\">Ho titolato questa mia breve arringa scritta: \u201cSenza famiglia e senza un euro\u201d. Forse qualche non pi\u00f9 giovane lettore ricorder\u00e0 un libro scritto nella seconda met\u00e0 dell\u2019800 da uno scrittore francese, Hector Malot, \u201cSenza famiglia\u201d, un romanzo strappalacrime sul modello di Charles Dickens, sul tema dei poveri orfanelli. Anche noi in pratica siamo poveri orfanelli, impoveriti da una classe illuminata che ha ignorato per decenni le leggi naturali inseguendo sogni-incubi gnostici, ma anche orfanelli di una madre Chiesa che sembra essersi dimenticata di noi, poveri in spirito soprattutto, bisognosi di insegnamenti e consolazioni, ma anche poveri materialmente, almeno in prospettiva.<\/p>\n<p style=\"text-align: justify;\">Vediamo alcune tesi tendenti a provocare il lettore del Nuovo Arengario con spiegazioni\u00a0 di quanto asserito ora.<\/p>\n<p style=\"text-align: justify;\"><a href=\"https:\/\/www.rassegnastampa-totustuus.it\/cattolica\/wp-content\/uploads\/2013\/02\/Gotti-Tedeschi.jpg\"><img loading=\"lazy\" decoding=\"async\" class=\"alignleft wp-image-31338\" src=\"https:\/\/www.rassegnastampa-totustuus.it\/cattolica\/wp-content\/uploads\/2013\/02\/Gotti-Tedeschi.jpg\" alt=\"\" width=\"250\" height=\"166\" \/><\/a>Circa 50anni fa i grandi illuminati che governavano (e pretendono di continuare \u2026) il mondo decisero, per il bene di tutti, che il mondo andava rifatto. Non stralunate gli occhi fingendo di esser stupiti, lo dir\u00f2 in modo pi\u00f9 comprensibile: decisero di rifare la Creazione, uomo incluso. Vecchia storia direte voi; s\u00ec, esatto, cominci\u00f2 con la Genesi, ma il famoso \u201cportatore di luce\u201d non si \u00e8 rassegnato alle conseguenze del peccato originale.<\/p>\n<p style=\"text-align: justify;\">Da allora si \u00e8 organizzato per osservare, studiare, riflettere e sperimentare come ricatturare la debole creatura umana, soprattutto continuando a proporle intuizioni eretiche. Sappiamo che l\u2019essere umano per esistere necessita di tre alimenti: corporale, intellettuale e spirituale; il nostro \u201cportatore di luce\u201d \u00e8 riuscito nei millenni-secoli a fare crescere e soddisfare il bisogno corporale, a confondere quello intellettuale e a estinguere progressivamente quello spirituale. Ecco la spiegazione, un po\u2019 criptica, per capire le prospettive nostre: senza famiglia e senza un euro. Adesso cerchiamo di convincerci in modo pratico e realistico.<\/p>\n<p style=\"text-align: justify;\">Circa 50anni fa i grandi illuminati che volevano rifare il mondo cos\u00ec imperfetto, cominciarono, con varie scuse, a convincere la creatura umana a non fare figli, perch\u00e9 la popolazione al mondo era gi\u00e0 troppa, consumava e inquinava il sacro ambiente. Ovviamente il mondo che si lasci\u00f2 convincere fu quello occidentale, gi\u00e0 ricco, colto ma insoddisfatto, sempre pi\u00f9 alimentato corporalmente, sempre meno alimentato intellettualmente, non pi\u00f9 alimentato spiritualmente.<\/p>\n<p style=\"text-align: justify;\">E fu lui che smise di far figli (certo non il resto del mondo pi\u00f9 povero materialmente che non leggeva le riviste specializzate e non vedeva i film catastrofici alle televisioni), ma essendo lui il motore dell\u2019economia mondiale, interrompendo le nascite interruppe il ciclo economico di crescita. Caro lettore, se la popolazione non cresce, soprattutto in un mondo economicamente \u201cmaturo\u201d, come l\u2019occidente, come fa a crescere il Pil?<\/p>\n<p style=\"text-align: justify;\"><a href=\"https:\/\/www.rassegnastampa-totustuus.it\/cattolica\/wp-content\/uploads\/2011\/12\/bilderberg.jpg\"><img loading=\"lazy\" decoding=\"async\" class=\"alignright wp-image-23363\" src=\"https:\/\/www.rassegnastampa-totustuus.it\/cattolica\/wp-content\/uploads\/2011\/12\/bilderberg.jpg\" alt=\"\" width=\"250\" height=\"187\" \/><\/a>Ricordate la frase \u201cil diavolo fa le pentole ma non i coperchi\u201d? Bene, mai una sentenza \u00e8 stata pi\u00f9 corretta. Nell\u2019intento stupido-egoistico di stare meglio riducendo il numero di persone nel pianeta (cominciando con le nazioni ricche) non solo si \u00e8 impoverito il mondo ex ricco, si \u00e8 squilibrato quello ex povero ora neo ricco. In pratica si \u00e8 creato il problema che si voleva evitare, riducendo le nascite. Si voleva diventare tutti pi\u00f9 ricchi e siamo diventati tutti pi\u00f9 poveri; si voleva prevenire il problema ambientale e si \u00e8 creato il problema ambientale.<\/p>\n<p style=\"text-align: justify;\">Immagino desideriate chiedermi di spiegarmi meglio, lo posso fare per\u00f2 in due parole, in sequenza:<\/p>\n<p style=\"text-align: justify;\">&#8211; il crollo nascite (cio\u00e8 meno crescita popolazione o crescita zero o crescita negativa, come in Italia) genera crollo potenziale della domanda,<\/p>\n<p style=\"text-align: justify;\">&#8211; questa viene compensata con crescita consumi individuali (consumismo),<\/p>\n<p style=\"text-align: justify;\">&#8211; crescita consumi individuali pretende maggior capacit\u00e0 di acquisto, ottenuta usando il risparmio per consumare e riducendo il prezzo dei beni consumati facendoli produrre in paesi a basso costo, ma deindustrializzando e creando i presupposti per futura disoccupazione.<\/p>\n<p style=\"text-align: justify;\">\u2013 Non facendo figli la popolazione poi invecchia, crescono i costi della vecchiaia (sanit\u00e0 e pensioni) pagati con crescita proporzionale delle tasse che riducono utili e redditi.<\/p>\n<p style=\"text-align: justify;\">\u2013 Invece di affrontare il problema lo si gonfia facendo indebitare le famiglie per consumare sempre pi\u00f9, fino alla impossibilit\u00e0 di riuscirci e il fallimento dell\u2019intero sistema insostenibile.<\/p>\n<p style=\"text-align: justify;\"><a href=\"https:\/\/www.rassegnastampa-totustuus.it\/cattolica\/wp-content\/uploads\/2009\/03\/culle-vuote.jpg\"><img loading=\"lazy\" decoding=\"async\" class=\"alignleft wp-image-18062\" src=\"https:\/\/www.rassegnastampa-totustuus.it\/cattolica\/wp-content\/uploads\/2009\/03\/culle-vuote-300x200.jpg\" alt=\"\" width=\"250\" height=\"167\" srcset=\"https:\/\/www.rassegnastampa-totustuus.it\/cattolica\/wp-content\/uploads\/2009\/03\/culle-vuote-300x200.jpg 300w, https:\/\/www.rassegnastampa-totustuus.it\/cattolica\/wp-content\/uploads\/2009\/03\/culle-vuote.jpg 350w\" sizes=\"auto, (max-width: 250px) 100vw, 250px\" \/><\/a>Solo per una semplice causa originale contraria alle leggi naturali: il crollo delle nascite, minime per la sopravvivenza. La dichiarazione di fallimento avvenne nel 2007 con il fallimento di una banca in Usa e il fallimento di un sistema economico finanziario. Invece di capirne le cause e rimediarle, i nostri illuminati decisero di \u201cpensare ognuno per s\u00e9\u201d, fregandosene degli altri. Anzi, magari pensando di trarre vantaggi dalla crisi per profittare dei pi\u00f9 indeboliti dalla stessa.<\/p>\n<p style=\"text-align: justify;\">La pessima gestione post crisi, che ha indebolito i pi\u00f9 deboli, ha generato una reazione assolutamente prevedibile ma non gradita, che in pratica si chiama nascita dei \u201cpopulismi\u201d. Invece di cercare di capire cosa succedeva si \u00e8 disprezzata la reazione, dall\u2019alto di una aristocrazia di potere arrogante, ignorante e inconcludente.<\/p>\n<p style=\"text-align: justify;\">Mi vien chiesto che succeder\u00e0 a livello mondo, Europa, Italia. Ovviamente non rispondo, propongo solo riflessioni utili a risposte soggettive.<\/p>\n<p style=\"text-align: justify;\">A livello mondo il globalismo avviato non si ferma di sicuro, potr\u00e0 adattarsi in alcune situazioni e per poco tempo. Il globalismo \u00e8 ancora convinto che vada perseguito un interesse comune globale superiore ad interessi di singole nazioni-gruppi marchiati egoistici, nazionalistici, sovranisti, ecc. E questo spiega le difficolt\u00e0 a veder accettare le vittorie politiche di partiti \u201cpopulisti\u201d e pertanto a scoraggiarli o incorporarli con tanti mezzi disponibili (economici , politici e giuridici).<\/p>\n<p style=\"text-align: justify;\">A livello Europa le tre grandi differenze religiose e di comportamento religioso (protestante, cattolica, laicista) rendono piuttosto difficile una integrazione naturale, che temo verr\u00e0 forzata, sempre con strumenti economico politici. A livello italiano, credo che abbiamo un problema fino a ieri non percepito chiaramente: la presenza della Santa Sede-Citt\u00e0 del Vaticano in Italia. Vantaggio da un verso, svantaggio da altro, soprattutto quando si vorrebbe che la massima Autorit\u00e0 morale al mondo (la Chiesa Cattolica) fosse condiscendente con le aspettative di questo mondo, diciamo, in difficolt\u00e0, che pretende uniformit\u00e0 culturale e religiosa, dato che la fede religiosa influenza il comportamento pratico, in special modo quella cattolica che non separa fede-opere \u2026<\/p>\n<p style=\"text-align: justify;\"><a href=\"https:\/\/www.rassegnastampa-totustuus.it\/cattolica\/wp-content\/uploads\/2012\/10\/adozioni_gay.jpg\"><img loading=\"lazy\" decoding=\"async\" class=\"wp-image-35756 alignright\" src=\"https:\/\/www.rassegnastampa-totustuus.it\/cattolica\/wp-content\/uploads\/2012\/10\/adozioni_gay.jpg\" alt=\"\" width=\"240\" height=\"184\" \/><\/a>Deotto mi chiede che succeder\u00e0 quindi dal punto di vista economico alle famiglie. Rispondo richiamando il mio titolo provocatorio: pi\u00f9 poveri e meno famiglie, in un contesto dove non verranno difesi i veri poveri e non verranno difese le vere famiglie, neppure dalla autorit\u00e0 morale, apparentemente.<\/p>\n<p style=\"text-align: justify;\">Perch\u00e9 pi\u00f9 poveri? Primo, perch\u00e9 le poche ricchezze rimaste nei nostri paesi ex ricchi vanno condivise con i poveri di altri paesi, che son considerati una risorsa globale da utilizzare al meglio ovunque (e va distratta da eccessiva natalit\u00e0 se resta inutilizzata nel suo paese di origine) e che si dice sar\u00e0 la nuova giovinezza degli stessi paesi che subiscono detta immigrazione.<\/p>\n<p style=\"text-align: justify;\">Secondo, perch\u00e9 le poche ricchezze rimaste servono a ridurre il debito pubblico fatto per tener in piedi l\u2019errore del crollo delle nascite. Terzo, perch\u00e9 il welfare cui siamo abituati non \u00e8 pi\u00f9 economicamente sostenibile. Quarto, perch\u00e9, senza un miracolo, l\u2019occupazione in queste condizioni non pu\u00f2 crescere, anzi.<\/p>\n<p style=\"text-align: justify;\">Perch\u00e9 meno famiglie? Preferisco dirlo in \u201cun soffio\u201d, perch\u00e9 la famiglia \u00e8 la vera alternativa strategica a questo disastro, sia dal punto di vista economico (compete con lo stato con l\u2019auto produzione, distribuzione, assistenza ai suoi membri), che educativo (d\u00e0 formazione individuale e rifiuta quella imposta dallo stato). Perci\u00f2 viene distrutta anche con la complicit\u00e0 di chi dovrebbe invece difenderla.<\/p>\n<p style=\"text-align: justify;\"><a href=\"https:\/\/www.rassegnastampa-totustuus.it\/cattolica\/wp-content\/uploads\/2013\/07\/Francesco.jpg\"><img loading=\"lazy\" decoding=\"async\" class=\"alignleft wp-image-33562\" src=\"https:\/\/www.rassegnastampa-totustuus.it\/cattolica\/wp-content\/uploads\/2013\/07\/Francesco.jpg\" alt=\"\" width=\"250\" height=\"187\" \/><\/a>Deotto mi chiede anche cosa si potrebbe fare, volendo farlo. Facilissimo, anzich\u00e9 occuparsi degli effetti, delle conseguenze cio\u00e8 di queste crisi cos\u00ec abilmente confezionate, ci si dovrebbe occupare delle vere cause, altrimenti si proporranno (come sta avvenendo) prognosi senza aver fatto la diagnosi. Perci\u00f2 soluzioni sbagliate e impraticabili che peggioreranno le cose. Faccio un esempio sotto gli occhi di tutti . I temi ricorrenti, direi persino i temi unici considerati (anche dalla autorit\u00e0 morale), sono: povert\u00e0, diseguaglianza, ambiente, immigrazione. Di nessuno di questi 4 temi sono mai state descritte e discusse le cause (vere) morali e tecniche, sono solo state presentate le conseguenze morali, strappalacrime, strappaintelligenza, strappaverit\u00e0.<\/p>\n<p style=\"text-align: justify;\">E in tutti e quattro i casi citati le soluzioni proposte negano o ignorano che le soluzioni proposte sono quelle che hanno creato il problema. Ma anche chi lo avesse capito deve dimenticarselo, deve accettare il criterio di pensiero politicamente corretto imposto, non farlo pu\u00f2 costare caro. Il peggioramento dell\u2019ambiente, il processo di immigrazione forzata, la nuova povert\u00e0 e diseguaglianza, sono tutte state generate dal disconoscimento di leggi naturali della Creazione, e dalle azioni intraprese, prima fra tutte il convincimento alla interruzione della natalit\u00e0.<\/p>\n<p style=\"text-align: justify;\">Come scrive Papa Benedetto XVI nella conclusione di Caritas in Veritate, per risolvere una crisi (come quella attuale) non sono gli strumenti che vanno cambiati, ma il cuore degli uomini. E chi deve farlo (questo lo dice nella conclusione di Caritas in Veritate, uscita dopo la sua rinuncia e firmata dal successore, Lumen Fidei) \u00e8 la Chiesa, che ha tre strumenti disponibili per riuscirci: il magistero, la preghiera, i Sacramenti. Chiaro?<\/p>\n<p style=\"text-align: justify;\">Cari lettori del Nuovo Arengario, questa \u00e8 solo la prima arringa, e non abbiamo ancora parlato di morale \u2026 !<\/p>\n<p>&nbsp;<\/p>\n","protected":false},"excerpt":{"rendered":"<p>da Il Nuovo Arengario dicembre 2019 di Ettore Gotti Tedeschi Per inaugurare \u201cIl nuovo Arengario\u201d, Paolo Deotto mi ha chiesto di fare una sintesi semplice, chiara e realistica sulla situazione economico politica che si prospetta alle famiglie italiane. Avendo scelto il nome Nuovo Arengario, suppongo che Deotto voglia rispettare il senso di questo nome: \u201cluogo &hellip; <\/p>\n<p><a class=\"more-link btn\" href=\"https:\/\/www.rassegnastampa-totustuus.it\/cattolica\/un-xxi-secolo-senza-famiglia-e-senza-un-euro\/\">Continua a leggere<\/a><\/p>\n","protected":false},"author":6,"featured_media":41980,"comment_status":"closed","ping_status":"closed","sticky":false,"template":"","format":"standard","meta":{"footnotes":""},"categories":[9,25],"tags":[913,648],"class_list":["post-41979","post","type-post","status-publish","format-standard","has-post-thumbnail","hentry","category-demografia","category-sguardo-sul-nostro-tempo","tag-declino-demografico","tag-globalizzazione","item-wrap"],"yoast_head":"<!-- This site is optimized with the Yoast SEO plugin v27.4 - https:\/\/yoast.com\/product\/yoast-seo-wordpress\/ -->\n<title>Un XXI secolo senza famiglia e senza un euro? - Rassegna Stampa Cattolica<\/title>\n<meta name=\"description\" content=\"Rassegna Stampa Cattolica - Per una cultura che nasce dalla Rivelazione cristiana in conformit\u00e0 alla tradizione e al Magistero della Chiesa in opposizione ad ogni relativismo e totalitarismo\" \/>\n<meta name=\"robots\" content=\"index, follow, max-snippet:-1, max-image-preview:large, max-video-preview:-1\" \/>\n<link rel=\"canonical\" href=\"https:\/\/www.rassegnastampa-totustuus.it\/cattolica\/un-xxi-secolo-senza-famiglia-e-senza-un-euro\/\" \/>\n<meta property=\"og:locale\" content=\"it_IT\" \/>\n<meta property=\"og:type\" content=\"article\" \/>\n<meta property=\"og:title\" content=\"Un XXI secolo senza famiglia e senza un euro? - Rassegna Stampa Cattolica\" \/>\n<meta property=\"og:description\" content=\"Rassegna Stampa Cattolica - Per una cultura che nasce dalla Rivelazione cristiana in conformit\u00e0 alla tradizione e al Magistero della Chiesa in opposizione ad ogni relativismo e totalitarismo\" \/>\n<meta property=\"og:url\" content=\"https:\/\/www.rassegnastampa-totustuus.it\/cattolica\/un-xxi-secolo-senza-famiglia-e-senza-un-euro\/\" \/>\n<meta property=\"og:site_name\" content=\"Rassegna Stampa Cattolica\" \/>\n<meta property=\"article:publisher\" content=\"https:\/\/www.facebook.com\/rassegnastampacattolica\" \/>\n<meta property=\"article:published_time\" content=\"2019-01-30T23:00:19+00:00\" \/>\n<meta property=\"og:image\" content=\"https:\/\/www.rassegnastampa-totustuus.it\/cattolica\/wp-content\/uploads\/2019\/01\/povert\u00e0.jpg\" \/>\n\t<meta property=\"og:image:width\" content=\"271\" \/>\n\t<meta property=\"og:image:height\" content=\"186\" \/>\n\t<meta property=\"og:image:type\" content=\"image\/jpeg\" \/>\n<meta name=\"author\" content=\"Redazione\" \/>\n<meta name=\"twitter:card\" content=\"summary_large_image\" \/>\n<meta name=\"twitter:creator\" content=\"@rassegnastampa9\" \/>\n<meta name=\"twitter:site\" content=\"@rassegnastampa9\" \/>\n<meta name=\"twitter:label1\" content=\"Scritto da\" \/>\n\t<meta name=\"twitter:data1\" content=\"Redazione\" \/>\n\t<meta name=\"twitter:label2\" content=\"Tempo di lettura stimato\" \/>\n\t<meta name=\"twitter:data2\" content=\"8 minuti\" \/>\n<script type=\"application\/ld+json\" class=\"yoast-schema-graph\">{\"@context\":\"https:\\\/\\\/schema.org\",\"@graph\":[{\"@type\":\"Article\",\"@id\":\"https:\\\/\\\/www.rassegnastampa-totustuus.it\\\/cattolica\\\/un-xxi-secolo-senza-famiglia-e-senza-un-euro\\\/#article\",\"isPartOf\":{\"@id\":\"https:\\\/\\\/www.rassegnastampa-totustuus.it\\\/cattolica\\\/un-xxi-secolo-senza-famiglia-e-senza-un-euro\\\/\"},\"author\":{\"name\":\"Redazione\",\"@id\":\"https:\\\/\\\/www.rassegnastampa-totustuus.it\\\/cattolica\\\/#\\\/schema\\\/person\\\/08f319d2bd1a0904ad9e2bfb7b15e5c3\"},\"headline\":\"Un XXI secolo senza famiglia e senza un euro?\",\"datePublished\":\"2019-01-30T23:00:19+00:00\",\"mainEntityOfPage\":{\"@id\":\"https:\\\/\\\/www.rassegnastampa-totustuus.it\\\/cattolica\\\/un-xxi-secolo-senza-famiglia-e-senza-un-euro\\\/\"},\"wordCount\":1531,\"publisher\":{\"@id\":\"https:\\\/\\\/www.rassegnastampa-totustuus.it\\\/cattolica\\\/#organization\"},\"image\":{\"@id\":\"https:\\\/\\\/www.rassegnastampa-totustuus.it\\\/cattolica\\\/un-xxi-secolo-senza-famiglia-e-senza-un-euro\\\/#primaryimage\"},\"thumbnailUrl\":\"https:\\\/\\\/www.rassegnastampa-totustuus.it\\\/cattolica\\\/wp-content\\\/uploads\\\/2019\\\/01\\\/povert\u00e0.jpg\",\"keywords\":[\"declino demografico\",\"globalizzazione\"],\"articleSection\":[\"Demografia\",\"Sguardo sul nostro tempo\"],\"inLanguage\":\"it-IT\"},{\"@type\":\"WebPage\",\"@id\":\"https:\\\/\\\/www.rassegnastampa-totustuus.it\\\/cattolica\\\/un-xxi-secolo-senza-famiglia-e-senza-un-euro\\\/\",\"url\":\"https:\\\/\\\/www.rassegnastampa-totustuus.it\\\/cattolica\\\/un-xxi-secolo-senza-famiglia-e-senza-un-euro\\\/\",\"name\":\"Un XXI secolo senza famiglia e senza un euro? - Rassegna Stampa Cattolica\",\"isPartOf\":{\"@id\":\"https:\\\/\\\/www.rassegnastampa-totustuus.it\\\/cattolica\\\/#website\"},\"primaryImageOfPage\":{\"@id\":\"https:\\\/\\\/www.rassegnastampa-totustuus.it\\\/cattolica\\\/un-xxi-secolo-senza-famiglia-e-senza-un-euro\\\/#primaryimage\"},\"image\":{\"@id\":\"https:\\\/\\\/www.rassegnastampa-totustuus.it\\\/cattolica\\\/un-xxi-secolo-senza-famiglia-e-senza-un-euro\\\/#primaryimage\"},\"thumbnailUrl\":\"https:\\\/\\\/www.rassegnastampa-totustuus.it\\\/cattolica\\\/wp-content\\\/uploads\\\/2019\\\/01\\\/povert\u00e0.jpg\",\"datePublished\":\"2019-01-30T23:00:19+00:00\",\"description\":\"Rassegna Stampa Cattolica - Per una cultura che nasce dalla Rivelazione cristiana in conformit\u00e0 alla tradizione e al Magistero della Chiesa in opposizione ad ogni relativismo e totalitarismo\",\"breadcrumb\":{\"@id\":\"https:\\\/\\\/www.rassegnastampa-totustuus.it\\\/cattolica\\\/un-xxi-secolo-senza-famiglia-e-senza-un-euro\\\/#breadcrumb\"},\"inLanguage\":\"it-IT\",\"potentialAction\":[{\"@type\":\"ReadAction\",\"target\":[\"https:\\\/\\\/www.rassegnastampa-totustuus.it\\\/cattolica\\\/un-xxi-secolo-senza-famiglia-e-senza-un-euro\\\/\"]}]},{\"@type\":\"ImageObject\",\"inLanguage\":\"it-IT\",\"@id\":\"https:\\\/\\\/www.rassegnastampa-totustuus.it\\\/cattolica\\\/un-xxi-secolo-senza-famiglia-e-senza-un-euro\\\/#primaryimage\",\"url\":\"https:\\\/\\\/www.rassegnastampa-totustuus.it\\\/cattolica\\\/wp-content\\\/uploads\\\/2019\\\/01\\\/povert\u00e0.jpg\",\"contentUrl\":\"https:\\\/\\\/www.rassegnastampa-totustuus.it\\\/cattolica\\\/wp-content\\\/uploads\\\/2019\\\/01\\\/povert\u00e0.jpg\",\"width\":271,\"height\":186},{\"@type\":\"BreadcrumbList\",\"@id\":\"https:\\\/\\\/www.rassegnastampa-totustuus.it\\\/cattolica\\\/un-xxi-secolo-senza-famiglia-e-senza-un-euro\\\/#breadcrumb\",\"itemListElement\":[{\"@type\":\"ListItem\",\"position\":1,\"name\":\"Home\",\"item\":\"https:\\\/\\\/www.rassegnastampa-totustuus.it\\\/cattolica\\\/\"},{\"@type\":\"ListItem\",\"position\":2,\"name\":\"Un XXI secolo senza famiglia e senza un euro?\"}]},{\"@type\":\"WebSite\",\"@id\":\"https:\\\/\\\/www.rassegnastampa-totustuus.it\\\/cattolica\\\/#website\",\"url\":\"https:\\\/\\\/www.rassegnastampa-totustuus.it\\\/cattolica\\\/\",\"name\":\"Rassegna Stampa Cattolica\",\"description\":\"Per una cultura che nasce dalla Rivelazione cristiana in conformit\u00e0 alla tradizione e al Magistero della Chiesa in opposizione ad ogni relativismo e totalitarismo\",\"publisher\":{\"@id\":\"https:\\\/\\\/www.rassegnastampa-totustuus.it\\\/cattolica\\\/#organization\"},\"alternateName\":\"Rass. Cattolica\",\"potentialAction\":[{\"@type\":\"SearchAction\",\"target\":{\"@type\":\"EntryPoint\",\"urlTemplate\":\"https:\\\/\\\/www.rassegnastampa-totustuus.it\\\/cattolica\\\/?s={search_term_string}\"},\"query-input\":{\"@type\":\"PropertyValueSpecification\",\"valueRequired\":true,\"valueName\":\"search_term_string\"}}],\"inLanguage\":\"it-IT\"},{\"@type\":\"Organization\",\"@id\":\"https:\\\/\\\/www.rassegnastampa-totustuus.it\\\/cattolica\\\/#organization\",\"name\":\"Rassegna Stampa Cattolica\",\"url\":\"https:\\\/\\\/www.rassegnastampa-totustuus.it\\\/cattolica\\\/\",\"logo\":{\"@type\":\"ImageObject\",\"inLanguage\":\"it-IT\",\"@id\":\"https:\\\/\\\/www.rassegnastampa-totustuus.it\\\/cattolica\\\/#\\\/schema\\\/logo\\\/image\\\/\",\"url\":\"https:\\\/\\\/www.rassegnastampa-totustuus.it\\\/cattolica\\\/wp-content\\\/uploads\\\/2014\\\/04\\\/logo-rassegna1.gif\",\"contentUrl\":\"https:\\\/\\\/www.rassegnastampa-totustuus.it\\\/cattolica\\\/wp-content\\\/uploads\\\/2014\\\/04\\\/logo-rassegna1.gif\",\"width\":600,\"height\":163,\"caption\":\"Rassegna Stampa Cattolica\"},\"image\":{\"@id\":\"https:\\\/\\\/www.rassegnastampa-totustuus.it\\\/cattolica\\\/#\\\/schema\\\/logo\\\/image\\\/\"},\"sameAs\":[\"https:\\\/\\\/www.facebook.com\\\/rassegnastampacattolica\",\"https:\\\/\\\/x.com\\\/rassegnastampa9\"]},{\"@type\":\"Person\",\"@id\":\"https:\\\/\\\/www.rassegnastampa-totustuus.it\\\/cattolica\\\/#\\\/schema\\\/person\\\/08f319d2bd1a0904ad9e2bfb7b15e5c3\",\"name\":\"Redazione\",\"image\":{\"@type\":\"ImageObject\",\"inLanguage\":\"it-IT\",\"@id\":\"https:\\\/\\\/secure.gravatar.com\\\/avatar\\\/2fcdf27c78ea025fbdb44e914cc63c72249ffec9dc8aafd5c82b26240ef3f346?s=96&d=mm&r=g\",\"url\":\"https:\\\/\\\/secure.gravatar.com\\\/avatar\\\/2fcdf27c78ea025fbdb44e914cc63c72249ffec9dc8aafd5c82b26240ef3f346?s=96&d=mm&r=g\",\"contentUrl\":\"https:\\\/\\\/secure.gravatar.com\\\/avatar\\\/2fcdf27c78ea025fbdb44e914cc63c72249ffec9dc8aafd5c82b26240ef3f346?s=96&d=mm&r=g\",\"caption\":\"Redazione\"},\"url\":\"https:\\\/\\\/www.rassegnastampa-totustuus.it\\\/cattolica\\\/author\\\/pietroelle\\\/\"}]}<\/script>\n<!-- \/ Yoast SEO plugin. -->","yoast_head_json":{"title":"Un XXI secolo senza famiglia e senza un euro? - Rassegna Stampa Cattolica","description":"Rassegna Stampa Cattolica - Per una cultura che nasce dalla Rivelazione cristiana in conformit\u00e0 alla tradizione e al Magistero della Chiesa in opposizione ad ogni relativismo e totalitarismo","robots":{"index":"index","follow":"follow","max-snippet":"max-snippet:-1","max-image-preview":"max-image-preview:large","max-video-preview":"max-video-preview:-1"},"canonical":"https:\/\/www.rassegnastampa-totustuus.it\/cattolica\/un-xxi-secolo-senza-famiglia-e-senza-un-euro\/","og_locale":"it_IT","og_type":"article","og_title":"Un XXI secolo senza famiglia e senza un euro? - Rassegna Stampa Cattolica","og_description":"Rassegna Stampa Cattolica - Per una cultura che nasce dalla Rivelazione cristiana in conformit\u00e0 alla tradizione e al Magistero della Chiesa in opposizione ad ogni relativismo e totalitarismo","og_url":"https:\/\/www.rassegnastampa-totustuus.it\/cattolica\/un-xxi-secolo-senza-famiglia-e-senza-un-euro\/","og_site_name":"Rassegna Stampa Cattolica","article_publisher":"https:\/\/www.facebook.com\/rassegnastampacattolica","article_published_time":"2019-01-30T23:00:19+00:00","og_image":[{"width":271,"height":186,"url":"https:\/\/www.rassegnastampa-totustuus.it\/cattolica\/wp-content\/uploads\/2019\/01\/povert\u00e0.jpg","type":"image\/jpeg"}],"author":"Redazione","twitter_card":"summary_large_image","twitter_creator":"@rassegnastampa9","twitter_site":"@rassegnastampa9","twitter_misc":{"Scritto da":"Redazione","Tempo di lettura stimato":"8 minuti"},"schema":{"@context":"https:\/\/schema.org","@graph":[{"@type":"Article","@id":"https:\/\/www.rassegnastampa-totustuus.it\/cattolica\/un-xxi-secolo-senza-famiglia-e-senza-un-euro\/#article","isPartOf":{"@id":"https:\/\/www.rassegnastampa-totustuus.it\/cattolica\/un-xxi-secolo-senza-famiglia-e-senza-un-euro\/"},"author":{"name":"Redazione","@id":"https:\/\/www.rassegnastampa-totustuus.it\/cattolica\/#\/schema\/person\/08f319d2bd1a0904ad9e2bfb7b15e5c3"},"headline":"Un XXI secolo senza famiglia e senza un euro?","datePublished":"2019-01-30T23:00:19+00:00","mainEntityOfPage":{"@id":"https:\/\/www.rassegnastampa-totustuus.it\/cattolica\/un-xxi-secolo-senza-famiglia-e-senza-un-euro\/"},"wordCount":1531,"publisher":{"@id":"https:\/\/www.rassegnastampa-totustuus.it\/cattolica\/#organization"},"image":{"@id":"https:\/\/www.rassegnastampa-totustuus.it\/cattolica\/un-xxi-secolo-senza-famiglia-e-senza-un-euro\/#primaryimage"},"thumbnailUrl":"https:\/\/www.rassegnastampa-totustuus.it\/cattolica\/wp-content\/uploads\/2019\/01\/povert\u00e0.jpg","keywords":["declino demografico","globalizzazione"],"articleSection":["Demografia","Sguardo sul nostro tempo"],"inLanguage":"it-IT"},{"@type":"WebPage","@id":"https:\/\/www.rassegnastampa-totustuus.it\/cattolica\/un-xxi-secolo-senza-famiglia-e-senza-un-euro\/","url":"https:\/\/www.rassegnastampa-totustuus.it\/cattolica\/un-xxi-secolo-senza-famiglia-e-senza-un-euro\/","name":"Un XXI secolo senza famiglia e senza un euro? - Rassegna Stampa Cattolica","isPartOf":{"@id":"https:\/\/www.rassegnastampa-totustuus.it\/cattolica\/#website"},"primaryImageOfPage":{"@id":"https:\/\/www.rassegnastampa-totustuus.it\/cattolica\/un-xxi-secolo-senza-famiglia-e-senza-un-euro\/#primaryimage"},"image":{"@id":"https:\/\/www.rassegnastampa-totustuus.it\/cattolica\/un-xxi-secolo-senza-famiglia-e-senza-un-euro\/#primaryimage"},"thumbnailUrl":"https:\/\/www.rassegnastampa-totustuus.it\/cattolica\/wp-content\/uploads\/2019\/01\/povert\u00e0.jpg","datePublished":"2019-01-30T23:00:19+00:00","description":"Rassegna Stampa Cattolica - Per una cultura che nasce dalla Rivelazione cristiana in conformit\u00e0 alla tradizione e al Magistero della Chiesa in opposizione ad ogni relativismo e totalitarismo","breadcrumb":{"@id":"https:\/\/www.rassegnastampa-totustuus.it\/cattolica\/un-xxi-secolo-senza-famiglia-e-senza-un-euro\/#breadcrumb"},"inLanguage":"it-IT","potentialAction":[{"@type":"ReadAction","target":["https:\/\/www.rassegnastampa-totustuus.it\/cattolica\/un-xxi-secolo-senza-famiglia-e-senza-un-euro\/"]}]},{"@type":"ImageObject","inLanguage":"it-IT","@id":"https:\/\/www.rassegnastampa-totustuus.it\/cattolica\/un-xxi-secolo-senza-famiglia-e-senza-un-euro\/#primaryimage","url":"https:\/\/www.rassegnastampa-totustuus.it\/cattolica\/wp-content\/uploads\/2019\/01\/povert\u00e0.jpg","contentUrl":"https:\/\/www.rassegnastampa-totustuus.it\/cattolica\/wp-content\/uploads\/2019\/01\/povert\u00e0.jpg","width":271,"height":186},{"@type":"BreadcrumbList","@id":"https:\/\/www.rassegnastampa-totustuus.it\/cattolica\/un-xxi-secolo-senza-famiglia-e-senza-un-euro\/#breadcrumb","itemListElement":[{"@type":"ListItem","position":1,"name":"Home","item":"https:\/\/www.rassegnastampa-totustuus.it\/cattolica\/"},{"@type":"ListItem","position":2,"name":"Un XXI secolo senza famiglia e senza un euro?"}]},{"@type":"WebSite","@id":"https:\/\/www.rassegnastampa-totustuus.it\/cattolica\/#website","url":"https:\/\/www.rassegnastampa-totustuus.it\/cattolica\/","name":"Rassegna Stampa Cattolica","description":"Per una cultura che nasce dalla Rivelazione cristiana in conformit\u00e0 alla tradizione e al Magistero della Chiesa in opposizione ad ogni relativismo e totalitarismo","publisher":{"@id":"https:\/\/www.rassegnastampa-totustuus.it\/cattolica\/#organization"},"alternateName":"Rass. Cattolica","potentialAction":[{"@type":"SearchAction","target":{"@type":"EntryPoint","urlTemplate":"https:\/\/www.rassegnastampa-totustuus.it\/cattolica\/?s={search_term_string}"},"query-input":{"@type":"PropertyValueSpecification","valueRequired":true,"valueName":"search_term_string"}}],"inLanguage":"it-IT"},{"@type":"Organization","@id":"https:\/\/www.rassegnastampa-totustuus.it\/cattolica\/#organization","name":"Rassegna Stampa Cattolica","url":"https:\/\/www.rassegnastampa-totustuus.it\/cattolica\/","logo":{"@type":"ImageObject","inLanguage":"it-IT","@id":"https:\/\/www.rassegnastampa-totustuus.it\/cattolica\/#\/schema\/logo\/image\/","url":"https:\/\/www.rassegnastampa-totustuus.it\/cattolica\/wp-content\/uploads\/2014\/04\/logo-rassegna1.gif","contentUrl":"https:\/\/www.rassegnastampa-totustuus.it\/cattolica\/wp-content\/uploads\/2014\/04\/logo-rassegna1.gif","width":600,"height":163,"caption":"Rassegna Stampa Cattolica"},"image":{"@id":"https:\/\/www.rassegnastampa-totustuus.it\/cattolica\/#\/schema\/logo\/image\/"},"sameAs":["https:\/\/www.facebook.com\/rassegnastampacattolica","https:\/\/x.com\/rassegnastampa9"]},{"@type":"Person","@id":"https:\/\/www.rassegnastampa-totustuus.it\/cattolica\/#\/schema\/person\/08f319d2bd1a0904ad9e2bfb7b15e5c3","name":"Redazione","image":{"@type":"ImageObject","inLanguage":"it-IT","@id":"https:\/\/secure.gravatar.com\/avatar\/2fcdf27c78ea025fbdb44e914cc63c72249ffec9dc8aafd5c82b26240ef3f346?s=96&d=mm&r=g","url":"https:\/\/secure.gravatar.com\/avatar\/2fcdf27c78ea025fbdb44e914cc63c72249ffec9dc8aafd5c82b26240ef3f346?s=96&d=mm&r=g","contentUrl":"https:\/\/secure.gravatar.com\/avatar\/2fcdf27c78ea025fbdb44e914cc63c72249ffec9dc8aafd5c82b26240ef3f346?s=96&d=mm&r=g","caption":"Redazione"},"url":"https:\/\/www.rassegnastampa-totustuus.it\/cattolica\/author\/pietroelle\/"}]}},"_links":{"self":[{"href":"https:\/\/www.rassegnastampa-totustuus.it\/cattolica\/wp-json\/wp\/v2\/posts\/41979","targetHints":{"allow":["GET"]}}],"collection":[{"href":"https:\/\/www.rassegnastampa-totustuus.it\/cattolica\/wp-json\/wp\/v2\/posts"}],"about":[{"href":"https:\/\/www.rassegnastampa-totustuus.it\/cattolica\/wp-json\/wp\/v2\/types\/post"}],"author":[{"embeddable":true,"href":"https:\/\/www.rassegnastampa-totustuus.it\/cattolica\/wp-json\/wp\/v2\/users\/6"}],"replies":[{"embeddable":true,"href":"https:\/\/www.rassegnastampa-totustuus.it\/cattolica\/wp-json\/wp\/v2\/comments?post=41979"}],"version-history":[{"count":1,"href":"https:\/\/www.rassegnastampa-totustuus.it\/cattolica\/wp-json\/wp\/v2\/posts\/41979\/revisions"}],"predecessor-version":[{"id":41981,"href":"https:\/\/www.rassegnastampa-totustuus.it\/cattolica\/wp-json\/wp\/v2\/posts\/41979\/revisions\/41981"}],"wp:featuredmedia":[{"embeddable":true,"href":"https:\/\/www.rassegnastampa-totustuus.it\/cattolica\/wp-json\/wp\/v2\/media\/41980"}],"wp:attachment":[{"href":"https:\/\/www.rassegnastampa-totustuus.it\/cattolica\/wp-json\/wp\/v2\/media?parent=41979"}],"wp:term":[{"taxonomy":"category","embeddable":true,"href":"https:\/\/www.rassegnastampa-totustuus.it\/cattolica\/wp-json\/wp\/v2\/categories?post=41979"},{"taxonomy":"post_tag","embeddable":true,"href":"https:\/\/www.rassegnastampa-totustuus.it\/cattolica\/wp-json\/wp\/v2\/tags?post=41979"}],"curies":[{"name":"wp","href":"https:\/\/api.w.org\/{rel}","templated":true}]}}