{"id":41974,"date":"2019-01-31T00:00:54","date_gmt":"2019-01-30T23:00:54","guid":{"rendered":"http:\/\/www.rassegnastampa-totustuus.it\/cattolica\/?p=41974"},"modified":"2019-01-22T09:25:04","modified_gmt":"2019-01-22T08:25:04","slug":"ecco-il-compost-umano-lultima-deriva-nichilista","status":"publish","type":"post","link":"https:\/\/www.rassegnastampa-totustuus.it\/cattolica\/ecco-il-compost-umano-lultima-deriva-nichilista\/","title":{"rendered":"Ecco il \u00abcompost umano\u00bb, l\u2019ultima deriva nichilista"},"content":{"rendered":"<p style=\"text-align: center;\"><strong><a href=\"https:\/\/www.rassegnastampa-totustuus.it\/cattolica\/wp-content\/uploads\/2019\/01\/compost_umano.jpg\"><img loading=\"lazy\" decoding=\"async\" class=\"alignleft wp-image-41975\" src=\"https:\/\/www.rassegnastampa-totustuus.it\/cattolica\/wp-content\/uploads\/2019\/01\/compost_umano.jpg\" alt=\"\" width=\"250\" height=\"187\" \/><\/a>La Nuova Bussola quotidiana<\/strong> 22 Gennaio 2019<\/p>\n<p style=\"text-align: justify;\"><strong>\u00a0<\/strong><em>Katrina Spade \u00e8 una designer di Seattle che ha avviato un programma pilota per riuscire a compostare cadaveri umani da usare poi come concime. Si rimane costernati di fronte a questa nuova trovata tra il macabro e l\u2019ecologico, frutto di una cultura che ha rinnegato Dio e dimenticato che siamo stati creati con un\u2019anima immortale.<\/em><\/p>\n<p style=\"text-align: center;\">di <strong>Tommaso Scandroglio<\/strong><\/p>\n<p><!--more--><\/p>\n<p style=\"text-align: justify;\">\u201cPolvere sei e polvere ritornerai\u201d dovr\u00e0 essere sostituito da \u201cCompost sei e compost ritornerai\u201d. La storia \u00e8 questa. Katrina Spade \u00e8 una designer di Seattle. Presso l\u2019Universit\u00e0 del Massachusetts inizia a fare ricerche sugli stadi di decomposizione del nostro corpo. Un giorno le viene un\u2019idea mentre parla del compostaggio animale con un\u2019amica: realizzare un compost umano.<\/p>\n<p style=\"text-align: justify;\"><strong>Come \u00e8 noto, il compost \u00e8 il risultato della decomposizione di materie organiche<\/strong>, soprattutto vegetali, usato per fertilizzare il terreno. Ecco, la Spade ha avviato un programma pilota di 75.000 dollari presso la Washington State University per riuscire a compostare cadaveri umani da usare poi come concime in agricoltura. Si chiama \u201chuman composting\u201d. Il procedimento \u00e8 il seguente: il caro estinto viene imbalsamato, avvolto in un sudario e poi inserito in un cilindro dove c\u2019\u00e8 materiale organico che aiuterebbe la decomposizione rapida, quali trucioli di legno, erba medica e paglia. Il procedimento \u00e8 cos\u00ec celere che nel giro di un mese il nonno Adalgiso \u00e8 diventato compost. Il principio rovescia quello seguito dagli antichi Egizi: conservare il corpo il pi\u00f9 a lungo possibile mummificandolo.<\/p>\n<p style=\"text-align: justify;\"><strong><a href=\"https:\/\/www.rassegnastampa-totustuus.it\/cattolica\/wp-content\/uploads\/2012\/05\/ecosepoltura.jpg\"><img loading=\"lazy\" decoding=\"async\" class=\"size-medium wp-image-23781 alignright\" src=\"https:\/\/www.rassegnastampa-totustuus.it\/cattolica\/wp-content\/uploads\/2012\/05\/ecosepoltura-300x152.jpg\" alt=\"\" width=\"300\" height=\"152\" srcset=\"https:\/\/www.rassegnastampa-totustuus.it\/cattolica\/wp-content\/uploads\/2012\/05\/ecosepoltura-300x152.jpg 300w, https:\/\/www.rassegnastampa-totustuus.it\/cattolica\/wp-content\/uploads\/2012\/05\/ecosepoltura.jpg 314w\" sizes=\"auto, (max-width: 300px) 100vw, 300px\" \/><\/a>L\u2019idea del compostaggio umano<\/strong> soddisfa due esigenze: ridurre i costi dell\u2019inumazione e l\u2019impatto ambientale. In merito al primo aspetto trasformare il de cuius in qualche chilo di concime costerebbe 5.500 dollari, contro i 7.000 della sepoltura tradizionale, secondo i dati della <em>National Funeral Director Association<\/em>. In merito al secondo aspetto l\u2019ecomorte far\u00e0 felici gli ambientalisti per pi\u00f9 motivi. In primo luogo, ci raccontano gli esperti, la sepoltura normale lascia percolare nel terreno sostanze chimiche pericolose, non cos\u00ec l\u2019<em>human composting<\/em>. In secondo luogo non poteva mancare il problema della CO2. Nonno Adalgiso, varcando le soglie dell\u2019eternit\u00e0 come fertilizzante, rilascia meno anidride carbonica rispetto alla cremazione. Insomma il compost umano \u00e8 una trovata geniale per un funerale ecosostenibile e dimostra senso di responsabilit\u00e0 ambientale del defunto e dei parenti\u2026<\/p>\n<p style=\"text-align: justify;\"><strong>Tutto \u00e8 pronto per iniziare a compostare gli esseri umani<\/strong>, manca solo l\u2019ok dello Stato di Washington. I democratici avevano gi\u00e0 provato a introdurre l\u2019<em>human composting <\/em>nel 2017, ma senza successo a motivo dell\u2019opposizione della Chiesa Cattolica. Ora tornano alla carica. Secondo il democratico Jamie Pedersen, l\u2019idea ha trovato &#8211; \u00e8 proprio il caso di dirlo &#8211; terreno fertile tra i cittadini, \u00abentusiasti di diventare un albero o di avere una differente alternativa per se stessi\u00bb, ha raccontato a <em>Nbc News<\/em>.<\/p>\n<p style=\"text-align: justify;\"><strong><a href=\"https:\/\/www.rassegnastampa-totustuus.it\/cattolica\/wp-content\/uploads\/2010\/03\/cimitero.jpg\"><img loading=\"lazy\" decoding=\"async\" class=\"alignleft wp-image-20780\" src=\"https:\/\/www.rassegnastampa-totustuus.it\/cattolica\/wp-content\/uploads\/2010\/03\/cimitero.jpg\" alt=\"\" width=\"250\" height=\"168\" \/><\/a>Chi rimane costernato di fronte a questa nuova trovata<\/strong> tra il macabro e l\u2019ecologico e quindi tra il nero funereo e il verde ambientalista, perch\u00e9 poca rispettosa della dignit\u00e0 umana, potrebbe trovarsi a superare questa obiezione: il compostaggio umano riproduce ci\u00f2 che avviene in natura dopo una sepoltura, ma solo pi\u00f9 velocemente. Le cose non stanno proprio cos\u00ec. La sepoltura \u00e8 un rituale da sempre religioso e anche quando fosse realizzato con spirito ateo sopravvive un certo rispetto per le spoglie mortali, pur consapevoli che quelle spoglie saranno cibo per i vermi. Quindi la sepoltura vuole esprimere sempre rispetto per il defunto e con dolore si tollera che l\u2019amato diventi concime, si sopporta questo tragico effetto del peccato originale che ci ha fatto appunto mortali. Nel caso dell\u2019<em>human composting<\/em>, invece, l\u2019effetto tollerato e non ricercato, diventa fine voluto direttamente e addio al rispetto per la persona che non c\u2019\u00e8 pi\u00f9. In sintesi, la persona viene usata come concime e il funerale \u00e8 solo un pretesto.<\/p>\n<p style=\"text-align: justify;\"><strong>Il compostaggio umano esprime compiutamente la deriva nichilista e immanentista<\/strong> in cui stiamo affogando. L\u2019uomo \u00e8 solo materia organica, privo di anima, non vale niente. E infatti gi\u00e0 oggi viene ucciso nel ventre della propria madre e su di lui si compiono esprimenti letali quando non \u00e8 ancora venuto alla luce. Giusto allora che venga usato anche come sterco. L\u2019uomo \u00e8 solo fango, Dio non ha mai insufflato in esso un\u2019anima immortale. Per questo motivo l\u2019uomo non viene da Dio e non ritorna a Lui dopo morto, ma viene dalla dea Terra e ritorna a essere terra una volta che ha chiuso gli occhi per sempre. Inoltre \u00e8 da decenni che ci dicono che l\u2019uomo non \u00e8 ecosostenibile, che \u00e8 l\u2019ospite meno gradito del pianeta Terra. Ora con il fertilizzante umano l\u2019uomo ha la chance di riscattarsi addirittura dopo morto, di avere non solo il pollice ma tutto il corpo verde, ha dunque la possibilit\u00e0 di impattare meno nell\u2019ambiente, risarcendo un poco, da morto, tutti quei danni che da vivo sta facendo. Inoltre l\u2019<em>human composting <\/em>\u00e8 l\u2019apogeo del riciclo che qui tocca vette insperate: riciclare anche gli esseri umani. Non si butta via niente, come e meglio del maiale.<\/p>\n<p style=\"text-align: justify;\"><strong><a href=\"https:\/\/www.rassegnastampa-totustuus.it\/cattolica\/wp-content\/uploads\/2019\/01\/funerale.jpg\"><img loading=\"lazy\" decoding=\"async\" class=\"wp-image-41976 alignright\" src=\"https:\/\/www.rassegnastampa-totustuus.it\/cattolica\/wp-content\/uploads\/2019\/01\/funerale-300x164.jpg\" alt=\"\" width=\"250\" height=\"137\" srcset=\"https:\/\/www.rassegnastampa-totustuus.it\/cattolica\/wp-content\/uploads\/2019\/01\/funerale-300x164.jpg 300w, https:\/\/www.rassegnastampa-totustuus.it\/cattolica\/wp-content\/uploads\/2019\/01\/funerale.jpg 304w\" sizes=\"auto, (max-width: 250px) 100vw, 250px\" \/><\/a>Infine, dato che l\u2019uomo rimane sempre un essere religioso<\/strong>, nel compostaggio umano riverberano un poco alcune filosofie animiste e reincarnazioniste. La famiglia Rossi ricever\u00e0 cos\u00ec il nonno compostato in una scatola e user\u00e0 il nonno per fertilizzare l\u2019orto o il giardino. In tal modo il nonno potr\u00e0 diventare parte di loro una volta che si saranno seduti a tavola oppure lo potranno avere sempre accanto allorch\u00e9, passeggiando in giardino, accarezzeranno le foglie novelle dell\u2019azalea appena piantata. Anche Foscolo benedirebbe il compostaggio umano, ne siamo certi. Infatti \u00e8 pratica che aiuta a ricordare l\u2019estinto: ogni volta che butteremo qualcosa nel sacchetto del compost che teniamo in casa, il nostro pensiero, anche senza volerlo, voler\u00e0 al caro nonno Adalgiso.<\/p>\n<p style=\"text-align: justify;\"><strong>Non pi\u00f9 lapidi e foto su cui piangere e mettere un fiore<\/strong>. Sar\u00e0 il fiore stesso che dar\u00e0 nuova \u2018vita\u2019 al trapassato.<\/p>\n<p>&nbsp;<\/p>\n","protected":false},"excerpt":{"rendered":"<p>La Nuova Bussola quotidiana 22 Gennaio 2019 \u00a0Katrina Spade \u00e8 una designer di Seattle che ha avviato un programma pilota per riuscire a compostare cadaveri umani da usare poi come concime. Si rimane costernati di fronte a questa nuova trovata tra il macabro e l\u2019ecologico, frutto di una cultura che ha rinnegato Dio e dimenticato &hellip; <\/p>\n<p><a class=\"more-link btn\" href=\"https:\/\/www.rassegnastampa-totustuus.it\/cattolica\/ecco-il-compost-umano-lultima-deriva-nichilista\/\">Continua a leggere<\/a><\/p>\n","protected":false},"author":6,"featured_media":41975,"comment_status":"closed","ping_status":"closed","sticky":false,"template":"","format":"standard","meta":{"footnotes":""},"categories":[3,25],"tags":[500,280,2053],"class_list":["post-41974","post","type-post","status-publish","format-standard","has-post-thumbnail","hentry","category-ambientalismo","category-sguardo-sul-nostro-tempo","tag-morte","tag-nichilismo","tag-sepoltura","item-wrap"],"yoast_head":"<!-- This site is optimized with the Yoast SEO plugin v27.5 - https:\/\/yoast.com\/product\/yoast-seo-wordpress\/ -->\n<title>Ecco il \u00abcompost umano\u00bb, l\u2019ultima deriva nichilista - Rassegna Stampa Cattolica<\/title>\n<meta name=\"description\" content=\"Rassegna Stampa Cattolica - Per una cultura che nasce dalla Rivelazione cristiana in conformit\u00e0 alla tradizione e al Magistero della Chiesa in opposizione ad ogni relativismo e totalitarismo\" \/>\n<meta name=\"robots\" content=\"index, follow, max-snippet:-1, max-image-preview:large, max-video-preview:-1\" \/>\n<link rel=\"canonical\" href=\"https:\/\/www.rassegnastampa-totustuus.it\/cattolica\/ecco-il-compost-umano-lultima-deriva-nichilista\/\" \/>\n<meta property=\"og:locale\" content=\"it_IT\" \/>\n<meta property=\"og:type\" content=\"article\" \/>\n<meta property=\"og:title\" content=\"Ecco il \u00abcompost umano\u00bb, l\u2019ultima deriva nichilista - Rassegna Stampa Cattolica\" \/>\n<meta property=\"og:description\" content=\"Rassegna Stampa Cattolica - Per una cultura che nasce dalla Rivelazione cristiana in conformit\u00e0 alla tradizione e al Magistero della Chiesa in opposizione ad ogni relativismo e totalitarismo\" \/>\n<meta property=\"og:url\" content=\"https:\/\/www.rassegnastampa-totustuus.it\/cattolica\/ecco-il-compost-umano-lultima-deriva-nichilista\/\" \/>\n<meta property=\"og:site_name\" content=\"Rassegna Stampa Cattolica\" \/>\n<meta property=\"article:publisher\" content=\"https:\/\/www.facebook.com\/rassegnastampacattolica\" \/>\n<meta property=\"article:published_time\" content=\"2019-01-30T23:00:54+00:00\" \/>\n<meta property=\"og:image\" content=\"https:\/\/www.rassegnastampa-totustuus.it\/cattolica\/wp-content\/uploads\/2019\/01\/compost_umano.jpg\" \/>\n\t<meta property=\"og:image:width\" content=\"259\" \/>\n\t<meta property=\"og:image:height\" content=\"194\" \/>\n\t<meta property=\"og:image:type\" content=\"image\/jpeg\" \/>\n<meta name=\"author\" content=\"Redazione\" \/>\n<meta name=\"twitter:card\" content=\"summary_large_image\" \/>\n<meta name=\"twitter:creator\" content=\"@rassegnastampa9\" \/>\n<meta name=\"twitter:site\" content=\"@rassegnastampa9\" \/>\n<meta name=\"twitter:label1\" content=\"Scritto da\" \/>\n\t<meta name=\"twitter:data1\" content=\"Redazione\" \/>\n\t<meta name=\"twitter:label2\" content=\"Tempo di lettura stimato\" \/>\n\t<meta name=\"twitter:data2\" content=\"5 minuti\" \/>\n<script type=\"application\/ld+json\" class=\"yoast-schema-graph\">{\"@context\":\"https:\\\/\\\/schema.org\",\"@graph\":[{\"@type\":\"Article\",\"@id\":\"https:\\\/\\\/www.rassegnastampa-totustuus.it\\\/cattolica\\\/ecco-il-compost-umano-lultima-deriva-nichilista\\\/#article\",\"isPartOf\":{\"@id\":\"https:\\\/\\\/www.rassegnastampa-totustuus.it\\\/cattolica\\\/ecco-il-compost-umano-lultima-deriva-nichilista\\\/\"},\"author\":{\"name\":\"Redazione\",\"@id\":\"https:\\\/\\\/www.rassegnastampa-totustuus.it\\\/cattolica\\\/#\\\/schema\\\/person\\\/08f319d2bd1a0904ad9e2bfb7b15e5c3\"},\"headline\":\"Ecco il \u00abcompost umano\u00bb, l\u2019ultima deriva nichilista\",\"datePublished\":\"2019-01-30T23:00:54+00:00\",\"mainEntityOfPage\":{\"@id\":\"https:\\\/\\\/www.rassegnastampa-totustuus.it\\\/cattolica\\\/ecco-il-compost-umano-lultima-deriva-nichilista\\\/\"},\"wordCount\":971,\"publisher\":{\"@id\":\"https:\\\/\\\/www.rassegnastampa-totustuus.it\\\/cattolica\\\/#organization\"},\"image\":{\"@id\":\"https:\\\/\\\/www.rassegnastampa-totustuus.it\\\/cattolica\\\/ecco-il-compost-umano-lultima-deriva-nichilista\\\/#primaryimage\"},\"thumbnailUrl\":\"https:\\\/\\\/www.rassegnastampa-totustuus.it\\\/cattolica\\\/wp-content\\\/uploads\\\/2019\\\/01\\\/compost_umano.jpg\",\"keywords\":[\"morte\",\"nichilismo\",\"sepoltura\"],\"articleSection\":[\"Ambientalismo\",\"Sguardo sul nostro tempo\"],\"inLanguage\":\"it-IT\"},{\"@type\":\"WebPage\",\"@id\":\"https:\\\/\\\/www.rassegnastampa-totustuus.it\\\/cattolica\\\/ecco-il-compost-umano-lultima-deriva-nichilista\\\/\",\"url\":\"https:\\\/\\\/www.rassegnastampa-totustuus.it\\\/cattolica\\\/ecco-il-compost-umano-lultima-deriva-nichilista\\\/\",\"name\":\"Ecco il \u00abcompost umano\u00bb, l\u2019ultima deriva nichilista - Rassegna Stampa Cattolica\",\"isPartOf\":{\"@id\":\"https:\\\/\\\/www.rassegnastampa-totustuus.it\\\/cattolica\\\/#website\"},\"primaryImageOfPage\":{\"@id\":\"https:\\\/\\\/www.rassegnastampa-totustuus.it\\\/cattolica\\\/ecco-il-compost-umano-lultima-deriva-nichilista\\\/#primaryimage\"},\"image\":{\"@id\":\"https:\\\/\\\/www.rassegnastampa-totustuus.it\\\/cattolica\\\/ecco-il-compost-umano-lultima-deriva-nichilista\\\/#primaryimage\"},\"thumbnailUrl\":\"https:\\\/\\\/www.rassegnastampa-totustuus.it\\\/cattolica\\\/wp-content\\\/uploads\\\/2019\\\/01\\\/compost_umano.jpg\",\"datePublished\":\"2019-01-30T23:00:54+00:00\",\"description\":\"Rassegna Stampa Cattolica - Per una cultura che nasce dalla Rivelazione cristiana in conformit\u00e0 alla tradizione e al Magistero della Chiesa in opposizione ad ogni relativismo e totalitarismo\",\"breadcrumb\":{\"@id\":\"https:\\\/\\\/www.rassegnastampa-totustuus.it\\\/cattolica\\\/ecco-il-compost-umano-lultima-deriva-nichilista\\\/#breadcrumb\"},\"inLanguage\":\"it-IT\",\"potentialAction\":[{\"@type\":\"ReadAction\",\"target\":[\"https:\\\/\\\/www.rassegnastampa-totustuus.it\\\/cattolica\\\/ecco-il-compost-umano-lultima-deriva-nichilista\\\/\"]}]},{\"@type\":\"ImageObject\",\"inLanguage\":\"it-IT\",\"@id\":\"https:\\\/\\\/www.rassegnastampa-totustuus.it\\\/cattolica\\\/ecco-il-compost-umano-lultima-deriva-nichilista\\\/#primaryimage\",\"url\":\"https:\\\/\\\/www.rassegnastampa-totustuus.it\\\/cattolica\\\/wp-content\\\/uploads\\\/2019\\\/01\\\/compost_umano.jpg\",\"contentUrl\":\"https:\\\/\\\/www.rassegnastampa-totustuus.it\\\/cattolica\\\/wp-content\\\/uploads\\\/2019\\\/01\\\/compost_umano.jpg\",\"width\":259,\"height\":194},{\"@type\":\"BreadcrumbList\",\"@id\":\"https:\\\/\\\/www.rassegnastampa-totustuus.it\\\/cattolica\\\/ecco-il-compost-umano-lultima-deriva-nichilista\\\/#breadcrumb\",\"itemListElement\":[{\"@type\":\"ListItem\",\"position\":1,\"name\":\"Home\",\"item\":\"https:\\\/\\\/www.rassegnastampa-totustuus.it\\\/cattolica\\\/\"},{\"@type\":\"ListItem\",\"position\":2,\"name\":\"Ecco il \u00abcompost umano\u00bb, l\u2019ultima deriva nichilista\"}]},{\"@type\":\"WebSite\",\"@id\":\"https:\\\/\\\/www.rassegnastampa-totustuus.it\\\/cattolica\\\/#website\",\"url\":\"https:\\\/\\\/www.rassegnastampa-totustuus.it\\\/cattolica\\\/\",\"name\":\"Rassegna Stampa Cattolica\",\"description\":\"Per una cultura che nasce dalla Rivelazione cristiana in conformit\u00e0 alla tradizione e al Magistero della Chiesa in opposizione ad ogni relativismo e totalitarismo\",\"publisher\":{\"@id\":\"https:\\\/\\\/www.rassegnastampa-totustuus.it\\\/cattolica\\\/#organization\"},\"alternateName\":\"Rass. Cattolica\",\"potentialAction\":[{\"@type\":\"SearchAction\",\"target\":{\"@type\":\"EntryPoint\",\"urlTemplate\":\"https:\\\/\\\/www.rassegnastampa-totustuus.it\\\/cattolica\\\/?s={search_term_string}\"},\"query-input\":{\"@type\":\"PropertyValueSpecification\",\"valueRequired\":true,\"valueName\":\"search_term_string\"}}],\"inLanguage\":\"it-IT\"},{\"@type\":\"Organization\",\"@id\":\"https:\\\/\\\/www.rassegnastampa-totustuus.it\\\/cattolica\\\/#organization\",\"name\":\"Rassegna Stampa Cattolica\",\"url\":\"https:\\\/\\\/www.rassegnastampa-totustuus.it\\\/cattolica\\\/\",\"logo\":{\"@type\":\"ImageObject\",\"inLanguage\":\"it-IT\",\"@id\":\"https:\\\/\\\/www.rassegnastampa-totustuus.it\\\/cattolica\\\/#\\\/schema\\\/logo\\\/image\\\/\",\"url\":\"https:\\\/\\\/www.rassegnastampa-totustuus.it\\\/cattolica\\\/wp-content\\\/uploads\\\/2014\\\/04\\\/logo-rassegna1.gif\",\"contentUrl\":\"https:\\\/\\\/www.rassegnastampa-totustuus.it\\\/cattolica\\\/wp-content\\\/uploads\\\/2014\\\/04\\\/logo-rassegna1.gif\",\"width\":600,\"height\":163,\"caption\":\"Rassegna Stampa Cattolica\"},\"image\":{\"@id\":\"https:\\\/\\\/www.rassegnastampa-totustuus.it\\\/cattolica\\\/#\\\/schema\\\/logo\\\/image\\\/\"},\"sameAs\":[\"https:\\\/\\\/www.facebook.com\\\/rassegnastampacattolica\",\"https:\\\/\\\/x.com\\\/rassegnastampa9\"]},{\"@type\":\"Person\",\"@id\":\"https:\\\/\\\/www.rassegnastampa-totustuus.it\\\/cattolica\\\/#\\\/schema\\\/person\\\/08f319d2bd1a0904ad9e2bfb7b15e5c3\",\"name\":\"Redazione\",\"image\":{\"@type\":\"ImageObject\",\"inLanguage\":\"it-IT\",\"@id\":\"https:\\\/\\\/secure.gravatar.com\\\/avatar\\\/2fcdf27c78ea025fbdb44e914cc63c72249ffec9dc8aafd5c82b26240ef3f346?s=96&d=mm&r=g\",\"url\":\"https:\\\/\\\/secure.gravatar.com\\\/avatar\\\/2fcdf27c78ea025fbdb44e914cc63c72249ffec9dc8aafd5c82b26240ef3f346?s=96&d=mm&r=g\",\"contentUrl\":\"https:\\\/\\\/secure.gravatar.com\\\/avatar\\\/2fcdf27c78ea025fbdb44e914cc63c72249ffec9dc8aafd5c82b26240ef3f346?s=96&d=mm&r=g\",\"caption\":\"Redazione\"},\"url\":\"https:\\\/\\\/www.rassegnastampa-totustuus.it\\\/cattolica\\\/author\\\/pietroelle\\\/\"}]}<\/script>\n<!-- \/ Yoast SEO plugin. -->","yoast_head_json":{"title":"Ecco il \u00abcompost umano\u00bb, l\u2019ultima deriva nichilista - Rassegna Stampa Cattolica","description":"Rassegna Stampa Cattolica - Per una cultura che nasce dalla Rivelazione cristiana in conformit\u00e0 alla tradizione e al Magistero della Chiesa in opposizione ad ogni relativismo e totalitarismo","robots":{"index":"index","follow":"follow","max-snippet":"max-snippet:-1","max-image-preview":"max-image-preview:large","max-video-preview":"max-video-preview:-1"},"canonical":"https:\/\/www.rassegnastampa-totustuus.it\/cattolica\/ecco-il-compost-umano-lultima-deriva-nichilista\/","og_locale":"it_IT","og_type":"article","og_title":"Ecco il \u00abcompost umano\u00bb, l\u2019ultima deriva nichilista - Rassegna Stampa Cattolica","og_description":"Rassegna Stampa Cattolica - Per una cultura che nasce dalla Rivelazione cristiana in conformit\u00e0 alla tradizione e al Magistero della Chiesa in opposizione ad ogni relativismo e totalitarismo","og_url":"https:\/\/www.rassegnastampa-totustuus.it\/cattolica\/ecco-il-compost-umano-lultima-deriva-nichilista\/","og_site_name":"Rassegna Stampa Cattolica","article_publisher":"https:\/\/www.facebook.com\/rassegnastampacattolica","article_published_time":"2019-01-30T23:00:54+00:00","og_image":[{"width":259,"height":194,"url":"https:\/\/www.rassegnastampa-totustuus.it\/cattolica\/wp-content\/uploads\/2019\/01\/compost_umano.jpg","type":"image\/jpeg"}],"author":"Redazione","twitter_card":"summary_large_image","twitter_creator":"@rassegnastampa9","twitter_site":"@rassegnastampa9","twitter_misc":{"Scritto da":"Redazione","Tempo di lettura stimato":"5 minuti"},"schema":{"@context":"https:\/\/schema.org","@graph":[{"@type":"Article","@id":"https:\/\/www.rassegnastampa-totustuus.it\/cattolica\/ecco-il-compost-umano-lultima-deriva-nichilista\/#article","isPartOf":{"@id":"https:\/\/www.rassegnastampa-totustuus.it\/cattolica\/ecco-il-compost-umano-lultima-deriva-nichilista\/"},"author":{"name":"Redazione","@id":"https:\/\/www.rassegnastampa-totustuus.it\/cattolica\/#\/schema\/person\/08f319d2bd1a0904ad9e2bfb7b15e5c3"},"headline":"Ecco il \u00abcompost umano\u00bb, l\u2019ultima deriva nichilista","datePublished":"2019-01-30T23:00:54+00:00","mainEntityOfPage":{"@id":"https:\/\/www.rassegnastampa-totustuus.it\/cattolica\/ecco-il-compost-umano-lultima-deriva-nichilista\/"},"wordCount":971,"publisher":{"@id":"https:\/\/www.rassegnastampa-totustuus.it\/cattolica\/#organization"},"image":{"@id":"https:\/\/www.rassegnastampa-totustuus.it\/cattolica\/ecco-il-compost-umano-lultima-deriva-nichilista\/#primaryimage"},"thumbnailUrl":"https:\/\/www.rassegnastampa-totustuus.it\/cattolica\/wp-content\/uploads\/2019\/01\/compost_umano.jpg","keywords":["morte","nichilismo","sepoltura"],"articleSection":["Ambientalismo","Sguardo sul nostro tempo"],"inLanguage":"it-IT"},{"@type":"WebPage","@id":"https:\/\/www.rassegnastampa-totustuus.it\/cattolica\/ecco-il-compost-umano-lultima-deriva-nichilista\/","url":"https:\/\/www.rassegnastampa-totustuus.it\/cattolica\/ecco-il-compost-umano-lultima-deriva-nichilista\/","name":"Ecco il \u00abcompost umano\u00bb, l\u2019ultima deriva nichilista - Rassegna Stampa Cattolica","isPartOf":{"@id":"https:\/\/www.rassegnastampa-totustuus.it\/cattolica\/#website"},"primaryImageOfPage":{"@id":"https:\/\/www.rassegnastampa-totustuus.it\/cattolica\/ecco-il-compost-umano-lultima-deriva-nichilista\/#primaryimage"},"image":{"@id":"https:\/\/www.rassegnastampa-totustuus.it\/cattolica\/ecco-il-compost-umano-lultima-deriva-nichilista\/#primaryimage"},"thumbnailUrl":"https:\/\/www.rassegnastampa-totustuus.it\/cattolica\/wp-content\/uploads\/2019\/01\/compost_umano.jpg","datePublished":"2019-01-30T23:00:54+00:00","description":"Rassegna Stampa Cattolica - Per una cultura che nasce dalla Rivelazione cristiana in conformit\u00e0 alla tradizione e al Magistero della Chiesa in opposizione ad ogni relativismo e totalitarismo","breadcrumb":{"@id":"https:\/\/www.rassegnastampa-totustuus.it\/cattolica\/ecco-il-compost-umano-lultima-deriva-nichilista\/#breadcrumb"},"inLanguage":"it-IT","potentialAction":[{"@type":"ReadAction","target":["https:\/\/www.rassegnastampa-totustuus.it\/cattolica\/ecco-il-compost-umano-lultima-deriva-nichilista\/"]}]},{"@type":"ImageObject","inLanguage":"it-IT","@id":"https:\/\/www.rassegnastampa-totustuus.it\/cattolica\/ecco-il-compost-umano-lultima-deriva-nichilista\/#primaryimage","url":"https:\/\/www.rassegnastampa-totustuus.it\/cattolica\/wp-content\/uploads\/2019\/01\/compost_umano.jpg","contentUrl":"https:\/\/www.rassegnastampa-totustuus.it\/cattolica\/wp-content\/uploads\/2019\/01\/compost_umano.jpg","width":259,"height":194},{"@type":"BreadcrumbList","@id":"https:\/\/www.rassegnastampa-totustuus.it\/cattolica\/ecco-il-compost-umano-lultima-deriva-nichilista\/#breadcrumb","itemListElement":[{"@type":"ListItem","position":1,"name":"Home","item":"https:\/\/www.rassegnastampa-totustuus.it\/cattolica\/"},{"@type":"ListItem","position":2,"name":"Ecco il \u00abcompost umano\u00bb, l\u2019ultima deriva nichilista"}]},{"@type":"WebSite","@id":"https:\/\/www.rassegnastampa-totustuus.it\/cattolica\/#website","url":"https:\/\/www.rassegnastampa-totustuus.it\/cattolica\/","name":"Rassegna Stampa Cattolica","description":"Per una cultura che nasce dalla Rivelazione cristiana in conformit\u00e0 alla tradizione e al Magistero della Chiesa in opposizione ad ogni relativismo e totalitarismo","publisher":{"@id":"https:\/\/www.rassegnastampa-totustuus.it\/cattolica\/#organization"},"alternateName":"Rass. Cattolica","potentialAction":[{"@type":"SearchAction","target":{"@type":"EntryPoint","urlTemplate":"https:\/\/www.rassegnastampa-totustuus.it\/cattolica\/?s={search_term_string}"},"query-input":{"@type":"PropertyValueSpecification","valueRequired":true,"valueName":"search_term_string"}}],"inLanguage":"it-IT"},{"@type":"Organization","@id":"https:\/\/www.rassegnastampa-totustuus.it\/cattolica\/#organization","name":"Rassegna Stampa Cattolica","url":"https:\/\/www.rassegnastampa-totustuus.it\/cattolica\/","logo":{"@type":"ImageObject","inLanguage":"it-IT","@id":"https:\/\/www.rassegnastampa-totustuus.it\/cattolica\/#\/schema\/logo\/image\/","url":"https:\/\/www.rassegnastampa-totustuus.it\/cattolica\/wp-content\/uploads\/2014\/04\/logo-rassegna1.gif","contentUrl":"https:\/\/www.rassegnastampa-totustuus.it\/cattolica\/wp-content\/uploads\/2014\/04\/logo-rassegna1.gif","width":600,"height":163,"caption":"Rassegna Stampa Cattolica"},"image":{"@id":"https:\/\/www.rassegnastampa-totustuus.it\/cattolica\/#\/schema\/logo\/image\/"},"sameAs":["https:\/\/www.facebook.com\/rassegnastampacattolica","https:\/\/x.com\/rassegnastampa9"]},{"@type":"Person","@id":"https:\/\/www.rassegnastampa-totustuus.it\/cattolica\/#\/schema\/person\/08f319d2bd1a0904ad9e2bfb7b15e5c3","name":"Redazione","image":{"@type":"ImageObject","inLanguage":"it-IT","@id":"https:\/\/secure.gravatar.com\/avatar\/2fcdf27c78ea025fbdb44e914cc63c72249ffec9dc8aafd5c82b26240ef3f346?s=96&d=mm&r=g","url":"https:\/\/secure.gravatar.com\/avatar\/2fcdf27c78ea025fbdb44e914cc63c72249ffec9dc8aafd5c82b26240ef3f346?s=96&d=mm&r=g","contentUrl":"https:\/\/secure.gravatar.com\/avatar\/2fcdf27c78ea025fbdb44e914cc63c72249ffec9dc8aafd5c82b26240ef3f346?s=96&d=mm&r=g","caption":"Redazione"},"url":"https:\/\/www.rassegnastampa-totustuus.it\/cattolica\/author\/pietroelle\/"}]}},"_links":{"self":[{"href":"https:\/\/www.rassegnastampa-totustuus.it\/cattolica\/wp-json\/wp\/v2\/posts\/41974","targetHints":{"allow":["GET"]}}],"collection":[{"href":"https:\/\/www.rassegnastampa-totustuus.it\/cattolica\/wp-json\/wp\/v2\/posts"}],"about":[{"href":"https:\/\/www.rassegnastampa-totustuus.it\/cattolica\/wp-json\/wp\/v2\/types\/post"}],"author":[{"embeddable":true,"href":"https:\/\/www.rassegnastampa-totustuus.it\/cattolica\/wp-json\/wp\/v2\/users\/6"}],"replies":[{"embeddable":true,"href":"https:\/\/www.rassegnastampa-totustuus.it\/cattolica\/wp-json\/wp\/v2\/comments?post=41974"}],"version-history":[{"count":1,"href":"https:\/\/www.rassegnastampa-totustuus.it\/cattolica\/wp-json\/wp\/v2\/posts\/41974\/revisions"}],"predecessor-version":[{"id":41977,"href":"https:\/\/www.rassegnastampa-totustuus.it\/cattolica\/wp-json\/wp\/v2\/posts\/41974\/revisions\/41977"}],"wp:featuredmedia":[{"embeddable":true,"href":"https:\/\/www.rassegnastampa-totustuus.it\/cattolica\/wp-json\/wp\/v2\/media\/41975"}],"wp:attachment":[{"href":"https:\/\/www.rassegnastampa-totustuus.it\/cattolica\/wp-json\/wp\/v2\/media?parent=41974"}],"wp:term":[{"taxonomy":"category","embeddable":true,"href":"https:\/\/www.rassegnastampa-totustuus.it\/cattolica\/wp-json\/wp\/v2\/categories?post=41974"},{"taxonomy":"post_tag","embeddable":true,"href":"https:\/\/www.rassegnastampa-totustuus.it\/cattolica\/wp-json\/wp\/v2\/tags?post=41974"}],"curies":[{"name":"wp","href":"https:\/\/api.w.org\/{rel}","templated":true}]}}