{"id":41954,"date":"2019-01-24T00:00:07","date_gmt":"2019-01-23T23:00:07","guid":{"rendered":"http:\/\/www.rassegnastampa-totustuus.it\/cattolica\/?p=41954"},"modified":"2020-02-24T12:20:06","modified_gmt":"2020-02-24T11:20:06","slug":"politicamente-corretto-leffetto-farfalla","status":"publish","type":"post","link":"https:\/\/www.rassegnastampa-totustuus.it\/cattolica\/politicamente-corretto-leffetto-farfalla\/","title":{"rendered":"Politicamente corretto. L\u2019effetto farfalla"},"content":{"rendered":"<p style=\"text-align: center;\"><a href=\"https:\/\/www.rassegnastampa-totustuus.it\/cattolica\/wp-content\/uploads\/2019\/01\/farfalla.jpg\"><img loading=\"lazy\" decoding=\"async\" class=\"alignleft wp-image-41955\" src=\"https:\/\/www.rassegnastampa-totustuus.it\/cattolica\/wp-content\/uploads\/2019\/01\/farfalla.jpg\" alt=\"\" width=\"250\" height=\"187\" \/><\/a>da <a href=\"https:\/\/www.ilnuovoarengario.it\/\">Il Nuovo Arengario<\/a> 29 Dicembre 2018<\/p>\n<p style=\"text-align: justify;\"><em>Il politicamente corretto \u00e8 una deriva ideologica nutrita della retorica neo progressista, in realt\u00e0 regressiva, di una precisa classe sociale, i vincenti della post modernit\u00e0, cosmopoliti e globalisti, ma \u00e8 qualcosa di pi\u00f9. E\u2019 la liquidazione coatta \u201ca fin di bene\u201d dell\u2019intera civilt\u00e0 europea in base al presupposto della sua natura sopraffattrice e violenta, frutto del dominio di una minoranza di maschi eterosessuali.<\/em><\/p>\n<p style=\"text-align: center;\">di <strong>Roberto Pecchioli<\/strong><\/p>\n<p><!--more--><\/p>\n<p style=\"text-align: justify;\">L\u2019effetto farfalla \u00e8 un concetto enunciato dal matematico Edward Lorenz nell\u2019ambito della fisica, ponendo una domanda paradossale: pu\u00f2 il battito d\u2019ali di una farfalla in Brasile determinare un tornado nel Texas? La risposta, all\u2019interno della teoria del caos, \u00e8 s\u00ec. Piccoli cambiamenti nelle condizioni iniziali di un sistema sono in grado di produrre conseguenze di grande portata.<\/p>\n<p style=\"text-align: justify;\">L\u2019irruzione nell\u2019immaginario europeo e occidentale del linguaggio politicamente corretto ne \u00e8 una dimostrazione. La correttezza politica, nata come quasi tutte le follie dell\u2019ultimo mezzo secolo nelle universit\u00e0 americane con l\u2019intento di proteggere le minoranze attraverso l\u2019uso di espressioni verbali pi\u00f9 appropriate e rispettose, ha generato un mostro e modificato in profondit\u00e0 la percezione della realt\u00e0 e il giudizio collettivo. Capita ai sogni della ragione malintesa, destinati a trasformarsi in incubi.<\/p>\n<p style=\"text-align: justify;\"><a href=\"https:\/\/www.rassegnastampa-totustuus.it\/cattolica\/wp-content\/uploads\/2006\/11\/politically-correct.jpg\"><img loading=\"lazy\" decoding=\"async\" class=\"alignright wp-image-31085\" src=\"https:\/\/www.rassegnastampa-totustuus.it\/cattolica\/wp-content\/uploads\/2006\/11\/politically-correct.jpg\" alt=\"\" width=\"250\" height=\"166\" \/><\/a>Il politicamente corretto corrode la libert\u00e0 di espressione, diventa un rizoma che si espande in ogni direzione, cellule impazzite che accecano sino ad abbattere i pilastri della libert\u00e0 di pensiero e di espressione, orgogliose conquiste del pensiero europeo. Va addirittura oltre, poich\u00e9 riconfigura le parole non solo nei significati, ma soprattutto nei giudizi che contengono, con espressioni imposte e altre proibite. E\u2019 dunque una vera e propria ideologia, in cui confluiscono elementi della linguistica, della sociologia, della psicologia di massa e delle tecniche di persuasione come la programmazione neuro linguistica.<\/p>\n<p style=\"text-align: justify;\">La lingua \u00e8 la realt\u00e0 immediata del pensiero, osserv\u00f2 Karl Marx. Si pu\u00f2 pensare, quindi giudicare, solo con le parole, suoni associati a immagini e significati. Per questo le parole dominano il mondo e le idee appartengono ai termini che le definiscono. Le parole, in determinati momenti, possono diventare fatti, disse Benito Mussolini in un discorso del 1929. Lo comprese anche il pensiero positivista di Wittgenstein, che prescriveva di non chiedere il significato, ma l\u2019uso delle parole. Ne sono esempi illuminanti termini come razzismo, tolleranza, progresso, democrazia, che hanno perduto il senso iniziale e, attraverso un trasbordo ideologico indotto dai padroni della cultura di massa, significano adesso ci\u00f2 che ha voluto il pensiero dominante.<\/p>\n<p style=\"text-align: justify;\">Il politicamente corretto \u00e8 una deriva ideologica nutrita della retorica neo progressista, in realt\u00e0 regressiva, di una precisa classe sociale, i vincenti della post modernit\u00e0, cosmopoliti e globalisti, ma \u00e8 qualcosa di pi\u00f9. E\u2019 la liquidazione coatta \u201ca fin di bene\u201d dell\u2019intera civilt\u00e0 europea in base al presupposto della sua natura sopraffattrice e violenta, frutto del dominio di una minoranza di maschi eterosessuali.<\/p>\n<p style=\"text-align: justify;\">Il p.c. diventa quindi un\u2019anti cultura che nega cittadinanza a ci\u00f2 che non riconosce in base al suo <em>\u201ca priori<\/em>\u201d, un relativismo radicale fondato sull\u2019idea di uguaglianza declinata come uniformit\u00e0, negazione delle differenze mascherata da finta avalutativit\u00e0. Il nucleo fondante del politicamente corretto \u00e8 l\u2019adesione a un bigottismo dell\u2019equivalenza qualitativa di idee, persone, civilt\u00e0, religioni, principi, un plumbeo nichilismo in salsa etica certo della propria superiorit\u00e0 in quanto unica verit\u00e0 \u00e8 l\u2019Identico.<\/p>\n<p style=\"text-align: justify;\"><a href=\"https:\/\/www.rassegnastampa-totustuus.it\/cattolica\/wp-content\/uploads\/2005\/06\/bavaglio.jpg\"><img loading=\"lazy\" decoding=\"async\" class=\"alignleft wp-image-27427\" src=\"https:\/\/www.rassegnastampa-totustuus.it\/cattolica\/wp-content\/uploads\/2005\/06\/bavaglio.jpg\" alt=\"\" width=\"250\" height=\"179\" \/><\/a>Il p.c, giudicando in base a criteri aprioristici, svaluta e nega. E\u2019 una forma di oscurantismo orientato alla sostituzione delle parole e dei significati, al divieto, all\u2019 espulsione \u201cetica\u201d dalle universit\u00e0 e dalle biblioteche (quindi dall\u2019orizzonte comune) di libri, idee e autori in base a un grottesco interdetto preventivo che non risparmia Shakespeare, Kant, Dante e la stessa Bibbia, tolta dagli scaffali di un\u2019universit\u00e0 gallese. La sua accanita ansia totalitaria non \u00e8 diversa da quella del califfo Omar dinanzi alla biblioteca di Alessandria\u00a0<em>summa<\/em>\u00a0della cultura antica. \u201c<em>In quei libri o ci sono cose gi\u00e0 presenti nel Corano, o ci sono cose che non ne fanno parte: nel primo caso sono inutili, nell\u2019altro sono dannose e vanno distrutte\u201d.<\/em><\/p>\n<p style=\"text-align: justify;\">Attraverso la messa all\u2019indice di parole e concetti \u201csensibili\u201d, il p.c. nega nei fatti la libert\u00e0, che \u00e8 ricerca e dubbio fecondo, e persino il progresso in nome del quale afferma di agire. Cresciuto nelle universit\u00e0, ne \u00e8 la negazione radicale, poich\u00e9 chiude la conoscenza in un recinto soffocante, dove la mente istruita a met\u00e0 diventa la pi\u00f9 propensa alle utopie e a nuovi fanatismi. Scriveva il grande cardinale John Newman che non la cultura o l\u2019acquisizione, ma il pensiero e la ragione esercitati sulla conoscenza sono l\u2019obiettivo di quello che chiamava allenamento intellettuale.<\/p>\n<p style=\"text-align: justify;\">Al contrario, il p.c. agisce attraverso scomuniche preventive il cui esito \u00e8 l\u2019indebolimento progressivo della mente europea e occidentale. L\u2019effetto paradosso \u00e8 l\u2019adesione alla cosiddetta teoria sociologica dell\u2019etichettatura, (labelling) secondo la quale \u00e8 la societ\u00e0 a decretare quali comportamenti sono devianti. L\u2019atto deviante \u2013 pronunciare determinate parole, esprimere certi giudizi \u2013 produce una reazione sociale in quanto la cultura dominante ne postula e impone il (pre)giudizio negativo. Il relativismo culturale diventa il punto di forza: il nuovo deviante politicamente scorretto viene etichettato come malvagio, colpevolizzato nei suoi stessi sentimenti espressi con le parole, un diverso da isolare in un mondo di identici.<\/p>\n<p style=\"text-align: justify;\"><a href=\"https:\/\/www.rassegnastampa-totustuus.it\/cattolica\/wp-content\/uploads\/2009\/04\/neolingua.jpg\"><img loading=\"lazy\" decoding=\"async\" class=\"alignright wp-image-33589\" src=\"https:\/\/www.rassegnastampa-totustuus.it\/cattolica\/wp-content\/uploads\/2009\/04\/neolingua.jpg\" alt=\"\" width=\"250\" height=\"187\" \/><\/a>La qualifica di deviante, secondo il\u00a0<em>labelling<\/em>, \u00e8 un\u2019etichetta affibbiata da gruppi di potere; dunque il p.c. \u00e8 un potere teso a esercitare la censura conformista e pregiudiziale che rimprovera ai bersagli della sua azione. Il significato delle parole ha sempre dato origine a discussioni. Per la linguistica, il significato non \u00e8 la cosa, ma la sua rappresentazione psichica. L\u2019intento del p.c. \u00e8 quello di mutare i significati, una sorta di neolingua al servizio del bispensiero (Orwell), ma soprattutto proibire l\u2019uso di una serie di parole, i \u201csignificanti\u201d. L\u2019obiettivo \u00e8 riconfigurare l\u2019universo mentale di chi pensa e parla, neutralizzando le parole affinch\u00e9 perdano le vecchie caratteristiche e assumano il nuovo senso\/significato: opinioni indotte che sostituiscono la realt\u00e0.<\/p>\n<p style=\"text-align: justify;\">Tuttavia, sembra sorgere una reazione contro il politicamente corretto e il suo travolgente effetto farfalla. I dubbi si stanno diffondendo in vari settori di opinione, le librerie cominciano a offrire testi di analisi e di aperta contestazione, come il recente <em><a href=\"http:\/\/www.marsilioeditori.it\/libri\/scheda-libro\/3174250\/politicamente-corretto\" target=\"_blank\" rel=\"noopener noreferrer\"><strong>Politicamente corretto. Storia di un\u2019ideologia<\/strong><\/a><\/em> di Eugenio Capozzi. Si registrano interventi di intellettuali di fama mondiale, come il premio Nobel per la letteratura Mario Vargas Llosa, che ha definito il p.c. una nuova inquisizione.<\/p>\n<p style=\"text-align: justify;\">Il direttore della Reale Accademia della Lingua Spagnola, Dar\u00eco Villanueva, lo considera una insidiosa forma di censura. \u201cUna censura perversa cui non eravamo preparati, poich\u00e9 non la esercita lo Stato, il governo, il partito e la Chiesa, ma frammenti diffusi di quella che chiamiamo societ\u00e0 civile\u201d. Altri segnalano che il p.c. nega la razionalit\u00e0 e fomenta l\u2019autocensura, la peggiore forma di coartare la creativit\u00e0 e la libera espressione. Avanza una societ\u00e0 che proscrive ogni dissidenza in nome del <em>comfort<\/em> di qualsiasi minoranza, nella quale non pu\u00f2 sussistere il pensiero libero se si comprime il confronto delle idee, derubricato a inventario di parole offensive o moralmente riprovevoli.<\/p>\n<p style=\"text-align: justify;\">L\u2019elenco delle follie \u00e8 ormai sterminato. Nei <em>campus<\/em> delle universit\u00e0 anglosassoni sono stati creati luoghi detti spazi sicuri dove ogni studente pu\u00f2 esprimersi \u201cliberamente\u201d, ossia, a detta dei sostenitori dell\u2019esperimento, \u201csenza timore di non sentirsi a proprio agio o non sicuro per il suo sesso, razza, etnia, orientamento sessuale, genere, biografia, bagaglio culturale, religione, et\u00e0 o identit\u00e0 fisica e mentale \u201c.<\/p>\n<p style=\"text-align: justify;\"><a href=\"https:\/\/www.rassegnastampa-totustuus.it\/cattolica\/wp-content\/uploads\/2018\/08\/uomo-massa.jpg\"><img loading=\"lazy\" decoding=\"async\" class=\"alignleft wp-image-40846\" src=\"https:\/\/www.rassegnastampa-totustuus.it\/cattolica\/wp-content\/uploads\/2018\/08\/uomo-massa-300x136.jpg\" alt=\"\" width=\"250\" height=\"113\" srcset=\"https:\/\/www.rassegnastampa-totustuus.it\/cattolica\/wp-content\/uploads\/2018\/08\/uomo-massa-300x136.jpg 300w, https:\/\/www.rassegnastampa-totustuus.it\/cattolica\/wp-content\/uploads\/2018\/08\/uomo-massa.jpg 334w\" sizes=\"auto, (max-width: 250px) 100vw, 250px\" \/><\/a>Esseri senza volto e identit\u00e0 partecipano a dibattiti in cui non \u00e8 permesso applaudire, in quanto il battito delle mani potrebbe risultare aggressivo per qualche spettatore. All\u2019applauso si sostituisce un movimento delle mani levate in alto, chiamato <em>jazz hands<\/em>. In diversi spazi pubblici si realizzano bagni neutri per non offendere i transessuali.<\/p>\n<p style=\"text-align: justify;\">Il nuovo credo conta con potenti alleati. I giganti tecnologici di Silicon Valley, Hollywood e mezzi di informazione influenti come il New York Times e la rivista The Atlantic sono paladini della sottocultura politicamente corretta. Non va meglio in Inghilterra, dove all\u2019universit\u00e0 di Oxford, tempio della cultura britannica, \u00e8 stato interrotto un dibattito sull\u2019aborto perch\u00e9 tra gli intervenuti figuravano degli uomini.<\/p>\n<p style=\"text-align: justify;\">Facebook censura classici della storia dell\u2019arte che rappresentano figure umane nude, ma il puritanesimo di ritorno non si estende ai manuali che insegnano come costruire una bomba. In giro per il mondo, rettori sono tacciati di fascismo per il suo esatto contrario, ossia incoraggiare il libero confronto delle idee, lo scambio intellettuale che tanto irrita i giovani delicati conosciuti come \u201cgenerazione fiocchi di neve\u201d. Nel nord dell\u2019Inghilterra, abusi sessuali di giovani di origine pachistana nei confronti di ragazzine bianche povere sono stati ignorati dall\u2019amministrazione comunale laburista per timore di essere tacciata di razzismo e xenofobia, i peccati massimi nel nuovo inferno asettico, inodore e insapore dominato dalla correttezza politica.<\/p>\n<p style=\"text-align: justify;\">Ciononostante, monta l\u2019opposizione. In un dibattito di grande impatto mediatico organizzato dalla catena americana Abc, i sostenitori del politicamente corretto sono stati travolti dalla disapprovazione del pubblico presente e di quello televisivo. Un sondaggio di The Atlantic ha rilevato l\u2019ottanta per cento di s\u00ec alla domanda se negli Stati Uniti il p.c. sia un problema.<\/p>\n<p style=\"text-align: justify;\">Il dato interessante \u00e8 la maggioranza schiacciante di rifiuto del p.c. tra le minoranze asiatiche e ispaniche. E\u2019 evidente che si tratta di una costruzione intellettuale a cui la gente comune si sente estranea e, finalmente, avversa. Non si pu\u00f2 negare per sempre il senso comune o censurare un\u2019istituzione come la famiglia, risalente all\u2019origine dell\u2019umanit\u00e0, definita con fastidio \u201ctradizionale\u201d.<\/p>\n<p style=\"text-align: justify;\"><a href=\"https:\/\/www.rassegnastampa-totustuus.it\/cattolica\/wp-content\/uploads\/2005\/07\/libert\u00e0.jpg\"><img loading=\"lazy\" decoding=\"async\" class=\"wp-image-27422 alignright\" src=\"https:\/\/www.rassegnastampa-totustuus.it\/cattolica\/wp-content\/uploads\/2005\/07\/libert\u00e0.jpg\" alt=\"\" width=\"233\" height=\"200\" \/><\/a>Nel dibattito di Abc ha trionfato un attore, presentatore e saggista londinese, Stephen Fry. Presentatosi come uomo di sinistra \u201cdella vecchia scuola\u201d e candidato perfetto per essere protetto dal p.c. in quanto ebreo e omosessuale, ha parlato di una cultura del risentimento che deve finire. \u201cRabbia, ostilit\u00e0 e intolleranza, questa certezza assoluta che si \u00e8 con noi o contro di noi deve finire. Siamo entrati in una dinamica binaria, tossica e a somma zero, una pazzia che ci distrugger\u00e0 se non la fermiamo\u201d. Fry ha aggiunto che \u00e8 in errore chi preferisce ottenere ragione piuttosto che ricercare la verit\u00e0, poich\u00e9 la correttezza politica \u201cvuole essere corretta senza pensare se \u00e8 efficace e veritiera\u201d.<\/p>\n<p style=\"text-align: justify;\">Chi ha fatto avanzare la civilt\u00e0 sono gli eretici, i sognatori, i ribelli e gli scettici, proprio quelli espulsi dai campus in cui gli studenti, con il sostegno dei docenti, non vogliono confrontarsi con idee diverse dalle loro; ma hanno idee, poi, se tutto si equivale e l\u2019unica affermazione diventa la negazione? Lo stesso capita nelle reti sociali, i nuovi media che a colpi di mi piace, non mi piace, contribuiscono a riaffermare gli stessi pregiudizi. Un pensatore caro alla sinistra, Bertrand Russell, scrisse che i possessori di certezze assolute sono generalmente gli sciocchi, mentre i dubbi appartengono a chi ha immaginazione e capacit\u00e0 di comprendere.<\/p>\n<p style=\"text-align: justify;\">Conformismo saccente di ceti agiati ma di mediocre cultura (le classi medie semicolte descritte da Costanzo Preve), il politicamente corretto ci sta sfuggendo di mano. Vargas Llosa lo considera il principale nemico della libert\u00e0; si comincia a prendere atto che molti reprimono se stessi per timore della correzione petulante dei chierici progressisti e vivono nella paura di avere pensieri eterodossi, sbagliati, moralmente riprovevoli. La dittatura dei buoni rende fragili e insicuri i milioni che non la condividono ma ne temono le conseguenze.<\/p>\n<p style=\"text-align: justify;\">Il politicamente corretto, infatti, porta a esprimersi non come si pensa davvero, ma trascinati dalla frivolezza, dalla vilt\u00e0 e dall\u2019opportunismo, allineando le proprie opinioni a quelle pi\u00f9 conformiste. E\u2019 una mancanza di sincerit\u00e0 e di autenticit\u00e0 che trasforma tutta la vita politica, sociale e culturale in una caricatura, in qualcosa di forzato, una falsit\u00e0 sistematica nella quale non si esprimono convinzioni genuine, ma solo banalit\u00e0, pose, luoghi comuni. Il p.c. ha a che vedere con la sinistra culturale, poich\u00e9 \u00e8 lei che ha stabilito i parametri da cui non deve uscire chi non voglia incorrere in impopolarit\u00e0, discredito, e non intenda essere considerato inadeguato sotto il profilo ideologico, morale, sessuale e cos\u00ec via.<\/p>\n<p style=\"text-align: justify;\"><a href=\"https:\/\/www.rassegnastampa-totustuus.it\/cattolica\/wp-content\/uploads\/2015\/03\/Oxford.jpg\"><img loading=\"lazy\" decoding=\"async\" class=\"alignleft wp-image-22915\" src=\"https:\/\/www.rassegnastampa-totustuus.it\/cattolica\/wp-content\/uploads\/2015\/03\/Oxford.jpg\" alt=\"\" width=\"250\" height=\"166\" \/><\/a>Sta contagiando un numero sempre pi\u00f9 grande di ambiti, la conoscenza si riempie di pregiudizi, risulta poco creativa, per nulla originale e non rappresentativa delle esperienze reali, un manierismo mediocre quanto obbligato.<\/p>\n<p style=\"text-align: justify;\">Si tratta di un meccanismo che impone una censura discreta, dissimulata, che non dice il suo nome e non castiga (ancora) fisicamente, ma sanziona con l\u2019isolamento in nome di una correttezza supposta e mai davvero definita. In larga misura, \u00e8 la moderna inquisizione che induce al silenzio.<\/p>\n<p style=\"text-align: justify;\">Se ti esprimi non per convinzione, ma per paura, ti trasformi nel censore di te stesso, temi di dire cose \u201cscorrette\u201d, diventi elusivo, eviti di pronunciarti e di ragionare con la tua testa. Il rischio \u00e8 specialmente grave per chi non ha idee ferme e principi radicati, la maggioranza nel mondo liquido a cui \u00e8 indirizzato il devastante messaggio del politicamente corretto, sistema apparentemente fluido basato sul rispetto dell\u2019altro, in realt\u00e0 potente meccanismo di decostruzione e di riduzione dell\u2019uomo a essere eterodiretto, sostanzialmente non pensante.<\/p>\n<p style=\"text-align: justify;\">Una volta ancora nella storia, i responsabili sono i portatori insani di ideologie il cui obiettivo \u00e8 ri-costruire l\u2019uomo per realizzare la felicit\u00e0 in terra. Nel caso dell\u2019ideologia della correttezza politica, attraverso la neutralizzazione prima, l\u2019abolizione poi delle differenze e delle distinzioni, considerate fonti di conflitto tra gli uomini. E\u2019 un perverso costruttivismo utopistico, assai diffuso nei periodi di crisi delle civilt\u00e0; Augusto Del Noce lo chiamava \u201cvirtuismo\u201d.<\/p>\n<p style=\"text-align: justify;\">La diagnosi \u00e8 definita; la prognosi, in una societ\u00e0 dominata dal politicamente corretto, \u00e8 infausta per il nichilismo che diffonde e la debolezza intrinseca di chi sa solo negare. Non esiste differenza qualitativa tra gli uomini, le loro idee, le loro civilt\u00e0; tutto si equivale, non c\u2019\u00e8 il bene e il male se non a partire da quella negazione iniziale.<\/p>\n<p style=\"text-align: justify;\">Fine dei giochi, <em>game over<\/em>. Il politicamente corretto risulta falso nelle premesse, distruttivo nelle azioni e portatore di una spaventosa incultura. Che sia nato e abbia conseguito potere nelle universit\u00e0 una volta simboli del sapere \u00e8 una prova raggelante dell\u2019agonia, della condizione terminale della nostra civilt\u00e0. Si manifestano tuttavia anticorpi, dubbi e reazioni. Forse l\u2019effetto farfalla non ha ancora vinto la partita e, parafrasando Curzio Malaparte, non tutto \u00e8 perduto finch\u00e9 non \u00e8 tutto perduto.<\/p>\n<p>_____________________<\/p>\n<p style=\"text-align: justify;\"><strong>Leggi anche:<\/strong><\/p>\n<p style=\"text-align: justify;\"><a href=\"https:\/\/www.rassegnastampa-totustuus.it\/cattolica\/?p=41767\" target=\"_blank\" rel=\"noopener noreferrer\">L\u2019ideologia del politicamente corretto e i dogmi del neoprogressismo: intervista a Eugenio Capozzi<\/a><\/p>\n<p style=\"text-align: justify;\"><a href=\"https:\/\/www.rassegnastampa-totustuus.it\/cattolica\/?p=42815\" target=\"_blank\" rel=\"noopener noreferrer\">\u00abPoliticamente corretto, religione che vieta la dialettica e il dissenso\u00bb<\/a><\/p>\n<p><a href=\"https:\/\/www.rassegnastampa-totustuus.it\/cattolica\/?p=46438\" target=\"_blank\" rel=\"noopener noreferrer\">Corso intensivo sul politicamente corretto<\/a><\/p>\n<p><a href=\"https:\/\/www.rassegnastampa-totustuus.it\/cattolica\/?p=44209\" target=\"_blank\" rel=\"noopener noreferrer\">Dietro le distorsioni del politicamente corretto l\u2019attacco alla civilt\u00e0 occidentale<\/a><\/p>\n<p><a href=\"https:\/\/www.rassegnastampa-totustuus.it\/cattolica\/?p=36897\" target=\"_blank\" rel=\"noopener noreferrer\">Il politicamente corretto ha corrotto l\u2019Europa<\/a><\/p>\n<p><a href=\"https:\/\/www.rassegnastampa-totustuus.it\/cattolica\/?p=29393\" target=\"_blank\" rel=\"noopener noreferrer\">Politicamente corretto, la nuova religione della \u201csottomissione\u201d al \u201cnon pensiero\u201d del potere<\/a><\/p>\n","protected":false},"excerpt":{"rendered":"<p>da Il Nuovo Arengario 29 Dicembre 2018 Il politicamente corretto \u00e8 una deriva ideologica nutrita della retorica neo progressista, in realt\u00e0 regressiva, di una precisa classe sociale, i vincenti della post modernit\u00e0, cosmopoliti e globalisti, ma \u00e8 qualcosa di pi\u00f9. E\u2019 la liquidazione coatta \u201ca fin di bene\u201d dell\u2019intera civilt\u00e0 europea in base al presupposto &hellip; <\/p>\n<p><a class=\"more-link btn\" href=\"https:\/\/www.rassegnastampa-totustuus.it\/cattolica\/politicamente-corretto-leffetto-farfalla\/\">Continua a leggere<\/a><\/p>\n","protected":false},"author":6,"featured_media":41955,"comment_status":"closed","ping_status":"closed","sticky":false,"template":"","format":"standard","meta":{"footnotes":""},"categories":[25,80],"tags":[572,1835],"class_list":["post-41954","post","type-post","status-publish","format-standard","has-post-thumbnail","hentry","category-sguardo-sul-nostro-tempo","category-totalitarismo","tag-politically-correct","tag-politicamente-corretto","item-wrap"],"yoast_head":"<!-- This site is optimized with the Yoast SEO plugin v27.5 - https:\/\/yoast.com\/product\/yoast-seo-wordpress\/ -->\n<title>Politicamente corretto. L\u2019effetto farfalla - Rassegna Stampa Cattolica<\/title>\n<meta name=\"description\" content=\"Rassegna Stampa Cattolica - Per una cultura che nasce dalla Rivelazione cristiana in conformit\u00e0 alla tradizione e al Magistero della Chiesa in opposizione ad ogni relativismo e totalitarismo\" \/>\n<meta name=\"robots\" content=\"index, follow, max-snippet:-1, max-image-preview:large, max-video-preview:-1\" \/>\n<link rel=\"canonical\" href=\"https:\/\/www.rassegnastampa-totustuus.it\/cattolica\/politicamente-corretto-leffetto-farfalla\/\" \/>\n<meta property=\"og:locale\" content=\"it_IT\" \/>\n<meta property=\"og:type\" content=\"article\" \/>\n<meta property=\"og:title\" content=\"Politicamente corretto. L\u2019effetto farfalla - Rassegna Stampa Cattolica\" \/>\n<meta property=\"og:description\" content=\"Rassegna Stampa Cattolica - Per una cultura che nasce dalla Rivelazione cristiana in conformit\u00e0 alla tradizione e al Magistero della Chiesa in opposizione ad ogni relativismo e totalitarismo\" \/>\n<meta property=\"og:url\" content=\"https:\/\/www.rassegnastampa-totustuus.it\/cattolica\/politicamente-corretto-leffetto-farfalla\/\" \/>\n<meta property=\"og:site_name\" content=\"Rassegna Stampa Cattolica\" \/>\n<meta property=\"article:publisher\" content=\"https:\/\/www.facebook.com\/rassegnastampacattolica\" \/>\n<meta property=\"article:published_time\" content=\"2019-01-23T23:00:07+00:00\" \/>\n<meta property=\"article:modified_time\" content=\"2020-02-24T11:20:06+00:00\" \/>\n<meta property=\"og:image\" content=\"https:\/\/www.rassegnastampa-totustuus.it\/cattolica\/wp-content\/uploads\/2019\/01\/farfalla.jpg\" \/>\n\t<meta property=\"og:image:width\" content=\"259\" \/>\n\t<meta property=\"og:image:height\" content=\"194\" \/>\n\t<meta property=\"og:image:type\" content=\"image\/jpeg\" \/>\n<meta name=\"author\" content=\"Redazione\" \/>\n<meta name=\"twitter:card\" content=\"summary_large_image\" \/>\n<meta name=\"twitter:creator\" content=\"@rassegnastampa9\" \/>\n<meta name=\"twitter:site\" content=\"@rassegnastampa9\" \/>\n<meta name=\"twitter:label1\" content=\"Scritto da\" \/>\n\t<meta name=\"twitter:data1\" content=\"Redazione\" \/>\n\t<meta name=\"twitter:label2\" content=\"Tempo di lettura stimato\" \/>\n\t<meta name=\"twitter:data2\" content=\"12 minuti\" \/>\n<script type=\"application\/ld+json\" class=\"yoast-schema-graph\">{\"@context\":\"https:\\\/\\\/schema.org\",\"@graph\":[{\"@type\":\"Article\",\"@id\":\"https:\\\/\\\/www.rassegnastampa-totustuus.it\\\/cattolica\\\/politicamente-corretto-leffetto-farfalla\\\/#article\",\"isPartOf\":{\"@id\":\"https:\\\/\\\/www.rassegnastampa-totustuus.it\\\/cattolica\\\/politicamente-corretto-leffetto-farfalla\\\/\"},\"author\":{\"name\":\"Redazione\",\"@id\":\"https:\\\/\\\/www.rassegnastampa-totustuus.it\\\/cattolica\\\/#\\\/schema\\\/person\\\/08f319d2bd1a0904ad9e2bfb7b15e5c3\"},\"headline\":\"Politicamente corretto. L\u2019effetto farfalla\",\"datePublished\":\"2019-01-23T23:00:07+00:00\",\"dateModified\":\"2020-02-24T11:20:06+00:00\",\"mainEntityOfPage\":{\"@id\":\"https:\\\/\\\/www.rassegnastampa-totustuus.it\\\/cattolica\\\/politicamente-corretto-leffetto-farfalla\\\/\"},\"wordCount\":2423,\"publisher\":{\"@id\":\"https:\\\/\\\/www.rassegnastampa-totustuus.it\\\/cattolica\\\/#organization\"},\"image\":{\"@id\":\"https:\\\/\\\/www.rassegnastampa-totustuus.it\\\/cattolica\\\/politicamente-corretto-leffetto-farfalla\\\/#primaryimage\"},\"thumbnailUrl\":\"https:\\\/\\\/www.rassegnastampa-totustuus.it\\\/cattolica\\\/wp-content\\\/uploads\\\/2019\\\/01\\\/farfalla.jpg\",\"keywords\":[\"politically correct\",\"politicamente corretto\"],\"articleSection\":[\"Sguardo sul nostro tempo\",\"Totalitarismo\"],\"inLanguage\":\"it-IT\"},{\"@type\":\"WebPage\",\"@id\":\"https:\\\/\\\/www.rassegnastampa-totustuus.it\\\/cattolica\\\/politicamente-corretto-leffetto-farfalla\\\/\",\"url\":\"https:\\\/\\\/www.rassegnastampa-totustuus.it\\\/cattolica\\\/politicamente-corretto-leffetto-farfalla\\\/\",\"name\":\"Politicamente corretto. L\u2019effetto farfalla - Rassegna Stampa Cattolica\",\"isPartOf\":{\"@id\":\"https:\\\/\\\/www.rassegnastampa-totustuus.it\\\/cattolica\\\/#website\"},\"primaryImageOfPage\":{\"@id\":\"https:\\\/\\\/www.rassegnastampa-totustuus.it\\\/cattolica\\\/politicamente-corretto-leffetto-farfalla\\\/#primaryimage\"},\"image\":{\"@id\":\"https:\\\/\\\/www.rassegnastampa-totustuus.it\\\/cattolica\\\/politicamente-corretto-leffetto-farfalla\\\/#primaryimage\"},\"thumbnailUrl\":\"https:\\\/\\\/www.rassegnastampa-totustuus.it\\\/cattolica\\\/wp-content\\\/uploads\\\/2019\\\/01\\\/farfalla.jpg\",\"datePublished\":\"2019-01-23T23:00:07+00:00\",\"dateModified\":\"2020-02-24T11:20:06+00:00\",\"description\":\"Rassegna Stampa Cattolica - Per una cultura che nasce dalla Rivelazione cristiana in conformit\u00e0 alla tradizione e al Magistero della Chiesa in opposizione ad ogni relativismo e totalitarismo\",\"breadcrumb\":{\"@id\":\"https:\\\/\\\/www.rassegnastampa-totustuus.it\\\/cattolica\\\/politicamente-corretto-leffetto-farfalla\\\/#breadcrumb\"},\"inLanguage\":\"it-IT\",\"potentialAction\":[{\"@type\":\"ReadAction\",\"target\":[\"https:\\\/\\\/www.rassegnastampa-totustuus.it\\\/cattolica\\\/politicamente-corretto-leffetto-farfalla\\\/\"]}]},{\"@type\":\"ImageObject\",\"inLanguage\":\"it-IT\",\"@id\":\"https:\\\/\\\/www.rassegnastampa-totustuus.it\\\/cattolica\\\/politicamente-corretto-leffetto-farfalla\\\/#primaryimage\",\"url\":\"https:\\\/\\\/www.rassegnastampa-totustuus.it\\\/cattolica\\\/wp-content\\\/uploads\\\/2019\\\/01\\\/farfalla.jpg\",\"contentUrl\":\"https:\\\/\\\/www.rassegnastampa-totustuus.it\\\/cattolica\\\/wp-content\\\/uploads\\\/2019\\\/01\\\/farfalla.jpg\",\"width\":259,\"height\":194},{\"@type\":\"BreadcrumbList\",\"@id\":\"https:\\\/\\\/www.rassegnastampa-totustuus.it\\\/cattolica\\\/politicamente-corretto-leffetto-farfalla\\\/#breadcrumb\",\"itemListElement\":[{\"@type\":\"ListItem\",\"position\":1,\"name\":\"Home\",\"item\":\"https:\\\/\\\/www.rassegnastampa-totustuus.it\\\/cattolica\\\/\"},{\"@type\":\"ListItem\",\"position\":2,\"name\":\"Politicamente corretto. L\u2019effetto farfalla\"}]},{\"@type\":\"WebSite\",\"@id\":\"https:\\\/\\\/www.rassegnastampa-totustuus.it\\\/cattolica\\\/#website\",\"url\":\"https:\\\/\\\/www.rassegnastampa-totustuus.it\\\/cattolica\\\/\",\"name\":\"Rassegna Stampa Cattolica\",\"description\":\"Per una cultura che nasce dalla Rivelazione cristiana in conformit\u00e0 alla tradizione e al Magistero della Chiesa in opposizione ad ogni relativismo e totalitarismo\",\"publisher\":{\"@id\":\"https:\\\/\\\/www.rassegnastampa-totustuus.it\\\/cattolica\\\/#organization\"},\"alternateName\":\"Rass. Cattolica\",\"potentialAction\":[{\"@type\":\"SearchAction\",\"target\":{\"@type\":\"EntryPoint\",\"urlTemplate\":\"https:\\\/\\\/www.rassegnastampa-totustuus.it\\\/cattolica\\\/?s={search_term_string}\"},\"query-input\":{\"@type\":\"PropertyValueSpecification\",\"valueRequired\":true,\"valueName\":\"search_term_string\"}}],\"inLanguage\":\"it-IT\"},{\"@type\":\"Organization\",\"@id\":\"https:\\\/\\\/www.rassegnastampa-totustuus.it\\\/cattolica\\\/#organization\",\"name\":\"Rassegna Stampa Cattolica\",\"url\":\"https:\\\/\\\/www.rassegnastampa-totustuus.it\\\/cattolica\\\/\",\"logo\":{\"@type\":\"ImageObject\",\"inLanguage\":\"it-IT\",\"@id\":\"https:\\\/\\\/www.rassegnastampa-totustuus.it\\\/cattolica\\\/#\\\/schema\\\/logo\\\/image\\\/\",\"url\":\"https:\\\/\\\/www.rassegnastampa-totustuus.it\\\/cattolica\\\/wp-content\\\/uploads\\\/2014\\\/04\\\/logo-rassegna1.gif\",\"contentUrl\":\"https:\\\/\\\/www.rassegnastampa-totustuus.it\\\/cattolica\\\/wp-content\\\/uploads\\\/2014\\\/04\\\/logo-rassegna1.gif\",\"width\":600,\"height\":163,\"caption\":\"Rassegna Stampa Cattolica\"},\"image\":{\"@id\":\"https:\\\/\\\/www.rassegnastampa-totustuus.it\\\/cattolica\\\/#\\\/schema\\\/logo\\\/image\\\/\"},\"sameAs\":[\"https:\\\/\\\/www.facebook.com\\\/rassegnastampacattolica\",\"https:\\\/\\\/x.com\\\/rassegnastampa9\"]},{\"@type\":\"Person\",\"@id\":\"https:\\\/\\\/www.rassegnastampa-totustuus.it\\\/cattolica\\\/#\\\/schema\\\/person\\\/08f319d2bd1a0904ad9e2bfb7b15e5c3\",\"name\":\"Redazione\",\"image\":{\"@type\":\"ImageObject\",\"inLanguage\":\"it-IT\",\"@id\":\"https:\\\/\\\/secure.gravatar.com\\\/avatar\\\/2fcdf27c78ea025fbdb44e914cc63c72249ffec9dc8aafd5c82b26240ef3f346?s=96&d=mm&r=g\",\"url\":\"https:\\\/\\\/secure.gravatar.com\\\/avatar\\\/2fcdf27c78ea025fbdb44e914cc63c72249ffec9dc8aafd5c82b26240ef3f346?s=96&d=mm&r=g\",\"contentUrl\":\"https:\\\/\\\/secure.gravatar.com\\\/avatar\\\/2fcdf27c78ea025fbdb44e914cc63c72249ffec9dc8aafd5c82b26240ef3f346?s=96&d=mm&r=g\",\"caption\":\"Redazione\"},\"url\":\"https:\\\/\\\/www.rassegnastampa-totustuus.it\\\/cattolica\\\/author\\\/pietroelle\\\/\"}]}<\/script>\n<!-- \/ Yoast SEO plugin. -->","yoast_head_json":{"title":"Politicamente corretto. L\u2019effetto farfalla - Rassegna Stampa Cattolica","description":"Rassegna Stampa Cattolica - Per una cultura che nasce dalla Rivelazione cristiana in conformit\u00e0 alla tradizione e al Magistero della Chiesa in opposizione ad ogni relativismo e totalitarismo","robots":{"index":"index","follow":"follow","max-snippet":"max-snippet:-1","max-image-preview":"max-image-preview:large","max-video-preview":"max-video-preview:-1"},"canonical":"https:\/\/www.rassegnastampa-totustuus.it\/cattolica\/politicamente-corretto-leffetto-farfalla\/","og_locale":"it_IT","og_type":"article","og_title":"Politicamente corretto. L\u2019effetto farfalla - Rassegna Stampa Cattolica","og_description":"Rassegna Stampa Cattolica - Per una cultura che nasce dalla Rivelazione cristiana in conformit\u00e0 alla tradizione e al Magistero della Chiesa in opposizione ad ogni relativismo e totalitarismo","og_url":"https:\/\/www.rassegnastampa-totustuus.it\/cattolica\/politicamente-corretto-leffetto-farfalla\/","og_site_name":"Rassegna Stampa Cattolica","article_publisher":"https:\/\/www.facebook.com\/rassegnastampacattolica","article_published_time":"2019-01-23T23:00:07+00:00","article_modified_time":"2020-02-24T11:20:06+00:00","og_image":[{"width":259,"height":194,"url":"https:\/\/www.rassegnastampa-totustuus.it\/cattolica\/wp-content\/uploads\/2019\/01\/farfalla.jpg","type":"image\/jpeg"}],"author":"Redazione","twitter_card":"summary_large_image","twitter_creator":"@rassegnastampa9","twitter_site":"@rassegnastampa9","twitter_misc":{"Scritto da":"Redazione","Tempo di lettura stimato":"12 minuti"},"schema":{"@context":"https:\/\/schema.org","@graph":[{"@type":"Article","@id":"https:\/\/www.rassegnastampa-totustuus.it\/cattolica\/politicamente-corretto-leffetto-farfalla\/#article","isPartOf":{"@id":"https:\/\/www.rassegnastampa-totustuus.it\/cattolica\/politicamente-corretto-leffetto-farfalla\/"},"author":{"name":"Redazione","@id":"https:\/\/www.rassegnastampa-totustuus.it\/cattolica\/#\/schema\/person\/08f319d2bd1a0904ad9e2bfb7b15e5c3"},"headline":"Politicamente corretto. L\u2019effetto farfalla","datePublished":"2019-01-23T23:00:07+00:00","dateModified":"2020-02-24T11:20:06+00:00","mainEntityOfPage":{"@id":"https:\/\/www.rassegnastampa-totustuus.it\/cattolica\/politicamente-corretto-leffetto-farfalla\/"},"wordCount":2423,"publisher":{"@id":"https:\/\/www.rassegnastampa-totustuus.it\/cattolica\/#organization"},"image":{"@id":"https:\/\/www.rassegnastampa-totustuus.it\/cattolica\/politicamente-corretto-leffetto-farfalla\/#primaryimage"},"thumbnailUrl":"https:\/\/www.rassegnastampa-totustuus.it\/cattolica\/wp-content\/uploads\/2019\/01\/farfalla.jpg","keywords":["politically correct","politicamente corretto"],"articleSection":["Sguardo sul nostro tempo","Totalitarismo"],"inLanguage":"it-IT"},{"@type":"WebPage","@id":"https:\/\/www.rassegnastampa-totustuus.it\/cattolica\/politicamente-corretto-leffetto-farfalla\/","url":"https:\/\/www.rassegnastampa-totustuus.it\/cattolica\/politicamente-corretto-leffetto-farfalla\/","name":"Politicamente corretto. L\u2019effetto farfalla - Rassegna Stampa Cattolica","isPartOf":{"@id":"https:\/\/www.rassegnastampa-totustuus.it\/cattolica\/#website"},"primaryImageOfPage":{"@id":"https:\/\/www.rassegnastampa-totustuus.it\/cattolica\/politicamente-corretto-leffetto-farfalla\/#primaryimage"},"image":{"@id":"https:\/\/www.rassegnastampa-totustuus.it\/cattolica\/politicamente-corretto-leffetto-farfalla\/#primaryimage"},"thumbnailUrl":"https:\/\/www.rassegnastampa-totustuus.it\/cattolica\/wp-content\/uploads\/2019\/01\/farfalla.jpg","datePublished":"2019-01-23T23:00:07+00:00","dateModified":"2020-02-24T11:20:06+00:00","description":"Rassegna Stampa Cattolica - Per una cultura che nasce dalla Rivelazione cristiana in conformit\u00e0 alla tradizione e al Magistero della Chiesa in opposizione ad ogni relativismo e totalitarismo","breadcrumb":{"@id":"https:\/\/www.rassegnastampa-totustuus.it\/cattolica\/politicamente-corretto-leffetto-farfalla\/#breadcrumb"},"inLanguage":"it-IT","potentialAction":[{"@type":"ReadAction","target":["https:\/\/www.rassegnastampa-totustuus.it\/cattolica\/politicamente-corretto-leffetto-farfalla\/"]}]},{"@type":"ImageObject","inLanguage":"it-IT","@id":"https:\/\/www.rassegnastampa-totustuus.it\/cattolica\/politicamente-corretto-leffetto-farfalla\/#primaryimage","url":"https:\/\/www.rassegnastampa-totustuus.it\/cattolica\/wp-content\/uploads\/2019\/01\/farfalla.jpg","contentUrl":"https:\/\/www.rassegnastampa-totustuus.it\/cattolica\/wp-content\/uploads\/2019\/01\/farfalla.jpg","width":259,"height":194},{"@type":"BreadcrumbList","@id":"https:\/\/www.rassegnastampa-totustuus.it\/cattolica\/politicamente-corretto-leffetto-farfalla\/#breadcrumb","itemListElement":[{"@type":"ListItem","position":1,"name":"Home","item":"https:\/\/www.rassegnastampa-totustuus.it\/cattolica\/"},{"@type":"ListItem","position":2,"name":"Politicamente corretto. L\u2019effetto farfalla"}]},{"@type":"WebSite","@id":"https:\/\/www.rassegnastampa-totustuus.it\/cattolica\/#website","url":"https:\/\/www.rassegnastampa-totustuus.it\/cattolica\/","name":"Rassegna Stampa Cattolica","description":"Per una cultura che nasce dalla Rivelazione cristiana in conformit\u00e0 alla tradizione e al Magistero della Chiesa in opposizione ad ogni relativismo e totalitarismo","publisher":{"@id":"https:\/\/www.rassegnastampa-totustuus.it\/cattolica\/#organization"},"alternateName":"Rass. Cattolica","potentialAction":[{"@type":"SearchAction","target":{"@type":"EntryPoint","urlTemplate":"https:\/\/www.rassegnastampa-totustuus.it\/cattolica\/?s={search_term_string}"},"query-input":{"@type":"PropertyValueSpecification","valueRequired":true,"valueName":"search_term_string"}}],"inLanguage":"it-IT"},{"@type":"Organization","@id":"https:\/\/www.rassegnastampa-totustuus.it\/cattolica\/#organization","name":"Rassegna Stampa Cattolica","url":"https:\/\/www.rassegnastampa-totustuus.it\/cattolica\/","logo":{"@type":"ImageObject","inLanguage":"it-IT","@id":"https:\/\/www.rassegnastampa-totustuus.it\/cattolica\/#\/schema\/logo\/image\/","url":"https:\/\/www.rassegnastampa-totustuus.it\/cattolica\/wp-content\/uploads\/2014\/04\/logo-rassegna1.gif","contentUrl":"https:\/\/www.rassegnastampa-totustuus.it\/cattolica\/wp-content\/uploads\/2014\/04\/logo-rassegna1.gif","width":600,"height":163,"caption":"Rassegna Stampa Cattolica"},"image":{"@id":"https:\/\/www.rassegnastampa-totustuus.it\/cattolica\/#\/schema\/logo\/image\/"},"sameAs":["https:\/\/www.facebook.com\/rassegnastampacattolica","https:\/\/x.com\/rassegnastampa9"]},{"@type":"Person","@id":"https:\/\/www.rassegnastampa-totustuus.it\/cattolica\/#\/schema\/person\/08f319d2bd1a0904ad9e2bfb7b15e5c3","name":"Redazione","image":{"@type":"ImageObject","inLanguage":"it-IT","@id":"https:\/\/secure.gravatar.com\/avatar\/2fcdf27c78ea025fbdb44e914cc63c72249ffec9dc8aafd5c82b26240ef3f346?s=96&d=mm&r=g","url":"https:\/\/secure.gravatar.com\/avatar\/2fcdf27c78ea025fbdb44e914cc63c72249ffec9dc8aafd5c82b26240ef3f346?s=96&d=mm&r=g","contentUrl":"https:\/\/secure.gravatar.com\/avatar\/2fcdf27c78ea025fbdb44e914cc63c72249ffec9dc8aafd5c82b26240ef3f346?s=96&d=mm&r=g","caption":"Redazione"},"url":"https:\/\/www.rassegnastampa-totustuus.it\/cattolica\/author\/pietroelle\/"}]}},"_links":{"self":[{"href":"https:\/\/www.rassegnastampa-totustuus.it\/cattolica\/wp-json\/wp\/v2\/posts\/41954","targetHints":{"allow":["GET"]}}],"collection":[{"href":"https:\/\/www.rassegnastampa-totustuus.it\/cattolica\/wp-json\/wp\/v2\/posts"}],"about":[{"href":"https:\/\/www.rassegnastampa-totustuus.it\/cattolica\/wp-json\/wp\/v2\/types\/post"}],"author":[{"embeddable":true,"href":"https:\/\/www.rassegnastampa-totustuus.it\/cattolica\/wp-json\/wp\/v2\/users\/6"}],"replies":[{"embeddable":true,"href":"https:\/\/www.rassegnastampa-totustuus.it\/cattolica\/wp-json\/wp\/v2\/comments?post=41954"}],"version-history":[{"count":2,"href":"https:\/\/www.rassegnastampa-totustuus.it\/cattolica\/wp-json\/wp\/v2\/posts\/41954\/revisions"}],"predecessor-version":[{"id":46485,"href":"https:\/\/www.rassegnastampa-totustuus.it\/cattolica\/wp-json\/wp\/v2\/posts\/41954\/revisions\/46485"}],"wp:featuredmedia":[{"embeddable":true,"href":"https:\/\/www.rassegnastampa-totustuus.it\/cattolica\/wp-json\/wp\/v2\/media\/41955"}],"wp:attachment":[{"href":"https:\/\/www.rassegnastampa-totustuus.it\/cattolica\/wp-json\/wp\/v2\/media?parent=41954"}],"wp:term":[{"taxonomy":"category","embeddable":true,"href":"https:\/\/www.rassegnastampa-totustuus.it\/cattolica\/wp-json\/wp\/v2\/categories?post=41954"},{"taxonomy":"post_tag","embeddable":true,"href":"https:\/\/www.rassegnastampa-totustuus.it\/cattolica\/wp-json\/wp\/v2\/tags?post=41954"}],"curies":[{"name":"wp","href":"https:\/\/api.w.org\/{rel}","templated":true}]}}