{"id":41918,"date":"2019-01-17T00:00:13","date_gmt":"2019-01-16T23:00:13","guid":{"rendered":"http:\/\/www.rassegnastampa-totustuus.it\/cattolica\/?p=41918"},"modified":"2019-01-17T09:28:55","modified_gmt":"2019-01-17T08:28:55","slug":"mangiare-insetti-occhio-alle-infezioni","status":"publish","type":"post","link":"https:\/\/www.rassegnastampa-totustuus.it\/cattolica\/mangiare-insetti-occhio-alle-infezioni\/","title":{"rendered":"&#8220;Mangiare insetti? Occhio alle infezioni&#8221;"},"content":{"rendered":"<p style=\"text-align: center;\"><a href=\"https:\/\/www.rassegnastampa-totustuus.it\/cattolica\/wp-content\/uploads\/2019\/01\/insetti_cibo.jpg\"><img loading=\"lazy\" decoding=\"async\" class=\"alignleft wp-image-41919\" src=\"https:\/\/www.rassegnastampa-totustuus.it\/cattolica\/wp-content\/uploads\/2019\/01\/insetti_cibo.jpg\" alt=\"\" width=\"250\" height=\"187\" \/><\/a>da <strong>In Terris<\/strong> luned\u00ec 7 gennaio 2019<\/p>\n<p style=\"text-align: center;\"><em>Ettore Capri, docente di Chimica agraria: &#8220;La globalizzazione non arriver\u00e0 sulle tavole degli italiani&#8221;<\/em><\/p>\n<p style=\"text-align: center;\">di <strong>Federico Cenci<\/strong><\/p>\n<p><!--more--><\/p>\n<p style=\"text-align: justify;\">Se qualche anno fa fosse stato chiesto all&#8217;italiano medio di assaggiare una cavalletta o una locusta, probabilmente avrebbe reagito in maniera tutt&#8217;altro che accondiscendente. Oggi, stando a un&#8217;indagine recente condotta dalla Doxa per conto di Rentokil Initial, il 40% degli italiani sarebbe pronto a mangiare insetti. Dobbiamo dunque rassegnarci al dominio della globalizzazione, capace di sradicare anche un baluardo d&#8217;identit\u00e0 dei popoli come l&#8217;enogastronomia? <em>In Terris <\/em>lo ha chiesto al prof. <strong>Ettore Capri<\/strong>, docente di Chimica agraria presso l&#8217;Universit\u00e0 Cattolica del Sacro Cuore, autore di vari libri tra cui, scritto insieme ad Antonia Corina, <em>&#8220;Una sana informazione alimentare&#8221;<\/em>\u00a0(ed. Mattioli, 2016). Sul tema invita alla prudenza.<\/p>\n<p style=\"text-align: justify;\"><strong>Professore, la stupisce il risultato di questo sondaggio?<\/strong><\/p>\n<p style=\"text-align: justify;\">&#8220;Noi italiani ci siamo contraddistinti da sempre per essere degli onnivori, pertanto abbiamo una dieta molto varia. Nel caso specifico, tuttavia, mantengo delle riserve: un conto \u00e8 dichiararlo, un conto \u00e8 assaggiare davvero gli insetti. Ci dovr\u00e0 essere un motivo se, bench\u00e9 abbiamo convissuto con gli insetti dall&#8217;origine dei tempi e pur essendo apprezzati da un miliardo e mezzo di persone ad altre latitudini, noi non li abbiamo mai inseriti nella nostra dieta. La storia non si cambia&#8221;.<\/p>\n<p style=\"text-align: justify;\"><strong><a href=\"https:\/\/www.rassegnastampa-totustuus.it\/cattolica\/wp-content\/uploads\/2019\/01\/insetti_cibo-1.jpg\"><img loading=\"lazy\" decoding=\"async\" class=\"alignright wp-image-41920\" src=\"https:\/\/www.rassegnastampa-totustuus.it\/cattolica\/wp-content\/uploads\/2019\/01\/insetti_cibo-1.jpg\" alt=\"\" width=\"250\" height=\"166\" \/><\/a>C&#8217;\u00e8 una repulsione dovuta al loro aspetto?<\/strong><\/p>\n<p style=\"text-align: justify;\">&#8220;Non tanto questo. Un gambero o una mazzancolla sono molto simili a una cavalletta o a un bruco. Anzi, forse sono anche un po&#8217; pi\u00f9 brutti: sono pi\u00f9 aculei, hanno pi\u00f9 occhi&#8230; E sono praticamente uguali dal punto di vista biologico e nel comportamento alimentare: vivono come spazzini nei sedimenti e nel suolo cibandosi di rifiuti organici, cadaveri di altri animali inclusi&#8221;.<\/p>\n<p style=\"text-align: justify;\"><strong>Allora qual \u00e8 il motivo della riluttanza?<\/strong><\/p>\n<p style=\"text-align: justify;\">&#8220;C&#8217;\u00e8 una barriera culturale che non si pu\u00f2 scardinare. Gamberi e mazzancolle &#8211; a parte che sono buoni &#8211; vivono in acqua, ambiente che nel nostro immaginario \u00e8 puro, pulito (anche se oggi si \u00e8 sviluppata una sensibilit\u00e0 sull&#8217;inquinamento marino). Al contrario, associamo gli insetti ad ambienti che poco o nulla hanno di igienico-sanitario: la terra, la polvere, l&#8217;immondizia, gli escrementi, i cadaveri di altre specie animali. E molti insetti si nutrono di questi organismi&#8221;.<\/p>\n<p style=\"text-align: justify;\"><strong>Dal punto di vista sanitario c&#8217;\u00e8 da temere qualcosa?<\/strong><\/p>\n<p style=\"text-align: justify;\">&#8220;Assolutamente s\u00ec. Soprattutto per noi italiani, che non abbiamo una tradizione alimentare di questo tipo, mangiare insetti pu\u00f2 far insorgere intolleranze, infezioni, tossinfezioni. Non per niente l&#8217;Autorit\u00e0 per la sicurezza alimentare (Efsa) ha stabilito delle regole ferree sull&#8217;autorizzazione all&#8217;allevamento di insetti e alla produzione di cibo umano. C&#8217;\u00e8 una regola contenuta nella legislazione italiana &#8211; che su questo fronte \u00e8 forse la pi\u00f9 affidabile al mondo &#8211; che \u00e8 di buonsenso: qualsiasi cibo che presenta aspetti estetici di deterioramento non va commercializzato. Ebbene, un indice per valutare se un cibo \u00e8 deteriorato \u00e8 la presenza anche soltanto di una larva, di un verme o di una mosca. Le faccio un esempio: se anche si trova una zampetta di insetto in un chilo di farina, quel campione non pu\u00f2 essere venduto. Non si tratta di estremismo, ma di principio precauzionale, perch\u00e9 se c&#8217;\u00e8 traccia di un insetto, evidentemente le condizioni di conservazione del prodotto alimentare sono inadeguate. E ora quella zampa d&#8217;insetto vogliamo mangiarla? Possiamo anche farlo, purch\u00e9 l&#8217;insetto sia allevato in condizioni igienico-sanitarie corrette, come avviene per tutti gli altri cibi. Sa cosa ne deriva?&#8221;.<\/p>\n<p style=\"text-align: justify;\"><strong><a href=\"https:\/\/www.rassegnastampa-totustuus.it\/cattolica\/wp-content\/uploads\/2004\/11\/agricoltura.jpg\"><img loading=\"lazy\" decoding=\"async\" class=\"alignleft wp-image-28172\" src=\"https:\/\/www.rassegnastampa-totustuus.it\/cattolica\/wp-content\/uploads\/2004\/11\/agricoltura.jpg\" alt=\"\" width=\"250\" height=\"166\" \/><\/a>Mi dica&#8230;<\/strong><\/p>\n<p style=\"text-align: justify;\">&#8220;Che i costi per gli allevatori sono molto alti, di conseguenza \u00e8 alto anche il prezzo del prodotto per il consumatore. Ecco allora che gli insetti sono destinati solo a diffondersi ulteriormente come mangimi per animali e a diventare cibo umano per una nicchia di mercato, uno sfizio da mangiare a piccole dosi una volta ogni tanto. Del resto il nostro organismo, per le ragioni di abitudini alimentari di cui parlavo prima, non tollera alcune parti degli insetti&#8221;.<\/p>\n<p style=\"text-align: justify;\"><strong>Gli insetti saranno o no il cibo del futuro?<\/strong><\/p>\n<p style=\"text-align: justify;\">&#8220;Non credo proprio, oltre ci\u00f2 che ho gi\u00e0 detto, credo sia debole il motivo che sta dietro questa promozione degli insetti come cibo: la sostenibilit\u00e0. Si ritiene che essi possano rappresentare fonti alternative di cibo per una popolazione umana oggettivamente in aumento su scala globale, specie in zone dove l&#8217;accesso al cibo \u00e8 limitato. \u00c8 vero che gli insetti sono una grande opportunit\u00e0 perch\u00e9 sono fonte proteica e di zuccheri per eccellenza, ma per produrre la stessa dose di proteine che oggi otteniamo dagli animali da allevamento \u00e8 necessaria una quantit\u00e0 di insetti tale da sommergerci. Insomma, sar\u00e0 pure giusto non avere preclusioni aprioristiche, ma ritengo che questo <em>novel food<\/em> non far\u00e0 mai concorrenza ai prodotti tipici dell&#8217;Italia: noi siamo un popolo dalle caratteristiche culinarie basate sull&#8217;identit\u00e0, la globalizzazione non arriva sulle nostre tavole. A meno che, non ci siamo messi in tesa di voler distruggere del tutto la nostra agricoltura&#8221;.<\/p>\n<p>&nbsp;<\/p>\n","protected":false},"excerpt":{"rendered":"<p>da In Terris luned\u00ec 7 gennaio 2019 Ettore Capri, docente di Chimica agraria: &#8220;La globalizzazione non arriver\u00e0 sulle tavole degli italiani&#8221; di Federico Cenci<\/p><p><a class=\"more-link btn\" href=\"https:\/\/www.rassegnastampa-totustuus.it\/cattolica\/mangiare-insetti-occhio-alle-infezioni\/\">Continua a leggere<\/a><\/p>\n","protected":false},"author":6,"featured_media":41919,"comment_status":"closed","ping_status":"closed","sticky":false,"template":"","format":"standard","meta":{"footnotes":""},"categories":[3],"tags":[2147,648,2716],"class_list":["post-41918","post","type-post","status-publish","format-standard","has-post-thumbnail","hentry","category-ambientalismo","tag-cibo","tag-globalizzazione","tag-insetti","item-wrap"],"yoast_head":"<!-- This site is optimized with the Yoast SEO plugin v27.5 - https:\/\/yoast.com\/product\/yoast-seo-wordpress\/ -->\n<title>&quot;Mangiare insetti? Occhio alle infezioni&quot; - Rassegna Stampa Cattolica<\/title>\n<meta name=\"description\" content=\"Rassegna Stampa Cattolica - Per una cultura che nasce dalla Rivelazione cristiana in conformit\u00e0 alla tradizione e al Magistero della Chiesa in opposizione ad ogni relativismo e totalitarismo\" \/>\n<meta name=\"robots\" content=\"index, follow, max-snippet:-1, max-image-preview:large, max-video-preview:-1\" \/>\n<link rel=\"canonical\" href=\"https:\/\/www.rassegnastampa-totustuus.it\/cattolica\/mangiare-insetti-occhio-alle-infezioni\/\" \/>\n<meta property=\"og:locale\" content=\"it_IT\" \/>\n<meta property=\"og:type\" content=\"article\" \/>\n<meta property=\"og:title\" content=\"&quot;Mangiare insetti? Occhio alle infezioni&quot; - Rassegna Stampa Cattolica\" \/>\n<meta property=\"og:description\" content=\"Rassegna Stampa Cattolica - Per una cultura che nasce dalla Rivelazione cristiana in conformit\u00e0 alla tradizione e al Magistero della Chiesa in opposizione ad ogni relativismo e totalitarismo\" \/>\n<meta property=\"og:url\" content=\"https:\/\/www.rassegnastampa-totustuus.it\/cattolica\/mangiare-insetti-occhio-alle-infezioni\/\" \/>\n<meta property=\"og:site_name\" content=\"Rassegna Stampa Cattolica\" \/>\n<meta property=\"article:publisher\" content=\"https:\/\/www.facebook.com\/rassegnastampacattolica\" \/>\n<meta property=\"article:published_time\" content=\"2019-01-16T23:00:13+00:00\" \/>\n<meta property=\"article:modified_time\" content=\"2019-01-17T08:28:55+00:00\" \/>\n<meta property=\"og:image\" content=\"https:\/\/www.rassegnastampa-totustuus.it\/cattolica\/wp-content\/uploads\/2019\/01\/insetti_cibo.jpg\" \/>\n\t<meta property=\"og:image:width\" content=\"260\" \/>\n\t<meta property=\"og:image:height\" content=\"194\" \/>\n\t<meta property=\"og:image:type\" content=\"image\/jpeg\" \/>\n<meta name=\"author\" content=\"Redazione\" \/>\n<meta name=\"twitter:card\" content=\"summary_large_image\" \/>\n<meta name=\"twitter:creator\" content=\"@rassegnastampa9\" \/>\n<meta name=\"twitter:site\" content=\"@rassegnastampa9\" \/>\n<meta name=\"twitter:label1\" content=\"Scritto da\" \/>\n\t<meta name=\"twitter:data1\" content=\"Redazione\" \/>\n\t<meta name=\"twitter:label2\" content=\"Tempo di lettura stimato\" \/>\n\t<meta name=\"twitter:data2\" content=\"4 minuti\" \/>\n<script type=\"application\/ld+json\" class=\"yoast-schema-graph\">{\"@context\":\"https:\\\/\\\/schema.org\",\"@graph\":[{\"@type\":\"Article\",\"@id\":\"https:\\\/\\\/www.rassegnastampa-totustuus.it\\\/cattolica\\\/mangiare-insetti-occhio-alle-infezioni\\\/#article\",\"isPartOf\":{\"@id\":\"https:\\\/\\\/www.rassegnastampa-totustuus.it\\\/cattolica\\\/mangiare-insetti-occhio-alle-infezioni\\\/\"},\"author\":{\"name\":\"Redazione\",\"@id\":\"https:\\\/\\\/www.rassegnastampa-totustuus.it\\\/cattolica\\\/#\\\/schema\\\/person\\\/08f319d2bd1a0904ad9e2bfb7b15e5c3\"},\"headline\":\"&#8220;Mangiare insetti? Occhio alle infezioni&#8221;\",\"datePublished\":\"2019-01-16T23:00:13+00:00\",\"dateModified\":\"2019-01-17T08:28:55+00:00\",\"mainEntityOfPage\":{\"@id\":\"https:\\\/\\\/www.rassegnastampa-totustuus.it\\\/cattolica\\\/mangiare-insetti-occhio-alle-infezioni\\\/\"},\"wordCount\":807,\"publisher\":{\"@id\":\"https:\\\/\\\/www.rassegnastampa-totustuus.it\\\/cattolica\\\/#organization\"},\"image\":{\"@id\":\"https:\\\/\\\/www.rassegnastampa-totustuus.it\\\/cattolica\\\/mangiare-insetti-occhio-alle-infezioni\\\/#primaryimage\"},\"thumbnailUrl\":\"https:\\\/\\\/www.rassegnastampa-totustuus.it\\\/cattolica\\\/wp-content\\\/uploads\\\/2019\\\/01\\\/insetti_cibo.jpg\",\"keywords\":[\"cibo\",\"globalizzazione\",\"insetti\"],\"articleSection\":[\"Ambientalismo\"],\"inLanguage\":\"it-IT\"},{\"@type\":\"WebPage\",\"@id\":\"https:\\\/\\\/www.rassegnastampa-totustuus.it\\\/cattolica\\\/mangiare-insetti-occhio-alle-infezioni\\\/\",\"url\":\"https:\\\/\\\/www.rassegnastampa-totustuus.it\\\/cattolica\\\/mangiare-insetti-occhio-alle-infezioni\\\/\",\"name\":\"\\\"Mangiare insetti? Occhio alle infezioni\\\" - Rassegna Stampa Cattolica\",\"isPartOf\":{\"@id\":\"https:\\\/\\\/www.rassegnastampa-totustuus.it\\\/cattolica\\\/#website\"},\"primaryImageOfPage\":{\"@id\":\"https:\\\/\\\/www.rassegnastampa-totustuus.it\\\/cattolica\\\/mangiare-insetti-occhio-alle-infezioni\\\/#primaryimage\"},\"image\":{\"@id\":\"https:\\\/\\\/www.rassegnastampa-totustuus.it\\\/cattolica\\\/mangiare-insetti-occhio-alle-infezioni\\\/#primaryimage\"},\"thumbnailUrl\":\"https:\\\/\\\/www.rassegnastampa-totustuus.it\\\/cattolica\\\/wp-content\\\/uploads\\\/2019\\\/01\\\/insetti_cibo.jpg\",\"datePublished\":\"2019-01-16T23:00:13+00:00\",\"dateModified\":\"2019-01-17T08:28:55+00:00\",\"description\":\"Rassegna Stampa Cattolica - Per una cultura che nasce dalla Rivelazione cristiana in conformit\u00e0 alla tradizione e al Magistero della Chiesa in opposizione ad ogni relativismo e totalitarismo\",\"breadcrumb\":{\"@id\":\"https:\\\/\\\/www.rassegnastampa-totustuus.it\\\/cattolica\\\/mangiare-insetti-occhio-alle-infezioni\\\/#breadcrumb\"},\"inLanguage\":\"it-IT\",\"potentialAction\":[{\"@type\":\"ReadAction\",\"target\":[\"https:\\\/\\\/www.rassegnastampa-totustuus.it\\\/cattolica\\\/mangiare-insetti-occhio-alle-infezioni\\\/\"]}]},{\"@type\":\"ImageObject\",\"inLanguage\":\"it-IT\",\"@id\":\"https:\\\/\\\/www.rassegnastampa-totustuus.it\\\/cattolica\\\/mangiare-insetti-occhio-alle-infezioni\\\/#primaryimage\",\"url\":\"https:\\\/\\\/www.rassegnastampa-totustuus.it\\\/cattolica\\\/wp-content\\\/uploads\\\/2019\\\/01\\\/insetti_cibo.jpg\",\"contentUrl\":\"https:\\\/\\\/www.rassegnastampa-totustuus.it\\\/cattolica\\\/wp-content\\\/uploads\\\/2019\\\/01\\\/insetti_cibo.jpg\",\"width\":260,\"height\":194},{\"@type\":\"BreadcrumbList\",\"@id\":\"https:\\\/\\\/www.rassegnastampa-totustuus.it\\\/cattolica\\\/mangiare-insetti-occhio-alle-infezioni\\\/#breadcrumb\",\"itemListElement\":[{\"@type\":\"ListItem\",\"position\":1,\"name\":\"Home\",\"item\":\"https:\\\/\\\/www.rassegnastampa-totustuus.it\\\/cattolica\\\/\"},{\"@type\":\"ListItem\",\"position\":2,\"name\":\"&#8220;Mangiare insetti? Occhio alle infezioni&#8221;\"}]},{\"@type\":\"WebSite\",\"@id\":\"https:\\\/\\\/www.rassegnastampa-totustuus.it\\\/cattolica\\\/#website\",\"url\":\"https:\\\/\\\/www.rassegnastampa-totustuus.it\\\/cattolica\\\/\",\"name\":\"Rassegna Stampa Cattolica\",\"description\":\"Per una cultura che nasce dalla Rivelazione cristiana in conformit\u00e0 alla tradizione e al Magistero della Chiesa in opposizione ad ogni relativismo e totalitarismo\",\"publisher\":{\"@id\":\"https:\\\/\\\/www.rassegnastampa-totustuus.it\\\/cattolica\\\/#organization\"},\"alternateName\":\"Rass. Cattolica\",\"potentialAction\":[{\"@type\":\"SearchAction\",\"target\":{\"@type\":\"EntryPoint\",\"urlTemplate\":\"https:\\\/\\\/www.rassegnastampa-totustuus.it\\\/cattolica\\\/?s={search_term_string}\"},\"query-input\":{\"@type\":\"PropertyValueSpecification\",\"valueRequired\":true,\"valueName\":\"search_term_string\"}}],\"inLanguage\":\"it-IT\"},{\"@type\":\"Organization\",\"@id\":\"https:\\\/\\\/www.rassegnastampa-totustuus.it\\\/cattolica\\\/#organization\",\"name\":\"Rassegna Stampa Cattolica\",\"url\":\"https:\\\/\\\/www.rassegnastampa-totustuus.it\\\/cattolica\\\/\",\"logo\":{\"@type\":\"ImageObject\",\"inLanguage\":\"it-IT\",\"@id\":\"https:\\\/\\\/www.rassegnastampa-totustuus.it\\\/cattolica\\\/#\\\/schema\\\/logo\\\/image\\\/\",\"url\":\"https:\\\/\\\/www.rassegnastampa-totustuus.it\\\/cattolica\\\/wp-content\\\/uploads\\\/2014\\\/04\\\/logo-rassegna1.gif\",\"contentUrl\":\"https:\\\/\\\/www.rassegnastampa-totustuus.it\\\/cattolica\\\/wp-content\\\/uploads\\\/2014\\\/04\\\/logo-rassegna1.gif\",\"width\":600,\"height\":163,\"caption\":\"Rassegna Stampa Cattolica\"},\"image\":{\"@id\":\"https:\\\/\\\/www.rassegnastampa-totustuus.it\\\/cattolica\\\/#\\\/schema\\\/logo\\\/image\\\/\"},\"sameAs\":[\"https:\\\/\\\/www.facebook.com\\\/rassegnastampacattolica\",\"https:\\\/\\\/x.com\\\/rassegnastampa9\"]},{\"@type\":\"Person\",\"@id\":\"https:\\\/\\\/www.rassegnastampa-totustuus.it\\\/cattolica\\\/#\\\/schema\\\/person\\\/08f319d2bd1a0904ad9e2bfb7b15e5c3\",\"name\":\"Redazione\",\"image\":{\"@type\":\"ImageObject\",\"inLanguage\":\"it-IT\",\"@id\":\"https:\\\/\\\/secure.gravatar.com\\\/avatar\\\/2fcdf27c78ea025fbdb44e914cc63c72249ffec9dc8aafd5c82b26240ef3f346?s=96&d=mm&r=g\",\"url\":\"https:\\\/\\\/secure.gravatar.com\\\/avatar\\\/2fcdf27c78ea025fbdb44e914cc63c72249ffec9dc8aafd5c82b26240ef3f346?s=96&d=mm&r=g\",\"contentUrl\":\"https:\\\/\\\/secure.gravatar.com\\\/avatar\\\/2fcdf27c78ea025fbdb44e914cc63c72249ffec9dc8aafd5c82b26240ef3f346?s=96&d=mm&r=g\",\"caption\":\"Redazione\"},\"url\":\"https:\\\/\\\/www.rassegnastampa-totustuus.it\\\/cattolica\\\/author\\\/pietroelle\\\/\"}]}<\/script>\n<!-- \/ Yoast SEO plugin. -->","yoast_head_json":{"title":"\"Mangiare insetti? Occhio alle infezioni\" - Rassegna Stampa Cattolica","description":"Rassegna Stampa Cattolica - Per una cultura che nasce dalla Rivelazione cristiana in conformit\u00e0 alla tradizione e al Magistero della Chiesa in opposizione ad ogni relativismo e totalitarismo","robots":{"index":"index","follow":"follow","max-snippet":"max-snippet:-1","max-image-preview":"max-image-preview:large","max-video-preview":"max-video-preview:-1"},"canonical":"https:\/\/www.rassegnastampa-totustuus.it\/cattolica\/mangiare-insetti-occhio-alle-infezioni\/","og_locale":"it_IT","og_type":"article","og_title":"\"Mangiare insetti? Occhio alle infezioni\" - Rassegna Stampa Cattolica","og_description":"Rassegna Stampa Cattolica - Per una cultura che nasce dalla Rivelazione cristiana in conformit\u00e0 alla tradizione e al Magistero della Chiesa in opposizione ad ogni relativismo e totalitarismo","og_url":"https:\/\/www.rassegnastampa-totustuus.it\/cattolica\/mangiare-insetti-occhio-alle-infezioni\/","og_site_name":"Rassegna Stampa Cattolica","article_publisher":"https:\/\/www.facebook.com\/rassegnastampacattolica","article_published_time":"2019-01-16T23:00:13+00:00","article_modified_time":"2019-01-17T08:28:55+00:00","og_image":[{"width":260,"height":194,"url":"https:\/\/www.rassegnastampa-totustuus.it\/cattolica\/wp-content\/uploads\/2019\/01\/insetti_cibo.jpg","type":"image\/jpeg"}],"author":"Redazione","twitter_card":"summary_large_image","twitter_creator":"@rassegnastampa9","twitter_site":"@rassegnastampa9","twitter_misc":{"Scritto da":"Redazione","Tempo di lettura stimato":"4 minuti"},"schema":{"@context":"https:\/\/schema.org","@graph":[{"@type":"Article","@id":"https:\/\/www.rassegnastampa-totustuus.it\/cattolica\/mangiare-insetti-occhio-alle-infezioni\/#article","isPartOf":{"@id":"https:\/\/www.rassegnastampa-totustuus.it\/cattolica\/mangiare-insetti-occhio-alle-infezioni\/"},"author":{"name":"Redazione","@id":"https:\/\/www.rassegnastampa-totustuus.it\/cattolica\/#\/schema\/person\/08f319d2bd1a0904ad9e2bfb7b15e5c3"},"headline":"&#8220;Mangiare insetti? Occhio alle infezioni&#8221;","datePublished":"2019-01-16T23:00:13+00:00","dateModified":"2019-01-17T08:28:55+00:00","mainEntityOfPage":{"@id":"https:\/\/www.rassegnastampa-totustuus.it\/cattolica\/mangiare-insetti-occhio-alle-infezioni\/"},"wordCount":807,"publisher":{"@id":"https:\/\/www.rassegnastampa-totustuus.it\/cattolica\/#organization"},"image":{"@id":"https:\/\/www.rassegnastampa-totustuus.it\/cattolica\/mangiare-insetti-occhio-alle-infezioni\/#primaryimage"},"thumbnailUrl":"https:\/\/www.rassegnastampa-totustuus.it\/cattolica\/wp-content\/uploads\/2019\/01\/insetti_cibo.jpg","keywords":["cibo","globalizzazione","insetti"],"articleSection":["Ambientalismo"],"inLanguage":"it-IT"},{"@type":"WebPage","@id":"https:\/\/www.rassegnastampa-totustuus.it\/cattolica\/mangiare-insetti-occhio-alle-infezioni\/","url":"https:\/\/www.rassegnastampa-totustuus.it\/cattolica\/mangiare-insetti-occhio-alle-infezioni\/","name":"\"Mangiare insetti? Occhio alle infezioni\" - Rassegna Stampa Cattolica","isPartOf":{"@id":"https:\/\/www.rassegnastampa-totustuus.it\/cattolica\/#website"},"primaryImageOfPage":{"@id":"https:\/\/www.rassegnastampa-totustuus.it\/cattolica\/mangiare-insetti-occhio-alle-infezioni\/#primaryimage"},"image":{"@id":"https:\/\/www.rassegnastampa-totustuus.it\/cattolica\/mangiare-insetti-occhio-alle-infezioni\/#primaryimage"},"thumbnailUrl":"https:\/\/www.rassegnastampa-totustuus.it\/cattolica\/wp-content\/uploads\/2019\/01\/insetti_cibo.jpg","datePublished":"2019-01-16T23:00:13+00:00","dateModified":"2019-01-17T08:28:55+00:00","description":"Rassegna Stampa Cattolica - Per una cultura che nasce dalla Rivelazione cristiana in conformit\u00e0 alla tradizione e al Magistero della Chiesa in opposizione ad ogni relativismo e totalitarismo","breadcrumb":{"@id":"https:\/\/www.rassegnastampa-totustuus.it\/cattolica\/mangiare-insetti-occhio-alle-infezioni\/#breadcrumb"},"inLanguage":"it-IT","potentialAction":[{"@type":"ReadAction","target":["https:\/\/www.rassegnastampa-totustuus.it\/cattolica\/mangiare-insetti-occhio-alle-infezioni\/"]}]},{"@type":"ImageObject","inLanguage":"it-IT","@id":"https:\/\/www.rassegnastampa-totustuus.it\/cattolica\/mangiare-insetti-occhio-alle-infezioni\/#primaryimage","url":"https:\/\/www.rassegnastampa-totustuus.it\/cattolica\/wp-content\/uploads\/2019\/01\/insetti_cibo.jpg","contentUrl":"https:\/\/www.rassegnastampa-totustuus.it\/cattolica\/wp-content\/uploads\/2019\/01\/insetti_cibo.jpg","width":260,"height":194},{"@type":"BreadcrumbList","@id":"https:\/\/www.rassegnastampa-totustuus.it\/cattolica\/mangiare-insetti-occhio-alle-infezioni\/#breadcrumb","itemListElement":[{"@type":"ListItem","position":1,"name":"Home","item":"https:\/\/www.rassegnastampa-totustuus.it\/cattolica\/"},{"@type":"ListItem","position":2,"name":"&#8220;Mangiare insetti? Occhio alle infezioni&#8221;"}]},{"@type":"WebSite","@id":"https:\/\/www.rassegnastampa-totustuus.it\/cattolica\/#website","url":"https:\/\/www.rassegnastampa-totustuus.it\/cattolica\/","name":"Rassegna Stampa Cattolica","description":"Per una cultura che nasce dalla Rivelazione cristiana in conformit\u00e0 alla tradizione e al Magistero della Chiesa in opposizione ad ogni relativismo e totalitarismo","publisher":{"@id":"https:\/\/www.rassegnastampa-totustuus.it\/cattolica\/#organization"},"alternateName":"Rass. Cattolica","potentialAction":[{"@type":"SearchAction","target":{"@type":"EntryPoint","urlTemplate":"https:\/\/www.rassegnastampa-totustuus.it\/cattolica\/?s={search_term_string}"},"query-input":{"@type":"PropertyValueSpecification","valueRequired":true,"valueName":"search_term_string"}}],"inLanguage":"it-IT"},{"@type":"Organization","@id":"https:\/\/www.rassegnastampa-totustuus.it\/cattolica\/#organization","name":"Rassegna Stampa Cattolica","url":"https:\/\/www.rassegnastampa-totustuus.it\/cattolica\/","logo":{"@type":"ImageObject","inLanguage":"it-IT","@id":"https:\/\/www.rassegnastampa-totustuus.it\/cattolica\/#\/schema\/logo\/image\/","url":"https:\/\/www.rassegnastampa-totustuus.it\/cattolica\/wp-content\/uploads\/2014\/04\/logo-rassegna1.gif","contentUrl":"https:\/\/www.rassegnastampa-totustuus.it\/cattolica\/wp-content\/uploads\/2014\/04\/logo-rassegna1.gif","width":600,"height":163,"caption":"Rassegna Stampa Cattolica"},"image":{"@id":"https:\/\/www.rassegnastampa-totustuus.it\/cattolica\/#\/schema\/logo\/image\/"},"sameAs":["https:\/\/www.facebook.com\/rassegnastampacattolica","https:\/\/x.com\/rassegnastampa9"]},{"@type":"Person","@id":"https:\/\/www.rassegnastampa-totustuus.it\/cattolica\/#\/schema\/person\/08f319d2bd1a0904ad9e2bfb7b15e5c3","name":"Redazione","image":{"@type":"ImageObject","inLanguage":"it-IT","@id":"https:\/\/secure.gravatar.com\/avatar\/2fcdf27c78ea025fbdb44e914cc63c72249ffec9dc8aafd5c82b26240ef3f346?s=96&d=mm&r=g","url":"https:\/\/secure.gravatar.com\/avatar\/2fcdf27c78ea025fbdb44e914cc63c72249ffec9dc8aafd5c82b26240ef3f346?s=96&d=mm&r=g","contentUrl":"https:\/\/secure.gravatar.com\/avatar\/2fcdf27c78ea025fbdb44e914cc63c72249ffec9dc8aafd5c82b26240ef3f346?s=96&d=mm&r=g","caption":"Redazione"},"url":"https:\/\/www.rassegnastampa-totustuus.it\/cattolica\/author\/pietroelle\/"}]}},"_links":{"self":[{"href":"https:\/\/www.rassegnastampa-totustuus.it\/cattolica\/wp-json\/wp\/v2\/posts\/41918","targetHints":{"allow":["GET"]}}],"collection":[{"href":"https:\/\/www.rassegnastampa-totustuus.it\/cattolica\/wp-json\/wp\/v2\/posts"}],"about":[{"href":"https:\/\/www.rassegnastampa-totustuus.it\/cattolica\/wp-json\/wp\/v2\/types\/post"}],"author":[{"embeddable":true,"href":"https:\/\/www.rassegnastampa-totustuus.it\/cattolica\/wp-json\/wp\/v2\/users\/6"}],"replies":[{"embeddable":true,"href":"https:\/\/www.rassegnastampa-totustuus.it\/cattolica\/wp-json\/wp\/v2\/comments?post=41918"}],"version-history":[{"count":2,"href":"https:\/\/www.rassegnastampa-totustuus.it\/cattolica\/wp-json\/wp\/v2\/posts\/41918\/revisions"}],"predecessor-version":[{"id":41950,"href":"https:\/\/www.rassegnastampa-totustuus.it\/cattolica\/wp-json\/wp\/v2\/posts\/41918\/revisions\/41950"}],"wp:featuredmedia":[{"embeddable":true,"href":"https:\/\/www.rassegnastampa-totustuus.it\/cattolica\/wp-json\/wp\/v2\/media\/41919"}],"wp:attachment":[{"href":"https:\/\/www.rassegnastampa-totustuus.it\/cattolica\/wp-json\/wp\/v2\/media?parent=41918"}],"wp:term":[{"taxonomy":"category","embeddable":true,"href":"https:\/\/www.rassegnastampa-totustuus.it\/cattolica\/wp-json\/wp\/v2\/categories?post=41918"},{"taxonomy":"post_tag","embeddable":true,"href":"https:\/\/www.rassegnastampa-totustuus.it\/cattolica\/wp-json\/wp\/v2\/tags?post=41918"}],"curies":[{"name":"wp","href":"https:\/\/api.w.org\/{rel}","templated":true}]}}