{"id":41886,"date":"2019-01-17T00:00:44","date_gmt":"2019-01-16T23:00:44","guid":{"rendered":"http:\/\/www.rassegnastampa-totustuus.it\/cattolica\/?p=41886"},"modified":"2019-01-17T09:27:11","modified_gmt":"2019-01-17T08:27:11","slug":"piu-famiglie-piu-liberta","status":"publish","type":"post","link":"https:\/\/www.rassegnastampa-totustuus.it\/cattolica\/piu-famiglie-piu-liberta\/","title":{"rendered":"Pi\u00f9 famiglie, pi\u00f9 libert\u00e0"},"content":{"rendered":"<p style=\"text-align: center;\"><a href=\"https:\/\/www.rassegnastampa-totustuus.it\/cattolica\/wp-content\/uploads\/2019\/01\/Silvio-Rossi.jpg\"><img loading=\"lazy\" decoding=\"async\" class=\"wp-image-41887 alignright\" src=\"https:\/\/www.rassegnastampa-totustuus.it\/cattolica\/wp-content\/uploads\/2019\/01\/Silvio-Rossi.jpg\" alt=\"\" width=\"250\" height=\"166\" \/><\/a>da <a href=\"https:\/\/www.interris.it\/\" target=\"_blank\" rel=\"noopener\"><strong>In Terris<\/strong><\/a> 30 dicembre 2018<\/p>\n<p style=\"text-align: center;\"><em>Lo psicologo Silvio Rossi: &#8220;Sono la base di una societ\u00e0 sana&#8221;<\/em><\/p>\n<p style=\"text-align: center;\">di <strong>Giuseppe Brienza<\/strong><br \/>\n<!--more--><\/p>\n<p style=\"text-align: justify;\"><strong>Silvio Rossi<\/strong>, psicologo e psicoterapeuta di esperienza (ha 25 anni di attivit\u00e0 di studio oltre che al servizio della Pubblica amministrazione) ha scritto il libro <em>\u201cI Signori dell\u2019Anello. Guida alla vita familiare in piccole note\u201d<\/em>, pubblicato dalla casa editrice cattolica <em>\u201cD\u2019Ettoris Editori\u201d<\/em>. Il suo \u00e8 stato definito dallo scrittore <strong>Paolo Gulisano<\/strong> &#8220;un libro geniale&#8221; e, addirittura, lui &#8220;una sorta di Ennio Flaiano della psicologia&#8221;, per la originalit\u00e0 e vividezza dei contenuti, a cominciare dal titolo prescelto.<\/p>\n<p style=\"text-align: justify;\">L\u2019Anello di cui parla, infatti, non \u00e8 naturalmente quello di <strong>Sauron<\/strong>, il personaggio cattivo per antonomasia creato dallo scrittore inglese <strong>Tolkien<\/strong> ne <em>Il Signore degli Anelli<\/em>, bens\u00ec quel cerchietto d\u2019oro che suggella una comunione di vita per sempre fra un uomo e una donna che si amano e ambiscono a divenire genitori. Il saggio raccoglie 107 brevi e fulminanti \u201cnote\u201d per una sana e politicamente scorretta vita familiare distillando nel complesso alcune preziose verit\u00e0 sulla famiglia, in gran parte oggi negate o dimenticate. <em>In Terris<\/em> lo ha intervistato in occasione <strong>della festa della Santa Famiglia<\/strong>.<\/p>\n<p><strong><a href=\"https:\/\/www.rassegnastampa-totustuus.it\/cattolica\/wp-content\/uploads\/2018\/06\/Rossi_cower.jpg\"><img loading=\"lazy\" decoding=\"async\" class=\"wp-image-40467 alignleft\" src=\"https:\/\/www.rassegnastampa-totustuus.it\/cattolica\/wp-content\/uploads\/2018\/06\/Rossi_cower.jpg\" alt=\"\" width=\"136\" height=\"200\" \/><\/a>D. Il suo saggio mi pare confermi, dal punto di vista della vita matrimoniale e familiare, quanto diceva G. K. Chesterton, vale a dire: &#8220;<em>Una cosa morta va con la corrente, solo una cosa viva pu\u00f2 andare controcorrente<\/em>&#8220;<\/strong><\/p>\n<p style=\"text-align: justify;\">Sono d\u2019accordo, la famiglia non solo \u00e8 una realt\u00e0 viva ma \u00e8 anche l&#8217;ambiente naturale per l&#8217;accoglienza e la custodia della vita e, in questo senso, \u00e8 chiamata oggi ad andare decisamente controcorrente e ad essere per sua natura anticonformista. La famiglia si oppone alla dittatura del politicamente corretto con l&#8217;educazione dei figli, ai quali offre una formazione ad un pensiero autonomo e libero. Con ci\u00f2 anche pagando a volte il prezzo dell&#8217;isolamento e dell\u2019impopolarit\u00e0.\u00a0Chesterton diceva pure che sarebbero venuti i tempi in cui si sarebbe combattuto per dimostrare le cose ovvie. Direi proprio che questo \u00e8 il nostro tempo e che la famiglia deve andare controcorrente per tutelare la sua stessa esistenza e il suo futuro.<\/p>\n<p style=\"text-align: justify;\"><strong>D. In effetti a un certo punto nel suo libro Lei scrive una \u201cprofezia\u201d per il futuro che, temo, non molti sottoscriverebbero. Vale a dire che, sicuramente, il futuro &#8220;<em>appartiene alla famiglia e a chi lavora per essa<\/em>&#8220;, cosa vuole dire?<\/strong><\/p>\n<p style=\"text-align: justify;\">Voglio dire che la famiglia \u00e8 connaturata all&#8217;essere umano e non \u00e8 una &#8216;sovrastruttura&#8217; legata ad un determinato periodo storico che, magari, era valida un tempo e ora pu\u00f2 essere messa tranquillamente da parte o sostituita con forme alternative di convivenza. La famiglia \u00e8 il valore sociale fondante di ogni altro valore comunitario e, perci\u00f2, alla fine i tentativi di combatterla non avranno esito. La distruzione della famiglia coinciderebbe necessariamente con la distruzione dell&#8217;uomo e della societ\u00e0. Ma certamente le esigenze dell&#8217;ecologia umana prevarranno e ci sar\u00e0 un futuro e sar\u00e0 assegnato dalla riscoperta della famiglia.<\/p>\n<p style=\"text-align: justify;\"><strong><a href=\"https:\/\/www.rassegnastampa-totustuus.it\/cattolica\/wp-content\/uploads\/2017\/03\/adult_baby.jpg\"><img loading=\"lazy\" decoding=\"async\" class=\"wp-image-37338 alignright\" src=\"https:\/\/www.rassegnastampa-totustuus.it\/cattolica\/wp-content\/uploads\/2017\/03\/adult_baby.jpg\" alt=\"\" width=\"250\" height=\"175\" \/><\/a>D. Nella famiglia italiana (quella che resiste almeno) c\u2019\u00e8 una tendenza a viziare i figli, anche quando sono adulti (vedi il fenomeno, tutto italiano, dei \u201cbamboccioni\u201d). Come e quando i genitori dovrebbero rendere autonomi i figli? Qual \u00e8 l\u2019et\u00e0 giusta, dal punto di vista psicologico, per lasciare la famiglia d\u2019origine e formarsene una propria<\/strong><\/p>\n<p style=\"text-align: justify;\">Non c&#8217;\u00e8 un momento preciso in cui finisce l&#8217;adolescenza e inizia l&#8217;et\u00e0 adulta. La maturazione umana \u00e8 un continuo procedere verso l&#8217;autonomia e l&#8217;indipendenza e, alla fine, si sente dentro di s\u00e9 che \u00e8 arrivata l&#8217;ora. Il problema \u00e8 un altro ed \u00e8 che oggi una parte di genitori conta sui figli per la propria stessa sopravvivenza psicologica. Parlo di genitori che non sono stati capaci di esprimere un&#8217;identit\u00e0 a prescindere dei figli e che, quindi, hanno bisogno di tenerseli vicini per avere una ragione di vita. \u00c8 questo che blocca un normale e sano &#8216;distacco&#8217; da parte dei giovani con danno per tutti. D&#8217;altra parte \u00e8 vero che i ragazzi continuano ad essere viziati anche da grandi. Spesso fin da piccoli sono abituati ad ogni agio e alla comodit\u00e0 di un nido che \u00e8 troppo sicuro e confortevole. Questo non \u00e8 bene per loro perch\u00e9 si abituano a dare tutto e sempre per scontato e, in questo, i genitori li conducono ad una totale mancanza di senso della realt\u00e0. Arriver\u00e0, infatti, il momento del confronto con l\u2019esterno e, con queste attitudini, non sar\u00e0 facile per loro trovare fiducia in s\u00e9 stessi nelle difficolt\u00e0 e progettare un personale futuro.<\/p>\n<p style=\"text-align: justify;\"><strong>D. Ci spiega, in breve, perch\u00e9 una societ\u00e0 sana che, nel tempo, si possa mantenere vivace e vitale, non pu\u00f2 che essere quella basata su famiglie sane?<\/strong><\/p>\n<p style=\"text-align: justify;\">Vede, sono molti anni che faccio lo psicoterapeuta e in tutto questo tempo ho notato e ho verificato una correlazione incontrovertibile tra salute della persona e salute della famiglia. Se la famiglia \u00e8 sana ci sono altissime probabilit\u00e0 che la persona sia sana e, anche, se in essa si sviluppano dei problemi psicologici, quando la famiglia funziona bene ci sono maggiori probabilit\u00e0 di trovare una strada di risoluzione. La societ\u00e0 \u00e8 composta di persone e, quindi, alla fine \u00e8 semplice tirare le somme: la famiglia sana produce persone sane e le persone sane contribuiscono a mantenere la societ\u00e0 coesa, viva. Quindi la salute della societ\u00e0 \u00e8 strettamente legata al benessere della famiglia. Chi vuole migliorare la societ\u00e0 deve per forza ripartire della famiglia fondata sul matrimonio.<\/p>\n<p style=\"text-align: justify;\"><strong><a href=\"https:\/\/www.rassegnastampa-totustuus.it\/cattolica\/wp-content\/uploads\/2009\/03\/famiglia-1.jpg\"><img loading=\"lazy\" decoding=\"async\" class=\"wp-image-35922 alignleft\" src=\"https:\/\/www.rassegnastampa-totustuus.it\/cattolica\/wp-content\/uploads\/2009\/03\/famiglia-1.jpg\" alt=\"\" width=\"250\" height=\"157\" \/><\/a>D. Nel libro Lei ha conia un\u2019espressione geniale: &#8220;<em>Il patrimonio \u00e8 la tomba dell\u2019amore<\/em>&#8220;. Come mai?<\/strong><\/p>\n<p style=\"text-align: justify;\">Beh, ovviamente \u00e8 un gioco di parole che parte della falsa frase comune: &#8216;Il matrimonio \u00e8 la tomba dell&#8217;amore&#8217;. Direi subito che quest\u2019ultima \u00e8 proprio una \u201c<em>fake news<\/em>\u201d. Per\u00f2 \u00e8 una convenzione fatta propria da molti. In realt\u00e0 il matrimonio \u00e8 la realizzazione definitiva dell&#8217;amore quando questo \u00e8 vissuto in una piena consapevolezza del dono di s\u00e9. Invece, se \u00e8 il patrimonio inteso come desiderio di conquistare una sicurezza economica a guidare la decisione di sposarsi, allora in questo caso \u00e8 votato al sicuro fallimento. Ricordiamoci che i nostri nonni di fatto erano molto pi\u00f9 poveri di noi, per\u00f2 questo non li ha trattenuti dallo sposarsi n\u00e9 da fare tanti figli e vivere pienamente l&#8217;epoca del boom economico. Insomma, ci vuole anche del coraggio per essere felici.<\/p>\n<p style=\"text-align: justify;\"><strong>D. Ci pu\u00f2 sfatare anche dal punto di vista psicologico i luoghi comuni relativi alla convivenza, tipo &#8220;<em>Tanto che differenza fa?<\/em>&#8220;, &#8220;<em>Ci vogliamo bene lo stesso<\/em>&#8220;, etc.?<\/strong><\/p>\n<p style=\"text-align: justify;\">Certo! Io penso che la convivenza sia una scelta dettata per molti dalla sfiducia e dal facile compromesso. Oggi viviamo nell&#8217;epoca del rifiuto delle scelte definitive. Siamo come \u201cparcheggiati\u201d nel provvisorio e nelle mezze misure ed \u00e8 in questo contesto che prospera la convivenza. \u00c8 perfetta per accontentare le persone del nostro tempo che vogliono giocare al marito o alla moglie ma lasciando aperto uno spiraglio aperto\u2026 La convivenza sembra un matrimonio ma non lo \u00e8 affatto.\u00a0Manca la parte essenziale dell&#8217;impegno pubblico e definitivo. L&#8217;uomo e la donna sono fatti per le scelte definitive e non certo per stare l\u00ec a galleggiare a mezz&#8217;acqua. Se personalmente dico di amare una donna devo dimostrarlo con una scelta totale perch\u00e9 l&#8217;amore \u00e8 intrinsecamente totale e totalizzante.<\/p>\n<p style=\"text-align: justify;\"><strong><a href=\"https:\/\/www.rassegnastampa-totustuus.it\/cattolica\/wp-content\/uploads\/2005\/07\/educare.jpg\"><img loading=\"lazy\" decoding=\"async\" class=\"wp-image-35975 alignright\" src=\"https:\/\/www.rassegnastampa-totustuus.it\/cattolica\/wp-content\/uploads\/2005\/07\/educare.jpg\" alt=\"\" width=\"234\" height=\"200\" \/><\/a>D. Educare \u2013 ha scritto \u2013 \u00e8 &#8220;<em>l\u2019arte profonda e raffinata di insegnare a distinguere<\/em>&#8220;. Nell\u2019attuale societ\u00e0 relativista e buonista, pensa sia un\u2019arte ancora praticabile?<\/strong><\/p>\n<p style=\"text-align: justify;\">Direi di s\u00ec, perch\u00e9 anche i relativisti devono scegliere.\u00a0Il problema \u00e8 che loro non hanno dei criteri validi per scegliere bene. Ma tutti noi siamo chiamati a decidere migliaia di volte ogni giorno e dobbiamo scegliere se queste decisioni sono fatte bene cos\u00ec da dare alla nostra vita la sua piena realizzazione. In caso contrario purtroppo andiamo verso un fallimento personale. Ecco perch\u00e9 l&#8217;arte di scegliere esprime proprio la pienezza del nostro essere liberi e, quindi, \u00e8 l\u2019insegnare a scegliere bene che guida poi a distinguere. Questo \u00e8 il cuore dell&#8217;educazione.\u00a0Non possiamo farne a meno. E, per quanto riguarda il buonismo che, ricordiamolo, \u00e8 come la patologia della bont\u00e0, esso si traduce in un atteggiamento che non rende pi\u00f9 possibile distinguere il bene dal male. Il buonismo porta a leggere tutte le categorie della bont\u00e0 in maniera zuccherosa e melensa. In questo senso \u00e8 chiaro quindi che porta a perdere ogni capacit\u00e0 di scelta e, alla fine, la libert\u00e0.<\/p>\n<p>&nbsp;<\/p>\n","protected":false},"excerpt":{"rendered":"<p>da In Terris 30 dicembre 2018 Lo psicologo Silvio Rossi: &#8220;Sono la base di una societ\u00e0 sana&#8221; di Giuseppe Brienza<\/p><p><a class=\"more-link btn\" href=\"https:\/\/www.rassegnastampa-totustuus.it\/cattolica\/piu-famiglie-piu-liberta\/\">Continua a leggere<\/a><\/p>\n","protected":false},"author":6,"featured_media":41887,"comment_status":"closed","ping_status":"closed","sticky":false,"template":"","format":"standard","meta":{"footnotes":""},"categories":[15],"tags":[234,156,1075],"class_list":["post-41886","post","type-post","status-publish","format-standard","has-post-thumbnail","hentry","category-famiglia","tag-educazione","tag-famiglia-2","tag-figli","item-wrap"],"yoast_head":"<!-- This site is optimized with the Yoast SEO plugin v27.5 - https:\/\/yoast.com\/product\/yoast-seo-wordpress\/ -->\n<title>Pi\u00f9 famiglie, pi\u00f9 libert\u00e0 - Rassegna Stampa Cattolica<\/title>\n<meta name=\"description\" content=\"Rassegna Stampa Cattolica - Per una cultura che nasce dalla Rivelazione cristiana in conformit\u00e0 alla tradizione e al Magistero della Chiesa in opposizione ad ogni relativismo e totalitarismo\" \/>\n<meta name=\"robots\" content=\"index, follow, max-snippet:-1, max-image-preview:large, max-video-preview:-1\" \/>\n<link rel=\"canonical\" href=\"https:\/\/www.rassegnastampa-totustuus.it\/cattolica\/piu-famiglie-piu-liberta\/\" \/>\n<meta property=\"og:locale\" content=\"it_IT\" \/>\n<meta property=\"og:type\" content=\"article\" \/>\n<meta property=\"og:title\" content=\"Pi\u00f9 famiglie, pi\u00f9 libert\u00e0 - Rassegna Stampa Cattolica\" \/>\n<meta property=\"og:description\" content=\"Rassegna Stampa Cattolica - Per una cultura che nasce dalla Rivelazione cristiana in conformit\u00e0 alla tradizione e al Magistero della Chiesa in opposizione ad ogni relativismo e totalitarismo\" \/>\n<meta property=\"og:url\" content=\"https:\/\/www.rassegnastampa-totustuus.it\/cattolica\/piu-famiglie-piu-liberta\/\" \/>\n<meta property=\"og:site_name\" content=\"Rassegna Stampa Cattolica\" \/>\n<meta property=\"article:publisher\" content=\"https:\/\/www.facebook.com\/rassegnastampacattolica\" \/>\n<meta property=\"article:published_time\" content=\"2019-01-16T23:00:44+00:00\" \/>\n<meta property=\"article:modified_time\" content=\"2019-01-17T08:27:11+00:00\" \/>\n<meta property=\"og:image\" content=\"https:\/\/www.rassegnastampa-totustuus.it\/cattolica\/wp-content\/uploads\/2019\/01\/Silvio-Rossi.jpg\" \/>\n\t<meta property=\"og:image:width\" content=\"275\" \/>\n\t<meta property=\"og:image:height\" content=\"183\" \/>\n\t<meta property=\"og:image:type\" content=\"image\/jpeg\" \/>\n<meta name=\"author\" content=\"Redazione\" \/>\n<meta name=\"twitter:card\" content=\"summary_large_image\" \/>\n<meta name=\"twitter:creator\" content=\"@rassegnastampa9\" \/>\n<meta name=\"twitter:site\" content=\"@rassegnastampa9\" \/>\n<meta name=\"twitter:label1\" content=\"Scritto da\" \/>\n\t<meta name=\"twitter:data1\" content=\"Redazione\" \/>\n\t<meta name=\"twitter:label2\" content=\"Tempo di lettura stimato\" \/>\n\t<meta name=\"twitter:data2\" content=\"7 minuti\" \/>\n<script type=\"application\/ld+json\" class=\"yoast-schema-graph\">{\"@context\":\"https:\\\/\\\/schema.org\",\"@graph\":[{\"@type\":\"Article\",\"@id\":\"https:\\\/\\\/www.rassegnastampa-totustuus.it\\\/cattolica\\\/piu-famiglie-piu-liberta\\\/#article\",\"isPartOf\":{\"@id\":\"https:\\\/\\\/www.rassegnastampa-totustuus.it\\\/cattolica\\\/piu-famiglie-piu-liberta\\\/\"},\"author\":{\"name\":\"Redazione\",\"@id\":\"https:\\\/\\\/www.rassegnastampa-totustuus.it\\\/cattolica\\\/#\\\/schema\\\/person\\\/08f319d2bd1a0904ad9e2bfb7b15e5c3\"},\"headline\":\"Pi\u00f9 famiglie, pi\u00f9 libert\u00e0\",\"datePublished\":\"2019-01-16T23:00:44+00:00\",\"dateModified\":\"2019-01-17T08:27:11+00:00\",\"mainEntityOfPage\":{\"@id\":\"https:\\\/\\\/www.rassegnastampa-totustuus.it\\\/cattolica\\\/piu-famiglie-piu-liberta\\\/\"},\"wordCount\":1369,\"publisher\":{\"@id\":\"https:\\\/\\\/www.rassegnastampa-totustuus.it\\\/cattolica\\\/#organization\"},\"image\":{\"@id\":\"https:\\\/\\\/www.rassegnastampa-totustuus.it\\\/cattolica\\\/piu-famiglie-piu-liberta\\\/#primaryimage\"},\"thumbnailUrl\":\"https:\\\/\\\/www.rassegnastampa-totustuus.it\\\/cattolica\\\/wp-content\\\/uploads\\\/2019\\\/01\\\/Silvio-Rossi.jpg\",\"keywords\":[\"educazione\",\"famiglia\",\"figli\"],\"articleSection\":[\"Famiglia\"],\"inLanguage\":\"it-IT\"},{\"@type\":\"WebPage\",\"@id\":\"https:\\\/\\\/www.rassegnastampa-totustuus.it\\\/cattolica\\\/piu-famiglie-piu-liberta\\\/\",\"url\":\"https:\\\/\\\/www.rassegnastampa-totustuus.it\\\/cattolica\\\/piu-famiglie-piu-liberta\\\/\",\"name\":\"Pi\u00f9 famiglie, pi\u00f9 libert\u00e0 - Rassegna Stampa Cattolica\",\"isPartOf\":{\"@id\":\"https:\\\/\\\/www.rassegnastampa-totustuus.it\\\/cattolica\\\/#website\"},\"primaryImageOfPage\":{\"@id\":\"https:\\\/\\\/www.rassegnastampa-totustuus.it\\\/cattolica\\\/piu-famiglie-piu-liberta\\\/#primaryimage\"},\"image\":{\"@id\":\"https:\\\/\\\/www.rassegnastampa-totustuus.it\\\/cattolica\\\/piu-famiglie-piu-liberta\\\/#primaryimage\"},\"thumbnailUrl\":\"https:\\\/\\\/www.rassegnastampa-totustuus.it\\\/cattolica\\\/wp-content\\\/uploads\\\/2019\\\/01\\\/Silvio-Rossi.jpg\",\"datePublished\":\"2019-01-16T23:00:44+00:00\",\"dateModified\":\"2019-01-17T08:27:11+00:00\",\"description\":\"Rassegna Stampa Cattolica - Per una cultura che nasce dalla Rivelazione cristiana in conformit\u00e0 alla tradizione e al Magistero della Chiesa in opposizione ad ogni relativismo e totalitarismo\",\"breadcrumb\":{\"@id\":\"https:\\\/\\\/www.rassegnastampa-totustuus.it\\\/cattolica\\\/piu-famiglie-piu-liberta\\\/#breadcrumb\"},\"inLanguage\":\"it-IT\",\"potentialAction\":[{\"@type\":\"ReadAction\",\"target\":[\"https:\\\/\\\/www.rassegnastampa-totustuus.it\\\/cattolica\\\/piu-famiglie-piu-liberta\\\/\"]}]},{\"@type\":\"ImageObject\",\"inLanguage\":\"it-IT\",\"@id\":\"https:\\\/\\\/www.rassegnastampa-totustuus.it\\\/cattolica\\\/piu-famiglie-piu-liberta\\\/#primaryimage\",\"url\":\"https:\\\/\\\/www.rassegnastampa-totustuus.it\\\/cattolica\\\/wp-content\\\/uploads\\\/2019\\\/01\\\/Silvio-Rossi.jpg\",\"contentUrl\":\"https:\\\/\\\/www.rassegnastampa-totustuus.it\\\/cattolica\\\/wp-content\\\/uploads\\\/2019\\\/01\\\/Silvio-Rossi.jpg\",\"width\":275,\"height\":183},{\"@type\":\"BreadcrumbList\",\"@id\":\"https:\\\/\\\/www.rassegnastampa-totustuus.it\\\/cattolica\\\/piu-famiglie-piu-liberta\\\/#breadcrumb\",\"itemListElement\":[{\"@type\":\"ListItem\",\"position\":1,\"name\":\"Home\",\"item\":\"https:\\\/\\\/www.rassegnastampa-totustuus.it\\\/cattolica\\\/\"},{\"@type\":\"ListItem\",\"position\":2,\"name\":\"Pi\u00f9 famiglie, pi\u00f9 libert\u00e0\"}]},{\"@type\":\"WebSite\",\"@id\":\"https:\\\/\\\/www.rassegnastampa-totustuus.it\\\/cattolica\\\/#website\",\"url\":\"https:\\\/\\\/www.rassegnastampa-totustuus.it\\\/cattolica\\\/\",\"name\":\"Rassegna Stampa Cattolica\",\"description\":\"Per una cultura che nasce dalla Rivelazione cristiana in conformit\u00e0 alla tradizione e al Magistero della Chiesa in opposizione ad ogni relativismo e totalitarismo\",\"publisher\":{\"@id\":\"https:\\\/\\\/www.rassegnastampa-totustuus.it\\\/cattolica\\\/#organization\"},\"alternateName\":\"Rass. Cattolica\",\"potentialAction\":[{\"@type\":\"SearchAction\",\"target\":{\"@type\":\"EntryPoint\",\"urlTemplate\":\"https:\\\/\\\/www.rassegnastampa-totustuus.it\\\/cattolica\\\/?s={search_term_string}\"},\"query-input\":{\"@type\":\"PropertyValueSpecification\",\"valueRequired\":true,\"valueName\":\"search_term_string\"}}],\"inLanguage\":\"it-IT\"},{\"@type\":\"Organization\",\"@id\":\"https:\\\/\\\/www.rassegnastampa-totustuus.it\\\/cattolica\\\/#organization\",\"name\":\"Rassegna Stampa Cattolica\",\"url\":\"https:\\\/\\\/www.rassegnastampa-totustuus.it\\\/cattolica\\\/\",\"logo\":{\"@type\":\"ImageObject\",\"inLanguage\":\"it-IT\",\"@id\":\"https:\\\/\\\/www.rassegnastampa-totustuus.it\\\/cattolica\\\/#\\\/schema\\\/logo\\\/image\\\/\",\"url\":\"https:\\\/\\\/www.rassegnastampa-totustuus.it\\\/cattolica\\\/wp-content\\\/uploads\\\/2014\\\/04\\\/logo-rassegna1.gif\",\"contentUrl\":\"https:\\\/\\\/www.rassegnastampa-totustuus.it\\\/cattolica\\\/wp-content\\\/uploads\\\/2014\\\/04\\\/logo-rassegna1.gif\",\"width\":600,\"height\":163,\"caption\":\"Rassegna Stampa Cattolica\"},\"image\":{\"@id\":\"https:\\\/\\\/www.rassegnastampa-totustuus.it\\\/cattolica\\\/#\\\/schema\\\/logo\\\/image\\\/\"},\"sameAs\":[\"https:\\\/\\\/www.facebook.com\\\/rassegnastampacattolica\",\"https:\\\/\\\/x.com\\\/rassegnastampa9\"]},{\"@type\":\"Person\",\"@id\":\"https:\\\/\\\/www.rassegnastampa-totustuus.it\\\/cattolica\\\/#\\\/schema\\\/person\\\/08f319d2bd1a0904ad9e2bfb7b15e5c3\",\"name\":\"Redazione\",\"image\":{\"@type\":\"ImageObject\",\"inLanguage\":\"it-IT\",\"@id\":\"https:\\\/\\\/secure.gravatar.com\\\/avatar\\\/2fcdf27c78ea025fbdb44e914cc63c72249ffec9dc8aafd5c82b26240ef3f346?s=96&d=mm&r=g\",\"url\":\"https:\\\/\\\/secure.gravatar.com\\\/avatar\\\/2fcdf27c78ea025fbdb44e914cc63c72249ffec9dc8aafd5c82b26240ef3f346?s=96&d=mm&r=g\",\"contentUrl\":\"https:\\\/\\\/secure.gravatar.com\\\/avatar\\\/2fcdf27c78ea025fbdb44e914cc63c72249ffec9dc8aafd5c82b26240ef3f346?s=96&d=mm&r=g\",\"caption\":\"Redazione\"},\"url\":\"https:\\\/\\\/www.rassegnastampa-totustuus.it\\\/cattolica\\\/author\\\/pietroelle\\\/\"}]}<\/script>\n<!-- \/ Yoast SEO plugin. -->","yoast_head_json":{"title":"Pi\u00f9 famiglie, pi\u00f9 libert\u00e0 - Rassegna Stampa Cattolica","description":"Rassegna Stampa Cattolica - Per una cultura che nasce dalla Rivelazione cristiana in conformit\u00e0 alla tradizione e al Magistero della Chiesa in opposizione ad ogni relativismo e totalitarismo","robots":{"index":"index","follow":"follow","max-snippet":"max-snippet:-1","max-image-preview":"max-image-preview:large","max-video-preview":"max-video-preview:-1"},"canonical":"https:\/\/www.rassegnastampa-totustuus.it\/cattolica\/piu-famiglie-piu-liberta\/","og_locale":"it_IT","og_type":"article","og_title":"Pi\u00f9 famiglie, pi\u00f9 libert\u00e0 - Rassegna Stampa Cattolica","og_description":"Rassegna Stampa Cattolica - Per una cultura che nasce dalla Rivelazione cristiana in conformit\u00e0 alla tradizione e al Magistero della Chiesa in opposizione ad ogni relativismo e totalitarismo","og_url":"https:\/\/www.rassegnastampa-totustuus.it\/cattolica\/piu-famiglie-piu-liberta\/","og_site_name":"Rassegna Stampa Cattolica","article_publisher":"https:\/\/www.facebook.com\/rassegnastampacattolica","article_published_time":"2019-01-16T23:00:44+00:00","article_modified_time":"2019-01-17T08:27:11+00:00","og_image":[{"width":275,"height":183,"url":"https:\/\/www.rassegnastampa-totustuus.it\/cattolica\/wp-content\/uploads\/2019\/01\/Silvio-Rossi.jpg","type":"image\/jpeg"}],"author":"Redazione","twitter_card":"summary_large_image","twitter_creator":"@rassegnastampa9","twitter_site":"@rassegnastampa9","twitter_misc":{"Scritto da":"Redazione","Tempo di lettura stimato":"7 minuti"},"schema":{"@context":"https:\/\/schema.org","@graph":[{"@type":"Article","@id":"https:\/\/www.rassegnastampa-totustuus.it\/cattolica\/piu-famiglie-piu-liberta\/#article","isPartOf":{"@id":"https:\/\/www.rassegnastampa-totustuus.it\/cattolica\/piu-famiglie-piu-liberta\/"},"author":{"name":"Redazione","@id":"https:\/\/www.rassegnastampa-totustuus.it\/cattolica\/#\/schema\/person\/08f319d2bd1a0904ad9e2bfb7b15e5c3"},"headline":"Pi\u00f9 famiglie, pi\u00f9 libert\u00e0","datePublished":"2019-01-16T23:00:44+00:00","dateModified":"2019-01-17T08:27:11+00:00","mainEntityOfPage":{"@id":"https:\/\/www.rassegnastampa-totustuus.it\/cattolica\/piu-famiglie-piu-liberta\/"},"wordCount":1369,"publisher":{"@id":"https:\/\/www.rassegnastampa-totustuus.it\/cattolica\/#organization"},"image":{"@id":"https:\/\/www.rassegnastampa-totustuus.it\/cattolica\/piu-famiglie-piu-liberta\/#primaryimage"},"thumbnailUrl":"https:\/\/www.rassegnastampa-totustuus.it\/cattolica\/wp-content\/uploads\/2019\/01\/Silvio-Rossi.jpg","keywords":["educazione","famiglia","figli"],"articleSection":["Famiglia"],"inLanguage":"it-IT"},{"@type":"WebPage","@id":"https:\/\/www.rassegnastampa-totustuus.it\/cattolica\/piu-famiglie-piu-liberta\/","url":"https:\/\/www.rassegnastampa-totustuus.it\/cattolica\/piu-famiglie-piu-liberta\/","name":"Pi\u00f9 famiglie, pi\u00f9 libert\u00e0 - Rassegna Stampa Cattolica","isPartOf":{"@id":"https:\/\/www.rassegnastampa-totustuus.it\/cattolica\/#website"},"primaryImageOfPage":{"@id":"https:\/\/www.rassegnastampa-totustuus.it\/cattolica\/piu-famiglie-piu-liberta\/#primaryimage"},"image":{"@id":"https:\/\/www.rassegnastampa-totustuus.it\/cattolica\/piu-famiglie-piu-liberta\/#primaryimage"},"thumbnailUrl":"https:\/\/www.rassegnastampa-totustuus.it\/cattolica\/wp-content\/uploads\/2019\/01\/Silvio-Rossi.jpg","datePublished":"2019-01-16T23:00:44+00:00","dateModified":"2019-01-17T08:27:11+00:00","description":"Rassegna Stampa Cattolica - Per una cultura che nasce dalla Rivelazione cristiana in conformit\u00e0 alla tradizione e al Magistero della Chiesa in opposizione ad ogni relativismo e totalitarismo","breadcrumb":{"@id":"https:\/\/www.rassegnastampa-totustuus.it\/cattolica\/piu-famiglie-piu-liberta\/#breadcrumb"},"inLanguage":"it-IT","potentialAction":[{"@type":"ReadAction","target":["https:\/\/www.rassegnastampa-totustuus.it\/cattolica\/piu-famiglie-piu-liberta\/"]}]},{"@type":"ImageObject","inLanguage":"it-IT","@id":"https:\/\/www.rassegnastampa-totustuus.it\/cattolica\/piu-famiglie-piu-liberta\/#primaryimage","url":"https:\/\/www.rassegnastampa-totustuus.it\/cattolica\/wp-content\/uploads\/2019\/01\/Silvio-Rossi.jpg","contentUrl":"https:\/\/www.rassegnastampa-totustuus.it\/cattolica\/wp-content\/uploads\/2019\/01\/Silvio-Rossi.jpg","width":275,"height":183},{"@type":"BreadcrumbList","@id":"https:\/\/www.rassegnastampa-totustuus.it\/cattolica\/piu-famiglie-piu-liberta\/#breadcrumb","itemListElement":[{"@type":"ListItem","position":1,"name":"Home","item":"https:\/\/www.rassegnastampa-totustuus.it\/cattolica\/"},{"@type":"ListItem","position":2,"name":"Pi\u00f9 famiglie, pi\u00f9 libert\u00e0"}]},{"@type":"WebSite","@id":"https:\/\/www.rassegnastampa-totustuus.it\/cattolica\/#website","url":"https:\/\/www.rassegnastampa-totustuus.it\/cattolica\/","name":"Rassegna Stampa Cattolica","description":"Per una cultura che nasce dalla Rivelazione cristiana in conformit\u00e0 alla tradizione e al Magistero della Chiesa in opposizione ad ogni relativismo e totalitarismo","publisher":{"@id":"https:\/\/www.rassegnastampa-totustuus.it\/cattolica\/#organization"},"alternateName":"Rass. Cattolica","potentialAction":[{"@type":"SearchAction","target":{"@type":"EntryPoint","urlTemplate":"https:\/\/www.rassegnastampa-totustuus.it\/cattolica\/?s={search_term_string}"},"query-input":{"@type":"PropertyValueSpecification","valueRequired":true,"valueName":"search_term_string"}}],"inLanguage":"it-IT"},{"@type":"Organization","@id":"https:\/\/www.rassegnastampa-totustuus.it\/cattolica\/#organization","name":"Rassegna Stampa Cattolica","url":"https:\/\/www.rassegnastampa-totustuus.it\/cattolica\/","logo":{"@type":"ImageObject","inLanguage":"it-IT","@id":"https:\/\/www.rassegnastampa-totustuus.it\/cattolica\/#\/schema\/logo\/image\/","url":"https:\/\/www.rassegnastampa-totustuus.it\/cattolica\/wp-content\/uploads\/2014\/04\/logo-rassegna1.gif","contentUrl":"https:\/\/www.rassegnastampa-totustuus.it\/cattolica\/wp-content\/uploads\/2014\/04\/logo-rassegna1.gif","width":600,"height":163,"caption":"Rassegna Stampa Cattolica"},"image":{"@id":"https:\/\/www.rassegnastampa-totustuus.it\/cattolica\/#\/schema\/logo\/image\/"},"sameAs":["https:\/\/www.facebook.com\/rassegnastampacattolica","https:\/\/x.com\/rassegnastampa9"]},{"@type":"Person","@id":"https:\/\/www.rassegnastampa-totustuus.it\/cattolica\/#\/schema\/person\/08f319d2bd1a0904ad9e2bfb7b15e5c3","name":"Redazione","image":{"@type":"ImageObject","inLanguage":"it-IT","@id":"https:\/\/secure.gravatar.com\/avatar\/2fcdf27c78ea025fbdb44e914cc63c72249ffec9dc8aafd5c82b26240ef3f346?s=96&d=mm&r=g","url":"https:\/\/secure.gravatar.com\/avatar\/2fcdf27c78ea025fbdb44e914cc63c72249ffec9dc8aafd5c82b26240ef3f346?s=96&d=mm&r=g","contentUrl":"https:\/\/secure.gravatar.com\/avatar\/2fcdf27c78ea025fbdb44e914cc63c72249ffec9dc8aafd5c82b26240ef3f346?s=96&d=mm&r=g","caption":"Redazione"},"url":"https:\/\/www.rassegnastampa-totustuus.it\/cattolica\/author\/pietroelle\/"}]}},"_links":{"self":[{"href":"https:\/\/www.rassegnastampa-totustuus.it\/cattolica\/wp-json\/wp\/v2\/posts\/41886","targetHints":{"allow":["GET"]}}],"collection":[{"href":"https:\/\/www.rassegnastampa-totustuus.it\/cattolica\/wp-json\/wp\/v2\/posts"}],"about":[{"href":"https:\/\/www.rassegnastampa-totustuus.it\/cattolica\/wp-json\/wp\/v2\/types\/post"}],"author":[{"embeddable":true,"href":"https:\/\/www.rassegnastampa-totustuus.it\/cattolica\/wp-json\/wp\/v2\/users\/6"}],"replies":[{"embeddable":true,"href":"https:\/\/www.rassegnastampa-totustuus.it\/cattolica\/wp-json\/wp\/v2\/comments?post=41886"}],"version-history":[{"count":2,"href":"https:\/\/www.rassegnastampa-totustuus.it\/cattolica\/wp-json\/wp\/v2\/posts\/41886\/revisions"}],"predecessor-version":[{"id":41947,"href":"https:\/\/www.rassegnastampa-totustuus.it\/cattolica\/wp-json\/wp\/v2\/posts\/41886\/revisions\/41947"}],"wp:featuredmedia":[{"embeddable":true,"href":"https:\/\/www.rassegnastampa-totustuus.it\/cattolica\/wp-json\/wp\/v2\/media\/41887"}],"wp:attachment":[{"href":"https:\/\/www.rassegnastampa-totustuus.it\/cattolica\/wp-json\/wp\/v2\/media?parent=41886"}],"wp:term":[{"taxonomy":"category","embeddable":true,"href":"https:\/\/www.rassegnastampa-totustuus.it\/cattolica\/wp-json\/wp\/v2\/categories?post=41886"},{"taxonomy":"post_tag","embeddable":true,"href":"https:\/\/www.rassegnastampa-totustuus.it\/cattolica\/wp-json\/wp\/v2\/tags?post=41886"}],"curies":[{"name":"wp","href":"https:\/\/api.w.org\/{rel}","templated":true}]}}