{"id":41877,"date":"2019-01-10T00:02:14","date_gmt":"2019-01-09T23:02:14","guid":{"rendered":"http:\/\/www.rassegnastampa-totustuus.it\/cattolica\/?p=41877"},"modified":"2019-01-10T08:31:25","modified_gmt":"2019-01-10T07:31:25","slug":"in-ginocchio-da-te-la-virtu-dellumilta","status":"publish","type":"post","link":"https:\/\/www.rassegnastampa-totustuus.it\/cattolica\/in-ginocchio-da-te-la-virtu-dellumilta\/","title":{"rendered":"In ginocchio da Te, la virt\u00f9 dell&#8217;umilt\u00e0"},"content":{"rendered":"<p style=\"text-align: center;\"><strong><a href=\"https:\/\/www.rassegnastampa-totustuus.it\/cattolica\/wp-content\/uploads\/2018\/12\/adorazione.jpg\"><img loading=\"lazy\" decoding=\"async\" class=\"wp-image-41878 alignleft\" src=\"https:\/\/www.rassegnastampa-totustuus.it\/cattolica\/wp-content\/uploads\/2018\/12\/adorazione-300x219.jpg\" alt=\"\" width=\"250\" height=\"183\" srcset=\"https:\/\/www.rassegnastampa-totustuus.it\/cattolica\/wp-content\/uploads\/2018\/12\/adorazione-300x219.jpg 300w, https:\/\/www.rassegnastampa-totustuus.it\/cattolica\/wp-content\/uploads\/2018\/12\/adorazione.jpg 690w\" sizes=\"auto, (max-width: 250px) 100vw, 250px\" \/><\/a>La <a href=\"http:\/\/www.lanuovabq.it\/it\/\" target=\"_blank\" rel=\"noopener\">Nuova Bussola quotidiana<\/a> <\/strong><\/p>\n<p style=\"text-align: center;\">20 dicembre 2018<\/p>\n<p style=\"text-align: justify;\"><strong>\u00a0<\/strong><em>L\u2019umilt\u00e0 \u00e8 come la carta d\u2019identit\u00e0 del cattolico, specie quello che vuole riferirsi ad una spiritualit\u00e0 vicina al monachesimo, all\u2019ideale del cavaliere cristiano. Inginocchiarsi esprime la voglia di tornare a Dio per mostrare che \u201cl\u2019altro\u201d non \u00e8 nulla per noi e che riconosciamo le nostre colpe ed \u00e8 la porta che conduce all&#8217;umilt\u00e0.<\/em><\/p>\n<p style=\"text-align: center;\">di <strong>Aurelio Porfiri<\/strong><\/p>\n<p><!--more--><\/p>\n<p style=\"text-align: justify;\">L\u2019umilt\u00e0 \u00e8 come la carta d\u2019identit\u00e0 del cattolico, specie quello che vuole riferirsi ad una spiritualit\u00e0 vicina al monachesimo, all\u2019ideale del cavaliere cristiano. Meister Eckhart diceva: \u201cDio opera maggiormente in un cuore umile, perch\u00e9 \u00e8 l\u00e0 che trova la maggiore possibilit\u00e0 di operare, trovandovi la maggiore somiglianza con se stesso\u201c.<\/p>\n<p style=\"text-align: justify;\">Certo, dobbiamo anche esser attenti a riconoscere che l\u2019umilt\u00e0 pu\u00f2 avere il suo lato negativo, pu\u00f2 divenire in alcuni \u201csuperbia dell\u2019umilt\u00e0\u201d, il voler ostentare umilt\u00e0 per esaltarsi agli occhi degl\u2019altri, un pericolo che il caustico giornalista Roberto Gervaso cos\u00ec descrive: \u201cDi tutte le forme d&#8217;orgoglio l&#8217;umilt\u00e0 \u00e8 la pi\u00f9 calcolatrice\u201d. O Romano Battaglia: \u201cL&#8217;umilt\u00e0 \u00e8 la prerogativa di coloro che conoscono i propri limiti&#8230; e li amano\u201d. Fran\u00e7ois de la Rochefoucauld infine osservava: \u201cL&#8217;umilt\u00e0 spesso non \u00e8 che una finta sottomissione, di cui ci si serve per sottomettere gli altri; \u00e8 un artificio dell&#8217;orgoglio che si abbassa per esaltarsi; e bench\u00e9 si trasformi sotto mille spoglie, non \u00e8 mai meglio camuffato e pi\u00f9 ingannevole di quando si nasconde sotto la maschera dell&#8217;umilt\u00e0\u201d.<\/p>\n<p style=\"text-align: justify;\"><strong><a href=\"https:\/\/www.rassegnastampa-totustuus.it\/cattolica\/wp-content\/uploads\/2005\/01\/messa_clandestina.jpg\"><img loading=\"lazy\" decoding=\"async\" class=\"wp-image-33663 alignright\" src=\"https:\/\/www.rassegnastampa-totustuus.it\/cattolica\/wp-content\/uploads\/2005\/01\/messa_clandestina.jpg\" alt=\"\" width=\"250\" height=\"187\" \/><\/a>Plinio Corr\u00eaa de Oliveira ci ha insegnato l\u2019importanza della contemplazione sacrale<\/strong> <strong>sulle cose del mondo<\/strong>, cio\u00e8 l\u2019avere uno sguardo sempre capace di leggere tutto nella prospettiva soprannaturale. Si pu\u00f2 applicarlo pensando ad una canzone di Gianni Morandi di molti decenni fa, <em>In ginocchio da te<\/em>. I primi versi dicono: \u201cRitorner\u00f2 in ginocchio da te, l\u2019altra non \u00e8 niente per me, ora lo so, ho sbagliato con te, ritorner\u00f2 in ginocchio da te\u201d. A parte il riferimento a \u201cl\u2019altra\u201d, sono molto pi\u00f9 spirituali questi versi che quelli di molti canti liturgici nelle nostre chiese.<\/p>\n<p style=\"text-align: justify;\">Il nostro continuo ritorno a Dio, non pu\u00f2 che essere in ginocchio. L\u2019atto dell\u2019inginocchiarsi, nella liturgia e nella preghiera privata, \u00e8 proprio un segno fondamentale del proprio desiderio di creatura di mostrare sottomissione al Creatore, il desiderio di farsi nulla per far sorgere il tutto. Questa voglia di tornare a Dio per mostrare che \u201cl\u2019altro\u201d non \u00e8 nulla per noi e che riconosciamo le nostre colpe \u00e8 la porta che ci conduce all\u2019umilt\u00e0. Solo chi si tiene in questo stato riesce a vedere quello che la superbia tiene fatalmente nascosto. E si deve mantenere questo stato di umilt\u00e0 specialmente se si \u00e8 consapevoli di trovarsi in stato di peccato anche grave.<\/p>\n<p style=\"text-align: justify;\">San Giovanni Paolo II ben diceva quando affermava: \u201cIl Signore tanto ama l&#8217;umilt\u00e0 che, a volte, permette dei peccati gravi. Perch\u00e9? Perch\u00e9 quelli che li hanno commessi, questi peccati, dopo, pentiti, restino umili\u201d. Non sarebbe bello se fossimo capaci di trasformare i nostri peccati, o meglio la meditazione sugli stessi, come un mezzo di elevazione spirituale?<\/p>\n<p style=\"text-align: justify;\"><strong><a href=\"https:\/\/www.rassegnastampa-totustuus.it\/cattolica\/wp-content\/uploads\/2010\/09\/comunione_lingua.jpg\"><img loading=\"lazy\" decoding=\"async\" class=\"wp-image-21381 alignleft\" src=\"https:\/\/www.rassegnastampa-totustuus.it\/cattolica\/wp-content\/uploads\/2010\/09\/comunione_lingua.jpg\" alt=\"\" width=\"250\" height=\"166\" \/><\/a>Il domenicano Marie-Dominique Philippe poteva dire<\/strong>: \u201cL&#8217;umilt\u00e0, quando diventa una virt\u00f9 divina, fa tabula rasa: non si accontenta pi\u00f9 di vincere l&#8217;orgoglio, di appiattirne gli eccessi; scava l&#8217;abisso della piccolezza, perch\u00e9 l&#8217;Amore di Dio possa riempirlo della sua presenza, per attirare questo amore con maggiore violenza ed audacia\u201d. Ecco, l\u2019umilt\u00e0 ci svuota di ci\u00f2 di cui siamo pieni per riempirci di ci\u00f2 di cui siamo vuoti, diremmo con Sant\u2019Agostino. Per questo bisogna tornare a inginocchiarsi pi\u00f9 spesso. E invece si vada in chiesa ad osservare e si nota come molta gente preferisce stare in piedi, in momenti in cui ci si dovrebbe inginocchiare davanti la Maest\u00e0 di Dio.<\/p>\n<p style=\"text-align: justify;\">Solo chi riconosce la Sua Signoria sar\u00e0 poi capace di non inginocchiarsi davanti agli uomini. Invece si vedono persone prostrate davanti agli uomini per convenienza e che facevano volentieri a meno di mostrare questa adorazione verso Dio. Lo scrittore francese Jean Guitton affermava: \u201cCredere in Dio significa credere in un essere inintelligibile, ma di cui si conosce la capacit\u00e0 di ascolto. Ecco cosa significa inginocchiarsi\u201d.<\/p>\n<p style=\"text-align: justify;\">Quando si \u00e8 in grado di scavare dentro se stessi si \u00e8 anche in grado di aprire uno spazio in cui un dialogo vero pu\u00f2 prendere corpo. F\u00ebdor Dostoevskij poteva affermare: \u201cVivere senza Dio \u00e8 un rompicapo e un tormento. L&#8217;uomo non pu\u00f2 vivere senza inginocchiarsi davanti a qualcosa. Se l&#8217;uomo rifiuta Dio, si inginocchia davanti ad un idolo\u201d. Proprio quello: se non ti inginocchi davanti a Dio presto ti inginocchierai davanti agli uomini.<\/p>\n<p style=\"text-align: justify;\"><strong>Una delle qualit\u00e0 principali della Messa Tridentina<\/strong> \u00e8 quella di essere una \u201cmessa scomoda\u201d. Si sta cos\u00ec spesso in ginocchio e su panche a volte senza i cuscinetti. Ma \u00e8 meglio cos\u00ec, anzi si cerchi di aumentare la scomodit\u00e0, perch\u00e9 proprio in questo annientamento risiede la nostra possibilit\u00e0 di conversione. In un blog (<a style=\"font-weight: inherit; font-style: inherit;\" href=\"http:\/\/xn--coraggiodellacastit-oub.blogspot.com\/\" target=\"_blank\" rel=\"noopener\">coraggiodellacastit\u00e0.blogspot.com<\/a>) \u00e8 citato questo pensiero sulla mortificazione del Cardinale Desir\u00e9 Mercier: \u201cLa mortificazione cristiana ha per fine la neutralizzazione degli influssi maligni che il peccato originale esercita ancora sulle nostre anime, anche dopo che il battesimo ci ha rigenerati. La nostra rigenerazione in <a href=\"https:\/\/www.rassegnastampa-totustuus.it\/cattolica\/wp-content\/uploads\/2005\/05\/abusi-liturgici.jpg\"><img loading=\"lazy\" decoding=\"async\" class=\"wp-image-29090 alignright\" src=\"https:\/\/www.rassegnastampa-totustuus.it\/cattolica\/wp-content\/uploads\/2005\/05\/abusi-liturgici.jpg\" alt=\"\" width=\"250\" height=\"166\" \/><\/a>Cristo, anche se annulla completamente il peccato che \u00e8 in noi, ci lascia tuttavia molto distanti dalla rettitudine e dalla pace originali. Il concilio di Trento riconosce che la concupiscenza, ovvero la triplice brama della carne, degli occhi e dell\u2019orgoglio, si fa sentire in noi anche dopo il battesimo, al fine di esercitarci alle gloriose lotte della vita cristiana. E\u2019 questa triplice bramosia che la Scrittura chiama tanto il vecchio uomo, opposto all\u2019uomo nuovo, che \u00e8 Ges\u00f9 vivo in noi e noi stessi vivi in Ges\u00f9, quanto la carne ovvero la natura decaduta, opposta allo spirito ovvero la natura rigenerata dalla grazia sovrannaturale. E\u2019 questo vecchio uomo ovvero questa carne, cio\u00e8 tutto l\u2019uomo con la sua duplice vita morale e fisica, che bisogna, non annientare \u2013 perch\u00e9 \u00e8 cosa impossibile nella vita presente \u2013 ma mortificare, cio\u00e8 ridurre praticamente all\u2019impotenza, all\u2019inerzia e alla sterilit\u00e0 di un morto; bisogna impedirgli di fare il suo frutto, che \u00e8 il peccato, e annullare la sua azione in tutta la nostra vita morale. La mortificazione cristiana deve dunque abbracciare tutto l\u2019uomo, estendersi a tutte le sfere di attivit\u00e0 in cui la nostra natura \u00e8 capace di insorgere. Tale \u00e8 l\u2019oggetto della virt\u00f9 della mortificazione: ne indicheremo ora la pratica, percorrendo successivamente le manifestazioni molteplici in cui si traduce nella nostra vita\u201d.<\/p>\n<p style=\"text-align: justify;\">Ricordiamo che una delle forme pi\u00f9 importanti di mortificazione \u00e8 proprio quella di inginocchiarsi, perch\u00e9 si umilia la propria dignit\u00e0 ma per elevarla alla sua vera e sola natura.<\/p>\n<p style=\"text-align: justify;\"><strong><a href=\"https:\/\/www.rassegnastampa-totustuus.it\/cattolica\/wp-content\/uploads\/2009\/03\/Benedetto_XVI.jpg\"><img loading=\"lazy\" decoding=\"async\" class=\"wp-image-35323 alignleft\" src=\"https:\/\/www.rassegnastampa-totustuus.it\/cattolica\/wp-content\/uploads\/2009\/03\/Benedetto_XVI-300x167.jpg\" alt=\"\" width=\"250\" height=\"140\" srcset=\"https:\/\/www.rassegnastampa-totustuus.it\/cattolica\/wp-content\/uploads\/2009\/03\/Benedetto_XVI-300x167.jpg 300w, https:\/\/www.rassegnastampa-totustuus.it\/cattolica\/wp-content\/uploads\/2009\/03\/Benedetto_XVI.jpg 301w\" sizes=\"auto, (max-width: 250px) 100vw, 250px\" \/><\/a>In un videomessaggio del 2009, Benedetto XVI affermava<\/strong>: \u201cIl sacerdote, certamente uomo della Parola divina e del sacro, deve oggi pi\u00f9 che mai essere uomo della gioia e della speranza. Agli uomini che non possono concepire che Dio sia puro amore, egli dir\u00e0 sempre che la vita vale la pena di essere vissuta e che Cristo le d\u00e0 tutto il suo senso perch\u00e9 Egli ama gli uomini, tutti gli uomini. La religione del Curato d&#8217;Ars \u00e8 una religione della felicit\u00e0, non una ricerca morbosa della mortificazione, come a volte si \u00e8 creduto: &#8220;La nostra felicit\u00e0 \u00e8 troppo grande; no, no, non lo capiremo mai&#8221; (Nodet, p. 110), diceva.<\/p>\n<p style=\"text-align: justify;\">O ancora: &#8220;Quando siamo in cammino e vediamo un campanile, questa visione deva far battere il nostro cuore come quella della casa dove dimora il suo amato fa battere il cuore della sposa&#8221; (Ibidem)\u201d. Insomma, la mortificazione, l\u2019inginocchiarsi non sono un fine in se stessi, ma sono il mezzo per estirpare in noi quanto c\u2019\u00e8 di male per aprire un sentiero per la gioia pi\u00f9 autentica e vera.<\/p>\n<p>&nbsp;<\/p>\n","protected":false},"excerpt":{"rendered":"<p>La Nuova Bussola quotidiana 20 dicembre 2018 \u00a0L\u2019umilt\u00e0 \u00e8 come la carta d\u2019identit\u00e0 del cattolico, specie quello che vuole riferirsi ad una spiritualit\u00e0 vicina al monachesimo, all\u2019ideale del cavaliere cristiano. Inginocchiarsi esprime la voglia di tornare a Dio per mostrare che \u201cl\u2019altro\u201d non \u00e8 nulla per noi e che riconosciamo le nostre colpe ed \u00e8 &hellip; <\/p>\n<p><a class=\"more-link btn\" href=\"https:\/\/www.rassegnastampa-totustuus.it\/cattolica\/in-ginocchio-da-te-la-virtu-dellumilta\/\">Continua a leggere<\/a><\/p>\n","protected":false},"author":6,"featured_media":41878,"comment_status":"closed","ping_status":"closed","sticky":false,"template":"","format":"standard","meta":{"footnotes":""},"categories":[5,115],"tags":[2715],"class_list":["post-41877","post","type-post","status-publish","format-standard","has-post-thumbnail","hentry","category-chiesa","category-liturgia","tag-inginocchiarsi","item-wrap"],"yoast_head":"<!-- This site is optimized with the Yoast SEO plugin v27.5 - https:\/\/yoast.com\/product\/yoast-seo-wordpress\/ -->\n<title>In ginocchio da Te, la virt\u00f9 dell&#039;umilt\u00e0 - Rassegna Stampa Cattolica<\/title>\n<meta name=\"description\" content=\"Rassegna Stampa Cattolica - Per una cultura che nasce dalla Rivelazione cristiana in conformit\u00e0 alla tradizione e al Magistero della Chiesa in opposizione ad ogni relativismo e totalitarismo\" \/>\n<meta name=\"robots\" content=\"index, follow, max-snippet:-1, max-image-preview:large, max-video-preview:-1\" \/>\n<link rel=\"canonical\" href=\"https:\/\/www.rassegnastampa-totustuus.it\/cattolica\/in-ginocchio-da-te-la-virtu-dellumilta\/\" \/>\n<meta property=\"og:locale\" content=\"it_IT\" \/>\n<meta property=\"og:type\" content=\"article\" \/>\n<meta property=\"og:title\" content=\"In ginocchio da Te, la virt\u00f9 dell&#039;umilt\u00e0 - Rassegna Stampa Cattolica\" \/>\n<meta property=\"og:description\" content=\"Rassegna Stampa Cattolica - Per una cultura che nasce dalla Rivelazione cristiana in conformit\u00e0 alla tradizione e al Magistero della Chiesa in opposizione ad ogni relativismo e totalitarismo\" \/>\n<meta property=\"og:url\" content=\"https:\/\/www.rassegnastampa-totustuus.it\/cattolica\/in-ginocchio-da-te-la-virtu-dellumilta\/\" \/>\n<meta property=\"og:site_name\" content=\"Rassegna Stampa Cattolica\" \/>\n<meta property=\"article:publisher\" content=\"https:\/\/www.facebook.com\/rassegnastampacattolica\" \/>\n<meta property=\"article:published_time\" content=\"2019-01-09T23:02:14+00:00\" \/>\n<meta property=\"article:modified_time\" content=\"2019-01-10T07:31:25+00:00\" \/>\n<meta property=\"og:image\" content=\"https:\/\/www.rassegnastampa-totustuus.it\/cattolica\/wp-content\/uploads\/2018\/12\/adorazione.jpg\" \/>\n\t<meta property=\"og:image:width\" content=\"690\" \/>\n\t<meta property=\"og:image:height\" content=\"504\" \/>\n\t<meta property=\"og:image:type\" content=\"image\/jpeg\" \/>\n<meta name=\"author\" content=\"Redazione\" \/>\n<meta name=\"twitter:card\" content=\"summary_large_image\" \/>\n<meta name=\"twitter:creator\" content=\"@rassegnastampa9\" \/>\n<meta name=\"twitter:site\" content=\"@rassegnastampa9\" \/>\n<meta name=\"twitter:label1\" content=\"Scritto da\" \/>\n\t<meta name=\"twitter:data1\" content=\"Redazione\" \/>\n\t<meta name=\"twitter:label2\" content=\"Tempo di lettura stimato\" \/>\n\t<meta name=\"twitter:data2\" content=\"6 minuti\" \/>\n<script type=\"application\/ld+json\" class=\"yoast-schema-graph\">{\"@context\":\"https:\\\/\\\/schema.org\",\"@graph\":[{\"@type\":\"Article\",\"@id\":\"https:\\\/\\\/www.rassegnastampa-totustuus.it\\\/cattolica\\\/in-ginocchio-da-te-la-virtu-dellumilta\\\/#article\",\"isPartOf\":{\"@id\":\"https:\\\/\\\/www.rassegnastampa-totustuus.it\\\/cattolica\\\/in-ginocchio-da-te-la-virtu-dellumilta\\\/\"},\"author\":{\"name\":\"Redazione\",\"@id\":\"https:\\\/\\\/www.rassegnastampa-totustuus.it\\\/cattolica\\\/#\\\/schema\\\/person\\\/08f319d2bd1a0904ad9e2bfb7b15e5c3\"},\"headline\":\"In ginocchio da Te, la virt\u00f9 dell&#8217;umilt\u00e0\",\"datePublished\":\"2019-01-09T23:02:14+00:00\",\"dateModified\":\"2019-01-10T07:31:25+00:00\",\"mainEntityOfPage\":{\"@id\":\"https:\\\/\\\/www.rassegnastampa-totustuus.it\\\/cattolica\\\/in-ginocchio-da-te-la-virtu-dellumilta\\\/\"},\"wordCount\":1280,\"publisher\":{\"@id\":\"https:\\\/\\\/www.rassegnastampa-totustuus.it\\\/cattolica\\\/#organization\"},\"image\":{\"@id\":\"https:\\\/\\\/www.rassegnastampa-totustuus.it\\\/cattolica\\\/in-ginocchio-da-te-la-virtu-dellumilta\\\/#primaryimage\"},\"thumbnailUrl\":\"https:\\\/\\\/www.rassegnastampa-totustuus.it\\\/cattolica\\\/wp-content\\\/uploads\\\/2018\\\/12\\\/adorazione.jpg\",\"keywords\":[\"inginocchiarsi\"],\"articleSection\":[\"Chiesa\",\"Liturgia\"],\"inLanguage\":\"it-IT\"},{\"@type\":\"WebPage\",\"@id\":\"https:\\\/\\\/www.rassegnastampa-totustuus.it\\\/cattolica\\\/in-ginocchio-da-te-la-virtu-dellumilta\\\/\",\"url\":\"https:\\\/\\\/www.rassegnastampa-totustuus.it\\\/cattolica\\\/in-ginocchio-da-te-la-virtu-dellumilta\\\/\",\"name\":\"In ginocchio da Te, la virt\u00f9 dell'umilt\u00e0 - Rassegna Stampa Cattolica\",\"isPartOf\":{\"@id\":\"https:\\\/\\\/www.rassegnastampa-totustuus.it\\\/cattolica\\\/#website\"},\"primaryImageOfPage\":{\"@id\":\"https:\\\/\\\/www.rassegnastampa-totustuus.it\\\/cattolica\\\/in-ginocchio-da-te-la-virtu-dellumilta\\\/#primaryimage\"},\"image\":{\"@id\":\"https:\\\/\\\/www.rassegnastampa-totustuus.it\\\/cattolica\\\/in-ginocchio-da-te-la-virtu-dellumilta\\\/#primaryimage\"},\"thumbnailUrl\":\"https:\\\/\\\/www.rassegnastampa-totustuus.it\\\/cattolica\\\/wp-content\\\/uploads\\\/2018\\\/12\\\/adorazione.jpg\",\"datePublished\":\"2019-01-09T23:02:14+00:00\",\"dateModified\":\"2019-01-10T07:31:25+00:00\",\"description\":\"Rassegna Stampa Cattolica - Per una cultura che nasce dalla Rivelazione cristiana in conformit\u00e0 alla tradizione e al Magistero della Chiesa in opposizione ad ogni relativismo e totalitarismo\",\"breadcrumb\":{\"@id\":\"https:\\\/\\\/www.rassegnastampa-totustuus.it\\\/cattolica\\\/in-ginocchio-da-te-la-virtu-dellumilta\\\/#breadcrumb\"},\"inLanguage\":\"it-IT\",\"potentialAction\":[{\"@type\":\"ReadAction\",\"target\":[\"https:\\\/\\\/www.rassegnastampa-totustuus.it\\\/cattolica\\\/in-ginocchio-da-te-la-virtu-dellumilta\\\/\"]}]},{\"@type\":\"ImageObject\",\"inLanguage\":\"it-IT\",\"@id\":\"https:\\\/\\\/www.rassegnastampa-totustuus.it\\\/cattolica\\\/in-ginocchio-da-te-la-virtu-dellumilta\\\/#primaryimage\",\"url\":\"https:\\\/\\\/www.rassegnastampa-totustuus.it\\\/cattolica\\\/wp-content\\\/uploads\\\/2018\\\/12\\\/adorazione.jpg\",\"contentUrl\":\"https:\\\/\\\/www.rassegnastampa-totustuus.it\\\/cattolica\\\/wp-content\\\/uploads\\\/2018\\\/12\\\/adorazione.jpg\",\"width\":690,\"height\":504},{\"@type\":\"BreadcrumbList\",\"@id\":\"https:\\\/\\\/www.rassegnastampa-totustuus.it\\\/cattolica\\\/in-ginocchio-da-te-la-virtu-dellumilta\\\/#breadcrumb\",\"itemListElement\":[{\"@type\":\"ListItem\",\"position\":1,\"name\":\"Home\",\"item\":\"https:\\\/\\\/www.rassegnastampa-totustuus.it\\\/cattolica\\\/\"},{\"@type\":\"ListItem\",\"position\":2,\"name\":\"In ginocchio da Te, la virt\u00f9 dell&#8217;umilt\u00e0\"}]},{\"@type\":\"WebSite\",\"@id\":\"https:\\\/\\\/www.rassegnastampa-totustuus.it\\\/cattolica\\\/#website\",\"url\":\"https:\\\/\\\/www.rassegnastampa-totustuus.it\\\/cattolica\\\/\",\"name\":\"Rassegna Stampa Cattolica\",\"description\":\"Per una cultura che nasce dalla Rivelazione cristiana in conformit\u00e0 alla tradizione e al Magistero della Chiesa in opposizione ad ogni relativismo e totalitarismo\",\"publisher\":{\"@id\":\"https:\\\/\\\/www.rassegnastampa-totustuus.it\\\/cattolica\\\/#organization\"},\"alternateName\":\"Rass. Cattolica\",\"potentialAction\":[{\"@type\":\"SearchAction\",\"target\":{\"@type\":\"EntryPoint\",\"urlTemplate\":\"https:\\\/\\\/www.rassegnastampa-totustuus.it\\\/cattolica\\\/?s={search_term_string}\"},\"query-input\":{\"@type\":\"PropertyValueSpecification\",\"valueRequired\":true,\"valueName\":\"search_term_string\"}}],\"inLanguage\":\"it-IT\"},{\"@type\":\"Organization\",\"@id\":\"https:\\\/\\\/www.rassegnastampa-totustuus.it\\\/cattolica\\\/#organization\",\"name\":\"Rassegna Stampa Cattolica\",\"url\":\"https:\\\/\\\/www.rassegnastampa-totustuus.it\\\/cattolica\\\/\",\"logo\":{\"@type\":\"ImageObject\",\"inLanguage\":\"it-IT\",\"@id\":\"https:\\\/\\\/www.rassegnastampa-totustuus.it\\\/cattolica\\\/#\\\/schema\\\/logo\\\/image\\\/\",\"url\":\"https:\\\/\\\/www.rassegnastampa-totustuus.it\\\/cattolica\\\/wp-content\\\/uploads\\\/2014\\\/04\\\/logo-rassegna1.gif\",\"contentUrl\":\"https:\\\/\\\/www.rassegnastampa-totustuus.it\\\/cattolica\\\/wp-content\\\/uploads\\\/2014\\\/04\\\/logo-rassegna1.gif\",\"width\":600,\"height\":163,\"caption\":\"Rassegna Stampa Cattolica\"},\"image\":{\"@id\":\"https:\\\/\\\/www.rassegnastampa-totustuus.it\\\/cattolica\\\/#\\\/schema\\\/logo\\\/image\\\/\"},\"sameAs\":[\"https:\\\/\\\/www.facebook.com\\\/rassegnastampacattolica\",\"https:\\\/\\\/x.com\\\/rassegnastampa9\"]},{\"@type\":\"Person\",\"@id\":\"https:\\\/\\\/www.rassegnastampa-totustuus.it\\\/cattolica\\\/#\\\/schema\\\/person\\\/08f319d2bd1a0904ad9e2bfb7b15e5c3\",\"name\":\"Redazione\",\"image\":{\"@type\":\"ImageObject\",\"inLanguage\":\"it-IT\",\"@id\":\"https:\\\/\\\/secure.gravatar.com\\\/avatar\\\/2fcdf27c78ea025fbdb44e914cc63c72249ffec9dc8aafd5c82b26240ef3f346?s=96&d=mm&r=g\",\"url\":\"https:\\\/\\\/secure.gravatar.com\\\/avatar\\\/2fcdf27c78ea025fbdb44e914cc63c72249ffec9dc8aafd5c82b26240ef3f346?s=96&d=mm&r=g\",\"contentUrl\":\"https:\\\/\\\/secure.gravatar.com\\\/avatar\\\/2fcdf27c78ea025fbdb44e914cc63c72249ffec9dc8aafd5c82b26240ef3f346?s=96&d=mm&r=g\",\"caption\":\"Redazione\"},\"url\":\"https:\\\/\\\/www.rassegnastampa-totustuus.it\\\/cattolica\\\/author\\\/pietroelle\\\/\"}]}<\/script>\n<!-- \/ Yoast SEO plugin. -->","yoast_head_json":{"title":"In ginocchio da Te, la virt\u00f9 dell'umilt\u00e0 - Rassegna Stampa Cattolica","description":"Rassegna Stampa Cattolica - Per una cultura che nasce dalla Rivelazione cristiana in conformit\u00e0 alla tradizione e al Magistero della Chiesa in opposizione ad ogni relativismo e totalitarismo","robots":{"index":"index","follow":"follow","max-snippet":"max-snippet:-1","max-image-preview":"max-image-preview:large","max-video-preview":"max-video-preview:-1"},"canonical":"https:\/\/www.rassegnastampa-totustuus.it\/cattolica\/in-ginocchio-da-te-la-virtu-dellumilta\/","og_locale":"it_IT","og_type":"article","og_title":"In ginocchio da Te, la virt\u00f9 dell'umilt\u00e0 - Rassegna Stampa Cattolica","og_description":"Rassegna Stampa Cattolica - Per una cultura che nasce dalla Rivelazione cristiana in conformit\u00e0 alla tradizione e al Magistero della Chiesa in opposizione ad ogni relativismo e totalitarismo","og_url":"https:\/\/www.rassegnastampa-totustuus.it\/cattolica\/in-ginocchio-da-te-la-virtu-dellumilta\/","og_site_name":"Rassegna Stampa Cattolica","article_publisher":"https:\/\/www.facebook.com\/rassegnastampacattolica","article_published_time":"2019-01-09T23:02:14+00:00","article_modified_time":"2019-01-10T07:31:25+00:00","og_image":[{"width":690,"height":504,"url":"https:\/\/www.rassegnastampa-totustuus.it\/cattolica\/wp-content\/uploads\/2018\/12\/adorazione.jpg","type":"image\/jpeg"}],"author":"Redazione","twitter_card":"summary_large_image","twitter_creator":"@rassegnastampa9","twitter_site":"@rassegnastampa9","twitter_misc":{"Scritto da":"Redazione","Tempo di lettura stimato":"6 minuti"},"schema":{"@context":"https:\/\/schema.org","@graph":[{"@type":"Article","@id":"https:\/\/www.rassegnastampa-totustuus.it\/cattolica\/in-ginocchio-da-te-la-virtu-dellumilta\/#article","isPartOf":{"@id":"https:\/\/www.rassegnastampa-totustuus.it\/cattolica\/in-ginocchio-da-te-la-virtu-dellumilta\/"},"author":{"name":"Redazione","@id":"https:\/\/www.rassegnastampa-totustuus.it\/cattolica\/#\/schema\/person\/08f319d2bd1a0904ad9e2bfb7b15e5c3"},"headline":"In ginocchio da Te, la virt\u00f9 dell&#8217;umilt\u00e0","datePublished":"2019-01-09T23:02:14+00:00","dateModified":"2019-01-10T07:31:25+00:00","mainEntityOfPage":{"@id":"https:\/\/www.rassegnastampa-totustuus.it\/cattolica\/in-ginocchio-da-te-la-virtu-dellumilta\/"},"wordCount":1280,"publisher":{"@id":"https:\/\/www.rassegnastampa-totustuus.it\/cattolica\/#organization"},"image":{"@id":"https:\/\/www.rassegnastampa-totustuus.it\/cattolica\/in-ginocchio-da-te-la-virtu-dellumilta\/#primaryimage"},"thumbnailUrl":"https:\/\/www.rassegnastampa-totustuus.it\/cattolica\/wp-content\/uploads\/2018\/12\/adorazione.jpg","keywords":["inginocchiarsi"],"articleSection":["Chiesa","Liturgia"],"inLanguage":"it-IT"},{"@type":"WebPage","@id":"https:\/\/www.rassegnastampa-totustuus.it\/cattolica\/in-ginocchio-da-te-la-virtu-dellumilta\/","url":"https:\/\/www.rassegnastampa-totustuus.it\/cattolica\/in-ginocchio-da-te-la-virtu-dellumilta\/","name":"In ginocchio da Te, la virt\u00f9 dell'umilt\u00e0 - Rassegna Stampa Cattolica","isPartOf":{"@id":"https:\/\/www.rassegnastampa-totustuus.it\/cattolica\/#website"},"primaryImageOfPage":{"@id":"https:\/\/www.rassegnastampa-totustuus.it\/cattolica\/in-ginocchio-da-te-la-virtu-dellumilta\/#primaryimage"},"image":{"@id":"https:\/\/www.rassegnastampa-totustuus.it\/cattolica\/in-ginocchio-da-te-la-virtu-dellumilta\/#primaryimage"},"thumbnailUrl":"https:\/\/www.rassegnastampa-totustuus.it\/cattolica\/wp-content\/uploads\/2018\/12\/adorazione.jpg","datePublished":"2019-01-09T23:02:14+00:00","dateModified":"2019-01-10T07:31:25+00:00","description":"Rassegna Stampa Cattolica - Per una cultura che nasce dalla Rivelazione cristiana in conformit\u00e0 alla tradizione e al Magistero della Chiesa in opposizione ad ogni relativismo e totalitarismo","breadcrumb":{"@id":"https:\/\/www.rassegnastampa-totustuus.it\/cattolica\/in-ginocchio-da-te-la-virtu-dellumilta\/#breadcrumb"},"inLanguage":"it-IT","potentialAction":[{"@type":"ReadAction","target":["https:\/\/www.rassegnastampa-totustuus.it\/cattolica\/in-ginocchio-da-te-la-virtu-dellumilta\/"]}]},{"@type":"ImageObject","inLanguage":"it-IT","@id":"https:\/\/www.rassegnastampa-totustuus.it\/cattolica\/in-ginocchio-da-te-la-virtu-dellumilta\/#primaryimage","url":"https:\/\/www.rassegnastampa-totustuus.it\/cattolica\/wp-content\/uploads\/2018\/12\/adorazione.jpg","contentUrl":"https:\/\/www.rassegnastampa-totustuus.it\/cattolica\/wp-content\/uploads\/2018\/12\/adorazione.jpg","width":690,"height":504},{"@type":"BreadcrumbList","@id":"https:\/\/www.rassegnastampa-totustuus.it\/cattolica\/in-ginocchio-da-te-la-virtu-dellumilta\/#breadcrumb","itemListElement":[{"@type":"ListItem","position":1,"name":"Home","item":"https:\/\/www.rassegnastampa-totustuus.it\/cattolica\/"},{"@type":"ListItem","position":2,"name":"In ginocchio da Te, la virt\u00f9 dell&#8217;umilt\u00e0"}]},{"@type":"WebSite","@id":"https:\/\/www.rassegnastampa-totustuus.it\/cattolica\/#website","url":"https:\/\/www.rassegnastampa-totustuus.it\/cattolica\/","name":"Rassegna Stampa Cattolica","description":"Per una cultura che nasce dalla Rivelazione cristiana in conformit\u00e0 alla tradizione e al Magistero della Chiesa in opposizione ad ogni relativismo e totalitarismo","publisher":{"@id":"https:\/\/www.rassegnastampa-totustuus.it\/cattolica\/#organization"},"alternateName":"Rass. Cattolica","potentialAction":[{"@type":"SearchAction","target":{"@type":"EntryPoint","urlTemplate":"https:\/\/www.rassegnastampa-totustuus.it\/cattolica\/?s={search_term_string}"},"query-input":{"@type":"PropertyValueSpecification","valueRequired":true,"valueName":"search_term_string"}}],"inLanguage":"it-IT"},{"@type":"Organization","@id":"https:\/\/www.rassegnastampa-totustuus.it\/cattolica\/#organization","name":"Rassegna Stampa Cattolica","url":"https:\/\/www.rassegnastampa-totustuus.it\/cattolica\/","logo":{"@type":"ImageObject","inLanguage":"it-IT","@id":"https:\/\/www.rassegnastampa-totustuus.it\/cattolica\/#\/schema\/logo\/image\/","url":"https:\/\/www.rassegnastampa-totustuus.it\/cattolica\/wp-content\/uploads\/2014\/04\/logo-rassegna1.gif","contentUrl":"https:\/\/www.rassegnastampa-totustuus.it\/cattolica\/wp-content\/uploads\/2014\/04\/logo-rassegna1.gif","width":600,"height":163,"caption":"Rassegna Stampa Cattolica"},"image":{"@id":"https:\/\/www.rassegnastampa-totustuus.it\/cattolica\/#\/schema\/logo\/image\/"},"sameAs":["https:\/\/www.facebook.com\/rassegnastampacattolica","https:\/\/x.com\/rassegnastampa9"]},{"@type":"Person","@id":"https:\/\/www.rassegnastampa-totustuus.it\/cattolica\/#\/schema\/person\/08f319d2bd1a0904ad9e2bfb7b15e5c3","name":"Redazione","image":{"@type":"ImageObject","inLanguage":"it-IT","@id":"https:\/\/secure.gravatar.com\/avatar\/2fcdf27c78ea025fbdb44e914cc63c72249ffec9dc8aafd5c82b26240ef3f346?s=96&d=mm&r=g","url":"https:\/\/secure.gravatar.com\/avatar\/2fcdf27c78ea025fbdb44e914cc63c72249ffec9dc8aafd5c82b26240ef3f346?s=96&d=mm&r=g","contentUrl":"https:\/\/secure.gravatar.com\/avatar\/2fcdf27c78ea025fbdb44e914cc63c72249ffec9dc8aafd5c82b26240ef3f346?s=96&d=mm&r=g","caption":"Redazione"},"url":"https:\/\/www.rassegnastampa-totustuus.it\/cattolica\/author\/pietroelle\/"}]}},"_links":{"self":[{"href":"https:\/\/www.rassegnastampa-totustuus.it\/cattolica\/wp-json\/wp\/v2\/posts\/41877","targetHints":{"allow":["GET"]}}],"collection":[{"href":"https:\/\/www.rassegnastampa-totustuus.it\/cattolica\/wp-json\/wp\/v2\/posts"}],"about":[{"href":"https:\/\/www.rassegnastampa-totustuus.it\/cattolica\/wp-json\/wp\/v2\/types\/post"}],"author":[{"embeddable":true,"href":"https:\/\/www.rassegnastampa-totustuus.it\/cattolica\/wp-json\/wp\/v2\/users\/6"}],"replies":[{"embeddable":true,"href":"https:\/\/www.rassegnastampa-totustuus.it\/cattolica\/wp-json\/wp\/v2\/comments?post=41877"}],"version-history":[{"count":4,"href":"https:\/\/www.rassegnastampa-totustuus.it\/cattolica\/wp-json\/wp\/v2\/posts\/41877\/revisions"}],"predecessor-version":[{"id":41931,"href":"https:\/\/www.rassegnastampa-totustuus.it\/cattolica\/wp-json\/wp\/v2\/posts\/41877\/revisions\/41931"}],"wp:featuredmedia":[{"embeddable":true,"href":"https:\/\/www.rassegnastampa-totustuus.it\/cattolica\/wp-json\/wp\/v2\/media\/41878"}],"wp:attachment":[{"href":"https:\/\/www.rassegnastampa-totustuus.it\/cattolica\/wp-json\/wp\/v2\/media?parent=41877"}],"wp:term":[{"taxonomy":"category","embeddable":true,"href":"https:\/\/www.rassegnastampa-totustuus.it\/cattolica\/wp-json\/wp\/v2\/categories?post=41877"},{"taxonomy":"post_tag","embeddable":true,"href":"https:\/\/www.rassegnastampa-totustuus.it\/cattolica\/wp-json\/wp\/v2\/tags?post=41877"}],"curies":[{"name":"wp","href":"https:\/\/api.w.org\/{rel}","templated":true}]}}