{"id":41839,"date":"2019-01-10T00:00:45","date_gmt":"2019-01-09T23:00:45","guid":{"rendered":"http:\/\/www.rassegnastampa-totustuus.it\/cattolica\/?p=41839"},"modified":"2018-12-18T11:08:55","modified_gmt":"2018-12-18T10:08:55","slug":"don-jose-garibaldi-ciudadano-peruano","status":"publish","type":"post","link":"https:\/\/www.rassegnastampa-totustuus.it\/cattolica\/don-jose-garibaldi-ciudadano-peruano\/","title":{"rendered":"Don Jos\u00e9 Garibaldi, ciudadano peruano"},"content":{"rendered":"<p style=\"text-align: center;\"><a href=\"https:\/\/www.rassegnastampa-totustuus.it\/cattolica\/wp-content\/uploads\/2018\/12\/Garibaldi.jpg\"><img loading=\"lazy\" decoding=\"async\" class=\"alignright wp-image-41840\" src=\"https:\/\/www.rassegnastampa-totustuus.it\/cattolica\/wp-content\/uploads\/2018\/12\/Garibaldi.jpg\" alt=\"\" width=\"130\" height=\"200\" \/><\/a>da <a href=\"https:\/\/www.atfp.it\/rivista-tfp\/\">Tradizione Famiglia Propriet\u00e0<\/a> n.80 dicembre 2018<\/p>\n<p style=\"text-align: center;\">di <strong>Augusto de Izcue<\/strong><\/p>\n<p style=\"text-align: justify;\">Si suole rilevare il fatto che Giuseppe Garibaldi fosse nizzardo e che, di solito, non comunicasse in italiano. Il fatto \u00e8 che egli non avrebbe potuto nemmeno essere considerato europeo, avendo rinunciato nel 1851 alla cittadinanza savoiarda per assumere quella peruviana.<\/p>\n<p><!--more--><\/p>\n<p style=\"text-align: justify;\">A differenza delle ex-colonie spagnole in America che, con la sola eccezione del Messico, si erano frantumate in decine di repubbliche pi\u00f9 o meno liberali, i possedimenti portoghesi erano invece rimasti uniti sotto l&#8217;egida di Dom Pedro I, fondatore del gigantesco Impero brasiliano. Approfittando della minore et\u00e0 del suo successore, Dom Pedro II, nel 1835 scoppi\u00f2 la cosiddetta &#8220;Guerra dos Farrapos&#8221; (Guerra degli stracci), una ribellione nella provincia di Rio Grande do Sul (capitale, Porto Alegre) di carattere repubblicano e separatista alla quale presero parte alcuni immigrati italiani, affiliati alla Carboneria. I suoi seguaci erano chiamati farroupilhas, straccioni.<\/p>\n<p style=\"text-align: justify;\">Inizialmente vittoriosa \u2014 nel 1836 venne perfino proclamata un&#8217;effimera Repubblica Rio-Gran-dense \u2014 questa ribellione fu successivamente stroncata dalle truppe imperiali, in una guerra per terra e per mare. La Repubblica venne sciolta e la pace sancita nel 1845 dal Trattato di Poncho Verde. Bisogna registrare che questo conflitto ebbe anche carattere di guerra civile, poich\u00e9 i monarchici riograndensi combatterono con gli imperiali<\/p>\n<p style=\"text-align: justify;\"><a href=\"https:\/\/www.rassegnastampa-totustuus.it\/cattolica\/wp-content\/uploads\/2010\/03\/Garibaldi_massone.jpg\"><img loading=\"lazy\" decoding=\"async\" class=\"alignright wp-image-27668\" src=\"https:\/\/www.rassegnastampa-totustuus.it\/cattolica\/wp-content\/uploads\/2010\/03\/Garibaldi_massone.jpg\" alt=\"\" width=\"250\" height=\"174\" \/><\/a>Nel 1837, nella prigione di Santa Cruz di Rio de Janeiro, Livio Zambeccari, massone aderente alla Giovine Italia nonch\u00e9 segretario della Repubblica riograndense, incontr\u00f2 un giovane esiliato ligure chiamato Giuseppe Garibaldi desideroso di partecipare alla ribellione insieme ai &#8220;fratelli&#8221;. Presentandosi come esperto marinaio, Garibaldi chiese e ottenne subito una &#8220;patente di corsa&#8221;, cio\u00e8 un&#8217;autorizzazione per dare la caccia e affondare le navi imperiali. In altre parole, per fare il pirata. Garibaldi ottenne il comando della lancia Mazzini, dando inizio alla sua avventura farroupilha, nella quale accumul\u00f2 praticamente solo sconfitte di fronte alla Marina Imperiale.<\/p>\n<p style=\"text-align: justify;\">Dopo la disfatta finale dei riograndensi, Garibaldi fugg\u00ec in Uruguay con alcuni sopravvissuti. Per strada sequestrarono un carico di stoffa rossa con cui confezionarono le camicie che poi avrebbero contraddistinto i suoi seguaci. In Uruguay era in corso una guerra civile che opponeva il governo costituzionale di Manuel Oribe a quello de facto di Fructuoso Rivera, appoggiato dall&#8217;Inghilterra.<\/p>\n<p style=\"text-align: justify;\">Garibaldi si mise al servizio degli interessi britannici, ottenendo il comando di una flotta, ma venne sconfitto dall&#8217;ammiraglio Guillermo Brown nella battaglia del fiume Paran\u00e1. Finita prematuramente la sua carriera marinara, Garibaldi form\u00f2 la &#8220;Legi\u00f3n Italiana &#8220;, tristemente nota per gli efferati saccheggi, dei quali lo stesso Garibaldi si vantava chiamando anzi i suoi mercenari &#8220;virtuosi saccheggiatori&#8221;. Si pensa che fu col frutto di questi saccheggi che egli compr\u00f2 Caprera.<\/p>\n<p style=\"text-align: justify;\"><a href=\"https:\/\/www.rassegnastampa-totustuus.it\/cattolica\/wp-content\/uploads\/2005\/09\/Garibaldi.jpg\"><img loading=\"lazy\" decoding=\"async\" class=\"alignleft wp-image-33313\" src=\"https:\/\/www.rassegnastampa-totustuus.it\/cattolica\/wp-content\/uploads\/2005\/09\/Garibaldi.jpg\" alt=\"\" width=\"150\" height=\"200\" \/><\/a>Nel corso di questa guerra Garibaldi riusc\u00ec anche a fare le &#8220;prove generali&#8221; dello sbarco a Marsala, prendendo d&#8217;assalto la citt\u00e0 di Colonia nel 1845, con l&#8217;appoggio delle flotte britannica e francese.<\/p>\n<p style=\"text-align: justify;\">\u00c8 interessante notare che, mentre in Europa Garibaldi caldeggiava l&#8217;unificazione dell&#8217;Italia, in Sudamerica egli lottava invece per la frammentazione delle antiche colonie spagnole e portoghesi. Ci\u00f2 solleva il sospetto che il suo disegno unitario non fosse tanto patriottico quanto strumentale alla diffusione del giacobinismo.<\/p>\n<p style=\"text-align: justify;\"><strong>Don Jos\u00e9 Garibaldi<\/strong><\/p>\n<p style=\"text-align: justify;\">Esiliato ancora una volta dall&#8217;Italia, nel 1851 Garibaldi giunse in Per\u00f9 proveniente dall&#8217;America Centrale. Prima di arrivare alla capitale Lima, fece scalo nel porto di Paita, dove incontr\u00f2 Manuelita S\u00e0enz, amante ormai appassita del &#8220;Libertador&#8221; Simon Bolivar. Tutti gli storici, tra cui Victor von Hagen (\u00abLas cuatro estaciones de Manuela\u00bb, Sudamericana, 1989), coincidono nel sottolineare l&#8217;importanza di questo incontro. Garibaldi pass\u00f2 un&#8217;intera giornata ad ascoltare il racconto delle gesta di Bolivar, massone e giacobino come lui, da chi le aveva vissute in prima persona, si commosse fino alle lacrime e trasse dall&#8217;esperienza un rinnovato slancio nei suoi aneliti rivoluzionari.<\/p>\n<p style=\"text-align: justify;\">In Per\u00f9 v&#8217;era una fiorente colonia italiana. Dei centomila abitanti della capitale Lima, ben cinquemila erano italiani, e soprattutto liguri. Pullulavano cellule della Giovine Italia, della Carboneria e della Massoneria. Molti, infatti, vi si erano trasferiti, oltre che per tentare fortuna anche per gustare l&#8217;aria di libert\u00e0 nella giovane repubblica peruviana. Arrivato a Lima, Garibaldi venne subito accolto in questo ambiente. Tramite un cugino di Mazzini, Manuel Solari, anch&#8217;esso immigrato in Per\u00f9, Garibaldi viene messo sotto la protezione del ricco commerciante ligure Pietro Antonio Denegri Vasallo.<\/p>\n<p style=\"text-align: justify;\"><a href=\"https:\/\/www.rassegnastampa-totustuus.it\/cattolica\/wp-content\/uploads\/2010\/05\/Mille_Garibaldi.jpg\"><img loading=\"lazy\" decoding=\"async\" class=\"alignright wp-image-33291\" src=\"https:\/\/www.rassegnastampa-totustuus.it\/cattolica\/wp-content\/uploads\/2010\/05\/Mille_Garibaldi-300x150.jpg\" alt=\"\" width=\"250\" height=\"125\" srcset=\"https:\/\/www.rassegnastampa-totustuus.it\/cattolica\/wp-content\/uploads\/2010\/05\/Mille_Garibaldi-300x150.jpg 300w, https:\/\/www.rassegnastampa-totustuus.it\/cattolica\/wp-content\/uploads\/2010\/05\/Mille_Garibaldi.jpg 318w\" sizes=\"auto, (max-width: 250px) 100vw, 250px\" \/><\/a>\u00c8 curioso notare come sia una costante nella vita di Garibaldi la facilit\u00e0 con la quale, ovunque, trovasse gente disposta ad aiutarlo, a finanziarlo, a appoggiarlo e perfino a proteggerlo. Il ch\u00e9 scalfisce non poco la sua fama di &#8220;eroe&#8221;, visto che il vero eroe \u00e8 colui che supera difficolt\u00e0 apparentemente insormontabili, e non colui che trova davanti a s\u00e9 strade sempre spianate. Questa gente, oltre all&#8217;appoggio, offriva anche consigli che orientavano la vita del rivoluzionario. Nella sua \u00abHistoria cronol\u00f2gica del Per\u00fa 1850-1878\u00bb, lo storico peruviano L\u00e1zaro Costa Villavicencio racconta, per esempio, l&#8217;incontro di Garibaldi a Lima con lo studioso milanese Antonio Raimondi che gli disse con tono profetico: &#8220;Il destino vuole che Lei sia il liberatore dell &#8216;Italia &#8220;.<\/p>\n<p style=\"text-align: justify;\">A Lima Garibaldi lasci\u00f2 l&#8217;immagine di un tipo violento e vendicativo, soprattutto quando era in ballo il suo smisurato ego. Il celebre scrittore peruviano Ricardo Palma racconta un tipico episodio di iracondia garibaldina, del quale fu testimone. Il giornalista Carlos Ledos, di &#8220;El Correo de Lima &#8220;, si era permesso di criticare Garibaldi. Cieco di rabbia, que\u00adsti si present\u00f2 nella redazione del giornale e prese Ledos a bastonate, lasciandolo sanguinante e tramortito. Portato in carcere con l&#8217;accusa di lesioni aggravate, egli se la cav\u00f2 solo grazie alla puntuale intercessione del Console di Sardegna Giuseppe Ca-nevaro, un noto monarchico.<\/p>\n<p style=\"text-align: justify;\"><a href=\"https:\/\/www.rassegnastampa-totustuus.it\/cattolica\/wp-content\/uploads\/2006\/05\/Mazzini.jpg\"><img loading=\"lazy\" decoding=\"async\" class=\"alignleft wp-image-28369\" src=\"https:\/\/www.rassegnastampa-totustuus.it\/cattolica\/wp-content\/uploads\/2006\/05\/Mazzini.jpg\" alt=\"\" width=\"173\" height=\"200\" \/><\/a>Questo episodio fece riflettere Garibaldi, aiutandolo a convincersi che doveva fare un patto con la monarchia sabauda, per portare avanti i suoi disegni rivoluzionari. Pi\u00f9 tardi, nel 1854, invi\u00f2 una lettera a Mazzini cercando di convincerlo di accantonare, almeno per il momento, gli aneliti repubblicani, e di appoggiare invece la politica di Vittorio Emanuele II<\/p>\n<p style=\"text-align: justify;\">Pietro Denegri aveva una piccola flotta con la quale commerciava con l&#8217;Oriente. Offr\u00ec a Garibaldi il comando della &#8220;Carmen&#8221;, di 400 tonnellate. A tal fine, Garibaldi dovette per\u00f2 rinunciare alla sua cittadinanza savoiarda per assumere quella peruviana. Appena quindici giorni dopo il suo arrivo a Lima \u2014 la burocrazia si faceva veramente in quattro per questo nizzardo! \u2014 il capitano Manuel de la Haza (massone affiliato alla Loggia &#8220;Concordia Universal 2&#8221; del Callao) \u2014 rilasciava la patente di capitano a &#8220;Don Jos\u00e9 Garibaldi, natural de G\u00e9nova (sic) y ciudadano peritano&#8221;.<\/p>\n<p style=\"text-align: justify;\"><strong>Garibaldi trafficante di &#8220;semi-schiavi&#8221;<\/strong><\/p>\n<p style=\"text-align: justify;\">Fioriva in Per\u00f9 il commercio del guano, prodotto dalle deiezioni degli uccelli marini sulle isole e allora molto pregiato come fertilizzante. Il lavoro era durissimo e le condizioni igieniche pessime. Gli imprenditori, per lo pi\u00f9 stranieri, erano costretti a utilizzare lavoro schiavile. Fu cos\u00ec che, dal 1849, cominci\u00f2 a svilupparsi l&#8217;importazione di contadini cinesi, chiamati coolie, destinati alle isole. Un articolo dell&#8217; &#8220;Illustrated Times &#8221; di Londra, del 5 marzo 1859, racconta di condizioni cos\u00ec inumane che i coolie si suicidavano in massa. La minima mancanza di disciplina era castigata con 24 colpi di frusta. Il gi\u00e0 menzionato Ricardo Palma, testimone oculare, racconta che i coolie avevano le spalle lacerate: non appena le ferite di un castigo cominciavano a rimarginarsi, erano di nuovo flagellati.<\/p>\n<p style=\"text-align: justify;\">Nell&#8217;ottobre 1851, Pietro Denegri affid\u00f2 a Garibaldi un carico di guano per l&#8217;Oriente. Dopo aver imbarcato la merce al sud, Garibaldi part\u00ec dal Callao il 10 gennaio 1852 con destinazione Manila e Canton, facendo ritorno il 28 gennaio 1853 con un carico di coolie per le aziende del guano.<\/p>\n<p style=\"text-align: justify;\">I difensori di Garibaldi, specialmente le logge massoniche peruviane, cercarono di scagionare il loro &#8220;fratello&#8221; affermando trattarsi non di schiavi ma, in realt\u00e0, di &#8220;traffico di semi-schiavi destinati a essere venduti alle aziende&#8221; (&#8220;Un mas\u00f3nperuano llamado Garibaldi &#8220;, Gran Logia Occidental del Per\u00f9, 28 giugno 2008). A noi, francamente, ci sfugge la sfumatura&#8230;<\/p>\n<p style=\"text-align: justify;\">Con grande sollievo dei limensi, sempre pi\u00f9 turbati dall&#8217;irrequieto personaggio, Garibaldi rientr\u00f2 in Italia nel 1854, dove ovviamente seppel\u00ec i suoi documenti peruviani. Il resto \u00e8 storia.<\/p>\n<p>___________________<\/p>\n<p><strong>Leggi anche<\/strong><\/p>\n<p><a href=\"https:\/\/www.rassegnastampa-totustuus.it\/cattolica\/?p=2652\" target=\"_blank\" rel=\"noopener\">Garibaldi a servizio di Sua Maest\u00e0<\/a><\/p>\n<p><a href=\"https:\/\/www.rassegnastampa-totustuus.it\/cattolica\/?p=1379\" target=\"_blank\" rel=\"noopener\">Il mito di Garibaldi<\/a><\/p>\n<p><a href=\"https:\/\/www.rassegnastampa-totustuus.it\/cattolica\/?p=2611\" target=\"_blank\" rel=\"noopener\">Garibaldi che divise l\u2019Italia<\/a><\/p>\n<p><a href=\"https:\/\/www.rassegnastampa-totustuus.it\/cattolica\/?p=1382\">Bezzecca, i tanti misfatti di Garibaldi<\/a><\/p>\n<p><a href=\"https:\/\/www.rassegnastampa-totustuus.it\/cattolica\/?p=1381\" target=\"_blank\" rel=\"noopener\">Giuseppe Garibaldi? Era l\u2019eroe dei tre mondi<\/a><\/p>\n<p><a href=\"https:\/\/www.rassegnastampa-totustuus.it\/cattolica\/?p=4482\" target=\"_blank\" rel=\"noopener\">Giuseppe Garibaldi: fu vera gloria?<\/a><\/p>\n","protected":false},"excerpt":{"rendered":"<p>da Tradizione Famiglia Propriet\u00e0 n.80 dicembre 2018 di Augusto de Izcue Si suole rilevare il fatto che Giuseppe Garibaldi fosse nizzardo e che, di solito, non comunicasse in italiano. Il fatto \u00e8 che egli non avrebbe potuto nemmeno essere considerato europeo, avendo rinunciato nel 1851 alla cittadinanza savoiarda per assumere quella peruviana.<\/p><p><a class=\"more-link btn\" href=\"https:\/\/www.rassegnastampa-totustuus.it\/cattolica\/don-jose-garibaldi-ciudadano-peruano\/\">Continua a leggere<\/a><\/p>\n","protected":false},"author":6,"featured_media":41840,"comment_status":"closed","ping_status":"closed","sticky":false,"template":"","format":"standard","meta":{"footnotes":""},"categories":[18,24,96],"tags":[1023,2396,2406],"class_list":["post-41839","post","type-post","status-publish","format-standard","has-post-thumbnail","hentry","category-personaggi","category-storia","category-storia-italiana","tag-giuseppe-garibaldi","tag-massoneria","tag-risorgimento","item-wrap"],"yoast_head":"<!-- This site is optimized with the Yoast SEO plugin v27.5 - https:\/\/yoast.com\/product\/yoast-seo-wordpress\/ -->\n<title>Don Jos\u00e9 Garibaldi, ciudadano peruano - Rassegna Stampa Cattolica<\/title>\n<meta name=\"description\" content=\"Rassegna Stampa Cattolica - Per una cultura che nasce dalla Rivelazione cristiana in conformit\u00e0 alla tradizione e al Magistero della Chiesa in opposizione ad ogni relativismo e totalitarismo\" \/>\n<meta name=\"robots\" content=\"index, follow, max-snippet:-1, max-image-preview:large, max-video-preview:-1\" \/>\n<link rel=\"canonical\" href=\"https:\/\/www.rassegnastampa-totustuus.it\/cattolica\/don-jose-garibaldi-ciudadano-peruano\/\" \/>\n<meta property=\"og:locale\" content=\"it_IT\" \/>\n<meta property=\"og:type\" content=\"article\" \/>\n<meta property=\"og:title\" content=\"Don Jos\u00e9 Garibaldi, ciudadano peruano - Rassegna Stampa Cattolica\" \/>\n<meta property=\"og:description\" content=\"Rassegna Stampa Cattolica - Per una cultura che nasce dalla Rivelazione cristiana in conformit\u00e0 alla tradizione e al Magistero della Chiesa in opposizione ad ogni relativismo e totalitarismo\" \/>\n<meta property=\"og:url\" content=\"https:\/\/www.rassegnastampa-totustuus.it\/cattolica\/don-jose-garibaldi-ciudadano-peruano\/\" \/>\n<meta property=\"og:site_name\" content=\"Rassegna Stampa Cattolica\" \/>\n<meta property=\"article:publisher\" content=\"https:\/\/www.facebook.com\/rassegnastampacattolica\" \/>\n<meta property=\"article:published_time\" content=\"2019-01-09T23:00:45+00:00\" \/>\n<meta property=\"og:image\" content=\"https:\/\/www.rassegnastampa-totustuus.it\/cattolica\/wp-content\/uploads\/2018\/12\/Garibaldi.jpg\" \/>\n\t<meta property=\"og:image:width\" content=\"181\" \/>\n\t<meta property=\"og:image:height\" content=\"279\" \/>\n\t<meta property=\"og:image:type\" content=\"image\/jpeg\" \/>\n<meta name=\"author\" content=\"Redazione\" \/>\n<meta name=\"twitter:card\" content=\"summary_large_image\" \/>\n<meta name=\"twitter:creator\" content=\"@rassegnastampa9\" \/>\n<meta name=\"twitter:site\" content=\"@rassegnastampa9\" \/>\n<meta name=\"twitter:label1\" content=\"Scritto da\" \/>\n\t<meta name=\"twitter:data1\" content=\"Redazione\" \/>\n\t<meta name=\"twitter:label2\" content=\"Tempo di lettura stimato\" \/>\n\t<meta name=\"twitter:data2\" content=\"7 minuti\" \/>\n<script type=\"application\/ld+json\" class=\"yoast-schema-graph\">{\"@context\":\"https:\\\/\\\/schema.org\",\"@graph\":[{\"@type\":\"Article\",\"@id\":\"https:\\\/\\\/www.rassegnastampa-totustuus.it\\\/cattolica\\\/don-jose-garibaldi-ciudadano-peruano\\\/#article\",\"isPartOf\":{\"@id\":\"https:\\\/\\\/www.rassegnastampa-totustuus.it\\\/cattolica\\\/don-jose-garibaldi-ciudadano-peruano\\\/\"},\"author\":{\"name\":\"Redazione\",\"@id\":\"https:\\\/\\\/www.rassegnastampa-totustuus.it\\\/cattolica\\\/#\\\/schema\\\/person\\\/08f319d2bd1a0904ad9e2bfb7b15e5c3\"},\"headline\":\"Don Jos\u00e9 Garibaldi, ciudadano peruano\",\"datePublished\":\"2019-01-09T23:00:45+00:00\",\"mainEntityOfPage\":{\"@id\":\"https:\\\/\\\/www.rassegnastampa-totustuus.it\\\/cattolica\\\/don-jose-garibaldi-ciudadano-peruano\\\/\"},\"wordCount\":1353,\"publisher\":{\"@id\":\"https:\\\/\\\/www.rassegnastampa-totustuus.it\\\/cattolica\\\/#organization\"},\"image\":{\"@id\":\"https:\\\/\\\/www.rassegnastampa-totustuus.it\\\/cattolica\\\/don-jose-garibaldi-ciudadano-peruano\\\/#primaryimage\"},\"thumbnailUrl\":\"https:\\\/\\\/www.rassegnastampa-totustuus.it\\\/cattolica\\\/wp-content\\\/uploads\\\/2018\\\/12\\\/Garibaldi.jpg\",\"keywords\":[\"Giuseppe Garibaldi\",\"Massoneria\",\"Risorgimento\"],\"articleSection\":[\"Personaggi\",\"Storia\",\"Storia italiana\"],\"inLanguage\":\"it-IT\"},{\"@type\":\"WebPage\",\"@id\":\"https:\\\/\\\/www.rassegnastampa-totustuus.it\\\/cattolica\\\/don-jose-garibaldi-ciudadano-peruano\\\/\",\"url\":\"https:\\\/\\\/www.rassegnastampa-totustuus.it\\\/cattolica\\\/don-jose-garibaldi-ciudadano-peruano\\\/\",\"name\":\"Don Jos\u00e9 Garibaldi, ciudadano peruano - Rassegna Stampa Cattolica\",\"isPartOf\":{\"@id\":\"https:\\\/\\\/www.rassegnastampa-totustuus.it\\\/cattolica\\\/#website\"},\"primaryImageOfPage\":{\"@id\":\"https:\\\/\\\/www.rassegnastampa-totustuus.it\\\/cattolica\\\/don-jose-garibaldi-ciudadano-peruano\\\/#primaryimage\"},\"image\":{\"@id\":\"https:\\\/\\\/www.rassegnastampa-totustuus.it\\\/cattolica\\\/don-jose-garibaldi-ciudadano-peruano\\\/#primaryimage\"},\"thumbnailUrl\":\"https:\\\/\\\/www.rassegnastampa-totustuus.it\\\/cattolica\\\/wp-content\\\/uploads\\\/2018\\\/12\\\/Garibaldi.jpg\",\"datePublished\":\"2019-01-09T23:00:45+00:00\",\"description\":\"Rassegna Stampa Cattolica - Per una cultura che nasce dalla Rivelazione cristiana in conformit\u00e0 alla tradizione e al Magistero della Chiesa in opposizione ad ogni relativismo e totalitarismo\",\"breadcrumb\":{\"@id\":\"https:\\\/\\\/www.rassegnastampa-totustuus.it\\\/cattolica\\\/don-jose-garibaldi-ciudadano-peruano\\\/#breadcrumb\"},\"inLanguage\":\"it-IT\",\"potentialAction\":[{\"@type\":\"ReadAction\",\"target\":[\"https:\\\/\\\/www.rassegnastampa-totustuus.it\\\/cattolica\\\/don-jose-garibaldi-ciudadano-peruano\\\/\"]}]},{\"@type\":\"ImageObject\",\"inLanguage\":\"it-IT\",\"@id\":\"https:\\\/\\\/www.rassegnastampa-totustuus.it\\\/cattolica\\\/don-jose-garibaldi-ciudadano-peruano\\\/#primaryimage\",\"url\":\"https:\\\/\\\/www.rassegnastampa-totustuus.it\\\/cattolica\\\/wp-content\\\/uploads\\\/2018\\\/12\\\/Garibaldi.jpg\",\"contentUrl\":\"https:\\\/\\\/www.rassegnastampa-totustuus.it\\\/cattolica\\\/wp-content\\\/uploads\\\/2018\\\/12\\\/Garibaldi.jpg\",\"width\":181,\"height\":279},{\"@type\":\"BreadcrumbList\",\"@id\":\"https:\\\/\\\/www.rassegnastampa-totustuus.it\\\/cattolica\\\/don-jose-garibaldi-ciudadano-peruano\\\/#breadcrumb\",\"itemListElement\":[{\"@type\":\"ListItem\",\"position\":1,\"name\":\"Home\",\"item\":\"https:\\\/\\\/www.rassegnastampa-totustuus.it\\\/cattolica\\\/\"},{\"@type\":\"ListItem\",\"position\":2,\"name\":\"Don Jos\u00e9 Garibaldi, ciudadano peruano\"}]},{\"@type\":\"WebSite\",\"@id\":\"https:\\\/\\\/www.rassegnastampa-totustuus.it\\\/cattolica\\\/#website\",\"url\":\"https:\\\/\\\/www.rassegnastampa-totustuus.it\\\/cattolica\\\/\",\"name\":\"Rassegna Stampa Cattolica\",\"description\":\"Per una cultura che nasce dalla Rivelazione cristiana in conformit\u00e0 alla tradizione e al Magistero della Chiesa in opposizione ad ogni relativismo e totalitarismo\",\"publisher\":{\"@id\":\"https:\\\/\\\/www.rassegnastampa-totustuus.it\\\/cattolica\\\/#organization\"},\"alternateName\":\"Rass. Cattolica\",\"potentialAction\":[{\"@type\":\"SearchAction\",\"target\":{\"@type\":\"EntryPoint\",\"urlTemplate\":\"https:\\\/\\\/www.rassegnastampa-totustuus.it\\\/cattolica\\\/?s={search_term_string}\"},\"query-input\":{\"@type\":\"PropertyValueSpecification\",\"valueRequired\":true,\"valueName\":\"search_term_string\"}}],\"inLanguage\":\"it-IT\"},{\"@type\":\"Organization\",\"@id\":\"https:\\\/\\\/www.rassegnastampa-totustuus.it\\\/cattolica\\\/#organization\",\"name\":\"Rassegna Stampa Cattolica\",\"url\":\"https:\\\/\\\/www.rassegnastampa-totustuus.it\\\/cattolica\\\/\",\"logo\":{\"@type\":\"ImageObject\",\"inLanguage\":\"it-IT\",\"@id\":\"https:\\\/\\\/www.rassegnastampa-totustuus.it\\\/cattolica\\\/#\\\/schema\\\/logo\\\/image\\\/\",\"url\":\"https:\\\/\\\/www.rassegnastampa-totustuus.it\\\/cattolica\\\/wp-content\\\/uploads\\\/2014\\\/04\\\/logo-rassegna1.gif\",\"contentUrl\":\"https:\\\/\\\/www.rassegnastampa-totustuus.it\\\/cattolica\\\/wp-content\\\/uploads\\\/2014\\\/04\\\/logo-rassegna1.gif\",\"width\":600,\"height\":163,\"caption\":\"Rassegna Stampa Cattolica\"},\"image\":{\"@id\":\"https:\\\/\\\/www.rassegnastampa-totustuus.it\\\/cattolica\\\/#\\\/schema\\\/logo\\\/image\\\/\"},\"sameAs\":[\"https:\\\/\\\/www.facebook.com\\\/rassegnastampacattolica\",\"https:\\\/\\\/x.com\\\/rassegnastampa9\"]},{\"@type\":\"Person\",\"@id\":\"https:\\\/\\\/www.rassegnastampa-totustuus.it\\\/cattolica\\\/#\\\/schema\\\/person\\\/08f319d2bd1a0904ad9e2bfb7b15e5c3\",\"name\":\"Redazione\",\"image\":{\"@type\":\"ImageObject\",\"inLanguage\":\"it-IT\",\"@id\":\"https:\\\/\\\/secure.gravatar.com\\\/avatar\\\/2fcdf27c78ea025fbdb44e914cc63c72249ffec9dc8aafd5c82b26240ef3f346?s=96&d=mm&r=g\",\"url\":\"https:\\\/\\\/secure.gravatar.com\\\/avatar\\\/2fcdf27c78ea025fbdb44e914cc63c72249ffec9dc8aafd5c82b26240ef3f346?s=96&d=mm&r=g\",\"contentUrl\":\"https:\\\/\\\/secure.gravatar.com\\\/avatar\\\/2fcdf27c78ea025fbdb44e914cc63c72249ffec9dc8aafd5c82b26240ef3f346?s=96&d=mm&r=g\",\"caption\":\"Redazione\"},\"url\":\"https:\\\/\\\/www.rassegnastampa-totustuus.it\\\/cattolica\\\/author\\\/pietroelle\\\/\"}]}<\/script>\n<!-- \/ Yoast SEO plugin. -->","yoast_head_json":{"title":"Don Jos\u00e9 Garibaldi, ciudadano peruano - Rassegna Stampa Cattolica","description":"Rassegna Stampa Cattolica - Per una cultura che nasce dalla Rivelazione cristiana in conformit\u00e0 alla tradizione e al Magistero della Chiesa in opposizione ad ogni relativismo e totalitarismo","robots":{"index":"index","follow":"follow","max-snippet":"max-snippet:-1","max-image-preview":"max-image-preview:large","max-video-preview":"max-video-preview:-1"},"canonical":"https:\/\/www.rassegnastampa-totustuus.it\/cattolica\/don-jose-garibaldi-ciudadano-peruano\/","og_locale":"it_IT","og_type":"article","og_title":"Don Jos\u00e9 Garibaldi, ciudadano peruano - Rassegna Stampa Cattolica","og_description":"Rassegna Stampa Cattolica - Per una cultura che nasce dalla Rivelazione cristiana in conformit\u00e0 alla tradizione e al Magistero della Chiesa in opposizione ad ogni relativismo e totalitarismo","og_url":"https:\/\/www.rassegnastampa-totustuus.it\/cattolica\/don-jose-garibaldi-ciudadano-peruano\/","og_site_name":"Rassegna Stampa Cattolica","article_publisher":"https:\/\/www.facebook.com\/rassegnastampacattolica","article_published_time":"2019-01-09T23:00:45+00:00","og_image":[{"width":181,"height":279,"url":"https:\/\/www.rassegnastampa-totustuus.it\/cattolica\/wp-content\/uploads\/2018\/12\/Garibaldi.jpg","type":"image\/jpeg"}],"author":"Redazione","twitter_card":"summary_large_image","twitter_creator":"@rassegnastampa9","twitter_site":"@rassegnastampa9","twitter_misc":{"Scritto da":"Redazione","Tempo di lettura stimato":"7 minuti"},"schema":{"@context":"https:\/\/schema.org","@graph":[{"@type":"Article","@id":"https:\/\/www.rassegnastampa-totustuus.it\/cattolica\/don-jose-garibaldi-ciudadano-peruano\/#article","isPartOf":{"@id":"https:\/\/www.rassegnastampa-totustuus.it\/cattolica\/don-jose-garibaldi-ciudadano-peruano\/"},"author":{"name":"Redazione","@id":"https:\/\/www.rassegnastampa-totustuus.it\/cattolica\/#\/schema\/person\/08f319d2bd1a0904ad9e2bfb7b15e5c3"},"headline":"Don Jos\u00e9 Garibaldi, ciudadano peruano","datePublished":"2019-01-09T23:00:45+00:00","mainEntityOfPage":{"@id":"https:\/\/www.rassegnastampa-totustuus.it\/cattolica\/don-jose-garibaldi-ciudadano-peruano\/"},"wordCount":1353,"publisher":{"@id":"https:\/\/www.rassegnastampa-totustuus.it\/cattolica\/#organization"},"image":{"@id":"https:\/\/www.rassegnastampa-totustuus.it\/cattolica\/don-jose-garibaldi-ciudadano-peruano\/#primaryimage"},"thumbnailUrl":"https:\/\/www.rassegnastampa-totustuus.it\/cattolica\/wp-content\/uploads\/2018\/12\/Garibaldi.jpg","keywords":["Giuseppe Garibaldi","Massoneria","Risorgimento"],"articleSection":["Personaggi","Storia","Storia italiana"],"inLanguage":"it-IT"},{"@type":"WebPage","@id":"https:\/\/www.rassegnastampa-totustuus.it\/cattolica\/don-jose-garibaldi-ciudadano-peruano\/","url":"https:\/\/www.rassegnastampa-totustuus.it\/cattolica\/don-jose-garibaldi-ciudadano-peruano\/","name":"Don Jos\u00e9 Garibaldi, ciudadano peruano - Rassegna Stampa Cattolica","isPartOf":{"@id":"https:\/\/www.rassegnastampa-totustuus.it\/cattolica\/#website"},"primaryImageOfPage":{"@id":"https:\/\/www.rassegnastampa-totustuus.it\/cattolica\/don-jose-garibaldi-ciudadano-peruano\/#primaryimage"},"image":{"@id":"https:\/\/www.rassegnastampa-totustuus.it\/cattolica\/don-jose-garibaldi-ciudadano-peruano\/#primaryimage"},"thumbnailUrl":"https:\/\/www.rassegnastampa-totustuus.it\/cattolica\/wp-content\/uploads\/2018\/12\/Garibaldi.jpg","datePublished":"2019-01-09T23:00:45+00:00","description":"Rassegna Stampa Cattolica - Per una cultura che nasce dalla Rivelazione cristiana in conformit\u00e0 alla tradizione e al Magistero della Chiesa in opposizione ad ogni relativismo e totalitarismo","breadcrumb":{"@id":"https:\/\/www.rassegnastampa-totustuus.it\/cattolica\/don-jose-garibaldi-ciudadano-peruano\/#breadcrumb"},"inLanguage":"it-IT","potentialAction":[{"@type":"ReadAction","target":["https:\/\/www.rassegnastampa-totustuus.it\/cattolica\/don-jose-garibaldi-ciudadano-peruano\/"]}]},{"@type":"ImageObject","inLanguage":"it-IT","@id":"https:\/\/www.rassegnastampa-totustuus.it\/cattolica\/don-jose-garibaldi-ciudadano-peruano\/#primaryimage","url":"https:\/\/www.rassegnastampa-totustuus.it\/cattolica\/wp-content\/uploads\/2018\/12\/Garibaldi.jpg","contentUrl":"https:\/\/www.rassegnastampa-totustuus.it\/cattolica\/wp-content\/uploads\/2018\/12\/Garibaldi.jpg","width":181,"height":279},{"@type":"BreadcrumbList","@id":"https:\/\/www.rassegnastampa-totustuus.it\/cattolica\/don-jose-garibaldi-ciudadano-peruano\/#breadcrumb","itemListElement":[{"@type":"ListItem","position":1,"name":"Home","item":"https:\/\/www.rassegnastampa-totustuus.it\/cattolica\/"},{"@type":"ListItem","position":2,"name":"Don Jos\u00e9 Garibaldi, ciudadano peruano"}]},{"@type":"WebSite","@id":"https:\/\/www.rassegnastampa-totustuus.it\/cattolica\/#website","url":"https:\/\/www.rassegnastampa-totustuus.it\/cattolica\/","name":"Rassegna Stampa Cattolica","description":"Per una cultura che nasce dalla Rivelazione cristiana in conformit\u00e0 alla tradizione e al Magistero della Chiesa in opposizione ad ogni relativismo e totalitarismo","publisher":{"@id":"https:\/\/www.rassegnastampa-totustuus.it\/cattolica\/#organization"},"alternateName":"Rass. Cattolica","potentialAction":[{"@type":"SearchAction","target":{"@type":"EntryPoint","urlTemplate":"https:\/\/www.rassegnastampa-totustuus.it\/cattolica\/?s={search_term_string}"},"query-input":{"@type":"PropertyValueSpecification","valueRequired":true,"valueName":"search_term_string"}}],"inLanguage":"it-IT"},{"@type":"Organization","@id":"https:\/\/www.rassegnastampa-totustuus.it\/cattolica\/#organization","name":"Rassegna Stampa Cattolica","url":"https:\/\/www.rassegnastampa-totustuus.it\/cattolica\/","logo":{"@type":"ImageObject","inLanguage":"it-IT","@id":"https:\/\/www.rassegnastampa-totustuus.it\/cattolica\/#\/schema\/logo\/image\/","url":"https:\/\/www.rassegnastampa-totustuus.it\/cattolica\/wp-content\/uploads\/2014\/04\/logo-rassegna1.gif","contentUrl":"https:\/\/www.rassegnastampa-totustuus.it\/cattolica\/wp-content\/uploads\/2014\/04\/logo-rassegna1.gif","width":600,"height":163,"caption":"Rassegna Stampa Cattolica"},"image":{"@id":"https:\/\/www.rassegnastampa-totustuus.it\/cattolica\/#\/schema\/logo\/image\/"},"sameAs":["https:\/\/www.facebook.com\/rassegnastampacattolica","https:\/\/x.com\/rassegnastampa9"]},{"@type":"Person","@id":"https:\/\/www.rassegnastampa-totustuus.it\/cattolica\/#\/schema\/person\/08f319d2bd1a0904ad9e2bfb7b15e5c3","name":"Redazione","image":{"@type":"ImageObject","inLanguage":"it-IT","@id":"https:\/\/secure.gravatar.com\/avatar\/2fcdf27c78ea025fbdb44e914cc63c72249ffec9dc8aafd5c82b26240ef3f346?s=96&d=mm&r=g","url":"https:\/\/secure.gravatar.com\/avatar\/2fcdf27c78ea025fbdb44e914cc63c72249ffec9dc8aafd5c82b26240ef3f346?s=96&d=mm&r=g","contentUrl":"https:\/\/secure.gravatar.com\/avatar\/2fcdf27c78ea025fbdb44e914cc63c72249ffec9dc8aafd5c82b26240ef3f346?s=96&d=mm&r=g","caption":"Redazione"},"url":"https:\/\/www.rassegnastampa-totustuus.it\/cattolica\/author\/pietroelle\/"}]}},"_links":{"self":[{"href":"https:\/\/www.rassegnastampa-totustuus.it\/cattolica\/wp-json\/wp\/v2\/posts\/41839","targetHints":{"allow":["GET"]}}],"collection":[{"href":"https:\/\/www.rassegnastampa-totustuus.it\/cattolica\/wp-json\/wp\/v2\/posts"}],"about":[{"href":"https:\/\/www.rassegnastampa-totustuus.it\/cattolica\/wp-json\/wp\/v2\/types\/post"}],"author":[{"embeddable":true,"href":"https:\/\/www.rassegnastampa-totustuus.it\/cattolica\/wp-json\/wp\/v2\/users\/6"}],"replies":[{"embeddable":true,"href":"https:\/\/www.rassegnastampa-totustuus.it\/cattolica\/wp-json\/wp\/v2\/comments?post=41839"}],"version-history":[{"count":3,"href":"https:\/\/www.rassegnastampa-totustuus.it\/cattolica\/wp-json\/wp\/v2\/posts\/41839\/revisions"}],"predecessor-version":[{"id":41863,"href":"https:\/\/www.rassegnastampa-totustuus.it\/cattolica\/wp-json\/wp\/v2\/posts\/41839\/revisions\/41863"}],"wp:featuredmedia":[{"embeddable":true,"href":"https:\/\/www.rassegnastampa-totustuus.it\/cattolica\/wp-json\/wp\/v2\/media\/41840"}],"wp:attachment":[{"href":"https:\/\/www.rassegnastampa-totustuus.it\/cattolica\/wp-json\/wp\/v2\/media?parent=41839"}],"wp:term":[{"taxonomy":"category","embeddable":true,"href":"https:\/\/www.rassegnastampa-totustuus.it\/cattolica\/wp-json\/wp\/v2\/categories?post=41839"},{"taxonomy":"post_tag","embeddable":true,"href":"https:\/\/www.rassegnastampa-totustuus.it\/cattolica\/wp-json\/wp\/v2\/tags?post=41839"}],"curies":[{"name":"wp","href":"https:\/\/api.w.org\/{rel}","templated":true}]}}