{"id":41814,"date":"2018-12-13T00:00:45","date_gmt":"2018-12-12T23:00:45","guid":{"rendered":"http:\/\/www.rassegnastampa-totustuus.it\/cattolica\/?p=41814"},"modified":"2018-12-12T16:19:10","modified_gmt":"2018-12-12T15:19:10","slug":"i-giovani-ci-chiedono-non-lasciateci-soli","status":"publish","type":"post","link":"https:\/\/www.rassegnastampa-totustuus.it\/cattolica\/i-giovani-ci-chiedono-non-lasciateci-soli\/","title":{"rendered":"\u00abI giovani ci chiedono: non lasciateci soli\u00bb"},"content":{"rendered":"<p style=\"text-align: center;\"><a href=\"https:\/\/www.rassegnastampa-totustuus.it\/cattolica\/wp-content\/uploads\/2018\/12\/soccorsi_incidente.jpg\"><img loading=\"lazy\" decoding=\"async\" class=\"alignleft wp-image-41815\" src=\"https:\/\/www.rassegnastampa-totustuus.it\/cattolica\/wp-content\/uploads\/2018\/12\/soccorsi_incidente.jpg\" alt=\"\" width=\"250\" height=\"145\" \/><\/a>da<strong> Avvenire<\/strong> 12 dicembre 2018<\/p>\n<p style=\"text-align: justify;\"><em>La tragedia di Corinaldo chiama in causa responsabilit\u00e0 degli adulti e urgenza di tornare a educare<\/em><\/p>\n<p style=\"text-align: center;\"><strong>Paolo Ferrario<\/strong><\/p>\n<p><!--more--><\/p>\n<p style=\"text-align: justify;\">Ma ci voleva la tragedia di Corinaldo per &#8220;scoprire&#8221; che i giovani sballano? Che in quel locale erano \u00abtutti ubriachi\u00bb e che \u00abla droga circolava a fiumi\u00bb, come hanno riferito i genitori di tanti ragazzi? Che cosa non abbiamo saputo (o voluto) vedere? Dove \u00e8 mancata la comunit\u00e0 adulta? \u00abNon \u00e8 certo un mistero che, per la grande maggioranza dei ragazzi, non esiste divertimento senza lo sballo e che scelgono i locali in base alle sostanze che l\u00ec si trovano\u00bb, ricorda don Claudio Burgio, cappellano del carcere minorile &#8220;Beccaria&#8221; di Milano e fondatore di Kairos, comunit\u00e0 di accoglienza per minori in difficolt\u00e0.<\/p>\n<p style=\"text-align: justify;\">\u00abLa musica &#8211; prosegue il sacerdote &#8211; contribuisce allo sballo, allo stordimento e anche questo nuovo fenomeno, il &#8220;trap&#8221;, evoca continuamente questo scenario. Con i ragazzi della comunit\u00e0 ci confrontiamo quotidianamente su questi testi che trasmettono disvalori totali, cercando di provocarli per metterli in discussione. Noi adulti &#8211; \u00e8 il consiglio di don Claudio a <a href=\"https:\/\/www.rassegnastampa-totustuus.it\/cattolica\/wp-content\/uploads\/2009\/03\/poprock3.jpg\"><img loading=\"lazy\" decoding=\"async\" class=\"alignright wp-image-41359\" src=\"https:\/\/www.rassegnastampa-totustuus.it\/cattolica\/wp-content\/uploads\/2009\/03\/poprock3-300x169.jpg\" alt=\"\" width=\"250\" height=\"141\" srcset=\"https:\/\/www.rassegnastampa-totustuus.it\/cattolica\/wp-content\/uploads\/2009\/03\/poprock3-300x169.jpg 300w, https:\/\/www.rassegnastampa-totustuus.it\/cattolica\/wp-content\/uploads\/2009\/03\/poprock3.jpg 700w\" sizes=\"auto, (max-width: 250px) 100vw, 250px\" \/><\/a>genitori ed educatori &#8211; non dobbiamo porci nei loro confronti soltanto in senso oppositivo, perpetuando un modello educativo appreso dalle generazioni che ci hanno preceduto e che oggi non \u00e8 pi\u00f9 adeguato ai tempi nuovi. Non dobbiamo partire dai nostri discorsi, ma dai loro interessi, perch\u00e9 i ragazzi, soprattutto giovani e giovanissimi come quelli che si trovavano a Corinaldo, hanno bisogno e cercano adulti capaci di entrare in dialogo. In un certo senso &#8211; conclude il sacerdote &#8211; dobbiamo tornare a scuola, perch\u00e9 questa emergenza educativa non si affronta con la Iegge dei divieti\u00bb.<\/p>\n<p style=\"text-align: justify;\">Sulla \u00abresponsabilit\u00e0\u00bb dei grandi insiste anche Antonio Tinelli, responsabile prevenzione di San Patrignano, comunit\u00e0 di recupero con oltre 1400 ragazzi ospiti, ospiti, i cui operatori ogni anno, incontrano pi\u00f9 di 50mila studenti di scuole di tutta Italia. Un osservatorio privilegiato sulla condizione giovanile. Un mondo che, sottolinea Tinelli, \u00abha una grande voglia di fare, di essere protagonista\u00bb, di \u00abriconoscere la bellezza della propria unicit\u00e0\u00bb e che, invece, una \u00absociet\u00e0 pilotata dal marketing\u00bb costringe a \u00abomologarsi nella massa\u00bb, ritrovandosi, alla fine, \u00abdrammaticamente solo\u00bb. \u00abI nostri adolescenti &#8211; osserva l&#8217;esperto &#8211; sono allo stesso tempo soggetto ma anche oggetto, target di riferimento per attivit\u00e0 commerciali e vittime di un mercato che li considera solo come consumatori\u00bb.<\/p>\n<p style=\"text-align: justify;\">Uno scenario che vede \u00able regole messe in discussione\u00bb e la famiglia sempre pi\u00f9 disorientata e \u00abincapace di un vero dialogo con la scuola\u00bb, come testimoniano anche i sempre pi\u00f9 frequenti e preoccupanti episodi di violenza ai danni di insegnanti. Segno di un&#8217;alleanza che va rinsaldata su nuove basi<\/p>\n<p style=\"text-align: justify;\"><a href=\"https:\/\/www.rassegnastampa-totustuus.it\/cattolica\/wp-content\/uploads\/2005\/08\/bambini_droga-1.jpg\"><img loading=\"lazy\" decoding=\"async\" class=\"alignleft wp-image-31661\" src=\"https:\/\/www.rassegnastampa-totustuus.it\/cattolica\/wp-content\/uploads\/2005\/08\/bambini_droga-1.jpg\" alt=\"\" width=\"250\" height=\"161\" \/><\/a>\u00abNon possiamo pi\u00f9 fare finta di niente e non muovere un dito sul fronte della prevenzione\u00bb, avverte Tinelli, ricordando come, soltanto negli ultimi tre anni, \u00abi minori in comunit\u00e0 sono aumentati del 70%\u00bb e che, secondo l&#8217;ultima Relazione al Parlamento sull&#8217;uso di droghe, 888mila studenti italiani hanno provato una sostanza almeno una volta nella vita e che il 26%, pi\u00f9 di uno su quattro lo ha fatto soltanto nel corso dell&#8217;ultimo anno.<\/p>\n<p style=\"text-align: justify;\">\u00abI nostri ragazzi hanno bisogno di opportunit\u00e0 di crescita vere, ma soprattutto, hanno bisogno di noi adulti \u2013 sottolinea Tinelli -. Il nostro dovere \u00e8 accompagnarli, non lasciarli soli, con un approccio gratuito e disinteressato. Che non \u00e8 n\u00e9 buonismo n\u00e9 tanto meno paternalismo, ma un&#8217;attenzione particolare alla loro crescita e alla costruzione del loro percorso sociale\u00bb.<\/p>\n<p style=\"text-align: justify;\">La famiglia deve tornare protagonista del lavoro educativo anche per il segretario generale della Comunit\u00e0 Papa Giovanni XXIII, Paolo Ramonda, che vede un \u00abcontesto sociale senza punti di riferimento\u00bb. \u00abGli adolescenti &#8211; sottolinea &#8211; sono orfani, una terra di nessuno, preda del primo occupante, che a questa et\u00e0 sono soprattutto i social. Per questo &#8211; aggiunge &#8211; \u00e8 assolutamente necessario ripartire dall&#8217;educazione, creando ambienti favorevoli, luoghi belli dove poter sperimentare lo stare insieme positivo\u00bb.<\/p>\n<p style=\"text-align: justify;\">Invece, anche la musica che va per la maggiore, esalta lo sballo, la cultura dell&#8217;abuso di sostanze, in linea con \u00abuna societ\u00e0, che pur di far ci soldi, violenta i nostri figli nei loro bisogni pi\u00f9 profondi\u00bb. \u00abE\u2019 inammissibile che bambini di 12-13 anni si trovassero nella situazione che abbiamo visto a Corinaldo &#8211; tuona Ramonda -La societ\u00e0 adulta \u00e8 la prima a doversi interrogare e a cercare di capire come tutto questo possa essere stato possibile. In quella notte di follia dov&#8217;era la comunit\u00e0 adulta? Siamo mancati nel creare una comunit\u00e0, un terreno sano dove far crescere i nostri ragazzi. Dobbiamo tornare a prestare loro attenzione, con proposte belle. \u00c8 la nostra responsabilit\u00e0. Loro vogliono vivere, non morire.<\/p>\n<p style=\"text-align: center;\">_____________________<\/p>\n<p style=\"text-align: center;\">da<strong> Il Giornale<\/strong> 12 dicembre 2018<\/p>\n<p style=\"text-align: center;\"><strong>I <\/strong><strong>nuovi bigotti non dicono mai \u00abno\u00bb ai figli<\/strong><\/p>\n<p><a href=\"https:\/\/www.rassegnastampa-totustuus.it\/cattolica\/wp-content\/uploads\/2012\/11\/educazione.jpg\"><img loading=\"lazy\" decoding=\"async\" class=\"size-full wp-image-33863 aligncenter\" src=\"https:\/\/www.rassegnastampa-totustuus.it\/cattolica\/wp-content\/uploads\/2012\/11\/educazione.jpg\" alt=\"\" width=\"232\" height=\"147\" \/><\/a><\/p>\n<p style=\"text-align: center;\">di <strong>Michele Brambilla<\/strong><\/p>\n<p style=\"text-align: justify;\">Siete dei bigotti\u00bb, ha detto ieri mattina un ascoltatore a Maria Latelia e ai sottoscritto che, alla rassegna stampa di Radio24, avevano osato dire che non \u00e8 bello che bambini di 13,12,11 e 10 anni vadano a concerti che cominciano all&#8217;una di notte, per giunta in una bolgia innaffiata di alcol e stordita dalla droga, per giunta a sentire truzzi tatuati fin nei lobi delle orecchie che cantano di troie, di canne, di suicidio. \u00abBigotti\u00bb, \u00e8 questo il termine con cui si scomunica chi magari pensa che ai figli qualche volta si debba dir no. Orrore. Bigotti.<\/p>\n<p style=\"text-align: justify;\"><a href=\"https:\/\/www.rassegnastampa-totustuus.it\/cattolica\/wp-content\/uploads\/2018\/12\/giovani_Sfera.jpg\"><img loading=\"lazy\" decoding=\"async\" class=\"alignleft wp-image-41789\" src=\"https:\/\/www.rassegnastampa-totustuus.it\/cattolica\/wp-content\/uploads\/2018\/12\/giovani_Sfera.jpg\" alt=\"\" width=\"225\" height=\"200\" \/><\/a>E poi \u00abmoralisti\u00bb. Eccola qui, l&#8217;altra parola magica con cui si riduce al silenzio il vecchio babbione: \u00abmoralista\u00bb. E che cosa volete che siano certe canzoni di oggi: e allora i Rolling Stones? E allora i Beatles con le loro Yellow Submarine e Lucy in the Sky with Diamonds? Non erano forse allusivi inni alla droga? E poi perch\u00e9 stupirsi se i bambini sentono certa roba? Non ve ne siete accorti prima? E i giornali, perch\u00e9 ne parlano solo adesso? Perch\u00e9 si svegliano solo adesso? Dov&#8217;erano, prima di Corinaldo, i giornalisti moralisti? E poi, e poi, ma non avete capito che questo \u00e8 il mondo di oggi? Ma in che mondo vivete? Adeguatevi!<\/p>\n<p style=\"text-align: justify;\">Ed ecco il punto. S\u00ec, questo \u00e8 il mondo di oggi, e quindi i bigotti, i moralisti, sono appunto quelli che seguono il mondo di oggi. Perch\u00e9 questo \u00e8 il paradosso: che per \u00abbigotto\u00bb e \u00abmoralista\u00bb si intende soprattutto chi segue l&#8217;onda, chi si adegua al pensiero dominante, insomma s&#8217;intende il conformista; e oggi l&#8217;onda, il pensiero dominante, il conformismo non \u00e8 saper dir di no ai figli quando bisogna dir di no, non \u00e8 dire che le scemenze dei trapper tamarri sono scemenze, non \u00e8 dire che la droga fa male, compresa quella cosiddetta leggera.<\/p>\n<p style=\"text-align: justify;\">Il vero bigottismo e moralismo, oggi, \u00e8 dare del bigotto e del moralista a chi non si adegua.<\/p>\n<p style=\"text-align: justify;\"><a href=\"https:\/\/www.rassegnastampa-totustuus.it\/cattolica\/wp-content\/uploads\/2005\/05\/discoteca.jpg\"><img loading=\"lazy\" decoding=\"async\" class=\"alignright wp-image-27124\" src=\"https:\/\/www.rassegnastampa-totustuus.it\/cattolica\/wp-content\/uploads\/2005\/05\/discoteca.jpg\" alt=\"\" width=\"250\" height=\"168\" \/><\/a>I giornali si svegliano solo adesso sulla miserabile e pericolosa realt\u00e0 di tante discoteche? E allora? Siccome i giornali si svegliano tardi, non \u00e8 forse vero che quella realt\u00e0 \u00e8 miserabile e pericolosa? \u00c8 vero, purtroppo, che c&#8217;\u00e8 voluta una strage perch\u00e9 si parlasse del problema. Ma c&#8217;\u00e8 voluta una strage proprio perch\u00e9 oggi il bigottismo e il moralismo dominante impongono di non parlar male dell&#8217;andazzo.<\/p>\n<p style=\"text-align: justify;\">La strage, \u00e8 ovvio, non \u00e8 colpa n\u00e9 di Sfera Ebbasta, n\u00e9 della sua musica, n\u00e9 dei genitori che hanno portato i bambini a quell&#8217;ora in discoteca. Ma a genitori reazionari come il sottoscritto non andrebbe bene neanche se la propria figlia pi\u00f9 piccola, che ha dieci anni, da un concerto del genere tornasse illesa: perch\u00e9 una bambina di dieci anni &#8211; a un concerto del genere &#8211; semplicemente non ci deve andare. Insiste? Le si dice di no.<\/p>\n<p style=\"text-align: justify;\">E lasciamo perdere i Beatles e i Rolling Stones: non \u00e8 vero che non \u00e8 cambiato niente, una volta le discoteche chiudevano prima di quando aprono adesso, e a quattordici anni sentivamo Passerotto non andare via, altro che Sfera Ebbasta. Certo non \u00e8 colpa dei bambini se sentono certa roba, cos\u00ec come non \u00e8 colpa loro se il consumo di droghe \u00e8 diventato infinitamente pi\u00f9 diffuso e soprattutto pi\u00f9 precoce: ma non capisco perch\u00e9 si debba bollare con un \u00abbigotto\u00bb e con un \u00abmoralista\u00bb chi prova a chiamare ogni cosa con il proprio nome.<\/p>\n<p style=\"text-align: justify;\">Ci vorrebbe un po&#8217; di buon senso. E il buon senso c&#8217;\u00e8, ma se ne sta nascosto, come diceva il Manzoni, per paura del senso comune. Il quale \u00e8 il vero, nuovo bigottismo e moralismo.<\/p>\n<p>&nbsp;<\/p>\n","protected":false},"excerpt":{"rendered":"<p>da Avvenire 12 dicembre 2018 La tragedia di Corinaldo chiama in causa responsabilit\u00e0 degli adulti e urgenza di tornare a educare Paolo Ferrario<\/p><p><a class=\"more-link btn\" href=\"https:\/\/www.rassegnastampa-totustuus.it\/cattolica\/i-giovani-ci-chiedono-non-lasciateci-soli\/\">Continua a leggere<\/a><\/p>\n","protected":false},"author":6,"featured_media":41815,"comment_status":"closed","ping_status":"closed","sticky":false,"template":"","format":"standard","meta":{"footnotes":""},"categories":[7,23],"tags":[234,573],"class_list":["post-41814","post","type-post","status-publish","format-standard","has-post-thumbnail","hentry","category-costume","category-scuola-ed-educazione","tag-educazione","tag-giovani","item-wrap"],"yoast_head":"<!-- This site is optimized with the Yoast SEO plugin v27.4 - https:\/\/yoast.com\/product\/yoast-seo-wordpress\/ -->\n<title>\u00abI giovani ci chiedono: non lasciateci soli\u00bb - Rassegna Stampa Cattolica<\/title>\n<meta name=\"description\" content=\"Rassegna Stampa Cattolica - Per una cultura che nasce dalla Rivelazione cristiana in conformit\u00e0 alla tradizione e al Magistero della Chiesa in opposizione ad ogni relativismo e totalitarismo\" \/>\n<meta name=\"robots\" content=\"index, follow, max-snippet:-1, max-image-preview:large, max-video-preview:-1\" \/>\n<link rel=\"canonical\" href=\"https:\/\/www.rassegnastampa-totustuus.it\/cattolica\/i-giovani-ci-chiedono-non-lasciateci-soli\/\" \/>\n<meta property=\"og:locale\" content=\"it_IT\" \/>\n<meta property=\"og:type\" content=\"article\" \/>\n<meta property=\"og:title\" content=\"\u00abI giovani ci chiedono: non lasciateci soli\u00bb - Rassegna Stampa Cattolica\" \/>\n<meta property=\"og:description\" content=\"Rassegna Stampa Cattolica - Per una cultura che nasce dalla Rivelazione cristiana in conformit\u00e0 alla tradizione e al Magistero della Chiesa in opposizione ad ogni relativismo e totalitarismo\" \/>\n<meta property=\"og:url\" content=\"https:\/\/www.rassegnastampa-totustuus.it\/cattolica\/i-giovani-ci-chiedono-non-lasciateci-soli\/\" \/>\n<meta property=\"og:site_name\" content=\"Rassegna Stampa Cattolica\" \/>\n<meta property=\"article:publisher\" content=\"https:\/\/www.facebook.com\/rassegnastampacattolica\" \/>\n<meta property=\"article:published_time\" content=\"2018-12-12T23:00:45+00:00\" \/>\n<meta property=\"og:image\" content=\"https:\/\/www.rassegnastampa-totustuus.it\/cattolica\/wp-content\/uploads\/2018\/12\/soccorsi_incidente.jpg\" \/>\n\t<meta property=\"og:image:width\" content=\"294\" \/>\n\t<meta property=\"og:image:height\" content=\"171\" \/>\n\t<meta property=\"og:image:type\" content=\"image\/jpeg\" \/>\n<meta name=\"author\" content=\"Redazione\" \/>\n<meta name=\"twitter:card\" content=\"summary_large_image\" \/>\n<meta name=\"twitter:creator\" content=\"@rassegnastampa9\" \/>\n<meta name=\"twitter:site\" content=\"@rassegnastampa9\" \/>\n<meta name=\"twitter:label1\" content=\"Scritto da\" \/>\n\t<meta name=\"twitter:data1\" content=\"Redazione\" \/>\n\t<meta name=\"twitter:label2\" content=\"Tempo di lettura stimato\" \/>\n\t<meta name=\"twitter:data2\" content=\"7 minuti\" \/>\n<script type=\"application\/ld+json\" class=\"yoast-schema-graph\">{\"@context\":\"https:\\\/\\\/schema.org\",\"@graph\":[{\"@type\":\"Article\",\"@id\":\"https:\\\/\\\/www.rassegnastampa-totustuus.it\\\/cattolica\\\/i-giovani-ci-chiedono-non-lasciateci-soli\\\/#article\",\"isPartOf\":{\"@id\":\"https:\\\/\\\/www.rassegnastampa-totustuus.it\\\/cattolica\\\/i-giovani-ci-chiedono-non-lasciateci-soli\\\/\"},\"author\":{\"name\":\"Redazione\",\"@id\":\"https:\\\/\\\/www.rassegnastampa-totustuus.it\\\/cattolica\\\/#\\\/schema\\\/person\\\/08f319d2bd1a0904ad9e2bfb7b15e5c3\"},\"headline\":\"\u00abI giovani ci chiedono: non lasciateci soli\u00bb\",\"datePublished\":\"2018-12-12T23:00:45+00:00\",\"mainEntityOfPage\":{\"@id\":\"https:\\\/\\\/www.rassegnastampa-totustuus.it\\\/cattolica\\\/i-giovani-ci-chiedono-non-lasciateci-soli\\\/\"},\"wordCount\":1361,\"publisher\":{\"@id\":\"https:\\\/\\\/www.rassegnastampa-totustuus.it\\\/cattolica\\\/#organization\"},\"image\":{\"@id\":\"https:\\\/\\\/www.rassegnastampa-totustuus.it\\\/cattolica\\\/i-giovani-ci-chiedono-non-lasciateci-soli\\\/#primaryimage\"},\"thumbnailUrl\":\"https:\\\/\\\/www.rassegnastampa-totustuus.it\\\/cattolica\\\/wp-content\\\/uploads\\\/2018\\\/12\\\/soccorsi_incidente.jpg\",\"keywords\":[\"educazione\",\"giovani\"],\"articleSection\":[\"Costume\",\"Scuola ed educazione\"],\"inLanguage\":\"it-IT\"},{\"@type\":\"WebPage\",\"@id\":\"https:\\\/\\\/www.rassegnastampa-totustuus.it\\\/cattolica\\\/i-giovani-ci-chiedono-non-lasciateci-soli\\\/\",\"url\":\"https:\\\/\\\/www.rassegnastampa-totustuus.it\\\/cattolica\\\/i-giovani-ci-chiedono-non-lasciateci-soli\\\/\",\"name\":\"\u00abI giovani ci chiedono: non lasciateci soli\u00bb - Rassegna Stampa Cattolica\",\"isPartOf\":{\"@id\":\"https:\\\/\\\/www.rassegnastampa-totustuus.it\\\/cattolica\\\/#website\"},\"primaryImageOfPage\":{\"@id\":\"https:\\\/\\\/www.rassegnastampa-totustuus.it\\\/cattolica\\\/i-giovani-ci-chiedono-non-lasciateci-soli\\\/#primaryimage\"},\"image\":{\"@id\":\"https:\\\/\\\/www.rassegnastampa-totustuus.it\\\/cattolica\\\/i-giovani-ci-chiedono-non-lasciateci-soli\\\/#primaryimage\"},\"thumbnailUrl\":\"https:\\\/\\\/www.rassegnastampa-totustuus.it\\\/cattolica\\\/wp-content\\\/uploads\\\/2018\\\/12\\\/soccorsi_incidente.jpg\",\"datePublished\":\"2018-12-12T23:00:45+00:00\",\"description\":\"Rassegna Stampa Cattolica - Per una cultura che nasce dalla Rivelazione cristiana in conformit\u00e0 alla tradizione e al Magistero della Chiesa in opposizione ad ogni relativismo e totalitarismo\",\"breadcrumb\":{\"@id\":\"https:\\\/\\\/www.rassegnastampa-totustuus.it\\\/cattolica\\\/i-giovani-ci-chiedono-non-lasciateci-soli\\\/#breadcrumb\"},\"inLanguage\":\"it-IT\",\"potentialAction\":[{\"@type\":\"ReadAction\",\"target\":[\"https:\\\/\\\/www.rassegnastampa-totustuus.it\\\/cattolica\\\/i-giovani-ci-chiedono-non-lasciateci-soli\\\/\"]}]},{\"@type\":\"ImageObject\",\"inLanguage\":\"it-IT\",\"@id\":\"https:\\\/\\\/www.rassegnastampa-totustuus.it\\\/cattolica\\\/i-giovani-ci-chiedono-non-lasciateci-soli\\\/#primaryimage\",\"url\":\"https:\\\/\\\/www.rassegnastampa-totustuus.it\\\/cattolica\\\/wp-content\\\/uploads\\\/2018\\\/12\\\/soccorsi_incidente.jpg\",\"contentUrl\":\"https:\\\/\\\/www.rassegnastampa-totustuus.it\\\/cattolica\\\/wp-content\\\/uploads\\\/2018\\\/12\\\/soccorsi_incidente.jpg\",\"width\":294,\"height\":171},{\"@type\":\"BreadcrumbList\",\"@id\":\"https:\\\/\\\/www.rassegnastampa-totustuus.it\\\/cattolica\\\/i-giovani-ci-chiedono-non-lasciateci-soli\\\/#breadcrumb\",\"itemListElement\":[{\"@type\":\"ListItem\",\"position\":1,\"name\":\"Home\",\"item\":\"https:\\\/\\\/www.rassegnastampa-totustuus.it\\\/cattolica\\\/\"},{\"@type\":\"ListItem\",\"position\":2,\"name\":\"\u00abI giovani ci chiedono: non lasciateci soli\u00bb\"}]},{\"@type\":\"WebSite\",\"@id\":\"https:\\\/\\\/www.rassegnastampa-totustuus.it\\\/cattolica\\\/#website\",\"url\":\"https:\\\/\\\/www.rassegnastampa-totustuus.it\\\/cattolica\\\/\",\"name\":\"Rassegna Stampa Cattolica\",\"description\":\"Per una cultura che nasce dalla Rivelazione cristiana in conformit\u00e0 alla tradizione e al Magistero della Chiesa in opposizione ad ogni relativismo e totalitarismo\",\"publisher\":{\"@id\":\"https:\\\/\\\/www.rassegnastampa-totustuus.it\\\/cattolica\\\/#organization\"},\"alternateName\":\"Rass. Cattolica\",\"potentialAction\":[{\"@type\":\"SearchAction\",\"target\":{\"@type\":\"EntryPoint\",\"urlTemplate\":\"https:\\\/\\\/www.rassegnastampa-totustuus.it\\\/cattolica\\\/?s={search_term_string}\"},\"query-input\":{\"@type\":\"PropertyValueSpecification\",\"valueRequired\":true,\"valueName\":\"search_term_string\"}}],\"inLanguage\":\"it-IT\"},{\"@type\":\"Organization\",\"@id\":\"https:\\\/\\\/www.rassegnastampa-totustuus.it\\\/cattolica\\\/#organization\",\"name\":\"Rassegna Stampa Cattolica\",\"url\":\"https:\\\/\\\/www.rassegnastampa-totustuus.it\\\/cattolica\\\/\",\"logo\":{\"@type\":\"ImageObject\",\"inLanguage\":\"it-IT\",\"@id\":\"https:\\\/\\\/www.rassegnastampa-totustuus.it\\\/cattolica\\\/#\\\/schema\\\/logo\\\/image\\\/\",\"url\":\"https:\\\/\\\/www.rassegnastampa-totustuus.it\\\/cattolica\\\/wp-content\\\/uploads\\\/2014\\\/04\\\/logo-rassegna1.gif\",\"contentUrl\":\"https:\\\/\\\/www.rassegnastampa-totustuus.it\\\/cattolica\\\/wp-content\\\/uploads\\\/2014\\\/04\\\/logo-rassegna1.gif\",\"width\":600,\"height\":163,\"caption\":\"Rassegna Stampa Cattolica\"},\"image\":{\"@id\":\"https:\\\/\\\/www.rassegnastampa-totustuus.it\\\/cattolica\\\/#\\\/schema\\\/logo\\\/image\\\/\"},\"sameAs\":[\"https:\\\/\\\/www.facebook.com\\\/rassegnastampacattolica\",\"https:\\\/\\\/x.com\\\/rassegnastampa9\"]},{\"@type\":\"Person\",\"@id\":\"https:\\\/\\\/www.rassegnastampa-totustuus.it\\\/cattolica\\\/#\\\/schema\\\/person\\\/08f319d2bd1a0904ad9e2bfb7b15e5c3\",\"name\":\"Redazione\",\"image\":{\"@type\":\"ImageObject\",\"inLanguage\":\"it-IT\",\"@id\":\"https:\\\/\\\/secure.gravatar.com\\\/avatar\\\/2fcdf27c78ea025fbdb44e914cc63c72249ffec9dc8aafd5c82b26240ef3f346?s=96&d=mm&r=g\",\"url\":\"https:\\\/\\\/secure.gravatar.com\\\/avatar\\\/2fcdf27c78ea025fbdb44e914cc63c72249ffec9dc8aafd5c82b26240ef3f346?s=96&d=mm&r=g\",\"contentUrl\":\"https:\\\/\\\/secure.gravatar.com\\\/avatar\\\/2fcdf27c78ea025fbdb44e914cc63c72249ffec9dc8aafd5c82b26240ef3f346?s=96&d=mm&r=g\",\"caption\":\"Redazione\"},\"url\":\"https:\\\/\\\/www.rassegnastampa-totustuus.it\\\/cattolica\\\/author\\\/pietroelle\\\/\"}]}<\/script>\n<!-- \/ Yoast SEO plugin. -->","yoast_head_json":{"title":"\u00abI giovani ci chiedono: non lasciateci soli\u00bb - Rassegna Stampa Cattolica","description":"Rassegna Stampa Cattolica - Per una cultura che nasce dalla Rivelazione cristiana in conformit\u00e0 alla tradizione e al Magistero della Chiesa in opposizione ad ogni relativismo e totalitarismo","robots":{"index":"index","follow":"follow","max-snippet":"max-snippet:-1","max-image-preview":"max-image-preview:large","max-video-preview":"max-video-preview:-1"},"canonical":"https:\/\/www.rassegnastampa-totustuus.it\/cattolica\/i-giovani-ci-chiedono-non-lasciateci-soli\/","og_locale":"it_IT","og_type":"article","og_title":"\u00abI giovani ci chiedono: non lasciateci soli\u00bb - Rassegna Stampa Cattolica","og_description":"Rassegna Stampa Cattolica - Per una cultura che nasce dalla Rivelazione cristiana in conformit\u00e0 alla tradizione e al Magistero della Chiesa in opposizione ad ogni relativismo e totalitarismo","og_url":"https:\/\/www.rassegnastampa-totustuus.it\/cattolica\/i-giovani-ci-chiedono-non-lasciateci-soli\/","og_site_name":"Rassegna Stampa Cattolica","article_publisher":"https:\/\/www.facebook.com\/rassegnastampacattolica","article_published_time":"2018-12-12T23:00:45+00:00","og_image":[{"width":294,"height":171,"url":"https:\/\/www.rassegnastampa-totustuus.it\/cattolica\/wp-content\/uploads\/2018\/12\/soccorsi_incidente.jpg","type":"image\/jpeg"}],"author":"Redazione","twitter_card":"summary_large_image","twitter_creator":"@rassegnastampa9","twitter_site":"@rassegnastampa9","twitter_misc":{"Scritto da":"Redazione","Tempo di lettura stimato":"7 minuti"},"schema":{"@context":"https:\/\/schema.org","@graph":[{"@type":"Article","@id":"https:\/\/www.rassegnastampa-totustuus.it\/cattolica\/i-giovani-ci-chiedono-non-lasciateci-soli\/#article","isPartOf":{"@id":"https:\/\/www.rassegnastampa-totustuus.it\/cattolica\/i-giovani-ci-chiedono-non-lasciateci-soli\/"},"author":{"name":"Redazione","@id":"https:\/\/www.rassegnastampa-totustuus.it\/cattolica\/#\/schema\/person\/08f319d2bd1a0904ad9e2bfb7b15e5c3"},"headline":"\u00abI giovani ci chiedono: non lasciateci soli\u00bb","datePublished":"2018-12-12T23:00:45+00:00","mainEntityOfPage":{"@id":"https:\/\/www.rassegnastampa-totustuus.it\/cattolica\/i-giovani-ci-chiedono-non-lasciateci-soli\/"},"wordCount":1361,"publisher":{"@id":"https:\/\/www.rassegnastampa-totustuus.it\/cattolica\/#organization"},"image":{"@id":"https:\/\/www.rassegnastampa-totustuus.it\/cattolica\/i-giovani-ci-chiedono-non-lasciateci-soli\/#primaryimage"},"thumbnailUrl":"https:\/\/www.rassegnastampa-totustuus.it\/cattolica\/wp-content\/uploads\/2018\/12\/soccorsi_incidente.jpg","keywords":["educazione","giovani"],"articleSection":["Costume","Scuola ed educazione"],"inLanguage":"it-IT"},{"@type":"WebPage","@id":"https:\/\/www.rassegnastampa-totustuus.it\/cattolica\/i-giovani-ci-chiedono-non-lasciateci-soli\/","url":"https:\/\/www.rassegnastampa-totustuus.it\/cattolica\/i-giovani-ci-chiedono-non-lasciateci-soli\/","name":"\u00abI giovani ci chiedono: non lasciateci soli\u00bb - Rassegna Stampa Cattolica","isPartOf":{"@id":"https:\/\/www.rassegnastampa-totustuus.it\/cattolica\/#website"},"primaryImageOfPage":{"@id":"https:\/\/www.rassegnastampa-totustuus.it\/cattolica\/i-giovani-ci-chiedono-non-lasciateci-soli\/#primaryimage"},"image":{"@id":"https:\/\/www.rassegnastampa-totustuus.it\/cattolica\/i-giovani-ci-chiedono-non-lasciateci-soli\/#primaryimage"},"thumbnailUrl":"https:\/\/www.rassegnastampa-totustuus.it\/cattolica\/wp-content\/uploads\/2018\/12\/soccorsi_incidente.jpg","datePublished":"2018-12-12T23:00:45+00:00","description":"Rassegna Stampa Cattolica - Per una cultura che nasce dalla Rivelazione cristiana in conformit\u00e0 alla tradizione e al Magistero della Chiesa in opposizione ad ogni relativismo e totalitarismo","breadcrumb":{"@id":"https:\/\/www.rassegnastampa-totustuus.it\/cattolica\/i-giovani-ci-chiedono-non-lasciateci-soli\/#breadcrumb"},"inLanguage":"it-IT","potentialAction":[{"@type":"ReadAction","target":["https:\/\/www.rassegnastampa-totustuus.it\/cattolica\/i-giovani-ci-chiedono-non-lasciateci-soli\/"]}]},{"@type":"ImageObject","inLanguage":"it-IT","@id":"https:\/\/www.rassegnastampa-totustuus.it\/cattolica\/i-giovani-ci-chiedono-non-lasciateci-soli\/#primaryimage","url":"https:\/\/www.rassegnastampa-totustuus.it\/cattolica\/wp-content\/uploads\/2018\/12\/soccorsi_incidente.jpg","contentUrl":"https:\/\/www.rassegnastampa-totustuus.it\/cattolica\/wp-content\/uploads\/2018\/12\/soccorsi_incidente.jpg","width":294,"height":171},{"@type":"BreadcrumbList","@id":"https:\/\/www.rassegnastampa-totustuus.it\/cattolica\/i-giovani-ci-chiedono-non-lasciateci-soli\/#breadcrumb","itemListElement":[{"@type":"ListItem","position":1,"name":"Home","item":"https:\/\/www.rassegnastampa-totustuus.it\/cattolica\/"},{"@type":"ListItem","position":2,"name":"\u00abI giovani ci chiedono: non lasciateci soli\u00bb"}]},{"@type":"WebSite","@id":"https:\/\/www.rassegnastampa-totustuus.it\/cattolica\/#website","url":"https:\/\/www.rassegnastampa-totustuus.it\/cattolica\/","name":"Rassegna Stampa Cattolica","description":"Per una cultura che nasce dalla Rivelazione cristiana in conformit\u00e0 alla tradizione e al Magistero della Chiesa in opposizione ad ogni relativismo e totalitarismo","publisher":{"@id":"https:\/\/www.rassegnastampa-totustuus.it\/cattolica\/#organization"},"alternateName":"Rass. Cattolica","potentialAction":[{"@type":"SearchAction","target":{"@type":"EntryPoint","urlTemplate":"https:\/\/www.rassegnastampa-totustuus.it\/cattolica\/?s={search_term_string}"},"query-input":{"@type":"PropertyValueSpecification","valueRequired":true,"valueName":"search_term_string"}}],"inLanguage":"it-IT"},{"@type":"Organization","@id":"https:\/\/www.rassegnastampa-totustuus.it\/cattolica\/#organization","name":"Rassegna Stampa Cattolica","url":"https:\/\/www.rassegnastampa-totustuus.it\/cattolica\/","logo":{"@type":"ImageObject","inLanguage":"it-IT","@id":"https:\/\/www.rassegnastampa-totustuus.it\/cattolica\/#\/schema\/logo\/image\/","url":"https:\/\/www.rassegnastampa-totustuus.it\/cattolica\/wp-content\/uploads\/2014\/04\/logo-rassegna1.gif","contentUrl":"https:\/\/www.rassegnastampa-totustuus.it\/cattolica\/wp-content\/uploads\/2014\/04\/logo-rassegna1.gif","width":600,"height":163,"caption":"Rassegna Stampa Cattolica"},"image":{"@id":"https:\/\/www.rassegnastampa-totustuus.it\/cattolica\/#\/schema\/logo\/image\/"},"sameAs":["https:\/\/www.facebook.com\/rassegnastampacattolica","https:\/\/x.com\/rassegnastampa9"]},{"@type":"Person","@id":"https:\/\/www.rassegnastampa-totustuus.it\/cattolica\/#\/schema\/person\/08f319d2bd1a0904ad9e2bfb7b15e5c3","name":"Redazione","image":{"@type":"ImageObject","inLanguage":"it-IT","@id":"https:\/\/secure.gravatar.com\/avatar\/2fcdf27c78ea025fbdb44e914cc63c72249ffec9dc8aafd5c82b26240ef3f346?s=96&d=mm&r=g","url":"https:\/\/secure.gravatar.com\/avatar\/2fcdf27c78ea025fbdb44e914cc63c72249ffec9dc8aafd5c82b26240ef3f346?s=96&d=mm&r=g","contentUrl":"https:\/\/secure.gravatar.com\/avatar\/2fcdf27c78ea025fbdb44e914cc63c72249ffec9dc8aafd5c82b26240ef3f346?s=96&d=mm&r=g","caption":"Redazione"},"url":"https:\/\/www.rassegnastampa-totustuus.it\/cattolica\/author\/pietroelle\/"}]}},"_links":{"self":[{"href":"https:\/\/www.rassegnastampa-totustuus.it\/cattolica\/wp-json\/wp\/v2\/posts\/41814","targetHints":{"allow":["GET"]}}],"collection":[{"href":"https:\/\/www.rassegnastampa-totustuus.it\/cattolica\/wp-json\/wp\/v2\/posts"}],"about":[{"href":"https:\/\/www.rassegnastampa-totustuus.it\/cattolica\/wp-json\/wp\/v2\/types\/post"}],"author":[{"embeddable":true,"href":"https:\/\/www.rassegnastampa-totustuus.it\/cattolica\/wp-json\/wp\/v2\/users\/6"}],"replies":[{"embeddable":true,"href":"https:\/\/www.rassegnastampa-totustuus.it\/cattolica\/wp-json\/wp\/v2\/comments?post=41814"}],"version-history":[{"count":1,"href":"https:\/\/www.rassegnastampa-totustuus.it\/cattolica\/wp-json\/wp\/v2\/posts\/41814\/revisions"}],"predecessor-version":[{"id":41816,"href":"https:\/\/www.rassegnastampa-totustuus.it\/cattolica\/wp-json\/wp\/v2\/posts\/41814\/revisions\/41816"}],"wp:featuredmedia":[{"embeddable":true,"href":"https:\/\/www.rassegnastampa-totustuus.it\/cattolica\/wp-json\/wp\/v2\/media\/41815"}],"wp:attachment":[{"href":"https:\/\/www.rassegnastampa-totustuus.it\/cattolica\/wp-json\/wp\/v2\/media?parent=41814"}],"wp:term":[{"taxonomy":"category","embeddable":true,"href":"https:\/\/www.rassegnastampa-totustuus.it\/cattolica\/wp-json\/wp\/v2\/categories?post=41814"},{"taxonomy":"post_tag","embeddable":true,"href":"https:\/\/www.rassegnastampa-totustuus.it\/cattolica\/wp-json\/wp\/v2\/tags?post=41814"}],"curies":[{"name":"wp","href":"https:\/\/api.w.org\/{rel}","templated":true}]}}