{"id":41777,"date":"2019-01-03T00:00:05","date_gmt":"2019-01-02T23:00:05","guid":{"rendered":"http:\/\/www.rassegnastampa-totustuus.it\/cattolica\/?p=41777"},"modified":"2018-12-10T10:28:06","modified_gmt":"2018-12-10T09:28:06","slug":"i-cambiamenti-nel-ricorso-allaborto-differenze-per-eta-e-generazioni","status":"publish","type":"post","link":"https:\/\/www.rassegnastampa-totustuus.it\/cattolica\/i-cambiamenti-nel-ricorso-allaborto-differenze-per-eta-e-generazioni\/","title":{"rendered":"I cambiamenti nel ricorso all\u2019aborto:  differenze per et\u00e0 e generazioni"},"content":{"rendered":"<p style=\"text-align: center;\"><a href=\"https:\/\/www.rassegnastampa-totustuus.it\/cattolica\/wp-content\/uploads\/2018\/12\/donne.jpg\"><img loading=\"lazy\" decoding=\"async\" class=\"alignleft wp-image-41778\" src=\"https:\/\/www.rassegnastampa-totustuus.it\/cattolica\/wp-content\/uploads\/2018\/12\/donne-300x150.jpg\" alt=\"\" width=\"250\" height=\"125\" \/><\/a>da<strong> <a href=\"http:\/\/www.neodemos.info\/\" target=\"_blank\" rel=\"noopener\">Neodemos<\/a> <\/strong>13 Dicembre 2018<\/p>\n<p style=\"text-align: justify;\"><em>La diminuzione degli aborti volontari, in Italia, va letta alla luce dei profondi cambiamenti dei comportamenti sessuali e contraccettivi. Maria Castiglioni, nel suo contributo, ci mostra come le giovani donne di oggi stanno affrontando il primo tratto della loro vita fertile in modo molto diverso rispetto alle loro madri.<\/em><\/p>\n<p style=\"text-align: center;\"><strong>Maria Castiglioni<\/strong><\/p>\n<p><!--more--><\/p>\n<p style=\"text-align: justify;\">Il declino del numero di figli delle donne italiane ha una lunga storia: le nate negli anni \u201920 erano gi\u00e0 scese sotto i 2,5 figli per donna. Ma le prime ad aver avuto, durante tutti gli anni della loro vita riproduttiva, l\u2019opzione di poter ricorrere alla legge 194 sono solo le generazioni della seconda met\u00e0 degli anni \u201960, che hanno avuto mediamente 1,5-1,6 figli.<\/p>\n<p style=\"text-align: justify;\">Come si sono combinate queste due scelte? In che modo la possibilit\u00e0 di abortire in modo sicuro si \u00e8 intrecciata con il comportamento riproduttivo delle donne nate dopo il 1966?<\/p>\n<p style=\"text-align: justify;\"><strong>Il comportamento delle generazioni nate dopo il 1966<\/strong><\/p>\n<p style=\"text-align: justify;\">I dati raccolti durante i quarant\u2019anni di legalizzazione delle IVG in Italia permettono oggi di leggere se e come \u00e8 cambiato il ricorso all\u2019aborto nelle generazioni. Naturalmente, le donne nate dopo il 1966 non hanno ancora raggiunto il termine dell\u2019et\u00e0 riproduttiva ma possono essere confrontate fino a et\u00e0 definite (1). La misura adottata per questi confronti \u00e8 la somma dei tassi di abortivit\u00e0 specifici per et\u00e0: indica quanti aborti sono stati praticati da 1000 donne di una generazione nel corso della loro vita fertile fino all\u2019et\u00e0 indicata. L\u2019analisi \u00e8 condotta sulle sole donne italiane (fig. 1).<\/p>\n<p><a href=\"https:\/\/www.rassegnastampa-totustuus.it\/cattolica\/wp-content\/uploads\/2018\/12\/Tabella-abortivit\u00e0-1.png\"><img loading=\"lazy\" decoding=\"async\" class=\"wp-image-41779 aligncenter\" src=\"https:\/\/www.rassegnastampa-totustuus.it\/cattolica\/wp-content\/uploads\/2018\/12\/Tabella-abortivit\u00e0-1-300x237.png\" alt=\"\" width=\"324\" height=\"256\" srcset=\"https:\/\/www.rassegnastampa-totustuus.it\/cattolica\/wp-content\/uploads\/2018\/12\/Tabella-abortivit\u00e0-1-300x237.png 300w, https:\/\/www.rassegnastampa-totustuus.it\/cattolica\/wp-content\/uploads\/2018\/12\/Tabella-abortivit\u00e0-1-768x606.png 768w, https:\/\/www.rassegnastampa-totustuus.it\/cattolica\/wp-content\/uploads\/2018\/12\/Tabella-abortivit\u00e0-1-1024x809.png 1024w, https:\/\/www.rassegnastampa-totustuus.it\/cattolica\/wp-content\/uploads\/2018\/12\/Tabella-abortivit\u00e0-1.png 1388w\" sizes=\"auto, (max-width: 324px) 100vw, 324px\" \/><\/a><\/p>\n<p style=\"text-align: justify;\">Le donne nate nel 1967 hanno praticato mediamente 0,290 aborti nel corso di tutta la loro vita fertile. Dopo la coorte del 1967, l\u2019abortivit\u00e0 totale, stimata fino a 44 anni, declina, passando da 0,288 a 0,249 aborti per donna tra le nate tra il 1967 e il 1972. Questa diminuzione \u00e8 visibile gi\u00e0 a 24 e a 29 anni, ad indicare che la riduzione dell\u2019abortivit\u00e0 finale di queste generazioni \u00e8 ascrivibile soprattutto a un minore ricorso all\u2019aborto prima dei 30 anni. Anche la fecondit\u00e0 continua il suo declino, che si manifesta analogamente attraverso una consistente riduzione della fecondit\u00e0 prima dei trent\u2019anni, causata da una posticipazione delle nozze e dell\u2019et\u00e0 al primo figlio, non sufficientemente compensata dal recupero delle nascite nelle et\u00e0 successive.<\/p>\n<p style=\"text-align: justify;\">Il declino dell\u2019abortivit\u00e0 dopo i 24 anni continua nelle coorti successive, nate tra 1972 e 1980 circa. Tuttavia, in corrispondenza delle et\u00e0 pi\u00f9 giovani si osserva una lieve inversione di tendenza, con un aumento dell\u2019abortivit\u00e0 al di sotto dei 24 anni. Il declino della fecondit\u00e0, invece, continua il suo corso attraverso la posticipazione delle nascite. Le donne nate negli anni \u201970 sono quelle che, tra le coorti qui considerate, sono protagoniste dei maggiori cambiamenti nei comportamenti sessuali e riproduttivi.<\/p>\n<p style=\"text-align: justify;\">Gi\u00e0 tra le nate negli anni \u201960 si sta assistendo a un\u2019anticipazione dell\u2019et\u00e0 al primo rapporto sessuale, e alla diffusione, anche tra le donne, di rapporti sessuali che precedono le nozze, e con partner che non diventeranno i futuri coniugi. Questi comportamenti si consolidano tra le nate negli anni \u201970, tuttavia non aumenta il numero di nati al di fuori del matrimonio. Cresce la copertura contraccettiva al primo rapporto sessuale (soprattutto quando questo avviene al di fuori del matrimonio) e la proporzione delle donne che fanno uso del preservativo supera, in questa coorte, quella di chi in questa occasione utilizza il coito interrotto (2).<\/p>\n<p style=\"text-align: justify;\"><strong>Come si comportano le giovanissime?<\/strong><\/p>\n<p style=\"text-align: justify;\">La fecondit\u00e0 realizzata prima dei 20 anni si dimezza velocemente passando dalle donne nate nel 1967 a quelle nate nella seconda met\u00e0 degli anni \u201970: da circa 6 figli ogni mille donne si scende a poco pi\u00f9 di 3 figli (fig. 2). Tra le donne minorenni, il numero di nati \u00e8 sempre estremamente contenuto, al di sotto di 1 nato ogni mille donne. Sono fra i livelli pi\u00f9 bassi d\u2019Europa.<\/p>\n<p><a href=\"https:\/\/www.rassegnastampa-totustuus.it\/cattolica\/wp-content\/uploads\/2018\/12\/Tabella-abortivit\u00e0-2.png\"><img loading=\"lazy\" decoding=\"async\" class=\"size-medium wp-image-41780 aligncenter\" src=\"https:\/\/www.rassegnastampa-totustuus.it\/cattolica\/wp-content\/uploads\/2018\/12\/Tabella-abortivit\u00e0-2-300x221.png\" alt=\"\" width=\"300\" height=\"221\" srcset=\"https:\/\/www.rassegnastampa-totustuus.it\/cattolica\/wp-content\/uploads\/2018\/12\/Tabella-abortivit\u00e0-2-300x221.png 300w, https:\/\/www.rassegnastampa-totustuus.it\/cattolica\/wp-content\/uploads\/2018\/12\/Tabella-abortivit\u00e0-2-768x565.png 768w, https:\/\/www.rassegnastampa-totustuus.it\/cattolica\/wp-content\/uploads\/2018\/12\/Tabella-abortivit\u00e0-2-1024x753.png 1024w, https:\/\/www.rassegnastampa-totustuus.it\/cattolica\/wp-content\/uploads\/2018\/12\/Tabella-abortivit\u00e0-2.png 1400w\" sizes=\"auto, (max-width: 300px) 100vw, 300px\" \/><\/a><\/p>\n<p style=\"text-align: justify;\">Anche il ricorso all\u2019aborto tra le giovanissime \u00e8 molto contenuto, ma segue un andamento parzialmente diverso rispetto alla fecondit\u00e0, oscillando tra i 2 e i 3 aborti prima dei 20 anni ogni mille donne.<\/p>\n<p style=\"text-align: justify;\">L\u2019andamento \u00e8 molto simile finch\u00e9 le donne sono minorenni, ma su livelli molto pi\u00f9 contenuti. L\u2019unica differenza \u00e8 il ritardo nel declino, che si osserva solo a partire dalle adolescenti nate alla fine degli anni \u201990. \u00c8 possibile che l\u2019andamento irregolare del ricorso all\u2019aborto sia la combinazione tra le giovani donne della anticipazione dei rapporti sessuali e di un apprendimento progressivo dell\u2019importanza di prevenire il rischio di concepimenti non desiderati.<\/p>\n<p style=\"text-align: justify;\">Il declino osservato tra le giovani nelle ultime generazioni pu\u00f2 essere imputabile alla recente diffusione dell\u2019utilizzo di EllaOne (\u201cpillola dei 5 giorni dopo\u201d) e Norlevo (\u201cpillola del giorno dopo\u201d)? Difficile dirlo, poich\u00e9 l\u2019obbligo di prescrizione \u00e8 stato eliminato solo per le maggiorenni e solo a partire rispettivamente per le due pillole da maggio 2015 e marzo 2016, per cui il loro effetto sembra essere ancora troppo limitato per poter giustificare gli andamenti descritti in fig.2.<\/p>\n<p style=\"text-align: justify;\">In conclusione, il livello contenuto del ricorso alle IVG nelle coorti delle donne italiane sembra essere il risultato di una buona capacit\u00e0 di prevenire il rischio di gravidanze non desiderate, durante tutta la vita fertile.<\/p>\n<p style=\"text-align: justify;\">Tuttavia sembra cruciale mantenere elevata l\u2019attenzione delle giovani generazioni nel momento in cui si affacciano alle prime esperienze sessuali, cercando di comprendere anche le motivazioni sottostanti i comportamenti. L\u2019elevato utilizzo del preservativo a scapito della pillola tra le adolescenti, se da un lato pu\u00f2 segnalare il ricorso a un metodo contraccettivo meno sicuro, dall\u2019altro \u00e8 garanzia di maggiore copertura di fronte al rischio di malattie sessualmente trasmissibili. Inoltre, esso potrebbe riflettere un modo diverso di vivere la sessualit\u00e0, con un investimento nelle relazioni sessuali pi\u00f9 orientato al valore dell\u2019incontro che a una prospettiva di lungo periodo. L\u2019educazione alla responsabilit\u00e0 deve tenere conto anche di questi aspetti.<strong>\u00a0<\/strong><\/p>\n<p style=\"text-align: justify;\"><strong>Per approfondimenti<\/strong><\/p>\n<p style=\"text-align: justify;\"><a href=\"http:\/\/www.salute.gov.it\/imgs\/C_17_pubblicazioni_2686_allegato.pdf\" target=\"_blank\" rel=\"noopener\">Relazione del Ministro della Salute sulla attuazione della legge contenente norme per la tutela sociale della maternit\u00e0 e per l\u2019interruzione volontaria della gravidanza (Legge 194\/78), 2017<\/a><\/p>\n<p style=\"text-align: justify;\"><strong>1)<\/strong> Per le donne nate negli anni precedenti tra il 1937 e il 1966 \u00e8 possibile conoscere il comportamento abortivo solo nella parte finale della vita fertile (si veda la Relazione del Ministro della Salute, 2017).<\/p>\n<p style=\"text-align: justify;\"><strong>2)<\/strong> Barbagli M., Dalla Zuanna G., Garelli F. (2010), La sessualit\u00e0 degli italiani, il Mulino<\/p>\n<p>&nbsp;<\/p>\n","protected":false},"excerpt":{"rendered":"<p>da Neodemos 13 Dicembre 2018 La diminuzione degli aborti volontari, in Italia, va letta alla luce dei profondi cambiamenti dei comportamenti sessuali e contraccettivi. Maria Castiglioni, nel suo contributo, ci mostra come le giovani donne di oggi stanno affrontando il primo tratto della loro vita fertile in modo molto diverso rispetto alle loro madri. Maria &hellip; <\/p>\n<p><a class=\"more-link btn\" href=\"https:\/\/www.rassegnastampa-totustuus.it\/cattolica\/i-cambiamenti-nel-ricorso-allaborto-differenze-per-eta-e-generazioni\/\">Continua a leggere<\/a><\/p>\n","protected":false},"author":6,"featured_media":41778,"comment_status":"closed","ping_status":"closed","sticky":false,"template":"","format":"standard","meta":{"footnotes":""},"categories":[2,9,108],"tags":[2386,1251,2334],"class_list":["post-41777","post","type-post","status-publish","format-standard","has-post-thumbnail","hentry","category-aborto","category-demografia","category-paesi-e-continenti","tag-aborto","tag-italia","tag-popolazione","item-wrap"],"yoast_head":"<!-- This site is optimized with the Yoast SEO plugin v27.4 - https:\/\/yoast.com\/product\/yoast-seo-wordpress\/ -->\n<title>I cambiamenti nel ricorso all\u2019aborto: differenze per et\u00e0 e generazioni - Rassegna Stampa Cattolica<\/title>\n<meta name=\"description\" content=\"Rassegna Stampa Cattolica - Per una cultura che nasce dalla Rivelazione cristiana in conformit\u00e0 alla tradizione e al Magistero della Chiesa in opposizione ad ogni relativismo e totalitarismo\" \/>\n<meta name=\"robots\" content=\"index, follow, max-snippet:-1, max-image-preview:large, max-video-preview:-1\" \/>\n<link rel=\"canonical\" href=\"https:\/\/www.rassegnastampa-totustuus.it\/cattolica\/i-cambiamenti-nel-ricorso-allaborto-differenze-per-eta-e-generazioni\/\" \/>\n<meta property=\"og:locale\" content=\"it_IT\" \/>\n<meta property=\"og:type\" content=\"article\" \/>\n<meta property=\"og:title\" content=\"I cambiamenti nel ricorso all\u2019aborto: differenze per et\u00e0 e generazioni - Rassegna Stampa Cattolica\" \/>\n<meta property=\"og:description\" content=\"Rassegna Stampa Cattolica - Per una cultura che nasce dalla Rivelazione cristiana in conformit\u00e0 alla tradizione e al Magistero della Chiesa in opposizione ad ogni relativismo e totalitarismo\" \/>\n<meta property=\"og:url\" content=\"https:\/\/www.rassegnastampa-totustuus.it\/cattolica\/i-cambiamenti-nel-ricorso-allaborto-differenze-per-eta-e-generazioni\/\" \/>\n<meta property=\"og:site_name\" content=\"Rassegna Stampa Cattolica\" \/>\n<meta property=\"article:publisher\" content=\"https:\/\/www.facebook.com\/rassegnastampacattolica\" \/>\n<meta property=\"article:published_time\" content=\"2019-01-02T23:00:05+00:00\" \/>\n<meta property=\"og:image\" content=\"https:\/\/www.rassegnastampa-totustuus.it\/cattolica\/wp-content\/uploads\/2018\/12\/donne.jpg\" \/>\n\t<meta property=\"og:image:width\" content=\"300\" \/>\n\t<meta property=\"og:image:height\" content=\"150\" \/>\n\t<meta property=\"og:image:type\" content=\"image\/jpeg\" \/>\n<meta name=\"author\" content=\"Redazione\" \/>\n<meta name=\"twitter:card\" content=\"summary_large_image\" \/>\n<meta name=\"twitter:creator\" content=\"@rassegnastampa9\" \/>\n<meta name=\"twitter:site\" content=\"@rassegnastampa9\" \/>\n<meta name=\"twitter:label1\" content=\"Scritto da\" \/>\n\t<meta name=\"twitter:data1\" content=\"Redazione\" \/>\n\t<meta name=\"twitter:label2\" content=\"Tempo di lettura stimato\" \/>\n\t<meta name=\"twitter:data2\" content=\"5 minuti\" \/>\n<script type=\"application\/ld+json\" class=\"yoast-schema-graph\">{\"@context\":\"https:\\\/\\\/schema.org\",\"@graph\":[{\"@type\":\"Article\",\"@id\":\"https:\\\/\\\/www.rassegnastampa-totustuus.it\\\/cattolica\\\/i-cambiamenti-nel-ricorso-allaborto-differenze-per-eta-e-generazioni\\\/#article\",\"isPartOf\":{\"@id\":\"https:\\\/\\\/www.rassegnastampa-totustuus.it\\\/cattolica\\\/i-cambiamenti-nel-ricorso-allaborto-differenze-per-eta-e-generazioni\\\/\"},\"author\":{\"name\":\"Redazione\",\"@id\":\"https:\\\/\\\/www.rassegnastampa-totustuus.it\\\/cattolica\\\/#\\\/schema\\\/person\\\/08f319d2bd1a0904ad9e2bfb7b15e5c3\"},\"headline\":\"I cambiamenti nel ricorso all\u2019aborto: differenze per et\u00e0 e generazioni\",\"datePublished\":\"2019-01-02T23:00:05+00:00\",\"mainEntityOfPage\":{\"@id\":\"https:\\\/\\\/www.rassegnastampa-totustuus.it\\\/cattolica\\\/i-cambiamenti-nel-ricorso-allaborto-differenze-per-eta-e-generazioni\\\/\"},\"wordCount\":1008,\"publisher\":{\"@id\":\"https:\\\/\\\/www.rassegnastampa-totustuus.it\\\/cattolica\\\/#organization\"},\"image\":{\"@id\":\"https:\\\/\\\/www.rassegnastampa-totustuus.it\\\/cattolica\\\/i-cambiamenti-nel-ricorso-allaborto-differenze-per-eta-e-generazioni\\\/#primaryimage\"},\"thumbnailUrl\":\"https:\\\/\\\/www.rassegnastampa-totustuus.it\\\/cattolica\\\/wp-content\\\/uploads\\\/2018\\\/12\\\/donne.jpg\",\"keywords\":[\"Aborto\",\"Italia\",\"popolazione\"],\"articleSection\":[\"Aborto\",\"Demografia\",\"Paesi e continenti\"],\"inLanguage\":\"it-IT\"},{\"@type\":\"WebPage\",\"@id\":\"https:\\\/\\\/www.rassegnastampa-totustuus.it\\\/cattolica\\\/i-cambiamenti-nel-ricorso-allaborto-differenze-per-eta-e-generazioni\\\/\",\"url\":\"https:\\\/\\\/www.rassegnastampa-totustuus.it\\\/cattolica\\\/i-cambiamenti-nel-ricorso-allaborto-differenze-per-eta-e-generazioni\\\/\",\"name\":\"I cambiamenti nel ricorso all\u2019aborto: differenze per et\u00e0 e generazioni - Rassegna Stampa Cattolica\",\"isPartOf\":{\"@id\":\"https:\\\/\\\/www.rassegnastampa-totustuus.it\\\/cattolica\\\/#website\"},\"primaryImageOfPage\":{\"@id\":\"https:\\\/\\\/www.rassegnastampa-totustuus.it\\\/cattolica\\\/i-cambiamenti-nel-ricorso-allaborto-differenze-per-eta-e-generazioni\\\/#primaryimage\"},\"image\":{\"@id\":\"https:\\\/\\\/www.rassegnastampa-totustuus.it\\\/cattolica\\\/i-cambiamenti-nel-ricorso-allaborto-differenze-per-eta-e-generazioni\\\/#primaryimage\"},\"thumbnailUrl\":\"https:\\\/\\\/www.rassegnastampa-totustuus.it\\\/cattolica\\\/wp-content\\\/uploads\\\/2018\\\/12\\\/donne.jpg\",\"datePublished\":\"2019-01-02T23:00:05+00:00\",\"description\":\"Rassegna Stampa Cattolica - Per una cultura che nasce dalla Rivelazione cristiana in conformit\u00e0 alla tradizione e al Magistero della Chiesa in opposizione ad ogni relativismo e totalitarismo\",\"breadcrumb\":{\"@id\":\"https:\\\/\\\/www.rassegnastampa-totustuus.it\\\/cattolica\\\/i-cambiamenti-nel-ricorso-allaborto-differenze-per-eta-e-generazioni\\\/#breadcrumb\"},\"inLanguage\":\"it-IT\",\"potentialAction\":[{\"@type\":\"ReadAction\",\"target\":[\"https:\\\/\\\/www.rassegnastampa-totustuus.it\\\/cattolica\\\/i-cambiamenti-nel-ricorso-allaborto-differenze-per-eta-e-generazioni\\\/\"]}]},{\"@type\":\"ImageObject\",\"inLanguage\":\"it-IT\",\"@id\":\"https:\\\/\\\/www.rassegnastampa-totustuus.it\\\/cattolica\\\/i-cambiamenti-nel-ricorso-allaborto-differenze-per-eta-e-generazioni\\\/#primaryimage\",\"url\":\"https:\\\/\\\/www.rassegnastampa-totustuus.it\\\/cattolica\\\/wp-content\\\/uploads\\\/2018\\\/12\\\/donne.jpg\",\"contentUrl\":\"https:\\\/\\\/www.rassegnastampa-totustuus.it\\\/cattolica\\\/wp-content\\\/uploads\\\/2018\\\/12\\\/donne.jpg\",\"width\":300,\"height\":150},{\"@type\":\"BreadcrumbList\",\"@id\":\"https:\\\/\\\/www.rassegnastampa-totustuus.it\\\/cattolica\\\/i-cambiamenti-nel-ricorso-allaborto-differenze-per-eta-e-generazioni\\\/#breadcrumb\",\"itemListElement\":[{\"@type\":\"ListItem\",\"position\":1,\"name\":\"Home\",\"item\":\"https:\\\/\\\/www.rassegnastampa-totustuus.it\\\/cattolica\\\/\"},{\"@type\":\"ListItem\",\"position\":2,\"name\":\"I cambiamenti nel ricorso all\u2019aborto: differenze per et\u00e0 e generazioni\"}]},{\"@type\":\"WebSite\",\"@id\":\"https:\\\/\\\/www.rassegnastampa-totustuus.it\\\/cattolica\\\/#website\",\"url\":\"https:\\\/\\\/www.rassegnastampa-totustuus.it\\\/cattolica\\\/\",\"name\":\"Rassegna Stampa Cattolica\",\"description\":\"Per una cultura che nasce dalla Rivelazione cristiana in conformit\u00e0 alla tradizione e al Magistero della Chiesa in opposizione ad ogni relativismo e totalitarismo\",\"publisher\":{\"@id\":\"https:\\\/\\\/www.rassegnastampa-totustuus.it\\\/cattolica\\\/#organization\"},\"alternateName\":\"Rass. Cattolica\",\"potentialAction\":[{\"@type\":\"SearchAction\",\"target\":{\"@type\":\"EntryPoint\",\"urlTemplate\":\"https:\\\/\\\/www.rassegnastampa-totustuus.it\\\/cattolica\\\/?s={search_term_string}\"},\"query-input\":{\"@type\":\"PropertyValueSpecification\",\"valueRequired\":true,\"valueName\":\"search_term_string\"}}],\"inLanguage\":\"it-IT\"},{\"@type\":\"Organization\",\"@id\":\"https:\\\/\\\/www.rassegnastampa-totustuus.it\\\/cattolica\\\/#organization\",\"name\":\"Rassegna Stampa Cattolica\",\"url\":\"https:\\\/\\\/www.rassegnastampa-totustuus.it\\\/cattolica\\\/\",\"logo\":{\"@type\":\"ImageObject\",\"inLanguage\":\"it-IT\",\"@id\":\"https:\\\/\\\/www.rassegnastampa-totustuus.it\\\/cattolica\\\/#\\\/schema\\\/logo\\\/image\\\/\",\"url\":\"https:\\\/\\\/www.rassegnastampa-totustuus.it\\\/cattolica\\\/wp-content\\\/uploads\\\/2014\\\/04\\\/logo-rassegna1.gif\",\"contentUrl\":\"https:\\\/\\\/www.rassegnastampa-totustuus.it\\\/cattolica\\\/wp-content\\\/uploads\\\/2014\\\/04\\\/logo-rassegna1.gif\",\"width\":600,\"height\":163,\"caption\":\"Rassegna Stampa Cattolica\"},\"image\":{\"@id\":\"https:\\\/\\\/www.rassegnastampa-totustuus.it\\\/cattolica\\\/#\\\/schema\\\/logo\\\/image\\\/\"},\"sameAs\":[\"https:\\\/\\\/www.facebook.com\\\/rassegnastampacattolica\",\"https:\\\/\\\/x.com\\\/rassegnastampa9\"]},{\"@type\":\"Person\",\"@id\":\"https:\\\/\\\/www.rassegnastampa-totustuus.it\\\/cattolica\\\/#\\\/schema\\\/person\\\/08f319d2bd1a0904ad9e2bfb7b15e5c3\",\"name\":\"Redazione\",\"image\":{\"@type\":\"ImageObject\",\"inLanguage\":\"it-IT\",\"@id\":\"https:\\\/\\\/secure.gravatar.com\\\/avatar\\\/2fcdf27c78ea025fbdb44e914cc63c72249ffec9dc8aafd5c82b26240ef3f346?s=96&d=mm&r=g\",\"url\":\"https:\\\/\\\/secure.gravatar.com\\\/avatar\\\/2fcdf27c78ea025fbdb44e914cc63c72249ffec9dc8aafd5c82b26240ef3f346?s=96&d=mm&r=g\",\"contentUrl\":\"https:\\\/\\\/secure.gravatar.com\\\/avatar\\\/2fcdf27c78ea025fbdb44e914cc63c72249ffec9dc8aafd5c82b26240ef3f346?s=96&d=mm&r=g\",\"caption\":\"Redazione\"},\"url\":\"https:\\\/\\\/www.rassegnastampa-totustuus.it\\\/cattolica\\\/author\\\/pietroelle\\\/\"}]}<\/script>\n<!-- \/ Yoast SEO plugin. -->","yoast_head_json":{"title":"I cambiamenti nel ricorso all\u2019aborto: differenze per et\u00e0 e generazioni - Rassegna Stampa Cattolica","description":"Rassegna Stampa Cattolica - Per una cultura che nasce dalla Rivelazione cristiana in conformit\u00e0 alla tradizione e al Magistero della Chiesa in opposizione ad ogni relativismo e totalitarismo","robots":{"index":"index","follow":"follow","max-snippet":"max-snippet:-1","max-image-preview":"max-image-preview:large","max-video-preview":"max-video-preview:-1"},"canonical":"https:\/\/www.rassegnastampa-totustuus.it\/cattolica\/i-cambiamenti-nel-ricorso-allaborto-differenze-per-eta-e-generazioni\/","og_locale":"it_IT","og_type":"article","og_title":"I cambiamenti nel ricorso all\u2019aborto: differenze per et\u00e0 e generazioni - Rassegna Stampa Cattolica","og_description":"Rassegna Stampa Cattolica - Per una cultura che nasce dalla Rivelazione cristiana in conformit\u00e0 alla tradizione e al Magistero della Chiesa in opposizione ad ogni relativismo e totalitarismo","og_url":"https:\/\/www.rassegnastampa-totustuus.it\/cattolica\/i-cambiamenti-nel-ricorso-allaborto-differenze-per-eta-e-generazioni\/","og_site_name":"Rassegna Stampa Cattolica","article_publisher":"https:\/\/www.facebook.com\/rassegnastampacattolica","article_published_time":"2019-01-02T23:00:05+00:00","og_image":[{"width":300,"height":150,"url":"https:\/\/www.rassegnastampa-totustuus.it\/cattolica\/wp-content\/uploads\/2018\/12\/donne.jpg","type":"image\/jpeg"}],"author":"Redazione","twitter_card":"summary_large_image","twitter_creator":"@rassegnastampa9","twitter_site":"@rassegnastampa9","twitter_misc":{"Scritto da":"Redazione","Tempo di lettura stimato":"5 minuti"},"schema":{"@context":"https:\/\/schema.org","@graph":[{"@type":"Article","@id":"https:\/\/www.rassegnastampa-totustuus.it\/cattolica\/i-cambiamenti-nel-ricorso-allaborto-differenze-per-eta-e-generazioni\/#article","isPartOf":{"@id":"https:\/\/www.rassegnastampa-totustuus.it\/cattolica\/i-cambiamenti-nel-ricorso-allaborto-differenze-per-eta-e-generazioni\/"},"author":{"name":"Redazione","@id":"https:\/\/www.rassegnastampa-totustuus.it\/cattolica\/#\/schema\/person\/08f319d2bd1a0904ad9e2bfb7b15e5c3"},"headline":"I cambiamenti nel ricorso all\u2019aborto: differenze per et\u00e0 e generazioni","datePublished":"2019-01-02T23:00:05+00:00","mainEntityOfPage":{"@id":"https:\/\/www.rassegnastampa-totustuus.it\/cattolica\/i-cambiamenti-nel-ricorso-allaborto-differenze-per-eta-e-generazioni\/"},"wordCount":1008,"publisher":{"@id":"https:\/\/www.rassegnastampa-totustuus.it\/cattolica\/#organization"},"image":{"@id":"https:\/\/www.rassegnastampa-totustuus.it\/cattolica\/i-cambiamenti-nel-ricorso-allaborto-differenze-per-eta-e-generazioni\/#primaryimage"},"thumbnailUrl":"https:\/\/www.rassegnastampa-totustuus.it\/cattolica\/wp-content\/uploads\/2018\/12\/donne.jpg","keywords":["Aborto","Italia","popolazione"],"articleSection":["Aborto","Demografia","Paesi e continenti"],"inLanguage":"it-IT"},{"@type":"WebPage","@id":"https:\/\/www.rassegnastampa-totustuus.it\/cattolica\/i-cambiamenti-nel-ricorso-allaborto-differenze-per-eta-e-generazioni\/","url":"https:\/\/www.rassegnastampa-totustuus.it\/cattolica\/i-cambiamenti-nel-ricorso-allaborto-differenze-per-eta-e-generazioni\/","name":"I cambiamenti nel ricorso all\u2019aborto: differenze per et\u00e0 e generazioni - Rassegna Stampa Cattolica","isPartOf":{"@id":"https:\/\/www.rassegnastampa-totustuus.it\/cattolica\/#website"},"primaryImageOfPage":{"@id":"https:\/\/www.rassegnastampa-totustuus.it\/cattolica\/i-cambiamenti-nel-ricorso-allaborto-differenze-per-eta-e-generazioni\/#primaryimage"},"image":{"@id":"https:\/\/www.rassegnastampa-totustuus.it\/cattolica\/i-cambiamenti-nel-ricorso-allaborto-differenze-per-eta-e-generazioni\/#primaryimage"},"thumbnailUrl":"https:\/\/www.rassegnastampa-totustuus.it\/cattolica\/wp-content\/uploads\/2018\/12\/donne.jpg","datePublished":"2019-01-02T23:00:05+00:00","description":"Rassegna Stampa Cattolica - Per una cultura che nasce dalla Rivelazione cristiana in conformit\u00e0 alla tradizione e al Magistero della Chiesa in opposizione ad ogni relativismo e totalitarismo","breadcrumb":{"@id":"https:\/\/www.rassegnastampa-totustuus.it\/cattolica\/i-cambiamenti-nel-ricorso-allaborto-differenze-per-eta-e-generazioni\/#breadcrumb"},"inLanguage":"it-IT","potentialAction":[{"@type":"ReadAction","target":["https:\/\/www.rassegnastampa-totustuus.it\/cattolica\/i-cambiamenti-nel-ricorso-allaborto-differenze-per-eta-e-generazioni\/"]}]},{"@type":"ImageObject","inLanguage":"it-IT","@id":"https:\/\/www.rassegnastampa-totustuus.it\/cattolica\/i-cambiamenti-nel-ricorso-allaborto-differenze-per-eta-e-generazioni\/#primaryimage","url":"https:\/\/www.rassegnastampa-totustuus.it\/cattolica\/wp-content\/uploads\/2018\/12\/donne.jpg","contentUrl":"https:\/\/www.rassegnastampa-totustuus.it\/cattolica\/wp-content\/uploads\/2018\/12\/donne.jpg","width":300,"height":150},{"@type":"BreadcrumbList","@id":"https:\/\/www.rassegnastampa-totustuus.it\/cattolica\/i-cambiamenti-nel-ricorso-allaborto-differenze-per-eta-e-generazioni\/#breadcrumb","itemListElement":[{"@type":"ListItem","position":1,"name":"Home","item":"https:\/\/www.rassegnastampa-totustuus.it\/cattolica\/"},{"@type":"ListItem","position":2,"name":"I cambiamenti nel ricorso all\u2019aborto: differenze per et\u00e0 e generazioni"}]},{"@type":"WebSite","@id":"https:\/\/www.rassegnastampa-totustuus.it\/cattolica\/#website","url":"https:\/\/www.rassegnastampa-totustuus.it\/cattolica\/","name":"Rassegna Stampa Cattolica","description":"Per una cultura che nasce dalla Rivelazione cristiana in conformit\u00e0 alla tradizione e al Magistero della Chiesa in opposizione ad ogni relativismo e totalitarismo","publisher":{"@id":"https:\/\/www.rassegnastampa-totustuus.it\/cattolica\/#organization"},"alternateName":"Rass. Cattolica","potentialAction":[{"@type":"SearchAction","target":{"@type":"EntryPoint","urlTemplate":"https:\/\/www.rassegnastampa-totustuus.it\/cattolica\/?s={search_term_string}"},"query-input":{"@type":"PropertyValueSpecification","valueRequired":true,"valueName":"search_term_string"}}],"inLanguage":"it-IT"},{"@type":"Organization","@id":"https:\/\/www.rassegnastampa-totustuus.it\/cattolica\/#organization","name":"Rassegna Stampa Cattolica","url":"https:\/\/www.rassegnastampa-totustuus.it\/cattolica\/","logo":{"@type":"ImageObject","inLanguage":"it-IT","@id":"https:\/\/www.rassegnastampa-totustuus.it\/cattolica\/#\/schema\/logo\/image\/","url":"https:\/\/www.rassegnastampa-totustuus.it\/cattolica\/wp-content\/uploads\/2014\/04\/logo-rassegna1.gif","contentUrl":"https:\/\/www.rassegnastampa-totustuus.it\/cattolica\/wp-content\/uploads\/2014\/04\/logo-rassegna1.gif","width":600,"height":163,"caption":"Rassegna Stampa Cattolica"},"image":{"@id":"https:\/\/www.rassegnastampa-totustuus.it\/cattolica\/#\/schema\/logo\/image\/"},"sameAs":["https:\/\/www.facebook.com\/rassegnastampacattolica","https:\/\/x.com\/rassegnastampa9"]},{"@type":"Person","@id":"https:\/\/www.rassegnastampa-totustuus.it\/cattolica\/#\/schema\/person\/08f319d2bd1a0904ad9e2bfb7b15e5c3","name":"Redazione","image":{"@type":"ImageObject","inLanguage":"it-IT","@id":"https:\/\/secure.gravatar.com\/avatar\/2fcdf27c78ea025fbdb44e914cc63c72249ffec9dc8aafd5c82b26240ef3f346?s=96&d=mm&r=g","url":"https:\/\/secure.gravatar.com\/avatar\/2fcdf27c78ea025fbdb44e914cc63c72249ffec9dc8aafd5c82b26240ef3f346?s=96&d=mm&r=g","contentUrl":"https:\/\/secure.gravatar.com\/avatar\/2fcdf27c78ea025fbdb44e914cc63c72249ffec9dc8aafd5c82b26240ef3f346?s=96&d=mm&r=g","caption":"Redazione"},"url":"https:\/\/www.rassegnastampa-totustuus.it\/cattolica\/author\/pietroelle\/"}]}},"_links":{"self":[{"href":"https:\/\/www.rassegnastampa-totustuus.it\/cattolica\/wp-json\/wp\/v2\/posts\/41777","targetHints":{"allow":["GET"]}}],"collection":[{"href":"https:\/\/www.rassegnastampa-totustuus.it\/cattolica\/wp-json\/wp\/v2\/posts"}],"about":[{"href":"https:\/\/www.rassegnastampa-totustuus.it\/cattolica\/wp-json\/wp\/v2\/types\/post"}],"author":[{"embeddable":true,"href":"https:\/\/www.rassegnastampa-totustuus.it\/cattolica\/wp-json\/wp\/v2\/users\/6"}],"replies":[{"embeddable":true,"href":"https:\/\/www.rassegnastampa-totustuus.it\/cattolica\/wp-json\/wp\/v2\/comments?post=41777"}],"version-history":[{"count":1,"href":"https:\/\/www.rassegnastampa-totustuus.it\/cattolica\/wp-json\/wp\/v2\/posts\/41777\/revisions"}],"predecessor-version":[{"id":41781,"href":"https:\/\/www.rassegnastampa-totustuus.it\/cattolica\/wp-json\/wp\/v2\/posts\/41777\/revisions\/41781"}],"wp:featuredmedia":[{"embeddable":true,"href":"https:\/\/www.rassegnastampa-totustuus.it\/cattolica\/wp-json\/wp\/v2\/media\/41778"}],"wp:attachment":[{"href":"https:\/\/www.rassegnastampa-totustuus.it\/cattolica\/wp-json\/wp\/v2\/media?parent=41777"}],"wp:term":[{"taxonomy":"category","embeddable":true,"href":"https:\/\/www.rassegnastampa-totustuus.it\/cattolica\/wp-json\/wp\/v2\/categories?post=41777"},{"taxonomy":"post_tag","embeddable":true,"href":"https:\/\/www.rassegnastampa-totustuus.it\/cattolica\/wp-json\/wp\/v2\/tags?post=41777"}],"curies":[{"name":"wp","href":"https:\/\/api.w.org\/{rel}","templated":true}]}}