{"id":41742,"date":"2018-12-20T00:00:04","date_gmt":"2018-12-19T23:00:04","guid":{"rendered":"http:\/\/www.rassegnastampa-totustuus.it\/cattolica\/?p=41742"},"modified":"2018-12-03T10:17:14","modified_gmt":"2018-12-03T09:17:14","slug":"patria-ed-esercito-legame-indissolubile","status":"publish","type":"post","link":"https:\/\/www.rassegnastampa-totustuus.it\/cattolica\/patria-ed-esercito-legame-indissolubile\/","title":{"rendered":"Patria ed Esercito legame indissolubile"},"content":{"rendered":"<p style=\"text-align: center;\"><strong><a href=\"https:\/\/www.rassegnastampa-totustuus.it\/cattolica\/wp-content\/uploads\/2018\/12\/esercito_soldati.jpg\"><img loading=\"lazy\" decoding=\"async\" class=\"alignright wp-image-41743\" src=\"https:\/\/www.rassegnastampa-totustuus.it\/cattolica\/wp-content\/uploads\/2018\/12\/esercito_soldati.jpg\" alt=\"\" width=\"250\" height=\"164\" \/><\/a>Il Borghese<\/strong> n. 12, dicembre 2018<\/p>\n<p style=\"text-align: justify;\">Sintesi della relazione del presidente dell\u2019<em>Associazione Nazionale Paracadutisti d\u2019Italia<\/em> Gen. Marco Bertolini al convegno \u201c<em>L\u2019Italia e la sua Vittoria, 1918-2018<\/em>\u201d &#8211; Roma, Camera dei Deputati, 6 novembre 2018<\/p>\n<p style=\"text-align: center;\">di<strong> Marco Bertolini<\/strong><\/p>\n<p><!--more--><\/p>\n<p style=\"text-align: justify;\">Cosa ci ha lasciato la prima guerra mondiale? La risposta la vorrei dare partendo da Giovanni Guareschi. Molti ricorderanno quel film, tratto dai suoi arcinoti romanzi di Don Camillo e Peppone, nel quale l\u2019onorevole comunista sta partendo con una sua filippica antimilitarista e antinazionale nella piazza di Brescello e, naturalmente, il parroco impersonato da Fernandel non ci sta. Don Camillo, infatti, spara a tutto volume <em>La canzone del Piave<\/em> (1918) dagli altoparlanti del suo campanile ed ecco che, subito dopo le prime note, il Sindaco cambia completamente registro al suo discorso trasformandolo in una filippica estremamente patriottica che si conclude con un sincretico appello al \u00ab<em>bene indissolubile del Re e della Patria<\/em>\u00bb e, quindi, con un tonante \u00ab<em>Viva la Repubblica e l\u2019Esercito!<\/em>\u00bb\u2026<\/p>\n<p style=\"text-align: justify;\">Cosa ci sta a indicare questa scenetta, sicuramente frutto di fantasia, che per\u00f2 non si allontana molto dallo spirito di quegli anni? Ci sta a indicare che anche dopo una terribile guerra civile era rimasto intatto un sentimento di condivisione, di solidariet\u00e0 nazionale che aveva la meglio anche di tutte le diatribe e sulle sanguinose divisioni di una guerra civile crudele come quella da poco conclusa.<\/p>\n<p style=\"text-align: justify;\"><a href=\"https:\/\/www.rassegnastampa-totustuus.it\/cattolica\/wp-content\/uploads\/2018\/11\/esercito_militari.jpg\"><img loading=\"lazy\" decoding=\"async\" class=\"alignleft wp-image-41672\" src=\"https:\/\/www.rassegnastampa-totustuus.it\/cattolica\/wp-content\/uploads\/2018\/11\/esercito_militari.jpg\" alt=\"\" width=\"250\" height=\"166\" \/><\/a>Nel suo discorso finale il Sindaco \u201ccomunista\u201d associa Patria ed Esercito mettendo assieme due temi che sono sempre stati pronunciati assieme, per indicare che senza le Forze Armate, senza l\u2019Esercito, la Patria non pu\u00f2 esistere! E stiamo parlando di una cultura che, nonostante tutto, arriva fino a noi. Ad esempio, la Costituzione Italiana, all\u2019art. 87, pone in capo al Presidente della Repubblica \u00ab<em>il comando delle Forze armate<\/em>\u00bb per l\u2019altissimo valore simbolico dell\u2019Istituzione militare, mentre non prevede che sia Comandante delle Forze di polizia o della Protezione civile che, pure, sono realt\u00e0 istituzionali importantissime per la nostra sicurezza collettiva.<\/p>\n<p style=\"text-align: justify;\">Durante la 1^ Guerra Mondiale i nostri vecchi combatterono per la nostra indipendenza e per l\u2019unit\u00e0 del paese, ed \u00e8 triste constatare che la sovranit\u00e0, che dell\u2019indipendenza \u00e8 un sinonimo, \u00e8 diventata oggi motivo di divisione e non di unione. Negare la nostra sovranit\u00e0, la nostra indipendenza implica l\u2019idea, ripetuta da chi non ci vuole bene, che l\u2019Italia sia un Paese di vigliacchi, di maneggioni, di corrotti, non in grado di amministrarsi da solo e da far amministrare ad altri. Ma tutto questo non \u00e8 affatto vero! Pensiamo ai nostri padri, ai nostri nonni che hanno ricostruito l\u2019Italia dopo la 2^ guerra mondiale. Loro non erano maneggioni, non era corrotti, era gente che sapeva lavorare e che si \u00e8 spaccata la schiena per darci quella Nazione prospera e libera che, per\u00f2, adesso stiamo lasciando andare\u2026<\/p>\n<p style=\"text-align: justify;\">Dovremmo invece prendere esempio da quei contadini di cent\u2019anni fa, da quegli operai e da quegli studenti che, lasciati gli strumenti di lavoro e i libri per imbracciare il fucile, si sono fatti letteralmente grattugiare sul Carso. Magari non tutti capivano le ragioni della guerra, ma hanno obbedito alle autorit\u00e0, affrontando prove durissime e consegnandoci una Patria libera e finalmente unita.<\/p>\n<p style=\"text-align: justify;\"><a href=\"https:\/\/www.rassegnastampa-totustuus.it\/cattolica\/wp-content\/uploads\/2010\/06\/bandiera_Italia.jpg\"><img loading=\"lazy\" decoding=\"async\" class=\"alignright wp-image-21098\" src=\"https:\/\/www.rassegnastampa-totustuus.it\/cattolica\/wp-content\/uploads\/2010\/06\/bandiera_Italia.jpg\" alt=\"\" width=\"250\" height=\"187\" \/><\/a>Nei primi anni di guerra, la loro opera non era completamente compresa dal resto della nazione, che continuava, mentre erano al fronte, a godersi le proprie citt\u00e0 al riparo dalle azioni del nemico, limitate al fonte. Ma venne Caporetto e l\u2019Italia cap\u00ec che doveva impegnarsi a fianco dell\u2019Esercito, per sopravvivere: moltissime donne furono mandate nelle fabbriche a sostituire gli uomini nella produzione bellica, vennero creati gli Arditi che sfruttavano una nostra propensione antica al combattimento pi\u00f9 feroce e si inventarono nuovi sistemi di guerra, come l\u2019uso del paracadute che da strumento di salvamento per aerostieri venne utilizzato per la prima volta al mondo per infiltrare informatori dietro le linee austriache.<\/p>\n<p style=\"text-align: justify;\">Protagonista di questa azione innovativa e rivoluzionaria fu un Tenente degli Arditi, Alessandro Tandura (1893-1937), nonch\u00e9 altri tre Ufficiali italiani autori di azioni analoghe.<\/p>\n<p style=\"text-align: justify;\">Inventammo anche la guerra psicologica, inaugurata per la prima volta al mondo dal volo su Vienna del 9 agosto 1918 del poeta-soldato Gabriele D&#8217;Annunzio. La sua fu una trasvolata, compiuta a capo di 11 Ansaldo S.V.A. dell&#8217;87\u00aa Squadriglia Aeroplani, ideata appunto non per sganciare bombe ma per lanciare nel cielo della capitale austriaca migliaia di volantini di propaganda filo-italiana. A quel tempo non c&#8217;era internet, non c\u2019era la radio o la televisione, ma c&#8217;era il coraggio di un pilota che arrischiava la sua vita per lanciare con un volantino il suo grido di amore per l\u2019Italia.<\/p>\n<p style=\"text-align: justify;\">Oggi, azioni del genere vengono effettuate da reparti appositi, specializzati nella disseminazione di messaggi volti ad influenzare il morale nemico, o comunque delle opinioni pubbliche in qualche modo coinvolte nelle nostre attivit\u00e0. Per queste cose, venimmo temuti ed ammirati al tempo stesso, come testimoniato anche dalle pagine di Hemingway, letteralmente affascinato dal vigore degli Arditi, da lui descritti come i migliori combattenti che potessero esistere.<\/p>\n<p style=\"text-align: justify;\"><a href=\"https:\/\/www.rassegnastampa-totustuus.it\/cattolica\/wp-content\/uploads\/2018\/11\/Grande-Guerra.jpg\"><img loading=\"lazy\" decoding=\"async\" class=\"alignleft wp-image-41485\" src=\"https:\/\/www.rassegnastampa-totustuus.it\/cattolica\/wp-content\/uploads\/2018\/11\/Grande-Guerra.jpg\" alt=\"\" width=\"250\" height=\"179\" \/><\/a>Tutte cose, queste, che dimostrano la falsit\u00e0 dei luoghi comuni imposti con un certo compiacimento anche da molti nostri intellettuali, circa una sorta di vigliaccheria dell\u2019Italiano, come se fosse negato per la militarit\u00e0 in genere e per il combattimento. Loro dimostrarono che non \u00e8 vero. Ecco, dopo Caporetto furono anche chiamati alla leva i \u201cragazzi del &#8217;99\u201d, i diciottenni di allora e vennero richiamati anche i pi\u00f9 anziani degli anni \u201980 del 19mo secolo che avevano gi\u00e0 prestato il servizio militare (di tre anni) precedentemente.<\/p>\n<p style=\"text-align: justify;\">L\u2019Italia, insomma, si ammass\u00f2 sul Piave e nell\u2019inverno del 1918 sfond\u00f2 per prima le difese degli Imperi Centrali portando alla fine della guerra e alla Vittoria che ha completato l&#8217;unit\u00e0 del paese. Ed \u00e8 per questo che fino a poche generazioni fa, tutti gli Italiani si riconoscevano nella festa del 4 novembre, festa inclusiva per antonomasia nella quale ci celebravamo in quanto Italiani e non in quanto Repubblicani contrapposti ai Monarchici come nel 2 giugno o in fascisti contrapposti ad antifascisti il 25 aprile.<\/p>\n<p style=\"text-align: justify;\">Eravamo un popolo orgoglioso di avere combattuto e vinto unito, grazie agli Interventisti, agli Antinterventisti, ai Socialisti, ai Cattolici, nonch\u00e9 a quelli che sarebbero poi diventati i Fascisti, confluiti tutti nelle stesse unit\u00e0, tutti coesi contro il nemico comune di allora. Eravamo un popolo con la consapevolezza che la \u201cVittoria\u201d era stata il frutto dell\u2019unit\u00e0 trovata nelle trincee che, invece, a partire presso a poco dal Sessantotto in poi, \u00e8 stata progressivamente dimenticata.<\/p>\n<p style=\"text-align: justify;\">Quei soldati combatterono per la nostra sovranit\u00e0 che \u00e8 il valore supremo per il quale ancor oggi giurano i militari ma anche i nostri governanti. Combatterono per i nostri confini, non solo territoriali, ma culturali, spirituali, religiosi che ci caratterizzano come Paese con una cultura di fondo comune, materializzata ad esempio nelle stesse effigi della Madonna che veneriamo in tutta la Penisola, nelle stesse chiese.<\/p>\n<p style=\"text-align: justify;\"><a href=\"https:\/\/www.rassegnastampa-totustuus.it\/cattolica\/wp-content\/uploads\/2004\/11\/soldato_italiano.jpg\"><img loading=\"lazy\" decoding=\"async\" class=\"wp-image-31133 alignright\" src=\"https:\/\/www.rassegnastampa-totustuus.it\/cattolica\/wp-content\/uploads\/2004\/11\/soldato_italiano.jpg\" alt=\"\" width=\"200\" height=\"200\" srcset=\"https:\/\/www.rassegnastampa-totustuus.it\/cattolica\/wp-content\/uploads\/2004\/11\/soldato_italiano.jpg 225w, https:\/\/www.rassegnastampa-totustuus.it\/cattolica\/wp-content\/uploads\/2004\/11\/soldato_italiano-150x150.jpg 150w\" sizes=\"auto, (max-width: 200px) 100vw, 200px\" \/><\/a>\u00c8 l\u2019esistenza di questi \u201caltri\u201d confini che rende assurdo lo Ius soli, che poteva forse avere senso per gli Stati Uniti d\u2019America \u2013 anche se ora Trump vuole ridiscuterlo &#8211; all\u2019origine del loro \u201cfarsi nazione\u201d senza farsi scrupolo di ricorrere all\u2019immigrazione ed addirittura allo schiavismo per riempire gli enormi territori che aveva sottratto ai nativi.<\/p>\n<p style=\"text-align: justify;\">Le nostre Forze armate soffrono di questa situazione, e dovremmo ritornare a considerarle per quelle che sono, uno strumento per promuovere l\u2019interesse nazionale che la Comunit\u00e0 Internazionale ha spesso calpestato, come nel caso della guerra alla Libia. Ecco quindi la scorrettezza di utilizzare i nostri soldati a fare da piantoni davanti ai palazzi delle Istituzioni, confondendoli cos\u00ec con le Forze dell\u2019ordine che, per quanto importantissime, hanno una natura e scopi completamente diversi.<\/p>\n<p style=\"text-align: justify;\">Essere \u201csovranisti\u201d senza porsi queste questioni e senza focalizzare la realt\u00e0 delle Forze Armate significa essere sovranisti-farlocchi. La sovranit\u00e0 si basa infatti sicuramente sulla moneta ma anche e indissolubilmente sulle Forze armate. E, senza queste ultime, il paese non pu\u00f2 diventare Patria. Non pu\u00f2 essere Stato.<\/p>\n<p>&nbsp;<\/p>\n","protected":false},"excerpt":{"rendered":"<p>Il Borghese n. 12, dicembre 2018 Sintesi della relazione del presidente dell\u2019Associazione Nazionale Paracadutisti d\u2019Italia Gen. Marco Bertolini al convegno \u201cL\u2019Italia e la sua Vittoria, 1918-2018\u201d &#8211; Roma, Camera dei Deputati, 6 novembre 2018 di Marco Bertolini<\/p><p><a class=\"more-link btn\" href=\"https:\/\/www.rassegnastampa-totustuus.it\/cattolica\/patria-ed-esercito-legame-indissolubile\/\">Continua a leggere<\/a><\/p>\n","protected":false},"author":6,"featured_media":0,"comment_status":"closed","ping_status":"closed","sticky":false,"template":"","format":"standard","meta":{"footnotes":""},"categories":[102,20],"tags":[1112,747,765],"class_list":["post-41742","post","type-post","status-publish","format-standard","hentry","category-italia-contemporanea","category-politica-nazionale","tag-forze-armate","tag-patria","tag-sovranita","item-wrap"],"yoast_head":"<!-- This site is optimized with the Yoast SEO plugin v27.5 - https:\/\/yoast.com\/product\/yoast-seo-wordpress\/ -->\n<title>Patria ed Esercito legame indissolubile - Rassegna Stampa Cattolica<\/title>\n<meta name=\"description\" content=\"Rassegna Stampa Cattolica - Per una cultura che nasce dalla Rivelazione cristiana in conformit\u00e0 alla tradizione e al Magistero della Chiesa in opposizione ad ogni relativismo e totalitarismo\" \/>\n<meta name=\"robots\" content=\"index, follow, max-snippet:-1, max-image-preview:large, max-video-preview:-1\" \/>\n<link rel=\"canonical\" href=\"https:\/\/www.rassegnastampa-totustuus.it\/cattolica\/patria-ed-esercito-legame-indissolubile\/\" \/>\n<meta property=\"og:locale\" content=\"it_IT\" \/>\n<meta property=\"og:type\" content=\"article\" \/>\n<meta property=\"og:title\" content=\"Patria ed Esercito legame indissolubile - Rassegna Stampa Cattolica\" \/>\n<meta property=\"og:description\" content=\"Rassegna Stampa Cattolica - Per una cultura che nasce dalla Rivelazione cristiana in conformit\u00e0 alla tradizione e al Magistero della Chiesa in opposizione ad ogni relativismo e totalitarismo\" \/>\n<meta property=\"og:url\" content=\"https:\/\/www.rassegnastampa-totustuus.it\/cattolica\/patria-ed-esercito-legame-indissolubile\/\" \/>\n<meta property=\"og:site_name\" content=\"Rassegna Stampa Cattolica\" \/>\n<meta property=\"article:publisher\" content=\"https:\/\/www.facebook.com\/rassegnastampacattolica\" \/>\n<meta property=\"article:published_time\" content=\"2018-12-19T23:00:04+00:00\" \/>\n<meta property=\"og:image\" content=\"http:\/\/www.rassegnastampa-totustuus.it\/cattolica\/wp-content\/uploads\/2018\/12\/esercito_soldati.jpg\" \/>\n<meta name=\"author\" content=\"Redazione\" \/>\n<meta name=\"twitter:card\" content=\"summary_large_image\" \/>\n<meta name=\"twitter:creator\" content=\"@rassegnastampa9\" \/>\n<meta name=\"twitter:site\" content=\"@rassegnastampa9\" \/>\n<meta name=\"twitter:label1\" content=\"Scritto da\" \/>\n\t<meta name=\"twitter:data1\" content=\"Redazione\" \/>\n\t<meta name=\"twitter:label2\" content=\"Tempo di lettura stimato\" \/>\n\t<meta name=\"twitter:data2\" content=\"7 minuti\" \/>\n<script type=\"application\/ld+json\" class=\"yoast-schema-graph\">{\"@context\":\"https:\\\/\\\/schema.org\",\"@graph\":[{\"@type\":\"Article\",\"@id\":\"https:\\\/\\\/www.rassegnastampa-totustuus.it\\\/cattolica\\\/patria-ed-esercito-legame-indissolubile\\\/#article\",\"isPartOf\":{\"@id\":\"https:\\\/\\\/www.rassegnastampa-totustuus.it\\\/cattolica\\\/patria-ed-esercito-legame-indissolubile\\\/\"},\"author\":{\"name\":\"Redazione\",\"@id\":\"https:\\\/\\\/www.rassegnastampa-totustuus.it\\\/cattolica\\\/#\\\/schema\\\/person\\\/08f319d2bd1a0904ad9e2bfb7b15e5c3\"},\"headline\":\"Patria ed Esercito legame indissolubile\",\"datePublished\":\"2018-12-19T23:00:04+00:00\",\"mainEntityOfPage\":{\"@id\":\"https:\\\/\\\/www.rassegnastampa-totustuus.it\\\/cattolica\\\/patria-ed-esercito-legame-indissolubile\\\/\"},\"wordCount\":1308,\"publisher\":{\"@id\":\"https:\\\/\\\/www.rassegnastampa-totustuus.it\\\/cattolica\\\/#organization\"},\"image\":{\"@id\":\"https:\\\/\\\/www.rassegnastampa-totustuus.it\\\/cattolica\\\/patria-ed-esercito-legame-indissolubile\\\/#primaryimage\"},\"thumbnailUrl\":\"http:\\\/\\\/www.rassegnastampa-totustuus.it\\\/cattolica\\\/wp-content\\\/uploads\\\/2018\\\/12\\\/esercito_soldati.jpg\",\"keywords\":[\"Forze armate\",\"patria\",\"sovranit\u00e0\"],\"articleSection\":[\"Italia contemporanea\",\"Politica nazionale\"],\"inLanguage\":\"it-IT\"},{\"@type\":\"WebPage\",\"@id\":\"https:\\\/\\\/www.rassegnastampa-totustuus.it\\\/cattolica\\\/patria-ed-esercito-legame-indissolubile\\\/\",\"url\":\"https:\\\/\\\/www.rassegnastampa-totustuus.it\\\/cattolica\\\/patria-ed-esercito-legame-indissolubile\\\/\",\"name\":\"Patria ed Esercito legame indissolubile - Rassegna Stampa Cattolica\",\"isPartOf\":{\"@id\":\"https:\\\/\\\/www.rassegnastampa-totustuus.it\\\/cattolica\\\/#website\"},\"primaryImageOfPage\":{\"@id\":\"https:\\\/\\\/www.rassegnastampa-totustuus.it\\\/cattolica\\\/patria-ed-esercito-legame-indissolubile\\\/#primaryimage\"},\"image\":{\"@id\":\"https:\\\/\\\/www.rassegnastampa-totustuus.it\\\/cattolica\\\/patria-ed-esercito-legame-indissolubile\\\/#primaryimage\"},\"thumbnailUrl\":\"http:\\\/\\\/www.rassegnastampa-totustuus.it\\\/cattolica\\\/wp-content\\\/uploads\\\/2018\\\/12\\\/esercito_soldati.jpg\",\"datePublished\":\"2018-12-19T23:00:04+00:00\",\"description\":\"Rassegna Stampa Cattolica - Per una cultura che nasce dalla Rivelazione cristiana in conformit\u00e0 alla tradizione e al Magistero della Chiesa in opposizione ad ogni relativismo e totalitarismo\",\"breadcrumb\":{\"@id\":\"https:\\\/\\\/www.rassegnastampa-totustuus.it\\\/cattolica\\\/patria-ed-esercito-legame-indissolubile\\\/#breadcrumb\"},\"inLanguage\":\"it-IT\",\"potentialAction\":[{\"@type\":\"ReadAction\",\"target\":[\"https:\\\/\\\/www.rassegnastampa-totustuus.it\\\/cattolica\\\/patria-ed-esercito-legame-indissolubile\\\/\"]}]},{\"@type\":\"ImageObject\",\"inLanguage\":\"it-IT\",\"@id\":\"https:\\\/\\\/www.rassegnastampa-totustuus.it\\\/cattolica\\\/patria-ed-esercito-legame-indissolubile\\\/#primaryimage\",\"url\":\"http:\\\/\\\/www.rassegnastampa-totustuus.it\\\/cattolica\\\/wp-content\\\/uploads\\\/2018\\\/12\\\/esercito_soldati.jpg\",\"contentUrl\":\"http:\\\/\\\/www.rassegnastampa-totustuus.it\\\/cattolica\\\/wp-content\\\/uploads\\\/2018\\\/12\\\/esercito_soldati.jpg\"},{\"@type\":\"BreadcrumbList\",\"@id\":\"https:\\\/\\\/www.rassegnastampa-totustuus.it\\\/cattolica\\\/patria-ed-esercito-legame-indissolubile\\\/#breadcrumb\",\"itemListElement\":[{\"@type\":\"ListItem\",\"position\":1,\"name\":\"Home\",\"item\":\"https:\\\/\\\/www.rassegnastampa-totustuus.it\\\/cattolica\\\/\"},{\"@type\":\"ListItem\",\"position\":2,\"name\":\"Patria ed Esercito legame indissolubile\"}]},{\"@type\":\"WebSite\",\"@id\":\"https:\\\/\\\/www.rassegnastampa-totustuus.it\\\/cattolica\\\/#website\",\"url\":\"https:\\\/\\\/www.rassegnastampa-totustuus.it\\\/cattolica\\\/\",\"name\":\"Rassegna Stampa Cattolica\",\"description\":\"Per una cultura che nasce dalla Rivelazione cristiana in conformit\u00e0 alla tradizione e al Magistero della Chiesa in opposizione ad ogni relativismo e totalitarismo\",\"publisher\":{\"@id\":\"https:\\\/\\\/www.rassegnastampa-totustuus.it\\\/cattolica\\\/#organization\"},\"alternateName\":\"Rass. Cattolica\",\"potentialAction\":[{\"@type\":\"SearchAction\",\"target\":{\"@type\":\"EntryPoint\",\"urlTemplate\":\"https:\\\/\\\/www.rassegnastampa-totustuus.it\\\/cattolica\\\/?s={search_term_string}\"},\"query-input\":{\"@type\":\"PropertyValueSpecification\",\"valueRequired\":true,\"valueName\":\"search_term_string\"}}],\"inLanguage\":\"it-IT\"},{\"@type\":\"Organization\",\"@id\":\"https:\\\/\\\/www.rassegnastampa-totustuus.it\\\/cattolica\\\/#organization\",\"name\":\"Rassegna Stampa Cattolica\",\"url\":\"https:\\\/\\\/www.rassegnastampa-totustuus.it\\\/cattolica\\\/\",\"logo\":{\"@type\":\"ImageObject\",\"inLanguage\":\"it-IT\",\"@id\":\"https:\\\/\\\/www.rassegnastampa-totustuus.it\\\/cattolica\\\/#\\\/schema\\\/logo\\\/image\\\/\",\"url\":\"https:\\\/\\\/www.rassegnastampa-totustuus.it\\\/cattolica\\\/wp-content\\\/uploads\\\/2014\\\/04\\\/logo-rassegna1.gif\",\"contentUrl\":\"https:\\\/\\\/www.rassegnastampa-totustuus.it\\\/cattolica\\\/wp-content\\\/uploads\\\/2014\\\/04\\\/logo-rassegna1.gif\",\"width\":600,\"height\":163,\"caption\":\"Rassegna Stampa Cattolica\"},\"image\":{\"@id\":\"https:\\\/\\\/www.rassegnastampa-totustuus.it\\\/cattolica\\\/#\\\/schema\\\/logo\\\/image\\\/\"},\"sameAs\":[\"https:\\\/\\\/www.facebook.com\\\/rassegnastampacattolica\",\"https:\\\/\\\/x.com\\\/rassegnastampa9\"]},{\"@type\":\"Person\",\"@id\":\"https:\\\/\\\/www.rassegnastampa-totustuus.it\\\/cattolica\\\/#\\\/schema\\\/person\\\/08f319d2bd1a0904ad9e2bfb7b15e5c3\",\"name\":\"Redazione\",\"image\":{\"@type\":\"ImageObject\",\"inLanguage\":\"it-IT\",\"@id\":\"https:\\\/\\\/secure.gravatar.com\\\/avatar\\\/2fcdf27c78ea025fbdb44e914cc63c72249ffec9dc8aafd5c82b26240ef3f346?s=96&d=mm&r=g\",\"url\":\"https:\\\/\\\/secure.gravatar.com\\\/avatar\\\/2fcdf27c78ea025fbdb44e914cc63c72249ffec9dc8aafd5c82b26240ef3f346?s=96&d=mm&r=g\",\"contentUrl\":\"https:\\\/\\\/secure.gravatar.com\\\/avatar\\\/2fcdf27c78ea025fbdb44e914cc63c72249ffec9dc8aafd5c82b26240ef3f346?s=96&d=mm&r=g\",\"caption\":\"Redazione\"},\"url\":\"https:\\\/\\\/www.rassegnastampa-totustuus.it\\\/cattolica\\\/author\\\/pietroelle\\\/\"}]}<\/script>\n<!-- \/ Yoast SEO plugin. -->","yoast_head_json":{"title":"Patria ed Esercito legame indissolubile - Rassegna Stampa Cattolica","description":"Rassegna Stampa Cattolica - Per una cultura che nasce dalla Rivelazione cristiana in conformit\u00e0 alla tradizione e al Magistero della Chiesa in opposizione ad ogni relativismo e totalitarismo","robots":{"index":"index","follow":"follow","max-snippet":"max-snippet:-1","max-image-preview":"max-image-preview:large","max-video-preview":"max-video-preview:-1"},"canonical":"https:\/\/www.rassegnastampa-totustuus.it\/cattolica\/patria-ed-esercito-legame-indissolubile\/","og_locale":"it_IT","og_type":"article","og_title":"Patria ed Esercito legame indissolubile - Rassegna Stampa Cattolica","og_description":"Rassegna Stampa Cattolica - Per una cultura che nasce dalla Rivelazione cristiana in conformit\u00e0 alla tradizione e al Magistero della Chiesa in opposizione ad ogni relativismo e totalitarismo","og_url":"https:\/\/www.rassegnastampa-totustuus.it\/cattolica\/patria-ed-esercito-legame-indissolubile\/","og_site_name":"Rassegna Stampa Cattolica","article_publisher":"https:\/\/www.facebook.com\/rassegnastampacattolica","article_published_time":"2018-12-19T23:00:04+00:00","og_image":[{"url":"http:\/\/www.rassegnastampa-totustuus.it\/cattolica\/wp-content\/uploads\/2018\/12\/esercito_soldati.jpg","type":"","width":"","height":""}],"author":"Redazione","twitter_card":"summary_large_image","twitter_creator":"@rassegnastampa9","twitter_site":"@rassegnastampa9","twitter_misc":{"Scritto da":"Redazione","Tempo di lettura stimato":"7 minuti"},"schema":{"@context":"https:\/\/schema.org","@graph":[{"@type":"Article","@id":"https:\/\/www.rassegnastampa-totustuus.it\/cattolica\/patria-ed-esercito-legame-indissolubile\/#article","isPartOf":{"@id":"https:\/\/www.rassegnastampa-totustuus.it\/cattolica\/patria-ed-esercito-legame-indissolubile\/"},"author":{"name":"Redazione","@id":"https:\/\/www.rassegnastampa-totustuus.it\/cattolica\/#\/schema\/person\/08f319d2bd1a0904ad9e2bfb7b15e5c3"},"headline":"Patria ed Esercito legame indissolubile","datePublished":"2018-12-19T23:00:04+00:00","mainEntityOfPage":{"@id":"https:\/\/www.rassegnastampa-totustuus.it\/cattolica\/patria-ed-esercito-legame-indissolubile\/"},"wordCount":1308,"publisher":{"@id":"https:\/\/www.rassegnastampa-totustuus.it\/cattolica\/#organization"},"image":{"@id":"https:\/\/www.rassegnastampa-totustuus.it\/cattolica\/patria-ed-esercito-legame-indissolubile\/#primaryimage"},"thumbnailUrl":"http:\/\/www.rassegnastampa-totustuus.it\/cattolica\/wp-content\/uploads\/2018\/12\/esercito_soldati.jpg","keywords":["Forze armate","patria","sovranit\u00e0"],"articleSection":["Italia contemporanea","Politica nazionale"],"inLanguage":"it-IT"},{"@type":"WebPage","@id":"https:\/\/www.rassegnastampa-totustuus.it\/cattolica\/patria-ed-esercito-legame-indissolubile\/","url":"https:\/\/www.rassegnastampa-totustuus.it\/cattolica\/patria-ed-esercito-legame-indissolubile\/","name":"Patria ed Esercito legame indissolubile - Rassegna Stampa Cattolica","isPartOf":{"@id":"https:\/\/www.rassegnastampa-totustuus.it\/cattolica\/#website"},"primaryImageOfPage":{"@id":"https:\/\/www.rassegnastampa-totustuus.it\/cattolica\/patria-ed-esercito-legame-indissolubile\/#primaryimage"},"image":{"@id":"https:\/\/www.rassegnastampa-totustuus.it\/cattolica\/patria-ed-esercito-legame-indissolubile\/#primaryimage"},"thumbnailUrl":"http:\/\/www.rassegnastampa-totustuus.it\/cattolica\/wp-content\/uploads\/2018\/12\/esercito_soldati.jpg","datePublished":"2018-12-19T23:00:04+00:00","description":"Rassegna Stampa Cattolica - Per una cultura che nasce dalla Rivelazione cristiana in conformit\u00e0 alla tradizione e al Magistero della Chiesa in opposizione ad ogni relativismo e totalitarismo","breadcrumb":{"@id":"https:\/\/www.rassegnastampa-totustuus.it\/cattolica\/patria-ed-esercito-legame-indissolubile\/#breadcrumb"},"inLanguage":"it-IT","potentialAction":[{"@type":"ReadAction","target":["https:\/\/www.rassegnastampa-totustuus.it\/cattolica\/patria-ed-esercito-legame-indissolubile\/"]}]},{"@type":"ImageObject","inLanguage":"it-IT","@id":"https:\/\/www.rassegnastampa-totustuus.it\/cattolica\/patria-ed-esercito-legame-indissolubile\/#primaryimage","url":"http:\/\/www.rassegnastampa-totustuus.it\/cattolica\/wp-content\/uploads\/2018\/12\/esercito_soldati.jpg","contentUrl":"http:\/\/www.rassegnastampa-totustuus.it\/cattolica\/wp-content\/uploads\/2018\/12\/esercito_soldati.jpg"},{"@type":"BreadcrumbList","@id":"https:\/\/www.rassegnastampa-totustuus.it\/cattolica\/patria-ed-esercito-legame-indissolubile\/#breadcrumb","itemListElement":[{"@type":"ListItem","position":1,"name":"Home","item":"https:\/\/www.rassegnastampa-totustuus.it\/cattolica\/"},{"@type":"ListItem","position":2,"name":"Patria ed Esercito legame indissolubile"}]},{"@type":"WebSite","@id":"https:\/\/www.rassegnastampa-totustuus.it\/cattolica\/#website","url":"https:\/\/www.rassegnastampa-totustuus.it\/cattolica\/","name":"Rassegna Stampa Cattolica","description":"Per una cultura che nasce dalla Rivelazione cristiana in conformit\u00e0 alla tradizione e al Magistero della Chiesa in opposizione ad ogni relativismo e totalitarismo","publisher":{"@id":"https:\/\/www.rassegnastampa-totustuus.it\/cattolica\/#organization"},"alternateName":"Rass. Cattolica","potentialAction":[{"@type":"SearchAction","target":{"@type":"EntryPoint","urlTemplate":"https:\/\/www.rassegnastampa-totustuus.it\/cattolica\/?s={search_term_string}"},"query-input":{"@type":"PropertyValueSpecification","valueRequired":true,"valueName":"search_term_string"}}],"inLanguage":"it-IT"},{"@type":"Organization","@id":"https:\/\/www.rassegnastampa-totustuus.it\/cattolica\/#organization","name":"Rassegna Stampa Cattolica","url":"https:\/\/www.rassegnastampa-totustuus.it\/cattolica\/","logo":{"@type":"ImageObject","inLanguage":"it-IT","@id":"https:\/\/www.rassegnastampa-totustuus.it\/cattolica\/#\/schema\/logo\/image\/","url":"https:\/\/www.rassegnastampa-totustuus.it\/cattolica\/wp-content\/uploads\/2014\/04\/logo-rassegna1.gif","contentUrl":"https:\/\/www.rassegnastampa-totustuus.it\/cattolica\/wp-content\/uploads\/2014\/04\/logo-rassegna1.gif","width":600,"height":163,"caption":"Rassegna Stampa Cattolica"},"image":{"@id":"https:\/\/www.rassegnastampa-totustuus.it\/cattolica\/#\/schema\/logo\/image\/"},"sameAs":["https:\/\/www.facebook.com\/rassegnastampacattolica","https:\/\/x.com\/rassegnastampa9"]},{"@type":"Person","@id":"https:\/\/www.rassegnastampa-totustuus.it\/cattolica\/#\/schema\/person\/08f319d2bd1a0904ad9e2bfb7b15e5c3","name":"Redazione","image":{"@type":"ImageObject","inLanguage":"it-IT","@id":"https:\/\/secure.gravatar.com\/avatar\/2fcdf27c78ea025fbdb44e914cc63c72249ffec9dc8aafd5c82b26240ef3f346?s=96&d=mm&r=g","url":"https:\/\/secure.gravatar.com\/avatar\/2fcdf27c78ea025fbdb44e914cc63c72249ffec9dc8aafd5c82b26240ef3f346?s=96&d=mm&r=g","contentUrl":"https:\/\/secure.gravatar.com\/avatar\/2fcdf27c78ea025fbdb44e914cc63c72249ffec9dc8aafd5c82b26240ef3f346?s=96&d=mm&r=g","caption":"Redazione"},"url":"https:\/\/www.rassegnastampa-totustuus.it\/cattolica\/author\/pietroelle\/"}]}},"_links":{"self":[{"href":"https:\/\/www.rassegnastampa-totustuus.it\/cattolica\/wp-json\/wp\/v2\/posts\/41742","targetHints":{"allow":["GET"]}}],"collection":[{"href":"https:\/\/www.rassegnastampa-totustuus.it\/cattolica\/wp-json\/wp\/v2\/posts"}],"about":[{"href":"https:\/\/www.rassegnastampa-totustuus.it\/cattolica\/wp-json\/wp\/v2\/types\/post"}],"author":[{"embeddable":true,"href":"https:\/\/www.rassegnastampa-totustuus.it\/cattolica\/wp-json\/wp\/v2\/users\/6"}],"replies":[{"embeddable":true,"href":"https:\/\/www.rassegnastampa-totustuus.it\/cattolica\/wp-json\/wp\/v2\/comments?post=41742"}],"version-history":[{"count":2,"href":"https:\/\/www.rassegnastampa-totustuus.it\/cattolica\/wp-json\/wp\/v2\/posts\/41742\/revisions"}],"predecessor-version":[{"id":41745,"href":"https:\/\/www.rassegnastampa-totustuus.it\/cattolica\/wp-json\/wp\/v2\/posts\/41742\/revisions\/41745"}],"wp:attachment":[{"href":"https:\/\/www.rassegnastampa-totustuus.it\/cattolica\/wp-json\/wp\/v2\/media?parent=41742"}],"wp:term":[{"taxonomy":"category","embeddable":true,"href":"https:\/\/www.rassegnastampa-totustuus.it\/cattolica\/wp-json\/wp\/v2\/categories?post=41742"},{"taxonomy":"post_tag","embeddable":true,"href":"https:\/\/www.rassegnastampa-totustuus.it\/cattolica\/wp-json\/wp\/v2\/tags?post=41742"}],"curies":[{"name":"wp","href":"https:\/\/api.w.org\/{rel}","templated":true}]}}