{"id":41699,"date":"2018-12-13T00:00:27","date_gmt":"2018-12-12T23:00:27","guid":{"rendered":"http:\/\/www.rassegnastampa-totustuus.it\/cattolica\/?p=41699"},"modified":"2018-11-29T10:34:32","modified_gmt":"2018-11-29T09:34:32","slug":"pas-la-sindrome-che-ha-portato-oltre-200-suicidi-di-papa-separati","status":"publish","type":"post","link":"https:\/\/www.rassegnastampa-totustuus.it\/cattolica\/pas-la-sindrome-che-ha-portato-oltre-200-suicidi-di-papa-separati\/","title":{"rendered":"Pas, la sindrome che ha portato oltre 200 suicidi di pap\u00e0 separati"},"content":{"rendered":"<p style=\"text-align: center;\"><strong><a href=\"https:\/\/www.rassegnastampa-totustuus.it\/cattolica\/wp-content\/uploads\/2018\/11\/separazione_divorzio.jpg\"><img loading=\"lazy\" decoding=\"async\" class=\"alignright wp-image-41700\" src=\"https:\/\/www.rassegnastampa-totustuus.it\/cattolica\/wp-content\/uploads\/2018\/11\/separazione_divorzio.jpg\" alt=\"\" width=\"250\" height=\"159\" \/><\/a>Affaritaliani.it<\/strong> Marted\u00ec, 17 luglio 2018<\/p>\n<p style=\"text-align: justify;\"><em>La Pas \u00e8 una vera patologia, ma non se ne tiene di conto. Viene chiamata cos\u00ec la sindrome di alienazione parentale<\/em><\/p>\n<p style=\"text-align: center;\">di <strong>Antonella Gramigna<\/strong><\/p>\n<p><!--more--><\/p>\n<p style=\"text-align: justify;\">Cosa \u00e8 la Pas. \u00c8 una vera patologia, ma non se ne tiene di conto. Viene chiamata cos\u00ec la sindrome di alienazione parentale, una vera patologia, ancora molto lontana dall\u2019essere ricompresa e riconosciuta tra le malattie ufficiali, seppur comporta conseguenze anche invalidanti. Eppure i dati parlano chiaro, e come sempre dimostrano l\u2019esistenza di un vero problema, ma nessuno ne parla a sufficienza. Sono oltre 200 i suicidi all\u2019anno commessi da pap\u00e0 separati. Addolorati, esasperati, soli ed abbandonati anche dal mondo della giustizia.<\/p>\n<p style=\"text-align: justify;\">Si parla tanto di tutele delle donne, di femminicidio dipingendo come \u201cmostro\u201d l\u2019uomo che sopraff\u00e0, sia fisicamente che psicologicamente, la compagna di vita, ma si dimentica che neppure l\u2019uomo \u00e8 immune da violenza, che pu\u00f2 provenire anche da parte femminile, ovviamente di diversa natura. Ci\u00f2 che dimostrano i dati \u00e9 un fatto sostanziale: solo nel 2016 sono stati 110 gli omicidi di donne ad opera del marito, convivente o dell\u2019ex, ma \u00e8 anche vero che altrettanti sono stati i suicidi dei padri allontanati dai loro figli per mano delle ex mogli. Ed \u00e8 un crimine di cui poco o mai si parla.<\/p>\n<p style=\"text-align: justify;\"><a href=\"https:\/\/www.rassegnastampa-totustuus.it\/cattolica\/wp-content\/uploads\/2011\/06\/divorzio_bambini.jpg\"><img loading=\"lazy\" decoding=\"async\" class=\"alignleft wp-image-33731\" src=\"https:\/\/www.rassegnastampa-totustuus.it\/cattolica\/wp-content\/uploads\/2011\/06\/divorzio_bambini.jpg\" alt=\"\" width=\"250\" height=\"187\" \/><\/a>Non interessa, forse, come pu\u00f2 stare interiormente un genitore a cui si proibisce ( con mille mezzi e modalit\u00e0 illecite, subliminali, o non consone ad un genitore) di poter vedere e vivere il proprio rapporto con i figli, seppur separato. \u00c8 ci\u00f2 che si ripete quotidianamente, quello dell\u2019alienazione del pap\u00e0 agli occhi dei bambini: la madre, alla quale i minori vengono quasi sempre affidati, per desiderio di vendetta o rivincita personale- affettiva inizia un\u2019opera costante di denigrazione e di demolizione della figura paterna, fino a determinare un vero e proprio odio e rifiuto del bambino di vedere il genitore. E chi di noi vorrebbe frequentare simili figure cos\u00ec mal rappresentate? Nessuno.<\/p>\n<p style=\"text-align: justify;\">Sono atteggiamenti molto vergognosi e delittuosi questi commessi verso il padre dei propri figli, quando ovviamente non sussistono motivi seri al riguardo per i quali si rende obbligatoria la tutela, ed a causa di ci\u00f2 qualcuna ha perso pure l\u2019affidamento perch\u00e9 ritenuta affidataria nociva. Ma \u00e8 raro. Molto raro che accada. I pi\u00f9 sono casi che restano isolati e non compresi, perch\u00e9 se c\u2019\u00e8 comprensione c\u2019\u00e8 solo per la parte femminile, e cos\u00ec viene a mancare la possibilit\u00e0 di un rapporto comunque felice e vivo, ed i padri cadono in grave depressione.<\/p>\n<p style=\"text-align: justify;\">Un padre che si sfoga non viene mai ascoltato, anzi, viene detto loro, spesso, di non intervenire per il tentativo di ribaltare la situazione,o di forzare la mano nel pretendere i diritti di frequentazione, perch\u00e9 danneggerebbe ulteriormente proprio gli stessi figli. E spesso sono proprio loro, infatti, a chiedere di non farsi pi\u00f9 vivi, cercando anch\u2019essi angoli di pace.<\/p>\n<p style=\"text-align: justify;\"><a href=\"https:\/\/www.rassegnastampa-totustuus.it\/cattolica\/wp-content\/uploads\/2009\/07\/divorzio.jpg\"><img loading=\"lazy\" decoding=\"async\" class=\"size-full wp-image-33699 alignright\" src=\"https:\/\/www.rassegnastampa-totustuus.it\/cattolica\/wp-content\/uploads\/2009\/07\/divorzio.jpg\" alt=\"\" width=\"206\" height=\"206\" srcset=\"https:\/\/www.rassegnastampa-totustuus.it\/cattolica\/wp-content\/uploads\/2009\/07\/divorzio.jpg 206w, https:\/\/www.rassegnastampa-totustuus.it\/cattolica\/wp-content\/uploads\/2009\/07\/divorzio-150x150.jpg 150w\" sizes=\"auto, (max-width: 206px) 100vw, 206px\" \/><\/a>Sono bambini sofferenti, vivono tra due fuochi, in cui uno spara addosso all\u2019altro, senza soluzione di continuit\u00e0. Ed allora ecco che un padre, per il bene loro, per non metterli in difficolt\u00e0, si accontenta di vederli di nascosto magari uscire da scuola, telefonargli anche se dall\u2019altro capo del filo immaginario essi premono il tasto off, regalargli qualcosa che possa ricordare la sua presenza, oppure si vedono costretti a cedere a esborsi di denaro, ricatto all\u2019ordine del giorno, e molto altro. Molto altro ancora.<\/p>\n<p style=\"text-align: justify;\">Frustrante e doloroso, tutto questo. Ed alienante al punto di non farcela pi\u00f9. Ho conosciuto qualcuno di questi padri, dove nel loro cuore c\u2019\u00e8 solo amore e voglia di condividerlo con i figli che hanno generato. Se non c\u2019\u00e8 pi\u00f9 possibilit\u00e0 di unione famigliare, tanto da perdere altre strade proprio nel rispetto di una serenit\u00e0 per tutti, perch\u00e9 far diventare i figli arma ricattuale o sfogo dei nostri sentimenti pi\u00f9 accidiosi ? Non si pensa di far male prima di tutto a loro? Di creare adulti di domani con mille problematiche avendoli privati ingiustamente di affetti importanti e diritti inalienabili ?<\/p>\n<p style=\"text-align: justify;\">Perch\u00e9 \u00e8 un diritto quello di avere madre e padre. L\u2019associazione \u00abNessuno tocchi pap\u00e0\u00bb con l\u2019avvocato Walter Buscema, ha realizzato di recente un dibattito che ha posto in luce proprio questa grave situazione, di 200 pap\u00e0 che ogni anno si suicidano perch\u00e9 allontanati dai figli. Sono mille i suicidi in tutta Europa. Il suicidio di un pap\u00e0 \u00e8 la risposta a una violenza subita dalla donna? No, assolutamente no.<\/p>\n<p style=\"text-align: justify;\">Qui non c\u2019\u00e8 una gara a punti, c\u2019\u00e8 in ballo molto pi\u00f9. Ma bisogna sollevare il velo, tutti quanti, e iniziare a parlarne. Perch\u00e9 si parla tanto di femminicidio e non di patricidio? Perch\u00e9 non \u00e8 forse violenza questa? Quello dei suicidi dei padri separati \u00e8 un dramma molto sottovalutato, anche dai media. I giudici europei hanno pi\u00f9 volte bacchettato l\u2019Italia perch\u00e9 non garantisce il rispetto dei diritti di visita dei minori ai padri separati. Il problema principale in Italia, \u00e8 proprio la mancanza di norme che tutelino i diritti di visita, di educazione e di un normale rapporto dei genitori separati con i figli minori.<\/p>\n<p style=\"text-align: justify;\"><a href=\"https:\/\/www.rassegnastampa-totustuus.it\/cattolica\/wp-content\/uploads\/2014\/05\/divorzio.jpg\"><img loading=\"lazy\" decoding=\"async\" class=\"alignleft wp-image-7481\" src=\"https:\/\/www.rassegnastampa-totustuus.it\/cattolica\/wp-content\/uploads\/2014\/05\/divorzio.jpg\" alt=\"\" width=\"250\" height=\"172\" \/><\/a>L\u2019unico rimedio concreto che rimane da attuare \u00e8 quello di una denuncia per inottemperanza di ordine del giudice (art. 388 c.p.), ma nella realt\u00e0, queste denunce quasi mai portano ad una soluzione concreta, e davvero rischiano di peggiorare ulteriormente la situazione ed i rapporti. \u201cQualcuno la chiama Pas, dall\u2019acronimo di \u201csindrome di alienazione parentale\u201d, che di fatto gi\u00e0 rappresenta una patologia clinicamente accertabile, con effettiva misurazione di effetti collaterali ed immunitari di chi subisce questa situazione, tanto da poter produrre i risultati in sede opportuna\u201d afferma la D.ssa Sabrina Ulivi, del centro Clinico di Pistoia, psicoterapeuta ed esperta in Psiconeuroimmunomodulazione.<\/p>\n<p style=\"text-align: justify;\">In sede legale i danni misurati hanno un peso ed il mondo della giustizia dovrebbe occuparsi anche di questo, non solo delle vittime di violenza per mano maschile, ma anche di quello maschile, parentale, per mano femminile. Perch\u00e9 non \u00e8 assolutamente vero che da una parte c\u2019\u00e8 chi non sbaglia mai, e dall\u2019altra c\u2019\u00e8 chi sbaglia sempre. Entrambi i coniugi possono commettere errori, talvolta davvero gravi come questo. Perch\u00e9 privare i figli della vicinanza e l\u2019affetto dei genitori \u00e8 cosa gravissima, un reato vero e proprio, prima di ogni altra cosa, verso i propri figli.<\/p>\n<p style=\"text-align: justify;\">Esistono padri e madri violenti e tiranni, esistono situazioni in cui chi si allontana da casa, perch\u00e9 cambia la propria situazione sentimentale, pagando le conseguenze e perdendo anche l\u2019affetto, nonch\u00e8 la stima dei figli, sperando di poterla recuperare nel tempo, o da adulti. Questo talvolta accade anche alle madri, ma \u00e8 molto pi\u00f9 raro. Ed allora che si fa? Si aspetta, vedendo scorrere la loro vita dietro ad uno specchio invisibile, senza poter entrare nel loro cuore e nelle loro scelte di vita, perch\u00e9 ad un padre separato a volte non viene permesso, e ci\u00f2 porta alla negazione di se stesso.<\/p>\n<p style=\"text-align: justify;\">I figli non hanno colpa delle scelte dei grandi, sono il frutto \u201c sano\u201d di un amore che \u00e8 tramontato, non fate pesare loro il vostro fallimento. Amateli, e basta.<\/p>\n<p>&nbsp;<\/p>\n","protected":false},"excerpt":{"rendered":"<p>Affaritaliani.it Marted\u00ec, 17 luglio 2018 La Pas \u00e8 una vera patologia, ma non se ne tiene di conto. Viene chiamata cos\u00ec la sindrome di alienazione parentale di Antonella Gramigna<\/p><p><a class=\"more-link btn\" href=\"https:\/\/www.rassegnastampa-totustuus.it\/cattolica\/pas-la-sindrome-che-ha-portato-oltre-200-suicidi-di-papa-separati\/\">Continua a leggere<\/a><\/p>\n","protected":false},"author":6,"featured_media":41700,"comment_status":"closed","ping_status":"closed","sticky":false,"template":"","format":"standard","meta":{"footnotes":""},"categories":[15],"tags":[315,2016],"class_list":["post-41699","post","type-post","status-publish","format-standard","has-post-thumbnail","hentry","category-famiglia","tag-divorzio","tag-separazioni","item-wrap"],"yoast_head":"<!-- This site is optimized with the Yoast SEO plugin v27.5 - https:\/\/yoast.com\/product\/yoast-seo-wordpress\/ -->\n<title>Pas, la sindrome che ha portato oltre 200 suicidi di pap\u00e0 separati - Rassegna Stampa Cattolica<\/title>\n<meta name=\"description\" content=\"Rassegna Stampa Cattolica - Per una cultura che nasce dalla Rivelazione cristiana in conformit\u00e0 alla tradizione e al Magistero della Chiesa in opposizione ad ogni relativismo e totalitarismo\" \/>\n<meta name=\"robots\" content=\"index, follow, max-snippet:-1, max-image-preview:large, max-video-preview:-1\" \/>\n<link rel=\"canonical\" href=\"https:\/\/www.rassegnastampa-totustuus.it\/cattolica\/pas-la-sindrome-che-ha-portato-oltre-200-suicidi-di-papa-separati\/\" \/>\n<meta property=\"og:locale\" content=\"it_IT\" \/>\n<meta property=\"og:type\" content=\"article\" \/>\n<meta property=\"og:title\" content=\"Pas, la sindrome che ha portato oltre 200 suicidi di pap\u00e0 separati - Rassegna Stampa Cattolica\" \/>\n<meta property=\"og:description\" content=\"Rassegna Stampa Cattolica - Per una cultura che nasce dalla Rivelazione cristiana in conformit\u00e0 alla tradizione e al Magistero della Chiesa in opposizione ad ogni relativismo e totalitarismo\" \/>\n<meta property=\"og:url\" content=\"https:\/\/www.rassegnastampa-totustuus.it\/cattolica\/pas-la-sindrome-che-ha-portato-oltre-200-suicidi-di-papa-separati\/\" \/>\n<meta property=\"og:site_name\" content=\"Rassegna Stampa Cattolica\" \/>\n<meta property=\"article:publisher\" content=\"https:\/\/www.facebook.com\/rassegnastampacattolica\" \/>\n<meta property=\"article:published_time\" content=\"2018-12-12T23:00:27+00:00\" \/>\n<meta property=\"og:image\" content=\"https:\/\/www.rassegnastampa-totustuus.it\/cattolica\/wp-content\/uploads\/2018\/11\/separazione_divorzio.jpg\" \/>\n\t<meta property=\"og:image:width\" content=\"281\" \/>\n\t<meta property=\"og:image:height\" content=\"179\" \/>\n\t<meta property=\"og:image:type\" content=\"image\/jpeg\" \/>\n<meta name=\"author\" content=\"Redazione\" \/>\n<meta name=\"twitter:card\" content=\"summary_large_image\" \/>\n<meta name=\"twitter:creator\" content=\"@rassegnastampa9\" \/>\n<meta name=\"twitter:site\" content=\"@rassegnastampa9\" \/>\n<meta name=\"twitter:label1\" content=\"Scritto da\" \/>\n\t<meta name=\"twitter:data1\" content=\"Redazione\" \/>\n\t<meta name=\"twitter:label2\" content=\"Tempo di lettura stimato\" \/>\n\t<meta name=\"twitter:data2\" content=\"6 minuti\" \/>\n<script type=\"application\/ld+json\" class=\"yoast-schema-graph\">{\"@context\":\"https:\\\/\\\/schema.org\",\"@graph\":[{\"@type\":\"Article\",\"@id\":\"https:\\\/\\\/www.rassegnastampa-totustuus.it\\\/cattolica\\\/pas-la-sindrome-che-ha-portato-oltre-200-suicidi-di-papa-separati\\\/#article\",\"isPartOf\":{\"@id\":\"https:\\\/\\\/www.rassegnastampa-totustuus.it\\\/cattolica\\\/pas-la-sindrome-che-ha-portato-oltre-200-suicidi-di-papa-separati\\\/\"},\"author\":{\"name\":\"Redazione\",\"@id\":\"https:\\\/\\\/www.rassegnastampa-totustuus.it\\\/cattolica\\\/#\\\/schema\\\/person\\\/08f319d2bd1a0904ad9e2bfb7b15e5c3\"},\"headline\":\"Pas, la sindrome che ha portato oltre 200 suicidi di pap\u00e0 separati\",\"datePublished\":\"2018-12-12T23:00:27+00:00\",\"mainEntityOfPage\":{\"@id\":\"https:\\\/\\\/www.rassegnastampa-totustuus.it\\\/cattolica\\\/pas-la-sindrome-che-ha-portato-oltre-200-suicidi-di-papa-separati\\\/\"},\"wordCount\":1167,\"publisher\":{\"@id\":\"https:\\\/\\\/www.rassegnastampa-totustuus.it\\\/cattolica\\\/#organization\"},\"image\":{\"@id\":\"https:\\\/\\\/www.rassegnastampa-totustuus.it\\\/cattolica\\\/pas-la-sindrome-che-ha-portato-oltre-200-suicidi-di-papa-separati\\\/#primaryimage\"},\"thumbnailUrl\":\"https:\\\/\\\/www.rassegnastampa-totustuus.it\\\/cattolica\\\/wp-content\\\/uploads\\\/2018\\\/11\\\/separazione_divorzio.jpg\",\"keywords\":[\"divorzio\",\"separazioni\"],\"articleSection\":[\"Famiglia\"],\"inLanguage\":\"it-IT\"},{\"@type\":\"WebPage\",\"@id\":\"https:\\\/\\\/www.rassegnastampa-totustuus.it\\\/cattolica\\\/pas-la-sindrome-che-ha-portato-oltre-200-suicidi-di-papa-separati\\\/\",\"url\":\"https:\\\/\\\/www.rassegnastampa-totustuus.it\\\/cattolica\\\/pas-la-sindrome-che-ha-portato-oltre-200-suicidi-di-papa-separati\\\/\",\"name\":\"Pas, la sindrome che ha portato oltre 200 suicidi di pap\u00e0 separati - Rassegna Stampa Cattolica\",\"isPartOf\":{\"@id\":\"https:\\\/\\\/www.rassegnastampa-totustuus.it\\\/cattolica\\\/#website\"},\"primaryImageOfPage\":{\"@id\":\"https:\\\/\\\/www.rassegnastampa-totustuus.it\\\/cattolica\\\/pas-la-sindrome-che-ha-portato-oltre-200-suicidi-di-papa-separati\\\/#primaryimage\"},\"image\":{\"@id\":\"https:\\\/\\\/www.rassegnastampa-totustuus.it\\\/cattolica\\\/pas-la-sindrome-che-ha-portato-oltre-200-suicidi-di-papa-separati\\\/#primaryimage\"},\"thumbnailUrl\":\"https:\\\/\\\/www.rassegnastampa-totustuus.it\\\/cattolica\\\/wp-content\\\/uploads\\\/2018\\\/11\\\/separazione_divorzio.jpg\",\"datePublished\":\"2018-12-12T23:00:27+00:00\",\"description\":\"Rassegna Stampa Cattolica - Per una cultura che nasce dalla Rivelazione cristiana in conformit\u00e0 alla tradizione e al Magistero della Chiesa in opposizione ad ogni relativismo e totalitarismo\",\"breadcrumb\":{\"@id\":\"https:\\\/\\\/www.rassegnastampa-totustuus.it\\\/cattolica\\\/pas-la-sindrome-che-ha-portato-oltre-200-suicidi-di-papa-separati\\\/#breadcrumb\"},\"inLanguage\":\"it-IT\",\"potentialAction\":[{\"@type\":\"ReadAction\",\"target\":[\"https:\\\/\\\/www.rassegnastampa-totustuus.it\\\/cattolica\\\/pas-la-sindrome-che-ha-portato-oltre-200-suicidi-di-papa-separati\\\/\"]}]},{\"@type\":\"ImageObject\",\"inLanguage\":\"it-IT\",\"@id\":\"https:\\\/\\\/www.rassegnastampa-totustuus.it\\\/cattolica\\\/pas-la-sindrome-che-ha-portato-oltre-200-suicidi-di-papa-separati\\\/#primaryimage\",\"url\":\"https:\\\/\\\/www.rassegnastampa-totustuus.it\\\/cattolica\\\/wp-content\\\/uploads\\\/2018\\\/11\\\/separazione_divorzio.jpg\",\"contentUrl\":\"https:\\\/\\\/www.rassegnastampa-totustuus.it\\\/cattolica\\\/wp-content\\\/uploads\\\/2018\\\/11\\\/separazione_divorzio.jpg\",\"width\":281,\"height\":179},{\"@type\":\"BreadcrumbList\",\"@id\":\"https:\\\/\\\/www.rassegnastampa-totustuus.it\\\/cattolica\\\/pas-la-sindrome-che-ha-portato-oltre-200-suicidi-di-papa-separati\\\/#breadcrumb\",\"itemListElement\":[{\"@type\":\"ListItem\",\"position\":1,\"name\":\"Home\",\"item\":\"https:\\\/\\\/www.rassegnastampa-totustuus.it\\\/cattolica\\\/\"},{\"@type\":\"ListItem\",\"position\":2,\"name\":\"Pas, la sindrome che ha portato oltre 200 suicidi di pap\u00e0 separati\"}]},{\"@type\":\"WebSite\",\"@id\":\"https:\\\/\\\/www.rassegnastampa-totustuus.it\\\/cattolica\\\/#website\",\"url\":\"https:\\\/\\\/www.rassegnastampa-totustuus.it\\\/cattolica\\\/\",\"name\":\"Rassegna Stampa Cattolica\",\"description\":\"Per una cultura che nasce dalla Rivelazione cristiana in conformit\u00e0 alla tradizione e al Magistero della Chiesa in opposizione ad ogni relativismo e totalitarismo\",\"publisher\":{\"@id\":\"https:\\\/\\\/www.rassegnastampa-totustuus.it\\\/cattolica\\\/#organization\"},\"alternateName\":\"Rass. Cattolica\",\"potentialAction\":[{\"@type\":\"SearchAction\",\"target\":{\"@type\":\"EntryPoint\",\"urlTemplate\":\"https:\\\/\\\/www.rassegnastampa-totustuus.it\\\/cattolica\\\/?s={search_term_string}\"},\"query-input\":{\"@type\":\"PropertyValueSpecification\",\"valueRequired\":true,\"valueName\":\"search_term_string\"}}],\"inLanguage\":\"it-IT\"},{\"@type\":\"Organization\",\"@id\":\"https:\\\/\\\/www.rassegnastampa-totustuus.it\\\/cattolica\\\/#organization\",\"name\":\"Rassegna Stampa Cattolica\",\"url\":\"https:\\\/\\\/www.rassegnastampa-totustuus.it\\\/cattolica\\\/\",\"logo\":{\"@type\":\"ImageObject\",\"inLanguage\":\"it-IT\",\"@id\":\"https:\\\/\\\/www.rassegnastampa-totustuus.it\\\/cattolica\\\/#\\\/schema\\\/logo\\\/image\\\/\",\"url\":\"https:\\\/\\\/www.rassegnastampa-totustuus.it\\\/cattolica\\\/wp-content\\\/uploads\\\/2014\\\/04\\\/logo-rassegna1.gif\",\"contentUrl\":\"https:\\\/\\\/www.rassegnastampa-totustuus.it\\\/cattolica\\\/wp-content\\\/uploads\\\/2014\\\/04\\\/logo-rassegna1.gif\",\"width\":600,\"height\":163,\"caption\":\"Rassegna Stampa Cattolica\"},\"image\":{\"@id\":\"https:\\\/\\\/www.rassegnastampa-totustuus.it\\\/cattolica\\\/#\\\/schema\\\/logo\\\/image\\\/\"},\"sameAs\":[\"https:\\\/\\\/www.facebook.com\\\/rassegnastampacattolica\",\"https:\\\/\\\/x.com\\\/rassegnastampa9\"]},{\"@type\":\"Person\",\"@id\":\"https:\\\/\\\/www.rassegnastampa-totustuus.it\\\/cattolica\\\/#\\\/schema\\\/person\\\/08f319d2bd1a0904ad9e2bfb7b15e5c3\",\"name\":\"Redazione\",\"image\":{\"@type\":\"ImageObject\",\"inLanguage\":\"it-IT\",\"@id\":\"https:\\\/\\\/secure.gravatar.com\\\/avatar\\\/2fcdf27c78ea025fbdb44e914cc63c72249ffec9dc8aafd5c82b26240ef3f346?s=96&d=mm&r=g\",\"url\":\"https:\\\/\\\/secure.gravatar.com\\\/avatar\\\/2fcdf27c78ea025fbdb44e914cc63c72249ffec9dc8aafd5c82b26240ef3f346?s=96&d=mm&r=g\",\"contentUrl\":\"https:\\\/\\\/secure.gravatar.com\\\/avatar\\\/2fcdf27c78ea025fbdb44e914cc63c72249ffec9dc8aafd5c82b26240ef3f346?s=96&d=mm&r=g\",\"caption\":\"Redazione\"},\"url\":\"https:\\\/\\\/www.rassegnastampa-totustuus.it\\\/cattolica\\\/author\\\/pietroelle\\\/\"}]}<\/script>\n<!-- \/ Yoast SEO plugin. -->","yoast_head_json":{"title":"Pas, la sindrome che ha portato oltre 200 suicidi di pap\u00e0 separati - Rassegna Stampa Cattolica","description":"Rassegna Stampa Cattolica - Per una cultura che nasce dalla Rivelazione cristiana in conformit\u00e0 alla tradizione e al Magistero della Chiesa in opposizione ad ogni relativismo e totalitarismo","robots":{"index":"index","follow":"follow","max-snippet":"max-snippet:-1","max-image-preview":"max-image-preview:large","max-video-preview":"max-video-preview:-1"},"canonical":"https:\/\/www.rassegnastampa-totustuus.it\/cattolica\/pas-la-sindrome-che-ha-portato-oltre-200-suicidi-di-papa-separati\/","og_locale":"it_IT","og_type":"article","og_title":"Pas, la sindrome che ha portato oltre 200 suicidi di pap\u00e0 separati - Rassegna Stampa Cattolica","og_description":"Rassegna Stampa Cattolica - Per una cultura che nasce dalla Rivelazione cristiana in conformit\u00e0 alla tradizione e al Magistero della Chiesa in opposizione ad ogni relativismo e totalitarismo","og_url":"https:\/\/www.rassegnastampa-totustuus.it\/cattolica\/pas-la-sindrome-che-ha-portato-oltre-200-suicidi-di-papa-separati\/","og_site_name":"Rassegna Stampa Cattolica","article_publisher":"https:\/\/www.facebook.com\/rassegnastampacattolica","article_published_time":"2018-12-12T23:00:27+00:00","og_image":[{"width":281,"height":179,"url":"https:\/\/www.rassegnastampa-totustuus.it\/cattolica\/wp-content\/uploads\/2018\/11\/separazione_divorzio.jpg","type":"image\/jpeg"}],"author":"Redazione","twitter_card":"summary_large_image","twitter_creator":"@rassegnastampa9","twitter_site":"@rassegnastampa9","twitter_misc":{"Scritto da":"Redazione","Tempo di lettura stimato":"6 minuti"},"schema":{"@context":"https:\/\/schema.org","@graph":[{"@type":"Article","@id":"https:\/\/www.rassegnastampa-totustuus.it\/cattolica\/pas-la-sindrome-che-ha-portato-oltre-200-suicidi-di-papa-separati\/#article","isPartOf":{"@id":"https:\/\/www.rassegnastampa-totustuus.it\/cattolica\/pas-la-sindrome-che-ha-portato-oltre-200-suicidi-di-papa-separati\/"},"author":{"name":"Redazione","@id":"https:\/\/www.rassegnastampa-totustuus.it\/cattolica\/#\/schema\/person\/08f319d2bd1a0904ad9e2bfb7b15e5c3"},"headline":"Pas, la sindrome che ha portato oltre 200 suicidi di pap\u00e0 separati","datePublished":"2018-12-12T23:00:27+00:00","mainEntityOfPage":{"@id":"https:\/\/www.rassegnastampa-totustuus.it\/cattolica\/pas-la-sindrome-che-ha-portato-oltre-200-suicidi-di-papa-separati\/"},"wordCount":1167,"publisher":{"@id":"https:\/\/www.rassegnastampa-totustuus.it\/cattolica\/#organization"},"image":{"@id":"https:\/\/www.rassegnastampa-totustuus.it\/cattolica\/pas-la-sindrome-che-ha-portato-oltre-200-suicidi-di-papa-separati\/#primaryimage"},"thumbnailUrl":"https:\/\/www.rassegnastampa-totustuus.it\/cattolica\/wp-content\/uploads\/2018\/11\/separazione_divorzio.jpg","keywords":["divorzio","separazioni"],"articleSection":["Famiglia"],"inLanguage":"it-IT"},{"@type":"WebPage","@id":"https:\/\/www.rassegnastampa-totustuus.it\/cattolica\/pas-la-sindrome-che-ha-portato-oltre-200-suicidi-di-papa-separati\/","url":"https:\/\/www.rassegnastampa-totustuus.it\/cattolica\/pas-la-sindrome-che-ha-portato-oltre-200-suicidi-di-papa-separati\/","name":"Pas, la sindrome che ha portato oltre 200 suicidi di pap\u00e0 separati - Rassegna Stampa Cattolica","isPartOf":{"@id":"https:\/\/www.rassegnastampa-totustuus.it\/cattolica\/#website"},"primaryImageOfPage":{"@id":"https:\/\/www.rassegnastampa-totustuus.it\/cattolica\/pas-la-sindrome-che-ha-portato-oltre-200-suicidi-di-papa-separati\/#primaryimage"},"image":{"@id":"https:\/\/www.rassegnastampa-totustuus.it\/cattolica\/pas-la-sindrome-che-ha-portato-oltre-200-suicidi-di-papa-separati\/#primaryimage"},"thumbnailUrl":"https:\/\/www.rassegnastampa-totustuus.it\/cattolica\/wp-content\/uploads\/2018\/11\/separazione_divorzio.jpg","datePublished":"2018-12-12T23:00:27+00:00","description":"Rassegna Stampa Cattolica - Per una cultura che nasce dalla Rivelazione cristiana in conformit\u00e0 alla tradizione e al Magistero della Chiesa in opposizione ad ogni relativismo e totalitarismo","breadcrumb":{"@id":"https:\/\/www.rassegnastampa-totustuus.it\/cattolica\/pas-la-sindrome-che-ha-portato-oltre-200-suicidi-di-papa-separati\/#breadcrumb"},"inLanguage":"it-IT","potentialAction":[{"@type":"ReadAction","target":["https:\/\/www.rassegnastampa-totustuus.it\/cattolica\/pas-la-sindrome-che-ha-portato-oltre-200-suicidi-di-papa-separati\/"]}]},{"@type":"ImageObject","inLanguage":"it-IT","@id":"https:\/\/www.rassegnastampa-totustuus.it\/cattolica\/pas-la-sindrome-che-ha-portato-oltre-200-suicidi-di-papa-separati\/#primaryimage","url":"https:\/\/www.rassegnastampa-totustuus.it\/cattolica\/wp-content\/uploads\/2018\/11\/separazione_divorzio.jpg","contentUrl":"https:\/\/www.rassegnastampa-totustuus.it\/cattolica\/wp-content\/uploads\/2018\/11\/separazione_divorzio.jpg","width":281,"height":179},{"@type":"BreadcrumbList","@id":"https:\/\/www.rassegnastampa-totustuus.it\/cattolica\/pas-la-sindrome-che-ha-portato-oltre-200-suicidi-di-papa-separati\/#breadcrumb","itemListElement":[{"@type":"ListItem","position":1,"name":"Home","item":"https:\/\/www.rassegnastampa-totustuus.it\/cattolica\/"},{"@type":"ListItem","position":2,"name":"Pas, la sindrome che ha portato oltre 200 suicidi di pap\u00e0 separati"}]},{"@type":"WebSite","@id":"https:\/\/www.rassegnastampa-totustuus.it\/cattolica\/#website","url":"https:\/\/www.rassegnastampa-totustuus.it\/cattolica\/","name":"Rassegna Stampa Cattolica","description":"Per una cultura che nasce dalla Rivelazione cristiana in conformit\u00e0 alla tradizione e al Magistero della Chiesa in opposizione ad ogni relativismo e totalitarismo","publisher":{"@id":"https:\/\/www.rassegnastampa-totustuus.it\/cattolica\/#organization"},"alternateName":"Rass. Cattolica","potentialAction":[{"@type":"SearchAction","target":{"@type":"EntryPoint","urlTemplate":"https:\/\/www.rassegnastampa-totustuus.it\/cattolica\/?s={search_term_string}"},"query-input":{"@type":"PropertyValueSpecification","valueRequired":true,"valueName":"search_term_string"}}],"inLanguage":"it-IT"},{"@type":"Organization","@id":"https:\/\/www.rassegnastampa-totustuus.it\/cattolica\/#organization","name":"Rassegna Stampa Cattolica","url":"https:\/\/www.rassegnastampa-totustuus.it\/cattolica\/","logo":{"@type":"ImageObject","inLanguage":"it-IT","@id":"https:\/\/www.rassegnastampa-totustuus.it\/cattolica\/#\/schema\/logo\/image\/","url":"https:\/\/www.rassegnastampa-totustuus.it\/cattolica\/wp-content\/uploads\/2014\/04\/logo-rassegna1.gif","contentUrl":"https:\/\/www.rassegnastampa-totustuus.it\/cattolica\/wp-content\/uploads\/2014\/04\/logo-rassegna1.gif","width":600,"height":163,"caption":"Rassegna Stampa Cattolica"},"image":{"@id":"https:\/\/www.rassegnastampa-totustuus.it\/cattolica\/#\/schema\/logo\/image\/"},"sameAs":["https:\/\/www.facebook.com\/rassegnastampacattolica","https:\/\/x.com\/rassegnastampa9"]},{"@type":"Person","@id":"https:\/\/www.rassegnastampa-totustuus.it\/cattolica\/#\/schema\/person\/08f319d2bd1a0904ad9e2bfb7b15e5c3","name":"Redazione","image":{"@type":"ImageObject","inLanguage":"it-IT","@id":"https:\/\/secure.gravatar.com\/avatar\/2fcdf27c78ea025fbdb44e914cc63c72249ffec9dc8aafd5c82b26240ef3f346?s=96&d=mm&r=g","url":"https:\/\/secure.gravatar.com\/avatar\/2fcdf27c78ea025fbdb44e914cc63c72249ffec9dc8aafd5c82b26240ef3f346?s=96&d=mm&r=g","contentUrl":"https:\/\/secure.gravatar.com\/avatar\/2fcdf27c78ea025fbdb44e914cc63c72249ffec9dc8aafd5c82b26240ef3f346?s=96&d=mm&r=g","caption":"Redazione"},"url":"https:\/\/www.rassegnastampa-totustuus.it\/cattolica\/author\/pietroelle\/"}]}},"_links":{"self":[{"href":"https:\/\/www.rassegnastampa-totustuus.it\/cattolica\/wp-json\/wp\/v2\/posts\/41699","targetHints":{"allow":["GET"]}}],"collection":[{"href":"https:\/\/www.rassegnastampa-totustuus.it\/cattolica\/wp-json\/wp\/v2\/posts"}],"about":[{"href":"https:\/\/www.rassegnastampa-totustuus.it\/cattolica\/wp-json\/wp\/v2\/types\/post"}],"author":[{"embeddable":true,"href":"https:\/\/www.rassegnastampa-totustuus.it\/cattolica\/wp-json\/wp\/v2\/users\/6"}],"replies":[{"embeddable":true,"href":"https:\/\/www.rassegnastampa-totustuus.it\/cattolica\/wp-json\/wp\/v2\/comments?post=41699"}],"version-history":[{"count":1,"href":"https:\/\/www.rassegnastampa-totustuus.it\/cattolica\/wp-json\/wp\/v2\/posts\/41699\/revisions"}],"predecessor-version":[{"id":41701,"href":"https:\/\/www.rassegnastampa-totustuus.it\/cattolica\/wp-json\/wp\/v2\/posts\/41699\/revisions\/41701"}],"wp:featuredmedia":[{"embeddable":true,"href":"https:\/\/www.rassegnastampa-totustuus.it\/cattolica\/wp-json\/wp\/v2\/media\/41700"}],"wp:attachment":[{"href":"https:\/\/www.rassegnastampa-totustuus.it\/cattolica\/wp-json\/wp\/v2\/media?parent=41699"}],"wp:term":[{"taxonomy":"category","embeddable":true,"href":"https:\/\/www.rassegnastampa-totustuus.it\/cattolica\/wp-json\/wp\/v2\/categories?post=41699"},{"taxonomy":"post_tag","embeddable":true,"href":"https:\/\/www.rassegnastampa-totustuus.it\/cattolica\/wp-json\/wp\/v2\/tags?post=41699"}],"curies":[{"name":"wp","href":"https:\/\/api.w.org\/{rel}","templated":true}]}}