{"id":41680,"date":"2018-12-13T00:00:10","date_gmt":"2018-12-12T23:00:10","guid":{"rendered":"http:\/\/www.rassegnastampa-totustuus.it\/cattolica\/?p=41680"},"modified":"2018-11-28T10:34:18","modified_gmt":"2018-11-28T09:34:18","slug":"nellinghilterra-islamizzata-aumentano-gli-attacchi-al-coltello","status":"publish","type":"post","link":"https:\/\/www.rassegnastampa-totustuus.it\/cattolica\/nellinghilterra-islamizzata-aumentano-gli-attacchi-al-coltello\/","title":{"rendered":"Nell\u2019Inghilterra \u201cislamizzata\u201d aumentano gli attacchi al coltello"},"content":{"rendered":"<p style=\"text-align: center;\"><strong><a href=\"https:\/\/www.rassegnastampa-totustuus.it\/cattolica\/wp-content\/uploads\/2018\/11\/polizia_inghilterra.jpg\"><img loading=\"lazy\" decoding=\"async\" class=\"alignleft wp-image-41682\" src=\"https:\/\/www.rassegnastampa-totustuus.it\/cattolica\/wp-content\/uploads\/2018\/11\/polizia_inghilterra-300x150.jpg\" alt=\"\" width=\"250\" height=\"125\" srcset=\"https:\/\/www.rassegnastampa-totustuus.it\/cattolica\/wp-content\/uploads\/2018\/11\/polizia_inghilterra-300x150.jpg 300w, https:\/\/www.rassegnastampa-totustuus.it\/cattolica\/wp-content\/uploads\/2018\/11\/polizia_inghilterra.jpg 318w\" sizes=\"auto, (max-width: 250px) 100vw, 250px\" \/><\/a>Analisi Difesa<\/strong> 24 Novembre 2018<\/p>\n<p style=\"text-align: center;\">di <strong>Lorenzo Formicola<\/strong><\/p>\n<p style=\"text-align: justify;\">L\u2019Ufficio per le statistiche nazionali inglesi a giugno rivelava che nei primi sei mesi del 2018 il fenomeno dei cosiddetti \u201ccrimini da coltello\u201d era aumentato del 15% rispetto all\u2019anno precedente.<\/p>\n<p><!--more--><\/p>\n<p style=\"text-align: justify;\">Dopo le ultime settimane drammatiche, nella capitale della Gran Bretagna, dove all\u2019inizio di novembre \u00e8 stato registrato un omicidio al giorno per accoltellamento, il fenomeno ha raggiunto la media di 41 episodi quotidiani. A ottobre, l\u2019ufficio per le statistiche nazionali (ONS), <a href=\"https:\/\/www.ons.gov.uk\/peoplepopulationandcommunity\/crimeandjustice\/bulletins\/crimeinenglandandwales\/yearendingjune2018\" target=\"_blank\" rel=\"noopener\">pubblicava<\/a> il <em>Crime Suvey <\/em>per Inghilterra e Galles relativo sempre ai primi sei mesi dell\u2019anno, e dal quale si evince che gli omicidi sono aumentati del 14%, i reati sessuali del 18%, le rapine del 22%, e c\u2019\u00e8 anche un pi\u00f9 generale aumento del 30% per i reati di ordine pubblico registrati dalla polizia.<\/p>\n<p style=\"text-align: justify;\">Ma \u00e8 Londra che continua ad essere il teatro prediletto di quella che oggi \u00e8 anche pi\u00f9 di una piaga per il Paese della regina, zona franca per le gang islamiche in crescita. Il sindaco Sadiq Khan e Cressida Dick<strong>, <\/strong>il primo commissario donna del Met (il corpo di polizia metropolitana inglese), sono stati accusati di nascondere la vera portata del crimine violento a Londra, sia dietro numeri che ballano, ma che dimostrano come, per la prima volta abbia superato New York per gli omicidi mensili; sia fingendo che il problema non fosse cos\u00ec importante.<\/p>\n<p style=\"text-align: justify;\"><a href=\"https:\/\/www.rassegnastampa-totustuus.it\/cattolica\/wp-content\/uploads\/2018\/11\/attentato_Inghilterra_Islam.jpg\"><img loading=\"lazy\" decoding=\"async\" class=\"wp-image-41683 alignright\" src=\"https:\/\/www.rassegnastampa-totustuus.it\/cattolica\/wp-content\/uploads\/2018\/11\/attentato_Inghilterra_Islam.jpg\" alt=\"\" width=\"250\" height=\"166\" \/><\/a>E nelle statistiche non rientrano le vittime dichiarate del terrorismo islamico. Sadiq Khan, per\u00f2, ha preferito dedicare ingenti risorse per combattere il crimine d\u2019odio online, e 34 milioni di sterline in progetti <a href=\"https:\/\/www.london.gov.uk\/WHAT-WE-DO\/environment\/environment-publications\/solar-action-plan\" target=\"_blank\" rel=\"noopener\">ambientalisti<\/a> verdi: denaro contestato perch\u00e9, rivendicano in citt\u00e0, avrebbe potuto essere usato per accrescere il numero di poliziotti. Sempre il sindaco della capitale ha ottenuto che venissero istallati metal detector nelle scuole per rivelare il possesso di coltelli, ma quanti ne siano stati sequestrati e trovati non viene registrato. N\u00e9 si sa quante scuole siano state coinvolte.<\/p>\n<p style=\"text-align: justify;\">Nel frattempo da anni va avanti la polemica tra Scotland Yard e il governo per l\u2019introduzione, quattro anni fa, di misure pi\u00f9 severe imposte alla polizia dell\u2019allora ministro degli Interni, Theresa May: da allora le forze dell\u2019ordine sono meno libere di fermare e perquisire i sospetti.<\/p>\n<p style=\"text-align: justify;\">Il provvedimento introdotto era di natura \u201crazziale\u201d. Infatti, dopo le celebri <em>rivolte d\u2019Inghilterra <\/em>del 2011, che interessarono soprattutto diversi quartieri di Londra e Tottenham, scaturite proprio da tensioni razziali, alcuni gruppi per i diritti civili iniziarono a fare pressione sulle autorit\u00e0 per impedire la pratica che gli inglesi chiamano dello <em>StopWatch<\/em>, e per limitare l\u2019eccessiva presenza di <a href=\"https:\/\/www.theguardian.com\/uk-news\/2015\/oct\/21\/theresa-may-criticises-police-chief-bernard-hogan-howe-stop-search-race-record\">bianchi<\/a> tra le forze dell\u2019ordine. Sar\u00e0 un caso, ma \u00e8 da allora che i crimini legati agli accoltellamenti hanno iniziato a crescere in maniera esponenziale.<\/p>\n<p style=\"text-align: justify;\">E il 2018 probabilmente sar\u00e0 l\u2019anno record nella storia del Paese in materia di crimini, senza includere nelle statistiche il terrorismo islamico, : se a febbraio oltre 250 coltelli e spade sono stati sequestrati a Londra in una sola settimana, e 283 persone, molte delle quali adolescenti, sono state arrestate per possesso e trasporto, tra agosto e novembre, invece, sono stati segnalati quotidianamente casi limite.<\/p>\n<p style=\"text-align: justify;\"><a href=\"https:\/\/www.rassegnastampa-totustuus.it\/cattolica\/wp-content\/uploads\/2006\/10\/poliziotto_inglese.jpg\"><img loading=\"lazy\" decoding=\"async\" class=\"alignleft wp-image-32758 size-full\" src=\"https:\/\/www.rassegnastampa-totustuus.it\/cattolica\/wp-content\/uploads\/2006\/10\/poliziotto_inglese.jpg\" alt=\"\" width=\"164\" height=\"196\" \/><\/a>Due ventenni sono stati ritrovati con \u201cferite da taglio\u201d a Kensington High Street l\u201911 giugno. Lo stesso giorno un altro ventenne lottava tra la vita e la morte dopo essere stato <a href=\"https:\/\/www.thesun.co.uk\/news\/6504148\/bermondsey-stabbing-london-knife-crime-latest\/\" target=\"_blank\" rel=\"noopener\">pugnalato<\/a> a Bermondsey, a sud di Londra.<\/p>\n<p style=\"text-align: justify;\">Ancora un accoltellamento con protagonista un ventenne a Kensington, nella zona ovest di Londra il giorno dopo. Cinque giorni dopo, un <a href=\"https:\/\/www.thesun.co.uk\/news\/6557248\/eltham-stabbing-boy-15-fights-for-life-after-being-stabbed-in-the-street-in-broad-daylight-in-london\/\" target=\"_blank\" rel=\"noopener\">quindicenne \u00e8 stato ricoverato in ospedale<\/a> dopo essere stato pugnalato pi\u00f9 volte a sud-est di Londra. Il 2 luglio un adolescente \u00e8 stato pugnalato allo stomaco con un coltello da cucina di oltre 10 centimetri in una strada trafficata di Islington.<\/p>\n<p style=\"text-align: justify;\">Il 17 agosto, un adolescente \u00e8 stato <a href=\"https:\/\/www.thesun.co.uk\/news\/7033522\/camberwell-stabbing-gang-fight-south-london\/\" target=\"_blank\" rel=\"noopener\">\u201csventrato con un machete\u201d a Camberwell<\/a> in un <em>combattimento <\/em>tra 30 persone. E quello stesso giorno un uomo di <a href=\"https:\/\/www.thesun.co.uk\/news\/7036769\/waltham-forest-stabbing-man-dead-boy-16-woman-arrested-murder\/\" target=\"_blank\" rel=\"noopener\">42 anni \u00e8 stato pugnalato a morte a Waltham Forest<\/a>, a est di Londra, portando all\u2019arresto di un ragazzo di 16 anni e di una donna di 35 anni.<\/p>\n<p style=\"text-align: justify;\">Episodi tutti simili si sono susseguiti tutti i giorni fino a met\u00e0 novembre, mentre viene redatto questo articolo, al punto che persino la Nike \u00e8 stata costretta a rimuovere la vendita di un <a href=\"https:\/\/www.theguardian.com\/business\/2018\/aug\/20\/nike-under-fire-for-marketing-of-menacing-balaclava\" target=\"_blank\" rel=\"noopener\">passamontagna<\/a> integrale dal sito web, perch\u00e9 oggetto ambito dalle bande che stanno mettendo in ginocchio in Paese.<\/p>\n<p style=\"text-align: justify;\">Lo stato delle cose cos\u00ec drammatico e pericoloso sta spingendo Sajid Javid, il Segretario di Stato per gli affari interni del Regno Unito, a conferire pi\u00f9 libert\u00e0 alle forze dell\u2019ordine d\u2019intervenire. Ma non senza un\u2019ingente dose di polemiche, sulle quali pende quel medesimo terrore di essere accusati di razzismo che ha caratterizzato il fenomeno degli abusi sessuali per mano di islamici.<\/p>\n<div id=\"attachment_41681\" style=\"width: 150px\" class=\"wp-caption alignright\"><a href=\"https:\/\/www.rassegnastampa-totustuus.it\/cattolica\/wp-content\/uploads\/2018\/11\/Lord-Ian-Blair.jpg\"><img loading=\"lazy\" decoding=\"async\" aria-describedby=\"caption-attachment-41681\" class=\"wp-image-41681\" src=\"https:\/\/www.rassegnastampa-totustuus.it\/cattolica\/wp-content\/uploads\/2018\/11\/Lord-Ian-Blair.jpg\" alt=\"\" width=\"150\" height=\"200\" \/><\/a><p id=\"caption-attachment-41681\" class=\"wp-caption-text\">Lord Ian Blair<\/p><\/div>\n<p style=\"text-align: justify;\">Lord Ian Blair (foto a lato), il celebre poliziotto inglese che tra il 2005 e il 2008 ha ricoperto il ruolo di pi\u00f9 alto ufficiale all\u2019interno del servizio di polizia metropolitana inglese, qualche giorno fa, intervistato dal Guardian al termine della famosa settimana in cui sono stati contati cinque accoltellamenti in sei giorni a Londra, ha imputato parte della responsabilit\u00e0 del fenomeno al taglio di personale delle forze dell\u2019ordine.<\/p>\n<p style=\"text-align: justify;\">\u201cUna delle cose che uno statistico cerca sempre \u00e8 vedere se un cambiamento nel comportamento \u00e8 una coincidenza o se c\u2019\u00e8 un nesso di causalit\u00e0. Sembra strano che il taglio del budget per la polizia del 20% coincida con un aumento significativo di crimini di ogni tipo. \u00c8 una coincidenza o \u00e8 causalit\u00e0?\u201d<\/p>\n<p style=\"text-align: justify;\">Blair \u00e8 celebre in Inghilterra per le sue <a href=\"https:\/\/web.archive.org\/web\/20071001032929\/http:\/news.independent.co.uk\/uk\/crime\/article2097766.ece\" target=\"_blank\" rel=\"noopener\">affermazioni<\/a>, di qualche anno fa, in merito al terrorismo islamico e alle questioni razziali. In un\u2019intervista alla BBC Radio 4, Blair dichiar\u00f2 che il terrorismo islamico fosse \u201cuna minaccia ben pi\u00f9 grave della Guerra Fredda o della Seconda Guerra Mondiale\u201d.<\/p>\n<p style=\"text-align: justify;\">E, a pi\u00f9 riprese, anche recentemente, ha affermato che i media sono stati incapaci di coprire un adeguato dibattito sull\u2019islam, respingendo, in maniera sbagliata, i legami tra religione islamica e attentati terroristici. Oltre che i reati \u201cminori\u201d. Lo scorso anno, la Camera dei Comuni dichiarava, inoltre, che Londra era diventata anche la capitale mondiale delle \u201c<a href=\"https:\/\/www.thesun.co.uk\/news\/5183470\/london-is-the-acid-capital-of-the-world-and-has-areas-where-drivers-wont-work-because-there-are-so-many-attacks\/\">aggressioni<\/a> da acido\u201d, e proprio nelle \u201cno go zones\u201d, le aree urbane \u201cislamizzate\u201d e ormai fuori dal controllo dello Stato.<\/p>\n<p style=\"text-align: justify;\">E se l\u2019uso del riconoscimento facciale continua a suscitare aspre critiche da parte dei gruppi per i diritti civili, e se l\u2019ex detective della polizia di Nottinghamshire, Andrew O\u2019Hagan, ha <a href=\"https:\/\/www.telegraph.co.uk\/news\/2018\/11\/13\/ex-cop-always-used-stop-search-now-police-live-fear-called-racist\/\" target=\"_blank\" rel=\"noopener\">affermato<\/a> che gli agenti oggi hanno \u201ctroppa paura\u00a0 di utilizzare\u201d i loro poteri per il terrore di perdere il lavoro per le accuse di razzismo, le dichiarazioni dell\u2019ex commissario Blair s\u2019inseriscono nel solco di un problema che coinvolge soprattutto le enclave islamiche inglesi e le bande di musulmani che da anni terrorizzano il Paese. Sono i quartieri islamici, le \u201cno go zones\u201d, il teatro di quel \u201ccrimine da coltello\u201d che inizia a terrorizzare il sindaco di Londra che, in questi giorni, ha ammesso, \u201coccorreranno 10 anni per ristabilire l\u2019ordine\u201d.<\/p>\n<p style=\"text-align: justify;\"><a href=\"https:\/\/www.rassegnastampa-totustuus.it\/cattolica\/wp-content\/uploads\/2009\/09\/sharia_Inghilterra.jpg\"><img loading=\"lazy\" decoding=\"async\" class=\"alignleft wp-image-32730\" src=\"https:\/\/www.rassegnastampa-totustuus.it\/cattolica\/wp-content\/uploads\/2009\/09\/sharia_Inghilterra.jpg\" alt=\"\" width=\"250\" height=\"173\" \/><\/a>Oltre la gi\u00e0 celebre Birmingham \u2013 citt\u00e0 ormai ostaggio dell\u2019islam \u2013 sono stati individuati vari quartieri di Londra e dintorni come zone altamente pericolose e a maggioranza islamica. Hackney, Camden, Stoke Newington e Bethnal Green, sono posti da evitare dopo il tramonto. Cos\u00ec come Stratford \u2013 sede del Parco Olimpico \u2013 e Elephant &amp; Castle, e perfino la ricca Islington, vengono evitate anche dai vari fattorini di sera.<\/p>\n<p style=\"text-align: justify;\">Nel Regno Unito, gran parte del dibattito sulle \u201cno go zones\u201d si \u00e8 concentrato sul cosiddetto \u201cvolo bianco\u201d: la migrazione su vasta scala di nativi britannici bianchi da un determinato quartiere in cui si trasferiscono sempre pi\u00f9 immigrati musulmani. Sebbene la questione del \u201cvolo bianco\u201d rimanga un tab\u00f9 per i multiculturalisti britannici, le statistiche ufficiali e la ricerca accademica non fanno che confermare che molte citt\u00e0 britanniche stanno subendo enormi trasformazioni demografiche a causa dell\u2019immigrazione di massa.<\/p>\n<p style=\"text-align: justify;\">Uno studio del professore di Oxford, David Coleman, gi\u00e0 nel 2010 tendeva a <a href=\"http:\/\/www.prospectmagazine.co.uk\/features\/when-britain-becomes-majority-minority\">dimostrare<\/a> che se gli attuali livelli di immigrazione continueranno, i britannici bianchi diventeranno una minoranza in poco pi\u00f9 di 50 anni. Coleman aveva avvertito che questo sar\u00e0 accompagnato da un cambiamento totale nell\u2019identit\u00e0 nazionale: culturale, politica, economica e religiosa. E a otto anni di distanza si iniziano gi\u00e0 a notare tutti i cambiamenti di sorta.<\/p>\n<p style=\"text-align: justify;\">Nel gennaio 2013, la Manchester University analizzava i dati ufficiali del censimento 2011, e notava che i nativi britannici bianchi erano gi\u00e0 una minoranza a Leicester (45%), Luton (45%) e Slough (35%).<\/p>\n<p style=\"text-align: justify;\"><a href=\"https:\/\/www.rassegnastampa-totustuus.it\/cattolica\/wp-content\/uploads\/2006\/11\/Islam.jpg\"><img loading=\"lazy\" decoding=\"async\" class=\"alignright wp-image-29772\" src=\"https:\/\/www.rassegnastampa-totustuus.it\/cattolica\/wp-content\/uploads\/2006\/11\/Islam.jpg\" alt=\"\" width=\"250\" height=\"189\" \/><\/a>Un\u2019analisi dei dati del censimento del 2011 \u2013 l\u2019ultimo che \u00e8 stato fatto \u2013 rivela l\u2019esistenza di oltre 100 enclave musulmane in Gran Bretagna. La popolazione musulmana supera l\u201985% in alcune parti di Blackburn e il 70% in una mezza dozzina di quartieri da Birmingham a Bradford.<\/p>\n<p style=\"text-align: justify;\">Ma ci sono anche grandi comunit\u00e0 musulmane a Dewsbury, Leicester, Londra, Luton e Manchester. E in molti casi le percentuali non hanno fatto che aumentare. Si tratta di enclave governate secondo la legge della sharia e nelle quali i crimini da coltello e le aggressioni da acido, di cui sopra, non fanno che crescere.<\/p>\n<p style=\"text-align: justify;\">Un rapporto del Ministero dell\u2019Interno svelato dal Sunday Times, ha scoperto che il \u201ccrimine da coltelli\u201d \u00e8 aumentato dell\u201986% nel Bedfordshire dal 2014. E l\u00e0, in particolare a Luton, un quarto dei residenti \u00e8 musulmano: la popolazione nativa britannica \u00e8 quasi scomparsa. E i musulmani di Bury Park sono stati accusati di \u201cpulizia etnica\u201d per aver molestato i non musulmani, al punto che molti sono stati costretti ad andarsene. Bury Park, una \u201ccitt\u00e0 all\u2019interno di una citt\u00e0\u201d, \u00e8 nota per l\u2019alta disoccupazione, il traffico di droga e il crimine. La Gran Bretagna, oggi, \u00e8 piena di Bury Park.<\/p>\n<p>&nbsp;<\/p>\n","protected":false},"excerpt":{"rendered":"<p>Analisi Difesa 24 Novembre 2018 di Lorenzo Formicola L\u2019Ufficio per le statistiche nazionali inglesi a giugno rivelava che nei primi sei mesi del 2018 il fenomeno dei cosiddetti \u201ccrimini da coltello\u201d era aumentato del 15% rispetto all\u2019anno precedente.<\/p><p><a class=\"more-link btn\" href=\"https:\/\/www.rassegnastampa-totustuus.it\/cattolica\/nellinghilterra-islamizzata-aumentano-gli-attacchi-al-coltello\/\">Continua a leggere<\/a><\/p>\n","protected":false},"author":6,"featured_media":41682,"comment_status":"closed","ping_status":"closed","sticky":false,"template":"","format":"standard","meta":{"footnotes":""},"categories":[111,108],"tags":[1769],"class_list":["post-41680","post","type-post","status-publish","format-standard","has-post-thumbnail","hentry","category-islam-in-europa","category-paesi-e-continenti","tag-inghilterra","item-wrap"],"yoast_head":"<!-- This site is optimized with the Yoast SEO plugin v27.5 - https:\/\/yoast.com\/product\/yoast-seo-wordpress\/ -->\n<title>Nell\u2019Inghilterra \u201cislamizzata\u201d aumentano gli attacchi al coltello - Rassegna Stampa Cattolica<\/title>\n<meta name=\"description\" content=\"Rassegna Stampa Cattolica - Per una cultura che nasce dalla Rivelazione cristiana in conformit\u00e0 alla tradizione e al Magistero della Chiesa in opposizione ad ogni relativismo e totalitarismo\" \/>\n<meta name=\"robots\" content=\"index, follow, max-snippet:-1, max-image-preview:large, max-video-preview:-1\" \/>\n<link rel=\"canonical\" href=\"https:\/\/www.rassegnastampa-totustuus.it\/cattolica\/nellinghilterra-islamizzata-aumentano-gli-attacchi-al-coltello\/\" \/>\n<meta property=\"og:locale\" content=\"it_IT\" \/>\n<meta property=\"og:type\" content=\"article\" \/>\n<meta property=\"og:title\" content=\"Nell\u2019Inghilterra \u201cislamizzata\u201d aumentano gli attacchi al coltello - Rassegna Stampa Cattolica\" \/>\n<meta property=\"og:description\" content=\"Rassegna Stampa Cattolica - Per una cultura che nasce dalla Rivelazione cristiana in conformit\u00e0 alla tradizione e al Magistero della Chiesa in opposizione ad ogni relativismo e totalitarismo\" \/>\n<meta property=\"og:url\" content=\"https:\/\/www.rassegnastampa-totustuus.it\/cattolica\/nellinghilterra-islamizzata-aumentano-gli-attacchi-al-coltello\/\" \/>\n<meta property=\"og:site_name\" content=\"Rassegna Stampa Cattolica\" \/>\n<meta property=\"article:publisher\" content=\"https:\/\/www.facebook.com\/rassegnastampacattolica\" \/>\n<meta property=\"article:published_time\" content=\"2018-12-12T23:00:10+00:00\" \/>\n<meta property=\"og:image\" content=\"https:\/\/www.rassegnastampa-totustuus.it\/cattolica\/wp-content\/uploads\/2018\/11\/polizia_inghilterra.jpg\" \/>\n\t<meta property=\"og:image:width\" content=\"318\" \/>\n\t<meta property=\"og:image:height\" content=\"159\" \/>\n\t<meta property=\"og:image:type\" content=\"image\/jpeg\" \/>\n<meta name=\"author\" content=\"Redazione\" \/>\n<meta name=\"twitter:card\" content=\"summary_large_image\" \/>\n<meta name=\"twitter:creator\" content=\"@rassegnastampa9\" \/>\n<meta name=\"twitter:site\" content=\"@rassegnastampa9\" \/>\n<meta name=\"twitter:label1\" content=\"Scritto da\" \/>\n\t<meta name=\"twitter:data1\" content=\"Redazione\" \/>\n\t<meta name=\"twitter:label2\" content=\"Tempo di lettura stimato\" \/>\n\t<meta name=\"twitter:data2\" content=\"8 minuti\" \/>\n<script type=\"application\/ld+json\" class=\"yoast-schema-graph\">{\"@context\":\"https:\\\/\\\/schema.org\",\"@graph\":[{\"@type\":\"Article\",\"@id\":\"https:\\\/\\\/www.rassegnastampa-totustuus.it\\\/cattolica\\\/nellinghilterra-islamizzata-aumentano-gli-attacchi-al-coltello\\\/#article\",\"isPartOf\":{\"@id\":\"https:\\\/\\\/www.rassegnastampa-totustuus.it\\\/cattolica\\\/nellinghilterra-islamizzata-aumentano-gli-attacchi-al-coltello\\\/\"},\"author\":{\"name\":\"Redazione\",\"@id\":\"https:\\\/\\\/www.rassegnastampa-totustuus.it\\\/cattolica\\\/#\\\/schema\\\/person\\\/08f319d2bd1a0904ad9e2bfb7b15e5c3\"},\"headline\":\"Nell\u2019Inghilterra \u201cislamizzata\u201d aumentano gli attacchi al coltello\",\"datePublished\":\"2018-12-12T23:00:10+00:00\",\"mainEntityOfPage\":{\"@id\":\"https:\\\/\\\/www.rassegnastampa-totustuus.it\\\/cattolica\\\/nellinghilterra-islamizzata-aumentano-gli-attacchi-al-coltello\\\/\"},\"wordCount\":1574,\"publisher\":{\"@id\":\"https:\\\/\\\/www.rassegnastampa-totustuus.it\\\/cattolica\\\/#organization\"},\"image\":{\"@id\":\"https:\\\/\\\/www.rassegnastampa-totustuus.it\\\/cattolica\\\/nellinghilterra-islamizzata-aumentano-gli-attacchi-al-coltello\\\/#primaryimage\"},\"thumbnailUrl\":\"https:\\\/\\\/www.rassegnastampa-totustuus.it\\\/cattolica\\\/wp-content\\\/uploads\\\/2018\\\/11\\\/polizia_inghilterra.jpg\",\"keywords\":[\"Inghilterra\"],\"articleSection\":[\"Islam in Europa\",\"Paesi e continenti\"],\"inLanguage\":\"it-IT\"},{\"@type\":\"WebPage\",\"@id\":\"https:\\\/\\\/www.rassegnastampa-totustuus.it\\\/cattolica\\\/nellinghilterra-islamizzata-aumentano-gli-attacchi-al-coltello\\\/\",\"url\":\"https:\\\/\\\/www.rassegnastampa-totustuus.it\\\/cattolica\\\/nellinghilterra-islamizzata-aumentano-gli-attacchi-al-coltello\\\/\",\"name\":\"Nell\u2019Inghilterra \u201cislamizzata\u201d aumentano gli attacchi al coltello - Rassegna Stampa Cattolica\",\"isPartOf\":{\"@id\":\"https:\\\/\\\/www.rassegnastampa-totustuus.it\\\/cattolica\\\/#website\"},\"primaryImageOfPage\":{\"@id\":\"https:\\\/\\\/www.rassegnastampa-totustuus.it\\\/cattolica\\\/nellinghilterra-islamizzata-aumentano-gli-attacchi-al-coltello\\\/#primaryimage\"},\"image\":{\"@id\":\"https:\\\/\\\/www.rassegnastampa-totustuus.it\\\/cattolica\\\/nellinghilterra-islamizzata-aumentano-gli-attacchi-al-coltello\\\/#primaryimage\"},\"thumbnailUrl\":\"https:\\\/\\\/www.rassegnastampa-totustuus.it\\\/cattolica\\\/wp-content\\\/uploads\\\/2018\\\/11\\\/polizia_inghilterra.jpg\",\"datePublished\":\"2018-12-12T23:00:10+00:00\",\"description\":\"Rassegna Stampa Cattolica - Per una cultura che nasce dalla Rivelazione cristiana in conformit\u00e0 alla tradizione e al Magistero della Chiesa in opposizione ad ogni relativismo e totalitarismo\",\"breadcrumb\":{\"@id\":\"https:\\\/\\\/www.rassegnastampa-totustuus.it\\\/cattolica\\\/nellinghilterra-islamizzata-aumentano-gli-attacchi-al-coltello\\\/#breadcrumb\"},\"inLanguage\":\"it-IT\",\"potentialAction\":[{\"@type\":\"ReadAction\",\"target\":[\"https:\\\/\\\/www.rassegnastampa-totustuus.it\\\/cattolica\\\/nellinghilterra-islamizzata-aumentano-gli-attacchi-al-coltello\\\/\"]}]},{\"@type\":\"ImageObject\",\"inLanguage\":\"it-IT\",\"@id\":\"https:\\\/\\\/www.rassegnastampa-totustuus.it\\\/cattolica\\\/nellinghilterra-islamizzata-aumentano-gli-attacchi-al-coltello\\\/#primaryimage\",\"url\":\"https:\\\/\\\/www.rassegnastampa-totustuus.it\\\/cattolica\\\/wp-content\\\/uploads\\\/2018\\\/11\\\/polizia_inghilterra.jpg\",\"contentUrl\":\"https:\\\/\\\/www.rassegnastampa-totustuus.it\\\/cattolica\\\/wp-content\\\/uploads\\\/2018\\\/11\\\/polizia_inghilterra.jpg\",\"width\":318,\"height\":159},{\"@type\":\"BreadcrumbList\",\"@id\":\"https:\\\/\\\/www.rassegnastampa-totustuus.it\\\/cattolica\\\/nellinghilterra-islamizzata-aumentano-gli-attacchi-al-coltello\\\/#breadcrumb\",\"itemListElement\":[{\"@type\":\"ListItem\",\"position\":1,\"name\":\"Home\",\"item\":\"https:\\\/\\\/www.rassegnastampa-totustuus.it\\\/cattolica\\\/\"},{\"@type\":\"ListItem\",\"position\":2,\"name\":\"Nell\u2019Inghilterra \u201cislamizzata\u201d aumentano gli attacchi al coltello\"}]},{\"@type\":\"WebSite\",\"@id\":\"https:\\\/\\\/www.rassegnastampa-totustuus.it\\\/cattolica\\\/#website\",\"url\":\"https:\\\/\\\/www.rassegnastampa-totustuus.it\\\/cattolica\\\/\",\"name\":\"Rassegna Stampa Cattolica\",\"description\":\"Per una cultura che nasce dalla Rivelazione cristiana in conformit\u00e0 alla tradizione e al Magistero della Chiesa in opposizione ad ogni relativismo e totalitarismo\",\"publisher\":{\"@id\":\"https:\\\/\\\/www.rassegnastampa-totustuus.it\\\/cattolica\\\/#organization\"},\"alternateName\":\"Rass. Cattolica\",\"potentialAction\":[{\"@type\":\"SearchAction\",\"target\":{\"@type\":\"EntryPoint\",\"urlTemplate\":\"https:\\\/\\\/www.rassegnastampa-totustuus.it\\\/cattolica\\\/?s={search_term_string}\"},\"query-input\":{\"@type\":\"PropertyValueSpecification\",\"valueRequired\":true,\"valueName\":\"search_term_string\"}}],\"inLanguage\":\"it-IT\"},{\"@type\":\"Organization\",\"@id\":\"https:\\\/\\\/www.rassegnastampa-totustuus.it\\\/cattolica\\\/#organization\",\"name\":\"Rassegna Stampa Cattolica\",\"url\":\"https:\\\/\\\/www.rassegnastampa-totustuus.it\\\/cattolica\\\/\",\"logo\":{\"@type\":\"ImageObject\",\"inLanguage\":\"it-IT\",\"@id\":\"https:\\\/\\\/www.rassegnastampa-totustuus.it\\\/cattolica\\\/#\\\/schema\\\/logo\\\/image\\\/\",\"url\":\"https:\\\/\\\/www.rassegnastampa-totustuus.it\\\/cattolica\\\/wp-content\\\/uploads\\\/2014\\\/04\\\/logo-rassegna1.gif\",\"contentUrl\":\"https:\\\/\\\/www.rassegnastampa-totustuus.it\\\/cattolica\\\/wp-content\\\/uploads\\\/2014\\\/04\\\/logo-rassegna1.gif\",\"width\":600,\"height\":163,\"caption\":\"Rassegna Stampa Cattolica\"},\"image\":{\"@id\":\"https:\\\/\\\/www.rassegnastampa-totustuus.it\\\/cattolica\\\/#\\\/schema\\\/logo\\\/image\\\/\"},\"sameAs\":[\"https:\\\/\\\/www.facebook.com\\\/rassegnastampacattolica\",\"https:\\\/\\\/x.com\\\/rassegnastampa9\"]},{\"@type\":\"Person\",\"@id\":\"https:\\\/\\\/www.rassegnastampa-totustuus.it\\\/cattolica\\\/#\\\/schema\\\/person\\\/08f319d2bd1a0904ad9e2bfb7b15e5c3\",\"name\":\"Redazione\",\"image\":{\"@type\":\"ImageObject\",\"inLanguage\":\"it-IT\",\"@id\":\"https:\\\/\\\/secure.gravatar.com\\\/avatar\\\/2fcdf27c78ea025fbdb44e914cc63c72249ffec9dc8aafd5c82b26240ef3f346?s=96&d=mm&r=g\",\"url\":\"https:\\\/\\\/secure.gravatar.com\\\/avatar\\\/2fcdf27c78ea025fbdb44e914cc63c72249ffec9dc8aafd5c82b26240ef3f346?s=96&d=mm&r=g\",\"contentUrl\":\"https:\\\/\\\/secure.gravatar.com\\\/avatar\\\/2fcdf27c78ea025fbdb44e914cc63c72249ffec9dc8aafd5c82b26240ef3f346?s=96&d=mm&r=g\",\"caption\":\"Redazione\"},\"url\":\"https:\\\/\\\/www.rassegnastampa-totustuus.it\\\/cattolica\\\/author\\\/pietroelle\\\/\"}]}<\/script>\n<!-- \/ Yoast SEO plugin. -->","yoast_head_json":{"title":"Nell\u2019Inghilterra \u201cislamizzata\u201d aumentano gli attacchi al coltello - Rassegna Stampa Cattolica","description":"Rassegna Stampa Cattolica - Per una cultura che nasce dalla Rivelazione cristiana in conformit\u00e0 alla tradizione e al Magistero della Chiesa in opposizione ad ogni relativismo e totalitarismo","robots":{"index":"index","follow":"follow","max-snippet":"max-snippet:-1","max-image-preview":"max-image-preview:large","max-video-preview":"max-video-preview:-1"},"canonical":"https:\/\/www.rassegnastampa-totustuus.it\/cattolica\/nellinghilterra-islamizzata-aumentano-gli-attacchi-al-coltello\/","og_locale":"it_IT","og_type":"article","og_title":"Nell\u2019Inghilterra \u201cislamizzata\u201d aumentano gli attacchi al coltello - Rassegna Stampa Cattolica","og_description":"Rassegna Stampa Cattolica - Per una cultura che nasce dalla Rivelazione cristiana in conformit\u00e0 alla tradizione e al Magistero della Chiesa in opposizione ad ogni relativismo e totalitarismo","og_url":"https:\/\/www.rassegnastampa-totustuus.it\/cattolica\/nellinghilterra-islamizzata-aumentano-gli-attacchi-al-coltello\/","og_site_name":"Rassegna Stampa Cattolica","article_publisher":"https:\/\/www.facebook.com\/rassegnastampacattolica","article_published_time":"2018-12-12T23:00:10+00:00","og_image":[{"width":318,"height":159,"url":"https:\/\/www.rassegnastampa-totustuus.it\/cattolica\/wp-content\/uploads\/2018\/11\/polizia_inghilterra.jpg","type":"image\/jpeg"}],"author":"Redazione","twitter_card":"summary_large_image","twitter_creator":"@rassegnastampa9","twitter_site":"@rassegnastampa9","twitter_misc":{"Scritto da":"Redazione","Tempo di lettura stimato":"8 minuti"},"schema":{"@context":"https:\/\/schema.org","@graph":[{"@type":"Article","@id":"https:\/\/www.rassegnastampa-totustuus.it\/cattolica\/nellinghilterra-islamizzata-aumentano-gli-attacchi-al-coltello\/#article","isPartOf":{"@id":"https:\/\/www.rassegnastampa-totustuus.it\/cattolica\/nellinghilterra-islamizzata-aumentano-gli-attacchi-al-coltello\/"},"author":{"name":"Redazione","@id":"https:\/\/www.rassegnastampa-totustuus.it\/cattolica\/#\/schema\/person\/08f319d2bd1a0904ad9e2bfb7b15e5c3"},"headline":"Nell\u2019Inghilterra \u201cislamizzata\u201d aumentano gli attacchi al coltello","datePublished":"2018-12-12T23:00:10+00:00","mainEntityOfPage":{"@id":"https:\/\/www.rassegnastampa-totustuus.it\/cattolica\/nellinghilterra-islamizzata-aumentano-gli-attacchi-al-coltello\/"},"wordCount":1574,"publisher":{"@id":"https:\/\/www.rassegnastampa-totustuus.it\/cattolica\/#organization"},"image":{"@id":"https:\/\/www.rassegnastampa-totustuus.it\/cattolica\/nellinghilterra-islamizzata-aumentano-gli-attacchi-al-coltello\/#primaryimage"},"thumbnailUrl":"https:\/\/www.rassegnastampa-totustuus.it\/cattolica\/wp-content\/uploads\/2018\/11\/polizia_inghilterra.jpg","keywords":["Inghilterra"],"articleSection":["Islam in Europa","Paesi e continenti"],"inLanguage":"it-IT"},{"@type":"WebPage","@id":"https:\/\/www.rassegnastampa-totustuus.it\/cattolica\/nellinghilterra-islamizzata-aumentano-gli-attacchi-al-coltello\/","url":"https:\/\/www.rassegnastampa-totustuus.it\/cattolica\/nellinghilterra-islamizzata-aumentano-gli-attacchi-al-coltello\/","name":"Nell\u2019Inghilterra \u201cislamizzata\u201d aumentano gli attacchi al coltello - Rassegna Stampa Cattolica","isPartOf":{"@id":"https:\/\/www.rassegnastampa-totustuus.it\/cattolica\/#website"},"primaryImageOfPage":{"@id":"https:\/\/www.rassegnastampa-totustuus.it\/cattolica\/nellinghilterra-islamizzata-aumentano-gli-attacchi-al-coltello\/#primaryimage"},"image":{"@id":"https:\/\/www.rassegnastampa-totustuus.it\/cattolica\/nellinghilterra-islamizzata-aumentano-gli-attacchi-al-coltello\/#primaryimage"},"thumbnailUrl":"https:\/\/www.rassegnastampa-totustuus.it\/cattolica\/wp-content\/uploads\/2018\/11\/polizia_inghilterra.jpg","datePublished":"2018-12-12T23:00:10+00:00","description":"Rassegna Stampa Cattolica - Per una cultura che nasce dalla Rivelazione cristiana in conformit\u00e0 alla tradizione e al Magistero della Chiesa in opposizione ad ogni relativismo e totalitarismo","breadcrumb":{"@id":"https:\/\/www.rassegnastampa-totustuus.it\/cattolica\/nellinghilterra-islamizzata-aumentano-gli-attacchi-al-coltello\/#breadcrumb"},"inLanguage":"it-IT","potentialAction":[{"@type":"ReadAction","target":["https:\/\/www.rassegnastampa-totustuus.it\/cattolica\/nellinghilterra-islamizzata-aumentano-gli-attacchi-al-coltello\/"]}]},{"@type":"ImageObject","inLanguage":"it-IT","@id":"https:\/\/www.rassegnastampa-totustuus.it\/cattolica\/nellinghilterra-islamizzata-aumentano-gli-attacchi-al-coltello\/#primaryimage","url":"https:\/\/www.rassegnastampa-totustuus.it\/cattolica\/wp-content\/uploads\/2018\/11\/polizia_inghilterra.jpg","contentUrl":"https:\/\/www.rassegnastampa-totustuus.it\/cattolica\/wp-content\/uploads\/2018\/11\/polizia_inghilterra.jpg","width":318,"height":159},{"@type":"BreadcrumbList","@id":"https:\/\/www.rassegnastampa-totustuus.it\/cattolica\/nellinghilterra-islamizzata-aumentano-gli-attacchi-al-coltello\/#breadcrumb","itemListElement":[{"@type":"ListItem","position":1,"name":"Home","item":"https:\/\/www.rassegnastampa-totustuus.it\/cattolica\/"},{"@type":"ListItem","position":2,"name":"Nell\u2019Inghilterra \u201cislamizzata\u201d aumentano gli attacchi al coltello"}]},{"@type":"WebSite","@id":"https:\/\/www.rassegnastampa-totustuus.it\/cattolica\/#website","url":"https:\/\/www.rassegnastampa-totustuus.it\/cattolica\/","name":"Rassegna Stampa Cattolica","description":"Per una cultura che nasce dalla Rivelazione cristiana in conformit\u00e0 alla tradizione e al Magistero della Chiesa in opposizione ad ogni relativismo e totalitarismo","publisher":{"@id":"https:\/\/www.rassegnastampa-totustuus.it\/cattolica\/#organization"},"alternateName":"Rass. Cattolica","potentialAction":[{"@type":"SearchAction","target":{"@type":"EntryPoint","urlTemplate":"https:\/\/www.rassegnastampa-totustuus.it\/cattolica\/?s={search_term_string}"},"query-input":{"@type":"PropertyValueSpecification","valueRequired":true,"valueName":"search_term_string"}}],"inLanguage":"it-IT"},{"@type":"Organization","@id":"https:\/\/www.rassegnastampa-totustuus.it\/cattolica\/#organization","name":"Rassegna Stampa Cattolica","url":"https:\/\/www.rassegnastampa-totustuus.it\/cattolica\/","logo":{"@type":"ImageObject","inLanguage":"it-IT","@id":"https:\/\/www.rassegnastampa-totustuus.it\/cattolica\/#\/schema\/logo\/image\/","url":"https:\/\/www.rassegnastampa-totustuus.it\/cattolica\/wp-content\/uploads\/2014\/04\/logo-rassegna1.gif","contentUrl":"https:\/\/www.rassegnastampa-totustuus.it\/cattolica\/wp-content\/uploads\/2014\/04\/logo-rassegna1.gif","width":600,"height":163,"caption":"Rassegna Stampa Cattolica"},"image":{"@id":"https:\/\/www.rassegnastampa-totustuus.it\/cattolica\/#\/schema\/logo\/image\/"},"sameAs":["https:\/\/www.facebook.com\/rassegnastampacattolica","https:\/\/x.com\/rassegnastampa9"]},{"@type":"Person","@id":"https:\/\/www.rassegnastampa-totustuus.it\/cattolica\/#\/schema\/person\/08f319d2bd1a0904ad9e2bfb7b15e5c3","name":"Redazione","image":{"@type":"ImageObject","inLanguage":"it-IT","@id":"https:\/\/secure.gravatar.com\/avatar\/2fcdf27c78ea025fbdb44e914cc63c72249ffec9dc8aafd5c82b26240ef3f346?s=96&d=mm&r=g","url":"https:\/\/secure.gravatar.com\/avatar\/2fcdf27c78ea025fbdb44e914cc63c72249ffec9dc8aafd5c82b26240ef3f346?s=96&d=mm&r=g","contentUrl":"https:\/\/secure.gravatar.com\/avatar\/2fcdf27c78ea025fbdb44e914cc63c72249ffec9dc8aafd5c82b26240ef3f346?s=96&d=mm&r=g","caption":"Redazione"},"url":"https:\/\/www.rassegnastampa-totustuus.it\/cattolica\/author\/pietroelle\/"}]}},"_links":{"self":[{"href":"https:\/\/www.rassegnastampa-totustuus.it\/cattolica\/wp-json\/wp\/v2\/posts\/41680","targetHints":{"allow":["GET"]}}],"collection":[{"href":"https:\/\/www.rassegnastampa-totustuus.it\/cattolica\/wp-json\/wp\/v2\/posts"}],"about":[{"href":"https:\/\/www.rassegnastampa-totustuus.it\/cattolica\/wp-json\/wp\/v2\/types\/post"}],"author":[{"embeddable":true,"href":"https:\/\/www.rassegnastampa-totustuus.it\/cattolica\/wp-json\/wp\/v2\/users\/6"}],"replies":[{"embeddable":true,"href":"https:\/\/www.rassegnastampa-totustuus.it\/cattolica\/wp-json\/wp\/v2\/comments?post=41680"}],"version-history":[{"count":1,"href":"https:\/\/www.rassegnastampa-totustuus.it\/cattolica\/wp-json\/wp\/v2\/posts\/41680\/revisions"}],"predecessor-version":[{"id":41684,"href":"https:\/\/www.rassegnastampa-totustuus.it\/cattolica\/wp-json\/wp\/v2\/posts\/41680\/revisions\/41684"}],"wp:featuredmedia":[{"embeddable":true,"href":"https:\/\/www.rassegnastampa-totustuus.it\/cattolica\/wp-json\/wp\/v2\/media\/41682"}],"wp:attachment":[{"href":"https:\/\/www.rassegnastampa-totustuus.it\/cattolica\/wp-json\/wp\/v2\/media?parent=41680"}],"wp:term":[{"taxonomy":"category","embeddable":true,"href":"https:\/\/www.rassegnastampa-totustuus.it\/cattolica\/wp-json\/wp\/v2\/categories?post=41680"},{"taxonomy":"post_tag","embeddable":true,"href":"https:\/\/www.rassegnastampa-totustuus.it\/cattolica\/wp-json\/wp\/v2\/tags?post=41680"}],"curies":[{"name":"wp","href":"https:\/\/api.w.org\/{rel}","templated":true}]}}