{"id":41676,"date":"2018-12-13T00:00:16","date_gmt":"2018-12-12T23:00:16","guid":{"rendered":"http:\/\/www.rassegnastampa-totustuus.it\/cattolica\/?p=41676"},"modified":"2018-11-28T09:45:08","modified_gmt":"2018-11-28T08:45:08","slug":"basta-casi-come-quelli-di-desiree-e-pamela-fermiamo-lepidemia-droga","status":"publish","type":"post","link":"https:\/\/www.rassegnastampa-totustuus.it\/cattolica\/basta-casi-come-quelli-di-desiree-e-pamela-fermiamo-lepidemia-droga\/","title":{"rendered":"Basta casi come quelli di Desir\u00e9e e Pamela. Fermiamo l\u2019epidemia droga"},"content":{"rendered":"<p style=\"text-align: center;\"><a href=\"https:\/\/www.rassegnastampa-totustuus.it\/cattolica\/wp-content\/uploads\/2018\/11\/droga-1.jpg\"><img loading=\"lazy\" decoding=\"async\" class=\"alignright wp-image-41677\" src=\"https:\/\/www.rassegnastampa-totustuus.it\/cattolica\/wp-content\/uploads\/2018\/11\/droga-1.jpg\" alt=\"\" width=\"250\" height=\"187\" \/><\/a>da <a href=\"https:\/\/www.tempi.it\/\" target=\"_blank\" rel=\"noopener\"><strong>Tempi<\/strong><\/a> 14 Novembre 2018.<\/p>\n<p style=\"text-align: justify;\"><em>Altro che invocare sempre ulteriore legalizzazione. Serve un piano straordinario: si chiudano i luoghi dello spaccio \u201clegale\u201d e pseudolight, si modifichi la legge<\/em><\/p>\n<p style=\"text-align: center;\">di <strong>Alfredo Mantovano<\/strong><\/p>\n<p><!--more--><\/p>\n<p style=\"text-align: justify;\">\u00c8 come una epidemia, solo che si preferisce ignorarla. Pu\u00f2 essere prevenuta e contrastata, ma addirittura per molti, media e intellettuali inclusi, dovremmo poterla provare tutti liberamente: una sorta di colera legale e gratuito. Neanche episodi come quello di Desir\u00e9e Mariottini, nel cuore della Capitale, pochi mesi dopo quello di Pamela Mastropietro, a Macerata, e dopo quello di Emanuele Morganti, ad Alatri, fanno arrendere alla realt\u00e0. Che ha certamente componenti di violenza in zone inspiegabilmente lasciate prive di regole e di controlli, ma riconduce a un filone principale: la droga, la sua diffusione capillare, la sua cessione incontrastata alla luce del sole, il suo passare di mano in mano nelle aule e nelle toilette delle scuole.<\/p>\n<p style=\"text-align: justify;\">Desir\u00e9e, come Pamela, muoiono dopo sevizie e agonie atroci, ma iniziano a morire quando ciascuna di loro si \u00e8 lasciata convincere \u2014 quindi c\u2019\u00e8 stato pure un atto di volont\u00e0, per quanto debole e condizionato \u2014 che la droga era la risposta al problema di vivere. I carnefici di Pamela e di Desir\u00e9e hanno avuto a che fare con la droga sia come strumento per attrarle sia come benzina per alimentare la propria brutalit\u00e0 ed eliminare ogni freno.<\/p>\n<p style=\"text-align: justify;\"><a href=\"https:\/\/www.rassegnastampa-totustuus.it\/cattolica\/wp-content\/uploads\/2011\/06\/no-droga.jpg\"><img loading=\"lazy\" decoding=\"async\" class=\"alignleft wp-image-27431 size-full\" src=\"https:\/\/www.rassegnastampa-totustuus.it\/cattolica\/wp-content\/uploads\/2011\/06\/no-droga.jpg\" alt=\"\" width=\"192\" height=\"192\" srcset=\"https:\/\/www.rassegnastampa-totustuus.it\/cattolica\/wp-content\/uploads\/2011\/06\/no-droga.jpg 192w, https:\/\/www.rassegnastampa-totustuus.it\/cattolica\/wp-content\/uploads\/2011\/06\/no-droga-150x150.jpg 150w\" sizes=\"auto, (max-width: 192px) 100vw, 192px\" \/><\/a>Oggi circolano pi\u00f9 stupefacenti rispetto a qualche anno fa: lo attestano i dati ufficiali del Dipartimento antidroga della presidenza del Consiglio. La relazione presentata al Parlamento a settembre, ingiustamente caduta nel disinteresse, informa che ammontano a un terzo gli italiani in et\u00e0 compresa fra i 15 e i 64 anni che hanno fatto uso di stupefacente almeno una volta nella vita, mentre poco pi\u00f9 di uno su dieci l\u2019ha assunta almeno una volta nel solo 2017; in quella fascia di et\u00e0 il 10 per cento degli italiani ha adoperato nel 2017 derivati della cannabis: in assoluto, 6 milioni di persone!<\/p>\n<p style=\"text-align: justify;\">La percentuale sale al 26 per cento se si fa riferimento agli studenti; in numeri assoluti, si tratta di 250 mila ragazzi. Numeri da pandemia, che esigerebbero un piano straordinario, e non che si parli di droga solo per invocarne l\u2019ulteriore legalizzazione. La prevenzione \u00e8 una presa in giro: sempre nel 2017 su 38.614 persone segnalate in prefettura per uso di stupefacenti (un numero assai ridotto rispetto alla quantit\u00e0 di consumatori), quasi la met\u00e0 non si \u00e8 presentata ai colloqui.<\/p>\n<p style=\"text-align: justify;\">Gli effetti sono tanto gravi quanto non considerati. La gran parte di assuntori guida un veicolo, ma pochi si domandano come mai crescono gli incidenti stradali dalla causale inspiegabile: un ventenne si schianta con la moto contro un albero senza che la strada sia dissestata o che ci sia un temporale\u2026 Pochi si chiedono perch\u00e9 crescono le liti, le rapine, o anche solo i furti, che degenerano in omicidi: se l\u2019intento fosse stato uccidere, il responsabile avrebbe provveduto subito con lo strumento pi\u00f9 efficace, e invece \u00e8 partita una discussione o una intimidazione, e poi non ci si riesce a fermare.<\/p>\n<p style=\"text-align: justify;\"><a href=\"https:\/\/www.rassegnastampa-totustuus.it\/cattolica\/wp-content\/uploads\/2005\/05\/droga-libera.jpg\"><img loading=\"lazy\" decoding=\"async\" class=\"alignright wp-image-27449\" src=\"https:\/\/www.rassegnastampa-totustuus.it\/cattolica\/wp-content\/uploads\/2005\/05\/droga-libera.jpg\" alt=\"\" width=\"250\" height=\"164\" \/><\/a>Come per le epidemie di manzoniana memoria, non mancano gli untori. Dai negozi che spacciano \u201clegalmente\u201d la cosiddetta cannabis light \u2014 \u00e8 light solo la logica di chi ne ha previsto e permesso la diffusione \u2014 ai teorici della completa legalizzazione. Ma se gira pi\u00f9 droga oggi rispetto a qualche anno fa \u00e8 perch\u00e9 nella primavera 2014 il governo dell\u2019epoca impose con voto di fiducia un decreto legge che, fra l\u2019altro, ripristinava l\u2019antiscientifica distinzione fra droghe pesanti e leggere, restaurava la non punibilit\u00e0 per la detenzione finalizzata \u00abper uso personale\u00bb, eliminava l\u2019arresto obbligatorio in flagranza per lo spaccio di lieve entit\u00e0.<\/p>\n<p style=\"text-align: justify;\">Gli esiti sono stati: a) la parcellizzazione dello spaccio: in assenza di obbligo di arresto quando si \u00e8 colti sul fatto ci si fa furbi e si viaggia sempre con poche dosi (il solo fastidio \u00e8 di fare il su e il gi\u00f9 dal vicino deposito con maggiore frequenza); b) la riduzione al minimo delle sanzioni per i derivati della cannabis; c) l\u2019incremento dell\u2019area dell\u2019impunit\u00e0. Vogliamo veramente che casi come quelli di Desir\u00e9e e di Pamela non si ripetano?<\/p>\n<p style=\"text-align: justify;\">Fermiamo l\u2019epidemia. Si chiudano i luoghi dello spaccio \u201clegale\u201d e pseudo-light e si modifichi la legge. Vero, non \u00e8 solo questione di norme da cambiare: vi \u00e8 un grande problema di educazione familiare e scolastica. Ma con un briciolo di onest\u00e0 \u00e8 impossibile negare che oggi lo sballo incontri meno ostacoli: porne qualcuno contro la diffusione della peste d\u2019inizio secolo \u00e8 il minimo sindacale.<\/p>\n<p>&nbsp;<\/p>\n","protected":false},"excerpt":{"rendered":"<p>da Tempi 14 Novembre 2018. Altro che invocare sempre ulteriore legalizzazione. Serve un piano straordinario: si chiudano i luoghi dello spaccio \u201clegale\u201d e pseudolight, si modifichi la legge di Alfredo Mantovano<\/p><p><a class=\"more-link btn\" href=\"https:\/\/www.rassegnastampa-totustuus.it\/cattolica\/basta-casi-come-quelli-di-desiree-e-pamela-fermiamo-lepidemia-droga\/\">Continua a leggere<\/a><\/p>\n","protected":false},"author":6,"featured_media":41677,"comment_status":"closed","ping_status":"closed","sticky":false,"template":"","format":"standard","meta":{"footnotes":""},"categories":[12],"tags":[2165],"class_list":["post-41676","post","type-post","status-publish","format-standard","has-post-thumbnail","hentry","category-droga","tag-legalizzazione","item-wrap"],"yoast_head":"<!-- This site is optimized with the Yoast SEO plugin v27.5 - https:\/\/yoast.com\/product\/yoast-seo-wordpress\/ -->\n<title>Basta casi come quelli di Desir\u00e9e e Pamela. Fermiamo l\u2019epidemia droga - Rassegna Stampa Cattolica<\/title>\n<meta name=\"description\" content=\"Rassegna Stampa Cattolica - Per una cultura che nasce dalla Rivelazione cristiana in conformit\u00e0 alla tradizione e al Magistero della Chiesa in opposizione ad ogni relativismo e totalitarismo\" \/>\n<meta name=\"robots\" content=\"index, follow, max-snippet:-1, max-image-preview:large, max-video-preview:-1\" \/>\n<link rel=\"canonical\" href=\"https:\/\/www.rassegnastampa-totustuus.it\/cattolica\/basta-casi-come-quelli-di-desiree-e-pamela-fermiamo-lepidemia-droga\/\" \/>\n<meta property=\"og:locale\" content=\"it_IT\" \/>\n<meta property=\"og:type\" content=\"article\" \/>\n<meta property=\"og:title\" content=\"Basta casi come quelli di Desir\u00e9e e Pamela. Fermiamo l\u2019epidemia droga - Rassegna Stampa Cattolica\" \/>\n<meta property=\"og:description\" content=\"Rassegna Stampa Cattolica - Per una cultura che nasce dalla Rivelazione cristiana in conformit\u00e0 alla tradizione e al Magistero della Chiesa in opposizione ad ogni relativismo e totalitarismo\" \/>\n<meta property=\"og:url\" content=\"https:\/\/www.rassegnastampa-totustuus.it\/cattolica\/basta-casi-come-quelli-di-desiree-e-pamela-fermiamo-lepidemia-droga\/\" \/>\n<meta property=\"og:site_name\" content=\"Rassegna Stampa Cattolica\" \/>\n<meta property=\"article:publisher\" content=\"https:\/\/www.facebook.com\/rassegnastampacattolica\" \/>\n<meta property=\"article:published_time\" content=\"2018-12-12T23:00:16+00:00\" \/>\n<meta property=\"og:image\" content=\"https:\/\/www.rassegnastampa-totustuus.it\/cattolica\/wp-content\/uploads\/2018\/11\/droga-1.jpg\" \/>\n\t<meta property=\"og:image:width\" content=\"260\" \/>\n\t<meta property=\"og:image:height\" content=\"194\" \/>\n\t<meta property=\"og:image:type\" content=\"image\/jpeg\" \/>\n<meta name=\"author\" content=\"Redazione\" \/>\n<meta name=\"twitter:card\" content=\"summary_large_image\" \/>\n<meta name=\"twitter:creator\" content=\"@rassegnastampa9\" \/>\n<meta name=\"twitter:site\" content=\"@rassegnastampa9\" \/>\n<meta name=\"twitter:label1\" content=\"Scritto da\" \/>\n\t<meta name=\"twitter:data1\" content=\"Redazione\" \/>\n\t<meta name=\"twitter:label2\" content=\"Tempo di lettura stimato\" \/>\n\t<meta name=\"twitter:data2\" content=\"4 minuti\" \/>\n<script type=\"application\/ld+json\" class=\"yoast-schema-graph\">{\"@context\":\"https:\\\/\\\/schema.org\",\"@graph\":[{\"@type\":\"Article\",\"@id\":\"https:\\\/\\\/www.rassegnastampa-totustuus.it\\\/cattolica\\\/basta-casi-come-quelli-di-desiree-e-pamela-fermiamo-lepidemia-droga\\\/#article\",\"isPartOf\":{\"@id\":\"https:\\\/\\\/www.rassegnastampa-totustuus.it\\\/cattolica\\\/basta-casi-come-quelli-di-desiree-e-pamela-fermiamo-lepidemia-droga\\\/\"},\"author\":{\"name\":\"Redazione\",\"@id\":\"https:\\\/\\\/www.rassegnastampa-totustuus.it\\\/cattolica\\\/#\\\/schema\\\/person\\\/08f319d2bd1a0904ad9e2bfb7b15e5c3\"},\"headline\":\"Basta casi come quelli di Desir\u00e9e e Pamela. Fermiamo l\u2019epidemia droga\",\"datePublished\":\"2018-12-12T23:00:16+00:00\",\"mainEntityOfPage\":{\"@id\":\"https:\\\/\\\/www.rassegnastampa-totustuus.it\\\/cattolica\\\/basta-casi-come-quelli-di-desiree-e-pamela-fermiamo-lepidemia-droga\\\/\"},\"wordCount\":750,\"publisher\":{\"@id\":\"https:\\\/\\\/www.rassegnastampa-totustuus.it\\\/cattolica\\\/#organization\"},\"image\":{\"@id\":\"https:\\\/\\\/www.rassegnastampa-totustuus.it\\\/cattolica\\\/basta-casi-come-quelli-di-desiree-e-pamela-fermiamo-lepidemia-droga\\\/#primaryimage\"},\"thumbnailUrl\":\"https:\\\/\\\/www.rassegnastampa-totustuus.it\\\/cattolica\\\/wp-content\\\/uploads\\\/2018\\\/11\\\/droga-1.jpg\",\"keywords\":[\"legalizzazione\"],\"articleSection\":[\"Droga\"],\"inLanguage\":\"it-IT\"},{\"@type\":\"WebPage\",\"@id\":\"https:\\\/\\\/www.rassegnastampa-totustuus.it\\\/cattolica\\\/basta-casi-come-quelli-di-desiree-e-pamela-fermiamo-lepidemia-droga\\\/\",\"url\":\"https:\\\/\\\/www.rassegnastampa-totustuus.it\\\/cattolica\\\/basta-casi-come-quelli-di-desiree-e-pamela-fermiamo-lepidemia-droga\\\/\",\"name\":\"Basta casi come quelli di Desir\u00e9e e Pamela. Fermiamo l\u2019epidemia droga - Rassegna Stampa Cattolica\",\"isPartOf\":{\"@id\":\"https:\\\/\\\/www.rassegnastampa-totustuus.it\\\/cattolica\\\/#website\"},\"primaryImageOfPage\":{\"@id\":\"https:\\\/\\\/www.rassegnastampa-totustuus.it\\\/cattolica\\\/basta-casi-come-quelli-di-desiree-e-pamela-fermiamo-lepidemia-droga\\\/#primaryimage\"},\"image\":{\"@id\":\"https:\\\/\\\/www.rassegnastampa-totustuus.it\\\/cattolica\\\/basta-casi-come-quelli-di-desiree-e-pamela-fermiamo-lepidemia-droga\\\/#primaryimage\"},\"thumbnailUrl\":\"https:\\\/\\\/www.rassegnastampa-totustuus.it\\\/cattolica\\\/wp-content\\\/uploads\\\/2018\\\/11\\\/droga-1.jpg\",\"datePublished\":\"2018-12-12T23:00:16+00:00\",\"description\":\"Rassegna Stampa Cattolica - Per una cultura che nasce dalla Rivelazione cristiana in conformit\u00e0 alla tradizione e al Magistero della Chiesa in opposizione ad ogni relativismo e totalitarismo\",\"breadcrumb\":{\"@id\":\"https:\\\/\\\/www.rassegnastampa-totustuus.it\\\/cattolica\\\/basta-casi-come-quelli-di-desiree-e-pamela-fermiamo-lepidemia-droga\\\/#breadcrumb\"},\"inLanguage\":\"it-IT\",\"potentialAction\":[{\"@type\":\"ReadAction\",\"target\":[\"https:\\\/\\\/www.rassegnastampa-totustuus.it\\\/cattolica\\\/basta-casi-come-quelli-di-desiree-e-pamela-fermiamo-lepidemia-droga\\\/\"]}]},{\"@type\":\"ImageObject\",\"inLanguage\":\"it-IT\",\"@id\":\"https:\\\/\\\/www.rassegnastampa-totustuus.it\\\/cattolica\\\/basta-casi-come-quelli-di-desiree-e-pamela-fermiamo-lepidemia-droga\\\/#primaryimage\",\"url\":\"https:\\\/\\\/www.rassegnastampa-totustuus.it\\\/cattolica\\\/wp-content\\\/uploads\\\/2018\\\/11\\\/droga-1.jpg\",\"contentUrl\":\"https:\\\/\\\/www.rassegnastampa-totustuus.it\\\/cattolica\\\/wp-content\\\/uploads\\\/2018\\\/11\\\/droga-1.jpg\",\"width\":260,\"height\":194},{\"@type\":\"BreadcrumbList\",\"@id\":\"https:\\\/\\\/www.rassegnastampa-totustuus.it\\\/cattolica\\\/basta-casi-come-quelli-di-desiree-e-pamela-fermiamo-lepidemia-droga\\\/#breadcrumb\",\"itemListElement\":[{\"@type\":\"ListItem\",\"position\":1,\"name\":\"Home\",\"item\":\"https:\\\/\\\/www.rassegnastampa-totustuus.it\\\/cattolica\\\/\"},{\"@type\":\"ListItem\",\"position\":2,\"name\":\"Basta casi come quelli di Desir\u00e9e e Pamela. Fermiamo l\u2019epidemia droga\"}]},{\"@type\":\"WebSite\",\"@id\":\"https:\\\/\\\/www.rassegnastampa-totustuus.it\\\/cattolica\\\/#website\",\"url\":\"https:\\\/\\\/www.rassegnastampa-totustuus.it\\\/cattolica\\\/\",\"name\":\"Rassegna Stampa Cattolica\",\"description\":\"Per una cultura che nasce dalla Rivelazione cristiana in conformit\u00e0 alla tradizione e al Magistero della Chiesa in opposizione ad ogni relativismo e totalitarismo\",\"publisher\":{\"@id\":\"https:\\\/\\\/www.rassegnastampa-totustuus.it\\\/cattolica\\\/#organization\"},\"alternateName\":\"Rass. Cattolica\",\"potentialAction\":[{\"@type\":\"SearchAction\",\"target\":{\"@type\":\"EntryPoint\",\"urlTemplate\":\"https:\\\/\\\/www.rassegnastampa-totustuus.it\\\/cattolica\\\/?s={search_term_string}\"},\"query-input\":{\"@type\":\"PropertyValueSpecification\",\"valueRequired\":true,\"valueName\":\"search_term_string\"}}],\"inLanguage\":\"it-IT\"},{\"@type\":\"Organization\",\"@id\":\"https:\\\/\\\/www.rassegnastampa-totustuus.it\\\/cattolica\\\/#organization\",\"name\":\"Rassegna Stampa Cattolica\",\"url\":\"https:\\\/\\\/www.rassegnastampa-totustuus.it\\\/cattolica\\\/\",\"logo\":{\"@type\":\"ImageObject\",\"inLanguage\":\"it-IT\",\"@id\":\"https:\\\/\\\/www.rassegnastampa-totustuus.it\\\/cattolica\\\/#\\\/schema\\\/logo\\\/image\\\/\",\"url\":\"https:\\\/\\\/www.rassegnastampa-totustuus.it\\\/cattolica\\\/wp-content\\\/uploads\\\/2014\\\/04\\\/logo-rassegna1.gif\",\"contentUrl\":\"https:\\\/\\\/www.rassegnastampa-totustuus.it\\\/cattolica\\\/wp-content\\\/uploads\\\/2014\\\/04\\\/logo-rassegna1.gif\",\"width\":600,\"height\":163,\"caption\":\"Rassegna Stampa Cattolica\"},\"image\":{\"@id\":\"https:\\\/\\\/www.rassegnastampa-totustuus.it\\\/cattolica\\\/#\\\/schema\\\/logo\\\/image\\\/\"},\"sameAs\":[\"https:\\\/\\\/www.facebook.com\\\/rassegnastampacattolica\",\"https:\\\/\\\/x.com\\\/rassegnastampa9\"]},{\"@type\":\"Person\",\"@id\":\"https:\\\/\\\/www.rassegnastampa-totustuus.it\\\/cattolica\\\/#\\\/schema\\\/person\\\/08f319d2bd1a0904ad9e2bfb7b15e5c3\",\"name\":\"Redazione\",\"image\":{\"@type\":\"ImageObject\",\"inLanguage\":\"it-IT\",\"@id\":\"https:\\\/\\\/secure.gravatar.com\\\/avatar\\\/2fcdf27c78ea025fbdb44e914cc63c72249ffec9dc8aafd5c82b26240ef3f346?s=96&d=mm&r=g\",\"url\":\"https:\\\/\\\/secure.gravatar.com\\\/avatar\\\/2fcdf27c78ea025fbdb44e914cc63c72249ffec9dc8aafd5c82b26240ef3f346?s=96&d=mm&r=g\",\"contentUrl\":\"https:\\\/\\\/secure.gravatar.com\\\/avatar\\\/2fcdf27c78ea025fbdb44e914cc63c72249ffec9dc8aafd5c82b26240ef3f346?s=96&d=mm&r=g\",\"caption\":\"Redazione\"},\"url\":\"https:\\\/\\\/www.rassegnastampa-totustuus.it\\\/cattolica\\\/author\\\/pietroelle\\\/\"}]}<\/script>\n<!-- \/ Yoast SEO plugin. -->","yoast_head_json":{"title":"Basta casi come quelli di Desir\u00e9e e Pamela. Fermiamo l\u2019epidemia droga - Rassegna Stampa Cattolica","description":"Rassegna Stampa Cattolica - Per una cultura che nasce dalla Rivelazione cristiana in conformit\u00e0 alla tradizione e al Magistero della Chiesa in opposizione ad ogni relativismo e totalitarismo","robots":{"index":"index","follow":"follow","max-snippet":"max-snippet:-1","max-image-preview":"max-image-preview:large","max-video-preview":"max-video-preview:-1"},"canonical":"https:\/\/www.rassegnastampa-totustuus.it\/cattolica\/basta-casi-come-quelli-di-desiree-e-pamela-fermiamo-lepidemia-droga\/","og_locale":"it_IT","og_type":"article","og_title":"Basta casi come quelli di Desir\u00e9e e Pamela. Fermiamo l\u2019epidemia droga - Rassegna Stampa Cattolica","og_description":"Rassegna Stampa Cattolica - Per una cultura che nasce dalla Rivelazione cristiana in conformit\u00e0 alla tradizione e al Magistero della Chiesa in opposizione ad ogni relativismo e totalitarismo","og_url":"https:\/\/www.rassegnastampa-totustuus.it\/cattolica\/basta-casi-come-quelli-di-desiree-e-pamela-fermiamo-lepidemia-droga\/","og_site_name":"Rassegna Stampa Cattolica","article_publisher":"https:\/\/www.facebook.com\/rassegnastampacattolica","article_published_time":"2018-12-12T23:00:16+00:00","og_image":[{"width":260,"height":194,"url":"https:\/\/www.rassegnastampa-totustuus.it\/cattolica\/wp-content\/uploads\/2018\/11\/droga-1.jpg","type":"image\/jpeg"}],"author":"Redazione","twitter_card":"summary_large_image","twitter_creator":"@rassegnastampa9","twitter_site":"@rassegnastampa9","twitter_misc":{"Scritto da":"Redazione","Tempo di lettura stimato":"4 minuti"},"schema":{"@context":"https:\/\/schema.org","@graph":[{"@type":"Article","@id":"https:\/\/www.rassegnastampa-totustuus.it\/cattolica\/basta-casi-come-quelli-di-desiree-e-pamela-fermiamo-lepidemia-droga\/#article","isPartOf":{"@id":"https:\/\/www.rassegnastampa-totustuus.it\/cattolica\/basta-casi-come-quelli-di-desiree-e-pamela-fermiamo-lepidemia-droga\/"},"author":{"name":"Redazione","@id":"https:\/\/www.rassegnastampa-totustuus.it\/cattolica\/#\/schema\/person\/08f319d2bd1a0904ad9e2bfb7b15e5c3"},"headline":"Basta casi come quelli di Desir\u00e9e e Pamela. Fermiamo l\u2019epidemia droga","datePublished":"2018-12-12T23:00:16+00:00","mainEntityOfPage":{"@id":"https:\/\/www.rassegnastampa-totustuus.it\/cattolica\/basta-casi-come-quelli-di-desiree-e-pamela-fermiamo-lepidemia-droga\/"},"wordCount":750,"publisher":{"@id":"https:\/\/www.rassegnastampa-totustuus.it\/cattolica\/#organization"},"image":{"@id":"https:\/\/www.rassegnastampa-totustuus.it\/cattolica\/basta-casi-come-quelli-di-desiree-e-pamela-fermiamo-lepidemia-droga\/#primaryimage"},"thumbnailUrl":"https:\/\/www.rassegnastampa-totustuus.it\/cattolica\/wp-content\/uploads\/2018\/11\/droga-1.jpg","keywords":["legalizzazione"],"articleSection":["Droga"],"inLanguage":"it-IT"},{"@type":"WebPage","@id":"https:\/\/www.rassegnastampa-totustuus.it\/cattolica\/basta-casi-come-quelli-di-desiree-e-pamela-fermiamo-lepidemia-droga\/","url":"https:\/\/www.rassegnastampa-totustuus.it\/cattolica\/basta-casi-come-quelli-di-desiree-e-pamela-fermiamo-lepidemia-droga\/","name":"Basta casi come quelli di Desir\u00e9e e Pamela. Fermiamo l\u2019epidemia droga - Rassegna Stampa Cattolica","isPartOf":{"@id":"https:\/\/www.rassegnastampa-totustuus.it\/cattolica\/#website"},"primaryImageOfPage":{"@id":"https:\/\/www.rassegnastampa-totustuus.it\/cattolica\/basta-casi-come-quelli-di-desiree-e-pamela-fermiamo-lepidemia-droga\/#primaryimage"},"image":{"@id":"https:\/\/www.rassegnastampa-totustuus.it\/cattolica\/basta-casi-come-quelli-di-desiree-e-pamela-fermiamo-lepidemia-droga\/#primaryimage"},"thumbnailUrl":"https:\/\/www.rassegnastampa-totustuus.it\/cattolica\/wp-content\/uploads\/2018\/11\/droga-1.jpg","datePublished":"2018-12-12T23:00:16+00:00","description":"Rassegna Stampa Cattolica - Per una cultura che nasce dalla Rivelazione cristiana in conformit\u00e0 alla tradizione e al Magistero della Chiesa in opposizione ad ogni relativismo e totalitarismo","breadcrumb":{"@id":"https:\/\/www.rassegnastampa-totustuus.it\/cattolica\/basta-casi-come-quelli-di-desiree-e-pamela-fermiamo-lepidemia-droga\/#breadcrumb"},"inLanguage":"it-IT","potentialAction":[{"@type":"ReadAction","target":["https:\/\/www.rassegnastampa-totustuus.it\/cattolica\/basta-casi-come-quelli-di-desiree-e-pamela-fermiamo-lepidemia-droga\/"]}]},{"@type":"ImageObject","inLanguage":"it-IT","@id":"https:\/\/www.rassegnastampa-totustuus.it\/cattolica\/basta-casi-come-quelli-di-desiree-e-pamela-fermiamo-lepidemia-droga\/#primaryimage","url":"https:\/\/www.rassegnastampa-totustuus.it\/cattolica\/wp-content\/uploads\/2018\/11\/droga-1.jpg","contentUrl":"https:\/\/www.rassegnastampa-totustuus.it\/cattolica\/wp-content\/uploads\/2018\/11\/droga-1.jpg","width":260,"height":194},{"@type":"BreadcrumbList","@id":"https:\/\/www.rassegnastampa-totustuus.it\/cattolica\/basta-casi-come-quelli-di-desiree-e-pamela-fermiamo-lepidemia-droga\/#breadcrumb","itemListElement":[{"@type":"ListItem","position":1,"name":"Home","item":"https:\/\/www.rassegnastampa-totustuus.it\/cattolica\/"},{"@type":"ListItem","position":2,"name":"Basta casi come quelli di Desir\u00e9e e Pamela. Fermiamo l\u2019epidemia droga"}]},{"@type":"WebSite","@id":"https:\/\/www.rassegnastampa-totustuus.it\/cattolica\/#website","url":"https:\/\/www.rassegnastampa-totustuus.it\/cattolica\/","name":"Rassegna Stampa Cattolica","description":"Per una cultura che nasce dalla Rivelazione cristiana in conformit\u00e0 alla tradizione e al Magistero della Chiesa in opposizione ad ogni relativismo e totalitarismo","publisher":{"@id":"https:\/\/www.rassegnastampa-totustuus.it\/cattolica\/#organization"},"alternateName":"Rass. Cattolica","potentialAction":[{"@type":"SearchAction","target":{"@type":"EntryPoint","urlTemplate":"https:\/\/www.rassegnastampa-totustuus.it\/cattolica\/?s={search_term_string}"},"query-input":{"@type":"PropertyValueSpecification","valueRequired":true,"valueName":"search_term_string"}}],"inLanguage":"it-IT"},{"@type":"Organization","@id":"https:\/\/www.rassegnastampa-totustuus.it\/cattolica\/#organization","name":"Rassegna Stampa Cattolica","url":"https:\/\/www.rassegnastampa-totustuus.it\/cattolica\/","logo":{"@type":"ImageObject","inLanguage":"it-IT","@id":"https:\/\/www.rassegnastampa-totustuus.it\/cattolica\/#\/schema\/logo\/image\/","url":"https:\/\/www.rassegnastampa-totustuus.it\/cattolica\/wp-content\/uploads\/2014\/04\/logo-rassegna1.gif","contentUrl":"https:\/\/www.rassegnastampa-totustuus.it\/cattolica\/wp-content\/uploads\/2014\/04\/logo-rassegna1.gif","width":600,"height":163,"caption":"Rassegna Stampa Cattolica"},"image":{"@id":"https:\/\/www.rassegnastampa-totustuus.it\/cattolica\/#\/schema\/logo\/image\/"},"sameAs":["https:\/\/www.facebook.com\/rassegnastampacattolica","https:\/\/x.com\/rassegnastampa9"]},{"@type":"Person","@id":"https:\/\/www.rassegnastampa-totustuus.it\/cattolica\/#\/schema\/person\/08f319d2bd1a0904ad9e2bfb7b15e5c3","name":"Redazione","image":{"@type":"ImageObject","inLanguage":"it-IT","@id":"https:\/\/secure.gravatar.com\/avatar\/2fcdf27c78ea025fbdb44e914cc63c72249ffec9dc8aafd5c82b26240ef3f346?s=96&d=mm&r=g","url":"https:\/\/secure.gravatar.com\/avatar\/2fcdf27c78ea025fbdb44e914cc63c72249ffec9dc8aafd5c82b26240ef3f346?s=96&d=mm&r=g","contentUrl":"https:\/\/secure.gravatar.com\/avatar\/2fcdf27c78ea025fbdb44e914cc63c72249ffec9dc8aafd5c82b26240ef3f346?s=96&d=mm&r=g","caption":"Redazione"},"url":"https:\/\/www.rassegnastampa-totustuus.it\/cattolica\/author\/pietroelle\/"}]}},"_links":{"self":[{"href":"https:\/\/www.rassegnastampa-totustuus.it\/cattolica\/wp-json\/wp\/v2\/posts\/41676","targetHints":{"allow":["GET"]}}],"collection":[{"href":"https:\/\/www.rassegnastampa-totustuus.it\/cattolica\/wp-json\/wp\/v2\/posts"}],"about":[{"href":"https:\/\/www.rassegnastampa-totustuus.it\/cattolica\/wp-json\/wp\/v2\/types\/post"}],"author":[{"embeddable":true,"href":"https:\/\/www.rassegnastampa-totustuus.it\/cattolica\/wp-json\/wp\/v2\/users\/6"}],"replies":[{"embeddable":true,"href":"https:\/\/www.rassegnastampa-totustuus.it\/cattolica\/wp-json\/wp\/v2\/comments?post=41676"}],"version-history":[{"count":1,"href":"https:\/\/www.rassegnastampa-totustuus.it\/cattolica\/wp-json\/wp\/v2\/posts\/41676\/revisions"}],"predecessor-version":[{"id":41678,"href":"https:\/\/www.rassegnastampa-totustuus.it\/cattolica\/wp-json\/wp\/v2\/posts\/41676\/revisions\/41678"}],"wp:featuredmedia":[{"embeddable":true,"href":"https:\/\/www.rassegnastampa-totustuus.it\/cattolica\/wp-json\/wp\/v2\/media\/41677"}],"wp:attachment":[{"href":"https:\/\/www.rassegnastampa-totustuus.it\/cattolica\/wp-json\/wp\/v2\/media?parent=41676"}],"wp:term":[{"taxonomy":"category","embeddable":true,"href":"https:\/\/www.rassegnastampa-totustuus.it\/cattolica\/wp-json\/wp\/v2\/categories?post=41676"},{"taxonomy":"post_tag","embeddable":true,"href":"https:\/\/www.rassegnastampa-totustuus.it\/cattolica\/wp-json\/wp\/v2\/tags?post=41676"}],"curies":[{"name":"wp","href":"https:\/\/api.w.org\/{rel}","templated":true}]}}