{"id":41671,"date":"2018-12-13T00:00:38","date_gmt":"2018-12-12T23:00:38","guid":{"rendered":"http:\/\/www.rassegnastampa-totustuus.it\/cattolica\/?p=41671"},"modified":"2018-11-28T08:59:15","modified_gmt":"2018-11-28T07:59:15","slug":"ecco-perche-difendere-i-confini-nazionali-e-essenziale","status":"publish","type":"post","link":"https:\/\/www.rassegnastampa-totustuus.it\/cattolica\/ecco-perche-difendere-i-confini-nazionali-e-essenziale\/","title":{"rendered":"\u201cEcco perch\u00e9 difendere i confini nazionali \u00e8 essenziale\u201d"},"content":{"rendered":"<p style=\"text-align: center;\"><a href=\"https:\/\/www.rassegnastampa-totustuus.it\/cattolica\/wp-content\/uploads\/2018\/11\/esercito_militari.jpg\"><img loading=\"lazy\" decoding=\"async\" class=\"alignleft wp-image-41672\" src=\"https:\/\/www.rassegnastampa-totustuus.it\/cattolica\/wp-content\/uploads\/2018\/11\/esercito_militari.jpg\" alt=\"\" width=\"250\" height=\"166\" \/><\/a>da <a href=\"https:\/\/www.interris.it\/italia\/\">In<strong> Terris<\/strong><\/a> 28 Novembre 2018<\/p>\n<p style=\"text-align: center;\"><em>Il generale Bertolini striglia la politica: <\/em><\/p>\n<p style=\"text-align: center;\"><em>&#8220;<\/em><em>Non c&#8217;\u00e8 sovranit\u00e0 senza moneta propria e interesse per le Forze Armate&#8221;<\/em><\/p>\n<p style=\"text-align: center;\">di <strong>Federico Cenci<\/strong><\/p>\n<p><!--more--><\/p>\n<p style=\"text-align: justify;\">Un uomo d\u2019altri tempi, che coniuga pensiero e azione. Un simbolo delle forze armate italiane. Il generale <strong>Marco Bertolini<\/strong>, in congedo dal luglio 2016 per raggiunti limiti d\u2019et\u00e0, \u00e8 un paracadutista e veterano delle operazioni militari all\u2019estero. Ha partecipato a diversi conflitti: nel 1982 in Libano fu ferito e ottenne una medaglia d\u2019oro, dopo di che fu impegnato in ruoli di comando in Somalia, nei Balcani, in Afghanistan, dove dal 2008 al 2009 \u00e8 stato capo di Stato Maggiore della missione Nato.<\/p>\n<p style=\"text-align: justify;\">Oggi il suo sguardo continua a rivolgersi alle questioni che riguardano le Forze Armate italiane e la difesa dei nostri confini nazionali. Lo fa con preoccupazione, perch\u00e9 rileva che negli anni si \u00e8 assistito a un graduale disinteresse politico nei confronti di aspetti che &#8211; come sottolinea nell\u2019intervista ad <em>In Terris<\/em> che segue &#8211; sono determinanti per un Paese che voglia dimostrarsi davvero sovrano.<\/p>\n<p style=\"text-align: justify;\"><strong>A giugno lei ha preso posizione scrivendo una lettera per ribadire \u201cla centralit\u00e0 della Difesa nella salvaguardia degli interessi e della sicurezza\u201d del Paese. Che riscontri ha avuto sul tema a cinque mesi di distanza?<\/strong><\/p>\n<p style=\"text-align: justify;\"><a href=\"https:\/\/www.rassegnastampa-totustuus.it\/cattolica\/wp-content\/uploads\/2018\/11\/gen_Bertolini.jpg\"><img loading=\"lazy\" decoding=\"async\" class=\"alignright wp-image-41673\" src=\"https:\/\/www.rassegnastampa-totustuus.it\/cattolica\/wp-content\/uploads\/2018\/11\/gen_Bertolini.jpg\" alt=\"\" width=\"133\" height=\"200\" \/><\/a>\u201cCome fatto in diverse occasioni, ho espresso una posizione che \u00e8 condivisa da chiunque abbia scelto il mestiere del soldato in merito all\u2019importanza delle Forze Armate. Il riscontro \u00e8 abbastanza deludente. Da parte dei militari, che non possono non essere sovranisti, c\u2019\u00e8 grande attenzione per alcuni temi che vengono sollevati dal Governo. Almeno una parte dell\u2019Esecutivo \u00e8 consapevole del fatto che la sovranit\u00e0 si basa sulla disponibilit\u00e0 delle Forze Armate e di una moneta propria. Ma alle parole non si vedono ancora seguire i fatti. Anzi, giunge qualche segnale scoraggiante: l\u2019estate scorsa \u00e8 stata presentata una proposta di legge pe immettere le associazioni sindacali nelle Forze Armate; il che equivarrebbe, a mio avviso, a una smilitarizzazione di fatto\u201d.<\/p>\n<p style=\"text-align: justify;\"><strong>Di cosa avrebbero bisogno le Forze Armate?<\/strong><\/p>\n<p style=\"text-align: justify;\">\u201cDi investimenti. La Marina ha bisogno di navi. Ma riuscir\u00e0 a rinnovare la sua flotta, perch\u00e9 negli ultimi tempi c\u2019\u00e8 stata grande attenzione nei suoi confronti per le operazioni Mar Mediterraneo, Mare Sicuro, Eunavofor Med (operazione Sophia,<em> ndr<\/em>). C\u2019\u00e8 poi l\u2019aeronautica, che ha bisogno degli F35, i quali non sono un giochino per far divertire qualche generale, ma mezzi indispensabili per la nostra operativit\u00e0 e la nostra difesa. In caso di bisogno, del resto, non esiste la possibilit\u00e0 di comprare un aereo ed averlo subito a disposizione: stiamo parlando di progetti che necessitano di diversi anni per essere sviluppati, ecco allora che interrompere l\u2019acquisizione di un mezzo \u00e8 pericoloso. La nostra componente da trasporto ha sofferto problemi di manutenzione spaventosa per molti anni.<\/p>\n<p style=\"text-align: justify;\">C\u2019\u00e8 poi l\u2019Esercito: la forza armata impegnata pi\u00f9 pesantemente in questi decenni dai vari Governi, a partire dal Libano nel 1981 per poi arrivare a Somalia, Balcani, Afghanistan, Iraq e ancora oggi in Libano, dove abbiamo 1.100 uomini impiegati. Ma l\u2019Esercito \u00e8 stato impegnato a spese sue: ha dato fondo a tutte le sue scorte, perch\u00e9 le leggi finanziarie sono sempre state insufficienti. La componente corazzata \u00e8 ridotta all\u2019osso: abbiamo elicotteri che non hanno ore di volo, cio\u00e8 non hanno carburante sufficiente per poter essere utilizzati.<\/p>\n<p style=\"text-align: justify;\">Abbiamo una scarsit\u00e0 enorme di munizioni. Non abbiamo poi aree addestrative, che sono fondamentali, soprattutto ora che l\u2019Esercito \u00e8 formato da professionisti, che vanno addestrati tutti i giorni, perch\u00e9 le procedure ed i mezzi militari cambiano continuamente. Per esemplificare con un argomento che mi sta molto a cuore, anche il parco paracadute dei paracadutisti \u00e8 ridotto ai minimi termini, con materiali ormai prossimi al termine della vita tecnica\u201d.<\/p>\n<p style=\"text-align: justify;\"><strong><a href=\"https:\/\/www.rassegnastampa-totustuus.it\/cattolica\/wp-content\/uploads\/2004\/11\/soldato_italiano.jpg\"><img loading=\"lazy\" decoding=\"async\" class=\"alignleft wp-image-31133\" src=\"https:\/\/www.rassegnastampa-totustuus.it\/cattolica\/wp-content\/uploads\/2004\/11\/soldato_italiano.jpg\" alt=\"\" width=\"200\" height=\"200\" srcset=\"https:\/\/www.rassegnastampa-totustuus.it\/cattolica\/wp-content\/uploads\/2004\/11\/soldato_italiano.jpg 225w, https:\/\/www.rassegnastampa-totustuus.it\/cattolica\/wp-content\/uploads\/2004\/11\/soldato_italiano-150x150.jpg 150w\" sizes=\"auto, (max-width: 200px) 100vw, 200px\" \/><\/a>A cosa \u00e8 dovuta quella che lei denuncia come una negligenza verso le Forze Armate: a una cultura antimilitarista o alla crisi economica che ha portato i Governi a trascurare le spese militari?<\/strong><\/p>\n<p style=\"text-align: justify;\">\u201cC\u2019\u00e8 anche un aspetto economico: si \u00e8 pensato di tagliare le spese militari considerandole improduttive. Ma non \u00e8 cos\u00ec: la Difesa d\u00e0 lavoro e produce ricchezza a tutto il Paese. Ma c\u2019\u00e8 soprattutto un problema culturale. L\u2019Italia si \u00e8 illusa di poter fare a meno delle Forze Armate. Si \u00e8 dato risalto all\u2019art. 11 della Costituzione il quale afferma che l\u2019Italia \u2018ripudia la guerra\u2019, mentre \u00e8 stato dimenticato l\u2019art. 52 il quale sottolinea che \u2018la difesa della patria \u00e8 un dovere sacro del cittadino\u2019. \u00c8 cos\u00ec che sono nati artifizi linguistici come \u2018missioni umanitarie\u2019, \u2018bombardamenti difensivi\u2019, \u2018operazioni di polizia internazionale\u2019: tutti modi per nascondere il fatto che le Forze Armate fanno la guerra\u201d.<\/p>\n<p style=\"text-align: justify;\"><strong>L\u2019Italia oggi \u00e8 in guerra?<\/strong><\/p>\n<p style=\"text-align: justify;\">\u201cIn Afghanistan siamo alleati del Governo afgano che \u00e8 in guerra con i talebani. Dunque non siamo in interposizione, ma siamo in guerra al fianco dei nostri alleati. Stesso discorso in Iraq: i nostri soldati sono alleati del Governo iracheno che svolge operazioni belliche. Manca la consapevolezza del compito che le Forze Armate italiane svolgono nei vari teatri di crisi. Se invece ci fosse consapevolezza, si riuscirebbe forse a dotare le Forze Armate di ci\u00f2 di cui hanno bisogno\u201d.<\/p>\n<p style=\"text-align: justify;\"><strong>La difesa dei confini \u00e8 ancora importante?<\/strong><\/p>\n<p style=\"text-align: justify;\">\u201cLa difesa dei confini \u00e8 essenziale. Ma va intesa come difesa di ci\u00f2 che siamo, perch\u00e9 i confini non sono un mero aspetto territoriale. Esistono confini fondamentali di carattere culturale, spirituale, storico, linguistico. Se riducessimo tutto alla difesa di un pezzo di terra, allora svuoteremmo di significato il contenuto di una patria, avallando cos\u00ec il concetto di Ius soli che mira invece a svilire l\u2019identit\u00e0 nazionale. Difendiamo dunque un territorio, ma soprattutto l\u2019italianit\u00e0. E oggi, nel contesto storico che viviamo, difendere i propri confini significa estendere le proprie azioni anche lontano da casa: bisogna saper difendere gli interessi nazionali all\u2019estero, ad esempio in Africa, dove negli anni sono avvenuti episodi che hanno leso i nostri interessi\u201d.<\/p>\n<p style=\"text-align: justify;\"><strong><a href=\"https:\/\/www.rassegnastampa-totustuus.it\/cattolica\/wp-content\/uploads\/2006\/09\/soldati_afghanistan.jpg\"><img loading=\"lazy\" decoding=\"async\" class=\"alignright wp-image-33146\" src=\"https:\/\/www.rassegnastampa-totustuus.it\/cattolica\/wp-content\/uploads\/2006\/09\/soldati_afghanistan.jpg\" alt=\"\" width=\"250\" height=\"179\" \/><\/a>Fa riferimento alla Libia immagino&#8230;<\/strong><\/p>\n<p style=\"text-align: justify;\">\u201cS\u00ec. Purtroppo quando la Francia ha deciso di bombardare la Libia, l\u2019Italia si \u00e8 dimostrata remissiva, finendo per subire le conseguenze devastanti di quell\u2019operazione militare: le migrazioni verso le nostre coste, la perdita di accordi commerciali molto importanti, nonch\u00e9 l\u2019instabilit\u00e0 in un Paese che per noi \u00e8 strategico. Ricordo che noi siamo al centro del Mediterraneo, che oggi \u00e8 l\u2019area di maggiore turbolenza del globo, dove si affacciano tutte le potenze mondiali: questa posizione ci impone di essere forti, ed essere forti senza avere una sovranit\u00e0 militare e monetaria \u00e8 impossibile\u201d.<\/p>\n<p style=\"text-align: justify;\"><strong>Periodicamente si torna a parlare di esercito europeo. Come valuta questa ipotesi?<\/strong><\/p>\n<p style=\"text-align: justify;\">\u201cSarebbe pi\u00f9 corretto parlare di forze armate europee. Ma si tratta di un\u2019idea retorica e improponibile. L\u2019Esercito \u00e8 uno strumento di difesa, ma anche di politica estera. Ebbene, se non esiste una politica estera europea come pu\u00f2 esserci l\u2019Esercito europeo? Prima abbiamo parlato della Francia (alla quale va aggiunta la Gran Bretagna), che hanno bombardato la Libia contro i nostri stessi interessi. E ancora: la Francia oggi sta svolgendo un\u2019operazione in Africa con la quale controlla i suoi ex possedimenti coloniali. Sono esclusivi interessi nazionali. Come interesse nazionale francese \u00e8 il possesso di armi nucleari, Parigi non sarebbe disposta a metterle a disposizione di altri Stati dell\u2019Ue. Ma parliamo anche dell\u2019Italia: la nostra Costituzione prevede che il comandante supremo delle forze armate sia il presidente della Repubblica, proprio perch\u00e9 \u00e8 un presidio di sovranit\u00e0. Come potrebbe dipendere da una comunit\u00e0 internazionale?\u201d.<\/p>\n<p style=\"text-align: justify;\"><strong>Prima ha parlato di radici spirituali da difendere\u2026<\/strong><\/p>\n<p style=\"text-align: justify;\"><a href=\"https:\/\/www.rassegnastampa-totustuus.it\/cattolica\/wp-content\/uploads\/2006\/11\/unifil_libano.jpg\"><img loading=\"lazy\" decoding=\"async\" class=\"size-full wp-image-32641 alignleft\" src=\"https:\/\/www.rassegnastampa-totustuus.it\/cattolica\/wp-content\/uploads\/2006\/11\/unifil_libano.jpg\" alt=\"\" width=\"160\" height=\"156\" \/><\/a>\u201cIn quanto italiani, abbiamo una cultura forgiata anche dalla religione, che \u00e8 elemento comune dalle Alpi alla Sicilia: abbiamo dialetti e alcune tradizioni diversi, ma abbiamo sempre venerato gli stessi santi e costruito le stesse chiese. Questo \u00e8 un tratto comune fortissimo. Difendere la patria significa quindi difendere anche la nostra visione religiosa, che non pu\u00f2 che essere cattolica. Ed \u00e8 una visione agli antipodi dall\u2019arrendevolezza, \u00e8 forza: per essere missionari, ad esempio, c\u2019\u00e8 bisogno di forza. Amare il prossimo come s\u00e9 stessi \u00e8 un gesto coraggioso, ardito\u201d.<\/p>\n<p style=\"text-align: justify;\"><strong>C\u2019\u00e8 anche chi ritiene sia incompatibile essere cristiani e militari\u2026<\/strong><\/p>\n<p style=\"text-align: justify;\">\u201cSono cristiano, cattolico e mi sento a mio agio come militare. Non vedo alcuna incoerenza. Grandi Papi, come San Giovanni Paolo II, non hanno mai nascosto la loro vicinanza ai militari. Questi ultimi non sono biechi esecutori di violenza senza criterio, ma sono coloro in grado di sacrificare s\u00e9 stessi per il bene degli altri. Mi sembra un concetto, quest\u2019ultimo, tutt\u2019altro che lontano dai dettami evangelici\u201d.<\/p>\n","protected":false},"excerpt":{"rendered":"<p>da In Terris 28 Novembre 2018 Il generale Bertolini striglia la politica: &#8220;Non c&#8217;\u00e8 sovranit\u00e0 senza moneta propria e interesse per le Forze Armate&#8221; di Federico Cenci<\/p><p><a class=\"more-link btn\" href=\"https:\/\/www.rassegnastampa-totustuus.it\/cattolica\/ecco-perche-difendere-i-confini-nazionali-e-essenziale\/\">Continua a leggere<\/a><\/p>\n","protected":false},"author":6,"featured_media":41672,"comment_status":"closed","ping_status":"closed","sticky":false,"template":"","format":"standard","meta":{"footnotes":""},"categories":[108,20],"tags":[1112,1251,765],"class_list":["post-41671","post","type-post","status-publish","format-standard","has-post-thumbnail","hentry","category-paesi-e-continenti","category-politica-nazionale","tag-forze-armate","tag-italia","tag-sovranita","item-wrap"],"yoast_head":"<!-- This site is optimized with the Yoast SEO plugin v27.5 - https:\/\/yoast.com\/product\/yoast-seo-wordpress\/ -->\n<title>\u201cEcco perch\u00e9 difendere i confini nazionali \u00e8 essenziale\u201d - Rassegna Stampa Cattolica<\/title>\n<meta name=\"description\" content=\"Rassegna Stampa Cattolica - Per una cultura che nasce dalla Rivelazione cristiana in conformit\u00e0 alla tradizione e al Magistero della Chiesa in opposizione ad ogni relativismo e totalitarismo\" \/>\n<meta name=\"robots\" content=\"index, follow, max-snippet:-1, max-image-preview:large, max-video-preview:-1\" \/>\n<link rel=\"canonical\" href=\"https:\/\/www.rassegnastampa-totustuus.it\/cattolica\/ecco-perche-difendere-i-confini-nazionali-e-essenziale\/\" \/>\n<meta property=\"og:locale\" content=\"it_IT\" \/>\n<meta property=\"og:type\" content=\"article\" \/>\n<meta property=\"og:title\" content=\"\u201cEcco perch\u00e9 difendere i confini nazionali \u00e8 essenziale\u201d - Rassegna Stampa Cattolica\" \/>\n<meta property=\"og:description\" content=\"Rassegna Stampa Cattolica - Per una cultura che nasce dalla Rivelazione cristiana in conformit\u00e0 alla tradizione e al Magistero della Chiesa in opposizione ad ogni relativismo e totalitarismo\" \/>\n<meta property=\"og:url\" content=\"https:\/\/www.rassegnastampa-totustuus.it\/cattolica\/ecco-perche-difendere-i-confini-nazionali-e-essenziale\/\" \/>\n<meta property=\"og:site_name\" content=\"Rassegna Stampa Cattolica\" \/>\n<meta property=\"article:publisher\" content=\"https:\/\/www.facebook.com\/rassegnastampacattolica\" \/>\n<meta property=\"article:published_time\" content=\"2018-12-12T23:00:38+00:00\" \/>\n<meta property=\"og:image\" content=\"https:\/\/www.rassegnastampa-totustuus.it\/cattolica\/wp-content\/uploads\/2018\/11\/esercito_militari.jpg\" \/>\n\t<meta property=\"og:image:width\" content=\"275\" \/>\n\t<meta property=\"og:image:height\" content=\"183\" \/>\n\t<meta property=\"og:image:type\" content=\"image\/jpeg\" \/>\n<meta name=\"author\" content=\"Redazione\" \/>\n<meta name=\"twitter:card\" content=\"summary_large_image\" \/>\n<meta name=\"twitter:creator\" content=\"@rassegnastampa9\" \/>\n<meta name=\"twitter:site\" content=\"@rassegnastampa9\" \/>\n<meta name=\"twitter:label1\" content=\"Scritto da\" \/>\n\t<meta name=\"twitter:data1\" content=\"Redazione\" \/>\n\t<meta name=\"twitter:label2\" content=\"Tempo di lettura stimato\" \/>\n\t<meta name=\"twitter:data2\" content=\"7 minuti\" \/>\n<script type=\"application\/ld+json\" class=\"yoast-schema-graph\">{\"@context\":\"https:\\\/\\\/schema.org\",\"@graph\":[{\"@type\":\"Article\",\"@id\":\"https:\\\/\\\/www.rassegnastampa-totustuus.it\\\/cattolica\\\/ecco-perche-difendere-i-confini-nazionali-e-essenziale\\\/#article\",\"isPartOf\":{\"@id\":\"https:\\\/\\\/www.rassegnastampa-totustuus.it\\\/cattolica\\\/ecco-perche-difendere-i-confini-nazionali-e-essenziale\\\/\"},\"author\":{\"name\":\"Redazione\",\"@id\":\"https:\\\/\\\/www.rassegnastampa-totustuus.it\\\/cattolica\\\/#\\\/schema\\\/person\\\/08f319d2bd1a0904ad9e2bfb7b15e5c3\"},\"headline\":\"\u201cEcco perch\u00e9 difendere i confini nazionali \u00e8 essenziale\u201d\",\"datePublished\":\"2018-12-12T23:00:38+00:00\",\"mainEntityOfPage\":{\"@id\":\"https:\\\/\\\/www.rassegnastampa-totustuus.it\\\/cattolica\\\/ecco-perche-difendere-i-confini-nazionali-e-essenziale\\\/\"},\"wordCount\":1380,\"publisher\":{\"@id\":\"https:\\\/\\\/www.rassegnastampa-totustuus.it\\\/cattolica\\\/#organization\"},\"image\":{\"@id\":\"https:\\\/\\\/www.rassegnastampa-totustuus.it\\\/cattolica\\\/ecco-perche-difendere-i-confini-nazionali-e-essenziale\\\/#primaryimage\"},\"thumbnailUrl\":\"https:\\\/\\\/www.rassegnastampa-totustuus.it\\\/cattolica\\\/wp-content\\\/uploads\\\/2018\\\/11\\\/esercito_militari.jpg\",\"keywords\":[\"Forze armate\",\"Italia\",\"sovranit\u00e0\"],\"articleSection\":[\"Paesi e continenti\",\"Politica nazionale\"],\"inLanguage\":\"it-IT\"},{\"@type\":\"WebPage\",\"@id\":\"https:\\\/\\\/www.rassegnastampa-totustuus.it\\\/cattolica\\\/ecco-perche-difendere-i-confini-nazionali-e-essenziale\\\/\",\"url\":\"https:\\\/\\\/www.rassegnastampa-totustuus.it\\\/cattolica\\\/ecco-perche-difendere-i-confini-nazionali-e-essenziale\\\/\",\"name\":\"\u201cEcco perch\u00e9 difendere i confini nazionali \u00e8 essenziale\u201d - Rassegna Stampa Cattolica\",\"isPartOf\":{\"@id\":\"https:\\\/\\\/www.rassegnastampa-totustuus.it\\\/cattolica\\\/#website\"},\"primaryImageOfPage\":{\"@id\":\"https:\\\/\\\/www.rassegnastampa-totustuus.it\\\/cattolica\\\/ecco-perche-difendere-i-confini-nazionali-e-essenziale\\\/#primaryimage\"},\"image\":{\"@id\":\"https:\\\/\\\/www.rassegnastampa-totustuus.it\\\/cattolica\\\/ecco-perche-difendere-i-confini-nazionali-e-essenziale\\\/#primaryimage\"},\"thumbnailUrl\":\"https:\\\/\\\/www.rassegnastampa-totustuus.it\\\/cattolica\\\/wp-content\\\/uploads\\\/2018\\\/11\\\/esercito_militari.jpg\",\"datePublished\":\"2018-12-12T23:00:38+00:00\",\"description\":\"Rassegna Stampa Cattolica - Per una cultura che nasce dalla Rivelazione cristiana in conformit\u00e0 alla tradizione e al Magistero della Chiesa in opposizione ad ogni relativismo e totalitarismo\",\"breadcrumb\":{\"@id\":\"https:\\\/\\\/www.rassegnastampa-totustuus.it\\\/cattolica\\\/ecco-perche-difendere-i-confini-nazionali-e-essenziale\\\/#breadcrumb\"},\"inLanguage\":\"it-IT\",\"potentialAction\":[{\"@type\":\"ReadAction\",\"target\":[\"https:\\\/\\\/www.rassegnastampa-totustuus.it\\\/cattolica\\\/ecco-perche-difendere-i-confini-nazionali-e-essenziale\\\/\"]}]},{\"@type\":\"ImageObject\",\"inLanguage\":\"it-IT\",\"@id\":\"https:\\\/\\\/www.rassegnastampa-totustuus.it\\\/cattolica\\\/ecco-perche-difendere-i-confini-nazionali-e-essenziale\\\/#primaryimage\",\"url\":\"https:\\\/\\\/www.rassegnastampa-totustuus.it\\\/cattolica\\\/wp-content\\\/uploads\\\/2018\\\/11\\\/esercito_militari.jpg\",\"contentUrl\":\"https:\\\/\\\/www.rassegnastampa-totustuus.it\\\/cattolica\\\/wp-content\\\/uploads\\\/2018\\\/11\\\/esercito_militari.jpg\",\"width\":275,\"height\":183},{\"@type\":\"BreadcrumbList\",\"@id\":\"https:\\\/\\\/www.rassegnastampa-totustuus.it\\\/cattolica\\\/ecco-perche-difendere-i-confini-nazionali-e-essenziale\\\/#breadcrumb\",\"itemListElement\":[{\"@type\":\"ListItem\",\"position\":1,\"name\":\"Home\",\"item\":\"https:\\\/\\\/www.rassegnastampa-totustuus.it\\\/cattolica\\\/\"},{\"@type\":\"ListItem\",\"position\":2,\"name\":\"\u201cEcco perch\u00e9 difendere i confini nazionali \u00e8 essenziale\u201d\"}]},{\"@type\":\"WebSite\",\"@id\":\"https:\\\/\\\/www.rassegnastampa-totustuus.it\\\/cattolica\\\/#website\",\"url\":\"https:\\\/\\\/www.rassegnastampa-totustuus.it\\\/cattolica\\\/\",\"name\":\"Rassegna Stampa Cattolica\",\"description\":\"Per una cultura che nasce dalla Rivelazione cristiana in conformit\u00e0 alla tradizione e al Magistero della Chiesa in opposizione ad ogni relativismo e totalitarismo\",\"publisher\":{\"@id\":\"https:\\\/\\\/www.rassegnastampa-totustuus.it\\\/cattolica\\\/#organization\"},\"alternateName\":\"Rass. Cattolica\",\"potentialAction\":[{\"@type\":\"SearchAction\",\"target\":{\"@type\":\"EntryPoint\",\"urlTemplate\":\"https:\\\/\\\/www.rassegnastampa-totustuus.it\\\/cattolica\\\/?s={search_term_string}\"},\"query-input\":{\"@type\":\"PropertyValueSpecification\",\"valueRequired\":true,\"valueName\":\"search_term_string\"}}],\"inLanguage\":\"it-IT\"},{\"@type\":\"Organization\",\"@id\":\"https:\\\/\\\/www.rassegnastampa-totustuus.it\\\/cattolica\\\/#organization\",\"name\":\"Rassegna Stampa Cattolica\",\"url\":\"https:\\\/\\\/www.rassegnastampa-totustuus.it\\\/cattolica\\\/\",\"logo\":{\"@type\":\"ImageObject\",\"inLanguage\":\"it-IT\",\"@id\":\"https:\\\/\\\/www.rassegnastampa-totustuus.it\\\/cattolica\\\/#\\\/schema\\\/logo\\\/image\\\/\",\"url\":\"https:\\\/\\\/www.rassegnastampa-totustuus.it\\\/cattolica\\\/wp-content\\\/uploads\\\/2014\\\/04\\\/logo-rassegna1.gif\",\"contentUrl\":\"https:\\\/\\\/www.rassegnastampa-totustuus.it\\\/cattolica\\\/wp-content\\\/uploads\\\/2014\\\/04\\\/logo-rassegna1.gif\",\"width\":600,\"height\":163,\"caption\":\"Rassegna Stampa Cattolica\"},\"image\":{\"@id\":\"https:\\\/\\\/www.rassegnastampa-totustuus.it\\\/cattolica\\\/#\\\/schema\\\/logo\\\/image\\\/\"},\"sameAs\":[\"https:\\\/\\\/www.facebook.com\\\/rassegnastampacattolica\",\"https:\\\/\\\/x.com\\\/rassegnastampa9\"]},{\"@type\":\"Person\",\"@id\":\"https:\\\/\\\/www.rassegnastampa-totustuus.it\\\/cattolica\\\/#\\\/schema\\\/person\\\/08f319d2bd1a0904ad9e2bfb7b15e5c3\",\"name\":\"Redazione\",\"image\":{\"@type\":\"ImageObject\",\"inLanguage\":\"it-IT\",\"@id\":\"https:\\\/\\\/secure.gravatar.com\\\/avatar\\\/2fcdf27c78ea025fbdb44e914cc63c72249ffec9dc8aafd5c82b26240ef3f346?s=96&d=mm&r=g\",\"url\":\"https:\\\/\\\/secure.gravatar.com\\\/avatar\\\/2fcdf27c78ea025fbdb44e914cc63c72249ffec9dc8aafd5c82b26240ef3f346?s=96&d=mm&r=g\",\"contentUrl\":\"https:\\\/\\\/secure.gravatar.com\\\/avatar\\\/2fcdf27c78ea025fbdb44e914cc63c72249ffec9dc8aafd5c82b26240ef3f346?s=96&d=mm&r=g\",\"caption\":\"Redazione\"},\"url\":\"https:\\\/\\\/www.rassegnastampa-totustuus.it\\\/cattolica\\\/author\\\/pietroelle\\\/\"}]}<\/script>\n<!-- \/ Yoast SEO plugin. -->","yoast_head_json":{"title":"\u201cEcco perch\u00e9 difendere i confini nazionali \u00e8 essenziale\u201d - Rassegna Stampa Cattolica","description":"Rassegna Stampa Cattolica - Per una cultura che nasce dalla Rivelazione cristiana in conformit\u00e0 alla tradizione e al Magistero della Chiesa in opposizione ad ogni relativismo e totalitarismo","robots":{"index":"index","follow":"follow","max-snippet":"max-snippet:-1","max-image-preview":"max-image-preview:large","max-video-preview":"max-video-preview:-1"},"canonical":"https:\/\/www.rassegnastampa-totustuus.it\/cattolica\/ecco-perche-difendere-i-confini-nazionali-e-essenziale\/","og_locale":"it_IT","og_type":"article","og_title":"\u201cEcco perch\u00e9 difendere i confini nazionali \u00e8 essenziale\u201d - Rassegna Stampa Cattolica","og_description":"Rassegna Stampa Cattolica - Per una cultura che nasce dalla Rivelazione cristiana in conformit\u00e0 alla tradizione e al Magistero della Chiesa in opposizione ad ogni relativismo e totalitarismo","og_url":"https:\/\/www.rassegnastampa-totustuus.it\/cattolica\/ecco-perche-difendere-i-confini-nazionali-e-essenziale\/","og_site_name":"Rassegna Stampa Cattolica","article_publisher":"https:\/\/www.facebook.com\/rassegnastampacattolica","article_published_time":"2018-12-12T23:00:38+00:00","og_image":[{"width":275,"height":183,"url":"https:\/\/www.rassegnastampa-totustuus.it\/cattolica\/wp-content\/uploads\/2018\/11\/esercito_militari.jpg","type":"image\/jpeg"}],"author":"Redazione","twitter_card":"summary_large_image","twitter_creator":"@rassegnastampa9","twitter_site":"@rassegnastampa9","twitter_misc":{"Scritto da":"Redazione","Tempo di lettura stimato":"7 minuti"},"schema":{"@context":"https:\/\/schema.org","@graph":[{"@type":"Article","@id":"https:\/\/www.rassegnastampa-totustuus.it\/cattolica\/ecco-perche-difendere-i-confini-nazionali-e-essenziale\/#article","isPartOf":{"@id":"https:\/\/www.rassegnastampa-totustuus.it\/cattolica\/ecco-perche-difendere-i-confini-nazionali-e-essenziale\/"},"author":{"name":"Redazione","@id":"https:\/\/www.rassegnastampa-totustuus.it\/cattolica\/#\/schema\/person\/08f319d2bd1a0904ad9e2bfb7b15e5c3"},"headline":"\u201cEcco perch\u00e9 difendere i confini nazionali \u00e8 essenziale\u201d","datePublished":"2018-12-12T23:00:38+00:00","mainEntityOfPage":{"@id":"https:\/\/www.rassegnastampa-totustuus.it\/cattolica\/ecco-perche-difendere-i-confini-nazionali-e-essenziale\/"},"wordCount":1380,"publisher":{"@id":"https:\/\/www.rassegnastampa-totustuus.it\/cattolica\/#organization"},"image":{"@id":"https:\/\/www.rassegnastampa-totustuus.it\/cattolica\/ecco-perche-difendere-i-confini-nazionali-e-essenziale\/#primaryimage"},"thumbnailUrl":"https:\/\/www.rassegnastampa-totustuus.it\/cattolica\/wp-content\/uploads\/2018\/11\/esercito_militari.jpg","keywords":["Forze armate","Italia","sovranit\u00e0"],"articleSection":["Paesi e continenti","Politica nazionale"],"inLanguage":"it-IT"},{"@type":"WebPage","@id":"https:\/\/www.rassegnastampa-totustuus.it\/cattolica\/ecco-perche-difendere-i-confini-nazionali-e-essenziale\/","url":"https:\/\/www.rassegnastampa-totustuus.it\/cattolica\/ecco-perche-difendere-i-confini-nazionali-e-essenziale\/","name":"\u201cEcco perch\u00e9 difendere i confini nazionali \u00e8 essenziale\u201d - Rassegna Stampa Cattolica","isPartOf":{"@id":"https:\/\/www.rassegnastampa-totustuus.it\/cattolica\/#website"},"primaryImageOfPage":{"@id":"https:\/\/www.rassegnastampa-totustuus.it\/cattolica\/ecco-perche-difendere-i-confini-nazionali-e-essenziale\/#primaryimage"},"image":{"@id":"https:\/\/www.rassegnastampa-totustuus.it\/cattolica\/ecco-perche-difendere-i-confini-nazionali-e-essenziale\/#primaryimage"},"thumbnailUrl":"https:\/\/www.rassegnastampa-totustuus.it\/cattolica\/wp-content\/uploads\/2018\/11\/esercito_militari.jpg","datePublished":"2018-12-12T23:00:38+00:00","description":"Rassegna Stampa Cattolica - Per una cultura che nasce dalla Rivelazione cristiana in conformit\u00e0 alla tradizione e al Magistero della Chiesa in opposizione ad ogni relativismo e totalitarismo","breadcrumb":{"@id":"https:\/\/www.rassegnastampa-totustuus.it\/cattolica\/ecco-perche-difendere-i-confini-nazionali-e-essenziale\/#breadcrumb"},"inLanguage":"it-IT","potentialAction":[{"@type":"ReadAction","target":["https:\/\/www.rassegnastampa-totustuus.it\/cattolica\/ecco-perche-difendere-i-confini-nazionali-e-essenziale\/"]}]},{"@type":"ImageObject","inLanguage":"it-IT","@id":"https:\/\/www.rassegnastampa-totustuus.it\/cattolica\/ecco-perche-difendere-i-confini-nazionali-e-essenziale\/#primaryimage","url":"https:\/\/www.rassegnastampa-totustuus.it\/cattolica\/wp-content\/uploads\/2018\/11\/esercito_militari.jpg","contentUrl":"https:\/\/www.rassegnastampa-totustuus.it\/cattolica\/wp-content\/uploads\/2018\/11\/esercito_militari.jpg","width":275,"height":183},{"@type":"BreadcrumbList","@id":"https:\/\/www.rassegnastampa-totustuus.it\/cattolica\/ecco-perche-difendere-i-confini-nazionali-e-essenziale\/#breadcrumb","itemListElement":[{"@type":"ListItem","position":1,"name":"Home","item":"https:\/\/www.rassegnastampa-totustuus.it\/cattolica\/"},{"@type":"ListItem","position":2,"name":"\u201cEcco perch\u00e9 difendere i confini nazionali \u00e8 essenziale\u201d"}]},{"@type":"WebSite","@id":"https:\/\/www.rassegnastampa-totustuus.it\/cattolica\/#website","url":"https:\/\/www.rassegnastampa-totustuus.it\/cattolica\/","name":"Rassegna Stampa Cattolica","description":"Per una cultura che nasce dalla Rivelazione cristiana in conformit\u00e0 alla tradizione e al Magistero della Chiesa in opposizione ad ogni relativismo e totalitarismo","publisher":{"@id":"https:\/\/www.rassegnastampa-totustuus.it\/cattolica\/#organization"},"alternateName":"Rass. Cattolica","potentialAction":[{"@type":"SearchAction","target":{"@type":"EntryPoint","urlTemplate":"https:\/\/www.rassegnastampa-totustuus.it\/cattolica\/?s={search_term_string}"},"query-input":{"@type":"PropertyValueSpecification","valueRequired":true,"valueName":"search_term_string"}}],"inLanguage":"it-IT"},{"@type":"Organization","@id":"https:\/\/www.rassegnastampa-totustuus.it\/cattolica\/#organization","name":"Rassegna Stampa Cattolica","url":"https:\/\/www.rassegnastampa-totustuus.it\/cattolica\/","logo":{"@type":"ImageObject","inLanguage":"it-IT","@id":"https:\/\/www.rassegnastampa-totustuus.it\/cattolica\/#\/schema\/logo\/image\/","url":"https:\/\/www.rassegnastampa-totustuus.it\/cattolica\/wp-content\/uploads\/2014\/04\/logo-rassegna1.gif","contentUrl":"https:\/\/www.rassegnastampa-totustuus.it\/cattolica\/wp-content\/uploads\/2014\/04\/logo-rassegna1.gif","width":600,"height":163,"caption":"Rassegna Stampa Cattolica"},"image":{"@id":"https:\/\/www.rassegnastampa-totustuus.it\/cattolica\/#\/schema\/logo\/image\/"},"sameAs":["https:\/\/www.facebook.com\/rassegnastampacattolica","https:\/\/x.com\/rassegnastampa9"]},{"@type":"Person","@id":"https:\/\/www.rassegnastampa-totustuus.it\/cattolica\/#\/schema\/person\/08f319d2bd1a0904ad9e2bfb7b15e5c3","name":"Redazione","image":{"@type":"ImageObject","inLanguage":"it-IT","@id":"https:\/\/secure.gravatar.com\/avatar\/2fcdf27c78ea025fbdb44e914cc63c72249ffec9dc8aafd5c82b26240ef3f346?s=96&d=mm&r=g","url":"https:\/\/secure.gravatar.com\/avatar\/2fcdf27c78ea025fbdb44e914cc63c72249ffec9dc8aafd5c82b26240ef3f346?s=96&d=mm&r=g","contentUrl":"https:\/\/secure.gravatar.com\/avatar\/2fcdf27c78ea025fbdb44e914cc63c72249ffec9dc8aafd5c82b26240ef3f346?s=96&d=mm&r=g","caption":"Redazione"},"url":"https:\/\/www.rassegnastampa-totustuus.it\/cattolica\/author\/pietroelle\/"}]}},"_links":{"self":[{"href":"https:\/\/www.rassegnastampa-totustuus.it\/cattolica\/wp-json\/wp\/v2\/posts\/41671","targetHints":{"allow":["GET"]}}],"collection":[{"href":"https:\/\/www.rassegnastampa-totustuus.it\/cattolica\/wp-json\/wp\/v2\/posts"}],"about":[{"href":"https:\/\/www.rassegnastampa-totustuus.it\/cattolica\/wp-json\/wp\/v2\/types\/post"}],"author":[{"embeddable":true,"href":"https:\/\/www.rassegnastampa-totustuus.it\/cattolica\/wp-json\/wp\/v2\/users\/6"}],"replies":[{"embeddable":true,"href":"https:\/\/www.rassegnastampa-totustuus.it\/cattolica\/wp-json\/wp\/v2\/comments?post=41671"}],"version-history":[{"count":1,"href":"https:\/\/www.rassegnastampa-totustuus.it\/cattolica\/wp-json\/wp\/v2\/posts\/41671\/revisions"}],"predecessor-version":[{"id":41674,"href":"https:\/\/www.rassegnastampa-totustuus.it\/cattolica\/wp-json\/wp\/v2\/posts\/41671\/revisions\/41674"}],"wp:featuredmedia":[{"embeddable":true,"href":"https:\/\/www.rassegnastampa-totustuus.it\/cattolica\/wp-json\/wp\/v2\/media\/41672"}],"wp:attachment":[{"href":"https:\/\/www.rassegnastampa-totustuus.it\/cattolica\/wp-json\/wp\/v2\/media?parent=41671"}],"wp:term":[{"taxonomy":"category","embeddable":true,"href":"https:\/\/www.rassegnastampa-totustuus.it\/cattolica\/wp-json\/wp\/v2\/categories?post=41671"},{"taxonomy":"post_tag","embeddable":true,"href":"https:\/\/www.rassegnastampa-totustuus.it\/cattolica\/wp-json\/wp\/v2\/tags?post=41671"}],"curies":[{"name":"wp","href":"https:\/\/api.w.org\/{rel}","templated":true}]}}