{"id":41667,"date":"2018-12-13T00:00:43","date_gmt":"2018-12-12T23:00:43","guid":{"rendered":"http:\/\/www.rassegnastampa-totustuus.it\/cattolica\/?p=41667"},"modified":"2018-12-13T08:21:51","modified_gmt":"2018-12-13T07:21:51","slug":"perche-trump-ha-fatto-bene-a-uscire-dal-consiglio-onu-per-i-diritti-umani","status":"publish","type":"post","link":"https:\/\/www.rassegnastampa-totustuus.it\/cattolica\/perche-trump-ha-fatto-bene-a-uscire-dal-consiglio-onu-per-i-diritti-umani\/","title":{"rendered":"Perch\u00e9 Trump ha fatto bene a uscire dal Consiglio Onu per i diritti umani"},"content":{"rendered":"<p style=\"text-align: center;\"><a href=\"https:\/\/www.rassegnastampa-totustuus.it\/cattolica\/wp-content\/uploads\/2018\/11\/Consiglio-Onu-per-i-diritti-umani..png\"><img loading=\"lazy\" decoding=\"async\" class=\"wp-image-41668 alignright\" src=\"https:\/\/www.rassegnastampa-totustuus.it\/cattolica\/wp-content\/uploads\/2018\/11\/Consiglio-Onu-per-i-diritti-umani..png\" alt=\"\" width=\"250\" height=\"166\" \/><\/a>da<a href=\"https:\/\/www.tempi.it\/\" target=\"_blank\" rel=\"noopener\"><strong> Tempi <\/strong><\/a>21 giugno 2018<\/p>\n<p style=\"text-align: justify;\"><em>Si tratta del carrozzone pi\u00f9 inutile, costoso e ipocrita del pianeta. Basta dire che tra i suoi membri ci sono Cina e Arabia Saudita, che l\u2019ha usato per aumentare discriminazioni e ingiustizie <\/em><\/p>\n<p style=\"text-align: center;\"><strong>Leone Grotti <\/strong><\/p>\n<p><!--more--><\/p>\n<p style=\"text-align: justify;\">Gli Stati Uniti sono usciti dal Consiglio Onu per i diritti umani. E hanno fatto bene perch\u00e9, come scrive oggi Massimo Gaggi sul <a href=\"https:\/\/www.corriere.it\/index.shtml?refresh_ce\"><em>Corriere della Sera<\/em><\/a>, \u00abl\u2019Unhrc ha sempre funzionato in modo distorto: egemonizzato da paesi spesso governati da dittatori assai poco rispettosi dei diritti umani, ha fatto della condanna di Israele la sua costante\u00bb.<\/p>\n<p style=\"text-align: justify;\"><strong>PEGGIO ISRAELE DELLA NORD COREA.<\/strong><\/p>\n<p style=\"text-align: justify;\"><a href=\"https:\/\/www.rassegnastampa-totustuus.it\/cattolica\/wp-content\/uploads\/2018\/01\/Donald_Trump.jpg\"><img loading=\"lazy\" decoding=\"async\" class=\"wp-image-39536 alignleft\" src=\"https:\/\/www.rassegnastampa-totustuus.it\/cattolica\/wp-content\/uploads\/2018\/01\/Donald_Trump.jpg\" alt=\"\" width=\"250\" height=\"187\" \/><\/a>I numeri parlano chiaro: nei suoi primi dieci anni di attivita\u0300 il Consiglio ha condannato 68 volte Israele, 20 volte la Siria, 9 volte la Corea del Nord, 6 volte l\u2019Iran \u00abe mai altri paesi come Venezuela, Arabia Saudita e Cina che in materia di diritti umani non hanno di certo tutte le carte in regola\u00bb. Un simile comportamento \u00e8 direttamente proporzionale alla struttura del Consiglio, che prevede 47 membri eletti dall\u2019Assemblea generale, la quale deve dare una maggioranza di seggi (13+13) all\u2019Africa e all\u2019Asia. Altri 8 vanno al Sud America e ai Caraibi e 6 all\u2019Est europeo. Solo 7 seggi per la Ue e il resto dell\u2019Occidente. Non \u00e8 un caso, scrive Gaggi, se \u00abquando il consiglio venne creato nel 2006 gli Usa rimasero fuori per il rifiuto di Bush di avallare una simile composizione\u00bb. Fu Barack Obama, nel 2009, a decidere l\u2019ingresso americano.<\/p>\n<p style=\"text-align: justify;\"><strong>COMANDANO I SAUDITI.<\/strong><\/p>\n<p style=\"text-align: justify;\">Per capire perch\u00e9 la scelta di Donald Trump di chiamare fuori gli Stati Uniti da questo costoso e inutile carrozzone \u00e8 giusta bastano un paio di esempi. Nel 2014 sono stati eletti tra i membri del Consiglio Cina e Arabia Saudita, scatenando la reazione preoccupata di \u201cDiritti umani senza frontiere\u201d: \u00abSiamo allarmati per l\u2019evoluzione del Consiglio, che accetta come membri un numero sempre maggiore di paesi che commettono evidenti violazioni dei diritti umani e, in particolare, della libert\u00e0 religiosa\u00bb. Sul livello di persecuzione religiosa da parte di <strong><a href=\"https:\/\/filecdn.tempi.it\/ora-il-partito-comunista-in-cina-abbatte-anche-le-statue-dei-santi#.Wyth2xIzZQM\" target=\"_blank\" rel=\"noopener\">Cina<\/a><\/strong> e <strong><a href=\"https:\/\/filecdn.tempi.it\/arabia-saudita-svelata-documentario#.WytfuRIzZQN\" target=\"_blank\" rel=\"noopener\">Arabia Saudita<\/a><\/strong> la letteratura \u00e8 ampia e indiscutibile.<\/p>\n<p style=\"text-align: justify;\"><a href=\"https:\/\/www.rassegnastampa-totustuus.it\/cattolica\/wp-content\/uploads\/2007\/02\/ONU_sede.jpg\"><img loading=\"lazy\" decoding=\"async\" class=\"wp-image-32849 alignright\" src=\"https:\/\/www.rassegnastampa-totustuus.it\/cattolica\/wp-content\/uploads\/2007\/02\/ONU_sede.jpg\" alt=\"\" width=\"250\" height=\"166\" \/><\/a>Come se non bastasse, nel 2015\u00a0l\u2019ambasciatore saudita Faisal bin Hassan Trad <strong><a href=\"https:\/\/filecdn.tempi.it\/capolavoro-onu-da-oggi-a-vigilare-sui-diritti-umani-ci-sara-arabia-saudita#.Wytg9RIzZQN\" target=\"_blank\" rel=\"noopener\">\u00e8 stato eletto<\/a><\/strong> a capo del Consiglio per i diritti umani dell\u2019Onu per l\u2019anno 2016. A vigilare sui diritti umani nel mondo \u00e8 stato dunque scelto un paese che ha il quarto record mondiale di esecuzioni capitali, eseguite tramite decapitazione, che crocifigge ancora i condannati per determinati crimini, che non garantisce ai suoi cittadini il diritto di stampa, espressione, libert\u00e0 religiosa, che sfrutta in modo disumano i migranti per lavoro, che nega i diritti delle donne e riserva pene durissime per gli omosessuali.<\/p>\n<p style=\"text-align: justify;\">Come diceva l\u2019attivista laico Kacem El Ghazzali: \u00abQuesta \u00e8 l\u2019Arabia Saudita: l\u2019unico membro dell\u2019Onu a non aver firmato la Dichiarazione universale dei diritti umani, uno Stato con zero diritti per le minoranze, zero diritti per le donne, zero diritti umani, zero libert\u00e0 e un sacco di oppressione e barbarica soppressione per chi dissente\u00bb.<\/p>\n<p style=\"text-align: justify;\"><strong>CRIMINI IN YEMEN.<\/strong><\/p>\n<p style=\"text-align: justify;\"><a href=\"https:\/\/www.rassegnastampa-totustuus.it\/cattolica\/wp-content\/uploads\/2009\/02\/Arabia_Saudita.jpg\"><img loading=\"lazy\" decoding=\"async\" class=\"wp-image-32629 alignleft\" src=\"https:\/\/www.rassegnastampa-totustuus.it\/cattolica\/wp-content\/uploads\/2009\/02\/Arabia_Saudita.jpg\" alt=\"\" width=\"250\" height=\"188\" \/><\/a>Emblematico quanto accaduto nel 2016: l\u2019Arabia Saudita era stata inserita dall\u2019Onu nella black list dei violatori dei diritti dei bambini, dal momento che il Regno ha ucciso nel solo 2015 attraverso i bombardamenti in Yemen almeno 510 bambini (stima conservativa). Poi per\u00f2 l\u2019ex segretario generale dell\u2019Onu, Ban Ki-moon, ha deciso di togliere Riyad dalla lista dopo aver ricevuto, come <strong><a href=\"https:\/\/filecdn.tempi.it\/fatwe-minacce-intimidazioni-paesi-islamici-hanno-convinto-onu-a-salvare-arabia-saudita#.WytdhxIzZQM\" target=\"_blank\" rel=\"noopener\">rivelato in esclusiva da Reuters<\/a><\/strong>, \u00abmobbing, minacce e ricatti\u00bb sia dall\u2019Arabia Saudita sia dagli altri paesi dell\u2019Organizzazione della cooperazione islamica, aizzati dai sauditi.<\/p>\n<p style=\"text-align: justify;\">Non solo, Riyad ha anche<strong><a href=\"https:\/\/filecdn.tempi.it\/chi-comanda-onu-arabia-saudita#.V1alzGSLQlI\" target=\"_blank\" rel=\"noopener\"> impedito ripetutamente<\/a><\/strong> al coordinatore umanitario delle Nazioni Unite per lo Yemen, Johannes Van Der Klaauw, di indagare i responsabili di 8.800 violazioni dei diritti umani avvenute nel paese arabo da marzo 2015, cio\u00e8 da quando i sauditi\u00a0hanno cominciato a bombardare il paese.<\/p>\n<p style=\"text-align: justify;\"><strong>IL CONSIGLIO PI\u00d9 IPOCRITA.<\/strong><\/p>\n<p style=\"text-align: justify;\">Per concludere si potrebbe citare la <strong><a href=\"https:\/\/filecdn.tempi.it\/arabia-saudita-propone-all-onu-di-condannare-chi-favorisce-il-terrorismo-in-siria-non-e-uno-scherzo#.V1amqGSLQlJ\" target=\"_blank\" rel=\"noopener\">mozione di condanna<\/a><\/strong> che nel novembre del 2015 l\u2019Arabia Saudita \u00e8 riuscita a far passare al Consiglio Onu contro Russia e Iran per il loro intervento in Siria, che favorirebbe Stato islamico e Al-Nusra, quando tutti sanno che Riyad \u00e8 in primissima fila nel finanziamento del terrorismo islamico jihadista in Siria. Se c\u2019\u00e8 una cosa che non si potr\u00e0 mai rimproverare a Trump \u00e8 di aver fatto uscire gli Usa dal Consiglio dove formalmente \u00abgli Stati membri hanno i pi\u00f9 alti standard nella promozione e protezione dei diritti umani\u00bb. Il Consiglio pi\u00f9 ipocrita del mondo.<\/p>\n","protected":false},"excerpt":{"rendered":"<p>da Tempi 21 giugno 2018 Si tratta del carrozzone pi\u00f9 inutile, costoso e ipocrita del pianeta. Basta dire che tra i suoi membri ci sono Cina e Arabia Saudita, che l\u2019ha usato per aumentare discriminazioni e ingiustizie Leone Grotti<\/p><p><a class=\"more-link btn\" href=\"https:\/\/www.rassegnastampa-totustuus.it\/cattolica\/perche-trump-ha-fatto-bene-a-uscire-dal-consiglio-onu-per-i-diritti-umani\/\">Continua a leggere<\/a><\/p>\n","protected":false},"author":6,"featured_media":41668,"comment_status":"closed","ping_status":"closed","sticky":false,"template":"","format":"standard","meta":{"footnotes":""},"categories":[104,76],"tags":[1192,1320],"class_list":["post-41667","post","type-post","status-publish","format-standard","has-post-thumbnail","hentry","category-lonu","category-stati-uniti","tag-arabia-saudita","tag-diritti-umani","item-wrap"],"yoast_head":"<!-- This site is optimized with the Yoast SEO plugin v27.5 - https:\/\/yoast.com\/product\/yoast-seo-wordpress\/ -->\n<title>Perch\u00e9 Trump ha fatto bene a uscire dal Consiglio Onu per i diritti umani - Rassegna Stampa Cattolica<\/title>\n<meta name=\"description\" content=\"Rassegna Stampa Cattolica - Per una cultura che nasce dalla Rivelazione cristiana in conformit\u00e0 alla tradizione e al Magistero della Chiesa in opposizione ad ogni relativismo e totalitarismo\" \/>\n<meta name=\"robots\" content=\"index, follow, max-snippet:-1, max-image-preview:large, max-video-preview:-1\" \/>\n<link rel=\"canonical\" href=\"https:\/\/www.rassegnastampa-totustuus.it\/cattolica\/perche-trump-ha-fatto-bene-a-uscire-dal-consiglio-onu-per-i-diritti-umani\/\" \/>\n<meta property=\"og:locale\" content=\"it_IT\" \/>\n<meta property=\"og:type\" content=\"article\" \/>\n<meta property=\"og:title\" content=\"Perch\u00e9 Trump ha fatto bene a uscire dal Consiglio Onu per i diritti umani - Rassegna Stampa Cattolica\" \/>\n<meta property=\"og:description\" content=\"Rassegna Stampa Cattolica - Per una cultura che nasce dalla Rivelazione cristiana in conformit\u00e0 alla tradizione e al Magistero della Chiesa in opposizione ad ogni relativismo e totalitarismo\" \/>\n<meta property=\"og:url\" content=\"https:\/\/www.rassegnastampa-totustuus.it\/cattolica\/perche-trump-ha-fatto-bene-a-uscire-dal-consiglio-onu-per-i-diritti-umani\/\" \/>\n<meta property=\"og:site_name\" content=\"Rassegna Stampa Cattolica\" \/>\n<meta property=\"article:publisher\" content=\"https:\/\/www.facebook.com\/rassegnastampacattolica\" \/>\n<meta property=\"article:published_time\" content=\"2018-12-12T23:00:43+00:00\" \/>\n<meta property=\"article:modified_time\" content=\"2018-12-13T07:21:51+00:00\" \/>\n<meta property=\"og:image\" content=\"https:\/\/www.rassegnastampa-totustuus.it\/cattolica\/wp-content\/uploads\/2018\/11\/Consiglio-Onu-per-i-diritti-umani..png\" \/>\n\t<meta property=\"og:image:width\" content=\"275\" \/>\n\t<meta property=\"og:image:height\" content=\"183\" \/>\n\t<meta property=\"og:image:type\" content=\"image\/png\" \/>\n<meta name=\"author\" content=\"Redazione\" \/>\n<meta name=\"twitter:card\" content=\"summary_large_image\" \/>\n<meta name=\"twitter:creator\" content=\"@rassegnastampa9\" \/>\n<meta name=\"twitter:site\" content=\"@rassegnastampa9\" \/>\n<meta name=\"twitter:label1\" content=\"Scritto da\" \/>\n\t<meta name=\"twitter:data1\" content=\"Redazione\" \/>\n\t<meta name=\"twitter:label2\" content=\"Tempo di lettura stimato\" \/>\n\t<meta name=\"twitter:data2\" content=\"4 minuti\" \/>\n<script type=\"application\/ld+json\" class=\"yoast-schema-graph\">{\"@context\":\"https:\\\/\\\/schema.org\",\"@graph\":[{\"@type\":\"Article\",\"@id\":\"https:\\\/\\\/www.rassegnastampa-totustuus.it\\\/cattolica\\\/perche-trump-ha-fatto-bene-a-uscire-dal-consiglio-onu-per-i-diritti-umani\\\/#article\",\"isPartOf\":{\"@id\":\"https:\\\/\\\/www.rassegnastampa-totustuus.it\\\/cattolica\\\/perche-trump-ha-fatto-bene-a-uscire-dal-consiglio-onu-per-i-diritti-umani\\\/\"},\"author\":{\"name\":\"Redazione\",\"@id\":\"https:\\\/\\\/www.rassegnastampa-totustuus.it\\\/cattolica\\\/#\\\/schema\\\/person\\\/08f319d2bd1a0904ad9e2bfb7b15e5c3\"},\"headline\":\"Perch\u00e9 Trump ha fatto bene a uscire dal Consiglio Onu per i diritti umani\",\"datePublished\":\"2018-12-12T23:00:43+00:00\",\"dateModified\":\"2018-12-13T07:21:51+00:00\",\"mainEntityOfPage\":{\"@id\":\"https:\\\/\\\/www.rassegnastampa-totustuus.it\\\/cattolica\\\/perche-trump-ha-fatto-bene-a-uscire-dal-consiglio-onu-per-i-diritti-umani\\\/\"},\"wordCount\":736,\"publisher\":{\"@id\":\"https:\\\/\\\/www.rassegnastampa-totustuus.it\\\/cattolica\\\/#organization\"},\"image\":{\"@id\":\"https:\\\/\\\/www.rassegnastampa-totustuus.it\\\/cattolica\\\/perche-trump-ha-fatto-bene-a-uscire-dal-consiglio-onu-per-i-diritti-umani\\\/#primaryimage\"},\"thumbnailUrl\":\"https:\\\/\\\/www.rassegnastampa-totustuus.it\\\/cattolica\\\/wp-content\\\/uploads\\\/2018\\\/11\\\/Consiglio-Onu-per-i-diritti-umani..png\",\"keywords\":[\"Arabia Saudita\",\"diritti umani\"],\"articleSection\":[\"L&#39;ONU\",\"Stati Uniti\"],\"inLanguage\":\"it-IT\"},{\"@type\":\"WebPage\",\"@id\":\"https:\\\/\\\/www.rassegnastampa-totustuus.it\\\/cattolica\\\/perche-trump-ha-fatto-bene-a-uscire-dal-consiglio-onu-per-i-diritti-umani\\\/\",\"url\":\"https:\\\/\\\/www.rassegnastampa-totustuus.it\\\/cattolica\\\/perche-trump-ha-fatto-bene-a-uscire-dal-consiglio-onu-per-i-diritti-umani\\\/\",\"name\":\"Perch\u00e9 Trump ha fatto bene a uscire dal Consiglio Onu per i diritti umani - Rassegna Stampa Cattolica\",\"isPartOf\":{\"@id\":\"https:\\\/\\\/www.rassegnastampa-totustuus.it\\\/cattolica\\\/#website\"},\"primaryImageOfPage\":{\"@id\":\"https:\\\/\\\/www.rassegnastampa-totustuus.it\\\/cattolica\\\/perche-trump-ha-fatto-bene-a-uscire-dal-consiglio-onu-per-i-diritti-umani\\\/#primaryimage\"},\"image\":{\"@id\":\"https:\\\/\\\/www.rassegnastampa-totustuus.it\\\/cattolica\\\/perche-trump-ha-fatto-bene-a-uscire-dal-consiglio-onu-per-i-diritti-umani\\\/#primaryimage\"},\"thumbnailUrl\":\"https:\\\/\\\/www.rassegnastampa-totustuus.it\\\/cattolica\\\/wp-content\\\/uploads\\\/2018\\\/11\\\/Consiglio-Onu-per-i-diritti-umani..png\",\"datePublished\":\"2018-12-12T23:00:43+00:00\",\"dateModified\":\"2018-12-13T07:21:51+00:00\",\"description\":\"Rassegna Stampa Cattolica - Per una cultura che nasce dalla Rivelazione cristiana in conformit\u00e0 alla tradizione e al Magistero della Chiesa in opposizione ad ogni relativismo e totalitarismo\",\"breadcrumb\":{\"@id\":\"https:\\\/\\\/www.rassegnastampa-totustuus.it\\\/cattolica\\\/perche-trump-ha-fatto-bene-a-uscire-dal-consiglio-onu-per-i-diritti-umani\\\/#breadcrumb\"},\"inLanguage\":\"it-IT\",\"potentialAction\":[{\"@type\":\"ReadAction\",\"target\":[\"https:\\\/\\\/www.rassegnastampa-totustuus.it\\\/cattolica\\\/perche-trump-ha-fatto-bene-a-uscire-dal-consiglio-onu-per-i-diritti-umani\\\/\"]}]},{\"@type\":\"ImageObject\",\"inLanguage\":\"it-IT\",\"@id\":\"https:\\\/\\\/www.rassegnastampa-totustuus.it\\\/cattolica\\\/perche-trump-ha-fatto-bene-a-uscire-dal-consiglio-onu-per-i-diritti-umani\\\/#primaryimage\",\"url\":\"https:\\\/\\\/www.rassegnastampa-totustuus.it\\\/cattolica\\\/wp-content\\\/uploads\\\/2018\\\/11\\\/Consiglio-Onu-per-i-diritti-umani..png\",\"contentUrl\":\"https:\\\/\\\/www.rassegnastampa-totustuus.it\\\/cattolica\\\/wp-content\\\/uploads\\\/2018\\\/11\\\/Consiglio-Onu-per-i-diritti-umani..png\",\"width\":275,\"height\":183},{\"@type\":\"BreadcrumbList\",\"@id\":\"https:\\\/\\\/www.rassegnastampa-totustuus.it\\\/cattolica\\\/perche-trump-ha-fatto-bene-a-uscire-dal-consiglio-onu-per-i-diritti-umani\\\/#breadcrumb\",\"itemListElement\":[{\"@type\":\"ListItem\",\"position\":1,\"name\":\"Home\",\"item\":\"https:\\\/\\\/www.rassegnastampa-totustuus.it\\\/cattolica\\\/\"},{\"@type\":\"ListItem\",\"position\":2,\"name\":\"Perch\u00e9 Trump ha fatto bene a uscire dal Consiglio Onu per i diritti umani\"}]},{\"@type\":\"WebSite\",\"@id\":\"https:\\\/\\\/www.rassegnastampa-totustuus.it\\\/cattolica\\\/#website\",\"url\":\"https:\\\/\\\/www.rassegnastampa-totustuus.it\\\/cattolica\\\/\",\"name\":\"Rassegna Stampa Cattolica\",\"description\":\"Per una cultura che nasce dalla Rivelazione cristiana in conformit\u00e0 alla tradizione e al Magistero della Chiesa in opposizione ad ogni relativismo e totalitarismo\",\"publisher\":{\"@id\":\"https:\\\/\\\/www.rassegnastampa-totustuus.it\\\/cattolica\\\/#organization\"},\"alternateName\":\"Rass. Cattolica\",\"potentialAction\":[{\"@type\":\"SearchAction\",\"target\":{\"@type\":\"EntryPoint\",\"urlTemplate\":\"https:\\\/\\\/www.rassegnastampa-totustuus.it\\\/cattolica\\\/?s={search_term_string}\"},\"query-input\":{\"@type\":\"PropertyValueSpecification\",\"valueRequired\":true,\"valueName\":\"search_term_string\"}}],\"inLanguage\":\"it-IT\"},{\"@type\":\"Organization\",\"@id\":\"https:\\\/\\\/www.rassegnastampa-totustuus.it\\\/cattolica\\\/#organization\",\"name\":\"Rassegna Stampa Cattolica\",\"url\":\"https:\\\/\\\/www.rassegnastampa-totustuus.it\\\/cattolica\\\/\",\"logo\":{\"@type\":\"ImageObject\",\"inLanguage\":\"it-IT\",\"@id\":\"https:\\\/\\\/www.rassegnastampa-totustuus.it\\\/cattolica\\\/#\\\/schema\\\/logo\\\/image\\\/\",\"url\":\"https:\\\/\\\/www.rassegnastampa-totustuus.it\\\/cattolica\\\/wp-content\\\/uploads\\\/2014\\\/04\\\/logo-rassegna1.gif\",\"contentUrl\":\"https:\\\/\\\/www.rassegnastampa-totustuus.it\\\/cattolica\\\/wp-content\\\/uploads\\\/2014\\\/04\\\/logo-rassegna1.gif\",\"width\":600,\"height\":163,\"caption\":\"Rassegna Stampa Cattolica\"},\"image\":{\"@id\":\"https:\\\/\\\/www.rassegnastampa-totustuus.it\\\/cattolica\\\/#\\\/schema\\\/logo\\\/image\\\/\"},\"sameAs\":[\"https:\\\/\\\/www.facebook.com\\\/rassegnastampacattolica\",\"https:\\\/\\\/x.com\\\/rassegnastampa9\"]},{\"@type\":\"Person\",\"@id\":\"https:\\\/\\\/www.rassegnastampa-totustuus.it\\\/cattolica\\\/#\\\/schema\\\/person\\\/08f319d2bd1a0904ad9e2bfb7b15e5c3\",\"name\":\"Redazione\",\"image\":{\"@type\":\"ImageObject\",\"inLanguage\":\"it-IT\",\"@id\":\"https:\\\/\\\/secure.gravatar.com\\\/avatar\\\/2fcdf27c78ea025fbdb44e914cc63c72249ffec9dc8aafd5c82b26240ef3f346?s=96&d=mm&r=g\",\"url\":\"https:\\\/\\\/secure.gravatar.com\\\/avatar\\\/2fcdf27c78ea025fbdb44e914cc63c72249ffec9dc8aafd5c82b26240ef3f346?s=96&d=mm&r=g\",\"contentUrl\":\"https:\\\/\\\/secure.gravatar.com\\\/avatar\\\/2fcdf27c78ea025fbdb44e914cc63c72249ffec9dc8aafd5c82b26240ef3f346?s=96&d=mm&r=g\",\"caption\":\"Redazione\"},\"url\":\"https:\\\/\\\/www.rassegnastampa-totustuus.it\\\/cattolica\\\/author\\\/pietroelle\\\/\"}]}<\/script>\n<!-- \/ Yoast SEO plugin. -->","yoast_head_json":{"title":"Perch\u00e9 Trump ha fatto bene a uscire dal Consiglio Onu per i diritti umani - Rassegna Stampa Cattolica","description":"Rassegna Stampa Cattolica - Per una cultura che nasce dalla Rivelazione cristiana in conformit\u00e0 alla tradizione e al Magistero della Chiesa in opposizione ad ogni relativismo e totalitarismo","robots":{"index":"index","follow":"follow","max-snippet":"max-snippet:-1","max-image-preview":"max-image-preview:large","max-video-preview":"max-video-preview:-1"},"canonical":"https:\/\/www.rassegnastampa-totustuus.it\/cattolica\/perche-trump-ha-fatto-bene-a-uscire-dal-consiglio-onu-per-i-diritti-umani\/","og_locale":"it_IT","og_type":"article","og_title":"Perch\u00e9 Trump ha fatto bene a uscire dal Consiglio Onu per i diritti umani - Rassegna Stampa Cattolica","og_description":"Rassegna Stampa Cattolica - Per una cultura che nasce dalla Rivelazione cristiana in conformit\u00e0 alla tradizione e al Magistero della Chiesa in opposizione ad ogni relativismo e totalitarismo","og_url":"https:\/\/www.rassegnastampa-totustuus.it\/cattolica\/perche-trump-ha-fatto-bene-a-uscire-dal-consiglio-onu-per-i-diritti-umani\/","og_site_name":"Rassegna Stampa Cattolica","article_publisher":"https:\/\/www.facebook.com\/rassegnastampacattolica","article_published_time":"2018-12-12T23:00:43+00:00","article_modified_time":"2018-12-13T07:21:51+00:00","og_image":[{"width":275,"height":183,"url":"https:\/\/www.rassegnastampa-totustuus.it\/cattolica\/wp-content\/uploads\/2018\/11\/Consiglio-Onu-per-i-diritti-umani..png","type":"image\/png"}],"author":"Redazione","twitter_card":"summary_large_image","twitter_creator":"@rassegnastampa9","twitter_site":"@rassegnastampa9","twitter_misc":{"Scritto da":"Redazione","Tempo di lettura stimato":"4 minuti"},"schema":{"@context":"https:\/\/schema.org","@graph":[{"@type":"Article","@id":"https:\/\/www.rassegnastampa-totustuus.it\/cattolica\/perche-trump-ha-fatto-bene-a-uscire-dal-consiglio-onu-per-i-diritti-umani\/#article","isPartOf":{"@id":"https:\/\/www.rassegnastampa-totustuus.it\/cattolica\/perche-trump-ha-fatto-bene-a-uscire-dal-consiglio-onu-per-i-diritti-umani\/"},"author":{"name":"Redazione","@id":"https:\/\/www.rassegnastampa-totustuus.it\/cattolica\/#\/schema\/person\/08f319d2bd1a0904ad9e2bfb7b15e5c3"},"headline":"Perch\u00e9 Trump ha fatto bene a uscire dal Consiglio Onu per i diritti umani","datePublished":"2018-12-12T23:00:43+00:00","dateModified":"2018-12-13T07:21:51+00:00","mainEntityOfPage":{"@id":"https:\/\/www.rassegnastampa-totustuus.it\/cattolica\/perche-trump-ha-fatto-bene-a-uscire-dal-consiglio-onu-per-i-diritti-umani\/"},"wordCount":736,"publisher":{"@id":"https:\/\/www.rassegnastampa-totustuus.it\/cattolica\/#organization"},"image":{"@id":"https:\/\/www.rassegnastampa-totustuus.it\/cattolica\/perche-trump-ha-fatto-bene-a-uscire-dal-consiglio-onu-per-i-diritti-umani\/#primaryimage"},"thumbnailUrl":"https:\/\/www.rassegnastampa-totustuus.it\/cattolica\/wp-content\/uploads\/2018\/11\/Consiglio-Onu-per-i-diritti-umani..png","keywords":["Arabia Saudita","diritti umani"],"articleSection":["L&#39;ONU","Stati Uniti"],"inLanguage":"it-IT"},{"@type":"WebPage","@id":"https:\/\/www.rassegnastampa-totustuus.it\/cattolica\/perche-trump-ha-fatto-bene-a-uscire-dal-consiglio-onu-per-i-diritti-umani\/","url":"https:\/\/www.rassegnastampa-totustuus.it\/cattolica\/perche-trump-ha-fatto-bene-a-uscire-dal-consiglio-onu-per-i-diritti-umani\/","name":"Perch\u00e9 Trump ha fatto bene a uscire dal Consiglio Onu per i diritti umani - Rassegna Stampa Cattolica","isPartOf":{"@id":"https:\/\/www.rassegnastampa-totustuus.it\/cattolica\/#website"},"primaryImageOfPage":{"@id":"https:\/\/www.rassegnastampa-totustuus.it\/cattolica\/perche-trump-ha-fatto-bene-a-uscire-dal-consiglio-onu-per-i-diritti-umani\/#primaryimage"},"image":{"@id":"https:\/\/www.rassegnastampa-totustuus.it\/cattolica\/perche-trump-ha-fatto-bene-a-uscire-dal-consiglio-onu-per-i-diritti-umani\/#primaryimage"},"thumbnailUrl":"https:\/\/www.rassegnastampa-totustuus.it\/cattolica\/wp-content\/uploads\/2018\/11\/Consiglio-Onu-per-i-diritti-umani..png","datePublished":"2018-12-12T23:00:43+00:00","dateModified":"2018-12-13T07:21:51+00:00","description":"Rassegna Stampa Cattolica - Per una cultura che nasce dalla Rivelazione cristiana in conformit\u00e0 alla tradizione e al Magistero della Chiesa in opposizione ad ogni relativismo e totalitarismo","breadcrumb":{"@id":"https:\/\/www.rassegnastampa-totustuus.it\/cattolica\/perche-trump-ha-fatto-bene-a-uscire-dal-consiglio-onu-per-i-diritti-umani\/#breadcrumb"},"inLanguage":"it-IT","potentialAction":[{"@type":"ReadAction","target":["https:\/\/www.rassegnastampa-totustuus.it\/cattolica\/perche-trump-ha-fatto-bene-a-uscire-dal-consiglio-onu-per-i-diritti-umani\/"]}]},{"@type":"ImageObject","inLanguage":"it-IT","@id":"https:\/\/www.rassegnastampa-totustuus.it\/cattolica\/perche-trump-ha-fatto-bene-a-uscire-dal-consiglio-onu-per-i-diritti-umani\/#primaryimage","url":"https:\/\/www.rassegnastampa-totustuus.it\/cattolica\/wp-content\/uploads\/2018\/11\/Consiglio-Onu-per-i-diritti-umani..png","contentUrl":"https:\/\/www.rassegnastampa-totustuus.it\/cattolica\/wp-content\/uploads\/2018\/11\/Consiglio-Onu-per-i-diritti-umani..png","width":275,"height":183},{"@type":"BreadcrumbList","@id":"https:\/\/www.rassegnastampa-totustuus.it\/cattolica\/perche-trump-ha-fatto-bene-a-uscire-dal-consiglio-onu-per-i-diritti-umani\/#breadcrumb","itemListElement":[{"@type":"ListItem","position":1,"name":"Home","item":"https:\/\/www.rassegnastampa-totustuus.it\/cattolica\/"},{"@type":"ListItem","position":2,"name":"Perch\u00e9 Trump ha fatto bene a uscire dal Consiglio Onu per i diritti umani"}]},{"@type":"WebSite","@id":"https:\/\/www.rassegnastampa-totustuus.it\/cattolica\/#website","url":"https:\/\/www.rassegnastampa-totustuus.it\/cattolica\/","name":"Rassegna Stampa Cattolica","description":"Per una cultura che nasce dalla Rivelazione cristiana in conformit\u00e0 alla tradizione e al Magistero della Chiesa in opposizione ad ogni relativismo e totalitarismo","publisher":{"@id":"https:\/\/www.rassegnastampa-totustuus.it\/cattolica\/#organization"},"alternateName":"Rass. Cattolica","potentialAction":[{"@type":"SearchAction","target":{"@type":"EntryPoint","urlTemplate":"https:\/\/www.rassegnastampa-totustuus.it\/cattolica\/?s={search_term_string}"},"query-input":{"@type":"PropertyValueSpecification","valueRequired":true,"valueName":"search_term_string"}}],"inLanguage":"it-IT"},{"@type":"Organization","@id":"https:\/\/www.rassegnastampa-totustuus.it\/cattolica\/#organization","name":"Rassegna Stampa Cattolica","url":"https:\/\/www.rassegnastampa-totustuus.it\/cattolica\/","logo":{"@type":"ImageObject","inLanguage":"it-IT","@id":"https:\/\/www.rassegnastampa-totustuus.it\/cattolica\/#\/schema\/logo\/image\/","url":"https:\/\/www.rassegnastampa-totustuus.it\/cattolica\/wp-content\/uploads\/2014\/04\/logo-rassegna1.gif","contentUrl":"https:\/\/www.rassegnastampa-totustuus.it\/cattolica\/wp-content\/uploads\/2014\/04\/logo-rassegna1.gif","width":600,"height":163,"caption":"Rassegna Stampa Cattolica"},"image":{"@id":"https:\/\/www.rassegnastampa-totustuus.it\/cattolica\/#\/schema\/logo\/image\/"},"sameAs":["https:\/\/www.facebook.com\/rassegnastampacattolica","https:\/\/x.com\/rassegnastampa9"]},{"@type":"Person","@id":"https:\/\/www.rassegnastampa-totustuus.it\/cattolica\/#\/schema\/person\/08f319d2bd1a0904ad9e2bfb7b15e5c3","name":"Redazione","image":{"@type":"ImageObject","inLanguage":"it-IT","@id":"https:\/\/secure.gravatar.com\/avatar\/2fcdf27c78ea025fbdb44e914cc63c72249ffec9dc8aafd5c82b26240ef3f346?s=96&d=mm&r=g","url":"https:\/\/secure.gravatar.com\/avatar\/2fcdf27c78ea025fbdb44e914cc63c72249ffec9dc8aafd5c82b26240ef3f346?s=96&d=mm&r=g","contentUrl":"https:\/\/secure.gravatar.com\/avatar\/2fcdf27c78ea025fbdb44e914cc63c72249ffec9dc8aafd5c82b26240ef3f346?s=96&d=mm&r=g","caption":"Redazione"},"url":"https:\/\/www.rassegnastampa-totustuus.it\/cattolica\/author\/pietroelle\/"}]}},"_links":{"self":[{"href":"https:\/\/www.rassegnastampa-totustuus.it\/cattolica\/wp-json\/wp\/v2\/posts\/41667","targetHints":{"allow":["GET"]}}],"collection":[{"href":"https:\/\/www.rassegnastampa-totustuus.it\/cattolica\/wp-json\/wp\/v2\/posts"}],"about":[{"href":"https:\/\/www.rassegnastampa-totustuus.it\/cattolica\/wp-json\/wp\/v2\/types\/post"}],"author":[{"embeddable":true,"href":"https:\/\/www.rassegnastampa-totustuus.it\/cattolica\/wp-json\/wp\/v2\/users\/6"}],"replies":[{"embeddable":true,"href":"https:\/\/www.rassegnastampa-totustuus.it\/cattolica\/wp-json\/wp\/v2\/comments?post=41667"}],"version-history":[{"count":2,"href":"https:\/\/www.rassegnastampa-totustuus.it\/cattolica\/wp-json\/wp\/v2\/posts\/41667\/revisions"}],"predecessor-version":[{"id":41817,"href":"https:\/\/www.rassegnastampa-totustuus.it\/cattolica\/wp-json\/wp\/v2\/posts\/41667\/revisions\/41817"}],"wp:featuredmedia":[{"embeddable":true,"href":"https:\/\/www.rassegnastampa-totustuus.it\/cattolica\/wp-json\/wp\/v2\/media\/41668"}],"wp:attachment":[{"href":"https:\/\/www.rassegnastampa-totustuus.it\/cattolica\/wp-json\/wp\/v2\/media?parent=41667"}],"wp:term":[{"taxonomy":"category","embeddable":true,"href":"https:\/\/www.rassegnastampa-totustuus.it\/cattolica\/wp-json\/wp\/v2\/categories?post=41667"},{"taxonomy":"post_tag","embeddable":true,"href":"https:\/\/www.rassegnastampa-totustuus.it\/cattolica\/wp-json\/wp\/v2\/tags?post=41667"}],"curies":[{"name":"wp","href":"https:\/\/api.w.org\/{rel}","templated":true}]}}