{"id":416,"date":"2005-05-09T00:00:00","date_gmt":"2005-05-08T22:00:00","guid":{"rendered":""},"modified":"2016-07-05T16:35:44","modified_gmt":"2016-07-05T14:35:44","slug":"gay-pride-orgoglio-e-dialogo","status":"publish","type":"post","link":"https:\/\/www.rassegnastampa-totustuus.it\/cattolica\/gay-pride-orgoglio-e-dialogo\/","title":{"rendered":"Gay pride: Orgoglio e dialogo"},"content":{"rendered":"<div align=\"center\"><img loading=\"lazy\" decoding=\"async\" class=\"size-full wp-image-35709 alignleft\" src=\"https:\/\/www.rassegnastampa-totustuus.it\/cattolica\/wp-content\/uploads\/2005\/05\/PadovaPride_2002.jpg\" alt=\"PadovaPride_2002\" width=\"200\" height=\"200\" srcset=\"https:\/\/www.rassegnastampa-totustuus.it\/cattolica\/wp-content\/uploads\/2005\/05\/PadovaPride_2002.jpg 200w, https:\/\/www.rassegnastampa-totustuus.it\/cattolica\/wp-content\/uploads\/2005\/05\/PadovaPride_2002-150x150.jpg 150w\" sizes=\"auto, (max-width: 200px) 100vw, 200px\" \/>bollettino <strong>SIR Servizio Informazione Religiosa<\/strong><\/div>\n<div align=\"center\">n\u00b0 37 (1116) 17-5-2002<\/div>\n<div align=\"justify\"><em><br \/>\nIn merito al PadovaPride, la &#8220;manifestazione dell&#8217;orgoglio omosessuale&#8221; in programma nel capoluogo patavino il prossimo 8 giugno, il Coordinamento pastorale cittadino e i frati della basilica del Santo hanno pubblicato una nota congiunta che apparir\u00e0 sul numero in uscita del settimanale diocesano &#8220;La difesa del popolo&#8221;, e verr\u00e0 successivamente diffusa a livello diocesano e parrocchiale.<\/em><\/div>\n<p><!--more--><\/p>\n<p style=\"text-align: justify;\">\u00abSemplici spunti &#8211; si legge nella premessa &#8211; che non hanno la pretesa n\u00e9 di esaurire n\u00e9 di approfondire una tematica complessa e carica di risvolti personali, morali, sociali e anche religiosi. Sono questi ultimi gli aspetti che ci stanno particolarmente a cuore e sui qualivogliamo soffermarci\u00bb. Presentiamo, di seguito, una sintesi del documento. Omosessualit\u00e0 e legge naturale. \u00abSotto l&#8217;aspetto morale &#8211; si legge nella nota &#8211; la tendenza omosessuale\u00bb non \u00e8 \u00abconsiderata una colpa\u00bb e \u00abcentrale \u00e8 la distinzione tra tendenza e comportamento: se della prima non si \u00e8 colpevoli, i comportamenti sono invece soggetti al\u00a0giudizio morale\u00bb.<\/p>\n<p style=\"text-align: justify;\">Infatti, precisano gli estensori del documento, \u00abse spesso non si \u00e8 liberi di scegliere la condizione omosessuale\u00bb, si \u00e8 nondimeno \u00abliberi di decidere come viverla. Occorre distinguere, allora, tra omosessualit\u00e0 e &#8220;persone omosessuali&#8221; verso le quali \u00e8 da condannare ogni forma di discriminazione, emarginazione e offesa\u00bb.<\/p>\n<p style=\"text-align: justify;\">Quanto al comportamento in s\u00e9, la nota \u00e8 inequivocabile: \u00abIl comportamento omosessuale non \u00e8 giustificato n\u00e9 giustificabile\u00bb perch\u00e9 \u00abl&#8217;amore, nella sua espressione sessuale, non \u00e8 un fatto unicamente soggettivo legato alle &#8220;preferenze&#8221; delle persone, ma ha un suo codice oggettivo legato all&#8217;incontro di due diversit\u00e0, quella maschile e femminile, che a sua volta si apre al dono della vita\u00bb.<\/p>\n<p style=\"text-align: justify;\">La tradizione cristiana \u00abha sempre dichiarato che gli atti di omosessualit\u00e0 sono intrinsecamente disordinati. Sono contrari alla legge naturale\u00bb perch\u00e9 \u00abprecludono all&#8217;atto sessuale il dono della vita. Non sono il frutto di una vera complementarit\u00e0 affettiva e Sessuale\u00bb.<\/p>\n<p style=\"text-align: justify;\">Quali compiti per la pastorale? Poich\u00e9 \u00abil compito della comunit\u00e0 cristiana \u00e8 annunciare a ogni uomo, in qualsiasi situazione si trovi, che \u00e8 amato da Dio e chiamato a rispondere a questo amore\u00bb, il documento richiama innanzitutto la necessit\u00e0 di \u00abaccogliere, rispettare, capire, stimare\u00bb la persona omosessuale che \u00abva aiutata ad accettare la propria situazione e a superare eventuali sensi di colpa\u00bb. Va evitato \u00abogni giudizio sommario e valutata con prudenza l&#8217;eventuale responsabilit\u00e0\u00bb; va evitato inoltre \u00absia quel &#8220;rigorismo&#8221; che genera nella persona angoscia e sensi di colpa, sia quel &#8220;lassismo&#8221; che \u00e8 diseducante e illusorio\u00bb.<\/p>\n<p style=\"text-align: justify;\">Compito del pastore \u00abcui l&#8217;omosessuale chiede aiuto \u00e8 soprattutto quello di donare l&#8217;amore di Dio e la proposta di vivere la propria vita cristiana con seriet\u00e0 e impegno\u00bb. Il documento pone quindi in guardia sui possibili rischi di \u00absemplificare la realt\u00e0 non considerando le diverse forme di omosessualit\u00e0\u00bb o di \u00abusare criteri totalmente diversi rispetto a quelli che si usano verso l&#8217;eterosessualit\u00e0 temendo di parlare di rispetto, sacrificio, castit\u00e0?\u00bb. A proposito di quest&#8217;ultima afferma: \u00abAnche le persone omosessuali sono chiamate alla castit\u00e0 attraverso le virt\u00f9 della padronanza di s\u00e9\u00bb.<\/p>\n<p style=\"text-align: justify;\"><strong>Il PadovaPride.<\/strong><\/p>\n<p style=\"text-align: justify;\">Pur riconoscendo ai movimenti omosessuali \u00abil merito di aver portato l&#8217;opinione pubblica a riflettere sulle problematiche sociali e culturali della condizione omosessuale, di aver denunciato le ingiustizie e le violazioni dei diritti umani di queste persone\u00bb, la nota rileva che \u00abalcune battaglie, quando contengono una forte carica ideologica e quando assumono toni e forme esasperate (come &#8220;orgoglio&#8221; omosessuale), rischiano di non aiutare un sereno confronto\u00bb generando anzi \u00abuna forte opposizione ideologica. Una diversit\u00e0 sessuale gridata ed esibita, la chiude in stereotipi incapaci di generare il superamento di pregiudizi e chiusure\u00bb.<\/p>\n<p style=\"text-align: justify;\">Di fronte, poi, alla rivendicazione di \u00abpresunti diritti al &#8220;matrimonio&#8221; o all&#8217;adozione\u00bb, e all&#8217;assunzione di forme di espressione provocatoriamente volgari, \u00ab\u00e8 giusto esprimere il proprio motivato dissenso\u00bb. In altre parole, \u00e8 posto in discussione, \u00abnon il diritto di tutti i cittadini a manifestare le proprie convinzioni\u00bb chiarisce la nota, ma le \u00abforme volutamente provocatorie e insultanti contro la chiesa e contro i cittadini cattolici\u00bb che \u00bbin passato il gay pride ha assunto\u00bb.<\/p>\n<p style=\"text-align: justify;\">E a questo proposito, la Chiesa di Padova, che \u00abha in pi\u00f9 occasioni dimostrato di cercare il dialogo con tutti, anche con le persone omosessuali\u00bb attraverso diverse forme di disponibilit\u00e0 e accoglienza, esprime rammarico per il fatto che \u00abgli organizzatori del PadovaPride non abbiano voluto tener conto del momento particolare che vive la &#8220;citt\u00e0 del Santo&#8221; in preparazione alla festa di sant&#8217;Antonio.<\/p>\n<p style=\"text-align: justify;\">Tuttavia \u00abla &#8220;provocazione&#8221; del PadovaPride &#8211; conclude la nota &#8211; significa per la comunit\u00e0 cristiana impegnarsi a cogliere sempre meglio il messaggio biblico sulla vocazione di ogni personaalla salvezza e alla felicit\u00e0, a riflettere sul senso e sui valori della sessualit\u00e0\u00bb e \u00aba promuovere una vera cultura dell&#8217;accoglienza\u00bb.<\/p>\n","protected":false},"excerpt":{"rendered":"<p>bollettino SIR Servizio Informazione Religiosa n\u00b0 37 (1116) 17-5-2002 In merito al PadovaPride, la &#8220;manifestazione dell&#8217;orgoglio omosessuale&#8221; in programma nel capoluogo patavino il prossimo 8 giugno, il Coordinamento pastorale cittadino e i frati della basilica del Santo hanno pubblicato una nota congiunta che apparir\u00e0 sul numero in uscita del settimanale diocesano &#8220;La difesa del popolo&#8221;, &hellip; <\/p>\n<p><a class=\"more-link btn\" href=\"https:\/\/www.rassegnastampa-totustuus.it\/cattolica\/gay-pride-orgoglio-e-dialogo\/\">Continua a leggere<\/a><\/p>\n","protected":false},"author":6,"featured_media":35709,"comment_status":"closed","ping_status":"open","sticky":false,"template":"","format":"standard","meta":{"footnotes":""},"categories":[48],"tags":[189,322],"class_list":["post-416","post","type-post","status-publish","format-standard","has-post-thumbnail","hentry","category-omosessualit","tag-gay","tag-omosessualita","item-wrap"],"yoast_head":"<!-- This site is optimized with the Yoast SEO plugin v27.5 - https:\/\/yoast.com\/product\/yoast-seo-wordpress\/ -->\n<title>Gay pride: Orgoglio e dialogo - Rassegna Stampa Cattolica<\/title>\n<meta name=\"description\" content=\"Rassegna Stampa Cattolica - Per una cultura che nasce dalla Rivelazione cristiana in conformit\u00e0 alla tradizione e al Magistero della Chiesa in opposizione ad ogni relativismo e totalitarismo\" \/>\n<meta name=\"robots\" content=\"index, follow, max-snippet:-1, max-image-preview:large, max-video-preview:-1\" \/>\n<link rel=\"canonical\" href=\"https:\/\/www.rassegnastampa-totustuus.it\/cattolica\/gay-pride-orgoglio-e-dialogo\/\" \/>\n<meta property=\"og:locale\" content=\"it_IT\" \/>\n<meta property=\"og:type\" content=\"article\" \/>\n<meta property=\"og:title\" content=\"Gay pride: Orgoglio e dialogo - Rassegna Stampa Cattolica\" \/>\n<meta property=\"og:description\" content=\"Rassegna Stampa Cattolica - Per una cultura che nasce dalla Rivelazione cristiana in conformit\u00e0 alla tradizione e al Magistero della Chiesa in opposizione ad ogni relativismo e totalitarismo\" \/>\n<meta property=\"og:url\" content=\"https:\/\/www.rassegnastampa-totustuus.it\/cattolica\/gay-pride-orgoglio-e-dialogo\/\" \/>\n<meta property=\"og:site_name\" content=\"Rassegna Stampa Cattolica\" \/>\n<meta property=\"article:publisher\" content=\"https:\/\/www.facebook.com\/rassegnastampacattolica\" \/>\n<meta property=\"article:published_time\" content=\"2005-05-08T22:00:00+00:00\" \/>\n<meta property=\"article:modified_time\" content=\"2016-07-05T14:35:44+00:00\" \/>\n<meta property=\"og:image\" content=\"https:\/\/www.rassegnastampa-totustuus.it\/cattolica\/wp-content\/uploads\/2005\/05\/PadovaPride_2002.jpg\" \/>\n\t<meta property=\"og:image:width\" content=\"200\" \/>\n\t<meta property=\"og:image:height\" content=\"200\" \/>\n\t<meta property=\"og:image:type\" content=\"image\/jpeg\" \/>\n<meta name=\"author\" content=\"Redazione\" \/>\n<meta name=\"twitter:card\" content=\"summary_large_image\" \/>\n<meta name=\"twitter:creator\" content=\"@rassegnastampa9\" \/>\n<meta name=\"twitter:site\" content=\"@rassegnastampa9\" \/>\n<meta name=\"twitter:label1\" content=\"Scritto da\" \/>\n\t<meta name=\"twitter:data1\" content=\"Redazione\" \/>\n\t<meta name=\"twitter:label2\" content=\"Tempo di lettura stimato\" \/>\n\t<meta name=\"twitter:data2\" content=\"4 minuti\" \/>\n<script type=\"application\/ld+json\" class=\"yoast-schema-graph\">{\"@context\":\"https:\\\/\\\/schema.org\",\"@graph\":[{\"@type\":\"Article\",\"@id\":\"https:\\\/\\\/www.rassegnastampa-totustuus.it\\\/cattolica\\\/gay-pride-orgoglio-e-dialogo\\\/#article\",\"isPartOf\":{\"@id\":\"https:\\\/\\\/www.rassegnastampa-totustuus.it\\\/cattolica\\\/gay-pride-orgoglio-e-dialogo\\\/\"},\"author\":{\"name\":\"Redazione\",\"@id\":\"https:\\\/\\\/www.rassegnastampa-totustuus.it\\\/cattolica\\\/#\\\/schema\\\/person\\\/08f319d2bd1a0904ad9e2bfb7b15e5c3\"},\"headline\":\"Gay pride: Orgoglio e dialogo\",\"datePublished\":\"2005-05-08T22:00:00+00:00\",\"dateModified\":\"2016-07-05T14:35:44+00:00\",\"mainEntityOfPage\":{\"@id\":\"https:\\\/\\\/www.rassegnastampa-totustuus.it\\\/cattolica\\\/gay-pride-orgoglio-e-dialogo\\\/\"},\"wordCount\":768,\"publisher\":{\"@id\":\"https:\\\/\\\/www.rassegnastampa-totustuus.it\\\/cattolica\\\/#organization\"},\"image\":{\"@id\":\"https:\\\/\\\/www.rassegnastampa-totustuus.it\\\/cattolica\\\/gay-pride-orgoglio-e-dialogo\\\/#primaryimage\"},\"thumbnailUrl\":\"https:\\\/\\\/www.rassegnastampa-totustuus.it\\\/cattolica\\\/wp-content\\\/uploads\\\/2005\\\/05\\\/PadovaPride_2002.jpg\",\"keywords\":[\"gay\",\"omosessualit\u00e0\"],\"articleSection\":[\"Omosessualit&agrave;\"],\"inLanguage\":\"it-IT\"},{\"@type\":\"WebPage\",\"@id\":\"https:\\\/\\\/www.rassegnastampa-totustuus.it\\\/cattolica\\\/gay-pride-orgoglio-e-dialogo\\\/\",\"url\":\"https:\\\/\\\/www.rassegnastampa-totustuus.it\\\/cattolica\\\/gay-pride-orgoglio-e-dialogo\\\/\",\"name\":\"Gay pride: Orgoglio e dialogo - Rassegna Stampa Cattolica\",\"isPartOf\":{\"@id\":\"https:\\\/\\\/www.rassegnastampa-totustuus.it\\\/cattolica\\\/#website\"},\"primaryImageOfPage\":{\"@id\":\"https:\\\/\\\/www.rassegnastampa-totustuus.it\\\/cattolica\\\/gay-pride-orgoglio-e-dialogo\\\/#primaryimage\"},\"image\":{\"@id\":\"https:\\\/\\\/www.rassegnastampa-totustuus.it\\\/cattolica\\\/gay-pride-orgoglio-e-dialogo\\\/#primaryimage\"},\"thumbnailUrl\":\"https:\\\/\\\/www.rassegnastampa-totustuus.it\\\/cattolica\\\/wp-content\\\/uploads\\\/2005\\\/05\\\/PadovaPride_2002.jpg\",\"datePublished\":\"2005-05-08T22:00:00+00:00\",\"dateModified\":\"2016-07-05T14:35:44+00:00\",\"description\":\"Rassegna Stampa Cattolica - Per una cultura che nasce dalla Rivelazione cristiana in conformit\u00e0 alla tradizione e al Magistero della Chiesa in opposizione ad ogni relativismo e totalitarismo\",\"breadcrumb\":{\"@id\":\"https:\\\/\\\/www.rassegnastampa-totustuus.it\\\/cattolica\\\/gay-pride-orgoglio-e-dialogo\\\/#breadcrumb\"},\"inLanguage\":\"it-IT\",\"potentialAction\":[{\"@type\":\"ReadAction\",\"target\":[\"https:\\\/\\\/www.rassegnastampa-totustuus.it\\\/cattolica\\\/gay-pride-orgoglio-e-dialogo\\\/\"]}]},{\"@type\":\"ImageObject\",\"inLanguage\":\"it-IT\",\"@id\":\"https:\\\/\\\/www.rassegnastampa-totustuus.it\\\/cattolica\\\/gay-pride-orgoglio-e-dialogo\\\/#primaryimage\",\"url\":\"https:\\\/\\\/www.rassegnastampa-totustuus.it\\\/cattolica\\\/wp-content\\\/uploads\\\/2005\\\/05\\\/PadovaPride_2002.jpg\",\"contentUrl\":\"https:\\\/\\\/www.rassegnastampa-totustuus.it\\\/cattolica\\\/wp-content\\\/uploads\\\/2005\\\/05\\\/PadovaPride_2002.jpg\",\"width\":200,\"height\":200},{\"@type\":\"BreadcrumbList\",\"@id\":\"https:\\\/\\\/www.rassegnastampa-totustuus.it\\\/cattolica\\\/gay-pride-orgoglio-e-dialogo\\\/#breadcrumb\",\"itemListElement\":[{\"@type\":\"ListItem\",\"position\":1,\"name\":\"Home\",\"item\":\"https:\\\/\\\/www.rassegnastampa-totustuus.it\\\/cattolica\\\/\"},{\"@type\":\"ListItem\",\"position\":2,\"name\":\"Gay pride: Orgoglio e dialogo\"}]},{\"@type\":\"WebSite\",\"@id\":\"https:\\\/\\\/www.rassegnastampa-totustuus.it\\\/cattolica\\\/#website\",\"url\":\"https:\\\/\\\/www.rassegnastampa-totustuus.it\\\/cattolica\\\/\",\"name\":\"Rassegna Stampa Cattolica\",\"description\":\"Per una cultura che nasce dalla Rivelazione cristiana in conformit\u00e0 alla tradizione e al Magistero della Chiesa in opposizione ad ogni relativismo e totalitarismo\",\"publisher\":{\"@id\":\"https:\\\/\\\/www.rassegnastampa-totustuus.it\\\/cattolica\\\/#organization\"},\"alternateName\":\"Rass. Cattolica\",\"potentialAction\":[{\"@type\":\"SearchAction\",\"target\":{\"@type\":\"EntryPoint\",\"urlTemplate\":\"https:\\\/\\\/www.rassegnastampa-totustuus.it\\\/cattolica\\\/?s={search_term_string}\"},\"query-input\":{\"@type\":\"PropertyValueSpecification\",\"valueRequired\":true,\"valueName\":\"search_term_string\"}}],\"inLanguage\":\"it-IT\"},{\"@type\":\"Organization\",\"@id\":\"https:\\\/\\\/www.rassegnastampa-totustuus.it\\\/cattolica\\\/#organization\",\"name\":\"Rassegna Stampa Cattolica\",\"url\":\"https:\\\/\\\/www.rassegnastampa-totustuus.it\\\/cattolica\\\/\",\"logo\":{\"@type\":\"ImageObject\",\"inLanguage\":\"it-IT\",\"@id\":\"https:\\\/\\\/www.rassegnastampa-totustuus.it\\\/cattolica\\\/#\\\/schema\\\/logo\\\/image\\\/\",\"url\":\"https:\\\/\\\/www.rassegnastampa-totustuus.it\\\/cattolica\\\/wp-content\\\/uploads\\\/2014\\\/04\\\/logo-rassegna1.gif\",\"contentUrl\":\"https:\\\/\\\/www.rassegnastampa-totustuus.it\\\/cattolica\\\/wp-content\\\/uploads\\\/2014\\\/04\\\/logo-rassegna1.gif\",\"width\":600,\"height\":163,\"caption\":\"Rassegna Stampa Cattolica\"},\"image\":{\"@id\":\"https:\\\/\\\/www.rassegnastampa-totustuus.it\\\/cattolica\\\/#\\\/schema\\\/logo\\\/image\\\/\"},\"sameAs\":[\"https:\\\/\\\/www.facebook.com\\\/rassegnastampacattolica\",\"https:\\\/\\\/x.com\\\/rassegnastampa9\"]},{\"@type\":\"Person\",\"@id\":\"https:\\\/\\\/www.rassegnastampa-totustuus.it\\\/cattolica\\\/#\\\/schema\\\/person\\\/08f319d2bd1a0904ad9e2bfb7b15e5c3\",\"name\":\"Redazione\",\"image\":{\"@type\":\"ImageObject\",\"inLanguage\":\"it-IT\",\"@id\":\"https:\\\/\\\/secure.gravatar.com\\\/avatar\\\/2fcdf27c78ea025fbdb44e914cc63c72249ffec9dc8aafd5c82b26240ef3f346?s=96&d=mm&r=g\",\"url\":\"https:\\\/\\\/secure.gravatar.com\\\/avatar\\\/2fcdf27c78ea025fbdb44e914cc63c72249ffec9dc8aafd5c82b26240ef3f346?s=96&d=mm&r=g\",\"contentUrl\":\"https:\\\/\\\/secure.gravatar.com\\\/avatar\\\/2fcdf27c78ea025fbdb44e914cc63c72249ffec9dc8aafd5c82b26240ef3f346?s=96&d=mm&r=g\",\"caption\":\"Redazione\"},\"url\":\"https:\\\/\\\/www.rassegnastampa-totustuus.it\\\/cattolica\\\/author\\\/pietroelle\\\/\"}]}<\/script>\n<!-- \/ Yoast SEO plugin. -->","yoast_head_json":{"title":"Gay pride: Orgoglio e dialogo - Rassegna Stampa Cattolica","description":"Rassegna Stampa Cattolica - Per una cultura che nasce dalla Rivelazione cristiana in conformit\u00e0 alla tradizione e al Magistero della Chiesa in opposizione ad ogni relativismo e totalitarismo","robots":{"index":"index","follow":"follow","max-snippet":"max-snippet:-1","max-image-preview":"max-image-preview:large","max-video-preview":"max-video-preview:-1"},"canonical":"https:\/\/www.rassegnastampa-totustuus.it\/cattolica\/gay-pride-orgoglio-e-dialogo\/","og_locale":"it_IT","og_type":"article","og_title":"Gay pride: Orgoglio e dialogo - Rassegna Stampa Cattolica","og_description":"Rassegna Stampa Cattolica - Per una cultura che nasce dalla Rivelazione cristiana in conformit\u00e0 alla tradizione e al Magistero della Chiesa in opposizione ad ogni relativismo e totalitarismo","og_url":"https:\/\/www.rassegnastampa-totustuus.it\/cattolica\/gay-pride-orgoglio-e-dialogo\/","og_site_name":"Rassegna Stampa Cattolica","article_publisher":"https:\/\/www.facebook.com\/rassegnastampacattolica","article_published_time":"2005-05-08T22:00:00+00:00","article_modified_time":"2016-07-05T14:35:44+00:00","og_image":[{"width":200,"height":200,"url":"https:\/\/www.rassegnastampa-totustuus.it\/cattolica\/wp-content\/uploads\/2005\/05\/PadovaPride_2002.jpg","type":"image\/jpeg"}],"author":"Redazione","twitter_card":"summary_large_image","twitter_creator":"@rassegnastampa9","twitter_site":"@rassegnastampa9","twitter_misc":{"Scritto da":"Redazione","Tempo di lettura stimato":"4 minuti"},"schema":{"@context":"https:\/\/schema.org","@graph":[{"@type":"Article","@id":"https:\/\/www.rassegnastampa-totustuus.it\/cattolica\/gay-pride-orgoglio-e-dialogo\/#article","isPartOf":{"@id":"https:\/\/www.rassegnastampa-totustuus.it\/cattolica\/gay-pride-orgoglio-e-dialogo\/"},"author":{"name":"Redazione","@id":"https:\/\/www.rassegnastampa-totustuus.it\/cattolica\/#\/schema\/person\/08f319d2bd1a0904ad9e2bfb7b15e5c3"},"headline":"Gay pride: Orgoglio e dialogo","datePublished":"2005-05-08T22:00:00+00:00","dateModified":"2016-07-05T14:35:44+00:00","mainEntityOfPage":{"@id":"https:\/\/www.rassegnastampa-totustuus.it\/cattolica\/gay-pride-orgoglio-e-dialogo\/"},"wordCount":768,"publisher":{"@id":"https:\/\/www.rassegnastampa-totustuus.it\/cattolica\/#organization"},"image":{"@id":"https:\/\/www.rassegnastampa-totustuus.it\/cattolica\/gay-pride-orgoglio-e-dialogo\/#primaryimage"},"thumbnailUrl":"https:\/\/www.rassegnastampa-totustuus.it\/cattolica\/wp-content\/uploads\/2005\/05\/PadovaPride_2002.jpg","keywords":["gay","omosessualit\u00e0"],"articleSection":["Omosessualit&agrave;"],"inLanguage":"it-IT"},{"@type":"WebPage","@id":"https:\/\/www.rassegnastampa-totustuus.it\/cattolica\/gay-pride-orgoglio-e-dialogo\/","url":"https:\/\/www.rassegnastampa-totustuus.it\/cattolica\/gay-pride-orgoglio-e-dialogo\/","name":"Gay pride: Orgoglio e dialogo - Rassegna Stampa Cattolica","isPartOf":{"@id":"https:\/\/www.rassegnastampa-totustuus.it\/cattolica\/#website"},"primaryImageOfPage":{"@id":"https:\/\/www.rassegnastampa-totustuus.it\/cattolica\/gay-pride-orgoglio-e-dialogo\/#primaryimage"},"image":{"@id":"https:\/\/www.rassegnastampa-totustuus.it\/cattolica\/gay-pride-orgoglio-e-dialogo\/#primaryimage"},"thumbnailUrl":"https:\/\/www.rassegnastampa-totustuus.it\/cattolica\/wp-content\/uploads\/2005\/05\/PadovaPride_2002.jpg","datePublished":"2005-05-08T22:00:00+00:00","dateModified":"2016-07-05T14:35:44+00:00","description":"Rassegna Stampa Cattolica - Per una cultura che nasce dalla Rivelazione cristiana in conformit\u00e0 alla tradizione e al Magistero della Chiesa in opposizione ad ogni relativismo e totalitarismo","breadcrumb":{"@id":"https:\/\/www.rassegnastampa-totustuus.it\/cattolica\/gay-pride-orgoglio-e-dialogo\/#breadcrumb"},"inLanguage":"it-IT","potentialAction":[{"@type":"ReadAction","target":["https:\/\/www.rassegnastampa-totustuus.it\/cattolica\/gay-pride-orgoglio-e-dialogo\/"]}]},{"@type":"ImageObject","inLanguage":"it-IT","@id":"https:\/\/www.rassegnastampa-totustuus.it\/cattolica\/gay-pride-orgoglio-e-dialogo\/#primaryimage","url":"https:\/\/www.rassegnastampa-totustuus.it\/cattolica\/wp-content\/uploads\/2005\/05\/PadovaPride_2002.jpg","contentUrl":"https:\/\/www.rassegnastampa-totustuus.it\/cattolica\/wp-content\/uploads\/2005\/05\/PadovaPride_2002.jpg","width":200,"height":200},{"@type":"BreadcrumbList","@id":"https:\/\/www.rassegnastampa-totustuus.it\/cattolica\/gay-pride-orgoglio-e-dialogo\/#breadcrumb","itemListElement":[{"@type":"ListItem","position":1,"name":"Home","item":"https:\/\/www.rassegnastampa-totustuus.it\/cattolica\/"},{"@type":"ListItem","position":2,"name":"Gay pride: Orgoglio e dialogo"}]},{"@type":"WebSite","@id":"https:\/\/www.rassegnastampa-totustuus.it\/cattolica\/#website","url":"https:\/\/www.rassegnastampa-totustuus.it\/cattolica\/","name":"Rassegna Stampa Cattolica","description":"Per una cultura che nasce dalla Rivelazione cristiana in conformit\u00e0 alla tradizione e al Magistero della Chiesa in opposizione ad ogni relativismo e totalitarismo","publisher":{"@id":"https:\/\/www.rassegnastampa-totustuus.it\/cattolica\/#organization"},"alternateName":"Rass. Cattolica","potentialAction":[{"@type":"SearchAction","target":{"@type":"EntryPoint","urlTemplate":"https:\/\/www.rassegnastampa-totustuus.it\/cattolica\/?s={search_term_string}"},"query-input":{"@type":"PropertyValueSpecification","valueRequired":true,"valueName":"search_term_string"}}],"inLanguage":"it-IT"},{"@type":"Organization","@id":"https:\/\/www.rassegnastampa-totustuus.it\/cattolica\/#organization","name":"Rassegna Stampa Cattolica","url":"https:\/\/www.rassegnastampa-totustuus.it\/cattolica\/","logo":{"@type":"ImageObject","inLanguage":"it-IT","@id":"https:\/\/www.rassegnastampa-totustuus.it\/cattolica\/#\/schema\/logo\/image\/","url":"https:\/\/www.rassegnastampa-totustuus.it\/cattolica\/wp-content\/uploads\/2014\/04\/logo-rassegna1.gif","contentUrl":"https:\/\/www.rassegnastampa-totustuus.it\/cattolica\/wp-content\/uploads\/2014\/04\/logo-rassegna1.gif","width":600,"height":163,"caption":"Rassegna Stampa Cattolica"},"image":{"@id":"https:\/\/www.rassegnastampa-totustuus.it\/cattolica\/#\/schema\/logo\/image\/"},"sameAs":["https:\/\/www.facebook.com\/rassegnastampacattolica","https:\/\/x.com\/rassegnastampa9"]},{"@type":"Person","@id":"https:\/\/www.rassegnastampa-totustuus.it\/cattolica\/#\/schema\/person\/08f319d2bd1a0904ad9e2bfb7b15e5c3","name":"Redazione","image":{"@type":"ImageObject","inLanguage":"it-IT","@id":"https:\/\/secure.gravatar.com\/avatar\/2fcdf27c78ea025fbdb44e914cc63c72249ffec9dc8aafd5c82b26240ef3f346?s=96&d=mm&r=g","url":"https:\/\/secure.gravatar.com\/avatar\/2fcdf27c78ea025fbdb44e914cc63c72249ffec9dc8aafd5c82b26240ef3f346?s=96&d=mm&r=g","contentUrl":"https:\/\/secure.gravatar.com\/avatar\/2fcdf27c78ea025fbdb44e914cc63c72249ffec9dc8aafd5c82b26240ef3f346?s=96&d=mm&r=g","caption":"Redazione"},"url":"https:\/\/www.rassegnastampa-totustuus.it\/cattolica\/author\/pietroelle\/"}]}},"_links":{"self":[{"href":"https:\/\/www.rassegnastampa-totustuus.it\/cattolica\/wp-json\/wp\/v2\/posts\/416","targetHints":{"allow":["GET"]}}],"collection":[{"href":"https:\/\/www.rassegnastampa-totustuus.it\/cattolica\/wp-json\/wp\/v2\/posts"}],"about":[{"href":"https:\/\/www.rassegnastampa-totustuus.it\/cattolica\/wp-json\/wp\/v2\/types\/post"}],"author":[{"embeddable":true,"href":"https:\/\/www.rassegnastampa-totustuus.it\/cattolica\/wp-json\/wp\/v2\/users\/6"}],"replies":[{"embeddable":true,"href":"https:\/\/www.rassegnastampa-totustuus.it\/cattolica\/wp-json\/wp\/v2\/comments?post=416"}],"version-history":[{"count":3,"href":"https:\/\/www.rassegnastampa-totustuus.it\/cattolica\/wp-json\/wp\/v2\/posts\/416\/revisions"}],"predecessor-version":[{"id":35711,"href":"https:\/\/www.rassegnastampa-totustuus.it\/cattolica\/wp-json\/wp\/v2\/posts\/416\/revisions\/35711"}],"wp:featuredmedia":[{"embeddable":true,"href":"https:\/\/www.rassegnastampa-totustuus.it\/cattolica\/wp-json\/wp\/v2\/media\/35709"}],"wp:attachment":[{"href":"https:\/\/www.rassegnastampa-totustuus.it\/cattolica\/wp-json\/wp\/v2\/media?parent=416"}],"wp:term":[{"taxonomy":"category","embeddable":true,"href":"https:\/\/www.rassegnastampa-totustuus.it\/cattolica\/wp-json\/wp\/v2\/categories?post=416"},{"taxonomy":"post_tag","embeddable":true,"href":"https:\/\/www.rassegnastampa-totustuus.it\/cattolica\/wp-json\/wp\/v2\/tags?post=416"}],"curies":[{"name":"wp","href":"https:\/\/api.w.org\/{rel}","templated":true}]}}