{"id":41540,"date":"2018-11-22T00:00:03","date_gmt":"2018-11-21T23:00:03","guid":{"rendered":"http:\/\/www.rassegnastampa-totustuus.it\/cattolica\/?p=41540"},"modified":"2018-11-12T10:18:03","modified_gmt":"2018-11-12T09:18:03","slug":"i-costi-dellimmigrazione","status":"publish","type":"post","link":"https:\/\/www.rassegnastampa-totustuus.it\/cattolica\/i-costi-dellimmigrazione\/","title":{"rendered":"I costi dell\u2019immigrazione"},"content":{"rendered":"<p style=\"text-align: center;\"><a href=\"https:\/\/www.rassegnastampa-totustuus.it\/cattolica\/wp-content\/uploads\/2018\/11\/Obertone_cover.jpg\"><img loading=\"lazy\" decoding=\"async\" class=\"alignright wp-image-41541\" src=\"https:\/\/www.rassegnastampa-totustuus.it\/cattolica\/wp-content\/uploads\/2018\/11\/Obertone_cover.jpg\" alt=\"\" width=\"250\" height=\"144\" \/><\/a>da <strong><a href=\"http:\/\/www.libertaepersona.org\/\" target=\"_blank\" rel=\"noopener\">Libert\u00e0 e Persona<\/a><\/strong> 10 Novembre 2018<\/p>\n<p style=\"text-align: center;\">di<strong> Enrico Maria Romano<\/strong><\/p>\n<p style=\"text-align: justify;\"><strong>Laurent Obertone<\/strong>\u00a0\u00e8 il classico esempio di giovane intellettuale che in pochissimi anni diventa una significativo fenomeno editoriale, almeno a giudicare dalla vendita dei suoi libri. Oltrepassando in un caso le 300.000 copie e nell\u2019insieme della sua opera il milione di copie. Ha solo un piccolo (immenso) neo, per cui non sar\u00e0 mai una star alla <strong>Saviano<\/strong>, da prime pagine dei settimanali patinati: \u00e8 politicamente scorretto. E ne \u00e8 consapevole, oltre che fiero.<\/p>\n<p><!--more--><\/p>\n<p style=\"text-align: justify;\">A settembre \u00e8 apparso il nuovo saggio del trentaquattrenne francese (<em>La France interdite<\/em>), dedicato allo studio sociologico e politico dei disastri, anche finanziari, della politica detta inclusiva e antirazzista di <strong>Emmanuel Macron<\/strong>. La Francia, secondo <strong>Obertone<\/strong>, sta morendo a causa di due fattori concomitanti e strutturalmente collegati. L\u2019invasione migratoria da un lato, che comporta delle spese sociali ormai fuori controllo, e la dittatura culturale esercitata dalla casta dei padroni, casta fatta di politici, economisti, lobby e i principali mass media con la funzione etica di censori dell\u2019eresia (come <em>Le Monde <\/em>o <em>Lib\u00e9ration<\/em>). Questi nuovi padroni non hanno pi\u00f9 da temere nulla dalla tradizionale sinistra anti-padronale e rivoluzionaria. Ne hanno al contrario integrato l\u2019internazionalismo e il cosmopolitismo, cos\u00ec come il rifiuto dell\u2019identit\u00e0 e delle frontiere (che siano politiche o etiche).<\/p>\n<p style=\"text-align: justify;\"><strong><a href=\"https:\/\/www.rassegnastampa-totustuus.it\/cattolica\/wp-content\/uploads\/2009\/04\/Banlieu.jpg\"><img loading=\"lazy\" decoding=\"async\" class=\"alignleft wp-image-31877\" src=\"https:\/\/www.rassegnastampa-totustuus.it\/cattolica\/wp-content\/uploads\/2009\/04\/Banlieu.jpg\" alt=\"\" width=\"250\" height=\"166\" \/><\/a>Obertone<\/strong>\u00a0nasce nella Francia profonda nel 1984, si forma nella Scuola di giornalismo di Lille e inizia molto giovane a collaborare con la stampa locale, occupandosi di questioni sociali e di attualit\u00e0. Decide poi, neppure trentenne, di passare dagli articoli ai libri e cos\u00ec, nel 2013 pubblica un\u2019inchiesta di ampio respiro intitolata <em>LaFrance Orange m\u00e9canique<\/em> (Ring). Il libro si rivela un successo immenso e ci\u00f2 porta l\u2019autore, ancora del tutto ignoto al grande pubblico, in TV e sulle radio. In 350 pagine, l\u2019autore mostra con numeri e documenti la violenza ordinaria che accompagna la vita quotidiana dei francesi, ben pi\u00f9 diffusa e mortifera del recente terrorismo.<\/p>\n<p style=\"text-align: justify;\">E soprattutto crescente anno dopo anno senza soluzione di continuit\u00e0. <strong>Obertone<\/strong> non censura, cosa piuttosto rara, la gran parte che negli episodi di violenza efferata hanno gli stranieri, specie i clandestini di recente ingresso e gli extra-europei. Uno scrittore atipico, anarchico e inclassificabile come\u00a0<strong>Michel Houellebecq<\/strong>\u00a0lo definisce \u201cil pi\u00f9 grande polemista di domani\u201d.<\/p>\n<p style=\"text-align: justify;\">Nel 2015 riparte alla carica con un nuovo <em>pav\u00e9<\/em> come si dice in loco, ovvero un nuovo mattone dal titolo ugualmente evocativo (<em>La France Big Brother<\/em>). In esso si spiega, in modo pacato e pedagogico, quanto i mass media dominanti celino le verit\u00e0 scomode ai cittadini, indirizzando il voto nel senso voluto dalle \u00e9lite. A proposito anzitutto della quantit\u00e0 e della qualit\u00e0 delle violenze sociali e del ruolo che gli ambienti arabi hanno nello spaccio, nella prostituzione, nell\u2019illegalit\u00e0 in genere. Ma l\u2019autore nel saggio fa un preciso attacco alla magistratura francese e al suo aberrante lassismo giudiziario. Un esempio, tra i mille offerti da <strong>Obertone<\/strong> \u00e8 questo: la depenalizzazione di uno dei crimini pi\u00f9 odiosi, lo stupro.<\/p>\n<p style=\"text-align: justify;\"><a href=\"https:\/\/www.rassegnastampa-totustuus.it\/cattolica\/wp-content\/uploads\/2005\/11\/Banlieu-1.jpg\"><img loading=\"lazy\" decoding=\"async\" class=\"alignright wp-image-35833\" src=\"https:\/\/www.rassegnastampa-totustuus.it\/cattolica\/wp-content\/uploads\/2005\/11\/Banlieu-1-300x168.jpg\" alt=\"\" width=\"250\" height=\"140\" \/><\/a>In Francia, ci sono secondo le fonti di polizia circa 250 stupri (o tentati stupri) al giorno. E la cifra gi\u00e0 da s\u00e9 dovrebbe dare il capogiro a chi crede alle favole sulla bellezza della societ\u00e0 multiculturale, da <strong>Macron<\/strong> chiamata eufemisticamente <em>vivre-ensemble<\/em> (vivere insieme, sottintendendo tra razze e culture diverse). O anche a chi si illude con gli stantii ma immarcescibili miti del progresso, secondo cui alla piena alfabetizzazione della giovent\u00f9 sarebbe dovuto corrispondere un aumento della \u2018civilt\u00e0\u2019.<\/p>\n<p style=\"text-align: justify;\">Mentre ogni giorno vediamo che no, che non funziona cos\u00ec. In ogni caso, il codice penale francese in vigore sancisce la pena di 15 anni di reclusione per lo stupratore accertato. Nota\u00a0<strong>Obertone<\/strong>\u00a0che in media i giudici di prima istanza ne chiedono solo 12. Che quelli che stabiliscono effettivamente la pena, dopo il dibattimento e la conclusione dell\u2019iter giudiziario, ne danno 8. E che gli anni effettivamente scontati, per buona condotta o altre scorciatoie sono 4. Sempre pi\u00f9 spesso per\u00f2, 2 due di questi 4 anni residui, per la carenza di spazi nelle prigioni e il buonismo obbligatorio, vengono fatti a casa (domiciliari) o in semilibert\u00e0 (col sistema del braccialetto elettronico). Da 15 anni per uno stupro, a 2 anni effettivi\u2026 Ma non si era per la difesa della donna, nel paese dei diritti dell\u2019uomo?<\/p>\n<p style=\"text-align: justify;\">Nel 2016, esce il suo primo romanzo <em>Guerriglia<\/em>, tradotto anche in italiano, tedesco e giapponese. Sulla base di fatti gi\u00e0 accaduti in Francia, l\u2019autore mette in scena una sorta di guerra civile interetnica tra gli immigrati delle banlieue, con l\u2019appoggio di terroristi islamici, e la polizia. I mass media democratici e progressisti soffiano sul fuoco, dicendo che la protesta sociale \u00e8 legittima, poich\u00e9 <em>la Francia \u00e8 razzista<\/em>, e l\u2019ascensore sociale non funziona, che i giovani vanno capiti, eccetera eccetera.<\/p>\n<p style=\"text-align: justify;\"><a href=\"https:\/\/www.rassegnastampa-totustuus.it\/cattolica\/wp-content\/uploads\/2010\/11\/banlieu1.jpg\"><img loading=\"lazy\" decoding=\"async\" class=\"alignleft wp-image-21793\" src=\"https:\/\/www.rassegnastampa-totustuus.it\/cattolica\/wp-content\/uploads\/2010\/11\/banlieu1.jpg\" alt=\"\" width=\"250\" height=\"150\" \/><\/a>Nel romanzo per\u00f2, mentre i buonisti raccontano questa storiella alle masse, i poveri migranti si armano e in breve si contano decine di morti tra i poliziotti, i passanti, la gente comune. Certo si tratta solo di un romanzo distopico, ma <strong>Obertone<\/strong> ha dichiarato alla stampa di aver parlato a lungo con esperti dell\u2019antiterrorismo francese, i quali hanno ipotizzato proprio scenari del genere, se non ci sar\u00e0 uno scossone ed un recupero delle zone gi\u00e0 completamente abbandonate alla criminalit\u00e0 (dette in francese di <em>non-droit<\/em>, in pratica piccoli far west periurbani che proliferano sulla scia dei 250.000 nuovi ingressi di stranieri l\u2019anno).<\/p>\n<p style=\"text-align: justify;\">L\u2019unico nemico della casta descritta da <strong>Obertone<\/strong> nei suoi libri \u00e8 il popolo minuto, urbano o rurale, che pare avviarsi alla scomparsa, o alla sostituzione etnica completa. Lo scontro ultimo sar\u00e0 sulla libert\u00e0 di informazione e di parola. Dietro la lotta al razzismo, alla discriminazione e alle fake news, <strong>Obertone<\/strong>\u00a0intravede la mossa finale del Sistema per annientare la coscienza della gente, e rendere la manipolazione e il controllo senza via d\u2019uscita.<\/p>\n<p style=\"text-align: justify;\">Purtroppo anche da parte del mondo cattolico si \u00e8 avuto un cedimento di fondo e l\u2019immigrazione-invasione \u00e8 divenuta la nuova utopia rosa usata per rafforzare gli pseudo-dogmi dell\u2019accoglienza e del dialogo (si veda in tal senso l\u2019ottimo saggio di <strong>Roberto Rossi<\/strong>, <em>Gli equivoci del dialogo interreligioso<\/em>, Leonardo da Vinci, 2018).<\/p>\n<p style=\"text-align: justify;\">Ma saranno i fatti, che gi\u00e0 danno molte drammatiche avvisaglie, a dimostrare l\u2019assunto: o si riparte con l\u2019omogeneit\u00e0 nazionale e la compattezza identitaria o tutto frana: lo Stato, la famiglia, la societ\u00e0.<\/p>\n<p>&nbsp;<\/p>\n","protected":false},"excerpt":{"rendered":"<p>da Libert\u00e0 e Persona 10 Novembre 2018 di Enrico Maria Romano Laurent Obertone\u00a0\u00e8 il classico esempio di giovane intellettuale che in pochissimi anni diventa una significativo fenomeno editoriale, almeno a giudicare dalla vendita dei suoi libri. Oltrepassando in un caso le 300.000 copie e nell\u2019insieme della sua opera il milione di copie. Ha solo un &hellip; <\/p>\n<p><a class=\"more-link btn\" href=\"https:\/\/www.rassegnastampa-totustuus.it\/cattolica\/i-costi-dellimmigrazione\/\">Continua a leggere<\/a><\/p>\n","protected":false},"author":6,"featured_media":41541,"comment_status":"closed","ping_status":"closed","sticky":false,"template":"","format":"standard","meta":{"footnotes":""},"categories":[14,38,108],"tags":[219],"class_list":["post-41540","post","type-post","status-publish","format-standard","has-post-thumbnail","hentry","category-europa-e-ue","category-immigrazione","category-paesi-e-continenti","tag-francia","item-wrap"],"yoast_head":"<!-- This site is optimized with the Yoast SEO plugin v27.5 - https:\/\/yoast.com\/product\/yoast-seo-wordpress\/ -->\n<title>I costi dell\u2019immigrazione - Rassegna Stampa Cattolica<\/title>\n<meta name=\"description\" content=\"Rassegna Stampa Cattolica - Per una cultura che nasce dalla Rivelazione cristiana in conformit\u00e0 alla tradizione e al Magistero della Chiesa in opposizione ad ogni relativismo e totalitarismo\" \/>\n<meta name=\"robots\" content=\"index, follow, max-snippet:-1, max-image-preview:large, max-video-preview:-1\" \/>\n<link rel=\"canonical\" href=\"https:\/\/www.rassegnastampa-totustuus.it\/cattolica\/i-costi-dellimmigrazione\/\" \/>\n<meta property=\"og:locale\" content=\"it_IT\" \/>\n<meta property=\"og:type\" content=\"article\" \/>\n<meta property=\"og:title\" content=\"I costi dell\u2019immigrazione - Rassegna Stampa Cattolica\" \/>\n<meta property=\"og:description\" content=\"Rassegna Stampa Cattolica - Per una cultura che nasce dalla Rivelazione cristiana in conformit\u00e0 alla tradizione e al Magistero della Chiesa in opposizione ad ogni relativismo e totalitarismo\" \/>\n<meta property=\"og:url\" content=\"https:\/\/www.rassegnastampa-totustuus.it\/cattolica\/i-costi-dellimmigrazione\/\" \/>\n<meta property=\"og:site_name\" content=\"Rassegna Stampa Cattolica\" \/>\n<meta property=\"article:publisher\" content=\"https:\/\/www.facebook.com\/rassegnastampacattolica\" \/>\n<meta property=\"article:published_time\" content=\"2018-11-21T23:00:03+00:00\" \/>\n<meta property=\"og:image\" content=\"https:\/\/www.rassegnastampa-totustuus.it\/cattolica\/wp-content\/uploads\/2018\/11\/Obertone_cover.jpg\" \/>\n\t<meta property=\"og:image:width\" content=\"296\" \/>\n\t<meta property=\"og:image:height\" content=\"170\" \/>\n\t<meta property=\"og:image:type\" content=\"image\/jpeg\" \/>\n<meta name=\"author\" content=\"Redazione\" \/>\n<meta name=\"twitter:card\" content=\"summary_large_image\" \/>\n<meta name=\"twitter:creator\" content=\"@rassegnastampa9\" \/>\n<meta name=\"twitter:site\" content=\"@rassegnastampa9\" \/>\n<meta name=\"twitter:label1\" content=\"Scritto da\" \/>\n\t<meta name=\"twitter:data1\" content=\"Redazione\" \/>\n\t<meta name=\"twitter:label2\" content=\"Tempo di lettura stimato\" \/>\n\t<meta name=\"twitter:data2\" content=\"5 minuti\" \/>\n<script type=\"application\/ld+json\" class=\"yoast-schema-graph\">{\"@context\":\"https:\\\/\\\/schema.org\",\"@graph\":[{\"@type\":\"Article\",\"@id\":\"https:\\\/\\\/www.rassegnastampa-totustuus.it\\\/cattolica\\\/i-costi-dellimmigrazione\\\/#article\",\"isPartOf\":{\"@id\":\"https:\\\/\\\/www.rassegnastampa-totustuus.it\\\/cattolica\\\/i-costi-dellimmigrazione\\\/\"},\"author\":{\"name\":\"Redazione\",\"@id\":\"https:\\\/\\\/www.rassegnastampa-totustuus.it\\\/cattolica\\\/#\\\/schema\\\/person\\\/08f319d2bd1a0904ad9e2bfb7b15e5c3\"},\"headline\":\"I costi dell\u2019immigrazione\",\"datePublished\":\"2018-11-21T23:00:03+00:00\",\"mainEntityOfPage\":{\"@id\":\"https:\\\/\\\/www.rassegnastampa-totustuus.it\\\/cattolica\\\/i-costi-dellimmigrazione\\\/\"},\"wordCount\":1040,\"publisher\":{\"@id\":\"https:\\\/\\\/www.rassegnastampa-totustuus.it\\\/cattolica\\\/#organization\"},\"image\":{\"@id\":\"https:\\\/\\\/www.rassegnastampa-totustuus.it\\\/cattolica\\\/i-costi-dellimmigrazione\\\/#primaryimage\"},\"thumbnailUrl\":\"https:\\\/\\\/www.rassegnastampa-totustuus.it\\\/cattolica\\\/wp-content\\\/uploads\\\/2018\\\/11\\\/Obertone_cover.jpg\",\"keywords\":[\"Francia\"],\"articleSection\":[\"Europa e UE\",\"Immigrazione\",\"Paesi e continenti\"],\"inLanguage\":\"it-IT\"},{\"@type\":\"WebPage\",\"@id\":\"https:\\\/\\\/www.rassegnastampa-totustuus.it\\\/cattolica\\\/i-costi-dellimmigrazione\\\/\",\"url\":\"https:\\\/\\\/www.rassegnastampa-totustuus.it\\\/cattolica\\\/i-costi-dellimmigrazione\\\/\",\"name\":\"I costi dell\u2019immigrazione - Rassegna Stampa Cattolica\",\"isPartOf\":{\"@id\":\"https:\\\/\\\/www.rassegnastampa-totustuus.it\\\/cattolica\\\/#website\"},\"primaryImageOfPage\":{\"@id\":\"https:\\\/\\\/www.rassegnastampa-totustuus.it\\\/cattolica\\\/i-costi-dellimmigrazione\\\/#primaryimage\"},\"image\":{\"@id\":\"https:\\\/\\\/www.rassegnastampa-totustuus.it\\\/cattolica\\\/i-costi-dellimmigrazione\\\/#primaryimage\"},\"thumbnailUrl\":\"https:\\\/\\\/www.rassegnastampa-totustuus.it\\\/cattolica\\\/wp-content\\\/uploads\\\/2018\\\/11\\\/Obertone_cover.jpg\",\"datePublished\":\"2018-11-21T23:00:03+00:00\",\"description\":\"Rassegna Stampa Cattolica - Per una cultura che nasce dalla Rivelazione cristiana in conformit\u00e0 alla tradizione e al Magistero della Chiesa in opposizione ad ogni relativismo e totalitarismo\",\"breadcrumb\":{\"@id\":\"https:\\\/\\\/www.rassegnastampa-totustuus.it\\\/cattolica\\\/i-costi-dellimmigrazione\\\/#breadcrumb\"},\"inLanguage\":\"it-IT\",\"potentialAction\":[{\"@type\":\"ReadAction\",\"target\":[\"https:\\\/\\\/www.rassegnastampa-totustuus.it\\\/cattolica\\\/i-costi-dellimmigrazione\\\/\"]}]},{\"@type\":\"ImageObject\",\"inLanguage\":\"it-IT\",\"@id\":\"https:\\\/\\\/www.rassegnastampa-totustuus.it\\\/cattolica\\\/i-costi-dellimmigrazione\\\/#primaryimage\",\"url\":\"https:\\\/\\\/www.rassegnastampa-totustuus.it\\\/cattolica\\\/wp-content\\\/uploads\\\/2018\\\/11\\\/Obertone_cover.jpg\",\"contentUrl\":\"https:\\\/\\\/www.rassegnastampa-totustuus.it\\\/cattolica\\\/wp-content\\\/uploads\\\/2018\\\/11\\\/Obertone_cover.jpg\",\"width\":296,\"height\":170},{\"@type\":\"BreadcrumbList\",\"@id\":\"https:\\\/\\\/www.rassegnastampa-totustuus.it\\\/cattolica\\\/i-costi-dellimmigrazione\\\/#breadcrumb\",\"itemListElement\":[{\"@type\":\"ListItem\",\"position\":1,\"name\":\"Home\",\"item\":\"https:\\\/\\\/www.rassegnastampa-totustuus.it\\\/cattolica\\\/\"},{\"@type\":\"ListItem\",\"position\":2,\"name\":\"I costi dell\u2019immigrazione\"}]},{\"@type\":\"WebSite\",\"@id\":\"https:\\\/\\\/www.rassegnastampa-totustuus.it\\\/cattolica\\\/#website\",\"url\":\"https:\\\/\\\/www.rassegnastampa-totustuus.it\\\/cattolica\\\/\",\"name\":\"Rassegna Stampa Cattolica\",\"description\":\"Per una cultura che nasce dalla Rivelazione cristiana in conformit\u00e0 alla tradizione e al Magistero della Chiesa in opposizione ad ogni relativismo e totalitarismo\",\"publisher\":{\"@id\":\"https:\\\/\\\/www.rassegnastampa-totustuus.it\\\/cattolica\\\/#organization\"},\"alternateName\":\"Rass. Cattolica\",\"potentialAction\":[{\"@type\":\"SearchAction\",\"target\":{\"@type\":\"EntryPoint\",\"urlTemplate\":\"https:\\\/\\\/www.rassegnastampa-totustuus.it\\\/cattolica\\\/?s={search_term_string}\"},\"query-input\":{\"@type\":\"PropertyValueSpecification\",\"valueRequired\":true,\"valueName\":\"search_term_string\"}}],\"inLanguage\":\"it-IT\"},{\"@type\":\"Organization\",\"@id\":\"https:\\\/\\\/www.rassegnastampa-totustuus.it\\\/cattolica\\\/#organization\",\"name\":\"Rassegna Stampa Cattolica\",\"url\":\"https:\\\/\\\/www.rassegnastampa-totustuus.it\\\/cattolica\\\/\",\"logo\":{\"@type\":\"ImageObject\",\"inLanguage\":\"it-IT\",\"@id\":\"https:\\\/\\\/www.rassegnastampa-totustuus.it\\\/cattolica\\\/#\\\/schema\\\/logo\\\/image\\\/\",\"url\":\"https:\\\/\\\/www.rassegnastampa-totustuus.it\\\/cattolica\\\/wp-content\\\/uploads\\\/2014\\\/04\\\/logo-rassegna1.gif\",\"contentUrl\":\"https:\\\/\\\/www.rassegnastampa-totustuus.it\\\/cattolica\\\/wp-content\\\/uploads\\\/2014\\\/04\\\/logo-rassegna1.gif\",\"width\":600,\"height\":163,\"caption\":\"Rassegna Stampa Cattolica\"},\"image\":{\"@id\":\"https:\\\/\\\/www.rassegnastampa-totustuus.it\\\/cattolica\\\/#\\\/schema\\\/logo\\\/image\\\/\"},\"sameAs\":[\"https:\\\/\\\/www.facebook.com\\\/rassegnastampacattolica\",\"https:\\\/\\\/x.com\\\/rassegnastampa9\"]},{\"@type\":\"Person\",\"@id\":\"https:\\\/\\\/www.rassegnastampa-totustuus.it\\\/cattolica\\\/#\\\/schema\\\/person\\\/08f319d2bd1a0904ad9e2bfb7b15e5c3\",\"name\":\"Redazione\",\"image\":{\"@type\":\"ImageObject\",\"inLanguage\":\"it-IT\",\"@id\":\"https:\\\/\\\/secure.gravatar.com\\\/avatar\\\/2fcdf27c78ea025fbdb44e914cc63c72249ffec9dc8aafd5c82b26240ef3f346?s=96&d=mm&r=g\",\"url\":\"https:\\\/\\\/secure.gravatar.com\\\/avatar\\\/2fcdf27c78ea025fbdb44e914cc63c72249ffec9dc8aafd5c82b26240ef3f346?s=96&d=mm&r=g\",\"contentUrl\":\"https:\\\/\\\/secure.gravatar.com\\\/avatar\\\/2fcdf27c78ea025fbdb44e914cc63c72249ffec9dc8aafd5c82b26240ef3f346?s=96&d=mm&r=g\",\"caption\":\"Redazione\"},\"url\":\"https:\\\/\\\/www.rassegnastampa-totustuus.it\\\/cattolica\\\/author\\\/pietroelle\\\/\"}]}<\/script>\n<!-- \/ Yoast SEO plugin. -->","yoast_head_json":{"title":"I costi dell\u2019immigrazione - Rassegna Stampa Cattolica","description":"Rassegna Stampa Cattolica - Per una cultura che nasce dalla Rivelazione cristiana in conformit\u00e0 alla tradizione e al Magistero della Chiesa in opposizione ad ogni relativismo e totalitarismo","robots":{"index":"index","follow":"follow","max-snippet":"max-snippet:-1","max-image-preview":"max-image-preview:large","max-video-preview":"max-video-preview:-1"},"canonical":"https:\/\/www.rassegnastampa-totustuus.it\/cattolica\/i-costi-dellimmigrazione\/","og_locale":"it_IT","og_type":"article","og_title":"I costi dell\u2019immigrazione - Rassegna Stampa Cattolica","og_description":"Rassegna Stampa Cattolica - Per una cultura che nasce dalla Rivelazione cristiana in conformit\u00e0 alla tradizione e al Magistero della Chiesa in opposizione ad ogni relativismo e totalitarismo","og_url":"https:\/\/www.rassegnastampa-totustuus.it\/cattolica\/i-costi-dellimmigrazione\/","og_site_name":"Rassegna Stampa Cattolica","article_publisher":"https:\/\/www.facebook.com\/rassegnastampacattolica","article_published_time":"2018-11-21T23:00:03+00:00","og_image":[{"width":296,"height":170,"url":"https:\/\/www.rassegnastampa-totustuus.it\/cattolica\/wp-content\/uploads\/2018\/11\/Obertone_cover.jpg","type":"image\/jpeg"}],"author":"Redazione","twitter_card":"summary_large_image","twitter_creator":"@rassegnastampa9","twitter_site":"@rassegnastampa9","twitter_misc":{"Scritto da":"Redazione","Tempo di lettura stimato":"5 minuti"},"schema":{"@context":"https:\/\/schema.org","@graph":[{"@type":"Article","@id":"https:\/\/www.rassegnastampa-totustuus.it\/cattolica\/i-costi-dellimmigrazione\/#article","isPartOf":{"@id":"https:\/\/www.rassegnastampa-totustuus.it\/cattolica\/i-costi-dellimmigrazione\/"},"author":{"name":"Redazione","@id":"https:\/\/www.rassegnastampa-totustuus.it\/cattolica\/#\/schema\/person\/08f319d2bd1a0904ad9e2bfb7b15e5c3"},"headline":"I costi dell\u2019immigrazione","datePublished":"2018-11-21T23:00:03+00:00","mainEntityOfPage":{"@id":"https:\/\/www.rassegnastampa-totustuus.it\/cattolica\/i-costi-dellimmigrazione\/"},"wordCount":1040,"publisher":{"@id":"https:\/\/www.rassegnastampa-totustuus.it\/cattolica\/#organization"},"image":{"@id":"https:\/\/www.rassegnastampa-totustuus.it\/cattolica\/i-costi-dellimmigrazione\/#primaryimage"},"thumbnailUrl":"https:\/\/www.rassegnastampa-totustuus.it\/cattolica\/wp-content\/uploads\/2018\/11\/Obertone_cover.jpg","keywords":["Francia"],"articleSection":["Europa e UE","Immigrazione","Paesi e continenti"],"inLanguage":"it-IT"},{"@type":"WebPage","@id":"https:\/\/www.rassegnastampa-totustuus.it\/cattolica\/i-costi-dellimmigrazione\/","url":"https:\/\/www.rassegnastampa-totustuus.it\/cattolica\/i-costi-dellimmigrazione\/","name":"I costi dell\u2019immigrazione - Rassegna Stampa Cattolica","isPartOf":{"@id":"https:\/\/www.rassegnastampa-totustuus.it\/cattolica\/#website"},"primaryImageOfPage":{"@id":"https:\/\/www.rassegnastampa-totustuus.it\/cattolica\/i-costi-dellimmigrazione\/#primaryimage"},"image":{"@id":"https:\/\/www.rassegnastampa-totustuus.it\/cattolica\/i-costi-dellimmigrazione\/#primaryimage"},"thumbnailUrl":"https:\/\/www.rassegnastampa-totustuus.it\/cattolica\/wp-content\/uploads\/2018\/11\/Obertone_cover.jpg","datePublished":"2018-11-21T23:00:03+00:00","description":"Rassegna Stampa Cattolica - Per una cultura che nasce dalla Rivelazione cristiana in conformit\u00e0 alla tradizione e al Magistero della Chiesa in opposizione ad ogni relativismo e totalitarismo","breadcrumb":{"@id":"https:\/\/www.rassegnastampa-totustuus.it\/cattolica\/i-costi-dellimmigrazione\/#breadcrumb"},"inLanguage":"it-IT","potentialAction":[{"@type":"ReadAction","target":["https:\/\/www.rassegnastampa-totustuus.it\/cattolica\/i-costi-dellimmigrazione\/"]}]},{"@type":"ImageObject","inLanguage":"it-IT","@id":"https:\/\/www.rassegnastampa-totustuus.it\/cattolica\/i-costi-dellimmigrazione\/#primaryimage","url":"https:\/\/www.rassegnastampa-totustuus.it\/cattolica\/wp-content\/uploads\/2018\/11\/Obertone_cover.jpg","contentUrl":"https:\/\/www.rassegnastampa-totustuus.it\/cattolica\/wp-content\/uploads\/2018\/11\/Obertone_cover.jpg","width":296,"height":170},{"@type":"BreadcrumbList","@id":"https:\/\/www.rassegnastampa-totustuus.it\/cattolica\/i-costi-dellimmigrazione\/#breadcrumb","itemListElement":[{"@type":"ListItem","position":1,"name":"Home","item":"https:\/\/www.rassegnastampa-totustuus.it\/cattolica\/"},{"@type":"ListItem","position":2,"name":"I costi dell\u2019immigrazione"}]},{"@type":"WebSite","@id":"https:\/\/www.rassegnastampa-totustuus.it\/cattolica\/#website","url":"https:\/\/www.rassegnastampa-totustuus.it\/cattolica\/","name":"Rassegna Stampa Cattolica","description":"Per una cultura che nasce dalla Rivelazione cristiana in conformit\u00e0 alla tradizione e al Magistero della Chiesa in opposizione ad ogni relativismo e totalitarismo","publisher":{"@id":"https:\/\/www.rassegnastampa-totustuus.it\/cattolica\/#organization"},"alternateName":"Rass. Cattolica","potentialAction":[{"@type":"SearchAction","target":{"@type":"EntryPoint","urlTemplate":"https:\/\/www.rassegnastampa-totustuus.it\/cattolica\/?s={search_term_string}"},"query-input":{"@type":"PropertyValueSpecification","valueRequired":true,"valueName":"search_term_string"}}],"inLanguage":"it-IT"},{"@type":"Organization","@id":"https:\/\/www.rassegnastampa-totustuus.it\/cattolica\/#organization","name":"Rassegna Stampa Cattolica","url":"https:\/\/www.rassegnastampa-totustuus.it\/cattolica\/","logo":{"@type":"ImageObject","inLanguage":"it-IT","@id":"https:\/\/www.rassegnastampa-totustuus.it\/cattolica\/#\/schema\/logo\/image\/","url":"https:\/\/www.rassegnastampa-totustuus.it\/cattolica\/wp-content\/uploads\/2014\/04\/logo-rassegna1.gif","contentUrl":"https:\/\/www.rassegnastampa-totustuus.it\/cattolica\/wp-content\/uploads\/2014\/04\/logo-rassegna1.gif","width":600,"height":163,"caption":"Rassegna Stampa Cattolica"},"image":{"@id":"https:\/\/www.rassegnastampa-totustuus.it\/cattolica\/#\/schema\/logo\/image\/"},"sameAs":["https:\/\/www.facebook.com\/rassegnastampacattolica","https:\/\/x.com\/rassegnastampa9"]},{"@type":"Person","@id":"https:\/\/www.rassegnastampa-totustuus.it\/cattolica\/#\/schema\/person\/08f319d2bd1a0904ad9e2bfb7b15e5c3","name":"Redazione","image":{"@type":"ImageObject","inLanguage":"it-IT","@id":"https:\/\/secure.gravatar.com\/avatar\/2fcdf27c78ea025fbdb44e914cc63c72249ffec9dc8aafd5c82b26240ef3f346?s=96&d=mm&r=g","url":"https:\/\/secure.gravatar.com\/avatar\/2fcdf27c78ea025fbdb44e914cc63c72249ffec9dc8aafd5c82b26240ef3f346?s=96&d=mm&r=g","contentUrl":"https:\/\/secure.gravatar.com\/avatar\/2fcdf27c78ea025fbdb44e914cc63c72249ffec9dc8aafd5c82b26240ef3f346?s=96&d=mm&r=g","caption":"Redazione"},"url":"https:\/\/www.rassegnastampa-totustuus.it\/cattolica\/author\/pietroelle\/"}]}},"_links":{"self":[{"href":"https:\/\/www.rassegnastampa-totustuus.it\/cattolica\/wp-json\/wp\/v2\/posts\/41540","targetHints":{"allow":["GET"]}}],"collection":[{"href":"https:\/\/www.rassegnastampa-totustuus.it\/cattolica\/wp-json\/wp\/v2\/posts"}],"about":[{"href":"https:\/\/www.rassegnastampa-totustuus.it\/cattolica\/wp-json\/wp\/v2\/types\/post"}],"author":[{"embeddable":true,"href":"https:\/\/www.rassegnastampa-totustuus.it\/cattolica\/wp-json\/wp\/v2\/users\/6"}],"replies":[{"embeddable":true,"href":"https:\/\/www.rassegnastampa-totustuus.it\/cattolica\/wp-json\/wp\/v2\/comments?post=41540"}],"version-history":[{"count":1,"href":"https:\/\/www.rassegnastampa-totustuus.it\/cattolica\/wp-json\/wp\/v2\/posts\/41540\/revisions"}],"predecessor-version":[{"id":41542,"href":"https:\/\/www.rassegnastampa-totustuus.it\/cattolica\/wp-json\/wp\/v2\/posts\/41540\/revisions\/41542"}],"wp:featuredmedia":[{"embeddable":true,"href":"https:\/\/www.rassegnastampa-totustuus.it\/cattolica\/wp-json\/wp\/v2\/media\/41541"}],"wp:attachment":[{"href":"https:\/\/www.rassegnastampa-totustuus.it\/cattolica\/wp-json\/wp\/v2\/media?parent=41540"}],"wp:term":[{"taxonomy":"category","embeddable":true,"href":"https:\/\/www.rassegnastampa-totustuus.it\/cattolica\/wp-json\/wp\/v2\/categories?post=41540"},{"taxonomy":"post_tag","embeddable":true,"href":"https:\/\/www.rassegnastampa-totustuus.it\/cattolica\/wp-json\/wp\/v2\/tags?post=41540"}],"curies":[{"name":"wp","href":"https:\/\/api.w.org\/{rel}","templated":true}]}}