{"id":41457,"date":"2018-11-01T00:00:47","date_gmt":"2018-10-31T23:00:47","guid":{"rendered":"http:\/\/www.rassegnastampa-totustuus.it\/cattolica\/?p=41457"},"modified":"2018-10-30T15:49:15","modified_gmt":"2018-10-30T14:49:15","slug":"non-ce-piu-la-vita-eterna-ecco-la-neolingua-del-sinodo","status":"publish","type":"post","link":"https:\/\/www.rassegnastampa-totustuus.it\/cattolica\/non-ce-piu-la-vita-eterna-ecco-la-neolingua-del-sinodo\/","title":{"rendered":"Non c&#8217;\u00e8 pi\u00f9 la vita eterna. Ecco la neolingua del Sinodo"},"content":{"rendered":"<p style=\"text-align: center;\"><a href=\"https:\/\/www.rassegnastampa-totustuus.it\/cattolica\/wp-content\/uploads\/2018\/10\/Sinodo-Giovani.jpg\"><img loading=\"lazy\" decoding=\"async\" class=\"alignleft wp-image-41458\" src=\"https:\/\/www.rassegnastampa-totustuus.it\/cattolica\/wp-content\/uploads\/2018\/10\/Sinodo-Giovani.jpg\" alt=\"\" width=\"250\" height=\"172\" \/><\/a>da <a href=\"http:\/\/www.lanuovabq.it\/it\" target=\"_blank\" rel=\"noopener\">La Nuova Bussola quotidiana<\/a><\/p>\n<p style=\"text-align: center;\">29 Ottobre 2018<\/p>\n<p style=\"text-align: justify;\"><em>Inferno e Paradiso assenti. E cos\u00ec anche diavolo, Credo, giudizio e condanna eterna o martirio. Ma anche droga e aborto sono relegati in\u00a0passaggi generici e riduttivi. E cos\u00ec per il Santo Rosario e la Messa, della quale viene tralasciato l&#8217;aspetto sacrificale, mentre si parla di santit\u00e0, ma non viene mai preso a modello nessuno dei tantissimi santi giovani. Quante parole del lessico cristiano cancellate dalla neo lingua del Sinodo. Per\u00f2 abbondano discernimento e accompagnamento. Le ragioni di un impoverimento che non si rivela\u00a0solo linguistico, ma di una proposta cristiana credibile.<\/em><\/p>\n<p style=\"text-align: center;\">di <strong>Andrea Zambrano<\/strong><\/p>\n<p><!--more--><\/p>\n<p style=\"text-align: justify;\">D\u2019accordo, c\u2019\u00e8 quello che dice. Ma quello che non dice il <a href=\"http:\/\/press.vatican.va\/content\/salastampa\/it\/bollettino\/pubblico\/2018\/10\/27\/0789\/01722.html\" target=\"_blank\" rel=\"noopener\">documento finale<\/a> del sinodo sui giovani \u00e8 forse pi\u00f9 importante per capire come \u00e8 cambiato il linguaggio cristiano secondo le gerarchie che sono convenute in gran segreto per discutere su giovani e giovent\u00f9. Nei prossimi mesi ci si organizzer\u00e0 per recepire \u2013 chi pi\u00f9 chi meno \u2013 le istanze uscite dalla lunga assise sinodale appena conclusa che ha prodotto un documento volutamente ad ampio spettro con la pretesa di abbracciare tutte le istanze di quella che dovrebbe essere la proposta cristiana da offrire ai giovani.<\/p>\n<p style=\"text-align: justify;\"><strong>Ma se ci si sofferma un attimo a scandagliare <\/strong>che cosa il Sinodo dice e soprattutto quali parole utilizza per dirlo, ci si rende conto che a cambiare radicalmente \u00e8 proprio la proposta di cristianesimo che la Chiesa offre da duemila anni ai suoi fedeli.\u00a0Stesso discorso se si fa lo sforzo opposto, cio\u00e8 si cerca quello che il Sinodo non dice in un esercizio di lettura come se si trattasse di un negativo fotografico.<\/p>\n<p style=\"text-align: justify;\"><strong><a href=\"https:\/\/www.rassegnastampa-totustuus.it\/cattolica\/wp-content\/uploads\/2015\/09\/giovani.jpg\"><img loading=\"lazy\" decoding=\"async\" class=\"alignright wp-image-26725\" src=\"https:\/\/www.rassegnastampa-totustuus.it\/cattolica\/wp-content\/uploads\/2015\/09\/giovani.jpg\" alt=\"\" width=\"250\" height=\"166\" \/><\/a>Per comprenderlo basta fare un semplice esercizio di ricerca <\/strong>delle parole che hanno fondato la cristianit\u00e0 nei secoli e che oggi, leggendo i 167 paragrafi di cui si compone il documento finale, sono completamente assenti o se presenti, annacquate nel profluvio a tratti verboso di perifrasi e circonlocuzioni dal sapore clericale.<\/p>\n<p style=\"text-align: justify;\"><strong>Prendiamo ad esempio<\/strong> la parola <strong>Messa<\/strong>. Non compare mai nel corso dei 167 paragrafi. Eppure, all\u2019interno di una proposta cristiana dovrebbe essere il centro focale da cui tutto prende origine. Compare per\u00f2 la parola <strong>Eucaristia<\/strong>. Precisamente 6 volte, il pi\u00f9 come sinonimo di Messa, ma raramente e confusamente come presenza reale del Corpo di nostro Signore Ges\u00f9 Cristo. Ad esempio, al 134 si trova la definizione di Eucarestia secondo il Sinodo: \u201c<em>La celebrazione eucaristica \u00e8 generativa della vita della comunit\u00e0 e della sinodalit\u00e0 della Chiesa. Essa \u00e8 luogo di trasmissione della fede e di formazione alla missione, in cui si rende evidente che la comunit\u00e0 vive di grazia e non dell\u2019opera delle proprie mani<\/em>\u201d. Il paragrafo prosegue illustrando alcune caratteristiche dell\u2019Eucaristia, ma l\u2019impressione \u00e8 che sia completamente assente la dimensione sacrificale della Messa, il sacrificio della croce reso presente nel Sacramento. E\u2019 esaltato della Messa soltanto l\u2019aspetto conviviale.<\/p>\n<p style=\"text-align: justify;\"><strong>Infatti, per rendere il \u201csacro convito\u201d<\/strong> pi\u00f9 digeribile ai giovani, ci si spinge a forme di giovanilismo che decenni di esperimenti liturgici hanno gi\u00e0 mostrato ampiamente la loro portata fallimentare. Ad esempio, si invita la Chiesa a \u201c<em>venire incontro alla loro sensibilit\u00e0 musicale e artistica<\/em>\u201d. Ora, considerato che i giovani mediamente ascoltano ormai la musica \u201ctrap\u201d, viene da sorridere se si pensa che le corali ora dovrebbero adattarsi a questo nuovo genere musicale che presto lascer\u00e0 il passo ad un altro, dettato da altre esigenze e mode. Scompare cos\u00ec il canone musicale e artistico che in maniera oggettiva ha fissato per i giovani di tutti i secoli l\u2019esperienza del sacro, per abbracciare forme pi\u00f9 a passo coi tempi, ma lontano da un incontro vero.<\/p>\n<p style=\"text-align: justify;\"><strong><a href=\"https:\/\/www.rassegnastampa-totustuus.it\/cattolica\/wp-content\/uploads\/2009\/02\/inferno.jpg\"><img loading=\"lazy\" decoding=\"async\" class=\"alignleft wp-image-17887\" src=\"https:\/\/www.rassegnastampa-totustuus.it\/cattolica\/wp-content\/uploads\/2009\/02\/inferno.jpg\" alt=\"\" width=\"201\" height=\"200\" srcset=\"https:\/\/www.rassegnastampa-totustuus.it\/cattolica\/wp-content\/uploads\/2009\/02\/inferno.jpg 225w, https:\/\/www.rassegnastampa-totustuus.it\/cattolica\/wp-content\/uploads\/2009\/02\/inferno-150x150.jpg 150w\" sizes=\"auto, (max-width: 201px) 100vw, 201px\" \/><\/a>Stupisce nel nuovo linguaggio della Chiesa<\/strong>\u00a0utilizzato per il Sinodo che la parola <strong>peccato<\/strong> non compaia mai se non per metterlo in relazione alla gioia liberatrice della misericordia. Un po\u2019 poco visto che \u00e8 sul peccato che si gioca gran parte della redenzione operata da Cristo. Stesso discorso per <strong>vita eterna<\/strong>, <strong>Paradiso<\/strong> e <strong>Inferno<\/strong>, categorie considerate troppo demod\u00e8 per poterne parlare con le giovani generazioni. Ma se non si propone una vita piena in vista della vita eterna e di contro un monito per non cadere nella dannazione eterna, che sapore potr\u00e0 mai avere la proposta?<\/p>\n<p style=\"text-align: justify;\">Anche <strong>Giudizio<\/strong> e <strong>Condanna<\/strong> sono assenti. Solo una volta vengono citati, ma riferito alla morale sessuale che \u00e8 percepita appunto come \u201c<em>spazio di giudizio e condanna<\/em>\u201d. E che dire del Catechismo, che dovrebbe essere una delle stelle polari dell\u2019insegnamento cristiano? Il documento ne parla solo una volta correttamente, la seconda\u00a0<em>en passant<\/em>.<\/p>\n<p style=\"text-align: justify;\"><strong>Veniamo alla santit\u00e0.<\/strong> Compare, ma entrando nel dettaglio si scopre che le figure dei <strong>Santi<\/strong> sono totalmente assenti. Il richiamo alla santit\u00e0 \u00e8 dunque generico e sono scomparsi dal parlare cristiano tutti quegli esempi di santi del passato e del presente che hanno forgiato nei secoli schiere di cristiani con l\u2019esempio e la testimonianza. Stesso discorso per il <strong>martirio<\/strong>, citato al volo in un inciso. Eppure, San Giovanni Bosco o il Beato Piergiorgio Frassati o i martiri come Jos\u00e8 Sanchez Delrio e Rolando Rivi non avrebbero stonato in un elenco di figure alle quali guardare <a href=\"http:\/\/www.lanuovabq.it\/it\/il-chicco-di-grano-dio-parla-attraverso-dei-santi-giovani\" target=\"_blank\" rel=\"noopener\">come dimostrano anche recenti pubblicazioni<\/a>.<\/p>\n<p style=\"text-align: justify;\">Certo, si dice che \u201c<em>molti giovani santi hanno fatto risplendere i lineamenti dell\u2019et\u00e0 giovanile in tutta la loro bellezza e sono stati nella loro epoca veri profeti di cambiamento; il loro esempio mostra di che cosa siano capaci i giovani quando si aprono all\u2019incontro con Cristo\u201d<\/em>. Ma chi erano? Quanti erano? Cosa facevano? Come si chiamavano? Niente. Impossibile affascinare un giovane alla santit\u00e0 se neppure si racconta loro i nomi di chi ha gi\u00e0 conquistato la corona di salvezza.<\/p>\n<p style=\"text-align: justify;\"><strong><a href=\"https:\/\/www.rassegnastampa-totustuus.it\/cattolica\/wp-content\/uploads\/2006\/03\/maria-regina.png\"><img loading=\"lazy\" decoding=\"async\" class=\"wp-image-15403 alignright\" src=\"https:\/\/www.rassegnastampa-totustuus.it\/cattolica\/wp-content\/uploads\/2006\/03\/maria-regina.png\" alt=\"\" width=\"153\" height=\"200\" \/><\/a>Alla Vergine Maria \u00e8 dedicato uno striminzito capitoletto<\/strong>. Il nome compare una volta sola mentre non c\u2019\u00e8 il pi\u00f9 colloquiale <strong>Madonna <\/strong>mentre la pratica del<strong> Santo Rosario <\/strong>\u00e8 completamente dimenticata. Curioso il fatto che ad esempio la fede popolare venga riconosciuta come vivente, ma non certo da promuovere. Ad esempio, la fede che tanti scoprono nei Santuari (una sola volta) \u00e8 riconosciuta come viva, ma non incoraggiata.<\/p>\n<p style=\"text-align: justify;\"><strong>Scorrendo in rapida carrellata poi notiamo<\/strong> che <strong>Miracolo<\/strong>\/<strong>miracoli <\/strong>non vengono presi a riferimento. Basta leggere il Vangelo per comprendere quanto invece l\u2019irruzione del soprannaturale nella vita pubblica di Ges\u00f9 fosse importante per far credere. Anche la moltiplicazione dei pani e dei pesci viene spersonalizzata completamente.<\/p>\n<p style=\"text-align: justify;\"><strong>Ma in fondo questo \u00e8 niente se si pensa<\/strong> che <strong>satana <\/strong>e <strong>diavolo <\/strong>sono dei perfetti Carneadi. Mai citati, eppure la lotta contro di loro \u00e8 nella radice stessa del messaggio di Cristo. C\u2019\u00e8 per\u00f2 il male, d\u2019accordo, ma solo per dire che \u201cnon ha l\u2019ultima parola\u201d. Bene, ma dove lo troviamo? Sotto quali forme si presenta? Mistero.<\/p>\n<p style=\"text-align: justify;\"><strong>E che dire<\/strong> della <strong>Bibbia<\/strong>? Appena tre volte in passaggi generici sulla condizione umana, ma mai come Parola del Dio vivente. E cos\u00ec anche <strong>Piet\u00e0<\/strong>: 2 volte, ma solo come piet\u00e0 popolare e mai come la preghiera del \u201cabbi piet\u00e0\u201d, preghiera rivolta a Dio da usare come prontuario veloce e immediato nei momenti di dolore.<\/p>\n<p style=\"text-align: justify;\"><strong><a href=\"https:\/\/www.rassegnastampa-totustuus.it\/cattolica\/wp-content\/uploads\/2017\/03\/fidanzati.jpg\"><img loading=\"lazy\" decoding=\"async\" class=\"alignleft wp-image-37392\" src=\"https:\/\/www.rassegnastampa-totustuus.it\/cattolica\/wp-content\/uploads\/2017\/03\/fidanzati.jpg\" alt=\"\" width=\"250\" height=\"166\" \/><\/a>Stupisce che per un documento rivolto<\/strong> ai giovani in cui la vita famigliare e il matrimonio dovrebbero raggiungere il posto principale, si sia completamente tralasciato l\u2019aspetto del <strong>fidanzamento<\/strong> e dei <strong>fidanzati<\/strong>: ma qui si sarebbero toccati argomenti divisivi come i rapporti prematrimoniali. E cos\u00ec anche il fatto che pur ricorrendo la parola Fede pi\u00f9 volte, anche nel titolo del documento, questa non venga mai associata ad esempio al <strong>Credo<\/strong>. Come non esistesse nemmeno. Che fede \u00e8 dunque quella che si propone?<\/p>\n<p style=\"text-align: justify;\"><strong>Veniamo infine a ci\u00f2 che i giovani<\/strong> vivono o si trovano a dover vivere, soprattutto quando magari non sono giovani di parrocchia ma proprio quelle periferie che si pretende di incontrare. Che cosa succede quando sul loro cammino incontrano ostacoli proibitivi per la loro salvezza fino a diventare delle vere e proprie piaghe? Che fare di fronte all\u2019<strong>alcool<\/strong>, la<strong> droga, la prostituzione<\/strong> delle schiave del sesso o anche di fronte ai disagi di oggi, come ad esempio l\u2019<strong>anoressia<\/strong>? Bella domanda, peccato che di questi mali moderni non ci sia\u00a0alcuna traccia.<\/p>\n<p style=\"text-align: justify;\"><strong>Certo, la droga viene compresa<\/strong>, ma solo per parlare dei cartelli della droga e dei giovani che la spacciano in mancanza di alternative. Stesso discorso per l\u2019<strong>aborto<\/strong> che rientra al paragrafo 42 nella voce emarginazione e disagio sociale. \u201c<em>Ancor pi\u00f9 numerosi nel mondo sono i giovani che patiscono forme di emarginazione ed esclusione sociale, per ragioni religiose, etniche o economiche. Ricordiamo la difficile situazione di adolescenti e giovani che restano incinte e la piaga dell\u2019aborto, cos\u00ec come la diffusione dell\u2019HIV, le diverse forme di dipendenza (droghe, azzardo, pornografia, ecc.) e la situazione dei bambini e ragazzi di strada, che mancano di casa, famiglia e risorse economiche\u201d.<\/em><\/p>\n<p style=\"text-align: justify;\"><strong><a href=\"https:\/\/www.rassegnastampa-totustuus.it\/cattolica\/wp-content\/uploads\/2005\/08\/bambini_droga-1.jpg\"><img loading=\"lazy\" decoding=\"async\" class=\"wp-image-31661 alignright\" src=\"https:\/\/www.rassegnastampa-totustuus.it\/cattolica\/wp-content\/uploads\/2005\/08\/bambini_droga-1.jpg\" alt=\"\" width=\"250\" height=\"161\" \/><\/a>Sicuri che queste piaghe siano causate<\/strong> solo da problemi economici o da esclusione sociale? Il linguaggio \u00e8 quello solito marxisteggiante che tende a far ricadere tutto in un unico calderone di diseguaglianze sociali, quando semmai il vero problema \u00e8 la mancanza di speranza che attanaglia tutti, ricchi e poveri, del sud come del nord del mondo.<\/p>\n<p style=\"text-align: justify;\"><strong>Questa \u00e8 solo una rapida carrellata<\/strong>, ma si potrebbe proseguire ancora a lungo. Di contro troviamo per\u00f2 parole appartenenti alla neo lingua che invece vengono ripetute pi\u00f9 e pi\u00f9 volte nel testo: <strong>discernimento<\/strong> (52 volte), <strong>accompagnare<\/strong> (25) e <strong>accompagnamento<\/strong> (59).<\/p>\n<p style=\"text-align: justify;\"><strong>Il linguaggio rivela l\u2019essenza di un mondo<\/strong>, ne incardina i principi e ne muove le finalit\u00e0. E il linguaggio cristiano ha da sempre veicolato la verit\u00e0 in modo condiviso e penetrante nella societ\u00e0. Ebbene, bisogna prendere atto che questo linguaggio, che pure ha forgiato nella fede una civilt\u00e0 cristiana, \u00e8 completamente scomparso. Sostituito da cosa? Non da altre parole pi\u00f9 al passo coi tempi o pi\u00f9 rispettose della modernit\u00e0, ma con parole accomodanti e melliflue, a tratti ambigue e in definitiva buone per tutte le stagioni. Viene da chiedersi in fondo qual \u00e8 allora la proposta di vita cristiana che viene fatta ai giovani con questo sinodo.<\/p>\n<p style=\"text-align: justify;\"><strong>Questo impoverimento del lessico cristiano<\/strong> sembra il tratto finale di una crisi che attanaglia la Chiesa ormai da tempo, ma forse \u00e8 pi\u00f9 corretta l\u2019espressione utilizzata da Romano Amerio nel suo <em>Iota Unum<\/em>: pi\u00f9 che di crisi, si tratta di una variazione, cio\u00e8 di un cambiamento che sembra radicale e che la neo lingua si sta incaricando di fissare e veicolare.<\/p>\n<p style=\"text-align: justify;\"><strong>Eppure, le parole che abbiamo appena adesso<\/strong> passato in rassegna non sono morte, ma vivono ancora non solo nelle Scritture, Vangeli <em>in primis,<\/em> ma nelle miriadi di esperienze di fede che tanti giovani nel mondo, probabilmente senza sapere del Sinodo, stanno sperimentando arricchendo la loro vita e definendo la loro vocazione.<\/p>\n<p>&nbsp;<\/p>\n","protected":false},"excerpt":{"rendered":"<p>da La Nuova Bussola quotidiana 29 Ottobre 2018 Inferno e Paradiso assenti. E cos\u00ec anche diavolo, Credo, giudizio e condanna eterna o martirio. Ma anche droga e aborto sono relegati in\u00a0passaggi generici e riduttivi. E cos\u00ec per il Santo Rosario e la Messa, della quale viene tralasciato l&#8217;aspetto sacrificale, mentre si parla di santit\u00e0, ma &hellip; <\/p>\n<p><a class=\"more-link btn\" href=\"https:\/\/www.rassegnastampa-totustuus.it\/cattolica\/non-ce-piu-la-vita-eterna-ecco-la-neolingua-del-sinodo\/\">Continua a leggere<\/a><\/p>\n","protected":false},"author":6,"featured_media":41458,"comment_status":"closed","ping_status":"closed","sticky":false,"template":"","format":"standard","meta":{"footnotes":""},"categories":[5],"tags":[573,450],"class_list":["post-41457","post","type-post","status-publish","format-standard","has-post-thumbnail","hentry","category-chiesa","tag-giovani","tag-sinodo","item-wrap"],"yoast_head":"<!-- This site is optimized with the Yoast SEO plugin v27.5 - https:\/\/yoast.com\/product\/yoast-seo-wordpress\/ -->\n<title>Non c&#039;\u00e8 pi\u00f9 la vita eterna. Ecco la neolingua del Sinodo - Rassegna Stampa Cattolica<\/title>\n<meta name=\"description\" content=\"Rassegna Stampa Cattolica - Per una cultura che nasce dalla Rivelazione cristiana in conformit\u00e0 alla tradizione e al Magistero della Chiesa in opposizione ad ogni relativismo e totalitarismo\" \/>\n<meta name=\"robots\" content=\"index, follow, max-snippet:-1, max-image-preview:large, max-video-preview:-1\" \/>\n<link rel=\"canonical\" href=\"https:\/\/www.rassegnastampa-totustuus.it\/cattolica\/non-ce-piu-la-vita-eterna-ecco-la-neolingua-del-sinodo\/\" \/>\n<meta property=\"og:locale\" content=\"it_IT\" \/>\n<meta property=\"og:type\" content=\"article\" \/>\n<meta property=\"og:title\" content=\"Non c&#039;\u00e8 pi\u00f9 la vita eterna. Ecco la neolingua del Sinodo - Rassegna Stampa Cattolica\" \/>\n<meta property=\"og:description\" content=\"Rassegna Stampa Cattolica - Per una cultura che nasce dalla Rivelazione cristiana in conformit\u00e0 alla tradizione e al Magistero della Chiesa in opposizione ad ogni relativismo e totalitarismo\" \/>\n<meta property=\"og:url\" content=\"https:\/\/www.rassegnastampa-totustuus.it\/cattolica\/non-ce-piu-la-vita-eterna-ecco-la-neolingua-del-sinodo\/\" \/>\n<meta property=\"og:site_name\" content=\"Rassegna Stampa Cattolica\" \/>\n<meta property=\"article:publisher\" content=\"https:\/\/www.facebook.com\/rassegnastampacattolica\" \/>\n<meta property=\"article:published_time\" content=\"2018-10-31T23:00:47+00:00\" \/>\n<meta property=\"og:image\" content=\"https:\/\/www.rassegnastampa-totustuus.it\/cattolica\/wp-content\/uploads\/2018\/10\/Sinodo-Giovani.jpg\" \/>\n\t<meta property=\"og:image:width\" content=\"271\" \/>\n\t<meta property=\"og:image:height\" content=\"186\" \/>\n\t<meta property=\"og:image:type\" content=\"image\/jpeg\" \/>\n<meta name=\"author\" content=\"Redazione\" \/>\n<meta name=\"twitter:card\" content=\"summary_large_image\" \/>\n<meta name=\"twitter:creator\" content=\"@rassegnastampa9\" \/>\n<meta name=\"twitter:site\" content=\"@rassegnastampa9\" \/>\n<meta name=\"twitter:label1\" content=\"Scritto da\" \/>\n\t<meta name=\"twitter:data1\" content=\"Redazione\" \/>\n\t<meta name=\"twitter:label2\" content=\"Tempo di lettura stimato\" \/>\n\t<meta name=\"twitter:data2\" content=\"9 minuti\" \/>\n<script type=\"application\/ld+json\" class=\"yoast-schema-graph\">{\"@context\":\"https:\\\/\\\/schema.org\",\"@graph\":[{\"@type\":\"Article\",\"@id\":\"https:\\\/\\\/www.rassegnastampa-totustuus.it\\\/cattolica\\\/non-ce-piu-la-vita-eterna-ecco-la-neolingua-del-sinodo\\\/#article\",\"isPartOf\":{\"@id\":\"https:\\\/\\\/www.rassegnastampa-totustuus.it\\\/cattolica\\\/non-ce-piu-la-vita-eterna-ecco-la-neolingua-del-sinodo\\\/\"},\"author\":{\"name\":\"Redazione\",\"@id\":\"https:\\\/\\\/www.rassegnastampa-totustuus.it\\\/cattolica\\\/#\\\/schema\\\/person\\\/08f319d2bd1a0904ad9e2bfb7b15e5c3\"},\"headline\":\"Non c&#8217;\u00e8 pi\u00f9 la vita eterna. Ecco la neolingua del Sinodo\",\"datePublished\":\"2018-10-31T23:00:47+00:00\",\"mainEntityOfPage\":{\"@id\":\"https:\\\/\\\/www.rassegnastampa-totustuus.it\\\/cattolica\\\/non-ce-piu-la-vita-eterna-ecco-la-neolingua-del-sinodo\\\/\"},\"wordCount\":1744,\"publisher\":{\"@id\":\"https:\\\/\\\/www.rassegnastampa-totustuus.it\\\/cattolica\\\/#organization\"},\"image\":{\"@id\":\"https:\\\/\\\/www.rassegnastampa-totustuus.it\\\/cattolica\\\/non-ce-piu-la-vita-eterna-ecco-la-neolingua-del-sinodo\\\/#primaryimage\"},\"thumbnailUrl\":\"https:\\\/\\\/www.rassegnastampa-totustuus.it\\\/cattolica\\\/wp-content\\\/uploads\\\/2018\\\/10\\\/Sinodo-Giovani.jpg\",\"keywords\":[\"giovani\",\"sinodo\"],\"articleSection\":[\"Chiesa\"],\"inLanguage\":\"it-IT\"},{\"@type\":\"WebPage\",\"@id\":\"https:\\\/\\\/www.rassegnastampa-totustuus.it\\\/cattolica\\\/non-ce-piu-la-vita-eterna-ecco-la-neolingua-del-sinodo\\\/\",\"url\":\"https:\\\/\\\/www.rassegnastampa-totustuus.it\\\/cattolica\\\/non-ce-piu-la-vita-eterna-ecco-la-neolingua-del-sinodo\\\/\",\"name\":\"Non c'\u00e8 pi\u00f9 la vita eterna. Ecco la neolingua del Sinodo - Rassegna Stampa Cattolica\",\"isPartOf\":{\"@id\":\"https:\\\/\\\/www.rassegnastampa-totustuus.it\\\/cattolica\\\/#website\"},\"primaryImageOfPage\":{\"@id\":\"https:\\\/\\\/www.rassegnastampa-totustuus.it\\\/cattolica\\\/non-ce-piu-la-vita-eterna-ecco-la-neolingua-del-sinodo\\\/#primaryimage\"},\"image\":{\"@id\":\"https:\\\/\\\/www.rassegnastampa-totustuus.it\\\/cattolica\\\/non-ce-piu-la-vita-eterna-ecco-la-neolingua-del-sinodo\\\/#primaryimage\"},\"thumbnailUrl\":\"https:\\\/\\\/www.rassegnastampa-totustuus.it\\\/cattolica\\\/wp-content\\\/uploads\\\/2018\\\/10\\\/Sinodo-Giovani.jpg\",\"datePublished\":\"2018-10-31T23:00:47+00:00\",\"description\":\"Rassegna Stampa Cattolica - Per una cultura che nasce dalla Rivelazione cristiana in conformit\u00e0 alla tradizione e al Magistero della Chiesa in opposizione ad ogni relativismo e totalitarismo\",\"breadcrumb\":{\"@id\":\"https:\\\/\\\/www.rassegnastampa-totustuus.it\\\/cattolica\\\/non-ce-piu-la-vita-eterna-ecco-la-neolingua-del-sinodo\\\/#breadcrumb\"},\"inLanguage\":\"it-IT\",\"potentialAction\":[{\"@type\":\"ReadAction\",\"target\":[\"https:\\\/\\\/www.rassegnastampa-totustuus.it\\\/cattolica\\\/non-ce-piu-la-vita-eterna-ecco-la-neolingua-del-sinodo\\\/\"]}]},{\"@type\":\"ImageObject\",\"inLanguage\":\"it-IT\",\"@id\":\"https:\\\/\\\/www.rassegnastampa-totustuus.it\\\/cattolica\\\/non-ce-piu-la-vita-eterna-ecco-la-neolingua-del-sinodo\\\/#primaryimage\",\"url\":\"https:\\\/\\\/www.rassegnastampa-totustuus.it\\\/cattolica\\\/wp-content\\\/uploads\\\/2018\\\/10\\\/Sinodo-Giovani.jpg\",\"contentUrl\":\"https:\\\/\\\/www.rassegnastampa-totustuus.it\\\/cattolica\\\/wp-content\\\/uploads\\\/2018\\\/10\\\/Sinodo-Giovani.jpg\",\"width\":271,\"height\":186},{\"@type\":\"BreadcrumbList\",\"@id\":\"https:\\\/\\\/www.rassegnastampa-totustuus.it\\\/cattolica\\\/non-ce-piu-la-vita-eterna-ecco-la-neolingua-del-sinodo\\\/#breadcrumb\",\"itemListElement\":[{\"@type\":\"ListItem\",\"position\":1,\"name\":\"Home\",\"item\":\"https:\\\/\\\/www.rassegnastampa-totustuus.it\\\/cattolica\\\/\"},{\"@type\":\"ListItem\",\"position\":2,\"name\":\"Non c&#8217;\u00e8 pi\u00f9 la vita eterna. Ecco la neolingua del Sinodo\"}]},{\"@type\":\"WebSite\",\"@id\":\"https:\\\/\\\/www.rassegnastampa-totustuus.it\\\/cattolica\\\/#website\",\"url\":\"https:\\\/\\\/www.rassegnastampa-totustuus.it\\\/cattolica\\\/\",\"name\":\"Rassegna Stampa Cattolica\",\"description\":\"Per una cultura che nasce dalla Rivelazione cristiana in conformit\u00e0 alla tradizione e al Magistero della Chiesa in opposizione ad ogni relativismo e totalitarismo\",\"publisher\":{\"@id\":\"https:\\\/\\\/www.rassegnastampa-totustuus.it\\\/cattolica\\\/#organization\"},\"alternateName\":\"Rass. Cattolica\",\"potentialAction\":[{\"@type\":\"SearchAction\",\"target\":{\"@type\":\"EntryPoint\",\"urlTemplate\":\"https:\\\/\\\/www.rassegnastampa-totustuus.it\\\/cattolica\\\/?s={search_term_string}\"},\"query-input\":{\"@type\":\"PropertyValueSpecification\",\"valueRequired\":true,\"valueName\":\"search_term_string\"}}],\"inLanguage\":\"it-IT\"},{\"@type\":\"Organization\",\"@id\":\"https:\\\/\\\/www.rassegnastampa-totustuus.it\\\/cattolica\\\/#organization\",\"name\":\"Rassegna Stampa Cattolica\",\"url\":\"https:\\\/\\\/www.rassegnastampa-totustuus.it\\\/cattolica\\\/\",\"logo\":{\"@type\":\"ImageObject\",\"inLanguage\":\"it-IT\",\"@id\":\"https:\\\/\\\/www.rassegnastampa-totustuus.it\\\/cattolica\\\/#\\\/schema\\\/logo\\\/image\\\/\",\"url\":\"https:\\\/\\\/www.rassegnastampa-totustuus.it\\\/cattolica\\\/wp-content\\\/uploads\\\/2014\\\/04\\\/logo-rassegna1.gif\",\"contentUrl\":\"https:\\\/\\\/www.rassegnastampa-totustuus.it\\\/cattolica\\\/wp-content\\\/uploads\\\/2014\\\/04\\\/logo-rassegna1.gif\",\"width\":600,\"height\":163,\"caption\":\"Rassegna Stampa Cattolica\"},\"image\":{\"@id\":\"https:\\\/\\\/www.rassegnastampa-totustuus.it\\\/cattolica\\\/#\\\/schema\\\/logo\\\/image\\\/\"},\"sameAs\":[\"https:\\\/\\\/www.facebook.com\\\/rassegnastampacattolica\",\"https:\\\/\\\/x.com\\\/rassegnastampa9\"]},{\"@type\":\"Person\",\"@id\":\"https:\\\/\\\/www.rassegnastampa-totustuus.it\\\/cattolica\\\/#\\\/schema\\\/person\\\/08f319d2bd1a0904ad9e2bfb7b15e5c3\",\"name\":\"Redazione\",\"image\":{\"@type\":\"ImageObject\",\"inLanguage\":\"it-IT\",\"@id\":\"https:\\\/\\\/secure.gravatar.com\\\/avatar\\\/2fcdf27c78ea025fbdb44e914cc63c72249ffec9dc8aafd5c82b26240ef3f346?s=96&d=mm&r=g\",\"url\":\"https:\\\/\\\/secure.gravatar.com\\\/avatar\\\/2fcdf27c78ea025fbdb44e914cc63c72249ffec9dc8aafd5c82b26240ef3f346?s=96&d=mm&r=g\",\"contentUrl\":\"https:\\\/\\\/secure.gravatar.com\\\/avatar\\\/2fcdf27c78ea025fbdb44e914cc63c72249ffec9dc8aafd5c82b26240ef3f346?s=96&d=mm&r=g\",\"caption\":\"Redazione\"},\"url\":\"https:\\\/\\\/www.rassegnastampa-totustuus.it\\\/cattolica\\\/author\\\/pietroelle\\\/\"}]}<\/script>\n<!-- \/ Yoast SEO plugin. -->","yoast_head_json":{"title":"Non c'\u00e8 pi\u00f9 la vita eterna. Ecco la neolingua del Sinodo - Rassegna Stampa Cattolica","description":"Rassegna Stampa Cattolica - Per una cultura che nasce dalla Rivelazione cristiana in conformit\u00e0 alla tradizione e al Magistero della Chiesa in opposizione ad ogni relativismo e totalitarismo","robots":{"index":"index","follow":"follow","max-snippet":"max-snippet:-1","max-image-preview":"max-image-preview:large","max-video-preview":"max-video-preview:-1"},"canonical":"https:\/\/www.rassegnastampa-totustuus.it\/cattolica\/non-ce-piu-la-vita-eterna-ecco-la-neolingua-del-sinodo\/","og_locale":"it_IT","og_type":"article","og_title":"Non c'\u00e8 pi\u00f9 la vita eterna. Ecco la neolingua del Sinodo - Rassegna Stampa Cattolica","og_description":"Rassegna Stampa Cattolica - Per una cultura che nasce dalla Rivelazione cristiana in conformit\u00e0 alla tradizione e al Magistero della Chiesa in opposizione ad ogni relativismo e totalitarismo","og_url":"https:\/\/www.rassegnastampa-totustuus.it\/cattolica\/non-ce-piu-la-vita-eterna-ecco-la-neolingua-del-sinodo\/","og_site_name":"Rassegna Stampa Cattolica","article_publisher":"https:\/\/www.facebook.com\/rassegnastampacattolica","article_published_time":"2018-10-31T23:00:47+00:00","og_image":[{"width":271,"height":186,"url":"https:\/\/www.rassegnastampa-totustuus.it\/cattolica\/wp-content\/uploads\/2018\/10\/Sinodo-Giovani.jpg","type":"image\/jpeg"}],"author":"Redazione","twitter_card":"summary_large_image","twitter_creator":"@rassegnastampa9","twitter_site":"@rassegnastampa9","twitter_misc":{"Scritto da":"Redazione","Tempo di lettura stimato":"9 minuti"},"schema":{"@context":"https:\/\/schema.org","@graph":[{"@type":"Article","@id":"https:\/\/www.rassegnastampa-totustuus.it\/cattolica\/non-ce-piu-la-vita-eterna-ecco-la-neolingua-del-sinodo\/#article","isPartOf":{"@id":"https:\/\/www.rassegnastampa-totustuus.it\/cattolica\/non-ce-piu-la-vita-eterna-ecco-la-neolingua-del-sinodo\/"},"author":{"name":"Redazione","@id":"https:\/\/www.rassegnastampa-totustuus.it\/cattolica\/#\/schema\/person\/08f319d2bd1a0904ad9e2bfb7b15e5c3"},"headline":"Non c&#8217;\u00e8 pi\u00f9 la vita eterna. Ecco la neolingua del Sinodo","datePublished":"2018-10-31T23:00:47+00:00","mainEntityOfPage":{"@id":"https:\/\/www.rassegnastampa-totustuus.it\/cattolica\/non-ce-piu-la-vita-eterna-ecco-la-neolingua-del-sinodo\/"},"wordCount":1744,"publisher":{"@id":"https:\/\/www.rassegnastampa-totustuus.it\/cattolica\/#organization"},"image":{"@id":"https:\/\/www.rassegnastampa-totustuus.it\/cattolica\/non-ce-piu-la-vita-eterna-ecco-la-neolingua-del-sinodo\/#primaryimage"},"thumbnailUrl":"https:\/\/www.rassegnastampa-totustuus.it\/cattolica\/wp-content\/uploads\/2018\/10\/Sinodo-Giovani.jpg","keywords":["giovani","sinodo"],"articleSection":["Chiesa"],"inLanguage":"it-IT"},{"@type":"WebPage","@id":"https:\/\/www.rassegnastampa-totustuus.it\/cattolica\/non-ce-piu-la-vita-eterna-ecco-la-neolingua-del-sinodo\/","url":"https:\/\/www.rassegnastampa-totustuus.it\/cattolica\/non-ce-piu-la-vita-eterna-ecco-la-neolingua-del-sinodo\/","name":"Non c'\u00e8 pi\u00f9 la vita eterna. Ecco la neolingua del Sinodo - Rassegna Stampa Cattolica","isPartOf":{"@id":"https:\/\/www.rassegnastampa-totustuus.it\/cattolica\/#website"},"primaryImageOfPage":{"@id":"https:\/\/www.rassegnastampa-totustuus.it\/cattolica\/non-ce-piu-la-vita-eterna-ecco-la-neolingua-del-sinodo\/#primaryimage"},"image":{"@id":"https:\/\/www.rassegnastampa-totustuus.it\/cattolica\/non-ce-piu-la-vita-eterna-ecco-la-neolingua-del-sinodo\/#primaryimage"},"thumbnailUrl":"https:\/\/www.rassegnastampa-totustuus.it\/cattolica\/wp-content\/uploads\/2018\/10\/Sinodo-Giovani.jpg","datePublished":"2018-10-31T23:00:47+00:00","description":"Rassegna Stampa Cattolica - Per una cultura che nasce dalla Rivelazione cristiana in conformit\u00e0 alla tradizione e al Magistero della Chiesa in opposizione ad ogni relativismo e totalitarismo","breadcrumb":{"@id":"https:\/\/www.rassegnastampa-totustuus.it\/cattolica\/non-ce-piu-la-vita-eterna-ecco-la-neolingua-del-sinodo\/#breadcrumb"},"inLanguage":"it-IT","potentialAction":[{"@type":"ReadAction","target":["https:\/\/www.rassegnastampa-totustuus.it\/cattolica\/non-ce-piu-la-vita-eterna-ecco-la-neolingua-del-sinodo\/"]}]},{"@type":"ImageObject","inLanguage":"it-IT","@id":"https:\/\/www.rassegnastampa-totustuus.it\/cattolica\/non-ce-piu-la-vita-eterna-ecco-la-neolingua-del-sinodo\/#primaryimage","url":"https:\/\/www.rassegnastampa-totustuus.it\/cattolica\/wp-content\/uploads\/2018\/10\/Sinodo-Giovani.jpg","contentUrl":"https:\/\/www.rassegnastampa-totustuus.it\/cattolica\/wp-content\/uploads\/2018\/10\/Sinodo-Giovani.jpg","width":271,"height":186},{"@type":"BreadcrumbList","@id":"https:\/\/www.rassegnastampa-totustuus.it\/cattolica\/non-ce-piu-la-vita-eterna-ecco-la-neolingua-del-sinodo\/#breadcrumb","itemListElement":[{"@type":"ListItem","position":1,"name":"Home","item":"https:\/\/www.rassegnastampa-totustuus.it\/cattolica\/"},{"@type":"ListItem","position":2,"name":"Non c&#8217;\u00e8 pi\u00f9 la vita eterna. Ecco la neolingua del Sinodo"}]},{"@type":"WebSite","@id":"https:\/\/www.rassegnastampa-totustuus.it\/cattolica\/#website","url":"https:\/\/www.rassegnastampa-totustuus.it\/cattolica\/","name":"Rassegna Stampa Cattolica","description":"Per una cultura che nasce dalla Rivelazione cristiana in conformit\u00e0 alla tradizione e al Magistero della Chiesa in opposizione ad ogni relativismo e totalitarismo","publisher":{"@id":"https:\/\/www.rassegnastampa-totustuus.it\/cattolica\/#organization"},"alternateName":"Rass. Cattolica","potentialAction":[{"@type":"SearchAction","target":{"@type":"EntryPoint","urlTemplate":"https:\/\/www.rassegnastampa-totustuus.it\/cattolica\/?s={search_term_string}"},"query-input":{"@type":"PropertyValueSpecification","valueRequired":true,"valueName":"search_term_string"}}],"inLanguage":"it-IT"},{"@type":"Organization","@id":"https:\/\/www.rassegnastampa-totustuus.it\/cattolica\/#organization","name":"Rassegna Stampa Cattolica","url":"https:\/\/www.rassegnastampa-totustuus.it\/cattolica\/","logo":{"@type":"ImageObject","inLanguage":"it-IT","@id":"https:\/\/www.rassegnastampa-totustuus.it\/cattolica\/#\/schema\/logo\/image\/","url":"https:\/\/www.rassegnastampa-totustuus.it\/cattolica\/wp-content\/uploads\/2014\/04\/logo-rassegna1.gif","contentUrl":"https:\/\/www.rassegnastampa-totustuus.it\/cattolica\/wp-content\/uploads\/2014\/04\/logo-rassegna1.gif","width":600,"height":163,"caption":"Rassegna Stampa Cattolica"},"image":{"@id":"https:\/\/www.rassegnastampa-totustuus.it\/cattolica\/#\/schema\/logo\/image\/"},"sameAs":["https:\/\/www.facebook.com\/rassegnastampacattolica","https:\/\/x.com\/rassegnastampa9"]},{"@type":"Person","@id":"https:\/\/www.rassegnastampa-totustuus.it\/cattolica\/#\/schema\/person\/08f319d2bd1a0904ad9e2bfb7b15e5c3","name":"Redazione","image":{"@type":"ImageObject","inLanguage":"it-IT","@id":"https:\/\/secure.gravatar.com\/avatar\/2fcdf27c78ea025fbdb44e914cc63c72249ffec9dc8aafd5c82b26240ef3f346?s=96&d=mm&r=g","url":"https:\/\/secure.gravatar.com\/avatar\/2fcdf27c78ea025fbdb44e914cc63c72249ffec9dc8aafd5c82b26240ef3f346?s=96&d=mm&r=g","contentUrl":"https:\/\/secure.gravatar.com\/avatar\/2fcdf27c78ea025fbdb44e914cc63c72249ffec9dc8aafd5c82b26240ef3f346?s=96&d=mm&r=g","caption":"Redazione"},"url":"https:\/\/www.rassegnastampa-totustuus.it\/cattolica\/author\/pietroelle\/"}]}},"_links":{"self":[{"href":"https:\/\/www.rassegnastampa-totustuus.it\/cattolica\/wp-json\/wp\/v2\/posts\/41457","targetHints":{"allow":["GET"]}}],"collection":[{"href":"https:\/\/www.rassegnastampa-totustuus.it\/cattolica\/wp-json\/wp\/v2\/posts"}],"about":[{"href":"https:\/\/www.rassegnastampa-totustuus.it\/cattolica\/wp-json\/wp\/v2\/types\/post"}],"author":[{"embeddable":true,"href":"https:\/\/www.rassegnastampa-totustuus.it\/cattolica\/wp-json\/wp\/v2\/users\/6"}],"replies":[{"embeddable":true,"href":"https:\/\/www.rassegnastampa-totustuus.it\/cattolica\/wp-json\/wp\/v2\/comments?post=41457"}],"version-history":[{"count":1,"href":"https:\/\/www.rassegnastampa-totustuus.it\/cattolica\/wp-json\/wp\/v2\/posts\/41457\/revisions"}],"predecessor-version":[{"id":41459,"href":"https:\/\/www.rassegnastampa-totustuus.it\/cattolica\/wp-json\/wp\/v2\/posts\/41457\/revisions\/41459"}],"wp:featuredmedia":[{"embeddable":true,"href":"https:\/\/www.rassegnastampa-totustuus.it\/cattolica\/wp-json\/wp\/v2\/media\/41458"}],"wp:attachment":[{"href":"https:\/\/www.rassegnastampa-totustuus.it\/cattolica\/wp-json\/wp\/v2\/media?parent=41457"}],"wp:term":[{"taxonomy":"category","embeddable":true,"href":"https:\/\/www.rassegnastampa-totustuus.it\/cattolica\/wp-json\/wp\/v2\/categories?post=41457"},{"taxonomy":"post_tag","embeddable":true,"href":"https:\/\/www.rassegnastampa-totustuus.it\/cattolica\/wp-json\/wp\/v2\/tags?post=41457"}],"curies":[{"name":"wp","href":"https:\/\/api.w.org\/{rel}","templated":true}]}}