{"id":4141,"date":"2010-10-14T00:00:00","date_gmt":"2010-10-13T22:00:00","guid":{"rendered":""},"modified":"2016-06-21T16:46:42","modified_gmt":"2016-06-21T14:46:42","slug":"a-confronto-con-benedetto-xvi","status":"publish","type":"post","link":"https:\/\/www.rassegnastampa-totustuus.it\/cattolica\/a-confronto-con-benedetto-xvi\/","title":{"rendered":"A confronto con Benedetto XVI"},"content":{"rendered":"<div style=\"text-align: center;\"><img loading=\"lazy\" decoding=\"async\" class=\"alignright wp-image-35230 size-full\" src=\"https:\/\/www.rassegnastampa-totustuus.it\/cattolica\/wp-content\/uploads\/2010\/10\/caritas_veritate.jpg\" alt=\"caritas_veritate\" width=\"200\" height=\"200\" srcset=\"https:\/\/www.rassegnastampa-totustuus.it\/cattolica\/wp-content\/uploads\/2010\/10\/caritas_veritate.jpg 200w, https:\/\/www.rassegnastampa-totustuus.it\/cattolica\/wp-content\/uploads\/2010\/10\/caritas_veritate-150x150.jpg 150w\" sizes=\"auto, (max-width: 200px) 100vw, 200px\" \/>per <strong>Rassegna Stampa<\/strong><\/div>\n<p style=\"text-align: center;\"><strong>Aldo Ciappi<\/strong><\/p>\n<p style=\"text-align: justify;\">Organizzato dall\u2019 Ufficio per la Pastorale del Lavoro dell\u2019Arcidiocesi di Pisa, sabato 2 ottobre, presso l\u2019aula magna del Polo Didattico \u201cCarmignani\u201d dell\u2019Universit\u00e0 degli Studi di Pisa, si \u00e8 tenuto un incontro sull\u2019enciclica sociale \u201cCaritas in Veritate\u201d di Benedetto XVI che ha visto la partecipazione come relatori di Mons. Rino Fisichella, Presidente del neo costituito Pontificio Consiglio per la promozione della nuova evangelizzazione, e di due autorevoli deputati cattolici, Enrico Letta e Maurizio Lupi, impegnati in opposti schieramenti politici (PD il primo e PDL il secondo), i quali hanno parlato ad un centinaio di presenti, tra cui l\u2019Arcivescovo Mons. Benotto e altre varie autorit\u00e0 civili.<\/p>\n<p style=\"text-align: justify;\">Mons. Fisichella ha sottolineato la drammaticit\u00e0 della crisi che riguarda l\u2019intera societ\u00e0 umana a cui il Papa, con questa enciclica, ha voluto indirizzare un alto messaggio con al centro l\u2019affermazione della \u201cverit\u00e0\u201d come presupposto imprescindibile di ogni autentica azione \u201ccaritatevole\u201d (\u201c<em>solo nella verit\u00e0 la carit\u00e0 risplende<\/em>\u201d; par. 3): verit\u00e0 sull\u2019uomo e sulla sua dignit\u00e0; verit\u00e0 sul lavoro, sul mercato, sullo \u201csviluppo\u201d, che deve essere \u201cintegrale\u201d, richiamando concetti gi\u00e0 presenti in precedenti encicliche (tra cui la <em>Populorum Progressio<\/em> di Paolo VI) aggiornati per\u00f2 alla luce di recenti fenomeni come la globalizzazione delle relazioni economico-sociali e delle comunicazioni, la caduta delle ideologie con il loro tragico bilancio storico, l\u2019enorme sviluppo delle tecnologie e delle conoscenze scientifiche.<\/p>\n<p style=\"text-align: justify;\">In questo contesto, ha proseguito Mons. Fisichella, il Papa ha voluto richiamare l\u2019attenzione sulla centralit\u00e0 delle istanze etiche che devono sempre guidare l\u2019 azione umana in ogni campo: nella ricerca scientifica come nelle sue applicazioni; nelle relazioni economico-sociali come nel mercato e nella finanza. Il primato, dunque, alla tutela della vita e della dignit\u00e0 umana come metro di giudizio di un autentico sviluppo.<\/p>\n<p style=\"text-align: justify;\">Un altro fondamentale messaggio del Papa nell\u2019enciclica \u2013 sempre secondo Fisichella &#8211; \u00e8 rappresentato da quel binomio inscindibile \u201clibert\u00e0-responsabilit\u00e0\u201d che caratterizza l\u2019agire umano: la prima, come presupposto ineliminabile della seconda; la seconda come naturale proiezione dell\u2019estrinsecarsi della prima.<\/p>\n<p style=\"text-align: justify;\">Concetto che, invece, l\u2019uomo moderno sembra aver smarrito, preso com\u2019\u00e8 dalla ricerca di una malintesa libert\u00e0, come sinonimo di \u201cautonomia\u201d, nel suo significato proprio di \u201clegge a se stessa\u201d, che pertanto non dovrebbe rendere conto a nessuno, non solo a Dio, ma neppure al prossimo e alla comunit\u00e0.<\/p>\n<p style=\"text-align: justify;\">Questa crisi, prima di tutto culturale e antropologica, si riflette in ogni campo e quindi anche in quello politico-legislativo, dal cui orizzonte \u00e8 sparita la nozione di \u201cbene comune\u201d per far posto all\u2019 affermazione di figure giuridiche nuove sulla spinta di tendenze e costumi diffusi senza che ci si ponga il problema delle loro negative ricadute sulla societ\u00e0, se \u00e8 vero, come \u00e8 vero, che le leggi producono mentalit\u00e0 (si pensi, per esempio all\u2019introduzione dell\u2019obbligo del casco).<\/p>\n<p style=\"text-align: justify;\">Ci\u00f2 \u2013 ha proseguito Fisichella &#8211; ricorda molto il Re Mida che voleva che tutto si piegasse alla sua volont\u00e0, trasformandosi in oro ci\u00f2 che toccava, ma che alla fine, proprio per questo, perse tutto ci\u00f2 di cui aveva bisogno per vivere.<\/p>\n<p style=\"text-align: justify;\">Ogni diritto individuale, dunque, per essere autentico non dovrebbe mai perdere di vista la rete delle relazioni sociali in cui esso va ad inserirsi e che reclama altrettanti doveri; all\u2019esercizio di ogni diritto si accompagna di regola una qualche \u201cresponsabilit\u00e0\u201d.<\/p>\n<p style=\"text-align: justify;\">Senza di ci\u00f2 e senza una scala di valori coerente non vi pu\u00f2 essere alcuna progettualit\u00e0 nella politica.<\/p>\n<p style=\"text-align: justify;\">Quindi &#8211; secondo il presule &#8211; \u00e8 necessario promuovere una politica che si proponga di produrre \u201ccultura\u201d: far diventare \u201ccultura\u201d l\u2019 azione legislativa. Nei prossimi 20 anni, che si voglia o no, ha detto Fisichella, l\u2019azione legislativa dovr\u00e0 occuparsi delle grandi questioni della bioetica che, come Presidente della Pontifica Accademia della Vita, lo stesso ha avuto modo di conoscere da vicino.<\/p>\n<p style=\"text-align: justify;\">La scoperta della genetica e le nuove applicazioni delle tecniche bio-mediche hanno consentito grandi progressi ma allo stesso tempo hanno posto nuove ed angoscianti questioni: come si affronter\u00e0 il problema della compravendita degli organi? Come si potr\u00e0 evitare la programmazione di esseri umani di cui gi\u00e0 oggi, in vitro, potrebbe determinarsi il sesso? Quali leggi dovr\u00e0 darsi uno Stato per evitare derive facilmente immaginabili? Si dovr\u00e0 prendere a misura soltanto la volont\u00e0 legislativa espressa dall\u2019autorit\u00e0 dello Stato sovrano, quale che essa sia? Questa \u00e8 la provocazione.<\/p>\n<p style=\"text-align: justify;\">La politica deve tornare ad avere il primato sull\u2019economia, sulla finanza, sulla tecnologia; deve recuperare la sua capacit\u00e0 di orientamento sulla societ\u00e0 anche alla luce dell\u2019apporto che la Chiesa offre attraverso la formulazione di un nuovo \u201cumanesimo\u201d nel quale il bene dell\u2019 uomo deve tornare al centro di ogni realt\u00e0 che lo circonda, non circoscritto, per\u00f2, alla sua dimensione biologica, bens\u00ec aperto al trascendente, ossia a quella dimensione che d\u00e0 pieno significato alle domande sul senso della vita che ciascuno di noi si pone.<\/p>\n<p style=\"text-align: justify;\">Di seguito hanno preso la parola i due politici, entrambi facenti parte dell\u2019intergruppo parlamentare per la Sussidiariet\u00e0, i quali hanno dato atto come, pur appartenendo a diversa area politica ma condividendo lo spirito e gli insegnamenti dell\u2019enciclica e pi\u00f9 in generale della dottrina sociale della Chiesa, sia possibile svolgere un lavoro comune e raggiungere importanti obiettivi (come, per esempio, il sostegno del 5 per mille alle associazioni <em>non profit)<\/em>, di aiuto concreto alla societ\u00e0 e alle sue articolazioni. Questo a condizione che si recuperi il significato alto della politica come servizio reso alla comunit\u00e0 e lontano dagli interessi individuali o di partito.<\/p>\n<p style=\"text-align: justify;\">Ha concluso di nuovo Mons. Fisichella richiamando due passaggi chiave nell\u2019enciclica.<\/p>\n<p style=\"text-align: justify;\">Da un lato, la constatazione di come \u201c<em>oggi il mondo soffre per la mancanza di pensiero<\/em>\u201d. Riferito al mondo della politica, esso manca di \u201cprogettualit\u00e0\u201d, di \u201ccultura\u201d, e una nuova classe politica di cattolici \u00e8 sollecitata dal Papa a dare uno specifico contributo in questo senso. Tuttavia, se pu\u00f2 accettarsi una frammentazione della presenza cattolica nelle varie formazioni partitiche, ci\u00f2 che non \u00e8 accettabile e rappresenta una vera e propria tragedia \u00e8 la \u201cdiaspora culturale\u201d dei cattolici impegnati in politica.<\/p>\n<p style=\"text-align: justify;\">La politica non deve ridursi a <em>gossip<\/em> n\u00e9 a personalismi. I problemi da affrontare sono molteplici e urgenti; si pensi, per esempio, al crollo delle nascite in questi ultimi decenni. Se non si interviene subito con politiche adeguate non esiste futuro per questo paese. Questo \u00e8 uno dei frutti della \u201c<em>carenza di pensiero<\/em>\u201d.<\/p>\n<p style=\"text-align: justify;\">Il secondo passaggio sottolineato da Mons. Fisichella riguarda il richiamo ad una ricerca costante del bene comune che, per il cristiano, costituisce \u201c<em>la via istituzionale o possiamo dire politica della carit\u00e0<\/em>\u201d (par. 7) ed il bene comune di una societ\u00e0 non pu\u00f2 prescindere dal bene della famiglia. E\u2019 da condividere, secondo il prelato, il giudizio di alcuni economisti e banchieri che hanno affermato che l\u2019attuale crisi economica \u00e8 frutto anche della grave crisi della famiglia che ha portato al collasso demografico.<\/p>\n<p style=\"text-align: justify;\">Non vi potr\u00e0 essere futuro per questo paese, dunque, se si non porr\u00e0 al centro della politica la tutela della famiglia che \u00e8 l\u2019unica istituzione che pu\u00f2 garantire, con l\u2019insostituibile opera educativa dei genitori, alle generazioni future la trasmissione di quel patrimonio culturale che abbiamo ereditato. A questa importante missione sono chiamati i cattolici impegnati in politica.<\/p>\n<p style=\"text-align: justify;\">Alla fine, il saluto ed il ringraziamento ai relatori e ai partecipanti dell\u2019Arcivescovo Mons. Benotto il quale ha ricordato come la stessa figura di S. Ranieri, uno dei primi santi laici della storia della Chiesa, di cui Pisa celebra quest\u2019anno l\u2019 850\u00b0 anniversario della morte, pu\u00f2 a buon titolo essere presa quale fulgido esempio di operatore di concordia sociale in un tempo in cui la potente citt\u00e0 marinara era lacerata anch\u2019essa al suo interno da forti contrasti politici.<\/p>\n","protected":false},"excerpt":{"rendered":"<p>per Rassegna Stampa Aldo Ciappi Organizzato dall\u2019 Ufficio per la Pastorale del Lavoro dell\u2019Arcidiocesi di Pisa, sabato 2 ottobre, presso l\u2019aula magna del Polo Didattico \u201cCarmignani\u201d dell\u2019Universit\u00e0 degli Studi di Pisa, si \u00e8 tenuto un incontro sull\u2019enciclica sociale \u201cCaritas in Veritate\u201d di Benedetto XVI che ha visto la partecipazione come relatori di Mons. Rino Fisichella, &hellip; <\/p>\n<p><a class=\"more-link btn\" href=\"https:\/\/www.rassegnastampa-totustuus.it\/cattolica\/a-confronto-con-benedetto-xvi\/\">Continua a leggere<\/a><\/p>\n","protected":false},"author":6,"featured_media":35230,"comment_status":"closed","ping_status":"open","sticky":false,"template":"","format":"standard","meta":{"footnotes":""},"categories":[110,5],"tags":[1659],"class_list":["post-4141","post","type-post","status-publish","format-standard","has-post-thumbnail","hentry","category-benedetto-xvi","category-chiesa","tag-caritas-in-veritate","item-wrap"],"yoast_head":"<!-- This site is optimized with the Yoast SEO plugin v27.5 - https:\/\/yoast.com\/product\/yoast-seo-wordpress\/ -->\n<title>A confronto con Benedetto XVI - Rassegna Stampa Cattolica<\/title>\n<meta name=\"description\" content=\"Rassegna Stampa Cattolica - Per una cultura che nasce dalla Rivelazione cristiana in conformit\u00e0 alla tradizione e al Magistero della Chiesa in opposizione ad ogni relativismo e totalitarismo\" \/>\n<meta name=\"robots\" content=\"index, follow, max-snippet:-1, max-image-preview:large, max-video-preview:-1\" \/>\n<link rel=\"canonical\" href=\"https:\/\/www.rassegnastampa-totustuus.it\/cattolica\/a-confronto-con-benedetto-xvi\/\" \/>\n<meta property=\"og:locale\" content=\"it_IT\" \/>\n<meta property=\"og:type\" content=\"article\" \/>\n<meta property=\"og:title\" content=\"A confronto con Benedetto XVI - Rassegna Stampa Cattolica\" \/>\n<meta property=\"og:description\" content=\"Rassegna Stampa Cattolica - Per una cultura che nasce dalla Rivelazione cristiana in conformit\u00e0 alla tradizione e al Magistero della Chiesa in opposizione ad ogni relativismo e totalitarismo\" \/>\n<meta property=\"og:url\" content=\"https:\/\/www.rassegnastampa-totustuus.it\/cattolica\/a-confronto-con-benedetto-xvi\/\" \/>\n<meta property=\"og:site_name\" content=\"Rassegna Stampa Cattolica\" \/>\n<meta property=\"article:publisher\" content=\"https:\/\/www.facebook.com\/rassegnastampacattolica\" \/>\n<meta property=\"article:published_time\" content=\"2010-10-13T22:00:00+00:00\" \/>\n<meta property=\"article:modified_time\" content=\"2016-06-21T14:46:42+00:00\" \/>\n<meta property=\"og:image\" content=\"https:\/\/www.rassegnastampa-totustuus.it\/cattolica\/wp-content\/uploads\/2010\/10\/caritas_veritate.jpg\" \/>\n\t<meta property=\"og:image:width\" content=\"200\" \/>\n\t<meta property=\"og:image:height\" content=\"200\" \/>\n\t<meta property=\"og:image:type\" content=\"image\/jpeg\" \/>\n<meta name=\"author\" content=\"Redazione\" \/>\n<meta name=\"twitter:card\" content=\"summary_large_image\" \/>\n<meta name=\"twitter:creator\" content=\"@rassegnastampa9\" \/>\n<meta name=\"twitter:site\" content=\"@rassegnastampa9\" \/>\n<meta name=\"twitter:label1\" content=\"Scritto da\" \/>\n\t<meta name=\"twitter:data1\" content=\"Redazione\" \/>\n\t<meta name=\"twitter:label2\" content=\"Tempo di lettura stimato\" \/>\n\t<meta name=\"twitter:data2\" content=\"6 minuti\" \/>\n<script type=\"application\/ld+json\" class=\"yoast-schema-graph\">{\"@context\":\"https:\\\/\\\/schema.org\",\"@graph\":[{\"@type\":\"Article\",\"@id\":\"https:\\\/\\\/www.rassegnastampa-totustuus.it\\\/cattolica\\\/a-confronto-con-benedetto-xvi\\\/#article\",\"isPartOf\":{\"@id\":\"https:\\\/\\\/www.rassegnastampa-totustuus.it\\\/cattolica\\\/a-confronto-con-benedetto-xvi\\\/\"},\"author\":{\"name\":\"Redazione\",\"@id\":\"https:\\\/\\\/www.rassegnastampa-totustuus.it\\\/cattolica\\\/#\\\/schema\\\/person\\\/08f319d2bd1a0904ad9e2bfb7b15e5c3\"},\"headline\":\"A confronto con Benedetto XVI\",\"datePublished\":\"2010-10-13T22:00:00+00:00\",\"dateModified\":\"2016-06-21T14:46:42+00:00\",\"mainEntityOfPage\":{\"@id\":\"https:\\\/\\\/www.rassegnastampa-totustuus.it\\\/cattolica\\\/a-confronto-con-benedetto-xvi\\\/\"},\"wordCount\":1257,\"publisher\":{\"@id\":\"https:\\\/\\\/www.rassegnastampa-totustuus.it\\\/cattolica\\\/#organization\"},\"image\":{\"@id\":\"https:\\\/\\\/www.rassegnastampa-totustuus.it\\\/cattolica\\\/a-confronto-con-benedetto-xvi\\\/#primaryimage\"},\"thumbnailUrl\":\"https:\\\/\\\/www.rassegnastampa-totustuus.it\\\/cattolica\\\/wp-content\\\/uploads\\\/2010\\\/10\\\/caritas_veritate.jpg\",\"keywords\":[\"Caritas in veritate\"],\"articleSection\":[\"Benedetto XVI\",\"Chiesa\"],\"inLanguage\":\"it-IT\"},{\"@type\":\"WebPage\",\"@id\":\"https:\\\/\\\/www.rassegnastampa-totustuus.it\\\/cattolica\\\/a-confronto-con-benedetto-xvi\\\/\",\"url\":\"https:\\\/\\\/www.rassegnastampa-totustuus.it\\\/cattolica\\\/a-confronto-con-benedetto-xvi\\\/\",\"name\":\"A confronto con Benedetto XVI - Rassegna Stampa Cattolica\",\"isPartOf\":{\"@id\":\"https:\\\/\\\/www.rassegnastampa-totustuus.it\\\/cattolica\\\/#website\"},\"primaryImageOfPage\":{\"@id\":\"https:\\\/\\\/www.rassegnastampa-totustuus.it\\\/cattolica\\\/a-confronto-con-benedetto-xvi\\\/#primaryimage\"},\"image\":{\"@id\":\"https:\\\/\\\/www.rassegnastampa-totustuus.it\\\/cattolica\\\/a-confronto-con-benedetto-xvi\\\/#primaryimage\"},\"thumbnailUrl\":\"https:\\\/\\\/www.rassegnastampa-totustuus.it\\\/cattolica\\\/wp-content\\\/uploads\\\/2010\\\/10\\\/caritas_veritate.jpg\",\"datePublished\":\"2010-10-13T22:00:00+00:00\",\"dateModified\":\"2016-06-21T14:46:42+00:00\",\"description\":\"Rassegna Stampa Cattolica - Per una cultura che nasce dalla Rivelazione cristiana in conformit\u00e0 alla tradizione e al Magistero della Chiesa in opposizione ad ogni relativismo e totalitarismo\",\"breadcrumb\":{\"@id\":\"https:\\\/\\\/www.rassegnastampa-totustuus.it\\\/cattolica\\\/a-confronto-con-benedetto-xvi\\\/#breadcrumb\"},\"inLanguage\":\"it-IT\",\"potentialAction\":[{\"@type\":\"ReadAction\",\"target\":[\"https:\\\/\\\/www.rassegnastampa-totustuus.it\\\/cattolica\\\/a-confronto-con-benedetto-xvi\\\/\"]}]},{\"@type\":\"ImageObject\",\"inLanguage\":\"it-IT\",\"@id\":\"https:\\\/\\\/www.rassegnastampa-totustuus.it\\\/cattolica\\\/a-confronto-con-benedetto-xvi\\\/#primaryimage\",\"url\":\"https:\\\/\\\/www.rassegnastampa-totustuus.it\\\/cattolica\\\/wp-content\\\/uploads\\\/2010\\\/10\\\/caritas_veritate.jpg\",\"contentUrl\":\"https:\\\/\\\/www.rassegnastampa-totustuus.it\\\/cattolica\\\/wp-content\\\/uploads\\\/2010\\\/10\\\/caritas_veritate.jpg\",\"width\":200,\"height\":200},{\"@type\":\"BreadcrumbList\",\"@id\":\"https:\\\/\\\/www.rassegnastampa-totustuus.it\\\/cattolica\\\/a-confronto-con-benedetto-xvi\\\/#breadcrumb\",\"itemListElement\":[{\"@type\":\"ListItem\",\"position\":1,\"name\":\"Home\",\"item\":\"https:\\\/\\\/www.rassegnastampa-totustuus.it\\\/cattolica\\\/\"},{\"@type\":\"ListItem\",\"position\":2,\"name\":\"A confronto con Benedetto XVI\"}]},{\"@type\":\"WebSite\",\"@id\":\"https:\\\/\\\/www.rassegnastampa-totustuus.it\\\/cattolica\\\/#website\",\"url\":\"https:\\\/\\\/www.rassegnastampa-totustuus.it\\\/cattolica\\\/\",\"name\":\"Rassegna Stampa Cattolica\",\"description\":\"Per una cultura che nasce dalla Rivelazione cristiana in conformit\u00e0 alla tradizione e al Magistero della Chiesa in opposizione ad ogni relativismo e totalitarismo\",\"publisher\":{\"@id\":\"https:\\\/\\\/www.rassegnastampa-totustuus.it\\\/cattolica\\\/#organization\"},\"alternateName\":\"Rass. Cattolica\",\"potentialAction\":[{\"@type\":\"SearchAction\",\"target\":{\"@type\":\"EntryPoint\",\"urlTemplate\":\"https:\\\/\\\/www.rassegnastampa-totustuus.it\\\/cattolica\\\/?s={search_term_string}\"},\"query-input\":{\"@type\":\"PropertyValueSpecification\",\"valueRequired\":true,\"valueName\":\"search_term_string\"}}],\"inLanguage\":\"it-IT\"},{\"@type\":\"Organization\",\"@id\":\"https:\\\/\\\/www.rassegnastampa-totustuus.it\\\/cattolica\\\/#organization\",\"name\":\"Rassegna Stampa Cattolica\",\"url\":\"https:\\\/\\\/www.rassegnastampa-totustuus.it\\\/cattolica\\\/\",\"logo\":{\"@type\":\"ImageObject\",\"inLanguage\":\"it-IT\",\"@id\":\"https:\\\/\\\/www.rassegnastampa-totustuus.it\\\/cattolica\\\/#\\\/schema\\\/logo\\\/image\\\/\",\"url\":\"https:\\\/\\\/www.rassegnastampa-totustuus.it\\\/cattolica\\\/wp-content\\\/uploads\\\/2014\\\/04\\\/logo-rassegna1.gif\",\"contentUrl\":\"https:\\\/\\\/www.rassegnastampa-totustuus.it\\\/cattolica\\\/wp-content\\\/uploads\\\/2014\\\/04\\\/logo-rassegna1.gif\",\"width\":600,\"height\":163,\"caption\":\"Rassegna Stampa Cattolica\"},\"image\":{\"@id\":\"https:\\\/\\\/www.rassegnastampa-totustuus.it\\\/cattolica\\\/#\\\/schema\\\/logo\\\/image\\\/\"},\"sameAs\":[\"https:\\\/\\\/www.facebook.com\\\/rassegnastampacattolica\",\"https:\\\/\\\/x.com\\\/rassegnastampa9\"]},{\"@type\":\"Person\",\"@id\":\"https:\\\/\\\/www.rassegnastampa-totustuus.it\\\/cattolica\\\/#\\\/schema\\\/person\\\/08f319d2bd1a0904ad9e2bfb7b15e5c3\",\"name\":\"Redazione\",\"image\":{\"@type\":\"ImageObject\",\"inLanguage\":\"it-IT\",\"@id\":\"https:\\\/\\\/secure.gravatar.com\\\/avatar\\\/2fcdf27c78ea025fbdb44e914cc63c72249ffec9dc8aafd5c82b26240ef3f346?s=96&d=mm&r=g\",\"url\":\"https:\\\/\\\/secure.gravatar.com\\\/avatar\\\/2fcdf27c78ea025fbdb44e914cc63c72249ffec9dc8aafd5c82b26240ef3f346?s=96&d=mm&r=g\",\"contentUrl\":\"https:\\\/\\\/secure.gravatar.com\\\/avatar\\\/2fcdf27c78ea025fbdb44e914cc63c72249ffec9dc8aafd5c82b26240ef3f346?s=96&d=mm&r=g\",\"caption\":\"Redazione\"},\"url\":\"https:\\\/\\\/www.rassegnastampa-totustuus.it\\\/cattolica\\\/author\\\/pietroelle\\\/\"}]}<\/script>\n<!-- \/ Yoast SEO plugin. -->","yoast_head_json":{"title":"A confronto con Benedetto XVI - Rassegna Stampa Cattolica","description":"Rassegna Stampa Cattolica - Per una cultura che nasce dalla Rivelazione cristiana in conformit\u00e0 alla tradizione e al Magistero della Chiesa in opposizione ad ogni relativismo e totalitarismo","robots":{"index":"index","follow":"follow","max-snippet":"max-snippet:-1","max-image-preview":"max-image-preview:large","max-video-preview":"max-video-preview:-1"},"canonical":"https:\/\/www.rassegnastampa-totustuus.it\/cattolica\/a-confronto-con-benedetto-xvi\/","og_locale":"it_IT","og_type":"article","og_title":"A confronto con Benedetto XVI - Rassegna Stampa Cattolica","og_description":"Rassegna Stampa Cattolica - Per una cultura che nasce dalla Rivelazione cristiana in conformit\u00e0 alla tradizione e al Magistero della Chiesa in opposizione ad ogni relativismo e totalitarismo","og_url":"https:\/\/www.rassegnastampa-totustuus.it\/cattolica\/a-confronto-con-benedetto-xvi\/","og_site_name":"Rassegna Stampa Cattolica","article_publisher":"https:\/\/www.facebook.com\/rassegnastampacattolica","article_published_time":"2010-10-13T22:00:00+00:00","article_modified_time":"2016-06-21T14:46:42+00:00","og_image":[{"width":200,"height":200,"url":"https:\/\/www.rassegnastampa-totustuus.it\/cattolica\/wp-content\/uploads\/2010\/10\/caritas_veritate.jpg","type":"image\/jpeg"}],"author":"Redazione","twitter_card":"summary_large_image","twitter_creator":"@rassegnastampa9","twitter_site":"@rassegnastampa9","twitter_misc":{"Scritto da":"Redazione","Tempo di lettura stimato":"6 minuti"},"schema":{"@context":"https:\/\/schema.org","@graph":[{"@type":"Article","@id":"https:\/\/www.rassegnastampa-totustuus.it\/cattolica\/a-confronto-con-benedetto-xvi\/#article","isPartOf":{"@id":"https:\/\/www.rassegnastampa-totustuus.it\/cattolica\/a-confronto-con-benedetto-xvi\/"},"author":{"name":"Redazione","@id":"https:\/\/www.rassegnastampa-totustuus.it\/cattolica\/#\/schema\/person\/08f319d2bd1a0904ad9e2bfb7b15e5c3"},"headline":"A confronto con Benedetto XVI","datePublished":"2010-10-13T22:00:00+00:00","dateModified":"2016-06-21T14:46:42+00:00","mainEntityOfPage":{"@id":"https:\/\/www.rassegnastampa-totustuus.it\/cattolica\/a-confronto-con-benedetto-xvi\/"},"wordCount":1257,"publisher":{"@id":"https:\/\/www.rassegnastampa-totustuus.it\/cattolica\/#organization"},"image":{"@id":"https:\/\/www.rassegnastampa-totustuus.it\/cattolica\/a-confronto-con-benedetto-xvi\/#primaryimage"},"thumbnailUrl":"https:\/\/www.rassegnastampa-totustuus.it\/cattolica\/wp-content\/uploads\/2010\/10\/caritas_veritate.jpg","keywords":["Caritas in veritate"],"articleSection":["Benedetto XVI","Chiesa"],"inLanguage":"it-IT"},{"@type":"WebPage","@id":"https:\/\/www.rassegnastampa-totustuus.it\/cattolica\/a-confronto-con-benedetto-xvi\/","url":"https:\/\/www.rassegnastampa-totustuus.it\/cattolica\/a-confronto-con-benedetto-xvi\/","name":"A confronto con Benedetto XVI - Rassegna Stampa Cattolica","isPartOf":{"@id":"https:\/\/www.rassegnastampa-totustuus.it\/cattolica\/#website"},"primaryImageOfPage":{"@id":"https:\/\/www.rassegnastampa-totustuus.it\/cattolica\/a-confronto-con-benedetto-xvi\/#primaryimage"},"image":{"@id":"https:\/\/www.rassegnastampa-totustuus.it\/cattolica\/a-confronto-con-benedetto-xvi\/#primaryimage"},"thumbnailUrl":"https:\/\/www.rassegnastampa-totustuus.it\/cattolica\/wp-content\/uploads\/2010\/10\/caritas_veritate.jpg","datePublished":"2010-10-13T22:00:00+00:00","dateModified":"2016-06-21T14:46:42+00:00","description":"Rassegna Stampa Cattolica - Per una cultura che nasce dalla Rivelazione cristiana in conformit\u00e0 alla tradizione e al Magistero della Chiesa in opposizione ad ogni relativismo e totalitarismo","breadcrumb":{"@id":"https:\/\/www.rassegnastampa-totustuus.it\/cattolica\/a-confronto-con-benedetto-xvi\/#breadcrumb"},"inLanguage":"it-IT","potentialAction":[{"@type":"ReadAction","target":["https:\/\/www.rassegnastampa-totustuus.it\/cattolica\/a-confronto-con-benedetto-xvi\/"]}]},{"@type":"ImageObject","inLanguage":"it-IT","@id":"https:\/\/www.rassegnastampa-totustuus.it\/cattolica\/a-confronto-con-benedetto-xvi\/#primaryimage","url":"https:\/\/www.rassegnastampa-totustuus.it\/cattolica\/wp-content\/uploads\/2010\/10\/caritas_veritate.jpg","contentUrl":"https:\/\/www.rassegnastampa-totustuus.it\/cattolica\/wp-content\/uploads\/2010\/10\/caritas_veritate.jpg","width":200,"height":200},{"@type":"BreadcrumbList","@id":"https:\/\/www.rassegnastampa-totustuus.it\/cattolica\/a-confronto-con-benedetto-xvi\/#breadcrumb","itemListElement":[{"@type":"ListItem","position":1,"name":"Home","item":"https:\/\/www.rassegnastampa-totustuus.it\/cattolica\/"},{"@type":"ListItem","position":2,"name":"A confronto con Benedetto XVI"}]},{"@type":"WebSite","@id":"https:\/\/www.rassegnastampa-totustuus.it\/cattolica\/#website","url":"https:\/\/www.rassegnastampa-totustuus.it\/cattolica\/","name":"Rassegna Stampa Cattolica","description":"Per una cultura che nasce dalla Rivelazione cristiana in conformit\u00e0 alla tradizione e al Magistero della Chiesa in opposizione ad ogni relativismo e totalitarismo","publisher":{"@id":"https:\/\/www.rassegnastampa-totustuus.it\/cattolica\/#organization"},"alternateName":"Rass. Cattolica","potentialAction":[{"@type":"SearchAction","target":{"@type":"EntryPoint","urlTemplate":"https:\/\/www.rassegnastampa-totustuus.it\/cattolica\/?s={search_term_string}"},"query-input":{"@type":"PropertyValueSpecification","valueRequired":true,"valueName":"search_term_string"}}],"inLanguage":"it-IT"},{"@type":"Organization","@id":"https:\/\/www.rassegnastampa-totustuus.it\/cattolica\/#organization","name":"Rassegna Stampa Cattolica","url":"https:\/\/www.rassegnastampa-totustuus.it\/cattolica\/","logo":{"@type":"ImageObject","inLanguage":"it-IT","@id":"https:\/\/www.rassegnastampa-totustuus.it\/cattolica\/#\/schema\/logo\/image\/","url":"https:\/\/www.rassegnastampa-totustuus.it\/cattolica\/wp-content\/uploads\/2014\/04\/logo-rassegna1.gif","contentUrl":"https:\/\/www.rassegnastampa-totustuus.it\/cattolica\/wp-content\/uploads\/2014\/04\/logo-rassegna1.gif","width":600,"height":163,"caption":"Rassegna Stampa Cattolica"},"image":{"@id":"https:\/\/www.rassegnastampa-totustuus.it\/cattolica\/#\/schema\/logo\/image\/"},"sameAs":["https:\/\/www.facebook.com\/rassegnastampacattolica","https:\/\/x.com\/rassegnastampa9"]},{"@type":"Person","@id":"https:\/\/www.rassegnastampa-totustuus.it\/cattolica\/#\/schema\/person\/08f319d2bd1a0904ad9e2bfb7b15e5c3","name":"Redazione","image":{"@type":"ImageObject","inLanguage":"it-IT","@id":"https:\/\/secure.gravatar.com\/avatar\/2fcdf27c78ea025fbdb44e914cc63c72249ffec9dc8aafd5c82b26240ef3f346?s=96&d=mm&r=g","url":"https:\/\/secure.gravatar.com\/avatar\/2fcdf27c78ea025fbdb44e914cc63c72249ffec9dc8aafd5c82b26240ef3f346?s=96&d=mm&r=g","contentUrl":"https:\/\/secure.gravatar.com\/avatar\/2fcdf27c78ea025fbdb44e914cc63c72249ffec9dc8aafd5c82b26240ef3f346?s=96&d=mm&r=g","caption":"Redazione"},"url":"https:\/\/www.rassegnastampa-totustuus.it\/cattolica\/author\/pietroelle\/"}]}},"_links":{"self":[{"href":"https:\/\/www.rassegnastampa-totustuus.it\/cattolica\/wp-json\/wp\/v2\/posts\/4141","targetHints":{"allow":["GET"]}}],"collection":[{"href":"https:\/\/www.rassegnastampa-totustuus.it\/cattolica\/wp-json\/wp\/v2\/posts"}],"about":[{"href":"https:\/\/www.rassegnastampa-totustuus.it\/cattolica\/wp-json\/wp\/v2\/types\/post"}],"author":[{"embeddable":true,"href":"https:\/\/www.rassegnastampa-totustuus.it\/cattolica\/wp-json\/wp\/v2\/users\/6"}],"replies":[{"embeddable":true,"href":"https:\/\/www.rassegnastampa-totustuus.it\/cattolica\/wp-json\/wp\/v2\/comments?post=4141"}],"version-history":[{"count":4,"href":"https:\/\/www.rassegnastampa-totustuus.it\/cattolica\/wp-json\/wp\/v2\/posts\/4141\/revisions"}],"predecessor-version":[{"id":35231,"href":"https:\/\/www.rassegnastampa-totustuus.it\/cattolica\/wp-json\/wp\/v2\/posts\/4141\/revisions\/35231"}],"wp:featuredmedia":[{"embeddable":true,"href":"https:\/\/www.rassegnastampa-totustuus.it\/cattolica\/wp-json\/wp\/v2\/media\/35230"}],"wp:attachment":[{"href":"https:\/\/www.rassegnastampa-totustuus.it\/cattolica\/wp-json\/wp\/v2\/media?parent=4141"}],"wp:term":[{"taxonomy":"category","embeddable":true,"href":"https:\/\/www.rassegnastampa-totustuus.it\/cattolica\/wp-json\/wp\/v2\/categories?post=4141"},{"taxonomy":"post_tag","embeddable":true,"href":"https:\/\/www.rassegnastampa-totustuus.it\/cattolica\/wp-json\/wp\/v2\/tags?post=4141"}],"curies":[{"name":"wp","href":"https:\/\/api.w.org\/{rel}","templated":true}]}}