{"id":4135,"date":"2010-10-13T10:46:30","date_gmt":"2010-10-13T08:46:30","guid":{"rendered":""},"modified":"2019-07-24T09:53:39","modified_gmt":"2019-07-24T07:53:39","slug":"lanno-in-cui-il-mondo-fin-il-diario-del-39-4","status":"publish","type":"post","link":"https:\/\/www.rassegnastampa-totustuus.it\/cattolica\/lanno-in-cui-il-mondo-fin-il-diario-del-39-4\/","title":{"rendered":"L&#8217;anno in cui il mondo fin&igrave;. Il diario del \u201839 (4)"},"content":{"rendered":"<div style=\"text-align: center;\">Pubblicato su <strong>Il Sabato <\/strong>n.38 &#8211; 30 Settembre 1989<strong><br \/>\n<\/strong><\/div>\n<p style=\"text-align: justify;\"><em>Cinquanta anni fa le truppe del F\u00fcrer invadevano la Polonia. Da quel giorno la guerra sar\u00e0 l\u2019unica realt\u00e0 di milioni uomini. Ma come e dove viene preparato il pi\u00f9 grande conflitto mai accaduto? La storia controcorrente del fatale 1939.<\/em><\/p>\n<p style=\"text-align: center;\"><a href=\"https:\/\/www.rassegnastampa-totustuus.it\/cattolica\/wp-content\/uploads\/2005\/12\/World-War.jpg\"><img loading=\"lazy\" decoding=\"async\" class=\"aligncenter wp-image-14762\" src=\"https:\/\/www.rassegnastampa-totustuus.it\/cattolica\/wp-content\/uploads\/2005\/12\/World-War.jpg\" alt=\"World War\" width=\"140\" height=\"200\" \/><\/a><\/p>\n<p style=\"text-align: center;\">di <strong>Franco Bandini<\/strong><\/p>\n<p><!--more--><\/p>\n<p style=\"text-align: center;\"><strong>SOLITUDINE DI UN DITTATORE\u00a0<\/strong><\/p>\n<p style=\"text-align: justify;\">Alle nazioni deboli, ed ancor pi\u00f9 a quelle che ad ogni tornante storico si paralizzano per l&#8217;incertezza di quale direzione prendere, capita spesso di avere anche sfortuna: cos\u00ec come a quelle forti e decise avviene il contrario, senza altro merito che il capriccio del caso, il quale poi, nei libri di storia, viene elevato a doveroso contributo della Provvidenza a favore delle \u00abgiuste cause\u00bb.<\/p>\n<p style=\"text-align: justify;\">La guerra italiana dal 1940 al 1945 e un buon esempio delle strazianti stupidit\u00e0 di una direzione politica e militare di certo non all&#8217;altezza delle circostanze, ma anche di una permanente sfortuna, matrice non secondaria di grosse disgrazie e di non prevedute ripercussioni.<\/p>\n<p style=\"text-align: justify;\">Valga per tutte il raid britannico sulla base navale di Tarante, che era stato previsto dall&#8217;ammiraglio Cunningham per il 21 ottobre 1940, e cio\u00e8 per il 135esimo anniversario della battaglia di Trafalgar, in modo da fornire al depresso morale dei britanni, malconci per le bombe tedesche, qualche motivo di consolazione. A quella data, per\u00f2, Cunningham dovette rinunziare per un banale incendio sviluppatosi qualche giorno prima nello aviorimesse della Illustrious, per cui il raid fu messo in atto soltanto nella notte del 12 novembre, dimezzando la nostra flotta da battaglia, e togliendoci quel margine di superiorit\u00e0 navale fino ad allora goduto.<\/p>\n<div id=\"attachment_14791\" style=\"width: 263px\" class=\"wp-caption alignleft\"><a href=\"https:\/\/www.rassegnastampa-totustuus.it\/cattolica\/wp-content\/uploads\/2010\/10\/notte-di-Taranto.jpg\"><img loading=\"lazy\" decoding=\"async\" aria-describedby=\"caption-attachment-14791\" class=\"wp-image-14791 size-full\" src=\"https:\/\/www.rassegnastampa-totustuus.it\/cattolica\/wp-content\/uploads\/2010\/10\/notte-di-Taranto.jpg\" alt=\"notte di Taranto\" width=\"263\" height=\"192\" \/><\/a><p id=\"caption-attachment-14791\" class=\"wp-caption-text\">Il Conte di Cavour affondato a Taranto<\/p><\/div>\n<p style=\"text-align: justify;\">Se l&#8217;attacco a Taranto avesse avuto davvero luogo il 21 ottobre, di sicuro noi non avremmo assalito la Grecia il 28 dello stesso mese, perch\u00e9 anche la stupidit\u00e0 ha un limite, e perci\u00f2 non avremmo dovuto sobbarcarci n\u00e9 le perdite n\u00e9 il disdoro internazionale di quella infelicissima campagna. I tedeschi non avrebbero poi avuto motivo di intervenire nei Balcani nell&#8217;aprile 1941, e probabilmente non avremmo, noi italiani, subito neppure la triste sconfitta navale di Matapan, nel marzo, n\u00e9 quel bombardamento navale di Genova \u2014 il 9 febbraio \u2014 al quale comunque deve essere abbinata una seconda sfortuna navale: la nostra Squadra, pur essendo in superiorit\u00e0 di\u00a0 forze, manc\u00f2 quella britannica per forse due o tre miglia, tra Corsica e Liguria occidentale.<\/p>\n<p style=\"text-align: justify;\">A pareggiare il conto del dare e dell&#8217;avere, si ebbe il caso straordinario di un proiettile britannico da 381 che buc\u00f2 il tetto della cattedrale genovese di San Lorenzo, penetr\u00f2 sin nella cripta e non esplose: una fortuna che, naturalmente, non ebbe la minima influenza sul corso della guerra.<\/p>\n<p style=\"text-align: justify;\">Nella sequela di avvenimenti o disgraziati o insoddisfacenti che cominciano per noi con la battaglia di Punta Stilo, i danni peggiori furon non quelli dei colpi che subimmo, ma i loro contraccolpi, specie di natura psicologica. Mano a mano che le buscavamo, gli inglesi si persuadevano sempre pi\u00f9 che con altre poche legnate sarebbe stato possibile eliminarci dalla guerra. Nel dicembre del 1940, essi valutarono che sarebbero bastati ancora due mesi di sconfitte per provocare in Italia una rivoluzione e una richiesta di pace.<\/p>\n<p style=\"text-align: justify;\">Si sbagliarono grandemente, e questo errore ebbe per loro conseguenze lontane assai importanti. Ma il risultato primo di questo abbaglia fu che il War Office ce la mise proprio tutta, da quel momento in poi, nell&#8217;applicare fosforo, mezzi e uomini in una strategia mediterranea ed africana che per noi fu fatale a lungo termine, ma che permise invece ai tedeschi di conoscere i guai di una invasione soltanto quattro anni dopo.<\/p>\n<p style=\"text-align: justify;\">In altre parole, con le nostre prime incertezze e sconfitte, l&#8217;Inghilterra riusc\u00ec a mascherare per lungo tempo la sua incapacit\u00e0 ad affrontare il vero nocciolo della questione, quello tedesco, per schiacciare il quale fu necessario il doppio intervento sovietico e statunitense, con risultati complessivi sui quali, in futuro, occorrer\u00e0 meditare parecchio. Oggi \u00e8 troppo presto.<\/p>\n<p style=\"text-align: justify;\">Disponiamo, ora, di una bella serie di documenti di fonte britannica che permettono di gettare uno sguardo abbastanza penetrante sull&#8217;ondeggiante andamento dei pareri che a Londra si nutrirono fino al 1943 nei riguardi del \u00abproblema italiano\u00bb. Sembrano esaurienti, ma in realt\u00e0 essi non risolvono un paio di problemi che invece dovremmo considerare preliminari a qualsiasi tentativo di ricostruzione storica. Il primo di essi \u00e8 senza dubbio rappresentato dal grosso contrasto \u2014 qualche volta stridente \u2014 tra i pareri del primo ministro e quelli del Foreign Office sia su singoli episodi, sia come linea generale di azione nei riguardi dell&#8217;Italia.<\/p>\n<p style=\"text-align: justify;\">Da vecchio volpone aristocratico, Winston Churchill cerca prima di tutto di capire, di valutare i pro e i contro, e soprattutto di guardare un po&#8217; pi\u00f9 in l\u00e0 del proprio naso. Ci sar\u00e0 un dopoguerra, e non \u00e8 pensabile cancellare dalla caria geografica una nazione come l&#8217;Italia Questa linea possibilista soccombe spesso davanti al gelido odio di Anthony Eden, che ancor oggi attende una buona spiegazione: tale non essendo quella personale, anche se si deve ammettere che questo allampanato e sofisticato ministro degli Esteri britannico aveva avuto dal suo rapporto con l\u2019Italia non poche e non lievi umiliazioni, culminate nel 1938, con un bruciatura fulminante.<\/p>\n<div id=\"attachment_14792\" style=\"width: 250px\" class=\"wp-caption alignright\"><a href=\"https:\/\/www.rassegnastampa-totustuus.it\/cattolica\/wp-content\/uploads\/2010\/10\/Churchil-Eden.jpg\"><img loading=\"lazy\" decoding=\"async\" aria-describedby=\"caption-attachment-14792\" class=\"wp-image-14792\" src=\"https:\/\/www.rassegnastampa-totustuus.it\/cattolica\/wp-content\/uploads\/2010\/10\/Churchil-Eden.jpg\" alt=\"Churchil-Eden\" width=\"250\" height=\"140\" \/><\/a><p id=\"caption-attachment-14792\" class=\"wp-caption-text\">Winston Churchill e Anthony Eden<\/p><\/div>\n<p style=\"text-align: justify;\">L&#8217;inflessibile volont\u00e0 edeniana di trasformare l&#8217;Italia in una nazione di terz&#8217;ordine, nonch\u00e9 in un cumulo di rovine, costituisce dunque un mistero non ancora risolto, che per\u00f2 presenta qualche risvolto addirittura gratificante, dal momento che anche nei rapporti tra le nazioni \u00e8 assai meglio essere odiati che guardati con indifferenza o derisione.<\/p>\n<p style=\"text-align: justify;\">Ma, come mistero, esso \u00e8 assai meno intrigante dell&#8217;altro, cio\u00e8 di dove mai gli inglesi andarono a pescare quel complesso di informazioni italiane che serv\u00ec loro di base per l&#8217;elaborazione della strategia che si \u00e8 detta. Noi siamo stati accusati, con ragione, di non aver capito gli inglesi, e poi gli americani, ed infine i russi con la loro durissima determinazione a difendersi e poi a contrattaccare fino all&#8217;ultimo sangue. Ma \u00e8 certamente vero che gli inglesi non capirono noi, proprio come popolo, commettendo un errore tanto pi\u00f9 grande quanto maggiore era la loro esperienza politica internazionale, vecchia di quattro secoli.<\/p>\n<p style=\"text-align: justify;\">Fu, nei fatti, un autoinganno dalle dimensioni insolite anche per una diplomazia di second&#8217;ordine, poich\u00e9 nasceva da due idee-base compiutamente false: che il popolo italiano fosse \u00abapatico\u00bb, e persino desideroso di perdere una guerra non sentita, e che, nel caso di una rivoluzione, a prendere il potere sarebbero stati i comunisti.<\/p>\n<p style=\"text-align: justify;\">Chiunque abbia vissuto quegli anni, sa benissimo che vi fu pazienza, timore e magari, per\u00f2 molto tardi, rassegnazione al peggio, ma mai apatia. Ed altrettanto bene sa che nel quadro psicologico d\u00ec ogni italiano, i comunisti non comparvero se non nel 1944, e comunque non prima del 22 giugno 1941, visto che fino a quella data furono casomai impegnatissimi ad aiutare Hitler.<\/p>\n<p style=\"text-align: justify;\">Su queste due idee completamente errate, i britanni costruirono un edificio nol quale si stenterebbe a credere se non esistessero i documenti a provarlo. In primo luogo essi studiarono seriamente la possibilit\u00e0 di costituire nella Cirenaica appena conquistata (e pi\u00f9 tardi in Eritrea) una \u00abFree Italy\u00bb, una \u00abItalia Libera\u00bb, con propria bandiera e Forze armate da trarsi con arruolamenti tra i prigionieri italiani appena fatti in Libia, che erano tanti, ma non cos\u00ec disposti ad un passo che, in quel momento, somigliava ancora troppo ad una diserzione.<\/p>\n<p style=\"text-align: justify;\">Era il principio del 1941, e la stragrande massa degli italiani non aveva ancora avuto nemmeno l&#8217;impressione di essere in guerra, poich\u00e9 non erano guerra le lontane cannonate di Bengasi, o di Addis Abeba, o della Val Vojussa.<\/p>\n<p style=\"text-align: justify;\">Ai giovani d&#8217;oggi, pu\u00f2 sembrar strano e nuovo: ma nelle due estati del 1941 e 1942, le spiagge di Viareggio e di Forte dei Marmi, di Rimini e di Venezia furono affollate di bagnanti quanto lo eran state fino al 1939. \u00c8 anche vero che il mito di un Mussolini \u00abche ha sempre ragione\u00bb era gi\u00e0, se non morto, almeno agonizzante, da quando l&#8217;incauto dittatore si era lasciato andare a promettere che avrebbe spezzato le reni alla Grecia: fu subito battezzato \u00abelmitolo\u00bb, che era appunto un farmaco che faceva bene alle reni, ma questo implicito ritiro di fiducia, che si verific\u00f2 all&#8217;inizio del 1941. venne pi\u00f9 che compensato dall&#8217;ottimismo di fondo del carattere italiano.<\/p>\n<p style=\"text-align: justify;\">Se Mussolini si era rivelato un pilota deludente, c&#8217;era pur sempre lo \u00abstellone\u00bb che aveva fulgidamente brillato nella nostra storia, nonostante una ragguardevole serie di sconfitte. E perci\u00f2 il progetto di reclutare tra i nostri prigionieri addirittura un Corpo d&#8217;Armata, comandato \u2014 cosi dicono i documenti \u2014 da quel generale Bergonzoli\u00a0 che i soldati chiamavano \u00abBarba elettrica\u00bb, era davvero un desiderio almeno fuori tempo. E lo rimase fino all\u2019ultimo.<\/p>\n<p style=\"text-align: justify;\">Appaiato a questo progetto troviamo quello di ridurre la Flotta da guerra italiana a riparare all\u2019improvviso in \u00abporto libero\u00bb, come Tobruck o Massaia, per\u00f2 sotto la protezione britannica. Non c\u2019\u00e8 dubbio che tra il dicembre del 1940 ed il febbraio 1941 si svolsero caute trattative tra alcuni esponenti della Marina italiana e l&#8217;Ammiragliato britannico, tramite l&#8217;ambasciata inglese di Stoccolma, retta, in quel momento, da sir Victor Mallet, che dopo la guerra fu, non per caso, primo ambasciatore britannico a Roma, e rinforzata, per l&#8217;occasione, dal maggiore del Secret Service Malcom Munthe, figlio del grande medico e scrittore svedese, stabilitesi dal 1932 ad Anacapri, al quale dobbiamo un eccellente romanzo, e forse anche altre cose di genere diverso.<\/p>\n<p style=\"text-align: justify;\">Chi scrive si \u00e8 occupato a lungo di questa intricata e torbida vicenda che non pu\u00f2 esser facilmente messa da parte, non fosse altro che per il fatto indubbio che la questione della resa della Flotta da battaglia italiana percorre come un filo rosso e resistente l&#8217;intera trama delle trattative armistiziali del 1942 e 1943.<\/p>\n<p style=\"text-align: justify;\">\u00c8 nostro meditato parere che la Flotta potesse e dovesse costituire una pedina spendibile al tavolo delle trattative, nell&#8217;ipotesi di una sconfitta a breve termine, e che forse fosse l&#8217;unica veramente valida, poich\u00e9, dopotutto, stavamo combattendo contro una potenza navale che sudava freddo nel giustif\u00eccatissimo timore che le sue comunicazioni marittime saltassero all&#8217;improvviso. Ma il modo delle trattative fu di certo sbagliato, poich\u00e9 una Flotta funziona come pedina soltanto se se ne minaccia un uso diametralmente opposto a quelli che sono gli interessi della controparte.<\/p>\n<p style=\"text-align: justify;\">Avremmo dovuto dire, ma ci voleva una bella faccia da poker, che non potevamo esimerci dal passarla ai tedeschi, agitando cio\u00e8 la stessa minaccia che Churchill sventol\u00f2 con callido candore davanti al naso di Roosevelt, nel giugno 1940, quando il presidente americano gli fece sapere che era meglio riparare la Flotta britannica nei porti americani. Anche in quel momento, \u00abWinnie\u00bb non dimentic\u00f2 di essere un vecchio volpone e ricatt\u00f2 spietatamente l&#8217;amico d&#8217;oltre Atlantico, rispondendogli che purtroppo, nel caso di una pace o di un armistizio, la Flotta avrebbe dovuto passare ai tedeschi.<\/p>\n<p style=\"text-align: justify;\">Poich\u00e9 queste son considerazioni piuttosto ovvie, il mistero delle trattative \u00abnavali\u00bb tra noi e gli inglesi rimane ancor oggi poco penetrabile. E questo sarebbe ancora il male minore, visto che ormai la cosa riguarda soltanto gli storici, se non fosse per i riflessi operativi che gli accordi o le trattative poterono esercitare sulla condotta della guerra in mare.<\/p>\n<p style=\"text-align: justify;\">Nei documenti inglesi si trovano accenni espliciti a promesse di una condotta di guerra navale non aggressiva, che sarebbero state fatte, appunto all&#8217;inizio del 1941, da alcuni ammiragli in cambio di un trattamento \u00abdolce\u00bb al momento della pace. E questa \u00e8 storia ben altrimenti inquietante, poich\u00e9 la stessa invasione del territorio nazionale dipese in larga misura dalla inefficacia globale del nostro contrasto navale negli anni precedenti.<\/p>\n<p style=\"text-align: justify;\">Detto in altro modo, risulta oggi chiaro che \u00abforse\u00bb fu errato il modo di condurre le trattative, ma che \u00abcertamente\u00bb fu un grave sbaglio farle precedere da un atteggiamento rinunziatario. Una ingenuit\u00e0 che proprio gli inglesi, abituali prima a sparare e poi a discutere, non avrebbero mai commesso.<\/p>\n<p style=\"text-align: justify;\">Quando si scrive d\u00ec queste vecchie e ambigue cose, da parecchie penne sgorga automaticamente la parola \u00abtradimento\u00bb. Tranne che in alcuni casi ben chiari, in genere basati sul denaro, questo facile termine va per\u00f2 usato con molta precauzione e serenit\u00e0, poich\u00e9 non si pu\u00f2 negare a un generale o a un ammiraglio, durante una guerra lunga e difficile, il diritto di nutrire un parere opposto a quello del proprio governo, e di comportarsi in conseguenza: accettandone le responsabilit\u00e0 e correndone i rischi. Su questo punto sono difatti tutti d&#8217;accordo, oggi, nel rimproverare ai militari di Mussolini appunto di aver obbedito ad ordini \u00abingiusti\u00bb, o di non essersi dimessi dalle cariche, rifiutando di eseguirli.<\/p>\n<p style=\"text-align: justify;\">Ma il diavolo \u00e8 brutto, proprio perch\u00e9 \u00e8 sveltissimo a rientrare dalla finestra, rappresentata, in questo caso, dai draconiani divieti che i militari ricevono, in tempo di pace, di occuparsi di politica: essendo loro compito \u2014 a quanto si ripete un giorno s\u00ec ed uno no \u2014 soltanto quello di eseguire gli ordini emanati dal potere legittimo. Col naturale divieto di andare ad indagare su cosa \u00e8 un potere \u00ablegittimo\u00bb.<\/p>\n<p style=\"text-align: justify;\">E forse \u00e8 un bene che sia cos\u00ec, poich\u00e9 al giorno d&#8217;oggi i governi realmente legittimi sono mosche bianche: sarebbe un gran guaio se, per esempio, un ufficiale dell&#8217;Armata Rossa si ponesse seriamente il quesito della legittimit\u00e0 del suo governo, o se lo ponesse uno spagnolo, o uno jugoslavo e magari un italiano, visto che sulla tunica bianca, rossa e verde della nostra Repubblica qualche macchiolina c&#8217;\u00e8 rimasta.<\/p>\n<div id=\"attachment_14793\" style=\"width: 287px\" class=\"wp-caption alignright\"><a href=\"https:\/\/www.rassegnastampa-totustuus.it\/cattolica\/wp-content\/uploads\/2010\/10\/italiani-in-Libia.jpg\"><img loading=\"lazy\" decoding=\"async\" aria-describedby=\"caption-attachment-14793\" class=\"wp-image-14793 size-full\" src=\"https:\/\/www.rassegnastampa-totustuus.it\/cattolica\/wp-content\/uploads\/2010\/10\/italiani-in-Libia.jpg\" alt=\"italiani in Libia\" width=\"287\" height=\"175\" \/><\/a><p id=\"caption-attachment-14793\" class=\"wp-caption-text\">truppe italiane in Libia<\/p><\/div>\n<p style=\"text-align: justify;\">Cos\u00ec, \u00e8 molto difficile giudicare equamente sulle motivazioni che spinsero durante la guerra i nostri <em>peace feelers<\/em> a ricercare formule di salvataggio, cos\u00ec come \u00e8 difficile, se non impossibile, stabilire cosa ci sarebbe alla fine successo se queste trattative non ci fossero state. Per\u00f2, con quasi mezzo secolo di riflessioni nel mezzo, \u00e8 forse possibile tirare due conclusioni imparziali.<\/p>\n<p style=\"text-align: justify;\">La prima delle quali \u00e8 che nella sua stragrande maggioranza, l&#8217;insieme della popolazione italiana combatt\u00e8 l&#8217;ultima guerra senza mai porsi davvero il quesito della sua giustezza o meno. Lo fece con disciplina, con coraggio e molte volte con grande valore, sia tra i soldati che tra i civili e naturalmente con una stanchezza crescente. Per tutti coloro che hanno a cuore non gli arzigogoli e gli errori della politica, ma il grado di salute vitale di un popolo, va detto che la prova fornita dal nostro pu\u00f2 esser iscritta a giusto titolo nel patrimonio storico della nazione: pi\u00f9 e meglio di quanto non possano fare altre. Dimenticarsene \u00e8 ingiusto, sciocco, ed anche pericoloso.<\/p>\n<p style=\"text-align: justify;\">L&#8217;altra conclusione ci riporta ai motivi profondi degli errori di apprezzamento fatti dagli inglesi nei nostri riguardi. Nello sbagliare, \u00e8 evidente che i britanni fecero davvero grande economia di fosforo, ma \u00e8 altrettanto chiaro che i loro interlocutori italiani, tranne forse un caso o due, furono di un livello intellettuale cosi basso da aggravare fatalmente il loro errore di base. Nessuno dei venti o trenta \u00abmessaggeri di pace\u00bb, fin qui identificati con pazienti ricerche storiche, riusc\u00ec mai a proporre formule ragionevoli per la cessazione delle ostilit\u00e0, e tutti fecero il colossale sbaglio pregiudiziale di professarsi antifascisti e come tali interessati alla defenestrazione di Mussolini, anche se questo fosse costato la sconfitta.<\/p>\n<p style=\"text-align: justify;\">\u00abPerdere per vincere\u00bb fu la formula prediletta di industriali come Marinotti, di oscuri generali come Gustavo Pesenti, di militari sconosciuti come la Medaglia d&#8217;Oro Cabruna. ex compagno d\u00ec volo di D&#8217;Annunzio, di semplici commercianti come il trasportatore Pier Busseti.<\/p>\n<p style=\"text-align: justify;\">In questa categoria rientra certamente un ammiraglio, che ebbe la franchezza di mettercisi e di raccontarlo dopo la guerra: in questo distinguendosi da altri, che preferirono e preferiscono mantenere il silenzio, quasi che il trattare col nemico durante una guerra infelice sia davvero una vergogna, mentre invece non lo \u00e8, salva s&#8217;intende la buona fede.<\/p>\n<p style=\"text-align: justify;\">E non lo \u00e8 neppure se si commettono gravi errori, o si agisce con dosi inammissibili di ingenuit\u00e0, come per esempio accadde al Duca d&#8217;Aosta, nobile e simpatica figura di italiano che, posto in un momento difficilissimo a salvaguardare al meglio non solo il nuovo Impero ma anche le nostre vecchie colonie, dimostr\u00f2 l&#8217;altrettanto nobile ingenuit\u00e0 di fidarsi delle ben calcolate promesse che gli furon fatte pervenire, sullo scorcio del 1940, da alcuni generali inglesi, spediti nel Sudan contro di lui proprio perch\u00e9 eran stati suoi compagni di scuola al Saint Andrews College.<\/p>\n<div id=\"attachment_14794\" style=\"width: 268px\" class=\"wp-caption alignleft\"><a href=\"https:\/\/www.rassegnastampa-totustuus.it\/cattolica\/wp-content\/uploads\/2010\/10\/Duca-dAosta.jpg\"><img loading=\"lazy\" decoding=\"async\" aria-describedby=\"caption-attachment-14794\" class=\"wp-image-14794 size-full\" src=\"https:\/\/www.rassegnastampa-totustuus.it\/cattolica\/wp-content\/uploads\/2010\/10\/Duca-dAosta.jpg\" alt=\"Duca d'Aosta\" width=\"268\" height=\"188\" \/><\/a><p id=\"caption-attachment-14794\" class=\"wp-caption-text\">Duca d&#8217;Aosta<\/p><\/div>\n<p style=\"text-align: justify;\">Al Duca parve di capire che sarebbe stato lasciato in armi in una specie di ridotto centrale, nel quale tutti, amici e nemici, avrebbero atteso l&#8217;esito finale della guerra, per poi decidere sul destino delle colonie, e, forse, anche su quello della monarchia. Fu per tali promesse che egli sal\u00ec sull&#8217;Amba Alagi, salvo accorgersi che in guerra anche gli accordi tra gentiluomini sono un&#8217;arma, non molto nobile, ma efficace.<\/p>\n<p style=\"text-align: justify;\">Va da s\u00e9 che in tal modo le cospicue forze nostre, esistenti in quella terre, non esercitarono la minima influenza sull&#8217;andamento del conflitto: impiegando soltanto un paio di divisioni, gli inglesi spazzarono via 600mila uomini. 401 aeroplani, ed un bel gruppo di unit\u00e0 navali, nella met\u00e0 del tempo che era stato necessario d Badoglio per conquistare l&#8217;Etiopia, appena cinque anni prima. In questo deludente bilancio, troviamo per\u00f2 la perla di Cheren: una battaglia di cinquanta giorni che abbiamo il torto di esserci completamente dimenticata.<\/p>\n<p style=\"text-align: justify;\">L&#8217;intera storia delle trattative sottobanco acquista una sua spiegazione, ed anche una sua giustificazione, quando la si connette da una parte al fatto che nel dicembre 1940 l&#8217;Italia aveva gi\u00e0 dimostrato, ed in modo lampante, di non essere in grado di sostenere un vasto, complesso e pericoloso conflitto di taglio moderno; e dall\u2019altra, alle reazioni quasi automatiche che Mussolini ebbe quando la realt\u00e0 lo pose di fronte al problema di una scelta definitiva, quella stessa che egli aveva evitato nel 1939, e poi ancora nel giugno 1940, entrando in guerra con la sicurezza che essa sarebbe finita in tre mesi.<\/p>\n<p style=\"text-align: justify;\">Errori gravissimi, ma non molto diversi da quelli commessi, in centinaia di occasioni storiche simili, da altrettanti uomini di governo, ivi\u00a0 compresi quei ministri italiani che nel 1915 avevano firmato la cambiale in bianco del Patto di Londra, persuasissimi \u2014 anch&#8217;essi \u2014 che la guerra sarebbe durata poche settimane. Da questo punto di vista, \u00e8 assai probabile che l&#8217;Italia del 1940 avrebbe commesso pi\u00f9 o meno gli stessi errori qualunque fosse stato in quel momento il governo in carica. Quelli, o altri di segno opposto: ma pur sempre errori dalle conseguenze catastrofiche.<\/p>\n<p style=\"text-align: justify;\">Alla fine di quell\u2019anno veramente fatale, accadde per\u00f2 un qualcosa che forse non si sarebbe verificato con un altro regime, poich\u00e9 Mussolini attu\u00f2 un vero e proprio colpo di Stato, liberandosi di quella opposizione interna che pur c&#8217;era, sovvertendo i comandi militari, ed imboccando risolutamente la via della guerra non pi\u00f9 \u00abparallela\u00bb, ma ormai in stretta unione, e meglio sarebbe dire dipendenza, con la Germania.<\/p>\n<p style=\"text-align: justify;\">Tra il 17 ed il 18 gennaio 1941, i vertici fascisti furono squassati da un vero e proprio terremoto: vennero spediti al fronte tutti i membri del Gran Consiglio, tutti i ministri, compreso quello dei Lavori Pubblici, e pi\u00f9 di 250 consiglieri nazionali. Furon prese anche altre misure, per esempio a carico dei Servizi Segreti, sulle quali nessuno storico si \u00e8 mai soffermato: e forse Mussolini prese anche altri contatti, sui quali esiste qualche debole indizio.<\/p>\n<p style=\"text-align: justify;\">Manc\u00f2 dunque la possibilit\u00e0 di far concorrere alla soluzione del dilemma quella parte della dirigenza fascista che, bene o male, si era fatta una lunga esperienza delle cose nazionali ed internazionali, e dietro la quale stava, coi suoi consigli e le sue critiche, l&#8217;intera classe dirigente italiana: aristocratici ed industriali, scrittori ed uomini di pensiero, vecchi militari e vecchi politici non insensibili, nonostante il fascismo, alla gravita dell&#8217;ora. In una parola, decise in quel momento e davvero il solo Mussolini, e su un piano strettamente umano \u00e8 interessante constatare che egli comp\u00ec questo negativo \u00absalto di qualit\u00e0\u00bb per la specialissima paranoia che spesso affligge gli uomini molto intelligenti: egli pens\u00f2 davvero che tutti gli altri avessero torto e che spettasse a lui, unico veggente in un mondo di ciechi, di trarre la nazione, e se stesso, a salvamento.<\/p>\n<p style=\"text-align: justify;\">Era gi\u00e0 una decisione catastrofica, ma Mussolini ne ampli\u00f2 le dimensioni dilapidando il nostro gi\u00e0 scarso potenziale militare ai quattro venti, quasi l&#8217;Italia fosse davvero una Potenza imperiale, necessitata ad esser presente dappertutto. La dominante ossessione di Hitler, in quegli anni, fu quella di non disperdere le proprie forze, ed un mucchio di grandi e piccole nazioni fece i salti mortali per circoscrivere i propri rischi, dichiarando la guerra a questo, ma non a quello, e comunque cercando di non bruciarsi, mai, pi\u00f9 della punta del mignolo.<\/p>\n<p style=\"text-align: justify;\">Mussolini credette nei tedeschi come altri credettero negli inglesi, o nei russi. Politicamente non fa differenza, se non per coloro che sono abituati ad aspettare la fine del film per indovinare la soluzione del giallo. Ma il \u00abmodo\u00bb in cui Mussolini credette \u00e8 davvero in linea con la progressiva paranoia di cui si diceva, poich\u00e9 egli mise sulla bilancia tutto quello che aveva, senza lasciarsi alle spalle nessuna via di ritirata.<\/p>\n<div id=\"attachment_14795\" style=\"width: 280px\" class=\"wp-caption alignright\"><a href=\"https:\/\/www.rassegnastampa-totustuus.it\/cattolica\/wp-content\/uploads\/2010\/10\/csir.jpg\"><img loading=\"lazy\" decoding=\"async\" aria-describedby=\"caption-attachment-14795\" class=\"wp-image-14795 size-full\" src=\"https:\/\/www.rassegnastampa-totustuus.it\/cattolica\/wp-content\/uploads\/2010\/10\/csir.jpg\" alt=\"csir\" width=\"280\" height=\"180\" \/><\/a><p id=\"caption-attachment-14795\" class=\"wp-caption-text\">Il duce passa in rassegna un contingente dell&#8217;Armir in partenza per la Russia<\/p><\/div>\n<p style=\"text-align: justify;\">Alla fine del 1942, il nostro ancora antiquato Esercito aveva 34 divisioni nei Balcani. 5 in Provenza, 11 in Russia e 4, difficilmente recuperabili, in Sardegna, Tutte pedine fuori gioco, e di nessunissimo peso sull&#8217;andamento globale del conflitto, ma in compenso assai utili al Comando tedesco per risparmiare forze proprie. Dichiarammo guerra a tutti, persino al Brasile, in omaggio ad una Alleanza che avremmo comunque servito assai meglio con una condotta di guerra pi\u00f9 accorta e pi\u00f9 seria.<\/p>\n<p style=\"text-align: justify;\">Non c&#8217;\u00e8 alcun dubbio che alcune tra le \u00abteste fini\u00bb fasciste, che non eran poi molte n\u00e9 particolarmente fini, si accorsero gi\u00e0 nel 1940 e inizio del 1941 che Mussolini rappresentava ormai un drammatico ostacolo sulla via degli interessi permanenti d&#8217;Italia.<\/p>\n<p style=\"text-align: justify;\">Grandi scrisse quel suo ordine del giorno che avrebbe poi presentato il 25 luglio del 1943 in gran consiglio gi\u00e0 nel gennaio o febbraio del 1941, tra le montagne d&#8217;Albania, dopo consultazioni informali con altri ministri e gerarchi come lui mandati al fronte. Nello stesso momento ammiragli, generali ed industriali pi\u00f9 o meno autorevoli cominciarono a cercare una via d&#8217;uscita. Le grandi vittorie tedesche dell&#8217;estate 1941 interruppero i tentativi, nella rinnovata speranza di una celere vittoria globale. Ma all&#8217;alba del 1942, e poi con sempre pi\u00f9 frequenti episodi, le trattative ripresero, sempre col loro carattere discontinuo e di basso livello.<\/p>\n<p style=\"text-align: justify;\">Purtroppo per l&#8217;Italia, in quegli anni non era emersa, n\u00e9 da noi n\u00e9 all&#8217;estero, una classe politica veramente alternativa, capace di prendere in pugno una situazione fallimentare e di limitarne i danni al minimo possibile.<\/p>\n<p style=\"text-align: justify;\">Peggio ancora, la fase finale delle trattative, quella che condusse al colpo di Stato del 25 luglio ed all&#8217;armistizio, fu resa possibile quasi esclusivamente per l&#8217;appoggio che ricevette \u2014 ma per interessi non certo italiani \u2014 dall&#8217;Unione Sovietica, in quel momento assoggettata ad una usura crescente che rendeva impossibile prevedere se e quando la Germania avrebbe potuto essere sconfitta davvero. Nella tormentosa attesa di un \u00absecondo fronte\u00bb che non veniva mai, a Stalin rimanevano assai poche carte da giocare: una di esse fu il cambio di fronte italiano.<\/p>\n<p style=\"text-align: center;\">_______________________________<\/p>\n<p style=\"text-align: center;\"><strong>CRONOLOGIA<\/strong><\/p>\n<p style=\"text-align: center;\">Dalla campagna di Grecia al Gran Consiglio<\/p>\n<p style=\"text-align: justify;\"><strong>8 OTTOBRE 1940:<\/strong> attacco italiano alla Grecia<\/p>\n<div align=\"justify\">\n<div align=\"justify\"><strong>11 NOVEMBRE 1940:<\/strong> raid inglese su Taranto<\/div>\n<div><strong>9 DICEMBRE 1940:<\/strong> attacco britannico in Cirenaica<\/div>\n<div><strong>18 GENNAIO 1941<\/strong>: Mussolini spedisce al fronte quasi tutti i ministri e i gerarchi fascisti .<\/div>\n<div><strong>6 APRILE 1941:<\/strong> attacco italo-tedesco alla Jugoslavia<\/div>\n<div><strong>22 GIUGNO 1941:<\/strong> attacco tedesco alla Russia<\/div>\n<div><strong>8 DICEMBRE 1941:<\/strong> gli Stati Uniti entrano in guerra<\/div>\n<div><strong>11 DICEMBRE 1941:<\/strong> le truppe italiane in Russia partecipano alla offensiva invernale<\/div>\n<div><strong>28 LUGLIO 1943:<\/strong> Mussolini defenestrato da un colpo di Stato.<\/div>\n<\/div>\n<p style=\"text-align: center;\"><strong>(<a href=\"https:\/\/www.rassegnastampa-totustuus.it\/cattolica\/?p=1750\">vai alla quinta parte<\/a>)<\/strong><\/p>\n","protected":false},"excerpt":{"rendered":"<p>Pubblicato su Il Sabato n.38 &#8211; 30 Settembre 1989 Cinquanta anni fa le truppe del F\u00fcrer invadevano la Polonia. Da quel giorno la guerra sar\u00e0 l\u2019unica realt\u00e0 di milioni uomini. Ma come e dove viene preparato il pi\u00f9 grande conflitto mai accaduto? La storia controcorrente del fatale 1939. di Franco Bandini<\/p><p><a class=\"more-link btn\" href=\"https:\/\/www.rassegnastampa-totustuus.it\/cattolica\/lanno-in-cui-il-mondo-fin-il-diario-del-39-4\/\">Continua a leggere<\/a><\/p>\n","protected":false},"author":6,"featured_media":14762,"comment_status":"open","ping_status":"open","sticky":false,"template":"","format":"standard","meta":{"footnotes":""},"categories":[90,24],"tags":[1140],"class_list":["post-4135","post","type-post","status-publish","format-standard","has-post-thumbnail","hentry","category-ii-guerra-mondiale","category-storia","tag-seconda-guerra-mondiale","item-wrap"],"yoast_head":"<!-- This site is optimized with the Yoast SEO plugin v27.5 - https:\/\/yoast.com\/product\/yoast-seo-wordpress\/ -->\n<title>L&#039;anno in cui il mondo fin&igrave;. Il diario del \u201839 (4) - Rassegna Stampa Cattolica<\/title>\n<meta name=\"description\" content=\"Rassegna Stampa Cattolica - Per una cultura che nasce dalla Rivelazione cristiana in conformit\u00e0 alla tradizione e al Magistero della Chiesa in opposizione ad ogni relativismo e totalitarismo\" \/>\n<meta name=\"robots\" content=\"index, follow, max-snippet:-1, max-image-preview:large, max-video-preview:-1\" \/>\n<link rel=\"canonical\" href=\"https:\/\/www.rassegnastampa-totustuus.it\/cattolica\/lanno-in-cui-il-mondo-fin-il-diario-del-39-4\/\" \/>\n<meta property=\"og:locale\" content=\"it_IT\" \/>\n<meta property=\"og:type\" content=\"article\" \/>\n<meta property=\"og:title\" content=\"L&#039;anno in cui il mondo fin&igrave;. Il diario del \u201839 (4) - Rassegna Stampa Cattolica\" \/>\n<meta property=\"og:description\" content=\"Rassegna Stampa Cattolica - Per una cultura che nasce dalla Rivelazione cristiana in conformit\u00e0 alla tradizione e al Magistero della Chiesa in opposizione ad ogni relativismo e totalitarismo\" \/>\n<meta property=\"og:url\" content=\"https:\/\/www.rassegnastampa-totustuus.it\/cattolica\/lanno-in-cui-il-mondo-fin-il-diario-del-39-4\/\" \/>\n<meta property=\"og:site_name\" content=\"Rassegna Stampa Cattolica\" \/>\n<meta property=\"article:publisher\" content=\"https:\/\/www.facebook.com\/rassegnastampacattolica\" \/>\n<meta property=\"article:published_time\" content=\"2010-10-13T08:46:30+00:00\" \/>\n<meta property=\"article:modified_time\" content=\"2019-07-24T07:53:39+00:00\" \/>\n<meta property=\"og:image\" content=\"https:\/\/www.rassegnastampa-totustuus.it\/cattolica\/wp-content\/uploads\/2005\/12\/World-War.jpg\" \/>\n\t<meta property=\"og:image:width\" content=\"176\" \/>\n\t<meta property=\"og:image:height\" content=\"251\" \/>\n\t<meta property=\"og:image:type\" content=\"image\/jpeg\" \/>\n<meta name=\"author\" content=\"Redazione\" \/>\n<meta name=\"twitter:card\" content=\"summary_large_image\" \/>\n<meta name=\"twitter:creator\" content=\"@rassegnastampa9\" \/>\n<meta name=\"twitter:site\" content=\"@rassegnastampa9\" \/>\n<meta name=\"twitter:label1\" content=\"Scritto da\" \/>\n\t<meta name=\"twitter:data1\" content=\"Redazione\" \/>\n\t<meta name=\"twitter:label2\" content=\"Tempo di lettura stimato\" \/>\n\t<meta name=\"twitter:data2\" content=\"19 minuti\" \/>\n<script type=\"application\/ld+json\" class=\"yoast-schema-graph\">{\"@context\":\"https:\\\/\\\/schema.org\",\"@graph\":[{\"@type\":\"Article\",\"@id\":\"https:\\\/\\\/www.rassegnastampa-totustuus.it\\\/cattolica\\\/lanno-in-cui-il-mondo-fin-il-diario-del-39-4\\\/#article\",\"isPartOf\":{\"@id\":\"https:\\\/\\\/www.rassegnastampa-totustuus.it\\\/cattolica\\\/lanno-in-cui-il-mondo-fin-il-diario-del-39-4\\\/\"},\"author\":{\"name\":\"Redazione\",\"@id\":\"https:\\\/\\\/www.rassegnastampa-totustuus.it\\\/cattolica\\\/#\\\/schema\\\/person\\\/08f319d2bd1a0904ad9e2bfb7b15e5c3\"},\"headline\":\"L&#8217;anno in cui il mondo fin&igrave;. Il diario del \u201839 (4)\",\"datePublished\":\"2010-10-13T08:46:30+00:00\",\"dateModified\":\"2019-07-24T07:53:39+00:00\",\"mainEntityOfPage\":{\"@id\":\"https:\\\/\\\/www.rassegnastampa-totustuus.it\\\/cattolica\\\/lanno-in-cui-il-mondo-fin-il-diario-del-39-4\\\/\"},\"wordCount\":3922,\"commentCount\":0,\"publisher\":{\"@id\":\"https:\\\/\\\/www.rassegnastampa-totustuus.it\\\/cattolica\\\/#organization\"},\"image\":{\"@id\":\"https:\\\/\\\/www.rassegnastampa-totustuus.it\\\/cattolica\\\/lanno-in-cui-il-mondo-fin-il-diario-del-39-4\\\/#primaryimage\"},\"thumbnailUrl\":\"https:\\\/\\\/www.rassegnastampa-totustuus.it\\\/cattolica\\\/wp-content\\\/uploads\\\/2005\\\/12\\\/World-War.jpg\",\"keywords\":[\"Seconda Guerra Mondiale\"],\"articleSection\":[\"II Guerra Mondiale\",\"Storia\"],\"inLanguage\":\"it-IT\",\"potentialAction\":[{\"@type\":\"CommentAction\",\"name\":\"Comment\",\"target\":[\"https:\\\/\\\/www.rassegnastampa-totustuus.it\\\/cattolica\\\/lanno-in-cui-il-mondo-fin-il-diario-del-39-4\\\/#respond\"]}]},{\"@type\":\"WebPage\",\"@id\":\"https:\\\/\\\/www.rassegnastampa-totustuus.it\\\/cattolica\\\/lanno-in-cui-il-mondo-fin-il-diario-del-39-4\\\/\",\"url\":\"https:\\\/\\\/www.rassegnastampa-totustuus.it\\\/cattolica\\\/lanno-in-cui-il-mondo-fin-il-diario-del-39-4\\\/\",\"name\":\"L'anno in cui il mondo fin&igrave;. Il diario del \u201839 (4) - Rassegna Stampa Cattolica\",\"isPartOf\":{\"@id\":\"https:\\\/\\\/www.rassegnastampa-totustuus.it\\\/cattolica\\\/#website\"},\"primaryImageOfPage\":{\"@id\":\"https:\\\/\\\/www.rassegnastampa-totustuus.it\\\/cattolica\\\/lanno-in-cui-il-mondo-fin-il-diario-del-39-4\\\/#primaryimage\"},\"image\":{\"@id\":\"https:\\\/\\\/www.rassegnastampa-totustuus.it\\\/cattolica\\\/lanno-in-cui-il-mondo-fin-il-diario-del-39-4\\\/#primaryimage\"},\"thumbnailUrl\":\"https:\\\/\\\/www.rassegnastampa-totustuus.it\\\/cattolica\\\/wp-content\\\/uploads\\\/2005\\\/12\\\/World-War.jpg\",\"datePublished\":\"2010-10-13T08:46:30+00:00\",\"dateModified\":\"2019-07-24T07:53:39+00:00\",\"description\":\"Rassegna Stampa Cattolica - Per una cultura che nasce dalla Rivelazione cristiana in conformit\u00e0 alla tradizione e al Magistero della Chiesa in opposizione ad ogni relativismo e totalitarismo\",\"breadcrumb\":{\"@id\":\"https:\\\/\\\/www.rassegnastampa-totustuus.it\\\/cattolica\\\/lanno-in-cui-il-mondo-fin-il-diario-del-39-4\\\/#breadcrumb\"},\"inLanguage\":\"it-IT\",\"potentialAction\":[{\"@type\":\"ReadAction\",\"target\":[\"https:\\\/\\\/www.rassegnastampa-totustuus.it\\\/cattolica\\\/lanno-in-cui-il-mondo-fin-il-diario-del-39-4\\\/\"]}]},{\"@type\":\"ImageObject\",\"inLanguage\":\"it-IT\",\"@id\":\"https:\\\/\\\/www.rassegnastampa-totustuus.it\\\/cattolica\\\/lanno-in-cui-il-mondo-fin-il-diario-del-39-4\\\/#primaryimage\",\"url\":\"https:\\\/\\\/www.rassegnastampa-totustuus.it\\\/cattolica\\\/wp-content\\\/uploads\\\/2005\\\/12\\\/World-War.jpg\",\"contentUrl\":\"https:\\\/\\\/www.rassegnastampa-totustuus.it\\\/cattolica\\\/wp-content\\\/uploads\\\/2005\\\/12\\\/World-War.jpg\",\"width\":176,\"height\":251},{\"@type\":\"BreadcrumbList\",\"@id\":\"https:\\\/\\\/www.rassegnastampa-totustuus.it\\\/cattolica\\\/lanno-in-cui-il-mondo-fin-il-diario-del-39-4\\\/#breadcrumb\",\"itemListElement\":[{\"@type\":\"ListItem\",\"position\":1,\"name\":\"Home\",\"item\":\"https:\\\/\\\/www.rassegnastampa-totustuus.it\\\/cattolica\\\/\"},{\"@type\":\"ListItem\",\"position\":2,\"name\":\"L&#8217;anno in cui il mondo fin&igrave;. Il diario del \u201839 (4)\"}]},{\"@type\":\"WebSite\",\"@id\":\"https:\\\/\\\/www.rassegnastampa-totustuus.it\\\/cattolica\\\/#website\",\"url\":\"https:\\\/\\\/www.rassegnastampa-totustuus.it\\\/cattolica\\\/\",\"name\":\"Rassegna Stampa Cattolica\",\"description\":\"Per una cultura che nasce dalla Rivelazione cristiana in conformit\u00e0 alla tradizione e al Magistero della Chiesa in opposizione ad ogni relativismo e totalitarismo\",\"publisher\":{\"@id\":\"https:\\\/\\\/www.rassegnastampa-totustuus.it\\\/cattolica\\\/#organization\"},\"alternateName\":\"Rass. Cattolica\",\"potentialAction\":[{\"@type\":\"SearchAction\",\"target\":{\"@type\":\"EntryPoint\",\"urlTemplate\":\"https:\\\/\\\/www.rassegnastampa-totustuus.it\\\/cattolica\\\/?s={search_term_string}\"},\"query-input\":{\"@type\":\"PropertyValueSpecification\",\"valueRequired\":true,\"valueName\":\"search_term_string\"}}],\"inLanguage\":\"it-IT\"},{\"@type\":\"Organization\",\"@id\":\"https:\\\/\\\/www.rassegnastampa-totustuus.it\\\/cattolica\\\/#organization\",\"name\":\"Rassegna Stampa Cattolica\",\"url\":\"https:\\\/\\\/www.rassegnastampa-totustuus.it\\\/cattolica\\\/\",\"logo\":{\"@type\":\"ImageObject\",\"inLanguage\":\"it-IT\",\"@id\":\"https:\\\/\\\/www.rassegnastampa-totustuus.it\\\/cattolica\\\/#\\\/schema\\\/logo\\\/image\\\/\",\"url\":\"https:\\\/\\\/www.rassegnastampa-totustuus.it\\\/cattolica\\\/wp-content\\\/uploads\\\/2014\\\/04\\\/logo-rassegna1.gif\",\"contentUrl\":\"https:\\\/\\\/www.rassegnastampa-totustuus.it\\\/cattolica\\\/wp-content\\\/uploads\\\/2014\\\/04\\\/logo-rassegna1.gif\",\"width\":600,\"height\":163,\"caption\":\"Rassegna Stampa Cattolica\"},\"image\":{\"@id\":\"https:\\\/\\\/www.rassegnastampa-totustuus.it\\\/cattolica\\\/#\\\/schema\\\/logo\\\/image\\\/\"},\"sameAs\":[\"https:\\\/\\\/www.facebook.com\\\/rassegnastampacattolica\",\"https:\\\/\\\/x.com\\\/rassegnastampa9\"]},{\"@type\":\"Person\",\"@id\":\"https:\\\/\\\/www.rassegnastampa-totustuus.it\\\/cattolica\\\/#\\\/schema\\\/person\\\/08f319d2bd1a0904ad9e2bfb7b15e5c3\",\"name\":\"Redazione\",\"image\":{\"@type\":\"ImageObject\",\"inLanguage\":\"it-IT\",\"@id\":\"https:\\\/\\\/secure.gravatar.com\\\/avatar\\\/2fcdf27c78ea025fbdb44e914cc63c72249ffec9dc8aafd5c82b26240ef3f346?s=96&d=mm&r=g\",\"url\":\"https:\\\/\\\/secure.gravatar.com\\\/avatar\\\/2fcdf27c78ea025fbdb44e914cc63c72249ffec9dc8aafd5c82b26240ef3f346?s=96&d=mm&r=g\",\"contentUrl\":\"https:\\\/\\\/secure.gravatar.com\\\/avatar\\\/2fcdf27c78ea025fbdb44e914cc63c72249ffec9dc8aafd5c82b26240ef3f346?s=96&d=mm&r=g\",\"caption\":\"Redazione\"},\"url\":\"https:\\\/\\\/www.rassegnastampa-totustuus.it\\\/cattolica\\\/author\\\/pietroelle\\\/\"}]}<\/script>\n<!-- \/ Yoast SEO plugin. -->","yoast_head_json":{"title":"L'anno in cui il mondo fin&igrave;. Il diario del \u201839 (4) - Rassegna Stampa Cattolica","description":"Rassegna Stampa Cattolica - Per una cultura che nasce dalla Rivelazione cristiana in conformit\u00e0 alla tradizione e al Magistero della Chiesa in opposizione ad ogni relativismo e totalitarismo","robots":{"index":"index","follow":"follow","max-snippet":"max-snippet:-1","max-image-preview":"max-image-preview:large","max-video-preview":"max-video-preview:-1"},"canonical":"https:\/\/www.rassegnastampa-totustuus.it\/cattolica\/lanno-in-cui-il-mondo-fin-il-diario-del-39-4\/","og_locale":"it_IT","og_type":"article","og_title":"L'anno in cui il mondo fin&igrave;. Il diario del \u201839 (4) - Rassegna Stampa Cattolica","og_description":"Rassegna Stampa Cattolica - Per una cultura che nasce dalla Rivelazione cristiana in conformit\u00e0 alla tradizione e al Magistero della Chiesa in opposizione ad ogni relativismo e totalitarismo","og_url":"https:\/\/www.rassegnastampa-totustuus.it\/cattolica\/lanno-in-cui-il-mondo-fin-il-diario-del-39-4\/","og_site_name":"Rassegna Stampa Cattolica","article_publisher":"https:\/\/www.facebook.com\/rassegnastampacattolica","article_published_time":"2010-10-13T08:46:30+00:00","article_modified_time":"2019-07-24T07:53:39+00:00","og_image":[{"width":176,"height":251,"url":"https:\/\/www.rassegnastampa-totustuus.it\/cattolica\/wp-content\/uploads\/2005\/12\/World-War.jpg","type":"image\/jpeg"}],"author":"Redazione","twitter_card":"summary_large_image","twitter_creator":"@rassegnastampa9","twitter_site":"@rassegnastampa9","twitter_misc":{"Scritto da":"Redazione","Tempo di lettura stimato":"19 minuti"},"schema":{"@context":"https:\/\/schema.org","@graph":[{"@type":"Article","@id":"https:\/\/www.rassegnastampa-totustuus.it\/cattolica\/lanno-in-cui-il-mondo-fin-il-diario-del-39-4\/#article","isPartOf":{"@id":"https:\/\/www.rassegnastampa-totustuus.it\/cattolica\/lanno-in-cui-il-mondo-fin-il-diario-del-39-4\/"},"author":{"name":"Redazione","@id":"https:\/\/www.rassegnastampa-totustuus.it\/cattolica\/#\/schema\/person\/08f319d2bd1a0904ad9e2bfb7b15e5c3"},"headline":"L&#8217;anno in cui il mondo fin&igrave;. Il diario del \u201839 (4)","datePublished":"2010-10-13T08:46:30+00:00","dateModified":"2019-07-24T07:53:39+00:00","mainEntityOfPage":{"@id":"https:\/\/www.rassegnastampa-totustuus.it\/cattolica\/lanno-in-cui-il-mondo-fin-il-diario-del-39-4\/"},"wordCount":3922,"commentCount":0,"publisher":{"@id":"https:\/\/www.rassegnastampa-totustuus.it\/cattolica\/#organization"},"image":{"@id":"https:\/\/www.rassegnastampa-totustuus.it\/cattolica\/lanno-in-cui-il-mondo-fin-il-diario-del-39-4\/#primaryimage"},"thumbnailUrl":"https:\/\/www.rassegnastampa-totustuus.it\/cattolica\/wp-content\/uploads\/2005\/12\/World-War.jpg","keywords":["Seconda Guerra Mondiale"],"articleSection":["II Guerra Mondiale","Storia"],"inLanguage":"it-IT","potentialAction":[{"@type":"CommentAction","name":"Comment","target":["https:\/\/www.rassegnastampa-totustuus.it\/cattolica\/lanno-in-cui-il-mondo-fin-il-diario-del-39-4\/#respond"]}]},{"@type":"WebPage","@id":"https:\/\/www.rassegnastampa-totustuus.it\/cattolica\/lanno-in-cui-il-mondo-fin-il-diario-del-39-4\/","url":"https:\/\/www.rassegnastampa-totustuus.it\/cattolica\/lanno-in-cui-il-mondo-fin-il-diario-del-39-4\/","name":"L'anno in cui il mondo fin&igrave;. Il diario del \u201839 (4) - Rassegna Stampa Cattolica","isPartOf":{"@id":"https:\/\/www.rassegnastampa-totustuus.it\/cattolica\/#website"},"primaryImageOfPage":{"@id":"https:\/\/www.rassegnastampa-totustuus.it\/cattolica\/lanno-in-cui-il-mondo-fin-il-diario-del-39-4\/#primaryimage"},"image":{"@id":"https:\/\/www.rassegnastampa-totustuus.it\/cattolica\/lanno-in-cui-il-mondo-fin-il-diario-del-39-4\/#primaryimage"},"thumbnailUrl":"https:\/\/www.rassegnastampa-totustuus.it\/cattolica\/wp-content\/uploads\/2005\/12\/World-War.jpg","datePublished":"2010-10-13T08:46:30+00:00","dateModified":"2019-07-24T07:53:39+00:00","description":"Rassegna Stampa Cattolica - Per una cultura che nasce dalla Rivelazione cristiana in conformit\u00e0 alla tradizione e al Magistero della Chiesa in opposizione ad ogni relativismo e totalitarismo","breadcrumb":{"@id":"https:\/\/www.rassegnastampa-totustuus.it\/cattolica\/lanno-in-cui-il-mondo-fin-il-diario-del-39-4\/#breadcrumb"},"inLanguage":"it-IT","potentialAction":[{"@type":"ReadAction","target":["https:\/\/www.rassegnastampa-totustuus.it\/cattolica\/lanno-in-cui-il-mondo-fin-il-diario-del-39-4\/"]}]},{"@type":"ImageObject","inLanguage":"it-IT","@id":"https:\/\/www.rassegnastampa-totustuus.it\/cattolica\/lanno-in-cui-il-mondo-fin-il-diario-del-39-4\/#primaryimage","url":"https:\/\/www.rassegnastampa-totustuus.it\/cattolica\/wp-content\/uploads\/2005\/12\/World-War.jpg","contentUrl":"https:\/\/www.rassegnastampa-totustuus.it\/cattolica\/wp-content\/uploads\/2005\/12\/World-War.jpg","width":176,"height":251},{"@type":"BreadcrumbList","@id":"https:\/\/www.rassegnastampa-totustuus.it\/cattolica\/lanno-in-cui-il-mondo-fin-il-diario-del-39-4\/#breadcrumb","itemListElement":[{"@type":"ListItem","position":1,"name":"Home","item":"https:\/\/www.rassegnastampa-totustuus.it\/cattolica\/"},{"@type":"ListItem","position":2,"name":"L&#8217;anno in cui il mondo fin&igrave;. Il diario del \u201839 (4)"}]},{"@type":"WebSite","@id":"https:\/\/www.rassegnastampa-totustuus.it\/cattolica\/#website","url":"https:\/\/www.rassegnastampa-totustuus.it\/cattolica\/","name":"Rassegna Stampa Cattolica","description":"Per una cultura che nasce dalla Rivelazione cristiana in conformit\u00e0 alla tradizione e al Magistero della Chiesa in opposizione ad ogni relativismo e totalitarismo","publisher":{"@id":"https:\/\/www.rassegnastampa-totustuus.it\/cattolica\/#organization"},"alternateName":"Rass. Cattolica","potentialAction":[{"@type":"SearchAction","target":{"@type":"EntryPoint","urlTemplate":"https:\/\/www.rassegnastampa-totustuus.it\/cattolica\/?s={search_term_string}"},"query-input":{"@type":"PropertyValueSpecification","valueRequired":true,"valueName":"search_term_string"}}],"inLanguage":"it-IT"},{"@type":"Organization","@id":"https:\/\/www.rassegnastampa-totustuus.it\/cattolica\/#organization","name":"Rassegna Stampa Cattolica","url":"https:\/\/www.rassegnastampa-totustuus.it\/cattolica\/","logo":{"@type":"ImageObject","inLanguage":"it-IT","@id":"https:\/\/www.rassegnastampa-totustuus.it\/cattolica\/#\/schema\/logo\/image\/","url":"https:\/\/www.rassegnastampa-totustuus.it\/cattolica\/wp-content\/uploads\/2014\/04\/logo-rassegna1.gif","contentUrl":"https:\/\/www.rassegnastampa-totustuus.it\/cattolica\/wp-content\/uploads\/2014\/04\/logo-rassegna1.gif","width":600,"height":163,"caption":"Rassegna Stampa Cattolica"},"image":{"@id":"https:\/\/www.rassegnastampa-totustuus.it\/cattolica\/#\/schema\/logo\/image\/"},"sameAs":["https:\/\/www.facebook.com\/rassegnastampacattolica","https:\/\/x.com\/rassegnastampa9"]},{"@type":"Person","@id":"https:\/\/www.rassegnastampa-totustuus.it\/cattolica\/#\/schema\/person\/08f319d2bd1a0904ad9e2bfb7b15e5c3","name":"Redazione","image":{"@type":"ImageObject","inLanguage":"it-IT","@id":"https:\/\/secure.gravatar.com\/avatar\/2fcdf27c78ea025fbdb44e914cc63c72249ffec9dc8aafd5c82b26240ef3f346?s=96&d=mm&r=g","url":"https:\/\/secure.gravatar.com\/avatar\/2fcdf27c78ea025fbdb44e914cc63c72249ffec9dc8aafd5c82b26240ef3f346?s=96&d=mm&r=g","contentUrl":"https:\/\/secure.gravatar.com\/avatar\/2fcdf27c78ea025fbdb44e914cc63c72249ffec9dc8aafd5c82b26240ef3f346?s=96&d=mm&r=g","caption":"Redazione"},"url":"https:\/\/www.rassegnastampa-totustuus.it\/cattolica\/author\/pietroelle\/"}]}},"_links":{"self":[{"href":"https:\/\/www.rassegnastampa-totustuus.it\/cattolica\/wp-json\/wp\/v2\/posts\/4135","targetHints":{"allow":["GET"]}}],"collection":[{"href":"https:\/\/www.rassegnastampa-totustuus.it\/cattolica\/wp-json\/wp\/v2\/posts"}],"about":[{"href":"https:\/\/www.rassegnastampa-totustuus.it\/cattolica\/wp-json\/wp\/v2\/types\/post"}],"author":[{"embeddable":true,"href":"https:\/\/www.rassegnastampa-totustuus.it\/cattolica\/wp-json\/wp\/v2\/users\/6"}],"replies":[{"embeddable":true,"href":"https:\/\/www.rassegnastampa-totustuus.it\/cattolica\/wp-json\/wp\/v2\/comments?post=4135"}],"version-history":[{"count":2,"href":"https:\/\/www.rassegnastampa-totustuus.it\/cattolica\/wp-json\/wp\/v2\/posts\/4135\/revisions"}],"predecessor-version":[{"id":43769,"href":"https:\/\/www.rassegnastampa-totustuus.it\/cattolica\/wp-json\/wp\/v2\/posts\/4135\/revisions\/43769"}],"wp:featuredmedia":[{"embeddable":true,"href":"https:\/\/www.rassegnastampa-totustuus.it\/cattolica\/wp-json\/wp\/v2\/media\/14762"}],"wp:attachment":[{"href":"https:\/\/www.rassegnastampa-totustuus.it\/cattolica\/wp-json\/wp\/v2\/media?parent=4135"}],"wp:term":[{"taxonomy":"category","embeddable":true,"href":"https:\/\/www.rassegnastampa-totustuus.it\/cattolica\/wp-json\/wp\/v2\/categories?post=4135"},{"taxonomy":"post_tag","embeddable":true,"href":"https:\/\/www.rassegnastampa-totustuus.it\/cattolica\/wp-json\/wp\/v2\/tags?post=4135"}],"curies":[{"name":"wp","href":"https:\/\/api.w.org\/{rel}","templated":true}]}}