{"id":41316,"date":"2018-10-18T00:00:52","date_gmt":"2018-10-17T22:00:52","guid":{"rendered":"http:\/\/www.rassegnastampa-totustuus.it\/cattolica\/?p=41316"},"modified":"2018-10-18T10:21:54","modified_gmt":"2018-10-18T08:21:54","slug":"droga-tra-i-ragazzi-la-prevenzione-non-e-nei-programmi-in-meta-degli-istituti","status":"publish","type":"post","link":"https:\/\/www.rassegnastampa-totustuus.it\/cattolica\/droga-tra-i-ragazzi-la-prevenzione-non-e-nei-programmi-in-meta-degli-istituti\/","title":{"rendered":"Droga tra i ragazzi: la prevenzione non \u00e8 nei programmi in met\u00e0 degli istituti"},"content":{"rendered":"<p style=\"text-align: center;\"><strong><a href=\"https:\/\/www.rassegnastampa-totustuus.it\/cattolica\/wp-content\/uploads\/2018\/10\/droga_scuola.jpg\"><img loading=\"lazy\" decoding=\"async\" class=\"wp-image-41317 alignleft\" src=\"https:\/\/www.rassegnastampa-totustuus.it\/cattolica\/wp-content\/uploads\/2018\/10\/droga_scuola.jpg\" alt=\"\" width=\"250\" height=\"187\" \/><\/a>Messaggero Veneto<\/strong> 11 Ottobre 2018<\/p>\n<p style=\"text-align: justify;\"><em>Questa guerra non si combatte solo con la repressione. Finanziati progetti per il contrasto con appena 6 milioni<\/em><\/p>\n<p style=\"text-align: center;\"><strong>Paolo Ermano<\/strong><\/p>\n<p style=\"text-align: justify;\">Uno studente delle superiori mi ha raccontato della perquisizione che ha subito il giorno dopo la morte della povera Alice: \u00abSono arrivate le pattuglie, si sono piazzate all&#8217;ingresso e hanno fermato gli studenti all&#8217;uscita per controlli\u00bb. Poi aggiunge: \u00abTanto cosa vuoi che cambi: ne fermano uno, ne ricompare un altro\u00bb. Il risultato dei controlli, stante quanto riportato dal Messaggero Veneto, \u00e8 E fermo di uno studente con dell&#8217;erba. Uno studente su oltre 14.000 iscritti sarebbe un bel risultato se fosse una reale fotograf\u00eca del fenomeno. Peccato che sia falsato dalla fretta di dare un segnale alla collettivit\u00e0, per tranquillizzare l&#8217;emotivit\u00e0 del momento.<\/p>\n<p><!--more--><\/p>\n<p style=\"text-align: justify;\">Che la guerra alla droga non si combatta con la repressione lo dice dal 2011 la Global Commission on Drug Policy, un gruppo di lavoro internazionale formato da esperti, suggerendo un approccio legato ad una visione meno stigmatizzata del consumatore, a forme alternative al carcere, all&#8217;investimento in politiche sociali e sanitarie e alla regolamentazione dell&#8217;uso di sostanze psicotrope. Da noi non solo \u00e8 difficile parlare di droga, un concetto dove mettiamo dentro ci\u00f2 che riteniamo illegali basandoci su scelte legate pi\u00f9 alla cultura che alle questioni, ad esempio, sanitarie (es.: cannabis s\u00ec, vino no), ma non sembra nei fatti utile visto E trattamento che il tema riceve dalla collettivit\u00e0.<\/p>\n<p style=\"text-align: justify;\"><a href=\"https:\/\/www.rassegnastampa-totustuus.it\/cattolica\/wp-content\/uploads\/2017\/04\/giovani-1.jpg\"><img loading=\"lazy\" decoding=\"async\" class=\"wp-image-37534 alignright\" src=\"https:\/\/www.rassegnastampa-totustuus.it\/cattolica\/wp-content\/uploads\/2017\/04\/giovani-1.jpg\" alt=\"\" width=\"250\" height=\"152\" \/><\/a>Si fa tanto rumore intorno al tema ma poi si scopre che, ad esempio, solo E 50% degli istituti scolastici fa attivit\u00e0 di prevenzione e che nel 2016 il Dipartimento Politiche Antidroga ha finanziato progetti di prevenzione per 6 milioni di euro. Una cifra irrisoria se confrontata con un mercato da 14 miliardi all&#8217;anno, poco superiore a quello delle bevande alcoliche e tabacchi e ben 3 volte quello della spesa delle famiglie in istruzione.<\/p>\n<p style=\"text-align: justify;\">L&#8217;European Drug Report 2017 evidenzia che il 23% dei giovani fra i 15 e 24 anni ha assunto almeno una sostanza illegale nell&#8217;ultimo anno, la stragrande maggioranza cannabis. Parliamo quindi di un fenomeno diffuso fra i giovani la cui rilevanza decresce con l&#8217;et\u00e0, con una media dell&#8217;11% fra la popolazione dai 15 ai 64 anni, quasi 4 milioni di persone. Proporzionalmente, in regione avremmo circa 100.000 consumatori, ma sono 4.000 gli utenti presi in carico dai servizi per problemi di tossicodipendenza, di cui 3.000 legati all&#8217;eroina. E molti (9 su 10 si stima per gli alcolisti) non si avvicinano ai servizi per paura dello stigma sociale o per mancanza di consapevolezza.<\/p>\n<p style=\"text-align: justify;\">Guardando poi alla popolazione carceraria \u00e8 da notare come addirittura 1 detenuto su 3 \u00e8 dentro per reati collegati al traffico di stupefacenti (1 su 5 fra i minori) ma il 98,6% di questi \u00e8 uno spacciatore, non un membro di un&#8217;associazione finalizzata allo spaccio. Prendiamo i piccoli ma non fermiamo i grandi. E li teniamo in carcere: solo 1 su 4 acce\u00adde a misure alternative, ma in regione Friuli Venezia Giulia chi \u00e8 sottoposto a misure di affidamento ai servizi ha una recidivit\u00e0 del 19%, chi sta in carcere del 68%.<\/p>\n<p style=\"text-align: justify;\"><a href=\"https:\/\/www.rassegnastampa-totustuus.it\/cattolica\/wp-content\/uploads\/2014\/03\/cannalibera.jpg\"><img loading=\"lazy\" decoding=\"async\" class=\"wp-image-6759 alignleft\" src=\"https:\/\/www.rassegnastampa-totustuus.it\/cattolica\/wp-content\/uploads\/2014\/03\/cannalibera.jpg\" alt=\"\" width=\"250\" height=\"166\" \/><\/a>Non sappiamo nemmeno se la strada della regolamentazione, che buoni risultati ha portato in molti paesi nel mondo, sia efficace visto che subito si \u00e8 intervenuti per limitarla.<\/p>\n<p style=\"text-align: justify;\">E alla fine si torna li: \u00e8 la prevenzione, non la repressione, la chiave per riconoscere, contenere e gestire il fenomeno. Prevenzione ad ogni livello. L&#8217;ultima Relazione annuale al Parlamento del Dipartimento Politiche Antidroga mette in luce quali fattori siano legati al consumo di sostanze fra gli studenti delle superiori. Fra i fattori associati positivamente, aver un pessimo rapporto con i genitori \u00e8 solo 9\u00b0 e viene dopo all&#8217;essersi ubriacato nell&#8217;ultimo mese, aver speso pi\u00f9 di 60 euro senza il controllo dei genitori o uscire spesso la sera; avere buoni rapporti con i genitori, con la scuola, con se stessi e non sentirsi economicamente a disagio riduce il rischio. Sembra proprio che un contesto che previene il disagio sia pi\u00f9 efficace delle politiche per la sicurezza.<\/p>\n<p style=\"text-align: justify;\">Vicende tragiche come quella di Alice dovremmo obbligarci a riflettere e a parlare di tutto questo a viso aperto.<\/p>\n<p>&nbsp;<\/p>\n","protected":false},"excerpt":{"rendered":"<p>Messaggero Veneto 11 Ottobre 2018 Questa guerra non si combatte solo con la repressione. Finanziati progetti per il contrasto con appena 6 milioni Paolo Ermano Uno studente delle superiori mi ha raccontato della perquisizione che ha subito il giorno dopo la morte della povera Alice: \u00abSono arrivate le pattuglie, si sono piazzate all&#8217;ingresso e hanno &hellip; <\/p>\n<p><a class=\"more-link btn\" href=\"https:\/\/www.rassegnastampa-totustuus.it\/cattolica\/droga-tra-i-ragazzi-la-prevenzione-non-e-nei-programmi-in-meta-degli-istituti\/\">Continua a leggere<\/a><\/p>\n","protected":false},"author":6,"featured_media":41317,"comment_status":"closed","ping_status":"closed","sticky":false,"template":"","format":"standard","meta":{"footnotes":""},"categories":[12],"tags":[573,376],"class_list":["post-41316","post","type-post","status-publish","format-standard","has-post-thumbnail","hentry","category-droga","tag-giovani","tag-legalizzazione-droga","item-wrap"],"yoast_head":"<!-- This site is optimized with the Yoast SEO plugin v27.5 - https:\/\/yoast.com\/product\/yoast-seo-wordpress\/ -->\n<title>Droga tra i ragazzi: la prevenzione non \u00e8 nei programmi in met\u00e0 degli istituti - Rassegna Stampa Cattolica<\/title>\n<meta name=\"description\" content=\"Rassegna Stampa Cattolica - Per una cultura che nasce dalla Rivelazione cristiana in conformit\u00e0 alla tradizione e al Magistero della Chiesa in opposizione ad ogni relativismo e totalitarismo\" \/>\n<meta name=\"robots\" content=\"index, follow, max-snippet:-1, max-image-preview:large, max-video-preview:-1\" \/>\n<link rel=\"canonical\" href=\"https:\/\/www.rassegnastampa-totustuus.it\/cattolica\/droga-tra-i-ragazzi-la-prevenzione-non-e-nei-programmi-in-meta-degli-istituti\/\" \/>\n<meta property=\"og:locale\" content=\"it_IT\" \/>\n<meta property=\"og:type\" content=\"article\" \/>\n<meta property=\"og:title\" content=\"Droga tra i ragazzi: la prevenzione non \u00e8 nei programmi in met\u00e0 degli istituti - Rassegna Stampa Cattolica\" \/>\n<meta property=\"og:description\" content=\"Rassegna Stampa Cattolica - Per una cultura che nasce dalla Rivelazione cristiana in conformit\u00e0 alla tradizione e al Magistero della Chiesa in opposizione ad ogni relativismo e totalitarismo\" \/>\n<meta property=\"og:url\" content=\"https:\/\/www.rassegnastampa-totustuus.it\/cattolica\/droga-tra-i-ragazzi-la-prevenzione-non-e-nei-programmi-in-meta-degli-istituti\/\" \/>\n<meta property=\"og:site_name\" content=\"Rassegna Stampa Cattolica\" \/>\n<meta property=\"article:publisher\" content=\"https:\/\/www.facebook.com\/rassegnastampacattolica\" \/>\n<meta property=\"article:published_time\" content=\"2018-10-17T22:00:52+00:00\" \/>\n<meta property=\"article:modified_time\" content=\"2018-10-18T08:21:54+00:00\" \/>\n<meta property=\"og:image\" content=\"https:\/\/www.rassegnastampa-totustuus.it\/cattolica\/wp-content\/uploads\/2018\/10\/droga_scuola.jpg\" \/>\n\t<meta property=\"og:image:width\" content=\"259\" \/>\n\t<meta property=\"og:image:height\" content=\"194\" \/>\n\t<meta property=\"og:image:type\" content=\"image\/jpeg\" \/>\n<meta name=\"author\" content=\"Redazione\" \/>\n<meta name=\"twitter:card\" content=\"summary_large_image\" \/>\n<meta name=\"twitter:creator\" content=\"@rassegnastampa9\" \/>\n<meta name=\"twitter:site\" content=\"@rassegnastampa9\" \/>\n<meta name=\"twitter:label1\" content=\"Scritto da\" \/>\n\t<meta name=\"twitter:data1\" content=\"Redazione\" \/>\n\t<meta name=\"twitter:label2\" content=\"Tempo di lettura stimato\" \/>\n\t<meta name=\"twitter:data2\" content=\"3 minuti\" \/>\n<script type=\"application\/ld+json\" class=\"yoast-schema-graph\">{\"@context\":\"https:\\\/\\\/schema.org\",\"@graph\":[{\"@type\":\"Article\",\"@id\":\"https:\\\/\\\/www.rassegnastampa-totustuus.it\\\/cattolica\\\/droga-tra-i-ragazzi-la-prevenzione-non-e-nei-programmi-in-meta-degli-istituti\\\/#article\",\"isPartOf\":{\"@id\":\"https:\\\/\\\/www.rassegnastampa-totustuus.it\\\/cattolica\\\/droga-tra-i-ragazzi-la-prevenzione-non-e-nei-programmi-in-meta-degli-istituti\\\/\"},\"author\":{\"name\":\"Redazione\",\"@id\":\"https:\\\/\\\/www.rassegnastampa-totustuus.it\\\/cattolica\\\/#\\\/schema\\\/person\\\/08f319d2bd1a0904ad9e2bfb7b15e5c3\"},\"headline\":\"Droga tra i ragazzi: la prevenzione non \u00e8 nei programmi in met\u00e0 degli istituti\",\"datePublished\":\"2018-10-17T22:00:52+00:00\",\"dateModified\":\"2018-10-18T08:21:54+00:00\",\"mainEntityOfPage\":{\"@id\":\"https:\\\/\\\/www.rassegnastampa-totustuus.it\\\/cattolica\\\/droga-tra-i-ragazzi-la-prevenzione-non-e-nei-programmi-in-meta-degli-istituti\\\/\"},\"wordCount\":675,\"publisher\":{\"@id\":\"https:\\\/\\\/www.rassegnastampa-totustuus.it\\\/cattolica\\\/#organization\"},\"image\":{\"@id\":\"https:\\\/\\\/www.rassegnastampa-totustuus.it\\\/cattolica\\\/droga-tra-i-ragazzi-la-prevenzione-non-e-nei-programmi-in-meta-degli-istituti\\\/#primaryimage\"},\"thumbnailUrl\":\"https:\\\/\\\/www.rassegnastampa-totustuus.it\\\/cattolica\\\/wp-content\\\/uploads\\\/2018\\\/10\\\/droga_scuola.jpg\",\"keywords\":[\"giovani\",\"legalizzazione droga\"],\"articleSection\":[\"Droga\"],\"inLanguage\":\"it-IT\"},{\"@type\":\"WebPage\",\"@id\":\"https:\\\/\\\/www.rassegnastampa-totustuus.it\\\/cattolica\\\/droga-tra-i-ragazzi-la-prevenzione-non-e-nei-programmi-in-meta-degli-istituti\\\/\",\"url\":\"https:\\\/\\\/www.rassegnastampa-totustuus.it\\\/cattolica\\\/droga-tra-i-ragazzi-la-prevenzione-non-e-nei-programmi-in-meta-degli-istituti\\\/\",\"name\":\"Droga tra i ragazzi: la prevenzione non \u00e8 nei programmi in met\u00e0 degli istituti - Rassegna Stampa Cattolica\",\"isPartOf\":{\"@id\":\"https:\\\/\\\/www.rassegnastampa-totustuus.it\\\/cattolica\\\/#website\"},\"primaryImageOfPage\":{\"@id\":\"https:\\\/\\\/www.rassegnastampa-totustuus.it\\\/cattolica\\\/droga-tra-i-ragazzi-la-prevenzione-non-e-nei-programmi-in-meta-degli-istituti\\\/#primaryimage\"},\"image\":{\"@id\":\"https:\\\/\\\/www.rassegnastampa-totustuus.it\\\/cattolica\\\/droga-tra-i-ragazzi-la-prevenzione-non-e-nei-programmi-in-meta-degli-istituti\\\/#primaryimage\"},\"thumbnailUrl\":\"https:\\\/\\\/www.rassegnastampa-totustuus.it\\\/cattolica\\\/wp-content\\\/uploads\\\/2018\\\/10\\\/droga_scuola.jpg\",\"datePublished\":\"2018-10-17T22:00:52+00:00\",\"dateModified\":\"2018-10-18T08:21:54+00:00\",\"description\":\"Rassegna Stampa Cattolica - Per una cultura che nasce dalla Rivelazione cristiana in conformit\u00e0 alla tradizione e al Magistero della Chiesa in opposizione ad ogni relativismo e totalitarismo\",\"breadcrumb\":{\"@id\":\"https:\\\/\\\/www.rassegnastampa-totustuus.it\\\/cattolica\\\/droga-tra-i-ragazzi-la-prevenzione-non-e-nei-programmi-in-meta-degli-istituti\\\/#breadcrumb\"},\"inLanguage\":\"it-IT\",\"potentialAction\":[{\"@type\":\"ReadAction\",\"target\":[\"https:\\\/\\\/www.rassegnastampa-totustuus.it\\\/cattolica\\\/droga-tra-i-ragazzi-la-prevenzione-non-e-nei-programmi-in-meta-degli-istituti\\\/\"]}]},{\"@type\":\"ImageObject\",\"inLanguage\":\"it-IT\",\"@id\":\"https:\\\/\\\/www.rassegnastampa-totustuus.it\\\/cattolica\\\/droga-tra-i-ragazzi-la-prevenzione-non-e-nei-programmi-in-meta-degli-istituti\\\/#primaryimage\",\"url\":\"https:\\\/\\\/www.rassegnastampa-totustuus.it\\\/cattolica\\\/wp-content\\\/uploads\\\/2018\\\/10\\\/droga_scuola.jpg\",\"contentUrl\":\"https:\\\/\\\/www.rassegnastampa-totustuus.it\\\/cattolica\\\/wp-content\\\/uploads\\\/2018\\\/10\\\/droga_scuola.jpg\",\"width\":259,\"height\":194},{\"@type\":\"BreadcrumbList\",\"@id\":\"https:\\\/\\\/www.rassegnastampa-totustuus.it\\\/cattolica\\\/droga-tra-i-ragazzi-la-prevenzione-non-e-nei-programmi-in-meta-degli-istituti\\\/#breadcrumb\",\"itemListElement\":[{\"@type\":\"ListItem\",\"position\":1,\"name\":\"Home\",\"item\":\"https:\\\/\\\/www.rassegnastampa-totustuus.it\\\/cattolica\\\/\"},{\"@type\":\"ListItem\",\"position\":2,\"name\":\"Droga tra i ragazzi: la prevenzione non \u00e8 nei programmi in met\u00e0 degli istituti\"}]},{\"@type\":\"WebSite\",\"@id\":\"https:\\\/\\\/www.rassegnastampa-totustuus.it\\\/cattolica\\\/#website\",\"url\":\"https:\\\/\\\/www.rassegnastampa-totustuus.it\\\/cattolica\\\/\",\"name\":\"Rassegna Stampa Cattolica\",\"description\":\"Per una cultura che nasce dalla Rivelazione cristiana in conformit\u00e0 alla tradizione e al Magistero della Chiesa in opposizione ad ogni relativismo e totalitarismo\",\"publisher\":{\"@id\":\"https:\\\/\\\/www.rassegnastampa-totustuus.it\\\/cattolica\\\/#organization\"},\"alternateName\":\"Rass. Cattolica\",\"potentialAction\":[{\"@type\":\"SearchAction\",\"target\":{\"@type\":\"EntryPoint\",\"urlTemplate\":\"https:\\\/\\\/www.rassegnastampa-totustuus.it\\\/cattolica\\\/?s={search_term_string}\"},\"query-input\":{\"@type\":\"PropertyValueSpecification\",\"valueRequired\":true,\"valueName\":\"search_term_string\"}}],\"inLanguage\":\"it-IT\"},{\"@type\":\"Organization\",\"@id\":\"https:\\\/\\\/www.rassegnastampa-totustuus.it\\\/cattolica\\\/#organization\",\"name\":\"Rassegna Stampa Cattolica\",\"url\":\"https:\\\/\\\/www.rassegnastampa-totustuus.it\\\/cattolica\\\/\",\"logo\":{\"@type\":\"ImageObject\",\"inLanguage\":\"it-IT\",\"@id\":\"https:\\\/\\\/www.rassegnastampa-totustuus.it\\\/cattolica\\\/#\\\/schema\\\/logo\\\/image\\\/\",\"url\":\"https:\\\/\\\/www.rassegnastampa-totustuus.it\\\/cattolica\\\/wp-content\\\/uploads\\\/2014\\\/04\\\/logo-rassegna1.gif\",\"contentUrl\":\"https:\\\/\\\/www.rassegnastampa-totustuus.it\\\/cattolica\\\/wp-content\\\/uploads\\\/2014\\\/04\\\/logo-rassegna1.gif\",\"width\":600,\"height\":163,\"caption\":\"Rassegna Stampa Cattolica\"},\"image\":{\"@id\":\"https:\\\/\\\/www.rassegnastampa-totustuus.it\\\/cattolica\\\/#\\\/schema\\\/logo\\\/image\\\/\"},\"sameAs\":[\"https:\\\/\\\/www.facebook.com\\\/rassegnastampacattolica\",\"https:\\\/\\\/x.com\\\/rassegnastampa9\"]},{\"@type\":\"Person\",\"@id\":\"https:\\\/\\\/www.rassegnastampa-totustuus.it\\\/cattolica\\\/#\\\/schema\\\/person\\\/08f319d2bd1a0904ad9e2bfb7b15e5c3\",\"name\":\"Redazione\",\"image\":{\"@type\":\"ImageObject\",\"inLanguage\":\"it-IT\",\"@id\":\"https:\\\/\\\/secure.gravatar.com\\\/avatar\\\/2fcdf27c78ea025fbdb44e914cc63c72249ffec9dc8aafd5c82b26240ef3f346?s=96&d=mm&r=g\",\"url\":\"https:\\\/\\\/secure.gravatar.com\\\/avatar\\\/2fcdf27c78ea025fbdb44e914cc63c72249ffec9dc8aafd5c82b26240ef3f346?s=96&d=mm&r=g\",\"contentUrl\":\"https:\\\/\\\/secure.gravatar.com\\\/avatar\\\/2fcdf27c78ea025fbdb44e914cc63c72249ffec9dc8aafd5c82b26240ef3f346?s=96&d=mm&r=g\",\"caption\":\"Redazione\"},\"url\":\"https:\\\/\\\/www.rassegnastampa-totustuus.it\\\/cattolica\\\/author\\\/pietroelle\\\/\"}]}<\/script>\n<!-- \/ Yoast SEO plugin. -->","yoast_head_json":{"title":"Droga tra i ragazzi: la prevenzione non \u00e8 nei programmi in met\u00e0 degli istituti - Rassegna Stampa Cattolica","description":"Rassegna Stampa Cattolica - Per una cultura che nasce dalla Rivelazione cristiana in conformit\u00e0 alla tradizione e al Magistero della Chiesa in opposizione ad ogni relativismo e totalitarismo","robots":{"index":"index","follow":"follow","max-snippet":"max-snippet:-1","max-image-preview":"max-image-preview:large","max-video-preview":"max-video-preview:-1"},"canonical":"https:\/\/www.rassegnastampa-totustuus.it\/cattolica\/droga-tra-i-ragazzi-la-prevenzione-non-e-nei-programmi-in-meta-degli-istituti\/","og_locale":"it_IT","og_type":"article","og_title":"Droga tra i ragazzi: la prevenzione non \u00e8 nei programmi in met\u00e0 degli istituti - Rassegna Stampa Cattolica","og_description":"Rassegna Stampa Cattolica - Per una cultura che nasce dalla Rivelazione cristiana in conformit\u00e0 alla tradizione e al Magistero della Chiesa in opposizione ad ogni relativismo e totalitarismo","og_url":"https:\/\/www.rassegnastampa-totustuus.it\/cattolica\/droga-tra-i-ragazzi-la-prevenzione-non-e-nei-programmi-in-meta-degli-istituti\/","og_site_name":"Rassegna Stampa Cattolica","article_publisher":"https:\/\/www.facebook.com\/rassegnastampacattolica","article_published_time":"2018-10-17T22:00:52+00:00","article_modified_time":"2018-10-18T08:21:54+00:00","og_image":[{"width":259,"height":194,"url":"https:\/\/www.rassegnastampa-totustuus.it\/cattolica\/wp-content\/uploads\/2018\/10\/droga_scuola.jpg","type":"image\/jpeg"}],"author":"Redazione","twitter_card":"summary_large_image","twitter_creator":"@rassegnastampa9","twitter_site":"@rassegnastampa9","twitter_misc":{"Scritto da":"Redazione","Tempo di lettura stimato":"3 minuti"},"schema":{"@context":"https:\/\/schema.org","@graph":[{"@type":"Article","@id":"https:\/\/www.rassegnastampa-totustuus.it\/cattolica\/droga-tra-i-ragazzi-la-prevenzione-non-e-nei-programmi-in-meta-degli-istituti\/#article","isPartOf":{"@id":"https:\/\/www.rassegnastampa-totustuus.it\/cattolica\/droga-tra-i-ragazzi-la-prevenzione-non-e-nei-programmi-in-meta-degli-istituti\/"},"author":{"name":"Redazione","@id":"https:\/\/www.rassegnastampa-totustuus.it\/cattolica\/#\/schema\/person\/08f319d2bd1a0904ad9e2bfb7b15e5c3"},"headline":"Droga tra i ragazzi: la prevenzione non \u00e8 nei programmi in met\u00e0 degli istituti","datePublished":"2018-10-17T22:00:52+00:00","dateModified":"2018-10-18T08:21:54+00:00","mainEntityOfPage":{"@id":"https:\/\/www.rassegnastampa-totustuus.it\/cattolica\/droga-tra-i-ragazzi-la-prevenzione-non-e-nei-programmi-in-meta-degli-istituti\/"},"wordCount":675,"publisher":{"@id":"https:\/\/www.rassegnastampa-totustuus.it\/cattolica\/#organization"},"image":{"@id":"https:\/\/www.rassegnastampa-totustuus.it\/cattolica\/droga-tra-i-ragazzi-la-prevenzione-non-e-nei-programmi-in-meta-degli-istituti\/#primaryimage"},"thumbnailUrl":"https:\/\/www.rassegnastampa-totustuus.it\/cattolica\/wp-content\/uploads\/2018\/10\/droga_scuola.jpg","keywords":["giovani","legalizzazione droga"],"articleSection":["Droga"],"inLanguage":"it-IT"},{"@type":"WebPage","@id":"https:\/\/www.rassegnastampa-totustuus.it\/cattolica\/droga-tra-i-ragazzi-la-prevenzione-non-e-nei-programmi-in-meta-degli-istituti\/","url":"https:\/\/www.rassegnastampa-totustuus.it\/cattolica\/droga-tra-i-ragazzi-la-prevenzione-non-e-nei-programmi-in-meta-degli-istituti\/","name":"Droga tra i ragazzi: la prevenzione non \u00e8 nei programmi in met\u00e0 degli istituti - Rassegna Stampa Cattolica","isPartOf":{"@id":"https:\/\/www.rassegnastampa-totustuus.it\/cattolica\/#website"},"primaryImageOfPage":{"@id":"https:\/\/www.rassegnastampa-totustuus.it\/cattolica\/droga-tra-i-ragazzi-la-prevenzione-non-e-nei-programmi-in-meta-degli-istituti\/#primaryimage"},"image":{"@id":"https:\/\/www.rassegnastampa-totustuus.it\/cattolica\/droga-tra-i-ragazzi-la-prevenzione-non-e-nei-programmi-in-meta-degli-istituti\/#primaryimage"},"thumbnailUrl":"https:\/\/www.rassegnastampa-totustuus.it\/cattolica\/wp-content\/uploads\/2018\/10\/droga_scuola.jpg","datePublished":"2018-10-17T22:00:52+00:00","dateModified":"2018-10-18T08:21:54+00:00","description":"Rassegna Stampa Cattolica - Per una cultura che nasce dalla Rivelazione cristiana in conformit\u00e0 alla tradizione e al Magistero della Chiesa in opposizione ad ogni relativismo e totalitarismo","breadcrumb":{"@id":"https:\/\/www.rassegnastampa-totustuus.it\/cattolica\/droga-tra-i-ragazzi-la-prevenzione-non-e-nei-programmi-in-meta-degli-istituti\/#breadcrumb"},"inLanguage":"it-IT","potentialAction":[{"@type":"ReadAction","target":["https:\/\/www.rassegnastampa-totustuus.it\/cattolica\/droga-tra-i-ragazzi-la-prevenzione-non-e-nei-programmi-in-meta-degli-istituti\/"]}]},{"@type":"ImageObject","inLanguage":"it-IT","@id":"https:\/\/www.rassegnastampa-totustuus.it\/cattolica\/droga-tra-i-ragazzi-la-prevenzione-non-e-nei-programmi-in-meta-degli-istituti\/#primaryimage","url":"https:\/\/www.rassegnastampa-totustuus.it\/cattolica\/wp-content\/uploads\/2018\/10\/droga_scuola.jpg","contentUrl":"https:\/\/www.rassegnastampa-totustuus.it\/cattolica\/wp-content\/uploads\/2018\/10\/droga_scuola.jpg","width":259,"height":194},{"@type":"BreadcrumbList","@id":"https:\/\/www.rassegnastampa-totustuus.it\/cattolica\/droga-tra-i-ragazzi-la-prevenzione-non-e-nei-programmi-in-meta-degli-istituti\/#breadcrumb","itemListElement":[{"@type":"ListItem","position":1,"name":"Home","item":"https:\/\/www.rassegnastampa-totustuus.it\/cattolica\/"},{"@type":"ListItem","position":2,"name":"Droga tra i ragazzi: la prevenzione non \u00e8 nei programmi in met\u00e0 degli istituti"}]},{"@type":"WebSite","@id":"https:\/\/www.rassegnastampa-totustuus.it\/cattolica\/#website","url":"https:\/\/www.rassegnastampa-totustuus.it\/cattolica\/","name":"Rassegna Stampa Cattolica","description":"Per una cultura che nasce dalla Rivelazione cristiana in conformit\u00e0 alla tradizione e al Magistero della Chiesa in opposizione ad ogni relativismo e totalitarismo","publisher":{"@id":"https:\/\/www.rassegnastampa-totustuus.it\/cattolica\/#organization"},"alternateName":"Rass. Cattolica","potentialAction":[{"@type":"SearchAction","target":{"@type":"EntryPoint","urlTemplate":"https:\/\/www.rassegnastampa-totustuus.it\/cattolica\/?s={search_term_string}"},"query-input":{"@type":"PropertyValueSpecification","valueRequired":true,"valueName":"search_term_string"}}],"inLanguage":"it-IT"},{"@type":"Organization","@id":"https:\/\/www.rassegnastampa-totustuus.it\/cattolica\/#organization","name":"Rassegna Stampa Cattolica","url":"https:\/\/www.rassegnastampa-totustuus.it\/cattolica\/","logo":{"@type":"ImageObject","inLanguage":"it-IT","@id":"https:\/\/www.rassegnastampa-totustuus.it\/cattolica\/#\/schema\/logo\/image\/","url":"https:\/\/www.rassegnastampa-totustuus.it\/cattolica\/wp-content\/uploads\/2014\/04\/logo-rassegna1.gif","contentUrl":"https:\/\/www.rassegnastampa-totustuus.it\/cattolica\/wp-content\/uploads\/2014\/04\/logo-rassegna1.gif","width":600,"height":163,"caption":"Rassegna Stampa Cattolica"},"image":{"@id":"https:\/\/www.rassegnastampa-totustuus.it\/cattolica\/#\/schema\/logo\/image\/"},"sameAs":["https:\/\/www.facebook.com\/rassegnastampacattolica","https:\/\/x.com\/rassegnastampa9"]},{"@type":"Person","@id":"https:\/\/www.rassegnastampa-totustuus.it\/cattolica\/#\/schema\/person\/08f319d2bd1a0904ad9e2bfb7b15e5c3","name":"Redazione","image":{"@type":"ImageObject","inLanguage":"it-IT","@id":"https:\/\/secure.gravatar.com\/avatar\/2fcdf27c78ea025fbdb44e914cc63c72249ffec9dc8aafd5c82b26240ef3f346?s=96&d=mm&r=g","url":"https:\/\/secure.gravatar.com\/avatar\/2fcdf27c78ea025fbdb44e914cc63c72249ffec9dc8aafd5c82b26240ef3f346?s=96&d=mm&r=g","contentUrl":"https:\/\/secure.gravatar.com\/avatar\/2fcdf27c78ea025fbdb44e914cc63c72249ffec9dc8aafd5c82b26240ef3f346?s=96&d=mm&r=g","caption":"Redazione"},"url":"https:\/\/www.rassegnastampa-totustuus.it\/cattolica\/author\/pietroelle\/"}]}},"_links":{"self":[{"href":"https:\/\/www.rassegnastampa-totustuus.it\/cattolica\/wp-json\/wp\/v2\/posts\/41316","targetHints":{"allow":["GET"]}}],"collection":[{"href":"https:\/\/www.rassegnastampa-totustuus.it\/cattolica\/wp-json\/wp\/v2\/posts"}],"about":[{"href":"https:\/\/www.rassegnastampa-totustuus.it\/cattolica\/wp-json\/wp\/v2\/types\/post"}],"author":[{"embeddable":true,"href":"https:\/\/www.rassegnastampa-totustuus.it\/cattolica\/wp-json\/wp\/v2\/users\/6"}],"replies":[{"embeddable":true,"href":"https:\/\/www.rassegnastampa-totustuus.it\/cattolica\/wp-json\/wp\/v2\/comments?post=41316"}],"version-history":[{"count":2,"href":"https:\/\/www.rassegnastampa-totustuus.it\/cattolica\/wp-json\/wp\/v2\/posts\/41316\/revisions"}],"predecessor-version":[{"id":41366,"href":"https:\/\/www.rassegnastampa-totustuus.it\/cattolica\/wp-json\/wp\/v2\/posts\/41316\/revisions\/41366"}],"wp:featuredmedia":[{"embeddable":true,"href":"https:\/\/www.rassegnastampa-totustuus.it\/cattolica\/wp-json\/wp\/v2\/media\/41317"}],"wp:attachment":[{"href":"https:\/\/www.rassegnastampa-totustuus.it\/cattolica\/wp-json\/wp\/v2\/media?parent=41316"}],"wp:term":[{"taxonomy":"category","embeddable":true,"href":"https:\/\/www.rassegnastampa-totustuus.it\/cattolica\/wp-json\/wp\/v2\/categories?post=41316"},{"taxonomy":"post_tag","embeddable":true,"href":"https:\/\/www.rassegnastampa-totustuus.it\/cattolica\/wp-json\/wp\/v2\/tags?post=41316"}],"curies":[{"name":"wp","href":"https:\/\/api.w.org\/{rel}","templated":true}]}}