{"id":41206,"date":"2018-10-04T00:00:46","date_gmt":"2018-10-03T22:00:46","guid":{"rendered":"http:\/\/www.rassegnastampa-totustuus.it\/cattolica\/?p=41206"},"modified":"2018-10-01T11:51:04","modified_gmt":"2018-10-01T09:51:04","slug":"ci-vogliono-piu-asili-nido-ma-e-proprio-vero-restituire-i-figli-ai-genitori","status":"publish","type":"post","link":"https:\/\/www.rassegnastampa-totustuus.it\/cattolica\/ci-vogliono-piu-asili-nido-ma-e-proprio-vero-restituire-i-figli-ai-genitori\/","title":{"rendered":"\u201cCi vogliono pi\u00f9 asili nido!\u201d, ma \u00e8 proprio vero? Restituire i figli ai genitori"},"content":{"rendered":"<p style=\"text-align: center;\"><strong><a href=\"https:\/\/www.rassegnastampa-totustuus.it\/cattolica\/wp-content\/uploads\/2018\/10\/Liberace_cover.jpg\"><img loading=\"lazy\" decoding=\"async\" class=\"alignleft wp-image-41208\" src=\"https:\/\/www.rassegnastampa-totustuus.it\/cattolica\/wp-content\/uploads\/2018\/10\/Liberace_cover.jpg\" alt=\"\" width=\"125\" height=\"200\" \/><\/a>da<a href=\"http:\/\/www.vitanuovatrieste.it\/\" target=\"_blank\" rel=\"noopener\"> Vita Nuova<\/a><\/strong> 3 Giugno 2018<\/p>\n<p style=\"text-align: justify;\"><em>Paola Liberace in un suo libretto ci spiega come fare a riconsegnare l\u2019educazione n mano ai genitori, altro che Welfare State.<\/em><\/p>\n<p style=\"text-align: center;\"><strong>Samuele Ceccotti<\/strong><\/p>\n<p><!--more--><\/p>\n<p style=\"text-align: justify;\">Nel dibattito pubblico si possono constatare degli assunti da tutti asseriti senza bisogno alcuno di fornirne ragione, delle \u201cverit\u00e0\u201d che nessuno osa contestare e che mettono magicamente d\u2019accordo tutti. Una di queste \u00e8: \u201cServono pi\u00f9 asili nido!\u201d. Ogni qualvolta si affrontino tematiche attinenti la maternit\u00e0, il welfare per le famiglie, la questione demografica, etc. non c\u2019\u00e8 politico, giornalista, opinionista che non si trovi d\u2019accordo nel sentenziare \u201cServono pi\u00f9 asili nido!\u201d.<\/p>\n<p style=\"text-align: justify;\">Il pi\u00f9 laicista dei radicali e il navigato democristiano, la femminista marxisteggiante e l\u2019ex missino passando per ogni altra declinazione del vasto spettro ideologico sono tutti perfettamente concordi sul punto: \u201cServono pi\u00f9 asili nido!\u201d Chi li vorr\u00e0 pubblici e gratuiti, chi espressione della libera iniziativa privata, chi per \u201cliberare\u201d le donne e chi per favorire la natalit\u00e0 ma tutti sicuri e convinti che \u201cServono pi\u00f9 asili nido!\u201d.<\/p>\n<p style=\"text-align: justify;\"><a href=\"https:\/\/www.rassegnastampa-totustuus.it\/cattolica\/wp-content\/uploads\/2015\/05\/bimbi_asilo.jpg\"><img loading=\"lazy\" decoding=\"async\" class=\"alignright wp-image-24099\" src=\"https:\/\/www.rassegnastampa-totustuus.it\/cattolica\/wp-content\/uploads\/2015\/05\/bimbi_asilo.jpg\" alt=\"\" width=\"250\" height=\"140\" \/><\/a>Cos\u00ec quando mi \u00e8 capitato tra le mani il volumetto \u201cContro gli asili nido. Politiche di conciliazione e libert\u00e0 di educazione\u201d, essendo per natura un bastiancontrario, non ho saputo resistere e me lo sono letto d\u2019un fiato. Il libro \u00e8 agile, 82 pagine in tutto, edito da Rubettino nel 2009. Autore non \u00e8 un pericoloso reazionario magari appartenente a qualche gruppetto tradizionalista, non \u00e8 neppure un Amish dell\u2019Ohio (curiosamente tradotto in italiano) ma una giornalista de Il <em>Sole 24 Ore<\/em>, sposata con due figli, Paola Liberace. E, come non bastasse, il volume \u00e8 prefato dall\u2019onorevole Valentina Aprea di Forza Italia, insegnante, dirigente scolastico e allora Presidente della Commissione Cultura della Camera dei Deputati.<\/p>\n<p style=\"text-align: justify;\">Si legge con piacere per chiarezza e serenit\u00e0 nell\u2019esporre argomenti sempre suffragati da dati e riferimenti precisi. Interessante come l\u2019Autrice riconduca il modello che vuole \u201casili nido per tutti\u201d alla DDR (la Germania Est socialista) sottolineando come siano stati proprio i regimi comunisti a pensare l\u2019accudimento e l\u2019educazione dei bambini sottratta ai genitori e affidata a strutture pubbliche.<\/p>\n<p style=\"text-align: justify;\">Nel 1989 nella DDR gli asili nido accoglievano l\u201980% dei bambini, le scuole materne il 95%. Da anni, senza dirlo apertamente, si sta proponendo il modello DDR all\u2019Italia! Scrive a commento la Liberace: \u201cL\u2019opzione unica e incondizionata per gli asili nido [\u2026] avrebbe l\u2019effetto di istituzionalizzare \u2013 come nel precedente della DDR \u2013 la lontananza dei bimbi dai genitori, sin dai primi mesi. Ci troveremmo di fronte alla manifestazione su larga scala di conseguenze psicologiche e sociali ancora non perfettamente note; e laddove siano gi\u00e0 state indagate, come abbiamo visto, i risultati sono tutt\u2019altro che confortanti. Prepariamo la strada a una generazione senza famiglia\u201d (p. 34).<\/p>\n<p style=\"text-align: justify;\"><a href=\"https:\/\/www.rassegnastampa-totustuus.it\/cattolica\/wp-content\/uploads\/2005\/08\/Ddr.jpg\"><img loading=\"lazy\" decoding=\"async\" class=\"alignleft wp-image-33763\" src=\"https:\/\/www.rassegnastampa-totustuus.it\/cattolica\/wp-content\/uploads\/2005\/08\/Ddr.jpg\" alt=\"\" width=\"150\" height=\"150\" srcset=\"https:\/\/www.rassegnastampa-totustuus.it\/cattolica\/wp-content\/uploads\/2005\/08\/Ddr.jpg 225w, https:\/\/www.rassegnastampa-totustuus.it\/cattolica\/wp-content\/uploads\/2005\/08\/Ddr-150x150.jpg 150w\" sizes=\"auto, (max-width: 150px) 100vw, 150px\" \/><\/a>Conseguenze psicologiche e sociali \u2026 perch\u00e9 non dimentichiamo che \u00e8 profondamente innaturale sottrarre un bimbo alle cure materne per affidarlo a strutture artificiali come asili e simili.<\/p>\n<p style=\"text-align: justify;\">Un tempo nessuna persona di buon senso avrebbe accettato per i propri figli ci\u00f2 che oggi \u00e8 considerato grande progresso sociale; gli asili (nido e non) non nascono infatti come opportunit\u00e0 perfettiva per i bimbi delle famiglie \u201cnormali\u201d ma come estrema ratio filantropica per sottrarre all\u2019abbandono e al degrado i figli delle operaie pi\u00f9 povere e disagiate nei quartieri industriali delle periferie sub-urbane, l\u2019ideologia socialista ne ha poi fatto un mezzo per collettivizzare la cura e l\u2019educazione dell\u2019infanzia, noi europei d\u2019oggi riusciamo persino a vedervi un optimum educativo.<\/p>\n<p style=\"text-align: justify;\">Ci\u00f2 che nacque come estrema alternativa alla strada e all\u2019abbandono oggi \u00e8 presentato come meta da agognare rivendicandone il diritto: \u201cdiritto ad asili nido per tutti!\u201d.<\/p>\n<p style=\"text-align: justify;\">Si \u00e8 completamente perso di vista l\u2019ordine naturale delle cose per il quale i figli debbono essere curati, accuditi ed educati dai genitori e non da strutture pubbliche. E per curare, accudire ed educare \u00e8 necessario che i genitori stiano con i figli, che i figli crescano in famiglia! Ecco allora la parte propositiva del libro: un modello di societ\u00e0 che rimetta al centro la famiglia, il ruolo educativo dei genitori, la maternit\u00e0 che non si esaurisce nel parto ma \u00e8 missione di cura e di formazione dei figli.<\/p>\n<p style=\"text-align: justify;\">La Liberace parla, ad esempio, di un welfare che sussidi le mamme che scelgono di non lavorare fuori casa per dedicarsi alla cura dei figli e, scrive, sondaggi alla mano: \u201cmessi [i genitori] di fronte a un\u2019alternativa realmente aperta, questi preferirebbero allevare personalmente i loro bambini\u201d (p. 39).<\/p>\n<p style=\"text-align: justify;\"><a href=\"https:\/\/www.rassegnastampa-totustuus.it\/cattolica\/wp-content\/uploads\/2011\/11\/asilo_gender_Svezia.jpg\"><img loading=\"lazy\" decoding=\"async\" class=\"alignright wp-image-34090\" src=\"https:\/\/www.rassegnastampa-totustuus.it\/cattolica\/wp-content\/uploads\/2011\/11\/asilo_gender_Svezia.jpg\" alt=\"\" width=\"200\" height=\"200\" srcset=\"https:\/\/www.rassegnastampa-totustuus.it\/cattolica\/wp-content\/uploads\/2011\/11\/asilo_gender_Svezia.jpg 225w, https:\/\/www.rassegnastampa-totustuus.it\/cattolica\/wp-content\/uploads\/2011\/11\/asilo_gender_Svezia-150x150.jpg 150w\" sizes=\"auto, (max-width: 200px) 100vw, 200px\" \/><\/a>\u00c8 proprio un altro modello, un\u2019altra idea di societ\u00e0! E v\u00e0 ben oltre la questione degli asili nido, porta con s\u00e9 il principio non negoziabile della competenza genitoriale dell\u2019educazione riconoscendo che \u201cl\u2019educazione dei figli spetti in ultima istanza ai genitori [\u2026] che hanno indiscutibilmente l\u2019ultima parola sull\u2019allevamento dei figli\u201d (p. 42).\u00a0 \u00c8 il principio a base della scuola parentale e dell\u2019homeschooling.<\/p>\n<p style=\"text-align: justify;\">\u201cDisfarsi dei figli, magari per affidarli allo Stato, non pu\u00f2 e non deve restare l\u2019unica alternativa\u201d (p. 55), cos\u00ec Paola Liberace presenta \u201cla donna a casa con i bambini\u201d (p. 43) non come un tuffo nel passato ma, piuttosto, come un ritorno al futuro in un nuovo modello capace di conciliare famiglia e lavoro rispettando la maternit\u00e0, il diritto\/dovere dei genitori ad educare i figli, il diritto dei figli a crescere in famiglia con le cure di mamma e pap\u00e0.<\/p>\n<p style=\"text-align: justify;\">La Liberace parla cos\u00ec di un welfare che sostenga la scelta \u201ccasalinga\u201d delle mamme (la Dottrina sociale della Chiesa ha sempre insegnato la doverosit\u00e0 del \u201csalario familiare\u201d), di una organizzazione del lavoro che favorisca il tele-lavoro da casa o la micro imprenditorialit\u00e0 domestica\u00a0 (una mamma che resta a casa coi figli ma non rinuncia alla sua professionalit\u00e0 e dedica qualche ora al giorno al lavoro non-familiare dovrebbe essere agevolata), di un fisco pensato a favore delle famiglie.<\/p>\n<p style=\"text-align: justify;\">Purtroppo anche noi cattolici, in questi ultimi decenni, siamo caduti nell\u2019inganno socialdemocratico facendo nostra una idea di welfare che, se analizzata, si rivela in verit\u00e0 incompatibile con la Dottrina sociale della Chiesa perch\u00e9 incompatibile con l\u2019antropologia cristiana. Anche sul tema \u201casili nido\u201d e pi\u00f9 in generale della cura e dell\u2019educazione dell\u2019infanzia non sono pochi gli abbagli in casa cattolica, anche per paura d\u2019andar contro corrente.<\/p>\n<p style=\"text-align: justify;\">Dovremmo invece rimettere al centro i diritti\/doveri della famiglia, il principio non negoziabile della competenza genitoriale alla educazione dei figli, il valore sociale della maternit\u00e0, la diversit\u00e0 complementare di uomo e donna, di marito e moglie, di padre e madre, la nobilt\u00e0 della vita domestica che per una moglie e madre pu\u00f2 costituire una vera e propria vocazione.<\/p>\n<p style=\"text-align: justify;\"><a href=\"https:\/\/www.rassegnastampa-totustuus.it\/cattolica\/wp-content\/uploads\/2018\/10\/asilo.jpg\"><img loading=\"lazy\" decoding=\"async\" class=\"alignleft wp-image-41207\" src=\"https:\/\/www.rassegnastampa-totustuus.it\/cattolica\/wp-content\/uploads\/2018\/10\/asilo.jpg\" alt=\"\" width=\"250\" height=\"179\" \/><\/a>Ci\u00f2 detto non trovo miglior conclusione che ringraziare Paola Liberace per il coraggioso volumetto, invitare tutti a leggerlo e lasciare a lei l\u2019ultima parola: \u201cLe radici della cosiddetta emergenza educativa sono qui. [\u2026] Per arrestare la deriva \u00e8 indispensabile tornare alle sue radici; restituire alla famiglia la responsabilit\u00e0 di educatrice che le compete [\u2026] Il miglior antidoto all\u2019emergenza educativa \u00e8 la presenza costante e avvertita della famiglia: soprattutto nel momento cruciale della prima infanzia, in cui tutti gli altri successivi saranno fondati. \u00c8 qui che bisogna agire, se si vuole innescare un cambiamento\u201d.<\/p>\n<p style=\"text-align: justify;\">\u201cEssere genitori \u00e8 una questione di libert\u00e0 e di responsabilit\u00e0 [\u2026] Mettere padri e madri in condizioni di operare una scelta effettiva, considerando la possibilit\u00e0 di seguire personalmente i figli, vuol dire riconoscere loro la responsabilit\u00e0 della decisione, mettendoli di fronte all\u2019onere della genitorialit\u00e0. Perch\u00e9 fare un figlio significa molto pi\u00f9 che mettere al mondo un nuovo individuo, trasmettergli il cognome, allattarlo a oltranza, magari per poi affidarlo alle puericultrici di Stato\u201d.<\/p>\n<p style=\"text-align: justify;\">\u201cCos\u00ec come fare un padre e una madre significa molto pi\u00f9 che spingerli a procreare, tra una timbratura di cartellino e l\u2019altra, magari assicurando loro che potranno contare su una rete capillare di asili nido pubblici. La vita dei figli \u00e8 legata alle scelte dei genitori che li hanno messi al mondo: dipende da loro, ben oltre la rescissione del cordone ombelicale\u201d.<\/p>\n<p style=\"text-align: justify;\">\u201cGenitori si diventa realizzando che i figli sono affare proprio: un affare impossibile da delegare, da accantonare, da far passare in secondo piano. Nessun\u2019altra esigenza \u2013 quella collettivista, quella produttiva, quella emancipazionista \u2013 pu\u00f2 essere anteposta al diritto dei bambini di crescere nell\u2019equilibrio, nella serenit\u00e0 e nell\u2019amore: un diritto che nessuna legge sancisce, ma che solo la libert\u00e0 e la responsabilit\u00e0 della mamma e del pap\u00e0 possono difendere\u201d (pp. 80-82).<\/p>\n<p>&nbsp;<\/p>\n","protected":false},"excerpt":{"rendered":"<p>da Vita Nuova 3 Giugno 2018 Paola Liberace in un suo libretto ci spiega come fare a riconsegnare l\u2019educazione n mano ai genitori, altro che Welfare State. Samuele Ceccotti<\/p><p><a class=\"more-link btn\" href=\"https:\/\/www.rassegnastampa-totustuus.it\/cattolica\/ci-vogliono-piu-asili-nido-ma-e-proprio-vero-restituire-i-figli-ai-genitori\/\">Continua a leggere<\/a><\/p>\n","protected":false},"author":6,"featured_media":41208,"comment_status":"closed","ping_status":"closed","sticky":false,"template":"","format":"standard","meta":{"footnotes":""},"categories":[15,23,26],"tags":[234],"class_list":["post-41206","post","type-post","status-publish","format-standard","has-post-thumbnail","hentry","category-famiglia","category-scuola-ed-educazione","category-welfare","tag-educazione","item-wrap"],"yoast_head":"<!-- This site is optimized with the Yoast SEO plugin v27.5 - https:\/\/yoast.com\/product\/yoast-seo-wordpress\/ -->\n<title>\u201cCi vogliono pi\u00f9 asili nido!\u201d, ma \u00e8 proprio vero? Restituire i figli ai genitori - Rassegna Stampa Cattolica<\/title>\n<meta name=\"description\" content=\"Rassegna Stampa Cattolica - Per una cultura che nasce dalla Rivelazione cristiana in conformit\u00e0 alla tradizione e al Magistero della Chiesa in opposizione ad ogni relativismo e totalitarismo\" \/>\n<meta name=\"robots\" content=\"index, follow, max-snippet:-1, max-image-preview:large, max-video-preview:-1\" \/>\n<link rel=\"canonical\" href=\"https:\/\/www.rassegnastampa-totustuus.it\/cattolica\/ci-vogliono-piu-asili-nido-ma-e-proprio-vero-restituire-i-figli-ai-genitori\/\" \/>\n<meta property=\"og:locale\" content=\"it_IT\" \/>\n<meta property=\"og:type\" content=\"article\" \/>\n<meta property=\"og:title\" content=\"\u201cCi vogliono pi\u00f9 asili nido!\u201d, ma \u00e8 proprio vero? Restituire i figli ai genitori - Rassegna Stampa Cattolica\" \/>\n<meta property=\"og:description\" content=\"Rassegna Stampa Cattolica - Per una cultura che nasce dalla Rivelazione cristiana in conformit\u00e0 alla tradizione e al Magistero della Chiesa in opposizione ad ogni relativismo e totalitarismo\" \/>\n<meta property=\"og:url\" content=\"https:\/\/www.rassegnastampa-totustuus.it\/cattolica\/ci-vogliono-piu-asili-nido-ma-e-proprio-vero-restituire-i-figli-ai-genitori\/\" \/>\n<meta property=\"og:site_name\" content=\"Rassegna Stampa Cattolica\" \/>\n<meta property=\"article:publisher\" content=\"https:\/\/www.facebook.com\/rassegnastampacattolica\" \/>\n<meta property=\"article:published_time\" content=\"2018-10-03T22:00:46+00:00\" \/>\n<meta property=\"og:image\" content=\"https:\/\/www.rassegnastampa-totustuus.it\/cattolica\/wp-content\/uploads\/2018\/10\/Liberace_cover.jpg\" \/>\n\t<meta property=\"og:image:width\" content=\"177\" \/>\n\t<meta property=\"og:image:height\" content=\"284\" \/>\n\t<meta property=\"og:image:type\" content=\"image\/jpeg\" \/>\n<meta name=\"author\" content=\"Redazione\" \/>\n<meta name=\"twitter:card\" content=\"summary_large_image\" \/>\n<meta name=\"twitter:creator\" content=\"@rassegnastampa9\" \/>\n<meta name=\"twitter:site\" content=\"@rassegnastampa9\" \/>\n<meta name=\"twitter:label1\" content=\"Scritto da\" \/>\n\t<meta name=\"twitter:data1\" content=\"Redazione\" \/>\n\t<meta name=\"twitter:label2\" content=\"Tempo di lettura stimato\" \/>\n\t<meta name=\"twitter:data2\" content=\"7 minuti\" \/>\n<script type=\"application\/ld+json\" class=\"yoast-schema-graph\">{\"@context\":\"https:\\\/\\\/schema.org\",\"@graph\":[{\"@type\":\"Article\",\"@id\":\"https:\\\/\\\/www.rassegnastampa-totustuus.it\\\/cattolica\\\/ci-vogliono-piu-asili-nido-ma-e-proprio-vero-restituire-i-figli-ai-genitori\\\/#article\",\"isPartOf\":{\"@id\":\"https:\\\/\\\/www.rassegnastampa-totustuus.it\\\/cattolica\\\/ci-vogliono-piu-asili-nido-ma-e-proprio-vero-restituire-i-figli-ai-genitori\\\/\"},\"author\":{\"name\":\"Redazione\",\"@id\":\"https:\\\/\\\/www.rassegnastampa-totustuus.it\\\/cattolica\\\/#\\\/schema\\\/person\\\/08f319d2bd1a0904ad9e2bfb7b15e5c3\"},\"headline\":\"\u201cCi vogliono pi\u00f9 asili nido!\u201d, ma \u00e8 proprio vero? Restituire i figli ai genitori\",\"datePublished\":\"2018-10-03T22:00:46+00:00\",\"mainEntityOfPage\":{\"@id\":\"https:\\\/\\\/www.rassegnastampa-totustuus.it\\\/cattolica\\\/ci-vogliono-piu-asili-nido-ma-e-proprio-vero-restituire-i-figli-ai-genitori\\\/\"},\"wordCount\":1376,\"publisher\":{\"@id\":\"https:\\\/\\\/www.rassegnastampa-totustuus.it\\\/cattolica\\\/#organization\"},\"image\":{\"@id\":\"https:\\\/\\\/www.rassegnastampa-totustuus.it\\\/cattolica\\\/ci-vogliono-piu-asili-nido-ma-e-proprio-vero-restituire-i-figli-ai-genitori\\\/#primaryimage\"},\"thumbnailUrl\":\"https:\\\/\\\/www.rassegnastampa-totustuus.it\\\/cattolica\\\/wp-content\\\/uploads\\\/2018\\\/10\\\/Liberace_cover.jpg\",\"keywords\":[\"educazione\"],\"articleSection\":[\"Famiglia\",\"Scuola ed educazione\",\"Welfare\"],\"inLanguage\":\"it-IT\"},{\"@type\":\"WebPage\",\"@id\":\"https:\\\/\\\/www.rassegnastampa-totustuus.it\\\/cattolica\\\/ci-vogliono-piu-asili-nido-ma-e-proprio-vero-restituire-i-figli-ai-genitori\\\/\",\"url\":\"https:\\\/\\\/www.rassegnastampa-totustuus.it\\\/cattolica\\\/ci-vogliono-piu-asili-nido-ma-e-proprio-vero-restituire-i-figli-ai-genitori\\\/\",\"name\":\"\u201cCi vogliono pi\u00f9 asili nido!\u201d, ma \u00e8 proprio vero? Restituire i figli ai genitori - Rassegna Stampa Cattolica\",\"isPartOf\":{\"@id\":\"https:\\\/\\\/www.rassegnastampa-totustuus.it\\\/cattolica\\\/#website\"},\"primaryImageOfPage\":{\"@id\":\"https:\\\/\\\/www.rassegnastampa-totustuus.it\\\/cattolica\\\/ci-vogliono-piu-asili-nido-ma-e-proprio-vero-restituire-i-figli-ai-genitori\\\/#primaryimage\"},\"image\":{\"@id\":\"https:\\\/\\\/www.rassegnastampa-totustuus.it\\\/cattolica\\\/ci-vogliono-piu-asili-nido-ma-e-proprio-vero-restituire-i-figli-ai-genitori\\\/#primaryimage\"},\"thumbnailUrl\":\"https:\\\/\\\/www.rassegnastampa-totustuus.it\\\/cattolica\\\/wp-content\\\/uploads\\\/2018\\\/10\\\/Liberace_cover.jpg\",\"datePublished\":\"2018-10-03T22:00:46+00:00\",\"description\":\"Rassegna Stampa Cattolica - Per una cultura che nasce dalla Rivelazione cristiana in conformit\u00e0 alla tradizione e al Magistero della Chiesa in opposizione ad ogni relativismo e totalitarismo\",\"breadcrumb\":{\"@id\":\"https:\\\/\\\/www.rassegnastampa-totustuus.it\\\/cattolica\\\/ci-vogliono-piu-asili-nido-ma-e-proprio-vero-restituire-i-figli-ai-genitori\\\/#breadcrumb\"},\"inLanguage\":\"it-IT\",\"potentialAction\":[{\"@type\":\"ReadAction\",\"target\":[\"https:\\\/\\\/www.rassegnastampa-totustuus.it\\\/cattolica\\\/ci-vogliono-piu-asili-nido-ma-e-proprio-vero-restituire-i-figli-ai-genitori\\\/\"]}]},{\"@type\":\"ImageObject\",\"inLanguage\":\"it-IT\",\"@id\":\"https:\\\/\\\/www.rassegnastampa-totustuus.it\\\/cattolica\\\/ci-vogliono-piu-asili-nido-ma-e-proprio-vero-restituire-i-figli-ai-genitori\\\/#primaryimage\",\"url\":\"https:\\\/\\\/www.rassegnastampa-totustuus.it\\\/cattolica\\\/wp-content\\\/uploads\\\/2018\\\/10\\\/Liberace_cover.jpg\",\"contentUrl\":\"https:\\\/\\\/www.rassegnastampa-totustuus.it\\\/cattolica\\\/wp-content\\\/uploads\\\/2018\\\/10\\\/Liberace_cover.jpg\",\"width\":177,\"height\":284},{\"@type\":\"BreadcrumbList\",\"@id\":\"https:\\\/\\\/www.rassegnastampa-totustuus.it\\\/cattolica\\\/ci-vogliono-piu-asili-nido-ma-e-proprio-vero-restituire-i-figli-ai-genitori\\\/#breadcrumb\",\"itemListElement\":[{\"@type\":\"ListItem\",\"position\":1,\"name\":\"Home\",\"item\":\"https:\\\/\\\/www.rassegnastampa-totustuus.it\\\/cattolica\\\/\"},{\"@type\":\"ListItem\",\"position\":2,\"name\":\"\u201cCi vogliono pi\u00f9 asili nido!\u201d, ma \u00e8 proprio vero? Restituire i figli ai genitori\"}]},{\"@type\":\"WebSite\",\"@id\":\"https:\\\/\\\/www.rassegnastampa-totustuus.it\\\/cattolica\\\/#website\",\"url\":\"https:\\\/\\\/www.rassegnastampa-totustuus.it\\\/cattolica\\\/\",\"name\":\"Rassegna Stampa Cattolica\",\"description\":\"Per una cultura che nasce dalla Rivelazione cristiana in conformit\u00e0 alla tradizione e al Magistero della Chiesa in opposizione ad ogni relativismo e totalitarismo\",\"publisher\":{\"@id\":\"https:\\\/\\\/www.rassegnastampa-totustuus.it\\\/cattolica\\\/#organization\"},\"alternateName\":\"Rass. Cattolica\",\"potentialAction\":[{\"@type\":\"SearchAction\",\"target\":{\"@type\":\"EntryPoint\",\"urlTemplate\":\"https:\\\/\\\/www.rassegnastampa-totustuus.it\\\/cattolica\\\/?s={search_term_string}\"},\"query-input\":{\"@type\":\"PropertyValueSpecification\",\"valueRequired\":true,\"valueName\":\"search_term_string\"}}],\"inLanguage\":\"it-IT\"},{\"@type\":\"Organization\",\"@id\":\"https:\\\/\\\/www.rassegnastampa-totustuus.it\\\/cattolica\\\/#organization\",\"name\":\"Rassegna Stampa Cattolica\",\"url\":\"https:\\\/\\\/www.rassegnastampa-totustuus.it\\\/cattolica\\\/\",\"logo\":{\"@type\":\"ImageObject\",\"inLanguage\":\"it-IT\",\"@id\":\"https:\\\/\\\/www.rassegnastampa-totustuus.it\\\/cattolica\\\/#\\\/schema\\\/logo\\\/image\\\/\",\"url\":\"https:\\\/\\\/www.rassegnastampa-totustuus.it\\\/cattolica\\\/wp-content\\\/uploads\\\/2014\\\/04\\\/logo-rassegna1.gif\",\"contentUrl\":\"https:\\\/\\\/www.rassegnastampa-totustuus.it\\\/cattolica\\\/wp-content\\\/uploads\\\/2014\\\/04\\\/logo-rassegna1.gif\",\"width\":600,\"height\":163,\"caption\":\"Rassegna Stampa Cattolica\"},\"image\":{\"@id\":\"https:\\\/\\\/www.rassegnastampa-totustuus.it\\\/cattolica\\\/#\\\/schema\\\/logo\\\/image\\\/\"},\"sameAs\":[\"https:\\\/\\\/www.facebook.com\\\/rassegnastampacattolica\",\"https:\\\/\\\/x.com\\\/rassegnastampa9\"]},{\"@type\":\"Person\",\"@id\":\"https:\\\/\\\/www.rassegnastampa-totustuus.it\\\/cattolica\\\/#\\\/schema\\\/person\\\/08f319d2bd1a0904ad9e2bfb7b15e5c3\",\"name\":\"Redazione\",\"image\":{\"@type\":\"ImageObject\",\"inLanguage\":\"it-IT\",\"@id\":\"https:\\\/\\\/secure.gravatar.com\\\/avatar\\\/2fcdf27c78ea025fbdb44e914cc63c72249ffec9dc8aafd5c82b26240ef3f346?s=96&d=mm&r=g\",\"url\":\"https:\\\/\\\/secure.gravatar.com\\\/avatar\\\/2fcdf27c78ea025fbdb44e914cc63c72249ffec9dc8aafd5c82b26240ef3f346?s=96&d=mm&r=g\",\"contentUrl\":\"https:\\\/\\\/secure.gravatar.com\\\/avatar\\\/2fcdf27c78ea025fbdb44e914cc63c72249ffec9dc8aafd5c82b26240ef3f346?s=96&d=mm&r=g\",\"caption\":\"Redazione\"},\"url\":\"https:\\\/\\\/www.rassegnastampa-totustuus.it\\\/cattolica\\\/author\\\/pietroelle\\\/\"}]}<\/script>\n<!-- \/ Yoast SEO plugin. -->","yoast_head_json":{"title":"\u201cCi vogliono pi\u00f9 asili nido!\u201d, ma \u00e8 proprio vero? Restituire i figli ai genitori - Rassegna Stampa Cattolica","description":"Rassegna Stampa Cattolica - Per una cultura che nasce dalla Rivelazione cristiana in conformit\u00e0 alla tradizione e al Magistero della Chiesa in opposizione ad ogni relativismo e totalitarismo","robots":{"index":"index","follow":"follow","max-snippet":"max-snippet:-1","max-image-preview":"max-image-preview:large","max-video-preview":"max-video-preview:-1"},"canonical":"https:\/\/www.rassegnastampa-totustuus.it\/cattolica\/ci-vogliono-piu-asili-nido-ma-e-proprio-vero-restituire-i-figli-ai-genitori\/","og_locale":"it_IT","og_type":"article","og_title":"\u201cCi vogliono pi\u00f9 asili nido!\u201d, ma \u00e8 proprio vero? Restituire i figli ai genitori - Rassegna Stampa Cattolica","og_description":"Rassegna Stampa Cattolica - Per una cultura che nasce dalla Rivelazione cristiana in conformit\u00e0 alla tradizione e al Magistero della Chiesa in opposizione ad ogni relativismo e totalitarismo","og_url":"https:\/\/www.rassegnastampa-totustuus.it\/cattolica\/ci-vogliono-piu-asili-nido-ma-e-proprio-vero-restituire-i-figli-ai-genitori\/","og_site_name":"Rassegna Stampa Cattolica","article_publisher":"https:\/\/www.facebook.com\/rassegnastampacattolica","article_published_time":"2018-10-03T22:00:46+00:00","og_image":[{"width":177,"height":284,"url":"https:\/\/www.rassegnastampa-totustuus.it\/cattolica\/wp-content\/uploads\/2018\/10\/Liberace_cover.jpg","type":"image\/jpeg"}],"author":"Redazione","twitter_card":"summary_large_image","twitter_creator":"@rassegnastampa9","twitter_site":"@rassegnastampa9","twitter_misc":{"Scritto da":"Redazione","Tempo di lettura stimato":"7 minuti"},"schema":{"@context":"https:\/\/schema.org","@graph":[{"@type":"Article","@id":"https:\/\/www.rassegnastampa-totustuus.it\/cattolica\/ci-vogliono-piu-asili-nido-ma-e-proprio-vero-restituire-i-figli-ai-genitori\/#article","isPartOf":{"@id":"https:\/\/www.rassegnastampa-totustuus.it\/cattolica\/ci-vogliono-piu-asili-nido-ma-e-proprio-vero-restituire-i-figli-ai-genitori\/"},"author":{"name":"Redazione","@id":"https:\/\/www.rassegnastampa-totustuus.it\/cattolica\/#\/schema\/person\/08f319d2bd1a0904ad9e2bfb7b15e5c3"},"headline":"\u201cCi vogliono pi\u00f9 asili nido!\u201d, ma \u00e8 proprio vero? Restituire i figli ai genitori","datePublished":"2018-10-03T22:00:46+00:00","mainEntityOfPage":{"@id":"https:\/\/www.rassegnastampa-totustuus.it\/cattolica\/ci-vogliono-piu-asili-nido-ma-e-proprio-vero-restituire-i-figli-ai-genitori\/"},"wordCount":1376,"publisher":{"@id":"https:\/\/www.rassegnastampa-totustuus.it\/cattolica\/#organization"},"image":{"@id":"https:\/\/www.rassegnastampa-totustuus.it\/cattolica\/ci-vogliono-piu-asili-nido-ma-e-proprio-vero-restituire-i-figli-ai-genitori\/#primaryimage"},"thumbnailUrl":"https:\/\/www.rassegnastampa-totustuus.it\/cattolica\/wp-content\/uploads\/2018\/10\/Liberace_cover.jpg","keywords":["educazione"],"articleSection":["Famiglia","Scuola ed educazione","Welfare"],"inLanguage":"it-IT"},{"@type":"WebPage","@id":"https:\/\/www.rassegnastampa-totustuus.it\/cattolica\/ci-vogliono-piu-asili-nido-ma-e-proprio-vero-restituire-i-figli-ai-genitori\/","url":"https:\/\/www.rassegnastampa-totustuus.it\/cattolica\/ci-vogliono-piu-asili-nido-ma-e-proprio-vero-restituire-i-figli-ai-genitori\/","name":"\u201cCi vogliono pi\u00f9 asili nido!\u201d, ma \u00e8 proprio vero? Restituire i figli ai genitori - Rassegna Stampa Cattolica","isPartOf":{"@id":"https:\/\/www.rassegnastampa-totustuus.it\/cattolica\/#website"},"primaryImageOfPage":{"@id":"https:\/\/www.rassegnastampa-totustuus.it\/cattolica\/ci-vogliono-piu-asili-nido-ma-e-proprio-vero-restituire-i-figli-ai-genitori\/#primaryimage"},"image":{"@id":"https:\/\/www.rassegnastampa-totustuus.it\/cattolica\/ci-vogliono-piu-asili-nido-ma-e-proprio-vero-restituire-i-figli-ai-genitori\/#primaryimage"},"thumbnailUrl":"https:\/\/www.rassegnastampa-totustuus.it\/cattolica\/wp-content\/uploads\/2018\/10\/Liberace_cover.jpg","datePublished":"2018-10-03T22:00:46+00:00","description":"Rassegna Stampa Cattolica - Per una cultura che nasce dalla Rivelazione cristiana in conformit\u00e0 alla tradizione e al Magistero della Chiesa in opposizione ad ogni relativismo e totalitarismo","breadcrumb":{"@id":"https:\/\/www.rassegnastampa-totustuus.it\/cattolica\/ci-vogliono-piu-asili-nido-ma-e-proprio-vero-restituire-i-figli-ai-genitori\/#breadcrumb"},"inLanguage":"it-IT","potentialAction":[{"@type":"ReadAction","target":["https:\/\/www.rassegnastampa-totustuus.it\/cattolica\/ci-vogliono-piu-asili-nido-ma-e-proprio-vero-restituire-i-figli-ai-genitori\/"]}]},{"@type":"ImageObject","inLanguage":"it-IT","@id":"https:\/\/www.rassegnastampa-totustuus.it\/cattolica\/ci-vogliono-piu-asili-nido-ma-e-proprio-vero-restituire-i-figli-ai-genitori\/#primaryimage","url":"https:\/\/www.rassegnastampa-totustuus.it\/cattolica\/wp-content\/uploads\/2018\/10\/Liberace_cover.jpg","contentUrl":"https:\/\/www.rassegnastampa-totustuus.it\/cattolica\/wp-content\/uploads\/2018\/10\/Liberace_cover.jpg","width":177,"height":284},{"@type":"BreadcrumbList","@id":"https:\/\/www.rassegnastampa-totustuus.it\/cattolica\/ci-vogliono-piu-asili-nido-ma-e-proprio-vero-restituire-i-figli-ai-genitori\/#breadcrumb","itemListElement":[{"@type":"ListItem","position":1,"name":"Home","item":"https:\/\/www.rassegnastampa-totustuus.it\/cattolica\/"},{"@type":"ListItem","position":2,"name":"\u201cCi vogliono pi\u00f9 asili nido!\u201d, ma \u00e8 proprio vero? Restituire i figli ai genitori"}]},{"@type":"WebSite","@id":"https:\/\/www.rassegnastampa-totustuus.it\/cattolica\/#website","url":"https:\/\/www.rassegnastampa-totustuus.it\/cattolica\/","name":"Rassegna Stampa Cattolica","description":"Per una cultura che nasce dalla Rivelazione cristiana in conformit\u00e0 alla tradizione e al Magistero della Chiesa in opposizione ad ogni relativismo e totalitarismo","publisher":{"@id":"https:\/\/www.rassegnastampa-totustuus.it\/cattolica\/#organization"},"alternateName":"Rass. Cattolica","potentialAction":[{"@type":"SearchAction","target":{"@type":"EntryPoint","urlTemplate":"https:\/\/www.rassegnastampa-totustuus.it\/cattolica\/?s={search_term_string}"},"query-input":{"@type":"PropertyValueSpecification","valueRequired":true,"valueName":"search_term_string"}}],"inLanguage":"it-IT"},{"@type":"Organization","@id":"https:\/\/www.rassegnastampa-totustuus.it\/cattolica\/#organization","name":"Rassegna Stampa Cattolica","url":"https:\/\/www.rassegnastampa-totustuus.it\/cattolica\/","logo":{"@type":"ImageObject","inLanguage":"it-IT","@id":"https:\/\/www.rassegnastampa-totustuus.it\/cattolica\/#\/schema\/logo\/image\/","url":"https:\/\/www.rassegnastampa-totustuus.it\/cattolica\/wp-content\/uploads\/2014\/04\/logo-rassegna1.gif","contentUrl":"https:\/\/www.rassegnastampa-totustuus.it\/cattolica\/wp-content\/uploads\/2014\/04\/logo-rassegna1.gif","width":600,"height":163,"caption":"Rassegna Stampa Cattolica"},"image":{"@id":"https:\/\/www.rassegnastampa-totustuus.it\/cattolica\/#\/schema\/logo\/image\/"},"sameAs":["https:\/\/www.facebook.com\/rassegnastampacattolica","https:\/\/x.com\/rassegnastampa9"]},{"@type":"Person","@id":"https:\/\/www.rassegnastampa-totustuus.it\/cattolica\/#\/schema\/person\/08f319d2bd1a0904ad9e2bfb7b15e5c3","name":"Redazione","image":{"@type":"ImageObject","inLanguage":"it-IT","@id":"https:\/\/secure.gravatar.com\/avatar\/2fcdf27c78ea025fbdb44e914cc63c72249ffec9dc8aafd5c82b26240ef3f346?s=96&d=mm&r=g","url":"https:\/\/secure.gravatar.com\/avatar\/2fcdf27c78ea025fbdb44e914cc63c72249ffec9dc8aafd5c82b26240ef3f346?s=96&d=mm&r=g","contentUrl":"https:\/\/secure.gravatar.com\/avatar\/2fcdf27c78ea025fbdb44e914cc63c72249ffec9dc8aafd5c82b26240ef3f346?s=96&d=mm&r=g","caption":"Redazione"},"url":"https:\/\/www.rassegnastampa-totustuus.it\/cattolica\/author\/pietroelle\/"}]}},"_links":{"self":[{"href":"https:\/\/www.rassegnastampa-totustuus.it\/cattolica\/wp-json\/wp\/v2\/posts\/41206","targetHints":{"allow":["GET"]}}],"collection":[{"href":"https:\/\/www.rassegnastampa-totustuus.it\/cattolica\/wp-json\/wp\/v2\/posts"}],"about":[{"href":"https:\/\/www.rassegnastampa-totustuus.it\/cattolica\/wp-json\/wp\/v2\/types\/post"}],"author":[{"embeddable":true,"href":"https:\/\/www.rassegnastampa-totustuus.it\/cattolica\/wp-json\/wp\/v2\/users\/6"}],"replies":[{"embeddable":true,"href":"https:\/\/www.rassegnastampa-totustuus.it\/cattolica\/wp-json\/wp\/v2\/comments?post=41206"}],"version-history":[{"count":1,"href":"https:\/\/www.rassegnastampa-totustuus.it\/cattolica\/wp-json\/wp\/v2\/posts\/41206\/revisions"}],"predecessor-version":[{"id":41209,"href":"https:\/\/www.rassegnastampa-totustuus.it\/cattolica\/wp-json\/wp\/v2\/posts\/41206\/revisions\/41209"}],"wp:featuredmedia":[{"embeddable":true,"href":"https:\/\/www.rassegnastampa-totustuus.it\/cattolica\/wp-json\/wp\/v2\/media\/41208"}],"wp:attachment":[{"href":"https:\/\/www.rassegnastampa-totustuus.it\/cattolica\/wp-json\/wp\/v2\/media?parent=41206"}],"wp:term":[{"taxonomy":"category","embeddable":true,"href":"https:\/\/www.rassegnastampa-totustuus.it\/cattolica\/wp-json\/wp\/v2\/categories?post=41206"},{"taxonomy":"post_tag","embeddable":true,"href":"https:\/\/www.rassegnastampa-totustuus.it\/cattolica\/wp-json\/wp\/v2\/tags?post=41206"}],"curies":[{"name":"wp","href":"https:\/\/api.w.org\/{rel}","templated":true}]}}