{"id":41127,"date":"2018-09-27T00:00:25","date_gmt":"2018-09-26T22:00:25","guid":{"rendered":"http:\/\/www.rassegnastampa-totustuus.it\/cattolica\/?p=41127"},"modified":"2018-09-20T12:54:47","modified_gmt":"2018-09-20T10:54:47","slug":"uno-sguardo-sullislam-politico","status":"publish","type":"post","link":"https:\/\/www.rassegnastampa-totustuus.it\/cattolica\/uno-sguardo-sullislam-politico\/","title":{"rendered":"Uno sguardo sull\u2019islam politico."},"content":{"rendered":"<p style=\"text-align: center;\">Osservatorio Internazionale Cardinale Van Th\u00e2n sulla Dottrina sociale della Chiesa<\/p>\n<p style=\"text-align: center;\"><strong>Newsletter <\/strong>n.917 del 20 Settembre 2018<\/p>\n<p><a href=\"https:\/\/www.rassegnastampa-totustuus.it\/cattolica\/wp-content\/uploads\/2018\/09\/Urvoy_cover.jpg\"><img loading=\"lazy\" decoding=\"async\" class=\"aligncenter wp-image-41128\" src=\"https:\/\/www.rassegnastampa-totustuus.it\/cattolica\/wp-content\/uploads\/2018\/09\/Urvoy_cover.jpg\" alt=\"\" width=\"130\" height=\"200\" \/><\/a><\/p>\n<p style=\"text-align: center;\"><em>Recensione a Marie Th\u00e9r\u00e8s Urvoy, Islamologie et monde islamique<\/em><\/p>\n<p style=\"text-align: center;\">di <strong>Stefano Fontana<\/strong><\/p>\n<p><!--more--><\/p>\n<p style=\"text-align: justify;\">Il mondo cattolico affronta il problema dell\u2019islam soprattutto dal punto di vista del dialogo interreligioso. La crescente presenza di musulmani nei Paesi di antica tradizione cristiana impone per\u00f2 di esaminare il mondo islamico anche dal punto di vista strettamente sociale e politico, cosa diversa, anche se non contraria, alla prospettiva del dialogo interreligioso.<\/p>\n<p style=\"text-align: justify;\">Per farlo, i cattolici dovranno utilizzare la Dottrina sociale della Chiesa che, quindi, si trova davanti ad un nuovo compito, quello di esaminare la dimensione politica della religione islamica e di valutarla non solo in rapporto alla visione politica dell\u2019occidente cristiano, che pu\u00f2 avere elementi di diversit\u00e0 dal cristianesimo anche se, in qualche modo, da esso deriva, ma proprio in rapporto al proprio corpo dottrinale.<\/p>\n<p style=\"text-align: justify;\"><a href=\"https:\/\/www.rassegnastampa-totustuus.it\/cattolica\/wp-content\/uploads\/2006\/03\/islam_cristianesimo.jpg\"><img loading=\"lazy\" decoding=\"async\" class=\"alignleft wp-image-28900\" src=\"https:\/\/www.rassegnastampa-totustuus.it\/cattolica\/wp-content\/uploads\/2006\/03\/islam_cristianesimo-300x139.jpg\" alt=\"\" width=\"250\" height=\"116\" srcset=\"https:\/\/www.rassegnastampa-totustuus.it\/cattolica\/wp-content\/uploads\/2006\/03\/islam_cristianesimo-300x139.jpg 300w, https:\/\/www.rassegnastampa-totustuus.it\/cattolica\/wp-content\/uploads\/2006\/03\/islam_cristianesimo.jpg 329w\" sizes=\"auto, (max-width: 250px) 100vw, 250px\" \/><\/a>A questo scopo pu\u00f2 essere utile il volume in esame, scritto da una grande esperta capace di scendere in profondit\u00e0 nei contenuti della religione di Maometto. Sul mercato, infatti, circolano molti strumenti sull\u2019islam non sempre attendibili ma spesso frutto al massimo di buon giornalismo. In questo caso, invece, siamo in presenza di un testo veramente scientifico.<\/p>\n<p style=\"text-align: justify;\">Il libro \u00e8 diviso in quattro parti. La prima parte \u00e8 dedicata ai dati fondamentali e chiarisce il senso della \u201clettera\u201d nell\u2019islam, la nozione di persona umana e la natura della morale islamica. La seconda parte tratta alcuni aspetti particolari, come la famiglia, l\u2019economia, la societ\u00e0, la politica e l\u2019ideologia.<\/p>\n<p style=\"text-align: justify;\">In questa stessa parte vengono esaminati il problema del terrorismo, della laicit\u00e0, della concezione dei diritti umani nell\u2019islam. La terza parte parla delle relazioni tra islam e cristianesimo e del dialogo reciproco.<\/p>\n<p style=\"text-align: justify;\">Importante, in queste terza parte, il capitolo sul discorso di Benedetto XVI a Ratisbona del 2006. Nell\u2019ultima parte si esaminano alcuni aspetti culturali significativi. Cercheremo di far emergere, qui di seguito, alcuni aspetti di particolare interesse per il confronto con la Dottrina sociale della Chiesa.<\/p>\n<p style=\"text-align: justify;\"><strong>La legge islamica<\/strong><\/p>\n<p style=\"text-align: justify;\"><a href=\"https:\/\/www.rassegnastampa-totustuus.it\/cattolica\/wp-content\/uploads\/2009\/05\/sharia_UK.jpg\"><img loading=\"lazy\" decoding=\"async\" class=\"wp-image-28875 alignright\" src=\"https:\/\/www.rassegnastampa-totustuus.it\/cattolica\/wp-content\/uploads\/2009\/05\/sharia_UK.jpg\" alt=\"\" width=\"250\" height=\"166\" \/><\/a>Il termine sharia, o legge islamica, \u00e8 oggi molto noto in occidente, tanto che ormai molti sistemi giuridici di Paesi occidentali ne accolgono alcuni principi. Altrettanto spesso a questo termine si d\u00e0 una interpretazione non fissista ma evoluzionista, come se non esistesse una legge islamica sempre uguale ma in divenire nella storia.<\/p>\n<p style=\"text-align: justify;\">A questo proposito la Urvoy conclude delle annotazioni di grande interesse per spiegare come sia possibile oggi un \u201critorno alla sharia\u201d (pp. 17-21). Infatti nell\u2019islam esiste una logica secondo la quale l\u2019ignoto va ricondotto al noto ossia a quanto rivelato o definito dal consenso tradizionale.<\/p>\n<p style=\"text-align: justify;\">Per questo nel 1923 la costituzione egiziana adott\u00f2 la formula \u201cl\u2019islam \u00e8 la religione dello Stato e l\u2019arabo \u00e8 la sua lingua ufficiale\u201d. Qui di sharia non si parlava nemmeno. Ma nel 1971 la vecchia formulazione su sostituita con la seguente: \u201ci principi della sharia islamica sono fonti essenziali della legislazione\u201d.<\/p>\n<p style=\"text-align: justify;\">Finch\u00e9, nel 1982, il testo fu ulteriormente mutato affermando che la sharia era \u201cla fonte (quindi l\u2019unica) essenziale della legislazione\u201d. Se poi si cerca di approfondire cosa sia la sharia si arriva sempre alla conclusione che essa altro non \u00e8 che il Corano preso alla lettera.<\/p>\n<p style=\"text-align: justify;\">E la cosa \u00e8 comprensibile perch\u00e9 il Corano \u00e8 la parola di Dio, e quello che Dio dice non ha bisogno di essere precisato perch\u00e9 \u00e8 chiaro in s\u00e9, la rivelazione coranica \u00e8 increata e la stessa lingua araba \u00e8 la lingua di Dio, quindi una lingua sacra e consustanziale a Dio, quella stessa da Lui utilizzata per parlare al Profeta, una lingua <em>sub specie aeternitatis. <\/em><\/p>\n<p style=\"text-align: justify;\">L\u2019osservazione \u00e8 importante dal punto di vista politico, in quanto rimanda alla dimensione letterale del libro sacro \u201cdettato\u201d da Dio e che diventa quindi immediatamente politico, contenendo prescrizioni precise cui obbedire quotidianamente. Tra sacro e profano non c\u2018\u00e8 distinzione.<\/p>\n<p style=\"text-align: justify;\"><strong>Il concetto di persona nell\u2019islam<\/strong><\/p>\n<p style=\"text-align: justify;\"><a href=\"https:\/\/www.rassegnastampa-totustuus.it\/cattolica\/wp-content\/uploads\/2016\/11\/donna_islam.jpg\"><img loading=\"lazy\" decoding=\"async\" class=\"alignleft wp-image-36809\" src=\"https:\/\/www.rassegnastampa-totustuus.it\/cattolica\/wp-content\/uploads\/2016\/11\/donna_islam.jpg\" alt=\"\" width=\"250\" height=\"166\" \/><\/a>Illuminanti osservazioni vengono condotte anche a proposito del concetto di persona nell\u2019islam (pp. 23-44). La concezione cristiana di persona ha una origine trinitaria e come tale si \u00e8 poi tradotta anche nel concetto filosofico e culturale occidentale. Ma per l\u2019islam \u00e8 impossibile attribuire a Dio l\u2019aggettivo \u201cpersonale\u201d, perch\u00e9 \u201cil Dio dell\u2019Islam \u00e8 collocato in una dimensione assoluta che impedisce di sollevare una tale questione\u201d (p. 24).<\/p>\n<p style=\"text-align: justify;\">Alcuni autori hanno parlato di una dimensione \u201cpersonalista\u201d nel Corano e nella tradizione profetica, sostenendo che la persona verrebbe emancipata dalla trib\u00f9 e collocata nella Umma, ossia in una comunit\u00e0 trascendente i quadri di una appartenenza tradizionale. Inoltre essa sarebbe stata responsabilizzata in quanto dovr\u00e0 presentarsi sola davanti al giudizio divino.<\/p>\n<p style=\"text-align: justify;\">Ma la Urvoy precisa che la parola individuo \u00e8 presente in sole due occorrenze del Corano, che essere \u201csolo\u201d davanti a Dio non necessariamente evoca una qualit\u00e0 ma piuttosto una debolezza, che la parola <em>sachs<\/em> indica qualcosa che appare, similmente al senso originario del termine geco <em>prosopon<\/em> che per\u00f2 in seguito ha assunto ben altri significati. Il testo del Corano, quindi, non consente un \u201cpersonalismo\u201d islamico.<\/p>\n<p style=\"text-align: justify;\">Secondo la Urvoy, il fatto di un Dio che parla ai fedeli ha suscitato un interesse filosofico per il problema della \u201cpersona\u201d, ma la filosofia islamica non ha influenzato veramente il mondo islamico, sicch\u00e9 la persona \u00e8 stata sviluppata dalla mistica e dal diritto che l\u2019ha collocata dentro il primato della comunit\u00e0.<\/p>\n<p style=\"text-align: justify;\"><strong>La morale<\/strong><\/p>\n<p style=\"text-align: justify;\"><a href=\"https:\/\/www.rassegnastampa-totustuus.it\/cattolica\/wp-content\/uploads\/2009\/07\/islam.jpg\"><img loading=\"lazy\" decoding=\"async\" class=\"alignright wp-image-34553\" src=\"https:\/\/www.rassegnastampa-totustuus.it\/cattolica\/wp-content\/uploads\/2009\/07\/islam.jpg\" alt=\"\" width=\"250\" height=\"172\" \/><\/a>Sempre nella Prima parte rientrano due capitoli sulla morale e l\u2019etica nell\u2019islam ove se ne evidenzia la profonda diversit\u00e0 rispetto alla visione cattolica. Nell\u2019islam non si d\u00e0 il concetto di natura nel senso greco e poi cristiano del termine. Ne ha parlato la corrente razionalista del mu\u2019tazilismo ma non ha avuto seguito.<\/p>\n<p style=\"text-align: justify;\">Nel rispetto della assoluta trascendenza di Dio, nell\u2019islam non esiste un diritto naturale n\u00e9 una morale naturale (p. 46). \u201c\u00c8 la parola di Dio ad indicare cosa si deve fare o non fare, ci\u00f2 che \u00e8 da lodare o da disprezzare, altrimenti detto ci\u00f2 che \u00e8 bene e ci\u00f2 che \u00e8 male\u201d (p. 46). \u201cLa distinzione tra bene e male \u00e8 assimilata all\u2019opposizione legale di permesso e vietato\u201d (p. 47).<\/p>\n<p style=\"text-align: justify;\">Ci\u00f2 che fa dell\u2019uomo un valore unico nel creato \u00e8 che, dovendo rispondere a Dio, egli non si rivolge dapprima a se stesso per consultarsi (p. 47), ma nell\u2019islam la virt\u00f9 non si fonda sulla natura umana ma consiste nell\u2019accogliere la rivelazione di Dio (48): \u201cNiente virt\u00f9, quindi, come crescita ontologica e sviluppo dell\u2019essere. La morale, come la virt\u00f9, \u00e8 l\u2019atto virtuoso.<\/p>\n<p style=\"text-align: justify;\">L\u2019uomo morale altro non \u00e8 colui che possiede una virt\u00f9 acquisita, ma colui che pratica l\u2019atto morale\u201d (p. 48). La vita morale \u00e8 una successione discontinua di atti per cui si capisce che Dio \u00e8 \u201crapide contable\u201d. C\u2019\u00e8 per\u00f2 dell\u2019altro. Dio solo \u00e8 l\u2019autore degli atti umani e la virt\u00f9 \u00e8 fondata in modo estrinseco mediante la preferenza divina accordata al soggetto. \u201cLa virt\u00f9 islamica non \u00e8 una propriet\u00e0 interiore dell\u2019anima, \u00e8 lo stato di un\u2019anima spogliata di se stessa dai suoi atti di obbedienza\u201d (p. 51).<\/p>\n<p style=\"text-align: justify;\">La morale islamica comprende la <em>taqiyya<\/em> (dissimulazione) secondo la quale i credenti sono dispensati di obbedire alle regole della religione sotto il peso della necessit\u00e0 o davanti ad un pericolo.<\/p>\n<p style=\"text-align: justify;\"><strong>Il concetto di comunit\u00e0<\/strong><\/p>\n<p style=\"text-align: justify;\"><a href=\"https:\/\/www.rassegnastampa-totustuus.it\/cattolica\/wp-content\/uploads\/2009\/04\/Islamici_Amsterdam.jpg\"><img loading=\"lazy\" decoding=\"async\" class=\"alignleft wp-image-32748\" src=\"https:\/\/www.rassegnastampa-totustuus.it\/cattolica\/wp-content\/uploads\/2009\/04\/Islamici_Amsterdam.jpg\" alt=\"\" width=\"250\" height=\"166\" \/><\/a>All\u2019interno della Seconda Parte del libro, il capitolo 11 tratta della nozione di comunit\u00e0 nell\u2019islam. Dopo l\u2019egira, Maometto scrisse la \u201cCostituzione di Medina\u201d con la quale trasform\u00f2 il legame tribale in una nuova comunit\u00e0 (Umma). Uno degli hadits pi\u00f9 antichi dice: \u201cHo ricevuto l\u2019ordine di combattere gli uomini fino a quando diranno: Nessun Dio al di fuori di Allah\u201d (p. 144).<\/p>\n<p style=\"text-align: justify;\">Fu creata una confederazione guerriera. Gli affiliati alla Umma sono i credenti, gli \u201caffidati\u201d, ha quindi un significato religioso reso possibile da Allah che si rende garante del patto stabilito da Maometto.<\/p>\n<p style=\"text-align: justify;\">La Costituzione di Medina dice al suo inizio che la Umma \u00e8 una comunit\u00e0 unica con l\u2019esclusione di tutti gli altri (p. 146). L\u2019adesione alla fede in Allah la rende esclusiva e permette la <em>gihad<\/em>, la guerra comune: \u201cla guerra sul sentiero di Allah\u201d. Una legislazione casistica permette anche di sfuggire alla pena se la vittima \u00e8 estranea al gruppo.<\/p>\n<p style=\"text-align: justify;\">La Umma \u00e8 una solidariet\u00e0 fraterna a risonanza religiosa, il suo nome deriva da <em>umm<\/em>: mamma. I partecipanti sono fratelli in modo esclusivo. Il commentatore al-Razi dice \u201cnessuna fraternit\u00e0 se non tra musulmani\u201d (p. 147). Tale fraternit\u00e0 aveva una ripercussione per esempio sull\u2019eredit\u00e0: un infedele non pu\u00f2 ereditare da un musulmano.<\/p>\n<p style=\"text-align: justify;\">Oltre ad avere un significato esclusivo, la Umma ne ha anche uno speciale: \u201cVoi siete la comunit\u00e0 migliore che sia stata creata dagli uomini; voi ordinate di fare il bene, disprezzate il male e credete in Dio\u201d dice il Corano. La fraternit\u00e0 della Umma ha come fondamento il Libro., il Corano eterno e immutabile che le dona un forte senso di appartenenza.<\/p>\n<p style=\"text-align: justify;\">La situazione \u00e8 diversa da quella della Chiesa per i cristiani. La Umma invece \u00e8 \u201cuno stato giuridico direttamente voluto e decretato da Dio\u201d (p. 148). Qui la teologia diventa giuridismo, un ordine giuridico che fa dei musulmani \u201cuna comunit\u00e0 coerente e aggressiva verso tutti coloro che le sono estranei\u201d. Essa ha un valore assoluto e di superiorit\u00e0 in terra \u2013 \u201cla migliore che sia mai sorta tra gli uomini\u201d \u2013 assicura una retribuzione concreta in paradiso e questo fa assumere coscienza al credente.<\/p>\n<p style=\"text-align: justify;\"><a href=\"https:\/\/www.rassegnastampa-totustuus.it\/cattolica\/wp-content\/uploads\/2017\/02\/martiri.jpg\"><img loading=\"lazy\" decoding=\"async\" class=\"wp-image-37146 alignright\" src=\"https:\/\/www.rassegnastampa-totustuus.it\/cattolica\/wp-content\/uploads\/2017\/02\/martiri.jpg\" alt=\"\" width=\"240\" height=\"160\" \/><\/a>Ci\u00f2 spiega perch\u00e9 l\u2019abbandono volontario della comunit\u00e0 \u00e8 un crimine capitale (p. 149) in quanto la legge coranica corrisponde all\u2019ordine pubblico. Ogni grande peccato pu\u00f2 essere perdonato ma questo merita la pena capitale e la condanna per l\u2019eternit\u00e0. Ancora oggi \u00e8 vietato ad un musulmano di convertirsi ad un\u2019altra religione.<\/p>\n<p style=\"text-align: justify;\">La prova della coesione della Umma \u00e8 il <em>dar-al-islam<\/em>, l\u2019insieme delle terre dove si osserva le legge coranica (p. 150). Ci\u00f2 va inteso dal punto di vista politico. A ci\u00f2 \u00e8 collegato il <em>dar-alharb<\/em> costituito dalle terre da conquistare tramite la <em>gihad<\/em>. Non si tratta solo di ottenere conversioni personali ma il rispetto globale dei diritti di Dio previsti dal Corano e da Maometto suo profeta. Tutta la dignit\u00e0 dell\u2019uomo deriva dalla volont\u00e0 divina. Il diritto distingue: uomini e donne, liberi e schiavi, musulmani e non musulmani. Ci\u00f2 assegna un senso privilegiato alla comunit\u00e0 dei credenti.<\/p>\n<p style=\"text-align: justify;\">Una definizione completa di Umma si trova a pag. 152 del libro della Urvoy. \u00c8 importante che di essa si dica che \u00e8 anche un fatto territoriale, abita delle terre le \u201cterre dell\u2019islam\u201d, abita una casa, la \u201ccasa dell\u2019islam\u201d, essa ha sei citt\u00e0 sante prima di tutte La Mecca e Gerusalemme, essa vive attorno alle moschee con i minareti eretti verso il cielo come simboli dell\u2019Uno che fonda anche l\u2019unicit\u00e0 dei musulmani, si manifesta mediante gli appelli quotidiani dei muezzin, i pellegrinaggi, le feste e le preghiere (p. 152).<\/p>\n<p style=\"text-align: justify;\"><a href=\"https:\/\/www.rassegnastampa-totustuus.it\/cattolica\/wp-content\/uploads\/2005\/11\/coraNo.jpg\"><img loading=\"lazy\" decoding=\"async\" class=\"alignleft wp-image-34273\" src=\"https:\/\/www.rassegnastampa-totustuus.it\/cattolica\/wp-content\/uploads\/2005\/11\/coraNo.jpg\" alt=\"\" width=\"250\" height=\"159\" \/><\/a>La Umma riguarda quindi non solo la religione ma anche la politica, la societ\u00e0 e l\u2019economia. \u201cLa umma \u00e8 ontologicamente l\u2019islam\u201d, essa prefigura la comunit\u00e0 che, rinnovata dal patto pre-eterno di Dio. Si lascia riunire nell\u2019unit\u00e0 di un\u2019unica sottomissione al suo Maestro e Signore.<\/p>\n<p style=\"text-align: justify;\">La situazione oggi \u00e8 molto diversa. Per\u00f2 hanno qualcosa in comune, la sottomissione alla trascendenza. Sono diverse ma sono tutte \u201ccitt\u00e0 di Allah, del Corano e della Legge\u201d (p. 153). Da qui la tendenza a costituzionalizzare che l\u2019islam \u00e8 la religione non di Stato ma dello Stato. Dagli anni Settanta si \u00e8 cominciato a codificare la sharia e oggi il diritto islamico \u00e8 stato integrato in tutti gli Stati arabi o islamici. Negli anni 80 si \u00e8 cambiato l\u2019atteggiamento verso l\u2019economia negando che il prestito delle banche arabe sia usura, vietata dal Corano. Quindi \u00e8 nato il problema del velo.<strong>\u00a0<\/strong><\/p>\n<p style=\"text-align: justify;\"><strong>La politica<\/strong><\/p>\n<p style=\"text-align: justify;\">Dopo la morte di Maometto ci fu la divisione in Sciiti, Sunniti e Kharigiti che si affrontarono per la questione del califfato, il capo supremo dell\u2019islam. La sede del califfato fu a Damasco, Cordova, Bagdad, Il Cairo, e dal 1512, a Istambul dove nel 1924 Mustafa Kemal decret\u00f2 la fine del califfato. Il corano dice \u201cObbedite a Dio, obbedite al profeta e coloro tra voi che hanno autorit\u00e0 su di voi\u201d. La Umma \u00e8 sia la comunit\u00e0 sottomessa al califfo sia la comunit\u00e0 locale, \u00e8 sia la comunit\u00e0 nella sua totalit\u00e0 che una parte di essa. Ci\u00f2 complica la situazione del potere nell\u2019islam, soprattutto nei rapporti tra poteri religioso e politico dato che nell\u2019islam non c\u2019\u00e8 una distinzione precisa tra il sacro e il profano. \u201cIl Corano contiene dei precetti, individuali e collettivi, conosciuti come la stessa parola di Dio\u201d (p. 171).<\/p>\n<p style=\"text-align: justify;\"><strong>Ragione e fede, la lezione di Regensburg<\/strong><\/p>\n<p style=\"text-align: justify;\"><a href=\"https:\/\/www.rassegnastampa-totustuus.it\/cattolica\/wp-content\/uploads\/2015\/11\/Bemedetto-XVI_Regensburg.jpg\"><img loading=\"lazy\" decoding=\"async\" class=\"wp-image-27994 alignright\" src=\"https:\/\/www.rassegnastampa-totustuus.it\/cattolica\/wp-content\/uploads\/2015\/11\/Bemedetto-XVI_Regensburg.jpg\" alt=\"\" width=\"187\" height=\"200\" \/><\/a>Di notevole interesse il capitolo della III parte del libro riguardante il discorso di Benedetto XVI a Ratisbona in quanto tocca il tema del rapporto tra fede e ragione nell\u2019islam (pp. 335-347). Nella lezione di Ratisbona Benedetto XVI tocca l\u2019islam due volte. La prima \u00e8 quando dice che l\u2019autore cristiano rimprovera al musulmano di voler diffondere la sua fede con la spada.<\/p>\n<p style=\"text-align: justify;\">Il tema riguarda l\u2019argomento caldo della gihad o guerra santa. L\u2019analisi lessicale del Corano fatta dalla Urvoy non lascia alcun dubbio che la sura IX al versetto 123 parla non di un combattimento spirituale ma fisico e bellico (pp. 335-336).<\/p>\n<p style=\"text-align: justify;\">Il secondo passaggio \u00e8 quando il Papa dice che \u201cper la dottrina islamica, al contrario, Dio \u00e8 assolutamente trascendente. La sua volont\u00e0 non \u00e8 legata a nessuna delle nostre categorie. Fosse anche quella di ragionevole\u201d, per questo \u201cDio non \u00e8 legato dalla propria parola, e niente lo obbliga a rivelarci la verit\u00e0. Se questa fosse la sua volont\u00e0 l\u2019uomo dovrebbe praticare l\u2019idolatria\u201d.<\/p>\n<p style=\"text-align: justify;\">Qual \u00e8 il posto della ragione nella religione islamica? Essa ha un valore strumentale a \u201ccomprendere\u201d la parola di Dio, ci\u00f2 anche quando legge i \u201csegni\u201d della creazione. La ragione non \u00e8 mai vista come arbitro o un riferimento che valga per se stesso (p. 337). La tradizione islamica ha conosciuto delle fasi di \u201crazionalismo\u201d come quella del Mu\u2019tazilismo secondo cui l\u2019uomo \u00e8 capace con la sua ragione di conoscere l\u2019esistenza di Dio e dei principi morali fondamentali, ma fu poi condannato dall\u2019ortodossia sunnita e la visione costitutiva e non solo strumentale della ragione fu negata.<\/p>\n<p style=\"text-align: justify;\"><a href=\"https:\/\/www.rassegnastampa-totustuus.it\/cattolica\/wp-content\/uploads\/2017\/05\/Islam.jpg\"><img loading=\"lazy\" decoding=\"async\" class=\"alignleft wp-image-37621\" src=\"https:\/\/www.rassegnastampa-totustuus.it\/cattolica\/wp-content\/uploads\/2017\/05\/Islam.jpg\" alt=\"\" width=\"166\" height=\"200\" \/><\/a>Essa \u00e8 vista come esigenza logica e viene rifiutato che possa avere un ruolo di fondamento dell\u2019etica: \u201cL\u2019etica \u00e8 necessariamente vista, nel mondo islamico, sotto le categorie giuridiche dell\u2019obbligatorio e del vietato, del raccomandato e del biasimevole (la categoria del lecito non ne \u00e8 che il semplice residuo) e il tutto \u00e8 sanzionato dalla punizione o dalla ricompensa\u201d (p. 339).<\/p>\n<p style=\"text-align: justify;\">Niente \u00e8 obbligatorio dal punto di vista della ragione. Non \u00e8 obbligatorio che quanto una autorit\u00e0 superiore ha dichiarato obbligatorio. La filosofia musulmana di a-Gazali (XI secolo) ha una visione della ragione che rifiuta qualsiasi tipo di teodicea e \u201cla filosofia sviluppata successivamente nella Spagna islamica non avr\u00e0 alcuna influenza sul resto del mondo islamico\u201d (p. 340).<\/p>\n<p style=\"text-align: justify;\">Circa la gihad viene poi ricordata la formula \u201cnessun contrasto in religione\u201d che si legge nella sura II, ma \u00e8 stato ampiamente accertato che essa appartiene al periodo iniziale quando Maometto non aveva alcun potere ed era minacciato (p. 345).<\/p>\n<p>_____________________<\/p>\n<p style=\"text-align: justify;\"><strong>Marie Th\u00e9r\u00e8se Urvoy<\/strong>, Islamologie et monde islamique,Cerf, Paris 2016<\/p>\n<p>&nbsp;<\/p>\n","protected":false},"excerpt":{"rendered":"<p>Osservatorio Internazionale Cardinale Van Th\u00e2n sulla Dottrina sociale della Chiesa Newsletter n.917 del 20 Settembre 2018 Recensione a Marie Th\u00e9r\u00e8s Urvoy, Islamologie et monde islamique di Stefano Fontana<\/p><p><a class=\"more-link btn\" href=\"https:\/\/www.rassegnastampa-totustuus.it\/cattolica\/uno-sguardo-sullislam-politico\/\">Continua a leggere<\/a><\/p>\n","protected":false},"author":6,"featured_media":41128,"comment_status":"closed","ping_status":"closed","sticky":false,"template":"","format":"standard","meta":{"footnotes":""},"categories":[16],"tags":[161,1109],"class_list":["post-41127","post","type-post","status-publish","format-standard","has-post-thumbnail","hentry","category-islam","tag-islam-2","tag-islam-cose","item-wrap"],"yoast_head":"<!-- This site is optimized with the Yoast SEO plugin v27.5 - https:\/\/yoast.com\/product\/yoast-seo-wordpress\/ -->\n<title>Uno sguardo sull\u2019islam politico. - Rassegna Stampa Cattolica<\/title>\n<meta name=\"description\" content=\"Rassegna Stampa Cattolica - Per una cultura che nasce dalla Rivelazione cristiana in conformit\u00e0 alla tradizione e al Magistero della Chiesa in opposizione ad ogni relativismo e totalitarismo\" \/>\n<meta name=\"robots\" content=\"index, follow, max-snippet:-1, max-image-preview:large, max-video-preview:-1\" \/>\n<link rel=\"canonical\" href=\"https:\/\/www.rassegnastampa-totustuus.it\/cattolica\/uno-sguardo-sullislam-politico\/\" \/>\n<meta property=\"og:locale\" content=\"it_IT\" \/>\n<meta property=\"og:type\" content=\"article\" \/>\n<meta property=\"og:title\" content=\"Uno sguardo sull\u2019islam politico. - Rassegna Stampa Cattolica\" \/>\n<meta property=\"og:description\" content=\"Rassegna Stampa Cattolica - Per una cultura che nasce dalla Rivelazione cristiana in conformit\u00e0 alla tradizione e al Magistero della Chiesa in opposizione ad ogni relativismo e totalitarismo\" \/>\n<meta property=\"og:url\" content=\"https:\/\/www.rassegnastampa-totustuus.it\/cattolica\/uno-sguardo-sullislam-politico\/\" \/>\n<meta property=\"og:site_name\" content=\"Rassegna Stampa Cattolica\" \/>\n<meta property=\"article:publisher\" content=\"https:\/\/www.facebook.com\/rassegnastampacattolica\" \/>\n<meta property=\"article:published_time\" content=\"2018-09-26T22:00:25+00:00\" \/>\n<meta property=\"og:image\" content=\"https:\/\/www.rassegnastampa-totustuus.it\/cattolica\/wp-content\/uploads\/2018\/09\/Urvoy_cover.jpg\" \/>\n\t<meta property=\"og:image:width\" content=\"166\" \/>\n\t<meta property=\"og:image:height\" content=\"256\" \/>\n\t<meta property=\"og:image:type\" content=\"image\/jpeg\" \/>\n<meta name=\"author\" content=\"Redazione\" \/>\n<meta name=\"twitter:card\" content=\"summary_large_image\" \/>\n<meta name=\"twitter:creator\" content=\"@rassegnastampa9\" \/>\n<meta name=\"twitter:site\" content=\"@rassegnastampa9\" \/>\n<meta name=\"twitter:label1\" content=\"Scritto da\" \/>\n\t<meta name=\"twitter:data1\" content=\"Redazione\" \/>\n\t<meta name=\"twitter:label2\" content=\"Tempo di lettura stimato\" \/>\n\t<meta name=\"twitter:data2\" content=\"12 minuti\" \/>\n<script type=\"application\/ld+json\" class=\"yoast-schema-graph\">{\"@context\":\"https:\\\/\\\/schema.org\",\"@graph\":[{\"@type\":\"Article\",\"@id\":\"https:\\\/\\\/www.rassegnastampa-totustuus.it\\\/cattolica\\\/uno-sguardo-sullislam-politico\\\/#article\",\"isPartOf\":{\"@id\":\"https:\\\/\\\/www.rassegnastampa-totustuus.it\\\/cattolica\\\/uno-sguardo-sullislam-politico\\\/\"},\"author\":{\"name\":\"Redazione\",\"@id\":\"https:\\\/\\\/www.rassegnastampa-totustuus.it\\\/cattolica\\\/#\\\/schema\\\/person\\\/08f319d2bd1a0904ad9e2bfb7b15e5c3\"},\"headline\":\"Uno sguardo sull\u2019islam politico.\",\"datePublished\":\"2018-09-26T22:00:25+00:00\",\"mainEntityOfPage\":{\"@id\":\"https:\\\/\\\/www.rassegnastampa-totustuus.it\\\/cattolica\\\/uno-sguardo-sullislam-politico\\\/\"},\"wordCount\":2472,\"publisher\":{\"@id\":\"https:\\\/\\\/www.rassegnastampa-totustuus.it\\\/cattolica\\\/#organization\"},\"image\":{\"@id\":\"https:\\\/\\\/www.rassegnastampa-totustuus.it\\\/cattolica\\\/uno-sguardo-sullislam-politico\\\/#primaryimage\"},\"thumbnailUrl\":\"https:\\\/\\\/www.rassegnastampa-totustuus.it\\\/cattolica\\\/wp-content\\\/uploads\\\/2018\\\/09\\\/Urvoy_cover.jpg\",\"keywords\":[\"islam\",\"islam cos'\u00e8\"],\"articleSection\":[\"Islam\"],\"inLanguage\":\"it-IT\"},{\"@type\":\"WebPage\",\"@id\":\"https:\\\/\\\/www.rassegnastampa-totustuus.it\\\/cattolica\\\/uno-sguardo-sullislam-politico\\\/\",\"url\":\"https:\\\/\\\/www.rassegnastampa-totustuus.it\\\/cattolica\\\/uno-sguardo-sullislam-politico\\\/\",\"name\":\"Uno sguardo sull\u2019islam politico. - Rassegna Stampa Cattolica\",\"isPartOf\":{\"@id\":\"https:\\\/\\\/www.rassegnastampa-totustuus.it\\\/cattolica\\\/#website\"},\"primaryImageOfPage\":{\"@id\":\"https:\\\/\\\/www.rassegnastampa-totustuus.it\\\/cattolica\\\/uno-sguardo-sullislam-politico\\\/#primaryimage\"},\"image\":{\"@id\":\"https:\\\/\\\/www.rassegnastampa-totustuus.it\\\/cattolica\\\/uno-sguardo-sullislam-politico\\\/#primaryimage\"},\"thumbnailUrl\":\"https:\\\/\\\/www.rassegnastampa-totustuus.it\\\/cattolica\\\/wp-content\\\/uploads\\\/2018\\\/09\\\/Urvoy_cover.jpg\",\"datePublished\":\"2018-09-26T22:00:25+00:00\",\"description\":\"Rassegna Stampa Cattolica - Per una cultura che nasce dalla Rivelazione cristiana in conformit\u00e0 alla tradizione e al Magistero della Chiesa in opposizione ad ogni relativismo e totalitarismo\",\"breadcrumb\":{\"@id\":\"https:\\\/\\\/www.rassegnastampa-totustuus.it\\\/cattolica\\\/uno-sguardo-sullislam-politico\\\/#breadcrumb\"},\"inLanguage\":\"it-IT\",\"potentialAction\":[{\"@type\":\"ReadAction\",\"target\":[\"https:\\\/\\\/www.rassegnastampa-totustuus.it\\\/cattolica\\\/uno-sguardo-sullislam-politico\\\/\"]}]},{\"@type\":\"ImageObject\",\"inLanguage\":\"it-IT\",\"@id\":\"https:\\\/\\\/www.rassegnastampa-totustuus.it\\\/cattolica\\\/uno-sguardo-sullislam-politico\\\/#primaryimage\",\"url\":\"https:\\\/\\\/www.rassegnastampa-totustuus.it\\\/cattolica\\\/wp-content\\\/uploads\\\/2018\\\/09\\\/Urvoy_cover.jpg\",\"contentUrl\":\"https:\\\/\\\/www.rassegnastampa-totustuus.it\\\/cattolica\\\/wp-content\\\/uploads\\\/2018\\\/09\\\/Urvoy_cover.jpg\",\"width\":166,\"height\":256},{\"@type\":\"BreadcrumbList\",\"@id\":\"https:\\\/\\\/www.rassegnastampa-totustuus.it\\\/cattolica\\\/uno-sguardo-sullislam-politico\\\/#breadcrumb\",\"itemListElement\":[{\"@type\":\"ListItem\",\"position\":1,\"name\":\"Home\",\"item\":\"https:\\\/\\\/www.rassegnastampa-totustuus.it\\\/cattolica\\\/\"},{\"@type\":\"ListItem\",\"position\":2,\"name\":\"Uno sguardo sull\u2019islam politico.\"}]},{\"@type\":\"WebSite\",\"@id\":\"https:\\\/\\\/www.rassegnastampa-totustuus.it\\\/cattolica\\\/#website\",\"url\":\"https:\\\/\\\/www.rassegnastampa-totustuus.it\\\/cattolica\\\/\",\"name\":\"Rassegna Stampa Cattolica\",\"description\":\"Per una cultura che nasce dalla Rivelazione cristiana in conformit\u00e0 alla tradizione e al Magistero della Chiesa in opposizione ad ogni relativismo e totalitarismo\",\"publisher\":{\"@id\":\"https:\\\/\\\/www.rassegnastampa-totustuus.it\\\/cattolica\\\/#organization\"},\"alternateName\":\"Rass. Cattolica\",\"potentialAction\":[{\"@type\":\"SearchAction\",\"target\":{\"@type\":\"EntryPoint\",\"urlTemplate\":\"https:\\\/\\\/www.rassegnastampa-totustuus.it\\\/cattolica\\\/?s={search_term_string}\"},\"query-input\":{\"@type\":\"PropertyValueSpecification\",\"valueRequired\":true,\"valueName\":\"search_term_string\"}}],\"inLanguage\":\"it-IT\"},{\"@type\":\"Organization\",\"@id\":\"https:\\\/\\\/www.rassegnastampa-totustuus.it\\\/cattolica\\\/#organization\",\"name\":\"Rassegna Stampa Cattolica\",\"url\":\"https:\\\/\\\/www.rassegnastampa-totustuus.it\\\/cattolica\\\/\",\"logo\":{\"@type\":\"ImageObject\",\"inLanguage\":\"it-IT\",\"@id\":\"https:\\\/\\\/www.rassegnastampa-totustuus.it\\\/cattolica\\\/#\\\/schema\\\/logo\\\/image\\\/\",\"url\":\"https:\\\/\\\/www.rassegnastampa-totustuus.it\\\/cattolica\\\/wp-content\\\/uploads\\\/2014\\\/04\\\/logo-rassegna1.gif\",\"contentUrl\":\"https:\\\/\\\/www.rassegnastampa-totustuus.it\\\/cattolica\\\/wp-content\\\/uploads\\\/2014\\\/04\\\/logo-rassegna1.gif\",\"width\":600,\"height\":163,\"caption\":\"Rassegna Stampa Cattolica\"},\"image\":{\"@id\":\"https:\\\/\\\/www.rassegnastampa-totustuus.it\\\/cattolica\\\/#\\\/schema\\\/logo\\\/image\\\/\"},\"sameAs\":[\"https:\\\/\\\/www.facebook.com\\\/rassegnastampacattolica\",\"https:\\\/\\\/x.com\\\/rassegnastampa9\"]},{\"@type\":\"Person\",\"@id\":\"https:\\\/\\\/www.rassegnastampa-totustuus.it\\\/cattolica\\\/#\\\/schema\\\/person\\\/08f319d2bd1a0904ad9e2bfb7b15e5c3\",\"name\":\"Redazione\",\"image\":{\"@type\":\"ImageObject\",\"inLanguage\":\"it-IT\",\"@id\":\"https:\\\/\\\/secure.gravatar.com\\\/avatar\\\/2fcdf27c78ea025fbdb44e914cc63c72249ffec9dc8aafd5c82b26240ef3f346?s=96&d=mm&r=g\",\"url\":\"https:\\\/\\\/secure.gravatar.com\\\/avatar\\\/2fcdf27c78ea025fbdb44e914cc63c72249ffec9dc8aafd5c82b26240ef3f346?s=96&d=mm&r=g\",\"contentUrl\":\"https:\\\/\\\/secure.gravatar.com\\\/avatar\\\/2fcdf27c78ea025fbdb44e914cc63c72249ffec9dc8aafd5c82b26240ef3f346?s=96&d=mm&r=g\",\"caption\":\"Redazione\"},\"url\":\"https:\\\/\\\/www.rassegnastampa-totustuus.it\\\/cattolica\\\/author\\\/pietroelle\\\/\"}]}<\/script>\n<!-- \/ Yoast SEO plugin. -->","yoast_head_json":{"title":"Uno sguardo sull\u2019islam politico. - Rassegna Stampa Cattolica","description":"Rassegna Stampa Cattolica - Per una cultura che nasce dalla Rivelazione cristiana in conformit\u00e0 alla tradizione e al Magistero della Chiesa in opposizione ad ogni relativismo e totalitarismo","robots":{"index":"index","follow":"follow","max-snippet":"max-snippet:-1","max-image-preview":"max-image-preview:large","max-video-preview":"max-video-preview:-1"},"canonical":"https:\/\/www.rassegnastampa-totustuus.it\/cattolica\/uno-sguardo-sullislam-politico\/","og_locale":"it_IT","og_type":"article","og_title":"Uno sguardo sull\u2019islam politico. - Rassegna Stampa Cattolica","og_description":"Rassegna Stampa Cattolica - Per una cultura che nasce dalla Rivelazione cristiana in conformit\u00e0 alla tradizione e al Magistero della Chiesa in opposizione ad ogni relativismo e totalitarismo","og_url":"https:\/\/www.rassegnastampa-totustuus.it\/cattolica\/uno-sguardo-sullislam-politico\/","og_site_name":"Rassegna Stampa Cattolica","article_publisher":"https:\/\/www.facebook.com\/rassegnastampacattolica","article_published_time":"2018-09-26T22:00:25+00:00","og_image":[{"width":166,"height":256,"url":"https:\/\/www.rassegnastampa-totustuus.it\/cattolica\/wp-content\/uploads\/2018\/09\/Urvoy_cover.jpg","type":"image\/jpeg"}],"author":"Redazione","twitter_card":"summary_large_image","twitter_creator":"@rassegnastampa9","twitter_site":"@rassegnastampa9","twitter_misc":{"Scritto da":"Redazione","Tempo di lettura stimato":"12 minuti"},"schema":{"@context":"https:\/\/schema.org","@graph":[{"@type":"Article","@id":"https:\/\/www.rassegnastampa-totustuus.it\/cattolica\/uno-sguardo-sullislam-politico\/#article","isPartOf":{"@id":"https:\/\/www.rassegnastampa-totustuus.it\/cattolica\/uno-sguardo-sullislam-politico\/"},"author":{"name":"Redazione","@id":"https:\/\/www.rassegnastampa-totustuus.it\/cattolica\/#\/schema\/person\/08f319d2bd1a0904ad9e2bfb7b15e5c3"},"headline":"Uno sguardo sull\u2019islam politico.","datePublished":"2018-09-26T22:00:25+00:00","mainEntityOfPage":{"@id":"https:\/\/www.rassegnastampa-totustuus.it\/cattolica\/uno-sguardo-sullislam-politico\/"},"wordCount":2472,"publisher":{"@id":"https:\/\/www.rassegnastampa-totustuus.it\/cattolica\/#organization"},"image":{"@id":"https:\/\/www.rassegnastampa-totustuus.it\/cattolica\/uno-sguardo-sullislam-politico\/#primaryimage"},"thumbnailUrl":"https:\/\/www.rassegnastampa-totustuus.it\/cattolica\/wp-content\/uploads\/2018\/09\/Urvoy_cover.jpg","keywords":["islam","islam cos'\u00e8"],"articleSection":["Islam"],"inLanguage":"it-IT"},{"@type":"WebPage","@id":"https:\/\/www.rassegnastampa-totustuus.it\/cattolica\/uno-sguardo-sullislam-politico\/","url":"https:\/\/www.rassegnastampa-totustuus.it\/cattolica\/uno-sguardo-sullislam-politico\/","name":"Uno sguardo sull\u2019islam politico. - Rassegna Stampa Cattolica","isPartOf":{"@id":"https:\/\/www.rassegnastampa-totustuus.it\/cattolica\/#website"},"primaryImageOfPage":{"@id":"https:\/\/www.rassegnastampa-totustuus.it\/cattolica\/uno-sguardo-sullislam-politico\/#primaryimage"},"image":{"@id":"https:\/\/www.rassegnastampa-totustuus.it\/cattolica\/uno-sguardo-sullislam-politico\/#primaryimage"},"thumbnailUrl":"https:\/\/www.rassegnastampa-totustuus.it\/cattolica\/wp-content\/uploads\/2018\/09\/Urvoy_cover.jpg","datePublished":"2018-09-26T22:00:25+00:00","description":"Rassegna Stampa Cattolica - Per una cultura che nasce dalla Rivelazione cristiana in conformit\u00e0 alla tradizione e al Magistero della Chiesa in opposizione ad ogni relativismo e totalitarismo","breadcrumb":{"@id":"https:\/\/www.rassegnastampa-totustuus.it\/cattolica\/uno-sguardo-sullislam-politico\/#breadcrumb"},"inLanguage":"it-IT","potentialAction":[{"@type":"ReadAction","target":["https:\/\/www.rassegnastampa-totustuus.it\/cattolica\/uno-sguardo-sullislam-politico\/"]}]},{"@type":"ImageObject","inLanguage":"it-IT","@id":"https:\/\/www.rassegnastampa-totustuus.it\/cattolica\/uno-sguardo-sullislam-politico\/#primaryimage","url":"https:\/\/www.rassegnastampa-totustuus.it\/cattolica\/wp-content\/uploads\/2018\/09\/Urvoy_cover.jpg","contentUrl":"https:\/\/www.rassegnastampa-totustuus.it\/cattolica\/wp-content\/uploads\/2018\/09\/Urvoy_cover.jpg","width":166,"height":256},{"@type":"BreadcrumbList","@id":"https:\/\/www.rassegnastampa-totustuus.it\/cattolica\/uno-sguardo-sullislam-politico\/#breadcrumb","itemListElement":[{"@type":"ListItem","position":1,"name":"Home","item":"https:\/\/www.rassegnastampa-totustuus.it\/cattolica\/"},{"@type":"ListItem","position":2,"name":"Uno sguardo sull\u2019islam politico."}]},{"@type":"WebSite","@id":"https:\/\/www.rassegnastampa-totustuus.it\/cattolica\/#website","url":"https:\/\/www.rassegnastampa-totustuus.it\/cattolica\/","name":"Rassegna Stampa Cattolica","description":"Per una cultura che nasce dalla Rivelazione cristiana in conformit\u00e0 alla tradizione e al Magistero della Chiesa in opposizione ad ogni relativismo e totalitarismo","publisher":{"@id":"https:\/\/www.rassegnastampa-totustuus.it\/cattolica\/#organization"},"alternateName":"Rass. Cattolica","potentialAction":[{"@type":"SearchAction","target":{"@type":"EntryPoint","urlTemplate":"https:\/\/www.rassegnastampa-totustuus.it\/cattolica\/?s={search_term_string}"},"query-input":{"@type":"PropertyValueSpecification","valueRequired":true,"valueName":"search_term_string"}}],"inLanguage":"it-IT"},{"@type":"Organization","@id":"https:\/\/www.rassegnastampa-totustuus.it\/cattolica\/#organization","name":"Rassegna Stampa Cattolica","url":"https:\/\/www.rassegnastampa-totustuus.it\/cattolica\/","logo":{"@type":"ImageObject","inLanguage":"it-IT","@id":"https:\/\/www.rassegnastampa-totustuus.it\/cattolica\/#\/schema\/logo\/image\/","url":"https:\/\/www.rassegnastampa-totustuus.it\/cattolica\/wp-content\/uploads\/2014\/04\/logo-rassegna1.gif","contentUrl":"https:\/\/www.rassegnastampa-totustuus.it\/cattolica\/wp-content\/uploads\/2014\/04\/logo-rassegna1.gif","width":600,"height":163,"caption":"Rassegna Stampa Cattolica"},"image":{"@id":"https:\/\/www.rassegnastampa-totustuus.it\/cattolica\/#\/schema\/logo\/image\/"},"sameAs":["https:\/\/www.facebook.com\/rassegnastampacattolica","https:\/\/x.com\/rassegnastampa9"]},{"@type":"Person","@id":"https:\/\/www.rassegnastampa-totustuus.it\/cattolica\/#\/schema\/person\/08f319d2bd1a0904ad9e2bfb7b15e5c3","name":"Redazione","image":{"@type":"ImageObject","inLanguage":"it-IT","@id":"https:\/\/secure.gravatar.com\/avatar\/2fcdf27c78ea025fbdb44e914cc63c72249ffec9dc8aafd5c82b26240ef3f346?s=96&d=mm&r=g","url":"https:\/\/secure.gravatar.com\/avatar\/2fcdf27c78ea025fbdb44e914cc63c72249ffec9dc8aafd5c82b26240ef3f346?s=96&d=mm&r=g","contentUrl":"https:\/\/secure.gravatar.com\/avatar\/2fcdf27c78ea025fbdb44e914cc63c72249ffec9dc8aafd5c82b26240ef3f346?s=96&d=mm&r=g","caption":"Redazione"},"url":"https:\/\/www.rassegnastampa-totustuus.it\/cattolica\/author\/pietroelle\/"}]}},"_links":{"self":[{"href":"https:\/\/www.rassegnastampa-totustuus.it\/cattolica\/wp-json\/wp\/v2\/posts\/41127","targetHints":{"allow":["GET"]}}],"collection":[{"href":"https:\/\/www.rassegnastampa-totustuus.it\/cattolica\/wp-json\/wp\/v2\/posts"}],"about":[{"href":"https:\/\/www.rassegnastampa-totustuus.it\/cattolica\/wp-json\/wp\/v2\/types\/post"}],"author":[{"embeddable":true,"href":"https:\/\/www.rassegnastampa-totustuus.it\/cattolica\/wp-json\/wp\/v2\/users\/6"}],"replies":[{"embeddable":true,"href":"https:\/\/www.rassegnastampa-totustuus.it\/cattolica\/wp-json\/wp\/v2\/comments?post=41127"}],"version-history":[{"count":3,"href":"https:\/\/www.rassegnastampa-totustuus.it\/cattolica\/wp-json\/wp\/v2\/posts\/41127\/revisions"}],"predecessor-version":[{"id":41131,"href":"https:\/\/www.rassegnastampa-totustuus.it\/cattolica\/wp-json\/wp\/v2\/posts\/41127\/revisions\/41131"}],"wp:featuredmedia":[{"embeddable":true,"href":"https:\/\/www.rassegnastampa-totustuus.it\/cattolica\/wp-json\/wp\/v2\/media\/41128"}],"wp:attachment":[{"href":"https:\/\/www.rassegnastampa-totustuus.it\/cattolica\/wp-json\/wp\/v2\/media?parent=41127"}],"wp:term":[{"taxonomy":"category","embeddable":true,"href":"https:\/\/www.rassegnastampa-totustuus.it\/cattolica\/wp-json\/wp\/v2\/categories?post=41127"},{"taxonomy":"post_tag","embeddable":true,"href":"https:\/\/www.rassegnastampa-totustuus.it\/cattolica\/wp-json\/wp\/v2\/tags?post=41127"}],"curies":[{"name":"wp","href":"https:\/\/api.w.org\/{rel}","templated":true}]}}