{"id":4112,"date":"2010-10-01T13:28:48","date_gmt":"2010-10-01T11:28:48","guid":{"rendered":""},"modified":"2015-03-13T12:21:19","modified_gmt":"2015-03-13T11:21:19","slug":"linferno-dei-cristiani-nella-romania-comunista","status":"publish","type":"post","link":"https:\/\/www.rassegnastampa-totustuus.it\/cattolica\/linferno-dei-cristiani-nella-romania-comunista\/","title":{"rendered":"L\u2019inferno dei cristiani nella Romania comunista"},"content":{"rendered":"<div style=\"text-align: center;\"><strong><a href=\"https:\/\/www.rassegnastampa-totustuus.it\/cattolica\/wp-content\/uploads\/2010\/10\/Gulag_Pitesti_Ro.jpg\"><img loading=\"lazy\" decoding=\"async\" class=\"alignleft wp-image-21464\" src=\"https:\/\/www.rassegnastampa-totustuus.it\/cattolica\/wp-content\/uploads\/2010\/10\/Gulag_Pitesti_Ro.jpg\" alt=\"Gulag_Pitesti_Ro\" width=\"142\" height=\"200\" \/><\/a>Corrispondenza Romana<\/strong> n.1158 Gioved\u00ec 16 Settembre 2010<\/div>\n<p style=\"text-align: justify;\">Ogni anno, puntualmente, si sente dire, da capi di Stato e di governo, politici e storici la frase: \u00abMai pi\u00f9 Auschwitz!\u00bb. Accade solitamente a ridosso della settimana della memoria, quando si commemora il genocidio ebraico avvenuto durante la Seconda Guerra Mondiale.<\/p>\n<p style=\"text-align: justify;\">Auschwitz \u00e8 diventata cos\u00ec una parola che rimanda di per s\u00e9 al male assoluto, a quanto di pi\u00f9 terribile sia mai esistito: continuamente film, mostre e libri perpetuano il ricordo di quanto avvenuto allora. Eppure, per quanto incredibile possa sembrare, \u00e8 esistito un luogo ben peggiore di Auschwitz. Si chiama Pitesti e si trova nel Sud della Romania, 130 km a nord di Bucarest.<\/p>\n<p style=\"text-align: justify;\"><!--more--><\/p>\n<p style=\"text-align: justify;\">Qui, tra il 1949 e il 1952, \u00e8 stato condotto il pi\u00f9 orrendo esperimento concentrazionario del dopoguerra. Gli oppositori del regime comunista (principalmente studenti universitari, liberali, conservatori e cristiani di tutte le confessioni) furono condotti in questo carcere speciale con l\u2019obiettivo di rieducarli, di farne degli \u201cuomini nuovi\u201d, come sosteneva il segretario generale del Partito comunista, la stalinista Ana Pauker (1893-1960).<\/p>\n<p style=\"text-align: justify;\">\u00c8 quanto racconta il giornalista del <em>Corriere della Sera<\/em> Dario Fertilio in un libro-testimonianza uscito da poco nelle librerie, che non mancher\u00e0 di far discutere (<strong>Dario Fertilio<\/strong>, <em>Musica per lupi. Il racconto del pi\u00f9 terribile atto carcerario nella Romania del dopoguerra<\/em>, Marsilio, pp. 172, euro 15,00).<\/p>\n<p style=\"text-align: justify;\">Quello che accadde a Pitesti in quegli anni, secondo Fertilio, rappresenta \u00abqualcosa di imparagonabile e unico nella storia del Novecento: non l\u2019annientamento ideologico e biologico come ad Auschwitz; non lo sterminio pratico e di massa come nei gulag sovietici e neppure la rieducazione forzata e spietata come in Vietnam o Cambogia.<\/p>\n<p style=\"text-align: justify;\"><a href=\"https:\/\/www.rassegnastampa-totustuus.it\/cattolica\/wp-content\/uploads\/2010\/10\/Gulag_Pitesti_Ro_2.jpg\"><img loading=\"lazy\" decoding=\"async\" class=\"alignright wp-image-21465\" src=\"https:\/\/www.rassegnastampa-totustuus.it\/cattolica\/wp-content\/uploads\/2010\/10\/Gulag_Pitesti_Ro_2.jpg\" alt=\"Gulag_Pitesti_Ro_2\" width=\"250\" height=\"187\" \/><\/a>Si tratta piuttosto di una tortura ininterrotta, attuata di giorno e di notte secondo regole precise, e concepita come un fine in se stesso\u00bb. Non a caso lo stesso Aleksandr Solzencyn, che pure era passato per i gulag sovietici, arriv\u00f2 a definire Pitesti \u00abil pi\u00f9 terribile atto di barbarie del mondo moderno\u00bb.<\/p>\n<p style=\"text-align: justify;\">\u00c8 difficile raccontare gli episodi descritti restando dei semplici cronisti: i prigionieri venivano condotti prima in isolamento completo, poi spinti a tradire i propri cari e i propri amici raccontando tutto il loro passato, quindi, se si rifiutavano, costretti a subire torture di ogni tipo che avevano l\u2019obiettivo di avvicinare la povera vittima alla morte fermandosi per\u00f2 appena un attimo prima, facendo in modo che &#8211; se possibile &#8211; restasse viva ma in realt\u00e0 desiderasse morire.<\/p>\n<p style=\"text-align: justify;\">Il tutto veniva raggiunto con la collaborazione degli stessi compagni di prigionia che erano gi\u00e0 passati a servire i diktat dei capi designati del campo di concentramento, come Eugen Turcanu, un uomo che da alcuni sopravvissuti \u00e8 stato descritto come l\u2019incarnazione di Lucifero e i cui crimini furono talmente aberranti da costringere lo stesso regime stalinista a giustiziarlo. L\u2019aspetto anticristiano del \u201csistema-Pitesti\u201d peraltro, non \u00e8 marginale per comprendere l\u2019essenza del comunismo rumeno. Turcanu si preoccupava anzitutto di distruggere i sentimenti di piet\u00e0 e di carit\u00e0 che i credenti rinchiusi a Pitesti cercavano con tutte le forze di conservare.<\/p>\n<p style=\"text-align: justify;\"><a href=\"https:\/\/www.rassegnastampa-totustuus.it\/cattolica\/wp-content\/uploads\/2010\/10\/Gulag_Pitesti_Ro_3.jpg\"><img loading=\"lazy\" decoding=\"async\" class=\"alignleft wp-image-21466\" src=\"https:\/\/www.rassegnastampa-totustuus.it\/cattolica\/wp-content\/uploads\/2010\/10\/Gulag_Pitesti_Ro_3.jpg\" alt=\"Gulag_Pitesti_Ro_3\" width=\"250\" height=\"166\" \/><\/a>Come egli stesso disse, era imperativo distruggere le anime delle persone, perch\u00e9 chi pensa di avere un&#8217;anima \u00e8 gi\u00e0 un \u201cmalato\u201d, nemico del popolo, da rieducare e, se proprio si rifiuta, da giustiziare usando le torture pi\u00f9 diaboliche, sia fisiche che psichiche. I ragazzi pi\u00f9 giovani (specialmente seminaristi e religiosi) venivano cos\u00ec costretti a subire atti contro la propria volont\u00e0, in particolar modo sessuali, e obbligati a torturarsi a vicenda.<\/p>\n<p style=\"text-align: justify;\">Il cattolico doveva essere \u201crieducato\u201d con un uso pressoch\u00e9 settimanale di orge omosessuali e atti blasfemi (come giaculatorie evocanti satana e parodie dissacratorie dei Sacramenti facendo uso di escrementi e spazzatura), amplificate ancor di pi\u00f9 in corrispondenza delle principali feste dell\u2019anno come Natale e Pasqua. \u00abGuarderemo Dio dall\u2019alto in basso!\u00bb dicevano Turcanu e gli altri capi, invitando i credenti che non volevano arrendersi a bestemmiare il pi\u00f9 possibile.<\/p>\n<p style=\"text-align: justify;\">In questo inferno entrarono tutti, senza limiti di et\u00e0: il pi\u00f9 anziano che si conosca, un ex ministro, vi entr\u00f2 a 94 anni. Dei bambini vi entrarono dopo aver compiuto il primo anno di et\u00e0. Non sorprende che uno dei pochissimi sopravvissuti, il sacerdote Roman Braga, abbia descritto la sua esperienza in questi termini: \u00abPenso che non ci sia nessuna mente al di fuori di quella di Lucifero capace di inventare il \u201cSistema Pitesti\u201d che teneva sospesi tra la follia e la realt\u00e0, tra l\u2019essere e il non essere, con l\u2019idea ossessiva di poter scomparire o, peggio ancora, di dover ricadere sotto il Terrore delle torture\u00bb.<\/p>\n<p style=\"text-align: justify;\">_______________________<\/p>\n<p style=\"text-align: justify;\"><strong>Dario Fertilio<\/strong>, <em>Musica per lupi. Il racconto del pi\u00f9 terribile atto carcerario nella Romania del dopoguerra<\/em>, Marsilio, pp. 172, euro 15,00<\/p>\n<p style=\"text-align: center;\"><strong><a href=\"http:\/\/www.theseuslibri.it\/product\/2129\/Musica-per-lupi.-Il-racconto-del-pi%c3%b9-terribile-atto-carcerario-nella-Romania-del-dopoguerra.html\" target=\"_blank\">ACQUISTA<\/a><\/strong><\/p>\n","protected":false},"excerpt":{"rendered":"<p>Corrispondenza Romana n.1158 Gioved\u00ec 16 Settembre 2010 Ogni anno, puntualmente, si sente dire, da capi di Stato e di governo, politici e storici la frase: \u00abMai pi\u00f9 Auschwitz!\u00bb. Accade solitamente a ridosso della settimana della memoria, quando si commemora il genocidio ebraico avvenuto durante la Seconda Guerra Mondiale. Auschwitz \u00e8 diventata cos\u00ec una parola che &hellip; <\/p>\n<p><a class=\"more-link btn\" href=\"https:\/\/www.rassegnastampa-totustuus.it\/cattolica\/linferno-dei-cristiani-nella-romania-comunista\/\">Continua a leggere<\/a><\/p>\n","protected":false},"author":6,"featured_media":0,"comment_status":"closed","ping_status":"open","sticky":false,"template":"","format":"standard","meta":{"footnotes":""},"categories":[32,44,17],"tags":[470,138,547],"class_list":["post-4112","post","type-post","status-publish","format-standard","hentry","category-filosofia-del-comunismo","category-cristiani-perseguitati","category-libri","tag-cristiani-perseguitati-2","tag-gulag","tag-romania","item-wrap"],"yoast_head":"<!-- This site is optimized with the Yoast SEO plugin v27.5 - https:\/\/yoast.com\/product\/yoast-seo-wordpress\/ -->\n<title>L\u2019inferno dei cristiani nella Romania comunista - Rassegna Stampa Cattolica<\/title>\n<meta name=\"description\" content=\"Rassegna Stampa Cattolica - Per una cultura che nasce dalla Rivelazione cristiana in conformit\u00e0 alla tradizione e al Magistero della Chiesa in opposizione ad ogni relativismo e totalitarismo\" \/>\n<meta name=\"robots\" content=\"index, follow, max-snippet:-1, max-image-preview:large, max-video-preview:-1\" \/>\n<link rel=\"canonical\" href=\"https:\/\/www.rassegnastampa-totustuus.it\/cattolica\/linferno-dei-cristiani-nella-romania-comunista\/\" \/>\n<meta property=\"og:locale\" content=\"it_IT\" \/>\n<meta property=\"og:type\" content=\"article\" \/>\n<meta property=\"og:title\" content=\"L\u2019inferno dei cristiani nella Romania comunista - Rassegna Stampa Cattolica\" \/>\n<meta property=\"og:description\" content=\"Rassegna Stampa Cattolica - Per una cultura che nasce dalla Rivelazione cristiana in conformit\u00e0 alla tradizione e al Magistero della Chiesa in opposizione ad ogni relativismo e totalitarismo\" \/>\n<meta property=\"og:url\" content=\"https:\/\/www.rassegnastampa-totustuus.it\/cattolica\/linferno-dei-cristiani-nella-romania-comunista\/\" \/>\n<meta property=\"og:site_name\" content=\"Rassegna Stampa Cattolica\" \/>\n<meta property=\"article:publisher\" content=\"https:\/\/www.facebook.com\/rassegnastampacattolica\" \/>\n<meta property=\"article:published_time\" content=\"2010-10-01T11:28:48+00:00\" \/>\n<meta property=\"article:modified_time\" content=\"2015-03-13T11:21:19+00:00\" \/>\n<meta property=\"og:image\" content=\"http:\/\/www.rassegnastampa-totustuus.it\/cattolica\/wp-content\/uploads\/2010\/10\/Gulag_Pitesti_Ro.jpg\" \/>\n<meta name=\"author\" content=\"Redazione\" \/>\n<meta name=\"twitter:card\" content=\"summary_large_image\" \/>\n<meta name=\"twitter:creator\" content=\"@rassegnastampa9\" \/>\n<meta name=\"twitter:site\" content=\"@rassegnastampa9\" \/>\n<meta name=\"twitter:label1\" content=\"Scritto da\" \/>\n\t<meta name=\"twitter:data1\" content=\"Redazione\" \/>\n\t<meta name=\"twitter:label2\" content=\"Tempo di lettura stimato\" \/>\n\t<meta name=\"twitter:data2\" content=\"4 minuti\" \/>\n<script type=\"application\/ld+json\" class=\"yoast-schema-graph\">{\"@context\":\"https:\\\/\\\/schema.org\",\"@graph\":[{\"@type\":\"Article\",\"@id\":\"https:\\\/\\\/www.rassegnastampa-totustuus.it\\\/cattolica\\\/linferno-dei-cristiani-nella-romania-comunista\\\/#article\",\"isPartOf\":{\"@id\":\"https:\\\/\\\/www.rassegnastampa-totustuus.it\\\/cattolica\\\/linferno-dei-cristiani-nella-romania-comunista\\\/\"},\"author\":{\"name\":\"Redazione\",\"@id\":\"https:\\\/\\\/www.rassegnastampa-totustuus.it\\\/cattolica\\\/#\\\/schema\\\/person\\\/08f319d2bd1a0904ad9e2bfb7b15e5c3\"},\"headline\":\"L\u2019inferno dei cristiani nella Romania comunista\",\"datePublished\":\"2010-10-01T11:28:48+00:00\",\"dateModified\":\"2015-03-13T11:21:19+00:00\",\"mainEntityOfPage\":{\"@id\":\"https:\\\/\\\/www.rassegnastampa-totustuus.it\\\/cattolica\\\/linferno-dei-cristiani-nella-romania-comunista\\\/\"},\"wordCount\":762,\"publisher\":{\"@id\":\"https:\\\/\\\/www.rassegnastampa-totustuus.it\\\/cattolica\\\/#organization\"},\"image\":{\"@id\":\"https:\\\/\\\/www.rassegnastampa-totustuus.it\\\/cattolica\\\/linferno-dei-cristiani-nella-romania-comunista\\\/#primaryimage\"},\"thumbnailUrl\":\"http:\\\/\\\/www.rassegnastampa-totustuus.it\\\/cattolica\\\/wp-content\\\/uploads\\\/2010\\\/10\\\/Gulag_Pitesti_Ro.jpg\",\"keywords\":[\"cristiani perseguitati\",\"gulag\",\"Romania\"],\"articleSection\":[\"Comunismo\",\"Cristiani perseguitati\",\"Libri\"],\"inLanguage\":\"it-IT\"},{\"@type\":\"WebPage\",\"@id\":\"https:\\\/\\\/www.rassegnastampa-totustuus.it\\\/cattolica\\\/linferno-dei-cristiani-nella-romania-comunista\\\/\",\"url\":\"https:\\\/\\\/www.rassegnastampa-totustuus.it\\\/cattolica\\\/linferno-dei-cristiani-nella-romania-comunista\\\/\",\"name\":\"L\u2019inferno dei cristiani nella Romania comunista - Rassegna Stampa Cattolica\",\"isPartOf\":{\"@id\":\"https:\\\/\\\/www.rassegnastampa-totustuus.it\\\/cattolica\\\/#website\"},\"primaryImageOfPage\":{\"@id\":\"https:\\\/\\\/www.rassegnastampa-totustuus.it\\\/cattolica\\\/linferno-dei-cristiani-nella-romania-comunista\\\/#primaryimage\"},\"image\":{\"@id\":\"https:\\\/\\\/www.rassegnastampa-totustuus.it\\\/cattolica\\\/linferno-dei-cristiani-nella-romania-comunista\\\/#primaryimage\"},\"thumbnailUrl\":\"http:\\\/\\\/www.rassegnastampa-totustuus.it\\\/cattolica\\\/wp-content\\\/uploads\\\/2010\\\/10\\\/Gulag_Pitesti_Ro.jpg\",\"datePublished\":\"2010-10-01T11:28:48+00:00\",\"dateModified\":\"2015-03-13T11:21:19+00:00\",\"description\":\"Rassegna Stampa Cattolica - Per una cultura che nasce dalla Rivelazione cristiana in conformit\u00e0 alla tradizione e al Magistero della Chiesa in opposizione ad ogni relativismo e totalitarismo\",\"breadcrumb\":{\"@id\":\"https:\\\/\\\/www.rassegnastampa-totustuus.it\\\/cattolica\\\/linferno-dei-cristiani-nella-romania-comunista\\\/#breadcrumb\"},\"inLanguage\":\"it-IT\",\"potentialAction\":[{\"@type\":\"ReadAction\",\"target\":[\"https:\\\/\\\/www.rassegnastampa-totustuus.it\\\/cattolica\\\/linferno-dei-cristiani-nella-romania-comunista\\\/\"]}]},{\"@type\":\"ImageObject\",\"inLanguage\":\"it-IT\",\"@id\":\"https:\\\/\\\/www.rassegnastampa-totustuus.it\\\/cattolica\\\/linferno-dei-cristiani-nella-romania-comunista\\\/#primaryimage\",\"url\":\"http:\\\/\\\/www.rassegnastampa-totustuus.it\\\/cattolica\\\/wp-content\\\/uploads\\\/2010\\\/10\\\/Gulag_Pitesti_Ro.jpg\",\"contentUrl\":\"http:\\\/\\\/www.rassegnastampa-totustuus.it\\\/cattolica\\\/wp-content\\\/uploads\\\/2010\\\/10\\\/Gulag_Pitesti_Ro.jpg\"},{\"@type\":\"BreadcrumbList\",\"@id\":\"https:\\\/\\\/www.rassegnastampa-totustuus.it\\\/cattolica\\\/linferno-dei-cristiani-nella-romania-comunista\\\/#breadcrumb\",\"itemListElement\":[{\"@type\":\"ListItem\",\"position\":1,\"name\":\"Home\",\"item\":\"https:\\\/\\\/www.rassegnastampa-totustuus.it\\\/cattolica\\\/\"},{\"@type\":\"ListItem\",\"position\":2,\"name\":\"L\u2019inferno dei cristiani nella Romania comunista\"}]},{\"@type\":\"WebSite\",\"@id\":\"https:\\\/\\\/www.rassegnastampa-totustuus.it\\\/cattolica\\\/#website\",\"url\":\"https:\\\/\\\/www.rassegnastampa-totustuus.it\\\/cattolica\\\/\",\"name\":\"Rassegna Stampa Cattolica\",\"description\":\"Per una cultura che nasce dalla Rivelazione cristiana in conformit\u00e0 alla tradizione e al Magistero della Chiesa in opposizione ad ogni relativismo e totalitarismo\",\"publisher\":{\"@id\":\"https:\\\/\\\/www.rassegnastampa-totustuus.it\\\/cattolica\\\/#organization\"},\"alternateName\":\"Rass. Cattolica\",\"potentialAction\":[{\"@type\":\"SearchAction\",\"target\":{\"@type\":\"EntryPoint\",\"urlTemplate\":\"https:\\\/\\\/www.rassegnastampa-totustuus.it\\\/cattolica\\\/?s={search_term_string}\"},\"query-input\":{\"@type\":\"PropertyValueSpecification\",\"valueRequired\":true,\"valueName\":\"search_term_string\"}}],\"inLanguage\":\"it-IT\"},{\"@type\":\"Organization\",\"@id\":\"https:\\\/\\\/www.rassegnastampa-totustuus.it\\\/cattolica\\\/#organization\",\"name\":\"Rassegna Stampa Cattolica\",\"url\":\"https:\\\/\\\/www.rassegnastampa-totustuus.it\\\/cattolica\\\/\",\"logo\":{\"@type\":\"ImageObject\",\"inLanguage\":\"it-IT\",\"@id\":\"https:\\\/\\\/www.rassegnastampa-totustuus.it\\\/cattolica\\\/#\\\/schema\\\/logo\\\/image\\\/\",\"url\":\"https:\\\/\\\/www.rassegnastampa-totustuus.it\\\/cattolica\\\/wp-content\\\/uploads\\\/2014\\\/04\\\/logo-rassegna1.gif\",\"contentUrl\":\"https:\\\/\\\/www.rassegnastampa-totustuus.it\\\/cattolica\\\/wp-content\\\/uploads\\\/2014\\\/04\\\/logo-rassegna1.gif\",\"width\":600,\"height\":163,\"caption\":\"Rassegna Stampa Cattolica\"},\"image\":{\"@id\":\"https:\\\/\\\/www.rassegnastampa-totustuus.it\\\/cattolica\\\/#\\\/schema\\\/logo\\\/image\\\/\"},\"sameAs\":[\"https:\\\/\\\/www.facebook.com\\\/rassegnastampacattolica\",\"https:\\\/\\\/x.com\\\/rassegnastampa9\"]},{\"@type\":\"Person\",\"@id\":\"https:\\\/\\\/www.rassegnastampa-totustuus.it\\\/cattolica\\\/#\\\/schema\\\/person\\\/08f319d2bd1a0904ad9e2bfb7b15e5c3\",\"name\":\"Redazione\",\"image\":{\"@type\":\"ImageObject\",\"inLanguage\":\"it-IT\",\"@id\":\"https:\\\/\\\/secure.gravatar.com\\\/avatar\\\/2fcdf27c78ea025fbdb44e914cc63c72249ffec9dc8aafd5c82b26240ef3f346?s=96&d=mm&r=g\",\"url\":\"https:\\\/\\\/secure.gravatar.com\\\/avatar\\\/2fcdf27c78ea025fbdb44e914cc63c72249ffec9dc8aafd5c82b26240ef3f346?s=96&d=mm&r=g\",\"contentUrl\":\"https:\\\/\\\/secure.gravatar.com\\\/avatar\\\/2fcdf27c78ea025fbdb44e914cc63c72249ffec9dc8aafd5c82b26240ef3f346?s=96&d=mm&r=g\",\"caption\":\"Redazione\"},\"url\":\"https:\\\/\\\/www.rassegnastampa-totustuus.it\\\/cattolica\\\/author\\\/pietroelle\\\/\"}]}<\/script>\n<!-- \/ Yoast SEO plugin. -->","yoast_head_json":{"title":"L\u2019inferno dei cristiani nella Romania comunista - Rassegna Stampa Cattolica","description":"Rassegna Stampa Cattolica - Per una cultura che nasce dalla Rivelazione cristiana in conformit\u00e0 alla tradizione e al Magistero della Chiesa in opposizione ad ogni relativismo e totalitarismo","robots":{"index":"index","follow":"follow","max-snippet":"max-snippet:-1","max-image-preview":"max-image-preview:large","max-video-preview":"max-video-preview:-1"},"canonical":"https:\/\/www.rassegnastampa-totustuus.it\/cattolica\/linferno-dei-cristiani-nella-romania-comunista\/","og_locale":"it_IT","og_type":"article","og_title":"L\u2019inferno dei cristiani nella Romania comunista - Rassegna Stampa Cattolica","og_description":"Rassegna Stampa Cattolica - Per una cultura che nasce dalla Rivelazione cristiana in conformit\u00e0 alla tradizione e al Magistero della Chiesa in opposizione ad ogni relativismo e totalitarismo","og_url":"https:\/\/www.rassegnastampa-totustuus.it\/cattolica\/linferno-dei-cristiani-nella-romania-comunista\/","og_site_name":"Rassegna Stampa Cattolica","article_publisher":"https:\/\/www.facebook.com\/rassegnastampacattolica","article_published_time":"2010-10-01T11:28:48+00:00","article_modified_time":"2015-03-13T11:21:19+00:00","og_image":[{"url":"http:\/\/www.rassegnastampa-totustuus.it\/cattolica\/wp-content\/uploads\/2010\/10\/Gulag_Pitesti_Ro.jpg","type":"","width":"","height":""}],"author":"Redazione","twitter_card":"summary_large_image","twitter_creator":"@rassegnastampa9","twitter_site":"@rassegnastampa9","twitter_misc":{"Scritto da":"Redazione","Tempo di lettura stimato":"4 minuti"},"schema":{"@context":"https:\/\/schema.org","@graph":[{"@type":"Article","@id":"https:\/\/www.rassegnastampa-totustuus.it\/cattolica\/linferno-dei-cristiani-nella-romania-comunista\/#article","isPartOf":{"@id":"https:\/\/www.rassegnastampa-totustuus.it\/cattolica\/linferno-dei-cristiani-nella-romania-comunista\/"},"author":{"name":"Redazione","@id":"https:\/\/www.rassegnastampa-totustuus.it\/cattolica\/#\/schema\/person\/08f319d2bd1a0904ad9e2bfb7b15e5c3"},"headline":"L\u2019inferno dei cristiani nella Romania comunista","datePublished":"2010-10-01T11:28:48+00:00","dateModified":"2015-03-13T11:21:19+00:00","mainEntityOfPage":{"@id":"https:\/\/www.rassegnastampa-totustuus.it\/cattolica\/linferno-dei-cristiani-nella-romania-comunista\/"},"wordCount":762,"publisher":{"@id":"https:\/\/www.rassegnastampa-totustuus.it\/cattolica\/#organization"},"image":{"@id":"https:\/\/www.rassegnastampa-totustuus.it\/cattolica\/linferno-dei-cristiani-nella-romania-comunista\/#primaryimage"},"thumbnailUrl":"http:\/\/www.rassegnastampa-totustuus.it\/cattolica\/wp-content\/uploads\/2010\/10\/Gulag_Pitesti_Ro.jpg","keywords":["cristiani perseguitati","gulag","Romania"],"articleSection":["Comunismo","Cristiani perseguitati","Libri"],"inLanguage":"it-IT"},{"@type":"WebPage","@id":"https:\/\/www.rassegnastampa-totustuus.it\/cattolica\/linferno-dei-cristiani-nella-romania-comunista\/","url":"https:\/\/www.rassegnastampa-totustuus.it\/cattolica\/linferno-dei-cristiani-nella-romania-comunista\/","name":"L\u2019inferno dei cristiani nella Romania comunista - Rassegna Stampa Cattolica","isPartOf":{"@id":"https:\/\/www.rassegnastampa-totustuus.it\/cattolica\/#website"},"primaryImageOfPage":{"@id":"https:\/\/www.rassegnastampa-totustuus.it\/cattolica\/linferno-dei-cristiani-nella-romania-comunista\/#primaryimage"},"image":{"@id":"https:\/\/www.rassegnastampa-totustuus.it\/cattolica\/linferno-dei-cristiani-nella-romania-comunista\/#primaryimage"},"thumbnailUrl":"http:\/\/www.rassegnastampa-totustuus.it\/cattolica\/wp-content\/uploads\/2010\/10\/Gulag_Pitesti_Ro.jpg","datePublished":"2010-10-01T11:28:48+00:00","dateModified":"2015-03-13T11:21:19+00:00","description":"Rassegna Stampa Cattolica - Per una cultura che nasce dalla Rivelazione cristiana in conformit\u00e0 alla tradizione e al Magistero della Chiesa in opposizione ad ogni relativismo e totalitarismo","breadcrumb":{"@id":"https:\/\/www.rassegnastampa-totustuus.it\/cattolica\/linferno-dei-cristiani-nella-romania-comunista\/#breadcrumb"},"inLanguage":"it-IT","potentialAction":[{"@type":"ReadAction","target":["https:\/\/www.rassegnastampa-totustuus.it\/cattolica\/linferno-dei-cristiani-nella-romania-comunista\/"]}]},{"@type":"ImageObject","inLanguage":"it-IT","@id":"https:\/\/www.rassegnastampa-totustuus.it\/cattolica\/linferno-dei-cristiani-nella-romania-comunista\/#primaryimage","url":"http:\/\/www.rassegnastampa-totustuus.it\/cattolica\/wp-content\/uploads\/2010\/10\/Gulag_Pitesti_Ro.jpg","contentUrl":"http:\/\/www.rassegnastampa-totustuus.it\/cattolica\/wp-content\/uploads\/2010\/10\/Gulag_Pitesti_Ro.jpg"},{"@type":"BreadcrumbList","@id":"https:\/\/www.rassegnastampa-totustuus.it\/cattolica\/linferno-dei-cristiani-nella-romania-comunista\/#breadcrumb","itemListElement":[{"@type":"ListItem","position":1,"name":"Home","item":"https:\/\/www.rassegnastampa-totustuus.it\/cattolica\/"},{"@type":"ListItem","position":2,"name":"L\u2019inferno dei cristiani nella Romania comunista"}]},{"@type":"WebSite","@id":"https:\/\/www.rassegnastampa-totustuus.it\/cattolica\/#website","url":"https:\/\/www.rassegnastampa-totustuus.it\/cattolica\/","name":"Rassegna Stampa Cattolica","description":"Per una cultura che nasce dalla Rivelazione cristiana in conformit\u00e0 alla tradizione e al Magistero della Chiesa in opposizione ad ogni relativismo e totalitarismo","publisher":{"@id":"https:\/\/www.rassegnastampa-totustuus.it\/cattolica\/#organization"},"alternateName":"Rass. Cattolica","potentialAction":[{"@type":"SearchAction","target":{"@type":"EntryPoint","urlTemplate":"https:\/\/www.rassegnastampa-totustuus.it\/cattolica\/?s={search_term_string}"},"query-input":{"@type":"PropertyValueSpecification","valueRequired":true,"valueName":"search_term_string"}}],"inLanguage":"it-IT"},{"@type":"Organization","@id":"https:\/\/www.rassegnastampa-totustuus.it\/cattolica\/#organization","name":"Rassegna Stampa Cattolica","url":"https:\/\/www.rassegnastampa-totustuus.it\/cattolica\/","logo":{"@type":"ImageObject","inLanguage":"it-IT","@id":"https:\/\/www.rassegnastampa-totustuus.it\/cattolica\/#\/schema\/logo\/image\/","url":"https:\/\/www.rassegnastampa-totustuus.it\/cattolica\/wp-content\/uploads\/2014\/04\/logo-rassegna1.gif","contentUrl":"https:\/\/www.rassegnastampa-totustuus.it\/cattolica\/wp-content\/uploads\/2014\/04\/logo-rassegna1.gif","width":600,"height":163,"caption":"Rassegna Stampa Cattolica"},"image":{"@id":"https:\/\/www.rassegnastampa-totustuus.it\/cattolica\/#\/schema\/logo\/image\/"},"sameAs":["https:\/\/www.facebook.com\/rassegnastampacattolica","https:\/\/x.com\/rassegnastampa9"]},{"@type":"Person","@id":"https:\/\/www.rassegnastampa-totustuus.it\/cattolica\/#\/schema\/person\/08f319d2bd1a0904ad9e2bfb7b15e5c3","name":"Redazione","image":{"@type":"ImageObject","inLanguage":"it-IT","@id":"https:\/\/secure.gravatar.com\/avatar\/2fcdf27c78ea025fbdb44e914cc63c72249ffec9dc8aafd5c82b26240ef3f346?s=96&d=mm&r=g","url":"https:\/\/secure.gravatar.com\/avatar\/2fcdf27c78ea025fbdb44e914cc63c72249ffec9dc8aafd5c82b26240ef3f346?s=96&d=mm&r=g","contentUrl":"https:\/\/secure.gravatar.com\/avatar\/2fcdf27c78ea025fbdb44e914cc63c72249ffec9dc8aafd5c82b26240ef3f346?s=96&d=mm&r=g","caption":"Redazione"},"url":"https:\/\/www.rassegnastampa-totustuus.it\/cattolica\/author\/pietroelle\/"}]}},"_links":{"self":[{"href":"https:\/\/www.rassegnastampa-totustuus.it\/cattolica\/wp-json\/wp\/v2\/posts\/4112","targetHints":{"allow":["GET"]}}],"collection":[{"href":"https:\/\/www.rassegnastampa-totustuus.it\/cattolica\/wp-json\/wp\/v2\/posts"}],"about":[{"href":"https:\/\/www.rassegnastampa-totustuus.it\/cattolica\/wp-json\/wp\/v2\/types\/post"}],"author":[{"embeddable":true,"href":"https:\/\/www.rassegnastampa-totustuus.it\/cattolica\/wp-json\/wp\/v2\/users\/6"}],"replies":[{"embeddable":true,"href":"https:\/\/www.rassegnastampa-totustuus.it\/cattolica\/wp-json\/wp\/v2\/comments?post=4112"}],"version-history":[{"count":3,"href":"https:\/\/www.rassegnastampa-totustuus.it\/cattolica\/wp-json\/wp\/v2\/posts\/4112\/revisions"}],"predecessor-version":[{"id":21467,"href":"https:\/\/www.rassegnastampa-totustuus.it\/cattolica\/wp-json\/wp\/v2\/posts\/4112\/revisions\/21467"}],"wp:attachment":[{"href":"https:\/\/www.rassegnastampa-totustuus.it\/cattolica\/wp-json\/wp\/v2\/media?parent=4112"}],"wp:term":[{"taxonomy":"category","embeddable":true,"href":"https:\/\/www.rassegnastampa-totustuus.it\/cattolica\/wp-json\/wp\/v2\/categories?post=4112"},{"taxonomy":"post_tag","embeddable":true,"href":"https:\/\/www.rassegnastampa-totustuus.it\/cattolica\/wp-json\/wp\/v2\/tags?post=4112"}],"curies":[{"name":"wp","href":"https:\/\/api.w.org\/{rel}","templated":true}]}}