{"id":4106,"date":"2010-09-30T00:00:00","date_gmt":"2010-09-29T22:00:00","guid":{"rendered":""},"modified":"2015-11-17T15:38:00","modified_gmt":"2015-11-17T14:38:00","slug":"verit-vita-e-litigi","status":"publish","type":"post","link":"https:\/\/www.rassegnastampa-totustuus.it\/cattolica\/verit-vita-e-litigi\/","title":{"rendered":"Verit&agrave;, vita e litigi"},"content":{"rendered":"<div style=\"text-align: center;\"><strong><a href=\"https:\/\/www.rassegnastampa-totustuus.it\/cattolica\/wp-content\/uploads\/2010\/09\/verit\u00e0-e-vita.jpg\"><img loading=\"lazy\" decoding=\"async\" class=\"alignleft wp-image-27784\" src=\"https:\/\/www.rassegnastampa-totustuus.it\/cattolica\/wp-content\/uploads\/2010\/09\/verit\u00e0-e-vita.jpg\" alt=\"verit\u00e0 e vita\" width=\"200\" height=\"196\" \/><\/a>Il Foglio<\/strong> del 23 settembre 2010<\/div>\n<p style=\"text-align: center;\"><strong>La legge 40 non \u00e8 \u201cbuona\u201d e nemmeno il testamento biologico<\/strong><\/p>\n<p style=\"text-align: center;\"><em>Ecco il vero dissidio con il MpV<\/em><\/p>\n<p style=\"text-align: center;\"><strong>Mario Palmaro<\/strong><\/p>\n<p style=\"text-align: center;\"><em>Presidente del Comitato Verit\u00e0 e Vita<\/em><\/p>\n<p style=\"text-align: justify;\"><!--more-->Al direttore.<\/p>\n<p style=\"text-align: justify;\">Il testo scritto dal vicepresidente del Movimento per la Vita Giuseppe Anzani, apparso sul Foglio di sabato scorso, contiene una serie di affermazioni che non corrispondono alla realt\u00e0 delle cose. Alcuni di questi errori riguardano in particolare il Comitato Verit\u00e0 e Vita, e dunque sono costretto a rettificare tali \u201cinesattezze\u201d.<\/p>\n<p style=\"text-align: justify;\">Anzani scrive che nel nostro comitato \u201cnon \u00e8 necessario essere eletti\u201d, ma questo non \u00e8 vero: nella nostra associazione si svolgono regolari elezioni, nel contesto delle assemblee nazionali, dove si discute e poi si vota in base alle modalit\u00e0 descritte dallo statuto, che \u00e8 consultabile sul nostro sito (www.comitatoveritaevita.it).<\/p>\n<p style=\"text-align: justify;\">Fra l\u2019altro, il nostro statuto prevede alcune incompatibilit\u00e0 molto severe, stabilendo che il presidente e i vicepresidenti \u201cnon possono ricoprire incarichi partitici e\/o politico-amministrativi-istituzionali elettivi a livello locale, regionale, nazionale o europeo\u201d.<\/p>\n<p style=\"text-align: justify;\">Anzani scrive che noi pretenderemmo di \u201cconfondere la gente\u201d lasciando credere di essere \u201cla stessa cosa del MpV, o anzi il vero MpV\u201d, e anche questo non \u00e8 vero. Verit\u00e0 e Vita ha un proprio simbolo, propri rappresentanti, una precisa identit\u00e0. Fin dalla fondazione, avvenuta il 28 febbraio 2004, abbiamo assunto pubblicamente delle posizioni molto precise, che marcano una differenza evidente rispetto ad altre espresse dal Movimento per la vita.<\/p>\n<p style=\"text-align: justify;\">Questo ci ha portato in alcune occasioni anche a criticare il MpV, poich\u00e9 le radici di quel movimento sono le nostre stesse radici, e abbiamo provato a spiegare perch\u00e9, secondo noi, essere a favore delle DAT, o fare l\u2019apologia della fecondazione artificiale omologa, o dire che la 194 \u00e8 una legge buona ma applicata male, significa discostarsi da quelle radici.<\/p>\n<p style=\"text-align: justify;\">Verit\u00e0 e Vita sostiene da sempre che la legge 40 del 2004 \u00e8 gravemente ingiusta, perch\u00e9 permette la fecondazione artificiale extracorporea, con la sua inevitabile produzione tecnica dell\u2019essere umano e con il suo carico di vittime innocenti.<\/p>\n<p style=\"text-align: justify;\">Le limitazioni contenute nel testo della legge \u2013 per altro pesantemente ridimensionate da alcuni interventi \u201ccreativi\u201d della magistratura \u2013 spiegano le ragioni della \u201cdifesa\u201d della 40 da parte dei pro life e del mondo cattolico nel referendum del 2005. In quell\u2019occasione Verit\u00e0 e Vita lanci\u00f2 l\u2019idea dell\u2019astensione prima ancora che tale linea venisse ufficializzata dalla Conferenza episcopale. Ma, al di l\u00e0 della legge, il punto \u00e8 che non esiste una fecondazione extracorporea \u201cbuona\u201d.<\/p>\n<p style=\"text-align: justify;\">Per quanto riguarda le DAT, devo ricordare ad Anzani che \u201cS\u00ec alla Vita\u201d \u2013 il mensile del MpV \u2013 nell\u2019estate del 2008 prendeva duramente posizione contro il testamento biologico, in coerenza con la linea pro life di sempre; e che solo a partire dal settembre di quell\u2019anno il Movimento per la Vita ha mutato il suo atteggiamento sulla materia.<\/p>\n<p style=\"text-align: justify;\">Anzani scrive che il Comitato Verit\u00e0 e Vita sarebbe stato fondato da \u201cquei quattro o cinque che non fanno pi\u00f9 parte del direttivo del MpV semplicemente perch\u00e9 non sono stati pi\u00f9 eletti\u201d. E anche questo non \u00e8 vero. Sia perch\u00e9 dietro a Verit\u00e0 e Vita non ci sono \u201cquattro o cinque persone\u201d; sia perch\u00e9 non pochi dei nostri soci oggi militano ancora nel MpV; e sia perch\u00e9 qualcuno \u2013 come ad esempio il sottoscritto &#8211; si \u00e8 dimesso dal direttivo nazionale dopo essere stato rieletto, spiegando le ragioni di coscienza che lo obbligavano a lasciare un movimento identitario in grave crisi di identit\u00e0.<\/p>\n<p style=\"text-align: justify;\">Su una cosa Giuseppe Anzani ha ragione: \u201cLa verit\u00e0, di solito, si scopre andando a vedere, e dopo aver visto, pensare.\u201d E\u2019 quello che almeno noi di Verit\u00e0 e Vita stiamo cercando \u2013 con mille limiti personali \u2013 di fare. Tenendo anche conto che la nostra \u00e8 un\u2019associazione totalmente autofinanziata e basata esclusivamente sul volontariato. E, forse proprio per questo, libera di dire la verit\u00e0.<\/p>\n","protected":false},"excerpt":{"rendered":"<p>Il Foglio del 23 settembre 2010 La legge 40 non \u00e8 \u201cbuona\u201d e nemmeno il testamento biologico Ecco il vero dissidio con il MpV Mario Palmaro Presidente del Comitato Verit\u00e0 e Vita<\/p><p><a class=\"more-link btn\" href=\"https:\/\/www.rassegnastampa-totustuus.it\/cattolica\/verit-vita-e-litigi\/\">Continua a leggere<\/a><\/p>\n","protected":false},"author":6,"featured_media":27784,"comment_status":"closed","ping_status":"open","sticky":false,"template":"","format":"standard","meta":{"footnotes":""},"categories":[4],"tags":[591,1558],"class_list":["post-4106","post","type-post","status-publish","format-standard","has-post-thumbnail","hentry","category-bioetica","tag-legge-40","tag-testamento-biologico","item-wrap"],"yoast_head":"<!-- This site is optimized with the Yoast SEO plugin v27.4 - https:\/\/yoast.com\/product\/yoast-seo-wordpress\/ -->\n<title>Verit&agrave;, vita e litigi - Rassegna Stampa Cattolica<\/title>\n<meta name=\"description\" content=\"Rassegna Stampa Cattolica - Per una cultura che nasce dalla Rivelazione cristiana in conformit\u00e0 alla tradizione e al Magistero della Chiesa in opposizione ad ogni relativismo e totalitarismo\" \/>\n<meta name=\"robots\" content=\"index, follow, max-snippet:-1, max-image-preview:large, max-video-preview:-1\" \/>\n<link rel=\"canonical\" href=\"https:\/\/www.rassegnastampa-totustuus.it\/cattolica\/verit-vita-e-litigi\/\" \/>\n<meta property=\"og:locale\" content=\"it_IT\" \/>\n<meta property=\"og:type\" content=\"article\" \/>\n<meta property=\"og:title\" content=\"Verit&agrave;, vita e litigi - Rassegna Stampa Cattolica\" \/>\n<meta property=\"og:description\" content=\"Rassegna Stampa Cattolica - Per una cultura che nasce dalla Rivelazione cristiana in conformit\u00e0 alla tradizione e al Magistero della Chiesa in opposizione ad ogni relativismo e totalitarismo\" \/>\n<meta property=\"og:url\" content=\"https:\/\/www.rassegnastampa-totustuus.it\/cattolica\/verit-vita-e-litigi\/\" \/>\n<meta property=\"og:site_name\" content=\"Rassegna Stampa Cattolica\" \/>\n<meta property=\"article:publisher\" content=\"https:\/\/www.facebook.com\/rassegnastampacattolica\" \/>\n<meta property=\"article:published_time\" content=\"2010-09-29T22:00:00+00:00\" \/>\n<meta property=\"article:modified_time\" content=\"2015-11-17T14:38:00+00:00\" \/>\n<meta property=\"og:image\" content=\"https:\/\/www.rassegnastampa-totustuus.it\/cattolica\/wp-content\/uploads\/2010\/09\/verit\u00e0-e-vita.jpg\" \/>\n\t<meta property=\"og:image:width\" content=\"227\" \/>\n\t<meta property=\"og:image:height\" content=\"222\" \/>\n\t<meta property=\"og:image:type\" content=\"image\/jpeg\" \/>\n<meta name=\"author\" content=\"Redazione\" \/>\n<meta name=\"twitter:card\" content=\"summary_large_image\" \/>\n<meta name=\"twitter:creator\" content=\"@rassegnastampa9\" \/>\n<meta name=\"twitter:site\" content=\"@rassegnastampa9\" \/>\n<meta name=\"twitter:label1\" content=\"Scritto da\" \/>\n\t<meta name=\"twitter:data1\" content=\"Redazione\" \/>\n\t<meta name=\"twitter:label2\" content=\"Tempo di lettura stimato\" \/>\n\t<meta name=\"twitter:data2\" content=\"3 minuti\" \/>\n<script type=\"application\/ld+json\" class=\"yoast-schema-graph\">{\"@context\":\"https:\\\/\\\/schema.org\",\"@graph\":[{\"@type\":\"Article\",\"@id\":\"https:\\\/\\\/www.rassegnastampa-totustuus.it\\\/cattolica\\\/verit-vita-e-litigi\\\/#article\",\"isPartOf\":{\"@id\":\"https:\\\/\\\/www.rassegnastampa-totustuus.it\\\/cattolica\\\/verit-vita-e-litigi\\\/\"},\"author\":{\"name\":\"Redazione\",\"@id\":\"https:\\\/\\\/www.rassegnastampa-totustuus.it\\\/cattolica\\\/#\\\/schema\\\/person\\\/08f319d2bd1a0904ad9e2bfb7b15e5c3\"},\"headline\":\"Verit&agrave;, vita e litigi\",\"datePublished\":\"2010-09-29T22:00:00+00:00\",\"dateModified\":\"2015-11-17T14:38:00+00:00\",\"mainEntityOfPage\":{\"@id\":\"https:\\\/\\\/www.rassegnastampa-totustuus.it\\\/cattolica\\\/verit-vita-e-litigi\\\/\"},\"wordCount\":620,\"publisher\":{\"@id\":\"https:\\\/\\\/www.rassegnastampa-totustuus.it\\\/cattolica\\\/#organization\"},\"image\":{\"@id\":\"https:\\\/\\\/www.rassegnastampa-totustuus.it\\\/cattolica\\\/verit-vita-e-litigi\\\/#primaryimage\"},\"thumbnailUrl\":\"https:\\\/\\\/www.rassegnastampa-totustuus.it\\\/cattolica\\\/wp-content\\\/uploads\\\/2010\\\/09\\\/verit\u00e0-e-vita.jpg\",\"keywords\":[\"legge 40\",\"testamento biologico\"],\"articleSection\":[\"Bioetica\"],\"inLanguage\":\"it-IT\"},{\"@type\":\"WebPage\",\"@id\":\"https:\\\/\\\/www.rassegnastampa-totustuus.it\\\/cattolica\\\/verit-vita-e-litigi\\\/\",\"url\":\"https:\\\/\\\/www.rassegnastampa-totustuus.it\\\/cattolica\\\/verit-vita-e-litigi\\\/\",\"name\":\"Verit&agrave;, vita e litigi - Rassegna Stampa Cattolica\",\"isPartOf\":{\"@id\":\"https:\\\/\\\/www.rassegnastampa-totustuus.it\\\/cattolica\\\/#website\"},\"primaryImageOfPage\":{\"@id\":\"https:\\\/\\\/www.rassegnastampa-totustuus.it\\\/cattolica\\\/verit-vita-e-litigi\\\/#primaryimage\"},\"image\":{\"@id\":\"https:\\\/\\\/www.rassegnastampa-totustuus.it\\\/cattolica\\\/verit-vita-e-litigi\\\/#primaryimage\"},\"thumbnailUrl\":\"https:\\\/\\\/www.rassegnastampa-totustuus.it\\\/cattolica\\\/wp-content\\\/uploads\\\/2010\\\/09\\\/verit\u00e0-e-vita.jpg\",\"datePublished\":\"2010-09-29T22:00:00+00:00\",\"dateModified\":\"2015-11-17T14:38:00+00:00\",\"description\":\"Rassegna Stampa Cattolica - Per una cultura che nasce dalla Rivelazione cristiana in conformit\u00e0 alla tradizione e al Magistero della Chiesa in opposizione ad ogni relativismo e totalitarismo\",\"breadcrumb\":{\"@id\":\"https:\\\/\\\/www.rassegnastampa-totustuus.it\\\/cattolica\\\/verit-vita-e-litigi\\\/#breadcrumb\"},\"inLanguage\":\"it-IT\",\"potentialAction\":[{\"@type\":\"ReadAction\",\"target\":[\"https:\\\/\\\/www.rassegnastampa-totustuus.it\\\/cattolica\\\/verit-vita-e-litigi\\\/\"]}]},{\"@type\":\"ImageObject\",\"inLanguage\":\"it-IT\",\"@id\":\"https:\\\/\\\/www.rassegnastampa-totustuus.it\\\/cattolica\\\/verit-vita-e-litigi\\\/#primaryimage\",\"url\":\"https:\\\/\\\/www.rassegnastampa-totustuus.it\\\/cattolica\\\/wp-content\\\/uploads\\\/2010\\\/09\\\/verit\u00e0-e-vita.jpg\",\"contentUrl\":\"https:\\\/\\\/www.rassegnastampa-totustuus.it\\\/cattolica\\\/wp-content\\\/uploads\\\/2010\\\/09\\\/verit\u00e0-e-vita.jpg\",\"width\":227,\"height\":222},{\"@type\":\"BreadcrumbList\",\"@id\":\"https:\\\/\\\/www.rassegnastampa-totustuus.it\\\/cattolica\\\/verit-vita-e-litigi\\\/#breadcrumb\",\"itemListElement\":[{\"@type\":\"ListItem\",\"position\":1,\"name\":\"Home\",\"item\":\"https:\\\/\\\/www.rassegnastampa-totustuus.it\\\/cattolica\\\/\"},{\"@type\":\"ListItem\",\"position\":2,\"name\":\"Verit&agrave;, vita e litigi\"}]},{\"@type\":\"WebSite\",\"@id\":\"https:\\\/\\\/www.rassegnastampa-totustuus.it\\\/cattolica\\\/#website\",\"url\":\"https:\\\/\\\/www.rassegnastampa-totustuus.it\\\/cattolica\\\/\",\"name\":\"Rassegna Stampa Cattolica\",\"description\":\"Per una cultura che nasce dalla Rivelazione cristiana in conformit\u00e0 alla tradizione e al Magistero della Chiesa in opposizione ad ogni relativismo e totalitarismo\",\"publisher\":{\"@id\":\"https:\\\/\\\/www.rassegnastampa-totustuus.it\\\/cattolica\\\/#organization\"},\"alternateName\":\"Rass. Cattolica\",\"potentialAction\":[{\"@type\":\"SearchAction\",\"target\":{\"@type\":\"EntryPoint\",\"urlTemplate\":\"https:\\\/\\\/www.rassegnastampa-totustuus.it\\\/cattolica\\\/?s={search_term_string}\"},\"query-input\":{\"@type\":\"PropertyValueSpecification\",\"valueRequired\":true,\"valueName\":\"search_term_string\"}}],\"inLanguage\":\"it-IT\"},{\"@type\":\"Organization\",\"@id\":\"https:\\\/\\\/www.rassegnastampa-totustuus.it\\\/cattolica\\\/#organization\",\"name\":\"Rassegna Stampa Cattolica\",\"url\":\"https:\\\/\\\/www.rassegnastampa-totustuus.it\\\/cattolica\\\/\",\"logo\":{\"@type\":\"ImageObject\",\"inLanguage\":\"it-IT\",\"@id\":\"https:\\\/\\\/www.rassegnastampa-totustuus.it\\\/cattolica\\\/#\\\/schema\\\/logo\\\/image\\\/\",\"url\":\"https:\\\/\\\/www.rassegnastampa-totustuus.it\\\/cattolica\\\/wp-content\\\/uploads\\\/2014\\\/04\\\/logo-rassegna1.gif\",\"contentUrl\":\"https:\\\/\\\/www.rassegnastampa-totustuus.it\\\/cattolica\\\/wp-content\\\/uploads\\\/2014\\\/04\\\/logo-rassegna1.gif\",\"width\":600,\"height\":163,\"caption\":\"Rassegna Stampa Cattolica\"},\"image\":{\"@id\":\"https:\\\/\\\/www.rassegnastampa-totustuus.it\\\/cattolica\\\/#\\\/schema\\\/logo\\\/image\\\/\"},\"sameAs\":[\"https:\\\/\\\/www.facebook.com\\\/rassegnastampacattolica\",\"https:\\\/\\\/x.com\\\/rassegnastampa9\"]},{\"@type\":\"Person\",\"@id\":\"https:\\\/\\\/www.rassegnastampa-totustuus.it\\\/cattolica\\\/#\\\/schema\\\/person\\\/08f319d2bd1a0904ad9e2bfb7b15e5c3\",\"name\":\"Redazione\",\"image\":{\"@type\":\"ImageObject\",\"inLanguage\":\"it-IT\",\"@id\":\"https:\\\/\\\/secure.gravatar.com\\\/avatar\\\/2fcdf27c78ea025fbdb44e914cc63c72249ffec9dc8aafd5c82b26240ef3f346?s=96&d=mm&r=g\",\"url\":\"https:\\\/\\\/secure.gravatar.com\\\/avatar\\\/2fcdf27c78ea025fbdb44e914cc63c72249ffec9dc8aafd5c82b26240ef3f346?s=96&d=mm&r=g\",\"contentUrl\":\"https:\\\/\\\/secure.gravatar.com\\\/avatar\\\/2fcdf27c78ea025fbdb44e914cc63c72249ffec9dc8aafd5c82b26240ef3f346?s=96&d=mm&r=g\",\"caption\":\"Redazione\"},\"url\":\"https:\\\/\\\/www.rassegnastampa-totustuus.it\\\/cattolica\\\/author\\\/pietroelle\\\/\"}]}<\/script>\n<!-- \/ Yoast SEO plugin. -->","yoast_head_json":{"title":"Verit&agrave;, vita e litigi - Rassegna Stampa Cattolica","description":"Rassegna Stampa Cattolica - Per una cultura che nasce dalla Rivelazione cristiana in conformit\u00e0 alla tradizione e al Magistero della Chiesa in opposizione ad ogni relativismo e totalitarismo","robots":{"index":"index","follow":"follow","max-snippet":"max-snippet:-1","max-image-preview":"max-image-preview:large","max-video-preview":"max-video-preview:-1"},"canonical":"https:\/\/www.rassegnastampa-totustuus.it\/cattolica\/verit-vita-e-litigi\/","og_locale":"it_IT","og_type":"article","og_title":"Verit&agrave;, vita e litigi - Rassegna Stampa Cattolica","og_description":"Rassegna Stampa Cattolica - Per una cultura che nasce dalla Rivelazione cristiana in conformit\u00e0 alla tradizione e al Magistero della Chiesa in opposizione ad ogni relativismo e totalitarismo","og_url":"https:\/\/www.rassegnastampa-totustuus.it\/cattolica\/verit-vita-e-litigi\/","og_site_name":"Rassegna Stampa Cattolica","article_publisher":"https:\/\/www.facebook.com\/rassegnastampacattolica","article_published_time":"2010-09-29T22:00:00+00:00","article_modified_time":"2015-11-17T14:38:00+00:00","og_image":[{"width":227,"height":222,"url":"https:\/\/www.rassegnastampa-totustuus.it\/cattolica\/wp-content\/uploads\/2010\/09\/verit\u00e0-e-vita.jpg","type":"image\/jpeg"}],"author":"Redazione","twitter_card":"summary_large_image","twitter_creator":"@rassegnastampa9","twitter_site":"@rassegnastampa9","twitter_misc":{"Scritto da":"Redazione","Tempo di lettura stimato":"3 minuti"},"schema":{"@context":"https:\/\/schema.org","@graph":[{"@type":"Article","@id":"https:\/\/www.rassegnastampa-totustuus.it\/cattolica\/verit-vita-e-litigi\/#article","isPartOf":{"@id":"https:\/\/www.rassegnastampa-totustuus.it\/cattolica\/verit-vita-e-litigi\/"},"author":{"name":"Redazione","@id":"https:\/\/www.rassegnastampa-totustuus.it\/cattolica\/#\/schema\/person\/08f319d2bd1a0904ad9e2bfb7b15e5c3"},"headline":"Verit&agrave;, vita e litigi","datePublished":"2010-09-29T22:00:00+00:00","dateModified":"2015-11-17T14:38:00+00:00","mainEntityOfPage":{"@id":"https:\/\/www.rassegnastampa-totustuus.it\/cattolica\/verit-vita-e-litigi\/"},"wordCount":620,"publisher":{"@id":"https:\/\/www.rassegnastampa-totustuus.it\/cattolica\/#organization"},"image":{"@id":"https:\/\/www.rassegnastampa-totustuus.it\/cattolica\/verit-vita-e-litigi\/#primaryimage"},"thumbnailUrl":"https:\/\/www.rassegnastampa-totustuus.it\/cattolica\/wp-content\/uploads\/2010\/09\/verit\u00e0-e-vita.jpg","keywords":["legge 40","testamento biologico"],"articleSection":["Bioetica"],"inLanguage":"it-IT"},{"@type":"WebPage","@id":"https:\/\/www.rassegnastampa-totustuus.it\/cattolica\/verit-vita-e-litigi\/","url":"https:\/\/www.rassegnastampa-totustuus.it\/cattolica\/verit-vita-e-litigi\/","name":"Verit&agrave;, vita e litigi - Rassegna Stampa Cattolica","isPartOf":{"@id":"https:\/\/www.rassegnastampa-totustuus.it\/cattolica\/#website"},"primaryImageOfPage":{"@id":"https:\/\/www.rassegnastampa-totustuus.it\/cattolica\/verit-vita-e-litigi\/#primaryimage"},"image":{"@id":"https:\/\/www.rassegnastampa-totustuus.it\/cattolica\/verit-vita-e-litigi\/#primaryimage"},"thumbnailUrl":"https:\/\/www.rassegnastampa-totustuus.it\/cattolica\/wp-content\/uploads\/2010\/09\/verit\u00e0-e-vita.jpg","datePublished":"2010-09-29T22:00:00+00:00","dateModified":"2015-11-17T14:38:00+00:00","description":"Rassegna Stampa Cattolica - Per una cultura che nasce dalla Rivelazione cristiana in conformit\u00e0 alla tradizione e al Magistero della Chiesa in opposizione ad ogni relativismo e totalitarismo","breadcrumb":{"@id":"https:\/\/www.rassegnastampa-totustuus.it\/cattolica\/verit-vita-e-litigi\/#breadcrumb"},"inLanguage":"it-IT","potentialAction":[{"@type":"ReadAction","target":["https:\/\/www.rassegnastampa-totustuus.it\/cattolica\/verit-vita-e-litigi\/"]}]},{"@type":"ImageObject","inLanguage":"it-IT","@id":"https:\/\/www.rassegnastampa-totustuus.it\/cattolica\/verit-vita-e-litigi\/#primaryimage","url":"https:\/\/www.rassegnastampa-totustuus.it\/cattolica\/wp-content\/uploads\/2010\/09\/verit\u00e0-e-vita.jpg","contentUrl":"https:\/\/www.rassegnastampa-totustuus.it\/cattolica\/wp-content\/uploads\/2010\/09\/verit\u00e0-e-vita.jpg","width":227,"height":222},{"@type":"BreadcrumbList","@id":"https:\/\/www.rassegnastampa-totustuus.it\/cattolica\/verit-vita-e-litigi\/#breadcrumb","itemListElement":[{"@type":"ListItem","position":1,"name":"Home","item":"https:\/\/www.rassegnastampa-totustuus.it\/cattolica\/"},{"@type":"ListItem","position":2,"name":"Verit&agrave;, vita e litigi"}]},{"@type":"WebSite","@id":"https:\/\/www.rassegnastampa-totustuus.it\/cattolica\/#website","url":"https:\/\/www.rassegnastampa-totustuus.it\/cattolica\/","name":"Rassegna Stampa Cattolica","description":"Per una cultura che nasce dalla Rivelazione cristiana in conformit\u00e0 alla tradizione e al Magistero della Chiesa in opposizione ad ogni relativismo e totalitarismo","publisher":{"@id":"https:\/\/www.rassegnastampa-totustuus.it\/cattolica\/#organization"},"alternateName":"Rass. Cattolica","potentialAction":[{"@type":"SearchAction","target":{"@type":"EntryPoint","urlTemplate":"https:\/\/www.rassegnastampa-totustuus.it\/cattolica\/?s={search_term_string}"},"query-input":{"@type":"PropertyValueSpecification","valueRequired":true,"valueName":"search_term_string"}}],"inLanguage":"it-IT"},{"@type":"Organization","@id":"https:\/\/www.rassegnastampa-totustuus.it\/cattolica\/#organization","name":"Rassegna Stampa Cattolica","url":"https:\/\/www.rassegnastampa-totustuus.it\/cattolica\/","logo":{"@type":"ImageObject","inLanguage":"it-IT","@id":"https:\/\/www.rassegnastampa-totustuus.it\/cattolica\/#\/schema\/logo\/image\/","url":"https:\/\/www.rassegnastampa-totustuus.it\/cattolica\/wp-content\/uploads\/2014\/04\/logo-rassegna1.gif","contentUrl":"https:\/\/www.rassegnastampa-totustuus.it\/cattolica\/wp-content\/uploads\/2014\/04\/logo-rassegna1.gif","width":600,"height":163,"caption":"Rassegna Stampa Cattolica"},"image":{"@id":"https:\/\/www.rassegnastampa-totustuus.it\/cattolica\/#\/schema\/logo\/image\/"},"sameAs":["https:\/\/www.facebook.com\/rassegnastampacattolica","https:\/\/x.com\/rassegnastampa9"]},{"@type":"Person","@id":"https:\/\/www.rassegnastampa-totustuus.it\/cattolica\/#\/schema\/person\/08f319d2bd1a0904ad9e2bfb7b15e5c3","name":"Redazione","image":{"@type":"ImageObject","inLanguage":"it-IT","@id":"https:\/\/secure.gravatar.com\/avatar\/2fcdf27c78ea025fbdb44e914cc63c72249ffec9dc8aafd5c82b26240ef3f346?s=96&d=mm&r=g","url":"https:\/\/secure.gravatar.com\/avatar\/2fcdf27c78ea025fbdb44e914cc63c72249ffec9dc8aafd5c82b26240ef3f346?s=96&d=mm&r=g","contentUrl":"https:\/\/secure.gravatar.com\/avatar\/2fcdf27c78ea025fbdb44e914cc63c72249ffec9dc8aafd5c82b26240ef3f346?s=96&d=mm&r=g","caption":"Redazione"},"url":"https:\/\/www.rassegnastampa-totustuus.it\/cattolica\/author\/pietroelle\/"}]}},"_links":{"self":[{"href":"https:\/\/www.rassegnastampa-totustuus.it\/cattolica\/wp-json\/wp\/v2\/posts\/4106","targetHints":{"allow":["GET"]}}],"collection":[{"href":"https:\/\/www.rassegnastampa-totustuus.it\/cattolica\/wp-json\/wp\/v2\/posts"}],"about":[{"href":"https:\/\/www.rassegnastampa-totustuus.it\/cattolica\/wp-json\/wp\/v2\/types\/post"}],"author":[{"embeddable":true,"href":"https:\/\/www.rassegnastampa-totustuus.it\/cattolica\/wp-json\/wp\/v2\/users\/6"}],"replies":[{"embeddable":true,"href":"https:\/\/www.rassegnastampa-totustuus.it\/cattolica\/wp-json\/wp\/v2\/comments?post=4106"}],"version-history":[{"count":4,"href":"https:\/\/www.rassegnastampa-totustuus.it\/cattolica\/wp-json\/wp\/v2\/posts\/4106\/revisions"}],"predecessor-version":[{"id":27785,"href":"https:\/\/www.rassegnastampa-totustuus.it\/cattolica\/wp-json\/wp\/v2\/posts\/4106\/revisions\/27785"}],"wp:featuredmedia":[{"embeddable":true,"href":"https:\/\/www.rassegnastampa-totustuus.it\/cattolica\/wp-json\/wp\/v2\/media\/27784"}],"wp:attachment":[{"href":"https:\/\/www.rassegnastampa-totustuus.it\/cattolica\/wp-json\/wp\/v2\/media?parent=4106"}],"wp:term":[{"taxonomy":"category","embeddable":true,"href":"https:\/\/www.rassegnastampa-totustuus.it\/cattolica\/wp-json\/wp\/v2\/categories?post=4106"},{"taxonomy":"post_tag","embeddable":true,"href":"https:\/\/www.rassegnastampa-totustuus.it\/cattolica\/wp-json\/wp\/v2\/tags?post=4106"}],"curies":[{"name":"wp","href":"https:\/\/api.w.org\/{rel}","templated":true}]}}