{"id":4105,"date":"2010-09-30T00:00:00","date_gmt":"2010-09-29T22:00:00","guid":{"rendered":""},"modified":"2015-03-13T12:42:56","modified_gmt":"2015-03-13T11:42:56","slug":"pavel-a-florenskij-un-mistico-nella-tragedia","status":"publish","type":"post","link":"https:\/\/www.rassegnastampa-totustuus.it\/cattolica\/pavel-a-florenskij-un-mistico-nella-tragedia\/","title":{"rendered":"Pavel A. Florenskij. Un mistico nella tragedia"},"content":{"rendered":"<div style=\"text-align: center;\"><strong><a href=\"https:\/\/www.rassegnastampa-totustuus.it\/cattolica\/wp-content\/uploads\/2010\/09\/Pavel_Florenskij.jpg\"><img loading=\"lazy\" decoding=\"async\" class=\"alignright wp-image-21474\" src=\"https:\/\/www.rassegnastampa-totustuus.it\/cattolica\/wp-content\/uploads\/2010\/09\/Pavel_Florenskij.jpg\" alt=\"Pavel_Florenskij\" width=\"250\" height=\"172\" \/><\/a>Jesus <\/strong>n.8 Agosto 2010<\/div>\n<p style=\"text-align: justify;\"><em>Procede la riscoperta del grande pensatore russo fucilato durante il regime stalinista. I suoi numerosi scritti, che ritornano in libreria dopo decenni di oblio, sono segnati da una costante tensione polare: fra l&#8217;umano e il divino, l&#8217;istante e l&#8217;eterno<br \/>\n<\/em><\/p>\n<p style=\"text-align: center;\">di <strong>Marco Roncalli<\/strong><\/p>\n<p><!--more--><\/p>\n<div style=\"text-align: justify;\">Spazzato via dal totalitarismo sovietico insieme alle sue innumerevoli opere, segnate da una costante ricerca dell&#8217;Assoluto, e tuttavia sopravvissuto grazie alla memoria di discepoli, familiari e amici, dopo decenni di oblio la figura di Pavel Aleksandrovic Florenskij -nato ad Evlach in Azerbaigian il 9 gennaio 1882 e fucilato dal regime stalinista l&#8217;8 dicembre del 1937 nei pressi di Leningrado &#8211; continua a essere al centro di una riscoperta che, pur mancando ancora una biograf\u00eca completa, ne va restituendo i tratti di poliedrico pensatore, alimentando il nostro stupore davanti alle sue idee, le sue parole, la sua vita, saldate in una feconda unit\u00e0 sotto il velo di un&#8217;apparente incompiutezza.<\/div>\n<p style=\"text-align: justify;\">Insomma, anche se solo vent&#8217;anni fa Sergej Averincev dichiarava il suo sconcerto per il fatto che l&#8217;opera florenskijana venisse ancora \u00absomministrata in dosi omeopatiche\u00bb, il tempo questa volta ha reso giustizia alla grandezza di un uomo di fede e di scienza, al suo genio e alla sua santit\u00e0, ai suoi contributi nelle pi\u00f9 svariate discipline dello scibile e alla sua fedelt\u00e0 integrale alla verit\u00e0.<\/p>\n<p style=\"text-align: justify;\">Definito gi\u00e0 all&#8217;inizio del Novecento il \u00abLeonardo da Vinci russo\u00bb (anche se <em>&#8211; <\/em>come diceva padre Aleksandr Men\u2019 &#8211; il paragone non deve farci dimenticare nemmeno per un attimo la fine di Florenskij e la reclusione nei gulag non appena la sua presenza era diventata inaccettabile per il regime), oggetto di raffronti persino con Platone o Sant&#8217;Agostino (ma rimandi efficaci reggono benissimo <em>&#8211; <\/em>per molte intuizioni anticipatrici &#8211; ad autori contemporanei pi\u00f9 che a grandi pensatori del passato), il presbitero ortodosso che aveva scommesso tutto sull&#8217;ecclesialit\u00e0 <em>(\u00abtserkovnost&#8217;\u00bb: <\/em>\u00abil nome del porto dove trova quiete l&#8217;ansia del cuore, dove si piegano le pretese del raziocinio, dove una grande pace scende sulla ragione&#8230;\u00bb), riemp\u00ec la sua vita in modo inverosimile.<\/p>\n<p style=\"text-align: justify;\">Educato in una famiglia non religiosa a una \u00abvisione scientifica del mondo\u00bb, dopo gli studi primari a Tbilisi in Ge\u00f2rgia e &#8211; superata una crisi esistenziale (\u00absoffocavo per mancanza di verit\u00e0\u00bb) &#8211; all&#8217;universit\u00e0 di Mosca, nel 1904 si laurea in matematica e fisica, studiando per\u00f2 anche storia, filosofia, psicologia. La sua sfida gi\u00e0 a questa data \u00e8 per\u00f2 un&#8217;altra: \u00abOperare la sintesi tra la fede della Chiesa e il pensiero laico\u00bb. Rinuncia a collaborare con l&#8217;ateneo moscovita e si iscrive all&#8217;Accademia Teologica trasferendosi presso il Monastero della Trinit\u00e0 e di San Sergio a Sergej Posad. Qui si concentra nelle sue ricerche volte ad attuare una sintesi fra tradizione teologica cristiana e cultura filosof\u00ecco-scientifica occidentale.<\/p>\n<p style=\"text-align: justify;\">Gi\u00e0 al terzo anno, nel 1906, dimostra di saper affrontare questioni cruciali. della riflessione ecclesiologica che attendono approcci di rinnovamento (si veda ad esempio \/\/ <em>concetto di Chiesa nella Sa<\/em><em>cra Scrittura, <\/em>edito tre anni fa dalle Edizioni San Paolo). Ma s\u00ec occupa anche di spiritualit\u00e0 ortodossa, logica simbolica, teoria della conoscenza, archeologia, cultura ebraica: \u00abII positivismo mi disgustava, ma non meno mi disgustava la metaf\u00ecsica astratta, lo volevo vedere &#8216;anima, ma volevo vederla incarnata\u00bb.<\/p>\n<p style=\"text-align: justify;\">Andrej Belyj, che lo conosce in questi anni, ne parler\u00e0 con tenerezza ricordando i suoi capelli lunghi, il naso pronunciato, l&#8217;esile costituzione e la voce bassa. Sergej Fudel&#8217; aggiunger\u00e0 che Florenskij nei suoi discorsi &#8211; rivelando particolare attenzione al significato delle parole &#8211; mescolava argomenti disparati. In realt\u00e0, come dimostra la cronologia di molti testi (ad esempio quelli raccolti sotto il titolo \/\/ <em>s\u00ecmbolo <\/em>e <em>la forma, <\/em>edito da Bollati Boringhieri nel 2007, da quelli redatti dopo la conclusione degli studi matematici, imbevuti delle scoperte cantoriane, agli appunti sulla f\u00ecsica trascritti poco prima dell&#8217;arresto), l&#8217;attenzione di Florenskij per le problematiche scientifiche resta una costante per tutta la vita: si veda il saggio di Renato Betti, edito dal Centro Pr\u00ecstem Eleusi, <em>La matematica come abitudine del pensiero. Le idee <\/em><em>scient\u00ecfiche di Pavel Florenskij. <\/em>Si tratta di una costante solo in apparenza parallela alla ricerca teologica, che sfocia infatti in approcci epistemologici congiunti.<\/p>\n<p style=\"text-align: justify;\">Nel 1910 Florenskij sposa Anna Giacintova, dalla quale avr\u00e0 cinque figli. L&#8217;anno seguente viene ordinato sacerdote, Un traguardo immaginato da tempo se <em>&#8211; <\/em>stando al vescovo Antonij Florensov, suo direttore spirituale &#8211; gi\u00e0 quand&#8217;era solo un giovane matematico alla ricerca della sua vocazione, Florenskij mostrava di aver intuito il centro della sua vita: Cristo, irriducibile a dogmi e a valori astratti, ma neppure riducibile alle sole buone azioni.<\/p>\n<p style=\"text-align: justify;\">Mentre attende ai suoi doveri pastorali e all&#8217;insegnamento, padre Pavel completa la sua tesi <em>Sulla <\/em><em>verit\u00e0 spirituale, <\/em>in seguito ampliata e pubblicata nel suo capolavoro del 1914, ora ritornato in libreria dopo la prima edizione italiana apparsa 36 anni fa per la cura di El\u00e9mire Zolla e i tipi di Rusconi: <em>La co<\/em><em>lonna e il fondamento della verit\u00e0. Saggio di <\/em><em>teod\u00eccea ortodossa in dodici lettere.<\/em><\/p>\n<p style=\"text-align: justify;\">Da tempo introvabile e ora riproposta dalla San Paolo a cura di Natalino Valentini (cui si aggiunge l&#8217;edizione curata da Roberto Revello per le edizioni Mimesis), essa \u00e8 certamente l&#8217;opera pi\u00f9 rappresentativa del teologo, ma anche una summa del pensiero ortodosso, un trattato spirituale e ascetico, un creativo confronto tra ragione e fede, una ricerca della verit\u00e0 colta nel suo valore ontologico e salvifico.<\/p>\n<p style=\"text-align: justify;\">A giudizio di Evgenij Trubeckoj, \u00abforse, in tutta la letteratura mondiale, se si fa eccezione per le <em>Confessioni <\/em>di sant&#8217;Agostino, non c&#8217;\u00e8 analisi pi\u00f9 illuminante e tormentata dell&#8217;animo umano, lacerato dal peccato e dal dubbio, e nessuna opera ha saputo manifestare con tanta chiarezza la necessit\u00e0 di un aiuto dall&#8217;Alto per soccorrere il dubbio umano\u00bb. Opera matura e complessa, <em>La co<\/em><em>lonna, <\/em>se ha ispirato un grande teologo come Sergej N. Bulgakov, ha pure dato adito a incomprensioni, specie per le pagine dedicate alla sofiologia.<\/p>\n<p style=\"text-align: justify;\">Gli eventi, nel frattempo, precipitano: arriva la Rivoluzione russa. L&#8217;Accademia teologica viene chiusa, ma Florenskij trova facilmente lavoro nelle istituzioni scientifiche, come docente, ingegnere, autore di importanti scoperte da lui brevettate. Diversamente da tanti suoi amici intellettuali credenti &#8211; esortati \u00aba non abbandonare la nave\u00bb, ma partiti per l&#8217;estero &#8211; sceglie di non emigrare.<\/p>\n<p style=\"text-align: justify;\">Motiva la sua scelta con un&#8217;affermazione: \u00abTutto posso in colui che mi da la vita, che mi da la forza\u00bb. Ma gi\u00e0 nel 1906 aveva scritto: \u00abLa vita non ci aspetta, la vita reclama le sue esigenze, e ora non si potr\u00e0 pi\u00f9 restare semi-credenti o semi-ortodossi come la maggior parte di noi, ma \u00e8 necessario raccogliere tutte le forze dell&#8217;anima in vista di un unico fine: per servire la Chiesa, per difendere la Chiesa e, chi lo sa, forse per il martirio\u00bb.<\/p>\n<p style=\"text-align: justify;\">Dunque resta. E si impegna ancor di pi\u00f9 e in tanti campi, palesando la sua identit\u00e0 di sacerdote-scienziato. Continua i suoi studi. Su tutti i fronti. E, proprio a questo periodo, attorno agli anni &#8217;20 -71 data il manoscritto dettato alla moglie e poi da lui corretto, tradotto in italiano per la prima volta da Adelphi nel 1977 con il titolo <em>Le porte regali<\/em> e ritradotto un paio di anni fa in Italia dalle Edizioni Medusa con il titolo <em>Iconostas<\/em>i: \u00e8 il suo famoso saggio sull\u2019icona, frutto della riflessione teologica e filosofica maturata nel monastero di San Sergio.<\/p>\n<p style=\"text-align: justify;\">Il partito sfrutta la sua vasta conoscenza; gli ordina ricerche per l\u2019elettrificazione della Russia, sui minerali, la radioattivit\u00e0\u2026 E gli chiede di rinunciare al sacerdozio. Florenskij non si risparmia quanto ai lavori tecnici, ma rifiuta di deporre la talare, la croce pettorale o il suo cappello da prete (con cui si presenta anche davanti al Soviet supremo dell\u2019economia nazionale). Da anni ormai stila anche pagine autobiografiche dedicate ai figli, con i ricordi della sua adolescenza tra il Caucaso e il Mar nero, gi\u00e0 segnate da una ricerca sul senso della vita.<\/p>\n<p style=\"text-align: justify;\">Ma l\u2019involuzione politica in patria \u2013 con l\u2019affermazione del potere dei Soviet, che non tarda a rivelare la sua strategia di persecuzione \u2013 finisce per far affiorare anche l\u00ec il presentimento della propria tragica fine. Se ne ha conferma leggendo <em>Ai miei figli. Memorie di giorni passati <\/em>edito nel 2003 da Mondatori.<\/p>\n<p style=\"text-align: justify;\">Il suo caso, sopportato per un po\u2019 grazie ai suoi meriti personali, diventa sempre pi\u00f9 intollerabile agli occhi del regime, nonostante diversi interventi in suo favore. E dopo aver rifiutato pi\u00f9 volte la possibilit\u00e0 di essere inviato all\u2019estero con la famiglia Florenskij va consapevolmente incontro al martirio. Tutto si complica dopo il secondo arresto, nella notte tra il 25 e 26 febbraio 1933, motivato con la falsa accusa di aver fondato \u00abun\u2019organizzazione controrivoluzionaria nazifascista\u00bb. Il sacerdote viene condannato a dieci anni di gulag. Inizia a scontarli e rifiuta pure la commutazione del lager con l\u2019esilio in cecoslovacchia, dove gli si offre la possibilit\u00e0 di un lavoro scientifico.<\/p>\n<p style=\"text-align: justify;\">Quando Florenskij oppone questo ennesimo rifiuto, nel 1936, \u00e8 gi\u00e0 alle Solovki, le \u00abisole dell\u2019inferno\u00bb. Per capire cosa fossero le Solovki si pu\u00f2 vedere il saggio di Maurizio Campa <em>L\u2019epoca tremenda. Voci dal Gulag delle Solovki,<\/em> uscito da poco per la Morcelliana, oppure quello di Francine-Dominique Liechtenhan per i tipi delle Edizioni Lindau e titolato <em>Il laboratorio del Gulag. Le origini del sistema concentrazionario sovietico. <\/em>Ma persino il queste condizioni padre Pavel riesce a conservare una integrit\u00e0 spirituale che gli consente di essere punto di riferimento per i compagni di lager. Al figlio Kirill scrive: \u00abLa cosa pi\u00f9 orribile della mia sorte \u00e8 la cessazione del lavoro e la sostanziale distruzione dell\u2019esperienza di tutta la mia vita. Ebbene, se non fosse per voi non mi lamenterei di aver subito questa sorte&#8230;\u00bb.<\/p>\n<p style=\"text-align: justify;\">Tutto sembra perduto, ma non \u00e8 mai cos\u00ec: Florenskij vive sino in fondo tutto quello che gli \u00e8 dato di vivere, sapendo che \u00abnon sono gli affanni del presente a oscurare l&#8217;eternit\u00e0, ma che l&#8217;eternit\u00e0 ci guarda dalle profondit\u00e0 degli affanni del presente\u00bb. Gli ultimi tre anni prima della fucilazione sono i pi\u00f9 terribili. Confida ai suoi di avere ormai poca luce nell&#8217;anima, ma mantiene tutto: la sua fede, la sua visione unitaria del mondo, la sua creativit\u00e0.<\/p>\n<p style=\"text-align: justify;\">Alla moglie Anna scrive: \u00abRicordati che i miei figli sono me e che, guardando loro, sei con me\u00bb, E ai suoi figli, invece: \u00abQuando avrete un peso nell&#8217;animo, guardate le stelle o l&#8217;azzurro del cielo&#8230; Allora la vostra anima trover\u00e0 la quiete\u00bb.<\/p>\n<p style=\"text-align: justify;\">In una di queste lettere dal gulag (ora anche negli Oscar Mondadori con il titolo <em>Non dimenticatemi<\/em>), alla data 20 aprile 1937, pochi mesi dalla morte, si legge: \u00abLa vita vola via come un sogno e spesso non riesci a far nulla prima che ti sfugga l&#8217;istante della sua pienezza. Per questo \u00e8 fondamentale apprendere l&#8217;arte del vivere, tra tutte la pi\u00f9 ardua ed essenziale: colmare ogni istante di un contenuto sostanziale, nella consapevolezza che esso non si ripeter\u00e0 mai pi\u00f9 come tale\u00bb.<\/p>\n<p style=\"text-align: justify;\">Questo contenuto sostanziale impregna l&#8217;intero corpus di scritti florenskijani sin qui disponibili, dove \u00e8 il messaggio evangelico a essere palesato nelle generalit\u00e0 culturali del suo tempo, Una cultura che a Florenskij appare essenzialmente come germinazione del culto, nella consapevolezza che \u00abla fede definisce il culto e il culto la comprensione del mondo (miroponimanie), dalla quale poi deriva la cultura\u00bb.<\/p>\n<p style=\"text-align: justify;\">Certo, si stenta ancora un po&#8217; a valutare la cifra complessiva della sua <em>weltanschauung<\/em>: sfuggente ai consueti canoni di classificazione e pi\u00f9 facilmente frammentabile in questo o quel singolo comparto disciplinare, essa richiede tuttavia un abbraccio vasto, profondo, concentrato sulla sua inviolabile unit\u00e0, non su ritagli talvolta arbitrari. Ce lo ricorda, a ragione, Natalino Valentini, uno dei pi\u00f9 apprezzati studiosi italiani di Florenskij, autore &#8211; tra l&#8217;altro &#8211; di <em>Pavel A. Florenskij: la sapienza dell&#8217;amore. Teologia della bellezza e linguaggio della verit\u00e0<\/em> (Edizioni Dehoniane, 1997), di Pavel A. Florenskij (nella collana &#8220;Novecento teologico&#8221; di Morcelliana, 2004), e che ha appena mandato in libreria &#8211; oltre alla nuova edizione della Colonna con la San Paolo &#8211; anche <em>Bellezza e liturgia<\/em> (Mondadori): una raccolta di scritti florenskijani &#8211; redatti tra il 1909 e il 1923 &#8211; su cristianesimo e cultura.<\/p>\n<p style=\"text-align: justify;\">Apre queste pagine, in larga parte inedite, una frase: \u00abII fragile vaso delle parole umane deve poter contenere il diamante infrangibile della divinit\u00e0\u00bb. Parole di Florenskij che racchiudono il cuore del suo pensiero: la ricerca della divina presenza in ogni attivit\u00e0 umana, la contemplazione della bellezza cos\u00ec presente nella spiritualit\u00e0 ortodossa, ma senza allontanare lo sguardo dalla drammaticit\u00e0 dell&#8217;esistere o dalle ferite del tempo. Una freccia che attraversa la terra e il cielo, il mondo visibile e invisibile, l&#8217;istante e l&#8217;eterno.<\/p>\n","protected":false},"excerpt":{"rendered":"<p>Jesus n.8 Agosto 2010 Procede la riscoperta del grande pensatore russo fucilato durante il regime stalinista. I suoi numerosi scritti, che ritornano in libreria dopo decenni di oblio, sono segnati da una costante tensione polare: fra l&#8217;umano e il divino, l&#8217;istante e l&#8217;eterno di Marco Roncalli<\/p><p><a class=\"more-link btn\" href=\"https:\/\/www.rassegnastampa-totustuus.it\/cattolica\/pavel-a-florenskij-un-mistico-nella-tragedia\/\">Continua a leggere<\/a><\/p>\n","protected":false},"author":6,"featured_media":21474,"comment_status":"closed","ping_status":"open","sticky":false,"template":"","format":"standard","meta":{"footnotes":""},"categories":[32,18,84],"tags":[1842],"class_list":["post-4105","post","type-post","status-publish","format-standard","has-post-thumbnail","hentry","category-filosofia-del-comunismo","category-personaggi","category-urss","tag-pavel-florenskij","item-wrap"],"yoast_head":"<!-- This site is optimized with the Yoast SEO plugin v27.5 - https:\/\/yoast.com\/product\/yoast-seo-wordpress\/ -->\n<title>Pavel A. Florenskij. Un mistico nella tragedia - Rassegna Stampa Cattolica<\/title>\n<meta name=\"description\" content=\"Rassegna Stampa Cattolica - Per una cultura che nasce dalla Rivelazione cristiana in conformit\u00e0 alla tradizione e al Magistero della Chiesa in opposizione ad ogni relativismo e totalitarismo\" \/>\n<meta name=\"robots\" content=\"index, follow, max-snippet:-1, max-image-preview:large, max-video-preview:-1\" \/>\n<link rel=\"canonical\" href=\"https:\/\/www.rassegnastampa-totustuus.it\/cattolica\/pavel-a-florenskij-un-mistico-nella-tragedia\/\" \/>\n<meta property=\"og:locale\" content=\"it_IT\" \/>\n<meta property=\"og:type\" content=\"article\" \/>\n<meta property=\"og:title\" content=\"Pavel A. Florenskij. Un mistico nella tragedia - Rassegna Stampa Cattolica\" \/>\n<meta property=\"og:description\" content=\"Rassegna Stampa Cattolica - Per una cultura che nasce dalla Rivelazione cristiana in conformit\u00e0 alla tradizione e al Magistero della Chiesa in opposizione ad ogni relativismo e totalitarismo\" \/>\n<meta property=\"og:url\" content=\"https:\/\/www.rassegnastampa-totustuus.it\/cattolica\/pavel-a-florenskij-un-mistico-nella-tragedia\/\" \/>\n<meta property=\"og:site_name\" content=\"Rassegna Stampa Cattolica\" \/>\n<meta property=\"article:publisher\" content=\"https:\/\/www.facebook.com\/rassegnastampacattolica\" \/>\n<meta property=\"article:published_time\" content=\"2010-09-29T22:00:00+00:00\" \/>\n<meta property=\"article:modified_time\" content=\"2015-03-13T11:42:56+00:00\" \/>\n<meta property=\"og:image\" content=\"https:\/\/www.rassegnastampa-totustuus.it\/cattolica\/wp-content\/uploads\/2010\/09\/Pavel_Florenskij.jpg\" \/>\n\t<meta property=\"og:image:width\" content=\"271\" \/>\n\t<meta property=\"og:image:height\" content=\"186\" \/>\n\t<meta property=\"og:image:type\" content=\"image\/jpeg\" \/>\n<meta name=\"author\" content=\"Redazione\" \/>\n<meta name=\"twitter:card\" content=\"summary_large_image\" \/>\n<meta name=\"twitter:creator\" content=\"@rassegnastampa9\" \/>\n<meta name=\"twitter:site\" content=\"@rassegnastampa9\" \/>\n<meta name=\"twitter:label1\" content=\"Scritto da\" \/>\n\t<meta name=\"twitter:data1\" content=\"Redazione\" \/>\n\t<meta name=\"twitter:label2\" content=\"Tempo di lettura stimato\" \/>\n\t<meta name=\"twitter:data2\" content=\"10 minuti\" \/>\n<script type=\"application\/ld+json\" class=\"yoast-schema-graph\">{\"@context\":\"https:\\\/\\\/schema.org\",\"@graph\":[{\"@type\":\"Article\",\"@id\":\"https:\\\/\\\/www.rassegnastampa-totustuus.it\\\/cattolica\\\/pavel-a-florenskij-un-mistico-nella-tragedia\\\/#article\",\"isPartOf\":{\"@id\":\"https:\\\/\\\/www.rassegnastampa-totustuus.it\\\/cattolica\\\/pavel-a-florenskij-un-mistico-nella-tragedia\\\/\"},\"author\":{\"name\":\"Redazione\",\"@id\":\"https:\\\/\\\/www.rassegnastampa-totustuus.it\\\/cattolica\\\/#\\\/schema\\\/person\\\/08f319d2bd1a0904ad9e2bfb7b15e5c3\"},\"headline\":\"Pavel A. Florenskij. Un mistico nella tragedia\",\"datePublished\":\"2010-09-29T22:00:00+00:00\",\"dateModified\":\"2015-03-13T11:42:56+00:00\",\"mainEntityOfPage\":{\"@id\":\"https:\\\/\\\/www.rassegnastampa-totustuus.it\\\/cattolica\\\/pavel-a-florenskij-un-mistico-nella-tragedia\\\/\"},\"wordCount\":2089,\"publisher\":{\"@id\":\"https:\\\/\\\/www.rassegnastampa-totustuus.it\\\/cattolica\\\/#organization\"},\"image\":{\"@id\":\"https:\\\/\\\/www.rassegnastampa-totustuus.it\\\/cattolica\\\/pavel-a-florenskij-un-mistico-nella-tragedia\\\/#primaryimage\"},\"thumbnailUrl\":\"https:\\\/\\\/www.rassegnastampa-totustuus.it\\\/cattolica\\\/wp-content\\\/uploads\\\/2010\\\/09\\\/Pavel_Florenskij.jpg\",\"keywords\":[\"Pavel Florenskij\"],\"articleSection\":[\"Comunismo\",\"Personaggi\",\"URSS\"],\"inLanguage\":\"it-IT\"},{\"@type\":\"WebPage\",\"@id\":\"https:\\\/\\\/www.rassegnastampa-totustuus.it\\\/cattolica\\\/pavel-a-florenskij-un-mistico-nella-tragedia\\\/\",\"url\":\"https:\\\/\\\/www.rassegnastampa-totustuus.it\\\/cattolica\\\/pavel-a-florenskij-un-mistico-nella-tragedia\\\/\",\"name\":\"Pavel A. Florenskij. Un mistico nella tragedia - Rassegna Stampa Cattolica\",\"isPartOf\":{\"@id\":\"https:\\\/\\\/www.rassegnastampa-totustuus.it\\\/cattolica\\\/#website\"},\"primaryImageOfPage\":{\"@id\":\"https:\\\/\\\/www.rassegnastampa-totustuus.it\\\/cattolica\\\/pavel-a-florenskij-un-mistico-nella-tragedia\\\/#primaryimage\"},\"image\":{\"@id\":\"https:\\\/\\\/www.rassegnastampa-totustuus.it\\\/cattolica\\\/pavel-a-florenskij-un-mistico-nella-tragedia\\\/#primaryimage\"},\"thumbnailUrl\":\"https:\\\/\\\/www.rassegnastampa-totustuus.it\\\/cattolica\\\/wp-content\\\/uploads\\\/2010\\\/09\\\/Pavel_Florenskij.jpg\",\"datePublished\":\"2010-09-29T22:00:00+00:00\",\"dateModified\":\"2015-03-13T11:42:56+00:00\",\"description\":\"Rassegna Stampa Cattolica - Per una cultura che nasce dalla Rivelazione cristiana in conformit\u00e0 alla tradizione e al Magistero della Chiesa in opposizione ad ogni relativismo e totalitarismo\",\"breadcrumb\":{\"@id\":\"https:\\\/\\\/www.rassegnastampa-totustuus.it\\\/cattolica\\\/pavel-a-florenskij-un-mistico-nella-tragedia\\\/#breadcrumb\"},\"inLanguage\":\"it-IT\",\"potentialAction\":[{\"@type\":\"ReadAction\",\"target\":[\"https:\\\/\\\/www.rassegnastampa-totustuus.it\\\/cattolica\\\/pavel-a-florenskij-un-mistico-nella-tragedia\\\/\"]}]},{\"@type\":\"ImageObject\",\"inLanguage\":\"it-IT\",\"@id\":\"https:\\\/\\\/www.rassegnastampa-totustuus.it\\\/cattolica\\\/pavel-a-florenskij-un-mistico-nella-tragedia\\\/#primaryimage\",\"url\":\"https:\\\/\\\/www.rassegnastampa-totustuus.it\\\/cattolica\\\/wp-content\\\/uploads\\\/2010\\\/09\\\/Pavel_Florenskij.jpg\",\"contentUrl\":\"https:\\\/\\\/www.rassegnastampa-totustuus.it\\\/cattolica\\\/wp-content\\\/uploads\\\/2010\\\/09\\\/Pavel_Florenskij.jpg\",\"width\":271,\"height\":186},{\"@type\":\"BreadcrumbList\",\"@id\":\"https:\\\/\\\/www.rassegnastampa-totustuus.it\\\/cattolica\\\/pavel-a-florenskij-un-mistico-nella-tragedia\\\/#breadcrumb\",\"itemListElement\":[{\"@type\":\"ListItem\",\"position\":1,\"name\":\"Home\",\"item\":\"https:\\\/\\\/www.rassegnastampa-totustuus.it\\\/cattolica\\\/\"},{\"@type\":\"ListItem\",\"position\":2,\"name\":\"Pavel A. Florenskij. Un mistico nella tragedia\"}]},{\"@type\":\"WebSite\",\"@id\":\"https:\\\/\\\/www.rassegnastampa-totustuus.it\\\/cattolica\\\/#website\",\"url\":\"https:\\\/\\\/www.rassegnastampa-totustuus.it\\\/cattolica\\\/\",\"name\":\"Rassegna Stampa Cattolica\",\"description\":\"Per una cultura che nasce dalla Rivelazione cristiana in conformit\u00e0 alla tradizione e al Magistero della Chiesa in opposizione ad ogni relativismo e totalitarismo\",\"publisher\":{\"@id\":\"https:\\\/\\\/www.rassegnastampa-totustuus.it\\\/cattolica\\\/#organization\"},\"alternateName\":\"Rass. Cattolica\",\"potentialAction\":[{\"@type\":\"SearchAction\",\"target\":{\"@type\":\"EntryPoint\",\"urlTemplate\":\"https:\\\/\\\/www.rassegnastampa-totustuus.it\\\/cattolica\\\/?s={search_term_string}\"},\"query-input\":{\"@type\":\"PropertyValueSpecification\",\"valueRequired\":true,\"valueName\":\"search_term_string\"}}],\"inLanguage\":\"it-IT\"},{\"@type\":\"Organization\",\"@id\":\"https:\\\/\\\/www.rassegnastampa-totustuus.it\\\/cattolica\\\/#organization\",\"name\":\"Rassegna Stampa Cattolica\",\"url\":\"https:\\\/\\\/www.rassegnastampa-totustuus.it\\\/cattolica\\\/\",\"logo\":{\"@type\":\"ImageObject\",\"inLanguage\":\"it-IT\",\"@id\":\"https:\\\/\\\/www.rassegnastampa-totustuus.it\\\/cattolica\\\/#\\\/schema\\\/logo\\\/image\\\/\",\"url\":\"https:\\\/\\\/www.rassegnastampa-totustuus.it\\\/cattolica\\\/wp-content\\\/uploads\\\/2014\\\/04\\\/logo-rassegna1.gif\",\"contentUrl\":\"https:\\\/\\\/www.rassegnastampa-totustuus.it\\\/cattolica\\\/wp-content\\\/uploads\\\/2014\\\/04\\\/logo-rassegna1.gif\",\"width\":600,\"height\":163,\"caption\":\"Rassegna Stampa Cattolica\"},\"image\":{\"@id\":\"https:\\\/\\\/www.rassegnastampa-totustuus.it\\\/cattolica\\\/#\\\/schema\\\/logo\\\/image\\\/\"},\"sameAs\":[\"https:\\\/\\\/www.facebook.com\\\/rassegnastampacattolica\",\"https:\\\/\\\/x.com\\\/rassegnastampa9\"]},{\"@type\":\"Person\",\"@id\":\"https:\\\/\\\/www.rassegnastampa-totustuus.it\\\/cattolica\\\/#\\\/schema\\\/person\\\/08f319d2bd1a0904ad9e2bfb7b15e5c3\",\"name\":\"Redazione\",\"image\":{\"@type\":\"ImageObject\",\"inLanguage\":\"it-IT\",\"@id\":\"https:\\\/\\\/secure.gravatar.com\\\/avatar\\\/2fcdf27c78ea025fbdb44e914cc63c72249ffec9dc8aafd5c82b26240ef3f346?s=96&d=mm&r=g\",\"url\":\"https:\\\/\\\/secure.gravatar.com\\\/avatar\\\/2fcdf27c78ea025fbdb44e914cc63c72249ffec9dc8aafd5c82b26240ef3f346?s=96&d=mm&r=g\",\"contentUrl\":\"https:\\\/\\\/secure.gravatar.com\\\/avatar\\\/2fcdf27c78ea025fbdb44e914cc63c72249ffec9dc8aafd5c82b26240ef3f346?s=96&d=mm&r=g\",\"caption\":\"Redazione\"},\"url\":\"https:\\\/\\\/www.rassegnastampa-totustuus.it\\\/cattolica\\\/author\\\/pietroelle\\\/\"}]}<\/script>\n<!-- \/ Yoast SEO plugin. -->","yoast_head_json":{"title":"Pavel A. Florenskij. Un mistico nella tragedia - Rassegna Stampa Cattolica","description":"Rassegna Stampa Cattolica - Per una cultura che nasce dalla Rivelazione cristiana in conformit\u00e0 alla tradizione e al Magistero della Chiesa in opposizione ad ogni relativismo e totalitarismo","robots":{"index":"index","follow":"follow","max-snippet":"max-snippet:-1","max-image-preview":"max-image-preview:large","max-video-preview":"max-video-preview:-1"},"canonical":"https:\/\/www.rassegnastampa-totustuus.it\/cattolica\/pavel-a-florenskij-un-mistico-nella-tragedia\/","og_locale":"it_IT","og_type":"article","og_title":"Pavel A. Florenskij. Un mistico nella tragedia - Rassegna Stampa Cattolica","og_description":"Rassegna Stampa Cattolica - Per una cultura che nasce dalla Rivelazione cristiana in conformit\u00e0 alla tradizione e al Magistero della Chiesa in opposizione ad ogni relativismo e totalitarismo","og_url":"https:\/\/www.rassegnastampa-totustuus.it\/cattolica\/pavel-a-florenskij-un-mistico-nella-tragedia\/","og_site_name":"Rassegna Stampa Cattolica","article_publisher":"https:\/\/www.facebook.com\/rassegnastampacattolica","article_published_time":"2010-09-29T22:00:00+00:00","article_modified_time":"2015-03-13T11:42:56+00:00","og_image":[{"width":271,"height":186,"url":"https:\/\/www.rassegnastampa-totustuus.it\/cattolica\/wp-content\/uploads\/2010\/09\/Pavel_Florenskij.jpg","type":"image\/jpeg"}],"author":"Redazione","twitter_card":"summary_large_image","twitter_creator":"@rassegnastampa9","twitter_site":"@rassegnastampa9","twitter_misc":{"Scritto da":"Redazione","Tempo di lettura stimato":"10 minuti"},"schema":{"@context":"https:\/\/schema.org","@graph":[{"@type":"Article","@id":"https:\/\/www.rassegnastampa-totustuus.it\/cattolica\/pavel-a-florenskij-un-mistico-nella-tragedia\/#article","isPartOf":{"@id":"https:\/\/www.rassegnastampa-totustuus.it\/cattolica\/pavel-a-florenskij-un-mistico-nella-tragedia\/"},"author":{"name":"Redazione","@id":"https:\/\/www.rassegnastampa-totustuus.it\/cattolica\/#\/schema\/person\/08f319d2bd1a0904ad9e2bfb7b15e5c3"},"headline":"Pavel A. Florenskij. Un mistico nella tragedia","datePublished":"2010-09-29T22:00:00+00:00","dateModified":"2015-03-13T11:42:56+00:00","mainEntityOfPage":{"@id":"https:\/\/www.rassegnastampa-totustuus.it\/cattolica\/pavel-a-florenskij-un-mistico-nella-tragedia\/"},"wordCount":2089,"publisher":{"@id":"https:\/\/www.rassegnastampa-totustuus.it\/cattolica\/#organization"},"image":{"@id":"https:\/\/www.rassegnastampa-totustuus.it\/cattolica\/pavel-a-florenskij-un-mistico-nella-tragedia\/#primaryimage"},"thumbnailUrl":"https:\/\/www.rassegnastampa-totustuus.it\/cattolica\/wp-content\/uploads\/2010\/09\/Pavel_Florenskij.jpg","keywords":["Pavel Florenskij"],"articleSection":["Comunismo","Personaggi","URSS"],"inLanguage":"it-IT"},{"@type":"WebPage","@id":"https:\/\/www.rassegnastampa-totustuus.it\/cattolica\/pavel-a-florenskij-un-mistico-nella-tragedia\/","url":"https:\/\/www.rassegnastampa-totustuus.it\/cattolica\/pavel-a-florenskij-un-mistico-nella-tragedia\/","name":"Pavel A. Florenskij. Un mistico nella tragedia - Rassegna Stampa Cattolica","isPartOf":{"@id":"https:\/\/www.rassegnastampa-totustuus.it\/cattolica\/#website"},"primaryImageOfPage":{"@id":"https:\/\/www.rassegnastampa-totustuus.it\/cattolica\/pavel-a-florenskij-un-mistico-nella-tragedia\/#primaryimage"},"image":{"@id":"https:\/\/www.rassegnastampa-totustuus.it\/cattolica\/pavel-a-florenskij-un-mistico-nella-tragedia\/#primaryimage"},"thumbnailUrl":"https:\/\/www.rassegnastampa-totustuus.it\/cattolica\/wp-content\/uploads\/2010\/09\/Pavel_Florenskij.jpg","datePublished":"2010-09-29T22:00:00+00:00","dateModified":"2015-03-13T11:42:56+00:00","description":"Rassegna Stampa Cattolica - Per una cultura che nasce dalla Rivelazione cristiana in conformit\u00e0 alla tradizione e al Magistero della Chiesa in opposizione ad ogni relativismo e totalitarismo","breadcrumb":{"@id":"https:\/\/www.rassegnastampa-totustuus.it\/cattolica\/pavel-a-florenskij-un-mistico-nella-tragedia\/#breadcrumb"},"inLanguage":"it-IT","potentialAction":[{"@type":"ReadAction","target":["https:\/\/www.rassegnastampa-totustuus.it\/cattolica\/pavel-a-florenskij-un-mistico-nella-tragedia\/"]}]},{"@type":"ImageObject","inLanguage":"it-IT","@id":"https:\/\/www.rassegnastampa-totustuus.it\/cattolica\/pavel-a-florenskij-un-mistico-nella-tragedia\/#primaryimage","url":"https:\/\/www.rassegnastampa-totustuus.it\/cattolica\/wp-content\/uploads\/2010\/09\/Pavel_Florenskij.jpg","contentUrl":"https:\/\/www.rassegnastampa-totustuus.it\/cattolica\/wp-content\/uploads\/2010\/09\/Pavel_Florenskij.jpg","width":271,"height":186},{"@type":"BreadcrumbList","@id":"https:\/\/www.rassegnastampa-totustuus.it\/cattolica\/pavel-a-florenskij-un-mistico-nella-tragedia\/#breadcrumb","itemListElement":[{"@type":"ListItem","position":1,"name":"Home","item":"https:\/\/www.rassegnastampa-totustuus.it\/cattolica\/"},{"@type":"ListItem","position":2,"name":"Pavel A. Florenskij. Un mistico nella tragedia"}]},{"@type":"WebSite","@id":"https:\/\/www.rassegnastampa-totustuus.it\/cattolica\/#website","url":"https:\/\/www.rassegnastampa-totustuus.it\/cattolica\/","name":"Rassegna Stampa Cattolica","description":"Per una cultura che nasce dalla Rivelazione cristiana in conformit\u00e0 alla tradizione e al Magistero della Chiesa in opposizione ad ogni relativismo e totalitarismo","publisher":{"@id":"https:\/\/www.rassegnastampa-totustuus.it\/cattolica\/#organization"},"alternateName":"Rass. Cattolica","potentialAction":[{"@type":"SearchAction","target":{"@type":"EntryPoint","urlTemplate":"https:\/\/www.rassegnastampa-totustuus.it\/cattolica\/?s={search_term_string}"},"query-input":{"@type":"PropertyValueSpecification","valueRequired":true,"valueName":"search_term_string"}}],"inLanguage":"it-IT"},{"@type":"Organization","@id":"https:\/\/www.rassegnastampa-totustuus.it\/cattolica\/#organization","name":"Rassegna Stampa Cattolica","url":"https:\/\/www.rassegnastampa-totustuus.it\/cattolica\/","logo":{"@type":"ImageObject","inLanguage":"it-IT","@id":"https:\/\/www.rassegnastampa-totustuus.it\/cattolica\/#\/schema\/logo\/image\/","url":"https:\/\/www.rassegnastampa-totustuus.it\/cattolica\/wp-content\/uploads\/2014\/04\/logo-rassegna1.gif","contentUrl":"https:\/\/www.rassegnastampa-totustuus.it\/cattolica\/wp-content\/uploads\/2014\/04\/logo-rassegna1.gif","width":600,"height":163,"caption":"Rassegna Stampa Cattolica"},"image":{"@id":"https:\/\/www.rassegnastampa-totustuus.it\/cattolica\/#\/schema\/logo\/image\/"},"sameAs":["https:\/\/www.facebook.com\/rassegnastampacattolica","https:\/\/x.com\/rassegnastampa9"]},{"@type":"Person","@id":"https:\/\/www.rassegnastampa-totustuus.it\/cattolica\/#\/schema\/person\/08f319d2bd1a0904ad9e2bfb7b15e5c3","name":"Redazione","image":{"@type":"ImageObject","inLanguage":"it-IT","@id":"https:\/\/secure.gravatar.com\/avatar\/2fcdf27c78ea025fbdb44e914cc63c72249ffec9dc8aafd5c82b26240ef3f346?s=96&d=mm&r=g","url":"https:\/\/secure.gravatar.com\/avatar\/2fcdf27c78ea025fbdb44e914cc63c72249ffec9dc8aafd5c82b26240ef3f346?s=96&d=mm&r=g","contentUrl":"https:\/\/secure.gravatar.com\/avatar\/2fcdf27c78ea025fbdb44e914cc63c72249ffec9dc8aafd5c82b26240ef3f346?s=96&d=mm&r=g","caption":"Redazione"},"url":"https:\/\/www.rassegnastampa-totustuus.it\/cattolica\/author\/pietroelle\/"}]}},"_links":{"self":[{"href":"https:\/\/www.rassegnastampa-totustuus.it\/cattolica\/wp-json\/wp\/v2\/posts\/4105","targetHints":{"allow":["GET"]}}],"collection":[{"href":"https:\/\/www.rassegnastampa-totustuus.it\/cattolica\/wp-json\/wp\/v2\/posts"}],"about":[{"href":"https:\/\/www.rassegnastampa-totustuus.it\/cattolica\/wp-json\/wp\/v2\/types\/post"}],"author":[{"embeddable":true,"href":"https:\/\/www.rassegnastampa-totustuus.it\/cattolica\/wp-json\/wp\/v2\/users\/6"}],"replies":[{"embeddable":true,"href":"https:\/\/www.rassegnastampa-totustuus.it\/cattolica\/wp-json\/wp\/v2\/comments?post=4105"}],"version-history":[{"count":3,"href":"https:\/\/www.rassegnastampa-totustuus.it\/cattolica\/wp-json\/wp\/v2\/posts\/4105\/revisions"}],"predecessor-version":[{"id":21475,"href":"https:\/\/www.rassegnastampa-totustuus.it\/cattolica\/wp-json\/wp\/v2\/posts\/4105\/revisions\/21475"}],"wp:featuredmedia":[{"embeddable":true,"href":"https:\/\/www.rassegnastampa-totustuus.it\/cattolica\/wp-json\/wp\/v2\/media\/21474"}],"wp:attachment":[{"href":"https:\/\/www.rassegnastampa-totustuus.it\/cattolica\/wp-json\/wp\/v2\/media?parent=4105"}],"wp:term":[{"taxonomy":"category","embeddable":true,"href":"https:\/\/www.rassegnastampa-totustuus.it\/cattolica\/wp-json\/wp\/v2\/categories?post=4105"},{"taxonomy":"post_tag","embeddable":true,"href":"https:\/\/www.rassegnastampa-totustuus.it\/cattolica\/wp-json\/wp\/v2\/tags?post=4105"}],"curies":[{"name":"wp","href":"https:\/\/api.w.org\/{rel}","templated":true}]}}