{"id":4102,"date":"2010-09-26T21:01:21","date_gmt":"2010-09-26T19:01:21","guid":{"rendered":""},"modified":"2019-07-05T08:46:47","modified_gmt":"2019-07-05T06:46:47","slug":"metz-yeghern-il-grande-male-note-1","status":"publish","type":"post","link":"https:\/\/www.rassegnastampa-totustuus.it\/cattolica\/metz-yeghern-il-grande-male-note-1\/","title":{"rendered":"Metz Yeghern, il Grande Male (note 1)"},"content":{"rendered":"<div style=\"text-align: center;\">Pubblicato su <strong>Nuova Umanit\u00e0<\/strong> n.159-160 maggio-agosto 2005<\/div>\n<div style=\"text-align: center;\"><img loading=\"lazy\" decoding=\"async\" class=\"alignnone wp-image-14403\" src=\"https:\/\/www.rassegnastampa-totustuus.it\/cattolica\/wp-content\/uploads\/2005\/11\/metz-yeghern.jpg\" alt=\"metz yeghern\" width=\"250\" height=\"166\"><\/div>\n<p style=\"text-align: center;\">&nbsp;di <strong>Giovanni Guaita<\/strong><\/p>\n<p><!--more--><\/p>\n<div style=\"text-align: justify;\"><strong>1)<\/strong> Sull&#8217;ultimo periodo dell&#8217;impero ottomano (dalla presa di potere di Abdul-Hamid II) e l&#8217;inizio della Repubblica turca (fino alla morte di Mustafa Kemal), raccomandiamo il libro di Y. Ternon, <em>L\u2019Empire ottoman, le d\u00e9clin, la chute, l&#8217;effacement<\/em>, Paris 2002, e l&#8217;ultima parte del libro R. Mantram (ed.), <em>Storia dell&#8217;impero ottomano<\/em>, tr. it., Lecce 1999; cf. anche B. Lewis, <em>Islam et laicit\u00e9<\/em>. <em>La naissance de la Turquie moderne<\/em>, Paris 1988.<\/div>\n<p style=\"text-align: justify;\"><strong>2)<\/strong> Le \u00abcapitolazioni\u00bb, basate su vari accordi internazionali che regolavano la posizione degli stranieri nell&#8217;impero, prevedevano che i cittadini europei e americani continuassero a godere dei propri diritti anche sul suolo ottomano e dovessero essere giudicati sulla base delle proprie leggi. Cos\u00ec tutte le potenze avevano in Turchia tribunali e prigioni propri, e anche scuole, opere di beneficenza e istituti religiosi non sottoposti alla legislazione ottomana. Le rappresentanze diplomatiche straniere godevano di ampia libert\u00e0 di azione e di movimento ed esercitavano una forte influenza sul governo turco, avendo di fatto diritto di intervento in molte questioni interne. Col tempo, gli ambasciatori avevano esteso la loro protezione anche ai cittadini ottomani non musulmani e a tutte le minoranze etniche.<\/p>\n<p style=\"text-align: justify;\"><strong>3)<\/strong> Interessanti informazioni sulla sua vita si trovano in un libro che riporta la testimonianza del precettore francese del figlio di Abdul-Hamid: R. Bareilles, <em>Cr\u00e9puscule ottoman: 1875-1933: Un Fran\u00e7ais chez le dernier grand sultan<\/em> (Pr\u00e9face de A. Decaux), [Toulouse] 2002; cf. anche G. Roy, <em>Abdul-Hamid, le sultan rouge<\/em> (Pr\u00e9face du colonel Lamouche, ancien instructeur de la gendarmerie ottomane), Paris 1936.<\/p>\n<p style=\"text-align: justify;\"><strong>4)<\/strong> V. Solov&#8217;\u00ebv, <em>Tri razgovora. Kratkaja povest&#8217; ob Antichriste<\/em>, Moskva 2000, pp. 63s.<\/p>\n<p style=\"text-align: justify;\"><strong>5)<\/strong> Una raccolta dei testi degli accordi internazionali riguardanti la questione armena (dal trattato di Gjulistan del 1813 all&#8217;accordo tra la Repubblica Armena e la Federazione Russa del 1997) \u00e8 stato recentemente edito in russo: G. Azatjan, <em>Sud&#8217;bonosnye dogovora<\/em>, Erevan 2000.<\/p>\n<p style=\"text-align: justify;\"><strong>6)<\/strong> Per le alterne vicende dell&#8217;Armenia a causa del mutare dei corsi della diplomazia internazionale si veda Dj. Kirakosjan, <em>Bur\u017euaznaja diplomatija Armenija<\/em> (70-<em>ye gody<\/em> XIX <em>veka<\/em>), Erevan 1981.<\/p>\n<p style=\"text-align: justify;\"><strong>7)<\/strong> I turchi nel 1864 avevano suddiviso il territorio armeno entrato a far parte dell&#8217;impero ottomano nel XVII sec. (circa la met\u00e0 dell&#8217;antica Armenia) in sei vilayet, o province: di Van, Erzerum, Bitlis, Sebaste, Harput e Diarbekir. Nelle prime tre, pi\u00f9 orientali, la popolazione armena era pi\u00f9 compatta.<\/p>\n<p style=\"text-align: justify;\"><strong>8)<\/strong> Cf. per esempio le note collettive inviate dalle potenze alla Porta l&#8217;11 giugno e il 7 settembre 1880, la seconda riportata da F. Sidari, <em>La questione armena nella politica delle grandi potenze dalla chiusura del Congresso di Berlino al trattato di Losanna del 1923<\/em>, Padova 1962, p. 12. Alla stessa opera (che resta ancora lo studio pi\u00f9 completo in italiano relativamente a questo periodo) rimandiamo per quanto riguarda la questione armena nella politica internazionale dell&#8217;epoca. Sullo stesso argomento cf. anche M. Somakian, <em>Empires in conflict: Armenia and the Great Powers<\/em>, London-New York 1995.<\/p>\n<p style=\"text-align: justify;\"><strong style=\"font-size: 12px;\">9)<\/strong><span style=\"font-size: 12px;\"> Tale mutamento si riflette nei documenti ufficiali della diplomazia di Sua Maest\u00e0. Cf. Cm. T. Heller, <\/span><em style=\"font-size: 12px;\">Britain and the Armenain Question<\/em><span style=\"font-size: 12px;\">, London 1980. Ci\u00f2 emerge perfino dalla raccolta, realizzata appositamente a fini propagandistici dallo stato turco, <\/span><em style=\"font-size: 12px;\">British documenti on Ottoman Armenians<\/em><span style=\"font-size: 12px;\">, vol. II (1880-1890), Ankara 1983.<\/span><\/p>\n<p style=\"text-align: justify;\"><strong style=\"font-size: 12px;\">10)<\/strong><span style=\"font-size: 12px;\"> La stessa delegazione armena al Congresso non era certamente all&#8217;altezza della situazione. Il grande diplomatico armeno Boghos Nubar Pasci\u00e0, che in precedenza era stato ministro degli Esteri dell&#8217;Egitto, non faceva parte dei membri della delegazione, che era invece presieduta da Hayrig Khrimian, gi\u00e0 patriarca armeno di Costantinopoli, uomo di indubbia spiritualit\u00e0 ma del tutto inesperto di diplomazia. Si racconta che, quando si preparava a recarsi a Berlino, qualcuno gli chiese che lingua avrebbe parlato al congresso, dato che non conosceva che l&#8217;armeno, il turco e il curdo; il santo presule rispose che avrebbe parlato \u00abla lingua delle lacrime\u00bb. Tale risposta mostra in maniera eloquente la fede ma nel contempo l&#8217;ingenuit\u00e0 del Khrimian, che non si rendeva certo conto dell&#8217;abilit\u00e0 e furbizia dei suoi interlocutori.<\/span><\/p>\n<p style=\"text-align: justify;\"><strong style=\"font-size: 12px;\">11)<\/strong><span style=\"font-size: 12px;\"> Cf. L.Z. Nalbandian, <\/span><em style=\"font-size: 12px;\">Armenian Revolutionary Movement: The Development of Armenian Political Parties Through the Nineteenth Century,<\/em><span style=\"font-size: 12px;\"> University of California Press, 1988.<\/span><\/p>\n<p style=\"text-align: justify;\"><strong style=\"font-size: 12px;\">12)<\/strong><span style=\"font-size: 12px;\"> Sui primi decenni della storia del partito cf. H. Dasnabedian, Histoire de la F\u00e9d\u00e9ration R\u00e9volutionnaire Arm\u00e9nienne Dachnaktsoutioun, 1890\/1924 &#8211; (H. Tasnapetean, History of th\u00e8 Armenian Revolut\u00econary Federation, Dashnaktsutiun, 1890-1924), Milano s.d.<\/span><\/p>\n<p style=\"text-align: justify;\"><strong style=\"font-size: 12px;\">13)<\/strong><span style=\"font-size: 12px;\"> Sulla situazione degli armeni nell&#8217;impero ottomano in questo periodo: M.K. Krikorian, Armenians in the Service of the Ottoman Empire 1860-1908, Routledge Kegan &amp; Paul, 1978; B. Sivazliyan, Scambi culturali, economici, amministrativi tra gli armeni e l&#8217;impero ottomano nel XIX secolo, con presentazione, analisi e traduzione delle fonti inerenti armene e ottomane, Venezia 1985.<\/span><\/p>\n<p style=\"text-align: justify;\"><strong style=\"font-size: 12px;\">14)<\/strong><span style=\"font-size: 12px;\"> Nel XVII secolo gli armeni costituivano il 98% della popolazione dell&#8217;Armenia occidentale, e i musulmani il rimanente 2%. H. Pasdermadjian valuta a circa 100.000 il numero dei curdi che si stabilirono nelle regioni di Mush, Van e Erzurum tra il 1877 e il 1914. Alla vigilia della Prima Guerra mondiale gli armeni non erano che il 38,9%, i turchi il 25,4% e i curdi e qualche altra minoranza il 24,5% (cf. L.M. Vorob&#8217;eva, <\/span><em style=\"font-size: 12px;\">Tragedija armjanskogo naroda: stranicy istorii<\/em><span style=\"font-size: 12px;\">, in Istituto Russo di Studi Strategici [ed.], <\/span><em style=\"font-size: 12px;\">Armenija: problemy nezavisimogo razvitija<\/em><span style=\"font-size: 12px;\">, Moskva 1998, p. 173). Dopo la guerra e il genocidio la percentuale degli armeni sar\u00e0 irrilevante. Circa l&#8217;utilizzazione dei curdi da parte del governo ottomano cf. H. Pasdermadjian<\/span><em style=\"font-size: 12px;\">, Histoire de l&#8217;Armenie<\/em><span style=\"font-size: 12px;\">, cit, pp. 334-336 e 340-342. Le brutalit\u00e0 compiute dai reggimenti irregolari curdi sono riconosciute anche dallo storico curdo Sh. Mgoi: cf. M.S. Lazarev &#8211; Sh.Ch. Mgoi (edd.), <\/span><em style=\"font-size: 12px;\">Istorija Kurdistana<\/em><span style=\"font-size: 12px;\">, Moskva 1999, pp. 189-199.<\/span><\/p>\n<p style=\"text-align: justify;\"><strong style=\"font-size: 12px;\">15)<\/strong><span style=\"font-size: 12px;\"> In proposito, interessanti sono le testimonianze contenute nei rapporti dei diplomatici francesi al loro governo, pubblicati in <\/span><em style=\"font-size: 12px;\">Livre Jaune, Affaires Arm\u00e9-niennes, 1893-1897<\/em><span style=\"font-size: 12px;\">, Paris 1897.<\/span><\/p>\n<p style=\"text-align: justify;\"><strong style=\"font-size: 12px;\">16)<\/strong><span style=\"font-size: 12px;\"> Particolarmente notevole \u00e8 la reazione dell&#8217;opinione pubblica dell&#8217;impero russo dove vivono molti armeni. Nel 1896 a Mosca esce un libro dedicato alla questione armena e all&#8217;ultima presa di posizione degli Stati europei (<\/span><em style=\"font-size: 12px;\">Polo\u017eenie armjan v Turcii do vme\u0161atel&#8217;stva der\u017eav v 1895 godu<\/em><span style=\"font-size: 12px;\">, Moskva 1896) e un altro sulle \u00abbestialit\u00e0 turche nel Sassun\u00bb (E. Dillon &#8211; F. Grin, <\/span><em style=\"font-size: 12px;\">Polo\u017eenie del v Tureckoj Armnii i tureckie zverstva v Sasune<\/em><span style=\"font-size: 12px;\">, Moskva 1896); nel 1897 un folto gruppo di noti intellettuali russi e armeni pubblica una raccolta di saggi in Aiuto fraterno alle vittime armene in Turchia (<\/span><em style=\"font-size: 12px;\">Bratskaja pomo\u0161\u010d postradav\u0161im v Turcii armjanam<\/em><span style=\"font-size: 12px;\">, Moskva 1897), che gi\u00e0 l&#8217;anno successivo ha una nuova edizione ampliata. Anche l&#8217;opinione pubblica svizzera \u00e8 scossa dagli avvenimenti di Turchia. Il 7 settembre 1896 migliaia di persone manifestano in piazza a Losanna; nello stesso anno 430.000 cittadini svizzeri firmano una petizione di appoggio alla nazione armena sterminata dai turchi, rivolta al Consiglio Federale e al papa (<\/span><em style=\"font-size: 12px;\">Mis\u00e9ricorde: appel a Sa Saintet\u00e9 le Pape et au Haut Conseil Federai Suisse en faveur des peuples opprim\u00e9s en Turquie et en Macedonie<\/em><span style=\"font-size: 12px;\">, Gen\u00e8ve 1896; cf. anche K. Meyer, Armenian una dieSchweiz, Bern 1974).<\/span><\/p>\n<p style=\"text-align: justify;\"><strong style=\"font-size: 12px;\">17)<\/strong><span style=\"font-size: 12px;\"> Cf. B. Braude &#8211; B. Lewis (edd.), Christians and Jews in the Ottoman Empire, I-II, New York-London 1982.<\/span><\/p>\n<p style=\"text-align: justify;\"><strong style=\"font-size: 12px;\">18)<\/strong><span style=\"font-size: 12px;\"> Cit. secondo F. Sidari, La questione armena nella politica delle grandi potenze dalla chiusura del Congresso di Berlino al trattato di Losanna del 1923, cit., p. 45.<\/span><\/p>\n<p style=\"text-align: justify;\"><strong style=\"font-size: 12px;\">19)<\/strong><span style=\"font-size: 12px;\"> Sull&#8217;ideologia del panturanismo (o panturchismo) cit: A.Svaranc, <\/span><em style=\"font-size: 12px;\">Pantjurkizm v geostrategii Turcii na Kavkaze<\/em><span style=\"font-size: 12px;\">, Moskva 2002; J.M. Landau, <\/span><em style=\"font-size: 12px;\">Pan-Tur-kism in Turkey<\/em><span style=\"font-size: 12px;\">, London 1981; M. Aray, <\/span><em style=\"font-size: 12px;\">Turkish Nationalism in the Young Turk Era<\/em><span style=\"font-size: 12px;\">, Leiden 1992.<\/span><\/p>\n<p style=\"text-align: justify;\"><strong style=\"font-size: 12px;\">20)<\/strong><span style=\"font-size: 12px;\"> (&#8230;)<\/span><\/p>\n<p style=\"text-align: justify;\"><strong style=\"font-size: 12px;\">21)<\/strong><span style=\"font-size: 12px;\"> Sulla storia e il carattere dei membri del triumvirato dei \u00abGiovani Turchi\u00bb esistono molte fonti e testimonianze. In particolare, per Talaat, cf. i racconti dell&#8217;ambasciatore Morgenthau, per Enver la pregnante descrizione (basata sui racconti del pastore Lepsius e di altri testimoni) fatta da Franz Werfel nel suo romanzo, su Djemal i materiali pubblicati recentemente da Raymond Kevorkian, di cui diremo oltre.<\/span><\/p>\n<p style=\"text-align: justify;\"><strong style=\"font-size: 12px;\">22)<\/strong><span style=\"font-size: 12px;\"> Boghos pasha Nubarian (1851-1930) era figlio del celebre politico e diplomatico Nubar pasha (1825-1899), che era stato ministro degli esteri e primo ministro dell&#8217;Egitto e aveva avuto i pi\u00f9 alti onori e riconoscimenti dello Stato. Come suo padre, anche Boghos Nubar occup\u00f2 posti importanti nel governo egiziano, fu a capo della comunit\u00e0 armena locale e gioc\u00f2 un ruolo di prima importanza per la diplomazia armena nelle varie conferenze internazionali dell&#8217;epoca. Svolse anche una notevole attivit\u00e0 di beneficenza, contribuendo alla fondazione nel 1906 dell&#8217;Unione Generale Armena di Beneficenza (UGAB) e divenendone il primo presidente. Nel 1915 e negli anni successivi l&#8217;UGAB prest\u00f2 un aiuto inestimabile ai rifugiati dell&#8217;Armenia Occidentale, fond\u00f2 e mantenne ospedali, orfanotrofi e scuole presso numerose comunit\u00e0 della diaspora armena, organizz\u00f2 il rimpatrio degli armeni in Armenia Orientale. Ancora oggi l&#8217;UGAB sostiene diverse organizzazioni filantropiche e culturali in Armenia e nei paesi della diaspora.<\/span><\/p>\n<p style=\"text-align: justify;\"><strong style=\"font-size: 12px;\">23)<\/strong><span style=\"font-size: 12px;\"> Cf. p.e. la posizione inglese in J. Heller, <\/span><em style=\"font-size: 12px;\">Britain and the Armenian Question<\/em><span style=\"font-size: 12px;\">, cit.; A. Feros, <\/span><em style=\"font-size: 12px;\">Great Britain&#8217;s Relations with the Young Turks 1908-1914<\/em><span style=\"font-size: 12px;\">, London 1965.<\/span><\/p>\n<p style=\"text-align: justify;\"><strong style=\"font-size: 12px;\">24)<\/strong><span style=\"font-size: 12px;\"> II testo della lettera di Gevorg V allo zar \u00e8 stato pubblicato in russo nel libro: <\/span><em style=\"font-size: 12px;\">Genocid armjan v Osmanskoj imperii. Sbornik dokumentov i materialov<\/em><span style=\"font-size: 12px;\">, 2 ed. riveduta e corretta, Erevan 1982, pp. 245-249.<\/span><\/p>\n<p style=\"text-align: justify;\"><strong style=\"font-size: 12px;\">25)<\/strong><span style=\"font-size: 12px;\"> II sistema delle \u00abcapitolazioni\u00bb sar\u00e0 ristabilito dal Trattato di S\u00e8vres (agosto 1920), per poi essere definitivamente abolito dal Trattato di Losanna (luglio 1923).<\/span><\/p>\n<p style=\"text-align: justify;\"><strong style=\"font-size: 12px;\">26)<\/strong><span style=\"font-size: 12px;\"> L&#8217;Italia a fine maggio 1915, gli USA solo nell&#8217;aprile 1917.<\/span><\/p>\n<p style=\"text-align: justify;\"><strong style=\"font-size: 12px;\">27)<\/strong><span style=\"font-size: 12px;\"> Per la situazione degli armeni in questo periodo cf. A. Beylerian<\/span><em style=\"font-size: 12px;\">, Les Grandes puissances, l&#8217;Empire ottoman et les Arm\u00e9niens dans les archives frangaises (1914-1918)<\/em><span style=\"font-size: 12px;\">, Publication de la Sorbonne, Paris 1983; R.H. K\u00e9vorkian &#8211; R.B. Paboudjian, <\/span><em style=\"font-size: 12px;\">Les Arm\u00e9niens dans l&#8217;Empire ottoman a la veille du g\u00e9nocide<\/em><span style=\"font-size: 12px;\">, Paris 1992. Tra la storiografia russa pi\u00f9 recente, una particolare attenzione alla questione armena e al genocidio \u00e8 riservata da V.E. Sambarov nel libro <\/span><em style=\"font-size: 12px;\">Za veru, carja i Ote\u010destvo<\/em><span style=\"font-size: 12px;\">, Moskva 2003, dedicato alla storia della Prima Guerra mondiale.<\/span><\/p>\n<p style=\"text-align: justify;\"><strong style=\"font-size: 12px;\">28)<\/strong><span style=\"font-size: 12px;\"> Le cifre indicate a questo proposito dagli storici sono molto discordi. Pasdermadjian scrive che gli armeni mobilitati nell&#8217;esercito russo sarebbero stati in un primo momento 120.000, ma a questi se ne sarebbero aggiunti pi\u00f9 tardi altri 60.000. Vratsian invece parla di 250.000 armeni incorporati nelle file russe. Per quanto riguarda gli armeni arruolati nell&#8217;esercito turco, \u00e8 difficile stabilirne con precisione il numero totale, ma si deve tener conto del fatto che all&#8217;inizio della guerra fu chiamata alle armi la categoria dei maschi di et\u00e0 compresa tra i 20-45 anni, e in un secondo tempo la mobilitazione fu estesa ai gruppi di et\u00e0 18-20 e 45-60 (cf. V.N. Dadrian, <\/span><em style=\"font-size: 12px;\">The Armenian Genocide: an Interpretation<\/em><span style=\"font-size: 12px;\">, in J. Winter [ed.], <\/span><em style=\"font-size: 12px;\">America and the Armenian Genocide of 1915<\/em><span style=\"font-size: 12px;\">, Cambridge University Press, 2003). In tal modo, ancor prima dell&#8217;inizio delle deportazioni nelle comunit\u00e0 armene non esisteva quasi pi\u00f9 popolazione adulta di sesso maschile.<\/span><\/p>\n<p style=\"text-align: justify;\"><strong style=\"font-size: 12px;\">29)<\/strong><span style=\"font-size: 12px;\"> Sugli armeni arruolati nelle forze dell&#8217;Intesa, cf. G. Korganoff (g\u00e9n\u00e9ral), <\/span><em style=\"font-size: 12px;\">La Participation<\/em><em style=\"font-size: 12px;\"> des Arm\u00e9niens a la guerre mondiale sur le front du Caucase (1914-1918<\/em><span style=\"font-size: 12px;\">), Paris 1927.<\/span><\/p>\n<p style=\"text-align: justify;\"><strong style=\"font-size: 12px;\">30)<\/strong><span style=\"font-size: 12px;\"> II suo capolavoro poetico e altri suoi versi sono reperibili in italiano; cf. <\/span><em style=\"font-size: 12px;\">Il canto del pane<\/em><span style=\"font-size: 12px;\">, a cura di A. Arslan, Milano 1993 ; <\/span><em style=\"font-size: 12px;\">Mari di grano e altre poesie armene<\/em><span style=\"font-size: 12px;\">, a cura di A. Arslan, Milano 1995; cf. anche i versi tradotti da B.L. Zekiyan e il suo articolo critico <\/span><em style=\"font-size: 12px;\">Dall&#8217;epos al sogno<\/em><span style=\"font-size: 12px;\">, in \u00abIn forma di parole\u00bb, Nuova serie; anno primo, numero terzo, 1990, pp. 127-181.<\/span><\/p>\n<p style=\"text-align: justify;\"><strong style=\"font-size: 12px;\">31)<\/strong><span style=\"font-size: 12px;\"> Sulla complessa storia dell&#8217;adozione di questa Dichiarazione e la sua importanza giuridica, cf Ju. Barsegov, <\/span><em style=\"font-size: 12px;\">Genocid armjan &#8211; prestuplenie p\u00f2 me\u017edunarodnomu pravu<\/em><span style=\"font-size: 12px;\">, cit., pp. 77-88.<\/span><\/p>\n<p style=\"text-align: justify;\"><strong style=\"font-size: 12px;\">32)<\/strong><span style=\"font-size: 12px;\"> A questa legge se ne aggiunge dopo pochi giorni un&#8217;altra, e poi altre due, tutte riguardanti la registrazione dei beni dei deportati.<\/span><\/p>\n<p style=\"text-align: justify;\"><strong style=\"font-size: 12px;\">33)<\/strong><span style=\"font-size: 12px;\"> Su questi esperimenti (che per crudelt\u00e0 non furono inferiori a quelli praticati dai medici delle SS durante la seconda guerra mondiale), cf. V. Dadrian, <\/span><em style=\"font-size: 12px;\">The Role of Turkish Physidans in the World War I Genocide of Ottoman Armenians in Holocaust and Genocide Studies<\/em><span style=\"font-size: 12px;\">, 1: 2 (1986); Id. <\/span><em style=\"font-size: 12px;\">The Armenian Genocide: an Interpretation<\/em><span style=\"font-size: 12px;\">, cit, da vedere anche a proposito dell&#8217;eliminazione degli armeni per affogamento a Trebisonda, attestata da numerosi testimoni, tra cui il console americano Oscar Heizer.<\/span><\/p>\n<p style=\"text-align: justify;\"><strong style=\"font-size: 12px;\">34)<\/strong><span style=\"font-size: 12px;\"> Per un&#8217;edizione italiana del romanzo, segnaliamo quella di Corbaccio, nella traduzione di Cristina Baseggio (20034).<\/span><\/p>\n<p style=\"text-align: justify;\"><strong>35)<\/strong> Recentemente una ricostruzione storica dei fatti della resistenza armena del Mussa Dagh, sulla base dei documenti dell&#8217;epoca, \u00e8 stata compiuta da due giornalisti italiani: cf. F. Amabile &#8211; M. Tosarti, <em>La vera storia del Mussa Dagh<\/em> (presentazione di Vittorio Messori), Milano 2003.<\/p>\n<p style=\"text-align: justify;\"><strong style=\"font-size: 12px;\">36)<\/strong><span style=\"font-size: 12px;\"> A questo proposito rimandiamo all&#8217;eccellente libro di Pietro Kuciukian, <\/span><em style=\"font-size: 12px;\">Voci nel deserto. Giusti e testimoni per gli armeni<\/em><span style=\"font-size: 12px;\">, cit. Per le varie raccolte di rapporti diplomatici e documenti ufficiali, segnaliamo che in italiano \u00e8 in preparazione l&#8217;edizione completa dei documenti degli archivi del Ministero degli Esteri concernenti la questione armena, relativi agli anni 1878-1923; l&#8217;edizione \u00e8 realizzata dall&#8217;Istituto Storico dell&#8217;Universit\u00e0 di Firenze e comprender\u00e0 12 tomi; 4 sono gi\u00e0 stati pubblicati. In lingua russa una buona raccolta di rapporti ufficiali dei diplomatici stranieri presenti in Turchia negli anni 1876-1920 \u00e8 il libro <\/span><em style=\"font-size: 12px;\">Genocid armjan v Osmanskoj imperii. Sbornik dokumentov i materialov<\/em><span style=\"font-size: 12px;\"> (sost. M.G. Nersisjan, R.G. Saakjan, pod red. M. Nersisjana), II dop. izdanie, Erevan 1982; la pi\u00f9 completa edizione di documenti ufficiali statali (quasi esclusivamente di Gran Bretagna, Francia, Stati Uniti e Russia) e accordi internazionali relativi al genocidio \u00e8 stata realizzata dal giurista prof. Jurij Barsegov (<\/span><em style=\"font-size: 12px;\">Genocid armjan: otvetstvennost&#8217; Turcii i objazatel&#8217;stva mirovogo soob\u0161estva. <\/em><em style=\"font-size: 12px;\">Dokumenty i kommentarij<\/em><span style=\"font-size: 12px;\">, Moskva 2002). I primi due tomi di quest&#8217;opera presentano pi\u00f9 di 1.500 documenti ufficiali.<\/span><\/p>\n<p style=\"text-align: justify;\"><strong style=\"font-size: 12px;\">37)<\/strong><span style=\"font-size: 12px;\"> Cf. S. Stepanjan (ed.), <\/span><em style=\"font-size: 12px;\">Germanskie isto\u010dniki o genocide armjan<\/em><span style=\"font-size: 12px;\"> Erevan 1991, pp. 212-229. Recentemente sono stati pubblicati nuovi materiali dagli archivi austriaci; cf. A. Ohandjanian, <\/span><em style=\"font-size: 12px;\">\u00d6sterreich-Armenien, 1872-1936<\/em><span style=\"font-size: 12px;\">. <\/span><em style=\"font-size: 12px;\">Faksimiles-ammlung diplomatischer Aktenst\u00f9cke<\/em><span style=\"font-size: 12px;\">, 12 Bande, Wien 1995; Id., <\/span><em style=\"font-size: 12px;\">1915. <\/em><em style=\"font-size: 12px;\">Irrefutable Evidence. Th eAustrian Documenti on the Armenain Genocide, <\/em><span style=\"font-size: 12px;\">Yerevan 2004.<\/span><\/p>\n<p style=\"text-align: justify;\"><strong style=\"font-size: 12px;\">38)<\/strong><span style=\"font-size: 12px;\"> Cf. H. Vierbucker, Armenie 1915: un peuple civilis\u00e9 massacr\u00e9 par les Turcs: t\u00e9moignage d&#8217;un officier allemand, trad. par Louise Gessarentz, Montelimar 1987; in russo cf. S. Stepanjana (ed.), Germanskie istocniki o genocide armjan, Erevan 1991.<\/span><\/p>\n<p style=\"text-align: justify;\"><strong>39)<\/strong> H. Morgenthau, Ambassador&#8217;s Morgenthau Story, New York 1918. Cf. anche l&#8217;edizione francese H. Morgenthau, M\u00e9moires, suivi de Documenti in\u00e9dits du D\u00e9partement d&#8217;Etat, Paris 1983; su Morgenthau importante il profilo fatto dal nipote in H. Morgenthau III, Mostly Morgenthaus, a family History, New York 1991.<\/p>\n<p style=\"text-align: justify;\"><strong>40)<\/strong> Cit. secondo P. Kuciukian, <em>Voci nel deserto. Giusti e testimoni per gli armeni<\/em>, cit., pp. 20-21.<\/p>\n<p style=\"text-align: justify;\"><strong style=\"font-size: 12px;\">41)<\/strong><em style=\"font-size: 12px;\"> Ibid<\/em><span style=\"font-size: 12px;\"> ,pp.31, 26, 32-33.<\/span><\/p>\n<p style=\"text-align: justify;\"><strong>42)<\/strong> \u00abThe Times\u00bb, October 7,1915.<\/p>\n<p style=\"text-align: justify;\"><strong>43)<\/strong> A. Toynbee, Armenian Atrocities. The Murder of a Nation, New York 1915.<\/p>\n<p style=\"text-align: justify;\"><strong>44)<\/strong> Cf. J. Bryce, Accounts and Papers, 1916 (cd-8325), Armenians in Turkey: The Treatment of the Armenians in the Ottoman Empire, 1915-1916, London 1916; cf. la pi\u00f9 completa edizione francese J. Bryce &#8211; A. Toynbee, Livre bleu sur le massacre des Arm\u00e9niens dans l&#8217;Empire ottoman, Paris 1987.<\/p>\n<p style=\"text-align: justify;\"><strong style=\"font-size: 12px;\">45)<\/strong> <em style=\"font-size: 12px;\">Bericht \u00fcber die Lage des Armenischen Volkes in der Turkei<\/em><span style=\"font-size: 12px;\">, Potsdam 1916.<\/span><\/p>\n<p style=\"text-align: justify;\"><strong style=\"font-size: 12px;\">46)<\/strong><span style=\"font-size: 12px;\"> Der Todesgang des Armenischen Volkes, Berlin-Potsdam 1919.<\/span><\/p>\n<p style=\"text-align: justify;\"><strong style=\"font-size: 12px;\">47) <\/strong><span style=\"font-size: 12px;\">Deutschland und Armenien. 1914-1918. Sammlung Diplomatischer Aktenstuecke, herausgegeben und eingeleitet von Dr. Johannes Lepsius, Potsdam 1919. Cf. anche l&#8217;edizione di W. e S. Gust in Internet: http:\/\/home.t-online.de\/home\/wolfgang.gus<\/span><\/p>\n<p style=\"text-align: justify;\"><strong style=\"font-size: 12px;\">48) <\/strong><span style=\"font-size: 12px;\">Recentemente, sotto la direzione di Hermann Goltz, direttore degli Archivi Lepsius e professore di teologia presso l&#8217;Universit\u00e0 Martin Luther di Halle, sono stati pubblicati gli archivi di Lepsius in 2 tomi: <\/span><em style=\"font-size: 12px;\">Deutschland, Armenien und die T\u00f9rkei 1895-1925<\/em><span style=\"font-size: 12px;\">. <\/span><em style=\"font-size: 12px;\">Dokumente und Zeitschriften aus dem Dr. Johannes-Leps-ius-Archiv<\/em><span style=\"font-size: 12px;\">, M\u00ecinchen, 1998-2004. Il primo tomo contiene il catalogo generale, il secondo i documenti in microfilm, il terzo un repertorio tematico. Importanti materiali sul pastore Lepsius si trovano in H. Goltz (ed.), <\/span><em style=\"font-size: 12px;\">Akten des ersten Dr. Jo-hannes-Lepsius<\/em><span style=\"font-size: 12px;\">&#8211; <\/span><em style=\"font-size: 12px;\">Symposiums 1986<\/em><span style=\"font-size: 12px;\">, Halle\/Saale 1987. L&#8217;autore ringrazia il prof. Goltz per la gentile consulenza.<\/span><\/p>\n<p style=\"text-align: justify;\"><strong style=\"font-size: 12px;\">49) <\/strong><span style=\"font-size: 12px;\">A.T. Wegner, <\/span><em style=\"font-size: 12px;\">Der Weg ohne Heimkehr. <\/em><em style=\"font-size: 12px;\">Ein Martyrium in Eriefen<\/em><span style=\"font-size: 12px;\">, Berlin 1919. In parte (e con altri scritti dello stesso) pubblicata in italiano in <\/span><em style=\"font-size: 12px;\">Armin T. Wegner e gli Armeni in Anatolia, 1915. Immagini e testimonianze<\/em><span style=\"font-size: 12px;\">, Milano 1996.<\/span><\/p>\n<p style=\"text-align: justify;\"><strong style=\"font-size: 12px;\">50) <\/strong><span style=\"font-size: 12px;\">Per la prefazione di Wegner agli atti del processo, cf. <\/span><em style=\"font-size: 12px;\">Der Prozess Talaat Pascha. <\/em><span style=\"font-size: 12px;\">Mit einem Vorwort von Armin T. Wegner, Berlin 1921. Per <\/span><em style=\"font-size: 12px;\">Il grido dall\u2019Ararat<\/em><span style=\"font-size: 12px;\">, cf. A.T. Wegner, Der Schrei von Arami, Leipzig 1922.<\/span><\/p>\n<p style=\"text-align: justify;\"><strong style=\"font-size: 12px;\">51)<\/strong><span style=\"font-size: 12px;\"> Su Armin Wegner cf. i due libri di M. Rooney: <\/span><em style=\"font-size: 12px;\">Leben und Werk Armin T.Wegners (1886-1978) im Kontext der sozio-politischen und kulturellen Entwicklungen in Deutschland,<\/em><span style=\"font-size: 12px;\"> Frankfurt am Main 1984; \u00ab<\/span><em style=\"font-size: 12px;\">Weg ohne Heimkehr<\/em><span style=\"font-size: 12px;\">\u00bb. <\/span><em style=\"font-size: 12px;\">Armin T.Wegnerzum 100 Geburtstag. Eine Gedenkschrift<\/em><span style=\"font-size: 12px;\">, Bremen, 1986. Sugli anni italiani di A. Wegner cf. la testimonianza del figlio M. Wegner, <\/span><em style=\"font-size: 12px;\">In nome del padre<\/em><span style=\"font-size: 12px;\">, in AA.VV., <\/span><em style=\"font-size: 12px;\">Si pu\u00f2 sempre dire un s\u00ec o un no: i Giusti contro i Genocidi degli Armeni e degli Ebrei<\/em><span style=\"font-size: 12px;\"> (Atti del Convegno, Padova, 30 novembre &#8211; 2 dicembre 2000), Padova 2001, pp. 125-130.<\/span><\/p>\n<p style=\"text-align: justify;\"><strong style=\"font-size: 12px;\">52)<\/strong><span style=\"font-size: 12px;\"> A questi avvenimenti \u00e8 dedicato il cap. X del nostro <\/span><em style=\"font-size: 12px;\">1700 let vernosti. Istorija Armenti i ee Cerkvi<\/em><span style=\"font-size: 12px;\">, Moskva 2002, pp. 265-296, di prossima pubblicazione anche in Italia. Cf. anche il nostro articolo <\/span><em style=\"font-size: 12px;\">Armenija me\u017edu tureckim molotom i rossijskoj nakoval&#8217;nej<\/em><span style=\"font-size: 12px;\"> nella rivista \u00abGra\u017edanin\u00bb, 4, luglio-agosto 2004, Moskva, pp. 84-92.<\/span><\/p>\n<p style=\"text-align: justify;\"><strong style=\"font-size: 12px;\">53)<\/strong><span style=\"font-size: 12px;\"> Cf. Dj. Guajta, <\/span><em style=\"font-size: 12px;\">1700 let vernosti,<\/em><span style=\"font-size: 12px;\"> cit., pp. 274-279.<\/span><\/p>\n<p style=\"text-align: justify;\"><strong>54)<\/strong> Cf. G. Chomizuri, <em>Social&#8217;nye potrjasenija v sud&#8217;bach narodov<\/em> <em>(na primere Armenii)<\/em>, Moskva 1997, p. 88.<\/p>\n<p style=\"text-align: justify;\"><strong style=\"font-size: 12px;\">55)<\/strong><span style=\"font-size: 12px;\"> Cf. in merito la testimonianza di padre Jules Chaperon, che entr\u00f2 in Cilicia con le truppe francesi del mandato e poi svolse un&#8217;intensa attivit\u00e0 a favore degli armeni a Costantinopoli, finch\u00e9 i francesi non evacuarono la Turchia nel 1923. Cf. Chaperon (Abb\u00e9), <\/span><em style=\"font-size: 12px;\">Un aum\u00f4nier militaire fran\u00e7ais t\u00e9moin du drame arm\u00e9nien,<\/em><span style=\"font-size: 12px;\"> Journal de I&#8217;Abb\u00e9 Chaperon, Cilicie 1920-Constantinople 1921-1923, Publi\u00e9 par l&#8217;Institut Eurom\u00e9diterran\u00e9en pour l&#8217;Armenie [s.d.l.].<\/span><\/p>\n<p style=\"text-align: justify;\"><strong style=\"font-size: 12px;\">56)<\/strong><span style=\"font-size: 12px;\"> E Sidari (La questione armena, cit., p. 248) indica che 120.000 armeni abbandonarono la Cilicia a seguito delle truppe francesi che si ritiravano.<\/span><\/p>\n<p style=\"text-align: center;\"><a href=\"https:\/\/www.rassegnastampa-totustuus.it\/cattolica\/?p=1649\"><strong>torna al testo<\/strong><\/a><\/p>\n","protected":false},"excerpt":{"rendered":"<p>Pubblicato su Nuova Umanit\u00e0 n.159-160 maggio-agosto 2005 &nbsp;di Giovanni Guaita<\/p><p><a class=\"more-link btn\" href=\"https:\/\/www.rassegnastampa-totustuus.it\/cattolica\/metz-yeghern-il-grande-male-note-1\/\">Continua a leggere<\/a><\/p>\n","protected":false},"author":6,"featured_media":14403,"comment_status":"closed","ping_status":"open","sticky":false,"template":"","format":"standard","meta":{"footnotes":""},"categories":[33,44,87,24],"tags":[906,264,535],"class_list":["post-4102","post","type-post","status-publish","format-standard","has-post-thumbnail","hentry","category-cristiani-nell-islam","category-cristiani-perseguitati","category-genocidio-armeno","category-storia","tag-genocidio-armeno-2","tag-persecuzioni","tag-turchia","item-wrap"],"yoast_head":"<!-- This site is optimized with the Yoast SEO plugin v27.5 - https:\/\/yoast.com\/product\/yoast-seo-wordpress\/ -->\n<title>Metz Yeghern, il Grande Male (note 1) - Rassegna Stampa Cattolica<\/title>\n<meta name=\"description\" content=\"Rassegna Stampa Cattolica - Per una cultura che nasce dalla Rivelazione cristiana in conformit\u00e0 alla tradizione e al Magistero della Chiesa in opposizione ad ogni relativismo e totalitarismo\" \/>\n<meta name=\"robots\" content=\"index, follow, max-snippet:-1, max-image-preview:large, max-video-preview:-1\" \/>\n<link rel=\"canonical\" href=\"https:\/\/www.rassegnastampa-totustuus.it\/cattolica\/metz-yeghern-il-grande-male-note-1\/\" \/>\n<meta property=\"og:locale\" content=\"it_IT\" \/>\n<meta property=\"og:type\" content=\"article\" \/>\n<meta property=\"og:title\" content=\"Metz Yeghern, il Grande Male (note 1) - Rassegna Stampa Cattolica\" \/>\n<meta property=\"og:description\" content=\"Rassegna Stampa Cattolica - Per una cultura che nasce dalla Rivelazione cristiana in conformit\u00e0 alla tradizione e al Magistero della Chiesa in opposizione ad ogni relativismo e totalitarismo\" \/>\n<meta property=\"og:url\" content=\"https:\/\/www.rassegnastampa-totustuus.it\/cattolica\/metz-yeghern-il-grande-male-note-1\/\" \/>\n<meta property=\"og:site_name\" content=\"Rassegna Stampa Cattolica\" \/>\n<meta property=\"article:publisher\" content=\"https:\/\/www.facebook.com\/rassegnastampacattolica\" \/>\n<meta property=\"article:published_time\" content=\"2010-09-26T19:01:21+00:00\" \/>\n<meta property=\"article:modified_time\" content=\"2019-07-05T06:46:47+00:00\" \/>\n<meta property=\"og:image\" content=\"https:\/\/www.rassegnastampa-totustuus.it\/cattolica\/wp-content\/uploads\/2005\/11\/metz-yeghern.jpg\" \/>\n\t<meta property=\"og:image:width\" content=\"275\" \/>\n\t<meta property=\"og:image:height\" content=\"183\" \/>\n\t<meta property=\"og:image:type\" content=\"image\/jpeg\" \/>\n<meta name=\"author\" content=\"Redazione\" \/>\n<meta name=\"twitter:card\" content=\"summary_large_image\" \/>\n<meta name=\"twitter:creator\" content=\"@rassegnastampa9\" \/>\n<meta name=\"twitter:site\" content=\"@rassegnastampa9\" \/>\n<meta name=\"twitter:label1\" content=\"Scritto da\" \/>\n\t<meta name=\"twitter:data1\" content=\"Redazione\" \/>\n\t<meta name=\"twitter:label2\" content=\"Tempo di lettura stimato\" \/>\n\t<meta name=\"twitter:data2\" content=\"14 minuti\" \/>\n<script type=\"application\/ld+json\" class=\"yoast-schema-graph\">{\"@context\":\"https:\\\/\\\/schema.org\",\"@graph\":[{\"@type\":\"Article\",\"@id\":\"https:\\\/\\\/www.rassegnastampa-totustuus.it\\\/cattolica\\\/metz-yeghern-il-grande-male-note-1\\\/#article\",\"isPartOf\":{\"@id\":\"https:\\\/\\\/www.rassegnastampa-totustuus.it\\\/cattolica\\\/metz-yeghern-il-grande-male-note-1\\\/\"},\"author\":{\"name\":\"Redazione\",\"@id\":\"https:\\\/\\\/www.rassegnastampa-totustuus.it\\\/cattolica\\\/#\\\/schema\\\/person\\\/08f319d2bd1a0904ad9e2bfb7b15e5c3\"},\"headline\":\"Metz Yeghern, il Grande Male (note 1)\",\"datePublished\":\"2010-09-26T19:01:21+00:00\",\"dateModified\":\"2019-07-05T06:46:47+00:00\",\"mainEntityOfPage\":{\"@id\":\"https:\\\/\\\/www.rassegnastampa-totustuus.it\\\/cattolica\\\/metz-yeghern-il-grande-male-note-1\\\/\"},\"wordCount\":2869,\"publisher\":{\"@id\":\"https:\\\/\\\/www.rassegnastampa-totustuus.it\\\/cattolica\\\/#organization\"},\"image\":{\"@id\":\"https:\\\/\\\/www.rassegnastampa-totustuus.it\\\/cattolica\\\/metz-yeghern-il-grande-male-note-1\\\/#primaryimage\"},\"thumbnailUrl\":\"https:\\\/\\\/www.rassegnastampa-totustuus.it\\\/cattolica\\\/wp-content\\\/uploads\\\/2005\\\/11\\\/metz-yeghern.jpg\",\"keywords\":[\"genocidio armeno\",\"persecuzioni\",\"Turchia\"],\"articleSection\":[\"Cristiani nell'islam\",\"Cristiani perseguitati\",\"Genocidio armeno\",\"Storia\"],\"inLanguage\":\"it-IT\"},{\"@type\":\"WebPage\",\"@id\":\"https:\\\/\\\/www.rassegnastampa-totustuus.it\\\/cattolica\\\/metz-yeghern-il-grande-male-note-1\\\/\",\"url\":\"https:\\\/\\\/www.rassegnastampa-totustuus.it\\\/cattolica\\\/metz-yeghern-il-grande-male-note-1\\\/\",\"name\":\"Metz Yeghern, il Grande Male (note 1) - Rassegna Stampa Cattolica\",\"isPartOf\":{\"@id\":\"https:\\\/\\\/www.rassegnastampa-totustuus.it\\\/cattolica\\\/#website\"},\"primaryImageOfPage\":{\"@id\":\"https:\\\/\\\/www.rassegnastampa-totustuus.it\\\/cattolica\\\/metz-yeghern-il-grande-male-note-1\\\/#primaryimage\"},\"image\":{\"@id\":\"https:\\\/\\\/www.rassegnastampa-totustuus.it\\\/cattolica\\\/metz-yeghern-il-grande-male-note-1\\\/#primaryimage\"},\"thumbnailUrl\":\"https:\\\/\\\/www.rassegnastampa-totustuus.it\\\/cattolica\\\/wp-content\\\/uploads\\\/2005\\\/11\\\/metz-yeghern.jpg\",\"datePublished\":\"2010-09-26T19:01:21+00:00\",\"dateModified\":\"2019-07-05T06:46:47+00:00\",\"description\":\"Rassegna Stampa Cattolica - Per una cultura che nasce dalla Rivelazione cristiana in conformit\u00e0 alla tradizione e al Magistero della Chiesa in opposizione ad ogni relativismo e totalitarismo\",\"breadcrumb\":{\"@id\":\"https:\\\/\\\/www.rassegnastampa-totustuus.it\\\/cattolica\\\/metz-yeghern-il-grande-male-note-1\\\/#breadcrumb\"},\"inLanguage\":\"it-IT\",\"potentialAction\":[{\"@type\":\"ReadAction\",\"target\":[\"https:\\\/\\\/www.rassegnastampa-totustuus.it\\\/cattolica\\\/metz-yeghern-il-grande-male-note-1\\\/\"]}]},{\"@type\":\"ImageObject\",\"inLanguage\":\"it-IT\",\"@id\":\"https:\\\/\\\/www.rassegnastampa-totustuus.it\\\/cattolica\\\/metz-yeghern-il-grande-male-note-1\\\/#primaryimage\",\"url\":\"https:\\\/\\\/www.rassegnastampa-totustuus.it\\\/cattolica\\\/wp-content\\\/uploads\\\/2005\\\/11\\\/metz-yeghern.jpg\",\"contentUrl\":\"https:\\\/\\\/www.rassegnastampa-totustuus.it\\\/cattolica\\\/wp-content\\\/uploads\\\/2005\\\/11\\\/metz-yeghern.jpg\",\"width\":275,\"height\":183},{\"@type\":\"BreadcrumbList\",\"@id\":\"https:\\\/\\\/www.rassegnastampa-totustuus.it\\\/cattolica\\\/metz-yeghern-il-grande-male-note-1\\\/#breadcrumb\",\"itemListElement\":[{\"@type\":\"ListItem\",\"position\":1,\"name\":\"Home\",\"item\":\"https:\\\/\\\/www.rassegnastampa-totustuus.it\\\/cattolica\\\/\"},{\"@type\":\"ListItem\",\"position\":2,\"name\":\"Metz Yeghern, il Grande Male (note 1)\"}]},{\"@type\":\"WebSite\",\"@id\":\"https:\\\/\\\/www.rassegnastampa-totustuus.it\\\/cattolica\\\/#website\",\"url\":\"https:\\\/\\\/www.rassegnastampa-totustuus.it\\\/cattolica\\\/\",\"name\":\"Rassegna Stampa Cattolica\",\"description\":\"Per una cultura che nasce dalla Rivelazione cristiana in conformit\u00e0 alla tradizione e al Magistero della Chiesa in opposizione ad ogni relativismo e totalitarismo\",\"publisher\":{\"@id\":\"https:\\\/\\\/www.rassegnastampa-totustuus.it\\\/cattolica\\\/#organization\"},\"alternateName\":\"Rass. Cattolica\",\"potentialAction\":[{\"@type\":\"SearchAction\",\"target\":{\"@type\":\"EntryPoint\",\"urlTemplate\":\"https:\\\/\\\/www.rassegnastampa-totustuus.it\\\/cattolica\\\/?s={search_term_string}\"},\"query-input\":{\"@type\":\"PropertyValueSpecification\",\"valueRequired\":true,\"valueName\":\"search_term_string\"}}],\"inLanguage\":\"it-IT\"},{\"@type\":\"Organization\",\"@id\":\"https:\\\/\\\/www.rassegnastampa-totustuus.it\\\/cattolica\\\/#organization\",\"name\":\"Rassegna Stampa Cattolica\",\"url\":\"https:\\\/\\\/www.rassegnastampa-totustuus.it\\\/cattolica\\\/\",\"logo\":{\"@type\":\"ImageObject\",\"inLanguage\":\"it-IT\",\"@id\":\"https:\\\/\\\/www.rassegnastampa-totustuus.it\\\/cattolica\\\/#\\\/schema\\\/logo\\\/image\\\/\",\"url\":\"https:\\\/\\\/www.rassegnastampa-totustuus.it\\\/cattolica\\\/wp-content\\\/uploads\\\/2014\\\/04\\\/logo-rassegna1.gif\",\"contentUrl\":\"https:\\\/\\\/www.rassegnastampa-totustuus.it\\\/cattolica\\\/wp-content\\\/uploads\\\/2014\\\/04\\\/logo-rassegna1.gif\",\"width\":600,\"height\":163,\"caption\":\"Rassegna Stampa Cattolica\"},\"image\":{\"@id\":\"https:\\\/\\\/www.rassegnastampa-totustuus.it\\\/cattolica\\\/#\\\/schema\\\/logo\\\/image\\\/\"},\"sameAs\":[\"https:\\\/\\\/www.facebook.com\\\/rassegnastampacattolica\",\"https:\\\/\\\/x.com\\\/rassegnastampa9\"]},{\"@type\":\"Person\",\"@id\":\"https:\\\/\\\/www.rassegnastampa-totustuus.it\\\/cattolica\\\/#\\\/schema\\\/person\\\/08f319d2bd1a0904ad9e2bfb7b15e5c3\",\"name\":\"Redazione\",\"image\":{\"@type\":\"ImageObject\",\"inLanguage\":\"it-IT\",\"@id\":\"https:\\\/\\\/secure.gravatar.com\\\/avatar\\\/2fcdf27c78ea025fbdb44e914cc63c72249ffec9dc8aafd5c82b26240ef3f346?s=96&d=mm&r=g\",\"url\":\"https:\\\/\\\/secure.gravatar.com\\\/avatar\\\/2fcdf27c78ea025fbdb44e914cc63c72249ffec9dc8aafd5c82b26240ef3f346?s=96&d=mm&r=g\",\"contentUrl\":\"https:\\\/\\\/secure.gravatar.com\\\/avatar\\\/2fcdf27c78ea025fbdb44e914cc63c72249ffec9dc8aafd5c82b26240ef3f346?s=96&d=mm&r=g\",\"caption\":\"Redazione\"},\"url\":\"https:\\\/\\\/www.rassegnastampa-totustuus.it\\\/cattolica\\\/author\\\/pietroelle\\\/\"}]}<\/script>\n<!-- \/ Yoast SEO plugin. -->","yoast_head_json":{"title":"Metz Yeghern, il Grande Male (note 1) - Rassegna Stampa Cattolica","description":"Rassegna Stampa Cattolica - Per una cultura che nasce dalla Rivelazione cristiana in conformit\u00e0 alla tradizione e al Magistero della Chiesa in opposizione ad ogni relativismo e totalitarismo","robots":{"index":"index","follow":"follow","max-snippet":"max-snippet:-1","max-image-preview":"max-image-preview:large","max-video-preview":"max-video-preview:-1"},"canonical":"https:\/\/www.rassegnastampa-totustuus.it\/cattolica\/metz-yeghern-il-grande-male-note-1\/","og_locale":"it_IT","og_type":"article","og_title":"Metz Yeghern, il Grande Male (note 1) - Rassegna Stampa Cattolica","og_description":"Rassegna Stampa Cattolica - Per una cultura che nasce dalla Rivelazione cristiana in conformit\u00e0 alla tradizione e al Magistero della Chiesa in opposizione ad ogni relativismo e totalitarismo","og_url":"https:\/\/www.rassegnastampa-totustuus.it\/cattolica\/metz-yeghern-il-grande-male-note-1\/","og_site_name":"Rassegna Stampa Cattolica","article_publisher":"https:\/\/www.facebook.com\/rassegnastampacattolica","article_published_time":"2010-09-26T19:01:21+00:00","article_modified_time":"2019-07-05T06:46:47+00:00","og_image":[{"width":275,"height":183,"url":"https:\/\/www.rassegnastampa-totustuus.it\/cattolica\/wp-content\/uploads\/2005\/11\/metz-yeghern.jpg","type":"image\/jpeg"}],"author":"Redazione","twitter_card":"summary_large_image","twitter_creator":"@rassegnastampa9","twitter_site":"@rassegnastampa9","twitter_misc":{"Scritto da":"Redazione","Tempo di lettura stimato":"14 minuti"},"schema":{"@context":"https:\/\/schema.org","@graph":[{"@type":"Article","@id":"https:\/\/www.rassegnastampa-totustuus.it\/cattolica\/metz-yeghern-il-grande-male-note-1\/#article","isPartOf":{"@id":"https:\/\/www.rassegnastampa-totustuus.it\/cattolica\/metz-yeghern-il-grande-male-note-1\/"},"author":{"name":"Redazione","@id":"https:\/\/www.rassegnastampa-totustuus.it\/cattolica\/#\/schema\/person\/08f319d2bd1a0904ad9e2bfb7b15e5c3"},"headline":"Metz Yeghern, il Grande Male (note 1)","datePublished":"2010-09-26T19:01:21+00:00","dateModified":"2019-07-05T06:46:47+00:00","mainEntityOfPage":{"@id":"https:\/\/www.rassegnastampa-totustuus.it\/cattolica\/metz-yeghern-il-grande-male-note-1\/"},"wordCount":2869,"publisher":{"@id":"https:\/\/www.rassegnastampa-totustuus.it\/cattolica\/#organization"},"image":{"@id":"https:\/\/www.rassegnastampa-totustuus.it\/cattolica\/metz-yeghern-il-grande-male-note-1\/#primaryimage"},"thumbnailUrl":"https:\/\/www.rassegnastampa-totustuus.it\/cattolica\/wp-content\/uploads\/2005\/11\/metz-yeghern.jpg","keywords":["genocidio armeno","persecuzioni","Turchia"],"articleSection":["Cristiani nell'islam","Cristiani perseguitati","Genocidio armeno","Storia"],"inLanguage":"it-IT"},{"@type":"WebPage","@id":"https:\/\/www.rassegnastampa-totustuus.it\/cattolica\/metz-yeghern-il-grande-male-note-1\/","url":"https:\/\/www.rassegnastampa-totustuus.it\/cattolica\/metz-yeghern-il-grande-male-note-1\/","name":"Metz Yeghern, il Grande Male (note 1) - Rassegna Stampa Cattolica","isPartOf":{"@id":"https:\/\/www.rassegnastampa-totustuus.it\/cattolica\/#website"},"primaryImageOfPage":{"@id":"https:\/\/www.rassegnastampa-totustuus.it\/cattolica\/metz-yeghern-il-grande-male-note-1\/#primaryimage"},"image":{"@id":"https:\/\/www.rassegnastampa-totustuus.it\/cattolica\/metz-yeghern-il-grande-male-note-1\/#primaryimage"},"thumbnailUrl":"https:\/\/www.rassegnastampa-totustuus.it\/cattolica\/wp-content\/uploads\/2005\/11\/metz-yeghern.jpg","datePublished":"2010-09-26T19:01:21+00:00","dateModified":"2019-07-05T06:46:47+00:00","description":"Rassegna Stampa Cattolica - Per una cultura che nasce dalla Rivelazione cristiana in conformit\u00e0 alla tradizione e al Magistero della Chiesa in opposizione ad ogni relativismo e totalitarismo","breadcrumb":{"@id":"https:\/\/www.rassegnastampa-totustuus.it\/cattolica\/metz-yeghern-il-grande-male-note-1\/#breadcrumb"},"inLanguage":"it-IT","potentialAction":[{"@type":"ReadAction","target":["https:\/\/www.rassegnastampa-totustuus.it\/cattolica\/metz-yeghern-il-grande-male-note-1\/"]}]},{"@type":"ImageObject","inLanguage":"it-IT","@id":"https:\/\/www.rassegnastampa-totustuus.it\/cattolica\/metz-yeghern-il-grande-male-note-1\/#primaryimage","url":"https:\/\/www.rassegnastampa-totustuus.it\/cattolica\/wp-content\/uploads\/2005\/11\/metz-yeghern.jpg","contentUrl":"https:\/\/www.rassegnastampa-totustuus.it\/cattolica\/wp-content\/uploads\/2005\/11\/metz-yeghern.jpg","width":275,"height":183},{"@type":"BreadcrumbList","@id":"https:\/\/www.rassegnastampa-totustuus.it\/cattolica\/metz-yeghern-il-grande-male-note-1\/#breadcrumb","itemListElement":[{"@type":"ListItem","position":1,"name":"Home","item":"https:\/\/www.rassegnastampa-totustuus.it\/cattolica\/"},{"@type":"ListItem","position":2,"name":"Metz Yeghern, il Grande Male (note 1)"}]},{"@type":"WebSite","@id":"https:\/\/www.rassegnastampa-totustuus.it\/cattolica\/#website","url":"https:\/\/www.rassegnastampa-totustuus.it\/cattolica\/","name":"Rassegna Stampa Cattolica","description":"Per una cultura che nasce dalla Rivelazione cristiana in conformit\u00e0 alla tradizione e al Magistero della Chiesa in opposizione ad ogni relativismo e totalitarismo","publisher":{"@id":"https:\/\/www.rassegnastampa-totustuus.it\/cattolica\/#organization"},"alternateName":"Rass. Cattolica","potentialAction":[{"@type":"SearchAction","target":{"@type":"EntryPoint","urlTemplate":"https:\/\/www.rassegnastampa-totustuus.it\/cattolica\/?s={search_term_string}"},"query-input":{"@type":"PropertyValueSpecification","valueRequired":true,"valueName":"search_term_string"}}],"inLanguage":"it-IT"},{"@type":"Organization","@id":"https:\/\/www.rassegnastampa-totustuus.it\/cattolica\/#organization","name":"Rassegna Stampa Cattolica","url":"https:\/\/www.rassegnastampa-totustuus.it\/cattolica\/","logo":{"@type":"ImageObject","inLanguage":"it-IT","@id":"https:\/\/www.rassegnastampa-totustuus.it\/cattolica\/#\/schema\/logo\/image\/","url":"https:\/\/www.rassegnastampa-totustuus.it\/cattolica\/wp-content\/uploads\/2014\/04\/logo-rassegna1.gif","contentUrl":"https:\/\/www.rassegnastampa-totustuus.it\/cattolica\/wp-content\/uploads\/2014\/04\/logo-rassegna1.gif","width":600,"height":163,"caption":"Rassegna Stampa Cattolica"},"image":{"@id":"https:\/\/www.rassegnastampa-totustuus.it\/cattolica\/#\/schema\/logo\/image\/"},"sameAs":["https:\/\/www.facebook.com\/rassegnastampacattolica","https:\/\/x.com\/rassegnastampa9"]},{"@type":"Person","@id":"https:\/\/www.rassegnastampa-totustuus.it\/cattolica\/#\/schema\/person\/08f319d2bd1a0904ad9e2bfb7b15e5c3","name":"Redazione","image":{"@type":"ImageObject","inLanguage":"it-IT","@id":"https:\/\/secure.gravatar.com\/avatar\/2fcdf27c78ea025fbdb44e914cc63c72249ffec9dc8aafd5c82b26240ef3f346?s=96&d=mm&r=g","url":"https:\/\/secure.gravatar.com\/avatar\/2fcdf27c78ea025fbdb44e914cc63c72249ffec9dc8aafd5c82b26240ef3f346?s=96&d=mm&r=g","contentUrl":"https:\/\/secure.gravatar.com\/avatar\/2fcdf27c78ea025fbdb44e914cc63c72249ffec9dc8aafd5c82b26240ef3f346?s=96&d=mm&r=g","caption":"Redazione"},"url":"https:\/\/www.rassegnastampa-totustuus.it\/cattolica\/author\/pietroelle\/"}]}},"_links":{"self":[{"href":"https:\/\/www.rassegnastampa-totustuus.it\/cattolica\/wp-json\/wp\/v2\/posts\/4102","targetHints":{"allow":["GET"]}}],"collection":[{"href":"https:\/\/www.rassegnastampa-totustuus.it\/cattolica\/wp-json\/wp\/v2\/posts"}],"about":[{"href":"https:\/\/www.rassegnastampa-totustuus.it\/cattolica\/wp-json\/wp\/v2\/types\/post"}],"author":[{"embeddable":true,"href":"https:\/\/www.rassegnastampa-totustuus.it\/cattolica\/wp-json\/wp\/v2\/users\/6"}],"replies":[{"embeddable":true,"href":"https:\/\/www.rassegnastampa-totustuus.it\/cattolica\/wp-json\/wp\/v2\/comments?post=4102"}],"version-history":[{"count":3,"href":"https:\/\/www.rassegnastampa-totustuus.it\/cattolica\/wp-json\/wp\/v2\/posts\/4102\/revisions"}],"predecessor-version":[{"id":43502,"href":"https:\/\/www.rassegnastampa-totustuus.it\/cattolica\/wp-json\/wp\/v2\/posts\/4102\/revisions\/43502"}],"wp:featuredmedia":[{"embeddable":true,"href":"https:\/\/www.rassegnastampa-totustuus.it\/cattolica\/wp-json\/wp\/v2\/media\/14403"}],"wp:attachment":[{"href":"https:\/\/www.rassegnastampa-totustuus.it\/cattolica\/wp-json\/wp\/v2\/media?parent=4102"}],"wp:term":[{"taxonomy":"category","embeddable":true,"href":"https:\/\/www.rassegnastampa-totustuus.it\/cattolica\/wp-json\/wp\/v2\/categories?post=4102"},{"taxonomy":"post_tag","embeddable":true,"href":"https:\/\/www.rassegnastampa-totustuus.it\/cattolica\/wp-json\/wp\/v2\/tags?post=4102"}],"curies":[{"name":"wp","href":"https:\/\/api.w.org\/{rel}","templated":true}]}}