{"id":4098,"date":"2010-09-23T00:00:00","date_gmt":"2010-09-22T22:00:00","guid":{"rendered":""},"modified":"2015-03-13T11:51:11","modified_gmt":"2015-03-13T10:51:11","slug":"mio-padre-minatore-e-napolitano","status":"publish","type":"post","link":"https:\/\/www.rassegnastampa-totustuus.it\/cattolica\/mio-padre-minatore-e-napolitano\/","title":{"rendered":"Mio padre minatore e Napolitano"},"content":{"rendered":"<div style=\"text-align: center;\"><a href=\"https:\/\/www.rassegnastampa-totustuus.it\/cattolica\/wp-content\/uploads\/2010\/09\/Giorgio-Napolitano.jpg\"><img loading=\"lazy\" decoding=\"async\" class=\"alignleft wp-image-21456 size-full\" src=\"https:\/\/www.rassegnastampa-totustuus.it\/cattolica\/wp-content\/uploads\/2010\/09\/Giorgio-Napolitano.jpg\" alt=\"Giorgio Napolitano\" width=\"228\" height=\"221\" \/><\/a>da \u201c<strong>Libero<\/strong>\u201d 4 settembre 2010<\/div>\n<p style=\"text-align: center;\">di <strong>Antonio Socci<\/strong><\/p>\n<p style=\"text-align: justify;\">Napolitano come autorit\u00e0 morale della nazione? Non mi piace l\u2019idea che viene prospettata sempre pi\u00f9 spesso da giornali e sondaggi e vagheggiata implicitamente pure dal cardinal Bagnasco, a proposito della vicenda di Melfi.<\/p>\n<p style=\"text-align: justify;\">Napolitano \u00e8 un funzionario dello Stato, il primo in quanto presidente della Repubblica. Mi auguro che faccia quel rispettabile mestiere in modo super partes, come un notaio, non come lo sta facendo adesso, vistosamente impegnato a tessere delle sue politiche (per esempio verso la Lega) con modi ovattati e furbi che ricordano la sua precedente vita nel Pci di Togliatti.Riconosco che certe volte si \u00e8 mostrato super partes e non mi pare che sia, dal punto di vista caratteriale, livoroso e ampolloso come il pessimo predecessore Scalfaro. A differenza di costui, Napolitano, essendo ateo, non si ritiene il padreterno. E\u2019 gi\u00e0 qualcosa.<\/p>\n<p style=\"text-align: justify;\"><!--more--><\/p>\n<p style=\"text-align: justify;\">Ma quanto a \u201cpadri della patria\u201d e autorit\u00e0 morali, se permettete, guardo altrove. A Napolitano personalmente preferisco il suo opposto speculare: mio padre, Silvano, che ha passato tutta la vita a \u201ccombattere i Napolitano\u201d.<\/p>\n<p style=\"text-align: justify;\">I due hanno fatto una vita antitetica. Sono nati entrambi nel 1925. Napolitano in una famiglia benestante che lo ha fatto studiare, mio padre in una famiglia di minatori, che a nove anni gli ha fatto lasciare le elementari e lo ha mandato a guadagnarsi il pane.<\/p>\n<p style=\"text-align: justify;\">Nel 1938-39, a 14 anni, Napolitano fu iscritto al liceo classico Umberto I di Napoli e mio padre alle miniere di carbone di Castellina in Chianti.<\/p>\n<p style=\"text-align: justify;\">Nel 1942 Napolitano entrava all\u2019universit\u00e0, facolt\u00e0 di Giurisprudenza, e mio padre, desideroso di studiare, usava il poco tempo fuori della miniera leggendo\u00a0 i libri datigli dal parroco del paese.<\/p>\n<p style=\"text-align: justify;\">In questi anni di guerra Napolitano si iscrive al Guf, il Gruppo universitario fascista, collaborando col settimanale \u201cIX Maggio\u201d. Mentre mio padre approfondisce la sua fede cattolica e comincia a detestare la barbarie della guerra, l\u2019ingiustizia che vede attorno a s\u00e9 e le dittature.<\/p>\n<p style=\"text-align: justify;\">Nel 1945 Napolitano aderisce al Partito Comunista italiano e mio padre prende contatto con la Democrazia cristiana. Nel 1947 Napolitano si laurea e partecipa alle epiche elezioni del 1948, a Napoli, come dirigente del Pci di cui Togliatti \u00e8 il \u201ccommissario\u201d e Stalin il padrone indiscusso.<\/p>\n<p style=\"text-align: justify;\">Mio padre vive quelle elezioni \u2013 decisive per il futuro e la libert\u00e0 dell\u2019Italia \u2013 facendo campagna elettorale per la Dc nella terra pi\u00f9 rossa d\u2019Italia, prendendosi insulti e minacce (che per fortuna rimangono tali dal momento che a vincere \u00e8 la Dc).<\/p>\n<p style=\"text-align: justify;\">Nel 1953 Napolitano viene eletto deputato del Pci e come tutti i dirigenti comunisti che non hanno mai lavorato un giorno in una fabbrica, in un campo o in una miniera pretende di rappresentare i lavoratori italiani e di parlare a nome loro.<\/p>\n<p style=\"text-align: justify;\">Nello stesso anno mio padre, che lavoratore lo era, in un incidente di miniera subisce l\u2019amputazione di una mano e rischia di morire dissanguato (salvato solo dal gelo della notte invernale che ghiacci\u00f2 il sangue e lo ferm\u00f2).<\/p>\n<p style=\"text-align: justify;\">In quel 1953 mor\u00ec Stalin. Il pi\u00f9 sanguinario e longevo dei tiranni aveva soggiogato con i carri armati met\u00e0 Europa e minacciava pure l\u2019Italia, ma il Pci lo faceva venerare alle masse come il pi\u00f9 grande benefattore dell\u2019umanit\u00e0.<\/p>\n<p style=\"text-align: justify;\">Il giorno dopo la sua morte, infatti, il 6 marzo 1953, \u201cl\u2019Unit\u00e0\u201d usc\u00ec con questa monumentale prima pagina: \u201cStalin \u00e8 morto. Gloria eterna all\u2019uomo che pi\u00f9 di tutti ha fatto per la liberazione e per il progresso dell\u2019umanit\u00e0\u201d.<\/p>\n<p style=\"text-align: justify;\">Seguivano pagine e pagine di encomi adoranti. Mio padre che gi\u00e0 nel 1950 era riuscito a procurarsi una copia di \u201cBuio a mezzogiorno\u201d di Arthur Koestler, cercava di spiegare la verit\u00e0 su questo bestiale tiranno a tanti suoi compagni di lavoro, imbrogliati dalla propaganda del Pci, partito complice di Stalin e propalatore in Occidente dalle sue stomachevoli menzogne.<\/p>\n<p style=\"text-align: justify;\">Fior di intellettuali e politici che in quei decenni avevano tutti i mezzi per riconoscere cos\u2019era il comunismo e denunciarne gli abomini\u00a0 (anche perch\u00e9 si recavano in Urss) si rifiutarono di farlo, continuando a prendersi gioco di milioni di lavoratori, a farsi beffe della loro povert\u00e0, dei loro sogni, nutrendoli di odio e di un\u2019ideologia violenta che rubava loro perfino l\u2019anima: la fede in Dio.<\/p>\n<p style=\"text-align: justify;\">Nel 1956 i carri armati sovietici schiacciarono nel sangue il moto di libert\u00e0 dell\u2019Ungheria. Il Pci e l\u2019Unit\u00e0 applaudirono i cingolati del tiranno e condannarono gli operai che chiedevano pane e libert\u00e0 come \u201ccontrorivoluzionari\u201d, \u201cteppisti\u201d e \u201cspregevoli provocatori\u201d.<\/p>\n<p style=\"text-align: justify;\">Napolitano \u2013 che era appena diventato membro del Comitato centrale del Pci per volere di Togliatti \u2013 mentre i cannoni sovietici sparavano fece questa solenne e memorabile dichiarazione: \u201cL\u2019intervento sovietico ha non solo contribuito a impedire che l\u2019Ungheria cadesse nel caos e nella controrivoluzione, ma alla pace nel mondo\u201d.<\/p>\n<p style=\"text-align: justify;\">Passano gli anni e Napolitano diventa uno dei leader pi\u00f9 importanti del Pci, mentre l\u2019Urss delle mummie di Breznev continua a soffocare la libert\u00e0 dovunque, dalla Polonia alla Cecoslovacchia, dal Sud est asiatico all\u2019Africa, all\u2019Afghanistan.<\/p>\n<p style=\"text-align: justify;\">Mio padre, che alla mia nascita era disoccupato per la chiusura delle miniere ed era passato a fare un altro lavoro operaio, dedicher\u00e0 molte energie alla militanza politica (nella Dc contro il Pci), alla militanza sindacale e alle opere di solidariet\u00e0 cattoliche, ma anche alla letteratura e alla pittura.<\/p>\n<p style=\"text-align: justify;\">Da lui, negli anni Settanta, a 14 anni, ho imparato i fondamentali della politica. E quello che fa un uomo degno di questo nome. Scoppia il caso Solzenicyn e leggo un suo pamphlet \u201cVivere senza menzogna\u201d e poi \u201cArcipelago Gulag\u201d. Mio padre me lo indica come un uomo vero.<\/p>\n<p style=\"text-align: justify;\">Al liceo che frequento, pieno di figli di pap\u00e0 di estrema sinistra, lo chiamano invece \u201cfascista\u201d. Per il Pci \u00e8 un reazionario. \u00a0Napolitano sull\u2019Unit\u00e0 definisce \u201caberranti\u201d i giudizi politici del dissidente russo e spiega che esiliarlo era la \u201csoluzione migliore\u201d.<\/p>\n<p style=\"text-align: justify;\">Di errore in errore il Pci di Napolitano continua a professarsi comunista fino a farsi crollare il Muro di Berlino in testa nel 1989. In un Paese normale quando quell\u2019orrore \u00a0\u00e8 sprofondato nella vergogna e il Pci ha dovuto frettolosamente cambiar nome e casacca, tutta la vecchia classe dirigente che aveva condiviso con Togliatti e Longo la complicit\u00e0 con Stalin e l\u2019Urss, avrebbe dovuto scegliere la via dei giardinetti e della pensione. Anche per l\u2019et\u00e0 ormai avanzata.<\/p>\n<p style=\"text-align: justify;\">In Italia accade il contrario. Avendo sbagliato tutto, per tutta la sua vita politica, Napolitano diventa Presidente della Camera nel 1992, ministro dell\u2019Interno con Prodi, senatore a vita nel 2005 grazie a Ciampi e nel 2006 addirittura Presidente della Repubblica italiana.<\/p>\n<p style=\"text-align: justify;\">Mio padre muore nel 2007, in una casa modesta, a causa della miniera che gli ha riempito i polmoni di polvere di carbone che, a distanza di decenni, lo porta a non poter pi\u00f9 respirare.<\/p>\n<p style=\"text-align: justify;\">Mio padre fa parte di quegli uomini a cui si deve la nostra libert\u00e0 e il nostro benessere, ma la loro morte \u2013 come scriveva Eliot \u2013 non viene segnalata dai giornali.<\/p>\n<p style=\"text-align: justify;\">Gli onori invece vanno a coloro che vengono da quel comunismo che per anni ha minacciato la nostra libert\u00e0. Sono questo tipo di uomini a essere considerati autorit\u00e0 morali e padri della nazione.<\/p>\n<p style=\"text-align: justify;\">L\u2019Italia ha avuto il pi\u00f9 forte e pericoloso Pc d\u2019Occidente, che \u00e8 stato una delle grandi sciagure della nostra storia. Ma ancora oggi sembra non si possa dire.<\/p>\n<p style=\"text-align: justify;\">Napolitano \u00e8 il primo Capo dello Stato proveniente dal Pci. E l\u2019Italia \u00e8 l\u2019unico Paese dell\u2019Occidente ad aver fatto una scelta simile. Del resto assai contrastata. Infatti fu eletto da met\u00e0 parlamento, che rappresentava una minoranza degli italiani.<\/p>\n<p style=\"text-align: justify;\">All\u2019inizio sembr\u00f2 tenerlo presente e guadagn\u00f2 consenso tenendosi super partes. Oggi assai meno. Il protagonismo politico di Napolitano si fa sempre pi\u00f9 evidente. E arrivano anche sermoni moraleggianti e richiami da padre della Patria.<\/p>\n<p style=\"text-align: justify;\">Vorrei dirgli: no grazie, ce li risparmi. Abbiamo altri padri.<\/p>\n","protected":false},"excerpt":{"rendered":"<p>da \u201cLibero\u201d 4 settembre 2010 di Antonio Socci Napolitano come autorit\u00e0 morale della nazione? Non mi piace l\u2019idea che viene prospettata sempre pi\u00f9 spesso da giornali e sondaggi e vagheggiata implicitamente pure dal cardinal Bagnasco, a proposito della vicenda di Melfi. Napolitano \u00e8 un funzionario dello Stato, il primo in quanto presidente della Repubblica. Mi &hellip; <\/p>\n<p><a class=\"more-link btn\" href=\"https:\/\/www.rassegnastampa-totustuus.it\/cattolica\/mio-padre-minatore-e-napolitano\/\">Continua a leggere<\/a><\/p>\n","protected":false},"author":6,"featured_media":21456,"comment_status":"closed","ping_status":"open","sticky":false,"template":"","format":"standard","meta":{"footnotes":""},"categories":[82,20],"tags":[1839,1838],"class_list":["post-4098","post","type-post","status-publish","format-standard","has-post-thumbnail","hentry","category-comunismo-in-italia","category-politica-nazionale","tag-giorgio-napolitano","tag-presidente-della-repubblica","item-wrap"],"yoast_head":"<!-- This site is optimized with the Yoast SEO plugin v27.4 - https:\/\/yoast.com\/product\/yoast-seo-wordpress\/ -->\n<title>Mio padre minatore e Napolitano - Rassegna Stampa Cattolica<\/title>\n<meta name=\"description\" content=\"Rassegna Stampa Cattolica - Per una cultura che nasce dalla Rivelazione cristiana in conformit\u00e0 alla tradizione e al Magistero della Chiesa in opposizione ad ogni relativismo e totalitarismo\" \/>\n<meta name=\"robots\" content=\"index, follow, max-snippet:-1, max-image-preview:large, max-video-preview:-1\" \/>\n<link rel=\"canonical\" href=\"https:\/\/www.rassegnastampa-totustuus.it\/cattolica\/mio-padre-minatore-e-napolitano\/\" \/>\n<meta property=\"og:locale\" content=\"it_IT\" \/>\n<meta property=\"og:type\" content=\"article\" \/>\n<meta property=\"og:title\" content=\"Mio padre minatore e Napolitano - Rassegna Stampa Cattolica\" \/>\n<meta property=\"og:description\" content=\"Rassegna Stampa Cattolica - Per una cultura che nasce dalla Rivelazione cristiana in conformit\u00e0 alla tradizione e al Magistero della Chiesa in opposizione ad ogni relativismo e totalitarismo\" \/>\n<meta property=\"og:url\" content=\"https:\/\/www.rassegnastampa-totustuus.it\/cattolica\/mio-padre-minatore-e-napolitano\/\" \/>\n<meta property=\"og:site_name\" content=\"Rassegna Stampa Cattolica\" \/>\n<meta property=\"article:publisher\" content=\"https:\/\/www.facebook.com\/rassegnastampacattolica\" \/>\n<meta property=\"article:published_time\" content=\"2010-09-22T22:00:00+00:00\" \/>\n<meta property=\"article:modified_time\" content=\"2015-03-13T10:51:11+00:00\" \/>\n<meta property=\"og:image\" content=\"https:\/\/www.rassegnastampa-totustuus.it\/cattolica\/wp-content\/uploads\/2010\/09\/Giorgio-Napolitano.jpg\" \/>\n\t<meta property=\"og:image:width\" content=\"228\" \/>\n\t<meta property=\"og:image:height\" content=\"221\" \/>\n\t<meta property=\"og:image:type\" content=\"image\/jpeg\" \/>\n<meta name=\"author\" content=\"Redazione\" \/>\n<meta name=\"twitter:card\" content=\"summary_large_image\" \/>\n<meta name=\"twitter:creator\" content=\"@rassegnastampa9\" \/>\n<meta name=\"twitter:site\" content=\"@rassegnastampa9\" \/>\n<meta name=\"twitter:label1\" content=\"Scritto da\" \/>\n\t<meta name=\"twitter:data1\" content=\"Redazione\" \/>\n\t<meta name=\"twitter:label2\" content=\"Tempo di lettura stimato\" \/>\n\t<meta name=\"twitter:data2\" content=\"6 minuti\" \/>\n<script type=\"application\/ld+json\" class=\"yoast-schema-graph\">{\"@context\":\"https:\\\/\\\/schema.org\",\"@graph\":[{\"@type\":\"Article\",\"@id\":\"https:\\\/\\\/www.rassegnastampa-totustuus.it\\\/cattolica\\\/mio-padre-minatore-e-napolitano\\\/#article\",\"isPartOf\":{\"@id\":\"https:\\\/\\\/www.rassegnastampa-totustuus.it\\\/cattolica\\\/mio-padre-minatore-e-napolitano\\\/\"},\"author\":{\"name\":\"Redazione\",\"@id\":\"https:\\\/\\\/www.rassegnastampa-totustuus.it\\\/cattolica\\\/#\\\/schema\\\/person\\\/08f319d2bd1a0904ad9e2bfb7b15e5c3\"},\"headline\":\"Mio padre minatore e Napolitano\",\"datePublished\":\"2010-09-22T22:00:00+00:00\",\"dateModified\":\"2015-03-13T10:51:11+00:00\",\"mainEntityOfPage\":{\"@id\":\"https:\\\/\\\/www.rassegnastampa-totustuus.it\\\/cattolica\\\/mio-padre-minatore-e-napolitano\\\/\"},\"wordCount\":1282,\"publisher\":{\"@id\":\"https:\\\/\\\/www.rassegnastampa-totustuus.it\\\/cattolica\\\/#organization\"},\"image\":{\"@id\":\"https:\\\/\\\/www.rassegnastampa-totustuus.it\\\/cattolica\\\/mio-padre-minatore-e-napolitano\\\/#primaryimage\"},\"thumbnailUrl\":\"https:\\\/\\\/www.rassegnastampa-totustuus.it\\\/cattolica\\\/wp-content\\\/uploads\\\/2010\\\/09\\\/Giorgio-Napolitano.jpg\",\"keywords\":[\"Giorgio Napolitano\",\"Presidente della repubblica\"],\"articleSection\":[\"Comunismo in Italia\",\"Politica nazionale\"],\"inLanguage\":\"it-IT\"},{\"@type\":\"WebPage\",\"@id\":\"https:\\\/\\\/www.rassegnastampa-totustuus.it\\\/cattolica\\\/mio-padre-minatore-e-napolitano\\\/\",\"url\":\"https:\\\/\\\/www.rassegnastampa-totustuus.it\\\/cattolica\\\/mio-padre-minatore-e-napolitano\\\/\",\"name\":\"Mio padre minatore e Napolitano - Rassegna Stampa Cattolica\",\"isPartOf\":{\"@id\":\"https:\\\/\\\/www.rassegnastampa-totustuus.it\\\/cattolica\\\/#website\"},\"primaryImageOfPage\":{\"@id\":\"https:\\\/\\\/www.rassegnastampa-totustuus.it\\\/cattolica\\\/mio-padre-minatore-e-napolitano\\\/#primaryimage\"},\"image\":{\"@id\":\"https:\\\/\\\/www.rassegnastampa-totustuus.it\\\/cattolica\\\/mio-padre-minatore-e-napolitano\\\/#primaryimage\"},\"thumbnailUrl\":\"https:\\\/\\\/www.rassegnastampa-totustuus.it\\\/cattolica\\\/wp-content\\\/uploads\\\/2010\\\/09\\\/Giorgio-Napolitano.jpg\",\"datePublished\":\"2010-09-22T22:00:00+00:00\",\"dateModified\":\"2015-03-13T10:51:11+00:00\",\"description\":\"Rassegna Stampa Cattolica - Per una cultura che nasce dalla Rivelazione cristiana in conformit\u00e0 alla tradizione e al Magistero della Chiesa in opposizione ad ogni relativismo e totalitarismo\",\"breadcrumb\":{\"@id\":\"https:\\\/\\\/www.rassegnastampa-totustuus.it\\\/cattolica\\\/mio-padre-minatore-e-napolitano\\\/#breadcrumb\"},\"inLanguage\":\"it-IT\",\"potentialAction\":[{\"@type\":\"ReadAction\",\"target\":[\"https:\\\/\\\/www.rassegnastampa-totustuus.it\\\/cattolica\\\/mio-padre-minatore-e-napolitano\\\/\"]}]},{\"@type\":\"ImageObject\",\"inLanguage\":\"it-IT\",\"@id\":\"https:\\\/\\\/www.rassegnastampa-totustuus.it\\\/cattolica\\\/mio-padre-minatore-e-napolitano\\\/#primaryimage\",\"url\":\"https:\\\/\\\/www.rassegnastampa-totustuus.it\\\/cattolica\\\/wp-content\\\/uploads\\\/2010\\\/09\\\/Giorgio-Napolitano.jpg\",\"contentUrl\":\"https:\\\/\\\/www.rassegnastampa-totustuus.it\\\/cattolica\\\/wp-content\\\/uploads\\\/2010\\\/09\\\/Giorgio-Napolitano.jpg\",\"width\":228,\"height\":221,\"caption\":\"Giorgio Napolitano il comunista\"},{\"@type\":\"BreadcrumbList\",\"@id\":\"https:\\\/\\\/www.rassegnastampa-totustuus.it\\\/cattolica\\\/mio-padre-minatore-e-napolitano\\\/#breadcrumb\",\"itemListElement\":[{\"@type\":\"ListItem\",\"position\":1,\"name\":\"Home\",\"item\":\"https:\\\/\\\/www.rassegnastampa-totustuus.it\\\/cattolica\\\/\"},{\"@type\":\"ListItem\",\"position\":2,\"name\":\"Mio padre minatore e Napolitano\"}]},{\"@type\":\"WebSite\",\"@id\":\"https:\\\/\\\/www.rassegnastampa-totustuus.it\\\/cattolica\\\/#website\",\"url\":\"https:\\\/\\\/www.rassegnastampa-totustuus.it\\\/cattolica\\\/\",\"name\":\"Rassegna Stampa Cattolica\",\"description\":\"Per una cultura che nasce dalla Rivelazione cristiana in conformit\u00e0 alla tradizione e al Magistero della Chiesa in opposizione ad ogni relativismo e totalitarismo\",\"publisher\":{\"@id\":\"https:\\\/\\\/www.rassegnastampa-totustuus.it\\\/cattolica\\\/#organization\"},\"alternateName\":\"Rass. Cattolica\",\"potentialAction\":[{\"@type\":\"SearchAction\",\"target\":{\"@type\":\"EntryPoint\",\"urlTemplate\":\"https:\\\/\\\/www.rassegnastampa-totustuus.it\\\/cattolica\\\/?s={search_term_string}\"},\"query-input\":{\"@type\":\"PropertyValueSpecification\",\"valueRequired\":true,\"valueName\":\"search_term_string\"}}],\"inLanguage\":\"it-IT\"},{\"@type\":\"Organization\",\"@id\":\"https:\\\/\\\/www.rassegnastampa-totustuus.it\\\/cattolica\\\/#organization\",\"name\":\"Rassegna Stampa Cattolica\",\"url\":\"https:\\\/\\\/www.rassegnastampa-totustuus.it\\\/cattolica\\\/\",\"logo\":{\"@type\":\"ImageObject\",\"inLanguage\":\"it-IT\",\"@id\":\"https:\\\/\\\/www.rassegnastampa-totustuus.it\\\/cattolica\\\/#\\\/schema\\\/logo\\\/image\\\/\",\"url\":\"https:\\\/\\\/www.rassegnastampa-totustuus.it\\\/cattolica\\\/wp-content\\\/uploads\\\/2014\\\/04\\\/logo-rassegna1.gif\",\"contentUrl\":\"https:\\\/\\\/www.rassegnastampa-totustuus.it\\\/cattolica\\\/wp-content\\\/uploads\\\/2014\\\/04\\\/logo-rassegna1.gif\",\"width\":600,\"height\":163,\"caption\":\"Rassegna Stampa Cattolica\"},\"image\":{\"@id\":\"https:\\\/\\\/www.rassegnastampa-totustuus.it\\\/cattolica\\\/#\\\/schema\\\/logo\\\/image\\\/\"},\"sameAs\":[\"https:\\\/\\\/www.facebook.com\\\/rassegnastampacattolica\",\"https:\\\/\\\/x.com\\\/rassegnastampa9\"]},{\"@type\":\"Person\",\"@id\":\"https:\\\/\\\/www.rassegnastampa-totustuus.it\\\/cattolica\\\/#\\\/schema\\\/person\\\/08f319d2bd1a0904ad9e2bfb7b15e5c3\",\"name\":\"Redazione\",\"image\":{\"@type\":\"ImageObject\",\"inLanguage\":\"it-IT\",\"@id\":\"https:\\\/\\\/secure.gravatar.com\\\/avatar\\\/2fcdf27c78ea025fbdb44e914cc63c72249ffec9dc8aafd5c82b26240ef3f346?s=96&d=mm&r=g\",\"url\":\"https:\\\/\\\/secure.gravatar.com\\\/avatar\\\/2fcdf27c78ea025fbdb44e914cc63c72249ffec9dc8aafd5c82b26240ef3f346?s=96&d=mm&r=g\",\"contentUrl\":\"https:\\\/\\\/secure.gravatar.com\\\/avatar\\\/2fcdf27c78ea025fbdb44e914cc63c72249ffec9dc8aafd5c82b26240ef3f346?s=96&d=mm&r=g\",\"caption\":\"Redazione\"},\"url\":\"https:\\\/\\\/www.rassegnastampa-totustuus.it\\\/cattolica\\\/author\\\/pietroelle\\\/\"}]}<\/script>\n<!-- \/ Yoast SEO plugin. -->","yoast_head_json":{"title":"Mio padre minatore e Napolitano - Rassegna Stampa Cattolica","description":"Rassegna Stampa Cattolica - Per una cultura che nasce dalla Rivelazione cristiana in conformit\u00e0 alla tradizione e al Magistero della Chiesa in opposizione ad ogni relativismo e totalitarismo","robots":{"index":"index","follow":"follow","max-snippet":"max-snippet:-1","max-image-preview":"max-image-preview:large","max-video-preview":"max-video-preview:-1"},"canonical":"https:\/\/www.rassegnastampa-totustuus.it\/cattolica\/mio-padre-minatore-e-napolitano\/","og_locale":"it_IT","og_type":"article","og_title":"Mio padre minatore e Napolitano - Rassegna Stampa Cattolica","og_description":"Rassegna Stampa Cattolica - Per una cultura che nasce dalla Rivelazione cristiana in conformit\u00e0 alla tradizione e al Magistero della Chiesa in opposizione ad ogni relativismo e totalitarismo","og_url":"https:\/\/www.rassegnastampa-totustuus.it\/cattolica\/mio-padre-minatore-e-napolitano\/","og_site_name":"Rassegna Stampa Cattolica","article_publisher":"https:\/\/www.facebook.com\/rassegnastampacattolica","article_published_time":"2010-09-22T22:00:00+00:00","article_modified_time":"2015-03-13T10:51:11+00:00","og_image":[{"width":228,"height":221,"url":"https:\/\/www.rassegnastampa-totustuus.it\/cattolica\/wp-content\/uploads\/2010\/09\/Giorgio-Napolitano.jpg","type":"image\/jpeg"}],"author":"Redazione","twitter_card":"summary_large_image","twitter_creator":"@rassegnastampa9","twitter_site":"@rassegnastampa9","twitter_misc":{"Scritto da":"Redazione","Tempo di lettura stimato":"6 minuti"},"schema":{"@context":"https:\/\/schema.org","@graph":[{"@type":"Article","@id":"https:\/\/www.rassegnastampa-totustuus.it\/cattolica\/mio-padre-minatore-e-napolitano\/#article","isPartOf":{"@id":"https:\/\/www.rassegnastampa-totustuus.it\/cattolica\/mio-padre-minatore-e-napolitano\/"},"author":{"name":"Redazione","@id":"https:\/\/www.rassegnastampa-totustuus.it\/cattolica\/#\/schema\/person\/08f319d2bd1a0904ad9e2bfb7b15e5c3"},"headline":"Mio padre minatore e Napolitano","datePublished":"2010-09-22T22:00:00+00:00","dateModified":"2015-03-13T10:51:11+00:00","mainEntityOfPage":{"@id":"https:\/\/www.rassegnastampa-totustuus.it\/cattolica\/mio-padre-minatore-e-napolitano\/"},"wordCount":1282,"publisher":{"@id":"https:\/\/www.rassegnastampa-totustuus.it\/cattolica\/#organization"},"image":{"@id":"https:\/\/www.rassegnastampa-totustuus.it\/cattolica\/mio-padre-minatore-e-napolitano\/#primaryimage"},"thumbnailUrl":"https:\/\/www.rassegnastampa-totustuus.it\/cattolica\/wp-content\/uploads\/2010\/09\/Giorgio-Napolitano.jpg","keywords":["Giorgio Napolitano","Presidente della repubblica"],"articleSection":["Comunismo in Italia","Politica nazionale"],"inLanguage":"it-IT"},{"@type":"WebPage","@id":"https:\/\/www.rassegnastampa-totustuus.it\/cattolica\/mio-padre-minatore-e-napolitano\/","url":"https:\/\/www.rassegnastampa-totustuus.it\/cattolica\/mio-padre-minatore-e-napolitano\/","name":"Mio padre minatore e Napolitano - Rassegna Stampa Cattolica","isPartOf":{"@id":"https:\/\/www.rassegnastampa-totustuus.it\/cattolica\/#website"},"primaryImageOfPage":{"@id":"https:\/\/www.rassegnastampa-totustuus.it\/cattolica\/mio-padre-minatore-e-napolitano\/#primaryimage"},"image":{"@id":"https:\/\/www.rassegnastampa-totustuus.it\/cattolica\/mio-padre-minatore-e-napolitano\/#primaryimage"},"thumbnailUrl":"https:\/\/www.rassegnastampa-totustuus.it\/cattolica\/wp-content\/uploads\/2010\/09\/Giorgio-Napolitano.jpg","datePublished":"2010-09-22T22:00:00+00:00","dateModified":"2015-03-13T10:51:11+00:00","description":"Rassegna Stampa Cattolica - Per una cultura che nasce dalla Rivelazione cristiana in conformit\u00e0 alla tradizione e al Magistero della Chiesa in opposizione ad ogni relativismo e totalitarismo","breadcrumb":{"@id":"https:\/\/www.rassegnastampa-totustuus.it\/cattolica\/mio-padre-minatore-e-napolitano\/#breadcrumb"},"inLanguage":"it-IT","potentialAction":[{"@type":"ReadAction","target":["https:\/\/www.rassegnastampa-totustuus.it\/cattolica\/mio-padre-minatore-e-napolitano\/"]}]},{"@type":"ImageObject","inLanguage":"it-IT","@id":"https:\/\/www.rassegnastampa-totustuus.it\/cattolica\/mio-padre-minatore-e-napolitano\/#primaryimage","url":"https:\/\/www.rassegnastampa-totustuus.it\/cattolica\/wp-content\/uploads\/2010\/09\/Giorgio-Napolitano.jpg","contentUrl":"https:\/\/www.rassegnastampa-totustuus.it\/cattolica\/wp-content\/uploads\/2010\/09\/Giorgio-Napolitano.jpg","width":228,"height":221,"caption":"Giorgio Napolitano il comunista"},{"@type":"BreadcrumbList","@id":"https:\/\/www.rassegnastampa-totustuus.it\/cattolica\/mio-padre-minatore-e-napolitano\/#breadcrumb","itemListElement":[{"@type":"ListItem","position":1,"name":"Home","item":"https:\/\/www.rassegnastampa-totustuus.it\/cattolica\/"},{"@type":"ListItem","position":2,"name":"Mio padre minatore e Napolitano"}]},{"@type":"WebSite","@id":"https:\/\/www.rassegnastampa-totustuus.it\/cattolica\/#website","url":"https:\/\/www.rassegnastampa-totustuus.it\/cattolica\/","name":"Rassegna Stampa Cattolica","description":"Per una cultura che nasce dalla Rivelazione cristiana in conformit\u00e0 alla tradizione e al Magistero della Chiesa in opposizione ad ogni relativismo e totalitarismo","publisher":{"@id":"https:\/\/www.rassegnastampa-totustuus.it\/cattolica\/#organization"},"alternateName":"Rass. Cattolica","potentialAction":[{"@type":"SearchAction","target":{"@type":"EntryPoint","urlTemplate":"https:\/\/www.rassegnastampa-totustuus.it\/cattolica\/?s={search_term_string}"},"query-input":{"@type":"PropertyValueSpecification","valueRequired":true,"valueName":"search_term_string"}}],"inLanguage":"it-IT"},{"@type":"Organization","@id":"https:\/\/www.rassegnastampa-totustuus.it\/cattolica\/#organization","name":"Rassegna Stampa Cattolica","url":"https:\/\/www.rassegnastampa-totustuus.it\/cattolica\/","logo":{"@type":"ImageObject","inLanguage":"it-IT","@id":"https:\/\/www.rassegnastampa-totustuus.it\/cattolica\/#\/schema\/logo\/image\/","url":"https:\/\/www.rassegnastampa-totustuus.it\/cattolica\/wp-content\/uploads\/2014\/04\/logo-rassegna1.gif","contentUrl":"https:\/\/www.rassegnastampa-totustuus.it\/cattolica\/wp-content\/uploads\/2014\/04\/logo-rassegna1.gif","width":600,"height":163,"caption":"Rassegna Stampa Cattolica"},"image":{"@id":"https:\/\/www.rassegnastampa-totustuus.it\/cattolica\/#\/schema\/logo\/image\/"},"sameAs":["https:\/\/www.facebook.com\/rassegnastampacattolica","https:\/\/x.com\/rassegnastampa9"]},{"@type":"Person","@id":"https:\/\/www.rassegnastampa-totustuus.it\/cattolica\/#\/schema\/person\/08f319d2bd1a0904ad9e2bfb7b15e5c3","name":"Redazione","image":{"@type":"ImageObject","inLanguage":"it-IT","@id":"https:\/\/secure.gravatar.com\/avatar\/2fcdf27c78ea025fbdb44e914cc63c72249ffec9dc8aafd5c82b26240ef3f346?s=96&d=mm&r=g","url":"https:\/\/secure.gravatar.com\/avatar\/2fcdf27c78ea025fbdb44e914cc63c72249ffec9dc8aafd5c82b26240ef3f346?s=96&d=mm&r=g","contentUrl":"https:\/\/secure.gravatar.com\/avatar\/2fcdf27c78ea025fbdb44e914cc63c72249ffec9dc8aafd5c82b26240ef3f346?s=96&d=mm&r=g","caption":"Redazione"},"url":"https:\/\/www.rassegnastampa-totustuus.it\/cattolica\/author\/pietroelle\/"}]}},"_links":{"self":[{"href":"https:\/\/www.rassegnastampa-totustuus.it\/cattolica\/wp-json\/wp\/v2\/posts\/4098","targetHints":{"allow":["GET"]}}],"collection":[{"href":"https:\/\/www.rassegnastampa-totustuus.it\/cattolica\/wp-json\/wp\/v2\/posts"}],"about":[{"href":"https:\/\/www.rassegnastampa-totustuus.it\/cattolica\/wp-json\/wp\/v2\/types\/post"}],"author":[{"embeddable":true,"href":"https:\/\/www.rassegnastampa-totustuus.it\/cattolica\/wp-json\/wp\/v2\/users\/6"}],"replies":[{"embeddable":true,"href":"https:\/\/www.rassegnastampa-totustuus.it\/cattolica\/wp-json\/wp\/v2\/comments?post=4098"}],"version-history":[{"count":3,"href":"https:\/\/www.rassegnastampa-totustuus.it\/cattolica\/wp-json\/wp\/v2\/posts\/4098\/revisions"}],"predecessor-version":[{"id":21457,"href":"https:\/\/www.rassegnastampa-totustuus.it\/cattolica\/wp-json\/wp\/v2\/posts\/4098\/revisions\/21457"}],"wp:featuredmedia":[{"embeddable":true,"href":"https:\/\/www.rassegnastampa-totustuus.it\/cattolica\/wp-json\/wp\/v2\/media\/21456"}],"wp:attachment":[{"href":"https:\/\/www.rassegnastampa-totustuus.it\/cattolica\/wp-json\/wp\/v2\/media?parent=4098"}],"wp:term":[{"taxonomy":"category","embeddable":true,"href":"https:\/\/www.rassegnastampa-totustuus.it\/cattolica\/wp-json\/wp\/v2\/categories?post=4098"},{"taxonomy":"post_tag","embeddable":true,"href":"https:\/\/www.rassegnastampa-totustuus.it\/cattolica\/wp-json\/wp\/v2\/tags?post=4098"}],"curies":[{"name":"wp","href":"https:\/\/api.w.org\/{rel}","templated":true}]}}