{"id":40943,"date":"2018-09-12T00:00:06","date_gmt":"2018-09-11T22:00:06","guid":{"rendered":"http:\/\/www.rassegnastampa-totustuus.it\/cattolica\/?p=40943"},"modified":"2018-09-10T09:14:15","modified_gmt":"2018-09-10T07:14:15","slug":"verita-e-pregiudizi-la-leggenda-nera-degli-imperi","status":"publish","type":"post","link":"https:\/\/www.rassegnastampa-totustuus.it\/cattolica\/verita-e-pregiudizi-la-leggenda-nera-degli-imperi\/","title":{"rendered":"Verit\u00e0 e pregiudizi. La leggenda nera degli imperi"},"content":{"rendered":"<div id=\"attachment_40944\" style=\"width: 250px\" class=\"wp-caption alignright\"><a href=\"https:\/\/www.rassegnastampa-totustuus.it\/cattolica\/wp-content\/uploads\/2018\/08\/Elvira_Roca_Barea.jpg\"><img loading=\"lazy\" decoding=\"async\" aria-describedby=\"caption-attachment-40944\" class=\"wp-image-40944\" src=\"https:\/\/www.rassegnastampa-totustuus.it\/cattolica\/wp-content\/uploads\/2018\/08\/Elvira_Roca_Barea.jpg\" alt=\"\" width=\"250\" height=\"189\" \/><\/a><p id=\"caption-attachment-40944\" class=\"wp-caption-text\">Elvira Roca Barea<\/p><\/div>\n<p style=\"text-align: center;\"><strong>Avvenire<\/strong> Mercoled\u00ec 29 Agosto 2018<\/p>\n<p style=\"text-align: justify;\"><em>La medievista spagnola Elvira Roca Barea contro la pubblicistica antimperialista: \u00abAl di l\u00e0 degli stereotipi, le grandio opere civili, gli scambi culturali o i periodi di crescita demografica sono stati spesso conseguenza delle espansioni imperiali\u00bb<\/em><\/p>\n<p style=\"text-align: center;\">di <strong>Leonardo Servadio<\/strong><\/p>\n<p><!--more--><\/p>\n<p style=\"text-align: justify;\">Ho sempre avuto il dubbio che vi fosse qualche assonanza tra le critiche mosse all&#8217;impero romano e a quello spagnolo, e lo interpretavo come conseguenza al malcontento dei poteri locali verso quelli globali. Poi, quando nel 2001 andai negli Stati Uniti, poco dopo l&#8217;attentato alle Torri Gemelle, notai anche l\u00ec un atteggiamento simile: di fronte all&#8217;attacco terroristico si levavano voci di autocritica. Mi resi conto che c&#8217;\u00e8 una componente psicologica importante, un senso di colpa che attribuisco alla responsabilit\u00e0 che i popoli imperiali maturano verso coloro sui quali esercitano il loro influsso\u00bb.<\/p>\n<p style=\"text-align: justify;\"><a href=\"https:\/\/www.rassegnastampa-totustuus.it\/cattolica\/wp-content\/uploads\/2018\/08\/Roca_Barea_cover.jpg\"><img loading=\"lazy\" decoding=\"async\" class=\"wp-image-40945 alignleft\" src=\"https:\/\/www.rassegnastampa-totustuus.it\/cattolica\/wp-content\/uploads\/2018\/08\/Roca_Barea_cover.jpg\" alt=\"\" width=\"132\" height=\"200\" \/><\/a>E cos\u00ec Elvira Roca Barea, storica medievista, docente a Malaga, decise di scrivere Imperiofobia y Leyenda Negra, libro che decisamente si scosta dalla pubblicistica antimperialista dominante che da quando due anni fa \u00e8 uscito Spagna ha riscontrato un enorme successo (ma ha anche ricevuto critiche).<\/p>\n<p style=\"text-align: justify;\">\u00abTutti parlano male degli imperi, ma in realt\u00e0 le grandi opere civili e gli scambi culturali spesso sono portati avanti proprio da questi. I periodi di crescita demografica, lo si vede nella storia, sono conseguenti alle espansioni imperiali. Eppure tutti gli imperi hanno la loro &#8220;leggenda nera&#8221;. Questa per la Spagna ha dato luogo a una cultura che non solo dura tuttora ma \u00e8 diffusa anche da noi. E da questa deriva anche lo stereotipo dei popoli del nord migliori, pi\u00f9 precisi, lavoratori, onesti, ecc., mentre noi del sud saremmo indolenti, poco affidabili, truffaldini, ecc.\u00bb.<\/p>\n<p style=\"text-align: justify;\"><strong>Ma ora siamo in un&#8217;epoca di globalizzazione, che deriva in gran parte dal\u00adl&#8217;impero britannico&#8230;<\/strong><\/p>\n<p style=\"text-align: justify;\">\u00abAnche questa \u00e8 una visione preconcetta. La prima globalizzazione avvenne con l&#8217;impero ispanico. Fu Magellano il primo a circumnavigare il globo e ad aprire nuove rotte commerciali con l&#8217;Asia. Dopo di che si stabil\u00ec quel che \u00e8 noto come il &#8220;galeone di Manila&#8221;, il regolare servizio marittimo tra le Filippine e il Centro America attraverso il Pacifico, che dur\u00f2 fin quando il Messico non si rese indipendente. Da quella rotta giunsero in Europa molte mercanzie nuove come, per dire, i ventagli o i coralli. Era l&#8217;epoca di Filippo II\u00bb.<\/p>\n<p style=\"text-align: justify;\"><strong>E delle guerre di religione&#8230;<\/strong><\/p>\n<p style=\"text-align: justify;\">\u00abA causa delle quali si afferm\u00f2 la cattiva fama non solo di noi spagnoli, ma di tutti i popoli del sud. Max Weber, per esempio, senza alcun ritegno parla di voi italiani come di un popolo di incapaci, irrimediabilmente condannati al sottosviluppo. L&#8217;idea che il sud sia moralmente inferiore per lui \u00e8 un assioma. \u00c8 un pregiudizio radicato nelle culture nordiche, e fu diffuso proprio all&#8217;epoca delle guerre di religione. Perch\u00e9 queste furono condotte da principi centroeuropei contro l&#8217;impero spagnolo, che era considerato come l&#8217;espressione massima dei popoli del sud, nonch\u00e9 della loro religione\u00bb.<\/p>\n<p style=\"text-align: justify;\"><strong>Be&#8217; ma scontri tra confinanti ci son sempre stati&#8230;<\/strong><\/p>\n<p style=\"text-align: justify;\"><a href=\"https:\/\/www.rassegnastampa-totustuus.it\/cattolica\/wp-content\/uploads\/2014\/08\/Lutero.jpg\"><img loading=\"lazy\" decoding=\"async\" class=\"wp-image-9395 alignright\" src=\"https:\/\/www.rassegnastampa-totustuus.it\/cattolica\/wp-content\/uploads\/2014\/08\/Lutero.jpg\" alt=\"\" width=\"164\" height=\"200\" \/><\/a>\u00abQuesta \u00e8 un&#8217;altra faccenda. Le correnti protestanti diedero vita a una vera e propria teologia della superiorit\u00e0 morale nordica, perch\u00e9 il protestantesimo nasce come religione nazionale, non universale: di un preciso popolo, non di tutti i popoli. Non a caso fu a conseguenza delle guerre di religione che fu introdotto il principio &#8220;cuius regio eius religio&#8221;. La storiografia lo accetta come fondamento della sovranit\u00e0 nazionale, ma in realt\u00e0 \u00e8 la base sulla quale il mondo protestante afferma il controllo del potere politico sulla religione, che cos\u00ec diviene strumento di potere. Tuttora in Gran Bretagna il capo della chiesa \u00e8 la regina; in Danimarca la situazione \u00e8 simile; in Nor\u00advegia solo nel 1912 si previde che il re cessasse di essere capo della chiesa. E con le riforme protestanti vi furono ovunque appropriazioni dei beni della Chiesa Cattolica: a impinguare i patrimoni dei regnanti, non dei popoli\u00bb.<\/p>\n<p style=\"text-align: justify;\">\u00abSul piano ideologico i nazionalismi ne furono esasperati e, per conseguenza, il razzismo. In una mostra che ho organizzata recentemente a Madrid, Martin Lutero y su mundo (Espacio Miguel Delibes di Alcobendas, in autunno sar\u00e0 a Malaga e a Siviglia) ho presentato diversi documenti dell&#8217;epoca che mostrano il volto razzista di Lutero. L&#8217;autore delle 95 tesi avrebbe voluto bruciare tutte le sinagoghe: lo scrive in Degli Ebrei e delle loro menzogne (1543). Tanto che i nazisti usarono la sua effigie in un loro manifesto\u00bb.<\/p>\n<p style=\"text-align: justify;\">\u00abIl nazionalismo spinto porta sempre a guardare all&#8217;altro come a un nemico da sopprimere; Lutero e i vari movimenti protestanti andarono in questa direzione e il loro cavallo di battaglia fu una propaganda violenta e mirata contro i cattolici. Al tempo della Riforma distribuirono circa 3 mila diversi volantini contro i cattolici, che risposero solo con 280 pubblicazioni. Nei primi si usava l&#8217;insulto, con vignette in cui Lutero era ritratto nell&#8217;atto di defecare sul papa; nelle seconde invece si argomentava pacatamente\u00bb<\/p>\n<p style=\"text-align: justify;\"><strong>Il mondo cattolico non si difendeva?<\/strong><\/p>\n<p style=\"text-align: justify;\"><a href=\"https:\/\/www.rassegnastampa-totustuus.it\/cattolica\/wp-content\/uploads\/2005\/09\/Strage_SBartolomeo.jpg\"><img loading=\"lazy\" decoding=\"async\" class=\"alignleft wp-image-33274\" src=\"https:\/\/www.rassegnastampa-totustuus.it\/cattolica\/wp-content\/uploads\/2005\/09\/Strage_SBartolomeo.jpg\" alt=\"\" width=\"250\" height=\"183\" \/><\/a>\u00abI protestanti dovevano affermarsi togliendo aria ai cattolici. La Chiesa cattolica invece si limitava a riaffermare le proprie idee\u00bb.<\/p>\n<p style=\"text-align: justify;\"><strong>Parlando di propaganda, nel suo libro dice che fu Hearst, il magnate della stampa, che organizz\u00f2 la guerra statunitense contro Cuba, l&#8217;ultimo territorio spagnolo di oltremare\u2026<\/strong><\/p>\n<p style=\"text-align: justify;\">\u00abGli statunitensi non volevano quella guerra. Ci fu un incidente navale e la campagna di stampa lo fece passare per un attacco spagnolo. Alcuni decenni prima gli Stati Uniti con grande facilit\u00e0 avevano invaso il Messico, rimasto disorganizzato dopo l&#8217;indipendenza, e tra il 1846 e il 1948 avevano conquistato il 52 percento del suo territorio. Poi imposero la legge del silenzio: il mondo ispanico era inesistente. \u00c8 significativo che un giornalista, Charles E Lummis, compiendo un viaggio a cavallo da Cincinnati a Los Angeles nel 1884 scopr\u00ec con sua grande sorpresa che le popolazioni incontrate lungo il cammino parlavano spagnolo, non inglese. Ed erano civili. Divenne un difensore loro e degli indigeni amerindi\u00bb.<\/p>\n<p style=\"text-align: justify;\"><strong>Ma ora queste differenze sono finite&#8230;<\/strong><\/p>\n<p style=\"text-align: justify;\">\u00abRecentemente negli Usa hanno rivalutato la figura di Bernardo de Galvez, che contribu\u00ec non poco alla rivoluzione americana. E\u2019 un riconoscimento dovuto al fatto che la popolazione ispanica l\u00ec \u00e8 sempre pi\u00f9 numerosa, tante che ci si pu\u00f2 vivere parlando solo spagnolo. \u00c8 la forza della demografia. Le popolazioni cattoliche sono cresciute e l\u2019America Latina \u00e8 il continente dove maggiore \u00e8 la loro percentuale. E pensare che la Spagna non \u00e8 mai stata un paese popoloso: ma gli spagnoli non distruggevano gli indigeni, bens\u00ec si mescolavano coi loro, formavano famiglie. Per questo in America latina \u00e8 diffuso il meticciato, a differenza dell&#8217;America del nord. Ma noi meridionali continuiamo a essere guarda dall&#8217;alto in basso. L&#8217;acronimo Pigs (Portogallo, Italia, Grecia, Spagna) con cui siamo bollati, \u00e8 molto eloquente\u00bb.<\/p>\n<p>&nbsp;<\/p>\n","protected":false},"excerpt":{"rendered":"<p>Avvenire Mercoled\u00ec 29 Agosto 2018 La medievista spagnola Elvira Roca Barea contro la pubblicistica antimperialista: \u00abAl di l\u00e0 degli stereotipi, le grandio opere civili, gli scambi culturali o i periodi di crescita demografica sono stati spesso conseguenza delle espansioni imperiali\u00bb di Leonardo Servadio<\/p><p><a class=\"more-link btn\" href=\"https:\/\/www.rassegnastampa-totustuus.it\/cattolica\/verita-e-pregiudizi-la-leggenda-nera-degli-imperi\/\">Continua a leggere<\/a><\/p>\n","protected":false},"author":6,"featured_media":40944,"comment_status":"closed","ping_status":"closed","sticky":false,"template":"","format":"standard","meta":{"footnotes":""},"categories":[95,24],"tags":[1697,640],"class_list":["post-40943","post","type-post","status-publish","format-standard","has-post-thumbnail","hentry","category-riforma","category-storia","tag-anticattolicesimo","tag-spagna","item-wrap"],"yoast_head":"<!-- This site is optimized with the Yoast SEO plugin v27.5 - https:\/\/yoast.com\/product\/yoast-seo-wordpress\/ -->\n<title>Verit\u00e0 e pregiudizi. La leggenda nera degli imperi - Rassegna Stampa Cattolica<\/title>\n<meta name=\"description\" content=\"Rassegna Stampa Cattolica - Per una cultura che nasce dalla Rivelazione cristiana in conformit\u00e0 alla tradizione e al Magistero della Chiesa in opposizione ad ogni relativismo e totalitarismo\" \/>\n<meta name=\"robots\" content=\"index, follow, max-snippet:-1, max-image-preview:large, max-video-preview:-1\" \/>\n<link rel=\"canonical\" href=\"https:\/\/www.rassegnastampa-totustuus.it\/cattolica\/verita-e-pregiudizi-la-leggenda-nera-degli-imperi\/\" \/>\n<meta property=\"og:locale\" content=\"it_IT\" \/>\n<meta property=\"og:type\" content=\"article\" \/>\n<meta property=\"og:title\" content=\"Verit\u00e0 e pregiudizi. La leggenda nera degli imperi - Rassegna Stampa Cattolica\" \/>\n<meta property=\"og:description\" content=\"Rassegna Stampa Cattolica - Per una cultura che nasce dalla Rivelazione cristiana in conformit\u00e0 alla tradizione e al Magistero della Chiesa in opposizione ad ogni relativismo e totalitarismo\" \/>\n<meta property=\"og:url\" content=\"https:\/\/www.rassegnastampa-totustuus.it\/cattolica\/verita-e-pregiudizi-la-leggenda-nera-degli-imperi\/\" \/>\n<meta property=\"og:site_name\" content=\"Rassegna Stampa Cattolica\" \/>\n<meta property=\"article:publisher\" content=\"https:\/\/www.facebook.com\/rassegnastampacattolica\" \/>\n<meta property=\"article:published_time\" content=\"2018-09-11T22:00:06+00:00\" \/>\n<meta property=\"og:image\" content=\"https:\/\/www.rassegnastampa-totustuus.it\/cattolica\/wp-content\/uploads\/2018\/08\/Elvira_Roca_Barea.jpg\" \/>\n\t<meta property=\"og:image:width\" content=\"258\" \/>\n\t<meta property=\"og:image:height\" content=\"195\" \/>\n\t<meta property=\"og:image:type\" content=\"image\/jpeg\" \/>\n<meta name=\"author\" content=\"Redazione\" \/>\n<meta name=\"twitter:card\" content=\"summary_large_image\" \/>\n<meta name=\"twitter:creator\" content=\"@rassegnastampa9\" \/>\n<meta name=\"twitter:site\" content=\"@rassegnastampa9\" \/>\n<meta name=\"twitter:label1\" content=\"Scritto da\" \/>\n\t<meta name=\"twitter:data1\" content=\"Redazione\" \/>\n\t<meta name=\"twitter:label2\" content=\"Tempo di lettura stimato\" \/>\n\t<meta name=\"twitter:data2\" content=\"5 minuti\" \/>\n<script type=\"application\/ld+json\" class=\"yoast-schema-graph\">{\"@context\":\"https:\\\/\\\/schema.org\",\"@graph\":[{\"@type\":\"Article\",\"@id\":\"https:\\\/\\\/www.rassegnastampa-totustuus.it\\\/cattolica\\\/verita-e-pregiudizi-la-leggenda-nera-degli-imperi\\\/#article\",\"isPartOf\":{\"@id\":\"https:\\\/\\\/www.rassegnastampa-totustuus.it\\\/cattolica\\\/verita-e-pregiudizi-la-leggenda-nera-degli-imperi\\\/\"},\"author\":{\"name\":\"Redazione\",\"@id\":\"https:\\\/\\\/www.rassegnastampa-totustuus.it\\\/cattolica\\\/#\\\/schema\\\/person\\\/08f319d2bd1a0904ad9e2bfb7b15e5c3\"},\"headline\":\"Verit\u00e0 e pregiudizi. La leggenda nera degli imperi\",\"datePublished\":\"2018-09-11T22:00:06+00:00\",\"mainEntityOfPage\":{\"@id\":\"https:\\\/\\\/www.rassegnastampa-totustuus.it\\\/cattolica\\\/verita-e-pregiudizi-la-leggenda-nera-degli-imperi\\\/\"},\"wordCount\":1109,\"publisher\":{\"@id\":\"https:\\\/\\\/www.rassegnastampa-totustuus.it\\\/cattolica\\\/#organization\"},\"image\":{\"@id\":\"https:\\\/\\\/www.rassegnastampa-totustuus.it\\\/cattolica\\\/verita-e-pregiudizi-la-leggenda-nera-degli-imperi\\\/#primaryimage\"},\"thumbnailUrl\":\"https:\\\/\\\/www.rassegnastampa-totustuus.it\\\/cattolica\\\/wp-content\\\/uploads\\\/2018\\\/08\\\/Elvira_Roca_Barea.jpg\",\"keywords\":[\"anticattolicesimo\",\"Spagna\"],\"articleSection\":[\"Riforma\",\"Storia\"],\"inLanguage\":\"it-IT\"},{\"@type\":\"WebPage\",\"@id\":\"https:\\\/\\\/www.rassegnastampa-totustuus.it\\\/cattolica\\\/verita-e-pregiudizi-la-leggenda-nera-degli-imperi\\\/\",\"url\":\"https:\\\/\\\/www.rassegnastampa-totustuus.it\\\/cattolica\\\/verita-e-pregiudizi-la-leggenda-nera-degli-imperi\\\/\",\"name\":\"Verit\u00e0 e pregiudizi. La leggenda nera degli imperi - Rassegna Stampa Cattolica\",\"isPartOf\":{\"@id\":\"https:\\\/\\\/www.rassegnastampa-totustuus.it\\\/cattolica\\\/#website\"},\"primaryImageOfPage\":{\"@id\":\"https:\\\/\\\/www.rassegnastampa-totustuus.it\\\/cattolica\\\/verita-e-pregiudizi-la-leggenda-nera-degli-imperi\\\/#primaryimage\"},\"image\":{\"@id\":\"https:\\\/\\\/www.rassegnastampa-totustuus.it\\\/cattolica\\\/verita-e-pregiudizi-la-leggenda-nera-degli-imperi\\\/#primaryimage\"},\"thumbnailUrl\":\"https:\\\/\\\/www.rassegnastampa-totustuus.it\\\/cattolica\\\/wp-content\\\/uploads\\\/2018\\\/08\\\/Elvira_Roca_Barea.jpg\",\"datePublished\":\"2018-09-11T22:00:06+00:00\",\"description\":\"Rassegna Stampa Cattolica - Per una cultura che nasce dalla Rivelazione cristiana in conformit\u00e0 alla tradizione e al Magistero della Chiesa in opposizione ad ogni relativismo e totalitarismo\",\"breadcrumb\":{\"@id\":\"https:\\\/\\\/www.rassegnastampa-totustuus.it\\\/cattolica\\\/verita-e-pregiudizi-la-leggenda-nera-degli-imperi\\\/#breadcrumb\"},\"inLanguage\":\"it-IT\",\"potentialAction\":[{\"@type\":\"ReadAction\",\"target\":[\"https:\\\/\\\/www.rassegnastampa-totustuus.it\\\/cattolica\\\/verita-e-pregiudizi-la-leggenda-nera-degli-imperi\\\/\"]}]},{\"@type\":\"ImageObject\",\"inLanguage\":\"it-IT\",\"@id\":\"https:\\\/\\\/www.rassegnastampa-totustuus.it\\\/cattolica\\\/verita-e-pregiudizi-la-leggenda-nera-degli-imperi\\\/#primaryimage\",\"url\":\"https:\\\/\\\/www.rassegnastampa-totustuus.it\\\/cattolica\\\/wp-content\\\/uploads\\\/2018\\\/08\\\/Elvira_Roca_Barea.jpg\",\"contentUrl\":\"https:\\\/\\\/www.rassegnastampa-totustuus.it\\\/cattolica\\\/wp-content\\\/uploads\\\/2018\\\/08\\\/Elvira_Roca_Barea.jpg\",\"width\":258,\"height\":195},{\"@type\":\"BreadcrumbList\",\"@id\":\"https:\\\/\\\/www.rassegnastampa-totustuus.it\\\/cattolica\\\/verita-e-pregiudizi-la-leggenda-nera-degli-imperi\\\/#breadcrumb\",\"itemListElement\":[{\"@type\":\"ListItem\",\"position\":1,\"name\":\"Home\",\"item\":\"https:\\\/\\\/www.rassegnastampa-totustuus.it\\\/cattolica\\\/\"},{\"@type\":\"ListItem\",\"position\":2,\"name\":\"Verit\u00e0 e pregiudizi. La leggenda nera degli imperi\"}]},{\"@type\":\"WebSite\",\"@id\":\"https:\\\/\\\/www.rassegnastampa-totustuus.it\\\/cattolica\\\/#website\",\"url\":\"https:\\\/\\\/www.rassegnastampa-totustuus.it\\\/cattolica\\\/\",\"name\":\"Rassegna Stampa Cattolica\",\"description\":\"Per una cultura che nasce dalla Rivelazione cristiana in conformit\u00e0 alla tradizione e al Magistero della Chiesa in opposizione ad ogni relativismo e totalitarismo\",\"publisher\":{\"@id\":\"https:\\\/\\\/www.rassegnastampa-totustuus.it\\\/cattolica\\\/#organization\"},\"alternateName\":\"Rass. Cattolica\",\"potentialAction\":[{\"@type\":\"SearchAction\",\"target\":{\"@type\":\"EntryPoint\",\"urlTemplate\":\"https:\\\/\\\/www.rassegnastampa-totustuus.it\\\/cattolica\\\/?s={search_term_string}\"},\"query-input\":{\"@type\":\"PropertyValueSpecification\",\"valueRequired\":true,\"valueName\":\"search_term_string\"}}],\"inLanguage\":\"it-IT\"},{\"@type\":\"Organization\",\"@id\":\"https:\\\/\\\/www.rassegnastampa-totustuus.it\\\/cattolica\\\/#organization\",\"name\":\"Rassegna Stampa Cattolica\",\"url\":\"https:\\\/\\\/www.rassegnastampa-totustuus.it\\\/cattolica\\\/\",\"logo\":{\"@type\":\"ImageObject\",\"inLanguage\":\"it-IT\",\"@id\":\"https:\\\/\\\/www.rassegnastampa-totustuus.it\\\/cattolica\\\/#\\\/schema\\\/logo\\\/image\\\/\",\"url\":\"https:\\\/\\\/www.rassegnastampa-totustuus.it\\\/cattolica\\\/wp-content\\\/uploads\\\/2014\\\/04\\\/logo-rassegna1.gif\",\"contentUrl\":\"https:\\\/\\\/www.rassegnastampa-totustuus.it\\\/cattolica\\\/wp-content\\\/uploads\\\/2014\\\/04\\\/logo-rassegna1.gif\",\"width\":600,\"height\":163,\"caption\":\"Rassegna Stampa Cattolica\"},\"image\":{\"@id\":\"https:\\\/\\\/www.rassegnastampa-totustuus.it\\\/cattolica\\\/#\\\/schema\\\/logo\\\/image\\\/\"},\"sameAs\":[\"https:\\\/\\\/www.facebook.com\\\/rassegnastampacattolica\",\"https:\\\/\\\/x.com\\\/rassegnastampa9\"]},{\"@type\":\"Person\",\"@id\":\"https:\\\/\\\/www.rassegnastampa-totustuus.it\\\/cattolica\\\/#\\\/schema\\\/person\\\/08f319d2bd1a0904ad9e2bfb7b15e5c3\",\"name\":\"Redazione\",\"image\":{\"@type\":\"ImageObject\",\"inLanguage\":\"it-IT\",\"@id\":\"https:\\\/\\\/secure.gravatar.com\\\/avatar\\\/2fcdf27c78ea025fbdb44e914cc63c72249ffec9dc8aafd5c82b26240ef3f346?s=96&d=mm&r=g\",\"url\":\"https:\\\/\\\/secure.gravatar.com\\\/avatar\\\/2fcdf27c78ea025fbdb44e914cc63c72249ffec9dc8aafd5c82b26240ef3f346?s=96&d=mm&r=g\",\"contentUrl\":\"https:\\\/\\\/secure.gravatar.com\\\/avatar\\\/2fcdf27c78ea025fbdb44e914cc63c72249ffec9dc8aafd5c82b26240ef3f346?s=96&d=mm&r=g\",\"caption\":\"Redazione\"},\"url\":\"https:\\\/\\\/www.rassegnastampa-totustuus.it\\\/cattolica\\\/author\\\/pietroelle\\\/\"}]}<\/script>\n<!-- \/ Yoast SEO plugin. -->","yoast_head_json":{"title":"Verit\u00e0 e pregiudizi. La leggenda nera degli imperi - Rassegna Stampa Cattolica","description":"Rassegna Stampa Cattolica - Per una cultura che nasce dalla Rivelazione cristiana in conformit\u00e0 alla tradizione e al Magistero della Chiesa in opposizione ad ogni relativismo e totalitarismo","robots":{"index":"index","follow":"follow","max-snippet":"max-snippet:-1","max-image-preview":"max-image-preview:large","max-video-preview":"max-video-preview:-1"},"canonical":"https:\/\/www.rassegnastampa-totustuus.it\/cattolica\/verita-e-pregiudizi-la-leggenda-nera-degli-imperi\/","og_locale":"it_IT","og_type":"article","og_title":"Verit\u00e0 e pregiudizi. La leggenda nera degli imperi - Rassegna Stampa Cattolica","og_description":"Rassegna Stampa Cattolica - Per una cultura che nasce dalla Rivelazione cristiana in conformit\u00e0 alla tradizione e al Magistero della Chiesa in opposizione ad ogni relativismo e totalitarismo","og_url":"https:\/\/www.rassegnastampa-totustuus.it\/cattolica\/verita-e-pregiudizi-la-leggenda-nera-degli-imperi\/","og_site_name":"Rassegna Stampa Cattolica","article_publisher":"https:\/\/www.facebook.com\/rassegnastampacattolica","article_published_time":"2018-09-11T22:00:06+00:00","og_image":[{"width":258,"height":195,"url":"https:\/\/www.rassegnastampa-totustuus.it\/cattolica\/wp-content\/uploads\/2018\/08\/Elvira_Roca_Barea.jpg","type":"image\/jpeg"}],"author":"Redazione","twitter_card":"summary_large_image","twitter_creator":"@rassegnastampa9","twitter_site":"@rassegnastampa9","twitter_misc":{"Scritto da":"Redazione","Tempo di lettura stimato":"5 minuti"},"schema":{"@context":"https:\/\/schema.org","@graph":[{"@type":"Article","@id":"https:\/\/www.rassegnastampa-totustuus.it\/cattolica\/verita-e-pregiudizi-la-leggenda-nera-degli-imperi\/#article","isPartOf":{"@id":"https:\/\/www.rassegnastampa-totustuus.it\/cattolica\/verita-e-pregiudizi-la-leggenda-nera-degli-imperi\/"},"author":{"name":"Redazione","@id":"https:\/\/www.rassegnastampa-totustuus.it\/cattolica\/#\/schema\/person\/08f319d2bd1a0904ad9e2bfb7b15e5c3"},"headline":"Verit\u00e0 e pregiudizi. La leggenda nera degli imperi","datePublished":"2018-09-11T22:00:06+00:00","mainEntityOfPage":{"@id":"https:\/\/www.rassegnastampa-totustuus.it\/cattolica\/verita-e-pregiudizi-la-leggenda-nera-degli-imperi\/"},"wordCount":1109,"publisher":{"@id":"https:\/\/www.rassegnastampa-totustuus.it\/cattolica\/#organization"},"image":{"@id":"https:\/\/www.rassegnastampa-totustuus.it\/cattolica\/verita-e-pregiudizi-la-leggenda-nera-degli-imperi\/#primaryimage"},"thumbnailUrl":"https:\/\/www.rassegnastampa-totustuus.it\/cattolica\/wp-content\/uploads\/2018\/08\/Elvira_Roca_Barea.jpg","keywords":["anticattolicesimo","Spagna"],"articleSection":["Riforma","Storia"],"inLanguage":"it-IT"},{"@type":"WebPage","@id":"https:\/\/www.rassegnastampa-totustuus.it\/cattolica\/verita-e-pregiudizi-la-leggenda-nera-degli-imperi\/","url":"https:\/\/www.rassegnastampa-totustuus.it\/cattolica\/verita-e-pregiudizi-la-leggenda-nera-degli-imperi\/","name":"Verit\u00e0 e pregiudizi. La leggenda nera degli imperi - Rassegna Stampa Cattolica","isPartOf":{"@id":"https:\/\/www.rassegnastampa-totustuus.it\/cattolica\/#website"},"primaryImageOfPage":{"@id":"https:\/\/www.rassegnastampa-totustuus.it\/cattolica\/verita-e-pregiudizi-la-leggenda-nera-degli-imperi\/#primaryimage"},"image":{"@id":"https:\/\/www.rassegnastampa-totustuus.it\/cattolica\/verita-e-pregiudizi-la-leggenda-nera-degli-imperi\/#primaryimage"},"thumbnailUrl":"https:\/\/www.rassegnastampa-totustuus.it\/cattolica\/wp-content\/uploads\/2018\/08\/Elvira_Roca_Barea.jpg","datePublished":"2018-09-11T22:00:06+00:00","description":"Rassegna Stampa Cattolica - Per una cultura che nasce dalla Rivelazione cristiana in conformit\u00e0 alla tradizione e al Magistero della Chiesa in opposizione ad ogni relativismo e totalitarismo","breadcrumb":{"@id":"https:\/\/www.rassegnastampa-totustuus.it\/cattolica\/verita-e-pregiudizi-la-leggenda-nera-degli-imperi\/#breadcrumb"},"inLanguage":"it-IT","potentialAction":[{"@type":"ReadAction","target":["https:\/\/www.rassegnastampa-totustuus.it\/cattolica\/verita-e-pregiudizi-la-leggenda-nera-degli-imperi\/"]}]},{"@type":"ImageObject","inLanguage":"it-IT","@id":"https:\/\/www.rassegnastampa-totustuus.it\/cattolica\/verita-e-pregiudizi-la-leggenda-nera-degli-imperi\/#primaryimage","url":"https:\/\/www.rassegnastampa-totustuus.it\/cattolica\/wp-content\/uploads\/2018\/08\/Elvira_Roca_Barea.jpg","contentUrl":"https:\/\/www.rassegnastampa-totustuus.it\/cattolica\/wp-content\/uploads\/2018\/08\/Elvira_Roca_Barea.jpg","width":258,"height":195},{"@type":"BreadcrumbList","@id":"https:\/\/www.rassegnastampa-totustuus.it\/cattolica\/verita-e-pregiudizi-la-leggenda-nera-degli-imperi\/#breadcrumb","itemListElement":[{"@type":"ListItem","position":1,"name":"Home","item":"https:\/\/www.rassegnastampa-totustuus.it\/cattolica\/"},{"@type":"ListItem","position":2,"name":"Verit\u00e0 e pregiudizi. La leggenda nera degli imperi"}]},{"@type":"WebSite","@id":"https:\/\/www.rassegnastampa-totustuus.it\/cattolica\/#website","url":"https:\/\/www.rassegnastampa-totustuus.it\/cattolica\/","name":"Rassegna Stampa Cattolica","description":"Per una cultura che nasce dalla Rivelazione cristiana in conformit\u00e0 alla tradizione e al Magistero della Chiesa in opposizione ad ogni relativismo e totalitarismo","publisher":{"@id":"https:\/\/www.rassegnastampa-totustuus.it\/cattolica\/#organization"},"alternateName":"Rass. Cattolica","potentialAction":[{"@type":"SearchAction","target":{"@type":"EntryPoint","urlTemplate":"https:\/\/www.rassegnastampa-totustuus.it\/cattolica\/?s={search_term_string}"},"query-input":{"@type":"PropertyValueSpecification","valueRequired":true,"valueName":"search_term_string"}}],"inLanguage":"it-IT"},{"@type":"Organization","@id":"https:\/\/www.rassegnastampa-totustuus.it\/cattolica\/#organization","name":"Rassegna Stampa Cattolica","url":"https:\/\/www.rassegnastampa-totustuus.it\/cattolica\/","logo":{"@type":"ImageObject","inLanguage":"it-IT","@id":"https:\/\/www.rassegnastampa-totustuus.it\/cattolica\/#\/schema\/logo\/image\/","url":"https:\/\/www.rassegnastampa-totustuus.it\/cattolica\/wp-content\/uploads\/2014\/04\/logo-rassegna1.gif","contentUrl":"https:\/\/www.rassegnastampa-totustuus.it\/cattolica\/wp-content\/uploads\/2014\/04\/logo-rassegna1.gif","width":600,"height":163,"caption":"Rassegna Stampa Cattolica"},"image":{"@id":"https:\/\/www.rassegnastampa-totustuus.it\/cattolica\/#\/schema\/logo\/image\/"},"sameAs":["https:\/\/www.facebook.com\/rassegnastampacattolica","https:\/\/x.com\/rassegnastampa9"]},{"@type":"Person","@id":"https:\/\/www.rassegnastampa-totustuus.it\/cattolica\/#\/schema\/person\/08f319d2bd1a0904ad9e2bfb7b15e5c3","name":"Redazione","image":{"@type":"ImageObject","inLanguage":"it-IT","@id":"https:\/\/secure.gravatar.com\/avatar\/2fcdf27c78ea025fbdb44e914cc63c72249ffec9dc8aafd5c82b26240ef3f346?s=96&d=mm&r=g","url":"https:\/\/secure.gravatar.com\/avatar\/2fcdf27c78ea025fbdb44e914cc63c72249ffec9dc8aafd5c82b26240ef3f346?s=96&d=mm&r=g","contentUrl":"https:\/\/secure.gravatar.com\/avatar\/2fcdf27c78ea025fbdb44e914cc63c72249ffec9dc8aafd5c82b26240ef3f346?s=96&d=mm&r=g","caption":"Redazione"},"url":"https:\/\/www.rassegnastampa-totustuus.it\/cattolica\/author\/pietroelle\/"}]}},"_links":{"self":[{"href":"https:\/\/www.rassegnastampa-totustuus.it\/cattolica\/wp-json\/wp\/v2\/posts\/40943","targetHints":{"allow":["GET"]}}],"collection":[{"href":"https:\/\/www.rassegnastampa-totustuus.it\/cattolica\/wp-json\/wp\/v2\/posts"}],"about":[{"href":"https:\/\/www.rassegnastampa-totustuus.it\/cattolica\/wp-json\/wp\/v2\/types\/post"}],"author":[{"embeddable":true,"href":"https:\/\/www.rassegnastampa-totustuus.it\/cattolica\/wp-json\/wp\/v2\/users\/6"}],"replies":[{"embeddable":true,"href":"https:\/\/www.rassegnastampa-totustuus.it\/cattolica\/wp-json\/wp\/v2\/comments?post=40943"}],"version-history":[{"count":1,"href":"https:\/\/www.rassegnastampa-totustuus.it\/cattolica\/wp-json\/wp\/v2\/posts\/40943\/revisions"}],"predecessor-version":[{"id":40946,"href":"https:\/\/www.rassegnastampa-totustuus.it\/cattolica\/wp-json\/wp\/v2\/posts\/40943\/revisions\/40946"}],"wp:featuredmedia":[{"embeddable":true,"href":"https:\/\/www.rassegnastampa-totustuus.it\/cattolica\/wp-json\/wp\/v2\/media\/40944"}],"wp:attachment":[{"href":"https:\/\/www.rassegnastampa-totustuus.it\/cattolica\/wp-json\/wp\/v2\/media?parent=40943"}],"wp:term":[{"taxonomy":"category","embeddable":true,"href":"https:\/\/www.rassegnastampa-totustuus.it\/cattolica\/wp-json\/wp\/v2\/categories?post=40943"},{"taxonomy":"post_tag","embeddable":true,"href":"https:\/\/www.rassegnastampa-totustuus.it\/cattolica\/wp-json\/wp\/v2\/tags?post=40943"}],"curies":[{"name":"wp","href":"https:\/\/api.w.org\/{rel}","templated":true}]}}